{"id":189346,"date":"2018-04-03T22:21:13","date_gmt":"2018-04-03T22:21:13","guid":{"rendered":"https:\/\/www.meydan.tv\/article\/boyuk-colsuz-kerametler\/"},"modified":"2018-04-03T22:21:13","modified_gmt":"2018-04-03T22:21:13","slug":"boyuk-colsuz-kerametler","status":"publish","type":"post","link":"https:\/\/www.meydan.tv\/az\/article\/boyuk-colsuz-kerametler\/","title":{"rendered":"B\u00f6y\u00fck \u00e7\u00f6ls\u00fcz k\u0259ram\u0259tl\u0259r"},"content":{"rendered":"<figure class=\"wp-block-image size-large\">\n  <img decoding=\"async\" src=\"https:\/\/www.meydan.tv\/az\/ennagi-hacibeyli\/\" alt=\"\u018fnna\u011f\u0131 Hac\u0131b\u0259yli\" class=\"wp-image-80777\"\/><figcaption>\n    \u018fnna\u011f\u0131 Hac\u0131b\u0259yli<br \/>\n  <\/figcaption><\/figure>\n<p>\n  Son \u00e7a\u011flar g\u0259nc yazarlar\u0131n bir ne\u00e7\u0259 b\u0259yanat\u0131 g\u0259rgin m\u00fcbahis\u0259, m\u00fczakir\u0259, t\u0259hdid v\u0259 s\u00f6y\u00fc\u015fm\u0259l\u0259r\u0259 s\u0259b\u0259b olub. Virtual soyuq m\u00fcharib\u0259 q\u0131z\u0131\u015f\u0131b.\n<\/p>\n<p>\n  \u201cM\u00fc\u015ffiq, X\u0259lil Rza \u015fair deyil, Sabir satiralar\u0131 il\u0259 erm\u0259ni d\u0259yirman\u0131na su t\u00f6k\u00fcr\u201d kimi s\u0259rs\u0259m deyiml\u0259r aran\u0131 qar\u0131\u015fd\u0131r\u0131b.\n<\/p>\n<p>\n  Bil\u0259r\u0259kd\u0259n fikir s\u00f6z\u00fcn\u00fc i\u015fl\u0259tmir\u0259m, \u00e7\u00fcnki bu absurd v\u0259 z\u0259r\u0259rli deyiml\u0259ri fikir adland\u0131rmaq m\u00fcmk\u00fcns\u00fczd\u00fc. Bu q\u0259fil b\u0259yanatlarda sad\u0259c\u0259 fikir yoxdu. M\u00fc\u015ffiqi, X\u0259lil Rzan\u0131, lap el\u0259 Sabiri t\u0259nqid el\u0259m\u0259k olar, ancaq t\u0259nqid fikirl\u0259 ifad\u0259 olunmal\u0131d\u0131, \u0259ks halda s\u0259n \u00f6z\u00fcn\u00fc normal m\u00fcdafi\u0259 arqumentl\u0259rind\u0259n d\u0259 m\u0259hrum edirs\u0259n v\u0259 ciddi adam kimi q\u0259bul edilm\u0259y\u0259c\u0259ks\u0259n. He\u00e7 s\u00f6y\u00fclm\u0259yi demir\u0259m.\n<\/p>\n<p>\n  M\u0259n bu yaz\u0131n\u0131 ifad\u0259 azadl\u0131\u011f\u0131 kimi q\u0259liz v\u0259 s\u00fcr\u00fc\u015fk\u0259n m\u00fcst\u0259viy\u0259 da\u015f\u0131maq ist\u0259mir\u0259m. M\u0259ni daha \u00e7ox c\u0259miyy\u0259tin b\u0259z\u0259n s\u0259rt, b\u0259z\u0259n \u00e7\u0259tin q\u0259bul edil\u0259n v\u0259 ya he\u00e7 q\u0259bul edilm\u0259y\u0259n b\u0259yanatlara reaksiyas\u0131 d\u00fc\u015f\u00fcnd\u00fcr\u00fcr.\n<\/p>\n<p>\n  <b><br \/>\n    <i><br \/>\n      G\u0259ncl\u0259r he\u00e7mi haql\u0131 deyill\u0259r?<br \/>\n    <\/i><br \/>\n  <\/b>\n<\/p>\n<p>\n  K\u0259ram\u0259tin son m\u00fcsahib\u0259si m\u0259nd\u0259 b\u0259yanatlara m\u0259hz bu kontekstd\u0259 yana\u015fmaq ist\u0259yi do\u011furdu. \u0130st\u0259nil\u0259n adam\u0131n dan\u0131\u015fmaq haqq\u0131 il\u0259 yana\u015f\u0131 h\u0259m d\u0259 dinl\u0259nilm\u0259k haqq\u0131 var. S\u0259n onu dinl\u0259m\u0259s\u0259n d\u0259 o, dan\u0131\u015facaq. Haql\u0131 deyils\u0259, m\u00fczakir\u0259 et, haql\u0131d\u0131sa, insaf\u0131n olsun, adam\u0131n halal haqq\u0131n\u0131 ver.\n<\/p>\n<p>\n  K\u0259ram\u0259t deyir: \u201c\u0130ki insan\u0131 bir fikir \u0259traf\u0131nda birl\u0259\u015fdirm\u0259k olmur\u201d, \u201c\u0130ndi insanlar bir-birin\u0259 toxunanda cingilti s\u0259si g\u0259lir\u201d, \u201cYaz\u0131\u00e7\u0131ya pulu n\u0259\u015friyyat vermirs\u0259, yaz\u0131q yaz\u0131\u00e7\u0131 n\u0259 etm\u0259lidi?\u201d, \u201cBir televiziya verili\u015fi il\u0259 bu c\u0259miyy\u0259tin sevgisini d\u0259, nifr\u0259tini d\u0259 qazanmaq olar\u201d, \u201cM\u0259nim h\u0259yat\u0131mda maddi rahatl\u0131q olmal\u0131d\u0131\u201d, \u201cYasaq m\u00f6vzular var \u2013 bilirs\u0259n ki, kimd\u0259n yazmaq olar, kimd\u0259n yox\u201d. N\u0259hay\u0259t, \u201che\u00e7 kim bir insan\u0131n \u00f6z\u00fcn\u00fc azad \u015f\u0259kild\u0259 ifad\u0259 etm\u0259k haqq\u0131ndan ucada dayanm\u0131r\u201d.\n<\/p>\n<p>\n  B\u0259lk\u0259 n\u0259yis\u0259 d\u00fcz demir? Onun m\u00fcsahib\u0259l\u0259rini s\u00fcng\u00fc il\u0259 qar\u015f\u0131layanlar \u00f6zl\u0259ri mitinqd\u0259, tind\u0259-bucaqda m\u0259hz naraz\u0131l\u0131qlar\u0131n\u0131 bu s\u00f6zl\u0259rl\u0259 bildirmirl\u0259rmi? \u018fyya\u015f v\u0259 qumarbaz Dostoyevskini, diktatorlar\u0131n dostu Markesi, d\u0259l\u0259duz Stendal\u0131 (q\u0131zmay\u0131n, m\u00fcqayis\u0259 \u00fc\u00e7\u00fcn demir\u0259m) dan\u0131\u015f\u0131qs\u0131z dahi sayan adamlar k\u0259ram\u0259tl\u0259rd\u0259n h\u0259r yerd\u0259, h\u0259r add\u0131mda, h\u0259yat\u0131n b\u00fct\u00fcn sah\u0259l\u0259rind\u0259 ideal olma\u011f\u0131 t\u0259l\u0259b edirl\u0259r.\n<\/p>\n<p>\n  X\u0259lil Rza il\u0259 ba\u011fl\u0131 m\u00fcbahis\u0259li fikrin\u0259 g\u00f6r\u0259 onu v\u0259 atas\u0131n\u0131 zorla, t\u0259hdidl\u0259 \u00fczr ist\u0259m\u0259y\u0259 m\u0259cbur ed\u0259nd\u0259 yazm\u0131\u015fd\u0131m ki, indi n\u0259y\u0259 nail oldunuz? Ax\u0131 bu \u00fczr K\u0259ram\u0259tin fikri deyil, onu zorla s\u00f6z\u00fcnd\u0259n d\u00f6nd\u0259rm\u0259k n\u0259yi d\u0259yi\u015fir? \u0130ndi, emosiyalar soyuyanda K\u0259ram\u0259t dedi ki, \u201cguya m\u0259n \u00fczr ist\u0259m\u0259kl\u0259 anlad\u0131m ki, X\u0259lil Rza b\u00f6y\u00fck \u015fair imi\u015f? M\u0259n B\u0259xtiyar Vahabzad\u0259d\u0259n min d\u0259f\u0259 b\u00f6y\u00fck adamam. Onun 17 cildlik kitab\u0131nda c\u0259mi 17 \u015feir yoxdu\u201d.\n<\/p>\n<p>\n  \u0130ndi c\u0259miyy\u0259t B\u0259xtiyar Vahabzad\u0259nin m\u00fcdafi\u0259sin\u0259 qalx\u0131b v\u0259 K\u0259ram\u0259ti daha bir k\u00fcfrd\u0259n t\u0259mizl\u0259m\u0259k ist\u0259yirl\u0259r&#8230; Bu adam m\u0259cbur olub ham\u0131n\u0131n i\u00e7ind\u0259 bo\u011fuldu\u011fu situasiyan\u0131 izah edir: \u201cQ\u0259l\u0259m adamlar\u0131nda da hirs, emosiya hardansa vurub \u00e7\u0131xmal\u0131d\u0131 da. Har\u0131nlar\u0131 t\u0259nqid ed\u0259 bilmirik, ac\u0131\u011f\u0131m\u0131z\u0131 klassikl\u0259rd\u0259n \u00e7\u0131x\u0131r\u0131q\u201d.\n<\/p>\n<p>\n  O dem\u0259s\u0259ydi, ba\u015fa d\u00fc\u015fm\u00fcrd\u00fcn\u00fcz? Har\u0131nlar\u0131n \u0259lind\u0259 inl\u0259y\u0259n milyonlar\u0131n etiraz s\u0259sini \u00e7\u0131xarma\u011fa qeyr\u0259tl\u0259ri \u00e7atm\u0131r, ac\u0131qlar\u0131n\u0131 arvad-u\u015faqdan \u00e7\u0131x\u0131rlar. He\u00e7 onlar\u0131 bu q\u0259d\u0259r q\u0131nayan yoxdu.\n<\/p>\n<p>\n  Adam m\u00f6vqeyini, d\u00fc\u015f\u00fcnc\u0259l\u0259rini g\u00f6r n\u0259yin bahas\u0131na izah etm\u0259li olur: \u201cHe\u00e7 atam\u0131 da \u015fair kimi q\u0259bul etmir\u0259m. G\u0259l\u0259c\u0259kd\u0259 imkan\u0131m olsa, atam\u0131n cild-cild kitablar\u0131n\u0131 \u00e7ap etdirm\u0259y\u0259c\u0259m\u201d. Ma\u011fazalar\u0131 ata-anas\u0131n\u0131n makulaturas\u0131 il\u0259 dolduran Anara, El\u00e7in\u0259 g\u00fcc\u00fc \u00e7atmayanlar bu d\u00fc\u015f\u00fcnc\u0259d\u0259 olan adam\u0131 nec\u0259 ittiham edirl\u0259r?! He\u00e7 olmasa bu m\u00f6vqe namin\u0259 bir az \u0259dal\u0259tli olun: \u201cKims\u0259 m\u0259n\u0259 pul verib sonra n\u0259yis\u0259 diqt\u0259 ed\u0259c\u0259ks\u0259, o pul m\u0259n\u0259 laz\u0131m deyil. Ald\u0131\u011f\u0131n o pula m\u0259n\u0259viyyat\u0131n\u0131, \u0259xlaq\u0131n\u0131 kirl\u0259d\u0259c\u0259ks\u0259ns\u0259, b\u0259s roman\u0131 hans\u0131 i\u00e7l\u0259, hans\u0131 \u00fcr\u0259kl\u0259 yazacaqsan?\u201d<br \/>\n  <br \/>\n  Bu m\u00f6vqe \u015fahlar, \u00e7arlar, prezidentl\u0259rin qar\u015f\u0131s\u0131nda parovoz kimi guruldayan ne\u00e7\u0259 klassikin yarad\u0131c\u0131l\u0131\u011f\u0131ndan d\u0259y\u0259rlidi?!\n<\/p>\n<p>\n  G\u00f6r\u00fcn\u00fcr, yaz\u0131\u00e7\u0131 il\u0259 oxucusunun i\u00e7ind\u0259, \u00fcr\u0259kl\u0259rind\u0259 s\u0131x ba\u011fl\u0131l\u0131q, b\u0259lk\u0259 d\u0259 eynilik var.\n<\/p>\n<p>\n  \u201cOrtada 5-6 istedad var, onlar\u0131 d\u0259li el\u0259m\u0259yin\u201d t\u0259l\u0259bi art\u0131q hayq\u0131rt\u0131ya \u00e7evrilir.\n<\/p>\n<p>\n  \u201cEhtiyatda g\u00fcl kimi intihar\u0131m var\u201d \u2013 bunumu ist\u0259yirdiniz? M\u00f6vludu o binan\u0131n ba\u015f\u0131na c\u0259miyy\u0259t \u00e7\u0131xarm\u0131\u015fd\u0131, m\u0259i\u015f\u0259t qay\u011f\u0131lar\u0131 yox. \u018fslind\u0259 m\u0259i\u015f\u0259t qay\u011f\u0131lar\u0131n\u0131n da g\u00fcnahkar\u0131 c\u0259miyy\u0259t, ona layiq hakimiyy\u0259tdi. Bu qay\u011f\u0131lar n\u0259 q\u0259d\u0259r \u00e7ox v\u0259 a\u011f\u0131r olsa da, h\u0259r\u0259 bir yolla onlar\u0131 h\u0259ll edir, amma c\u0259miyy\u0259tin laqeydliyi, haqs\u0131z m\u00fcnasib\u0259ti f\u0259rdin h\u0259ll ed\u0259c\u0259yi problem deyil. Bel\u0259 m\u0259qamda f\u0259rdin g\u00fcc\u00fc \u00f6z\u00fcn\u0259 \u00e7at\u0131r \u2013 k\u00fctl\u0259vi \u015f\u0259kil alm\u0131\u015f intiharlara&#8230;\n<\/p>\n<p>\n  <i><br \/>\n    &#8211; \u00dcsyan\u0131n kim\u0259di?<br \/>\n  <\/i>\n<\/p>\n<p>\n  <i><br \/>\n    &#8211; Ham\u0131ya!<br \/>\n  <\/i>\n<\/p>\n<p>\n  Ayr\u0131-ayr\u0131 adamlar\u0131n h\u0259y\u0259canlanmas\u0131na \u0259sas yoxdu, \u00fcsyan ham\u0131yad\u0131 \u2013 x\u0259st\u0259 c\u0259miyy\u0259t\u0259, g\u00fcnahkar hakimiyy\u0259t\u0259, k\u00f6hn\u0259 t\u0259f\u0259kk\u00fcr\u0259, dar d\u00fc\u015f\u00fcnc\u0259li insanlara&#8230;\n<\/p>\n<p>\n  Toplumun topa tutdu\u011fu, c\u0259miyy\u0259td\u0259n haqq\u0131n\u0131 ala bilm\u0259y\u0259n adam\u0131n g\u0259ldiyi sonuc, tapd\u0131\u011f\u0131 \u00e7\u0131x\u0131\u015f yolu: \u201cM\u0259nim yerim \u00e7\u00f6ld\u00fcr, ucu-buca\u011f\u0131 g\u00f6r\u00fcnm\u0259y\u0259n, g\u00f6z i\u015fl\u0259dikc\u0259 baxd\u0131\u011f\u0131n \u00e7\u00f6l\u201d. Bu, \u00e7ox g\u00fcman ki, c\u0259miyy\u0259ti sakitl\u0259\u015fdir\u0259n, h\u0259tta ars\u0131zcas\u0131na g\u00fcl\u00fcms\u0259d\u0259n yegan\u0259 \u00e7\u0131x\u0131\u015f yoludu. \u0130ndi \u00e7oxu rahat olacaq \u2013 c\u0259miyy\u0259ti kafirl\u0259rd\u0259n t\u0259mizl\u0259yirik. Az qal\u0131b.\n<\/p>\n<p>\n  T\u0259xmin\u0259n 15 il qabaq bir yaz\u0131m \u00e7ap olunmu\u015fdu &#8211; \u201c\u00c7\u00f6l azadl\u0131\u011f\u0131\u201d. M\u00fcxalif\u0259t r\u0259hb\u0259rl\u0259rinin v\u0259 QAT-\u00e7\u0131lar\u0131n m\u0259hk\u0259m\u0259 prosesl\u0259ri bar\u0259d\u0259, hakiml\u0259rin v\u0259 m\u0259hkumlar\u0131n azadl\u0131\u011f\u0131 haqq\u0131nda yazm\u0131\u015fd\u0131m: \u015f\u0259h\u0259rin \u0259n s\u0131x yerind\u0259, \u0259z\u0259m\u0259tli binalar\u0131n aras\u0131nda, bahal\u0131 m\u0259nzill\u0259rd\u0259, ist\u0259nil\u0259n yerd\u0259 m\u00fchit \u00e7\u00f6l\u00fc xat\u0131rlad\u0131r. \u00c7\u00f6l lap u\u015faql\u0131qdan yadda\u015f\u0131mda sahibsiz, \u0259d\u0259b-\u0259rkan\u0131n, qayda-qanunun vacib bilinm\u0259diyi ucsuz-bucaqs\u0131z yerl\u0259r kimi qal\u0131b.\n<\/p>\n<p>\n  Onun azadl\u0131\u011f\u0131n\u0131 he\u00e7 vaxt \u2013 n\u0259 kolxoz u\u015faql\u0131\u011f\u0131m d\u00f6vr\u00fcnd\u0259, n\u0259 d\u0259 indi duya bilir\u0259m. T\u0259s\u0259vv\u00fcr ed\u0259 bilmir\u0259m ki, B\u00f6y\u00fck, T\u0259miz, S\u0259rh\u0259dsiz \u00c7\u00d6L d\u0259 ola bil\u0259r. \u00c7\u00f6ld\u0259ki azadl\u0131q i\u00e7\u0259rid\u0259ki m\u0259hkumlu\u011fun, i\u00e7\u0259rid\u0259ki azadl\u0131q is\u0259 \u00e7\u00f6ld\u0259ki m\u0259hkumlu\u011fun davam\u0131d\u0131. Bu z\u0259nciri q\u0131rmadan azadl\u0131\u011fa \u015f\u0259rtsiz \u00e7\u0131xmaq v\u0259 ya \u015f\u0259rtsiz azadl\u0131\u011fa \u00e7\u0131xmaq m\u00fcmk\u00fcns\u00fczd\u00fc. Bu is\u0259 i\u00e7imizd\u0259ki azadl\u0131\u011f\u0131 \u00f6z \u0259limizl\u0259 \u00e7\u00f6l\u0259 buraxmaq dem\u0259kdi.\n<\/p>\n<p>\n  \u00d6z \u0259limizl\u0259 &#8211; azad \u00e7\u00f6l\u0259.<\/p>\n","protected":false},"excerpt":{"rendered":"<p>\u018fnna\u011f\u0131 Hac\u0131b\u0259yli Son \u00e7a\u011flar g\u0259nc yazarlar\u0131n bir ne\u00e7\u0259 b\u0259yanat\u0131 g\u0259rgin &#8230; <\/p>\n<p class=\"read-more-container\"><a title=\"B\u00f6y\u00fck \u00e7\u00f6ls\u00fcz k\u0259ram\u0259tl\u0259r\" class=\"read-more button\" href=\"https:\/\/www.meydan.tv\/az\/article\/boyuk-colsuz-kerametler\/#more-189346\" aria-label=\"Read more about B\u00f6y\u00fck \u00e7\u00f6ls\u00fcz k\u0259ram\u0259tl\u0259r\">Davam\u0131<\/a><\/p>\n","protected":false},"author":11,"featured_media":80777,"comment_status":"closed","ping_status":"open","sticky":false,"template":"","format":"standard","meta":{"_acf_changed":false,"_sitemap_exclude":false,"_sitemap_priority":"","_sitemap_frequency":"","footnotes":""},"categories":[51],"tags":[],"class_list":["post-189346","post","type-post","status-publish","format-standard","has-post-thumbnail","hentry","category-analitika","infinite-scroll-item","generate-columns","tablet-grid-50","mobile-grid-100","grid-parent","grid-33","no-featured-image-padding"],"acf":[],"yoast_head":"<!-- This site is optimized with the Yoast SEO plugin v27.4 - https:\/\/yoast.com\/product\/yoast-seo-wordpress\/ -->\n<title>B\u00f6y\u00fck \u00e7\u00f6ls\u00fcz k\u0259ram\u0259tl\u0259r - MEYDAN.TV<\/title>\n<meta name=\"robots\" content=\"index, follow, max-snippet:-1, max-image-preview:large, max-video-preview:-1\" \/>\n<link rel=\"canonical\" href=\"https:\/\/www.meydan.tv\/az\/article\/boyuk-colsuz-kerametler\/\" \/>\n<meta property=\"og:locale\" content=\"az_AZ\" \/>\n<meta property=\"og:type\" content=\"article\" \/>\n<meta property=\"og:title\" content=\"B\u00f6y\u00fck \u00e7\u00f6ls\u00fcz k\u0259ram\u0259tl\u0259r - MEYDAN.TV\" \/>\n<meta property=\"og:description\" content=\"\u018fnna\u011f\u0131 Hac\u0131b\u0259yli Son \u00e7a\u011flar g\u0259nc yazarlar\u0131n bir ne\u00e7\u0259 b\u0259yanat\u0131 g\u0259rgin ... Davam\u0131\" \/>\n<meta property=\"og:url\" content=\"https:\/\/www.meydan.tv\/az\/article\/boyuk-colsuz-kerametler\/\" \/>\n<meta property=\"og:site_name\" content=\"MEYDAN.TV\" \/>\n<meta property=\"article:published_time\" content=\"2018-04-03T22:21:13+00:00\" \/>\n<meta property=\"og:image\" content=\"https:\/\/www.meydan.tv\/wp-content\/uploads\/31546.jpg\" \/>\n\t<meta property=\"og:image:width\" content=\"647\" \/>\n\t<meta property=\"og:image:height\" content=\"370\" \/>\n\t<meta property=\"og:image:type\" content=\"image\/jpeg\" \/>\n<meta name=\"author\" content=\"user-manager\" \/>\n<meta name=\"twitter:card\" content=\"summary_large_image\" \/>\n<script type=\"application\/ld+json\" class=\"yoast-schema-graph\">{\"@context\":\"https:\\\/\\\/schema.org\",\"@graph\":[{\"@type\":\"Article\",\"@id\":\"https:\\\/\\\/www.meydan.tv\\\/az\\\/article\\\/boyuk-colsuz-kerametler\\\/#article\",\"isPartOf\":{\"@id\":\"https:\\\/\\\/www.meydan.tv\\\/az\\\/article\\\/boyuk-colsuz-kerametler\\\/\"},\"author\":{\"name\":\"user-manager\",\"@id\":\"https:\\\/\\\/www.meydan.tv\\\/az\\\/#\\\/schema\\\/person\\\/10d11eccf6da3662cf5fdab9806ea91a\"},\"headline\":\"B\u00f6y\u00fck \u00e7\u00f6ls\u00fcz k\u0259ram\u0259tl\u0259r\",\"datePublished\":\"2018-04-03T22:21:13+00:00\",\"mainEntityOfPage\":{\"@id\":\"https:\\\/\\\/www.meydan.tv\\\/az\\\/article\\\/boyuk-colsuz-kerametler\\\/\"},\"wordCount\":1318,\"publisher\":{\"@id\":\"https:\\\/\\\/www.meydan.tv\\\/az\\\/#organization\"},\"image\":{\"@id\":\"https:\\\/\\\/www.meydan.tv\\\/az\\\/article\\\/boyuk-colsuz-kerametler\\\/#primaryimage\"},\"thumbnailUrl\":\"https:\\\/\\\/www.meydan.tv\\\/wp-content\\\/uploads\\\/31546.jpg\",\"articleSection\":[\"Analitika\"],\"inLanguage\":\"az\"},{\"@type\":\"WebPage\",\"@id\":\"https:\\\/\\\/www.meydan.tv\\\/az\\\/article\\\/boyuk-colsuz-kerametler\\\/\",\"url\":\"https:\\\/\\\/www.meydan.tv\\\/az\\\/article\\\/boyuk-colsuz-kerametler\\\/\",\"name\":\"B\u00f6y\u00fck \u00e7\u00f6ls\u00fcz k\u0259ram\u0259tl\u0259r - MEYDAN.TV\",\"isPartOf\":{\"@id\":\"https:\\\/\\\/www.meydan.tv\\\/az\\\/#website\"},\"primaryImageOfPage\":{\"@id\":\"https:\\\/\\\/www.meydan.tv\\\/az\\\/article\\\/boyuk-colsuz-kerametler\\\/#primaryimage\"},\"image\":{\"@id\":\"https:\\\/\\\/www.meydan.tv\\\/az\\\/article\\\/boyuk-colsuz-kerametler\\\/#primaryimage\"},\"thumbnailUrl\":\"https:\\\/\\\/www.meydan.tv\\\/wp-content\\\/uploads\\\/31546.jpg\",\"datePublished\":\"2018-04-03T22:21:13+00:00\",\"breadcrumb\":{\"@id\":\"https:\\\/\\\/www.meydan.tv\\\/az\\\/article\\\/boyuk-colsuz-kerametler\\\/#breadcrumb\"},\"inLanguage\":\"az\",\"potentialAction\":[{\"@type\":\"ReadAction\",\"target\":[\"https:\\\/\\\/www.meydan.tv\\\/az\\\/article\\\/boyuk-colsuz-kerametler\\\/\"]}]},{\"@type\":\"ImageObject\",\"inLanguage\":\"az\",\"@id\":\"https:\\\/\\\/www.meydan.tv\\\/az\\\/article\\\/boyuk-colsuz-kerametler\\\/#primaryimage\",\"url\":\"https:\\\/\\\/www.meydan.tv\\\/wp-content\\\/uploads\\\/31546.jpg\",\"contentUrl\":\"https:\\\/\\\/www.meydan.tv\\\/wp-content\\\/uploads\\\/31546.jpg\",\"width\":647,\"height\":370,\"caption\":\"Source:\"},{\"@type\":\"BreadcrumbList\",\"@id\":\"https:\\\/\\\/www.meydan.tv\\\/az\\\/article\\\/boyuk-colsuz-kerametler\\\/#breadcrumb\",\"itemListElement\":[{\"@type\":\"ListItem\",\"position\":1,\"name\":\"Ana s\u0259hif\u0259\",\"item\":\"https:\\\/\\\/www.meydan.tv\\\/az\\\/\"},{\"@type\":\"ListItem\",\"position\":2,\"name\":\"Analitika\",\"item\":\"https:\\\/\\\/www.meydan.tv\\\/az\\\/section\\\/analitika\\\/\"},{\"@type\":\"ListItem\",\"position\":3,\"name\":\"B\u00f6y\u00fck \u00e7\u00f6ls\u00fcz k\u0259ram\u0259tl\u0259r\"}]},{\"@type\":\"WebSite\",\"@id\":\"https:\\\/\\\/www.meydan.tv\\\/az\\\/#website\",\"url\":\"https:\\\/\\\/www.meydan.tv\\\/az\\\/\",\"name\":\"MEYDAN.TV\",\"description\":\"Meydan TV Az\u0259rbaycan\u0131n media m\u0259kan\u0131ndak\u0131 alternativ s\u0259sidir\",\"publisher\":{\"@id\":\"https:\\\/\\\/www.meydan.tv\\\/az\\\/#organization\"},\"potentialAction\":[{\"@type\":\"SearchAction\",\"target\":{\"@type\":\"EntryPoint\",\"urlTemplate\":\"https:\\\/\\\/www.meydan.tv\\\/az\\\/?s={search_term_string}\"},\"query-input\":{\"@type\":\"PropertyValueSpecification\",\"valueRequired\":true,\"valueName\":\"search_term_string\"}}],\"inLanguage\":\"az\"},{\"@type\":\"Organization\",\"@id\":\"https:\\\/\\\/www.meydan.tv\\\/az\\\/#organization\",\"name\":\"Meydan TV\",\"url\":\"https:\\\/\\\/www.meydan.tv\\\/az\\\/\",\"logo\":{\"@type\":\"ImageObject\",\"inLanguage\":\"az\",\"@id\":\"https:\\\/\\\/www.meydan.tv\\\/az\\\/#\\\/schema\\\/logo\\\/image\\\/\",\"url\":\"https:\\\/\\\/www.meydan.tv\\\/wp-content\\\/uploads\\\/2021\\\/07\\\/meydan-logo.svg\",\"contentUrl\":\"https:\\\/\\\/www.meydan.tv\\\/wp-content\\\/uploads\\\/2021\\\/07\\\/meydan-logo.svg\",\"width\":195,\"height\":46,\"caption\":\"Meydan TV\"},\"image\":{\"@id\":\"https:\\\/\\\/www.meydan.tv\\\/az\\\/#\\\/schema\\\/logo\\\/image\\\/\"}},{\"@type\":\"Person\",\"@id\":\"https:\\\/\\\/www.meydan.tv\\\/az\\\/#\\\/schema\\\/person\\\/10d11eccf6da3662cf5fdab9806ea91a\",\"name\":\"user-manager\"}]}<\/script>\n<!-- \/ Yoast SEO plugin. -->","yoast_head_json":{"title":"B\u00f6y\u00fck \u00e7\u00f6ls\u00fcz k\u0259ram\u0259tl\u0259r - MEYDAN.TV","robots":{"index":"index","follow":"follow","max-snippet":"max-snippet:-1","max-image-preview":"max-image-preview:large","max-video-preview":"max-video-preview:-1"},"canonical":"https:\/\/www.meydan.tv\/az\/article\/boyuk-colsuz-kerametler\/","og_locale":"az_AZ","og_type":"article","og_title":"B\u00f6y\u00fck \u00e7\u00f6ls\u00fcz k\u0259ram\u0259tl\u0259r - MEYDAN.TV","og_description":"\u018fnna\u011f\u0131 Hac\u0131b\u0259yli Son \u00e7a\u011flar g\u0259nc yazarlar\u0131n bir ne\u00e7\u0259 b\u0259yanat\u0131 g\u0259rgin ... Davam\u0131","og_url":"https:\/\/www.meydan.tv\/az\/article\/boyuk-colsuz-kerametler\/","og_site_name":"MEYDAN.TV","article_published_time":"2018-04-03T22:21:13+00:00","og_image":[{"width":647,"height":370,"url":"https:\/\/www.meydan.tv\/wp-content\/uploads\/31546.jpg","type":"image\/jpeg"}],"author":"user-manager","twitter_card":"summary_large_image","schema":{"@context":"https:\/\/schema.org","@graph":[{"@type":"Article","@id":"https:\/\/www.meydan.tv\/az\/article\/boyuk-colsuz-kerametler\/#article","isPartOf":{"@id":"https:\/\/www.meydan.tv\/az\/article\/boyuk-colsuz-kerametler\/"},"author":{"name":"user-manager","@id":"https:\/\/www.meydan.tv\/az\/#\/schema\/person\/10d11eccf6da3662cf5fdab9806ea91a"},"headline":"B\u00f6y\u00fck \u00e7\u00f6ls\u00fcz k\u0259ram\u0259tl\u0259r","datePublished":"2018-04-03T22:21:13+00:00","mainEntityOfPage":{"@id":"https:\/\/www.meydan.tv\/az\/article\/boyuk-colsuz-kerametler\/"},"wordCount":1318,"publisher":{"@id":"https:\/\/www.meydan.tv\/az\/#organization"},"image":{"@id":"https:\/\/www.meydan.tv\/az\/article\/boyuk-colsuz-kerametler\/#primaryimage"},"thumbnailUrl":"https:\/\/www.meydan.tv\/wp-content\/uploads\/31546.jpg","articleSection":["Analitika"],"inLanguage":"az"},{"@type":"WebPage","@id":"https:\/\/www.meydan.tv\/az\/article\/boyuk-colsuz-kerametler\/","url":"https:\/\/www.meydan.tv\/az\/article\/boyuk-colsuz-kerametler\/","name":"B\u00f6y\u00fck \u00e7\u00f6ls\u00fcz k\u0259ram\u0259tl\u0259r - MEYDAN.TV","isPartOf":{"@id":"https:\/\/www.meydan.tv\/az\/#website"},"primaryImageOfPage":{"@id":"https:\/\/www.meydan.tv\/az\/article\/boyuk-colsuz-kerametler\/#primaryimage"},"image":{"@id":"https:\/\/www.meydan.tv\/az\/article\/boyuk-colsuz-kerametler\/#primaryimage"},"thumbnailUrl":"https:\/\/www.meydan.tv\/wp-content\/uploads\/31546.jpg","datePublished":"2018-04-03T22:21:13+00:00","breadcrumb":{"@id":"https:\/\/www.meydan.tv\/az\/article\/boyuk-colsuz-kerametler\/#breadcrumb"},"inLanguage":"az","potentialAction":[{"@type":"ReadAction","target":["https:\/\/www.meydan.tv\/az\/article\/boyuk-colsuz-kerametler\/"]}]},{"@type":"ImageObject","inLanguage":"az","@id":"https:\/\/www.meydan.tv\/az\/article\/boyuk-colsuz-kerametler\/#primaryimage","url":"https:\/\/www.meydan.tv\/wp-content\/uploads\/31546.jpg","contentUrl":"https:\/\/www.meydan.tv\/wp-content\/uploads\/31546.jpg","width":647,"height":370,"caption":"Source:"},{"@type":"BreadcrumbList","@id":"https:\/\/www.meydan.tv\/az\/article\/boyuk-colsuz-kerametler\/#breadcrumb","itemListElement":[{"@type":"ListItem","position":1,"name":"Ana s\u0259hif\u0259","item":"https:\/\/www.meydan.tv\/az\/"},{"@type":"ListItem","position":2,"name":"Analitika","item":"https:\/\/www.meydan.tv\/az\/section\/analitika\/"},{"@type":"ListItem","position":3,"name":"B\u00f6y\u00fck \u00e7\u00f6ls\u00fcz k\u0259ram\u0259tl\u0259r"}]},{"@type":"WebSite","@id":"https:\/\/www.meydan.tv\/az\/#website","url":"https:\/\/www.meydan.tv\/az\/","name":"MEYDAN.TV","description":"Meydan TV Az\u0259rbaycan\u0131n media m\u0259kan\u0131ndak\u0131 alternativ s\u0259sidir","publisher":{"@id":"https:\/\/www.meydan.tv\/az\/#organization"},"potentialAction":[{"@type":"SearchAction","target":{"@type":"EntryPoint","urlTemplate":"https:\/\/www.meydan.tv\/az\/?s={search_term_string}"},"query-input":{"@type":"PropertyValueSpecification","valueRequired":true,"valueName":"search_term_string"}}],"inLanguage":"az"},{"@type":"Organization","@id":"https:\/\/www.meydan.tv\/az\/#organization","name":"Meydan TV","url":"https:\/\/www.meydan.tv\/az\/","logo":{"@type":"ImageObject","inLanguage":"az","@id":"https:\/\/www.meydan.tv\/az\/#\/schema\/logo\/image\/","url":"https:\/\/www.meydan.tv\/wp-content\/uploads\/2021\/07\/meydan-logo.svg","contentUrl":"https:\/\/www.meydan.tv\/wp-content\/uploads\/2021\/07\/meydan-logo.svg","width":195,"height":46,"caption":"Meydan TV"},"image":{"@id":"https:\/\/www.meydan.tv\/az\/#\/schema\/logo\/image\/"}},{"@type":"Person","@id":"https:\/\/www.meydan.tv\/az\/#\/schema\/person\/10d11eccf6da3662cf5fdab9806ea91a","name":"user-manager"}]}},"_links":{"self":[{"href":"https:\/\/www.meydan.tv\/az\/wp-json\/wp\/v2\/posts\/189346","targetHints":{"allow":["GET"]}}],"collection":[{"href":"https:\/\/www.meydan.tv\/az\/wp-json\/wp\/v2\/posts"}],"about":[{"href":"https:\/\/www.meydan.tv\/az\/wp-json\/wp\/v2\/types\/post"}],"author":[{"embeddable":true,"href":"https:\/\/www.meydan.tv\/az\/wp-json\/wp\/v2\/users\/11"}],"replies":[{"embeddable":true,"href":"https:\/\/www.meydan.tv\/az\/wp-json\/wp\/v2\/comments?post=189346"}],"version-history":[{"count":0,"href":"https:\/\/www.meydan.tv\/az\/wp-json\/wp\/v2\/posts\/189346\/revisions"}],"wp:featuredmedia":[{"embeddable":true,"href":"https:\/\/www.meydan.tv\/az\/wp-json\/wp\/v2\/media\/80777"}],"wp:attachment":[{"href":"https:\/\/www.meydan.tv\/az\/wp-json\/wp\/v2\/media?parent=189346"}],"wp:term":[{"taxonomy":"category","embeddable":true,"href":"https:\/\/www.meydan.tv\/az\/wp-json\/wp\/v2\/categories?post=189346"},{"taxonomy":"post_tag","embeddable":true,"href":"https:\/\/www.meydan.tv\/az\/wp-json\/wp\/v2\/tags?post=189346"}],"curies":[{"name":"wp","href":"https:\/\/api.w.org\/{rel}","templated":true}]}}