{"id":189271,"date":"2018-03-29T19:28:13","date_gmt":"2018-03-29T19:28:13","guid":{"rendered":"https:\/\/www.meydan.tv\/article\/kino-mahmuddan-baslanan-kino-kimi-heyat\/"},"modified":"2018-03-29T19:28:13","modified_gmt":"2018-03-29T19:28:13","slug":"kino-mahmuddan-baslanan-kino-kimi-heyat","status":"publish","type":"post","link":"https:\/\/www.meydan.tv\/az\/article\/kino-mahmuddan-baslanan-kino-kimi-heyat\/","title":{"rendered":"&#8221;Kino Mahmud&#8221;dan ba\u015flanan kino kimi h\u0259yat"},"content":{"rendered":"<figure class=\"wp-block-image size-large\">\n  <img decoding=\"async\" src=\"https:\/\/www.meydan.tv\/az\/nazli-agayeva-4\/\" alt=\"Nazl\u0131 A\u011fayeva\" class=\"wp-image-80491\"\/><figcaption>\n    Nazl\u0131 A\u011fayeva<br \/>\n  <\/figcaption><\/figure>\n<p>\n  B\u00f6y\u00fck d\u00fcnya bar\u0259d\u0259ki t\u0259s\u0259vv\u00fcrl\u0259rimiz ayda iki-\u00fc\u00e7 d\u0259f\u0259 k\u0259nd\u0259 kino g\u0259tir\u0259n \u201cKino Mahmudun\u201dun say\u0259sind\u0259 ger\u00e7\u0259kl\u0259\u015firdi. O k\u0259ndin adamlar\u0131 o q\u0259d\u0259r saf idil\u0259r ki, imkan olmayanda al\u00e7aq \u00e7\u0259p\u0259rd\u0259n g\u00f6r\u00fcn\u0259n kinoya Mahmud day\u0131dan icaz\u0259 almam\u0131\u015f baxmazd\u0131lar. Mahmud day\u0131 da onlardan geri qalmay\u0131b lentl\u0259ri da\u015f\u0131ma\u011fa k\u00f6m\u0259k ed\u0259n u\u015faqlara pulsuz adam ke\u00e7irtm\u0259k haqq\u0131 vermi\u015fdi. \u018fslind\u0259 m\u0259kt\u0259bin laxlayan qap\u0131s\u0131ndan \u201cqanuni\u201d ke\u00e7\u0259nl\u0259rin \u00f6d\u0259ni\u015fi Mahmud day\u0131n\u0131 o q\u0259d\u0259r d\u0259 maraqland\u0131rm\u0131rd\u0131. Sad\u0259c\u0259 adam \u00f6z i\u015fini v\u0259 onu s\u0259birsizlikl\u0259 g\u00f6zl\u0259y\u0259n u\u015faqlar\u0131 \u00e7ox sevirdi. Evimiz m\u0259kt\u0259bin qaba\u011f\u0131nda oldu\u011fundan m\u0259n bunlar\u0131 duya bilirdim.\n<\/p>\n<p>\n  Atam kinoya getm\u0259zdi. \u00d6z \u201cVEF\u201d radiosu il\u0259 h\u0259r ax\u015fam \u201cAzadl\u0131q\u201da qulaq as\u0131rd\u0131. Qanan adamlar kimi onun dizinin dibind\u0259 oturub verili\u015fi m\u0259n d\u0259 izl\u0259y\u0259rdim. V\u0259 h\u0259tta Mirz\u0259 X\u0259z\u0259r\u0259 atamla \u00f6z ad\u0131mdan gizlinc\u0259 m\u0259ktublar da yazard\u0131m. T\u0259bii ki, h\u0259min m\u0259ktublar a\u011f\u0131r \u0259l radiosunun m\u0259n\u0259 ba\u011f\u0131\u015flanan qutusundan k\u0259nara \u00e7\u0131xmazd\u0131. Atam evd\u0259 olmayanda yerini x\u0259yal\u0131mda c\u0131zd\u0131\u011f\u0131m dal\u011fada \u201cAzadl\u0131q\u201d\u0131 tutub Mirz\u0259 X\u0259z\u0259ri yadda\u015f\u0131ma \u201cy\u0131\u011fard\u0131m\u201d. El\u0259 ki, atam g\u0259ldi, e\u015fitdikl\u0259rimi ona dan\u0131\u015fard\u0131m. N\u0259vazi\u015f g\u00f6st\u0259rm\u0259yi xo\u015flamayan atam o g\u00f6z\u0259l anlarda bir-iki d\u0259f\u0259 sa\u00e7\u0131m\u0131 s\u0131\u011fallayard\u0131.\n<\/p>\n<p>\n  Kino g\u0259l\u0259nd\u0259 atama \u201cAzadl\u0131q\u201d yolda\u015f\u0131 olmay\u0131b evd\u0259n getm\u0259yi \u00f6z\u00fcm\u0259 yara\u015fd\u0131rm\u0131rd\u0131m. Kinodan da ke\u00e7\u0259 bilm\u0259diyim\u0259 g\u00f6r\u0259 yaln\u0131z bir \u00e7ar\u0259 qal\u0131rd\u0131. Atam\u0131 kinoya aparmaq! O da kim, atam\u2026 M\u0259nd\u0259n iki d\u0259f\u0259 b\u00f6y\u00fck qarda\u015f\u0131m\u0131n s\u00f6z dey\u0259 bilm\u0259diyi a\u011f\u0131r adam x\u0131rda bir q\u0131z\u0131n s\u00f6z\u00fcyl\u0259 durub kinoya ged\u0259rdimi?\n<\/p>\n<p>\n  Bir g\u00fcn kinoya getm\u0259yib \u201cAzadl\u0131q\u201d\u0131 dinl\u0259y\u0259n atama yax\u0131nl\u015fad\u0131m. B\u00fct\u00fcn diqq\u0259ti x\u0131r\u0131lt\u0131l\u0131 dal\u011falarda olan atam bird\u0259n m\u0259ni g\u00f6r\u00fcb kinoya niy\u0259 getm\u0259diyimi soru\u015fdu. Kar\u0131x\u0131b: \u201cDi\u015fim a\u011fr\u0131y\u0131r\u201d, \u2013 dedim. \u018fslind\u0259 ba\u015fqa q\u0131zlar kimi onsuz ged\u0259 bilm\u0259diyimi, kinodansa he\u00e7 anlamad\u0131\u011fm x\u0259b\u0259rl\u0259rin vacib oldu\u011funu dem\u0259liydim. Bel\u0259 dem\u0259kl\u0259 atam\u0131n m\u0259nim varl\u0131\u011f\u0131m\u0131 duymas\u0131n\u0131 ist\u0259mi\u015fdim. Amma \u00f6z\u00fcm\u00fc atama ifad\u0259 etm\u0259y\u0259 g\u00fcc\u00fcm \u00e7atmad\u0131. Dinm\u0259zs\u0259 ayaqlar\u0131n\u0131 ovxalama\u011fa ba\u015flad\u0131m. Bir q\u0131\u015f in\u0259yimizi axtarma\u011fa ged\u0259n atam\u0131n ayaqlar\u0131 s\u0259h\u0259r\u0259 q\u0259d\u0259r sulu qar\u0131n i\u00e7ind\u0259 qalm\u0131\u015fd\u0131. Ondan sonra dizd\u0259n a\u015fa\u011f\u0131s\u0131 h\u0259mi\u015f\u0259 soyuq olard\u0131.\n<\/p>\n<p>\n  N\u00f6vb\u0259ti d\u0259f\u0259 kino g\u0259l\u0259nd\u0259 atam m\u0259ni m\u0259kt\u0259bin qap\u0131s\u0131na apar\u0131b Mahmud day\u0131ya ikimizin pulunu verdi. Lap qabaqda sevinc\u0259k yer tutub kino ba\u015flayana q\u0259d\u0259r u\u015faqlarla oynama\u011fa getdim. Qay\u0131danda \u201cyerimizd\u0259\u201d ba\u015fqa adamlar oturmu\u015fdular. Qap\u0131ya yax\u0131nla\u015f\u0131b atam\u0131n harda oturdu\u011funu soru\u015fanda Mahmud day\u0131 onun i\u00e7\u0259ri ke\u00e7m\u0259diyini s\u00f6yl\u0259di.\n<\/p>\n<p>\n  O ax\u015fam m\u0259kt\u0259b h\u0259y\u0259tinin qaranl\u0131q k\u00fcnc\u00fcnd\u0259ki a\u011faca q\u0131s\u0131laraq b\u0259rkd\u0259n a\u011flad\u0131m. Ham\u0131n\u0131n fikri divardak\u0131 \u201cekranda\u201d oldu\u011fundan kims\u0259 m\u0259n\u0259 fikir verm\u0259di. \u0130ndiy\u0259 q\u0259d\u0259r bilmir\u0259m o gec\u0259 m\u0259ni o c\u00fcr a\u011fladan \u0259sas s\u0259b\u0259b n\u0259 idi? Atam\u0131n b\u00f6y\u00fckl\u00fcy\u00fcn\u00fc k\u0259\u015ff etm\u0259yimmi? \u201cAzadl\u0131q\u201da x\u0259yan\u0259timmi? \u0130ndi atam\u0131n \u00f6l\u00fcm ya\u015f\u0131na \u00e7atanda ba\u015fa d\u00fc\u015f\u00fcr\u0259m ki, s\u0259b\u0259b n\u0259 olur-olsun, m\u0259n \u0259sil a\u011flama\u011f\u0131 el\u0259 o gec\u0259 \u00f6yr\u0259ndim.\n<\/p>\n<p>\n  ***\n<\/p>\n<p>\n  O k\u00f6hn\u0259 m\u0259kt\u0259bin yerind\u0259 \u015f\u0259xsi ev tikilib. K\u0259ndimizd\u0259 art\u0131q komp\u00fcterl\u0259\u015fmi\u015f m\u00fcasir m\u0259kt\u0259b var. Bizd\u0259n sonra daha k\u0259nd\u0259 kino g\u0259lm\u0259di. Az vaxtda \u00e7ox \u015feyl\u0259r ya\u015fayan o saf k\u0259ndin \u00f6z\u00fcn\u00fc tragikomediyaya \u00e7evirdil\u0259r. \u018flind\u0259n kitab d\u00fc\u015fm\u0259y\u0259n bizim romantik n\u0259sil o k\u0259ndin son u\u015faqlar\u0131 oldu. Bizd\u0259n sonrak\u0131lar\u0131n \u00fcmumiyy\u0259tl\u0259 u\u015faq olma\u011fa h\u00f6vs\u0259l\u0259l\u0259ri \u00e7atmad\u0131.\n<\/p>\n<p>\n  Elmi-texniki t\u0259r\u0259qqinin ayaq a\u00e7d\u0131\u011f\u0131 k\u0259ndimizd\u0259 art\u0131q h\u0259r k\u0259s \u00f6z kanal\u0131nda \u00f6z \u015fousuna bax\u0131r. R\u0259hm\u0259tlik Mahmud day\u0131ya lent da\u015f\u0131yan o u\u015faqlar b\u00f6y\u00fcy\u00fcb k\u00fclf\u0259t yiy\u0259si olublar. Me\u015f\u0259b\u0259yinin, \u201cu\u00e7astkov\u0131n\u0131n\u201d haqq\u0131n\u0131 ver\u0259r\u0259k min zill\u0259tl\u0259 bir loxma \u00e7\u00f6r\u0259kl\u0259rini odundan, k\u00f6m\u00fcrd\u0259n \u00e7\u0131xard\u0131rlar. \u00d6lk\u0259d\u0259 a\u00e7\u0131lan bir milyon doqquz y\u00fcz mind\u0259n \u00e7ox i\u015f yerinin t\u0259xmin\u0259n y\u00fcz\u00fc y\u0259qin h\u0259min odun\u00e7ulara, k\u00f6m\u00fcr\u00e7\u00fcl\u0259r\u0259 aiddir. M\u00fcst\u0259qil Az\u0259rbaycan k\u0259ndin\u0259 indiy\u0259 q\u0259d\u0259r qaz x\u0259tti \u00e7\u0259kilm\u0259yib. \u201cT\u0259bii\u201d i\u015f yerl\u0259rinin itirilm\u0259m\u0259si s\u0259b\u0259bind\u0259n ola bilm\u0259zmi? \u00dcst\u0259lik yuxar\u0131lar \u00fc\u00e7\u00fcn me\u015f\u0259d\u0259 ba\u015f saxlayan yor\u011fun toplum daha s\u0259rf\u0259lidir.\n<\/p>\n<p>\n  Qalsaq da, gets\u0259k d\u0259 kitab\u0131 ba\u011flanm\u0131\u015f, radiosu susdurulmu\u015f, q\u0259l\u0259mi s\u0131nd\u0131r\u0131lm\u0131\u015f o k\u0259nd bizim k\u0259ndimizdir. Dekorativ \u00f6lk\u0259nin m\u0259zmunsuz bo\u015flu\u011funda itkin d\u00fc\u015fm\u00fc\u015f balaca k\u0259ndl\u0259rd\u0259n ba\u015flanan \u00e7ar\u0259siz v\u0259t\u0259n d\u0259 bizimdir&#8230; Unutmayaq.\n<\/p>\n<p>\n  <i><br \/>\n    <b><br \/>\n      Yaz\u0131 m\u00fc\u0259llifin fikirl\u0259rini \u0259ks etdirir v\u0259 Meydan TV-nin m\u00f6vqeyi il\u0259 \u00fcst-\u00fcst\u0259 d\u00fc\u015fm\u0259y\u0259 bil\u0259r.<br \/>\n    <\/b><br \/>\n  <\/i><\/p>\n","protected":false},"excerpt":{"rendered":"<p>B\u00f6y\u00fck d\u00fcnya bar\u0259d\u0259ki t\u0259s\u0259vv\u00fcrl\u0259rimiz ayda iki-\u00fc\u00e7 d\u0259f\u0259 k\u0259nd\u0259 kino g\u0259tir\u0259n \u201cKino Mahmudun\u201dun say\u0259sind\u0259 ger\u00e7\u0259kl\u0259\u015firdi<\/p>\n","protected":false},"author":11,"featured_media":80491,"comment_status":"closed","ping_status":"open","sticky":false,"template":"","format":"standard","meta":{"_acf_changed":false,"_sitemap_exclude":false,"_sitemap_priority":"","_sitemap_frequency":"","footnotes":""},"categories":[57],"tags":[],"class_list":["post-189271","post","type-post","status-publish","format-standard","has-post-thumbnail","hentry","category-menim-fikrimce","infinite-scroll-item","generate-columns","tablet-grid-50","mobile-grid-100","grid-parent","grid-33","no-featured-image-padding"],"acf":[],"yoast_head":"<!-- This site is optimized with the Yoast SEO plugin v27.5 - https:\/\/yoast.com\/product\/yoast-seo-wordpress\/ -->\n<title>&#039;&#039;Kino Mahmud&#039;&#039;dan ba\u015flanan kino kimi h\u0259yat - MEYDAN.TV<\/title>\n<meta name=\"robots\" content=\"index, follow, max-snippet:-1, max-image-preview:large, max-video-preview:-1\" \/>\n<link rel=\"canonical\" href=\"https:\/\/www.meydan.tv\/az\/article\/kino-mahmuddan-baslanan-kino-kimi-heyat\/\" \/>\n<meta property=\"og:locale\" content=\"az_AZ\" \/>\n<meta property=\"og:type\" content=\"article\" \/>\n<meta property=\"og:title\" content=\"&#039;&#039;Kino Mahmud&#039;&#039;dan ba\u015flanan kino kimi h\u0259yat - MEYDAN.TV\" \/>\n<meta property=\"og:description\" content=\"B\u00f6y\u00fck d\u00fcnya bar\u0259d\u0259ki t\u0259s\u0259vv\u00fcrl\u0259rimiz ayda iki-\u00fc\u00e7 d\u0259f\u0259 k\u0259nd\u0259 kino g\u0259tir\u0259n \u201cKino Mahmudun\u201dun say\u0259sind\u0259 ger\u00e7\u0259kl\u0259\u015firdi\" \/>\n<meta property=\"og:url\" content=\"https:\/\/www.meydan.tv\/az\/article\/kino-mahmuddan-baslanan-kino-kimi-heyat\/\" \/>\n<meta property=\"og:site_name\" content=\"MEYDAN.TV\" \/>\n<meta property=\"article:published_time\" content=\"2018-03-29T19:28:13+00:00\" \/>\n<meta property=\"og:image\" content=\"https:\/\/www.meydan.tv\/wp-content\/uploads\/31405.jpg\" \/>\n\t<meta property=\"og:image:width\" content=\"1334\" \/>\n\t<meta property=\"og:image:height\" content=\"998\" \/>\n\t<meta property=\"og:image:type\" content=\"image\/jpeg\" \/>\n<meta name=\"author\" content=\"user-manager\" \/>\n<meta name=\"twitter:card\" content=\"summary_large_image\" \/>\n<script type=\"application\/ld+json\" class=\"yoast-schema-graph\">{\"@context\":\"https:\\\/\\\/schema.org\",\"@graph\":[{\"@type\":\"Article\",\"@id\":\"https:\\\/\\\/www.meydan.tv\\\/az\\\/article\\\/kino-mahmuddan-baslanan-kino-kimi-heyat\\\/#article\",\"isPartOf\":{\"@id\":\"https:\\\/\\\/www.meydan.tv\\\/az\\\/article\\\/kino-mahmuddan-baslanan-kino-kimi-heyat\\\/\"},\"author\":{\"name\":\"user-manager\",\"@id\":\"https:\\\/\\\/www.meydan.tv\\\/az\\\/#\\\/schema\\\/person\\\/10d11eccf6da3662cf5fdab9806ea91a\"},\"headline\":\"&#8221;Kino Mahmud&#8221;dan ba\u015flanan kino kimi h\u0259yat\",\"datePublished\":\"2018-03-29T19:28:13+00:00\",\"mainEntityOfPage\":{\"@id\":\"https:\\\/\\\/www.meydan.tv\\\/az\\\/article\\\/kino-mahmuddan-baslanan-kino-kimi-heyat\\\/\"},\"wordCount\":985,\"publisher\":{\"@id\":\"https:\\\/\\\/www.meydan.tv\\\/az\\\/#organization\"},\"image\":{\"@id\":\"https:\\\/\\\/www.meydan.tv\\\/az\\\/article\\\/kino-mahmuddan-baslanan-kino-kimi-heyat\\\/#primaryimage\"},\"thumbnailUrl\":\"https:\\\/\\\/www.meydan.tv\\\/wp-content\\\/uploads\\\/31405.jpg\",\"articleSection\":[\"M\u0259nim Fikrimc\u0259\"],\"inLanguage\":\"az\"},{\"@type\":\"WebPage\",\"@id\":\"https:\\\/\\\/www.meydan.tv\\\/az\\\/article\\\/kino-mahmuddan-baslanan-kino-kimi-heyat\\\/\",\"url\":\"https:\\\/\\\/www.meydan.tv\\\/az\\\/article\\\/kino-mahmuddan-baslanan-kino-kimi-heyat\\\/\",\"name\":\"''Kino Mahmud''dan ba\u015flanan kino kimi h\u0259yat - MEYDAN.TV\",\"isPartOf\":{\"@id\":\"https:\\\/\\\/www.meydan.tv\\\/az\\\/#website\"},\"primaryImageOfPage\":{\"@id\":\"https:\\\/\\\/www.meydan.tv\\\/az\\\/article\\\/kino-mahmuddan-baslanan-kino-kimi-heyat\\\/#primaryimage\"},\"image\":{\"@id\":\"https:\\\/\\\/www.meydan.tv\\\/az\\\/article\\\/kino-mahmuddan-baslanan-kino-kimi-heyat\\\/#primaryimage\"},\"thumbnailUrl\":\"https:\\\/\\\/www.meydan.tv\\\/wp-content\\\/uploads\\\/31405.jpg\",\"datePublished\":\"2018-03-29T19:28:13+00:00\",\"breadcrumb\":{\"@id\":\"https:\\\/\\\/www.meydan.tv\\\/az\\\/article\\\/kino-mahmuddan-baslanan-kino-kimi-heyat\\\/#breadcrumb\"},\"inLanguage\":\"az\",\"potentialAction\":[{\"@type\":\"ReadAction\",\"target\":[\"https:\\\/\\\/www.meydan.tv\\\/az\\\/article\\\/kino-mahmuddan-baslanan-kino-kimi-heyat\\\/\"]}]},{\"@type\":\"ImageObject\",\"inLanguage\":\"az\",\"@id\":\"https:\\\/\\\/www.meydan.tv\\\/az\\\/article\\\/kino-mahmuddan-baslanan-kino-kimi-heyat\\\/#primaryimage\",\"url\":\"https:\\\/\\\/www.meydan.tv\\\/wp-content\\\/uploads\\\/31405.jpg\",\"contentUrl\":\"https:\\\/\\\/www.meydan.tv\\\/wp-content\\\/uploads\\\/31405.jpg\",\"width\":1334,\"height\":998,\"caption\":\"Source:\"},{\"@type\":\"BreadcrumbList\",\"@id\":\"https:\\\/\\\/www.meydan.tv\\\/az\\\/article\\\/kino-mahmuddan-baslanan-kino-kimi-heyat\\\/#breadcrumb\",\"itemListElement\":[{\"@type\":\"ListItem\",\"position\":1,\"name\":\"Ana s\u0259hif\u0259\",\"item\":\"https:\\\/\\\/www.meydan.tv\\\/az\\\/\"},{\"@type\":\"ListItem\",\"position\":2,\"name\":\"M\u0259nim Fikrimc\u0259\",\"item\":\"https:\\\/\\\/www.meydan.tv\\\/az\\\/section\\\/menim-fikrimce\\\/\"},{\"@type\":\"ListItem\",\"position\":3,\"name\":\"&#8221;Kino Mahmud&#8221;dan ba\u015flanan kino kimi h\u0259yat\"}]},{\"@type\":\"WebSite\",\"@id\":\"https:\\\/\\\/www.meydan.tv\\\/az\\\/#website\",\"url\":\"https:\\\/\\\/www.meydan.tv\\\/az\\\/\",\"name\":\"MEYDAN.TV\",\"description\":\"Meydan TV Az\u0259rbaycan\u0131n media m\u0259kan\u0131ndak\u0131 alternativ s\u0259sidir\",\"publisher\":{\"@id\":\"https:\\\/\\\/www.meydan.tv\\\/az\\\/#organization\"},\"potentialAction\":[{\"@type\":\"SearchAction\",\"target\":{\"@type\":\"EntryPoint\",\"urlTemplate\":\"https:\\\/\\\/www.meydan.tv\\\/az\\\/?s={search_term_string}\"},\"query-input\":{\"@type\":\"PropertyValueSpecification\",\"valueRequired\":true,\"valueName\":\"search_term_string\"}}],\"inLanguage\":\"az\"},{\"@type\":\"Organization\",\"@id\":\"https:\\\/\\\/www.meydan.tv\\\/az\\\/#organization\",\"name\":\"Meydan TV\",\"url\":\"https:\\\/\\\/www.meydan.tv\\\/az\\\/\",\"logo\":{\"@type\":\"ImageObject\",\"inLanguage\":\"az\",\"@id\":\"https:\\\/\\\/www.meydan.tv\\\/az\\\/#\\\/schema\\\/logo\\\/image\\\/\",\"url\":\"https:\\\/\\\/www.meydan.tv\\\/wp-content\\\/uploads\\\/2021\\\/07\\\/meydan-logo.svg\",\"contentUrl\":\"https:\\\/\\\/www.meydan.tv\\\/wp-content\\\/uploads\\\/2021\\\/07\\\/meydan-logo.svg\",\"width\":195,\"height\":46,\"caption\":\"Meydan TV\"},\"image\":{\"@id\":\"https:\\\/\\\/www.meydan.tv\\\/az\\\/#\\\/schema\\\/logo\\\/image\\\/\"}},{\"@type\":\"Person\",\"@id\":\"https:\\\/\\\/www.meydan.tv\\\/az\\\/#\\\/schema\\\/person\\\/10d11eccf6da3662cf5fdab9806ea91a\",\"name\":\"user-manager\"}]}<\/script>\n<!-- \/ Yoast SEO plugin. -->","yoast_head_json":{"title":"''Kino Mahmud''dan ba\u015flanan kino kimi h\u0259yat - MEYDAN.TV","robots":{"index":"index","follow":"follow","max-snippet":"max-snippet:-1","max-image-preview":"max-image-preview:large","max-video-preview":"max-video-preview:-1"},"canonical":"https:\/\/www.meydan.tv\/az\/article\/kino-mahmuddan-baslanan-kino-kimi-heyat\/","og_locale":"az_AZ","og_type":"article","og_title":"''Kino Mahmud''dan ba\u015flanan kino kimi h\u0259yat - MEYDAN.TV","og_description":"B\u00f6y\u00fck d\u00fcnya bar\u0259d\u0259ki t\u0259s\u0259vv\u00fcrl\u0259rimiz ayda iki-\u00fc\u00e7 d\u0259f\u0259 k\u0259nd\u0259 kino g\u0259tir\u0259n \u201cKino Mahmudun\u201dun say\u0259sind\u0259 ger\u00e7\u0259kl\u0259\u015firdi","og_url":"https:\/\/www.meydan.tv\/az\/article\/kino-mahmuddan-baslanan-kino-kimi-heyat\/","og_site_name":"MEYDAN.TV","article_published_time":"2018-03-29T19:28:13+00:00","og_image":[{"width":1334,"height":998,"url":"https:\/\/www.meydan.tv\/wp-content\/uploads\/31405.jpg","type":"image\/jpeg"}],"author":"user-manager","twitter_card":"summary_large_image","schema":{"@context":"https:\/\/schema.org","@graph":[{"@type":"Article","@id":"https:\/\/www.meydan.tv\/az\/article\/kino-mahmuddan-baslanan-kino-kimi-heyat\/#article","isPartOf":{"@id":"https:\/\/www.meydan.tv\/az\/article\/kino-mahmuddan-baslanan-kino-kimi-heyat\/"},"author":{"name":"user-manager","@id":"https:\/\/www.meydan.tv\/az\/#\/schema\/person\/10d11eccf6da3662cf5fdab9806ea91a"},"headline":"&#8221;Kino Mahmud&#8221;dan ba\u015flanan kino kimi h\u0259yat","datePublished":"2018-03-29T19:28:13+00:00","mainEntityOfPage":{"@id":"https:\/\/www.meydan.tv\/az\/article\/kino-mahmuddan-baslanan-kino-kimi-heyat\/"},"wordCount":985,"publisher":{"@id":"https:\/\/www.meydan.tv\/az\/#organization"},"image":{"@id":"https:\/\/www.meydan.tv\/az\/article\/kino-mahmuddan-baslanan-kino-kimi-heyat\/#primaryimage"},"thumbnailUrl":"https:\/\/www.meydan.tv\/wp-content\/uploads\/31405.jpg","articleSection":["M\u0259nim Fikrimc\u0259"],"inLanguage":"az"},{"@type":"WebPage","@id":"https:\/\/www.meydan.tv\/az\/article\/kino-mahmuddan-baslanan-kino-kimi-heyat\/","url":"https:\/\/www.meydan.tv\/az\/article\/kino-mahmuddan-baslanan-kino-kimi-heyat\/","name":"''Kino Mahmud''dan ba\u015flanan kino kimi h\u0259yat - MEYDAN.TV","isPartOf":{"@id":"https:\/\/www.meydan.tv\/az\/#website"},"primaryImageOfPage":{"@id":"https:\/\/www.meydan.tv\/az\/article\/kino-mahmuddan-baslanan-kino-kimi-heyat\/#primaryimage"},"image":{"@id":"https:\/\/www.meydan.tv\/az\/article\/kino-mahmuddan-baslanan-kino-kimi-heyat\/#primaryimage"},"thumbnailUrl":"https:\/\/www.meydan.tv\/wp-content\/uploads\/31405.jpg","datePublished":"2018-03-29T19:28:13+00:00","breadcrumb":{"@id":"https:\/\/www.meydan.tv\/az\/article\/kino-mahmuddan-baslanan-kino-kimi-heyat\/#breadcrumb"},"inLanguage":"az","potentialAction":[{"@type":"ReadAction","target":["https:\/\/www.meydan.tv\/az\/article\/kino-mahmuddan-baslanan-kino-kimi-heyat\/"]}]},{"@type":"ImageObject","inLanguage":"az","@id":"https:\/\/www.meydan.tv\/az\/article\/kino-mahmuddan-baslanan-kino-kimi-heyat\/#primaryimage","url":"https:\/\/www.meydan.tv\/wp-content\/uploads\/31405.jpg","contentUrl":"https:\/\/www.meydan.tv\/wp-content\/uploads\/31405.jpg","width":1334,"height":998,"caption":"Source:"},{"@type":"BreadcrumbList","@id":"https:\/\/www.meydan.tv\/az\/article\/kino-mahmuddan-baslanan-kino-kimi-heyat\/#breadcrumb","itemListElement":[{"@type":"ListItem","position":1,"name":"Ana s\u0259hif\u0259","item":"https:\/\/www.meydan.tv\/az\/"},{"@type":"ListItem","position":2,"name":"M\u0259nim Fikrimc\u0259","item":"https:\/\/www.meydan.tv\/az\/section\/menim-fikrimce\/"},{"@type":"ListItem","position":3,"name":"&#8221;Kino Mahmud&#8221;dan ba\u015flanan kino kimi h\u0259yat"}]},{"@type":"WebSite","@id":"https:\/\/www.meydan.tv\/az\/#website","url":"https:\/\/www.meydan.tv\/az\/","name":"MEYDAN.TV","description":"Meydan TV Az\u0259rbaycan\u0131n media m\u0259kan\u0131ndak\u0131 alternativ s\u0259sidir","publisher":{"@id":"https:\/\/www.meydan.tv\/az\/#organization"},"potentialAction":[{"@type":"SearchAction","target":{"@type":"EntryPoint","urlTemplate":"https:\/\/www.meydan.tv\/az\/?s={search_term_string}"},"query-input":{"@type":"PropertyValueSpecification","valueRequired":true,"valueName":"search_term_string"}}],"inLanguage":"az"},{"@type":"Organization","@id":"https:\/\/www.meydan.tv\/az\/#organization","name":"Meydan TV","url":"https:\/\/www.meydan.tv\/az\/","logo":{"@type":"ImageObject","inLanguage":"az","@id":"https:\/\/www.meydan.tv\/az\/#\/schema\/logo\/image\/","url":"https:\/\/www.meydan.tv\/wp-content\/uploads\/2021\/07\/meydan-logo.svg","contentUrl":"https:\/\/www.meydan.tv\/wp-content\/uploads\/2021\/07\/meydan-logo.svg","width":195,"height":46,"caption":"Meydan TV"},"image":{"@id":"https:\/\/www.meydan.tv\/az\/#\/schema\/logo\/image\/"}},{"@type":"Person","@id":"https:\/\/www.meydan.tv\/az\/#\/schema\/person\/10d11eccf6da3662cf5fdab9806ea91a","name":"user-manager"}]}},"_links":{"self":[{"href":"https:\/\/www.meydan.tv\/az\/wp-json\/wp\/v2\/posts\/189271","targetHints":{"allow":["GET"]}}],"collection":[{"href":"https:\/\/www.meydan.tv\/az\/wp-json\/wp\/v2\/posts"}],"about":[{"href":"https:\/\/www.meydan.tv\/az\/wp-json\/wp\/v2\/types\/post"}],"author":[{"embeddable":true,"href":"https:\/\/www.meydan.tv\/az\/wp-json\/wp\/v2\/users\/11"}],"replies":[{"embeddable":true,"href":"https:\/\/www.meydan.tv\/az\/wp-json\/wp\/v2\/comments?post=189271"}],"version-history":[{"count":0,"href":"https:\/\/www.meydan.tv\/az\/wp-json\/wp\/v2\/posts\/189271\/revisions"}],"wp:featuredmedia":[{"embeddable":true,"href":"https:\/\/www.meydan.tv\/az\/wp-json\/wp\/v2\/media\/80491"}],"wp:attachment":[{"href":"https:\/\/www.meydan.tv\/az\/wp-json\/wp\/v2\/media?parent=189271"}],"wp:term":[{"taxonomy":"category","embeddable":true,"href":"https:\/\/www.meydan.tv\/az\/wp-json\/wp\/v2\/categories?post=189271"},{"taxonomy":"post_tag","embeddable":true,"href":"https:\/\/www.meydan.tv\/az\/wp-json\/wp\/v2\/tags?post=189271"}],"curies":[{"name":"wp","href":"https:\/\/api.w.org\/{rel}","templated":true}]}}