{"id":189258,"date":"2018-03-28T23:23:23","date_gmt":"2018-03-28T23:23:23","guid":{"rendered":"https:\/\/www.meydan.tv\/article\/niye-qerb-xocalini-tanimir\/"},"modified":"2018-03-28T23:23:23","modified_gmt":"2018-03-28T23:23:23","slug":"niye-qerb-xocalini-tanimir","status":"publish","type":"post","link":"https:\/\/www.meydan.tv\/az\/article\/niye-qerb-xocalini-tanimir\/","title":{"rendered":"Niy\u0259 Q\u0259rb Xocal\u0131n\u0131 tan\u0131m\u0131r?"},"content":{"rendered":"<figure class=\"wp-block-image size-large\">\n  <img decoding=\"async\" src=\"https:\/\/www.meydan.tv\/az\/insanlar-agdamda-xocali-faciesini-anir-1992-ci-il\/\" alt=\"\u0130nsanlar A\u011fdamda Xocal\u0131 faci\u0259sini an\u0131r, 1992-ci il\" class=\"wp-image-101331\"\/><figcaption>\n    \u0130nsanlar A\u011fdamda Xocal\u0131 faci\u0259sini an\u0131r, 1992-ci il<br \/>\n  <\/figcaption><\/figure>\n<p>\n  Birinci kursda oxuyanda d\u0259y\u0259rli h\u00fcquq\u015f\u00fcnas Erkin Q\u0259dirlinin d\u0259rsind\u0259 t\u0259l\u0259b\u0259l\u0259rd\u0259n biri soru\u015fmu\u015fdu ki, Q\u0259rb \u00f6lk\u0259l\u0259ri niy\u0259 Xocal\u0131 soyq\u0131r\u0131m\u0131na diqq\u0259t el\u0259mir. Onda Erkin m\u00fc\u0259llim ba\u015fqa sualla maraql\u0131 cavab vermi\u015fdi: \u201cSizin x\u0259b\u0259riniz var ki, Sudanda haz\u0131rda soyq\u0131r\u0131m gedir?\u201d\n<\/p>\n<p>\n  20 Yanvarda, Xocal\u0131 faci\u0259si g\u00fcn\u00fc, az\u0259rbaycanl\u0131lar\u0131n soyq\u0131r\u0131m\u0131 g\u00fcn\u00fc kimi qeyd etdiyi b\u00fct\u00fcn k\u0259d\u0259rli ild\u00f6n\u00fcml\u0259rind\u0259 bu sual tez-tez tirajlan\u0131r: \u201cNiy\u0259 biz h\u0259qiq\u0259tl\u0259rimizi d\u00fcnyaya \u00e7atd\u0131ra bilmirik?\u201d T\u0259qsir kimd\u0259dir? \u00dcmumiyy\u0259tl\u0259, bu, t\u0259qsirdirmi? D\u00fcnya kimdir? D\u00fcnyaya \u00e7atd\u0131rmaq n\u0259dir? M\u0259qs\u0259d n\u0259dir? N\u0259tic\u0259 n\u0259 olacaq? Bu suallar\u0131 is\u0259 \u00e7ox adam vermir, amma yen\u0259 d\u0259 maraql\u0131 olaraq qal\u0131r.\n<\/p>\n<p>\n  Bizim kimi g\u00f6zd\u0259n-k\u00f6n\u00fcld\u0259n iraq xalqlar\u0131n probleml\u0259rinin g\u00fcnd\u0259m\u0259 g\u0259tirilm\u0259si m\u0259s\u0259l\u0259si \u0259traf\u0131nda ba\u015f ver\u0259n hadis\u0259l\u0259rl\u0259 ba\u011fl\u0131 Clifford Bob maraql\u0131 yaz\u0131 yaz\u0131b:<br \/>\n  <a href=\"\/admin\/articles\/Merchants%20of%20Morality%20(http:\/foreignpolicy.com\/2009\/11\/13\/merchants-of-morality\/\"><br \/>\n    \u201cM\u0259n\u0259viyyat d\u0259llallar\u0131\u201d<br \/>\n  <\/a><br \/>\n  .\n<\/p>\n<p>\n  M\u00fc\u0259llif tibetlil\u0259rin problemi il\u0259 uy\u011furlar\u0131n problemini m\u00fcqayis\u0259 edir. H\u0259r ikisi \u00c7inin t\u0259rkib hiss\u0259sidir, h\u0259r ikisind\u0259 \u00c7in t\u0259r\u0259find\u0259n ayr\u0131-se\u00e7kilik siyas\u0259ti var, h\u0259r ikisi buna etiraz edir. H\u0259tta uy\u011furlar\u0131n v\u0259ziyy\u0259ti bir az da pisdir, adlar\u0131 seperat\u00e7\u0131, terror\u00e7u qoyulub. Seperat\u00e7\u0131l\u0131q tibetlil\u0259r bar\u0259d\u0259 d\u0259 \u00c7inin m\u0259\u015fhur ittiham\u0131d\u0131r. Tibetin 5,5 milyon \u0259halisi var, Sintzyan-Uy\u011furun 7 milyon. Amma m\u0259s\u0259l\u0259 buras\u0131ndad\u0131r ki, d\u00fcnyadak\u0131 b\u00fct\u00fcn m\u0259\u015fhur h\u00fcquq m\u00fcdafi\u0259 t\u0259\u015fkilatlar\u0131 Tibet m\u0259s\u0259l\u0259sini g\u00fcnd\u0259md\u0259 saxlay\u0131r, onlar\u0131n h\u00fcquqlar\u0131n\u0131n pozulmas\u0131 faktlar\u0131 d\u0259rhal i\u015f\u0131qland\u0131r\u0131l\u0131r, amma tibetlil\u0259rin \u015fimal qon\u015fular\u0131n\u0131n b\u0259nz\u0259r probleml\u0259rini g\u00f6rm\u00fcrl\u0259r v\u0259 ya \u201cg\u00f6rm\u00fcrl\u0259r\u201d. M\u0259\u015fhur aktyorlar, m\u00fc\u011f\u0259nnil\u0259r Tibet haqq\u0131nda dan\u0131\u015f\u0131rlar, Va\u015finqtonda Tibet m\u00f6vzusuna h\u0259sr olunmu\u015f a\u00e7\u0131q havada konsert ke\u00e7irilir v\u0259 s. D\u00fcnyada bel\u0259 misallar \u00e7oxdur: \u015e\u0259rqi Timor, \u0130ndoneziyan\u0131n A\u00e7e \u0259yal\u0259tinin probleml\u0259ri, Braziliyan\u0131n tropik me\u015f\u0259l\u0259rinin q\u0131r\u0131lmas\u0131 m\u0259s\u0259l\u0259si, \u00c7inin \u00dc\u00e7 Bo\u011faz B\u0259ndi, \u00c7ad-Kamerun boru k\u0259m\u0259ri qlobal diqq\u0259ti c\u0259lb edib. Lakin ox\u015far probleml\u0259r olan Hindistan\u0131n Tehri b\u0259ndi, Qayanan\u0131n tropik me\u015f\u0259l\u0259rinin q\u0131r\u0131lmas\u0131, C\u0259nubi Asiyan\u0131n kasta sisteminin yaratd\u0131\u011f\u0131 probleml\u0259r, TransTayMalayziya boru k\u0259m\u0259ri bel\u0259 diqq\u0259td\u0259n k\u0259narda qal\u0131b.\n<\/p>\n<p>\n  \u201cPeacenet\u201d beyn\u0259lxalq \u015f\u0259b\u0259k\u0259sinin yarad\u0131c\u0131s\u0131 olan Howard H. Frederick deyir ki, yeni kommuniksiya texnologiyalar\u0131 f\u0259rdl\u0259r\u0259 imkan verir ki, qlobal narahatl\u0131q do\u011furan m\u0259s\u0259l\u0259l\u0259ri \u015f\u0259xsi, h\u0259tta milli maraqlar \u00fcz\u0259rin\u0259 qald\u0131raraq, onun h\u0259llin\u0259 can ata bilsinl\u0259r. D\u00fcnya Resurs \u0130nstitutundan Allen L. Hammond is\u0259 bildirir ki, qlobal media, yeni texnologiya v\u0259 altruistik QHT-l\u0259rin kombinasiyas\u0131 el\u0259 bir \u201cradikal \u015f\u0259ffafl\u0131q\u201d m\u00fchiti yarad\u0131b ki, he\u00e7 bir m\u00fcbahis\u0259li f\u0259aliyy\u0259t gizli qala bilm\u0259z.\n<\/p>\n<p>\n  Amma Clifford Bob f\u0259rqli d\u00fc\u015f\u00fcn\u00fcr. O, hesab edir ki, beyn\u0259lxalq v\u0259t\u0259nda\u015f c\u0259miyy\u0259ti altruizmin a\u00e7\u0131q bazar\u0131 deyil, \u0259ksin\u0259 ayr\u0131-ayr\u0131 qruplar\u0131n nadir diqq\u0259t, simpatiya v\u0259 pul \u00fc\u00e7\u00fcn m\u00fcbariz\u0259 apard\u0131\u011f\u0131 s\u0259rt darvinist bazard\u0131r. Beyn\u0259lxalq auditoriya aras\u0131nda getdikc\u0259 artan qeyri-b\u0259rab\u0259rlik, probleml\u0259rini diqq\u0259t\u0259 \u00e7atd\u0131rmaq ist\u0259y\u0259n yerli qruplar\u0131 m\u0259cbur edir ki, \u00f6z \u0259sl m\u0259qs\u0259dl\u0259rind\u0259n daha f\u0259rqli \u015feyl\u0259ri g\u00f6st\u0259rsinl\u0259r. M\u0259s\u0259l\u0259n, beyn\u0259lxalq QHT-l\u0259r demokrtik idar\u0259 olunan v\u0259 daxili m\u00fcbahis\u0259l\u0259ri olan qruplardan daha \u00e7ox g\u00fccl\u00fc, amiran\u0259 r\u0259hb\u0259r \u2013 lider t\u0259r\u0259find\u0259n nisb\u0259t\u0259n s\u0259rt idar\u0259 olunan qruplara yard\u0131m g\u00f6st\u0259rm\u0259y\u0259 meylli olurlar.\n<\/p>\n<p>\n  \u00dcmumiyy\u0259t\u0259, beyn\u0259lxalq d\u0259st\u0259yi qazanmaq u\u011frunda amans\u0131z m\u00fcbariz\u0259 gedir. 2001-ci ild\u0259 Niderland\u0131n Leyden Universitetinin v\u0259 Va\u015finqtonun (D.C.) Beyn\u0259lxalq Vasit\u0259\u00e7ilik v\u0259 Konfliktl\u0259ri H\u0259lletm\u0259 \u0130nstitutunun h\u0259yata ke\u00e7irdiyi r\u0259y sor\u011fusuna g\u00f6r\u0259, d\u00fcnyada 126 y\u00fcks\u0259k intensivlikli konflikt v\u0259 178 zorak\u0131 siyasi konflikt var. Bu konfliktl\u0259rd\u0259 z\u0259if t\u0259r\u0259fl\u0259r beyn\u0259lxalq d\u0259st\u0259yi almaq u\u011frunda m\u00fcbariz\u0259 apar\u0131rlar. Bu m\u00fcbariz\u0259d\u0259 onlar \u0259sas\u0259n, 2 \u00fcsuldan istifad\u0259 edirl\u0259r. Birincisi, \u00f6z probleml\u0259rini beyn\u0259lxalq bazara \u00e7\u0131xar\u0131rlar \u2013 konflikt, d\u00fc\u015fm\u0259nl\u0259ri, b\u0259z\u0259n \u00f6zl\u0259rinin m\u00f6vcudlu\u011fu bar\u0259d\u0259 m\u0259lumat t\u0259qdim edirl\u0259r. \u0130kincisi, \u00f6z probleml\u0259rini qloballa\u015fd\u0131rm\u011fa, d\u00fcnyan\u0131n problemi kimi t\u0259qdim etm\u0259y\u0259 \u00e7al\u0131\u015f\u0131rlar. Bu c\u0259hdl\u0259rd\u0259 yerli qruplar\u0131n \u0259sas h\u0259d\u0259fi n\u00fcfuzlu Q\u0259rb QHT-l\u0259rin\u0259 \u00e7atmaqd\u0131r.\n<\/p>\n<p>\n  Clifford Bob bildirir ki, yerli probleml\u0259rin qlobal s\u0259viyy\u0259d\u0259 ictimail\u0259\u015fdirilm\u0259si prosesind\u0259 \u201cQHT-l\u0259r h\u0259mi\u015f\u0259 haql\u0131d\u0131r\u201d prinsipi i\u015fl\u0259yir. \u018fsas m\u0259s\u0259l\u0259 bu QHT-l\u0259r\u0259 \u00e7atmaq, problemi onlar\u0131n q\u0259bul ed\u0259c\u0259yi \u201cdild\u0259\u201d izah etm\u0259kdir. M\u0259s\u0259l\u0259n, Nigeriyada neft \u015firk\u0259tl\u0259rind\u0259n xeyli milli azl\u0131q \u0259ziyy\u0259t \u00e7\u0259kir. Oqoni milli azl\u0131\u011f\u0131 da onlardand\u0131r. Oqonil\u0259r bu m\u0259s\u0259l\u0259ni 1990-c\u0131 ill\u0259rin \u0259vv\u0259ll\u0259rin\u0259 q\u0259d\u0259r qlobal s\u0259viyy\u0259d\u0259 e\u015fitdir\u0259 bilm\u0259dil\u0259r. Amma bu d\u00f6vrd\u0259 bird\u0259n-bir\u0259 \u201cAmnesty International\u201d, \u201cGreenpeace\u201d, \u201cFriends of the Earth\u201d, \u201cSierra Club\u201d kimi t\u0259\u015fkilatlar 300.000-500.000 say\u0131 olan tayfa haqq\u0131nda dan\u0131\u015fma\u011fa ba\u015flad\u0131lar. \u00c7\u00fcnki Oqonil\u0259rin lideri Ken Saro-Wiwa problemi \u0259traf m\u00fchitin \u00e7irkl\u0259nm\u0259si ad\u0131 alt\u0131nda t\u0259qdim etdi. N\u0259tic\u0259d\u0259 beyn\u0259lxalq diqq\u0259t onlara y\u00f6n\u0259ldi. Yaxud 1980-ci ill\u0259rd\u0259 Qvatemalan\u0131n kommunist \u00fcsyan\u00e7\u0131s\u0131 Rigoberta Menchu Q\u0259rbi Avropada m\u0259\u015fhurla\u015fd\u0131. \u00c7\u00fcnki o, problemi yerli xalqlar\u0131n h\u00fcquqlar\u0131n\u0131n pozulmas\u0131 \u00e7\u0259r\u00e7iv\u0259sind\u0259 konstatasiya etdi. Dig\u0259r m\u0259\u015fhur kommuinst qrup Zapatista da problemini kommunizm \u00e7\u0259r\u00e7iv\u0259sind\u0259 izah etdikc\u0259 diqq\u0259ti c\u0259lb ed\u0259 bilmirdi. Amma onlar NAFTA-ya (\u015eimali Amerika Azad Ticar\u0259t Sazi\u015fi), qloballa\u015fmaya qar\u015f\u0131 m\u00fcbariz\u0259 apard\u0131qlar\u0131n\u0131 bildir\u0259nd\u0259n sonra qlobal \u0259sas QHT-l\u0259r t\u0259r\u0259find\u0259n diqq\u0259t\u0259 layiq g\u00f6r\u00fcld\u00fcl\u0259r.\n<\/p>\n<p>\n  Bundan ba\u015fqa, yerli h\u0259r\u0259katlar\u0131n u\u011fur qazanmas\u0131n\u0131n bir amili d\u0259 g\u00fccl\u00fc liderl\u0259rdir \u2013 Sun Yat-Sen, Mandela, Aung San Suu-Kyi, Dalay Lama v\u0259 s. Onlar\u0131n \u015f\u0259xsiyy\u0259ti \u0259traf\u0131nda yaranm\u0131\u015f kult t\u0259msil etdikl\u0259ri problemi beyn\u0259lxalq diqq\u0259t\u0259 \u00e7atd\u0131rmaqda b\u0259z\u0259n h\u0259lledici rol oynay\u0131r.\n<\/p>\n<p>\n  Clifford Bobun m\u0259qal\u0259sind\u0259n g\u00f6r\u0259 bil\u0259rik ki, biz Xocal\u0131 faci\u0259sinin tan\u0131d\u0131lmas\u0131 m\u0259s\u0259l\u0259sind\u0259 he\u00e7 d\u0259 s\u0131nan\u0131lm\u0131\u015f bu \u0259n\u0259n\u0259vi \u00fcsullardan istifad\u0259 etmirik. Daha \u00e7ox korrupsiya il\u0259 n\u00fcfuzu z\u0259d\u0259l\u0259nmi\u015f adamlardan, yen\u0259 d\u0259 korrupsiya il\u0259, pulla \u0259l\u0259 al\u0131nan parlament \u00fczvl\u0259rind\u0259n istifad\u0259 ed\u0259r\u0259k, bir problemi qlobal s\u0259viyy\u0259d\u0259 tan\u0131tmaq m\u00fcmk\u00fcn deyil. M\u0259s\u0259l\u0259 t\u0259k Xocal\u0131 faci\u0259sind\u0259 d\u0259 deyil. Az\u0259rbaycanda demokratiyan\u0131n v\u0259ziyy\u0259ti bar\u0259d\u0259 dan\u0131\u015fanda da \u015fikay\u0259tl\u0259nirik ki, Q\u0259rb \u00f6lk\u0259l\u0259ri bizi \u201csat\u0131r\u201d. S\u0259b\u0259bl\u0259ri is\u0259 Q\u0259rb h\u00f6kum\u0259tl\u0259rind\u0259 \u0259claflar\u0131n \u00e7oxlu\u011fu il\u0259 izah edirik, dem\u0259k ki, yax\u015f\u0131 adamlar\u0131n Q\u0259rb\u0259 hakimiyy\u0259t\u0259 g\u0259lm\u0259sini g\u00f6zl\u0259yirik. Halbuki, o \u201c\u0259claflar\u0131\u201d da n\u0259l\u0259r\u0259s\u0259 m\u0259cbur etm\u0259yin yollar\u0131 var \u2013 problemi beyn\u0259lxalq diqq\u0259t\u0259 \u00e7atd\u0131rma\u011f\u0131n yuxar\u0131da sadalanan b\u0259zi \u00fcsullar\u0131 kimi. Yaxud beyn\u0259lxalq s\u0259viyy\u0259d\u0259 tan\u0131nmas\u0131 h\u0259d\u0259fl\u0259nmi\u015f bir dissident-lider layih\u0259si \u00fcz\u0259rind\u0259 i\u015fl\u0259mirik. T\u0259qdimat bu i\u015fin h\u0259lledici t\u0259r\u0259fidir. Bizd\u0259 is\u0259 \u0259n z\u0259if olan budur. T\u0259qdimat yoxdur, amma suallar var: \u201cNiy\u0259 Q\u0259rb Xocal\u0131n\u0131 tan\u0131m\u0131r?\u201d \u201cNiy\u0259 biz\u0259 d\u0259st\u0259k vermirl\u0259r?\u201d \u201cNiy\u0259 g\u00f6rm\u00fcrl\u0259r?\u201d&#8230;\n<\/p>\n<p>\n  <i><br \/>\n    <b><br \/>\n      Yaz\u0131 m\u00fc\u0259llifin fikirl\u0259rini \u0259ks etdirir v\u0259 Meydan TV-nin m\u00f6vqeyi il\u0259 \u00fcst-\u00fcst\u0259 d\u00fc\u015fm\u0259y\u0259 bil\u0259r.<br \/>\n    <\/b><br \/>\n  <\/i><\/p>\n","protected":false},"excerpt":{"rendered":"<p>D\u00fcnya kimdir?<\/p>\n","protected":false},"author":11,"featured_media":101331,"comment_status":"closed","ping_status":"open","sticky":false,"template":"","format":"standard","meta":{"_acf_changed":false,"_sitemap_exclude":false,"_sitemap_priority":"","_sitemap_frequency":"","footnotes":""},"categories":[57],"tags":[],"class_list":["post-189258","post","type-post","status-publish","format-standard","has-post-thumbnail","hentry","category-menim-fikrimce","infinite-scroll-item","generate-columns","tablet-grid-50","mobile-grid-100","grid-parent","grid-33","no-featured-image-padding"],"acf":[],"yoast_head":"<!-- This site is optimized with the Yoast SEO plugin v27.5 - https:\/\/yoast.com\/product\/yoast-seo-wordpress\/ -->\n<title>Niy\u0259 Q\u0259rb Xocal\u0131n\u0131 tan\u0131m\u0131r? - MEYDAN.TV<\/title>\n<meta name=\"robots\" content=\"index, follow, max-snippet:-1, max-image-preview:large, max-video-preview:-1\" \/>\n<link rel=\"canonical\" href=\"https:\/\/www.meydan.tv\/az\/article\/niye-qerb-xocalini-tanimir\/\" \/>\n<meta property=\"og:locale\" content=\"az_AZ\" \/>\n<meta property=\"og:type\" content=\"article\" \/>\n<meta property=\"og:title\" content=\"Niy\u0259 Q\u0259rb Xocal\u0131n\u0131 tan\u0131m\u0131r? - MEYDAN.TV\" \/>\n<meta property=\"og:description\" content=\"D\u00fcnya kimdir?\" \/>\n<meta property=\"og:url\" content=\"https:\/\/www.meydan.tv\/az\/article\/niye-qerb-xocalini-tanimir\/\" \/>\n<meta property=\"og:site_name\" content=\"MEYDAN.TV\" \/>\n<meta property=\"article:published_time\" content=\"2018-03-28T23:23:23+00:00\" \/>\n<meta property=\"og:image\" content=\"https:\/\/www.meydan.tv\/wp-content\/uploads\/40093-scaled.jpg\" \/>\n\t<meta property=\"og:image:width\" content=\"2560\" \/>\n\t<meta property=\"og:image:height\" content=\"1707\" \/>\n\t<meta property=\"og:image:type\" content=\"image\/jpeg\" \/>\n<meta name=\"author\" content=\"user-manager\" \/>\n<meta name=\"twitter:card\" content=\"summary_large_image\" \/>\n<script type=\"application\/ld+json\" class=\"yoast-schema-graph\">{\"@context\":\"https:\\\/\\\/schema.org\",\"@graph\":[{\"@type\":\"Article\",\"@id\":\"https:\\\/\\\/www.meydan.tv\\\/az\\\/article\\\/niye-qerb-xocalini-tanimir\\\/#article\",\"isPartOf\":{\"@id\":\"https:\\\/\\\/www.meydan.tv\\\/az\\\/article\\\/niye-qerb-xocalini-tanimir\\\/\"},\"author\":{\"name\":\"user-manager\",\"@id\":\"https:\\\/\\\/www.meydan.tv\\\/az\\\/#\\\/schema\\\/person\\\/10d11eccf6da3662cf5fdab9806ea91a\"},\"headline\":\"Niy\u0259 Q\u0259rb Xocal\u0131n\u0131 tan\u0131m\u0131r?\",\"datePublished\":\"2018-03-28T23:23:23+00:00\",\"mainEntityOfPage\":{\"@id\":\"https:\\\/\\\/www.meydan.tv\\\/az\\\/article\\\/niye-qerb-xocalini-tanimir\\\/\"},\"wordCount\":1411,\"publisher\":{\"@id\":\"https:\\\/\\\/www.meydan.tv\\\/az\\\/#organization\"},\"image\":{\"@id\":\"https:\\\/\\\/www.meydan.tv\\\/az\\\/article\\\/niye-qerb-xocalini-tanimir\\\/#primaryimage\"},\"thumbnailUrl\":\"https:\\\/\\\/www.meydan.tv\\\/wp-content\\\/uploads\\\/40093-scaled.jpg\",\"articleSection\":[\"M\u0259nim Fikrimc\u0259\"],\"inLanguage\":\"az\"},{\"@type\":\"WebPage\",\"@id\":\"https:\\\/\\\/www.meydan.tv\\\/az\\\/article\\\/niye-qerb-xocalini-tanimir\\\/\",\"url\":\"https:\\\/\\\/www.meydan.tv\\\/az\\\/article\\\/niye-qerb-xocalini-tanimir\\\/\",\"name\":\"Niy\u0259 Q\u0259rb Xocal\u0131n\u0131 tan\u0131m\u0131r? - MEYDAN.TV\",\"isPartOf\":{\"@id\":\"https:\\\/\\\/www.meydan.tv\\\/az\\\/#website\"},\"primaryImageOfPage\":{\"@id\":\"https:\\\/\\\/www.meydan.tv\\\/az\\\/article\\\/niye-qerb-xocalini-tanimir\\\/#primaryimage\"},\"image\":{\"@id\":\"https:\\\/\\\/www.meydan.tv\\\/az\\\/article\\\/niye-qerb-xocalini-tanimir\\\/#primaryimage\"},\"thumbnailUrl\":\"https:\\\/\\\/www.meydan.tv\\\/wp-content\\\/uploads\\\/40093-scaled.jpg\",\"datePublished\":\"2018-03-28T23:23:23+00:00\",\"breadcrumb\":{\"@id\":\"https:\\\/\\\/www.meydan.tv\\\/az\\\/article\\\/niye-qerb-xocalini-tanimir\\\/#breadcrumb\"},\"inLanguage\":\"az\",\"potentialAction\":[{\"@type\":\"ReadAction\",\"target\":[\"https:\\\/\\\/www.meydan.tv\\\/az\\\/article\\\/niye-qerb-xocalini-tanimir\\\/\"]}]},{\"@type\":\"ImageObject\",\"inLanguage\":\"az\",\"@id\":\"https:\\\/\\\/www.meydan.tv\\\/az\\\/article\\\/niye-qerb-xocalini-tanimir\\\/#primaryimage\",\"url\":\"https:\\\/\\\/www.meydan.tv\\\/wp-content\\\/uploads\\\/40093-scaled.jpg\",\"contentUrl\":\"https:\\\/\\\/www.meydan.tv\\\/wp-content\\\/uploads\\\/40093-scaled.jpg\",\"width\":2560,\"height\":1707,\"caption\":\"Source:\"},{\"@type\":\"BreadcrumbList\",\"@id\":\"https:\\\/\\\/www.meydan.tv\\\/az\\\/article\\\/niye-qerb-xocalini-tanimir\\\/#breadcrumb\",\"itemListElement\":[{\"@type\":\"ListItem\",\"position\":1,\"name\":\"Ana s\u0259hif\u0259\",\"item\":\"https:\\\/\\\/www.meydan.tv\\\/az\\\/\"},{\"@type\":\"ListItem\",\"position\":2,\"name\":\"M\u0259nim Fikrimc\u0259\",\"item\":\"https:\\\/\\\/www.meydan.tv\\\/az\\\/section\\\/menim-fikrimce\\\/\"},{\"@type\":\"ListItem\",\"position\":3,\"name\":\"Niy\u0259 Q\u0259rb Xocal\u0131n\u0131 tan\u0131m\u0131r?\"}]},{\"@type\":\"WebSite\",\"@id\":\"https:\\\/\\\/www.meydan.tv\\\/az\\\/#website\",\"url\":\"https:\\\/\\\/www.meydan.tv\\\/az\\\/\",\"name\":\"MEYDAN.TV\",\"description\":\"Meydan TV Az\u0259rbaycan\u0131n media m\u0259kan\u0131ndak\u0131 alternativ s\u0259sidir\",\"publisher\":{\"@id\":\"https:\\\/\\\/www.meydan.tv\\\/az\\\/#organization\"},\"potentialAction\":[{\"@type\":\"SearchAction\",\"target\":{\"@type\":\"EntryPoint\",\"urlTemplate\":\"https:\\\/\\\/www.meydan.tv\\\/az\\\/?s={search_term_string}\"},\"query-input\":{\"@type\":\"PropertyValueSpecification\",\"valueRequired\":true,\"valueName\":\"search_term_string\"}}],\"inLanguage\":\"az\"},{\"@type\":\"Organization\",\"@id\":\"https:\\\/\\\/www.meydan.tv\\\/az\\\/#organization\",\"name\":\"Meydan TV\",\"url\":\"https:\\\/\\\/www.meydan.tv\\\/az\\\/\",\"logo\":{\"@type\":\"ImageObject\",\"inLanguage\":\"az\",\"@id\":\"https:\\\/\\\/www.meydan.tv\\\/az\\\/#\\\/schema\\\/logo\\\/image\\\/\",\"url\":\"https:\\\/\\\/www.meydan.tv\\\/wp-content\\\/uploads\\\/2021\\\/07\\\/meydan-logo.svg\",\"contentUrl\":\"https:\\\/\\\/www.meydan.tv\\\/wp-content\\\/uploads\\\/2021\\\/07\\\/meydan-logo.svg\",\"width\":195,\"height\":46,\"caption\":\"Meydan TV\"},\"image\":{\"@id\":\"https:\\\/\\\/www.meydan.tv\\\/az\\\/#\\\/schema\\\/logo\\\/image\\\/\"}},{\"@type\":\"Person\",\"@id\":\"https:\\\/\\\/www.meydan.tv\\\/az\\\/#\\\/schema\\\/person\\\/10d11eccf6da3662cf5fdab9806ea91a\",\"name\":\"user-manager\"}]}<\/script>\n<!-- \/ Yoast SEO plugin. -->","yoast_head_json":{"title":"Niy\u0259 Q\u0259rb Xocal\u0131n\u0131 tan\u0131m\u0131r? - MEYDAN.TV","robots":{"index":"index","follow":"follow","max-snippet":"max-snippet:-1","max-image-preview":"max-image-preview:large","max-video-preview":"max-video-preview:-1"},"canonical":"https:\/\/www.meydan.tv\/az\/article\/niye-qerb-xocalini-tanimir\/","og_locale":"az_AZ","og_type":"article","og_title":"Niy\u0259 Q\u0259rb Xocal\u0131n\u0131 tan\u0131m\u0131r? - MEYDAN.TV","og_description":"D\u00fcnya kimdir?","og_url":"https:\/\/www.meydan.tv\/az\/article\/niye-qerb-xocalini-tanimir\/","og_site_name":"MEYDAN.TV","article_published_time":"2018-03-28T23:23:23+00:00","og_image":[{"width":2560,"height":1707,"url":"https:\/\/www.meydan.tv\/wp-content\/uploads\/40093-scaled.jpg","type":"image\/jpeg"}],"author":"user-manager","twitter_card":"summary_large_image","schema":{"@context":"https:\/\/schema.org","@graph":[{"@type":"Article","@id":"https:\/\/www.meydan.tv\/az\/article\/niye-qerb-xocalini-tanimir\/#article","isPartOf":{"@id":"https:\/\/www.meydan.tv\/az\/article\/niye-qerb-xocalini-tanimir\/"},"author":{"name":"user-manager","@id":"https:\/\/www.meydan.tv\/az\/#\/schema\/person\/10d11eccf6da3662cf5fdab9806ea91a"},"headline":"Niy\u0259 Q\u0259rb Xocal\u0131n\u0131 tan\u0131m\u0131r?","datePublished":"2018-03-28T23:23:23+00:00","mainEntityOfPage":{"@id":"https:\/\/www.meydan.tv\/az\/article\/niye-qerb-xocalini-tanimir\/"},"wordCount":1411,"publisher":{"@id":"https:\/\/www.meydan.tv\/az\/#organization"},"image":{"@id":"https:\/\/www.meydan.tv\/az\/article\/niye-qerb-xocalini-tanimir\/#primaryimage"},"thumbnailUrl":"https:\/\/www.meydan.tv\/wp-content\/uploads\/40093-scaled.jpg","articleSection":["M\u0259nim Fikrimc\u0259"],"inLanguage":"az"},{"@type":"WebPage","@id":"https:\/\/www.meydan.tv\/az\/article\/niye-qerb-xocalini-tanimir\/","url":"https:\/\/www.meydan.tv\/az\/article\/niye-qerb-xocalini-tanimir\/","name":"Niy\u0259 Q\u0259rb Xocal\u0131n\u0131 tan\u0131m\u0131r? - MEYDAN.TV","isPartOf":{"@id":"https:\/\/www.meydan.tv\/az\/#website"},"primaryImageOfPage":{"@id":"https:\/\/www.meydan.tv\/az\/article\/niye-qerb-xocalini-tanimir\/#primaryimage"},"image":{"@id":"https:\/\/www.meydan.tv\/az\/article\/niye-qerb-xocalini-tanimir\/#primaryimage"},"thumbnailUrl":"https:\/\/www.meydan.tv\/wp-content\/uploads\/40093-scaled.jpg","datePublished":"2018-03-28T23:23:23+00:00","breadcrumb":{"@id":"https:\/\/www.meydan.tv\/az\/article\/niye-qerb-xocalini-tanimir\/#breadcrumb"},"inLanguage":"az","potentialAction":[{"@type":"ReadAction","target":["https:\/\/www.meydan.tv\/az\/article\/niye-qerb-xocalini-tanimir\/"]}]},{"@type":"ImageObject","inLanguage":"az","@id":"https:\/\/www.meydan.tv\/az\/article\/niye-qerb-xocalini-tanimir\/#primaryimage","url":"https:\/\/www.meydan.tv\/wp-content\/uploads\/40093-scaled.jpg","contentUrl":"https:\/\/www.meydan.tv\/wp-content\/uploads\/40093-scaled.jpg","width":2560,"height":1707,"caption":"Source:"},{"@type":"BreadcrumbList","@id":"https:\/\/www.meydan.tv\/az\/article\/niye-qerb-xocalini-tanimir\/#breadcrumb","itemListElement":[{"@type":"ListItem","position":1,"name":"Ana s\u0259hif\u0259","item":"https:\/\/www.meydan.tv\/az\/"},{"@type":"ListItem","position":2,"name":"M\u0259nim Fikrimc\u0259","item":"https:\/\/www.meydan.tv\/az\/section\/menim-fikrimce\/"},{"@type":"ListItem","position":3,"name":"Niy\u0259 Q\u0259rb Xocal\u0131n\u0131 tan\u0131m\u0131r?"}]},{"@type":"WebSite","@id":"https:\/\/www.meydan.tv\/az\/#website","url":"https:\/\/www.meydan.tv\/az\/","name":"MEYDAN.TV","description":"Meydan TV Az\u0259rbaycan\u0131n media m\u0259kan\u0131ndak\u0131 alternativ s\u0259sidir","publisher":{"@id":"https:\/\/www.meydan.tv\/az\/#organization"},"potentialAction":[{"@type":"SearchAction","target":{"@type":"EntryPoint","urlTemplate":"https:\/\/www.meydan.tv\/az\/?s={search_term_string}"},"query-input":{"@type":"PropertyValueSpecification","valueRequired":true,"valueName":"search_term_string"}}],"inLanguage":"az"},{"@type":"Organization","@id":"https:\/\/www.meydan.tv\/az\/#organization","name":"Meydan TV","url":"https:\/\/www.meydan.tv\/az\/","logo":{"@type":"ImageObject","inLanguage":"az","@id":"https:\/\/www.meydan.tv\/az\/#\/schema\/logo\/image\/","url":"https:\/\/www.meydan.tv\/wp-content\/uploads\/2021\/07\/meydan-logo.svg","contentUrl":"https:\/\/www.meydan.tv\/wp-content\/uploads\/2021\/07\/meydan-logo.svg","width":195,"height":46,"caption":"Meydan TV"},"image":{"@id":"https:\/\/www.meydan.tv\/az\/#\/schema\/logo\/image\/"}},{"@type":"Person","@id":"https:\/\/www.meydan.tv\/az\/#\/schema\/person\/10d11eccf6da3662cf5fdab9806ea91a","name":"user-manager"}]}},"_links":{"self":[{"href":"https:\/\/www.meydan.tv\/az\/wp-json\/wp\/v2\/posts\/189258","targetHints":{"allow":["GET"]}}],"collection":[{"href":"https:\/\/www.meydan.tv\/az\/wp-json\/wp\/v2\/posts"}],"about":[{"href":"https:\/\/www.meydan.tv\/az\/wp-json\/wp\/v2\/types\/post"}],"author":[{"embeddable":true,"href":"https:\/\/www.meydan.tv\/az\/wp-json\/wp\/v2\/users\/11"}],"replies":[{"embeddable":true,"href":"https:\/\/www.meydan.tv\/az\/wp-json\/wp\/v2\/comments?post=189258"}],"version-history":[{"count":0,"href":"https:\/\/www.meydan.tv\/az\/wp-json\/wp\/v2\/posts\/189258\/revisions"}],"wp:featuredmedia":[{"embeddable":true,"href":"https:\/\/www.meydan.tv\/az\/wp-json\/wp\/v2\/media\/101331"}],"wp:attachment":[{"href":"https:\/\/www.meydan.tv\/az\/wp-json\/wp\/v2\/media?parent=189258"}],"wp:term":[{"taxonomy":"category","embeddable":true,"href":"https:\/\/www.meydan.tv\/az\/wp-json\/wp\/v2\/categories?post=189258"},{"taxonomy":"post_tag","embeddable":true,"href":"https:\/\/www.meydan.tv\/az\/wp-json\/wp\/v2\/tags?post=189258"}],"curies":[{"name":"wp","href":"https:\/\/api.w.org\/{rel}","templated":true}]}}