{"id":189224,"date":"2018-03-27T01:11:58","date_gmt":"2018-03-27T01:11:58","guid":{"rendered":"https:\/\/www.meydan.tv\/article\/novcavanlar-ve-huquq-mudafiecileri\/"},"modified":"2018-03-27T01:11:58","modified_gmt":"2018-03-27T01:11:58","slug":"novcavanlar-ve-huquq-mudafiecileri","status":"publish","type":"post","link":"https:\/\/www.meydan.tv\/az\/article\/novcavanlar-ve-huquq-mudafiecileri\/","title":{"rendered":"N\u00f6vcavanlar v\u0259 h\u00fcquq m\u00fcdafi\u0259\u00e7il\u0259ri"},"content":{"rendered":"<figure class=\"wp-block-image size-large\">\n  <img decoding=\"async\" src=\"https:\/\/www.meydan.tv\/az\/101171\/\" alt=\"\" class=\"wp-image-101171\"\/><figcaption><\/figcaption><\/figure>\n<figure class=\"wp-block-image size-large\">\n  <img decoding=\"async\" src=\"https:\/\/www.meydan.tv\/az\/101171\/\" alt=\"\" class=\"wp-image-101171\"\/><figcaption><\/figcaption><\/figure>\n<p>\n  Son g\u00fcnl\u0259r Avropa il\u0259 Az\u0259rbaycan aras\u0131nda s\u00f6y\u00fc\u015f m\u00fcbadil\u0259si \u00f6l\u00fcm\u00fcn\u0259 q\u0131z\u0131\u015f\u0131b. \u201cAvropan\u0131n ifrat azadl\u0131qlar\u0131nda \u00f6z\u00fcn\u00fc itir\u0259n iki c\u00fct bir t\u0259k n\u00f6vcavan v\u0259 u\u011fursuz h\u00fcquq m\u00fcdafi\u0259\u00e7isi\u201d (sitatlar \u018flim\u0259mm\u0259d Nuriyevd\u0259ndi) il\u0259 Az\u0259rbaycan hakimiyy\u0259tinin r\u0259smi n\u00fcmay\u0259nd\u0259l\u0259ri, qeyri-r\u0259smi trol d\u0259st\u0259si, yaranm\u0131\u015f \u015f\u0259raitd\u0259n yararlan\u0131b puldan, v\u0259zif\u0259d\u0259n qoparmaq ist\u0259y\u0259nl\u0259r aras\u0131nda virtual s\u00f6y\u00fc\u015f m\u00fcharib\u0259si g\u00fcnd\u0259min ba\u015fl\u0131ca m\u00f6vzusuna \u00e7evrilib. Ham\u0131 bir-birini s\u00f6y\u00fcr. Deyirl\u0259r, ad\u0259t\u0259n h\u0259qiq\u0259t iki sava\u015fandan birinin t\u0259r\u0259find\u0259 deyil, ortada olur. \u0130ndi bu ortal\u0131qda yiy\u0259siz qalan anas\u0131 \u00f6lm\u00fc\u015f h\u0259qiq\u0259t\u0259 sahib \u00e7\u0131xan yoxdu. Ondan xeyir g\u0259lm\u0259si perspektivinin z\u0259ifliyi t\u0259r\u0259f olmaq meyli qar\u015f\u0131s\u0131nda acizdi.\n<\/p>\n<p>\n  Hakimiyy\u0259t yanda\u015flar\u0131n\u0131n fikrinc\u0259, s\u00f6y\u00fc\u015f m\u00fcharib\u0259sini \u201cAvropan\u0131n ifrat azadl\u0131qlar\u0131nda \u00f6z\u00fcn\u00fc itir\u0259n iki c\u00fct bir t\u0259k n\u00f6vcavan v\u0259 u\u011fursuz h\u00fcquq m\u00fcdafi\u0259\u00e7isi\u201d ba\u015flay\u0131b. M\u0259ni t\u0259\u015f\u0259bb\u00fcskardan \u00e7ox g\u00fcnahkar maraqland\u0131rd\u0131\u011f\u0131ndan daha \u00e7ox ondan dan\u0131\u015fmaq ist\u0259yir\u0259m.<br \/>\n  <br \/>\n  \u00d6nc\u0259 onu deyim ki, s\u00f6y\u00fc\u015f s\u00f6ym\u0259k siyasi m\u00fcbariz\u0259 vasit\u0259si olmamal\u0131d\u0131. S\u00f6y\u00fc\u015f s\u00f6ym\u0259k \u0259d\u0259bsizlikdi. S\u00f6y\u00fc\u015f\u00fc kimin s\u00f6ym\u0259sind\u0259n as\u0131l\u0131 olmayaraq, o, q\u0131nanmal\u0131d\u0131.\n<\/p>\n<p>\n  <b><br \/>\n    <i><br \/>\n      Kimi v\u0259 n\u0259y\u0259 g\u00f6r\u0259 s\u00f6y\u00fcrl\u0259r?<br \/>\n    <\/i><br \/>\n  <\/b>\n<\/p>\n<p>\n  Kimis\u0259 s\u00f6y\u00fcrl\u0259rs\u0259, bu, s\u00f6y\u00fcl\u0259nin v\u0259 ya s\u00f6y\u0259nin m\u00fcbahis\u0259siz haqs\u0131z, yaxud haql\u0131 olmas\u0131 anlam\u0131na g\u0259lm\u0259z. Amma s\u00f6y\u00fcl\u0259n n\u0259d\u0259n s\u00f6y\u00fcld\u00fcy\u00fc bar\u0259d\u0259 d\u00fc\u015f\u00fcnm\u0259lidi. Bu, m\u00fcbahis\u0259sizdi. \u201cN\u00f6vcavanlar v\u0259 u\u011fursuz h\u00fcquq m\u00fcdafi\u0259\u00e7isi\u201dnin s\u00f6y\u00fc\u015f\u00fc n\u00f6vcavanlar\u0131n q\u00fcrb\u0259t\u0259 \u00fcz tutmas\u0131ndan v\u0259 adam\u0131n atas\u0131n\u0131n q\u0259brinin t\u0259hqir olunmas\u0131ndan ba\u015fland\u0131. Hakimiyy\u0259t d\u0259rhal gore\u015f\u0259nl\u0259ri tap\u0131b c\u0259zaland\u0131rmaq \u0259v\u0259zin\u0259 adam\u0131n qohumlar\u0131n\u0131 t\u0259kzib\u0259 t\u0259hrik etdi. N\u00f6vcavanlar\u0131n b\u0259z\u0259n normal \u00e7\u0259r\u00e7iv\u0259l\u0259ri a\u015fan t\u0259nqidi f\u0259aliyy\u0259tin\u0259 qohumlar\u0131n\u0131 polis b\u00f6lm\u0259l\u0259rin\u0259 s\u00fcr\u00fcy\u00fcb t\u0259hqir etm\u0259kl\u0259, \u015f\u0259rl\u0259m\u0259kl\u0259, haqs\u0131z c\u0259zalarla cavab verildi. Sonucda hakimiyy\u0259t bu sava\u015fda ona r\u0259\u011fb\u0259t b\u0259sl\u0259y\u0259c\u0259k xeyli t\u0259\u0259ss\u00fcbke\u015fini itirdi.\n<\/p>\n<p>\n  \u201cUnitaz\u0131 tribuna, tualeti d\u0259yirmi masa zal\u0131 bil\u0259nl\u0259r\u201di bu duruma kimin s\u00fcr\u00fckl\u0259diyini ara\u015fd\u0131rsaq g\u00f6r\u0259rik ki, burada da hakimiyy\u0259t \u00f6z \u0259kdikl\u0259rinin b\u0259hr\u0259sini yeyir. N\u0259d\u0259n bu \u00f6lk\u0259d\u0259 azad s\u00f6z\u0259 tribuna tap\u0131lm\u0131r v\u0259 adamlar xarici \u00f6lk\u0259l\u0259rin unitaz\u0131ndan tribuna kimi istifad\u0259 etm\u0259li olur? N\u0259d\u0259n bu \u00f6lk\u0259d\u0259 bir d\u0259n\u0259 d\u0259 olsun m\u00fcxalif\u0259t m\u0259tbuat\u0131 \u00e7ap olunmur? N\u0259d\u0259n bu \u00f6lk\u0259nin b\u00fct\u00fcn telekanallar\u0131 ancaq hakimiyy\u0259t\u0259 t\u0259rif dey\u0259nl\u0259r \u00fc\u00e7\u00fcn a\u00e7\u0131qd\u0131r? A\u011fz\u0131 yumulan adamlar ha\u00e7ansa imkan tap\u0131b s\u0259sini \u00e7\u0131xaracaq. S\u0259n onun a\u011fz\u0131n\u0131 n\u0259 q\u0259d\u0259r b\u0259rk v\u0259 n\u0259 q\u0259d\u0259r \u00e7ox yumsan, o, bir o q\u0259d\u0259r \u00e7ox q\u0259z\u0259bl\u0259n\u0259c\u0259k, bir o q\u0259d\u0259r \u00e7ox nifr\u0259t da\u015f\u0131y\u0131c\u0131s\u0131na \u00e7evril\u0259c\u0259k v\u0259 sonda s\u00f6y\u00fc\u015fd\u0259n ba\u015fqa he\u00e7 n\u0259 onu soyutmayacaq.\n<\/p>\n<p>\n  \u201cAz\u0259rbaycan\u0131n milli d\u0259y\u0259r v\u0259 \u0259xlaq normalar\u0131na qar\u015f\u0131 s\u0259lib y\u00fcr\u00fc\u015f\u00fc\u201dn\u00fcn t\u0259\u015fkilat\u00e7\u0131lar\u0131 Avropa deyil, Az\u0259rbaycan hakimiyy\u0259tinin n\u00fcmay\u0259nd\u0259l\u0259ridi. X\u0259dic\u0259 \u0130smay\u0131l\u0131 anas\u0131n\u0131n son n\u0259f\u0259sin\u0259 buraxmamaq Az\u0259rbaycan\u0131n milli d\u0259y\u0259r v\u0259 \u0259xlaq normalar\u0131na qar\u015f\u0131 \u201cs\u0259lib y\u00fcr\u00fc\u015f\u00fc\u201d deyilmi? \u0130ntiqam \u018fliyevin ofisini \u2013 \u015f\u0259xsi \u0259mlak\u0131n\u0131 4 il h\u0259bsd\u0259 saxlamaq Az\u0259rbaycan qanunlar\u0131na qar\u015f\u0131 \u201cs\u0259lib y\u00fcr\u00fc\u015f\u00fc\u201d deyilmi? Haqq\u0131nda he\u00e7 bir cinay\u0259t i\u015fi olmayan adamlar\u0131 \u00f6lk\u0259d\u0259n \u00e7\u0131xma\u011fa, h\u0259tta m\u00fcalic\u0259y\u0259 getm\u0259y\u0259 ill\u0259rl\u0259 buraxmamaq hans\u0131 \u0259xlaqa v\u0259 qanuna s\u0131\u011f\u0131r?\n<\/p>\n<p>\n  \u201cS\u0259lib y\u00fcr\u00fc\u015f\u00fc\u201d m\u00fcst\u0259qil v\u0259 t\u0259nqid\u00e7i v\u0259t\u0259nda\u015f c\u0259miyy\u0259ti t\u0259\u015fkilatlar\u0131n\u0131 darmada\u011f\u0131n etm\u0259k, m\u00fcxalif fikirli v\u0259 ya h\u0259r hans\u0131 ziyanl\u0131 fikri olmayan partiyalar\u0131 q\u0259rargahs\u0131z qoymaq, f\u0259al v\u0259t\u0259nda\u015flar\u0131 t\u00fcrm\u0259l\u0259r\u0259 doldurmaq deyilmi? \u00dcst\u0259lik, bu \u015f\u0259raitd\u0259 h\u00fcquq m\u00fcdafi\u0259\u00e7isind\u0259n u\u011fur t\u0259l\u0259b etm\u0259k n\u0259 d\u0259r\u0259c\u0259d\u0259 m\u0259ntiqlidi? \u0130ndiki \u015f\u0259raitd\u0259 bu \u00f6lk\u0259d\u0259 ancaq nazirlikl\u0259rin ictimai \u015furalar\u0131nda v\u0259 ictimai \u201cn\u0259zar\u0259t\u201d komit\u0259l\u0259rind\u0259 k\u00fcll\u0259nm\u0259kl\u0259 \u201cu\u011furlu h\u00fcquq m\u00fcdafi\u0259\u00e7isi\u201d olmaq m\u00fcmk\u00fcnd\u00fc. Araban\u0131n be\u015finci t\u0259k\u0259ri olan bu \u015furalarda karyera g\u00fcd\u0259n v\u0259 s\u0259d\u0259q\u0259 toplayan \u201cu\u011furlu\u201d h\u00fcquq m\u00fcdafi\u0259\u00e7il\u0259ri he\u00e7 bir t\u00fcrm\u0259d\u0259 qanun pozuntusu tapm\u0131rsa, biz n\u0259d\u0259n dan\u0131\u015f\u0131r\u0131q v\u0259 n\u0259 haqla ba\u015fqalar\u0131na \u0259xlaq d\u0259rsi veririk?\n<\/p>\n<p>\n  \u201cBu icra\u00e7\u0131lardan zombi kimi istifad\u0259 olunur\u201dsa, onlar\u0131n \u00fcst\u00fcn\u0259 g\u00f6nd\u0259ril\u0259nl\u0259rd\u0259n n\u0259 kimi istifad\u0259 olunur? D\u00f6vl\u0259t hakimiyy\u0259tinin n\u00fcmay\u0259nd\u0259l\u0259ri \u201ciki c\u00fct bir t\u0259k zombil\u0259\u015fdirilmi\u015f n\u00f6vcavan\u0131n\u201d v\u0259 bir \u201cu\u011fursuz h\u00fcquq m\u00fcdafi\u0259\u00e7isi\u201dnin \u201cs\u0259lib y\u00fcr\u00fc\u015f\u00fc\u201dn\u0259 r\u0259smil\u0259rin v\u0259 trollar\u0131n \u201cs\u0259lib y\u00fcr\u00fc\u015f\u00fc\u201d il\u0259 cavab verirs\u0259, onlar\u0131n aras\u0131nda f\u0259rq n\u0259dir v\u0259 bu b\u0259rab\u0259rlikd\u0259 t\u0259r\u0259f olmaqla obyektiv m\u00f6vqey\u0259 iddia etm\u0259k olarm\u0131?\n<\/p>\n<p>\n  \u201cAvropan\u0131n tualet v\u0259 zibillikl\u0259rind\u0259 e\u015f\u0259l\u0259n\u0259n\u201d soyda\u015flar\u0131n\u0131 q\u0131nayanlar d\u00fc\u015f\u00fcn\u00fcrl\u0259rmi ki, onlar n\u0259d\u0259n bu g\u00f6z\u0259lim Az\u0259rbaycan\u0131 oralara d\u0259yi\u015fibl\u0259r? Bel\u0259 ifad\u0259l\u0259rd\u0259 bir az ehtiyatl\u0131 olmaq g\u0259r\u0259kdi. Art\u0131q q\u00fcrb\u0259t\u00e7i soyda\u015flar\u0131m\u0131z\u0131n say\u0131 3 milyonu ke\u00e7ib. B\u0259\u015f\u0259r tarixi yaranandan bug\u00fcn\u0259d\u0259k he\u00e7 kim q\u00fcrb\u0259t\u0259 kefind\u0259n \u00fcz tutmay\u0131b. Onlar q\u00fcrb\u0259t\u0259 biznesl\u0259 m\u0259\u015f\u011ful olmaq \u00fc\u00e7\u00fcn yox, V\u0259t\u0259nd\u0259 ya\u015faya bilm\u0259dikl\u0259rind\u0259n gedibl\u0259r.\n<\/p>\n<p>\n  Yeri g\u0259lmi\u015fk\u0259n, \u018flim\u0259mm\u0259d m\u00fc\u0259llimin k\u00fcfrl\u0259 ba\u011fl\u0131 etiraz\u0131 bar\u0259d\u0259 xeyli ba\u015f s\u0131nd\u0131rmal\u0131 oldum. M\u00fc\u0259llif k\u00fcfr\u00fcn n\u0259d\u0259n ibar\u0259t olmas\u0131n\u0131 a\u00e7\u0131qlamad\u0131\u011f\u0131ndan \u00f6z\u00fcm cavab axtarmal\u0131 oldum. \u00c7ox g\u00fcman ki, k\u00fcfr \u015eeyxin Karlov\u0131-Var\u0131 biznesi il\u0259 ba\u011fl\u0131 m\u0259lumatlardan gedir. El\u0259dis\u0259, bunun k\u00fcfr, ya ifad\u0259 azadl\u0131\u011f\u0131 olmas\u0131 bar\u0259d\u0259 q\u0259rar\u0131 m\u0259hk\u0259m\u0259 v\u0259 QM\u0130-nin Ali Dini \u015euras\u0131 ver\u0259 bil\u0259r. \u018flim\u0259mm\u0259d m\u00fc\u0259llim kimi savadl\u0131 adam\u0131n ba\u015fqalar\u0131n\u0131n s\u0259lahiyy\u0259tl\u0259rin\u0259 m\u00fcdaxil\u0259 etm\u0259sini anlamad\u0131m. G\u00f6r\u00fcn\u00fcr, burda n\u0259s\u0259 bir hikm\u0259t var.\n<\/p>\n<p>\n  Hikm\u0259t olsun, yanl\u0131\u015f olmas\u0131n. Yanl\u0131\u015f h\u0259mi\u015f\u0259 nax\u0131\u015f deyil.<\/p>\n","protected":false},"excerpt":{"rendered":"<p>Son g\u00fcnl\u0259r Avropa il\u0259 Az\u0259rbaycan aras\u0131nda s\u00f6y\u00fc\u015f m\u00fcbadil\u0259si \u00f6l\u00fcm\u00fcn\u0259 q\u0131z\u0131\u015f\u0131b.<\/p>\n","protected":false},"author":11,"featured_media":101171,"comment_status":"closed","ping_status":"open","sticky":false,"template":"","format":"standard","meta":{"_acf_changed":false,"_sitemap_exclude":false,"_sitemap_priority":"","_sitemap_frequency":"","footnotes":""},"categories":[51],"tags":[],"class_list":["post-189224","post","type-post","status-publish","format-standard","has-post-thumbnail","hentry","category-analitika","infinite-scroll-item","generate-columns","tablet-grid-50","mobile-grid-100","grid-parent","grid-33","no-featured-image-padding"],"acf":[],"yoast_head":"<!-- This site is optimized with the Yoast SEO plugin v27.4 - https:\/\/yoast.com\/product\/yoast-seo-wordpress\/ -->\n<title>N\u00f6vcavanlar v\u0259 h\u00fcquq m\u00fcdafi\u0259\u00e7il\u0259ri - MEYDAN.TV<\/title>\n<meta name=\"robots\" content=\"index, follow, max-snippet:-1, max-image-preview:large, max-video-preview:-1\" \/>\n<link rel=\"canonical\" href=\"https:\/\/www.meydan.tv\/az\/article\/novcavanlar-ve-huquq-mudafiecileri\/\" \/>\n<meta property=\"og:locale\" content=\"az_AZ\" \/>\n<meta property=\"og:type\" content=\"article\" \/>\n<meta property=\"og:title\" content=\"N\u00f6vcavanlar v\u0259 h\u00fcquq m\u00fcdafi\u0259\u00e7il\u0259ri - MEYDAN.TV\" \/>\n<meta property=\"og:description\" content=\"Son g\u00fcnl\u0259r Avropa il\u0259 Az\u0259rbaycan aras\u0131nda s\u00f6y\u00fc\u015f m\u00fcbadil\u0259si \u00f6l\u00fcm\u00fcn\u0259 q\u0131z\u0131\u015f\u0131b.\" \/>\n<meta property=\"og:url\" content=\"https:\/\/www.meydan.tv\/az\/article\/novcavanlar-ve-huquq-mudafiecileri\/\" \/>\n<meta property=\"og:site_name\" content=\"MEYDAN.TV\" \/>\n<meta property=\"article:published_time\" content=\"2018-03-27T01:11:58+00:00\" \/>\n<meta property=\"og:image\" content=\"https:\/\/www.meydan.tv\/wp-content\/uploads\/40025.jpg\" \/>\n\t<meta property=\"og:image:width\" content=\"488\" \/>\n\t<meta property=\"og:image:height\" content=\"461\" \/>\n\t<meta property=\"og:image:type\" content=\"image\/jpeg\" \/>\n<meta name=\"author\" content=\"user-manager\" \/>\n<meta name=\"twitter:card\" content=\"summary_large_image\" \/>\n<script type=\"application\/ld+json\" class=\"yoast-schema-graph\">{\"@context\":\"https:\\\/\\\/schema.org\",\"@graph\":[{\"@type\":\"Article\",\"@id\":\"https:\\\/\\\/www.meydan.tv\\\/az\\\/article\\\/novcavanlar-ve-huquq-mudafiecileri\\\/#article\",\"isPartOf\":{\"@id\":\"https:\\\/\\\/www.meydan.tv\\\/az\\\/article\\\/novcavanlar-ve-huquq-mudafiecileri\\\/\"},\"author\":{\"name\":\"user-manager\",\"@id\":\"https:\\\/\\\/www.meydan.tv\\\/az\\\/#\\\/schema\\\/person\\\/10d11eccf6da3662cf5fdab9806ea91a\"},\"headline\":\"N\u00f6vcavanlar v\u0259 h\u00fcquq m\u00fcdafi\u0259\u00e7il\u0259ri\",\"datePublished\":\"2018-03-27T01:11:58+00:00\",\"mainEntityOfPage\":{\"@id\":\"https:\\\/\\\/www.meydan.tv\\\/az\\\/article\\\/novcavanlar-ve-huquq-mudafiecileri\\\/\"},\"wordCount\":1219,\"publisher\":{\"@id\":\"https:\\\/\\\/www.meydan.tv\\\/az\\\/#organization\"},\"image\":{\"@id\":\"https:\\\/\\\/www.meydan.tv\\\/az\\\/article\\\/novcavanlar-ve-huquq-mudafiecileri\\\/#primaryimage\"},\"thumbnailUrl\":\"https:\\\/\\\/www.meydan.tv\\\/wp-content\\\/uploads\\\/40025.jpg\",\"articleSection\":[\"Analitika\"],\"inLanguage\":\"az\"},{\"@type\":\"WebPage\",\"@id\":\"https:\\\/\\\/www.meydan.tv\\\/az\\\/article\\\/novcavanlar-ve-huquq-mudafiecileri\\\/\",\"url\":\"https:\\\/\\\/www.meydan.tv\\\/az\\\/article\\\/novcavanlar-ve-huquq-mudafiecileri\\\/\",\"name\":\"N\u00f6vcavanlar v\u0259 h\u00fcquq m\u00fcdafi\u0259\u00e7il\u0259ri - MEYDAN.TV\",\"isPartOf\":{\"@id\":\"https:\\\/\\\/www.meydan.tv\\\/az\\\/#website\"},\"primaryImageOfPage\":{\"@id\":\"https:\\\/\\\/www.meydan.tv\\\/az\\\/article\\\/novcavanlar-ve-huquq-mudafiecileri\\\/#primaryimage\"},\"image\":{\"@id\":\"https:\\\/\\\/www.meydan.tv\\\/az\\\/article\\\/novcavanlar-ve-huquq-mudafiecileri\\\/#primaryimage\"},\"thumbnailUrl\":\"https:\\\/\\\/www.meydan.tv\\\/wp-content\\\/uploads\\\/40025.jpg\",\"datePublished\":\"2018-03-27T01:11:58+00:00\",\"breadcrumb\":{\"@id\":\"https:\\\/\\\/www.meydan.tv\\\/az\\\/article\\\/novcavanlar-ve-huquq-mudafiecileri\\\/#breadcrumb\"},\"inLanguage\":\"az\",\"potentialAction\":[{\"@type\":\"ReadAction\",\"target\":[\"https:\\\/\\\/www.meydan.tv\\\/az\\\/article\\\/novcavanlar-ve-huquq-mudafiecileri\\\/\"]}]},{\"@type\":\"ImageObject\",\"inLanguage\":\"az\",\"@id\":\"https:\\\/\\\/www.meydan.tv\\\/az\\\/article\\\/novcavanlar-ve-huquq-mudafiecileri\\\/#primaryimage\",\"url\":\"https:\\\/\\\/www.meydan.tv\\\/wp-content\\\/uploads\\\/40025.jpg\",\"contentUrl\":\"https:\\\/\\\/www.meydan.tv\\\/wp-content\\\/uploads\\\/40025.jpg\",\"width\":488,\"height\":461,\"caption\":\"Source:\"},{\"@type\":\"BreadcrumbList\",\"@id\":\"https:\\\/\\\/www.meydan.tv\\\/az\\\/article\\\/novcavanlar-ve-huquq-mudafiecileri\\\/#breadcrumb\",\"itemListElement\":[{\"@type\":\"ListItem\",\"position\":1,\"name\":\"Ana s\u0259hif\u0259\",\"item\":\"https:\\\/\\\/www.meydan.tv\\\/az\\\/\"},{\"@type\":\"ListItem\",\"position\":2,\"name\":\"Analitika\",\"item\":\"https:\\\/\\\/www.meydan.tv\\\/az\\\/section\\\/analitika\\\/\"},{\"@type\":\"ListItem\",\"position\":3,\"name\":\"N\u00f6vcavanlar v\u0259 h\u00fcquq m\u00fcdafi\u0259\u00e7il\u0259ri\"}]},{\"@type\":\"WebSite\",\"@id\":\"https:\\\/\\\/www.meydan.tv\\\/az\\\/#website\",\"url\":\"https:\\\/\\\/www.meydan.tv\\\/az\\\/\",\"name\":\"MEYDAN.TV\",\"description\":\"Meydan TV Az\u0259rbaycan\u0131n media m\u0259kan\u0131ndak\u0131 alternativ s\u0259sidir\",\"publisher\":{\"@id\":\"https:\\\/\\\/www.meydan.tv\\\/az\\\/#organization\"},\"potentialAction\":[{\"@type\":\"SearchAction\",\"target\":{\"@type\":\"EntryPoint\",\"urlTemplate\":\"https:\\\/\\\/www.meydan.tv\\\/az\\\/?s={search_term_string}\"},\"query-input\":{\"@type\":\"PropertyValueSpecification\",\"valueRequired\":true,\"valueName\":\"search_term_string\"}}],\"inLanguage\":\"az\"},{\"@type\":\"Organization\",\"@id\":\"https:\\\/\\\/www.meydan.tv\\\/az\\\/#organization\",\"name\":\"Meydan TV\",\"url\":\"https:\\\/\\\/www.meydan.tv\\\/az\\\/\",\"logo\":{\"@type\":\"ImageObject\",\"inLanguage\":\"az\",\"@id\":\"https:\\\/\\\/www.meydan.tv\\\/az\\\/#\\\/schema\\\/logo\\\/image\\\/\",\"url\":\"https:\\\/\\\/www.meydan.tv\\\/wp-content\\\/uploads\\\/2021\\\/07\\\/meydan-logo.svg\",\"contentUrl\":\"https:\\\/\\\/www.meydan.tv\\\/wp-content\\\/uploads\\\/2021\\\/07\\\/meydan-logo.svg\",\"width\":195,\"height\":46,\"caption\":\"Meydan TV\"},\"image\":{\"@id\":\"https:\\\/\\\/www.meydan.tv\\\/az\\\/#\\\/schema\\\/logo\\\/image\\\/\"}},{\"@type\":\"Person\",\"@id\":\"https:\\\/\\\/www.meydan.tv\\\/az\\\/#\\\/schema\\\/person\\\/10d11eccf6da3662cf5fdab9806ea91a\",\"name\":\"user-manager\"}]}<\/script>\n<!-- \/ Yoast SEO plugin. -->","yoast_head_json":{"title":"N\u00f6vcavanlar v\u0259 h\u00fcquq m\u00fcdafi\u0259\u00e7il\u0259ri - MEYDAN.TV","robots":{"index":"index","follow":"follow","max-snippet":"max-snippet:-1","max-image-preview":"max-image-preview:large","max-video-preview":"max-video-preview:-1"},"canonical":"https:\/\/www.meydan.tv\/az\/article\/novcavanlar-ve-huquq-mudafiecileri\/","og_locale":"az_AZ","og_type":"article","og_title":"N\u00f6vcavanlar v\u0259 h\u00fcquq m\u00fcdafi\u0259\u00e7il\u0259ri - MEYDAN.TV","og_description":"Son g\u00fcnl\u0259r Avropa il\u0259 Az\u0259rbaycan aras\u0131nda s\u00f6y\u00fc\u015f m\u00fcbadil\u0259si \u00f6l\u00fcm\u00fcn\u0259 q\u0131z\u0131\u015f\u0131b.","og_url":"https:\/\/www.meydan.tv\/az\/article\/novcavanlar-ve-huquq-mudafiecileri\/","og_site_name":"MEYDAN.TV","article_published_time":"2018-03-27T01:11:58+00:00","og_image":[{"width":488,"height":461,"url":"https:\/\/www.meydan.tv\/wp-content\/uploads\/40025.jpg","type":"image\/jpeg"}],"author":"user-manager","twitter_card":"summary_large_image","schema":{"@context":"https:\/\/schema.org","@graph":[{"@type":"Article","@id":"https:\/\/www.meydan.tv\/az\/article\/novcavanlar-ve-huquq-mudafiecileri\/#article","isPartOf":{"@id":"https:\/\/www.meydan.tv\/az\/article\/novcavanlar-ve-huquq-mudafiecileri\/"},"author":{"name":"user-manager","@id":"https:\/\/www.meydan.tv\/az\/#\/schema\/person\/10d11eccf6da3662cf5fdab9806ea91a"},"headline":"N\u00f6vcavanlar v\u0259 h\u00fcquq m\u00fcdafi\u0259\u00e7il\u0259ri","datePublished":"2018-03-27T01:11:58+00:00","mainEntityOfPage":{"@id":"https:\/\/www.meydan.tv\/az\/article\/novcavanlar-ve-huquq-mudafiecileri\/"},"wordCount":1219,"publisher":{"@id":"https:\/\/www.meydan.tv\/az\/#organization"},"image":{"@id":"https:\/\/www.meydan.tv\/az\/article\/novcavanlar-ve-huquq-mudafiecileri\/#primaryimage"},"thumbnailUrl":"https:\/\/www.meydan.tv\/wp-content\/uploads\/40025.jpg","articleSection":["Analitika"],"inLanguage":"az"},{"@type":"WebPage","@id":"https:\/\/www.meydan.tv\/az\/article\/novcavanlar-ve-huquq-mudafiecileri\/","url":"https:\/\/www.meydan.tv\/az\/article\/novcavanlar-ve-huquq-mudafiecileri\/","name":"N\u00f6vcavanlar v\u0259 h\u00fcquq m\u00fcdafi\u0259\u00e7il\u0259ri - MEYDAN.TV","isPartOf":{"@id":"https:\/\/www.meydan.tv\/az\/#website"},"primaryImageOfPage":{"@id":"https:\/\/www.meydan.tv\/az\/article\/novcavanlar-ve-huquq-mudafiecileri\/#primaryimage"},"image":{"@id":"https:\/\/www.meydan.tv\/az\/article\/novcavanlar-ve-huquq-mudafiecileri\/#primaryimage"},"thumbnailUrl":"https:\/\/www.meydan.tv\/wp-content\/uploads\/40025.jpg","datePublished":"2018-03-27T01:11:58+00:00","breadcrumb":{"@id":"https:\/\/www.meydan.tv\/az\/article\/novcavanlar-ve-huquq-mudafiecileri\/#breadcrumb"},"inLanguage":"az","potentialAction":[{"@type":"ReadAction","target":["https:\/\/www.meydan.tv\/az\/article\/novcavanlar-ve-huquq-mudafiecileri\/"]}]},{"@type":"ImageObject","inLanguage":"az","@id":"https:\/\/www.meydan.tv\/az\/article\/novcavanlar-ve-huquq-mudafiecileri\/#primaryimage","url":"https:\/\/www.meydan.tv\/wp-content\/uploads\/40025.jpg","contentUrl":"https:\/\/www.meydan.tv\/wp-content\/uploads\/40025.jpg","width":488,"height":461,"caption":"Source:"},{"@type":"BreadcrumbList","@id":"https:\/\/www.meydan.tv\/az\/article\/novcavanlar-ve-huquq-mudafiecileri\/#breadcrumb","itemListElement":[{"@type":"ListItem","position":1,"name":"Ana s\u0259hif\u0259","item":"https:\/\/www.meydan.tv\/az\/"},{"@type":"ListItem","position":2,"name":"Analitika","item":"https:\/\/www.meydan.tv\/az\/section\/analitika\/"},{"@type":"ListItem","position":3,"name":"N\u00f6vcavanlar v\u0259 h\u00fcquq m\u00fcdafi\u0259\u00e7il\u0259ri"}]},{"@type":"WebSite","@id":"https:\/\/www.meydan.tv\/az\/#website","url":"https:\/\/www.meydan.tv\/az\/","name":"MEYDAN.TV","description":"Meydan TV Az\u0259rbaycan\u0131n media m\u0259kan\u0131ndak\u0131 alternativ s\u0259sidir","publisher":{"@id":"https:\/\/www.meydan.tv\/az\/#organization"},"potentialAction":[{"@type":"SearchAction","target":{"@type":"EntryPoint","urlTemplate":"https:\/\/www.meydan.tv\/az\/?s={search_term_string}"},"query-input":{"@type":"PropertyValueSpecification","valueRequired":true,"valueName":"search_term_string"}}],"inLanguage":"az"},{"@type":"Organization","@id":"https:\/\/www.meydan.tv\/az\/#organization","name":"Meydan TV","url":"https:\/\/www.meydan.tv\/az\/","logo":{"@type":"ImageObject","inLanguage":"az","@id":"https:\/\/www.meydan.tv\/az\/#\/schema\/logo\/image\/","url":"https:\/\/www.meydan.tv\/wp-content\/uploads\/2021\/07\/meydan-logo.svg","contentUrl":"https:\/\/www.meydan.tv\/wp-content\/uploads\/2021\/07\/meydan-logo.svg","width":195,"height":46,"caption":"Meydan TV"},"image":{"@id":"https:\/\/www.meydan.tv\/az\/#\/schema\/logo\/image\/"}},{"@type":"Person","@id":"https:\/\/www.meydan.tv\/az\/#\/schema\/person\/10d11eccf6da3662cf5fdab9806ea91a","name":"user-manager"}]}},"_links":{"self":[{"href":"https:\/\/www.meydan.tv\/az\/wp-json\/wp\/v2\/posts\/189224","targetHints":{"allow":["GET"]}}],"collection":[{"href":"https:\/\/www.meydan.tv\/az\/wp-json\/wp\/v2\/posts"}],"about":[{"href":"https:\/\/www.meydan.tv\/az\/wp-json\/wp\/v2\/types\/post"}],"author":[{"embeddable":true,"href":"https:\/\/www.meydan.tv\/az\/wp-json\/wp\/v2\/users\/11"}],"replies":[{"embeddable":true,"href":"https:\/\/www.meydan.tv\/az\/wp-json\/wp\/v2\/comments?post=189224"}],"version-history":[{"count":0,"href":"https:\/\/www.meydan.tv\/az\/wp-json\/wp\/v2\/posts\/189224\/revisions"}],"wp:featuredmedia":[{"embeddable":true,"href":"https:\/\/www.meydan.tv\/az\/wp-json\/wp\/v2\/media\/101171"}],"wp:attachment":[{"href":"https:\/\/www.meydan.tv\/az\/wp-json\/wp\/v2\/media?parent=189224"}],"wp:term":[{"taxonomy":"category","embeddable":true,"href":"https:\/\/www.meydan.tv\/az\/wp-json\/wp\/v2\/categories?post=189224"},{"taxonomy":"post_tag","embeddable":true,"href":"https:\/\/www.meydan.tv\/az\/wp-json\/wp\/v2\/tags?post=189224"}],"curies":[{"name":"wp","href":"https:\/\/api.w.org\/{rel}","templated":true}]}}