{"id":189216,"date":"2018-03-25T16:30:44","date_gmt":"2018-03-25T16:30:44","guid":{"rendered":"https:\/\/www.meydan.tv\/article\/seckide-istirak-etmemek-siyasi-intihardir\/"},"modified":"2018-03-25T16:30:44","modified_gmt":"2018-03-25T16:30:44","slug":"seckide-istirak-etmemek-siyasi-intihardir","status":"publish","type":"post","link":"https:\/\/www.meydan.tv\/az\/article\/seckide-istirak-etmemek-siyasi-intihardir\/","title":{"rendered":"\u2018\u2019Se\u00e7ki\u2019\u2019d\u0259 i\u015ftirak etm\u0259m\u0259k siyasi intihard\u0131r"},"content":{"rendered":"<figure class=\"wp-block-image size-large\">\n  <img decoding=\"async\" src=\"https:\/\/www.meydan.tv\/az\/secki-5\/\" alt=\"Se\u00e7ki\" class=\"wp-image-101159\"\/><figcaption>\n    Se\u00e7ki<br \/>\n  <\/figcaption><\/figure>\n<p>\n  \u201cYax\u015f\u0131 olur. Qiym\u0259tl\u0259r lap 10 d\u0259f\u0259 qalxs\u0131n t\u0259ki. Onda bu camaat aya\u011fa qalxar\u201d \u2013 Y\u0259qin \u00e7ox e\u015fitmisiniz bel\u0259 emosional \u00e7\u0131x\u0131\u015flar\u0131. B\u0259z\u0259n bunu rasional se\u00e7im kimi izah ed\u0259nl\u0259r d\u0259 olur. \u0130ddia olunur ki, yoxsullu\u011fun indiki v\u0259ziyy\u0259tin\u0259 d\u00f6z\u0259n adamlar bundan a\u015fa\u011f\u0131s\u0131na d\u00f6zm\u0259z v\u0259 aya\u011fa qalxar. Bunun \u00fc\u00e7\u00fcn ya\u015fay\u0131\u015f \u015f\u0259raiti lap d\u00f6z\u00fclm\u0259z olmal\u0131d\u0131r, ona g\u00f6r\u0259 d\u0259 h\u00f6kum\u0259tin v\u0259ziyy\u0259ti pisl\u0259\u015fdirm\u0259sini sakitc\u0259 durub izl\u0259m\u0259liyik.\n<\/p>\n<p>\n  M\u0259ntiqlidir, amma do\u011fru deyil. \u0130nsan t\u0259bi\u0259tinin d\u0259rinlikl\u0259rin\u0259 girm\u0259d\u0259n g\u00f6z\u00fcm\u00fcz\u00fcn qaba\u011f\u0131nda olan ikic\u0259 d\u0259n\u0259 misal g\u0259tirim: Venesuela v\u0259 T\u00fcrkm\u0259nistan. Venesuelada sosialist h\u00f6kum\u0259tin iqtisadi siyas\u0259tinin fiaskosu n\u0259tic\u0259sind\u0259 \u00f6lk\u0259d\u0259 acl\u0131q yaran\u0131b. Milyonlarla venesuelal\u0131 qon\u015fu Kolumbiyaya ax\u0131\u015f\u0131r. \u00d6lk\u0259d\u0259 orta \u00e7\u0259ki s\u0259viyy\u0259si a\u015fa\u011f\u0131 d\u00fc\u015f\u00fcb. \u0130nsanlar\u0131n yar\u0131s\u0131ndan \u00e7oxu normal qidalana bilmir. C\u0259mi 1 il \u0259vv\u0259l orta t\u0259b\u0259q\u0259 olmu\u015f milyonlarla insan indi zibillikl\u0259rd\u0259 e\u015f\u0259l\u0259nir. Etirazlar da oldu. G\u00fccl\u00fc m\u00fcxalif\u0259t var idi. 5 milyon n\u0259f\u0259rin i\u015ftirak etdiyi deyil\u0259n mitinql\u0259r oldu. N\u0259tic\u0259 &#8211; Maduro h\u0259l\u0259 d\u0259 hakimiyy\u0259td\u0259dir, olan-qalan demokratiyan\u0131 da m\u0259hv edir. Ondan naraz\u0131 olan t\u0259xmin\u0259n 50%-lik hiss\u0259 he\u00e7 n\u0259 ed\u0259 bilmir. Gec\u0259qondular is\u0259 ac\u0131ndan \u00f6l\u0259-\u00f6l\u0259 Maduroya s\u0259s verir.\n<\/p>\n<p>\n  T\u00fcrkm\u0259nistanda da v\u0259ziyy\u0259t b\u0259rbadd\u0131r. 1 dollar r\u0259sm\u0259n 3,5 manatd\u0131r, qara bazarda is\u0259 8 manat. Un \u00fcst\u00fcn\u0259 insanlar bir-birini tapdalay\u0131r. Amma \u00f6lk\u0259 ba\u015f\u00e7\u0131s\u0131 \u00f6z\u00fc \u00fc\u00e7\u00fcn ma\u015f\u0131n\u0131 ikit\u0259k\u0259r\u0259 qald\u0131r\u0131r, \u00fcr\u0259yi ist\u0259y\u0259n idman oyunlar\u0131 ke\u00e7irir. Etiraz da yoxdur, he\u00e7 q\u0131m\u0131ldanma da.\n<\/p>\n<p>\n  S\u00f6hb\u0259t t\u0259k maddi v\u0259ziyy\u0259td\u0259n getmir. Guya h\u00f6kum\u0259t v\u0259t\u0259nda\u015f c\u0259miyy\u0259ti institutlar\u0131n\u0131 tamamil\u0259 m\u0259hv ets\u0259, sosial \u015f\u0259b\u0259k\u0259l\u0259ri ba\u011flasa, y\u0259ni siyasi v\u0259 v\u0259t\u0259nda\u015f h\u00fcquqlar\u0131n\u0131 maksimum s\u0131xsa, camaat aya\u011fa qalx\u0131b onlar\u0131 devir\u0259c\u0259k. Afrikada balaca bir Ekvatorial Qvineya adl\u0131 d\u00f6vl\u0259t var. \u0130lk prezidenti Fransisko Masias Nquema olub (1968-1979). Bir az ba\u015f\u0131 xarab idi. 300 min n\u0259f\u0259r \u0259halisi olan \u00f6lk\u0259ni o q\u0259d\u0259r repressiya etmi\u015fdi ki, ax\u0131rda d\u00f6vl\u0259tin daxili t\u0259hl\u00fck\u0259sizliyi t\u0259min etm\u0259 funksiyas\u0131ndan ba\u015fqa b\u00fct\u00fcn funksiyalar\u0131ndan imtina edib, \u0259halini ucdantutma q\u0131rma\u011fa ba\u015flad\u0131. 80 minini (25%) \u00f6ld\u00fcr\u0259nd\u0259n sonra \u00f6z qohumu onu devirdi. Xalq-zad aya\u011fa durmad\u0131. H\u0259min o qohum 1979-dan b\u0259ri h\u0259l\u0259 d\u0259 hakimiyy\u0259td\u0259dir.\n<\/p>\n<p>\n  \u00dcmumiyy\u0259tl\u0259, m\u00fcsb\u0259t d\u0259yi\u015fiklikl\u0259r ad\u0259t\u0259n b\u0131\u00e7aq s\u00fcm\u00fcy\u0259 dir\u0259n\u0259n \u00f6lk\u0259l\u0259rd\u0259 olmur. M\u0259s\u0259l\u0259n, Rusiya imperiyas\u0131 b\u0131\u00e7a\u011f\u0131 s\u00fcm\u00fcy\u0259 dir\u0259di, n\u0259tic\u0259si bol\u015fevizm oldu, \u0130ran \u015fah\u0131 eyni \u015feyi el\u0259di, n\u0259tic\u0259si \u015f\u0259ri\u0259t oldu. B\u0259s hans\u0131 toplumlar daha normal, daha m\u0259d\u0259ni d\u0259yi\u015fiklikl\u0259r ed\u0259, inki\u015fafa ged\u0259 bilir? \u0130nstitutlar\u0131 olan toplumlar. He\u00e7 olmasa institutlar\u0131n qal\u0131qlar\u0131, o da olmasa, institutlar\u0131n imitasiyas\u0131 olan toplumlar. Bariz n\u00fcmun\u0259 Tunisdir. Oran\u0131n Suriyaya, Liviyaya, Y\u0259m\u0259n\u0259, Misir\u0259 d\u00f6nm\u0259m\u0259sinin s\u0259b\u0259bi az-\u00e7ox QHT-l\u0259rin he\u00e7 olmasa imitativ formada qalmas\u0131 idi.\n<\/p>\n<p>\n  Buna g\u00f6r\u0259 d\u0259 demokratiyan\u0131n imitasiyas\u0131 s\u0259rt, maksimalist diktaturadan yax\u015f\u0131d\u0131r. Bizd\u0259 son ill\u0259r, x\u00fcsus\u0259n, 2014-c\u00fc ild\u0259n b\u0259ri demokratiyan\u0131n imitasiyas\u0131ndan imtina edilm\u0259si yolu tutulub. QHT-l\u0259r, azad media orqanlar\u0131 ba\u011flan\u0131b, internet n\u0259zar\u0259t\u0259 g\u00f6t\u00fcr\u00fcl\u00fcb, s\u0259sini \u00e7\u0131xardan ya tutulub, ya susdurulub, ya da \u00f6lk\u0259d\u0259n qovulub. Proses bu istiqam\u0259td\u0259 artan x\u0259tl\u0259 gedir. Aprel se\u00e7kisind\u0259 d\u0259 m\u00fcxalif\u0259tin i\u015ftirak etm\u0259m\u0259si bu siyas\u0259tin davam\u0131d\u0131r. H\u00f6kum\u0259t se\u00e7kini q\u0259fil \u00f6n\u0259 \u00e7\u0259km\u0259kl\u0259 m\u00fcxalif\u0259tin i\u015ftirak etm\u0259m\u0259sin\u0259 nail olmaq ist\u0259di v\u0259 m\u00fcxalif\u0259tin yanl\u0131\u015f q\u0259rar\u0131 n\u0259tic\u0259sind\u0259 ist\u0259yin\u0259 \u00e7atd\u0131.\n<\/p>\n<p>\n  Laz\u0131m idi ki, he\u00e7 olmasa bir n\u0259f\u0259r m\u00fcxalif namiz\u0259d \u00e7\u0131xs\u0131n efir\u0259, dan\u0131\u015fs\u0131n, plakatlar\u0131ndan h\u0259qiq\u0259tl\u0259ri \u00e7atd\u0131rs\u0131n, onun se\u00e7ki t\u0259\u015fviqat\u0131nda g\u0259ncl\u0259r aktivlik etsin. Bu, biz\u0259 \u00e7ox laz\u0131m idi. C\u0259mil H\u0259s\u0259nlinin se\u00e7ki t\u0259\u015fviqat\u0131 h\u0259l\u0259 d\u0259 dan\u0131\u015f\u0131l\u0131r. 2013-c\u00fc ild\u0259 10-15 ya\u015f\u0131 olmu\u015f g\u0259ncl\u0259rin xat\u0131rlad\u0131qlar\u0131 t\u0259k siyasi proses C\u0259mil b\u0259yin t\u0259\u015fviqat\u0131d\u0131r. V\u0259ssalam. Ba\u015fqa he\u00e7 n\u0259 g\u00f6rm\u0259yibl\u0259r, bel\u0259 gets\u0259, yax\u0131n g\u0259l\u0259c\u0259kd\u0259 d\u0259 g\u00f6rm\u0259y\u0259c\u0259kl\u0259r. 2005 t\u0259v\u0259ll\u00fcdl\u00fc bir u\u015fa\u011f\u0131 d\u00fc\u015f\u00fcn\u00fcn. Onun siyasi t\u0259rbiy\u0259sind\u0259 \u00f6n\u0259mli yeri Zahid Orucun, Hafiz Hac\u0131yevin \u00e7\u0131x\u0131\u015flar\u0131 tutacaq. 7 il sonra bu u\u015fa\u011f\u0131n 20 ya\u015f\u0131 olacaq. G\u0259nclik \u00e7\u0131l\u011f\u0131nl\u0131\u011f\u0131n\u0131n zirv\u0259d\u0259 oldu\u011fu ya\u015f. \u00d6lk\u0259d\u0259 d\u0259yi\u015fiklik \u015fans\u0131 olsa, h\u0259min g\u0259nc bu il g\u00f6rd\u00fcy\u00fc \u201cse\u00e7ki, debat\u201d yolunu tutacaq, yoxsa radikall\u0131q ed\u0259c\u0259k? M\u0259n bu suala optimist cavab verm\u0259k \u00fc\u00e7\u00fcn \u0259sas g\u00f6rm\u00fcr\u0259m.\n<\/p>\n<p>\n  AXCP v\u0259 M\u00fcsavat\u0131n m\u00f6vcudluq s\u0259b\u0259bi el\u0259 rejimin imitasiya siyas\u0259tidir. \u018fg\u0259r imitasiya yoxdursa, bu partiyalar da olmayacaq. Bu il se\u00e7kiy\u0259 getm\u0259m\u0259kl\u0259 bu partiyalar siyasi intihar etdil\u0259r. 2008-ci ild\u0259 d\u0259 getm\u0259mi\u015fdil\u0259r. Ona g\u00f6r\u0259 d\u0259 2009-cu ild\u0259 t\u0259\u015fkilatlanma\u011fa ba\u015flayan g\u0259ncl\u0259r ilk d\u0259f\u0259 idi ki, partiyalardan k\u0259narda qalma\u011fa \u00fcst\u00fcnl\u00fck verdil\u0259r \u2013 Nida, Azad G\u0259nclik T\u0259\u015fkilat\u0131 v\u0259 s. yarand\u0131. \u00c7\u00fcnki imitasiya yoxdursa, haz\u0131rk\u0131 rejimin hakimiyy\u0259ti alt\u0131nda AXCP v\u0259 M\u00fcsavat da yoxdur. Onlar se\u00e7kiy\u0259 getm\u0259li idil\u0259r \u2013 institutlar\u0131n imitasiyas\u0131n\u0131 qorumaq m\u0259qs\u0259dil\u0259. M\u0259n bilmir\u0259m, d\u0259yi\u015fiklik nec\u0259 v\u0259 n\u0259 vaxt olacaq, amma inan\u0131ram ki, olacaq. O zaman biz h\u0259lledici olmaya bil\u0259rik, meydanda el\u0259 g\u0259ncl\u0259r ola bil\u0259r ki, bizim t\u0259s\u0259vv\u00fcr\u00fcm\u00fcz\u0259 d\u0259 g\u0259lm\u0259zdi ki, onlar bu \u00f6lk\u0259d\u0259 ya\u015fay\u0131r. O zaman bu imitativ formada saxlanm\u0131\u015f institutlara, t\u0259cr\u00fcb\u0259y\u0259 \u00e7ox ehtiyac\u0131m\u0131z olacaq. Tarixi t\u0259cr\u00fcb\u0259 b\u0259z\u0259n h\u0259lledici olur (historical contingent).\n<\/p>\n<p>\n  Misirli t\u0259l\u0259b\u0259 yolda\u015f\u0131mdan e\u015fitdiyim fikird\u0259n h\u0259mi\u015f\u0259 qorxuram. Demi\u015fdi ki, \u201cSizd\u0259 n\u0259 vaxtsa, se\u00e7ki olsa, el\u0259 adamlar s\u0259s alacaqlar ki, ham\u0131n\u0131z \u015foka d\u00fc\u015f\u0259c\u0259ksiniz\u201d. Bu axmaq \u015foku ya\u015famamaq \u00fc\u00e7\u00fcn bizim AXCP-\u0259, M\u00fcsavata, QHT-l\u0259r\u0259, oyuncaq se\u00e7kil\u0259rd\u0259 oturub TV-d\u0259 divara k\u0259ll\u0259 vurma\u011fa ehtiyac\u0131m\u0131z var. Bizim demokratiyaya, h\u0259tta onun imitativ formas\u0131na da ehtiyac\u0131m\u0131z var.\n<\/p>\n<p>\n  Bizim \u00fcst\u00fcm\u00fcz\u0259 d\u00fc\u015f\u0259n is\u0259 se\u00e7ki, s\u0259sverm\u0259, v\u0259t\u0259nda\u015f c\u0259miyy\u0259ti kimi n\u0259f\u0259slikl\u0259rin divara \u00e7\u0259kilmi\u015f \u015f\u0259kill\u0259rini bacard\u0131qca \u00e7ox qorumaqd\u0131r. 2007 t\u0259v\u0259ll\u00fcdl\u00fc u\u015faqlar\u0131n yad\u0131nda bu n\u0259f\u0259slik qalmal\u0131d\u0131r ki, sabah d\u0259yi\u015fiklik \u00fc\u00e7\u00fcn zorak\u0131l\u0131\u011fa \u0259l atmas\u0131nlar, cihada, fa\u015fizm\u0259, bol\u015fevizm\u0259 yuvarlanmas\u0131nlar.\n<\/p>\n<p>\n  P.S. \u201cSe\u00e7kid\u0259 i\u015ftirak etm\u0259k ona legitimlik verm\u0259kdir\u201d arqumentin\u0259 is\u0259 se\u00e7kid\u0259n sonra b\u00fct\u00fcn Q\u0259rb \u00f6lk\u0259l\u0259ri yeni\/k\u00f6hn\u0259 prezidenti t\u0259brik ed\u0259nd\u0259 bir d\u0259 baxars\u0131n\u0131z.\n<\/p>\n<p>\n  <i><br \/>\n    <b><br \/>\n      Yaz\u0131 m\u00fc\u0259llifin fikirl\u0259rini \u0259ks etdirir v\u0259 Meydan TV-nin m\u00f6vqeyi il\u0259 \u00fcst-\u00fcst\u0259 d\u00fc\u015fm\u0259y\u0259 bil\u0259r.<br \/>\n    <\/b><br \/>\n  <\/i><\/p>\n","protected":false},"excerpt":{"rendered":"<p>T\u00fcrkm\u0259nistanda da v\u0259ziyy\u0259t b\u0259rbadd\u0131r<\/p>\n","protected":false},"author":11,"featured_media":101159,"comment_status":"closed","ping_status":"open","sticky":false,"template":"","format":"standard","meta":{"_acf_changed":false,"_sitemap_exclude":false,"_sitemap_priority":"","_sitemap_frequency":"","footnotes":""},"categories":[57],"tags":[],"class_list":["post-189216","post","type-post","status-publish","format-standard","has-post-thumbnail","hentry","category-menim-fikrimce","infinite-scroll-item","generate-columns","tablet-grid-50","mobile-grid-100","grid-parent","grid-33","no-featured-image-padding"],"acf":[],"yoast_head":"<!-- This site is optimized with the Yoast SEO plugin v27.5 - https:\/\/yoast.com\/product\/yoast-seo-wordpress\/ -->\n<title>\u2018\u2019Se\u00e7ki\u2019\u2019d\u0259 i\u015ftirak etm\u0259m\u0259k siyasi intihard\u0131r - MEYDAN.TV<\/title>\n<meta name=\"robots\" content=\"index, follow, max-snippet:-1, max-image-preview:large, max-video-preview:-1\" \/>\n<link rel=\"canonical\" href=\"https:\/\/www.meydan.tv\/az\/article\/seckide-istirak-etmemek-siyasi-intihardir\/\" \/>\n<meta property=\"og:locale\" content=\"az_AZ\" \/>\n<meta property=\"og:type\" content=\"article\" \/>\n<meta property=\"og:title\" content=\"\u2018\u2019Se\u00e7ki\u2019\u2019d\u0259 i\u015ftirak etm\u0259m\u0259k siyasi intihard\u0131r - MEYDAN.TV\" \/>\n<meta property=\"og:description\" content=\"T\u00fcrkm\u0259nistanda da v\u0259ziyy\u0259t b\u0259rbadd\u0131r\" \/>\n<meta property=\"og:url\" content=\"https:\/\/www.meydan.tv\/az\/article\/seckide-istirak-etmemek-siyasi-intihardir\/\" \/>\n<meta property=\"og:site_name\" content=\"MEYDAN.TV\" \/>\n<meta property=\"article:published_time\" content=\"2018-03-25T16:30:44+00:00\" \/>\n<meta property=\"og:image\" content=\"https:\/\/www.meydan.tv\/wp-content\/uploads\/40005.jpg\" \/>\n\t<meta property=\"og:image:width\" content=\"700\" \/>\n\t<meta property=\"og:image:height\" content=\"450\" \/>\n\t<meta property=\"og:image:type\" content=\"image\/jpeg\" \/>\n<meta name=\"author\" content=\"user-manager\" \/>\n<meta name=\"twitter:card\" content=\"summary_large_image\" \/>\n<script type=\"application\/ld+json\" class=\"yoast-schema-graph\">{\"@context\":\"https:\\\/\\\/schema.org\",\"@graph\":[{\"@type\":\"Article\",\"@id\":\"https:\\\/\\\/www.meydan.tv\\\/az\\\/article\\\/seckide-istirak-etmemek-siyasi-intihardir\\\/#article\",\"isPartOf\":{\"@id\":\"https:\\\/\\\/www.meydan.tv\\\/az\\\/article\\\/seckide-istirak-etmemek-siyasi-intihardir\\\/\"},\"author\":{\"name\":\"user-manager\",\"@id\":\"https:\\\/\\\/www.meydan.tv\\\/az\\\/#\\\/schema\\\/person\\\/10d11eccf6da3662cf5fdab9806ea91a\"},\"headline\":\"\u2018\u2019Se\u00e7ki\u2019\u2019d\u0259 i\u015ftirak etm\u0259m\u0259k siyasi intihard\u0131r\",\"datePublished\":\"2018-03-25T16:30:44+00:00\",\"mainEntityOfPage\":{\"@id\":\"https:\\\/\\\/www.meydan.tv\\\/az\\\/article\\\/seckide-istirak-etmemek-siyasi-intihardir\\\/\"},\"wordCount\":1314,\"publisher\":{\"@id\":\"https:\\\/\\\/www.meydan.tv\\\/az\\\/#organization\"},\"image\":{\"@id\":\"https:\\\/\\\/www.meydan.tv\\\/az\\\/article\\\/seckide-istirak-etmemek-siyasi-intihardir\\\/#primaryimage\"},\"thumbnailUrl\":\"https:\\\/\\\/www.meydan.tv\\\/wp-content\\\/uploads\\\/40005.jpg\",\"articleSection\":[\"M\u0259nim Fikrimc\u0259\"],\"inLanguage\":\"az\"},{\"@type\":\"WebPage\",\"@id\":\"https:\\\/\\\/www.meydan.tv\\\/az\\\/article\\\/seckide-istirak-etmemek-siyasi-intihardir\\\/\",\"url\":\"https:\\\/\\\/www.meydan.tv\\\/az\\\/article\\\/seckide-istirak-etmemek-siyasi-intihardir\\\/\",\"name\":\"\u2018\u2019Se\u00e7ki\u2019\u2019d\u0259 i\u015ftirak etm\u0259m\u0259k siyasi intihard\u0131r - MEYDAN.TV\",\"isPartOf\":{\"@id\":\"https:\\\/\\\/www.meydan.tv\\\/az\\\/#website\"},\"primaryImageOfPage\":{\"@id\":\"https:\\\/\\\/www.meydan.tv\\\/az\\\/article\\\/seckide-istirak-etmemek-siyasi-intihardir\\\/#primaryimage\"},\"image\":{\"@id\":\"https:\\\/\\\/www.meydan.tv\\\/az\\\/article\\\/seckide-istirak-etmemek-siyasi-intihardir\\\/#primaryimage\"},\"thumbnailUrl\":\"https:\\\/\\\/www.meydan.tv\\\/wp-content\\\/uploads\\\/40005.jpg\",\"datePublished\":\"2018-03-25T16:30:44+00:00\",\"breadcrumb\":{\"@id\":\"https:\\\/\\\/www.meydan.tv\\\/az\\\/article\\\/seckide-istirak-etmemek-siyasi-intihardir\\\/#breadcrumb\"},\"inLanguage\":\"az\",\"potentialAction\":[{\"@type\":\"ReadAction\",\"target\":[\"https:\\\/\\\/www.meydan.tv\\\/az\\\/article\\\/seckide-istirak-etmemek-siyasi-intihardir\\\/\"]}]},{\"@type\":\"ImageObject\",\"inLanguage\":\"az\",\"@id\":\"https:\\\/\\\/www.meydan.tv\\\/az\\\/article\\\/seckide-istirak-etmemek-siyasi-intihardir\\\/#primaryimage\",\"url\":\"https:\\\/\\\/www.meydan.tv\\\/wp-content\\\/uploads\\\/40005.jpg\",\"contentUrl\":\"https:\\\/\\\/www.meydan.tv\\\/wp-content\\\/uploads\\\/40005.jpg\",\"width\":700,\"height\":450,\"caption\":\"Source:\"},{\"@type\":\"BreadcrumbList\",\"@id\":\"https:\\\/\\\/www.meydan.tv\\\/az\\\/article\\\/seckide-istirak-etmemek-siyasi-intihardir\\\/#breadcrumb\",\"itemListElement\":[{\"@type\":\"ListItem\",\"position\":1,\"name\":\"Ana s\u0259hif\u0259\",\"item\":\"https:\\\/\\\/www.meydan.tv\\\/az\\\/\"},{\"@type\":\"ListItem\",\"position\":2,\"name\":\"M\u0259nim Fikrimc\u0259\",\"item\":\"https:\\\/\\\/www.meydan.tv\\\/az\\\/section\\\/menim-fikrimce\\\/\"},{\"@type\":\"ListItem\",\"position\":3,\"name\":\"\u2018\u2019Se\u00e7ki\u2019\u2019d\u0259 i\u015ftirak etm\u0259m\u0259k siyasi intihard\u0131r\"}]},{\"@type\":\"WebSite\",\"@id\":\"https:\\\/\\\/www.meydan.tv\\\/az\\\/#website\",\"url\":\"https:\\\/\\\/www.meydan.tv\\\/az\\\/\",\"name\":\"MEYDAN.TV\",\"description\":\"Meydan TV Az\u0259rbaycan\u0131n media m\u0259kan\u0131ndak\u0131 alternativ s\u0259sidir\",\"publisher\":{\"@id\":\"https:\\\/\\\/www.meydan.tv\\\/az\\\/#organization\"},\"potentialAction\":[{\"@type\":\"SearchAction\",\"target\":{\"@type\":\"EntryPoint\",\"urlTemplate\":\"https:\\\/\\\/www.meydan.tv\\\/az\\\/?s={search_term_string}\"},\"query-input\":{\"@type\":\"PropertyValueSpecification\",\"valueRequired\":true,\"valueName\":\"search_term_string\"}}],\"inLanguage\":\"az\"},{\"@type\":\"Organization\",\"@id\":\"https:\\\/\\\/www.meydan.tv\\\/az\\\/#organization\",\"name\":\"Meydan TV\",\"url\":\"https:\\\/\\\/www.meydan.tv\\\/az\\\/\",\"logo\":{\"@type\":\"ImageObject\",\"inLanguage\":\"az\",\"@id\":\"https:\\\/\\\/www.meydan.tv\\\/az\\\/#\\\/schema\\\/logo\\\/image\\\/\",\"url\":\"https:\\\/\\\/www.meydan.tv\\\/wp-content\\\/uploads\\\/2021\\\/07\\\/meydan-logo.svg\",\"contentUrl\":\"https:\\\/\\\/www.meydan.tv\\\/wp-content\\\/uploads\\\/2021\\\/07\\\/meydan-logo.svg\",\"width\":195,\"height\":46,\"caption\":\"Meydan TV\"},\"image\":{\"@id\":\"https:\\\/\\\/www.meydan.tv\\\/az\\\/#\\\/schema\\\/logo\\\/image\\\/\"}},{\"@type\":\"Person\",\"@id\":\"https:\\\/\\\/www.meydan.tv\\\/az\\\/#\\\/schema\\\/person\\\/10d11eccf6da3662cf5fdab9806ea91a\",\"name\":\"user-manager\"}]}<\/script>\n<!-- \/ Yoast SEO plugin. -->","yoast_head_json":{"title":"\u2018\u2019Se\u00e7ki\u2019\u2019d\u0259 i\u015ftirak etm\u0259m\u0259k siyasi intihard\u0131r - MEYDAN.TV","robots":{"index":"index","follow":"follow","max-snippet":"max-snippet:-1","max-image-preview":"max-image-preview:large","max-video-preview":"max-video-preview:-1"},"canonical":"https:\/\/www.meydan.tv\/az\/article\/seckide-istirak-etmemek-siyasi-intihardir\/","og_locale":"az_AZ","og_type":"article","og_title":"\u2018\u2019Se\u00e7ki\u2019\u2019d\u0259 i\u015ftirak etm\u0259m\u0259k siyasi intihard\u0131r - MEYDAN.TV","og_description":"T\u00fcrkm\u0259nistanda da v\u0259ziyy\u0259t b\u0259rbadd\u0131r","og_url":"https:\/\/www.meydan.tv\/az\/article\/seckide-istirak-etmemek-siyasi-intihardir\/","og_site_name":"MEYDAN.TV","article_published_time":"2018-03-25T16:30:44+00:00","og_image":[{"width":700,"height":450,"url":"https:\/\/www.meydan.tv\/wp-content\/uploads\/40005.jpg","type":"image\/jpeg"}],"author":"user-manager","twitter_card":"summary_large_image","schema":{"@context":"https:\/\/schema.org","@graph":[{"@type":"Article","@id":"https:\/\/www.meydan.tv\/az\/article\/seckide-istirak-etmemek-siyasi-intihardir\/#article","isPartOf":{"@id":"https:\/\/www.meydan.tv\/az\/article\/seckide-istirak-etmemek-siyasi-intihardir\/"},"author":{"name":"user-manager","@id":"https:\/\/www.meydan.tv\/az\/#\/schema\/person\/10d11eccf6da3662cf5fdab9806ea91a"},"headline":"\u2018\u2019Se\u00e7ki\u2019\u2019d\u0259 i\u015ftirak etm\u0259m\u0259k siyasi intihard\u0131r","datePublished":"2018-03-25T16:30:44+00:00","mainEntityOfPage":{"@id":"https:\/\/www.meydan.tv\/az\/article\/seckide-istirak-etmemek-siyasi-intihardir\/"},"wordCount":1314,"publisher":{"@id":"https:\/\/www.meydan.tv\/az\/#organization"},"image":{"@id":"https:\/\/www.meydan.tv\/az\/article\/seckide-istirak-etmemek-siyasi-intihardir\/#primaryimage"},"thumbnailUrl":"https:\/\/www.meydan.tv\/wp-content\/uploads\/40005.jpg","articleSection":["M\u0259nim Fikrimc\u0259"],"inLanguage":"az"},{"@type":"WebPage","@id":"https:\/\/www.meydan.tv\/az\/article\/seckide-istirak-etmemek-siyasi-intihardir\/","url":"https:\/\/www.meydan.tv\/az\/article\/seckide-istirak-etmemek-siyasi-intihardir\/","name":"\u2018\u2019Se\u00e7ki\u2019\u2019d\u0259 i\u015ftirak etm\u0259m\u0259k siyasi intihard\u0131r - MEYDAN.TV","isPartOf":{"@id":"https:\/\/www.meydan.tv\/az\/#website"},"primaryImageOfPage":{"@id":"https:\/\/www.meydan.tv\/az\/article\/seckide-istirak-etmemek-siyasi-intihardir\/#primaryimage"},"image":{"@id":"https:\/\/www.meydan.tv\/az\/article\/seckide-istirak-etmemek-siyasi-intihardir\/#primaryimage"},"thumbnailUrl":"https:\/\/www.meydan.tv\/wp-content\/uploads\/40005.jpg","datePublished":"2018-03-25T16:30:44+00:00","breadcrumb":{"@id":"https:\/\/www.meydan.tv\/az\/article\/seckide-istirak-etmemek-siyasi-intihardir\/#breadcrumb"},"inLanguage":"az","potentialAction":[{"@type":"ReadAction","target":["https:\/\/www.meydan.tv\/az\/article\/seckide-istirak-etmemek-siyasi-intihardir\/"]}]},{"@type":"ImageObject","inLanguage":"az","@id":"https:\/\/www.meydan.tv\/az\/article\/seckide-istirak-etmemek-siyasi-intihardir\/#primaryimage","url":"https:\/\/www.meydan.tv\/wp-content\/uploads\/40005.jpg","contentUrl":"https:\/\/www.meydan.tv\/wp-content\/uploads\/40005.jpg","width":700,"height":450,"caption":"Source:"},{"@type":"BreadcrumbList","@id":"https:\/\/www.meydan.tv\/az\/article\/seckide-istirak-etmemek-siyasi-intihardir\/#breadcrumb","itemListElement":[{"@type":"ListItem","position":1,"name":"Ana s\u0259hif\u0259","item":"https:\/\/www.meydan.tv\/az\/"},{"@type":"ListItem","position":2,"name":"M\u0259nim Fikrimc\u0259","item":"https:\/\/www.meydan.tv\/az\/section\/menim-fikrimce\/"},{"@type":"ListItem","position":3,"name":"\u2018\u2019Se\u00e7ki\u2019\u2019d\u0259 i\u015ftirak etm\u0259m\u0259k siyasi intihard\u0131r"}]},{"@type":"WebSite","@id":"https:\/\/www.meydan.tv\/az\/#website","url":"https:\/\/www.meydan.tv\/az\/","name":"MEYDAN.TV","description":"Meydan TV Az\u0259rbaycan\u0131n media m\u0259kan\u0131ndak\u0131 alternativ s\u0259sidir","publisher":{"@id":"https:\/\/www.meydan.tv\/az\/#organization"},"potentialAction":[{"@type":"SearchAction","target":{"@type":"EntryPoint","urlTemplate":"https:\/\/www.meydan.tv\/az\/?s={search_term_string}"},"query-input":{"@type":"PropertyValueSpecification","valueRequired":true,"valueName":"search_term_string"}}],"inLanguage":"az"},{"@type":"Organization","@id":"https:\/\/www.meydan.tv\/az\/#organization","name":"Meydan TV","url":"https:\/\/www.meydan.tv\/az\/","logo":{"@type":"ImageObject","inLanguage":"az","@id":"https:\/\/www.meydan.tv\/az\/#\/schema\/logo\/image\/","url":"https:\/\/www.meydan.tv\/wp-content\/uploads\/2021\/07\/meydan-logo.svg","contentUrl":"https:\/\/www.meydan.tv\/wp-content\/uploads\/2021\/07\/meydan-logo.svg","width":195,"height":46,"caption":"Meydan TV"},"image":{"@id":"https:\/\/www.meydan.tv\/az\/#\/schema\/logo\/image\/"}},{"@type":"Person","@id":"https:\/\/www.meydan.tv\/az\/#\/schema\/person\/10d11eccf6da3662cf5fdab9806ea91a","name":"user-manager"}]}},"_links":{"self":[{"href":"https:\/\/www.meydan.tv\/az\/wp-json\/wp\/v2\/posts\/189216","targetHints":{"allow":["GET"]}}],"collection":[{"href":"https:\/\/www.meydan.tv\/az\/wp-json\/wp\/v2\/posts"}],"about":[{"href":"https:\/\/www.meydan.tv\/az\/wp-json\/wp\/v2\/types\/post"}],"author":[{"embeddable":true,"href":"https:\/\/www.meydan.tv\/az\/wp-json\/wp\/v2\/users\/11"}],"replies":[{"embeddable":true,"href":"https:\/\/www.meydan.tv\/az\/wp-json\/wp\/v2\/comments?post=189216"}],"version-history":[{"count":0,"href":"https:\/\/www.meydan.tv\/az\/wp-json\/wp\/v2\/posts\/189216\/revisions"}],"wp:featuredmedia":[{"embeddable":true,"href":"https:\/\/www.meydan.tv\/az\/wp-json\/wp\/v2\/media\/101159"}],"wp:attachment":[{"href":"https:\/\/www.meydan.tv\/az\/wp-json\/wp\/v2\/media?parent=189216"}],"wp:term":[{"taxonomy":"category","embeddable":true,"href":"https:\/\/www.meydan.tv\/az\/wp-json\/wp\/v2\/categories?post=189216"},{"taxonomy":"post_tag","embeddable":true,"href":"https:\/\/www.meydan.tv\/az\/wp-json\/wp\/v2\/tags?post=189216"}],"curies":[{"name":"wp","href":"https:\/\/api.w.org\/{rel}","templated":true}]}}