{"id":189210,"date":"2018-03-24T21:14:23","date_gmt":"2018-03-24T21:14:23","guid":{"rendered":"https:\/\/www.meydan.tv\/article\/namizedler-kimi-temsil-edir\/"},"modified":"2018-03-24T21:14:23","modified_gmt":"2018-03-24T21:14:23","slug":"namizedler-kimi-temsil-edir","status":"publish","type":"post","link":"https:\/\/www.meydan.tv\/az\/article\/namizedler-kimi-temsil-edir\/","title":{"rendered":"Namiz\u0259dl\u0259r kimi t\u0259msil edir?"},"content":{"rendered":"<figure class=\"wp-block-image size-large\">\n  <img decoding=\"async\" src=\"https:\/\/www.meydan.tv\/az\/zerdust-elizade-12\/\" alt=\"Z\u0259rd\u00fc\u015ft \u018flizad\u0259\" class=\"wp-image-81375\"\/><figcaption>\n    Z\u0259rd\u00fc\u015ft \u018flizad\u0259<br \/>\n  <\/figcaption><\/figure>\n<p>\n  Sinifl\u0259\u015fmi\u015f v\u0259 t\u0259b\u0259q\u0259l\u0259\u015fmi\u015f c\u0259miyy\u0259tl\u0259rd\u0259 se\u00e7ki adlanan siyasi oyunun i\u015ftirak\u00e7\u0131lar\u0131 hans\u0131sa sinfin v\u0259 ya t\u0259b\u0259q\u0259nin siyasi-iqtisadi maraqlar\u0131n\u0131 t\u0259msil edirl\u0259r v\u0259 bu zaman onlar\u0131n m\u00fcxt\u0259lif imkanlar\u0131ndan b\u0259hr\u0259l\u0259nirl\u0259r.\n<\/p>\n<p>\n  Misal \u00fc\u00e7\u00fcn, uza\u011fa getm\u0259y\u0259k, mart\u0131n 18-d\u0259 sona yetmi\u015f Rusiya se\u00e7kil\u0259rind\u0259 iki \u0259sas namiz\u0259d var idi.\n<\/p>\n<p>\n  Vladimir Putin \u00f6lk\u0259nin s\u0259rv\u0259tini talay\u0131b Q\u0259rb\u0259 da\u015f\u0131yan kriminal oliqarxiya z\u00fcmr\u0259sinin maraqlar\u0131n\u0131 ifad\u0259 edirdi, Pavel Qrudinin \u00f6lk\u0259 s\u0259rv\u0259tl\u0259rinin Rusiyada qal\u0131b milli maraq namin\u0259 istehsalata, s\u0259nayenin v\u0259 k\u0259nd t\u0259s\u0259rr\u00fcfat\u0131n\u0131n inki\u015faf\u0131na s\u0259rmay\u0259 qoyulmas\u0131n\u0131 t\u0259l\u0259b ed\u0259n milli burjuaziyan\u0131 t\u0259msil edirdi.\n<\/p>\n<p>\n  Dig\u0259r namiz\u0259dl\u0259r he\u00e7 bir sinfi v\u0259 ya t\u0259b\u0259q\u0259ni t\u0259msil etm\u0259dikl\u0259rind\u0259n \u0259minlikl\u0259 dem\u0259k olar ki, Prezident Administrasiyas\u0131 onlar\u0131 siyasi oyunbazl\u0131q namin\u0259 ortaya atm\u0131\u015fd\u0131.\n<\/p>\n<p>\n  Putinin t\u0259msil etdiyi m\u0259mur oliqarxiyas\u0131 trilyonlarla dollar o\u011furlam\u0131\u015f, n\u0259h\u0259ng \u015firk\u0259tl\u0259r\u0259 sahib \u00e7\u0131xm\u0131\u015f, \u0259ndaz\u0259siz inzibat\u0131, maliyy\u0259 v\u0259 media imkanlar\u0131na malik olan m\u00fct\u0259\u015f\u0259kkil bir z\u00fcmr\u0259dir v\u0259 m\u0259hz onlar SSR\u0130-nin s\u00fcqutu il\u0259 n\u0259tic\u0259l\u0259nmi\u015f \u201cperestroyka\u201d-dan \u0259sl m\u0259nf\u0259\u0259ti g\u00f6t\u00fcrm\u00fc\u015f insanlard\u0131r. Onlar Putin diktaturas\u0131n\u0131n daya\u011f\u0131 v\u0259 t\u0259m\u0259lidir.<br \/>\n  <br \/>\n  Oliqarxiya d\u00f6vl\u0259tl\u0259rind\u0259 diktaturan\u0131n m\u0259nb\u0259yi y\u0131rt\u0131c\u0131 eqoizm v\u0259 xalqa h\u0259qar\u0259tdir. Oliqarxlar h\u0259m xalqa nifr\u0259t edir, h\u0259m d\u0259 xalqdan qorxurlar. Buna g\u00f6r\u0259 onlar k\u00fctl\u0259ni aldatmaq, tovlamaq v\u0259 qorxutmaq \u00fc\u00e7\u00fcn x\u0259sislik etm\u0259d\u0259n n\u0259h\u0259ng c\u0259za v\u0259 t\u0259bli\u011fat ma\u015f\u0131n\u0131n\u0131 yaratma\u011fa v\u0259 i\u015fl\u0259tm\u0259y\u0259 b\u00f6y\u00fck v\u0259sait ay\u0131r\u0131rlar. Bel\u0259 d\u00f6vl\u0259tl\u0259rd\u0259 polis zabitl\u0259rinin, prokurorlar\u0131n, hakiml\u0259rin, diktatora yalmanan h\u0259yas\u0131z jurnalistl\u0259rin z\u0259ngin ya\u015famas\u0131 qanunauy\u011fundur.\n<\/p>\n<p>\n  Tarix s\u00fcbut edir ki, oliqarxiyan\u0131n h\u00f6kmranl\u0131\u011f\u0131 zaman\u0131nda c\u0259miyy\u0259tin m\u0259n\u0259viyyat v\u0259 \u0259xlaq\u0131 \u00e7\u00fcr\u00fcy\u00fcr v\u0259 a\u015f\u0131n\u0131r. Bu \u00e7\u00fcr\u00fcm\u0259 v\u0259 a\u015f\u0131nman\u0131 biz Rusiya h\u0259yat\u0131n\u0131n b\u00fct\u00fcn sah\u0259l\u0259rind\u0259 ayd\u0131nl\u0131qla m\u00fc\u015fahid\u0259 ed\u0259 bil\u0259rik.\n<\/p>\n<p>\n  T\u0259bii ki, oliqarxiyaya nisb\u0259t\u0259n maddi v\u0259 media imkanlar\u0131 xeyli m\u0259hdud olan sollar\u0131n v\u0259 mill\u0259t\u00e7i v\u0259t\u0259np\u0259rv\u0259rl\u0259rin bloku se\u00e7kid\u0259 uduzdu, bel\u0259likl\u0259, Rusiyan\u0131n bir d\u00f6vl\u0259t v\u0259 mill\u0259t kimi \u201ckitab\u0131 ba\u011fland\u0131\u201d.\n<\/p>\n<p>\n  V\u0259ziyy\u0259ti bil\u0259n v\u0259 anlayan m\u00fct\u0259x\u0259ssisl\u0259r \u0259mindirl\u0259r ki, Rusiya s\u00fcr\u0259tl\u0259 ciddi v\u0259 a\u011f\u0131r bir b\u00f6hrana do\u011fru gedir v\u0259 onun m\u00f6vcud s\u0259rh\u0259dl\u0259r daxind\u0259 xilas ehtimal\u0131 \u00e7ox z\u0259ifdir.\n<\/p>\n<p>\n  B\u0259s Az\u0259rbaycanda? Prezident se\u00e7kil\u0259rind\u0259 kim v\u0259 n\u0259yi t\u0259msil edir?\n<\/p>\n<p>\n  \u0130lham \u018fliyev ail\u0259sini, yax\u0131n \u0259traf\u0131n\u0131 v\u0259 milli iqtisadiyyat\u0131n b\u00fct\u00fcn sah\u0259l\u0259rini inhisara g\u00f6t\u00fcrm\u00fc\u015f tayfan\u0131 t\u0259msil edir. Az\u0259rbaycan Respublikas\u0131n\u0131n b\u00fct\u00fcn imkanlar\u0131 onun s\u0259r\u0259ncam\u0131ndad\u0131r.\n<\/p>\n<p>\n  Pul? Pul namiz\u0259d \u0130lham \u018fliyevd\u0259dir. Dig\u0259r namiz\u0259dl\u0259rin maliyy\u0259 imkanlar\u0131na baxsan\u0131z, g\u00f6r\u0259rsiniz ki, onlar \u0259sas namiz\u0259dl\u0259 m\u00fcqayis\u0259d\u0259 sad\u0259c\u0259 dil\u0259n\u00e7idirl\u0259r.\n<\/p>\n<p>\n  \u0130nzibati resurs? He\u00e7 bir \u015f\u00fcbh\u0259 yoxdur ki, se\u00e7ki \u0259r\u0259f\u0259sind\u0259, se\u00e7ki d\u00f6vr\u00fcnd\u0259 v\u0259 se\u00e7kid\u0259n sonra d\u00f6vl\u0259t cihaz\u0131 tam t\u0259rkibd\u0259 \u0259sas namiz\u0259din xeyrin\u0259 i\u015fl\u0259mi\u015f, i\u015fl\u0259yir v\u0259 i\u015fl\u0259y\u0259c\u0259kdir. Onun q\u0259l\u0259b\u0259sini t\u0259min ed\u0259n cihaz\u0131n ad\u0131 YAP deyil, D\u00d6VL\u018fTdir.\n<\/p>\n<p>\n  Bu cihaza polis, t\u0259hl\u00fck\u0259sizlik xidm\u0259tl\u0259ri, hakiml\u0259r, prokurorlar, ba\u015fda M\u0259rk\u0259zi Se\u00e7ki Komissiyas\u0131 olmaqla b\u00fct\u00fcn s\u0259viyy\u0259l\u0259rd\u0259n olan se\u00e7ki komissiyalar\u0131, \u00f6lk\u0259nin b\u00fct\u00fcn rayonlar\u0131n\u0131n \u0259halisini tam ita\u0259td\u0259 saxlayan icra ba\u015f\u00e7\u0131lar\u0131 v\u0259 d\u00f6vl\u0259td\u0259n maa\u015f alan b\u0259l\u0259diyy\u0259l\u0259r, Nazirl\u0259r Kabineti v\u0259 say\u0131 minl\u0259rl\u0259 olan x\u0259fiyy\u0259l\u0259r daxildir. He\u00e7 bir \u015f\u00fcbh\u0259 yoxdur ki, inzibati imkanlar namiz\u0259d \u0130lham \u018fliyevd\u0259dir.\n<\/p>\n<p>\n  Media? Median\u0131n 99%-i \u0130lham \u018fliyev\u0259 i\u015fl\u0259yir. Bir ne\u00e7\u0259 \u201cbloklanm\u0131\u015f\u201d saytdan ba\u015fqa b\u00fct\u00fcn m\u0259tbu v\u0259 elektron K\u0130V namiz\u0259d \u0130lham \u018fliyevin se\u00e7ilm\u0259sin\u0259 \u00e7al\u0131\u015f\u0131r.\n<\/p>\n<p>\n  Ziyal\u0131lar? Prezident t\u0259qa\u00fcd\u00fc alan, yaxud bu t\u0259qa\u00fcd\u00fc almaq arzusu il\u0259 ya\u015fayan, \u00f6vladlar\u0131n\u0131 \u201c\u00e7\u00f6r\u0259kli\u201d idar\u0259l\u0259r\u0259 ili\u015fdirib xalq mal\u0131n\u0131n qar\u0259tin\u0259 qo\u015fulmaq ist\u0259y\u0259n milli ayd\u0131nlar\u0131m\u0131z, c\u00fczi maa\u015f hesab\u0131na s\u00fcr\u00fcn\u00fcb-ya\u015fayan v\u0259 \u201cbuna da \u015f\u00fck\u00fcr\u201d dey\u0259n t\u0259b\u0259q\u0259, \u015f\u00fcbh\u0259siz ki, namiz\u0259d \u0130lham \u018fliyevi d\u0259st\u0259kl\u0259yir.\n<\/p>\n<p>\n  B\u00fcdc\u0259 t\u0259\u015fkilatlar\u0131nda \u00e7al\u0131\u015fan y\u00fcz minl\u0259rl\u0259 m\u0259mur, m\u00fc\u0259llim v\u0259 h\u0259kim namiz\u0259d \u0130lham \u018fliyev\u0259 s\u0259s ver\u0259c\u0259k.<br \/>\n  <br \/>\n  Kim\u0259 d\u0259 versinl\u0259r? Qalan namiz\u0259dl\u0259r \u0259sas namiz\u0259di d\u0259st\u0259kl\u0259y\u0259n, g\u00fcnd\u0259lik ruzusu hakim t\u0259b\u0259q\u0259y\u0259 qulluq etm\u0259kd\u0259n \u00e7\u0131xan \u015f\u0259xsl\u0259rdir. \u00d6lk\u0259mizd\u0259 onlar\u0131n arxas\u0131nda durub onlar\u0131n siyasi m\u00fcbariz\u0259sini maliyy\u0259 il\u0259, media v\u0259 insan resurslar\u0131 il\u0259 d\u0259st\u0259kl\u0259y\u0259 bil\u0259c\u0259k he\u00e7 bir sinif v\u0259 ya t\u0259b\u0259q\u0259 yoxdur.\n<\/p>\n<p>\n  Qalmay\u0131b. O c\u00fcml\u0259d\u0259n h\u0259min \u201cnamiz\u0259d\u201dl\u0259rin \u0259vv\u0259lki f\u0259aliyy\u0259ti say\u0259sind\u0259 h\u0259min sinifl\u0259r v\u0259 t\u0259b\u0259q\u0259l\u0259r l\u0259\u011fv olunub.<br \/>\n  <br \/>\n  Bizim milli 37-ci il 30 il davam etdi v\u0259 n\u0259tic\u0259d\u0259 sinfi t\u0259mizl\u0259m\u0259 tam u\u011furla ba\u015fa \u00e7atd\u0131. \u0130ndi bir t\u0259r\u0259fd\u0259 var oliqarxlar, o biri t\u0259r\u0259fd\u0259 var l\u00fcmpenl\u0259\u015fmi\u015f yay\u011f\u0131n k\u00fctl\u0259. Yay\u011f\u0131n v\u0259 s\u0131y\u0131q k\u00fctl\u0259y\u0259 s\u00f6yk\u0259nm\u0259k, n\u0259 is\u0259 etm\u0259k m\u00fcmk\u00fcn deyil.\n<\/p>\n<p>\n  Dig\u0259r c\u0259miyy\u0259tl\u0259rd\u0259 \u201cstratifikasiya\u201d deyil\u0259n t\u0259zah\u00fcrAz\u0259rbaycanda d\u00f6vl\u0259tin c\u0259br al\u0259ti il\u0259 dondurulub v\u0259 yoxdur.<br \/>\n  <br \/>\n  Onu da qeyd etm\u0259k laz\u0131md\u0131r ki, Rusiya Federasiyas\u0131n\u0131n Kommunist Partiyas\u0131n\u0131n indiki aciz v\u0259 z\u0259if v\u0259ziyy\u0259tinin s\u0259b\u0259bi SSR\u0130-d\u0259 \u00f6z\u00fcn\u00fc kommunist adland\u0131ran bivec z\u00fcmr\u0259nin ciddi-c\u0259hdl\u0259 f\u0259hl\u0259 sinfini, onun h\u0259mkarlar t\u0259\u015fkilatlar\u0131n\u0131, ziyal\u0131lar\u0131, k\u0259ndlil\u0259ri sinfi simadan m\u0259hrumetm\u0259 siyas\u0259tidir.\n<\/p>\n<p>\n  \u201cSultan s\u0259rk\u0259rd\u0259d\u0259n soru\u015fur ki, qalan\u0131 d\u00fc\u015fm\u0259n\u0259 niy\u0259 t\u0259hvil vermis\u0259n?\u00a0S\u0259rk\u0259rd\u0259 cavab verir ki, \u0259y \u0259z\u0259m\u0259tli sultan\u0131m, bu m\u0259\u011flubiyy\u0259tin \u00e7ox s\u0259b\u0259bi var. \u018fvv\u0259la, bar\u0131t yox idi&#8230;\u00a0Sultan deyir ki, b\u0259sdir, qalan s\u0259b\u0259bl\u0259ri saymaya bil\u0259rs\u0259n\u201d.\n<\/p>\n<p>\n  <i><br \/>\n    <b><br \/>\n      Yaz\u0131 m\u00fc\u0259llifin fikirl\u0259rini \u0259ks etdirir v\u0259 Meydan TV-nin m\u00f6vqeyi il\u0259 \u00fcst-\u00fcst\u0259 d\u00fc\u015fm\u0259y\u0259 bil\u0259r.<br \/>\n    <\/b><br \/>\n  <\/i><\/p>\n","protected":false},"excerpt":{"rendered":"<p>Misal \u00fc\u00e7\u00fcn, uza\u011fa getm\u0259y\u0259k, mart\u0131n 18-d\u0259 sona yetmi\u015f Rusiya se\u00e7kil\u0259rind\u0259 iki \u0259sas namiz\u0259d var idi<\/p>\n","protected":false},"author":11,"featured_media":81375,"comment_status":"closed","ping_status":"open","sticky":false,"template":"","format":"standard","meta":{"_acf_changed":false,"_sitemap_exclude":false,"_sitemap_priority":"","_sitemap_frequency":"","footnotes":""},"categories":[57],"tags":[],"class_list":["post-189210","post","type-post","status-publish","format-standard","has-post-thumbnail","hentry","category-menim-fikrimce","infinite-scroll-item","generate-columns","tablet-grid-50","mobile-grid-100","grid-parent","grid-33","no-featured-image-padding"],"acf":[],"yoast_head":"<!-- This site is optimized with the Yoast SEO plugin v27.5 - https:\/\/yoast.com\/product\/yoast-seo-wordpress\/ -->\n<title>Namiz\u0259dl\u0259r kimi t\u0259msil edir? - MEYDAN.TV<\/title>\n<meta name=\"robots\" content=\"index, follow, max-snippet:-1, max-image-preview:large, max-video-preview:-1\" \/>\n<link rel=\"canonical\" href=\"https:\/\/www.meydan.tv\/az\/article\/namizedler-kimi-temsil-edir\/\" \/>\n<meta property=\"og:locale\" content=\"az_AZ\" \/>\n<meta property=\"og:type\" content=\"article\" \/>\n<meta property=\"og:title\" content=\"Namiz\u0259dl\u0259r kimi t\u0259msil edir? - MEYDAN.TV\" \/>\n<meta property=\"og:description\" content=\"Misal \u00fc\u00e7\u00fcn, uza\u011fa getm\u0259y\u0259k, mart\u0131n 18-d\u0259 sona yetmi\u015f Rusiya se\u00e7kil\u0259rind\u0259 iki \u0259sas namiz\u0259d var idi\" \/>\n<meta property=\"og:url\" content=\"https:\/\/www.meydan.tv\/az\/article\/namizedler-kimi-temsil-edir\/\" \/>\n<meta property=\"og:site_name\" content=\"MEYDAN.TV\" \/>\n<meta property=\"article:published_time\" content=\"2018-03-24T21:14:23+00:00\" \/>\n<meta property=\"og:image\" content=\"https:\/\/www.meydan.tv\/wp-content\/uploads\/31837-1095x821.png\" \/>\n\t<meta property=\"og:image:width\" content=\"1095\" \/>\n\t<meta property=\"og:image:height\" content=\"821\" \/>\n\t<meta property=\"og:image:type\" content=\"image\/png\" \/>\n<meta name=\"author\" content=\"user-manager\" \/>\n<meta name=\"twitter:card\" content=\"summary_large_image\" \/>\n<script type=\"application\/ld+json\" class=\"yoast-schema-graph\">{\"@context\":\"https:\\\/\\\/schema.org\",\"@graph\":[{\"@type\":\"Article\",\"@id\":\"https:\\\/\\\/www.meydan.tv\\\/az\\\/article\\\/namizedler-kimi-temsil-edir\\\/#article\",\"isPartOf\":{\"@id\":\"https:\\\/\\\/www.meydan.tv\\\/az\\\/article\\\/namizedler-kimi-temsil-edir\\\/\"},\"author\":{\"name\":\"user-manager\",\"@id\":\"https:\\\/\\\/www.meydan.tv\\\/az\\\/#\\\/schema\\\/person\\\/10d11eccf6da3662cf5fdab9806ea91a\"},\"headline\":\"Namiz\u0259dl\u0259r kimi t\u0259msil edir?\",\"datePublished\":\"2018-03-24T21:14:23+00:00\",\"mainEntityOfPage\":{\"@id\":\"https:\\\/\\\/www.meydan.tv\\\/az\\\/article\\\/namizedler-kimi-temsil-edir\\\/\"},\"wordCount\":1193,\"publisher\":{\"@id\":\"https:\\\/\\\/www.meydan.tv\\\/az\\\/#organization\"},\"image\":{\"@id\":\"https:\\\/\\\/www.meydan.tv\\\/az\\\/article\\\/namizedler-kimi-temsil-edir\\\/#primaryimage\"},\"thumbnailUrl\":\"https:\\\/\\\/www.meydan.tv\\\/wp-content\\\/uploads\\\/31837.png\",\"articleSection\":[\"M\u0259nim Fikrimc\u0259\"],\"inLanguage\":\"az\"},{\"@type\":\"WebPage\",\"@id\":\"https:\\\/\\\/www.meydan.tv\\\/az\\\/article\\\/namizedler-kimi-temsil-edir\\\/\",\"url\":\"https:\\\/\\\/www.meydan.tv\\\/az\\\/article\\\/namizedler-kimi-temsil-edir\\\/\",\"name\":\"Namiz\u0259dl\u0259r kimi t\u0259msil edir? - MEYDAN.TV\",\"isPartOf\":{\"@id\":\"https:\\\/\\\/www.meydan.tv\\\/az\\\/#website\"},\"primaryImageOfPage\":{\"@id\":\"https:\\\/\\\/www.meydan.tv\\\/az\\\/article\\\/namizedler-kimi-temsil-edir\\\/#primaryimage\"},\"image\":{\"@id\":\"https:\\\/\\\/www.meydan.tv\\\/az\\\/article\\\/namizedler-kimi-temsil-edir\\\/#primaryimage\"},\"thumbnailUrl\":\"https:\\\/\\\/www.meydan.tv\\\/wp-content\\\/uploads\\\/31837.png\",\"datePublished\":\"2018-03-24T21:14:23+00:00\",\"breadcrumb\":{\"@id\":\"https:\\\/\\\/www.meydan.tv\\\/az\\\/article\\\/namizedler-kimi-temsil-edir\\\/#breadcrumb\"},\"inLanguage\":\"az\",\"potentialAction\":[{\"@type\":\"ReadAction\",\"target\":[\"https:\\\/\\\/www.meydan.tv\\\/az\\\/article\\\/namizedler-kimi-temsil-edir\\\/\"]}]},{\"@type\":\"ImageObject\",\"inLanguage\":\"az\",\"@id\":\"https:\\\/\\\/www.meydan.tv\\\/az\\\/article\\\/namizedler-kimi-temsil-edir\\\/#primaryimage\",\"url\":\"https:\\\/\\\/www.meydan.tv\\\/wp-content\\\/uploads\\\/31837.png\",\"contentUrl\":\"https:\\\/\\\/www.meydan.tv\\\/wp-content\\\/uploads\\\/31837.png\",\"width\":2732,\"height\":2048,\"caption\":\"Source:\"},{\"@type\":\"BreadcrumbList\",\"@id\":\"https:\\\/\\\/www.meydan.tv\\\/az\\\/article\\\/namizedler-kimi-temsil-edir\\\/#breadcrumb\",\"itemListElement\":[{\"@type\":\"ListItem\",\"position\":1,\"name\":\"Ana s\u0259hif\u0259\",\"item\":\"https:\\\/\\\/www.meydan.tv\\\/az\\\/\"},{\"@type\":\"ListItem\",\"position\":2,\"name\":\"M\u0259nim Fikrimc\u0259\",\"item\":\"https:\\\/\\\/www.meydan.tv\\\/az\\\/section\\\/menim-fikrimce\\\/\"},{\"@type\":\"ListItem\",\"position\":3,\"name\":\"Namiz\u0259dl\u0259r kimi t\u0259msil edir?\"}]},{\"@type\":\"WebSite\",\"@id\":\"https:\\\/\\\/www.meydan.tv\\\/az\\\/#website\",\"url\":\"https:\\\/\\\/www.meydan.tv\\\/az\\\/\",\"name\":\"MEYDAN.TV\",\"description\":\"Meydan TV Az\u0259rbaycan\u0131n media m\u0259kan\u0131ndak\u0131 alternativ s\u0259sidir\",\"publisher\":{\"@id\":\"https:\\\/\\\/www.meydan.tv\\\/az\\\/#organization\"},\"potentialAction\":[{\"@type\":\"SearchAction\",\"target\":{\"@type\":\"EntryPoint\",\"urlTemplate\":\"https:\\\/\\\/www.meydan.tv\\\/az\\\/?s={search_term_string}\"},\"query-input\":{\"@type\":\"PropertyValueSpecification\",\"valueRequired\":true,\"valueName\":\"search_term_string\"}}],\"inLanguage\":\"az\"},{\"@type\":\"Organization\",\"@id\":\"https:\\\/\\\/www.meydan.tv\\\/az\\\/#organization\",\"name\":\"Meydan TV\",\"url\":\"https:\\\/\\\/www.meydan.tv\\\/az\\\/\",\"logo\":{\"@type\":\"ImageObject\",\"inLanguage\":\"az\",\"@id\":\"https:\\\/\\\/www.meydan.tv\\\/az\\\/#\\\/schema\\\/logo\\\/image\\\/\",\"url\":\"https:\\\/\\\/www.meydan.tv\\\/wp-content\\\/uploads\\\/2021\\\/07\\\/meydan-logo.svg\",\"contentUrl\":\"https:\\\/\\\/www.meydan.tv\\\/wp-content\\\/uploads\\\/2021\\\/07\\\/meydan-logo.svg\",\"width\":195,\"height\":46,\"caption\":\"Meydan TV\"},\"image\":{\"@id\":\"https:\\\/\\\/www.meydan.tv\\\/az\\\/#\\\/schema\\\/logo\\\/image\\\/\"}},{\"@type\":\"Person\",\"@id\":\"https:\\\/\\\/www.meydan.tv\\\/az\\\/#\\\/schema\\\/person\\\/10d11eccf6da3662cf5fdab9806ea91a\",\"name\":\"user-manager\"}]}<\/script>\n<!-- \/ Yoast SEO plugin. -->","yoast_head_json":{"title":"Namiz\u0259dl\u0259r kimi t\u0259msil edir? - MEYDAN.TV","robots":{"index":"index","follow":"follow","max-snippet":"max-snippet:-1","max-image-preview":"max-image-preview:large","max-video-preview":"max-video-preview:-1"},"canonical":"https:\/\/www.meydan.tv\/az\/article\/namizedler-kimi-temsil-edir\/","og_locale":"az_AZ","og_type":"article","og_title":"Namiz\u0259dl\u0259r kimi t\u0259msil edir? - MEYDAN.TV","og_description":"Misal \u00fc\u00e7\u00fcn, uza\u011fa getm\u0259y\u0259k, mart\u0131n 18-d\u0259 sona yetmi\u015f Rusiya se\u00e7kil\u0259rind\u0259 iki \u0259sas namiz\u0259d var idi","og_url":"https:\/\/www.meydan.tv\/az\/article\/namizedler-kimi-temsil-edir\/","og_site_name":"MEYDAN.TV","article_published_time":"2018-03-24T21:14:23+00:00","og_image":[{"width":1095,"height":821,"url":"https:\/\/www.meydan.tv\/wp-content\/uploads\/31837-1095x821.png","type":"image\/png"}],"author":"user-manager","twitter_card":"summary_large_image","schema":{"@context":"https:\/\/schema.org","@graph":[{"@type":"Article","@id":"https:\/\/www.meydan.tv\/az\/article\/namizedler-kimi-temsil-edir\/#article","isPartOf":{"@id":"https:\/\/www.meydan.tv\/az\/article\/namizedler-kimi-temsil-edir\/"},"author":{"name":"user-manager","@id":"https:\/\/www.meydan.tv\/az\/#\/schema\/person\/10d11eccf6da3662cf5fdab9806ea91a"},"headline":"Namiz\u0259dl\u0259r kimi t\u0259msil edir?","datePublished":"2018-03-24T21:14:23+00:00","mainEntityOfPage":{"@id":"https:\/\/www.meydan.tv\/az\/article\/namizedler-kimi-temsil-edir\/"},"wordCount":1193,"publisher":{"@id":"https:\/\/www.meydan.tv\/az\/#organization"},"image":{"@id":"https:\/\/www.meydan.tv\/az\/article\/namizedler-kimi-temsil-edir\/#primaryimage"},"thumbnailUrl":"https:\/\/www.meydan.tv\/wp-content\/uploads\/31837.png","articleSection":["M\u0259nim Fikrimc\u0259"],"inLanguage":"az"},{"@type":"WebPage","@id":"https:\/\/www.meydan.tv\/az\/article\/namizedler-kimi-temsil-edir\/","url":"https:\/\/www.meydan.tv\/az\/article\/namizedler-kimi-temsil-edir\/","name":"Namiz\u0259dl\u0259r kimi t\u0259msil edir? - MEYDAN.TV","isPartOf":{"@id":"https:\/\/www.meydan.tv\/az\/#website"},"primaryImageOfPage":{"@id":"https:\/\/www.meydan.tv\/az\/article\/namizedler-kimi-temsil-edir\/#primaryimage"},"image":{"@id":"https:\/\/www.meydan.tv\/az\/article\/namizedler-kimi-temsil-edir\/#primaryimage"},"thumbnailUrl":"https:\/\/www.meydan.tv\/wp-content\/uploads\/31837.png","datePublished":"2018-03-24T21:14:23+00:00","breadcrumb":{"@id":"https:\/\/www.meydan.tv\/az\/article\/namizedler-kimi-temsil-edir\/#breadcrumb"},"inLanguage":"az","potentialAction":[{"@type":"ReadAction","target":["https:\/\/www.meydan.tv\/az\/article\/namizedler-kimi-temsil-edir\/"]}]},{"@type":"ImageObject","inLanguage":"az","@id":"https:\/\/www.meydan.tv\/az\/article\/namizedler-kimi-temsil-edir\/#primaryimage","url":"https:\/\/www.meydan.tv\/wp-content\/uploads\/31837.png","contentUrl":"https:\/\/www.meydan.tv\/wp-content\/uploads\/31837.png","width":2732,"height":2048,"caption":"Source:"},{"@type":"BreadcrumbList","@id":"https:\/\/www.meydan.tv\/az\/article\/namizedler-kimi-temsil-edir\/#breadcrumb","itemListElement":[{"@type":"ListItem","position":1,"name":"Ana s\u0259hif\u0259","item":"https:\/\/www.meydan.tv\/az\/"},{"@type":"ListItem","position":2,"name":"M\u0259nim Fikrimc\u0259","item":"https:\/\/www.meydan.tv\/az\/section\/menim-fikrimce\/"},{"@type":"ListItem","position":3,"name":"Namiz\u0259dl\u0259r kimi t\u0259msil edir?"}]},{"@type":"WebSite","@id":"https:\/\/www.meydan.tv\/az\/#website","url":"https:\/\/www.meydan.tv\/az\/","name":"MEYDAN.TV","description":"Meydan TV Az\u0259rbaycan\u0131n media m\u0259kan\u0131ndak\u0131 alternativ s\u0259sidir","publisher":{"@id":"https:\/\/www.meydan.tv\/az\/#organization"},"potentialAction":[{"@type":"SearchAction","target":{"@type":"EntryPoint","urlTemplate":"https:\/\/www.meydan.tv\/az\/?s={search_term_string}"},"query-input":{"@type":"PropertyValueSpecification","valueRequired":true,"valueName":"search_term_string"}}],"inLanguage":"az"},{"@type":"Organization","@id":"https:\/\/www.meydan.tv\/az\/#organization","name":"Meydan TV","url":"https:\/\/www.meydan.tv\/az\/","logo":{"@type":"ImageObject","inLanguage":"az","@id":"https:\/\/www.meydan.tv\/az\/#\/schema\/logo\/image\/","url":"https:\/\/www.meydan.tv\/wp-content\/uploads\/2021\/07\/meydan-logo.svg","contentUrl":"https:\/\/www.meydan.tv\/wp-content\/uploads\/2021\/07\/meydan-logo.svg","width":195,"height":46,"caption":"Meydan TV"},"image":{"@id":"https:\/\/www.meydan.tv\/az\/#\/schema\/logo\/image\/"}},{"@type":"Person","@id":"https:\/\/www.meydan.tv\/az\/#\/schema\/person\/10d11eccf6da3662cf5fdab9806ea91a","name":"user-manager"}]}},"_links":{"self":[{"href":"https:\/\/www.meydan.tv\/az\/wp-json\/wp\/v2\/posts\/189210","targetHints":{"allow":["GET"]}}],"collection":[{"href":"https:\/\/www.meydan.tv\/az\/wp-json\/wp\/v2\/posts"}],"about":[{"href":"https:\/\/www.meydan.tv\/az\/wp-json\/wp\/v2\/types\/post"}],"author":[{"embeddable":true,"href":"https:\/\/www.meydan.tv\/az\/wp-json\/wp\/v2\/users\/11"}],"replies":[{"embeddable":true,"href":"https:\/\/www.meydan.tv\/az\/wp-json\/wp\/v2\/comments?post=189210"}],"version-history":[{"count":0,"href":"https:\/\/www.meydan.tv\/az\/wp-json\/wp\/v2\/posts\/189210\/revisions"}],"wp:featuredmedia":[{"embeddable":true,"href":"https:\/\/www.meydan.tv\/az\/wp-json\/wp\/v2\/media\/81375"}],"wp:attachment":[{"href":"https:\/\/www.meydan.tv\/az\/wp-json\/wp\/v2\/media?parent=189210"}],"wp:term":[{"taxonomy":"category","embeddable":true,"href":"https:\/\/www.meydan.tv\/az\/wp-json\/wp\/v2\/categories?post=189210"},{"taxonomy":"post_tag","embeddable":true,"href":"https:\/\/www.meydan.tv\/az\/wp-json\/wp\/v2\/tags?post=189210"}],"curies":[{"name":"wp","href":"https:\/\/api.w.org\/{rel}","templated":true}]}}