{"id":189153,"date":"2018-03-17T20:16:10","date_gmt":"2018-03-17T20:16:10","guid":{"rendered":"https:\/\/www.meydan.tv\/article\/sovet-nemezidasi\/"},"modified":"2018-03-17T20:16:10","modified_gmt":"2018-03-17T20:16:10","slug":"sovet-nemezidasi","status":"publish","type":"post","link":"https:\/\/www.meydan.tv\/az\/article\/sovet-nemezidasi\/","title":{"rendered":"Sovet nemezidas\u0131"},"content":{"rendered":"<p>\n  D\u00fcnya Sergey Skripal v\u0259 q\u0131z\u0131n\u0131n z\u0259h\u0259rl\u0259nm\u0259si il\u0259 ba\u011fl\u0131 B\u00f6y\u00fck Britaniya v\u0259 Rusiya aras\u0131nda c\u0259r\u0259yan ed\u0259n g\u0259rginliyi maraq v\u0259 h\u0259y\u0259canla izl\u0259m\u0259kd\u0259dir.\n<\/p>\n<p>\n  1951-ci il do\u011fumlu Sergey Skripal SSR\u0130 v\u0259 Rusiyan\u0131n h\u0259rbi k\u0259\u015ffiyyat\u0131n \u0259m\u0259kda\u015f\u0131 olub. 1995-ci ild\u0259 \u0130spaniyadak\u0131 s\u0259firlikd\u0259 h\u0259rbi atta\u015fe i\u015fl\u0259y\u0259rk\u0259n ingilisl\u0259rin M\u0130-6 k\u0259\u015ffiyyat xidm\u0259ti t\u0259r\u0259find\u0259n \u0259l\u0259 al\u0131n\u0131b. 1999-cu ild\u0259 t\u0259qa\u00fcd\u0259 \u00e7\u0131xsa da, \u00f6z \u0259laq\u0259l\u0259ri vasit\u0259sil\u0259 m\u0259xfi m\u0259lumatlar\u0131 \u0259ld\u0259 edib ingilisl\u0259r\u0259 \u00f6t\u00fcrm\u0259kd\u0259 davam edib. \u0130ddialara g\u00f6r\u0259, 2004-c\u00fc ild\u0259 h\u0259bs olunana q\u0259d\u0259r M\u0130-6-ya 20 min\u0259 q\u0259d\u0259r m\u0259xfi s\u0259n\u0259d \u00f6t\u00fcr\u00fcb.\n<\/p>\n<p>\n  Sergey Skripal if\u015fa edildikd\u0259n sonra 13 il m\u00fcdd\u0259tin\u0259 azadl\u0131qdan m\u0259hrum edilib. 2010-cu ild\u0259 is\u0259 daha 3 n\u0259f\u0259rl\u0259 birlikd\u0259 \u0259fv edilib. D\u00f6rdl\u00fck el\u0259 h\u0259min il Vyana aeroportunda ba\u015f tutan m\u00fcbadil\u0259 zaman\u0131 AB\u015e-da h\u0259bs olunmu\u015f 10 Rusiya k\u0259\u015ffiyyat\u00e7\u0131s\u0131 (m\u0259\u015fhur Anna \u00c7apman v\u0259 dig\u0259rl\u0259ri) il\u0259 d\u0259yi\u015fdirilibl\u0259r. Bundan sonra Skripal Londondan 140 km-lik m\u0259saf\u0259d\u0259 yerl\u0259\u015f\u0259n ki\u00e7ik Solsberi \u015f\u0259h\u0259rind\u0259 m\u0259skunla\u015f\u0131b.\n<\/p>\n<p>\n  Mart\u0131n 4-d\u0259 ke\u00e7mi\u015f k\u0259\u015ffiyyat\u00e7\u0131 Moskvadan ziyar\u0259tin\u0259 g\u0259lmi\u015f q\u0131z\u0131 Yuliya il\u0259 italyan restoran\u0131nda nahar edirl\u0259r. Daha sonra barda v\u0259 ticar\u0259t m\u0259rk\u0259zind\u0259 olurlar. El\u0259 ticar\u0259t m\u0259rk\u0259zinin yax\u0131nl\u0131\u011f\u0131ndak\u0131 skamyada h\u0259r ikisi hu\u015fsuz v\u0259ziyy\u0259td\u0259 tap\u0131l\u0131rlar. Haz\u0131rda ata v\u0259 q\u0131z\u0131 koma v\u0259ziyy\u0259tind\u0259 reanimasiyadad\u0131rlar.\n<\/p>\n<p>\n  \u0130lkin ara\u015fd\u0131rmalara g\u00f6r\u0259, Skripal v\u0259 q\u0131z\u0131 h\u0259l\u0259 SSR\u0130 zaman\u0131 istehsal olunan \u201cNovi\u00e7ok\u201d adl\u0131 sinir qaz\u0131 il\u0259 z\u0259h\u0259rl\u0259nibl\u0259r. M\u0259hz bu faktor v\u0259 kimy\u0259vi \u0259\u015fyan\u0131n h\u0259l\u0259 Moskvada ik\u0259n Yuliyan\u0131n \u00e7antas\u0131na yerl\u0259\u015fdirilm\u0259si ehtimal\u0131 B\u00f6y\u00fck Britaniya h\u00f6kum\u0259tini cinay\u0259td\u0259 Rusiyan\u0131 ittiham etm\u0259sin\u0259 \u0259sas olub.\n<\/p>\n<p>\n  Onu da qeyd ed\u0259k ki, hadis\u0259 n\u0259tic\u0259sind\u0259 t\u0259kc\u0259 Skripallar z\u0259r\u0259r \u00e7\u0259km\u0259yib. 46 n\u0259f\u0259r tibbi yard\u0131m \u00fc\u00e7\u00fcn m\u00fcraci\u0259t edib. Ata v\u0259 \u00f6vlad\u0131n\u0131n ziyar\u0259t etdikl\u0259ri bir \u00e7ox yerd\u0259 \u201cNovi\u00e7ok\u201d-un izin\u0259 rast g\u0259linib. Solsberi \u015f\u0259h\u0259rin\u0259 kimy\u0259vi h\u00fccumdan m\u00fcdafi\u0259 \u00fczr\u0259 ixtisasla\u015fan h\u0259rb\u00e7il\u0259r ezam olunub.\n<\/p>\n<p>\n  Rusiyaya v\u0259 \u015f\u0259xs\u0259n Putin\u0259 \u00fcnvanlanm\u0131\u015f ittihamlar\u0131n n\u0259 d\u0259r\u0259c\u0259d\u0259 \u0259sasl\u0131 oldu\u011funu s\u00f6yl\u0259m\u0259k \u00e7\u0259tindir. Normal m\u0259ntiql\u0259 art\u0131q 7 il \u00f6nc\u0259 r\u0259qib t\u0259r\u0259f\u0259 verilmi\u015f, bildiyi b\u00fct\u00fcn sirl\u0259ri britaniyal\u0131 h\u0259mkarlar\u0131 il\u0259 b\u00f6l\u00fc\u015fm\u0259y\u0259 macal tapm\u0131\u015f birisinin q\u0259tlini izah etm\u0259k \u00e7\u0259tindir. Lakin unutmayaq ki, diktatorlar\u0131n m\u0259ntiqi he\u00e7 d\u0259 normal olmur. Dig\u0259r t\u0259r\u0259fd\u0259n bel\u0259 aktlar h\u0259m d\u0259 perspektiv\u0259 hesablan\u0131r \u2013 g\u0259l\u0259c\u0259kd\u0259 qar\u015f\u0131 t\u0259r\u0259f\u0259 ke\u00e7\u0259 bil\u0259c\u0259k \u015f\u0259xsl\u0259rin g\u00f6z\u00fcn\u00fc qorxutma\u011fa.\n<\/p>\n<p>\n  Bununla bel\u0259, bu m\u0259qal\u0259nin m\u0259qs\u0259di cinay\u0259tin detallar\u0131n\u0131 v\u0259 istintaq\u0131n gedi\u015fini ara\u015fd\u0131rmaq deyil, Moskva t\u0259r\u0259find\u0259n sanksiyala\u015fd\u0131r\u0131lm\u0131\u015f analoji cinay\u0259tl\u0259ri xat\u0131rlatmaqd\u0131r. Bel\u0259 ki, bir \u00e7ox totalitar d\u00f6vl\u0259tl\u0259r kimi SSR\u0130-d\u0259 d\u0259 bel\u0259 q\u0259tll\u0259r normal praktika say\u0131l\u0131rd\u0131.\n<\/p>\n<p>\n  ***\n<\/p>\n<p>\n  Hesab olunur ki, sovet orqanlar\u0131 t\u0259r\u0259find\u0259n f\u0259rariliy\u0259 g\u00f6r\u0259 q\u0259tl edilmi\u015f ilk \u015f\u0259xs Vladimir Stepanovi\u00e7 Nesterov olub. O, Oktyabr \u00e7evrili\u015find\u0259n sonra Rusiyan\u0131 b\u00fcr\u00fcm\u00fc\u015f V\u0259t\u0259nda\u015f m\u00fcharib\u0259sinin q\u0259hr\u0259manlar\u0131ndan say\u0131l\u0131rd\u0131. \u018fn y\u00fcks\u0259k v\u0259zif\u0259si diviziya komandiri olan Nesterovi\u00e7 1924-c\u00fc ild\u0259 etibar\u0259n q\u0131rm\u0131z\u0131 ordunun k\u0259\u015ffiyyat idar\u0259sind\u0259 i\u015fl\u0259m\u0259y\u0259 ba\u015flay\u0131r.\n<\/p>\n<p>\n  1925-ci Vladimir Stepanovi\u00e7 saxta adla Avstriyaya g\u00f6nd\u0259rilir. Burada dig\u0259r sah\u0259l\u0259rl\u0259 yana\u015f\u0131 Bolqar\u0131stan Kommunist Partiyas\u0131n\u0131n f\u0259aliyy\u0259tin\u0259 kurasiya edir. Aprelin 15-d\u0259 bolqar kommunistl\u0259rinin Sofiya kafedral m\u0259b\u0259dind\u0259 t\u00f6r\u0259tdikl\u0259ri partlay\u0131\u015f n\u0259tic\u0259sind\u0259 213 n\u0259f\u0259r (134 n\u0259f\u0259r d\u0259rhal, 79 n\u0259f\u0259r sonrak\u0131 g\u00fcnl\u0259rd\u0259) h\u0259lak olur, 500 n\u0259f\u0259r\u0259 yax\u0131n adam yaralan\u0131r.\n<\/p>\n<p>\n  Bu qanl\u0131 cinay\u0259td\u0259n sars\u0131lan Nesterovi\u00e7 sovet d\u00f6vl\u0259ti il\u0259 \u0259laq\u0259ni k\u0259sir v\u0259 Almaniyaya m\u00fchacir\u0259t edir. Onun satq\u0131nl\u0131\u011f\u0131, bildiyi sirl\u0259ri ba\u015fqa d\u00f6vl\u0259tl\u0259r\u0259 \u00f6t\u00fcrm\u0259si haqq\u0131nda he\u00e7 bir m\u0259lumat yoxdur. Bununla bel\u0259, sovet r\u0259hb\u0259rliyi onun aradan g\u00f6t\u00fcr\u00fclm\u0259sini q\u0259rara al\u0131r. Avqustun 6-da Maynts \u015f\u0259h\u0259rind\u0259ki kafed\u0259 nahar ed\u0259n Nesterovi\u00e7 2 alman kommunisti t\u0259r\u0259find\u0259n z\u0259h\u0259rl\u0259n\u0259r\u0259k \u00f6ld\u00fcr\u00fcl\u00fcr.\n<\/p>\n<p>\n  ***\n<\/p>\n<p>\n  \u018fg\u0259r Nesterovi\u00e7 olduqca operativ sur\u0259td\u0259, c\u0259mi bir ne\u00e7\u0259 ay \u0259rzind\u0259 c\u0259zaland\u0131r\u0131ld\u0131sa, dig\u0259r f\u0259rarinin c\u0259zaland\u0131r\u0131lmas\u0131 \u00fc\u00e7\u00fcn 7 il laz\u0131m g\u0259ldi. Erm\u0259ni \u0259silli Georgi Sergeyevi\u00e7 A\u011fab\u0259yov da V\u0259t\u0259nda\u015f m\u00fcharib\u0259sinin i\u015ftirak\u00e7\u0131lar\u0131ndan idi. Daha sonra is\u0259 k\u0259\u015ffiyyat orqanlar\u0131na ke\u00e7mi\u015fdi. Bir m\u00fcdd\u0259t Orta Asiya respublikalar\u0131nda f\u0259aliyy\u0259t g\u00f6st\u0259rdikd\u0259n sonra xaric\u0259 g\u00f6nd\u0259rilmi\u015fdi.\n<\/p>\n<p>\n  \u018fvv\u0259lc\u0259 \u018ffqanistanda, 1929-cu ild\u0259n etibar\u0259n is\u0259 T\u00fcrkiy\u0259d\u0259 f\u0259aliyy\u0259t g\u00f6st\u0259r\u0259n A\u011fab\u0259yov n\u00f6vb\u0259ti ild\u0259 Fransaya qa\u00e7\u0131r. Add\u0131m\u0131n\u0131n s\u0259b\u0259bini sovet k\u0259\u015ffiyyat\u0131n\u0131n metodlar\u0131 il\u0259 raz\u0131la\u015fmamaqla izah edir. Tezlikl\u0259 \u00e7ap etdirdiyi \u201cRusiyan\u0131n gizli terroru\u201d adl\u0131 kitab\u0131 say\u0259sind\u0259 \u0130randa f\u0259aliyy\u0259t g\u00f6st\u0259r\u0259n y\u00fczl\u0259rl\u0259 sovet agenti h\u0259bs olunur, Tehran v\u0259 Moskva aras\u0131nda m\u00fcnasib\u0259tl\u0259r xeyli g\u0259rginl\u0259\u015fir.\n<\/p>\n<p>\n  1937-ci ilin avqustunda sovet k\u0259\u015ffiyyat\u00e7\u0131lar\u0131n\u0131n \u0259m\u0259liyyat\u0131 n\u0259tic\u0259sind\u0259 A\u011fab\u0259yov q\u0259tl\u0259 yetirilir. Fransa-\u0130spaniya s\u0259rh\u0259dind\u0259 ba\u015f ver\u0259n bu hadis\u0259d\u0259n sonra A\u011fab\u0259yovun meyidi tap\u0131lm\u0131r.\n<\/p>\n<p>\n  ***\n<\/p>\n<p>\n  1936-c\u0131 ild\u0259 Daxili i\u015fl\u0259r xalq komissar\u0131 (NKVD r\u0259hb\u0259ri) Henrix Yaqoda v\u0259zif\u0259sind\u0259n azad olundu, n\u00f6vb\u0259ti ilin aprelind\u0259 is\u0259 h\u0259bs edildi. Bununla k\u0259\u015ffiyyat\u0131n da daxil oldu\u011fu NKVD sistemind\u0259 repressiyalara ba\u015flan\u0131ld\u0131.\n<\/p>\n<p>\n  Repressiyalar t\u0259kc\u0259 \u00f6lk\u0259 daxilind\u0259 deyil, xaricd\u0259 f\u0259aliyy\u0259t g\u00f6st\u0259r\u0259n k\u0259\u015ffiyyat\u00e7\u0131lar\u0131 da \u0259hat\u0259 edirdi. Onlar m\u00fcxt\u0259lif b\u0259han\u0259l\u0259rl\u0259 Moskvaya \u00e7a\u011fr\u0131l\u0131r, burada h\u0259bs edilir, sonra da bir qayda olaraq g\u00fcll\u0259l\u0259nirdil\u0259r. Sovet k\u0259\u015ffiyyat\u0131n\u0131 darmada\u011f\u0131n ed\u0259n bu c\u0259za dal\u011fas\u0131n\u0131n ac\u0131 n\u0259tic\u0259si sonralar \u0130kinci cahan sava\u015f\u0131 zaman\u0131 \u00f6z\u00fcn\u00fc ayd\u0131n g\u00f6st\u0259rdi.\n<\/p>\n<p>\n  Parisd\u0259 f\u0259aliyy\u0259t g\u00f6st\u0259r\u0259n k\u0259\u015ffiyyat\u00e7\u0131 \u0130qnatiy Reyss 1937-ci ilin iyulunda t\u0259cili Moskvaya qay\u0131tmaq tap\u015f\u0131r\u0131\u011f\u0131 al\u0131r. Lakin o, bu d\u0259v\u0259td\u0259n h\u0259bs t\u0259hl\u00fck\u0259si s\u0259b\u0259bind\u0259n imtina etm\u0259k q\u0259rar\u0131na g\u0259ldi. Fransa q\u0259zetl\u0259rind\u0259 Stalin terrorunu pisl\u0259y\u0259n m\u0259qal\u0259 il\u0259 \u00e7\u0131x\u0131\u015f ed\u0259n Reyss ail\u0259si il\u0259 birlikd\u0259 \u0130sve\u00e7r\u0259y\u0259 k\u00f6\u00e7\u00fcr.\n<\/p>\n<p>\n  Deyil\u0259nl\u0259r\u0259 g\u00f6r\u0259, Reyssin add\u0131m\u0131 bar\u0259d\u0259 e\u015fid\u0259n Stalin ba\u015fqalar\u0131nda g\u00f6zda\u011f\u0131 olmas\u0131 \u00fc\u00e7\u00fcn onun ail\u0259si il\u0259 birlikd\u0259 (!) m\u0259hv edilm\u0259si g\u00f6st\u0259ri\u015fini verir. Lakin tap\u015f\u0131r\u0131q yaln\u0131z qism\u0259n icra olunur. Art\u0131q sentyabr\u0131n 4-d\u0259 Reyss Lozanna \u015f\u0259h\u0259ri yax\u0131nl\u0131\u011f\u0131nda q\u0259tl\u0259 yetirilir.\n<\/p>\n<p>\n  Q\u0259tl\u0259 analoji \u0259m\u0259liyyatlarda ad \u00e7\u0131xarm\u0131\u015f Sergey \u015epiqelqlas r\u0259hb\u0259rlik edirdi. Reyssi repressiyalardan yay\u0131nmaq ist\u0259yin\u0259 g\u00f6r\u0259 c\u0259zaland\u0131ran \u015epiqelqlas \u00f6z\u00fc sonradan h\u0259bs edildi v\u0259 1941-ci ild\u0259 g\u00fcll\u0259l\u0259ndi.\n<\/p>\n<\/p>\n<p>\n  ***\n<\/p>\n<p>\n  Reyss\u0259 tutulan divan\u0131n t\u0259sirind\u0259n idimi, yoxsa n\u0259d\u0259ns\u0259, SSR\u0130-y\u0259 \u00e7a\u011fr\u0131lan k\u0259\u015ffiyyat\u00e7\u0131lar t\u0131p\u0131\u015f-t\u0131p\u0131\u015f g\u0259lir, burada h\u0259bs edilir, i\u015fg\u0259nc\u0259l\u0259r alt\u0131nda c\u0259zalar\u0131n\u0131 etiraf edir v\u0259 g\u00fcll\u0259l\u0259nirdil\u0259r. Lakin azsayl\u0131 istisnalar da olurdu. M\u0259qal\u0259nin m\u00f6vzusuna aid olmasa da, oxucu \u00fc\u00e7\u00fcn maraql\u0131 ola bil\u0259c\u0259yin\u0259 g\u00f6r\u0259 bel\u0259 bir istisnadan b\u0259hs ed\u0259c\u0259yik.\n<\/p>\n<p>\n  \u0130spaniyada f\u0259aliyy\u0259t g\u00f6st\u0259r\u0259n k\u0259\u015ffiyyat\u00e7\u0131 Aleksandr Mixaylovi\u00e7 Orlov 1938-ci ilin fevral\u0131nda \u015epiqelqlas il\u0259 g\u00f6r\u00fc\u015fm\u0259k \u00fc\u00e7\u00fcn Antverpen\u0259 g\u0259lm\u0259li idi. Lakin bu g\u00f6r\u00fc\u015fd\u0259n yax\u015f\u0131 bir \u015fey g\u00f6zl\u0259m\u0259y\u0259n Orlov ail\u0259si il\u0259 birlikd\u0259 Fransaya, oradan da AB\u015e-a qa\u00e7\u0131r.\n<\/p>\n<p>\n  SSR\u0130-d\u0259 ya\u015fayan qohumlar\u0131n\u0131, h\u0259m\u00e7inin \u00f6z\u00fcn\u00fc v\u0259 ail\u0259sini qorumaq m\u0259qs\u0259dil\u0259 Orlov bildiyi he\u00e7 bir sirri a\u00e7mayaca\u011f\u0131, tan\u0131d\u0131\u011f\u0131 k\u0259\u015ffiyyat\u00e7\u0131lar\u0131 if\u015fa etm\u0259y\u0259c\u0259yi bar\u0259d\u0259 sovet t\u0259r\u0259fin\u0259 x\u0259b\u0259r g\u00f6nd\u0259rir. Lakin qohumlar\u0131na v\u0259 ail\u0259sin\u0259 qar\u015f\u0131 repressiya c\u0259hdi olarsa, h\u0259r \u015feyi amerikanlara dan\u0131\u015faca\u011f\u0131n\u0131 bildirir.\n<\/p>\n<p>\n  B\u0259lk\u0259 bu x\u0259b\u0259rdarl\u0131q s\u0259b\u0259bind\u0259n, b\u0259lk\u0259 d\u0259 yax\u015f\u0131 gizl\u0259ndiyind\u0259n Orlov c\u0259zaland\u0131r\u0131lm\u0131r. Sovet n\u00fcmay\u0259nd\u0259si yaln\u0131z 1960-c\u0131 ill\u0259rd\u0259 Orlovu tap\u0131r v\u0259 v\u0259t\u0259n\u0259 qay\u0131tma\u011f\u0131 t\u0259klif edir, lakin imtina il\u0259 \u00fczl\u0259\u015fir.\n<\/p>\n<p>\n  ***\n<\/p>\n<p>\n  Sovet k\u0259\u015ffiyyat\u0131n\u0131n siyasi q\u0259tll\u0259ri \u0130kinci cahan sava\u015f\u0131ndan sonra da davam edir. Bu d\u0259f\u0259 h\u0259d\u0259f daha \u00e7ox sava\u015fdan sonra Q\u0259rbi Avropada m\u0259skunla\u015fan antikommunist v\u0259 milli h\u0259r\u0259katlar\u0131n n\u00fcmay\u0259nd\u0259l\u0259ri olur. Azadl\u0131q Radiosunun Az\u0259rbaycan b\u00f6lm\u0259sinin r\u0259hb\u0259ri \u018fbd\u00fcrr\u0259hman F\u0259t\u0259lib\u0259yli-D\u00fcd\u0259nginskinin 1954-c\u00fc ild\u0259 q\u0259tli d\u0259 bu q\u0259bild\u0259n idi.\n<\/p>\n<p>\n  Ukrayna milli h\u0259r\u0259kat\u0131n\u0131n f\u0259aliyy\u0259ti sovet k\u0259\u015ffiyyat orqanlar\u0131n\u0131 x\u00fcsusil\u0259 narahat edirdi. 1957-ci ilin oktyabr\u0131nda Ukrayna mill\u0259t\u00e7il\u0259ri t\u0259\u015fkilat\u0131n\u0131n (OUN) r\u0259hb\u0259rl\u0259rind\u0259n biri Lev Rebet q\u0259tl\u0259 yetirildi. Lakin \u0259sas h\u0259d\u0259f M\u00fcnhend\u0259 ya\u015fayan Stepan Bandera idi.\n<\/p>\n<p>\n  OUN-n t\u0259hl\u00fck\u0259sizlik xidm\u0259ti v\u0259 alman polisi 10 ild\u0259n art\u0131q m\u00fcdd\u0259td\u0259 Stepan Banderaya qar\u015f\u0131 y\u00f6n\u0259lmi\u015f bir ne\u00e7\u0259 sui-q\u0259sdin \u00fcst\u00fcn\u00fc a\u00e7ma\u011fa m\u00fcv\u0259ff\u0259q oldular. Lakin 1959-cu ild\u0259 sovet k\u0259\u015ffiyyat\u0131 n\u0259hay\u0259t ki, ist\u0259yin\u0259 nail oldu. Stepan Bandera ya\u015fad\u0131\u011f\u0131 evin gir\u0259c\u0259yind\u0259 q\u0259tl\u0259 yetirildi.\n<\/p>\n<p>\n  Sonralar ayd\u0131n oldu ki, h\u0259m Rebet, h\u0259m d\u0259 Banderan\u0131 eyni adam \u2013 Boqdan Sta\u015finski \u00f6ld\u00fcr\u00fcb. C\u0259mi 2 il sonra Sta\u015finski Q\u0259rbi Berlind\u0259n siyasi s\u0131\u011f\u0131nacaq ist\u0259di v\u0259 h\u0259r \u015feyi etiraf etdi. 8 illik h\u0259bs\u0259 m\u0259hkum edil\u0259m qatil m\u00fcdd\u0259tin yaln\u0131z yar\u0131s\u0131n\u0131 \u00e7\u0259kdikd\u0259n sonra azad olundu. Bundan sonrak\u0131 taleyi is\u0259 qaranl\u0131q olaraq qal\u0131r.\n<\/p>\n<p>\n  \u0130ddialara g\u00f6r\u0259 plastik \u0259m\u0259liyyat n\u0259tic\u0259sind\u0259 g\u00f6r\u00fcn\u00fc\u015f\u00fc, el\u0259c\u0259 d\u0259 ad-soyad\u0131 d\u0259yi\u015fdirilmi\u015f Boqdan Sta\u015finski indi d\u0259 AB\u015e-da ya\u015fay\u0131r.\n<\/p>\n<p>\n  ***\n<\/p>\n<p>\n  Sovet t\u0259hl\u00fck\u0259sizlik orqanlar\u0131 b\u0259z\u0259n \u201cqarda\u015f sosialist \u00f6lk\u0259l\u0259ri\u201dnin yard\u0131m\u0131na da yeti\u015firdil\u0259r. Bel\u0259 hallardan biri d\u0259 bolqar dissidenti Georgi Markovun l\u0259\u011fvi il\u0259 ba\u011fl\u0131d\u0131r.\n<\/p>\n<p>\n  Antikommunist g\u00f6r\u00fc\u015fl\u0259r\u0259 malik olan Markov 1969-cu ild\u0259 \u0130ngilt\u0259r\u0259y\u0259 qa\u00e7m\u0131\u015fd\u0131 v\u0259 burada BBC radiosunda i\u015f\u0259 d\u00fcz\u0259lmi\u015fdi. 1978-ci ilin sentyabr\u0131nda dissident i\u015f\u0259 ged\u0259rk\u0259n nam\u0259lum \u015f\u0259xsin \u00e7\u0259tiri il\u0259 toqqu\u015fur, aya\u011f\u0131na n\u0259yins\u0259 batd\u0131\u011f\u0131n\u0131 hiss edir. Ert\u0259si g\u00fcn g\u00fccl\u00fc h\u0259rar\u0259t, \u00fcr\u0259k bulanmalar\u0131 ba\u015flay\u0131r. \u00c7\u0259tirl\u0259 ba\u011fl\u0131 insidenti xat\u0131rlayan Markov bunu yax\u0131nlar\u0131na dan\u0131\u015f\u0131r v\u0259 3 g\u00fcn sonra v\u0259fat edir.\n<\/p>\n<p>\n  Meyidin m\u00fcayin\u0259si zaman\u0131 ayd\u0131n olur ki, \u00e7\u0259tird\u0259n a\u00e7\u0131lan at\u0259\u015f n\u0259tic\u0259sind\u0259 Markovun aya\u011f\u0131na ri\u00e7in adl\u0131 toksik madd\u0259 da\u015f\u0131yan metal kapsul yerl\u0259\u015fdirilib. SSR\u0130 da\u011f\u0131landan sonra KQB general\u0131 Oleq Kaluqin q\u0259tlin bolqar t\u0259r\u0259finin ist\u0259yi il\u0259 sovet agentl\u0259rinin h\u0259yata ke\u00e7irdiyini s\u00f6yl\u0259di. Lakin bilavasit\u0259 icra\u00e7\u0131n\u0131n \u015f\u0259xsiyy\u0259ti a\u00e7\u0131lmam\u0131\u015f qald\u0131.\n<\/p>\n<p>\n  ***\n<\/p>\n<p>\n  T\u0259svir etdiyimiz q\u0259tll\u0259r sovet t\u0259cr\u00fcb\u0259sinin yaln\u0131z ki\u00e7ik bir hiss\u0259sidir. Trotskinin, a\u011fqvardiya\u00e7\u0131lar\u0131n q\u0259tli v\u0259 dig\u0259r epizodlar \u00f6z \u0259ksini tapmay\u0131b. Onlar\u0131n ham\u0131s\u0131n\u0131 bir m\u0259qal\u0259d\u0259 \u0259hat\u0259 etm\u0259k zat\u0259n m\u00fcmk\u00fcn deyil. Bunun \u00fc\u00e7\u00fcn monoqrafiya yazmaq laz\u0131md\u0131r.\n<\/p>\n<p>\n  P.S. Nemezida q\u0259dim yunan mifologiyas\u0131n g\u00f6r\u0259 qisas ilah\u0259si say\u0131l\u0131rd\u0131.\n<\/p>\n<p>\n  <i><br \/>\n    <b><br \/>\n      Yaz\u0131 m\u00fc\u0259llifin fikirl\u0259rini \u0259ks etdirir v\u0259 Meydan TV-nin m\u00f6vqeyi il\u0259 \u00fcst-\u00fcst\u0259 d\u00fc\u015fm\u0259y\u0259 bil\u0259r.<br \/>\n    <\/b><br \/>\n  <\/i><\/p>\n","protected":false},"excerpt":{"rendered":"<p>D\u00fcnya Sergey Skripal v\u0259 q\u0131z\u0131n\u0131n z\u0259h\u0259rl\u0259nm\u0259si il\u0259 ba\u011fl\u0131 B\u00f6y\u00fck Britaniya v\u0259 Rusiya aras\u0131nda c\u0259r\u0259yan ed\u0259n g\u0259rginliyi maraq v\u0259 h\u0259y\u0259canla izl\u0259m\u0259kd\u0259dir<\/p>\n","protected":false},"author":11,"featured_media":100937,"comment_status":"closed","ping_status":"open","sticky":false,"template":"","format":"standard","meta":{"_acf_changed":false,"_sitemap_exclude":false,"_sitemap_priority":"","_sitemap_frequency":"","footnotes":""},"categories":[57],"tags":[],"class_list":["post-189153","post","type-post","status-publish","format-standard","has-post-thumbnail","hentry","category-menim-fikrimce","infinite-scroll-item","generate-columns","tablet-grid-50","mobile-grid-100","grid-parent","grid-33","no-featured-image-padding"],"acf":[],"yoast_head":"<!-- This site is optimized with the Yoast SEO plugin v27.5 - https:\/\/yoast.com\/product\/yoast-seo-wordpress\/ -->\n<title>Sovet nemezidas\u0131 - MEYDAN.TV<\/title>\n<meta name=\"robots\" content=\"index, follow, max-snippet:-1, max-image-preview:large, max-video-preview:-1\" \/>\n<link rel=\"canonical\" href=\"https:\/\/www.meydan.tv\/az\/article\/sovet-nemezidasi\/\" \/>\n<meta property=\"og:locale\" content=\"az_AZ\" \/>\n<meta property=\"og:type\" content=\"article\" \/>\n<meta property=\"og:title\" content=\"Sovet nemezidas\u0131 - MEYDAN.TV\" \/>\n<meta property=\"og:description\" content=\"D\u00fcnya Sergey Skripal v\u0259 q\u0131z\u0131n\u0131n z\u0259h\u0259rl\u0259nm\u0259si il\u0259 ba\u011fl\u0131 B\u00f6y\u00fck Britaniya v\u0259 Rusiya aras\u0131nda c\u0259r\u0259yan ed\u0259n g\u0259rginliyi maraq v\u0259 h\u0259y\u0259canla izl\u0259m\u0259kd\u0259dir\" \/>\n<meta property=\"og:url\" content=\"https:\/\/www.meydan.tv\/az\/article\/sovet-nemezidasi\/\" \/>\n<meta property=\"og:site_name\" content=\"MEYDAN.TV\" \/>\n<meta property=\"article:published_time\" content=\"2018-03-17T20:16:10+00:00\" \/>\n<meta property=\"og:image\" content=\"https:\/\/www.meydan.tv\/wp-content\/uploads\/39926-scaled.jpg\" \/>\n\t<meta property=\"og:image:width\" content=\"2560\" \/>\n\t<meta property=\"og:image:height\" content=\"1920\" \/>\n\t<meta property=\"og:image:type\" content=\"image\/jpeg\" \/>\n<meta name=\"author\" content=\"user-manager\" \/>\n<meta name=\"twitter:card\" content=\"summary_large_image\" \/>\n<script type=\"application\/ld+json\" class=\"yoast-schema-graph\">{\"@context\":\"https:\\\/\\\/schema.org\",\"@graph\":[{\"@type\":\"Article\",\"@id\":\"https:\\\/\\\/www.meydan.tv\\\/az\\\/article\\\/sovet-nemezidasi\\\/#article\",\"isPartOf\":{\"@id\":\"https:\\\/\\\/www.meydan.tv\\\/az\\\/article\\\/sovet-nemezidasi\\\/\"},\"author\":{\"name\":\"user-manager\",\"@id\":\"https:\\\/\\\/www.meydan.tv\\\/az\\\/#\\\/schema\\\/person\\\/10d11eccf6da3662cf5fdab9806ea91a\"},\"headline\":\"Sovet nemezidas\u0131\",\"datePublished\":\"2018-03-17T20:16:10+00:00\",\"mainEntityOfPage\":{\"@id\":\"https:\\\/\\\/www.meydan.tv\\\/az\\\/article\\\/sovet-nemezidasi\\\/\"},\"wordCount\":2146,\"publisher\":{\"@id\":\"https:\\\/\\\/www.meydan.tv\\\/az\\\/#organization\"},\"image\":{\"@id\":\"https:\\\/\\\/www.meydan.tv\\\/az\\\/article\\\/sovet-nemezidasi\\\/#primaryimage\"},\"thumbnailUrl\":\"https:\\\/\\\/www.meydan.tv\\\/wp-content\\\/uploads\\\/39926-scaled.jpg\",\"articleSection\":[\"M\u0259nim Fikrimc\u0259\"],\"inLanguage\":\"az\"},{\"@type\":\"WebPage\",\"@id\":\"https:\\\/\\\/www.meydan.tv\\\/az\\\/article\\\/sovet-nemezidasi\\\/\",\"url\":\"https:\\\/\\\/www.meydan.tv\\\/az\\\/article\\\/sovet-nemezidasi\\\/\",\"name\":\"Sovet nemezidas\u0131 - MEYDAN.TV\",\"isPartOf\":{\"@id\":\"https:\\\/\\\/www.meydan.tv\\\/az\\\/#website\"},\"primaryImageOfPage\":{\"@id\":\"https:\\\/\\\/www.meydan.tv\\\/az\\\/article\\\/sovet-nemezidasi\\\/#primaryimage\"},\"image\":{\"@id\":\"https:\\\/\\\/www.meydan.tv\\\/az\\\/article\\\/sovet-nemezidasi\\\/#primaryimage\"},\"thumbnailUrl\":\"https:\\\/\\\/www.meydan.tv\\\/wp-content\\\/uploads\\\/39926-scaled.jpg\",\"datePublished\":\"2018-03-17T20:16:10+00:00\",\"breadcrumb\":{\"@id\":\"https:\\\/\\\/www.meydan.tv\\\/az\\\/article\\\/sovet-nemezidasi\\\/#breadcrumb\"},\"inLanguage\":\"az\",\"potentialAction\":[{\"@type\":\"ReadAction\",\"target\":[\"https:\\\/\\\/www.meydan.tv\\\/az\\\/article\\\/sovet-nemezidasi\\\/\"]}]},{\"@type\":\"ImageObject\",\"inLanguage\":\"az\",\"@id\":\"https:\\\/\\\/www.meydan.tv\\\/az\\\/article\\\/sovet-nemezidasi\\\/#primaryimage\",\"url\":\"https:\\\/\\\/www.meydan.tv\\\/wp-content\\\/uploads\\\/39926-scaled.jpg\",\"contentUrl\":\"https:\\\/\\\/www.meydan.tv\\\/wp-content\\\/uploads\\\/39926-scaled.jpg\",\"width\":2560,\"height\":1920,\"caption\":\"Source:\"},{\"@type\":\"BreadcrumbList\",\"@id\":\"https:\\\/\\\/www.meydan.tv\\\/az\\\/article\\\/sovet-nemezidasi\\\/#breadcrumb\",\"itemListElement\":[{\"@type\":\"ListItem\",\"position\":1,\"name\":\"Ana s\u0259hif\u0259\",\"item\":\"https:\\\/\\\/www.meydan.tv\\\/az\\\/\"},{\"@type\":\"ListItem\",\"position\":2,\"name\":\"M\u0259nim Fikrimc\u0259\",\"item\":\"https:\\\/\\\/www.meydan.tv\\\/az\\\/section\\\/menim-fikrimce\\\/\"},{\"@type\":\"ListItem\",\"position\":3,\"name\":\"Sovet nemezidas\u0131\"}]},{\"@type\":\"WebSite\",\"@id\":\"https:\\\/\\\/www.meydan.tv\\\/az\\\/#website\",\"url\":\"https:\\\/\\\/www.meydan.tv\\\/az\\\/\",\"name\":\"MEYDAN.TV\",\"description\":\"Meydan TV Az\u0259rbaycan\u0131n media m\u0259kan\u0131ndak\u0131 alternativ s\u0259sidir\",\"publisher\":{\"@id\":\"https:\\\/\\\/www.meydan.tv\\\/az\\\/#organization\"},\"potentialAction\":[{\"@type\":\"SearchAction\",\"target\":{\"@type\":\"EntryPoint\",\"urlTemplate\":\"https:\\\/\\\/www.meydan.tv\\\/az\\\/?s={search_term_string}\"},\"query-input\":{\"@type\":\"PropertyValueSpecification\",\"valueRequired\":true,\"valueName\":\"search_term_string\"}}],\"inLanguage\":\"az\"},{\"@type\":\"Organization\",\"@id\":\"https:\\\/\\\/www.meydan.tv\\\/az\\\/#organization\",\"name\":\"Meydan TV\",\"url\":\"https:\\\/\\\/www.meydan.tv\\\/az\\\/\",\"logo\":{\"@type\":\"ImageObject\",\"inLanguage\":\"az\",\"@id\":\"https:\\\/\\\/www.meydan.tv\\\/az\\\/#\\\/schema\\\/logo\\\/image\\\/\",\"url\":\"https:\\\/\\\/www.meydan.tv\\\/wp-content\\\/uploads\\\/2021\\\/07\\\/meydan-logo.svg\",\"contentUrl\":\"https:\\\/\\\/www.meydan.tv\\\/wp-content\\\/uploads\\\/2021\\\/07\\\/meydan-logo.svg\",\"width\":195,\"height\":46,\"caption\":\"Meydan TV\"},\"image\":{\"@id\":\"https:\\\/\\\/www.meydan.tv\\\/az\\\/#\\\/schema\\\/logo\\\/image\\\/\"}},{\"@type\":\"Person\",\"@id\":\"https:\\\/\\\/www.meydan.tv\\\/az\\\/#\\\/schema\\\/person\\\/10d11eccf6da3662cf5fdab9806ea91a\",\"name\":\"user-manager\"}]}<\/script>\n<!-- \/ Yoast SEO plugin. -->","yoast_head_json":{"title":"Sovet nemezidas\u0131 - MEYDAN.TV","robots":{"index":"index","follow":"follow","max-snippet":"max-snippet:-1","max-image-preview":"max-image-preview:large","max-video-preview":"max-video-preview:-1"},"canonical":"https:\/\/www.meydan.tv\/az\/article\/sovet-nemezidasi\/","og_locale":"az_AZ","og_type":"article","og_title":"Sovet nemezidas\u0131 - MEYDAN.TV","og_description":"D\u00fcnya Sergey Skripal v\u0259 q\u0131z\u0131n\u0131n z\u0259h\u0259rl\u0259nm\u0259si il\u0259 ba\u011fl\u0131 B\u00f6y\u00fck Britaniya v\u0259 Rusiya aras\u0131nda c\u0259r\u0259yan ed\u0259n g\u0259rginliyi maraq v\u0259 h\u0259y\u0259canla izl\u0259m\u0259kd\u0259dir","og_url":"https:\/\/www.meydan.tv\/az\/article\/sovet-nemezidasi\/","og_site_name":"MEYDAN.TV","article_published_time":"2018-03-17T20:16:10+00:00","og_image":[{"width":2560,"height":1920,"url":"https:\/\/www.meydan.tv\/wp-content\/uploads\/39926-scaled.jpg","type":"image\/jpeg"}],"author":"user-manager","twitter_card":"summary_large_image","schema":{"@context":"https:\/\/schema.org","@graph":[{"@type":"Article","@id":"https:\/\/www.meydan.tv\/az\/article\/sovet-nemezidasi\/#article","isPartOf":{"@id":"https:\/\/www.meydan.tv\/az\/article\/sovet-nemezidasi\/"},"author":{"name":"user-manager","@id":"https:\/\/www.meydan.tv\/az\/#\/schema\/person\/10d11eccf6da3662cf5fdab9806ea91a"},"headline":"Sovet nemezidas\u0131","datePublished":"2018-03-17T20:16:10+00:00","mainEntityOfPage":{"@id":"https:\/\/www.meydan.tv\/az\/article\/sovet-nemezidasi\/"},"wordCount":2146,"publisher":{"@id":"https:\/\/www.meydan.tv\/az\/#organization"},"image":{"@id":"https:\/\/www.meydan.tv\/az\/article\/sovet-nemezidasi\/#primaryimage"},"thumbnailUrl":"https:\/\/www.meydan.tv\/wp-content\/uploads\/39926-scaled.jpg","articleSection":["M\u0259nim Fikrimc\u0259"],"inLanguage":"az"},{"@type":"WebPage","@id":"https:\/\/www.meydan.tv\/az\/article\/sovet-nemezidasi\/","url":"https:\/\/www.meydan.tv\/az\/article\/sovet-nemezidasi\/","name":"Sovet nemezidas\u0131 - MEYDAN.TV","isPartOf":{"@id":"https:\/\/www.meydan.tv\/az\/#website"},"primaryImageOfPage":{"@id":"https:\/\/www.meydan.tv\/az\/article\/sovet-nemezidasi\/#primaryimage"},"image":{"@id":"https:\/\/www.meydan.tv\/az\/article\/sovet-nemezidasi\/#primaryimage"},"thumbnailUrl":"https:\/\/www.meydan.tv\/wp-content\/uploads\/39926-scaled.jpg","datePublished":"2018-03-17T20:16:10+00:00","breadcrumb":{"@id":"https:\/\/www.meydan.tv\/az\/article\/sovet-nemezidasi\/#breadcrumb"},"inLanguage":"az","potentialAction":[{"@type":"ReadAction","target":["https:\/\/www.meydan.tv\/az\/article\/sovet-nemezidasi\/"]}]},{"@type":"ImageObject","inLanguage":"az","@id":"https:\/\/www.meydan.tv\/az\/article\/sovet-nemezidasi\/#primaryimage","url":"https:\/\/www.meydan.tv\/wp-content\/uploads\/39926-scaled.jpg","contentUrl":"https:\/\/www.meydan.tv\/wp-content\/uploads\/39926-scaled.jpg","width":2560,"height":1920,"caption":"Source:"},{"@type":"BreadcrumbList","@id":"https:\/\/www.meydan.tv\/az\/article\/sovet-nemezidasi\/#breadcrumb","itemListElement":[{"@type":"ListItem","position":1,"name":"Ana s\u0259hif\u0259","item":"https:\/\/www.meydan.tv\/az\/"},{"@type":"ListItem","position":2,"name":"M\u0259nim Fikrimc\u0259","item":"https:\/\/www.meydan.tv\/az\/section\/menim-fikrimce\/"},{"@type":"ListItem","position":3,"name":"Sovet nemezidas\u0131"}]},{"@type":"WebSite","@id":"https:\/\/www.meydan.tv\/az\/#website","url":"https:\/\/www.meydan.tv\/az\/","name":"MEYDAN.TV","description":"Meydan TV Az\u0259rbaycan\u0131n media m\u0259kan\u0131ndak\u0131 alternativ s\u0259sidir","publisher":{"@id":"https:\/\/www.meydan.tv\/az\/#organization"},"potentialAction":[{"@type":"SearchAction","target":{"@type":"EntryPoint","urlTemplate":"https:\/\/www.meydan.tv\/az\/?s={search_term_string}"},"query-input":{"@type":"PropertyValueSpecification","valueRequired":true,"valueName":"search_term_string"}}],"inLanguage":"az"},{"@type":"Organization","@id":"https:\/\/www.meydan.tv\/az\/#organization","name":"Meydan TV","url":"https:\/\/www.meydan.tv\/az\/","logo":{"@type":"ImageObject","inLanguage":"az","@id":"https:\/\/www.meydan.tv\/az\/#\/schema\/logo\/image\/","url":"https:\/\/www.meydan.tv\/wp-content\/uploads\/2021\/07\/meydan-logo.svg","contentUrl":"https:\/\/www.meydan.tv\/wp-content\/uploads\/2021\/07\/meydan-logo.svg","width":195,"height":46,"caption":"Meydan TV"},"image":{"@id":"https:\/\/www.meydan.tv\/az\/#\/schema\/logo\/image\/"}},{"@type":"Person","@id":"https:\/\/www.meydan.tv\/az\/#\/schema\/person\/10d11eccf6da3662cf5fdab9806ea91a","name":"user-manager"}]}},"_links":{"self":[{"href":"https:\/\/www.meydan.tv\/az\/wp-json\/wp\/v2\/posts\/189153","targetHints":{"allow":["GET"]}}],"collection":[{"href":"https:\/\/www.meydan.tv\/az\/wp-json\/wp\/v2\/posts"}],"about":[{"href":"https:\/\/www.meydan.tv\/az\/wp-json\/wp\/v2\/types\/post"}],"author":[{"embeddable":true,"href":"https:\/\/www.meydan.tv\/az\/wp-json\/wp\/v2\/users\/11"}],"replies":[{"embeddable":true,"href":"https:\/\/www.meydan.tv\/az\/wp-json\/wp\/v2\/comments?post=189153"}],"version-history":[{"count":0,"href":"https:\/\/www.meydan.tv\/az\/wp-json\/wp\/v2\/posts\/189153\/revisions"}],"wp:featuredmedia":[{"embeddable":true,"href":"https:\/\/www.meydan.tv\/az\/wp-json\/wp\/v2\/media\/100937"}],"wp:attachment":[{"href":"https:\/\/www.meydan.tv\/az\/wp-json\/wp\/v2\/media?parent=189153"}],"wp:term":[{"taxonomy":"category","embeddable":true,"href":"https:\/\/www.meydan.tv\/az\/wp-json\/wp\/v2\/categories?post=189153"},{"taxonomy":"post_tag","embeddable":true,"href":"https:\/\/www.meydan.tv\/az\/wp-json\/wp\/v2\/tags?post=189153"}],"curies":[{"name":"wp","href":"https:\/\/api.w.org\/{rel}","templated":true}]}}