{"id":189152,"date":"2018-03-17T20:11:08","date_gmt":"2018-03-17T20:11:08","guid":{"rendered":"https:\/\/www.meydan.tv\/article\/bizi-birlesdiren-deyerqalibmi\/"},"modified":"2018-03-17T20:11:08","modified_gmt":"2018-03-17T20:11:08","slug":"bizi-birlesdiren-deyerqalibmi","status":"publish","type":"post","link":"https:\/\/www.meydan.tv\/az\/article\/bizi-birlesdiren-deyerqalibmi\/","title":{"rendered":"Bizi birl\u0259\u015fdir\u0259n d\u0259y\u0259r\u2026qal\u0131bm\u0131?"},"content":{"rendered":"<figure class=\"wp-block-image size-large\">\n  <img decoding=\"async\" src=\"https:\/\/www.meydan.tv\/az\/yalcin-imanov-4\/\" alt=\"Yal\u00e7\u0131n \u0130manov\" class=\"wp-image-100928\"\/><figcaption>\n    Yal\u00e7\u0131n \u0130manov<br \/>\n  <\/figcaption><\/figure>\n<p>\n  \u0130ki g\u00fcn var ki, h\u0259min g\u00fcnd\u0259 ba\u015f ver\u0259nl\u0259rin m\u0259zmununa v\u0259 miqyas\u0131na g\u00f6r\u0259 milli h\u0259mr\u0259yliy\u0259 daha \u00e7ox iddia edir: 20 Yanvar, bir d\u0259 26 Fevral. H\u0259r\u00e7\u0259nd, dig\u0259r yaddaqalan tarixl\u0259ri d\u0259 n\u0259z\u0259ri bax\u0131mdan bu s\u0131raya aid etm\u0259k olar. Mart\u0131n 31-i (az\u0259rbaycanl\u0131lar\u0131n soyq\u0131r\u0131m\u0131 g\u00fcn\u00fc), May\u0131n 28-i (m\u00fcst\u0259qillik g\u00fcn\u00fc), 17 Noyabr (Milli Dir\u00e7\u0259li\u015f G\u00fcn\u00fc) v\u0259 s. Amma ne\u00e7\u0259 on ill\u0259rdir davaml\u0131 t\u0259bli\u011fata baxmayaraq, Mart\u0131n 31-i k\u00fctl\u0259vi m\u0259zmun ala, kollektiv yadda\u015fda \u00f6z\u00fcn\u0259 yer ed\u0259 bilmir, niy\u0259s\u0259 uzaq v\u0259 yad g\u0259lir. Tarixin \u00fcz\u00fc soyuqdur, b\u0259lk\u0259 d\u0259, d\u00fcz bir \u0259sr \u0259vv\u0259l \u0259cdadlar\u0131m\u0131z\u0131n ba\u015f\u0131na g\u0259tiril\u0259nl\u0259r g\u00fcn\u00fcm\u00fczl\u0259 he\u00e7 c\u00fcr assosiasiya oluna bilmir ki, bilmir. May\u0131n 28-i b\u00f6y\u00fck \u0259h\u0259miyy\u0259ti v\u0259 tam m\u0259nas\u0131 il\u0259 \u015f\u00fcurlarda oturmad\u0131\u011f\u0131ndan, k\u0259skin f\u0259rqli m\u00fcnasib\u0259tl\u0259r\u0259 yol a\u00e7\u0131r. Bir yerd\u0259 ki, m\u00fcst\u0259qillik v\u0259 onun alternativi (k\u00f6l\u0259lik) h\u0259l\u0259 d\u0259 m\u00fczakir\u0259 edilir, f\u0259rqli fikirl\u0259r\u0259 a\u00e7\u0131qd\u0131r, orda bel\u0259 g\u00fcnl\u0259rin milli h\u0259mr\u0259yliy\u0259 \u00e7evrilm\u0259si yax\u0131n tarixin i\u015fi deyil. H\u0259r\u00e7\u0259nd bunda s\u0131ravi az\u0259rbaycanl\u0131n\u0131n m\u00fcst\u0259qilliyin dad\u0131n\u0131, duzunu, keyfi-l\u0259zz\u0259tini \u00f6z h\u0259yat\u0131nda duyub, g\u00f6r\u00fcb, ya\u015fay\u0131b hiss etm\u0259m\u0259sinin d\u0259 rolu var. O biri yandan da orta v\u0259 ya\u015fl\u0131 n\u0259slin \u0259hval\u0131nda sovetl\u0259rin dinc v\u0259 tox ill\u0259rinin \u015firin nostalgiyas\u0131. 17 Noyabr, he\u00e7, get-ged\u0259 bu g\u00fcn daha \u00e7ox tarixi atavizm t\u0259siri ba\u011f\u0131\u015flay\u0131r (Axtarsan, \u0259n yeni tariximizin ilmizonikay\u0131nda dig\u0259r diqq\u0259t\u00e7\u0259k\u0259n g\u00fcnl\u0259ri d\u0259 tapmaq olar).\n<\/p>\n<p>\n  Bu kontekstd\u0259 20 Yanvar v\u0259 26 Fevral daha diri, daha canl\u0131 v\u0259 daha \u00e7ox birl\u0259\u015fdirici faktor kimi g\u00f6r\u00fcn\u00fcr. H\u0259m tarix \u00e7ox yax\u0131nd\u0131r, yaralar a\u00e7\u0131qd\u0131r, h\u0259m d\u0259 az qala h\u0259r birimiz bu v\u0259 ya ba\u015fqa \u015f\u0259kild\u0259 bu iki g\u00fcnd\u0259 ba\u015f ver\u0259nl\u0259ri \u00f6z h\u0259yat\u0131m\u0131zda, qohum-qon\u015funun, dost-tan\u0131\u015f\u0131n h\u0259yat\u0131nda az, ya \u00e7ox ya\u015fay\u0131b hiss etmi\u015fik.\n<\/p>\n<p>\n  H\u0259r\u00e7\u0259nd bu il h\u0259r iki faci\u0259li g\u00fcn\u00fcn k\u00fctl\u0259vi ziyar\u0259tind\u0259 ba\u015f ver\u0259nl\u0259r d\u00fc\u015f\u00fcnc\u0259 \u00fc\u00e7\u00fcn yeni material verm\u0259kl\u0259, bu g\u00fcnl\u0259rin daha \u00e7ox h\u0259mr\u0259yliy\u0259 uy\u011fun g\u0259lm\u0259si il\u0259 ba\u011fl\u0131 m\u00fchakim\u0259l\u0259ri ciddi \u015f\u00fcbh\u0259 alt\u0131na al\u0131r. S\u00f6hb\u0259t m\u00fcxalif Milli \u015eura r\u0259hb\u0259rliyi v\u0259 f\u0259allar\u0131n\u0131n \u015e\u0259hidl\u0259r Xiyaban\u0131n\u0131 v\u0259 \u201cAna haray\u0131\u201d abid\u0259sini yad ed\u0259rk\u0259n onlara yarad\u0131lan probleml\u0259rd\u0259n<br \/>\n  <a href=\"https:\/\/www.azadliq.info\/211583.html;%20https:\/\/www.azadliq.info\/214663.html\" target=\"_blank\" rel=\"noopener\"><br \/>\n    gedir<br \/>\n  <\/a><br \/>\n  .\n<\/p>\n<p>\n  Bu n\u0259dir? Siyasi r\u0259qibi ist\u0259nil\u0259n anda v\u0259 m\u0259qamda (h\u0259tta 20 Yanvar v\u0259 26 Fevral ziyar\u0259tind\u0259 bel\u0259?!) vurmaq, al\u00e7altmaq, a\u015fa\u011f\u0131lamaq hirsi, hikk\u0259si? Yoxsa, h\u0259tta 20 Yanvar v\u0259 26 Fevral faci\u0259l\u0259rinin bel\u0259 \u0259rid\u0259 bilm\u0259diyi, qa\u015f\u0131s\u0131nda aciz qald\u0131\u011f\u0131 d\u0259rin daxili ziddiyy\u0259t v\u0259 k\u0259skin m\u00fcnaqi\u015f\u0259nin a\u015fkar \u0259lam\u0259ti?\n<\/p>\n<p>\n  Sosiologiyada buna \u201cdeviant davran\u0131\u015f\u201d deyirl\u0259r. Y\u0259ni, insan\u0131n \u0259m\u0259l v\u0259 h\u0259r\u0259k\u0259tl\u0259rinin onun ya\u015fad\u0131\u011f\u0131 c\u0259miyy\u0259td\u0259 b\u0259rq\u0259rar olmu\u015f norma v\u0259 standartlara uy\u011funsuzlu\u011fu, normadank\u0259nar r\u0259ftar. Aliml\u0259r bu qusurlu davran\u0131\u015f\u0131n s\u0259b\u0259bl\u0259ri s\u0131ras\u0131nda sosioloji, tibbi, pedaqoji, psixoloji v\u0259 s. aspektl\u0259ri g\u00f6st\u0259rirl\u0259r.\n<\/p>\n<p>\n  Bizim haqq\u0131nda dan\u0131\u015fd\u0131\u011f\u0131m\u0131z is\u0259 sosial deviasiyad\u0131r. Y\u0259ni, konkret bir insan\u0131n, f\u0259rdin yox, hakim sosial qrupun \u00fcmumi q\u0259bul edilmi\u015f davran\u0131\u015f normas\u0131ndan k\u0259nara \u00e7\u0131xmas\u0131, yay\u0131nmas\u0131.\n<\/p>\n<p>\n  Deviant davran\u0131\u015f \u015f\u0259xsiyy\u0259tin tipiyl\u0259 ba\u011fl\u0131d\u0131r.\n<\/p>\n<p>\n  Biz is\u0259 c\u0259miyy\u0259tin tipi il\u0259 \u00fczb\u0259\u00fcz\u00fck. Pis odur ki, bu tipin m\u00fcayin\u0259 diaqnostikas\u0131 da ortal\u0131qda, \u0259limizin alt\u0131nda deyil.\n<\/p>\n<p>\n  B\u0259lk\u0259 bu, h\u0259tta 90-c\u0131 ill\u0259rin iki a\u011f\u0131r faci\u0259sinin bel\u0259 h\u0259mr\u0259ylik c\u0259zib\u0259sinin, birl\u0259\u015fdirici-toparlay\u0131c\u0131 \u0259h\u0259miyy\u0259tinin itirilm\u0259sinin bariz \u0259lam\u0259tl\u0259ridir?\n<\/p>\n<p>\n  B\u0259lk\u0259, bu, el\u0259 yeni milli h\u0259mr\u0259ylik d\u0259y\u0259rl\u0259ri v\u0259 hadis\u0259l\u0259rinin axtar\u0131\u015f\u0131n\u0131n anonsudur?\n<\/p>\n<p>\n  Yaxud t\u0259rsin\u0259, b\u0259lk\u0259, daha c\u0259mi az\u0259rbaycanl\u0131lar\u0131 birl\u0259\u015fdir\u0259c\u0259k, h\u0259mr\u0259y ed\u0259c\u0259k ba\u015fqa he\u00e7 bir d\u0259y\u0259r, birl\u0259\u015fdirici hadis\u0259, yaxud g\u00fcn qalmay\u0131b?!\n<\/p>\n<p>\n  M\u0259n bilmir\u0259m, d\u00fcnyan\u0131n ba\u015fqa hans\u0131sa xalq\u0131nda, mill\u0259tind\u0259 ayr\u0131ca h\u0259mr\u0259ylik g\u00fcn\u00fc (bizd\u0259 Dekabr\u0131n 31-i) var, ya yox, t\u0259sis olunub, ya olunmay\u0131b, ancaq i\u015f\u0131ql\u0131, yaxud faci\u0259li g\u00fcnl\u0259rin bel\u0259 h\u0259mr\u0259y ed\u0259 bilm\u0259diyi toplumu, qupquruca g\u00fcnl\u0259rin h\u0259mr\u0259y ed\u0259c\u0259yi a\u011flabatan g\u00f6r\u00fcnm\u00fcr.\n<\/p>\n<p>\n  Yax\u015f\u0131 halda bu g\u00fcn el\u0259 Yeni il\u0259 \u0259h\u0259miyy\u0259tsiz \u0259lav\u0259 ola bil\u0259r.\n<\/p>\n<p>\n  P.S. Vaxt vard\u0131 Novruz \u00f6z\u00fc d\u0259 h\u0259mr\u0259ylik bayram\u0131 kimi \u00e7\u0131x\u0131\u015f edirdi\u2026\n<\/p>\n<p>\n  <i><br \/>\n    <b><br \/>\n      Yaz\u0131 m\u00fc\u0259llifin fikirl\u0259rini \u0259ks etdirir v\u0259 Meydan TV-nin m\u00f6vqeyi il\u0259 \u00fcst-\u00fcst\u0259 d\u00fc\u015fm\u0259y\u0259 bil\u0259r.<br \/>\n    <\/b><br \/>\n  <\/i><\/p>\n","protected":false},"excerpt":{"rendered":"<p>\u0130ki g\u00fcn var ki, h\u0259min g\u00fcnd\u0259 ba\u015f ver\u0259nl\u0259rin m\u0259zmununa v\u0259 miqyas\u0131na g\u00f6r\u0259 milli h\u0259mr\u0259yliy\u0259 daha \u00e7ox iddia edir<\/p>\n","protected":false},"author":11,"featured_media":100928,"comment_status":"closed","ping_status":"open","sticky":false,"template":"","format":"standard","meta":{"_acf_changed":false,"_sitemap_exclude":false,"_sitemap_priority":"","_sitemap_frequency":"","footnotes":""},"categories":[57],"tags":[],"class_list":["post-189152","post","type-post","status-publish","format-standard","has-post-thumbnail","hentry","category-menim-fikrimce","infinite-scroll-item","generate-columns","tablet-grid-50","mobile-grid-100","grid-parent","grid-33","no-featured-image-padding"],"acf":[],"yoast_head":"<!-- This site is optimized with the Yoast SEO plugin v27.5 - https:\/\/yoast.com\/product\/yoast-seo-wordpress\/ -->\n<title>Bizi birl\u0259\u015fdir\u0259n d\u0259y\u0259r\u2026qal\u0131bm\u0131? - MEYDAN.TV<\/title>\n<meta name=\"robots\" content=\"index, follow, max-snippet:-1, max-image-preview:large, max-video-preview:-1\" \/>\n<link rel=\"canonical\" href=\"https:\/\/www.meydan.tv\/az\/article\/bizi-birlesdiren-deyerqalibmi\/\" \/>\n<meta property=\"og:locale\" content=\"az_AZ\" \/>\n<meta property=\"og:type\" content=\"article\" \/>\n<meta property=\"og:title\" content=\"Bizi birl\u0259\u015fdir\u0259n d\u0259y\u0259r\u2026qal\u0131bm\u0131? - MEYDAN.TV\" \/>\n<meta property=\"og:description\" content=\"\u0130ki g\u00fcn var ki, h\u0259min g\u00fcnd\u0259 ba\u015f ver\u0259nl\u0259rin m\u0259zmununa v\u0259 miqyas\u0131na g\u00f6r\u0259 milli h\u0259mr\u0259yliy\u0259 daha \u00e7ox iddia edir\" \/>\n<meta property=\"og:url\" content=\"https:\/\/www.meydan.tv\/az\/article\/bizi-birlesdiren-deyerqalibmi\/\" \/>\n<meta property=\"og:site_name\" content=\"MEYDAN.TV\" \/>\n<meta property=\"article:published_time\" content=\"2018-03-17T20:11:08+00:00\" \/>\n<meta property=\"og:image\" content=\"https:\/\/www.meydan.tv\/wp-content\/uploads\/39925.jpg\" \/>\n\t<meta property=\"og:image:width\" content=\"1023\" \/>\n\t<meta property=\"og:image:height\" content=\"575\" \/>\n\t<meta property=\"og:image:type\" content=\"image\/jpeg\" \/>\n<meta name=\"author\" content=\"user-manager\" \/>\n<meta name=\"twitter:card\" content=\"summary_large_image\" \/>\n<script type=\"application\/ld+json\" class=\"yoast-schema-graph\">{\"@context\":\"https:\\\/\\\/schema.org\",\"@graph\":[{\"@type\":\"Article\",\"@id\":\"https:\\\/\\\/www.meydan.tv\\\/az\\\/article\\\/bizi-birlesdiren-deyerqalibmi\\\/#article\",\"isPartOf\":{\"@id\":\"https:\\\/\\\/www.meydan.tv\\\/az\\\/article\\\/bizi-birlesdiren-deyerqalibmi\\\/\"},\"author\":{\"name\":\"user-manager\",\"@id\":\"https:\\\/\\\/www.meydan.tv\\\/az\\\/#\\\/schema\\\/person\\\/10d11eccf6da3662cf5fdab9806ea91a\"},\"headline\":\"Bizi birl\u0259\u015fdir\u0259n d\u0259y\u0259r\u2026qal\u0131bm\u0131?\",\"datePublished\":\"2018-03-17T20:11:08+00:00\",\"mainEntityOfPage\":{\"@id\":\"https:\\\/\\\/www.meydan.tv\\\/az\\\/article\\\/bizi-birlesdiren-deyerqalibmi\\\/\"},\"wordCount\":888,\"publisher\":{\"@id\":\"https:\\\/\\\/www.meydan.tv\\\/az\\\/#organization\"},\"image\":{\"@id\":\"https:\\\/\\\/www.meydan.tv\\\/az\\\/article\\\/bizi-birlesdiren-deyerqalibmi\\\/#primaryimage\"},\"thumbnailUrl\":\"https:\\\/\\\/www.meydan.tv\\\/wp-content\\\/uploads\\\/39925.jpg\",\"articleSection\":[\"M\u0259nim Fikrimc\u0259\"],\"inLanguage\":\"az\"},{\"@type\":\"WebPage\",\"@id\":\"https:\\\/\\\/www.meydan.tv\\\/az\\\/article\\\/bizi-birlesdiren-deyerqalibmi\\\/\",\"url\":\"https:\\\/\\\/www.meydan.tv\\\/az\\\/article\\\/bizi-birlesdiren-deyerqalibmi\\\/\",\"name\":\"Bizi birl\u0259\u015fdir\u0259n d\u0259y\u0259r\u2026qal\u0131bm\u0131? - MEYDAN.TV\",\"isPartOf\":{\"@id\":\"https:\\\/\\\/www.meydan.tv\\\/az\\\/#website\"},\"primaryImageOfPage\":{\"@id\":\"https:\\\/\\\/www.meydan.tv\\\/az\\\/article\\\/bizi-birlesdiren-deyerqalibmi\\\/#primaryimage\"},\"image\":{\"@id\":\"https:\\\/\\\/www.meydan.tv\\\/az\\\/article\\\/bizi-birlesdiren-deyerqalibmi\\\/#primaryimage\"},\"thumbnailUrl\":\"https:\\\/\\\/www.meydan.tv\\\/wp-content\\\/uploads\\\/39925.jpg\",\"datePublished\":\"2018-03-17T20:11:08+00:00\",\"breadcrumb\":{\"@id\":\"https:\\\/\\\/www.meydan.tv\\\/az\\\/article\\\/bizi-birlesdiren-deyerqalibmi\\\/#breadcrumb\"},\"inLanguage\":\"az\",\"potentialAction\":[{\"@type\":\"ReadAction\",\"target\":[\"https:\\\/\\\/www.meydan.tv\\\/az\\\/article\\\/bizi-birlesdiren-deyerqalibmi\\\/\"]}]},{\"@type\":\"ImageObject\",\"inLanguage\":\"az\",\"@id\":\"https:\\\/\\\/www.meydan.tv\\\/az\\\/article\\\/bizi-birlesdiren-deyerqalibmi\\\/#primaryimage\",\"url\":\"https:\\\/\\\/www.meydan.tv\\\/wp-content\\\/uploads\\\/39925.jpg\",\"contentUrl\":\"https:\\\/\\\/www.meydan.tv\\\/wp-content\\\/uploads\\\/39925.jpg\",\"width\":1023,\"height\":575,\"caption\":\"Source:\"},{\"@type\":\"BreadcrumbList\",\"@id\":\"https:\\\/\\\/www.meydan.tv\\\/az\\\/article\\\/bizi-birlesdiren-deyerqalibmi\\\/#breadcrumb\",\"itemListElement\":[{\"@type\":\"ListItem\",\"position\":1,\"name\":\"Ana s\u0259hif\u0259\",\"item\":\"https:\\\/\\\/www.meydan.tv\\\/az\\\/\"},{\"@type\":\"ListItem\",\"position\":2,\"name\":\"M\u0259nim Fikrimc\u0259\",\"item\":\"https:\\\/\\\/www.meydan.tv\\\/az\\\/section\\\/menim-fikrimce\\\/\"},{\"@type\":\"ListItem\",\"position\":3,\"name\":\"Bizi birl\u0259\u015fdir\u0259n d\u0259y\u0259r\u2026qal\u0131bm\u0131?\"}]},{\"@type\":\"WebSite\",\"@id\":\"https:\\\/\\\/www.meydan.tv\\\/az\\\/#website\",\"url\":\"https:\\\/\\\/www.meydan.tv\\\/az\\\/\",\"name\":\"MEYDAN.TV\",\"description\":\"Meydan TV Az\u0259rbaycan\u0131n media m\u0259kan\u0131ndak\u0131 alternativ s\u0259sidir\",\"publisher\":{\"@id\":\"https:\\\/\\\/www.meydan.tv\\\/az\\\/#organization\"},\"potentialAction\":[{\"@type\":\"SearchAction\",\"target\":{\"@type\":\"EntryPoint\",\"urlTemplate\":\"https:\\\/\\\/www.meydan.tv\\\/az\\\/?s={search_term_string}\"},\"query-input\":{\"@type\":\"PropertyValueSpecification\",\"valueRequired\":true,\"valueName\":\"search_term_string\"}}],\"inLanguage\":\"az\"},{\"@type\":\"Organization\",\"@id\":\"https:\\\/\\\/www.meydan.tv\\\/az\\\/#organization\",\"name\":\"Meydan TV\",\"url\":\"https:\\\/\\\/www.meydan.tv\\\/az\\\/\",\"logo\":{\"@type\":\"ImageObject\",\"inLanguage\":\"az\",\"@id\":\"https:\\\/\\\/www.meydan.tv\\\/az\\\/#\\\/schema\\\/logo\\\/image\\\/\",\"url\":\"https:\\\/\\\/www.meydan.tv\\\/wp-content\\\/uploads\\\/2021\\\/07\\\/meydan-logo.svg\",\"contentUrl\":\"https:\\\/\\\/www.meydan.tv\\\/wp-content\\\/uploads\\\/2021\\\/07\\\/meydan-logo.svg\",\"width\":195,\"height\":46,\"caption\":\"Meydan TV\"},\"image\":{\"@id\":\"https:\\\/\\\/www.meydan.tv\\\/az\\\/#\\\/schema\\\/logo\\\/image\\\/\"}},{\"@type\":\"Person\",\"@id\":\"https:\\\/\\\/www.meydan.tv\\\/az\\\/#\\\/schema\\\/person\\\/10d11eccf6da3662cf5fdab9806ea91a\",\"name\":\"user-manager\"}]}<\/script>\n<!-- \/ Yoast SEO plugin. -->","yoast_head_json":{"title":"Bizi birl\u0259\u015fdir\u0259n d\u0259y\u0259r\u2026qal\u0131bm\u0131? - MEYDAN.TV","robots":{"index":"index","follow":"follow","max-snippet":"max-snippet:-1","max-image-preview":"max-image-preview:large","max-video-preview":"max-video-preview:-1"},"canonical":"https:\/\/www.meydan.tv\/az\/article\/bizi-birlesdiren-deyerqalibmi\/","og_locale":"az_AZ","og_type":"article","og_title":"Bizi birl\u0259\u015fdir\u0259n d\u0259y\u0259r\u2026qal\u0131bm\u0131? - MEYDAN.TV","og_description":"\u0130ki g\u00fcn var ki, h\u0259min g\u00fcnd\u0259 ba\u015f ver\u0259nl\u0259rin m\u0259zmununa v\u0259 miqyas\u0131na g\u00f6r\u0259 milli h\u0259mr\u0259yliy\u0259 daha \u00e7ox iddia edir","og_url":"https:\/\/www.meydan.tv\/az\/article\/bizi-birlesdiren-deyerqalibmi\/","og_site_name":"MEYDAN.TV","article_published_time":"2018-03-17T20:11:08+00:00","og_image":[{"width":1023,"height":575,"url":"https:\/\/www.meydan.tv\/wp-content\/uploads\/39925.jpg","type":"image\/jpeg"}],"author":"user-manager","twitter_card":"summary_large_image","schema":{"@context":"https:\/\/schema.org","@graph":[{"@type":"Article","@id":"https:\/\/www.meydan.tv\/az\/article\/bizi-birlesdiren-deyerqalibmi\/#article","isPartOf":{"@id":"https:\/\/www.meydan.tv\/az\/article\/bizi-birlesdiren-deyerqalibmi\/"},"author":{"name":"user-manager","@id":"https:\/\/www.meydan.tv\/az\/#\/schema\/person\/10d11eccf6da3662cf5fdab9806ea91a"},"headline":"Bizi birl\u0259\u015fdir\u0259n d\u0259y\u0259r\u2026qal\u0131bm\u0131?","datePublished":"2018-03-17T20:11:08+00:00","mainEntityOfPage":{"@id":"https:\/\/www.meydan.tv\/az\/article\/bizi-birlesdiren-deyerqalibmi\/"},"wordCount":888,"publisher":{"@id":"https:\/\/www.meydan.tv\/az\/#organization"},"image":{"@id":"https:\/\/www.meydan.tv\/az\/article\/bizi-birlesdiren-deyerqalibmi\/#primaryimage"},"thumbnailUrl":"https:\/\/www.meydan.tv\/wp-content\/uploads\/39925.jpg","articleSection":["M\u0259nim Fikrimc\u0259"],"inLanguage":"az"},{"@type":"WebPage","@id":"https:\/\/www.meydan.tv\/az\/article\/bizi-birlesdiren-deyerqalibmi\/","url":"https:\/\/www.meydan.tv\/az\/article\/bizi-birlesdiren-deyerqalibmi\/","name":"Bizi birl\u0259\u015fdir\u0259n d\u0259y\u0259r\u2026qal\u0131bm\u0131? - MEYDAN.TV","isPartOf":{"@id":"https:\/\/www.meydan.tv\/az\/#website"},"primaryImageOfPage":{"@id":"https:\/\/www.meydan.tv\/az\/article\/bizi-birlesdiren-deyerqalibmi\/#primaryimage"},"image":{"@id":"https:\/\/www.meydan.tv\/az\/article\/bizi-birlesdiren-deyerqalibmi\/#primaryimage"},"thumbnailUrl":"https:\/\/www.meydan.tv\/wp-content\/uploads\/39925.jpg","datePublished":"2018-03-17T20:11:08+00:00","breadcrumb":{"@id":"https:\/\/www.meydan.tv\/az\/article\/bizi-birlesdiren-deyerqalibmi\/#breadcrumb"},"inLanguage":"az","potentialAction":[{"@type":"ReadAction","target":["https:\/\/www.meydan.tv\/az\/article\/bizi-birlesdiren-deyerqalibmi\/"]}]},{"@type":"ImageObject","inLanguage":"az","@id":"https:\/\/www.meydan.tv\/az\/article\/bizi-birlesdiren-deyerqalibmi\/#primaryimage","url":"https:\/\/www.meydan.tv\/wp-content\/uploads\/39925.jpg","contentUrl":"https:\/\/www.meydan.tv\/wp-content\/uploads\/39925.jpg","width":1023,"height":575,"caption":"Source:"},{"@type":"BreadcrumbList","@id":"https:\/\/www.meydan.tv\/az\/article\/bizi-birlesdiren-deyerqalibmi\/#breadcrumb","itemListElement":[{"@type":"ListItem","position":1,"name":"Ana s\u0259hif\u0259","item":"https:\/\/www.meydan.tv\/az\/"},{"@type":"ListItem","position":2,"name":"M\u0259nim Fikrimc\u0259","item":"https:\/\/www.meydan.tv\/az\/section\/menim-fikrimce\/"},{"@type":"ListItem","position":3,"name":"Bizi birl\u0259\u015fdir\u0259n d\u0259y\u0259r\u2026qal\u0131bm\u0131?"}]},{"@type":"WebSite","@id":"https:\/\/www.meydan.tv\/az\/#website","url":"https:\/\/www.meydan.tv\/az\/","name":"MEYDAN.TV","description":"Meydan TV Az\u0259rbaycan\u0131n media m\u0259kan\u0131ndak\u0131 alternativ s\u0259sidir","publisher":{"@id":"https:\/\/www.meydan.tv\/az\/#organization"},"potentialAction":[{"@type":"SearchAction","target":{"@type":"EntryPoint","urlTemplate":"https:\/\/www.meydan.tv\/az\/?s={search_term_string}"},"query-input":{"@type":"PropertyValueSpecification","valueRequired":true,"valueName":"search_term_string"}}],"inLanguage":"az"},{"@type":"Organization","@id":"https:\/\/www.meydan.tv\/az\/#organization","name":"Meydan TV","url":"https:\/\/www.meydan.tv\/az\/","logo":{"@type":"ImageObject","inLanguage":"az","@id":"https:\/\/www.meydan.tv\/az\/#\/schema\/logo\/image\/","url":"https:\/\/www.meydan.tv\/wp-content\/uploads\/2021\/07\/meydan-logo.svg","contentUrl":"https:\/\/www.meydan.tv\/wp-content\/uploads\/2021\/07\/meydan-logo.svg","width":195,"height":46,"caption":"Meydan TV"},"image":{"@id":"https:\/\/www.meydan.tv\/az\/#\/schema\/logo\/image\/"}},{"@type":"Person","@id":"https:\/\/www.meydan.tv\/az\/#\/schema\/person\/10d11eccf6da3662cf5fdab9806ea91a","name":"user-manager"}]}},"_links":{"self":[{"href":"https:\/\/www.meydan.tv\/az\/wp-json\/wp\/v2\/posts\/189152","targetHints":{"allow":["GET"]}}],"collection":[{"href":"https:\/\/www.meydan.tv\/az\/wp-json\/wp\/v2\/posts"}],"about":[{"href":"https:\/\/www.meydan.tv\/az\/wp-json\/wp\/v2\/types\/post"}],"author":[{"embeddable":true,"href":"https:\/\/www.meydan.tv\/az\/wp-json\/wp\/v2\/users\/11"}],"replies":[{"embeddable":true,"href":"https:\/\/www.meydan.tv\/az\/wp-json\/wp\/v2\/comments?post=189152"}],"version-history":[{"count":0,"href":"https:\/\/www.meydan.tv\/az\/wp-json\/wp\/v2\/posts\/189152\/revisions"}],"wp:featuredmedia":[{"embeddable":true,"href":"https:\/\/www.meydan.tv\/az\/wp-json\/wp\/v2\/media\/100928"}],"wp:attachment":[{"href":"https:\/\/www.meydan.tv\/az\/wp-json\/wp\/v2\/media?parent=189152"}],"wp:term":[{"taxonomy":"category","embeddable":true,"href":"https:\/\/www.meydan.tv\/az\/wp-json\/wp\/v2\/categories?post=189152"},{"taxonomy":"post_tag","embeddable":true,"href":"https:\/\/www.meydan.tv\/az\/wp-json\/wp\/v2\/tags?post=189152"}],"curies":[{"name":"wp","href":"https:\/\/api.w.org\/{rel}","templated":true}]}}