{"id":189100,"date":"2018-03-14T23:02:27","date_gmt":"2018-03-14T23:02:27","guid":{"rendered":"https:\/\/www.meydan.tv\/article\/tarixin-zarafati-menim-dramim-azerbaycan-avropa-surasinda\/"},"modified":"2018-03-14T23:02:27","modified_gmt":"2018-03-14T23:02:27","slug":"tarixin-zarafati-menim-dramim-azerbaycan-avropa-surasinda","status":"publish","type":"post","link":"https:\/\/www.meydan.tv\/az\/article\/tarixin-zarafati-menim-dramim-azerbaycan-avropa-surasinda\/","title":{"rendered":"Tarixin zarafat\u0131, m\u0259nim dram\u0131m: Az\u0259rbaycan Avropa \u015euras\u0131nda"},"content":{"rendered":"<figure class=\"wp-block-image size-large\">\n  <img decoding=\"async\" src=\"https:\/\/www.meydan.tv\/az\/ilqar-memmedov-4\/\" alt=\"\u0130lqar M\u0259mm\u0259dov\" class=\"wp-image-100783\"\/><figcaption>\n    \u0130lqar M\u0259mm\u0259dov<br \/>\n  <\/figcaption><\/figure>\n<p>\n  Avropa \u015euras\u0131n\u0131n iki t\u0259\u0259ss\u00fcf do\u011furan x\u00fcsusiyy\u0259ti \u2013 saxta se\u00e7kil\u0259rin n\u0259tic\u0259l\u0259rinin s\u00fcr\u0259tl\u0259 tan\u0131nmas\u0131 v\u0259 azadl\u0131\u011f\u0131n siyasi motivl\u0259rl\u0259 itirilm\u0259sinin uzun m\u00fcdd\u0259t ara\u015fd\u0131r\u0131lmas\u0131 aras\u0131nda ziddiyy\u0259ti qeyri-legitim etm\u0259kl\u0259 ba\u011fl\u0131 verdiyim s\u00f6zd\u0259n bir g\u00fcn sonra Bak\u0131da dan\u0131\u015fan Avropa \u015euras\u0131n\u0131n \u0130nsan h\u00fcquqlar\u0131 siyas\u0259ti v\u0259 inki\u015faf departamentinin r\u0259hb\u0259ri c\u0259nab Mixail Lobov m\u0259nim sars\u0131daca\u011f\u0131m a\u015fa\u011f\u0131dak\u0131 prinsipi formala\u015fd\u0131rmaqda k\u00f6m\u0259k etdi:\n<\/p>\n<p>\n  \u201c\u0130nan\u0131r\u0131q ki, Avropa \u0130nsan H\u00fcquqlar\u0131 Konvensiyas\u0131n\u0131n t\u0259tbiqi siyasi m\u0259s\u0259l\u0259 deyil, m\u0259hk\u0259m\u0259 t\u0259cr\u00fcb\u0259si m\u0259s\u0259l\u0259sidir&#8221;.\n<\/p>\n<p>\n  D\u00f6rd se\u00e7kid\u0259n nec\u0259 k\u0259narda saxland\u0131\u011f\u0131m\u0131 a\u015fa\u011f\u0131dak\u0131 ard\u0131c\u0131ll\u0131qla g\u00f6st\u0259r\u0259r\u0259k, bu inanc\u0131n n\u0259 q\u0259d\u0259r yerind\u0259 olub-olmad\u0131\u011f\u0131na baxaq.\n<\/p>\n<blockquote><p>\n  I. Se\u00e7kil\u0259rd\u0259n birinci d\u0259f\u0259 k\u0259narda saxlanma\u011f\u0131m\n<\/p><\/blockquote>\n<p>\n  2013-c\u00fc ilin oktyabr se\u00e7kil\u0259rind\u0259 prezidentliy\u0259 namiz\u0259d olmaq ist\u0259yimi a\u00e7\u0131qlad\u0131qdan az sonra h\u00f6kum\u0259t m\u0259ni h\u0259bs etm\u0259k v\u0259 bel\u0259likl\u0259, \u0259h\u0259miyy\u0259tli kampaniya aparmaq \u015fans\u0131m\u0131 \u0259limd\u0259n almaq \u00fc\u00e7\u00fcn b\u0259han\u0259l\u0259r axtarma\u011fa ba\u015flad\u0131 v\u0259 bunu h\u0259min fevral\u0131n 4-d\u0259 etdi.\n<\/p>\n<p>\n  2013-c\u00fc ilin may ay\u0131nda Avropa \u015euras\u0131 Parlament Assambleyas\u0131n\u0131n Prezidenti Jan Klod Minyon Bak\u0131da m\u00fcavinim Natiq C\u0259f\u0259rli il\u0259 yaln\u0131z ondan \u00f6tr\u00fc g\u00f6r\u00fc\u015fd\u00fc ki, m\u0259nim c\u0259nab \u0130lham \u018fliyev \u00fc\u00e7\u00fcnc\u00fc d\u0259f\u0259 prezident se\u00e7ilm\u0259sini t\u0259min etdikd\u0259n sonra ilin sonunda azad edil\u0259c\u0259yimi desin.\n<\/p>\n<p>\n  2013-c\u00fc ilin oktyabr ay\u0131nda Avropa \u015euras\u0131 Parlament Assableyas\u0131n\u0131n (A\u015ePA) m\u00fc\u015fahid\u0259 missiyas\u0131n\u0131n r\u0259hb\u0259ri Robert Valter Bak\u0131da bir qrup m\u00fcxalif\u0259t n\u00fcmay\u0259nd\u0259l\u0259ri il\u0259 g\u00f6r\u00fc\u015f\u0259rk\u0259n m\u0259nim dig\u0259r m\u00fcavinim Az\u0259r Qas\u0131ml\u0131ya irad bildirmi\u015fdi ki, m\u0259nim g\u00f6r\u00fc\u015fd\u0259 i\u015ftirak etm\u0259m\u0259yim h\u00f6rm\u0259tsizlikdir. Az\u0259r Qas\u0131ml\u0131 m\u0259nim yoxlu\u011fumun s\u0259b\u0259bini a\u00e7\u0131qlayanda onun n\u0259 hiss etdiyini bilmir\u0259m. G\u00f6r\u00fcn\u00fcr c\u0259nab Valter \u00f6z t\u0259qa\u00fcd\u00fc haqq\u0131nda d\u00fc\u015f\u00fcn\u00fcrd\u00fc: 2013-c\u00fc il oktyabr se\u00e7kil\u0259rinin n\u0259tic\u0259l\u0259rini t\u0259sdiql\u0259dikd\u0259n bir az sonra, o, siyasi v\u0259zif\u0259sind\u0259n t\u0259qa\u00fcd\u0259 \u00e7\u0131xd\u0131.\n<\/p>\n<p>\n  Minyon s\u0259sverm\u0259d\u0259n bir g\u00fcn sonra \u018fliyevi &#8220;inaml\u0131 q\u0259l\u0259b\u0259si&#8221; m\u00fcnasib\u0259til\u0259 t\u0259brik etdi, h\u0259l\u0259 d\u0259 \u00fcmid edirik ki, art\u0131q Avropan\u0131n sevimli diktatoru il\u0259 bel\u0259 bir \u201cflirt\u201d m\u0259nim h\u0259bsd\u0259n \u00e7\u0131xma\u011f\u0131ma k\u00f6m\u0259k ed\u0259c\u0259k.\n<\/p>\n<p>\n  B\u00fct\u00fcn bunlar hakimiyy\u0259t orqanlar\u0131n\u0131n m\u0259nim qanuni \u0259saslarla v\u0259 he\u00e7 bir siyasi motiv olmadan h\u0259bs olundu\u011fumu iddia etm\u0259si fonunda ba\u015f verirdi.\n<\/p>\n<p>\n  22 may 2014-c\u00fc il tarixd\u0259 \u201c\u0130nsan h\u00fcquqlar\u0131n\u0131n v\u0259 \u0259sas azadl\u0131qlar\u0131n\u0131n m\u00fcdafi\u0259si haqq\u0131nda\u201d Avropa Konvensiyas\u0131n\u0131n h\u00fcquqi t\u0259r\u0259fin\u0259 cavabdeh olan qurum &#8211; Avropa \u0130nsan H\u00fcquqlar\u0131 M\u0259hk\u0259m\u0259si (A\u0130HM) hakimiyy\u0259tin iddias\u0131n\u0131n \u0259ksinin do\u011fru oldu\u011funu m\u00fc\u0259yy\u0259n etdi: saxlanma v\u0259 davam ed\u0259n h\u0259bs qanunsuzdur (Konvensiyan\u0131n 5-ci madd\u0259sinin pozuntusu) v\u0259 siyasi motivlidir (5.2 v\u0259 18-ci madd\u0259l\u0259rin pozuntusu).\n<\/p>\n<blockquote><p>\n  II. Se\u00e7kil\u0259rd\u0259n ikinci d\u0259f\u0259 k\u0259narda saxlanma\u011f\u0131m\n<\/p><\/blockquote>\n<p>\n  A\u0130HM q\u0259rar\u0131ndan iki ay \u0259vv\u0259l, 2014-c\u00fc il 17 mart tarixind\u0259 hakimiyy\u0259t m\u0259n\u0259 4 fevral 2020-ci ild\u0259 sona \u00e7atacaq yeddi illik azadl\u0131qdan m\u0259hrumetm\u0259 c\u0259zas\u0131 verdi. Bu c\u0259za Avropa \u0130nsan H\u00fcquqlar\u0131 M\u0259hk\u0259m\u0259sinin (A\u0130HM) \u0259sass\u0131z hesab etdiyi eyni ittihamlarla v\u0259 eyni i\u015f \u00fczr\u0259 h\u0259yata ke\u00e7irildi.\n<\/p>\n<p>\n  Vaxt qazand\u0131ran hay-k\u00fcy taktikas\u0131n\u0131n u\u011furlu olmas\u0131ndan ilhamlanan rejim yerli m\u0259hk\u0259m\u0259nin q\u0259rar\u0131n\u0131 m\u0259nim siyasi m\u0259hbus statusumu tan\u0131yan h\u0259r bir beyn\u0259lxalq qurumda s\u00f6z\u00fcn \u0259sl m\u0259nas\u0131nda q\u0131\u015fq\u0131rmaq \u00fc\u00e7\u00fcn \u0259sas kimi istifad\u0259 etm\u0259y\u0259 ba\u015flad\u0131.\n<\/p>\n<p>\n  Sad\u0259c\u0259 c\u0259nab \u018fliyevin 24 iyun 2014-c\u00fc il tarixind\u0259 A\u015ePA-n\u0131n Strasburqdak\u0131 sessiyas\u0131nda sual-cavab b\u00f6l\u00fcm\u00fcn\u00fcn videosunu izl\u0259yin.\n<\/p>\n<p>\n  V\u0259ziyy\u0259ti sakitl\u0259\u015fdirm\u0259k m\u0259qs\u0259di il\u0259 2014-c\u00fc ilin 11 avqustunda Avropa \u015euras\u0131n\u0131n ba\u015f katibi Turbyorn Yaqland c\u0259nab \u018fliyevl\u0259 telefonda s\u00f6hb\u0259t ed\u0259r\u0259k, uzun m\u00fcdd\u0259tdir ki, f\u0259aliyy\u0259tini dayand\u0131rm\u0131\u015f, ke\u00e7mi\u015fd\u0259 siyasi m\u0259hbus m\u0259s\u0259l\u0259l\u0259ri il\u0259 m\u0259\u015f\u011ful olan \u0130nsan H\u00fcquqlar\u0131 \u00fczr\u0259 Birg\u0259 \u0130\u015f\u00e7i Qrupunun f\u0259aliyy\u0259tini b\u0259rpa etm\u0259k haqq\u0131nda raz\u0131l\u0131\u011fa g\u0259ldi.\n<\/p>\n<p>\n  Az\u0259rbaycan hakimiyy\u0259tinin B\u00f6y\u00fck Palataya verdiyi \u015fikay\u0259t q\u0259bul edilm\u0259diyind\u0259n A\u0130HM-nin q\u0259rar\u0131 13 oktyabr 2014-c\u00fc il tarixd\u0259 q\u00fcvv\u0259y\u0259 mindi.\n<\/p>\n<p>\n  Bundan d\u0259rhal sonra iki v\u0259kilimd\u0259n biri olan Xalid Ba\u011f\u0131rov onun m\u0259hk\u0259m\u0259 prosesind\u0259 m\u0259hk\u0259m\u0259y\u0259 qar\u015f\u0131 h\u00f6rm\u0259tsizlik etm\u0259si iddia olunaraq, V\u0259kill\u0259r Kollegiyas\u0131ndan xaric edildi. X.Ba\u011f\u0131rovu c\u0259zaland\u0131rmaqla yana\u015f\u0131, h\u00f6kum\u0259tin m\u0259qs\u0259di dig\u0259r v\u0259kilim Fuad A\u011fayevi d\u0259 qorxutmaq idi. A\u011fayev m\u0259hk\u0259m\u0259 prosesini pozdu\u011fu iddias\u0131 il\u0259 c\u0259za alsa da t\u0259slim olmad\u0131.\n<\/p>\n<p>\n  4 dekabr 2014-c\u00fc ild\u0259n etibar\u0259n Avropa \u015euras\u0131 Nazirl\u0259r Komit\u0259si (A\u015eNK), A\u0130HM-nin bar\u0259md\u0259 cinay\u0259t i\u015fi ba\u015flamaqda \u0259sasl\u0131 pozuntular a\u015fkar etm\u0259sini n\u0259z\u0259r\u0259 alaraq, m\u0259nim azadl\u0131\u011f\u0131m\u0131n v\u0259 b\u00fct\u00fcn h\u00fcquqlar\u0131m\u0131n b\u0259rpas\u0131 \u00fc\u00e7\u00fcn israrla \u00e7a\u011f\u0131r\u0131\u015f ed\u0259r\u0259k r\u00fcbl\u00fck q\u0259rarlar alma\u011fa ba\u015flad\u0131.\n<\/p>\n<p>\n  13 yanvar 2015-ci il\u0259 q\u0259d\u0259r, y\u0259ni A\u0130HM-nin q\u0259rar\u0131n\u0131n icra edilm\u0259li oldu\u011fu \u00fc\u00e7 ay m\u00fcdd\u0259tind\u0259 azadl\u0131\u011fa burax\u0131lmal\u0131 v\u0259 2015-ci ilin noyabr ay\u0131nda parlament se\u00e7kil\u0259rind\u0259 h\u0259r\u0259kat\u0131m\u0131za r\u0259hb\u0259rlik etm\u0259k \u00fc\u00e7\u00fcn haz\u0131rl\u0131qlara ba\u015flamal\u0131 idim.\n<\/p>\n<p>\n  H\u00f6kum\u0259t A\u0130HM q\u0259rar\u0131n\u0131 n\u0259z\u0259r\u0259 almad\u0131. Bundan \u0259lav\u0259 2015-ci il se\u00e7kil\u0259ri \u00fczr\u0259 A\u015ePA m\u00fc\u015fahid\u0259 missiyas\u0131n\u0131 r\u0259hb\u0259ri Jordi Yukla m\u0259nim se\u00e7kil\u0259rd\u0259n t\u0259crid olunma\u011f\u0131m\u0131 g\u00f6rm\u0259zd\u0259n g\u0259l\u0259r\u0259k, se\u00e7kil\u0259rin yax\u015f\u0131 ke\u00e7diyini vur\u011fulad\u0131.\n<\/p>\n<blockquote><p>\n  III. Avropa \u015euras\u0131n\u0131n 2 illik s\u0259cd\u0259si\n<\/p><\/blockquote>\n<p>\n  2015-ci ilin noyabr\u0131nda Yaqland \u0130nsan Haqlar\u0131 \u00fczr\u0259 \u0130\u015f\u00e7i Qrupunun f\u0259aliyy\u0259tini a\u00e7\u0131q v\u0259 s\u0259s-k\u00fcyl\u00fc \u015f\u0259kild\u0259 \u015f\u0259kild\u0259 sonland\u0131rd\u0131. Bel\u0259ki, h\u00f6kum\u0259t m\u0259nim h\u0259bsimi davam etdirm\u0259k \u00fc\u00e7\u00fcn &#8220;\u0259m\u0259kda\u015fl\u0131q&#8221; ad\u0131 alt\u0131nda h\u0259min qurumdan istifad\u0259 edirdi.\n<\/p>\n<p>\n  N\u00f6vb\u0259ti ay Yaqland, Konvensiyan\u0131n 52-ci madd\u0259sin\u0259 uy\u011fun olaraq, h\u00f6kum\u0259td\u0259n m\u0259nim i\u015fiml\u0259 ba\u011fl\u0131 m\u0259hk\u0259m\u0259nin q\u0259rar\u0131n\u0131 nec\u0259 icra edil\u0259c\u0259yini r\u0259smi \u015f\u0259kild\u0259 izah etm\u0259sini t\u0259l\u0259b ed\u0259r\u0259k, he\u00e7 vaxt ba\u015f verm\u0259mi\u015f \u00f6n\u0259mli bir add\u0131m atd\u0131.\n<\/p>\n<p>\n  T\u0259\u0259ss\u00fcf ki, Avropa \u015euras\u0131n\u0131n \u0130nsan H\u00fcquqlar\u0131 v\u0259 H\u00fcquqi M\u0259s\u0259l\u0259l\u0259r \u00fczr\u0259 Ba\u015f \u0130dar\u0259sinin direktoru Filip Boylat\u0131n r\u0259hb\u0259rlik etdiyi t\u0259\u015fkilat\u0131n nizamnam\u0259sinin 52-ci madd\u0259si \u0259sas\u0131nda yarad\u0131lan x\u00fcsusi missiya Bak\u0131ya yaln\u0131z 10 yanvar 2017-ci ild\u0259 g\u0259l\u0259 bildi.\n<\/p>\n<p>\n  Burada h\u00f6kum\u0259tl\u0259 \u00f6lk\u0259nin c\u0259za qanunvericiliyin\u0259 geni\u015f d\u0259yi\u015fiklikl\u0259r etm\u0259kl\u0259 m\u0259nim azadl\u0131\u011f\u0131m\u0131n t\u0259min oluna\u00e7a\u011f\u0131 raz\u0131l\u0131\u011f\u0131na g\u0259lindi.\n<\/p>\n<p>\n  Anlay\u0131ram ki, o zaman t\u0259qa\u00fcd\u0259 \u00e7\u0131xma\u011fa haz\u0131rla\u015fan c\u0259nab Boylat hakimiyy\u0259tl\u0259 m\u00fcnasib\u0259tl\u0259rini korlamamaq \u00fc\u00e7\u00fcn qanunvericiliy\u0259 edil\u0259c\u0259k d\u0259yi\u015fiklikl\u0259rin d\u0259rinliyin\u0259 getm\u0259kd\u0259 ist\u0259ksiz idi. Daha \u00f6nc\u0259, 2016-c\u0131 ild\u0259 c\u0259nab Boylat\u0131n 22 may 2015-ci il tarixli m\u0259ktubu il\u0259 ba\u011fl\u0131 naraz\u0131l\u0131\u011f\u0131m\u0131 art\u0131q Avropa \u015euras\u0131n\u0131n diqq\u0259tin\u0259 \u00e7atd\u0131rm\u0131\u015fd\u0131m, \u0259dliyy\u0259 nazirin\u0259 g\u00f6nd\u0259ril\u0259n h\u0259min m\u0259ktubda o, azad edilm\u0259yimi t\u0259kid ed\u0259n A\u015eNK-nin iki r\u00fcbl\u00fck q\u0259rar\u0131n\u0131n olmas\u0131na baxmayaraq, Az\u0259rbaycan \u0259dliyy\u0259sini t\u0259rifl\u0259mi\u015fdi.\n<\/p>\n<p>\n  N\u0259tic\u0259d\u0259, c\u0259za qanunvericiliyin\u0259 2017-ci ilin 20 oktyabr tarixind\u0259 q\u0259bul olunan v\u0259 1 dekabr tarixind\u0259 q\u00fcvv\u0259y\u0259 min\u0259n d\u0259yi\u015fiklikl\u0259r A\u015eNK-nin m\u0259nim i\u015fiml\u0259 ba\u011fl\u0131 12 m\u00fcxt\u0259lif q\u0259rar v\u0259 q\u0259tnam\u0259l\u0259rinin icras\u0131 il\u0259 yekunla\u015fmad\u0131.\n<\/p>\n<p>\n  H\u0259min iki il \u0259rzind\u0259 (2015-2017) h\u00f6kum\u0259t Avropa \u015euras\u0131ndan m\u0259hk\u0259m\u0259 islahat\u0131 proqramlar\u0131na 4,7 milyon avro texniki yard\u0131m ald\u0131. 2017-ci ilin pay\u0131z\u0131nda Az\u0259rbaycan m\u0259hk\u0259m\u0259 sistemind\u0259ki nailiyy\u0259tl\u0259rin\u0259 g\u00f6r\u0259 hakimiyy\u0259t\u0259 \u015eotlandiyada Avropa \u015euras\u0131 t\u0259r\u0259find\u0259n &#8220;\u018fdliyy\u0259nin Kristal T\u0259r\u0259zisi&#8221; m\u00fckafat\u0131 verildi.\n<\/p>\n<p>\n  2017-ci ilin iyun ay\u0131nda \u0259dliyy\u0259 naziri Avropa \u015euras\u0131n\u0131n \u201cCEPEJ\u201d (\u018fdal\u0259t M\u00fchakim\u0259sinin S\u0259m\u0259r\u0259liliyi \u00fczr\u0259 Avropa Komissiyas\u0131) r\u0259smi d\u00f6vri n\u0259\u015frind\u0259 Az\u0259rbaycan\u0131n \u0259dliyy\u0259 sistemin\u0259 d\u0259 yer ayr\u0131lmas\u0131ndan x\u00fcsusi f\u0259r\u0259h hissi il\u0259 dan\u0131\u015f\u0131b: &#8220;Avropal\u0131 ekspertl\u0259r q\u0259rara g\u0259ldi ki, Az\u0259rbaycan m\u0259hk\u0259m\u0259 islahatlar\u0131, unikal m\u0259hk\u0259m\u0259 infrastrukturunun yarad\u0131lmas\u0131 v\u0259 \u0259n m\u00fcasir informasiya texnologiyalar\u0131 v\u0259 innovasiyalar\u0131n t\u0259tbiqi sah\u0259sind\u0259 bir \u00e7ox Avropa \u00f6lk\u0259sin\u0259 n\u00fcmun\u0259 ola bil\u0259r&#8221;.\n<\/p>\n<blockquote><p>\n  IV. \u00dc\u00e7\u00fcnc\u00fc d\u0259f\u0259 se\u00e7kil\u0259rd\u0259n k\u0259narda saxlanma\u011f\u0131m\n<\/p><\/blockquote>\n<p>\n  H\u00f6kum\u0259t sad\u0259c\u0259 Birg\u0259 \u0130\u015f\u00e7i Qrupunu istismar etm\u0259kl\u0259, 52-ci Madd\u0259 missiyas\u0131n\u0131 aldatmaqla v\u0259 ya m\u0259hk\u0259m\u0259 islahat\u0131 sah\u0259sind\u0259 kritik \u0259h\u0259miyy\u0259tli \u0259m\u0259kda\u015fl\u0131\u011f\u0131 t\u0259qlid etm\u0259kl\u0259 deyil, eyni zamanda yerli m\u0259hk\u0259m\u0259l\u0259rin s\u0259viyy\u0259sin\u0259 uy\u011fun olaraq m\u0259nim m\u0259hk\u0259m\u0259 i\u015fimi \u00f6t\u00fcr-\u00f6t\u00fcr ed\u0259r\u0259k A\u015eNK-nin i\u015fini uzunm\u00fcdd\u0259tli gecikdir\u0259 \u200bbildi.\n<\/p>\n<p>\n  A\u015eNK is\u0259 h\u0259mi\u015f\u0259 saf bir \u015f\u0259kild\u0259 &#8220;bu d\u0259f\u0259&#8221; h\u0259r \u015feyin d\u00fcz\u0259l\u0259c\u0259yin\u0259 \u00fcmid edirdi. N\u0259tic\u0259d\u0259 be\u015f d\u0259f\u0259: bir d\u0259f\u0259 rayon m\u0259hk\u0259m\u0259sind\u0259, iki d\u0259f\u0259 apelyasiya m\u0259hk\u0259m\u0259sind\u0259, iki d\u0259f\u0259 Ali M\u0259hk\u0259m\u0259d\u0259 m\u0259nim i\u015fim\u0259 bax\u0131ld\u0131. Bu, \u018fliyev\u0259 \u00e7ox vaxt qazand\u0131rd\u0131!\n<\/p>\n<p>\n  Baxmayaraq ki, m\u0259n m\u0259hk\u0259m\u0259 prosesini s\u00fcr\u0259tl\u0259ndirm\u0259k \u00fc\u00e7\u00fcn onlar\u0131n f\u0259ndl\u0259rind\u0259n birini \u00f6zl\u0259rin\u0259 qar\u015f\u0131 istifad\u0259 ed\u0259 bildim. 13 oktyabr 2015-ci ild\u0259 Ali M\u0259hk\u0259m\u0259 m\u0259nim i\u015fimi apelyasiya m\u0259hk\u0259m\u0259sin\u0259 qaytard\u0131. Apelyasiya M\u0259hk\u0259m\u0259si o g\u00fcnd\u0259n etibar\u0259n m\u00fcxt\u0259lif b\u0259han\u0259l\u0259rl\u0259 dinl\u0259m\u0259l\u0259ri t\u0259xir\u0259 sal\u0131rd\u0131.\n<\/p>\n<p>\n  Ancaq 2016-c\u0131 ilin aprel ay\u0131nda h\u00f6kum\u0259t \u00f6lk\u0259d\u0259 t\u0259krar parlament se\u00e7kil\u0259rini planla\u015fd\u0131rd\u0131qda d\u0259rhal namiz\u0259d kimi 125 se\u00e7ki dair\u0259sind\u0259n birind\u0259 qeydiyyatdan ke\u00e7dim (Az\u0259rbaycan qanunvericiliyin\u0259 g\u00f6r\u0259 i\u015finiz apelyasiya m\u0259hk\u0259m\u0259sind\u0259 olarsa, namiz\u0259d ola bil\u0259rsiniz). Bundan sonra bir ne\u00e7\u0259 g\u00fcn \u0259rzind\u0259 Apelyasiya M\u0259hk\u0259m\u0259si t\u0259krar m\u0259hk\u0259m\u0259 iclas\u0131n\u0131 ke\u00e7irdi, ikinci d\u0259f\u0259 h\u00f6km\u00fc q\u00fcvv\u0259d\u0259 saxlad\u0131 v\u0259 Se\u00e7ki Komissiyas\u0131 m\u0259nim namiz\u0259dliyimi l\u0259\u011fv etdi.\n<\/p>\n<p>\n  Buna baxmayaraq, se\u00e7kil\u0259ri m\u00fc\u015fahid\u0259 ed\u0259n A\u015ePA Monitorinq Komit\u0259sinin h\u0259mm\u0259ruz\u0259\u00e7il\u0259ri Stefan \u015eennak v\u0259 Sezar Florin Preda 2016-c\u0131 ilin iyun ay\u0131nda ke\u00e7iril\u0259n se\u00e7kil\u0259rin yax\u015f\u0131 ke\u00e7diyini qeyd etdi.\n<\/p>\n<p>\n  Onlar bu i\u015fd\u0259 yeni olduqlar\u0131na g\u00f6r\u0259 h\u0259l\u0259 d\u0259 rejiml\u0259 \u0259m\u0259kda\u015fl\u0131q etm\u0259kl\u0259 m\u0259nim azadl\u0131\u011fa qovu\u015fa bil\u0259c\u0259yim\u0259 inan\u0131rd\u0131lar. B\u00fct\u00fcn bunlar m\u0259nim \u00fc\u00e7\u00fcnc\u00fc d\u0259f\u0259 se\u00e7kil\u0259rd\u0259n k\u0259narla\u015fd\u0131r\u0131lma\u011f\u0131ma g\u0259tirib \u00e7\u0131xard\u0131.\n<\/p>\n<p>\n  \u0130ki aydan sonra, y\u0259ni 2016-c\u0131 ilin avqustunda Natiq C\u0259f\u0259rli bar\u0259sind\u0259 saxta ittihamlarla d\u00f6rd ayl\u0131q h\u0259bs-q\u0259timkan t\u0259dbiri se\u00e7ildi v\u0259 Az\u0259r Qas\u0131ml\u0131n\u0131n \u00f6lk\u0259d\u0259n \u00e7\u0131x\u0131\u015f\u0131na qada\u011fa qoyuldu. Amerikan\u0131n s\u0259rt t\u0259zyiqi n\u0259tic\u0259sind\u0259 h\u00f6kum\u0259t h\u0259min ilin sentyabr\u0131nda Natiq C\u0259f\u0259rlini azad ets\u0259 d\u0259, o, 2017-ci ilin pay\u0131z\u0131na q\u0259d\u0259r \u00f6lk\u0259d\u0259n \u00e7\u0131xa bilm\u0259di. Az\u0259r Qas\u0131ml\u0131n\u0131n \u00e7\u0131x\u0131\u015f\u0131na qoyulan qada\u011fa is\u0259 h\u0259l\u0259 d\u0259 g\u00f6t\u00fcr\u00fclm\u0259yib.\n<\/p>\n<blockquote><p>\n  V. D\u00f6rd\u00fcnc\u00fc d\u0259f\u0259 se\u00e7kil\u0259rd\u0259n k\u0259narda saxlan\u0131lma\u011f\u0131m\n<\/p><\/blockquote>\n<p>\n  A\u0130HM m\u0259nim \u0259dal\u0259tli m\u00fchakim\u0259 h\u00fcququndan m\u0259hrum edildiyimi (Konvensiyan\u0131n 6.1-ci madd\u0259sinin pozuntusu) m\u00fc\u0259yy\u0259n ed\u0259n\u0259 q\u0259d\u0259r proses he\u00e7 bir \u0259h\u0259miyy\u0259t da\u015f\u0131madan davam etdi.\n<\/p>\n<p>\n  M\u0259hk\u0259m\u0259 \u00f6z q\u0259rar\u0131nda hakimiyy\u0259tin motivasiyas\u0131 il\u0259 ba\u011fl\u0131 m\u0259s\u0259l\u0259nin B\u00f6y\u00fck Palataya \u00fcnvanlanmas\u0131n\u0131 t\u00f6vsiy\u0259 etdi, \u00e7\u00fcnki A\u0130HM-nin presedent h\u00fcququ 18-ci madd\u0259 il\u0259 ba\u011fl\u0131 hallar\u0131n ke\u00e7mi\u015f sovet \u00f6lk\u0259l\u0259rind\u0259 tatbiqini t\u0259min etm\u0259k \u00fc\u00e7\u00fcn kifay\u0259t q\u0259d\u0259r formala\u015fmay\u0131b.<\/p>\n<p>  M\u0259n \u00f6z v\u0259kill\u0259rim \u2013c\u0259nab A\u011fayevd\u0259n v\u0259 yeni irlandiyal\u0131\/britaniyal\u0131 v\u0259kilim c\u0259nab Ceremy McBrayddan bu m\u00fcraci\u0259ti 16 fevral 2018-ci il tarixin\u0259 q\u0259d\u0259r etm\u0259yi xahi\u015f etdim.\n<\/p>\n<p>\n  5 dekabr 2017-ci ild\u0259, x\u0259b\u0259rdarl\u0131q ill\u0259rind\u0259n sonra A\u015eNK, n\u0259hay\u0259t, Konvensiyan\u0131n 46.4-c\u00fc madd\u0259sin\u0259 istinad ed\u0259r\u0259k m\u0259nim i\u015fim \u00fczr\u0259 A\u0130HM-nin q\u0259rar\u0131n\u0131 icra etm\u0259kd\u0259n imtina etdiyi \u00fc\u00e7\u00fcn Az\u0259rbaycan\u0131 Avropa \u015euras\u0131ndan xaric etm\u0259kl\u0259 t\u0259hdid etdi.\n<\/p>\n<p>\n  M\u0259n h\u0259mi\u015f\u0259 46.4-c\u00fc madd\u0259nin t\u0259tbiqin\u0259 \u015f\u00fcbh\u0259 il\u0259 yana\u015fm\u0131\u015fam. H\u0259tta 8 aprel 2015-ci il tarixd\u0259 Ba\u015f katib\u0259 \u015f\u00fcbh\u0259l\u0259rimi ifad\u0259 ed\u0259n bir m\u0259ktub da yazm\u0131\u015fd\u0131m. D\u00fc\u015f\u00fcn\u00fcrd\u00fcm ki, Avropa \u015euras\u0131 daha etibarl\u0131 vasit\u0259l\u0259r\u0259 sahib olmal\u0131d\u0131r. Lakin m\u00f6vzunu ara\u015fd\u0131rmaq \u00fc\u00e7\u00fcn b\u00fct\u00fcn f\u00fcrs\u0259tl\u0259rd\u0259n m\u0259hrum edil\u0259nd\u0259, q\u0259rara g\u0259ldim ki, Avropa \u015euras\u0131 n\u0259 etdiyini bilir.\n<\/p>\n<p>\n  46.4-c\u00fc madd\u0259nin t\u0259tbiq edilm\u0259si il\u0259 m\u0259s\u0259l\u0259ni ara\u015fd\u0131rmaq A\u0130HM B\u00f6y\u00fck Palatas\u0131na h\u0259val\u0259 edildi.\n<\/p>\n<p>\n  B\u00f6y\u00fck Palata A\u015eNK, h\u00f6kum\u0259td\u0259n v\u0259 m\u0259nd\u0259n \u00f6z m\u00f6vqeyimizi 2018-ci il 1 mart tarixin\u0259d\u0259k t\u0259qdim etm\u0259yimizi ist\u0259di.\n<\/p>\n<p>\n  Texniki c\u0259h\u0259td\u0259n m\u00fc\u0259yy\u0259n edilmi\u015f son tarix 2018-ci il oktyabr ay\u0131n\u0131ndak\u0131 prezident se\u00e7kil\u0259rin\u0259 q\u0259d\u0259r B\u00f6y\u00fck Palata t\u0259r\u0259find\u0259n t\u0259sirli bir q\u0259rar veril\u0259c\u0259yiin m\u00fcmk\u00fcn oldu\u011fu anlam\u0131na g\u0259lirdi. Buna g\u00f6r\u0259 d\u0259 5 fevral 2018-ci il tarixd\u0259 c\u0259nab \u018fliyev se\u00e7kil\u0259rin tarixini oktyabr\u0131n 17-d\u0259n aprelin 11-\u0259 d\u0259yi\u015fdi v\u0259 m\u0259ni d\u00f6rd\u00fcnc\u00fc d\u0259f\u0259 se\u00e7ki yar\u0131\u015f\u0131ndan k\u0259narla\u015fd\u0131rd\u0131.\n<\/p>\n<blockquote><p>\n  VI. Blokada\n<\/p><\/blockquote>\n<p>\n  5 dekabr 2017-ci il tarixind\u0259n etibar\u0259n A\u015eNK q\u0259rar\u0131, B\u00f6y\u00fck Palatan\u0131n m\u0259ktublar\u0131, v\u0259kill\u0259rimin B\u00f6y\u00fck Palataya verdiyi s\u0259n\u0259dl\u0259r d\u0259 daxil olmaqla i\u015fiml\u0259 ba\u011fl\u0131 he\u00e7 bir s\u0259n\u0259d m\u0259n\u0259 verilmir. Tamamil\u0259 \u201cg\u00f6z\u00fcba\u011fl\u0131\u201d v\u0259ziyy\u0259td\u0259 qalm\u0131\u015fam. V\u0259kill\u0259rimin n\u0259 etdiyind\u0259n x\u0259b\u0259rsiz\u0259m, i\u015fl\u0259rin\u0259 k\u00f6m\u0259k ed\u0259 bilmir\u0259m. C\u0259nab A\u011fayevd\u0259n bu m\u00f6vzuda ciddi h\u00fcquqi t\u0259dbirl\u0259r g\u00f6rm\u0259sini xahi\u015f ets\u0259m, o, i\u015find\u0259n azad oluna bil\u0259r. 2017-ci ilin dekabr\u0131ndan sonra V\u0259kill\u0259r Kollegiyas\u0131n\u0131n \u00fczv\u00fc olmayan v\u0259kill\u0259rin v\u0259t\u0259nda\u015flar\u0131 h\u0259tta m\u00fclki i\u015fl\u0259rd\u0259 m\u00fcdafi\u0259 etm\u0259sin\u0259 bel\u0259 icaz\u0259 verilm\u0259diyi \u00fc\u00e7\u00fcn, bu add\u0131m, onun acl\u0131qdan \u00f6lm\u0259sini ist\u0259m\u0259yim anlam\u0131na g\u0259l\u0259 bil\u0259r.\n<\/p>\n<p>\n  B\u00fct\u00fcn bunlar o zaman ba\u015f verir ki,14 fevral 2018-ci il tarixd\u0259 c\u0259nab Lobov Bak\u0131da 400 min dollar d\u0259y\u0259rind\u0259 yeni bir m\u0259hk\u0259m\u0259 m\u00fck\u0259mm\u0259lliyi layih\u0259sinin a\u00e7\u0131l\u0131\u015f\u0131n\u0131 edir v\u0259 \u00e7ox g\u00fcman ki, bu, \u018fliyev rejimi \u00fc\u00e7\u00fcn ba\u015fqa bir kristal m\u00fckafat\u0131n veril\u0259c\u0259yind\u0259n x\u0259b\u0259r verir.<\/p>\n","protected":false},"excerpt":{"rendered":"<p>\u0130lqar M\u0259mm\u0259dov h\u0259bsd\u0259n yaz\u0131r<\/p>\n","protected":false},"author":11,"featured_media":100783,"comment_status":"closed","ping_status":"open","sticky":false,"template":"","format":"standard","meta":{"_acf_changed":false,"_sitemap_exclude":false,"_sitemap_priority":"","_sitemap_frequency":"","footnotes":""},"categories":[57],"tags":[],"class_list":["post-189100","post","type-post","status-publish","format-standard","has-post-thumbnail","hentry","category-menim-fikrimce","infinite-scroll-item","generate-columns","tablet-grid-50","mobile-grid-100","grid-parent","grid-33","no-featured-image-padding"],"acf":[],"yoast_head":"<!-- This site is optimized with the Yoast SEO plugin v27.5 - https:\/\/yoast.com\/product\/yoast-seo-wordpress\/ -->\n<title>Tarixin zarafat\u0131, m\u0259nim dram\u0131m: Az\u0259rbaycan Avropa \u015euras\u0131nda - MEYDAN.TV<\/title>\n<meta name=\"robots\" content=\"index, follow, max-snippet:-1, max-image-preview:large, max-video-preview:-1\" \/>\n<link rel=\"canonical\" href=\"https:\/\/www.meydan.tv\/az\/article\/tarixin-zarafati-menim-dramim-azerbaycan-avropa-surasinda\/\" \/>\n<meta property=\"og:locale\" content=\"az_AZ\" \/>\n<meta property=\"og:type\" content=\"article\" \/>\n<meta property=\"og:title\" content=\"Tarixin zarafat\u0131, m\u0259nim dram\u0131m: Az\u0259rbaycan Avropa \u015euras\u0131nda - MEYDAN.TV\" \/>\n<meta property=\"og:description\" content=\"\u0130lqar M\u0259mm\u0259dov h\u0259bsd\u0259n yaz\u0131r\" \/>\n<meta property=\"og:url\" content=\"https:\/\/www.meydan.tv\/az\/article\/tarixin-zarafati-menim-dramim-azerbaycan-avropa-surasinda\/\" \/>\n<meta property=\"og:site_name\" content=\"MEYDAN.TV\" \/>\n<meta property=\"article:published_time\" content=\"2018-03-14T23:02:27+00:00\" \/>\n<meta property=\"og:image\" content=\"https:\/\/www.meydan.tv\/wp-content\/uploads\/39875.jpg\" \/>\n\t<meta property=\"og:image:width\" content=\"1200\" \/>\n\t<meta property=\"og:image:height\" content=\"675\" \/>\n\t<meta property=\"og:image:type\" content=\"image\/jpeg\" \/>\n<meta name=\"author\" content=\"user-manager\" \/>\n<meta name=\"twitter:card\" content=\"summary_large_image\" \/>\n<script type=\"application\/ld+json\" class=\"yoast-schema-graph\">{\"@context\":\"https:\\\/\\\/schema.org\",\"@graph\":[{\"@type\":\"Article\",\"@id\":\"https:\\\/\\\/www.meydan.tv\\\/az\\\/article\\\/tarixin-zarafati-menim-dramim-azerbaycan-avropa-surasinda\\\/#article\",\"isPartOf\":{\"@id\":\"https:\\\/\\\/www.meydan.tv\\\/az\\\/article\\\/tarixin-zarafati-menim-dramim-azerbaycan-avropa-surasinda\\\/\"},\"author\":{\"name\":\"user-manager\",\"@id\":\"https:\\\/\\\/www.meydan.tv\\\/az\\\/#\\\/schema\\\/person\\\/10d11eccf6da3662cf5fdab9806ea91a\"},\"headline\":\"Tarixin zarafat\u0131, m\u0259nim dram\u0131m: Az\u0259rbaycan Avropa \u015euras\u0131nda\",\"datePublished\":\"2018-03-14T23:02:27+00:00\",\"mainEntityOfPage\":{\"@id\":\"https:\\\/\\\/www.meydan.tv\\\/az\\\/article\\\/tarixin-zarafati-menim-dramim-azerbaycan-avropa-surasinda\\\/\"},\"wordCount\":2755,\"publisher\":{\"@id\":\"https:\\\/\\\/www.meydan.tv\\\/az\\\/#organization\"},\"image\":{\"@id\":\"https:\\\/\\\/www.meydan.tv\\\/az\\\/article\\\/tarixin-zarafati-menim-dramim-azerbaycan-avropa-surasinda\\\/#primaryimage\"},\"thumbnailUrl\":\"https:\\\/\\\/www.meydan.tv\\\/wp-content\\\/uploads\\\/39875.jpg\",\"articleSection\":[\"M\u0259nim Fikrimc\u0259\"],\"inLanguage\":\"az\"},{\"@type\":\"WebPage\",\"@id\":\"https:\\\/\\\/www.meydan.tv\\\/az\\\/article\\\/tarixin-zarafati-menim-dramim-azerbaycan-avropa-surasinda\\\/\",\"url\":\"https:\\\/\\\/www.meydan.tv\\\/az\\\/article\\\/tarixin-zarafati-menim-dramim-azerbaycan-avropa-surasinda\\\/\",\"name\":\"Tarixin zarafat\u0131, m\u0259nim dram\u0131m: Az\u0259rbaycan Avropa \u015euras\u0131nda - MEYDAN.TV\",\"isPartOf\":{\"@id\":\"https:\\\/\\\/www.meydan.tv\\\/az\\\/#website\"},\"primaryImageOfPage\":{\"@id\":\"https:\\\/\\\/www.meydan.tv\\\/az\\\/article\\\/tarixin-zarafati-menim-dramim-azerbaycan-avropa-surasinda\\\/#primaryimage\"},\"image\":{\"@id\":\"https:\\\/\\\/www.meydan.tv\\\/az\\\/article\\\/tarixin-zarafati-menim-dramim-azerbaycan-avropa-surasinda\\\/#primaryimage\"},\"thumbnailUrl\":\"https:\\\/\\\/www.meydan.tv\\\/wp-content\\\/uploads\\\/39875.jpg\",\"datePublished\":\"2018-03-14T23:02:27+00:00\",\"breadcrumb\":{\"@id\":\"https:\\\/\\\/www.meydan.tv\\\/az\\\/article\\\/tarixin-zarafati-menim-dramim-azerbaycan-avropa-surasinda\\\/#breadcrumb\"},\"inLanguage\":\"az\",\"potentialAction\":[{\"@type\":\"ReadAction\",\"target\":[\"https:\\\/\\\/www.meydan.tv\\\/az\\\/article\\\/tarixin-zarafati-menim-dramim-azerbaycan-avropa-surasinda\\\/\"]}]},{\"@type\":\"ImageObject\",\"inLanguage\":\"az\",\"@id\":\"https:\\\/\\\/www.meydan.tv\\\/az\\\/article\\\/tarixin-zarafati-menim-dramim-azerbaycan-avropa-surasinda\\\/#primaryimage\",\"url\":\"https:\\\/\\\/www.meydan.tv\\\/wp-content\\\/uploads\\\/39875.jpg\",\"contentUrl\":\"https:\\\/\\\/www.meydan.tv\\\/wp-content\\\/uploads\\\/39875.jpg\",\"width\":1200,\"height\":675,\"caption\":\"Source:\"},{\"@type\":\"BreadcrumbList\",\"@id\":\"https:\\\/\\\/www.meydan.tv\\\/az\\\/article\\\/tarixin-zarafati-menim-dramim-azerbaycan-avropa-surasinda\\\/#breadcrumb\",\"itemListElement\":[{\"@type\":\"ListItem\",\"position\":1,\"name\":\"Ana s\u0259hif\u0259\",\"item\":\"https:\\\/\\\/www.meydan.tv\\\/az\\\/\"},{\"@type\":\"ListItem\",\"position\":2,\"name\":\"M\u0259nim Fikrimc\u0259\",\"item\":\"https:\\\/\\\/www.meydan.tv\\\/az\\\/section\\\/menim-fikrimce\\\/\"},{\"@type\":\"ListItem\",\"position\":3,\"name\":\"Tarixin zarafat\u0131, m\u0259nim dram\u0131m: Az\u0259rbaycan Avropa \u015euras\u0131nda\"}]},{\"@type\":\"WebSite\",\"@id\":\"https:\\\/\\\/www.meydan.tv\\\/az\\\/#website\",\"url\":\"https:\\\/\\\/www.meydan.tv\\\/az\\\/\",\"name\":\"MEYDAN.TV\",\"description\":\"Meydan TV Az\u0259rbaycan\u0131n media m\u0259kan\u0131ndak\u0131 alternativ s\u0259sidir\",\"publisher\":{\"@id\":\"https:\\\/\\\/www.meydan.tv\\\/az\\\/#organization\"},\"potentialAction\":[{\"@type\":\"SearchAction\",\"target\":{\"@type\":\"EntryPoint\",\"urlTemplate\":\"https:\\\/\\\/www.meydan.tv\\\/az\\\/?s={search_term_string}\"},\"query-input\":{\"@type\":\"PropertyValueSpecification\",\"valueRequired\":true,\"valueName\":\"search_term_string\"}}],\"inLanguage\":\"az\"},{\"@type\":\"Organization\",\"@id\":\"https:\\\/\\\/www.meydan.tv\\\/az\\\/#organization\",\"name\":\"Meydan TV\",\"url\":\"https:\\\/\\\/www.meydan.tv\\\/az\\\/\",\"logo\":{\"@type\":\"ImageObject\",\"inLanguage\":\"az\",\"@id\":\"https:\\\/\\\/www.meydan.tv\\\/az\\\/#\\\/schema\\\/logo\\\/image\\\/\",\"url\":\"https:\\\/\\\/www.meydan.tv\\\/wp-content\\\/uploads\\\/2021\\\/07\\\/meydan-logo.svg\",\"contentUrl\":\"https:\\\/\\\/www.meydan.tv\\\/wp-content\\\/uploads\\\/2021\\\/07\\\/meydan-logo.svg\",\"width\":195,\"height\":46,\"caption\":\"Meydan TV\"},\"image\":{\"@id\":\"https:\\\/\\\/www.meydan.tv\\\/az\\\/#\\\/schema\\\/logo\\\/image\\\/\"}},{\"@type\":\"Person\",\"@id\":\"https:\\\/\\\/www.meydan.tv\\\/az\\\/#\\\/schema\\\/person\\\/10d11eccf6da3662cf5fdab9806ea91a\",\"name\":\"user-manager\"}]}<\/script>\n<!-- \/ Yoast SEO plugin. -->","yoast_head_json":{"title":"Tarixin zarafat\u0131, m\u0259nim dram\u0131m: Az\u0259rbaycan Avropa \u015euras\u0131nda - MEYDAN.TV","robots":{"index":"index","follow":"follow","max-snippet":"max-snippet:-1","max-image-preview":"max-image-preview:large","max-video-preview":"max-video-preview:-1"},"canonical":"https:\/\/www.meydan.tv\/az\/article\/tarixin-zarafati-menim-dramim-azerbaycan-avropa-surasinda\/","og_locale":"az_AZ","og_type":"article","og_title":"Tarixin zarafat\u0131, m\u0259nim dram\u0131m: Az\u0259rbaycan Avropa \u015euras\u0131nda - MEYDAN.TV","og_description":"\u0130lqar M\u0259mm\u0259dov h\u0259bsd\u0259n yaz\u0131r","og_url":"https:\/\/www.meydan.tv\/az\/article\/tarixin-zarafati-menim-dramim-azerbaycan-avropa-surasinda\/","og_site_name":"MEYDAN.TV","article_published_time":"2018-03-14T23:02:27+00:00","og_image":[{"width":1200,"height":675,"url":"https:\/\/www.meydan.tv\/wp-content\/uploads\/39875.jpg","type":"image\/jpeg"}],"author":"user-manager","twitter_card":"summary_large_image","schema":{"@context":"https:\/\/schema.org","@graph":[{"@type":"Article","@id":"https:\/\/www.meydan.tv\/az\/article\/tarixin-zarafati-menim-dramim-azerbaycan-avropa-surasinda\/#article","isPartOf":{"@id":"https:\/\/www.meydan.tv\/az\/article\/tarixin-zarafati-menim-dramim-azerbaycan-avropa-surasinda\/"},"author":{"name":"user-manager","@id":"https:\/\/www.meydan.tv\/az\/#\/schema\/person\/10d11eccf6da3662cf5fdab9806ea91a"},"headline":"Tarixin zarafat\u0131, m\u0259nim dram\u0131m: Az\u0259rbaycan Avropa \u015euras\u0131nda","datePublished":"2018-03-14T23:02:27+00:00","mainEntityOfPage":{"@id":"https:\/\/www.meydan.tv\/az\/article\/tarixin-zarafati-menim-dramim-azerbaycan-avropa-surasinda\/"},"wordCount":2755,"publisher":{"@id":"https:\/\/www.meydan.tv\/az\/#organization"},"image":{"@id":"https:\/\/www.meydan.tv\/az\/article\/tarixin-zarafati-menim-dramim-azerbaycan-avropa-surasinda\/#primaryimage"},"thumbnailUrl":"https:\/\/www.meydan.tv\/wp-content\/uploads\/39875.jpg","articleSection":["M\u0259nim Fikrimc\u0259"],"inLanguage":"az"},{"@type":"WebPage","@id":"https:\/\/www.meydan.tv\/az\/article\/tarixin-zarafati-menim-dramim-azerbaycan-avropa-surasinda\/","url":"https:\/\/www.meydan.tv\/az\/article\/tarixin-zarafati-menim-dramim-azerbaycan-avropa-surasinda\/","name":"Tarixin zarafat\u0131, m\u0259nim dram\u0131m: Az\u0259rbaycan Avropa \u015euras\u0131nda - MEYDAN.TV","isPartOf":{"@id":"https:\/\/www.meydan.tv\/az\/#website"},"primaryImageOfPage":{"@id":"https:\/\/www.meydan.tv\/az\/article\/tarixin-zarafati-menim-dramim-azerbaycan-avropa-surasinda\/#primaryimage"},"image":{"@id":"https:\/\/www.meydan.tv\/az\/article\/tarixin-zarafati-menim-dramim-azerbaycan-avropa-surasinda\/#primaryimage"},"thumbnailUrl":"https:\/\/www.meydan.tv\/wp-content\/uploads\/39875.jpg","datePublished":"2018-03-14T23:02:27+00:00","breadcrumb":{"@id":"https:\/\/www.meydan.tv\/az\/article\/tarixin-zarafati-menim-dramim-azerbaycan-avropa-surasinda\/#breadcrumb"},"inLanguage":"az","potentialAction":[{"@type":"ReadAction","target":["https:\/\/www.meydan.tv\/az\/article\/tarixin-zarafati-menim-dramim-azerbaycan-avropa-surasinda\/"]}]},{"@type":"ImageObject","inLanguage":"az","@id":"https:\/\/www.meydan.tv\/az\/article\/tarixin-zarafati-menim-dramim-azerbaycan-avropa-surasinda\/#primaryimage","url":"https:\/\/www.meydan.tv\/wp-content\/uploads\/39875.jpg","contentUrl":"https:\/\/www.meydan.tv\/wp-content\/uploads\/39875.jpg","width":1200,"height":675,"caption":"Source:"},{"@type":"BreadcrumbList","@id":"https:\/\/www.meydan.tv\/az\/article\/tarixin-zarafati-menim-dramim-azerbaycan-avropa-surasinda\/#breadcrumb","itemListElement":[{"@type":"ListItem","position":1,"name":"Ana s\u0259hif\u0259","item":"https:\/\/www.meydan.tv\/az\/"},{"@type":"ListItem","position":2,"name":"M\u0259nim Fikrimc\u0259","item":"https:\/\/www.meydan.tv\/az\/section\/menim-fikrimce\/"},{"@type":"ListItem","position":3,"name":"Tarixin zarafat\u0131, m\u0259nim dram\u0131m: Az\u0259rbaycan Avropa \u015euras\u0131nda"}]},{"@type":"WebSite","@id":"https:\/\/www.meydan.tv\/az\/#website","url":"https:\/\/www.meydan.tv\/az\/","name":"MEYDAN.TV","description":"Meydan TV Az\u0259rbaycan\u0131n media m\u0259kan\u0131ndak\u0131 alternativ s\u0259sidir","publisher":{"@id":"https:\/\/www.meydan.tv\/az\/#organization"},"potentialAction":[{"@type":"SearchAction","target":{"@type":"EntryPoint","urlTemplate":"https:\/\/www.meydan.tv\/az\/?s={search_term_string}"},"query-input":{"@type":"PropertyValueSpecification","valueRequired":true,"valueName":"search_term_string"}}],"inLanguage":"az"},{"@type":"Organization","@id":"https:\/\/www.meydan.tv\/az\/#organization","name":"Meydan TV","url":"https:\/\/www.meydan.tv\/az\/","logo":{"@type":"ImageObject","inLanguage":"az","@id":"https:\/\/www.meydan.tv\/az\/#\/schema\/logo\/image\/","url":"https:\/\/www.meydan.tv\/wp-content\/uploads\/2021\/07\/meydan-logo.svg","contentUrl":"https:\/\/www.meydan.tv\/wp-content\/uploads\/2021\/07\/meydan-logo.svg","width":195,"height":46,"caption":"Meydan TV"},"image":{"@id":"https:\/\/www.meydan.tv\/az\/#\/schema\/logo\/image\/"}},{"@type":"Person","@id":"https:\/\/www.meydan.tv\/az\/#\/schema\/person\/10d11eccf6da3662cf5fdab9806ea91a","name":"user-manager"}]}},"_links":{"self":[{"href":"https:\/\/www.meydan.tv\/az\/wp-json\/wp\/v2\/posts\/189100","targetHints":{"allow":["GET"]}}],"collection":[{"href":"https:\/\/www.meydan.tv\/az\/wp-json\/wp\/v2\/posts"}],"about":[{"href":"https:\/\/www.meydan.tv\/az\/wp-json\/wp\/v2\/types\/post"}],"author":[{"embeddable":true,"href":"https:\/\/www.meydan.tv\/az\/wp-json\/wp\/v2\/users\/11"}],"replies":[{"embeddable":true,"href":"https:\/\/www.meydan.tv\/az\/wp-json\/wp\/v2\/comments?post=189100"}],"version-history":[{"count":0,"href":"https:\/\/www.meydan.tv\/az\/wp-json\/wp\/v2\/posts\/189100\/revisions"}],"wp:featuredmedia":[{"embeddable":true,"href":"https:\/\/www.meydan.tv\/az\/wp-json\/wp\/v2\/media\/100783"}],"wp:attachment":[{"href":"https:\/\/www.meydan.tv\/az\/wp-json\/wp\/v2\/media?parent=189100"}],"wp:term":[{"taxonomy":"category","embeddable":true,"href":"https:\/\/www.meydan.tv\/az\/wp-json\/wp\/v2\/categories?post=189100"},{"taxonomy":"post_tag","embeddable":true,"href":"https:\/\/www.meydan.tv\/az\/wp-json\/wp\/v2\/tags?post=189100"}],"curies":[{"name":"wp","href":"https:\/\/api.w.org\/{rel}","templated":true}]}}