{"id":189058,"date":"2018-03-12T15:10:19","date_gmt":"2018-03-12T15:10:19","guid":{"rendered":"https:\/\/www.meydan.tv\/article\/milli-tenezzul\/"},"modified":"2018-03-12T15:10:19","modified_gmt":"2018-03-12T15:10:19","slug":"milli-tenezzul","status":"publish","type":"post","link":"https:\/\/www.meydan.tv\/az\/article\/milli-tenezzul\/","title":{"rendered":"Milli t\u0259n\u0259zz\u00fcl"},"content":{"rendered":"<p>\n  Az\u0259rbaycan\u0131n son 30 illik tarixini yaln\u0131z bir s\u00f6zl\u0259 s\u0259ciyy\u0259l\u0259ndirm\u0259k olar: T\u018fN\u018fZZ\u00dcL.\n<\/p>\n<p>\n  S\u0259naye \u00e7\u00f6k\u00fcb. Zira\u0259t \u00e7\u00f6k\u00fcb. Elm \u00e7\u00f6k\u00fcb. T\u0259hsil \u00e7\u00f6k\u00fcb. S\u0259hiyy\u0259 \u00e7\u00f6k\u00fcb. C\u0259miyy\u0259t \u00e7\u00f6k\u00fcb. M\u0259d\u0259niyy\u0259t \u00e7\u00f6k\u00fcb.\n<\/p>\n<p>\n  \u018fd\u0259biyyat \u00e7\u00f6k\u00fcb. \u018fxlaq \u00e7\u00f6k\u00fcb.\n<\/p>\n<p>\n  \u00d6lk\u0259nin h\u0259tta \u0259razisi 15 faiz ki\u00e7ilib.\n<\/p>\n<p>\n  Qalxan yaln\u0131z dar bir z\u00fcmr\u0259nin s\u0259rv\u0259tidir. Bu z\u00fcmr\u0259nin y\u00fcks\u0259li\u015fi il\u0259 mill\u0259tin v\u0259 \u00f6lk\u0259nin \u00e7\u00f6km\u0259si aras\u0131nda \u0259laq\u0259ni \u201ct\u0259rs m\u00fct\u0259nasib\u201d adland\u0131rmaq olar.\n<\/p>\n<p>\n  Bir aydan sonra \u00f6lk\u0259 v\u0259t\u0259nda\u015flar\u0131 7 namiz\u0259d aras\u0131nda sanki birini prezident se\u00e7\u0259c\u0259kl\u0259r.\n<\/p>\n<p>\n  Rusiyada is\u0259 se\u00e7ki mart\u0131n 18-d\u0259dir. Bu se\u00e7ki bar\u0259d\u0259 \u0259n d\u0259qiq t\u0259rifi sollar\u0131n namiz\u0259di Pavel Qrudinin k\u00f6hn\u0259 bir sovet l\u0259tif\u0259si il\u0259 ifad\u0259 edib:\n<\/p>\n<p>\n  \u201cBrejnev G\u00fcrc\u00fcstana g\u0259lir, \u00e7\u0131x\u0131\u015f edir, g\u00f6r\u00fc\u015fl\u0259r ke\u00e7irir, sonra q\u0259rara g\u0259lir ki, kolxoz bazar\u0131na gedib k\u0259ndlil\u0259rl\u0259 g\u00f6r\u00fc\u015fs\u00fcn. Bir ya\u015fl\u0131 qarp\u0131z sat\u0131c\u0131s\u0131na yax\u0131nla\u015f\u0131r, g\u00f6r\u00fcr ki, ki\u015fi qaba\u011f\u0131na bir d\u0259n\u0259 qarp\u0131z qoyub sat\u0131r. Ki\u015fi Brejnevi g\u00f6r\u0259n kimi \u00e7\u0131\u011f\u0131r\u0131r:\n<\/p>\n<p>\n  -Yax\u0131nla\u015f, daraqoy, se\u00e7, apar!\n<\/p>\n<p>\n  Brejnev t\u0259\u0259cc\u00fcbl\u0259 soru\u015fur:\n<\/p>\n<p>\n  -N\u0259yi se\u00e7im? S\u0259nin qar\u015f\u0131nda c\u0259mi bir qarp\u0131z var.\n<\/p>\n<p>\n  Qoca k\u0259ndli deyir:\n<\/p>\n<p>\n  -N\u0259 olsun ki? Biz d\u0259 se\u00e7\u0259nd\u0259 yaln\u0131z s\u0259ni se\u00e7m\u0259li oluruq\u201d.\n<\/p>\n<p>\n  Ancaq insaf\u0259n, Rusiya se\u00e7kil\u0259rind\u0259 n\u0259z\u0259ri d\u0259 olsa, h\u0259qiqi se\u00e7im imkan\u0131 v\u0259 ehtimal\u0131 var.\n<\/p>\n<p>\n  B\u0259s Az\u0259rbaycan se\u00e7kil\u0259rind\u0259? N\u0259 \u00fc\u00e7\u00fcn bir namiz\u0259d d\u00f6rd\u00fcnc\u00fc d\u0259f\u0259 se\u00e7kiy\u0259 gedir? N\u0259 \u00fc\u00e7\u00fcn se\u00e7kil\u0259ri erk\u0259n ke\u00e7irirl\u0259r?\n<\/p>\n<p>\n  H\u0259qiqi s\u0259b\u0259bi yaln\u0131z f\u0259aliyy\u0259td\u0259 olan prezident bilir. Son bir-iki il \u0259rzind\u0259 ciddi-c\u0259hdl\u0259 bel\u0259 bir t\u0259s\u0259vv\u00fcr yarad\u0131l\u0131rd\u0131 ki, prezident mill\u0259ti xilas etm\u0259kd\u0259n v\u0259 v\u0259t\u0259ni qorumaqdan yorulub, usan\u0131b v\u0259 doyub, odur ki, bu m\u00f6hn\u0259ti da\u015f\u0131maq \u015f\u0259r\u0259fini yenic\u0259 Birinci vitse-prezident t\u0259yin etdiyi birinci ledinin \u00fcz\u0259rin\u0259 qoymaq fikrind\u0259dir.\n<\/p>\n<p>\n  Onun bu niyy\u0259ti hakim z\u00fcmr\u0259d\u0259 \u0259yl\u0259\u015fib he\u00e7 bir mane\u0259 g\u00f6rm\u0259d\u0259n mill\u0259tin mal\u0131n\u0131 nu\u015f ed\u0259n com\u0259rd insanlar\u0131 ciddi \u0259ndi\u015f\u0259l\u0259ndirirdi v\u0259 onlar\u0131 b\u0259zi-b\u0259zi qabaqlay\u0131c\u0131 t\u0259dbirl\u0259ri m\u00fczakir\u0259 etm\u0259y\u0259 s\u00f6vq edirdi.\n<\/p>\n<p>\n  N\u0259tic\u0259d\u0259 bel\u0259 bir g\u00fcman yaran\u0131rd\u0131 ki, g\u0259mi komandas\u0131 dey\u0259s\u0259n qiyama haz\u0131rla\u015f\u0131r.\n<\/p>\n<p>\n  Namiz\u0259din n\u0259tic\u0259d\u0259 z\u0259n\u0259n deyil, ki\u015fi xeyla\u011f\u0131 \u00e7\u0131xmas\u0131 hakim z\u00fcmr\u0259ni toxtama\u011fa v\u0259 \u00e7\u0259kib b\u0259sl\u0259diyi n\u0259q\u015f\u0259l\u0259rd\u0259n vaz ke\u00e7m\u0259y\u0259 vadar etdi.\n<\/p>\n<p>\n  Hesab edin ki, mill\u0259tin b\u0259xti g\u0259tirdi v\u0259 biz g\u0259mi komandas\u0131n\u0131n qiyam\u0131n\u0131 g\u00f6rm\u0259dik. Y\u0259ni he\u00e7 k\u0259si g\u00f6y\u0259rt\u0259d\u0259n d\u0259niz\u0259 tullamad\u0131lar, he\u00e7 k\u0259si dor a\u011fac\u0131ndan asmad\u0131lar.\n<\/p>\n<p>\n  Ortada \u00e7ox b\u00f6y\u00fck pul s\u00f6hb\u0259ti gedirdi dey\u0259 ata da bil\u0259rdil\u0259r, asa da.\n<\/p>\n<p>\n  T\u0259lat\u00fcml\u00fc 1990-ci ill\u0259rin \u0259vv\u0259ll\u0259rini yad\u0131n\u0131za salsan\u0131z, m\u0259nim n\u0259 dem\u0259k ist\u0259diyimi anlayacaqs\u0131n\u0131z.\n<\/p>\n<p>\n  Xub, hakim z\u00fcmr\u0259nin namiz\u0259di s\u0131naqdan \u00e7\u0131xm\u0131\u015f k\u00f6hn\u0259sidir v\u0259 d\u00fc\u015f\u00fcnm\u0259yi yad\u0131r\u011famam\u0131\u015f insan bunu anlaya bil\u0259r.\n<\/p>\n<p>\n  Lakin b\u00f6yl\u0259 t\u0259l\u0259siklik n\u0259y\u0259 laz\u0131m idi? M\u0259g\u0259r el\u0259 h\u0259min namiz\u0259di el\u0259 h\u0259min minvalla pay\u0131zda se\u00e7ki m\u0259rasimind\u0259n ke\u00e7irib tac\u0131 onun ba\u015f\u0131na d\u00fcbar\u0259 qoymaq olmazd\u0131m\u0131?\n<\/p>\n<p>\n  Xaliqd\u0259n gizli deyil, m\u0259xluqdan niy\u0259 gizli qals\u0131n, bizim \u00f6lk\u0259d\u0259 hakimiyy\u0259t m\u0259s\u0259l\u0259si m\u00fczakir\u0259 olunanda he\u00e7 k\u0259s camaat\u0131 incidib onun \u00f6yr\u0259\u015fm\u0259diyi fikirl\u0259\u015fm\u0259k \u0259ziyy\u0259tini ona verm\u0259k ist\u0259mir. Yuxar\u0131da \u0259yl\u0259\u015f\u0259nl\u0259r bu \u0259ziyy\u0259ti insanp\u0259rv\u0259rlikl\u0259 \u00f6z \u00fcz\u0259rin\u0259 g\u00f6t\u00fcr\u00fcb hakimiyy\u0259t halvas\u0131n\u0131 \u00e7al\u0131r v\u0259 m\u00fc\u0259yy\u0259n t\u0259dbirl\u0259rd\u0259n sonra h\u0259min bu qara camaat\u0131n qar\u015f\u0131s\u0131na bir nim\u00e7\u0259 halva qoyub deyir ki, \u201cye!\u201d\n<\/p>\n<p>\n  Camaat bu halvan\u0131 yem\u0259k ist\u0259m\u0259y\u0259nd\u0259 bir az uca s\u0259sl\u0259 deyir ki, \u201ct\u0131x!\u201d\n<\/p>\n<p>\n  Yen\u0259 yem\u0259k ist\u0259m\u0259y\u0259nd\u0259 ba\u011f\u0131r\u0131r ki, \u201cbo\u011fmalan!\u201d\n<\/p>\n<p>\n  Qara camaat yen\u0259 qanmay\u0131b bu g\u00f6z\u0259l halvan\u0131 yem\u0259k, t\u0131xmaq v\u0259 bo\u011fmalanmaq ist\u0259m\u0259y\u0259nd\u0259, h\u0259min bu bi\u015f\u00fcur camaat\u0131n ba\u015f\u0131na qapaz, sif\u0259tin\u0259 \u015fill\u0259, burnuna yumruq g\u0259lir.\n<\/p>\n<p>\n  Bundan sonra sad\u0259 camaat d\u0259xi bir s\u00f6z dem\u0259yib ba\u015flay\u0131r yem\u0259y\u0259, t\u0131xma\u011fa v\u0259 bo\u011fmalanma\u011fa.\n<\/p>\n<p>\n  T\u0259bii ki, kimin nec\u0259 v\u0259 illa ki, n\u0259 \u00fc\u00e7\u00fcn t\u0259l\u0259sib erk\u0259n se\u00e7im\u0259 getm\u0259si m\u0259s\u0259l\u0259si sad\u0259 camaata aid edil\u0259n v\u0259t\u0259nda\u015flar \u00fc\u00e7\u00fcn tam qapal\u0131 \u201cqara qutu\u201ddan savay\u0131 bir \u015fey deyil. \u201cQara qutu\u201d is\u0259 m\u0259chul, g\u00f6zl\u0259 \u00f6yr\u0259nilm\u0259y\u0259n, \u015f\u00fca ke\u00e7irm\u0259y\u0259n, t\u0259r\u0259zid\u0259 \u00e7\u0259kilm\u0259y\u0259n, he\u00e7 bir xarici t\u0259sir\u0259 m\u0259ruz qalmayan bir cisimdir.\n<\/p>\n<p>\n  Biz\u0259 qal\u0131r yaln\u0131z onu k\u0259nardan m\u00fc\u015fahid\u0259 etm\u0259k v\u0259 ox\u015far cisiml\u0259rl\u0259 m\u00fcqayis\u0259 etm\u0259k.\n<\/p>\n<p>\n  N\u0259 dem\u0259k olar? D\u0259y\u0259rli oxucu, t\u0259v\u0259qqe edir\u0259m ki, ke\u00e7\u0259n d\u0259f\u0259ki, y\u0259ni 2013-c\u00fc il se\u00e7kil\u0259rini yada salasan. Yad\u0131ndan \u00e7\u0131x\u0131b? Eybi yox, s\u0259n toxta, dincini al, m\u0259n o vaxt olub ke\u00e7\u0259nl\u0259ri bir-bir h\u00fczurunuza \u0259rz edim.\n<\/p>\n<p>\n  \u018fvv\u0259la, se\u00e7kil\u0259r\u0259 be\u015f-alt\u0131 ay qalm\u0131\u015f Moskvada guya ki, \u201cMilyarderl\u0259r klubu\u201d t\u0259sis edilmi\u015fdi v\u0259 bel\u0259 bir \u015fayi\u0259 yay\u0131lm\u0131\u015fd\u0131 ki, Rusiyada ya\u015fayan varl\u0131 az\u0259rbaycanl\u0131lar \u0130lham m\u00fc\u0259llimi prezident g\u00f6rm\u0259k ist\u0259mir v\u0259 buna g\u00f6r\u0259 at\u0131\u015f\u0131b cox ciddi bir m\u0259bl\u0259\u011fi bizim milli m\u00fcxalif\u0259t\u0259 ver\u0259c\u0259kl\u0259r ki, hakimiyy\u0259ti d\u0259yi\u015fdirsinl\u0259r.\n<\/p>\n<p>\n  Yen\u0259 xaliqd\u0259n gizli deyil, m\u0259xluqdan niy\u0259 gizli olsun, bizim milli m\u00fcxalif\u0259tin arxas\u0131nda mafiya deyil\u0259n bir \u015fey dayananda d\u00f6n\u00fcb olur \u015fir\u00fc-n\u0259r, dayanmayanda olur m\u0259sum v\u0259 fa\u011f\u0131r quzu.\n<\/p>\n<p>\n  H\u0259min bu \u201cMilyarderl\u0259r klubu\u201dnun elan\u0131 arif\u0259 i\u015far\u0259 idi ki, bizim \u015fimal qon\u015fumuz r\u0259ngli inqilaba haz\u0131rla\u015f\u0131r v\u0259 milli m\u00fcxalif\u0259ti \u015fir\u00fc-n\u0259r\u0259 \u00e7evirm\u0259k \u00fc\u00e7\u00fcn maliyy\u0259 y\u0131\u011fa bil\u0259r.\n<\/p>\n<p>\n  Lakin bel\u0259-bel\u0259 ucuz i\u015far\u0259l\u0259r yerin \u00fcst\u00fcn\u00fc d\u0259, alt\u0131n\u0131 da bil\u0259n bizim hakimiyy\u0259t \u00fc\u00e7\u00fcn he\u00e7 bir \u0259h\u0259miyy\u0259t\u0259 malik deyildi. Hakimiyy\u0259timizin t\u00fck\u00fc d\u0259 t\u0259rp\u0259nm\u0259di.\n<\/p>\n<p>\n  Onda bizim \u015fimal qon\u015fumuz ke\u00e7di n\u0259q\u015f\u0259nin ikinci m\u0259rh\u0259l\u0259sin\u0259. N\u0259 etdi? D\u00fcn\u0259n\u0259 q\u0259d\u0259r biri-birinin \u0259tini did\u0259n milli m\u00fcxalif\u0259t Milli \u015eurada birl\u0259\u015fdi.\n<\/p>\n<p>\n  Hakimiyy\u0259t z\u0259if bir z\u0131nq\u0131rov s\u0259si e\u015fitdi. Lakin yen\u0259 vecin\u0259 almad\u0131.\n<\/p>\n<p>\n  Ard\u0131nca n\u0259 ba\u015f verdi? Milli \u015eura dedi ki, vahid namiz\u0259d kimi R\u00fcst\u0259m \u0130brahimb\u0259yovun namiz\u0259dliini ir\u0259li s\u00fcr\u0259c\u0259k. Y\u0259ni c\u0259miyy\u0259tin d\u0259st\u0259kl\u0259m\u0259diyi \u0259n\u0259n\u0259vi m\u00fcxalif\u0259t n\u00fcmay\u0259nd\u0259sini deyil, daxild\u0259 d\u0259, xaricd\u0259 d\u0259 b\u00f6y\u00fck n\u00fcfuzu olan h\u00f6rm\u0259tli bir \u015f\u0259xsin namiz\u0259dliyini ir\u0259li s\u00fcr\u0259c\u0259k.\n<\/p>\n<p>\n  Hakim z\u00fcmr\u0259d\u0259 vahim\u0259 yarand\u0131. Kimisi var\u0131n\u0131 g\u00f6t\u00fcr\u00fcb qa\u00e7maq, kimisi var\u0131n\u0131 sat\u0131b quylamaq, kimisi qalibin t\u0259r\u0259fin\u0259 ke\u00e7ib ham\u0131dan uca \u201cA-zad-l\u0131q\u201d q\u0131\u015fq\u0131rmaq bar\u0259d\u0259 d\u00fc\u015f\u00fcnm\u0259y\u0259 ba\u015flad\u0131.\n<\/p>\n<p>\n  Burada bir inc\u0259 m\u0259qam b\u0259lli oldu. S\u0259n dem\u0259, R\u00fcst\u0259m m\u00fc\u0259llimin ikili v\u0259t\u0259nda\u015fl\u0131\u011f\u0131 varm\u0131\u015f v\u0259 Rusiya prezidentin\u0259 \u0259riz\u0259 yaz\u0131bm\u0131\u015f ki, onun rus v\u0259t\u0259nda\u015fl\u0131\u011f\u0131n\u0131 l\u0259\u011fv etsin. O is\u0259 d\u0259rin d\u00fc\u015f\u00fcnc\u0259y\u0259 dal\u0131bm\u0131\u015f ki, ikili v\u0259t\u0259nda\u015fl\u0131\u011f\u0131 l\u0259\u011fv etsin, ya etm\u0259sin?\n<\/p>\n<p>\n  Ets\u0259, R\u00fcst\u0259m m\u00fc\u0259llim g\u0259lir Bak\u0131ya, namiz\u0259dliyini qeydiyyatdan ke\u00e7irir, milli m\u00fcxalif\u0259tin m\u00f6ht\u0259\u015f\u0259m mitinql\u0259ri ba\u015flay\u0131r, hakim z\u00fcmr\u0259 \u00e7atlay\u0131r v\u0259 g\u00f6zl\u0259nil\u0259n qalibin t\u0259r\u0259fin\u0259 ke\u00e7\u0259nl\u0259rin say\u0131 h\u0259r g\u00fcn h\u0259nd\u0259si silsil\u0259 il\u0259 art\u0131r.<br \/>\n  <br \/>\n  Etm\u0259s\u0259, h\u0259r \u015fey \u0259vv\u0259lki kimi qal\u0131r.\n<\/p>\n<p>\n  Oxucum, yax\u015f\u0131 yad\u0131mdad\u0131r, Rusiya prezidenti xeyli fikirl\u0259\u015fdi, fikirl\u0259\u015fdi, g\u00f6r\u0259nd\u0259 ki, Az\u0259rbaycan t\u0259r\u0259fi i\u015far\u0259ni n\u0259hay\u0259t ki, anlay\u0131b, c\u0259nab \u0130brahimb\u0259yovun rus v\u0259t\u0259nda\u015fl\u0131\u011f\u0131n\u0131 l\u0259\u011fv etm\u0259di.\n<\/p>\n<p>\n  Etm\u0259di, c\u0259nab \u0130brahimb\u0259yov da d\u0259xi Bak\u0131ya g\u0259l\u0259si olmad\u0131. Milli \u015eura \u00e7ar\u0259sizlikd\u0259n tan\u0131nm\u0131\u015f tarix\u00e7imiz C\u0259mil H\u0259s\u0259nlinin namiz\u0259dliyini ir\u0259li s\u00fcrd\u00fc v\u0259 ard\u0131n\u0131 art\u0131q ham\u0131n\u0131z m\u0259nd\u0259n d\u0259 yax\u015f\u0131 bilirsiniz.\n<\/p>\n<p>\n  Odur ki, bu d\u0259f\u0259 hakim z\u00fcmr\u0259 Moskvada ham\u0131n\u0131n ba\u015f\u0131n\u0131n oradak\u0131 prezident se\u00e7kil\u0259rin\u0259 qar\u0131\u015fmas\u0131ndan istifad\u0259 edib bizim se\u00e7kil\u0259ri basma-q\u0259hv\u0259 erk\u0259n ke\u00e7irm\u0259k niyy\u0259tind\u0259dir.\n<\/p>\n<p>\n  Al\u0131nacaqm\u0131? T\u0259bii ki, \u201cMilyarderl\u0259r klubu\u201dnu dir\u00e7\u0259ltm\u0259y\u0259 vaxt yoxdur, Milli \u015eura d\u00fcbar\u0259 dirilm\u0259y\u0259c\u0259k, amma ax\u0131 qoyun-quzu dal\u0131yca bu \u00f6r\u00fc\u015f\u0259 dadanan var. Ke\u00e7\u0259n d\u0259f\u0259 bir yol tapm\u0131\u015fd\u0131, bu d\u0259f\u0259 f\u0259rqli yol tapa bil\u0259r.<br \/>\n  <br \/>\n  Hans\u0131 yolu?\n<\/p>\n<p>\n  N\u0259 \u00e7oxdur \u00e7\u0259p\u0259rl\u0259nm\u0259mi\u015f \u00f6r\u00fc\u015f\u0259 aparan yollar!\n<\/p>\n<p>\n  \u201cM\u0259n c\u0259dd\u0259 vacad\u0259\u201d. \u018fr\u0259b m\u0259s\u0259lidir. T\u0259rc\u00fcm\u0259si: \u201cAxtaran tapar\u201d.\n<\/p>\n<p>\n  <i><br \/>\n    <b><br \/>\n      Yaz\u0131 m\u00fc\u0259llifin fikirl\u0259rini \u0259ks etdirir v\u0259 Meydan TV-nin m\u00f6vqeyi il\u0259 \u00fcst-\u00fcst\u0259 d\u00fc\u015fm\u0259y\u0259 bil\u0259r.<br \/>\n    <\/b><br \/>\n  <\/i><\/p>\n","protected":false},"excerpt":{"rendered":"<p>Az\u0259rbaycan\u0131n son 30 illik tarixini yaln\u0131z bir s\u00f6zl\u0259 s\u0259ciyy\u0259l\u0259ndirm\u0259k olar: T\u018fN\u018fZZ\u00dcL.<\/p>\n","protected":false},"author":11,"featured_media":100642,"comment_status":"closed","ping_status":"open","sticky":false,"template":"","format":"standard","meta":{"_acf_changed":false,"_sitemap_exclude":false,"_sitemap_priority":"","_sitemap_frequency":"","footnotes":""},"categories":[57],"tags":[],"class_list":["post-189058","post","type-post","status-publish","format-standard","has-post-thumbnail","hentry","category-menim-fikrimce","infinite-scroll-item","generate-columns","tablet-grid-50","mobile-grid-100","grid-parent","grid-33","no-featured-image-padding"],"acf":[],"yoast_head":"<!-- This site is optimized with the Yoast SEO plugin v27.5 - https:\/\/yoast.com\/product\/yoast-seo-wordpress\/ -->\n<title>Milli t\u0259n\u0259zz\u00fcl - MEYDAN.TV<\/title>\n<meta name=\"robots\" content=\"index, follow, max-snippet:-1, max-image-preview:large, max-video-preview:-1\" \/>\n<link rel=\"canonical\" href=\"https:\/\/www.meydan.tv\/az\/article\/milli-tenezzul\/\" \/>\n<meta property=\"og:locale\" content=\"az_AZ\" \/>\n<meta property=\"og:type\" content=\"article\" \/>\n<meta property=\"og:title\" content=\"Milli t\u0259n\u0259zz\u00fcl - MEYDAN.TV\" \/>\n<meta property=\"og:description\" content=\"Az\u0259rbaycan\u0131n son 30 illik tarixini yaln\u0131z bir s\u00f6zl\u0259 s\u0259ciyy\u0259l\u0259ndirm\u0259k olar: T\u018fN\u018fZZ\u00dcL.\" \/>\n<meta property=\"og:url\" content=\"https:\/\/www.meydan.tv\/az\/article\/milli-tenezzul\/\" \/>\n<meta property=\"og:site_name\" content=\"MEYDAN.TV\" \/>\n<meta property=\"article:published_time\" content=\"2018-03-12T15:10:19+00:00\" \/>\n<meta property=\"og:image\" content=\"https:\/\/www.meydan.tv\/wp-content\/uploads\/39823.jpg\" \/>\n\t<meta property=\"og:image:width\" content=\"2200\" \/>\n\t<meta property=\"og:image:height\" content=\"1467\" \/>\n\t<meta property=\"og:image:type\" content=\"image\/jpeg\" \/>\n<meta name=\"author\" content=\"user-manager\" \/>\n<meta name=\"twitter:card\" content=\"summary_large_image\" \/>\n<script type=\"application\/ld+json\" class=\"yoast-schema-graph\">{\"@context\":\"https:\\\/\\\/schema.org\",\"@graph\":[{\"@type\":\"Article\",\"@id\":\"https:\\\/\\\/www.meydan.tv\\\/az\\\/article\\\/milli-tenezzul\\\/#article\",\"isPartOf\":{\"@id\":\"https:\\\/\\\/www.meydan.tv\\\/az\\\/article\\\/milli-tenezzul\\\/\"},\"author\":{\"name\":\"user-manager\",\"@id\":\"https:\\\/\\\/www.meydan.tv\\\/az\\\/#\\\/schema\\\/person\\\/10d11eccf6da3662cf5fdab9806ea91a\"},\"headline\":\"Milli t\u0259n\u0259zz\u00fcl\",\"datePublished\":\"2018-03-12T15:10:19+00:00\",\"mainEntityOfPage\":{\"@id\":\"https:\\\/\\\/www.meydan.tv\\\/az\\\/article\\\/milli-tenezzul\\\/\"},\"wordCount\":1680,\"publisher\":{\"@id\":\"https:\\\/\\\/www.meydan.tv\\\/az\\\/#organization\"},\"image\":{\"@id\":\"https:\\\/\\\/www.meydan.tv\\\/az\\\/article\\\/milli-tenezzul\\\/#primaryimage\"},\"thumbnailUrl\":\"https:\\\/\\\/www.meydan.tv\\\/wp-content\\\/uploads\\\/39823.jpg\",\"articleSection\":[\"M\u0259nim Fikrimc\u0259\"],\"inLanguage\":\"az\"},{\"@type\":\"WebPage\",\"@id\":\"https:\\\/\\\/www.meydan.tv\\\/az\\\/article\\\/milli-tenezzul\\\/\",\"url\":\"https:\\\/\\\/www.meydan.tv\\\/az\\\/article\\\/milli-tenezzul\\\/\",\"name\":\"Milli t\u0259n\u0259zz\u00fcl - MEYDAN.TV\",\"isPartOf\":{\"@id\":\"https:\\\/\\\/www.meydan.tv\\\/az\\\/#website\"},\"primaryImageOfPage\":{\"@id\":\"https:\\\/\\\/www.meydan.tv\\\/az\\\/article\\\/milli-tenezzul\\\/#primaryimage\"},\"image\":{\"@id\":\"https:\\\/\\\/www.meydan.tv\\\/az\\\/article\\\/milli-tenezzul\\\/#primaryimage\"},\"thumbnailUrl\":\"https:\\\/\\\/www.meydan.tv\\\/wp-content\\\/uploads\\\/39823.jpg\",\"datePublished\":\"2018-03-12T15:10:19+00:00\",\"breadcrumb\":{\"@id\":\"https:\\\/\\\/www.meydan.tv\\\/az\\\/article\\\/milli-tenezzul\\\/#breadcrumb\"},\"inLanguage\":\"az\",\"potentialAction\":[{\"@type\":\"ReadAction\",\"target\":[\"https:\\\/\\\/www.meydan.tv\\\/az\\\/article\\\/milli-tenezzul\\\/\"]}]},{\"@type\":\"ImageObject\",\"inLanguage\":\"az\",\"@id\":\"https:\\\/\\\/www.meydan.tv\\\/az\\\/article\\\/milli-tenezzul\\\/#primaryimage\",\"url\":\"https:\\\/\\\/www.meydan.tv\\\/wp-content\\\/uploads\\\/39823.jpg\",\"contentUrl\":\"https:\\\/\\\/www.meydan.tv\\\/wp-content\\\/uploads\\\/39823.jpg\",\"width\":2200,\"height\":1467,\"caption\":\"Source:\"},{\"@type\":\"BreadcrumbList\",\"@id\":\"https:\\\/\\\/www.meydan.tv\\\/az\\\/article\\\/milli-tenezzul\\\/#breadcrumb\",\"itemListElement\":[{\"@type\":\"ListItem\",\"position\":1,\"name\":\"Ana s\u0259hif\u0259\",\"item\":\"https:\\\/\\\/www.meydan.tv\\\/az\\\/\"},{\"@type\":\"ListItem\",\"position\":2,\"name\":\"M\u0259nim Fikrimc\u0259\",\"item\":\"https:\\\/\\\/www.meydan.tv\\\/az\\\/section\\\/menim-fikrimce\\\/\"},{\"@type\":\"ListItem\",\"position\":3,\"name\":\"Milli t\u0259n\u0259zz\u00fcl\"}]},{\"@type\":\"WebSite\",\"@id\":\"https:\\\/\\\/www.meydan.tv\\\/az\\\/#website\",\"url\":\"https:\\\/\\\/www.meydan.tv\\\/az\\\/\",\"name\":\"MEYDAN.TV\",\"description\":\"Meydan TV Az\u0259rbaycan\u0131n media m\u0259kan\u0131ndak\u0131 alternativ s\u0259sidir\",\"publisher\":{\"@id\":\"https:\\\/\\\/www.meydan.tv\\\/az\\\/#organization\"},\"potentialAction\":[{\"@type\":\"SearchAction\",\"target\":{\"@type\":\"EntryPoint\",\"urlTemplate\":\"https:\\\/\\\/www.meydan.tv\\\/az\\\/?s={search_term_string}\"},\"query-input\":{\"@type\":\"PropertyValueSpecification\",\"valueRequired\":true,\"valueName\":\"search_term_string\"}}],\"inLanguage\":\"az\"},{\"@type\":\"Organization\",\"@id\":\"https:\\\/\\\/www.meydan.tv\\\/az\\\/#organization\",\"name\":\"Meydan TV\",\"url\":\"https:\\\/\\\/www.meydan.tv\\\/az\\\/\",\"logo\":{\"@type\":\"ImageObject\",\"inLanguage\":\"az\",\"@id\":\"https:\\\/\\\/www.meydan.tv\\\/az\\\/#\\\/schema\\\/logo\\\/image\\\/\",\"url\":\"https:\\\/\\\/www.meydan.tv\\\/wp-content\\\/uploads\\\/2021\\\/07\\\/meydan-logo.svg\",\"contentUrl\":\"https:\\\/\\\/www.meydan.tv\\\/wp-content\\\/uploads\\\/2021\\\/07\\\/meydan-logo.svg\",\"width\":195,\"height\":46,\"caption\":\"Meydan TV\"},\"image\":{\"@id\":\"https:\\\/\\\/www.meydan.tv\\\/az\\\/#\\\/schema\\\/logo\\\/image\\\/\"}},{\"@type\":\"Person\",\"@id\":\"https:\\\/\\\/www.meydan.tv\\\/az\\\/#\\\/schema\\\/person\\\/10d11eccf6da3662cf5fdab9806ea91a\",\"name\":\"user-manager\"}]}<\/script>\n<!-- \/ Yoast SEO plugin. -->","yoast_head_json":{"title":"Milli t\u0259n\u0259zz\u00fcl - MEYDAN.TV","robots":{"index":"index","follow":"follow","max-snippet":"max-snippet:-1","max-image-preview":"max-image-preview:large","max-video-preview":"max-video-preview:-1"},"canonical":"https:\/\/www.meydan.tv\/az\/article\/milli-tenezzul\/","og_locale":"az_AZ","og_type":"article","og_title":"Milli t\u0259n\u0259zz\u00fcl - MEYDAN.TV","og_description":"Az\u0259rbaycan\u0131n son 30 illik tarixini yaln\u0131z bir s\u00f6zl\u0259 s\u0259ciyy\u0259l\u0259ndirm\u0259k olar: T\u018fN\u018fZZ\u00dcL.","og_url":"https:\/\/www.meydan.tv\/az\/article\/milli-tenezzul\/","og_site_name":"MEYDAN.TV","article_published_time":"2018-03-12T15:10:19+00:00","og_image":[{"width":2200,"height":1467,"url":"https:\/\/www.meydan.tv\/wp-content\/uploads\/39823.jpg","type":"image\/jpeg"}],"author":"user-manager","twitter_card":"summary_large_image","schema":{"@context":"https:\/\/schema.org","@graph":[{"@type":"Article","@id":"https:\/\/www.meydan.tv\/az\/article\/milli-tenezzul\/#article","isPartOf":{"@id":"https:\/\/www.meydan.tv\/az\/article\/milli-tenezzul\/"},"author":{"name":"user-manager","@id":"https:\/\/www.meydan.tv\/az\/#\/schema\/person\/10d11eccf6da3662cf5fdab9806ea91a"},"headline":"Milli t\u0259n\u0259zz\u00fcl","datePublished":"2018-03-12T15:10:19+00:00","mainEntityOfPage":{"@id":"https:\/\/www.meydan.tv\/az\/article\/milli-tenezzul\/"},"wordCount":1680,"publisher":{"@id":"https:\/\/www.meydan.tv\/az\/#organization"},"image":{"@id":"https:\/\/www.meydan.tv\/az\/article\/milli-tenezzul\/#primaryimage"},"thumbnailUrl":"https:\/\/www.meydan.tv\/wp-content\/uploads\/39823.jpg","articleSection":["M\u0259nim Fikrimc\u0259"],"inLanguage":"az"},{"@type":"WebPage","@id":"https:\/\/www.meydan.tv\/az\/article\/milli-tenezzul\/","url":"https:\/\/www.meydan.tv\/az\/article\/milli-tenezzul\/","name":"Milli t\u0259n\u0259zz\u00fcl - MEYDAN.TV","isPartOf":{"@id":"https:\/\/www.meydan.tv\/az\/#website"},"primaryImageOfPage":{"@id":"https:\/\/www.meydan.tv\/az\/article\/milli-tenezzul\/#primaryimage"},"image":{"@id":"https:\/\/www.meydan.tv\/az\/article\/milli-tenezzul\/#primaryimage"},"thumbnailUrl":"https:\/\/www.meydan.tv\/wp-content\/uploads\/39823.jpg","datePublished":"2018-03-12T15:10:19+00:00","breadcrumb":{"@id":"https:\/\/www.meydan.tv\/az\/article\/milli-tenezzul\/#breadcrumb"},"inLanguage":"az","potentialAction":[{"@type":"ReadAction","target":["https:\/\/www.meydan.tv\/az\/article\/milli-tenezzul\/"]}]},{"@type":"ImageObject","inLanguage":"az","@id":"https:\/\/www.meydan.tv\/az\/article\/milli-tenezzul\/#primaryimage","url":"https:\/\/www.meydan.tv\/wp-content\/uploads\/39823.jpg","contentUrl":"https:\/\/www.meydan.tv\/wp-content\/uploads\/39823.jpg","width":2200,"height":1467,"caption":"Source:"},{"@type":"BreadcrumbList","@id":"https:\/\/www.meydan.tv\/az\/article\/milli-tenezzul\/#breadcrumb","itemListElement":[{"@type":"ListItem","position":1,"name":"Ana s\u0259hif\u0259","item":"https:\/\/www.meydan.tv\/az\/"},{"@type":"ListItem","position":2,"name":"M\u0259nim Fikrimc\u0259","item":"https:\/\/www.meydan.tv\/az\/section\/menim-fikrimce\/"},{"@type":"ListItem","position":3,"name":"Milli t\u0259n\u0259zz\u00fcl"}]},{"@type":"WebSite","@id":"https:\/\/www.meydan.tv\/az\/#website","url":"https:\/\/www.meydan.tv\/az\/","name":"MEYDAN.TV","description":"Meydan TV Az\u0259rbaycan\u0131n media m\u0259kan\u0131ndak\u0131 alternativ s\u0259sidir","publisher":{"@id":"https:\/\/www.meydan.tv\/az\/#organization"},"potentialAction":[{"@type":"SearchAction","target":{"@type":"EntryPoint","urlTemplate":"https:\/\/www.meydan.tv\/az\/?s={search_term_string}"},"query-input":{"@type":"PropertyValueSpecification","valueRequired":true,"valueName":"search_term_string"}}],"inLanguage":"az"},{"@type":"Organization","@id":"https:\/\/www.meydan.tv\/az\/#organization","name":"Meydan TV","url":"https:\/\/www.meydan.tv\/az\/","logo":{"@type":"ImageObject","inLanguage":"az","@id":"https:\/\/www.meydan.tv\/az\/#\/schema\/logo\/image\/","url":"https:\/\/www.meydan.tv\/wp-content\/uploads\/2021\/07\/meydan-logo.svg","contentUrl":"https:\/\/www.meydan.tv\/wp-content\/uploads\/2021\/07\/meydan-logo.svg","width":195,"height":46,"caption":"Meydan TV"},"image":{"@id":"https:\/\/www.meydan.tv\/az\/#\/schema\/logo\/image\/"}},{"@type":"Person","@id":"https:\/\/www.meydan.tv\/az\/#\/schema\/person\/10d11eccf6da3662cf5fdab9806ea91a","name":"user-manager"}]}},"_links":{"self":[{"href":"https:\/\/www.meydan.tv\/az\/wp-json\/wp\/v2\/posts\/189058","targetHints":{"allow":["GET"]}}],"collection":[{"href":"https:\/\/www.meydan.tv\/az\/wp-json\/wp\/v2\/posts"}],"about":[{"href":"https:\/\/www.meydan.tv\/az\/wp-json\/wp\/v2\/types\/post"}],"author":[{"embeddable":true,"href":"https:\/\/www.meydan.tv\/az\/wp-json\/wp\/v2\/users\/11"}],"replies":[{"embeddable":true,"href":"https:\/\/www.meydan.tv\/az\/wp-json\/wp\/v2\/comments?post=189058"}],"version-history":[{"count":0,"href":"https:\/\/www.meydan.tv\/az\/wp-json\/wp\/v2\/posts\/189058\/revisions"}],"wp:featuredmedia":[{"embeddable":true,"href":"https:\/\/www.meydan.tv\/az\/wp-json\/wp\/v2\/media\/100642"}],"wp:attachment":[{"href":"https:\/\/www.meydan.tv\/az\/wp-json\/wp\/v2\/media?parent=189058"}],"wp:term":[{"taxonomy":"category","embeddable":true,"href":"https:\/\/www.meydan.tv\/az\/wp-json\/wp\/v2\/categories?post=189058"},{"taxonomy":"post_tag","embeddable":true,"href":"https:\/\/www.meydan.tv\/az\/wp-json\/wp\/v2\/tags?post=189058"}],"curies":[{"name":"wp","href":"https:\/\/api.w.org\/{rel}","templated":true}]}}