{"id":189053,"date":"2018-03-12T13:03:35","date_gmt":"2018-03-12T13:03:35","guid":{"rendered":"https:\/\/www.meydan.tv\/article\/yanan-mentiqin-qarabasmalari\/"},"modified":"2018-03-12T13:03:35","modified_gmt":"2018-03-12T13:03:35","slug":"yanan-mentiqin-qarabasmalari","status":"publish","type":"post","link":"https:\/\/www.meydan.tv\/az\/article\/yanan-mentiqin-qarabasmalari\/","title":{"rendered":"Yanan m\u0259ntiqin qarabasmalar\u0131"},"content":{"rendered":"<figure class=\"wp-block-image size-large\">\n  <img decoding=\"async\" src=\"https:\/\/www.meydan.tv\/az\/yanan-narkoloji-merkez\/\" alt=\"Yanan Narkoloji M\u0259rk\u0259z\" class=\"wp-image-100643\"\/><figcaption>\n    Yanan Narkoloji M\u0259rk\u0259z<br \/>\n  <\/figcaption><\/figure>\n<p>\n  G\u00fcnd\u0259m adam\u0131 deyil\u0259m. Hadis\u0259l\u0259rin i\u00e7in\u0259 d\u00fc\u015f\u00fcb qal\u0131ram, \u00f6z\u00fcm\u00fc hissl\u0259rin i\u00e7ind\u0259n \u00e7\u0131xartma\u011fa g\u00fcc\u00fcm \u00e7atm\u0131r. Fakta operativ yana\u015fa bilm\u0259diyimd\u0259n \u0259sas\u0259n h\u0259yat hekay\u0259l\u0259ri yaz\u0131ram. Amma bu d\u0259f\u0259 \u00f6l\u00fcmd\u0259n qabaq \u00f6l\u0259n h\u0259yats\u0131zlar\u0131n k\u00fcl\u0259 d\u00f6nm\u00fc\u015f hekay\u0259tl\u0259rin\u0259 yax\u0131n d\u00fc\u015f\u0259 bilm\u0259dim. Sad\u0259c\u0259 yaz\u0131n ilk ay\u0131n\u0131n \u0259vv\u0259lind\u0259 od-alovla a\u00e7\u0131lan s\u0259h\u0259r bar\u0259d\u0259 uzun-uzad\u0131 d\u00fc\u015f\u00fcnd\u00fcm&#8230;\n<\/p>\n<p>\n  O s\u0259h\u0259r \u201cRespublika Narkoloji M\u0259rk\u0259zi\u201d kimi t\u0259mt\u0259raql\u0131 s\u00f6z y\u0131\u011f\u0131n\u0131ndan ibar\u0259t \u00fcnvan\u0131n ibtidai daxmalardan ibar\u0259t m\u0259\u015fum d\u00fc\u015f\u0259rg\u0259 oldu\u011funu g\u00f6rd\u00fck. Neft \u00f6lk\u0259sinin c\u0259miyy\u0259td\u0259n t\u0259crid olunmu\u015f v\u0259t\u0259nda\u015flar\u0131n\u0131 o xarabal\u0131qda h\u0259yata tutacaq he\u00e7 bir \u0259lam\u0259t yox idi. \u018fslind\u0259 d\u00f6vl\u0259t x\u0259st\u0259xanas\u0131 adlanan bahal\u0131 can bazar\u0131nda o x\u0259st\u0259l\u0259r \u00e7oxdan \u00f6z aqib\u0259tl\u0259rin\u0259 g\u00f6m\u00fclm\u00fc\u015fd\u00fcl\u0259r. Ka\u015f ki, real \u00f6l\u00fcml\u0259ri bu q\u0259d\u0259r amans\u0131zcas\u0131na ger\u00e7\u0259kl\u0259\u015fm\u0259y\u0259ydi. Yegan\u0259 m\u00fcmk\u00fcns\u00fcz t\u0259s\u0259lli tan\u0131d\u0131\u011f\u0131m birinin yatmaq \u00fc\u00e7\u00fcn ala bil\u0259c\u0259kl\u0259ri vasit\u0259l\u0259r\u0259 g\u00f6r\u0259 bu v\u0259h\u015f\u0259td\u0259n x\u0259b\u0259rsiz yanmas\u0131 ola bil\u0259rdi. El\u0259 ba\u015fqalar\u0131n\u0131n da. \u018fli-qolu ba\u011fl\u0131 halda \u00fcst\u00fcn\u0259 g\u0259l\u0259n alovu seyr etm\u0259k \u00e7ox d\u0259h\u015f\u0259tli sondur. Faci\u0259ni \u201cara\u015fd\u0131ran\u201d komissiyan\u0131n \u201c\u0259n\u0259n\u0259vi i\u015f prinsipl\u0259rini\u201d d\u0259 \u00fcst\u0259 g\u0259ls\u0259k, o s\u0259h\u0259rin z\u00fclm\u0259ti daha da qat\u0131la\u015facaq.\n<\/p>\n<p>\n  Taxta baraklarda yanaraq can ver\u0259n insanlar d\u00fcnyaya narkoman kimi g\u0259lm\u0259mi\u015fdil\u0259r. Bu g\u00fcn qulaqlar\u0131n\u0131 dartaraq stola d\u00f6ym\u0259kl\u0259 qada qaytaranlar d\u00fcn\u0259n k\u00f6m\u00fcr\u0259 d\u00f6n\u0259nl\u0259rin yax\u0131nlar\u0131 ola bil\u0259rdil\u0259r. Bu m\u0259s\u0259l\u0259d\u0259 m\u0259ntiq\u0259 yax\u0131nla\u015fmaq m\u00fcmk\u00fcn deyil. Bu yerd\u0259 m\u0259ntiq iyirmi be\u015f qurbanl\u0131q insanla b\u0259rab\u0259r yan\u0131b.\n<\/p>\n<p>\n  Ortada m\u00fcxt\u0259lif m\u00f6vqel\u0259r, m\u00fcnasib\u0259tl\u0259r dola\u015fmaqdad\u0131r. V\u0259t\u0259nda\u015f h\u0259qiq\u0259t ist\u0259yir. \u018fv\u0259zind\u0259 hakimiyy\u0259tin b\u0259zi istisnalarla \u0259n\u0259n\u0259vi reaksiyan\u0131n t\u0259krar\u0131ndan ba\u015fqa bir \u015fey g\u00f6rm\u00fcr. \u201cB\u0259zi istisnalar\u0131n\u201d \u0259n b\u00f6y\u00fcy\u00fc prezidentin c\u0259s\u0259dl\u0259r h\u0259l\u0259 soyumam\u0131\u015f isti-isti hadis\u0259 yerin\u0259 getm\u0259sidir. Onun Respublika Narkoloji M\u0259rk\u0259zind\u0259ki b\u0259rbad \u015f\u0259raitl\u0259 birba\u015fa tan\u0131\u015f olmas\u0131d\u0131r. Y\u0259ni, t\u0259bii v\u0259ziyy\u0259ti m\u0259mur \u0259li d\u0259ym\u0259mi\u015f g\u00f6rm\u0259sidir. Qalan h\u0259r \u015fey \u0259vv\u0259lkil\u0259rin t\u0259krar\u0131 idi. H\u0259lak olanlar\u0131n ail\u0259sin\u0259 v\u0259 z\u0259r\u0259r\u00e7\u0259k\u0259nl\u0259r\u0259 yard\u0131m g\u00f6st\u0259rilm\u0259si bar\u0259d\u0259 \u201cm\u00fcvafiq\u201d tap\u015f\u0131r\u0131qlar, m\u0259s\u0259l\u0259nin prezidentin n\u0259zar\u0259tind\u0259 olmas\u0131n\u0131n vur\u011fulanmas\u0131&#8230;\n<\/p>\n<p>\n  Prezident n\u0259zar\u0259ti demi\u015fk\u0259n, i\u015ftirak ed\u0259c\u0259yi t\u0259dbirl\u0259r\u0259, a\u00e7\u0131l\u0131\u015flara haz\u0131rlanm\u0131\u015f b\u0259xt\u0259v\u0259r \u00f6lk\u0259d\u0259 q\u0259fil qar\u015f\u0131s\u0131na \u00e7\u0131xan kabusdan \u00e7a\u015fd\u0131m\u0131 prezident? \u00dcst\u00fcnd\u0259 dayand\u0131\u011f\u0131 i\u00e7alat\u0131 \u00e7\u0131xm\u0131\u015f asfalt\u0131 \u201cg\u00f6rm\u0259m\u0259y\u0259\u201d \u00e7al\u0131\u015f\u0131rm\u0131\u015f kimi g\u00f6r\u00fcn\u00fcrd\u00fc. Bunlar \u0259lb\u0259tt\u0259, t\u0259x\u0259yy\u00fcld\u00fcr. \u0130lham \u018fliyev yax\u0131n\u0131 da, uza\u011f\u0131 da kifay\u0259t q\u0259d\u0259r ayd\u0131n g\u00f6r\u0259 bilir. Bilm\u0259s\u0259ydi&#8230;\n<\/p>\n<p>\n  Hadis\u0259nin bu v\u0259 ya ba\u015fqa \u015f\u0259kild\u0259 s\u0259b\u0259bkarlar\u0131 g\u00f6z\u00fcn\u00fcn qaba\u011f\u0131nda ola-ola bir d\u0259 onlar\u0131 \u201ctap\u0131b c\u0259zaland\u0131rmaq\u201d \u00fc\u00e7\u00fcn \u201ckomissiya\u201d yaratmazd\u0131. El\u0259 oradanca \u0259traf\u0131ndak\u0131 qovluqlu \u201ci\u015fg\u00fczarlar\u0131\u201d topdan istefaya g\u00f6nd\u0259r\u0259rdi. G\u00f6nd\u0259r\u0259rdi ki, a\u011f \u00f6l\u00fcmd\u0259n xilas olmaq \u00fc\u00e7\u00fcn d\u00f6vl\u0259t x\u0259st\u0259xanas\u0131na \u0259man\u0259t edil\u0259nl\u0259r k\u00f6m\u00fcr\u0259 d\u00f6nm\u0259sinl\u0259r. G\u00f6nd\u0259r\u0259rdi ki, k\u00f6rp\u0259 F\u0259r\u0259hl\u0259r t\u0259hl\u00fck\u0259li \u00fczl\u00fckl\u0259rin z\u0259h\u0259rli t\u00fcst\u00fcs\u00fcnd\u0259n bo\u011fularaq g\u00f6zl\u0259rini \u0259b\u0259di yummas\u0131nlar. G\u00f6nd\u0259r\u0259rdi ki, a\u011f g\u00fcn simvolu qara neftin qara f\u0259hl\u0259l\u0259ri daim q\u0259za \u015f\u0259raitind\u0259 i\u015fl\u0259m\u0259y\u0259 v\u0259 \u00f6lm\u0259y\u0259 m\u0259hkum olmas\u0131nlar. G\u00f6nd\u0259r\u0259rdi ki, v\u0259t\u0259nda\u015f\u0131n maddi-m\u0259n\u0259vi-sosial haqq\u0131n\u0131 yey\u0259n b\u00fct\u00fcn s\u0259lahiyy\u0259tlil\u0259r\u0259 \u0259xlaq v\u0259 ibr\u0259t d\u0259rsi olsun. N\u0259hay\u0259t, g\u00f6nd\u0259r\u0259rdi ki, xalq\u0131n can\u0131 bir daha yanmas\u0131n.\n<\/p>\n<p>\n  G\u00f6nd\u0259rs\u0259ydi, n\u0259 M\u0259zahir P\u0259nahovun pe\u015f\u0259karl\u0131\u011f\u0131na ehtiyac qalard\u0131, n\u0259 d\u0259 h\u0259r a\u011fz\u0131 s\u00f6z, aya\u011f\u0131 yer tutan\u0131n \u201cv\u0259killiyin\u0259\u201d. O da h\u0259yat\u0131n\u0131n do\u011fru\u00e7u se\u00e7kisini ya\u015fayard\u0131.\n<\/p>\n<p>\n  \u0130lham \u018fliyev b\u0259lk\u0259 uzun ill\u0259rdir nikbin xalq\u0131m\u0131z\u0131n yaratd\u0131\u011f\u0131 \u201cprezident yax\u015f\u0131d\u0131r, \u0259traf\u0131 pisdir\u201d d\u00fcsturuna v\u0259rdi\u015f edib? Pis \u0259traf\u0131ndan qurtula bilm\u0259m\u0259yinin s\u0259b\u0259bi bu v\u0259rdi\u015f d\u0259 ola bil\u0259r&#8230;\n<\/p>\n<p>\n  <i><br \/>\n    <b><br \/>\n      Yaz\u0131 m\u00fc\u0259llifin fikirl\u0259rini \u0259ks etdirir v\u0259 Meydan TV-nin m\u00f6vqeyi il\u0259 \u00fcst-\u00fcst\u0259 d\u00fc\u015fm\u0259y\u0259 bil\u0259r.<br \/>\n    <\/b><br \/>\n  <\/i><\/p>\n","protected":false},"excerpt":{"rendered":"<p>G\u00fcnd\u0259m adam\u0131 deyil\u0259m<\/p>\n","protected":false},"author":11,"featured_media":100643,"comment_status":"closed","ping_status":"open","sticky":false,"template":"","format":"standard","meta":{"_acf_changed":false,"_sitemap_exclude":false,"_sitemap_priority":"","_sitemap_frequency":"","footnotes":""},"categories":[57],"tags":[],"class_list":["post-189053","post","type-post","status-publish","format-standard","has-post-thumbnail","hentry","category-menim-fikrimce","infinite-scroll-item","generate-columns","tablet-grid-50","mobile-grid-100","grid-parent","grid-33","no-featured-image-padding"],"acf":[],"yoast_head":"<!-- This site is optimized with the Yoast SEO plugin v27.5 - https:\/\/yoast.com\/product\/yoast-seo-wordpress\/ -->\n<title>Yanan m\u0259ntiqin qarabasmalar\u0131 - MEYDAN.TV<\/title>\n<meta name=\"robots\" content=\"index, follow, max-snippet:-1, max-image-preview:large, max-video-preview:-1\" \/>\n<link rel=\"canonical\" href=\"https:\/\/www.meydan.tv\/az\/article\/yanan-mentiqin-qarabasmalari\/\" \/>\n<meta property=\"og:locale\" content=\"az_AZ\" \/>\n<meta property=\"og:type\" content=\"article\" \/>\n<meta property=\"og:title\" content=\"Yanan m\u0259ntiqin qarabasmalar\u0131 - MEYDAN.TV\" \/>\n<meta property=\"og:description\" content=\"G\u00fcnd\u0259m adam\u0131 deyil\u0259m\" \/>\n<meta property=\"og:url\" content=\"https:\/\/www.meydan.tv\/az\/article\/yanan-mentiqin-qarabasmalari\/\" \/>\n<meta property=\"og:site_name\" content=\"MEYDAN.TV\" \/>\n<meta property=\"article:published_time\" content=\"2018-03-12T13:03:35+00:00\" \/>\n<meta property=\"og:image\" content=\"https:\/\/www.meydan.tv\/wp-content\/uploads\/39817.jpg\" \/>\n\t<meta property=\"og:image:width\" content=\"2048\" \/>\n\t<meta property=\"og:image:height\" content=\"1283\" \/>\n\t<meta property=\"og:image:type\" content=\"image\/jpeg\" \/>\n<meta name=\"author\" content=\"user-manager\" \/>\n<meta name=\"twitter:card\" content=\"summary_large_image\" \/>\n<script type=\"application\/ld+json\" class=\"yoast-schema-graph\">{\"@context\":\"https:\\\/\\\/schema.org\",\"@graph\":[{\"@type\":\"Article\",\"@id\":\"https:\\\/\\\/www.meydan.tv\\\/az\\\/article\\\/yanan-mentiqin-qarabasmalari\\\/#article\",\"isPartOf\":{\"@id\":\"https:\\\/\\\/www.meydan.tv\\\/az\\\/article\\\/yanan-mentiqin-qarabasmalari\\\/\"},\"author\":{\"name\":\"user-manager\",\"@id\":\"https:\\\/\\\/www.meydan.tv\\\/az\\\/#\\\/schema\\\/person\\\/10d11eccf6da3662cf5fdab9806ea91a\"},\"headline\":\"Yanan m\u0259ntiqin qarabasmalar\u0131\",\"datePublished\":\"2018-03-12T13:03:35+00:00\",\"mainEntityOfPage\":{\"@id\":\"https:\\\/\\\/www.meydan.tv\\\/az\\\/article\\\/yanan-mentiqin-qarabasmalari\\\/\"},\"wordCount\":888,\"publisher\":{\"@id\":\"https:\\\/\\\/www.meydan.tv\\\/az\\\/#organization\"},\"image\":{\"@id\":\"https:\\\/\\\/www.meydan.tv\\\/az\\\/article\\\/yanan-mentiqin-qarabasmalari\\\/#primaryimage\"},\"thumbnailUrl\":\"https:\\\/\\\/www.meydan.tv\\\/wp-content\\\/uploads\\\/39817.jpg\",\"articleSection\":[\"M\u0259nim Fikrimc\u0259\"],\"inLanguage\":\"az\"},{\"@type\":\"WebPage\",\"@id\":\"https:\\\/\\\/www.meydan.tv\\\/az\\\/article\\\/yanan-mentiqin-qarabasmalari\\\/\",\"url\":\"https:\\\/\\\/www.meydan.tv\\\/az\\\/article\\\/yanan-mentiqin-qarabasmalari\\\/\",\"name\":\"Yanan m\u0259ntiqin qarabasmalar\u0131 - MEYDAN.TV\",\"isPartOf\":{\"@id\":\"https:\\\/\\\/www.meydan.tv\\\/az\\\/#website\"},\"primaryImageOfPage\":{\"@id\":\"https:\\\/\\\/www.meydan.tv\\\/az\\\/article\\\/yanan-mentiqin-qarabasmalari\\\/#primaryimage\"},\"image\":{\"@id\":\"https:\\\/\\\/www.meydan.tv\\\/az\\\/article\\\/yanan-mentiqin-qarabasmalari\\\/#primaryimage\"},\"thumbnailUrl\":\"https:\\\/\\\/www.meydan.tv\\\/wp-content\\\/uploads\\\/39817.jpg\",\"datePublished\":\"2018-03-12T13:03:35+00:00\",\"breadcrumb\":{\"@id\":\"https:\\\/\\\/www.meydan.tv\\\/az\\\/article\\\/yanan-mentiqin-qarabasmalari\\\/#breadcrumb\"},\"inLanguage\":\"az\",\"potentialAction\":[{\"@type\":\"ReadAction\",\"target\":[\"https:\\\/\\\/www.meydan.tv\\\/az\\\/article\\\/yanan-mentiqin-qarabasmalari\\\/\"]}]},{\"@type\":\"ImageObject\",\"inLanguage\":\"az\",\"@id\":\"https:\\\/\\\/www.meydan.tv\\\/az\\\/article\\\/yanan-mentiqin-qarabasmalari\\\/#primaryimage\",\"url\":\"https:\\\/\\\/www.meydan.tv\\\/wp-content\\\/uploads\\\/39817.jpg\",\"contentUrl\":\"https:\\\/\\\/www.meydan.tv\\\/wp-content\\\/uploads\\\/39817.jpg\",\"width\":2048,\"height\":1283,\"caption\":\"Source:\"},{\"@type\":\"BreadcrumbList\",\"@id\":\"https:\\\/\\\/www.meydan.tv\\\/az\\\/article\\\/yanan-mentiqin-qarabasmalari\\\/#breadcrumb\",\"itemListElement\":[{\"@type\":\"ListItem\",\"position\":1,\"name\":\"Ana s\u0259hif\u0259\",\"item\":\"https:\\\/\\\/www.meydan.tv\\\/az\\\/\"},{\"@type\":\"ListItem\",\"position\":2,\"name\":\"M\u0259nim Fikrimc\u0259\",\"item\":\"https:\\\/\\\/www.meydan.tv\\\/az\\\/section\\\/menim-fikrimce\\\/\"},{\"@type\":\"ListItem\",\"position\":3,\"name\":\"Yanan m\u0259ntiqin qarabasmalar\u0131\"}]},{\"@type\":\"WebSite\",\"@id\":\"https:\\\/\\\/www.meydan.tv\\\/az\\\/#website\",\"url\":\"https:\\\/\\\/www.meydan.tv\\\/az\\\/\",\"name\":\"MEYDAN.TV\",\"description\":\"Meydan TV Az\u0259rbaycan\u0131n media m\u0259kan\u0131ndak\u0131 alternativ s\u0259sidir\",\"publisher\":{\"@id\":\"https:\\\/\\\/www.meydan.tv\\\/az\\\/#organization\"},\"potentialAction\":[{\"@type\":\"SearchAction\",\"target\":{\"@type\":\"EntryPoint\",\"urlTemplate\":\"https:\\\/\\\/www.meydan.tv\\\/az\\\/?s={search_term_string}\"},\"query-input\":{\"@type\":\"PropertyValueSpecification\",\"valueRequired\":true,\"valueName\":\"search_term_string\"}}],\"inLanguage\":\"az\"},{\"@type\":\"Organization\",\"@id\":\"https:\\\/\\\/www.meydan.tv\\\/az\\\/#organization\",\"name\":\"Meydan TV\",\"url\":\"https:\\\/\\\/www.meydan.tv\\\/az\\\/\",\"logo\":{\"@type\":\"ImageObject\",\"inLanguage\":\"az\",\"@id\":\"https:\\\/\\\/www.meydan.tv\\\/az\\\/#\\\/schema\\\/logo\\\/image\\\/\",\"url\":\"https:\\\/\\\/www.meydan.tv\\\/wp-content\\\/uploads\\\/2021\\\/07\\\/meydan-logo.svg\",\"contentUrl\":\"https:\\\/\\\/www.meydan.tv\\\/wp-content\\\/uploads\\\/2021\\\/07\\\/meydan-logo.svg\",\"width\":195,\"height\":46,\"caption\":\"Meydan TV\"},\"image\":{\"@id\":\"https:\\\/\\\/www.meydan.tv\\\/az\\\/#\\\/schema\\\/logo\\\/image\\\/\"}},{\"@type\":\"Person\",\"@id\":\"https:\\\/\\\/www.meydan.tv\\\/az\\\/#\\\/schema\\\/person\\\/10d11eccf6da3662cf5fdab9806ea91a\",\"name\":\"user-manager\"}]}<\/script>\n<!-- \/ Yoast SEO plugin. -->","yoast_head_json":{"title":"Yanan m\u0259ntiqin qarabasmalar\u0131 - MEYDAN.TV","robots":{"index":"index","follow":"follow","max-snippet":"max-snippet:-1","max-image-preview":"max-image-preview:large","max-video-preview":"max-video-preview:-1"},"canonical":"https:\/\/www.meydan.tv\/az\/article\/yanan-mentiqin-qarabasmalari\/","og_locale":"az_AZ","og_type":"article","og_title":"Yanan m\u0259ntiqin qarabasmalar\u0131 - MEYDAN.TV","og_description":"G\u00fcnd\u0259m adam\u0131 deyil\u0259m","og_url":"https:\/\/www.meydan.tv\/az\/article\/yanan-mentiqin-qarabasmalari\/","og_site_name":"MEYDAN.TV","article_published_time":"2018-03-12T13:03:35+00:00","og_image":[{"width":2048,"height":1283,"url":"https:\/\/www.meydan.tv\/wp-content\/uploads\/39817.jpg","type":"image\/jpeg"}],"author":"user-manager","twitter_card":"summary_large_image","schema":{"@context":"https:\/\/schema.org","@graph":[{"@type":"Article","@id":"https:\/\/www.meydan.tv\/az\/article\/yanan-mentiqin-qarabasmalari\/#article","isPartOf":{"@id":"https:\/\/www.meydan.tv\/az\/article\/yanan-mentiqin-qarabasmalari\/"},"author":{"name":"user-manager","@id":"https:\/\/www.meydan.tv\/az\/#\/schema\/person\/10d11eccf6da3662cf5fdab9806ea91a"},"headline":"Yanan m\u0259ntiqin qarabasmalar\u0131","datePublished":"2018-03-12T13:03:35+00:00","mainEntityOfPage":{"@id":"https:\/\/www.meydan.tv\/az\/article\/yanan-mentiqin-qarabasmalari\/"},"wordCount":888,"publisher":{"@id":"https:\/\/www.meydan.tv\/az\/#organization"},"image":{"@id":"https:\/\/www.meydan.tv\/az\/article\/yanan-mentiqin-qarabasmalari\/#primaryimage"},"thumbnailUrl":"https:\/\/www.meydan.tv\/wp-content\/uploads\/39817.jpg","articleSection":["M\u0259nim Fikrimc\u0259"],"inLanguage":"az"},{"@type":"WebPage","@id":"https:\/\/www.meydan.tv\/az\/article\/yanan-mentiqin-qarabasmalari\/","url":"https:\/\/www.meydan.tv\/az\/article\/yanan-mentiqin-qarabasmalari\/","name":"Yanan m\u0259ntiqin qarabasmalar\u0131 - MEYDAN.TV","isPartOf":{"@id":"https:\/\/www.meydan.tv\/az\/#website"},"primaryImageOfPage":{"@id":"https:\/\/www.meydan.tv\/az\/article\/yanan-mentiqin-qarabasmalari\/#primaryimage"},"image":{"@id":"https:\/\/www.meydan.tv\/az\/article\/yanan-mentiqin-qarabasmalari\/#primaryimage"},"thumbnailUrl":"https:\/\/www.meydan.tv\/wp-content\/uploads\/39817.jpg","datePublished":"2018-03-12T13:03:35+00:00","breadcrumb":{"@id":"https:\/\/www.meydan.tv\/az\/article\/yanan-mentiqin-qarabasmalari\/#breadcrumb"},"inLanguage":"az","potentialAction":[{"@type":"ReadAction","target":["https:\/\/www.meydan.tv\/az\/article\/yanan-mentiqin-qarabasmalari\/"]}]},{"@type":"ImageObject","inLanguage":"az","@id":"https:\/\/www.meydan.tv\/az\/article\/yanan-mentiqin-qarabasmalari\/#primaryimage","url":"https:\/\/www.meydan.tv\/wp-content\/uploads\/39817.jpg","contentUrl":"https:\/\/www.meydan.tv\/wp-content\/uploads\/39817.jpg","width":2048,"height":1283,"caption":"Source:"},{"@type":"BreadcrumbList","@id":"https:\/\/www.meydan.tv\/az\/article\/yanan-mentiqin-qarabasmalari\/#breadcrumb","itemListElement":[{"@type":"ListItem","position":1,"name":"Ana s\u0259hif\u0259","item":"https:\/\/www.meydan.tv\/az\/"},{"@type":"ListItem","position":2,"name":"M\u0259nim Fikrimc\u0259","item":"https:\/\/www.meydan.tv\/az\/section\/menim-fikrimce\/"},{"@type":"ListItem","position":3,"name":"Yanan m\u0259ntiqin qarabasmalar\u0131"}]},{"@type":"WebSite","@id":"https:\/\/www.meydan.tv\/az\/#website","url":"https:\/\/www.meydan.tv\/az\/","name":"MEYDAN.TV","description":"Meydan TV Az\u0259rbaycan\u0131n media m\u0259kan\u0131ndak\u0131 alternativ s\u0259sidir","publisher":{"@id":"https:\/\/www.meydan.tv\/az\/#organization"},"potentialAction":[{"@type":"SearchAction","target":{"@type":"EntryPoint","urlTemplate":"https:\/\/www.meydan.tv\/az\/?s={search_term_string}"},"query-input":{"@type":"PropertyValueSpecification","valueRequired":true,"valueName":"search_term_string"}}],"inLanguage":"az"},{"@type":"Organization","@id":"https:\/\/www.meydan.tv\/az\/#organization","name":"Meydan TV","url":"https:\/\/www.meydan.tv\/az\/","logo":{"@type":"ImageObject","inLanguage":"az","@id":"https:\/\/www.meydan.tv\/az\/#\/schema\/logo\/image\/","url":"https:\/\/www.meydan.tv\/wp-content\/uploads\/2021\/07\/meydan-logo.svg","contentUrl":"https:\/\/www.meydan.tv\/wp-content\/uploads\/2021\/07\/meydan-logo.svg","width":195,"height":46,"caption":"Meydan TV"},"image":{"@id":"https:\/\/www.meydan.tv\/az\/#\/schema\/logo\/image\/"}},{"@type":"Person","@id":"https:\/\/www.meydan.tv\/az\/#\/schema\/person\/10d11eccf6da3662cf5fdab9806ea91a","name":"user-manager"}]}},"_links":{"self":[{"href":"https:\/\/www.meydan.tv\/az\/wp-json\/wp\/v2\/posts\/189053","targetHints":{"allow":["GET"]}}],"collection":[{"href":"https:\/\/www.meydan.tv\/az\/wp-json\/wp\/v2\/posts"}],"about":[{"href":"https:\/\/www.meydan.tv\/az\/wp-json\/wp\/v2\/types\/post"}],"author":[{"embeddable":true,"href":"https:\/\/www.meydan.tv\/az\/wp-json\/wp\/v2\/users\/11"}],"replies":[{"embeddable":true,"href":"https:\/\/www.meydan.tv\/az\/wp-json\/wp\/v2\/comments?post=189053"}],"version-history":[{"count":0,"href":"https:\/\/www.meydan.tv\/az\/wp-json\/wp\/v2\/posts\/189053\/revisions"}],"wp:featuredmedia":[{"embeddable":true,"href":"https:\/\/www.meydan.tv\/az\/wp-json\/wp\/v2\/media\/100643"}],"wp:attachment":[{"href":"https:\/\/www.meydan.tv\/az\/wp-json\/wp\/v2\/media?parent=189053"}],"wp:term":[{"taxonomy":"category","embeddable":true,"href":"https:\/\/www.meydan.tv\/az\/wp-json\/wp\/v2\/categories?post=189053"},{"taxonomy":"post_tag","embeddable":true,"href":"https:\/\/www.meydan.tv\/az\/wp-json\/wp\/v2\/tags?post=189053"}],"curies":[{"name":"wp","href":"https:\/\/api.w.org\/{rel}","templated":true}]}}