{"id":189005,"date":"2018-03-07T16:01:52","date_gmt":"2018-03-07T16:01:52","guid":{"rendered":"https:\/\/www.meydan.tv\/article\/mehkemede-arif-alisanov-kurekeninin-gezdiyi-qizi-oldurmusdu\/"},"modified":"2018-03-07T16:01:52","modified_gmt":"2018-03-07T16:01:52","slug":"mehkemede-arif-alisanov-kurekeninin-gezdiyi-qizi-oldurmusdu","status":"publish","type":"post","link":"https:\/\/www.meydan.tv\/az\/article\/mehkemede-arif-alisanov-kurekeninin-gezdiyi-qizi-oldurmusdu\/","title":{"rendered":"M\u0259hk\u0259m\u0259d\u0259: Arif Al\u0131\u015fanov k\u00fcr\u0259k\u0259ninin g\u0259zdiyi q\u0131z\u0131 \u00f6ld\u00fcrm\u00fc\u015fd\u00fc"},"content":{"rendered":"<figure class=\"wp-block-image size-large\">\n  <img decoding=\"async\" src=\"https:\/\/www.meydan.tv\/az\/arif-alisanov\/\" alt=\"Arif Al\u0131\u015fanov\" class=\"wp-image-100341\"\/><figcaption>\n    Arif Al\u0131\u015fanov<br \/>\n  <\/figcaption><\/figure>\n<p>\n  <i><br \/>\n    \u201cAzTV s\u0259dri MTN-in adam\u0131d\u0131r\u201d<br \/>\n  <\/i>\n<\/p>\n<p>\n  &#8221; Bu i\u015f \u00f6rt basd\u0131r edilm\u0259m\u0259lidir, h\u0259r \u015fey a\u00e7\u0131lmal\u0131d\u0131r. Bu i\u015fin bir t\u0259r\u0259fi Eldar Mahmudova gedib \u00e7\u0131x\u0131r&#8221;.\n<\/p>\n<p>\n  Bu s\u00f6zl\u0259ri m\u0259hk\u0259m\u0259d\u0259 \u201cAz\u0259rbaycan D\u00f6vl\u0259t Televiziya v\u0259 Radio Verili\u015fl\u0259ri\u201d QSC-nin (AzTV) s\u0259dri Arif Al\u0131\u015fanov v\u0259 yax\u0131nlar\u0131n\u0131 \u00f6ld\u00fcrm\u0259y\u0259 c\u0259hdd\u0259, ona qar\u015f\u0131 d\u0259l\u0259duzluq etm\u0259kd\u0259 v\u0259 dig\u0259r cinay\u0259tl\u0259rd\u0259 t\u0259qsirl\u0259ndiril\u0259n \u015e\u00fccay\u0259t \u018fkb\u0259rov deyib.\n<\/p>\n<p>\n  Onunla birg\u0259 Qo\u00e7al\u0131 C\u0259biyev, Z\u00f6hrab \u015eirinov v\u0259 Aq\u015fin H\u00fcseynov da m\u00fchakim\u0259 olunurlar.\n<\/p>\n<p>\n  Mart\u0131n 7-d\u0259 Bak\u0131 A\u011f\u0131r Cinay\u0259tl\u0259r M\u0259hk\u0259m\u0259sind\u0259 hakim \u018ffqan Hac\u0131yevin s\u0259drliyi il\u0259 ke\u00e7iril\u0259n prosesd\u0259 t\u0259qsirl\u0259ndiril\u0259n \u015e\u00fccay\u0259t \u018fkb\u0259rov v\u0259sat\u0259tl\u0259 \u00e7\u0131x\u0131\u015f ed\u0259r\u0259k, Arif Al\u0131\u015fanovun m\u0259hk\u0259m\u0259 prosesind\u0259 i\u015ftirak etm\u0259sini ist\u0259yib. \u018fks t\u0259qdird\u0259 m\u0259hk\u0259m\u0259nin t\u0259xir\u0259 sal\u0131nmas\u0131n\u0131 xahi\u015f edib.\n<\/p>\n<p>\n  M\u0259hk\u0259m\u0259 v\u0259sat\u0259ti t\u0259min etm\u0259yib.\n<\/p>\n<p>\n  Hakim \u018f.Hac\u0131yev d\u0259ymi\u015f ziyan\u0131n \u00f6d\u0259nilm\u0259si il\u0259 ba\u011fl\u0131 m\u0259hk\u0259m\u0259y\u0259 A.Al\u0131\u015fanovun iddia \u0259riz\u0259si daxil oldu\u011funu bildirib. M\u00fclki iddiada \u015e\u00fccay\u0259t \u018fkb\u0259rovun A.Al\u0131\u015fanova 4 milyon 582 min manat \u00f6d\u0259nilm\u0259si t\u0259l\u0259b edilib. M\u0259hk\u0259m\u0259 iddian\u0131 icraata q\u0259bul edib.\n<\/p>\n<p>\n  \u015e.\u018fkb\u0259rovun v\u0259kili m\u00fcdafi\u0259 etdiyi \u015f\u0259xsin iki d\u0259f\u0259 a\u00e7\u0131q \u00fcr\u0259k \u0259m\u0259liyyat\u0131 ke\u00e7irdiyini bildirib, onun qapal\u0131 \u015f\u0259raitd\u0259 saxlan\u0131ld\u0131\u011f\u0131n\u0131, s\u0259hh\u0259ti il\u0259 ba\u011fl\u0131 ekspertiza ke\u00e7irilm\u0259sini ist\u0259yib. M\u0259hk\u0259m\u0259 bu v\u0259sat\u0259ti d\u0259 t\u0259min etm\u0259yib.<br \/>\n  <br \/>\n  \u015e.\u018fkb\u0259rov m\u0259hk\u0259m\u0259y\u0259 m\u00fcraci\u0259t ed\u0259r\u0259k a\u011f\u0131r \u015f\u0259k\u0259r x\u0259st\u0259si oldu\u011funu deyib.\n<\/p>\n<p>\n  Daha sonra prosesd\u0259 m\u0259hk\u0259m\u0259 istintaq\u0131 ba\u015flan\u0131l\u0131b. D\u00f6vl\u0259t ittiham\u00e7\u0131s\u0131 F\u0259rid Na\u011f\u0131yev ittiham akt\u0131n\u0131 elan edib.<br \/>\n  <br \/>\n  \u0130ttihama g\u00f6r\u0259, \u015e.\u018fkb\u0259rov 2013-c\u00fc ilin iyulundan 2017-ci ilin yanvar\u0131nad\u0259k olan d\u00f6vr \u0259rzind\u0259 \u015eamax\u0131 rayonunda v\u0259 Bak\u0131 \u015f\u0259h\u0259rind\u0259 k\u00fclli miqdarda \u00f6zg\u0259 \u0259mlak\u0131n\u0131 v\u0259 \u0259mlaka olan h\u00fcquqlar\u0131 aldatma v\u0259 etibardan sui-istifad\u0259 yolu il\u0259 \u0259l\u0259 ke\u00e7irm\u0259k m\u0259qs\u0259dil\u0259 d\u0259l\u0259duzluq ed\u0259r\u0259k yaratd\u0131\u011f\u0131 m\u00fct\u0259\u015f\u0259kkil d\u0259st\u0259 t\u0259rkibind\u0259 qanunsuz silah, d\u00f6y\u00fc\u015f sursat\u0131 \u0259ld\u0259 edib saxlayaraq, da\u015f\u0131y\u0131b-g\u0259zdirib, ba\u015fqa cinay\u0259ti gizl\u0259tm\u0259k m\u0259qs\u0259dil\u0259, tamah niyy\u0259tli v\u0259 sifari\u015fl\u0259 iki v\u0259 daha \u00e7ox \u015f\u0259xsi t\u0259krar\u0259n q\u0259sd\u0259n \u00f6ld\u00fcrm\u0259y\u0259 c\u0259hd edib. O, h\u0259\u00e7inin A.Al\u0131\u015fanovun 4,5 milyon manatl\u0131q \u0259mlak\u0131n\u0131 da \u0259l\u0259 ke\u00e7irm\u0259kd\u0259 t\u0259qsirli bilinir.\n<\/p>\n<p>\n  T\u0259qsirl\u0259ndiril\u0259n \u015f\u0259xsl\u0259r ittiham\u0131 q\u0259bul etm\u0259yibl\u0259r. \u015e.\u018fkb\u0259rov ifad\u0259sind\u0259 bildirib ki, A.Al\u0131\u015fanovu 2007-ci ild\u0259n tan\u0131y\u0131r:\n<\/p>\n<p>\n  &#8220;G\u0259lib \u015eamax\u0131da torpaq al\u0131rd\u0131lar. M\u0259n yeri tap\u0131rd\u0131m v\u0259 vasit\u0259\u00e7ilik edirdim. Arif Al\u0131\u015fanov \u00f6z\u00fc torpa\u011fa bax\u0131rd\u0131, sonra alq\u0131-satq\u0131 olurdu. M\u0259n t\u0259k Arif Al\u0131\u015fanovla yox, \u00e7ox adamla alver etmi\u015f\u0259m. He\u00e7 birind\u0259 problem olmay\u0131b. Arif Al\u0131\u015fanovun k\u00fcr\u0259k\u0259ni F\u0259rid d\u0259 torpaq alm\u0131\u015fd\u0131. Onlar bo\u015fananda F\u0259ridi polisl\u0259 g\u0259tirdil\u0259r v\u0259 b\u00fct\u00fcn \u0259mlak\u0131 ad\u0131ndan \u00e7\u0131xar\u0131b Arifin q\u0131z\u0131n\u0131n ad\u0131na ke\u00e7irdil\u0259r. Arif Al\u0131\u015fanov torpaq almas\u0131n\u0131 gizli saxlay\u0131rd\u0131. \u00c7ox vaxt ma\u015f\u0131ndan d\u00fc\u015fm\u00fcrd\u00fc, torpaq sahibi il\u0259 g\u00f6r\u00fc\u015fm\u00fcrd\u00fc&#8221;.\n<\/p>\n<p>\n  \u015e.\u018fkb\u0259rov Arif Al\u0131\u015fanovun MTN \u0259m\u0259kda\u015flar\u0131n\u0131n vasit\u0259si il\u0259 ona t\u0259zyiq etdiyini deyib:\n<\/p>\n<p>\n  &#8220;Arif Al\u0131\u015fanov MTN-in adam\u0131d\u0131r. M\u0259cbur edirl\u0259r ki, bel\u0259 yaz. M\u0259n ona g\u00f6r\u0259 \u015fahid ad\u0131 \u00e7\u0259kmir\u0259m. Laz\u0131m olanda \u015fahidl\u0259rimi g\u0259tir\u0259c\u0259m. Arif Al\u0131\u015fanov k\u00fcr\u0259k\u0259ninin g\u0259zdiyi q\u0131z\u0131 \u00f6ld\u00fcrm\u00fc\u015fd\u00fc. M\u0259n d\u0259 bunu bilirdim. Ona g\u00f6r\u0259 Arif Al\u0131\u015fanov deyir ki, m\u0259n h\u0259bsd\u0259n \u00e7\u0131xmayacam. \u00c7\u00fcnki ist\u0259mir bu sirl\u0259rin \u00fcst\u00fc a\u00e7\u0131ls\u0131n. Bunlara g\u00f6r\u0259 m\u0259ni aradan g\u00f6t\u00fcrm\u0259k ist\u0259yirdil\u0259r. Kim olsa soru\u015far ki, ald\u0131\u011f\u0131n torpa\u011f\u0131n s\u0259n\u0259di han\u0131? Ne\u00e7\u0259 il m\u0259n onu nec\u0259 aldada bil\u0259r\u0259m? Deyir, \u00fc\u00e7 institut bitirib. Ma\u015f\u0131ndan tap\u0131lan silahlar\u0131n biri ov t\u00fcf\u0259ngidir. Qalanlar\u0131n\u0131 ma\u015f\u0131n\u0131ma qoyub m\u0259ni tutdurublar. M\u0259n he\u00e7 \u0259sg\u0259rlikd\u0259 silah istifad\u0259 etm\u0259mi\u015f\u0259m. N\u0259yim\u0259 laz\u0131md\u0131r avtomat? M\u0259nim Arif Al\u0131\u015fanovu \u00f6ld\u00fcrm\u0259k fikrim olmay\u0131b. Yetmi\u015f milyonluq \u0259mlak\u0131 var. Y\u0259qin vaxt g\u0259l\u0259r hesab\u0131n\u0131 sorarlar. Dig\u0259r nazirl\u0259rd\u0259n art\u0131q deyil ki. M\u0259n onu \u00f6ld\u00fcr\u00fcb n\u0259y\u0259 nail olacaqd\u0131m? G\u0259lirdi torpaq al\u0131rd\u0131, pul qazan\u0131rd\u0131m. \u018fm\u0259liyyat olunanda m\u0259n\u0259 k\u00f6m\u0259k edib. N\u0259 ziyan\u0131 olub ki, \u00f6ld\u00fcr\u00fcm? &#8221;\n<\/p>\n<p>\n  Proses mart\u0131n 14-d\u0259 davam ed\u0259c\u0259k.\n<\/p>\n<p>\n  \u0130stintaq materiallar\u0131na \u0259sas\u0259n t\u0259qsirl\u0259ndiril\u0259n \u015f\u0259xsl\u0259r AzTV s\u0259drinin h\u0259yat\u0131na bir ne\u00e7\u0259 d\u0259f\u0259 sui-q\u0259sd c\u0259hdi edibl\u0259r. Onun avtomobilini A\u011fsu a\u015f\u0131r\u0131m\u0131nda vurub d\u0259r\u0259y\u0259 a\u015f\u0131rmaq, bu da ba\u015f tutmad\u0131qda Al\u0131\u015fanovu g\u00fcll\u0259m\u0259k planlar\u0131 bar\u0259d\u0259 istintaq materiallar\u0131nda \u0259trafl\u0131 b\u0259hs edilir.\n<\/p>\n<p>\n  \u0130\u015f materiallar\u0131nda iddia olunur ki, \u015e.\u018fkb\u0259rov 2013-c\u00fc ilin iyulundan 2017-ci ilin yanvar\u0131na q\u0259d\u0259r bu plan \u00fcz\u0259rind\u0259 i\u015fl\u0259yib. O, tan\u0131\u015flar\u0131 Musabi Namazov, Qo\u00e7al\u0131 C\u0259biyev\u0259 bu haqda dan\u0131\u015f\u0131b, Qo\u00e7al\u0131n\u0131n vasit\u0259sil\u0259 Z\u00f6hrab \u015eirinovu tap\u0131b, onunla raz\u0131l\u0131\u011fa g\u0259lib. Q.C\u0259biyevl\u0259 M.Namazova s\u00f6z verilib ki, onlar bu i\u015fin \u0259v\u0259zind\u0259 600 min manat pul qazanacaqlar.\n<\/p>\n<p>\n  Arif Al\u0131\u015fanov ail\u0259 \u00fczvl\u0259ri il\u0259 birlikd\u0259 \u015eamax\u0131n\u0131n M\u0259dr\u0259s\u0259 q\u0259s\u0259b\u0259sind\u0259ki evin\u0259 ged\u0259nd\u0259 onu, q\u0131z\u0131 Nigar\u0131 v\u0259 s\u00fcr\u00fcc\u00fcs\u00fcn\u00fc \u00f6ld\u00fcrm\u0259k planla\u015fd\u0131r\u0131l\u0131b. \u0130\u015f materiallar\u0131nda yaz\u0131l\u0131b ki, sonradan M.Namazov bu cinay\u0259td\u0259n k\u00f6n\u00fcll\u00fc olaraq imtina edib. Ona g\u00f6r\u0259 d\u0259 bu i\u015fi ba\u015fqa bir adama h\u0259val\u0259 etm\u0259k q\u0259rar\u0131na g\u0259libl\u0259r. Q.C\u0259biyev tan\u0131\u015f\u0131 Z.\u015eirinovu tap\u0131b, ona bu i\u015fin m\u00fcqabilind\u0259 100 min manat v\u0259d olunub.\n<\/p>\n<p>\n  Bu d\u0259f\u0259 plan haz\u0131rlan\u0131b ki, A.Al\u0131\u015fanov bac\u0131s\u0131 o\u011flu D\u0259yan\u0259t C\u0259f\u0259rovla birlikd\u0259 ma\u015f\u0131nla \u00c7uxuryurd- \u015eamax\u0131 \u015fosesind\u0259 olanda onlar\u0131 y\u00fcks\u0259k s\u00fcr\u0259tl\u0259 vurub d\u0259r\u0259y\u0259 sals\u0131nlar. Avtomobilin markas\u0131, n\u00f6mr\u0259si haqda da m\u0259lumat verilib. Amma Al\u0131\u015fanov g\u00f6zl\u0259nilm\u0259d\u0259n \u00f6z avtoma\u015f\u0131n\u0131nda yox, ba\u015fqa bir avtomobild\u0259 gedib.\n<\/p>\n<p>\n  N\u00f6vb\u0259ti d\u0259f\u0259 is\u0259 Q.C\u0259biyev \u0259vv\u0259lc\u0259d\u0259n ona ni\u015fan verilmi\u015f \u00abToyota Land Cruiser\u00bb markal\u0131 avtoma\u015f\u0131n\u0131 \u00f6z\u00fcn\u00fcn idar\u0259 etdiyi \u00abNiva\u00bb il\u0259 bir ne\u00e7\u0259 d\u0259f\u0259 arxa v\u0259 yan hiss\u0259sind\u0259n vurub y\u00fcks\u0259klikd\u0259n d\u0259r\u0259y\u0259 salma\u011fa \u00e7al\u0131\u015fsa da, buna nail ola bilm\u0259yib v\u0259 sonda idar\u0259etm\u0259ni itirib.\n<\/p>\n<p>\n  Plan ba\u015f tutmasa da, \u015e.\u018fkb\u0259rov v\u0259d etdiyi 100 min manat\u0131n bir hiss\u0259sini Z.\u015eirinova verib. \u0130ttihamda yaz\u0131l\u0131b ki, 2017-ci ilin yanvar\u0131n 11-d\u0259 n\u00f6vb\u0259ti d\u0259f\u0259 A.Al\u0131\u015fanovu \u015eamax\u0131 rayonunda odlu silahla \u00f6ld\u00fcrm\u0259k q\u0259rar\u0131na g\u0259libl\u0259r, amma yen\u0259 plan ba\u015f tutmay\u0131b.\n<\/p>\n<p>\n  T\u0259qsirl\u0259ndiril\u0259n \u015f\u0259xsl\u0259r ittiham\u0131 q\u0259bul etmir, i\u015f materiallar\u0131nda yaz\u0131lanlar\u0131n \u015f\u0259r-b\u00f6htan oldu\u011funu deyirl\u0259r.<br \/>\n  <br \/>\n  Meydan TV AzTV s\u0259drind\u0259n m\u0259hk\u0259m\u0259d\u0259 s\u0259sl\u0259ndiril\u0259n ittihamla ba\u011fl\u0131 m\u00fcnasib\u0259t \u00f6yr\u0259n\u0259 bilm\u0259yib. Quruma edil\u0259n z\u0259ngl\u0259r zaman\u0131 Meydan TV-nin ad\u0131n\u0131 e\u015fid\u0259n kimi d\u0259st\u0259yi as\u0131blar.<\/p>\n","protected":false},"excerpt":{"rendered":"<p>\u201cAzTV s\u0259dri MTN-in adam\u0131d\u0131r\u201d<\/p>\n","protected":false},"author":11,"featured_media":100341,"comment_status":"closed","ping_status":"open","sticky":false,"template":"","format":"standard","meta":{"_acf_changed":false,"_sitemap_exclude":false,"_sitemap_priority":"","_sitemap_frequency":"","footnotes":""},"categories":[56],"tags":[],"class_list":["post-189005","post","type-post","status-publish","format-standard","has-post-thumbnail","hentry","category-xeberler","infinite-scroll-item","generate-columns","tablet-grid-50","mobile-grid-100","grid-parent","grid-33","no-featured-image-padding"],"acf":[],"yoast_head":"<!-- This site is optimized with the Yoast SEO plugin v27.4 - https:\/\/yoast.com\/product\/yoast-seo-wordpress\/ -->\n<title>M\u0259hk\u0259m\u0259d\u0259: Arif Al\u0131\u015fanov k\u00fcr\u0259k\u0259ninin g\u0259zdiyi q\u0131z\u0131 \u00f6ld\u00fcrm\u00fc\u015fd\u00fc - MEYDAN.TV<\/title>\n<meta name=\"robots\" content=\"index, follow, max-snippet:-1, max-image-preview:large, max-video-preview:-1\" \/>\n<link rel=\"canonical\" href=\"https:\/\/www.meydan.tv\/az\/article\/mehkemede-arif-alisanov-kurekeninin-gezdiyi-qizi-oldurmusdu\/\" \/>\n<meta property=\"og:locale\" content=\"az_AZ\" \/>\n<meta property=\"og:type\" content=\"article\" \/>\n<meta property=\"og:title\" content=\"M\u0259hk\u0259m\u0259d\u0259: Arif Al\u0131\u015fanov k\u00fcr\u0259k\u0259ninin g\u0259zdiyi q\u0131z\u0131 \u00f6ld\u00fcrm\u00fc\u015fd\u00fc - MEYDAN.TV\" \/>\n<meta property=\"og:description\" content=\"\u201cAzTV s\u0259dri MTN-in adam\u0131d\u0131r\u201d\" \/>\n<meta property=\"og:url\" content=\"https:\/\/www.meydan.tv\/az\/article\/mehkemede-arif-alisanov-kurekeninin-gezdiyi-qizi-oldurmusdu\/\" \/>\n<meta property=\"og:site_name\" content=\"MEYDAN.TV\" \/>\n<meta property=\"article:published_time\" content=\"2018-03-07T16:01:52+00:00\" \/>\n<meta property=\"og:image\" content=\"https:\/\/www.meydan.tv\/wp-content\/uploads\/39697.png\" \/>\n\t<meta property=\"og:image:width\" content=\"850\" \/>\n\t<meta property=\"og:image:height\" content=\"517\" \/>\n\t<meta property=\"og:image:type\" content=\"image\/png\" \/>\n<meta name=\"author\" content=\"user-manager\" \/>\n<meta name=\"twitter:card\" content=\"summary_large_image\" \/>\n<script type=\"application\/ld+json\" class=\"yoast-schema-graph\">{\"@context\":\"https:\\\/\\\/schema.org\",\"@graph\":[{\"@type\":\"Article\",\"@id\":\"https:\\\/\\\/www.meydan.tv\\\/az\\\/article\\\/mehkemede-arif-alisanov-kurekeninin-gezdiyi-qizi-oldurmusdu\\\/#article\",\"isPartOf\":{\"@id\":\"https:\\\/\\\/www.meydan.tv\\\/az\\\/article\\\/mehkemede-arif-alisanov-kurekeninin-gezdiyi-qizi-oldurmusdu\\\/\"},\"author\":{\"name\":\"user-manager\",\"@id\":\"https:\\\/\\\/www.meydan.tv\\\/az\\\/#\\\/schema\\\/person\\\/10d11eccf6da3662cf5fdab9806ea91a\"},\"headline\":\"M\u0259hk\u0259m\u0259d\u0259: Arif Al\u0131\u015fanov k\u00fcr\u0259k\u0259ninin g\u0259zdiyi q\u0131z\u0131 \u00f6ld\u00fcrm\u00fc\u015fd\u00fc\",\"datePublished\":\"2018-03-07T16:01:52+00:00\",\"mainEntityOfPage\":{\"@id\":\"https:\\\/\\\/www.meydan.tv\\\/az\\\/article\\\/mehkemede-arif-alisanov-kurekeninin-gezdiyi-qizi-oldurmusdu\\\/\"},\"wordCount\":1356,\"publisher\":{\"@id\":\"https:\\\/\\\/www.meydan.tv\\\/az\\\/#organization\"},\"image\":{\"@id\":\"https:\\\/\\\/www.meydan.tv\\\/az\\\/article\\\/mehkemede-arif-alisanov-kurekeninin-gezdiyi-qizi-oldurmusdu\\\/#primaryimage\"},\"thumbnailUrl\":\"https:\\\/\\\/www.meydan.tv\\\/wp-content\\\/uploads\\\/39697.png\",\"articleSection\":[\"X\u0259b\u0259rl\u0259r\"],\"inLanguage\":\"az\"},{\"@type\":\"WebPage\",\"@id\":\"https:\\\/\\\/www.meydan.tv\\\/az\\\/article\\\/mehkemede-arif-alisanov-kurekeninin-gezdiyi-qizi-oldurmusdu\\\/\",\"url\":\"https:\\\/\\\/www.meydan.tv\\\/az\\\/article\\\/mehkemede-arif-alisanov-kurekeninin-gezdiyi-qizi-oldurmusdu\\\/\",\"name\":\"M\u0259hk\u0259m\u0259d\u0259: Arif Al\u0131\u015fanov k\u00fcr\u0259k\u0259ninin g\u0259zdiyi q\u0131z\u0131 \u00f6ld\u00fcrm\u00fc\u015fd\u00fc - MEYDAN.TV\",\"isPartOf\":{\"@id\":\"https:\\\/\\\/www.meydan.tv\\\/az\\\/#website\"},\"primaryImageOfPage\":{\"@id\":\"https:\\\/\\\/www.meydan.tv\\\/az\\\/article\\\/mehkemede-arif-alisanov-kurekeninin-gezdiyi-qizi-oldurmusdu\\\/#primaryimage\"},\"image\":{\"@id\":\"https:\\\/\\\/www.meydan.tv\\\/az\\\/article\\\/mehkemede-arif-alisanov-kurekeninin-gezdiyi-qizi-oldurmusdu\\\/#primaryimage\"},\"thumbnailUrl\":\"https:\\\/\\\/www.meydan.tv\\\/wp-content\\\/uploads\\\/39697.png\",\"datePublished\":\"2018-03-07T16:01:52+00:00\",\"breadcrumb\":{\"@id\":\"https:\\\/\\\/www.meydan.tv\\\/az\\\/article\\\/mehkemede-arif-alisanov-kurekeninin-gezdiyi-qizi-oldurmusdu\\\/#breadcrumb\"},\"inLanguage\":\"az\",\"potentialAction\":[{\"@type\":\"ReadAction\",\"target\":[\"https:\\\/\\\/www.meydan.tv\\\/az\\\/article\\\/mehkemede-arif-alisanov-kurekeninin-gezdiyi-qizi-oldurmusdu\\\/\"]}]},{\"@type\":\"ImageObject\",\"inLanguage\":\"az\",\"@id\":\"https:\\\/\\\/www.meydan.tv\\\/az\\\/article\\\/mehkemede-arif-alisanov-kurekeninin-gezdiyi-qizi-oldurmusdu\\\/#primaryimage\",\"url\":\"https:\\\/\\\/www.meydan.tv\\\/wp-content\\\/uploads\\\/39697.png\",\"contentUrl\":\"https:\\\/\\\/www.meydan.tv\\\/wp-content\\\/uploads\\\/39697.png\",\"width\":850,\"height\":517,\"caption\":\"Source:\"},{\"@type\":\"BreadcrumbList\",\"@id\":\"https:\\\/\\\/www.meydan.tv\\\/az\\\/article\\\/mehkemede-arif-alisanov-kurekeninin-gezdiyi-qizi-oldurmusdu\\\/#breadcrumb\",\"itemListElement\":[{\"@type\":\"ListItem\",\"position\":1,\"name\":\"Ana s\u0259hif\u0259\",\"item\":\"https:\\\/\\\/www.meydan.tv\\\/az\\\/\"},{\"@type\":\"ListItem\",\"position\":2,\"name\":\"X\u0259b\u0259rl\u0259r\",\"item\":\"https:\\\/\\\/www.meydan.tv\\\/az\\\/section\\\/xeberler\\\/\"},{\"@type\":\"ListItem\",\"position\":3,\"name\":\"M\u0259hk\u0259m\u0259d\u0259: Arif Al\u0131\u015fanov k\u00fcr\u0259k\u0259ninin g\u0259zdiyi q\u0131z\u0131 \u00f6ld\u00fcrm\u00fc\u015fd\u00fc\"}]},{\"@type\":\"WebSite\",\"@id\":\"https:\\\/\\\/www.meydan.tv\\\/az\\\/#website\",\"url\":\"https:\\\/\\\/www.meydan.tv\\\/az\\\/\",\"name\":\"MEYDAN.TV\",\"description\":\"Meydan TV Az\u0259rbaycan\u0131n media m\u0259kan\u0131ndak\u0131 alternativ s\u0259sidir\",\"publisher\":{\"@id\":\"https:\\\/\\\/www.meydan.tv\\\/az\\\/#organization\"},\"potentialAction\":[{\"@type\":\"SearchAction\",\"target\":{\"@type\":\"EntryPoint\",\"urlTemplate\":\"https:\\\/\\\/www.meydan.tv\\\/az\\\/?s={search_term_string}\"},\"query-input\":{\"@type\":\"PropertyValueSpecification\",\"valueRequired\":true,\"valueName\":\"search_term_string\"}}],\"inLanguage\":\"az\"},{\"@type\":\"Organization\",\"@id\":\"https:\\\/\\\/www.meydan.tv\\\/az\\\/#organization\",\"name\":\"Meydan TV\",\"url\":\"https:\\\/\\\/www.meydan.tv\\\/az\\\/\",\"logo\":{\"@type\":\"ImageObject\",\"inLanguage\":\"az\",\"@id\":\"https:\\\/\\\/www.meydan.tv\\\/az\\\/#\\\/schema\\\/logo\\\/image\\\/\",\"url\":\"https:\\\/\\\/www.meydan.tv\\\/wp-content\\\/uploads\\\/2021\\\/07\\\/meydan-logo.svg\",\"contentUrl\":\"https:\\\/\\\/www.meydan.tv\\\/wp-content\\\/uploads\\\/2021\\\/07\\\/meydan-logo.svg\",\"width\":195,\"height\":46,\"caption\":\"Meydan TV\"},\"image\":{\"@id\":\"https:\\\/\\\/www.meydan.tv\\\/az\\\/#\\\/schema\\\/logo\\\/image\\\/\"}},{\"@type\":\"Person\",\"@id\":\"https:\\\/\\\/www.meydan.tv\\\/az\\\/#\\\/schema\\\/person\\\/10d11eccf6da3662cf5fdab9806ea91a\",\"name\":\"user-manager\"}]}<\/script>\n<!-- \/ Yoast SEO plugin. -->","yoast_head_json":{"title":"M\u0259hk\u0259m\u0259d\u0259: Arif Al\u0131\u015fanov k\u00fcr\u0259k\u0259ninin g\u0259zdiyi q\u0131z\u0131 \u00f6ld\u00fcrm\u00fc\u015fd\u00fc - MEYDAN.TV","robots":{"index":"index","follow":"follow","max-snippet":"max-snippet:-1","max-image-preview":"max-image-preview:large","max-video-preview":"max-video-preview:-1"},"canonical":"https:\/\/www.meydan.tv\/az\/article\/mehkemede-arif-alisanov-kurekeninin-gezdiyi-qizi-oldurmusdu\/","og_locale":"az_AZ","og_type":"article","og_title":"M\u0259hk\u0259m\u0259d\u0259: Arif Al\u0131\u015fanov k\u00fcr\u0259k\u0259ninin g\u0259zdiyi q\u0131z\u0131 \u00f6ld\u00fcrm\u00fc\u015fd\u00fc - MEYDAN.TV","og_description":"\u201cAzTV s\u0259dri MTN-in adam\u0131d\u0131r\u201d","og_url":"https:\/\/www.meydan.tv\/az\/article\/mehkemede-arif-alisanov-kurekeninin-gezdiyi-qizi-oldurmusdu\/","og_site_name":"MEYDAN.TV","article_published_time":"2018-03-07T16:01:52+00:00","og_image":[{"width":850,"height":517,"url":"https:\/\/www.meydan.tv\/wp-content\/uploads\/39697.png","type":"image\/png"}],"author":"user-manager","twitter_card":"summary_large_image","schema":{"@context":"https:\/\/schema.org","@graph":[{"@type":"Article","@id":"https:\/\/www.meydan.tv\/az\/article\/mehkemede-arif-alisanov-kurekeninin-gezdiyi-qizi-oldurmusdu\/#article","isPartOf":{"@id":"https:\/\/www.meydan.tv\/az\/article\/mehkemede-arif-alisanov-kurekeninin-gezdiyi-qizi-oldurmusdu\/"},"author":{"name":"user-manager","@id":"https:\/\/www.meydan.tv\/az\/#\/schema\/person\/10d11eccf6da3662cf5fdab9806ea91a"},"headline":"M\u0259hk\u0259m\u0259d\u0259: Arif Al\u0131\u015fanov k\u00fcr\u0259k\u0259ninin g\u0259zdiyi q\u0131z\u0131 \u00f6ld\u00fcrm\u00fc\u015fd\u00fc","datePublished":"2018-03-07T16:01:52+00:00","mainEntityOfPage":{"@id":"https:\/\/www.meydan.tv\/az\/article\/mehkemede-arif-alisanov-kurekeninin-gezdiyi-qizi-oldurmusdu\/"},"wordCount":1356,"publisher":{"@id":"https:\/\/www.meydan.tv\/az\/#organization"},"image":{"@id":"https:\/\/www.meydan.tv\/az\/article\/mehkemede-arif-alisanov-kurekeninin-gezdiyi-qizi-oldurmusdu\/#primaryimage"},"thumbnailUrl":"https:\/\/www.meydan.tv\/wp-content\/uploads\/39697.png","articleSection":["X\u0259b\u0259rl\u0259r"],"inLanguage":"az"},{"@type":"WebPage","@id":"https:\/\/www.meydan.tv\/az\/article\/mehkemede-arif-alisanov-kurekeninin-gezdiyi-qizi-oldurmusdu\/","url":"https:\/\/www.meydan.tv\/az\/article\/mehkemede-arif-alisanov-kurekeninin-gezdiyi-qizi-oldurmusdu\/","name":"M\u0259hk\u0259m\u0259d\u0259: Arif Al\u0131\u015fanov k\u00fcr\u0259k\u0259ninin g\u0259zdiyi q\u0131z\u0131 \u00f6ld\u00fcrm\u00fc\u015fd\u00fc - MEYDAN.TV","isPartOf":{"@id":"https:\/\/www.meydan.tv\/az\/#website"},"primaryImageOfPage":{"@id":"https:\/\/www.meydan.tv\/az\/article\/mehkemede-arif-alisanov-kurekeninin-gezdiyi-qizi-oldurmusdu\/#primaryimage"},"image":{"@id":"https:\/\/www.meydan.tv\/az\/article\/mehkemede-arif-alisanov-kurekeninin-gezdiyi-qizi-oldurmusdu\/#primaryimage"},"thumbnailUrl":"https:\/\/www.meydan.tv\/wp-content\/uploads\/39697.png","datePublished":"2018-03-07T16:01:52+00:00","breadcrumb":{"@id":"https:\/\/www.meydan.tv\/az\/article\/mehkemede-arif-alisanov-kurekeninin-gezdiyi-qizi-oldurmusdu\/#breadcrumb"},"inLanguage":"az","potentialAction":[{"@type":"ReadAction","target":["https:\/\/www.meydan.tv\/az\/article\/mehkemede-arif-alisanov-kurekeninin-gezdiyi-qizi-oldurmusdu\/"]}]},{"@type":"ImageObject","inLanguage":"az","@id":"https:\/\/www.meydan.tv\/az\/article\/mehkemede-arif-alisanov-kurekeninin-gezdiyi-qizi-oldurmusdu\/#primaryimage","url":"https:\/\/www.meydan.tv\/wp-content\/uploads\/39697.png","contentUrl":"https:\/\/www.meydan.tv\/wp-content\/uploads\/39697.png","width":850,"height":517,"caption":"Source:"},{"@type":"BreadcrumbList","@id":"https:\/\/www.meydan.tv\/az\/article\/mehkemede-arif-alisanov-kurekeninin-gezdiyi-qizi-oldurmusdu\/#breadcrumb","itemListElement":[{"@type":"ListItem","position":1,"name":"Ana s\u0259hif\u0259","item":"https:\/\/www.meydan.tv\/az\/"},{"@type":"ListItem","position":2,"name":"X\u0259b\u0259rl\u0259r","item":"https:\/\/www.meydan.tv\/az\/section\/xeberler\/"},{"@type":"ListItem","position":3,"name":"M\u0259hk\u0259m\u0259d\u0259: Arif Al\u0131\u015fanov k\u00fcr\u0259k\u0259ninin g\u0259zdiyi q\u0131z\u0131 \u00f6ld\u00fcrm\u00fc\u015fd\u00fc"}]},{"@type":"WebSite","@id":"https:\/\/www.meydan.tv\/az\/#website","url":"https:\/\/www.meydan.tv\/az\/","name":"MEYDAN.TV","description":"Meydan TV Az\u0259rbaycan\u0131n media m\u0259kan\u0131ndak\u0131 alternativ s\u0259sidir","publisher":{"@id":"https:\/\/www.meydan.tv\/az\/#organization"},"potentialAction":[{"@type":"SearchAction","target":{"@type":"EntryPoint","urlTemplate":"https:\/\/www.meydan.tv\/az\/?s={search_term_string}"},"query-input":{"@type":"PropertyValueSpecification","valueRequired":true,"valueName":"search_term_string"}}],"inLanguage":"az"},{"@type":"Organization","@id":"https:\/\/www.meydan.tv\/az\/#organization","name":"Meydan TV","url":"https:\/\/www.meydan.tv\/az\/","logo":{"@type":"ImageObject","inLanguage":"az","@id":"https:\/\/www.meydan.tv\/az\/#\/schema\/logo\/image\/","url":"https:\/\/www.meydan.tv\/wp-content\/uploads\/2021\/07\/meydan-logo.svg","contentUrl":"https:\/\/www.meydan.tv\/wp-content\/uploads\/2021\/07\/meydan-logo.svg","width":195,"height":46,"caption":"Meydan TV"},"image":{"@id":"https:\/\/www.meydan.tv\/az\/#\/schema\/logo\/image\/"}},{"@type":"Person","@id":"https:\/\/www.meydan.tv\/az\/#\/schema\/person\/10d11eccf6da3662cf5fdab9806ea91a","name":"user-manager"}]}},"_links":{"self":[{"href":"https:\/\/www.meydan.tv\/az\/wp-json\/wp\/v2\/posts\/189005","targetHints":{"allow":["GET"]}}],"collection":[{"href":"https:\/\/www.meydan.tv\/az\/wp-json\/wp\/v2\/posts"}],"about":[{"href":"https:\/\/www.meydan.tv\/az\/wp-json\/wp\/v2\/types\/post"}],"author":[{"embeddable":true,"href":"https:\/\/www.meydan.tv\/az\/wp-json\/wp\/v2\/users\/11"}],"replies":[{"embeddable":true,"href":"https:\/\/www.meydan.tv\/az\/wp-json\/wp\/v2\/comments?post=189005"}],"version-history":[{"count":0,"href":"https:\/\/www.meydan.tv\/az\/wp-json\/wp\/v2\/posts\/189005\/revisions"}],"wp:featuredmedia":[{"embeddable":true,"href":"https:\/\/www.meydan.tv\/az\/wp-json\/wp\/v2\/media\/100341"}],"wp:attachment":[{"href":"https:\/\/www.meydan.tv\/az\/wp-json\/wp\/v2\/media?parent=189005"}],"wp:term":[{"taxonomy":"category","embeddable":true,"href":"https:\/\/www.meydan.tv\/az\/wp-json\/wp\/v2\/categories?post=189005"},{"taxonomy":"post_tag","embeddable":true,"href":"https:\/\/www.meydan.tv\/az\/wp-json\/wp\/v2\/tags?post=189005"}],"curies":[{"name":"wp","href":"https:\/\/api.w.org\/{rel}","templated":true}]}}