{"id":188990,"date":"2018-03-06T18:37:28","date_gmt":"2018-03-06T18:37:28","guid":{"rendered":"https:\/\/www.meydan.tv\/article\/ehsen-nuruzadeye-hokm-oxundu\/"},"modified":"2018-03-06T18:37:28","modified_gmt":"2018-03-06T18:37:28","slug":"ehsen-nuruzadeye-hokm-oxundu","status":"publish","type":"post","link":"https:\/\/www.meydan.tv\/az\/article\/ehsen-nuruzadeye-hokm-oxundu\/","title":{"rendered":"\u018fhs\u0259n Nuruzad\u0259y\u0259 h\u00f6km oxundu"},"content":{"rendered":"<figure class=\"wp-block-image size-large\">\n  <img decoding=\"async\" src=\"https:\/\/www.meydan.tv\/az\/ehsen-nuruzade\/\" alt=\"\u018fhs\u0259n Nuruzad\u0259\" class=\"wp-image-98479\"\/><figcaption>\n    \u018fhs\u0259n Nuruzad\u0259<br \/>\n  <\/figcaption><\/figure>\n<p>\n  <i><br \/>\n    Dindar f\u0259al 7 il m\u00fcdd\u0259tin\u0259 azadl\u0131qdan m\u0259hrum edildi<br \/>\n  <\/i>\n<\/p>\n<p>\n  Mart\u0131n 6-da Bak\u0131 A\u011f\u0131r Cinay\u0259tl\u0259r M\u0259hk\u0259m\u0259sind\u0259 &#8220;M\u00fcs\u0259lman Birliyi&#8221; H\u0259r\u0259kat\u0131n\u0131n h\u0259bsd\u0259 olan koordinatoru \u018fhs\u0259n Nuruzad\u0259nin n\u00f6vb\u0259ti m\u0259hk\u0259m\u0259 iclas\u0131 ke\u00e7irilib.<br \/>\n  <br \/>\n  Hakim S\u0259buhi H\u00fcseynovun s\u0259drlik etdiyi iclasda onun v\u0259kili Fariz Namazl\u0131 m\u00fcdafi\u0259 \u00e7\u0131x\u0131\u015f\u0131 edib. O, ittihamlar\u0131n \u0259sass\u0131z oldu\u011funu, \u018f.Nuruzad\u0259nin f\u0259aliyy\u0259tin\u0259 g\u00f6r\u0259 h\u0259bs edildiyini deyib.\n<\/p>\n<p>\n  \u018fhs\u0259n Nuruzad\u0259 son s\u00f6z\u00fcnd\u0259 bildirib:\n<\/p>\n<p>\n  \u201cAz\u0259rbaycanda m\u0259nim kimi g\u00fcnahs\u0131z, \u015f\u0259rl\u0259nib h\u0259bs olunan y\u00fczl\u0259rl\u0259 m\u0259hbus var. Onlar\u0131n da b\u00f6y\u00fck bir hiss\u0259si inancl\u0131lard\u0131r. Siz bilirsinizmi ki, h\u0259min inancl\u0131 qarda\u015flar\u0131m\u0131z\u0131n ail\u0259l\u0259ri hans\u0131 \u00e7\u0259tinlikl\u0259ri \u00e7\u0259kir? Topla\u015f\u0131b, o ail\u0259l\u0259r\u0259 yard\u0131m aparanda g\u00f6rm\u00fc\u015fd\u00fcm, qarda\u015flar\u0131m\u0131zdan el\u0259l\u0259ri var ki, \u00f6vladlar\u0131 \u00e7anta, d\u0259ft\u0259r olmad\u0131\u011f\u0131ndan m\u0259kt\u0259b\u0259 ged\u0259 bilmir. El\u0259 u\u015faqlar var ki, qar\u0131ndolusu yem\u0259k yey\u0259 bilmirl\u0259r, ac yat\u0131rlar. O u\u015faqlar\u0131n bu c\u00fcr \u0259ziyy\u0259t \u00e7\u0259km\u0259l\u0259rinin s\u0259b\u0259bkar\u0131 onlar\u0131n atalar\u0131n\u0131 \u015f\u0259rl\u0259yib h\u0259bs ed\u0259nl\u0259rdir. Amma onlar\u0131n ah-nal\u0259si, g\u00f6z ya\u015f\u0131 bir g\u00fcn g\u00fcnahkarlar\u0131 tutacaq\u201d.\n<\/p>\n<p>\n  Sonuncu d\u0259f\u0259 h\u0259bs edilm\u0259mi\u015fd\u0259n \u0259vv\u0259l Ba\u015f M\u00fct\u0259\u015f\u0259kkil Cinay\u0259tkarl\u0131qla M\u00fcbariz\u0259 \u0130dar\u0259sinin \u0259m\u0259kda\u015flar\u0131 t\u0259r\u0259find\u0259n iki d\u0259f\u0259 h\u0259bs edildiyini v\u0259 ona x\u0259b\u0259rdarl\u0131q edildiyini dey\u0259n \u018f.Nuruzad\u0259 bildirib ki, birinci d\u0259f\u0259 alt\u0131 g\u00fcn \u201cbandotdel\u201dd\u0259 saxlan\u0131l\u0131b:\n<\/p>\n<p>\n  &#8220;Deyirdil\u0259r ki, \u201cs\u0259nin siyas\u0259tl\u0259, Xalq C\u0259bh\u0259si il\u0259 n\u0259 i\u015fin var? Taleh Ba\u011f\u0131rzad\u0259ni niy\u0259 m\u00fcdafi\u0259 edirs\u0259n? \u00d6z\u00fcn kas\u0131b adamsan, m\u0259hbus ail\u0259l\u0259rin\u0259 hardan pul verirsiz, hans\u0131 t\u0259\u015fkilatdan pul al\u0131rs\u0131z?\u201d M\u0259n d\u0259 dedim ki, \u201cVicdanl\u0131 qarda\u015flar t\u0259\u015fkilat\u0131\u201dndan. \u00d6z aram\u0131zda q\u0259pik-q\u0259pik ian\u0259 toplay\u0131b, ail\u0259l\u0259r\u0259 yard\u0131m edirik. \u0130an\u0259nin n\u0259 oldu\u011funu bilmirdil\u0259r\u201d.\n<\/p>\n<p>\n  \u00d6t\u0259n iclasda prokuror \u00e7\u0131x\u0131\u015f edib v\u0259 \u018f.Nuruzad\u0259nin 8 il m\u00fcdd\u0259tin\u0259 azadl\u0131qdan m\u0259hrum edilm\u0259sini ist\u0259yib.\n<\/p>\n<p>\n  \u018f.Nuruzad\u0259 \u00f6t\u0259n il oktyabr\u0131n 6-da D\u0130N-in Ba\u015f M\u00fct\u0259\u015f\u0259kkil Cinay\u0259tkarl\u0131qla M\u00fcbariz\u0259 \u0130dar\u0259sinin \u0259m\u0259kda\u015flar\u0131 t\u0259r\u0259find\u0259n h\u0259bs olunub. Ona CM-nin 234.4.3 (sat\u0131\u015f m\u0259qs\u0259di il\u0259 k\u00fclli miqdarda narkotik \u0259ld\u0259 etm\u0259, saxlama) madd\u0259si il\u0259 ittiham verilib. Onun \u00fcz\u0259rind\u0259n 14.775 qram heroin tap\u0131ld\u0131\u011f\u0131 iddia olunur.\n<\/p>\n<p>\n  Amma dindar f\u0259al ittiham\u0131 r\u0259dd edir. Bildirir ki, h\u0259min idar\u0259nin \u0259m\u0259kda\u015flar\u0131 bundan \u00f6nc\u0259 onu iki d\u0259f\u0259 h\u0259bs ed\u0259r\u0259k, Taleh Ba\u011f\u0131rzad\u0259nin m\u00fcdafi\u0259sind\u0259n v\u0259 \u201cM\u00fcs\u0259lman Birliyi\u201d H\u0259r\u0259kat\u0131ndan uzaqla\u015fma\u011f\u0131 t\u0259l\u0259b edibl\u0259r, \u0259ks halda, uzunm\u00fcdd\u0259tli h\u0259bs\u0259 g\u00f6nd\u0259ril\u0259c\u0259yi haqda x\u0259b\u0259rdarl\u0131q edibl\u0259r.\n<\/p>\n<p>\n  Dindar f\u0259al\u0131n s\u00f6zl\u0259rin\u0259 g\u00f6r\u0259, narkotiki cibin\u0259 idar\u0259d\u0259 polisl\u0259r at\u0131b.<\/p>\n","protected":false},"excerpt":{"rendered":"<p>Dindar f\u0259al 7 il m\u00fcdd\u0259tin\u0259 azadl\u0131qdan m\u0259hrum edildi<\/p>\n","protected":false},"author":11,"featured_media":98479,"comment_status":"closed","ping_status":"open","sticky":false,"template":"","format":"standard","meta":{"_acf_changed":false,"_sitemap_exclude":false,"_sitemap_priority":"","_sitemap_frequency":"","footnotes":""},"categories":[56],"tags":[],"class_list":["post-188990","post","type-post","status-publish","format-standard","has-post-thumbnail","hentry","category-xeberler","infinite-scroll-item","generate-columns","tablet-grid-50","mobile-grid-100","grid-parent","grid-33","no-featured-image-padding"],"acf":[],"yoast_head":"<!-- This site is optimized with the Yoast SEO plugin v27.5 - https:\/\/yoast.com\/product\/yoast-seo-wordpress\/ -->\n<title>\u018fhs\u0259n Nuruzad\u0259y\u0259 h\u00f6km oxundu - MEYDAN.TV<\/title>\n<meta name=\"robots\" content=\"index, follow, max-snippet:-1, max-image-preview:large, max-video-preview:-1\" \/>\n<link rel=\"canonical\" href=\"https:\/\/www.meydan.tv\/az\/article\/ehsen-nuruzadeye-hokm-oxundu\/\" \/>\n<meta property=\"og:locale\" content=\"az_AZ\" \/>\n<meta property=\"og:type\" content=\"article\" \/>\n<meta property=\"og:title\" content=\"\u018fhs\u0259n Nuruzad\u0259y\u0259 h\u00f6km oxundu - MEYDAN.TV\" \/>\n<meta property=\"og:description\" content=\"Dindar f\u0259al 7 il m\u00fcdd\u0259tin\u0259 azadl\u0131qdan m\u0259hrum edildi\" \/>\n<meta property=\"og:url\" content=\"https:\/\/www.meydan.tv\/az\/article\/ehsen-nuruzadeye-hokm-oxundu\/\" \/>\n<meta property=\"og:site_name\" content=\"MEYDAN.TV\" \/>\n<meta property=\"article:published_time\" content=\"2018-03-06T18:37:28+00:00\" \/>\n<meta property=\"og:image\" content=\"https:\/\/www.meydan.tv\/wp-content\/uploads\/38947.png\" \/>\n\t<meta property=\"og:image:width\" content=\"1281\" \/>\n\t<meta property=\"og:image:height\" content=\"721\" \/>\n\t<meta property=\"og:image:type\" content=\"image\/png\" \/>\n<meta name=\"author\" content=\"user-manager\" \/>\n<meta name=\"twitter:card\" content=\"summary_large_image\" \/>\n<script type=\"application\/ld+json\" class=\"yoast-schema-graph\">{\"@context\":\"https:\\\/\\\/schema.org\",\"@graph\":[{\"@type\":\"Article\",\"@id\":\"https:\\\/\\\/www.meydan.tv\\\/az\\\/article\\\/ehsen-nuruzadeye-hokm-oxundu\\\/#article\",\"isPartOf\":{\"@id\":\"https:\\\/\\\/www.meydan.tv\\\/az\\\/article\\\/ehsen-nuruzadeye-hokm-oxundu\\\/\"},\"author\":{\"name\":\"user-manager\",\"@id\":\"https:\\\/\\\/www.meydan.tv\\\/az\\\/#\\\/schema\\\/person\\\/10d11eccf6da3662cf5fdab9806ea91a\"},\"headline\":\"\u018fhs\u0259n Nuruzad\u0259y\u0259 h\u00f6km oxundu\",\"datePublished\":\"2018-03-06T18:37:28+00:00\",\"mainEntityOfPage\":{\"@id\":\"https:\\\/\\\/www.meydan.tv\\\/az\\\/article\\\/ehsen-nuruzadeye-hokm-oxundu\\\/\"},\"wordCount\":547,\"publisher\":{\"@id\":\"https:\\\/\\\/www.meydan.tv\\\/az\\\/#organization\"},\"image\":{\"@id\":\"https:\\\/\\\/www.meydan.tv\\\/az\\\/article\\\/ehsen-nuruzadeye-hokm-oxundu\\\/#primaryimage\"},\"thumbnailUrl\":\"https:\\\/\\\/www.meydan.tv\\\/wp-content\\\/uploads\\\/38947.png\",\"articleSection\":[\"X\u0259b\u0259rl\u0259r\"],\"inLanguage\":\"az\"},{\"@type\":\"WebPage\",\"@id\":\"https:\\\/\\\/www.meydan.tv\\\/az\\\/article\\\/ehsen-nuruzadeye-hokm-oxundu\\\/\",\"url\":\"https:\\\/\\\/www.meydan.tv\\\/az\\\/article\\\/ehsen-nuruzadeye-hokm-oxundu\\\/\",\"name\":\"\u018fhs\u0259n Nuruzad\u0259y\u0259 h\u00f6km oxundu - MEYDAN.TV\",\"isPartOf\":{\"@id\":\"https:\\\/\\\/www.meydan.tv\\\/az\\\/#website\"},\"primaryImageOfPage\":{\"@id\":\"https:\\\/\\\/www.meydan.tv\\\/az\\\/article\\\/ehsen-nuruzadeye-hokm-oxundu\\\/#primaryimage\"},\"image\":{\"@id\":\"https:\\\/\\\/www.meydan.tv\\\/az\\\/article\\\/ehsen-nuruzadeye-hokm-oxundu\\\/#primaryimage\"},\"thumbnailUrl\":\"https:\\\/\\\/www.meydan.tv\\\/wp-content\\\/uploads\\\/38947.png\",\"datePublished\":\"2018-03-06T18:37:28+00:00\",\"breadcrumb\":{\"@id\":\"https:\\\/\\\/www.meydan.tv\\\/az\\\/article\\\/ehsen-nuruzadeye-hokm-oxundu\\\/#breadcrumb\"},\"inLanguage\":\"az\",\"potentialAction\":[{\"@type\":\"ReadAction\",\"target\":[\"https:\\\/\\\/www.meydan.tv\\\/az\\\/article\\\/ehsen-nuruzadeye-hokm-oxundu\\\/\"]}]},{\"@type\":\"ImageObject\",\"inLanguage\":\"az\",\"@id\":\"https:\\\/\\\/www.meydan.tv\\\/az\\\/article\\\/ehsen-nuruzadeye-hokm-oxundu\\\/#primaryimage\",\"url\":\"https:\\\/\\\/www.meydan.tv\\\/wp-content\\\/uploads\\\/38947.png\",\"contentUrl\":\"https:\\\/\\\/www.meydan.tv\\\/wp-content\\\/uploads\\\/38947.png\",\"width\":1281,\"height\":721,\"caption\":\"Foto: arxiv\"},{\"@type\":\"BreadcrumbList\",\"@id\":\"https:\\\/\\\/www.meydan.tv\\\/az\\\/article\\\/ehsen-nuruzadeye-hokm-oxundu\\\/#breadcrumb\",\"itemListElement\":[{\"@type\":\"ListItem\",\"position\":1,\"name\":\"Ana s\u0259hif\u0259\",\"item\":\"https:\\\/\\\/www.meydan.tv\\\/az\\\/\"},{\"@type\":\"ListItem\",\"position\":2,\"name\":\"X\u0259b\u0259rl\u0259r\",\"item\":\"https:\\\/\\\/www.meydan.tv\\\/az\\\/section\\\/xeberler\\\/\"},{\"@type\":\"ListItem\",\"position\":3,\"name\":\"\u018fhs\u0259n Nuruzad\u0259y\u0259 h\u00f6km oxundu\"}]},{\"@type\":\"WebSite\",\"@id\":\"https:\\\/\\\/www.meydan.tv\\\/az\\\/#website\",\"url\":\"https:\\\/\\\/www.meydan.tv\\\/az\\\/\",\"name\":\"MEYDAN.TV\",\"description\":\"Meydan TV Az\u0259rbaycan\u0131n media m\u0259kan\u0131ndak\u0131 alternativ s\u0259sidir\",\"publisher\":{\"@id\":\"https:\\\/\\\/www.meydan.tv\\\/az\\\/#organization\"},\"potentialAction\":[{\"@type\":\"SearchAction\",\"target\":{\"@type\":\"EntryPoint\",\"urlTemplate\":\"https:\\\/\\\/www.meydan.tv\\\/az\\\/?s={search_term_string}\"},\"query-input\":{\"@type\":\"PropertyValueSpecification\",\"valueRequired\":true,\"valueName\":\"search_term_string\"}}],\"inLanguage\":\"az\"},{\"@type\":\"Organization\",\"@id\":\"https:\\\/\\\/www.meydan.tv\\\/az\\\/#organization\",\"name\":\"Meydan TV\",\"url\":\"https:\\\/\\\/www.meydan.tv\\\/az\\\/\",\"logo\":{\"@type\":\"ImageObject\",\"inLanguage\":\"az\",\"@id\":\"https:\\\/\\\/www.meydan.tv\\\/az\\\/#\\\/schema\\\/logo\\\/image\\\/\",\"url\":\"https:\\\/\\\/www.meydan.tv\\\/wp-content\\\/uploads\\\/2021\\\/07\\\/meydan-logo.svg\",\"contentUrl\":\"https:\\\/\\\/www.meydan.tv\\\/wp-content\\\/uploads\\\/2021\\\/07\\\/meydan-logo.svg\",\"width\":195,\"height\":46,\"caption\":\"Meydan TV\"},\"image\":{\"@id\":\"https:\\\/\\\/www.meydan.tv\\\/az\\\/#\\\/schema\\\/logo\\\/image\\\/\"}},{\"@type\":\"Person\",\"@id\":\"https:\\\/\\\/www.meydan.tv\\\/az\\\/#\\\/schema\\\/person\\\/10d11eccf6da3662cf5fdab9806ea91a\",\"name\":\"user-manager\"}]}<\/script>\n<!-- \/ Yoast SEO plugin. -->","yoast_head_json":{"title":"\u018fhs\u0259n Nuruzad\u0259y\u0259 h\u00f6km oxundu - MEYDAN.TV","robots":{"index":"index","follow":"follow","max-snippet":"max-snippet:-1","max-image-preview":"max-image-preview:large","max-video-preview":"max-video-preview:-1"},"canonical":"https:\/\/www.meydan.tv\/az\/article\/ehsen-nuruzadeye-hokm-oxundu\/","og_locale":"az_AZ","og_type":"article","og_title":"\u018fhs\u0259n Nuruzad\u0259y\u0259 h\u00f6km oxundu - MEYDAN.TV","og_description":"Dindar f\u0259al 7 il m\u00fcdd\u0259tin\u0259 azadl\u0131qdan m\u0259hrum edildi","og_url":"https:\/\/www.meydan.tv\/az\/article\/ehsen-nuruzadeye-hokm-oxundu\/","og_site_name":"MEYDAN.TV","article_published_time":"2018-03-06T18:37:28+00:00","og_image":[{"width":1281,"height":721,"url":"https:\/\/www.meydan.tv\/wp-content\/uploads\/38947.png","type":"image\/png"}],"author":"user-manager","twitter_card":"summary_large_image","schema":{"@context":"https:\/\/schema.org","@graph":[{"@type":"Article","@id":"https:\/\/www.meydan.tv\/az\/article\/ehsen-nuruzadeye-hokm-oxundu\/#article","isPartOf":{"@id":"https:\/\/www.meydan.tv\/az\/article\/ehsen-nuruzadeye-hokm-oxundu\/"},"author":{"name":"user-manager","@id":"https:\/\/www.meydan.tv\/az\/#\/schema\/person\/10d11eccf6da3662cf5fdab9806ea91a"},"headline":"\u018fhs\u0259n Nuruzad\u0259y\u0259 h\u00f6km oxundu","datePublished":"2018-03-06T18:37:28+00:00","mainEntityOfPage":{"@id":"https:\/\/www.meydan.tv\/az\/article\/ehsen-nuruzadeye-hokm-oxundu\/"},"wordCount":547,"publisher":{"@id":"https:\/\/www.meydan.tv\/az\/#organization"},"image":{"@id":"https:\/\/www.meydan.tv\/az\/article\/ehsen-nuruzadeye-hokm-oxundu\/#primaryimage"},"thumbnailUrl":"https:\/\/www.meydan.tv\/wp-content\/uploads\/38947.png","articleSection":["X\u0259b\u0259rl\u0259r"],"inLanguage":"az"},{"@type":"WebPage","@id":"https:\/\/www.meydan.tv\/az\/article\/ehsen-nuruzadeye-hokm-oxundu\/","url":"https:\/\/www.meydan.tv\/az\/article\/ehsen-nuruzadeye-hokm-oxundu\/","name":"\u018fhs\u0259n Nuruzad\u0259y\u0259 h\u00f6km oxundu - MEYDAN.TV","isPartOf":{"@id":"https:\/\/www.meydan.tv\/az\/#website"},"primaryImageOfPage":{"@id":"https:\/\/www.meydan.tv\/az\/article\/ehsen-nuruzadeye-hokm-oxundu\/#primaryimage"},"image":{"@id":"https:\/\/www.meydan.tv\/az\/article\/ehsen-nuruzadeye-hokm-oxundu\/#primaryimage"},"thumbnailUrl":"https:\/\/www.meydan.tv\/wp-content\/uploads\/38947.png","datePublished":"2018-03-06T18:37:28+00:00","breadcrumb":{"@id":"https:\/\/www.meydan.tv\/az\/article\/ehsen-nuruzadeye-hokm-oxundu\/#breadcrumb"},"inLanguage":"az","potentialAction":[{"@type":"ReadAction","target":["https:\/\/www.meydan.tv\/az\/article\/ehsen-nuruzadeye-hokm-oxundu\/"]}]},{"@type":"ImageObject","inLanguage":"az","@id":"https:\/\/www.meydan.tv\/az\/article\/ehsen-nuruzadeye-hokm-oxundu\/#primaryimage","url":"https:\/\/www.meydan.tv\/wp-content\/uploads\/38947.png","contentUrl":"https:\/\/www.meydan.tv\/wp-content\/uploads\/38947.png","width":1281,"height":721,"caption":"Foto: arxiv"},{"@type":"BreadcrumbList","@id":"https:\/\/www.meydan.tv\/az\/article\/ehsen-nuruzadeye-hokm-oxundu\/#breadcrumb","itemListElement":[{"@type":"ListItem","position":1,"name":"Ana s\u0259hif\u0259","item":"https:\/\/www.meydan.tv\/az\/"},{"@type":"ListItem","position":2,"name":"X\u0259b\u0259rl\u0259r","item":"https:\/\/www.meydan.tv\/az\/section\/xeberler\/"},{"@type":"ListItem","position":3,"name":"\u018fhs\u0259n Nuruzad\u0259y\u0259 h\u00f6km oxundu"}]},{"@type":"WebSite","@id":"https:\/\/www.meydan.tv\/az\/#website","url":"https:\/\/www.meydan.tv\/az\/","name":"MEYDAN.TV","description":"Meydan TV Az\u0259rbaycan\u0131n media m\u0259kan\u0131ndak\u0131 alternativ s\u0259sidir","publisher":{"@id":"https:\/\/www.meydan.tv\/az\/#organization"},"potentialAction":[{"@type":"SearchAction","target":{"@type":"EntryPoint","urlTemplate":"https:\/\/www.meydan.tv\/az\/?s={search_term_string}"},"query-input":{"@type":"PropertyValueSpecification","valueRequired":true,"valueName":"search_term_string"}}],"inLanguage":"az"},{"@type":"Organization","@id":"https:\/\/www.meydan.tv\/az\/#organization","name":"Meydan TV","url":"https:\/\/www.meydan.tv\/az\/","logo":{"@type":"ImageObject","inLanguage":"az","@id":"https:\/\/www.meydan.tv\/az\/#\/schema\/logo\/image\/","url":"https:\/\/www.meydan.tv\/wp-content\/uploads\/2021\/07\/meydan-logo.svg","contentUrl":"https:\/\/www.meydan.tv\/wp-content\/uploads\/2021\/07\/meydan-logo.svg","width":195,"height":46,"caption":"Meydan TV"},"image":{"@id":"https:\/\/www.meydan.tv\/az\/#\/schema\/logo\/image\/"}},{"@type":"Person","@id":"https:\/\/www.meydan.tv\/az\/#\/schema\/person\/10d11eccf6da3662cf5fdab9806ea91a","name":"user-manager"}]}},"_links":{"self":[{"href":"https:\/\/www.meydan.tv\/az\/wp-json\/wp\/v2\/posts\/188990","targetHints":{"allow":["GET"]}}],"collection":[{"href":"https:\/\/www.meydan.tv\/az\/wp-json\/wp\/v2\/posts"}],"about":[{"href":"https:\/\/www.meydan.tv\/az\/wp-json\/wp\/v2\/types\/post"}],"author":[{"embeddable":true,"href":"https:\/\/www.meydan.tv\/az\/wp-json\/wp\/v2\/users\/11"}],"replies":[{"embeddable":true,"href":"https:\/\/www.meydan.tv\/az\/wp-json\/wp\/v2\/comments?post=188990"}],"version-history":[{"count":0,"href":"https:\/\/www.meydan.tv\/az\/wp-json\/wp\/v2\/posts\/188990\/revisions"}],"wp:featuredmedia":[{"embeddable":true,"href":"https:\/\/www.meydan.tv\/az\/wp-json\/wp\/v2\/media\/98479"}],"wp:attachment":[{"href":"https:\/\/www.meydan.tv\/az\/wp-json\/wp\/v2\/media?parent=188990"}],"wp:term":[{"taxonomy":"category","embeddable":true,"href":"https:\/\/www.meydan.tv\/az\/wp-json\/wp\/v2\/categories?post=188990"},{"taxonomy":"post_tag","embeddable":true,"href":"https:\/\/www.meydan.tv\/az\/wp-json\/wp\/v2\/tags?post=188990"}],"curies":[{"name":"wp","href":"https:\/\/api.w.org\/{rel}","templated":true}]}}