{"id":188976,"date":"2018-03-06T01:45:37","date_gmt":"2018-03-06T01:45:37","guid":{"rendered":"https:\/\/www.meydan.tv\/article\/qadinlar-ne-isteyir\/"},"modified":"2018-03-06T01:45:37","modified_gmt":"2018-03-06T01:45:37","slug":"qadinlar-ne-isteyir","status":"publish","type":"post","link":"https:\/\/www.meydan.tv\/az\/article\/qadinlar-ne-isteyir\/","title":{"rendered":"Qad\u0131nlar n\u0259 ist\u0259yir?"},"content":{"rendered":"<figure class=\"wp-block-image size-large\">\n  <img decoding=\"async\" src=\"https:\/\/www.meydan.tv\/az\/orxan-adigozel-3\/\" alt=\"Orxan Ad\u0131g\u00f6z\u0259l\" class=\"wp-image-95247\"\/><figcaption>\n    Orxan Ad\u0131g\u00f6z\u0259l<br \/>\n  <\/figcaption><\/figure>\n<p>\n  \u018fsrl\u0259rboyu veril\u0259n bu sual\u0131n \u0259traf\u0131nda xeyli m\u00fcr\u0259kk\u0259b v\u0259 qar\u0131\u015f\u0131q m\u00fczakir\u0259l\u0259r gedir. H\u0259r\u0259 bir \u015fey des\u0259 d\u0259, sonda b\u00f6y\u00fck \u00e7oxluq t\u0259slim olur v\u0259 suala cavab tap\u0131lm\u0131r. H\u0259tta psixoanalizin banisi Ziqmund Freyd d\u0259 etiraf etmi\u015fdi ki, \u201cqad\u0131n q\u0259lbini 30 il \u00f6yr\u0259nm\u0259yim\u0259 r\u0259\u011fm\u0259n \u0259slind\u0259 qad\u0131nlar\u0131n h\u0259l\u0259 d\u0259 n\u0259 ist\u0259diyini bilmir\u0259m\u201d.\n<\/p>\n<p>\n  Y\u0259ni h\u0259r \u015fey bel\u0259 m\u00fcr\u0259kk\u0259bdir?<br \/>\n  <br \/>\n  \u018fslind\u0259 m\u0259n bel\u0259 hesab etmir\u0259m.\n<\/p>\n<p>\n  Qad\u0131nlar o q\u0259d\u0259r d\u0259 \u00e7\u0259tin varl\u0131qlar deyill\u0259r. Bu sual\u0131 h\u0259m d\u0259 bel\u0259 d\u0259 verm\u0259k olar- \u018fslind\u0259 qad\u0131nlar ki\u015fil\u0259rd\u0259n n\u0259l\u0259r g\u00f6zl\u0259yir v\u0259 ist\u0259yirl\u0259r?\n<\/p>\n<p>\n  Ona g\u00f6r\u0259 d\u0259 bu m\u0259qal\u0259md\u0259 m\u0259hz ki\u015fil\u0259r\u0259 xitab ed\u0259c\u0259y\u0259m.\n<\/p>\n<p>\n  B\u0259hs el\u0259diyim \u015feyl\u0259r qad\u0131n-ki\u015fi m\u00fcnasib\u0259tl\u0259rinin daha q\u00fcvv\u0259tli v\u0259 harmonik olmas\u0131 \u00fc\u00e7\u00fcn vasit\u0259 say\u0131l\u0131r. Ona g\u00f6r\u0259 d\u0259, \u0259ziz h\u0259mcinsim, diqq\u0259tli ol!\n<\/p>\n<p>\n  Y\u0259qin ki, bu m\u0259\u015fhur sual\u0131 h\u0259r bir ki\u015fi \u00f6z\u00fcn\u0259 verib &#8211; qad\u0131nlar n\u0259 ist\u0259yir?!\n<\/p>\n<p>\n  Qad\u0131nlar i\u015far\u0259 etm\u0259yi sevirl\u0259r. Ona g\u00f6r\u0259 d\u0259 h\u0259r \u015feyi a\u00e7\u0131q-a\u015fkar dem\u0259m\u0259yi \u00fcst\u00fcn tuturlar. Qad\u0131nlar ist\u0259yir ki, biz h\u0259min i\u015far\u0259l\u0259ri o d\u0259qiq\u0259 tutaq v\u0259 onlar\u0131 ba\u015fa d\u00fc\u015f\u0259k. H\u0259min i\u015far\u0259l\u0259ri tutmayanda is\u0259 qad\u0131nlar \u00e7ox vaxt bizd\u0259n k\u00fcs\u00fcr v\u0259 inciyirl\u0259r. Biz is\u0259 onlar\u0131n bu h\u0259r\u0259k\u0259tini c\u0259f\u0259ngiyyat hesab edirik.\n<\/p>\n<p>\n  Buna g\u00f6r\u0259 qad\u0131nlar\u0131 \u00e7\u0259tin varl\u0131q hesab etm\u0259k olar, ancaq bir az diqq\u0259tli olsaq, onlar\u0131n psixologiyas\u0131n\u0131 anlasaq, \u00e7ox \u015fey asanla\u015far v\u0259 biz \u201cqad\u0131nlar n\u0259 ist\u0259yir, n\u0259 sevir\u201d sual\u0131na cavab tapm\u0131\u015f olar\u0131q.\n<\/p>\n<p>\n  Faktiki olaraq qad\u0131n psixas\u0131 ki\u015fininkind\u0259n 9 d\u0259f\u0259 daha yax\u015f\u0131 \u00e7al\u0131\u015f\u0131r. Qad\u0131nlar bir-biri il\u0259 hardasa oturub s\u00f6hb\u0259t ed\u0259rk\u0259n eyni anda 5-6, h\u0259tta daha \u00e7ox m\u00f6vzularda dan\u0131\u015fa bilirl\u0259r. Ki\u015fil\u0259r is\u0259 \u00e7ox vaxt bir m\u00f6vzuya k\u00f6kl\u0259nirl\u0259r.\n<\/p>\n<p>\n  Biz ki\u015fil\u0259r soyuducunu a\u00e7\u0131r v\u0259 qaba\u011f\u0131m\u0131zda olan limon v\u0259 ya qat\u0131q bankas\u0131n\u0131 tapa bilm\u0259diyimiz halda, qad\u0131nlar qonaq ota\u011f\u0131ndan soyuducunun i\u00e7ini g\u00f6rm\u0259d\u0259n biz\u0259 i\u015far\u0259 ed\u0259 bilir ki, qat\u0131q bankas\u0131 sa\u011f k\u00fcncd\u0259 a\u015fa\u011f\u0131 r\u0259fd\u0259dir.\n<\/p>\n<p>\n  Azya\u015fl\u0131 u\u015faq m\u00f6hk\u0259m a\u011flama\u011fa ba\u015flasa v\u0259 ki\u015fi onu \u0259lin\u0259 g\u00f6t\u00fcr\u00fcb n\u0259 ba\u015f verdiyini m\u00fc\u0259yy\u0259n etm\u0259y\u0259 \u00e7al\u0131\u015fsa, bu, onda al\u0131nm\u0131r. Ancaq qad\u0131n u\u015fa\u011f\u0131 quca\u011f\u0131na g\u00f6t\u00fcrm\u0259d\u0259n bel\u0259 onun ac oldu\u011funu v\u0259 ya k\u00f6p\u0259 g\u00f6r\u0259 a\u011flad\u0131\u011f\u0131n\u0131 m\u00fc\u0259yy\u0259n ed\u0259 bilir. \u00c7\u00fcnki qad\u0131nlar\u0131n anal\u0131q instinkti var.\n<\/p>\n<p>\n  Bel\u0259likl\u0259, qad\u0131nlar ki\u015fil\u0259rd\u0259n n\u0259l\u0259r ist\u0259yir sual\u0131 \u0259traf\u0131nda fokuslanaq.\n<\/p>\n<p>\n  *Qay\u011f\u0131ke\u015flik\n<\/p>\n<p>\n  H\u0259tta qad\u0131n kifay\u0259t q\u0259d\u0259r yetkin v\u0259 m\u00fcst\u0259qil olsa bel\u0259, dem\u0259k olar ki, d\u00fcnyadak\u0131 b\u00fct\u00fcn qad\u0131nlar kimi o da, \u00f6z ki\u015fisi \u00fc\u00e7\u00fcn balaca q\u0131zc\u0131\u011faz olma\u011f\u0131 arzulay\u0131r.\n<\/p>\n<p>\n  O, ist\u0259yir ki, x\u0259st\u0259 olub evd\u0259 yatanda s\u0259n onun \u00fc\u00e7\u00fcn aptek\u0259 qa\u00e7\u0131b dava-d\u0259rman alasan. Gec\u0259l\u0259r onun a\u00e7\u0131q qalan \u00fcst\u00fcn\u00fc isti adyalla, yor\u011fanla \u00f6rt\u0259s\u0259n. H\u0259rd\u0259n ona sevdiyi \u015fokolad\u0131 al\u0131b g\u0259tir\u0259s\u0259n. Bu c\u00fcr x\u0131rda \u015feyl\u0259rl\u0259 s\u0259n onun qay\u011f\u0131s\u0131n\u0131 \u00e7\u0259km\u0259kl\u0259 qad\u0131n\u0131n g\u00f6z\u00fcnd\u0259 \u0259h\u0259miyy\u0259tli ki\u015fiy\u0259 \u00e7evirilmi\u015f olarsan. Ola bil\u0259r ki, bu \u015feyl\u0259r s\u0259n\u0259 adi v\u0259 el\u0259-bel\u0259 g\u00f6r\u00fcn\u0259 bil\u0259r, ancaq qad\u0131nlar bu add\u0131mlar\u0131 qiym\u0259tli hesab edirl\u0259r.\n<\/p>\n<p>\n  *D\u0259st\u0259k\n<\/p>\n<p>\n  \u00c7\u0259tin m\u0259qamlarda qad\u0131n\u0131 burax\u0131b ged\u0259n adama ki\u015fi dem\u0259k olmaz. \u0130nsan\u0131n h\u0259yat\u0131nda yax\u015f\u0131 g\u00fcnl\u0259rl\u0259 b\u0259rab\u0259r, xo\u015fag\u0259lm\u0259z anlar da olur. Bu, \u00e7ox t\u0259biidir. Bel\u0259 m\u0259qamlar, bir yerd\u0259 olan qad\u0131n v\u0259 ki\u015fi \u00fc\u00e7\u00fcn h\u0259m d\u0259 s\u0131naq rolu oynam\u0131\u015f olur. Ax\u0131 insan \u00e7\u0259tin anlarda tan\u0131n\u0131r.\n<\/p>\n<p>\n  Bel\u0259 ki, s\u0259n ki\u015fi olaraq n\u0259inki \u00e7\u0259tin g\u00fcnl\u0259rd\u0259, h\u0259tta normal g\u00fcnl\u0259rd\u0259 d\u0259 \u00f6z qad\u0131n\u0131na d\u0259st\u0259k oldu\u011funu a\u015fkar n\u00fcmayi\u015f etdirm\u0259lis\u0259n. B\u0259li, o, s\u0259nd\u0259n m\u0259n\u0259vi, fiziki v\u0259 maliyy\u0259 d\u0259st\u0259yi g\u00f6zl\u0259yir. Bu da \u00e7ox t\u0259biidir. Bilirs\u0259n, el\u0259 olur ki, qad\u0131n \u00f6z\u00fcn\u0259 \u0259min olmur, m\u00fc\u0259yy\u0259n \u015f\u00fcbh\u0259l\u0259ri olur. Bel\u0259 anlarda s\u0259n m\u00fctl\u0259q onu motivasiya etm\u0259li v\u0259 \u201cyan\u0131ndayam, dar\u0131xma, h\u0259r \u015fey yax\u015f\u0131 olacaq\u201d dey\u0259r\u0259k ona d\u0259st\u0259k olmal\u0131san.<\/p>\n<p>  *Anlay\u0131\u015f\n<\/p>\n<p>\n  Anlay\u0131\u015f m\u00fcnasib\u0259tl\u0259rd\u0259ki \u0259n \u00f6n\u0259mli faktorlardan biridir. Bu sevginin v\u0259 h\u00f6rm\u0259tin \u0259m\u0259l olaraq a\u015fkar n\u00fcmayi\u015fidir. S\u0259n art\u0131q anlamal\u0131san, el\u0259 anlar olur ki, qad\u0131n harasa getm\u0259y\u0259 haz\u0131rla\u015fark\u0259n, bir ne\u00e7\u0259 paltar aras\u0131nda se\u00e7im qar\u015f\u0131s\u0131nda qala bil\u0259r. Ona g\u00f6r\u0259, o, g\u0259lib s\u0259n\u0259 d\u0259f\u0259l\u0259rl\u0259 sual ver\u0259 bil\u0259r ki, \u201cg\u00f6r\u0259s\u0259n bunu geyinib, yoxsa dig\u0259rini\u201d.\n<\/p>\n<p>\n  S\u0131nm\u0131\u015f hans\u0131sa d\u0131rna\u011f\u0131na g\u00f6r\u0259 onun b\u00fct\u00fcn g\u00fcn\u00fc \u0259hval-ruhiyy\u0259si d\u0259 olmaya bil\u0259r.\n<\/p>\n<p>\n  Bel\u0259 hallarda s\u0259n maksimum anlay\u0131\u015fl\u0131 olmal\u0131san. Ba\u015fa d\u00fc\u015fm\u0259lis\u0259n ki, qad\u0131nlar\u0131n q\u0259rar verm\u0259k formalar\u0131 bir az f\u0259rqlidir. Onlar\u0131n \u00f6zl\u0259rin\u0259 m\u0259xsus daxili fitr\u0259ti, mentaliteti m\u00f6vcuddur.<\/p>\n<p>  *Diqq\u0259t\n<\/p>\n<p>\n  Qad\u0131nlar\u0131n ki\u015fil\u0259rd\u0259n g\u00f6zl\u0259diyi, ist\u0259diyi bir n\u00f6mr\u0259li g\u00f6zl\u0259nti diqq\u0259tdir. Diqq\u0259t onlar \u00fc\u00e7\u00fcn brilyant d\u0259y\u0259rind\u0259 olan n\u0259sn\u0259dir. H\u0259tta, s\u0259n\u0259 a\u00e7\u0131\u011f\u0131n\u0131 deyim, qad\u0131n s\u0259nin onu v\u0259 \u00fcmumi ya\u015fay\u0131\u015f\u0131n\u0131z\u0131 maliyy\u0259 c\u0259h\u0259td\u0259n t\u0259min etm\u0259k \u00fc\u00e7\u00fcn b\u00fct\u00fcn g\u00fcn\u00fc i\u015f yerind\u0259 vaxt ke\u00e7irm\u0259ni o q\u0259d\u0259r d\u0259 y\u00fcks\u0259k d\u0259y\u0259rl\u0259ndirm\u0259y\u0259c\u0259k. Onun \u00fc\u00e7\u00fcn daha \u00f6n\u0259mli sizin bir yerd\u0259 film\u0259, teatra, parka hans\u0131sa qonaql\u0131\u011fa bir yerd\u0259 getm\u0259yiniz daha d\u0259y\u0259rlidir, n\u0259inki s\u0131rf pul t\u0259minat\u0131 \u00fc\u00e7\u00fcn daha \u00e7ox i\u015fl\u0259m\u0259yin.<\/p>\n<p>  *Ail\u0259, evlilik v\u0259 u\u015faqlar\n<\/p>\n<p>\n  G\u0259lin paltar\u0131 geyinm\u0259k v\u0259 xo\u015fb\u0259xt ail\u0259 sahibi olmaq ist\u0259yi dem\u0259k olar h\u0259r bir q\u0131z\u0131n arzusudur. B\u0259s bu arzu hardan \u0259m\u0259l\u0259 g\u0259lir? \u018fslind\u0259 h\u0259min ist\u0259k q\u0131za \u00f6z anas\u0131n\u0131n s\u00fcd\u00fcnd\u0259n \u00f6t\u00fcr\u00fcl\u00fcr. Sonradan da h\u0259r bir q\u0131z\u0131n t\u0259rbiy\u0259sind\u0259 ona \u00f6t\u00fcr\u00fcl\u0259n mesajlar aras\u0131nda ail\u0259 qurma\u011f\u0131n vacibliyi a\u015f\u0131lan\u0131r. H\u0259tta qad\u0131n n\u0259 q\u0259d\u0259r m\u00fcst\u0259qil v\u0259 superkaryera\u00e7\u0131 olsa bel\u0259, o, m\u00fctl\u0259q ail\u0259 qurma\u011f\u0131 v\u0259 evlilik s\u0259ad\u0259tini dadma\u011f\u0131 arzulay\u0131r. Bura h\u0259m d\u0259 u\u015faq sahibi olmaq da daxildir. 30 ya\u015fdan sonra bu arzu lap qabar\u0131q olma\u011fa ba\u015flay\u0131r. A\u011f\u0131ll\u0131 qad\u0131nlar is\u0259 m\u00fctl\u0259q \u015f\u0259kild\u0259 diqq\u0259t edirl\u0259r ki, onlar\u0131n u\u015faqlar\u0131 g\u00fccl\u00fc xarakter\u0259 malik ki\u015fid\u0259n olsun. \u00c7\u00fcnki bu h\u0259m d\u0259 unikal genefond dem\u0259kdir.<\/p>\n<p>  *Emosiya\n<\/p>\n<p>\n  Qad\u0131nlara g\u00fcc v\u0259 sevinc g\u0259tir\u0259n \u0259sas \u015feyl\u0259rd\u0259n biri d\u0259 onlara \u00f6t\u00fcr\u00fcl\u0259n emosiyalard\u0131r. B\u0259li, qad\u0131nlar ki\u015fil\u0259rd\u0259n daha emosionald\u0131lar. Bir m\u0259s\u0259l\u0259 var ki, qad\u0131nlar h\u0259m d\u0259 o ki\u015fil\u0259ri sevirl\u0259r ki, onlardan emosiya v\u0259 enerji dal\u011fas\u0131 yay\u0131l\u0131r. Ona g\u00f6r\u0259 d\u0259 s\u0259n m\u00fctl\u0259q enerjili olmal\u0131san. Enerji is\u0259 m\u0259hz hans\u0131sa h\u0259d\u0259fl\u0259ri olan ki\u015fil\u0259rd\u0259 olur. Ambisiyal\u0131 v\u0259 h\u0259d\u0259fl\u0259ri olan ki\u015fil\u0259rd\u0259n ehtiras impulslar\u0131 yay\u0131l\u0131r. Bel\u0259 ki\u015fil\u0259r n\u0259 ist\u0259dikl\u0259rini yax\u015f\u0131 bilirl\u0259r. H\u0259m d\u0259 \u00f6zl\u0259rin\u0259 d\u0259 \u0259mindil\u0259r. Onlar qad\u0131nlarla s\u00f6hb\u0259t ed\u0259rk\u0259n bel\u0259 g\u00fccl\u00fc v\u0259 \u0259minlikl\u0259rinin emosiyalar\u0131 qar\u015f\u0131 t\u0259r\u0259f\u0259 \u00f6t\u00fcr\u00fcl\u00fcr. Emosiyalar \u00f6t\u00fcrm\u0259kl\u0259 s\u0259n qad\u0131nda \u00f6z\u00fcn\u0259 qar\u015f\u0131 etibar da qazanacaqsan. Onunla heysiz qoca ki\u015fil\u0259r kimi dan\u0131\u015fma. \u0130ntonasiyalar\u0131n\u0131 d\u00fcz qoy! S\u0259sind\u0259 \u0259minlik v\u0259 canl\u0131l\u0131q olsun. B\u0259d\u0259n dilind\u0259n d\u0259 istifad\u0259 etm\u0259yi unutma.\n<\/p>\n<p>\n  *Pul\n<\/p>\n<p>\n  H\u0259tta qad\u0131n s\u0259n\u0259 des\u0259 ki, maddi v\u0259ziyy\u0259t onun \u00fc\u00e7\u00fcn ax\u0131r\u0131nc\u0131 yerd\u0259dir, yen\u0259 d\u0259 bil ki, o, s\u0259ni maliyy\u0259 m\u0259s\u0259l\u0259sind\u0259 d\u0259 qiym\u0259tl\u0259ndir\u0259c\u0259k.\n<\/p>\n<p>\n  Pul qad\u0131nlar \u00fc\u00e7\u00fcn \u00e7ox \u00f6n\u0259mlidir. Ax\u0131 pulu kim sevmir? H\u0259m d\u0259 pul qazana bilm\u0259k qabiliyy\u0259ti ambisiyal\u0131 v\u0259 g\u00fccl\u00fc xarakter\u0259 malik ki\u015fil\u0259rin \u0259sas \u00f6z\u0259llikl\u0259rind\u0259n biridir.\n<\/p>\n<p>\n  \u018fziz h\u0259mcinsim, s\u0259n\u0259 qad\u0131nlar\u0131n n\u0259l\u0259r ist\u0259dikl\u0259rini sadalad\u0131m. Diqq\u0259tli olsan v\u0259 \u00f6z \u00fcz\u0259rind\u0259 i\u015fl\u0259s\u0259n \u015f\u0259xsi h\u0259yatda b\u00f6y\u00fck u\u011furlar \u0259ld\u0259 etmi\u015f olarsan. Se\u00e7diyin qad\u0131n\u0131 sev, ona h\u00f6rm\u0259t el\u0259 v\u0259 anlay\u0131\u015f g\u00f6st\u0259r. Qad\u0131nlars\u0131z h\u0259yat r\u0259ngsiz v\u0259 d\u00f6z\u00fclm\u0259zdir.\n<\/p>\n<p>\n  <i><br \/>\n    <b><br \/>\n      Yaz\u0131 m\u00fc\u0259llifin fikirl\u0259rini \u0259ks etdirir v\u0259 Meydan TV-nin m\u00f6vqeyi il\u0259 \u00fcst-\u00fcst\u0259 d\u00fc\u015fm\u0259y\u0259 bil\u0259r.<br \/>\n    <\/b><br \/>\n  <\/i><\/p>\n","protected":false},"excerpt":{"rendered":"<p>\u018fsrl\u0259rboyu veril\u0259n bu sual\u0131n \u0259traf\u0131nda xeyli m\u00fcr\u0259kk\u0259b v\u0259 qar\u0131\u015f\u0131q m\u00fczakir\u0259l\u0259r gedir<\/p>\n","protected":false},"author":11,"featured_media":95247,"comment_status":"closed","ping_status":"open","sticky":false,"template":"","format":"standard","meta":{"_acf_changed":false,"_sitemap_exclude":false,"_sitemap_priority":"","_sitemap_frequency":"","footnotes":""},"categories":[57],"tags":[],"class_list":["post-188976","post","type-post","status-publish","format-standard","has-post-thumbnail","hentry","category-menim-fikrimce","infinite-scroll-item","generate-columns","tablet-grid-50","mobile-grid-100","grid-parent","grid-33","no-featured-image-padding"],"acf":[],"yoast_head":"<!-- This site is optimized with the Yoast SEO plugin v27.5 - https:\/\/yoast.com\/product\/yoast-seo-wordpress\/ -->\n<title>Qad\u0131nlar n\u0259 ist\u0259yir? - MEYDAN.TV<\/title>\n<meta name=\"robots\" content=\"index, follow, max-snippet:-1, max-image-preview:large, max-video-preview:-1\" \/>\n<link rel=\"canonical\" href=\"https:\/\/www.meydan.tv\/az\/article\/qadinlar-ne-isteyir\/\" \/>\n<meta property=\"og:locale\" content=\"az_AZ\" \/>\n<meta property=\"og:type\" content=\"article\" \/>\n<meta property=\"og:title\" content=\"Qad\u0131nlar n\u0259 ist\u0259yir? - MEYDAN.TV\" \/>\n<meta property=\"og:description\" content=\"\u018fsrl\u0259rboyu veril\u0259n bu sual\u0131n \u0259traf\u0131nda xeyli m\u00fcr\u0259kk\u0259b v\u0259 qar\u0131\u015f\u0131q m\u00fczakir\u0259l\u0259r gedir\" \/>\n<meta property=\"og:url\" content=\"https:\/\/www.meydan.tv\/az\/article\/qadinlar-ne-isteyir\/\" \/>\n<meta property=\"og:site_name\" content=\"MEYDAN.TV\" \/>\n<meta property=\"article:published_time\" content=\"2018-03-06T01:45:37+00:00\" \/>\n<meta property=\"og:image\" content=\"https:\/\/www.meydan.tv\/wp-content\/uploads\/37636.jpg\" \/>\n\t<meta property=\"og:image:width\" content=\"2048\" \/>\n\t<meta property=\"og:image:height\" content=\"1365\" \/>\n\t<meta property=\"og:image:type\" content=\"image\/jpeg\" \/>\n<meta name=\"author\" content=\"user-manager\" \/>\n<meta name=\"twitter:card\" content=\"summary_large_image\" \/>\n<script type=\"application\/ld+json\" class=\"yoast-schema-graph\">{\"@context\":\"https:\\\/\\\/schema.org\",\"@graph\":[{\"@type\":\"Article\",\"@id\":\"https:\\\/\\\/www.meydan.tv\\\/az\\\/article\\\/qadinlar-ne-isteyir\\\/#article\",\"isPartOf\":{\"@id\":\"https:\\\/\\\/www.meydan.tv\\\/az\\\/article\\\/qadinlar-ne-isteyir\\\/\"},\"author\":{\"name\":\"user-manager\",\"@id\":\"https:\\\/\\\/www.meydan.tv\\\/az\\\/#\\\/schema\\\/person\\\/10d11eccf6da3662cf5fdab9806ea91a\"},\"headline\":\"Qad\u0131nlar n\u0259 ist\u0259yir?\",\"datePublished\":\"2018-03-06T01:45:37+00:00\",\"mainEntityOfPage\":{\"@id\":\"https:\\\/\\\/www.meydan.tv\\\/az\\\/article\\\/qadinlar-ne-isteyir\\\/\"},\"wordCount\":1649,\"publisher\":{\"@id\":\"https:\\\/\\\/www.meydan.tv\\\/az\\\/#organization\"},\"image\":{\"@id\":\"https:\\\/\\\/www.meydan.tv\\\/az\\\/article\\\/qadinlar-ne-isteyir\\\/#primaryimage\"},\"thumbnailUrl\":\"https:\\\/\\\/www.meydan.tv\\\/wp-content\\\/uploads\\\/37636.jpg\",\"articleSection\":[\"M\u0259nim Fikrimc\u0259\"],\"inLanguage\":\"az\"},{\"@type\":\"WebPage\",\"@id\":\"https:\\\/\\\/www.meydan.tv\\\/az\\\/article\\\/qadinlar-ne-isteyir\\\/\",\"url\":\"https:\\\/\\\/www.meydan.tv\\\/az\\\/article\\\/qadinlar-ne-isteyir\\\/\",\"name\":\"Qad\u0131nlar n\u0259 ist\u0259yir? - MEYDAN.TV\",\"isPartOf\":{\"@id\":\"https:\\\/\\\/www.meydan.tv\\\/az\\\/#website\"},\"primaryImageOfPage\":{\"@id\":\"https:\\\/\\\/www.meydan.tv\\\/az\\\/article\\\/qadinlar-ne-isteyir\\\/#primaryimage\"},\"image\":{\"@id\":\"https:\\\/\\\/www.meydan.tv\\\/az\\\/article\\\/qadinlar-ne-isteyir\\\/#primaryimage\"},\"thumbnailUrl\":\"https:\\\/\\\/www.meydan.tv\\\/wp-content\\\/uploads\\\/37636.jpg\",\"datePublished\":\"2018-03-06T01:45:37+00:00\",\"breadcrumb\":{\"@id\":\"https:\\\/\\\/www.meydan.tv\\\/az\\\/article\\\/qadinlar-ne-isteyir\\\/#breadcrumb\"},\"inLanguage\":\"az\",\"potentialAction\":[{\"@type\":\"ReadAction\",\"target\":[\"https:\\\/\\\/www.meydan.tv\\\/az\\\/article\\\/qadinlar-ne-isteyir\\\/\"]}]},{\"@type\":\"ImageObject\",\"inLanguage\":\"az\",\"@id\":\"https:\\\/\\\/www.meydan.tv\\\/az\\\/article\\\/qadinlar-ne-isteyir\\\/#primaryimage\",\"url\":\"https:\\\/\\\/www.meydan.tv\\\/wp-content\\\/uploads\\\/37636.jpg\",\"contentUrl\":\"https:\\\/\\\/www.meydan.tv\\\/wp-content\\\/uploads\\\/37636.jpg\",\"width\":2048,\"height\":1365,\"caption\":\"Source:\"},{\"@type\":\"BreadcrumbList\",\"@id\":\"https:\\\/\\\/www.meydan.tv\\\/az\\\/article\\\/qadinlar-ne-isteyir\\\/#breadcrumb\",\"itemListElement\":[{\"@type\":\"ListItem\",\"position\":1,\"name\":\"Ana s\u0259hif\u0259\",\"item\":\"https:\\\/\\\/www.meydan.tv\\\/az\\\/\"},{\"@type\":\"ListItem\",\"position\":2,\"name\":\"M\u0259nim Fikrimc\u0259\",\"item\":\"https:\\\/\\\/www.meydan.tv\\\/az\\\/section\\\/menim-fikrimce\\\/\"},{\"@type\":\"ListItem\",\"position\":3,\"name\":\"Qad\u0131nlar n\u0259 ist\u0259yir?\"}]},{\"@type\":\"WebSite\",\"@id\":\"https:\\\/\\\/www.meydan.tv\\\/az\\\/#website\",\"url\":\"https:\\\/\\\/www.meydan.tv\\\/az\\\/\",\"name\":\"MEYDAN.TV\",\"description\":\"Meydan TV Az\u0259rbaycan\u0131n media m\u0259kan\u0131ndak\u0131 alternativ s\u0259sidir\",\"publisher\":{\"@id\":\"https:\\\/\\\/www.meydan.tv\\\/az\\\/#organization\"},\"potentialAction\":[{\"@type\":\"SearchAction\",\"target\":{\"@type\":\"EntryPoint\",\"urlTemplate\":\"https:\\\/\\\/www.meydan.tv\\\/az\\\/?s={search_term_string}\"},\"query-input\":{\"@type\":\"PropertyValueSpecification\",\"valueRequired\":true,\"valueName\":\"search_term_string\"}}],\"inLanguage\":\"az\"},{\"@type\":\"Organization\",\"@id\":\"https:\\\/\\\/www.meydan.tv\\\/az\\\/#organization\",\"name\":\"Meydan TV\",\"url\":\"https:\\\/\\\/www.meydan.tv\\\/az\\\/\",\"logo\":{\"@type\":\"ImageObject\",\"inLanguage\":\"az\",\"@id\":\"https:\\\/\\\/www.meydan.tv\\\/az\\\/#\\\/schema\\\/logo\\\/image\\\/\",\"url\":\"https:\\\/\\\/www.meydan.tv\\\/wp-content\\\/uploads\\\/2021\\\/07\\\/meydan-logo.svg\",\"contentUrl\":\"https:\\\/\\\/www.meydan.tv\\\/wp-content\\\/uploads\\\/2021\\\/07\\\/meydan-logo.svg\",\"width\":195,\"height\":46,\"caption\":\"Meydan TV\"},\"image\":{\"@id\":\"https:\\\/\\\/www.meydan.tv\\\/az\\\/#\\\/schema\\\/logo\\\/image\\\/\"}},{\"@type\":\"Person\",\"@id\":\"https:\\\/\\\/www.meydan.tv\\\/az\\\/#\\\/schema\\\/person\\\/10d11eccf6da3662cf5fdab9806ea91a\",\"name\":\"user-manager\"}]}<\/script>\n<!-- \/ Yoast SEO plugin. -->","yoast_head_json":{"title":"Qad\u0131nlar n\u0259 ist\u0259yir? - MEYDAN.TV","robots":{"index":"index","follow":"follow","max-snippet":"max-snippet:-1","max-image-preview":"max-image-preview:large","max-video-preview":"max-video-preview:-1"},"canonical":"https:\/\/www.meydan.tv\/az\/article\/qadinlar-ne-isteyir\/","og_locale":"az_AZ","og_type":"article","og_title":"Qad\u0131nlar n\u0259 ist\u0259yir? - MEYDAN.TV","og_description":"\u018fsrl\u0259rboyu veril\u0259n bu sual\u0131n \u0259traf\u0131nda xeyli m\u00fcr\u0259kk\u0259b v\u0259 qar\u0131\u015f\u0131q m\u00fczakir\u0259l\u0259r gedir","og_url":"https:\/\/www.meydan.tv\/az\/article\/qadinlar-ne-isteyir\/","og_site_name":"MEYDAN.TV","article_published_time":"2018-03-06T01:45:37+00:00","og_image":[{"width":2048,"height":1365,"url":"https:\/\/www.meydan.tv\/wp-content\/uploads\/37636.jpg","type":"image\/jpeg"}],"author":"user-manager","twitter_card":"summary_large_image","schema":{"@context":"https:\/\/schema.org","@graph":[{"@type":"Article","@id":"https:\/\/www.meydan.tv\/az\/article\/qadinlar-ne-isteyir\/#article","isPartOf":{"@id":"https:\/\/www.meydan.tv\/az\/article\/qadinlar-ne-isteyir\/"},"author":{"name":"user-manager","@id":"https:\/\/www.meydan.tv\/az\/#\/schema\/person\/10d11eccf6da3662cf5fdab9806ea91a"},"headline":"Qad\u0131nlar n\u0259 ist\u0259yir?","datePublished":"2018-03-06T01:45:37+00:00","mainEntityOfPage":{"@id":"https:\/\/www.meydan.tv\/az\/article\/qadinlar-ne-isteyir\/"},"wordCount":1649,"publisher":{"@id":"https:\/\/www.meydan.tv\/az\/#organization"},"image":{"@id":"https:\/\/www.meydan.tv\/az\/article\/qadinlar-ne-isteyir\/#primaryimage"},"thumbnailUrl":"https:\/\/www.meydan.tv\/wp-content\/uploads\/37636.jpg","articleSection":["M\u0259nim Fikrimc\u0259"],"inLanguage":"az"},{"@type":"WebPage","@id":"https:\/\/www.meydan.tv\/az\/article\/qadinlar-ne-isteyir\/","url":"https:\/\/www.meydan.tv\/az\/article\/qadinlar-ne-isteyir\/","name":"Qad\u0131nlar n\u0259 ist\u0259yir? - MEYDAN.TV","isPartOf":{"@id":"https:\/\/www.meydan.tv\/az\/#website"},"primaryImageOfPage":{"@id":"https:\/\/www.meydan.tv\/az\/article\/qadinlar-ne-isteyir\/#primaryimage"},"image":{"@id":"https:\/\/www.meydan.tv\/az\/article\/qadinlar-ne-isteyir\/#primaryimage"},"thumbnailUrl":"https:\/\/www.meydan.tv\/wp-content\/uploads\/37636.jpg","datePublished":"2018-03-06T01:45:37+00:00","breadcrumb":{"@id":"https:\/\/www.meydan.tv\/az\/article\/qadinlar-ne-isteyir\/#breadcrumb"},"inLanguage":"az","potentialAction":[{"@type":"ReadAction","target":["https:\/\/www.meydan.tv\/az\/article\/qadinlar-ne-isteyir\/"]}]},{"@type":"ImageObject","inLanguage":"az","@id":"https:\/\/www.meydan.tv\/az\/article\/qadinlar-ne-isteyir\/#primaryimage","url":"https:\/\/www.meydan.tv\/wp-content\/uploads\/37636.jpg","contentUrl":"https:\/\/www.meydan.tv\/wp-content\/uploads\/37636.jpg","width":2048,"height":1365,"caption":"Source:"},{"@type":"BreadcrumbList","@id":"https:\/\/www.meydan.tv\/az\/article\/qadinlar-ne-isteyir\/#breadcrumb","itemListElement":[{"@type":"ListItem","position":1,"name":"Ana s\u0259hif\u0259","item":"https:\/\/www.meydan.tv\/az\/"},{"@type":"ListItem","position":2,"name":"M\u0259nim Fikrimc\u0259","item":"https:\/\/www.meydan.tv\/az\/section\/menim-fikrimce\/"},{"@type":"ListItem","position":3,"name":"Qad\u0131nlar n\u0259 ist\u0259yir?"}]},{"@type":"WebSite","@id":"https:\/\/www.meydan.tv\/az\/#website","url":"https:\/\/www.meydan.tv\/az\/","name":"MEYDAN.TV","description":"Meydan TV Az\u0259rbaycan\u0131n media m\u0259kan\u0131ndak\u0131 alternativ s\u0259sidir","publisher":{"@id":"https:\/\/www.meydan.tv\/az\/#organization"},"potentialAction":[{"@type":"SearchAction","target":{"@type":"EntryPoint","urlTemplate":"https:\/\/www.meydan.tv\/az\/?s={search_term_string}"},"query-input":{"@type":"PropertyValueSpecification","valueRequired":true,"valueName":"search_term_string"}}],"inLanguage":"az"},{"@type":"Organization","@id":"https:\/\/www.meydan.tv\/az\/#organization","name":"Meydan TV","url":"https:\/\/www.meydan.tv\/az\/","logo":{"@type":"ImageObject","inLanguage":"az","@id":"https:\/\/www.meydan.tv\/az\/#\/schema\/logo\/image\/","url":"https:\/\/www.meydan.tv\/wp-content\/uploads\/2021\/07\/meydan-logo.svg","contentUrl":"https:\/\/www.meydan.tv\/wp-content\/uploads\/2021\/07\/meydan-logo.svg","width":195,"height":46,"caption":"Meydan TV"},"image":{"@id":"https:\/\/www.meydan.tv\/az\/#\/schema\/logo\/image\/"}},{"@type":"Person","@id":"https:\/\/www.meydan.tv\/az\/#\/schema\/person\/10d11eccf6da3662cf5fdab9806ea91a","name":"user-manager"}]}},"_links":{"self":[{"href":"https:\/\/www.meydan.tv\/az\/wp-json\/wp\/v2\/posts\/188976","targetHints":{"allow":["GET"]}}],"collection":[{"href":"https:\/\/www.meydan.tv\/az\/wp-json\/wp\/v2\/posts"}],"about":[{"href":"https:\/\/www.meydan.tv\/az\/wp-json\/wp\/v2\/types\/post"}],"author":[{"embeddable":true,"href":"https:\/\/www.meydan.tv\/az\/wp-json\/wp\/v2\/users\/11"}],"replies":[{"embeddable":true,"href":"https:\/\/www.meydan.tv\/az\/wp-json\/wp\/v2\/comments?post=188976"}],"version-history":[{"count":0,"href":"https:\/\/www.meydan.tv\/az\/wp-json\/wp\/v2\/posts\/188976\/revisions"}],"wp:featuredmedia":[{"embeddable":true,"href":"https:\/\/www.meydan.tv\/az\/wp-json\/wp\/v2\/media\/95247"}],"wp:attachment":[{"href":"https:\/\/www.meydan.tv\/az\/wp-json\/wp\/v2\/media?parent=188976"}],"wp:term":[{"taxonomy":"category","embeddable":true,"href":"https:\/\/www.meydan.tv\/az\/wp-json\/wp\/v2\/categories?post=188976"},{"taxonomy":"post_tag","embeddable":true,"href":"https:\/\/www.meydan.tv\/az\/wp-json\/wp\/v2\/tags?post=188976"}],"curies":[{"name":"wp","href":"https:\/\/api.w.org\/{rel}","templated":true}]}}