{"id":188967,"date":"2018-03-05T16:16:26","date_gmt":"2018-03-05T16:16:26","guid":{"rendered":"https:\/\/www.meydan.tv\/article\/stalinin-olumu\/"},"modified":"2018-03-05T16:16:26","modified_gmt":"2018-03-05T16:16:26","slug":"stalinin-olumu","status":"publish","type":"post","link":"https:\/\/www.meydan.tv\/az\/article\/stalinin-olumu\/","title":{"rendered":"Stalinin \u00f6l\u00fcm\u00fc?"},"content":{"rendered":"<figure class=\"wp-block-image size-large\">\n  <img decoding=\"async\" src=\"https:\/\/www.meydan.tv\/az\/stalinin-olumu-filminin-afisasi\/\" alt=\"Stalinin \u00f6l\u00fcm\u00fc filminin afi\u015fas\u0131\" class=\"wp-image-100398\"\/><figcaption>\n    Stalinin \u00f6l\u00fcm\u00fc filminin afi\u015fas\u0131<br \/>\n  <\/figcaption><\/figure>\n<p>\n  Yaln\u0131z despotun azad oldu\u011fu m\u0259kan.\n<\/p>\n<p>\n  Son zamanlar\u0131n vacib (qeyri-)m\u0259d\u0259ni hadis\u0259si &#8220;Stalinin \u00f6l\u00fcm\u00fc&#8221; komediyas\u0131n\u0131n Rusiyan\u0131n ard\u0131nca Bak\u0131da da qada\u011fan edilm\u0259si idi. Q\u0259rib\u0259dir, bunu ed\u0259nl\u0259r, y\u0259ni bu akt\u0131n \u0259n az\u0131ndan funksional anlamda m\u0259nas\u0131z olaca\u011f\u0131n\u0131 v\u0259 \u0259ksin\u0259, bu film\u0259 mara\u011f\u0131n artaca\u011f\u0131n\u0131 ba\u015fa d\u00fc\u015fm\u00fcrd\u00fcl\u0259rmi? Yeri g\u0259lmi\u015fk\u0259n, bu filmin bax\u0131\u015f\u0131na Rusiyan\u0131n \u0259n yax\u0131n m\u00fctt\u0259fiql\u0259ri &#8211; Belarus v\u0259 Erm\u0259nistanda qada\u011fa qoyulmam\u0131\u015fd\u0131, \u00e7ox maraql\u0131d\u0131r, deyilmi?\n<\/p>\n<p>\n  N\u0259hay\u0259t ki, m\u0259n\u0259 komediyadan daha \u00e7ox tragedik t\u0259sir buraxan bu kifay\u0259t q\u0259d\u0259r k\u0259d\u0259rli filmi izl\u0259dim. B\u0259lk\u0259 d\u0259 bu hissi film boyunca s\u0259sl\u0259n\u0259n v\u0259 sanki x\u00fcsusi bir ayr\u0131ca rolda \u00e7\u0131x\u0131\u015f ed\u0259n musiqi g\u0259tirdi &#8211; Mozart\u0131n 23 sayl\u0131 Piano Konsertinin 2-ci hiss\u0259si, Adagio.\n<\/p>\n<p>\n  Filmi Hegelin \u015e\u0259rq haqdak\u0131 m\u0259\u015fhur k\u0259lm\u0259si \u00e7ox g\u00f6z\u0259l xarakteriz\u0259 edir &#8211; &#8220;Orada yaln\u0131z bir adam, despot azadd\u0131r&#8221; &#8211; \u0259slind\u0259 bu fikir b\u00fct\u00fcn tiranik hakimiyy\u0259tl\u0259rin ham\u0131s\u0131na aid edil\u0259 bil\u0259r, burada n\u0259inki \u015e\u0259rq-Q\u0259rb, zaman g\u00f6st\u0259rdi ki, Afrika da aid ola bil\u0259r, bunun x\u00fcsusi bir co\u011frafiyas\u0131 yoxdur.\n<\/p>\n<p>\n  S\u00fcjet x\u0259tti v\u0259 konsepsiya \u00e7ox sad\u0259dir &#8211; filmd\u0259 Sovet \u0130ttifaq\u0131nda d\u00fcz 65 il \u0259vv\u0259l ba\u015f vermi\u015f tarixi hadis\u0259l\u0259r \u0259ksini tap\u0131b, y\u0259ni ad\u0131ndan g\u00f6r\u00fcnd\u00fcy\u00fc kimi 1953-c\u00fc ilin mart\u0131n 5-d\u0259 Stalinin \u00f6l\u00fcm\u00fc v\u0259 onun \u0259traf\u0131nda ba\u015f ver\u0259n olaylar.\n<\/p>\n<p>\n  Burada tarix\u00e7il\u0259r\u0259 yax\u015f\u0131 tan\u0131\u015f olan m\u0259lum tarixi personajlar, Stalinin \u0259n yax\u0131n \u0259traf\u0131 var &#8211; Xru\u015fov, Beria, Molotov, Malenkov, Kaqanovi\u00e7, Bulqanin, Mikoyan, mar\u015fal Jukov, onlardan ba\u015fqa Stalinin \u00f6vladlar\u0131, Svetlana v\u0259 Vasili. Lakin filmd\u0259 epizodik rollarda ke\u00e7s\u0259 d\u0259, iki \u00e7ox xarakterik v\u0259 bir-birin\u0259 tam \u0259kslik t\u0259\u015fkil ed\u0259n qad\u0131n obrazlar\u0131 \u00fcz\u0259rind\u0259 dayanmaq ist\u0259rdim.\n<\/p>\n<p>\n  Film Moskvada bir radio qov\u015fa\u011f\u0131nda konsert s\u0259hn\u0259si il\u0259 ba\u015flay\u0131r. S\u0259hn\u0259d\u0259 orkestr v\u0259 piano\u00e7u xan\u0131m Mozart\u0131n 23 sayl\u0131 Piano Konsertin ifa edir, radio i\u015f\u00e7il\u0259ri is\u0259 onu birba\u015fa translasiya edirl\u0259r. Bu, \u0259slind\u0259 real bir hadis\u0259d\u0259n, o zaman Mayina Yudina (m\u00fcst\u0259sna aktrisa Olga Kirilenkonun ifas\u0131nda, \u0259vv\u0259l onu t\u00fcrk xan\u0131m\u0131 obraz\u0131nda &#8220;The Water Diviner&#8221; filmind\u0259 g\u00f6rm\u00fc\u015fd\u00fck) adl\u0131 bir piano\u00e7u xan\u0131m\u0131n ya\u015fad\u0131\u011f\u0131 olaydand\u0131r. Mariya Yudina m\u00fcst\u0259sna istedadl\u0131 piano\u00e7u olmaqla b\u0259rab\u0259r inancl\u0131 bir qad\u0131n idi, Konservatoriyadan ba\u015fqa Peterburq Universitetini tarix-f\u0259ls\u0259f\u0259 ixtisas\u0131 \u00fczr\u0259 bitirmi\u015f v\u0259 tarixi-ictimai hadis\u0259l\u0259r\u0259 \u00f6z bax\u0131\u015f\u0131 vard\u0131.\n<\/p>\n<p>\n  \u00d6z antisovet v\u0259 dini bax\u0131\u015flar\u0131n\u0131 a\u00e7\u0131q-a\u015fkar h\u0259r yerd\u0259 b\u0259yan ed\u0259n Yudina kimi bir insan\u0131n sovet d\u00f6vr\u00fcnd\u0259 sa\u011f qalmas\u0131, \u00fcmumiyy\u0259tl\u0259, m\u00f6c\u00fcz\u0259 idi, lakin o m\u00fcdhi\u015f zaman\u0131n istisnas\u0131 ba\u015f vermi\u015fdi &#8211; onun ifas\u0131 \u015f\u0259xs\u0259n Stalinin \u00e7ox xo\u015funa g\u0259lirdi. O \u00fczd\u0259n bir \u00e7ox x\u0259b\u0259rdarl\u0131q v\u0259 a\u00e7\u0131q-a\u015fkar h\u0259d\u0259-qorxulara baxmayaraq ona toxunulmam\u0131\u015fd\u0131.\n<\/p>\n<p>\n  Filmd\u0259ki hadis\u0259 d\u0259 reall\u0131qdan g\u00f6t\u00fcr\u00fcl\u00fcb &#8211; bir d\u0259f\u0259 radioda Yudinan\u0131n bir ifas\u0131n\u0131 e\u015fid\u0259n Stalin radio qov\u015fa\u011f\u0131na telefon a\u00e7\u0131b \u0259s\u0259rin val\u0131n\u0131 ist\u0259yir. Val\u0131n yaz\u0131lmad\u0131\u011f\u0131n\u0131 onu bir kims\u0259 dey\u0259 bilmir. Piano\u00e7u xan\u0131m\u0131, orkestri v\u0259 dirijoru gec\u0259 ik\u0259n yata\u011f\u0131ndan qald\u0131r\u0131b s\u0259syazma m\u0259nt\u0259q\u0259sin\u0259 g\u0259tirirl\u0259r. O zaman gec\u0259 insanlar\u0131n qap\u0131s\u0131n\u0131n d\u00f6y\u00fcl\u00fcb sonra hara apar\u0131lmas\u0131n\u0131n n\u0259 dem\u0259k oldu\u011funu indi t\u0259s\u0259vv\u00fcr etm\u0259k bel\u0259 \u00e7\u0259tindir.\n<\/p>\n<figure class=\"wp-block-embed is-type-video is-provider-youtube wp-block-embed-youtube wp-embed-aspect-16-9 wp-has-aspect-ratio\">\n<div class=\"wp-block-embed__wrapper\">\n    <iframe\ttitle=\"\" width=\"1200\" height=\"675\" data-src=\"https:\/\/www.youtube.com\/embed\/watch?v=CPZYNJnjgSs\"\tframeborder=\"0\"\tallow=\"accelerometer; autoplay; clipboard-write; encrypted-media; gyroscope; picture-in-picture\" allowfullscreen src=\"data:image\/svg+xml;base64,PHN2ZyB3aWR0aD0iMSIgaGVpZ2h0PSIxIiB4bWxucz0iaHR0cDovL3d3dy53My5vcmcvMjAwMC9zdmciPjwvc3ZnPg==\" class=\"lazyload\" data-load-mode=\"1\"><\/iframe>\n  <\/div><figcaption><\/figcaption><\/figure>\n<p>\n  \u015eostakovi\u00e7in memuarlar\u0131nda \u0259ksini tapm\u0131\u015f bu s\u0259hn\u0259 tam d\u0259h\u015f\u0259ti ifad\u0259 edir: val\u0131n kimin \u00fc\u00e7\u00fcn yaz\u0131ld\u0131\u011f\u0131n\u0131 anlayan v\u0259 he\u00e7 bir m\u0259\u015fqsiz bel\u0259 bir \u0259s\u0259ri ifa etm\u0259k \u00fc\u00e7\u00fcn g\u0259tiril\u0259n dirijorun h\u0259y\u0259candan \u0259ll\u0259ri \u0259sirmi\u015f, musiqi\u00e7il\u0259rin d\u0259 donuq sif\u0259tl\u0259ri qorxudan ba\u015fqa he\u00e7 n\u0259yi ifad\u0259 etmirmi\u015f. \u00c7ox d\u0259rin \u0259s\u0259b v\u0259 stress ke\u00e7ir\u0259n s\u0259s rejissorlar\u0131n\u0131n s\u0259hn\u0259 arxas\u0131ndan d\u0259f\u0259l\u0259rl\u0259 i\u015far\u0259 etm\u0259yin\u0259 baxmayaraq orkestr \u0259s\u0259r\u0259 da\u011f\u0131n\u0131q ba\u015flay\u0131r, ifa ba\u015f tutmur, dirijorlar\u0131sa \u00fc\u00e7 d\u0259f\u0259 d\u0259yi\u015fm\u0259li olurlar, yaln\u0131z sonuncusu \u00f6z\u00fcn\u00fc \u0259l\u0259 al\u0131b \u0259s\u0259ri sonad\u0259k idar\u0259 etm\u0259yi bacar\u0131r.\n<\/p>\n<figure class=\"wp-block-image size-large\">\n  <img decoding=\"async\" src=\"https:\/\/www.meydan.tv\/az\/mariya-yudina\/\" alt=\"Mariya Yudina\" class=\"wp-image-100401\"\/><figcaption>\n    Mariya Yudina<br \/>\n  <\/figcaption><\/figure>\n<p>\n  O vahim\u0259li gec\u0259d\u0259 \u00f6l\u00fcm\u00fcn\u00fc \u00e7oxdan g\u00f6z\u00fcn\u00fcn alt\u0131na alm\u0131\u015f, tam sakit olan yaln\u0131z solist Mariya Yudina imi\u015f. \u00dcz\u0259rin\u0259 d\u00fc\u015f\u0259n \u0259n \u00e7\u0259tin missiyan\u0131 solist \u00e7ox b\u00f6y\u00fck l\u0259yaq\u0259tl\u0259 yerin\u0259 yetir\u0259nd\u0259n bir ne\u00e7\u0259 g\u00fcn sonra ona 20 min sovet rublu m\u0259bl\u0259\u011find\u0259 m\u00fckafat verilir, deyirl\u0259r ki, bu, Stalind\u0259n m\u00fckafatd\u0131r. Cavab\u0131nda Yudina Stalin\u0259 q\u0131sa bir m\u0259ktub yaz\u0131r:\n<\/p>\n<p>\n  &#8220;Yard\u0131m\u0131n\u0131z \u00fc\u00e7\u00fcn t\u0259\u015f\u0259kk\u00fcr edir\u0259m, \u0130osif Vissarionovi\u00e7, sizin \u00fc\u00e7\u00fcn gec\u0259-g\u00fcnd\u00fcz dua ed\u0259c\u0259k v\u0259 Yaradandan sizin xalq v\u0259 \u00f6lk\u0259 qar\u015f\u0131s\u0131ndak\u0131 g\u00fcnahlar\u0131n\u0131z\u0131 ba\u011f\u0131\u015flamas\u0131n\u0131 dil\u0259y\u0259c\u0259m. R\u0259bbimiz r\u0259hmlidir, ba\u011f\u0131\u015flayar. Verdiyiniz m\u0259bl\u0259\u011fi is\u0259 getdiyimi kils\u0259nin t\u0259mirini \u00fc\u00e7\u00fcn ver\u0259c\u0259y\u0259m&#8221;.\n<\/p>\n<p>\n  Bel\u0259 bir m\u0259ktuba g\u00f6r\u0259 ist\u0259nil\u0259n adam\u0131 \u0259n yax\u015f\u0131 halda g\u00fcll\u0259l\u0259nm\u0259 g\u00f6zl\u0259yirdi, lakin Yudinaya toxunan olmur, o, l\u0259yaq\u0259tl\u0259 \u00f6z s\u0259n\u0259ti il\u0259 m\u0259\u015f\u011ful olur, Sovet \u0130ttifaq\u0131n\u0131n say-se\u00e7m\u0259 piano\u00e7usu kimi \u015f\u00f6hr\u0259t qazan\u0131r. \u00d6mr\u00fcn\u00fcn sonuna kimi d\u0259 kommunizm\u0259, \u015f\u0259xs\u0259n Stalin\u0259, Sovet \u0130ttifaq\u0131ndak\u0131 siyasi sistem\u0259 d\u0259rin ikrah hissini he\u00e7 bir zaman gizl\u0259tmir.\n<\/p>\n<p>\n  V\u0259 maraql\u0131d\u0131r ki, buna r\u0259\u011fm\u0259n he\u00e7 zaman b\u00f6y\u00fck repressiyalarla, h\u0259tta pe\u015f\u0259sind\u0259n uzaqla\u015fd\u0131r\u0131lmaqla da c\u0259zaland\u0131r\u0131lm\u0131r, h\u0259r \u015fey\u0259 lap \u00f6nc\u0259d\u0259n daxil\u0259n haz\u0131r oldu\u011fu \u00fc\u00e7\u00fcn ona x\u00fcsusi m\u00fcnasib\u0259t vard\u0131. Filmd\u0259 m\u0259hz onun obraz\u0131n\u0131n istisna kimi canland\u0131r\u0131lmas\u0131 \u00e7ox xarakterikdir &#8211; dem\u0259k ist\u0259nil\u0259n, h\u0259tta \u0259n d\u0259h\u015f\u0259tli totalitar sistem\u0259 r\u0259\u011fm\u0259n l\u0259yaq\u0259tli \u00f6m\u00fcr s\u00fcrm\u0259k m\u00fcmk\u00fcnm\u00fc\u015f&#8230;\n<\/p>\n<\/p>\n<p>\n  Filmd\u0259ki ikinci spesifik qad\u0131n obraz\u0131 is\u0259 sovetl\u0259rin 2-ci r\u0259smi \u015f\u0259xsi Molotovun h\u0259yat yolda\u015f\u0131, uzun zaman sovetl\u0259rin 1-ci xan\u0131m\u0131 hesab edil\u0259n Polina Jem\u00e7ujina idi. Bu qad\u0131n 1918-ci ild\u0259n Kommunist Partiyas\u0131n\u0131n \u00fczv\u00fc v\u0259 alovlu bol\u015fevik idi, lakin b\u00fct\u00fcn bunlara baxmayaraq h\u0259bs edilmi\u015fdi. S\u0259b\u0259bi d\u0259 \u00e7ox sad\u0259 idi.\n<\/p>\n<p>\n  D\u00fcz 70 il \u0259vv\u0259l 14 may 1948-ci ild\u0259 Sovetl\u0259rin b\u00f6y\u00fck d\u0259st\u0259yi il\u0259 Yax\u0131n \u015e\u0259rqd\u0259 \u0130srail d\u00f6vl\u0259ti yarad\u0131ld\u0131. \u00c7ox maraql\u0131 idi ki, bununla yana\u015f\u0131 \u00f6lk\u0259 daxilind\u0259 sionizm az qala fa\u015fizm\u0259 b\u0259rab\u0259r tutulurdu. Bel\u0259 ki, 1948-in pay\u0131z\u0131nda Molotov sovetl\u0259ri t\u0259msil ed\u0259n r\u0259smi \u015f\u0259xs qismind\u0259 Golda Meir v\u0259 ba\u015fqa y\u0259hudi diplomatlarla g\u00f6r\u00fc\u015f\u00fcr, sonra is\u0259 onlar\u0131 \u00f6z evind\u0259 q\u0259bul edir v\u0259 burada t\u0259bii olaraq y\u0259hudi m\u0259n\u015f\u0259li Polina da i\u015ftirak edir.\n<\/p>\n<p>\n  Bu hadis\u0259d\u0259n x\u0259b\u0259r tutan Stalin c\u00fctl\u00fcy\u0259 \u00e7ox b\u0259rk q\u0259z\u0259bl\u0259nir, Kremld\u0259, Politb\u00fcroda Polinan\u0131n sionistl\u0259rl\u0259 \u0259laq\u0259si v\u0259 siyasi say\u0131ql\u0131\u011f\u0131 m\u00fczakir\u0259 edilir &#8211; ba\u015fl\u0131ca ideyas\u0131 sinoizm, y\u0259ni y\u0259hudil\u0259rin \u00f6z q\u0259dim m\u0259sk\u0259nl\u0259rin\u0259 qay\u0131tmas\u0131 ideyas\u0131nn canl\u0131 m\u00fcc\u0259ssim\u0259si \u0130srail d\u00f6vl\u0259ti d\u0259 bu zaman r\u0259sm\u0259n sovetl\u0259rin kreaturas\u0131 idi, sovetl\u0259r y\u0259hudi d\u00f6vl\u0259tinin yaranmas\u0131ndan sonra ona silah-sursatla yard\u0131m ed\u0259n \u0259n ba\u015fl\u0131ca \u00f6lk\u0259 idi.\n<\/p>\n<p>\n  M\u00fczakir\u0259l\u0259r n\u0259tic\u0259sind\u0259 Polinan\u0131n partiyadan \u00e7\u0131xar\u0131lma m\u0259s\u0259l\u0259si (bu o zaman \u00f6l\u00fcm h\u00f6km\u00fcn\u0259 b\u0259rab\u0259r idi) s\u0259s\u0259 qoyulur, t\u0259bii ki, ham\u0131 buna s\u0259s verir, yaln\u0131z m\u00fczakir\u0259 zaman\u0131 s\u0259sini \u00e7\u0131xarma\u011fa bel\u0259 c\u0259sar\u0259t etm\u0259y\u0259n Molotov s\u0259sverm\u0259 zaman\u0131 bit\u0259r\u0259f qal\u0131r \u2013 bu, Stalinin tamamil\u0259 cinl\u0259ndirir.\n<\/p>\n<p>\n  Molotov v\u0259ziyy\u0259tin n\u0259 q\u0259d\u0259r qorxunc oldu\u011funu ba\u015fa d\u00fc\u015f\u0259r\u0259k ona yalvar\u0131\u015f dolu m\u0259ktublar yaz\u0131r, \u00f6z\u00fcn\u00fcn g\u00fcnahkar oldu\u011funu deyir, h\u0259yat yolda\u015f\u0131n\u0131n partiyadan \u00e7\u0131xar\u0131lmas\u0131n\u0131 ist\u0259diyini, bu i\u015fd\u0259 \u00f6z\u00fcn\u00fcn d\u0259 g\u00fcnahkar oldu\u011funu dayanmadan yaz\u0131r. Sonda Stalin onu yan\u0131na \u00e7a\u011f\u0131r\u0131b deyir ki, onun (y\u0259ni Polinan\u0131n) g\u00fcnahlar\u0131 yuyula bilm\u0259z, partiyaya x\u0259yan\u0259t ba\u011f\u0131\u015flanm\u0131r, siz ayr\u0131lmal\u0131s\u0131n\u0131z. Molotov s\u00f6hb\u0259td\u0259n sonra ev\u0259 qay\u0131d\u0131r v\u0259 27 il bir yerd\u0259 \u00f6m\u00fcr s\u00fcrd\u00fcy\u00fc h\u0259yat yolad\u0131\u015f\u0131ndan ayr\u0131l\u0131r, bunun \u00fcst\u00fcnd\u0259n bir h\u0259ft\u0259 ke\u00e7m\u0259mi\u015f Polina h\u0259bs edilir.\n<\/p>\n<figure class=\"wp-block-image size-large\">\n  <img decoding=\"async\" src=\"https:\/\/www.meydan.tv\/az\/stalin-ve-polina\/\" alt=\"Stalin v\u0259 Polina\" class=\"wp-image-100404\"\/><figcaption>\n    Stalin v\u0259 Polina<br \/>\n  <\/figcaption><\/figure>\n<p>\n  1949-cu ild\u0259n Stalinin \u00f6l\u00fcm\u00fcn\u0259 q\u0259d\u0259r sovet d\u00fc\u015f\u0259rg\u0259l\u0259rind\u0259 qalm\u0131\u015f Polina haqda Molotov uzun ill\u0259r birc\u0259 d\u0259f\u0259 d\u0259 s\u00f6z a\u00e7m\u0131r, deyil\u0259n\u0259 g\u00f6r\u0259 yaln\u0131z h\u0259rd\u0259n Beriya onun qula\u011fna &#8220;Polina sa\u011fd\u0131r&#8221; p\u0131\u00e7\u0131lday\u0131rm\u0131\u015f. Stalinin \u00f6l\u00fcm\u00fcnd\u0259n d\u0259rhal sonra azad edil\u0259n Polina Moskvaya g\u0259tirilir v\u0259 \u0259ri il\u0259 g\u00f6r\u00fc\u015f\u00fcr.\n<\/p>\n<p>\n  Lakin ba\u015f\u0131na g\u0259l\u0259nl\u0259r\u0259 r\u0259\u011fm\u0259n bu qad\u0131n \u00f6mr\u00fcn\u00fcn sonuna kimi stalinist olaraq qal\u0131r, 60-c\u0131 ill\u0259rd\u0259 sovetl\u0259rd\u0259ki qism\u0259n yum\u015falmaya da nifr\u0259tini gizl\u0259tmir. Dem\u0259k totalitar sisteml\u0259r h\u0259m d\u0259 psixoloji fenomendir &#8211; onlar\u0131n yeni insan tipi yarada bilm\u0259k kimi x\u00fcsusiyy\u0259tl\u0259ri d\u0259 vard\u0131r (\u015eimali Koreyan\u0131n misal\u0131nda buna \u0259min ola bil\u0259rik) v\u0259 homo soveticus sovetl\u0259rin \u00f6l\u00fcm\u00fcnd\u0259n sonra da h\u0259l\u0259 \u00e7ox uzun m\u00fcdd\u0259t ya\u015fayacaqd\u0131r.\n<\/p>\n<p>\n  Filmd\u0259 bu iki tamamil\u0259 \u0259ks xarakterli, real h\u0259yatdan g\u00f6t\u00fcr\u00fclm\u00fc\u015f qad\u0131nlar\u0131n t\u0259zadl\u0131 obraz\u0131 d\u0259rin m\u0259na dan\u0131\u015f\u0131y\u0131r.<br \/>\n  <br \/>\n  Az\u0259rbaycanda bu filmin h\u0259tta Belarus v\u0259 Erm\u0259nistana r\u0259\u011fm\u0259n n\u00fcmayi\u015finin qada\u011fan edilm\u0259sinin hans\u0131sa m\u0259ntiqi izah\u0131n\u0131 \u00e7\u0259tin ki, kims\u0259 izah ed\u0259 bil\u0259r. Lakin \u00e7ox maraql\u0131d\u0131r ki, \u00f6mr\u00fcboyu Q\u0259rbi &#8220;ikili standartlar&#8221;a g\u00f6r\u0259 ittiham ed\u0259n hakimiyy\u0259t Putinin bir ne\u00e7\u0259 g\u00fcn \u00f6nc\u0259ki b\u0259yanat\u0131nda ke\u00e7mi\u015f Sovet \u0130ttifaq\u0131n Rusiyan\u0131n \u0259razisi olmas\u0131 haqda a\u00e7\u0131q-a\u015fkar s\u0259sl\u0259nmi\u015f fikir\u0259 \u0259sla cavab verm\u0259di v\u0259 ver\u0259 d\u0259 bilm\u0259zdi. Maraql\u0131d\u0131r, biz art\u0131q r\u0259sm\u0259n Rusiyan\u0131n protektorat\u0131y\u0131qm\u0131, yoxsa bunun r\u0259smil\u0259\u015fdirilm\u0259si sonraya burax\u0131l\u0131b? Zat\u0259n Putinin d\u00fcnyaya y\u00f6n\u0259lik a\u00e7\u0131r-a\u015fkar h\u0259d\u0259-qorxu v\u0259 h\u0259rb\u0259-zorba dolu b\u0259yanat\u0131 fonunda bu suallar \u0259b\u0259sdir.\n<\/p>\n<p>\n  Ba\u015f ver\u0259nl\u0259rin fonunda tamamil\u0259 ba\u015fqa sual aktuald\u0131r &#8211; \u00f6l\u00fcm\u00fcnd\u0259n bu g\u00fcn 65 il \u00f6t\u0259n Stalin, do\u011frudan da, \u00f6l\u00fcbm\u00fc?\n<\/p>\n<p>\n  <i><br \/>\n    <b><br \/>\n      Yaz\u0131 m\u00fc\u0259llifin fikirl\u0259rini \u0259ks etdirir v\u0259 Meydan TV-nin m\u00f6vqeyi il\u0259 \u00fcst-\u00fcst\u0259 d\u00fc\u015fm\u0259y\u0259 bil\u0259r.<br \/>\n    <\/b><br \/>\n  <\/i><\/p>\n","protected":false},"excerpt":{"rendered":"<p>Yaln\u0131z despotun azad oldu\u011fu m\u0259kan<\/p>\n","protected":false},"author":11,"featured_media":100398,"comment_status":"closed","ping_status":"open","sticky":false,"template":"","format":"standard","meta":{"_acf_changed":false,"_sitemap_exclude":false,"_sitemap_priority":"","_sitemap_frequency":"","footnotes":""},"categories":[57],"tags":[],"class_list":["post-188967","post","type-post","status-publish","format-standard","has-post-thumbnail","hentry","category-menim-fikrimce","infinite-scroll-item","generate-columns","tablet-grid-50","mobile-grid-100","grid-parent","grid-33","no-featured-image-padding"],"acf":[],"yoast_head":"<!-- This site is optimized with the Yoast SEO plugin v27.5 - https:\/\/yoast.com\/product\/yoast-seo-wordpress\/ -->\n<title>Stalinin \u00f6l\u00fcm\u00fc? - MEYDAN.TV<\/title>\n<meta name=\"robots\" content=\"index, follow, max-snippet:-1, max-image-preview:large, max-video-preview:-1\" \/>\n<link rel=\"canonical\" href=\"https:\/\/www.meydan.tv\/az\/article\/stalinin-olumu\/\" \/>\n<meta property=\"og:locale\" content=\"az_AZ\" \/>\n<meta property=\"og:type\" content=\"article\" \/>\n<meta property=\"og:title\" content=\"Stalinin \u00f6l\u00fcm\u00fc? - MEYDAN.TV\" \/>\n<meta property=\"og:description\" content=\"Yaln\u0131z despotun azad oldu\u011fu m\u0259kan\" \/>\n<meta property=\"og:url\" content=\"https:\/\/www.meydan.tv\/az\/article\/stalinin-olumu\/\" \/>\n<meta property=\"og:site_name\" content=\"MEYDAN.TV\" \/>\n<meta property=\"article:published_time\" content=\"2018-03-05T16:16:26+00:00\" \/>\n<meta property=\"og:image\" content=\"https:\/\/www.meydan.tv\/wp-content\/uploads\/39720.jpg\" \/>\n\t<meta property=\"og:image:width\" content=\"1023\" \/>\n\t<meta property=\"og:image:height\" content=\"575\" \/>\n\t<meta property=\"og:image:type\" content=\"image\/jpeg\" \/>\n<meta name=\"author\" content=\"user-manager\" \/>\n<meta name=\"twitter:card\" content=\"summary_large_image\" \/>\n<script type=\"application\/ld+json\" class=\"yoast-schema-graph\">{\"@context\":\"https:\\\/\\\/schema.org\",\"@graph\":[{\"@type\":\"Article\",\"@id\":\"https:\\\/\\\/www.meydan.tv\\\/az\\\/article\\\/stalinin-olumu\\\/#article\",\"isPartOf\":{\"@id\":\"https:\\\/\\\/www.meydan.tv\\\/az\\\/article\\\/stalinin-olumu\\\/\"},\"author\":{\"name\":\"user-manager\",\"@id\":\"https:\\\/\\\/www.meydan.tv\\\/az\\\/#\\\/schema\\\/person\\\/10d11eccf6da3662cf5fdab9806ea91a\"},\"headline\":\"Stalinin \u00f6l\u00fcm\u00fc?\",\"datePublished\":\"2018-03-05T16:16:26+00:00\",\"mainEntityOfPage\":{\"@id\":\"https:\\\/\\\/www.meydan.tv\\\/az\\\/article\\\/stalinin-olumu\\\/\"},\"wordCount\":1936,\"publisher\":{\"@id\":\"https:\\\/\\\/www.meydan.tv\\\/az\\\/#organization\"},\"image\":{\"@id\":\"https:\\\/\\\/www.meydan.tv\\\/az\\\/article\\\/stalinin-olumu\\\/#primaryimage\"},\"thumbnailUrl\":\"https:\\\/\\\/www.meydan.tv\\\/wp-content\\\/uploads\\\/39720.jpg\",\"articleSection\":[\"M\u0259nim Fikrimc\u0259\"],\"inLanguage\":\"az\"},{\"@type\":\"WebPage\",\"@id\":\"https:\\\/\\\/www.meydan.tv\\\/az\\\/article\\\/stalinin-olumu\\\/\",\"url\":\"https:\\\/\\\/www.meydan.tv\\\/az\\\/article\\\/stalinin-olumu\\\/\",\"name\":\"Stalinin \u00f6l\u00fcm\u00fc? - MEYDAN.TV\",\"isPartOf\":{\"@id\":\"https:\\\/\\\/www.meydan.tv\\\/az\\\/#website\"},\"primaryImageOfPage\":{\"@id\":\"https:\\\/\\\/www.meydan.tv\\\/az\\\/article\\\/stalinin-olumu\\\/#primaryimage\"},\"image\":{\"@id\":\"https:\\\/\\\/www.meydan.tv\\\/az\\\/article\\\/stalinin-olumu\\\/#primaryimage\"},\"thumbnailUrl\":\"https:\\\/\\\/www.meydan.tv\\\/wp-content\\\/uploads\\\/39720.jpg\",\"datePublished\":\"2018-03-05T16:16:26+00:00\",\"breadcrumb\":{\"@id\":\"https:\\\/\\\/www.meydan.tv\\\/az\\\/article\\\/stalinin-olumu\\\/#breadcrumb\"},\"inLanguage\":\"az\",\"potentialAction\":[{\"@type\":\"ReadAction\",\"target\":[\"https:\\\/\\\/www.meydan.tv\\\/az\\\/article\\\/stalinin-olumu\\\/\"]}]},{\"@type\":\"ImageObject\",\"inLanguage\":\"az\",\"@id\":\"https:\\\/\\\/www.meydan.tv\\\/az\\\/article\\\/stalinin-olumu\\\/#primaryimage\",\"url\":\"https:\\\/\\\/www.meydan.tv\\\/wp-content\\\/uploads\\\/39720.jpg\",\"contentUrl\":\"https:\\\/\\\/www.meydan.tv\\\/wp-content\\\/uploads\\\/39720.jpg\",\"width\":1023,\"height\":575,\"caption\":\"Source:\"},{\"@type\":\"BreadcrumbList\",\"@id\":\"https:\\\/\\\/www.meydan.tv\\\/az\\\/article\\\/stalinin-olumu\\\/#breadcrumb\",\"itemListElement\":[{\"@type\":\"ListItem\",\"position\":1,\"name\":\"Ana s\u0259hif\u0259\",\"item\":\"https:\\\/\\\/www.meydan.tv\\\/az\\\/\"},{\"@type\":\"ListItem\",\"position\":2,\"name\":\"M\u0259nim Fikrimc\u0259\",\"item\":\"https:\\\/\\\/www.meydan.tv\\\/az\\\/section\\\/menim-fikrimce\\\/\"},{\"@type\":\"ListItem\",\"position\":3,\"name\":\"Stalinin \u00f6l\u00fcm\u00fc?\"}]},{\"@type\":\"WebSite\",\"@id\":\"https:\\\/\\\/www.meydan.tv\\\/az\\\/#website\",\"url\":\"https:\\\/\\\/www.meydan.tv\\\/az\\\/\",\"name\":\"MEYDAN.TV\",\"description\":\"Meydan TV Az\u0259rbaycan\u0131n media m\u0259kan\u0131ndak\u0131 alternativ s\u0259sidir\",\"publisher\":{\"@id\":\"https:\\\/\\\/www.meydan.tv\\\/az\\\/#organization\"},\"potentialAction\":[{\"@type\":\"SearchAction\",\"target\":{\"@type\":\"EntryPoint\",\"urlTemplate\":\"https:\\\/\\\/www.meydan.tv\\\/az\\\/?s={search_term_string}\"},\"query-input\":{\"@type\":\"PropertyValueSpecification\",\"valueRequired\":true,\"valueName\":\"search_term_string\"}}],\"inLanguage\":\"az\"},{\"@type\":\"Organization\",\"@id\":\"https:\\\/\\\/www.meydan.tv\\\/az\\\/#organization\",\"name\":\"Meydan TV\",\"url\":\"https:\\\/\\\/www.meydan.tv\\\/az\\\/\",\"logo\":{\"@type\":\"ImageObject\",\"inLanguage\":\"az\",\"@id\":\"https:\\\/\\\/www.meydan.tv\\\/az\\\/#\\\/schema\\\/logo\\\/image\\\/\",\"url\":\"https:\\\/\\\/www.meydan.tv\\\/wp-content\\\/uploads\\\/2021\\\/07\\\/meydan-logo.svg\",\"contentUrl\":\"https:\\\/\\\/www.meydan.tv\\\/wp-content\\\/uploads\\\/2021\\\/07\\\/meydan-logo.svg\",\"width\":195,\"height\":46,\"caption\":\"Meydan TV\"},\"image\":{\"@id\":\"https:\\\/\\\/www.meydan.tv\\\/az\\\/#\\\/schema\\\/logo\\\/image\\\/\"}},{\"@type\":\"Person\",\"@id\":\"https:\\\/\\\/www.meydan.tv\\\/az\\\/#\\\/schema\\\/person\\\/10d11eccf6da3662cf5fdab9806ea91a\",\"name\":\"user-manager\"}]}<\/script>\n<!-- \/ Yoast SEO plugin. -->","yoast_head_json":{"title":"Stalinin \u00f6l\u00fcm\u00fc? - MEYDAN.TV","robots":{"index":"index","follow":"follow","max-snippet":"max-snippet:-1","max-image-preview":"max-image-preview:large","max-video-preview":"max-video-preview:-1"},"canonical":"https:\/\/www.meydan.tv\/az\/article\/stalinin-olumu\/","og_locale":"az_AZ","og_type":"article","og_title":"Stalinin \u00f6l\u00fcm\u00fc? - MEYDAN.TV","og_description":"Yaln\u0131z despotun azad oldu\u011fu m\u0259kan","og_url":"https:\/\/www.meydan.tv\/az\/article\/stalinin-olumu\/","og_site_name":"MEYDAN.TV","article_published_time":"2018-03-05T16:16:26+00:00","og_image":[{"width":1023,"height":575,"url":"https:\/\/www.meydan.tv\/wp-content\/uploads\/39720.jpg","type":"image\/jpeg"}],"author":"user-manager","twitter_card":"summary_large_image","schema":{"@context":"https:\/\/schema.org","@graph":[{"@type":"Article","@id":"https:\/\/www.meydan.tv\/az\/article\/stalinin-olumu\/#article","isPartOf":{"@id":"https:\/\/www.meydan.tv\/az\/article\/stalinin-olumu\/"},"author":{"name":"user-manager","@id":"https:\/\/www.meydan.tv\/az\/#\/schema\/person\/10d11eccf6da3662cf5fdab9806ea91a"},"headline":"Stalinin \u00f6l\u00fcm\u00fc?","datePublished":"2018-03-05T16:16:26+00:00","mainEntityOfPage":{"@id":"https:\/\/www.meydan.tv\/az\/article\/stalinin-olumu\/"},"wordCount":1936,"publisher":{"@id":"https:\/\/www.meydan.tv\/az\/#organization"},"image":{"@id":"https:\/\/www.meydan.tv\/az\/article\/stalinin-olumu\/#primaryimage"},"thumbnailUrl":"https:\/\/www.meydan.tv\/wp-content\/uploads\/39720.jpg","articleSection":["M\u0259nim Fikrimc\u0259"],"inLanguage":"az"},{"@type":"WebPage","@id":"https:\/\/www.meydan.tv\/az\/article\/stalinin-olumu\/","url":"https:\/\/www.meydan.tv\/az\/article\/stalinin-olumu\/","name":"Stalinin \u00f6l\u00fcm\u00fc? - MEYDAN.TV","isPartOf":{"@id":"https:\/\/www.meydan.tv\/az\/#website"},"primaryImageOfPage":{"@id":"https:\/\/www.meydan.tv\/az\/article\/stalinin-olumu\/#primaryimage"},"image":{"@id":"https:\/\/www.meydan.tv\/az\/article\/stalinin-olumu\/#primaryimage"},"thumbnailUrl":"https:\/\/www.meydan.tv\/wp-content\/uploads\/39720.jpg","datePublished":"2018-03-05T16:16:26+00:00","breadcrumb":{"@id":"https:\/\/www.meydan.tv\/az\/article\/stalinin-olumu\/#breadcrumb"},"inLanguage":"az","potentialAction":[{"@type":"ReadAction","target":["https:\/\/www.meydan.tv\/az\/article\/stalinin-olumu\/"]}]},{"@type":"ImageObject","inLanguage":"az","@id":"https:\/\/www.meydan.tv\/az\/article\/stalinin-olumu\/#primaryimage","url":"https:\/\/www.meydan.tv\/wp-content\/uploads\/39720.jpg","contentUrl":"https:\/\/www.meydan.tv\/wp-content\/uploads\/39720.jpg","width":1023,"height":575,"caption":"Source:"},{"@type":"BreadcrumbList","@id":"https:\/\/www.meydan.tv\/az\/article\/stalinin-olumu\/#breadcrumb","itemListElement":[{"@type":"ListItem","position":1,"name":"Ana s\u0259hif\u0259","item":"https:\/\/www.meydan.tv\/az\/"},{"@type":"ListItem","position":2,"name":"M\u0259nim Fikrimc\u0259","item":"https:\/\/www.meydan.tv\/az\/section\/menim-fikrimce\/"},{"@type":"ListItem","position":3,"name":"Stalinin \u00f6l\u00fcm\u00fc?"}]},{"@type":"WebSite","@id":"https:\/\/www.meydan.tv\/az\/#website","url":"https:\/\/www.meydan.tv\/az\/","name":"MEYDAN.TV","description":"Meydan TV Az\u0259rbaycan\u0131n media m\u0259kan\u0131ndak\u0131 alternativ s\u0259sidir","publisher":{"@id":"https:\/\/www.meydan.tv\/az\/#organization"},"potentialAction":[{"@type":"SearchAction","target":{"@type":"EntryPoint","urlTemplate":"https:\/\/www.meydan.tv\/az\/?s={search_term_string}"},"query-input":{"@type":"PropertyValueSpecification","valueRequired":true,"valueName":"search_term_string"}}],"inLanguage":"az"},{"@type":"Organization","@id":"https:\/\/www.meydan.tv\/az\/#organization","name":"Meydan TV","url":"https:\/\/www.meydan.tv\/az\/","logo":{"@type":"ImageObject","inLanguage":"az","@id":"https:\/\/www.meydan.tv\/az\/#\/schema\/logo\/image\/","url":"https:\/\/www.meydan.tv\/wp-content\/uploads\/2021\/07\/meydan-logo.svg","contentUrl":"https:\/\/www.meydan.tv\/wp-content\/uploads\/2021\/07\/meydan-logo.svg","width":195,"height":46,"caption":"Meydan TV"},"image":{"@id":"https:\/\/www.meydan.tv\/az\/#\/schema\/logo\/image\/"}},{"@type":"Person","@id":"https:\/\/www.meydan.tv\/az\/#\/schema\/person\/10d11eccf6da3662cf5fdab9806ea91a","name":"user-manager"}]}},"_links":{"self":[{"href":"https:\/\/www.meydan.tv\/az\/wp-json\/wp\/v2\/posts\/188967","targetHints":{"allow":["GET"]}}],"collection":[{"href":"https:\/\/www.meydan.tv\/az\/wp-json\/wp\/v2\/posts"}],"about":[{"href":"https:\/\/www.meydan.tv\/az\/wp-json\/wp\/v2\/types\/post"}],"author":[{"embeddable":true,"href":"https:\/\/www.meydan.tv\/az\/wp-json\/wp\/v2\/users\/11"}],"replies":[{"embeddable":true,"href":"https:\/\/www.meydan.tv\/az\/wp-json\/wp\/v2\/comments?post=188967"}],"version-history":[{"count":0,"href":"https:\/\/www.meydan.tv\/az\/wp-json\/wp\/v2\/posts\/188967\/revisions"}],"wp:featuredmedia":[{"embeddable":true,"href":"https:\/\/www.meydan.tv\/az\/wp-json\/wp\/v2\/media\/100398"}],"wp:attachment":[{"href":"https:\/\/www.meydan.tv\/az\/wp-json\/wp\/v2\/media?parent=188967"}],"wp:term":[{"taxonomy":"category","embeddable":true,"href":"https:\/\/www.meydan.tv\/az\/wp-json\/wp\/v2\/categories?post=188967"},{"taxonomy":"post_tag","embeddable":true,"href":"https:\/\/www.meydan.tv\/az\/wp-json\/wp\/v2\/tags?post=188967"}],"curies":[{"name":"wp","href":"https:\/\/api.w.org\/{rel}","templated":true}]}}