{"id":188959,"date":"2018-03-05T00:56:17","date_gmt":"2018-03-05T00:56:17","guid":{"rendered":"https:\/\/www.meydan.tv\/article\/esl-felaket\/"},"modified":"2018-03-05T00:56:17","modified_gmt":"2018-03-05T00:56:17","slug":"esl-felaket","status":"publish","type":"post","link":"https:\/\/www.meydan.tv\/az\/article\/esl-felaket\/","title":{"rendered":"\u018fsl f\u0259lak\u0259t"},"content":{"rendered":"<figure class=\"wp-block-image size-large\">\n  <img decoding=\"async\" src=\"https:\/\/www.meydan.tv\/az\/narkoloji-merkez\/\" alt=\"Narkoloji M\u0259rk\u0259z\" class=\"wp-image-100386\"\/><figcaption>\n    Narkoloji M\u0259rk\u0259z<br \/>\n  <\/figcaption><\/figure>\n<p>\n  30 dekabr 1903-c\u00fc il, \u00c7ikaqo \u015f\u0259h\u0259ri, Amerika Birl\u0259\u015fmi\u015f \u015etatlar\u0131. \u201c\u0130rokez\u201d teatr\u0131nda o zamanlar populyar olan \u201cDrury Lane\u201d m\u00fczikli oynan\u0131l\u0131r. 1602 n\u0259f\u0259r \u00fc\u00e7\u00fcn n\u0259z\u0259rd\u0259 tutulan teatr binas\u0131nda 2 mind\u0259n art\u0131q tama\u015fa\u00e7\u0131 var. Ay i\u015f\u0131\u011f\u0131n\u0131 imitasiya ed\u0259n asetilen lampadan saat 15.15-d\u0259 s\u0131\u00e7rayan q\u0131\u011f\u0131lc\u0131m n\u0259tic\u0259sind\u0259 s\u0259hn\u0259d\u0259ki p\u0259rd\u0259l\u0259rd\u0259n biri yanma\u011fa ba\u015flay\u0131r.\n<\/p>\n<p>\n  Tama\u015fa\u00e7\u0131lar \u0259vv\u0259lc\u0259 bunu s\u00fcjetin t\u0259rkib hiss\u0259si z\u0259nn edirl\u0259r, h\u0259tta b\u0259zil\u0259ri \u0259l \u00e7al\u0131r. Lakin az sonra h\u0259qiqi yan\u011f\u0131n oldu\u011fu ayd\u0131nla\u015f\u0131r v\u0259 d\u0259h\u015f\u0259tli bir t\u0259la\u015f ya\u015fan\u0131r. M\u0259hz bu t\u0259la\u015f v\u0259 yan\u011f\u0131n\u0131n s\u00fcr\u0259tl\u0259 yay\u0131lmas\u0131 n\u0259tic\u0259sind\u0259 600-d\u0259n \u00e7ox insan h\u0259lak olur.\n<\/p>\n<p>\n  Apar\u0131lan istintaq faci\u0259nin bir ne\u00e7\u0259 s\u0259b\u0259bini ortaya \u00e7\u0131xar\u0131r. M\u0259lum olur ki, bu s\u0259b\u0259bl\u0259rd\u0259n biri d\u0259 \u00e7\u0131x\u0131\u015f qap\u0131lar\u0131n\u0131n i\u00e7\u0259riy\u0259 a\u00e7\u0131lmas\u0131d\u0131r. Bel\u0259 ki, b\u0259zi qap\u0131lara ilk yeti\u015f\u0259nl\u0259r onlar\u0131 a\u00e7ma\u011fa macal tapmam\u0131\u015f arxadan g\u0259l\u0259nl\u0259rin t\u0259zyiqi il\u0259 qap\u0131ya s\u0131x\u0131lm\u0131\u015flar. N\u0259tic\u0259d\u0259 qap\u0131lar\u0131n a\u00e7\u0131lmas\u0131 qeyri-m\u00fcmk\u00fcn olmu\u015fdur.\n<\/p>\n<p>\n  \u201c\u0130rokez\u201d faci\u0259si teatr v\u0259 bu tipli m\u0259kanlarda yan\u011f\u0131n t\u0259hl\u00fck\u0259sizliyi qaydalar\u0131nda ciddi d\u0259yi\u015fiklikl\u0259r\u0259 s\u0259b\u0259b oldu. Bu d\u0259yi\u015fiklikl\u0259rd\u0259n biri d\u0259 \u00e7\u0131x\u0131\u015f qap\u0131lar\u0131n\u0131n daha asan v\u0259 m\u00fctl\u0259q \u00e7\u00f6l t\u0259r\u0259f\u0259 a\u00e7\u0131lmas\u0131 qaydas\u0131 idi.\n<\/p>\n<p>\n  Bu hadis\u0259 haqq\u0131nda ilk d\u0259f\u0259 oxuyanda faci\u0259d\u0259n 100 il\u0259 yax\u0131n vaxt ke\u00e7irdi. \u201cG\u00f6r\u0259s\u0259n bizd\u0259 d\u0259 qap\u0131lar\u0131n m\u00fctl\u0259q \u00e7\u00f6l\u0259 a\u00e7\u0131lmas\u0131 qaydas\u0131 varm\u0131\u201d sual\u0131 beynimd\u0259n ke\u00e7s\u0259 d\u0259, \u015eerlok Holms diqq\u0259tcilliyi il\u0259 se\u00e7ilm\u0259diyimd\u0259n o zamana q\u0259d\u0259r oldu\u011fum analoji binalarda qap\u0131lar\u0131n hans\u0131 t\u0259r\u0259f\u0259 a\u00e7\u0131ld\u0131\u011f\u0131n\u0131 xat\u0131rlaya bilm\u0259dim. Lakin tezlikl\u0259 bu bo\u015flu\u011fu doldurmaq imkan\u0131 qazand\u0131m.\n<\/p>\n<p>\n  O zaman L\u0259nk\u0259ran D\u00f6vl\u0259t Universitetind\u0259 d\u0259rs dediyim ilk ill\u0259r idi. Bir g\u00fcn 28 May G\u00fcn\u00fc m\u00fcnasib\u0259til\u0259 \u015f\u0259h\u0259r teatr\u0131n\u0131n binas\u0131nda t\u0259dbir olaca\u011f\u0131n\u0131 dedil\u0259r. Dig\u0259r siyasi toplant\u0131lardan f\u0259rqli olaraq bu t\u0259dbird\u0259 i\u015ftirak etm\u0259k q\u0259rar\u0131na g\u0259ldim. Toplant\u0131 ba\u015flayandan az sonra is\u0259 C\u00fcmhuriyy\u0259t v\u0259 onun xadiml\u0259rini deyil, \u00e7a\u011fda\u015f hakimiyy\u0259tin v\u0259sf edildiyini g\u00f6rd\u00fckd\u0259, t\u0259rk etm\u0259k q\u0259rar\u0131na g\u0259ldim. Lakin binan\u0131n qap\u0131s\u0131 q\u0131f\u0131lla ba\u011fl\u0131 idi!\n<\/p>\n<p>\n  \u0130\u015f\u00e7il\u0259rd\u0259n biri izah etdi ki, bel\u0259 hal ictimai-siyasi t\u0259dbirl\u0259r zaman\u0131 adi qaydad\u0131r. Bu, ona g\u00f6r\u0259 edilir ki, b\u00fcdc\u0259 t\u0259\u015fkilatlar\u0131nda i\u015fl\u0259y\u0259nl\u0259r \u00f6zl\u0259rini r\u0259hb\u0259rliy\u0259 g\u00f6st\u0259r\u0259nd\u0259n sonra aradan \u00e7\u0131xmas\u0131nlar. Uzun s\u00f6z\u00fcn q\u0131sas\u0131, uzun \u00e7\u0259k-\u00e7evird\u0259n sonra, yan\u011f\u0131n v\u0259 z\u0259lz\u0259l\u0259 t\u0259hl\u00fck\u0259sind\u0259n ba\u015flay\u0131b insan h\u00fcquq v\u0259 azadl\u0131qlar\u0131na q\u0259d\u0259r m\u0259s\u0259l\u0259l\u0259ri xat\u0131rlatma\u011f\u0131m say\u0259sind\u0259 birt\u0259h\u0259r binan\u0131 t\u0259rk ed\u0259 bildim. Bu da \u201c\u0130rokez\u201d faci\u0259si haqq\u0131nda oxuduqdan sonra d\u00fc\u015f\u00fcnd\u00fcr\u0259n suala cavab oldu.\n<\/p>\n<p>\n  Bug\u00fcnl\u0259rd\u0259 narkoloji dispanserd\u0259 ba\u015f ver\u0259n faci\u0259 xat\u0131rlatd\u0131 ki, ox\u015far m\u00fcqayis\u0259ni bir d\u0259 K\u00fcrd\u0259xan\u0131 istintaq t\u0259cridxanas\u0131nda olark\u0259n aparm\u0131\u015fd\u0131m. Bu d\u0259f\u0259 Hollivud istehsal\u0131 olan, XX \u0259srin 40-60-c\u0131 ill\u0259rind\u0259n b\u0259hs ed\u0259n \u201c\u015eou\u015fenkd\u0259n qa\u00e7\u0131\u015f\u201d filmind\u0259n g\u00f6rd\u00fckl\u0259riml\u0259. Bilmir\u0259m, art\u0131q o d\u00f6vrd\u0259 h\u0259qiq\u0259t\u0259n d\u0259 bel\u0259 olubmu, yoxsa x\u0259yal m\u0259hsuludur, \u015eou\u015fenkd\u0259ki b\u00fct\u00fcn kamera qap\u0131lar\u0131 elektrikl\u0259\u015fmi\u015fdi, birc\u0259 d\u00fcym\u0259ni basmaqla ham\u0131s\u0131 a\u00e7\u0131l\u0131rd\u0131.<br \/>\n  <br \/>\n  2009-cu ild\u0259 istifad\u0259y\u0259 verilmi\u015f v\u0259 r\u0259sm\u0259n 1 sayl\u0131 Bak\u0131 \u0130stintaq T\u0259cridxanas\u0131 adlanan m\u00fc\u0259ssis\u0259d\u0259 is\u0259 ba\u015fqa c\u00fcr idi. T\u0259cridxana h\u0259r birind\u0259 3 m\u0259rt\u0259b\u0259 olan 8 korpusdan ibar\u0259tdir. Birinci v\u0259 ikinci m\u0259rt\u0259b\u0259l\u0259rin h\u0259r\u0259sind\u0259 28, \u00fc\u00e7\u00fcnc\u00fc m\u0259rt\u0259b\u0259d\u0259 16 kamera yerl\u0259\u015fir. Y\u0259ni h\u0259r korpusda 72, \u00fcmumilikd\u0259 576 kamera var.\n<\/p>\n<p>\n  Kameralar\u0131n h\u0259r birinin iki qap\u0131s\u0131 var, biri adi, dig\u0259ri is\u0259 \u015eou\u015fenkd\u0259ki kimi barmaql\u0131ql\u0131. Qap\u0131lar\u0131n h\u0259r ikisi q\u0131f\u0131lla ba\u011flan\u0131r, yaln\u0131z insan t\u0259r\u0259find\u0259n v\u0259 a\u00e7arla a\u00e7maq m\u00fcmk\u00fcnd\u00fcr. H\u0259r hans\u0131 bir f\u00f6vq\u0259lad\u0259 hadis\u0259 zaman\u0131 b\u00fct\u00fcn kameralar\u0131n qap\u0131lar\u0131n bird\u0259n a\u00e7\u0131lmas\u0131 mexanizmi n\u0259z\u0259rd\u0259 tutulmay\u0131b.\n<\/p>\n<p>\n  T\u0259cridxanada h\u0259r m\u0259rt\u0259b\u0259d\u0259 n\u0259zar\u0259t\u00e7il\u0259r var v\u0259 g\u00fcn\u00fcn i\u015f\u0131ql\u0131 vaxt\u0131 qap\u0131 a\u00e7arlar\u0131 onlar\u0131n ixtiyar\u0131nda olur. H\u0259r bir a\u00e7ar originald\u0131r, y\u0259ni bir a\u00e7ar il\u0259 yaln\u0131z bir qap\u0131n\u0131 a\u00e7maq olar. Bu \u015f\u0259rtl\u0259r daxilind\u0259 yan\u011f\u0131n, z\u0259lz\u0259l\u0259 v\u0259 dig\u0259r hallar ba\u015f verdikd\u0259 n\u0259zar\u0259t\u00e7inin 28 kameradak\u0131 56 qap\u0131n\u0131 a\u00e7\u0131b dustaqlar\u0131 azad etm\u0259k imkan\u0131 olmas\u0131 kifay\u0259t q\u0259d\u0259r \u015f\u00fcbh\u0259lidir. H\u0259l\u0259 o da var ki, bunun \u00fc\u00e7\u00fcn n\u0259zar\u0259t\u00e7i \u00f6z h\u0259yat\u0131n\u0131 t\u0259hl\u00fck\u0259y\u0259 atacaq q\u0259d\u0259r f\u0259dakar v\u0259 vicdanl\u0131 olmal\u0131d\u0131r.\n<\/p>\n<p>\n  Saat 18.00-dan sonra is\u0259 kamera qap\u0131lar\u0131 yaln\u0131z t\u0259cridxana \u00fczr\u0259 n\u00f6vb\u0259t\u00e7inin icaz\u0259si v\u0259 i\u015ftirak\u0131 il\u0259 a\u00e7\u0131la bil\u0259r. Bu is\u0259 kifay\u0259t q\u0259d\u0259r vaxt t\u0259l\u0259b edir. Bizim kamerada epilepsiya tutmas\u0131 ba\u015flayan bir dusta\u011fa tibbi yard\u0131m\u0131n g\u00f6st\u0259rilm\u0259si \u00fc\u00e7\u00fcn 30 d\u0259qiq\u0259d\u0259n art\u0131q vaxt laz\u0131m oldu. Bu, h\u0259l\u0259 kamerada siyasi m\u0259hbus oldu\u011funa g\u00f6r\u0259 daha tez g\u00f6st\u0259ril\u0259n reaksiya idi. Anla\u015f\u0131lan, gec\u0259 n\u00f6vb\u0259si zaman\u0131 h\u0259r hans\u0131 f\u0259lak\u0259tin ba\u015f verm\u0259m\u0259si \u00fc\u00e7\u00fcn dustaqlara yaln\u0131z dua etm\u0259k qal\u0131rd\u0131.\n<\/p>\n<p>\n  Bu, h\u0259l\u0259 m\u00fcasir d\u00f6vrd\u0259 tikilmi\u015f t\u0259cridxanad\u0131r. Deyil\u0259nl\u0259r\u0259 g\u00f6r\u0259, bir zamanlar Hac\u0131 Zeynalabdin Ta\u011f\u0131yevin at t\u00f6vl\u0259l\u0259ri olan \u015e\u00fcv\u0259lan t\u0259cridxanas\u0131ndan he\u00e7 dan\u0131\u015fma\u011fa d\u0259ym\u0259z.\n<\/p>\n<p>\n  C\u0259za\u00e7\u0259km\u0259 m\u00fc\u0259ssis\u0259sind\u0259 d\u0259 t\u0259hl\u00fck\u0259sizlik qaydalar\u0131 f\u0259rqli deyildi. 120-150 n\u0259f\u0259r dusta\u011f\u0131n yatd\u0131\u011f\u0131 yataqxanalar\u0131n p\u0259nc\u0259r\u0259l\u0259rin\u0259 barmaql\u0131qlar vurulmu\u015fdu. Dustaqlara \u201cyat\u201d komandas\u0131 veril\u0259nd\u0259n sonra qap\u0131 da kilidl\u0259nirdi. Bu v\u0259ziyy\u0259tin t\u0259hl\u00fck\u0259sizliy\u0259 xidm\u0259t etm\u0259diyi ayd\u0131nd\u0131r. \u00dcst\u0259lik, b\u0259zi dustaqlar yataqda siqaret \u00e7\u0259km\u0259kl\u0259 (\u0259slind\u0259 qada\u011fand\u0131r) t\u0259hl\u00fck\u0259ni daha da b\u00f6y\u00fcd\u00fcrd\u00fcl\u0259r.\n<\/p>\n<p>\n  \u018fvv\u0259ll\u0259r d\u0259 m\u0259hb\u0259s h\u0259yat\u0131 ya\u015fam\u0131\u015f \u015f\u0259xsl\u0259rin dediyin\u0259 g\u00f6r\u0259, yataqxana qap\u0131lar\u0131 ba\u011flanm\u0131rm\u0131\u015f. \u00c7\u00fcnki tualet h\u0259y\u0259td\u0259 yerl\u0259\u015firmi\u015f. \u0130ndi is\u0259 dustaqlar\u0131n rahatl\u0131\u011f\u0131ndan \u00e7ox izolyasiya etibarl\u0131l\u0131\u011f\u0131n\u0131 t\u0259min etm\u0259k \u00fc\u00e7\u00fcn yataqxana binas\u0131nda yerl\u0259\u015fir. Buna g\u00f6r\u0259 d\u0259 qap\u0131 q\u0131f\u0131llan\u0131r. \u00dcmumiyy\u0259tl\u0259, penitensiar m\u00fc\u0259ssis\u0259l\u0259rd\u0259 t\u0259hl\u00fck\u0259sizliyin etibarl\u0131l\u0131\u011fa qurban verilm\u0259si t\u0259\u0259ss\u00fcrat\u0131n\u0131n yaranmas\u0131 qa\u00e7\u0131lmazd\u0131r.\n<\/p>\n<p>\n  Lakin t\u0259hl\u00fck\u0259sizliyimiz\u0259 t\u0259hl\u00fck\u0259 t\u0259kc\u0259 penitensiar m\u00fc\u0259ssis\u0259l\u0259rl\u0259 m\u0259hdudla\u015fm\u0131r. Bu m\u00fc\u0259ssis\u0259l\u0259rd\u0259n k\u0259narda t\u0259hl\u00fck\u0259sizlik art\u0131q qazanc h\u0259risliyinin qurban\u0131 olur.\n<\/p>\n<p>\n  Bu yax\u0131nlarda jurnalistl\u0259rin apard\u0131\u011f\u0131 ara\u015fd\u0131rma n\u0259tic\u0259sind\u0259 ayd\u0131n oldu ki, \u00f6lk\u0259d\u0259 sat\u0131lan dizel yanaca\u011f\u0131 Avropa standartlar\u0131ndan 21 d\u0259f\u0259 geri qal\u0131r. Halbuki Az\u0259rbaycanda istehsal olunub G\u00fcrc\u00fcstanda sat\u0131lan dizel h\u0259min standartlardan c\u0259mi 2 d\u0259f\u0259 geri qal\u0131r. Y\u0259ni qon\u015fular\u0131m\u0131za 10 d\u0259f\u0259 daha yax\u015f\u0131 dizel sat\u0131r\u0131q.\n<\/p>\n<p>\n  S\u00f6z\u00fcged\u0259n fakta m\u00fcnasib\u0259t bildir\u0259n m\u00fct\u0259x\u0259ssisl\u0259r a\u015fa\u011f\u0131 keyfiyy\u0259tli dizelin ekologiyaya ciddi ziyan vurdu\u011funu iddia etdil\u0259r. Bu is\u0259 dig\u0259r f\u0259sadlarla yana\u015f\u0131 insan sa\u011flaml\u0131\u011f\u0131na da t\u0259hl\u00fck\u0259 yarad\u0131r. Daha konkret des\u0259k, a\u011fciy\u0259r x\u0259r\u00e7\u0259ngin\u0259 s\u0259b\u0259b ola bil\u0259r.\n<\/p>\n<p>\n  \u0130stifad\u0259 etdiyimiz m\u0259i\u015f\u0259t qaz\u0131n\u0131 is\u0259 dizeld\u0259n f\u0259rqli olaraq yoxlayan olmay\u0131b. Lakin bu haqda da m\u00fcxt\u0259lif s\u00f6z-s\u00f6hb\u0259tl\u0259r g\u0259zir. \u0130ddialara g\u00f6r\u0259, x\u0259rcl\u0259ri azaltmaq m\u0259qs\u0259dil\u0259 qaz emal\u0131 zaman\u0131 qaydalara tam \u0259m\u0259l olunmur, yax\u015f\u0131 qurudulmur, g\u0259r\u0259k\u0259n qatq\u0131lar qat\u0131lm\u0131r. Bu da qaz\u0131n keyfiyy\u0259tin\u0259 ciddi t\u0259sir edir \u2013 h\u0259m istiliyi z\u0259if olur, h\u0259m d\u0259 h\u0259yat \u00fc\u00e7\u00fcn t\u0259hl\u00fck\u0259 yarad\u0131r. X\u00fcsusi vur\u011fulamaq ist\u0259yir\u0259m ki, sa\u011flaml\u0131\u011fa deyil, h\u0259yat \u00fc\u00e7\u00fcn t\u0259hl\u00fck\u0259 yarad\u0131r.\n<\/p>\n<p>\n  Qida t\u0259hl\u00fck\u0259sizliyimiz haqq\u0131nda is\u0259 dan\u0131\u015fma\u011fa d\u0259ym\u0259z. Poli\u015finel sirridir ki, \u00f6lk\u0259d\u0259 qida m\u0259hsullar\u0131n\u0131n istehsal\u0131 v\u0259 idxal\u0131 inhisar alt\u0131ndad\u0131r. Bu i\u015fl\u0259rl\u0259 b\u00f6y\u00fck, \u00e7ox b\u00f6y\u00fck adamlar m\u0259\u015f\u011ful olurlar. Bel\u0259 halda is\u0259 hans\u0131sa d\u00f6vl\u0259t strukturunun bu qidalar\u0131n keyfiyy\u0259tin\u0259 n\u0259zar\u0259t ed\u0259c\u0259yini g\u00f6zl\u0259m\u0259k absurd olard\u0131.\n<\/p>\n<p>\n  Yeri g\u0259lmi\u015fk\u0259n, 2018-ci il yanvar\u0131n 1-d\u0259n etibar\u0259n Qida T\u0259hl\u00fck\u0259sizliyi Agentliyi yarad\u0131l\u0131b. 2 aya yax\u0131n f\u0259aliyy\u0259td\u0259n sonra Agentliyin direktoru \u00f6z etiraz s\u0259sini ucaltd\u0131. T\u0259\u0259ss\u00fcf ki, bu etiraz inhisar\u00e7\u0131lara, hans\u0131sa supermarketl\u0259r \u015f\u0259b\u0259k\u0259sin\u0259 deyil, t\u0259ndir \u00e7\u00f6r\u0259yin\u0259 qar\u015f\u0131 y\u00f6n\u0259lmi\u015fdi.\n<\/p>\n<p>\n  H\u00f6kum\u0259tin g\u00fcnahlar\u0131 haqq\u0131nda dan\u0131\u015fandan sonra \u0259dal\u0259t namin\u0259 onu da qeyd etm\u0259k laz\u0131md\u0131r ki, biz \u00f6z\u00fcm\u00fcz d\u0259 t\u0259hl\u00fck\u0259sizliy\u0259 etinas\u0131z yana\u015fan toplumuq. \u015e\u0259rq fatalizmind\u0259n ir\u0259li g\u0259lir, yoxsa ba\u015fqa s\u0259b\u0259bd\u0259n, reall\u0131q budur.\n<\/p>\n<p>\n  Hans\u0131sa fakt\u0131n, m\u0259suliyy\u0259tsizliyin n\u0259 zamansa faci\u0259y\u0259 s\u0259b\u0259b olaca\u011f\u0131 ehtimal\u0131 ciddiy\u0259 al\u0131nm\u0131r. B\u0259lk\u0259 he\u00e7 olmad\u0131?\n<\/p>\n<p>\n  Faci\u0259 ba\u015f ver\u0259nd\u0259 is\u0259 a\u015f\u0131r\u0131 individualizmimiz ortaya \u00e7\u0131x\u0131r. Do\u011fmas\u0131n\u0131 itirmi\u015f \u015f\u0259xs \u201cbundan sonra n\u0259 ets\u0259l\u0259r m\u0259nim \u0259zizimi qaytarmayacaqlar ki!\u201d yana\u015fmas\u0131n\u0131 ortaya qoyur. N\u0259inki faci\u0259nin s\u0259b\u0259bl\u0259rinin ortadan qald\u0131r\u0131lmas\u0131, h\u0259tta m\u0259suliyy\u0259tsizliyi v\u0259 ya tamahkarl\u0131\u011f\u0131 \u00fcz\u00fcnd\u0259n faci\u0259y\u0259 s\u0259b\u0259b olmu\u015f \u015f\u0259xsin c\u0259zaland\u0131r\u0131lmas\u0131 da onlar \u00fc\u00e7\u00fcn maraqs\u0131zd\u0131r.\n<\/p>\n<p>\n  G\u0259l\u0259c\u0259kd\u0259 bir daha bel\u0259 faci\u0259l\u0259rin t\u00f6r\u0259nm\u0259m\u0259si, ba\u015fqalar\u0131n\u0131n h\u0259yat\u0131n\u0131n xilas\u0131 kimi arqumentl\u0259r \u201cnisy\u0259 s\u00f6hb\u0259t\u201ddir. H\u0259tta individuall\u0131q bel\u0259 sabaha deyil, bug\u00fcn\u0259 hesablan\u0131b. N\u0259z\u0259r\u0259 al\u0131nm\u0131r ki, \u0259g\u0259r s\u0259b\u0259bl\u0259r ortadan qald\u0131r\u0131lmazsa, bu g\u00fcn ba\u015f\u00e7\u0131s\u0131n\u0131 itir\u0259n ail\u0259 sabah \u00f6vlad\u0131n\u0131, bu g\u00fcn \u00f6vlad\u0131n\u0131 qurban ver\u0259n valideyn sabah n\u0259v\u0259sini itir\u0259 bil\u0259r.<br \/>\n  <br \/>\n  \u201cNational Geographic\u201d kanal\u0131nda yay\u0131mlanan \u201cAviaq\u0259zalar\u0131n ara\u015fd\u0131r\u0131lmas\u0131\u201d, \u201cQ\u0259zaya saniy\u0259l\u0259r qalm\u0131\u015f\u201d verili\u015fl\u0259rini m\u00fct\u0259madi izl\u0259m\u0259y\u0259 \u00e7al\u0131\u015f\u0131ram. Avropa v\u0259 \u015eimali Amerikada ba\u015f ver\u0259n q\u0259zalardan sonra hakimiyy\u0259t strukturlar\u0131 ictimaiyy\u0259tin ciddi n\u0259zar\u0259ti alt\u0131nda ara\u015fd\u0131rma apar\u0131rlar.\n<\/p>\n<p>\n  B\u0259z\u0259n n\u0259d\u0259ns\u0259 naraz\u0131 qalan z\u0259r\u0259r\u00e7\u0259k\u0259nl\u0259r \u00f6zl\u0259ri ictimai qurum yarad\u0131rlar, m\u00fct\u0259x\u0259ssisl\u0259ri c\u0259lb edirl\u0259r v\u0259 alternativ ara\u015fd\u0131rma apar\u0131rlar. M\u0259qs\u0259d is\u0259 he\u00e7 d\u0259 qisas\u00e7\u0131l\u0131q deyil. \u0130nsanlar faci\u0259nin t\u0259krarlanmas\u0131n\u0131, yeni qurbanlar verilm\u0259sini ist\u0259mirl\u0259r.\n<\/p>\n<p>\n  Az\u0259rbaycanda da m\u00fcxt\u0259lif faci\u0259l\u0259r ba\u015f verir. Neft platformas\u0131nda, narkoloji dispanserd\u0259, avtomobil yollar\u0131nda v\u0259 ba\u015fqa yerl\u0259rd\u0259. Lakin birc\u0259 d\u0259f\u0259 d\u0259 olsun do\u011fmalar\u0131n\u0131 itir\u0259n \u015f\u0259xsl\u0259rin ictimai f\u0259all\u0131\u011f\u0131n\u0131n, faci\u0259 s\u0259b\u0259bl\u0259rinin tap\u0131lmas\u0131 v\u0259 ortadan qald\u0131r\u0131lmas\u0131 istiqam\u0259tind\u0259 h\u00f6kum\u0259t\u0259 t\u0259zyiq etm\u0259l\u0259rinin \u015fahidi olmam\u0131\u015f\u0131q. Ayd\u0131nd\u0131r ki, bizd\u0259 v\u0259 Q\u0259rbd\u0259 ictimai f\u0259all\u0131q imkanlar\u0131 eyni deyil. Amma \u00fcrk\u0259k c\u0259hd d\u0259 g\u00f6rm\u0259mi\u015fik ax\u0131.\n<\/p>\n<p>\n  \u0130qtidar\u0131n m\u0259suliyy\u0259tsizliyi v\u0259 tamahkarl\u0131\u011f\u0131, bizim fatalizmimiz v\u0259 etinas\u0131zl\u0131\u011f\u0131m\u0131z. N\u0259tic\u0259d\u0259 bu g\u00fcn oldu\u011fumuz yerd\u0259yik. Faci\u0259l\u0259rd\u0259n bet\u0259r \u0259sl f\u0259lak\u0259t budur.\n<\/p>\n<p>\n  <b><br \/>\n    <i><br \/>\n      Yaz\u0131 m\u00fc\u0259llifin fikirl\u0259rini \u0259ks etdirir v\u0259 Meydan TV-nin m\u00f6vqeyi il\u0259 \u00fcst-\u00fcst\u0259 d\u00fc\u015fm\u0259y\u0259 bil\u0259r.<br \/>\n    <\/i><br \/>\n  <\/b><\/p>\n","protected":false},"excerpt":{"rendered":"<p>Apar\u0131lan istintaq faci\u0259nin bir ne\u00e7\u0259 s\u0259b\u0259bini ortaya \u00e7\u0131xar\u0131r<\/p>\n","protected":false},"author":11,"featured_media":100386,"comment_status":"closed","ping_status":"open","sticky":false,"template":"","format":"standard","meta":{"_acf_changed":false,"_sitemap_exclude":false,"_sitemap_priority":"","_sitemap_frequency":"","footnotes":""},"categories":[57],"tags":[],"class_list":["post-188959","post","type-post","status-publish","format-standard","has-post-thumbnail","hentry","category-menim-fikrimce","infinite-scroll-item","generate-columns","tablet-grid-50","mobile-grid-100","grid-parent","grid-33","no-featured-image-padding"],"acf":[],"yoast_head":"<!-- This site is optimized with the Yoast SEO plugin v27.5 - https:\/\/yoast.com\/product\/yoast-seo-wordpress\/ -->\n<title>\u018fsl f\u0259lak\u0259t - MEYDAN.TV<\/title>\n<meta name=\"robots\" content=\"index, follow, max-snippet:-1, max-image-preview:large, max-video-preview:-1\" \/>\n<link rel=\"canonical\" href=\"https:\/\/www.meydan.tv\/az\/article\/esl-felaket\/\" \/>\n<meta property=\"og:locale\" content=\"az_AZ\" \/>\n<meta property=\"og:type\" content=\"article\" \/>\n<meta property=\"og:title\" content=\"\u018fsl f\u0259lak\u0259t - MEYDAN.TV\" \/>\n<meta property=\"og:description\" content=\"Apar\u0131lan istintaq faci\u0259nin bir ne\u00e7\u0259 s\u0259b\u0259bini ortaya \u00e7\u0131xar\u0131r\" \/>\n<meta property=\"og:url\" content=\"https:\/\/www.meydan.tv\/az\/article\/esl-felaket\/\" \/>\n<meta property=\"og:site_name\" content=\"MEYDAN.TV\" \/>\n<meta property=\"article:published_time\" content=\"2018-03-05T00:56:17+00:00\" \/>\n<meta property=\"og:image\" content=\"https:\/\/www.meydan.tv\/wp-content\/uploads\/39713.jpg\" \/>\n\t<meta property=\"og:image:width\" content=\"2048\" \/>\n\t<meta property=\"og:image:height\" content=\"1363\" \/>\n\t<meta property=\"og:image:type\" content=\"image\/jpeg\" \/>\n<meta name=\"author\" content=\"user-manager\" \/>\n<meta name=\"twitter:card\" content=\"summary_large_image\" \/>\n<script type=\"application\/ld+json\" class=\"yoast-schema-graph\">{\"@context\":\"https:\\\/\\\/schema.org\",\"@graph\":[{\"@type\":\"Article\",\"@id\":\"https:\\\/\\\/www.meydan.tv\\\/az\\\/article\\\/esl-felaket\\\/#article\",\"isPartOf\":{\"@id\":\"https:\\\/\\\/www.meydan.tv\\\/az\\\/article\\\/esl-felaket\\\/\"},\"author\":{\"name\":\"user-manager\",\"@id\":\"https:\\\/\\\/www.meydan.tv\\\/az\\\/#\\\/schema\\\/person\\\/10d11eccf6da3662cf5fdab9806ea91a\"},\"headline\":\"\u018fsl f\u0259lak\u0259t\",\"datePublished\":\"2018-03-05T00:56:17+00:00\",\"mainEntityOfPage\":{\"@id\":\"https:\\\/\\\/www.meydan.tv\\\/az\\\/article\\\/esl-felaket\\\/\"},\"wordCount\":2165,\"publisher\":{\"@id\":\"https:\\\/\\\/www.meydan.tv\\\/az\\\/#organization\"},\"image\":{\"@id\":\"https:\\\/\\\/www.meydan.tv\\\/az\\\/article\\\/esl-felaket\\\/#primaryimage\"},\"thumbnailUrl\":\"https:\\\/\\\/www.meydan.tv\\\/wp-content\\\/uploads\\\/39713.jpg\",\"articleSection\":[\"M\u0259nim Fikrimc\u0259\"],\"inLanguage\":\"az\"},{\"@type\":\"WebPage\",\"@id\":\"https:\\\/\\\/www.meydan.tv\\\/az\\\/article\\\/esl-felaket\\\/\",\"url\":\"https:\\\/\\\/www.meydan.tv\\\/az\\\/article\\\/esl-felaket\\\/\",\"name\":\"\u018fsl f\u0259lak\u0259t - MEYDAN.TV\",\"isPartOf\":{\"@id\":\"https:\\\/\\\/www.meydan.tv\\\/az\\\/#website\"},\"primaryImageOfPage\":{\"@id\":\"https:\\\/\\\/www.meydan.tv\\\/az\\\/article\\\/esl-felaket\\\/#primaryimage\"},\"image\":{\"@id\":\"https:\\\/\\\/www.meydan.tv\\\/az\\\/article\\\/esl-felaket\\\/#primaryimage\"},\"thumbnailUrl\":\"https:\\\/\\\/www.meydan.tv\\\/wp-content\\\/uploads\\\/39713.jpg\",\"datePublished\":\"2018-03-05T00:56:17+00:00\",\"breadcrumb\":{\"@id\":\"https:\\\/\\\/www.meydan.tv\\\/az\\\/article\\\/esl-felaket\\\/#breadcrumb\"},\"inLanguage\":\"az\",\"potentialAction\":[{\"@type\":\"ReadAction\",\"target\":[\"https:\\\/\\\/www.meydan.tv\\\/az\\\/article\\\/esl-felaket\\\/\"]}]},{\"@type\":\"ImageObject\",\"inLanguage\":\"az\",\"@id\":\"https:\\\/\\\/www.meydan.tv\\\/az\\\/article\\\/esl-felaket\\\/#primaryimage\",\"url\":\"https:\\\/\\\/www.meydan.tv\\\/wp-content\\\/uploads\\\/39713.jpg\",\"contentUrl\":\"https:\\\/\\\/www.meydan.tv\\\/wp-content\\\/uploads\\\/39713.jpg\",\"width\":2048,\"height\":1363,\"caption\":\"Source:\"},{\"@type\":\"BreadcrumbList\",\"@id\":\"https:\\\/\\\/www.meydan.tv\\\/az\\\/article\\\/esl-felaket\\\/#breadcrumb\",\"itemListElement\":[{\"@type\":\"ListItem\",\"position\":1,\"name\":\"Ana s\u0259hif\u0259\",\"item\":\"https:\\\/\\\/www.meydan.tv\\\/az\\\/\"},{\"@type\":\"ListItem\",\"position\":2,\"name\":\"M\u0259nim Fikrimc\u0259\",\"item\":\"https:\\\/\\\/www.meydan.tv\\\/az\\\/section\\\/menim-fikrimce\\\/\"},{\"@type\":\"ListItem\",\"position\":3,\"name\":\"\u018fsl f\u0259lak\u0259t\"}]},{\"@type\":\"WebSite\",\"@id\":\"https:\\\/\\\/www.meydan.tv\\\/az\\\/#website\",\"url\":\"https:\\\/\\\/www.meydan.tv\\\/az\\\/\",\"name\":\"MEYDAN.TV\",\"description\":\"Meydan TV Az\u0259rbaycan\u0131n media m\u0259kan\u0131ndak\u0131 alternativ s\u0259sidir\",\"publisher\":{\"@id\":\"https:\\\/\\\/www.meydan.tv\\\/az\\\/#organization\"},\"potentialAction\":[{\"@type\":\"SearchAction\",\"target\":{\"@type\":\"EntryPoint\",\"urlTemplate\":\"https:\\\/\\\/www.meydan.tv\\\/az\\\/?s={search_term_string}\"},\"query-input\":{\"@type\":\"PropertyValueSpecification\",\"valueRequired\":true,\"valueName\":\"search_term_string\"}}],\"inLanguage\":\"az\"},{\"@type\":\"Organization\",\"@id\":\"https:\\\/\\\/www.meydan.tv\\\/az\\\/#organization\",\"name\":\"Meydan TV\",\"url\":\"https:\\\/\\\/www.meydan.tv\\\/az\\\/\",\"logo\":{\"@type\":\"ImageObject\",\"inLanguage\":\"az\",\"@id\":\"https:\\\/\\\/www.meydan.tv\\\/az\\\/#\\\/schema\\\/logo\\\/image\\\/\",\"url\":\"https:\\\/\\\/www.meydan.tv\\\/wp-content\\\/uploads\\\/2021\\\/07\\\/meydan-logo.svg\",\"contentUrl\":\"https:\\\/\\\/www.meydan.tv\\\/wp-content\\\/uploads\\\/2021\\\/07\\\/meydan-logo.svg\",\"width\":195,\"height\":46,\"caption\":\"Meydan TV\"},\"image\":{\"@id\":\"https:\\\/\\\/www.meydan.tv\\\/az\\\/#\\\/schema\\\/logo\\\/image\\\/\"}},{\"@type\":\"Person\",\"@id\":\"https:\\\/\\\/www.meydan.tv\\\/az\\\/#\\\/schema\\\/person\\\/10d11eccf6da3662cf5fdab9806ea91a\",\"name\":\"user-manager\"}]}<\/script>\n<!-- \/ Yoast SEO plugin. -->","yoast_head_json":{"title":"\u018fsl f\u0259lak\u0259t - MEYDAN.TV","robots":{"index":"index","follow":"follow","max-snippet":"max-snippet:-1","max-image-preview":"max-image-preview:large","max-video-preview":"max-video-preview:-1"},"canonical":"https:\/\/www.meydan.tv\/az\/article\/esl-felaket\/","og_locale":"az_AZ","og_type":"article","og_title":"\u018fsl f\u0259lak\u0259t - MEYDAN.TV","og_description":"Apar\u0131lan istintaq faci\u0259nin bir ne\u00e7\u0259 s\u0259b\u0259bini ortaya \u00e7\u0131xar\u0131r","og_url":"https:\/\/www.meydan.tv\/az\/article\/esl-felaket\/","og_site_name":"MEYDAN.TV","article_published_time":"2018-03-05T00:56:17+00:00","og_image":[{"width":2048,"height":1363,"url":"https:\/\/www.meydan.tv\/wp-content\/uploads\/39713.jpg","type":"image\/jpeg"}],"author":"user-manager","twitter_card":"summary_large_image","schema":{"@context":"https:\/\/schema.org","@graph":[{"@type":"Article","@id":"https:\/\/www.meydan.tv\/az\/article\/esl-felaket\/#article","isPartOf":{"@id":"https:\/\/www.meydan.tv\/az\/article\/esl-felaket\/"},"author":{"name":"user-manager","@id":"https:\/\/www.meydan.tv\/az\/#\/schema\/person\/10d11eccf6da3662cf5fdab9806ea91a"},"headline":"\u018fsl f\u0259lak\u0259t","datePublished":"2018-03-05T00:56:17+00:00","mainEntityOfPage":{"@id":"https:\/\/www.meydan.tv\/az\/article\/esl-felaket\/"},"wordCount":2165,"publisher":{"@id":"https:\/\/www.meydan.tv\/az\/#organization"},"image":{"@id":"https:\/\/www.meydan.tv\/az\/article\/esl-felaket\/#primaryimage"},"thumbnailUrl":"https:\/\/www.meydan.tv\/wp-content\/uploads\/39713.jpg","articleSection":["M\u0259nim Fikrimc\u0259"],"inLanguage":"az"},{"@type":"WebPage","@id":"https:\/\/www.meydan.tv\/az\/article\/esl-felaket\/","url":"https:\/\/www.meydan.tv\/az\/article\/esl-felaket\/","name":"\u018fsl f\u0259lak\u0259t - MEYDAN.TV","isPartOf":{"@id":"https:\/\/www.meydan.tv\/az\/#website"},"primaryImageOfPage":{"@id":"https:\/\/www.meydan.tv\/az\/article\/esl-felaket\/#primaryimage"},"image":{"@id":"https:\/\/www.meydan.tv\/az\/article\/esl-felaket\/#primaryimage"},"thumbnailUrl":"https:\/\/www.meydan.tv\/wp-content\/uploads\/39713.jpg","datePublished":"2018-03-05T00:56:17+00:00","breadcrumb":{"@id":"https:\/\/www.meydan.tv\/az\/article\/esl-felaket\/#breadcrumb"},"inLanguage":"az","potentialAction":[{"@type":"ReadAction","target":["https:\/\/www.meydan.tv\/az\/article\/esl-felaket\/"]}]},{"@type":"ImageObject","inLanguage":"az","@id":"https:\/\/www.meydan.tv\/az\/article\/esl-felaket\/#primaryimage","url":"https:\/\/www.meydan.tv\/wp-content\/uploads\/39713.jpg","contentUrl":"https:\/\/www.meydan.tv\/wp-content\/uploads\/39713.jpg","width":2048,"height":1363,"caption":"Source:"},{"@type":"BreadcrumbList","@id":"https:\/\/www.meydan.tv\/az\/article\/esl-felaket\/#breadcrumb","itemListElement":[{"@type":"ListItem","position":1,"name":"Ana s\u0259hif\u0259","item":"https:\/\/www.meydan.tv\/az\/"},{"@type":"ListItem","position":2,"name":"M\u0259nim Fikrimc\u0259","item":"https:\/\/www.meydan.tv\/az\/section\/menim-fikrimce\/"},{"@type":"ListItem","position":3,"name":"\u018fsl f\u0259lak\u0259t"}]},{"@type":"WebSite","@id":"https:\/\/www.meydan.tv\/az\/#website","url":"https:\/\/www.meydan.tv\/az\/","name":"MEYDAN.TV","description":"Meydan TV Az\u0259rbaycan\u0131n media m\u0259kan\u0131ndak\u0131 alternativ s\u0259sidir","publisher":{"@id":"https:\/\/www.meydan.tv\/az\/#organization"},"potentialAction":[{"@type":"SearchAction","target":{"@type":"EntryPoint","urlTemplate":"https:\/\/www.meydan.tv\/az\/?s={search_term_string}"},"query-input":{"@type":"PropertyValueSpecification","valueRequired":true,"valueName":"search_term_string"}}],"inLanguage":"az"},{"@type":"Organization","@id":"https:\/\/www.meydan.tv\/az\/#organization","name":"Meydan TV","url":"https:\/\/www.meydan.tv\/az\/","logo":{"@type":"ImageObject","inLanguage":"az","@id":"https:\/\/www.meydan.tv\/az\/#\/schema\/logo\/image\/","url":"https:\/\/www.meydan.tv\/wp-content\/uploads\/2021\/07\/meydan-logo.svg","contentUrl":"https:\/\/www.meydan.tv\/wp-content\/uploads\/2021\/07\/meydan-logo.svg","width":195,"height":46,"caption":"Meydan TV"},"image":{"@id":"https:\/\/www.meydan.tv\/az\/#\/schema\/logo\/image\/"}},{"@type":"Person","@id":"https:\/\/www.meydan.tv\/az\/#\/schema\/person\/10d11eccf6da3662cf5fdab9806ea91a","name":"user-manager"}]}},"_links":{"self":[{"href":"https:\/\/www.meydan.tv\/az\/wp-json\/wp\/v2\/posts\/188959","targetHints":{"allow":["GET"]}}],"collection":[{"href":"https:\/\/www.meydan.tv\/az\/wp-json\/wp\/v2\/posts"}],"about":[{"href":"https:\/\/www.meydan.tv\/az\/wp-json\/wp\/v2\/types\/post"}],"author":[{"embeddable":true,"href":"https:\/\/www.meydan.tv\/az\/wp-json\/wp\/v2\/users\/11"}],"replies":[{"embeddable":true,"href":"https:\/\/www.meydan.tv\/az\/wp-json\/wp\/v2\/comments?post=188959"}],"version-history":[{"count":0,"href":"https:\/\/www.meydan.tv\/az\/wp-json\/wp\/v2\/posts\/188959\/revisions"}],"wp:featuredmedia":[{"embeddable":true,"href":"https:\/\/www.meydan.tv\/az\/wp-json\/wp\/v2\/media\/100386"}],"wp:attachment":[{"href":"https:\/\/www.meydan.tv\/az\/wp-json\/wp\/v2\/media?parent=188959"}],"wp:term":[{"taxonomy":"category","embeddable":true,"href":"https:\/\/www.meydan.tv\/az\/wp-json\/wp\/v2\/categories?post=188959"},{"taxonomy":"post_tag","embeddable":true,"href":"https:\/\/www.meydan.tv\/az\/wp-json\/wp\/v2\/tags?post=188959"}],"curies":[{"name":"wp","href":"https:\/\/api.w.org\/{rel}","templated":true}]}}