{"id":188952,"date":"2018-03-03T17:57:38","date_gmt":"2018-03-03T17:57:38","guid":{"rendered":"https:\/\/www.meydan.tv\/article\/zaur-qurbanlinin-tanrilara-oxsamaqdan-cekinmek-lazimdir-yazisina-cavab\/"},"modified":"2018-03-03T17:57:38","modified_gmt":"2018-03-03T17:57:38","slug":"zaur-qurbanlinin-tanrilara-oxsamaqdan-cekinmek-lazimdir-yazisina-cavab","status":"publish","type":"post","link":"https:\/\/www.meydan.tv\/az\/article\/zaur-qurbanlinin-tanrilara-oxsamaqdan-cekinmek-lazimdir-yazisina-cavab\/","title":{"rendered":"Zaur Qurbanl\u0131n\u0131n &#8221;Tanr\u0131lara ox\u015famaqdan \u00e7\u0259kinm\u0259k laz\u0131md\u0131r&#8221; yaz\u0131s\u0131na cavab"},"content":{"rendered":"<figure class=\"wp-block-image size-large\">\n  <img decoding=\"async\" src=\"https:\/\/www.meydan.tv\/az\/rachel-corrie-abs-bayragini-cirarken\/\" alt=\"Rachel Corrie AB\u015e bayra\u011f\u0131n\u0131 c\u0131rark\u0259n\" class=\"wp-image-100347\"\/><figcaption>\n    Rachel Corrie AB\u015e bayra\u011f\u0131n\u0131 c\u0131rark\u0259n<br \/>\n  <\/figcaption><\/figure>\n<p>\n  Zaur Qurbanl\u0131 ad\u0131nda bir g\u0259ncin Meydan TV-d\u0259 diqq\u0259timi \u00e7\u0259k\u0259n bir yaz\u0131s\u0131n\u0131 oxudum. &#8221;<br \/>\n  <a href=\"\/az\/article\/tanrilara-oxsamaqdan-cekinmek-lazimdir\/\" target=\"_blank\" rel=\"noopener\"><br \/>\n    Tanr\u0131lara ox\u015famaqdan \u00e7\u0259kinm\u0259k laz\u0131md\u0131r<br \/>\n  <\/a><br \/>\n  &#8220;.\n<\/p>\n<p>\n  A\u00e7\u0131\u011f\u0131 axarl\u0131l\u0131q tam yerind\u0259 olmasa da, m\u0259qal\u0259 sonad\u0259k yorulmadan oxumaq olur.\n<\/p>\n<p>\n  M\u00fc\u0259llifin fikrin\u0259 qat\u0131l\u0131ram! T\u0259miz qalmaq \u00e7\u0259tindir. H\u0259m d\u0259 \u00e7ox \u00e7\u0259tin. X\u00fcsus\u0259n vicdan\u0131n t\u0259mizliyi. M\u0259s\u0259l\u0259n m\u0259qal\u0259nin d\u00f6rd\u00fcnc\u00fc abzas\u0131nda protestant puritan amerikal\u0131lar\u0131n demokratiyas\u0131n\u0131n, v\u0259d\u0259 sadiqlikl\u0259rinin \u00f6z yerind\u0259 olmas\u0131n\u0131 oxudum. Amerikal\u0131lara bu sevginin n\u00fcmayi\u015find\u0259n d\u0259rhal sonra n\u0259z\u0259r m\u00fcs\u0259lmanlara y\u00f6n\u0259lir m\u0259qal\u0259d\u0259: &#8220;M\u00fcs\u0259lmanlar da \u00f6z allahlar\u0131na ox\u015fay\u0131rlar &#8211; \u0259sas m\u0259s\u0259l\u0259 namaz q\u0131lmaq, 4 arvad almaq, ba\u015f ba\u011flamaq, saqqal saxlamaq kimi \u015feyl\u0259rdir. R\u00fc\u015fv\u0259tdir, demokratiyad\u0131r, m\u0259hk\u0259m\u0259nin azadl\u0131\u011f\u0131d\u0131r, m\u0259tbuata h\u00f6rm\u0259tdir &#8211; bunlar \u201cQuran\u201dda n\u0259 q\u0259d\u0259rdirs\u0259, el\u0259 m\u00fcs\u0259lman c\u0259miyy\u0259tl\u0259rind\u0259 d\u0259 onlara h\u00f6rm\u0259t o q\u0259d\u0259rdir&#8221;.\n<\/p>\n<p>\n  Sayq\u0131d\u0259y\u0259r amerikal\u0131lardan, h\u00fcquqa, azadl\u0131\u011fa, demokratiyaya qar\u015f\u0131 h\u00f6rm\u0259tl\u0259ri sual alt\u0131na al\u0131nm\u0131\u015f m\u00fcs\u0259lmanlara q\u0259fil ke\u00e7id\u0259 t\u0259miz vicdan yol ver\u0259rmi? \u018fsas t\u0259mizlikdir!\n<\/p>\n<figure class=\"wp-block-image size-large\">\n  <img decoding=\"async\" src=\"https:\/\/www.meydan.tv\/az\/malcolm-x-amerikali-siyasi-xadim-ve-qara-derililerin-huquqlarinin-mudafiecisi\/\" alt=\"Malcolm X &#8211; amerikal\u0131 siyasi xadim v\u0259 qara d\u0259rilil\u0259rin h\u00fcquqlar\u0131n\u0131n m\u00fcdafi\u0259\u00e7isi\" class=\"wp-image-100350\"\/><figcaption>\n    Malcolm X &#8211; amerikal\u0131 siyasi xadim v\u0259 qara d\u0259rilil\u0259rin h\u00fcquqlar\u0131n\u0131n m\u00fcdafi\u0259\u00e7isi<br \/>\n  <\/figcaption><\/figure>\n<p>\n  Ka\u015f ki, bu g\u0259nc, istedadl\u0131 dostum amerikal\u0131lardan dan\u0131\u015fma\u011fa ba\u015flam\u0131\u015fk\u0259n m\u00f6vzuya Malkolm X il\u0259 davam ets\u0259ydi. XX \u0259srd\u0259 haqq\u0131nda \u0259n \u00e7ox dan\u0131\u015f\u0131lan &#8220;\u00fcmumd\u00fcnya insan haqlar\u0131n\u0131n m\u00fcdafi\u0259\u00e7isi&#8221;, qarad\u0259rili, m\u00fcs\u0259lman bir amerikal\u0131. \u0130nsan h\u00fcquqlar\u0131n\u0131n azadl\u0131\u011f\u0131nda d\u00fcnyaya &#8220;liderlik&#8221; ed\u0259n amerikal\u0131lara XX \u0259srd\u0259 insan haqlar\u0131ndan d\u0259rs demi\u015f bir n\u00fcmun\u0259vi v\u0259t\u0259nda\u015f. Malkolm X il\u0259 tan\u0131\u015fl\u0131qdan sonra t\u0259mizliyi qorumaq namin\u0259, insan bu q\u0259na\u0259t\u0259 g\u0259lir ki, m\u0259s\u0259l\u0259 m\u00fcs\u0259lman v\u0259 ya qeyri-m\u00fcs\u0259lmanl\u0131qda deyil. M\u0259s\u0259l\u0259 t\u0259miz vicdandad\u0131.\n<\/p>\n<p>\n  H\u0259min bu t\u0259miz qala bilm\u0259k ist\u0259yi t\u0259l\u0259b edir ki, amerikal\u0131lardan s\u00f6z d\u00fc\u015fm\u00fc\u015fk\u0259n Rey\u00e7il Korrid\u0259n d\u0259 dan\u0131\u015faq. 2003-c\u00fc ild\u0259, 24 ya\u015f\u0131nda f\u0259l\u0259stinlil\u0259rin evl\u0259rini u\u00e7urma\u011fa g\u0259l\u0259n israil buldozerl\u0259rinin qar\u015f\u0131s\u0131n\u0131 k\u0259s\u0259n v\u0259 el\u0259 h\u0259min buldozerl\u0259rin alt\u0131nda qalan t\u0259miz bir qad\u0131n. Kims\u0259siz, m\u00fcs\u0259lman f\u0259l\u0259stinlil\u0259rin s\u0259sin\u0259 s\u0259s verm\u0259k \u00fc\u00e7\u00fcn AB\u015e-dan F\u0259l\u0259stin\u0259 g\u0259l\u0259n bir h\u00fcquq m\u00fcdafi\u0259\u00e7isi.\n<\/p>\n<p>\n  Fikrimc\u0259, t\u0259miz qala bilm\u0259k kiml\u0259r\u0259s\u0259 \u00e7amur atmaqla olmur. M\u0259s\u0259l\u0259n, m\u00fcs\u0259lmanlar \u00f6zl\u0259rin\u0259 at\u0131lan \u00e7amurdan h\u0259l\u0259 d\u0259 t\u0259mizl\u0259n\u0259 bilmirl\u0259r. \u00dcst-ba\u015flar\u0131, h\u0259yatlar\u0131 h\u0259r zaman \u00e7irkli v\u0259 \u00e7amurlu olur. Amma m\u0259n\u0259viyyatca daha \u00e7amurlu olanlar onlara bu pal\u00e7\u0131\u011f\u0131 atanlard\u0131r.\n<\/p>\n<p>\n  Zaur b\u0259yin \u00f6z yaz\u0131s\u0131nda g\u0259tirdiyi misal kimi: &#8220;Svetlana Alekseyevi\u00e7 &#8220;Vremya Sekond Xend&#8221; kitab\u0131nda Stalin repressiyas\u0131na m\u0259ruz qalm\u0131\u015f bir qad\u0131n\u0131n d\u0259h\u015f\u0259tli taleyi bar\u0259d\u0259 yaz\u0131r ki, yataqxana tipli h\u0259r ail\u0259y\u0259 bir otaq veril\u0259n evl\u0259rd\u0259 ya\u015fayan bir qad\u0131n\u0131 NKVD h\u0259bs etm\u0259y\u0259 g\u0259l\u0259nd\u0259, o, q\u0131z\u0131n\u0131 qon\u015fudak\u0131 Anyaya tap\u015f\u0131r\u0131r. 17 illik KULAK-dan sonra qad\u0131n geri qay\u0131d\u0131r, g\u00f6r\u00fcr ki, Anya onun q\u0131z\u0131na bax\u0131b. Anyan\u0131n ayaqlar\u0131na d\u00fc\u015f\u00fcr, a\u011flay\u0131r, minn\u0259tdarl\u0131q edir. Amma bir az sonra Stalin \u00f6l\u00fcr, qad\u0131na b\u0259ra\u0259t verilir, ona cinay\u0259t i\u015fi il\u0259 tan\u0131\u015f olma\u011fa imkan verirl\u0259r. Ba\u015fda donoslar g\u0259lir. Donosu el\u0259 Anya yaz\u0131bm\u0131\u015f &#8211; onun q\u0131z\u0131na baxaraq, evini \u0259l\u0259 ke\u00e7irsin dey\u0259&#8221;.\n<\/p>\n<p>\n  G\u00f6r\u00fcrs\u00fczm\u00fc dostlar? O repressiyaya m\u0259ruz qalan qad\u0131n\u0131n ad\u0131 h\u0259tta Zaur Qurbanl\u0131n\u0131n m\u0259qal\u0259sind\u0259 bel\u0259 ke\u00e7mir. Amma t\u0259mizliyi qal\u0131b. Anya is\u0259 \u00f6l\u0259n\u0259d\u0259k \u00f6z\u00fcn\u00fc qalib saysa bel\u0259, t\u0259p\u0259d\u0259n d\u0131rna\u011fa \u00e7amur i\u00e7ind\u0259 olub.\n<\/p>\n<p>\n  \u00c7amurdan s\u00f6z d\u00fc\u015fm\u00fc\u015fk\u0259n, m\u00fcs\u0259lmanlara t\u0259r\u0259f at\u0131lan h\u0259r \u00e7amurun \u00e7\u0131x\u0131\u015f n\u00f6qt\u0259sinin Meydan TV olmas\u0131 niy\u0259s\u0259 m\u0259ni art\u0131q t\u0259\u0259cc\u00fcbl\u0259ndirmir. T\u0259\u0259cc\u00fcbl\u00fcd\u00fcr, g\u00f6r\u0259s\u0259n niy\u0259?<\/p>\n","protected":false},"excerpt":{"rendered":"<p>Fikrimc\u0259, t\u0259miz qala bilm\u0259k kiml\u0259r\u0259s\u0259 \u00e7amur atmaqla olmur.<\/p>\n","protected":false},"author":11,"featured_media":100347,"comment_status":"closed","ping_status":"open","sticky":false,"template":"","format":"standard","meta":{"_acf_changed":false,"_sitemap_exclude":false,"_sitemap_priority":"","_sitemap_frequency":"","footnotes":""},"categories":[57],"tags":[],"class_list":["post-188952","post","type-post","status-publish","format-standard","has-post-thumbnail","hentry","category-menim-fikrimce","infinite-scroll-item","generate-columns","tablet-grid-50","mobile-grid-100","grid-parent","grid-33","no-featured-image-padding"],"acf":[],"yoast_head":"<!-- This site is optimized with the Yoast SEO plugin v27.5 - https:\/\/yoast.com\/product\/yoast-seo-wordpress\/ -->\n<title>Zaur Qurbanl\u0131n\u0131n &#039;&#039;Tanr\u0131lara ox\u015famaqdan \u00e7\u0259kinm\u0259k laz\u0131md\u0131r&#039;&#039; yaz\u0131s\u0131na cavab - MEYDAN.TV<\/title>\n<meta name=\"robots\" content=\"index, follow, max-snippet:-1, max-image-preview:large, max-video-preview:-1\" \/>\n<link rel=\"canonical\" href=\"https:\/\/www.meydan.tv\/az\/article\/zaur-qurbanlinin-tanrilara-oxsamaqdan-cekinmek-lazimdir-yazisina-cavab\/\" \/>\n<meta property=\"og:locale\" content=\"az_AZ\" \/>\n<meta property=\"og:type\" content=\"article\" \/>\n<meta property=\"og:title\" content=\"Zaur Qurbanl\u0131n\u0131n &#039;&#039;Tanr\u0131lara ox\u015famaqdan \u00e7\u0259kinm\u0259k laz\u0131md\u0131r&#039;&#039; yaz\u0131s\u0131na cavab - MEYDAN.TV\" \/>\n<meta property=\"og:description\" content=\"Fikrimc\u0259, t\u0259miz qala bilm\u0259k kiml\u0259r\u0259s\u0259 \u00e7amur atmaqla olmur.\" \/>\n<meta property=\"og:url\" content=\"https:\/\/www.meydan.tv\/az\/article\/zaur-qurbanlinin-tanrilara-oxsamaqdan-cekinmek-lazimdir-yazisina-cavab\/\" \/>\n<meta property=\"og:site_name\" content=\"MEYDAN.TV\" \/>\n<meta property=\"article:published_time\" content=\"2018-03-03T17:57:38+00:00\" \/>\n<meta property=\"og:image\" content=\"https:\/\/www.meydan.tv\/wp-content\/uploads\/39708.jpg\" \/>\n\t<meta property=\"og:image:width\" content=\"800\" \/>\n\t<meta property=\"og:image:height\" content=\"450\" \/>\n\t<meta property=\"og:image:type\" content=\"image\/jpeg\" \/>\n<meta name=\"author\" content=\"user-manager\" \/>\n<meta name=\"twitter:card\" content=\"summary_large_image\" \/>\n<script type=\"application\/ld+json\" class=\"yoast-schema-graph\">{\"@context\":\"https:\\\/\\\/schema.org\",\"@graph\":[{\"@type\":\"Article\",\"@id\":\"https:\\\/\\\/www.meydan.tv\\\/az\\\/article\\\/zaur-qurbanlinin-tanrilara-oxsamaqdan-cekinmek-lazimdir-yazisina-cavab\\\/#article\",\"isPartOf\":{\"@id\":\"https:\\\/\\\/www.meydan.tv\\\/az\\\/article\\\/zaur-qurbanlinin-tanrilara-oxsamaqdan-cekinmek-lazimdir-yazisina-cavab\\\/\"},\"author\":{\"name\":\"user-manager\",\"@id\":\"https:\\\/\\\/www.meydan.tv\\\/az\\\/#\\\/schema\\\/person\\\/10d11eccf6da3662cf5fdab9806ea91a\"},\"headline\":\"Zaur Qurbanl\u0131n\u0131n &#8221;Tanr\u0131lara ox\u015famaqdan \u00e7\u0259kinm\u0259k laz\u0131md\u0131r&#8221; yaz\u0131s\u0131na cavab\",\"datePublished\":\"2018-03-03T17:57:38+00:00\",\"mainEntityOfPage\":{\"@id\":\"https:\\\/\\\/www.meydan.tv\\\/az\\\/article\\\/zaur-qurbanlinin-tanrilara-oxsamaqdan-cekinmek-lazimdir-yazisina-cavab\\\/\"},\"wordCount\":784,\"publisher\":{\"@id\":\"https:\\\/\\\/www.meydan.tv\\\/az\\\/#organization\"},\"image\":{\"@id\":\"https:\\\/\\\/www.meydan.tv\\\/az\\\/article\\\/zaur-qurbanlinin-tanrilara-oxsamaqdan-cekinmek-lazimdir-yazisina-cavab\\\/#primaryimage\"},\"thumbnailUrl\":\"https:\\\/\\\/www.meydan.tv\\\/wp-content\\\/uploads\\\/39708.jpg\",\"articleSection\":[\"M\u0259nim Fikrimc\u0259\"],\"inLanguage\":\"az\"},{\"@type\":\"WebPage\",\"@id\":\"https:\\\/\\\/www.meydan.tv\\\/az\\\/article\\\/zaur-qurbanlinin-tanrilara-oxsamaqdan-cekinmek-lazimdir-yazisina-cavab\\\/\",\"url\":\"https:\\\/\\\/www.meydan.tv\\\/az\\\/article\\\/zaur-qurbanlinin-tanrilara-oxsamaqdan-cekinmek-lazimdir-yazisina-cavab\\\/\",\"name\":\"Zaur Qurbanl\u0131n\u0131n ''Tanr\u0131lara ox\u015famaqdan \u00e7\u0259kinm\u0259k laz\u0131md\u0131r'' yaz\u0131s\u0131na cavab - MEYDAN.TV\",\"isPartOf\":{\"@id\":\"https:\\\/\\\/www.meydan.tv\\\/az\\\/#website\"},\"primaryImageOfPage\":{\"@id\":\"https:\\\/\\\/www.meydan.tv\\\/az\\\/article\\\/zaur-qurbanlinin-tanrilara-oxsamaqdan-cekinmek-lazimdir-yazisina-cavab\\\/#primaryimage\"},\"image\":{\"@id\":\"https:\\\/\\\/www.meydan.tv\\\/az\\\/article\\\/zaur-qurbanlinin-tanrilara-oxsamaqdan-cekinmek-lazimdir-yazisina-cavab\\\/#primaryimage\"},\"thumbnailUrl\":\"https:\\\/\\\/www.meydan.tv\\\/wp-content\\\/uploads\\\/39708.jpg\",\"datePublished\":\"2018-03-03T17:57:38+00:00\",\"breadcrumb\":{\"@id\":\"https:\\\/\\\/www.meydan.tv\\\/az\\\/article\\\/zaur-qurbanlinin-tanrilara-oxsamaqdan-cekinmek-lazimdir-yazisina-cavab\\\/#breadcrumb\"},\"inLanguage\":\"az\",\"potentialAction\":[{\"@type\":\"ReadAction\",\"target\":[\"https:\\\/\\\/www.meydan.tv\\\/az\\\/article\\\/zaur-qurbanlinin-tanrilara-oxsamaqdan-cekinmek-lazimdir-yazisina-cavab\\\/\"]}]},{\"@type\":\"ImageObject\",\"inLanguage\":\"az\",\"@id\":\"https:\\\/\\\/www.meydan.tv\\\/az\\\/article\\\/zaur-qurbanlinin-tanrilara-oxsamaqdan-cekinmek-lazimdir-yazisina-cavab\\\/#primaryimage\",\"url\":\"https:\\\/\\\/www.meydan.tv\\\/wp-content\\\/uploads\\\/39708.jpg\",\"contentUrl\":\"https:\\\/\\\/www.meydan.tv\\\/wp-content\\\/uploads\\\/39708.jpg\",\"width\":800,\"height\":450,\"caption\":\"Source:\"},{\"@type\":\"BreadcrumbList\",\"@id\":\"https:\\\/\\\/www.meydan.tv\\\/az\\\/article\\\/zaur-qurbanlinin-tanrilara-oxsamaqdan-cekinmek-lazimdir-yazisina-cavab\\\/#breadcrumb\",\"itemListElement\":[{\"@type\":\"ListItem\",\"position\":1,\"name\":\"Ana s\u0259hif\u0259\",\"item\":\"https:\\\/\\\/www.meydan.tv\\\/az\\\/\"},{\"@type\":\"ListItem\",\"position\":2,\"name\":\"M\u0259nim Fikrimc\u0259\",\"item\":\"https:\\\/\\\/www.meydan.tv\\\/az\\\/section\\\/menim-fikrimce\\\/\"},{\"@type\":\"ListItem\",\"position\":3,\"name\":\"Zaur Qurbanl\u0131n\u0131n &#8221;Tanr\u0131lara ox\u015famaqdan \u00e7\u0259kinm\u0259k laz\u0131md\u0131r&#8221; yaz\u0131s\u0131na cavab\"}]},{\"@type\":\"WebSite\",\"@id\":\"https:\\\/\\\/www.meydan.tv\\\/az\\\/#website\",\"url\":\"https:\\\/\\\/www.meydan.tv\\\/az\\\/\",\"name\":\"MEYDAN.TV\",\"description\":\"Meydan TV Az\u0259rbaycan\u0131n media m\u0259kan\u0131ndak\u0131 alternativ s\u0259sidir\",\"publisher\":{\"@id\":\"https:\\\/\\\/www.meydan.tv\\\/az\\\/#organization\"},\"potentialAction\":[{\"@type\":\"SearchAction\",\"target\":{\"@type\":\"EntryPoint\",\"urlTemplate\":\"https:\\\/\\\/www.meydan.tv\\\/az\\\/?s={search_term_string}\"},\"query-input\":{\"@type\":\"PropertyValueSpecification\",\"valueRequired\":true,\"valueName\":\"search_term_string\"}}],\"inLanguage\":\"az\"},{\"@type\":\"Organization\",\"@id\":\"https:\\\/\\\/www.meydan.tv\\\/az\\\/#organization\",\"name\":\"Meydan TV\",\"url\":\"https:\\\/\\\/www.meydan.tv\\\/az\\\/\",\"logo\":{\"@type\":\"ImageObject\",\"inLanguage\":\"az\",\"@id\":\"https:\\\/\\\/www.meydan.tv\\\/az\\\/#\\\/schema\\\/logo\\\/image\\\/\",\"url\":\"https:\\\/\\\/www.meydan.tv\\\/wp-content\\\/uploads\\\/2021\\\/07\\\/meydan-logo.svg\",\"contentUrl\":\"https:\\\/\\\/www.meydan.tv\\\/wp-content\\\/uploads\\\/2021\\\/07\\\/meydan-logo.svg\",\"width\":195,\"height\":46,\"caption\":\"Meydan TV\"},\"image\":{\"@id\":\"https:\\\/\\\/www.meydan.tv\\\/az\\\/#\\\/schema\\\/logo\\\/image\\\/\"}},{\"@type\":\"Person\",\"@id\":\"https:\\\/\\\/www.meydan.tv\\\/az\\\/#\\\/schema\\\/person\\\/10d11eccf6da3662cf5fdab9806ea91a\",\"name\":\"user-manager\"}]}<\/script>\n<!-- \/ Yoast SEO plugin. -->","yoast_head_json":{"title":"Zaur Qurbanl\u0131n\u0131n ''Tanr\u0131lara ox\u015famaqdan \u00e7\u0259kinm\u0259k laz\u0131md\u0131r'' yaz\u0131s\u0131na cavab - MEYDAN.TV","robots":{"index":"index","follow":"follow","max-snippet":"max-snippet:-1","max-image-preview":"max-image-preview:large","max-video-preview":"max-video-preview:-1"},"canonical":"https:\/\/www.meydan.tv\/az\/article\/zaur-qurbanlinin-tanrilara-oxsamaqdan-cekinmek-lazimdir-yazisina-cavab\/","og_locale":"az_AZ","og_type":"article","og_title":"Zaur Qurbanl\u0131n\u0131n ''Tanr\u0131lara ox\u015famaqdan \u00e7\u0259kinm\u0259k laz\u0131md\u0131r'' yaz\u0131s\u0131na cavab - MEYDAN.TV","og_description":"Fikrimc\u0259, t\u0259miz qala bilm\u0259k kiml\u0259r\u0259s\u0259 \u00e7amur atmaqla olmur.","og_url":"https:\/\/www.meydan.tv\/az\/article\/zaur-qurbanlinin-tanrilara-oxsamaqdan-cekinmek-lazimdir-yazisina-cavab\/","og_site_name":"MEYDAN.TV","article_published_time":"2018-03-03T17:57:38+00:00","og_image":[{"width":800,"height":450,"url":"https:\/\/www.meydan.tv\/wp-content\/uploads\/39708.jpg","type":"image\/jpeg"}],"author":"user-manager","twitter_card":"summary_large_image","schema":{"@context":"https:\/\/schema.org","@graph":[{"@type":"Article","@id":"https:\/\/www.meydan.tv\/az\/article\/zaur-qurbanlinin-tanrilara-oxsamaqdan-cekinmek-lazimdir-yazisina-cavab\/#article","isPartOf":{"@id":"https:\/\/www.meydan.tv\/az\/article\/zaur-qurbanlinin-tanrilara-oxsamaqdan-cekinmek-lazimdir-yazisina-cavab\/"},"author":{"name":"user-manager","@id":"https:\/\/www.meydan.tv\/az\/#\/schema\/person\/10d11eccf6da3662cf5fdab9806ea91a"},"headline":"Zaur Qurbanl\u0131n\u0131n &#8221;Tanr\u0131lara ox\u015famaqdan \u00e7\u0259kinm\u0259k laz\u0131md\u0131r&#8221; yaz\u0131s\u0131na cavab","datePublished":"2018-03-03T17:57:38+00:00","mainEntityOfPage":{"@id":"https:\/\/www.meydan.tv\/az\/article\/zaur-qurbanlinin-tanrilara-oxsamaqdan-cekinmek-lazimdir-yazisina-cavab\/"},"wordCount":784,"publisher":{"@id":"https:\/\/www.meydan.tv\/az\/#organization"},"image":{"@id":"https:\/\/www.meydan.tv\/az\/article\/zaur-qurbanlinin-tanrilara-oxsamaqdan-cekinmek-lazimdir-yazisina-cavab\/#primaryimage"},"thumbnailUrl":"https:\/\/www.meydan.tv\/wp-content\/uploads\/39708.jpg","articleSection":["M\u0259nim Fikrimc\u0259"],"inLanguage":"az"},{"@type":"WebPage","@id":"https:\/\/www.meydan.tv\/az\/article\/zaur-qurbanlinin-tanrilara-oxsamaqdan-cekinmek-lazimdir-yazisina-cavab\/","url":"https:\/\/www.meydan.tv\/az\/article\/zaur-qurbanlinin-tanrilara-oxsamaqdan-cekinmek-lazimdir-yazisina-cavab\/","name":"Zaur Qurbanl\u0131n\u0131n ''Tanr\u0131lara ox\u015famaqdan \u00e7\u0259kinm\u0259k laz\u0131md\u0131r'' yaz\u0131s\u0131na cavab - MEYDAN.TV","isPartOf":{"@id":"https:\/\/www.meydan.tv\/az\/#website"},"primaryImageOfPage":{"@id":"https:\/\/www.meydan.tv\/az\/article\/zaur-qurbanlinin-tanrilara-oxsamaqdan-cekinmek-lazimdir-yazisina-cavab\/#primaryimage"},"image":{"@id":"https:\/\/www.meydan.tv\/az\/article\/zaur-qurbanlinin-tanrilara-oxsamaqdan-cekinmek-lazimdir-yazisina-cavab\/#primaryimage"},"thumbnailUrl":"https:\/\/www.meydan.tv\/wp-content\/uploads\/39708.jpg","datePublished":"2018-03-03T17:57:38+00:00","breadcrumb":{"@id":"https:\/\/www.meydan.tv\/az\/article\/zaur-qurbanlinin-tanrilara-oxsamaqdan-cekinmek-lazimdir-yazisina-cavab\/#breadcrumb"},"inLanguage":"az","potentialAction":[{"@type":"ReadAction","target":["https:\/\/www.meydan.tv\/az\/article\/zaur-qurbanlinin-tanrilara-oxsamaqdan-cekinmek-lazimdir-yazisina-cavab\/"]}]},{"@type":"ImageObject","inLanguage":"az","@id":"https:\/\/www.meydan.tv\/az\/article\/zaur-qurbanlinin-tanrilara-oxsamaqdan-cekinmek-lazimdir-yazisina-cavab\/#primaryimage","url":"https:\/\/www.meydan.tv\/wp-content\/uploads\/39708.jpg","contentUrl":"https:\/\/www.meydan.tv\/wp-content\/uploads\/39708.jpg","width":800,"height":450,"caption":"Source:"},{"@type":"BreadcrumbList","@id":"https:\/\/www.meydan.tv\/az\/article\/zaur-qurbanlinin-tanrilara-oxsamaqdan-cekinmek-lazimdir-yazisina-cavab\/#breadcrumb","itemListElement":[{"@type":"ListItem","position":1,"name":"Ana s\u0259hif\u0259","item":"https:\/\/www.meydan.tv\/az\/"},{"@type":"ListItem","position":2,"name":"M\u0259nim Fikrimc\u0259","item":"https:\/\/www.meydan.tv\/az\/section\/menim-fikrimce\/"},{"@type":"ListItem","position":3,"name":"Zaur Qurbanl\u0131n\u0131n &#8221;Tanr\u0131lara ox\u015famaqdan \u00e7\u0259kinm\u0259k laz\u0131md\u0131r&#8221; yaz\u0131s\u0131na cavab"}]},{"@type":"WebSite","@id":"https:\/\/www.meydan.tv\/az\/#website","url":"https:\/\/www.meydan.tv\/az\/","name":"MEYDAN.TV","description":"Meydan TV Az\u0259rbaycan\u0131n media m\u0259kan\u0131ndak\u0131 alternativ s\u0259sidir","publisher":{"@id":"https:\/\/www.meydan.tv\/az\/#organization"},"potentialAction":[{"@type":"SearchAction","target":{"@type":"EntryPoint","urlTemplate":"https:\/\/www.meydan.tv\/az\/?s={search_term_string}"},"query-input":{"@type":"PropertyValueSpecification","valueRequired":true,"valueName":"search_term_string"}}],"inLanguage":"az"},{"@type":"Organization","@id":"https:\/\/www.meydan.tv\/az\/#organization","name":"Meydan TV","url":"https:\/\/www.meydan.tv\/az\/","logo":{"@type":"ImageObject","inLanguage":"az","@id":"https:\/\/www.meydan.tv\/az\/#\/schema\/logo\/image\/","url":"https:\/\/www.meydan.tv\/wp-content\/uploads\/2021\/07\/meydan-logo.svg","contentUrl":"https:\/\/www.meydan.tv\/wp-content\/uploads\/2021\/07\/meydan-logo.svg","width":195,"height":46,"caption":"Meydan TV"},"image":{"@id":"https:\/\/www.meydan.tv\/az\/#\/schema\/logo\/image\/"}},{"@type":"Person","@id":"https:\/\/www.meydan.tv\/az\/#\/schema\/person\/10d11eccf6da3662cf5fdab9806ea91a","name":"user-manager"}]}},"_links":{"self":[{"href":"https:\/\/www.meydan.tv\/az\/wp-json\/wp\/v2\/posts\/188952","targetHints":{"allow":["GET"]}}],"collection":[{"href":"https:\/\/www.meydan.tv\/az\/wp-json\/wp\/v2\/posts"}],"about":[{"href":"https:\/\/www.meydan.tv\/az\/wp-json\/wp\/v2\/types\/post"}],"author":[{"embeddable":true,"href":"https:\/\/www.meydan.tv\/az\/wp-json\/wp\/v2\/users\/11"}],"replies":[{"embeddable":true,"href":"https:\/\/www.meydan.tv\/az\/wp-json\/wp\/v2\/comments?post=188952"}],"version-history":[{"count":0,"href":"https:\/\/www.meydan.tv\/az\/wp-json\/wp\/v2\/posts\/188952\/revisions"}],"wp:featuredmedia":[{"embeddable":true,"href":"https:\/\/www.meydan.tv\/az\/wp-json\/wp\/v2\/media\/100347"}],"wp:attachment":[{"href":"https:\/\/www.meydan.tv\/az\/wp-json\/wp\/v2\/media?parent=188952"}],"wp:term":[{"taxonomy":"category","embeddable":true,"href":"https:\/\/www.meydan.tv\/az\/wp-json\/wp\/v2\/categories?post=188952"},{"taxonomy":"post_tag","embeddable":true,"href":"https:\/\/www.meydan.tv\/az\/wp-json\/wp\/v2\/tags?post=188952"}],"curies":[{"name":"wp","href":"https:\/\/api.w.org\/{rel}","templated":true}]}}