{"id":188944,"date":"2018-03-02T23:21:42","date_gmt":"2018-03-02T23:21:42","guid":{"rendered":"https:\/\/www.meydan.tv\/article\/kul-yagir-basimiza\/"},"modified":"2018-03-02T23:21:42","modified_gmt":"2018-03-02T23:21:42","slug":"kul-yagir-basimiza","status":"publish","type":"post","link":"https:\/\/www.meydan.tv\/az\/article\/kul-yagir-basimiza\/","title":{"rendered":"K\u00fcl ya\u011f\u0131r ba\u015f\u0131m\u0131za"},"content":{"rendered":"<p>\n  02 Mart 2018<br \/>\n  <br \/>\n  X\u0259tai rayonu, Z\u0131\u011f \u015fossesi\u2026<br \/>\n  <br \/>\n  Respublika Narkoloji M\u0259rk\u0259zi\u2026 Taxta konstruksiyal\u0131 korpus<br \/>\n  <br \/>\n  Saat 06:10<br \/>\n  <br \/>\n  \u0130\u00e7\u0259rid\u0259 55 n\u0259f\u0259r<br \/>\n  <br \/>\n  Yan\u011f\u0131n<br \/>\n  <br \/>\n  Saat 09:13<br \/>\n  <br \/>\n  25 \u00f6l\u00fc, 3 yaral\u0131<br \/>\n  <br \/>\n  K\u00dcL\u2026\n<\/p>\n<p>\n  Press-relizl\u0259r havada u\u00e7u\u015fur:\n<\/p>\n<p>\n  &#8230;\u00d6l\u0259nl\u0259rin ham\u0131s\u0131 m\u00fcalic\u0259 alan insanlar olub. Personaldan bir n\u0259f\u0259r d\u0259 yoxdur.\n<\/p>\n<p>\n  S\u0259b\u0259b yen\u0259, yen\u0259 v\u0259 yen\u0259 q\u0131sa qapanmad\u0131r.\n<\/p>\n<p>\n  N\u00f6vb\u0259t\u00e7i h\u0259kim yan\u011f\u0131n zaman\u0131 yerind\u0259 olmay\u0131b. Harda olmas\u0131 il\u0259 ba\u011fl\u0131 m\u0259lumat yoxdur\u2026\n<\/p>\n<p>\n  \u00d6l\u0259nl\u0259rin \u015f\u0259xsiyy\u0259ti v\u0259 ya\u015f\u0131 il\u0259 ba\u011fl\u0131 m\u0259lumat YOXDUR!\n<\/p>\n<p>\n  K\u00dcL\u2026\n<\/p>\n<p>\n  \u015eayi\u0259l\u0259rin biri bir q\u0259pikd\u0259ndir saytlarda&#8230;\n<\/p>\n<p>\n  &#8230;Yan\u011f\u0131n zaman\u0131 m\u00fchafiz\u0259 polisi yerind\u0259 olmay\u0131b.\n<\/p>\n<p>\n  D\u0130N deyir, dispanserd\u0259, \u00fcmumiyy\u0259tl\u0259, m\u00fchafiz\u0259 polisi xidm\u0259t aparm\u0131r.\n<\/p>\n<p>\n  K\u00dcL\u2026\n<\/p>\n<p>\n  He\u00e7 dem\u0259, yanan korpus 1978-ci ild\u0259 &#8211; 40 il \u0259vv\u0259l istifad\u0259y\u0259 verilib\u2026\n<\/p>\n<p>\n  He\u00e7 dem\u0259, Sabun\u00e7uda 4 korpus, 300 \u00e7arpay\u0131l\u0131q yeni m\u0259rk\u0259z bu yax\u0131nlarda istifad\u0259y\u0259 veril\u0259c\u0259kmi\u015f\u2026\n<\/p>\n<p>\n  K\u00dcL\u2026\n<\/p>\n<p>\n  S\u0259hiyy\u0259 Nazirliyi M\u0259tbuat xidm\u0259tinin r\u0259hb\u0259ri Liya xan\u0131m telefona cavab vermir. S\u0259fay\u0259 bac\u0131 m\u0259\u015f\u011fula at\u0131r&#8230;\n<\/p>\n<p>\n  D\u0130N- Anar b\u0259y deyir: \u201cOrxana z\u0259ng vur\u201d, Orxan m\u00fc\u0259llim deyir: \u201cSaytda yerl\u0259\u015fdirdiyimiz m\u0259lumatlarla kifay\u0259tl\u0259nin\u201d.\n<\/p>\n<p>\n  FHN &#8211; Oqtay qarda\u015f \u00fc\u00e7 ay bundan \u0259vv\u0259l i\u015fd\u0259n \u00e7\u0131x\u0131b. \u018fv\u0259zin\u0259 t\u0259yinat olmay\u0131b. Qalm\u0131\u015f\u0131q qurumun yayd\u0131\u011f\u0131 bir c\u00fcml\u0259lik press-relizl\u0259rin \u00fcmidin\u0259.\n<\/p>\n<p>\n  Bak\u0131 \u015e\u0259h\u0259r \u0130cra Hakimiyy\u0259tinin m\u0259tbuat xidm\u0259tini \u00e7oxdan unutmu\u015fuq gedib. \u0130ld\u0259 bir d\u0259f\u0259 yazda Novruz d\u0259v\u0259l\u0259ri do\u011fanda \u00e7\u0131x\u0131r meydana. Onda da bilmirik ad\u0131 Nuran\u0259dir, Nurid\u0259dir n\u0259dir\u2026\n<\/p>\n<p>\n  K\u00dcL&#8230;\n<\/p>\n<p>\n  Ne\u00e7\u0259 d\u0259f\u0259 K\u00dcL yazd\u0131m yuxar\u0131da. B\u00f6y\u00fck h\u0259rfl\u0259rl\u0259\u2026. 5 d\u0259f\u0259?\n<\/p>\n<p>\n  Azd\u0131r\u2026 \u00c7ox azd\u0131r. Ki\u00e7ikdir, balacad\u0131r. Ba\u015f\u0131m\u0131za olan qaramalar\u0131n, k\u00fcll\u0259rin yan\u0131nda he\u00e7 n\u0259dir.\n<\/p>\n<p>\n  M\u0259lumat ala bilmirik biz\u2026 \u0130\u015fl\u0259y\u0259 bilmirik\u2026 M\u00fcsahib\u0259 bir yana, telefonla bir sad\u0259 a\u00e7\u0131qlama \u00fcz\u00fcn\u0259 h\u0259sr\u0259t qalm\u0131\u015f\u0131q.\n<\/p>\n<p>\n  \u0130\u015fl\u0259y\u0259 bilmirsiniz qarda\u015flar! Bacarm\u0131rs\u0131n\u0131z, bac\u0131lar! Sizlik deyil o kreslolar, ay xan\u0131mlar! Sizlik deyil m\u00fc\u0259lliml\u0259r, m\u00fc\u0259llim\u0259l\u0259r\u2026 \u0130\u015fl\u0259y\u0259 bilmirsiniz..!\n<\/p>\n<p>\n  \u018fsrd\u0259 bir d\u0259f\u0259 \u00f6lk\u0259d\u0259 hadis\u0259 olur. Onda da susursunuz, tap\u0131lm\u0131rs\u0131n\u0131z, bir k\u0259lm\u0259 \u201cdi\u015f\u0259d\u0259y\u0259n\u201d a\u00e7\u0131qlama vermirsiniz.\n<\/p>\n<p>\n  M\u0259lumat \u00f6t\u00fcrm\u00fcrs\u00fcn\u00fcz\u2026\n<\/p>\n<p>\n  Yan\u0131r eee\n<\/p>\n<p>\n  \u0130\u00e7\u0259rid\u0259 adamlar diri-diri yan\u0131r\u2026\n<\/p>\n<p>\n  Siz susursunuz, i\u015fl\u0259y\u0259 bilmirsiniz\u2026\n<\/p>\n<p>\n  \u015eayi\u0259l\u0259r \u00fcmidin\u0259 qal\u0131b insanlar. \u00dcmidi siz olan yaz\u0131q insanlar. \u00dcmidsiz insanlar\u2026\n<\/p>\n<p>\n  25 n\u0259f\u0259r, 25 can, 25 \u00f6vlad, 25 ail\u0259 ba\u015f\u00e7\u0131s\u0131, 25 taleh, 25 \u00f6m\u00fcr\u2026<br \/>\n  <br \/>\n  25 s\u0259n\u2026 25 m\u0259n\u2026\n<\/p>\n<p>\n  Siz narkoman deyin, alkoqolik deyin\u2026 Daha f\u0259rqi yoxdur\u2026 K\u00fcld\u00fc ham\u0131s\u0131&#8230;Tan\u0131maq olmur he\u00e7 birini\u2026\n<\/p>\n<p>\n  4 u\u015faq atas\u0131d\u0131r biri, ba\u015fqas\u0131 c\u0259mi 22 ya\u015f\u0131ndad\u0131r b\u0259lk\u0259, \u0259n ya\u015fl\u0131s\u0131n\u0131 at\u0131b yax\u0131nlar\u0131 ne\u00e7\u0259 ayd\u0131r, yan\u0131na g\u0259l\u0259n yoxmu\u015f\u2026\n<\/p>\n<p>\n  Birinin q\u0131z\u0131 do\u011fulubmu\u015f yenic\u0259&#8230; Bir ya\u015fl\u0131 o\u011flunun xatirin\u0259 sa\u011falmaq ist\u0259yirmi\u015f o birisi\u2026\n<\/p>\n<p>\n  Bo\u011fuluram\u2026 K\u00fcl t\u00f6k\u00fcl\u00fcr ba\u015f\u0131mdan\u2026 Siz t\u0259r\u0259f\u0259 ya\u011fm\u0131r???<\/p>\n","protected":false},"excerpt":{"rendered":"<p>02 Mart 2018<\/p>\n","protected":false},"author":11,"featured_media":100344,"comment_status":"closed","ping_status":"open","sticky":false,"template":"","format":"standard","meta":{"_acf_changed":false,"_sitemap_exclude":false,"_sitemap_priority":"","_sitemap_frequency":"","footnotes":""},"categories":[57],"tags":[],"class_list":["post-188944","post","type-post","status-publish","format-standard","has-post-thumbnail","hentry","category-menim-fikrimce","infinite-scroll-item","generate-columns","tablet-grid-50","mobile-grid-100","grid-parent","grid-33","no-featured-image-padding"],"acf":[],"yoast_head":"<!-- This site is optimized with the Yoast SEO plugin v27.5 - https:\/\/yoast.com\/product\/yoast-seo-wordpress\/ -->\n<title>K\u00fcl ya\u011f\u0131r ba\u015f\u0131m\u0131za - MEYDAN.TV<\/title>\n<meta name=\"robots\" content=\"index, follow, max-snippet:-1, max-image-preview:large, max-video-preview:-1\" \/>\n<link rel=\"canonical\" href=\"https:\/\/www.meydan.tv\/az\/article\/kul-yagir-basimiza\/\" \/>\n<meta property=\"og:locale\" content=\"az_AZ\" \/>\n<meta property=\"og:type\" content=\"article\" \/>\n<meta property=\"og:title\" content=\"K\u00fcl ya\u011f\u0131r ba\u015f\u0131m\u0131za - MEYDAN.TV\" \/>\n<meta property=\"og:description\" content=\"02 Mart 2018\" \/>\n<meta property=\"og:url\" content=\"https:\/\/www.meydan.tv\/az\/article\/kul-yagir-basimiza\/\" \/>\n<meta property=\"og:site_name\" content=\"MEYDAN.TV\" \/>\n<meta property=\"article:published_time\" content=\"2018-03-02T23:21:42+00:00\" \/>\n<meta property=\"og:image\" content=\"https:\/\/www.meydan.tv\/wp-content\/uploads\/39699.jpg\" \/>\n\t<meta property=\"og:image:width\" content=\"1773\" \/>\n\t<meta property=\"og:image:height\" content=\"1182\" \/>\n\t<meta property=\"og:image:type\" content=\"image\/jpeg\" \/>\n<meta name=\"author\" content=\"user-manager\" \/>\n<meta name=\"twitter:card\" content=\"summary_large_image\" \/>\n<script type=\"application\/ld+json\" class=\"yoast-schema-graph\">{\"@context\":\"https:\\\/\\\/schema.org\",\"@graph\":[{\"@type\":\"Article\",\"@id\":\"https:\\\/\\\/www.meydan.tv\\\/az\\\/article\\\/kul-yagir-basimiza\\\/#article\",\"isPartOf\":{\"@id\":\"https:\\\/\\\/www.meydan.tv\\\/az\\\/article\\\/kul-yagir-basimiza\\\/\"},\"author\":{\"name\":\"user-manager\",\"@id\":\"https:\\\/\\\/www.meydan.tv\\\/az\\\/#\\\/schema\\\/person\\\/10d11eccf6da3662cf5fdab9806ea91a\"},\"headline\":\"K\u00fcl ya\u011f\u0131r ba\u015f\u0131m\u0131za\",\"datePublished\":\"2018-03-02T23:21:42+00:00\",\"mainEntityOfPage\":{\"@id\":\"https:\\\/\\\/www.meydan.tv\\\/az\\\/article\\\/kul-yagir-basimiza\\\/\"},\"wordCount\":543,\"publisher\":{\"@id\":\"https:\\\/\\\/www.meydan.tv\\\/az\\\/#organization\"},\"image\":{\"@id\":\"https:\\\/\\\/www.meydan.tv\\\/az\\\/article\\\/kul-yagir-basimiza\\\/#primaryimage\"},\"thumbnailUrl\":\"https:\\\/\\\/www.meydan.tv\\\/wp-content\\\/uploads\\\/39699.jpg\",\"articleSection\":[\"M\u0259nim Fikrimc\u0259\"],\"inLanguage\":\"az\"},{\"@type\":\"WebPage\",\"@id\":\"https:\\\/\\\/www.meydan.tv\\\/az\\\/article\\\/kul-yagir-basimiza\\\/\",\"url\":\"https:\\\/\\\/www.meydan.tv\\\/az\\\/article\\\/kul-yagir-basimiza\\\/\",\"name\":\"K\u00fcl ya\u011f\u0131r ba\u015f\u0131m\u0131za - MEYDAN.TV\",\"isPartOf\":{\"@id\":\"https:\\\/\\\/www.meydan.tv\\\/az\\\/#website\"},\"primaryImageOfPage\":{\"@id\":\"https:\\\/\\\/www.meydan.tv\\\/az\\\/article\\\/kul-yagir-basimiza\\\/#primaryimage\"},\"image\":{\"@id\":\"https:\\\/\\\/www.meydan.tv\\\/az\\\/article\\\/kul-yagir-basimiza\\\/#primaryimage\"},\"thumbnailUrl\":\"https:\\\/\\\/www.meydan.tv\\\/wp-content\\\/uploads\\\/39699.jpg\",\"datePublished\":\"2018-03-02T23:21:42+00:00\",\"breadcrumb\":{\"@id\":\"https:\\\/\\\/www.meydan.tv\\\/az\\\/article\\\/kul-yagir-basimiza\\\/#breadcrumb\"},\"inLanguage\":\"az\",\"potentialAction\":[{\"@type\":\"ReadAction\",\"target\":[\"https:\\\/\\\/www.meydan.tv\\\/az\\\/article\\\/kul-yagir-basimiza\\\/\"]}]},{\"@type\":\"ImageObject\",\"inLanguage\":\"az\",\"@id\":\"https:\\\/\\\/www.meydan.tv\\\/az\\\/article\\\/kul-yagir-basimiza\\\/#primaryimage\",\"url\":\"https:\\\/\\\/www.meydan.tv\\\/wp-content\\\/uploads\\\/39699.jpg\",\"contentUrl\":\"https:\\\/\\\/www.meydan.tv\\\/wp-content\\\/uploads\\\/39699.jpg\",\"width\":1773,\"height\":1182,\"caption\":\"Source:\"},{\"@type\":\"BreadcrumbList\",\"@id\":\"https:\\\/\\\/www.meydan.tv\\\/az\\\/article\\\/kul-yagir-basimiza\\\/#breadcrumb\",\"itemListElement\":[{\"@type\":\"ListItem\",\"position\":1,\"name\":\"Ana s\u0259hif\u0259\",\"item\":\"https:\\\/\\\/www.meydan.tv\\\/az\\\/\"},{\"@type\":\"ListItem\",\"position\":2,\"name\":\"M\u0259nim Fikrimc\u0259\",\"item\":\"https:\\\/\\\/www.meydan.tv\\\/az\\\/section\\\/menim-fikrimce\\\/\"},{\"@type\":\"ListItem\",\"position\":3,\"name\":\"K\u00fcl ya\u011f\u0131r ba\u015f\u0131m\u0131za\"}]},{\"@type\":\"WebSite\",\"@id\":\"https:\\\/\\\/www.meydan.tv\\\/az\\\/#website\",\"url\":\"https:\\\/\\\/www.meydan.tv\\\/az\\\/\",\"name\":\"MEYDAN.TV\",\"description\":\"Meydan TV Az\u0259rbaycan\u0131n media m\u0259kan\u0131ndak\u0131 alternativ s\u0259sidir\",\"publisher\":{\"@id\":\"https:\\\/\\\/www.meydan.tv\\\/az\\\/#organization\"},\"potentialAction\":[{\"@type\":\"SearchAction\",\"target\":{\"@type\":\"EntryPoint\",\"urlTemplate\":\"https:\\\/\\\/www.meydan.tv\\\/az\\\/?s={search_term_string}\"},\"query-input\":{\"@type\":\"PropertyValueSpecification\",\"valueRequired\":true,\"valueName\":\"search_term_string\"}}],\"inLanguage\":\"az\"},{\"@type\":\"Organization\",\"@id\":\"https:\\\/\\\/www.meydan.tv\\\/az\\\/#organization\",\"name\":\"Meydan TV\",\"url\":\"https:\\\/\\\/www.meydan.tv\\\/az\\\/\",\"logo\":{\"@type\":\"ImageObject\",\"inLanguage\":\"az\",\"@id\":\"https:\\\/\\\/www.meydan.tv\\\/az\\\/#\\\/schema\\\/logo\\\/image\\\/\",\"url\":\"https:\\\/\\\/www.meydan.tv\\\/wp-content\\\/uploads\\\/2021\\\/07\\\/meydan-logo.svg\",\"contentUrl\":\"https:\\\/\\\/www.meydan.tv\\\/wp-content\\\/uploads\\\/2021\\\/07\\\/meydan-logo.svg\",\"width\":195,\"height\":46,\"caption\":\"Meydan TV\"},\"image\":{\"@id\":\"https:\\\/\\\/www.meydan.tv\\\/az\\\/#\\\/schema\\\/logo\\\/image\\\/\"}},{\"@type\":\"Person\",\"@id\":\"https:\\\/\\\/www.meydan.tv\\\/az\\\/#\\\/schema\\\/person\\\/10d11eccf6da3662cf5fdab9806ea91a\",\"name\":\"user-manager\"}]}<\/script>\n<!-- \/ Yoast SEO plugin. -->","yoast_head_json":{"title":"K\u00fcl ya\u011f\u0131r ba\u015f\u0131m\u0131za - MEYDAN.TV","robots":{"index":"index","follow":"follow","max-snippet":"max-snippet:-1","max-image-preview":"max-image-preview:large","max-video-preview":"max-video-preview:-1"},"canonical":"https:\/\/www.meydan.tv\/az\/article\/kul-yagir-basimiza\/","og_locale":"az_AZ","og_type":"article","og_title":"K\u00fcl ya\u011f\u0131r ba\u015f\u0131m\u0131za - MEYDAN.TV","og_description":"02 Mart 2018","og_url":"https:\/\/www.meydan.tv\/az\/article\/kul-yagir-basimiza\/","og_site_name":"MEYDAN.TV","article_published_time":"2018-03-02T23:21:42+00:00","og_image":[{"width":1773,"height":1182,"url":"https:\/\/www.meydan.tv\/wp-content\/uploads\/39699.jpg","type":"image\/jpeg"}],"author":"user-manager","twitter_card":"summary_large_image","schema":{"@context":"https:\/\/schema.org","@graph":[{"@type":"Article","@id":"https:\/\/www.meydan.tv\/az\/article\/kul-yagir-basimiza\/#article","isPartOf":{"@id":"https:\/\/www.meydan.tv\/az\/article\/kul-yagir-basimiza\/"},"author":{"name":"user-manager","@id":"https:\/\/www.meydan.tv\/az\/#\/schema\/person\/10d11eccf6da3662cf5fdab9806ea91a"},"headline":"K\u00fcl ya\u011f\u0131r ba\u015f\u0131m\u0131za","datePublished":"2018-03-02T23:21:42+00:00","mainEntityOfPage":{"@id":"https:\/\/www.meydan.tv\/az\/article\/kul-yagir-basimiza\/"},"wordCount":543,"publisher":{"@id":"https:\/\/www.meydan.tv\/az\/#organization"},"image":{"@id":"https:\/\/www.meydan.tv\/az\/article\/kul-yagir-basimiza\/#primaryimage"},"thumbnailUrl":"https:\/\/www.meydan.tv\/wp-content\/uploads\/39699.jpg","articleSection":["M\u0259nim Fikrimc\u0259"],"inLanguage":"az"},{"@type":"WebPage","@id":"https:\/\/www.meydan.tv\/az\/article\/kul-yagir-basimiza\/","url":"https:\/\/www.meydan.tv\/az\/article\/kul-yagir-basimiza\/","name":"K\u00fcl ya\u011f\u0131r ba\u015f\u0131m\u0131za - MEYDAN.TV","isPartOf":{"@id":"https:\/\/www.meydan.tv\/az\/#website"},"primaryImageOfPage":{"@id":"https:\/\/www.meydan.tv\/az\/article\/kul-yagir-basimiza\/#primaryimage"},"image":{"@id":"https:\/\/www.meydan.tv\/az\/article\/kul-yagir-basimiza\/#primaryimage"},"thumbnailUrl":"https:\/\/www.meydan.tv\/wp-content\/uploads\/39699.jpg","datePublished":"2018-03-02T23:21:42+00:00","breadcrumb":{"@id":"https:\/\/www.meydan.tv\/az\/article\/kul-yagir-basimiza\/#breadcrumb"},"inLanguage":"az","potentialAction":[{"@type":"ReadAction","target":["https:\/\/www.meydan.tv\/az\/article\/kul-yagir-basimiza\/"]}]},{"@type":"ImageObject","inLanguage":"az","@id":"https:\/\/www.meydan.tv\/az\/article\/kul-yagir-basimiza\/#primaryimage","url":"https:\/\/www.meydan.tv\/wp-content\/uploads\/39699.jpg","contentUrl":"https:\/\/www.meydan.tv\/wp-content\/uploads\/39699.jpg","width":1773,"height":1182,"caption":"Source:"},{"@type":"BreadcrumbList","@id":"https:\/\/www.meydan.tv\/az\/article\/kul-yagir-basimiza\/#breadcrumb","itemListElement":[{"@type":"ListItem","position":1,"name":"Ana s\u0259hif\u0259","item":"https:\/\/www.meydan.tv\/az\/"},{"@type":"ListItem","position":2,"name":"M\u0259nim Fikrimc\u0259","item":"https:\/\/www.meydan.tv\/az\/section\/menim-fikrimce\/"},{"@type":"ListItem","position":3,"name":"K\u00fcl ya\u011f\u0131r ba\u015f\u0131m\u0131za"}]},{"@type":"WebSite","@id":"https:\/\/www.meydan.tv\/az\/#website","url":"https:\/\/www.meydan.tv\/az\/","name":"MEYDAN.TV","description":"Meydan TV Az\u0259rbaycan\u0131n media m\u0259kan\u0131ndak\u0131 alternativ s\u0259sidir","publisher":{"@id":"https:\/\/www.meydan.tv\/az\/#organization"},"potentialAction":[{"@type":"SearchAction","target":{"@type":"EntryPoint","urlTemplate":"https:\/\/www.meydan.tv\/az\/?s={search_term_string}"},"query-input":{"@type":"PropertyValueSpecification","valueRequired":true,"valueName":"search_term_string"}}],"inLanguage":"az"},{"@type":"Organization","@id":"https:\/\/www.meydan.tv\/az\/#organization","name":"Meydan TV","url":"https:\/\/www.meydan.tv\/az\/","logo":{"@type":"ImageObject","inLanguage":"az","@id":"https:\/\/www.meydan.tv\/az\/#\/schema\/logo\/image\/","url":"https:\/\/www.meydan.tv\/wp-content\/uploads\/2021\/07\/meydan-logo.svg","contentUrl":"https:\/\/www.meydan.tv\/wp-content\/uploads\/2021\/07\/meydan-logo.svg","width":195,"height":46,"caption":"Meydan TV"},"image":{"@id":"https:\/\/www.meydan.tv\/az\/#\/schema\/logo\/image\/"}},{"@type":"Person","@id":"https:\/\/www.meydan.tv\/az\/#\/schema\/person\/10d11eccf6da3662cf5fdab9806ea91a","name":"user-manager"}]}},"_links":{"self":[{"href":"https:\/\/www.meydan.tv\/az\/wp-json\/wp\/v2\/posts\/188944","targetHints":{"allow":["GET"]}}],"collection":[{"href":"https:\/\/www.meydan.tv\/az\/wp-json\/wp\/v2\/posts"}],"about":[{"href":"https:\/\/www.meydan.tv\/az\/wp-json\/wp\/v2\/types\/post"}],"author":[{"embeddable":true,"href":"https:\/\/www.meydan.tv\/az\/wp-json\/wp\/v2\/users\/11"}],"replies":[{"embeddable":true,"href":"https:\/\/www.meydan.tv\/az\/wp-json\/wp\/v2\/comments?post=188944"}],"version-history":[{"count":0,"href":"https:\/\/www.meydan.tv\/az\/wp-json\/wp\/v2\/posts\/188944\/revisions"}],"wp:featuredmedia":[{"embeddable":true,"href":"https:\/\/www.meydan.tv\/az\/wp-json\/wp\/v2\/media\/100344"}],"wp:attachment":[{"href":"https:\/\/www.meydan.tv\/az\/wp-json\/wp\/v2\/media?parent=188944"}],"wp:term":[{"taxonomy":"category","embeddable":true,"href":"https:\/\/www.meydan.tv\/az\/wp-json\/wp\/v2\/categories?post=188944"},{"taxonomy":"post_tag","embeddable":true,"href":"https:\/\/www.meydan.tv\/az\/wp-json\/wp\/v2\/tags?post=188944"}],"curies":[{"name":"wp","href":"https:\/\/api.w.org\/{rel}","templated":true}]}}