{"id":188942,"date":"2018-03-02T18:47:06","date_gmt":"2018-03-02T18:47:06","guid":{"rendered":"https:\/\/www.meydan.tv\/article\/prezidentin-teyin-etdiklerini-tenqid-etmek-olarmi-olmazmi\/"},"modified":"2018-03-02T18:47:06","modified_gmt":"2018-03-02T18:47:06","slug":"prezidentin-teyin-etdiklerini-tenqid-etmek-olarmi-olmazmi","status":"publish","type":"post","link":"https:\/\/www.meydan.tv\/az\/article\/prezidentin-teyin-etdiklerini-tenqid-etmek-olarmi-olmazmi\/","title":{"rendered":"Prezidentin t\u0259yin etdikl\u0259rini t\u0259nqid etm\u0259k olarm\u0131, olmazm\u0131?"},"content":{"rendered":"<figure class=\"wp-block-image size-large\">\n  <img decoding=\"async\" src=\"https:\/\/www.meydan.tv\/az\/ilham-eliyev-ve-komandasi\/\" alt=\"\u0130lham \u018fliyev v\u0259 komandas\u0131\" class=\"wp-image-100329\"\/><figcaption>\n    \u0130lham \u018fliyev v\u0259 komandas\u0131<br \/>\n  <\/figcaption><\/figure>\n<p>\n  <i><br \/>\n    \u201cPrezidentin t\u0259yin etdiyi m\u0259murlar\u0131 t\u0259nqid etm\u0259k olmaz\u201d.<br \/>\n  <\/i><br \/>\n  Son g\u00fcnl\u0259rd\u0259 bu c\u00fcml\u0259 mediada xeyli t\u0259krarlanm\u0131\u015fd\u0131. Jurnalist \u018fv\u0259z Zeynall\u0131n\u0131 Ba\u015f Prokurorlu\u011fa \u00e7a\u011f\u0131rm\u0131\u015fd\u0131lar. O, \u00e7a\u011f\u0131r\u0131\u015fdan sonra demi\u015fdi ki, yuxar\u0131dak\u0131 c\u00fcml\u0259ni ona prokurorlu\u011fun y\u00fcks\u0259k pill\u0259sind\u0259 duran r\u0259smi \u015f\u0259xs s\u00f6yl\u0259yib.\n<\/p>\n<p>\n  Dogrudanm\u0131, y\u00fcks\u0259k pill\u0259d\u0259 dayanan r\u0259sminin dediyi kimi, m\u0259murlar\u0131 t\u0259nqid etm\u0259k olmaz? Yaz\u0131da bu suala Avropa \u0130nsan Haqlar\u0131 M\u0259hk\u0259m\u0259sinin ifad\u0259 azadl\u0131\u011f\u0131 il\u0259 ba\u011fl\u0131 t\u0259cr\u00fcb\u0259sinin i\u015f\u0131\u011f\u0131nda cavab verm\u0259y\u0259 \u00e7al\u0131\u015faca\u011f\u0131q.\n<\/p>\n<p>\n  \u0130\u015f buras\u0131ndad\u0131r ki, ifad\u0259 azadl\u0131\u011f\u0131 h\u00fcququ t\u0259cr\u00fcb\u0259si h\u0259min c\u00fcml\u0259nin tam \u0259ksini deyir.\n<\/p>\n<p>\n  \u0130ctimai funksiyalar\u0131 yerin\u0259 yetir\u0259n qurumlar\u0131n, ictimai \u015f\u0259xsl\u0259rin t\u0259nqidinin h\u00fcdudlar\u0131 dig\u0259r \u015f\u0259xsl\u0259rl\u0259 m\u00fcqayis\u0259d\u0259 daha geni\u015fdir. Bu, demokratik toplumun idar\u0259 olunmas\u0131nda v\u0259 inki\u015faf\u0131nda ifad\u0259 azadl\u0131\u011f\u0131n\u0131n oynad\u0131\u011f\u0131 m\u00fch\u00fcm rolla ba\u011fl\u0131d\u0131r.\n<\/p>\n<p>\n  \u00dcmumiyy\u0259tl\u0259, milli h\u00f6kum\u0259tl\u0259r ifad\u0259 azadl\u0131\u011f\u0131n\u0131 m\u0259hdudla\u015fd\u0131rark\u0259n, jurnalisti ifad\u0259l\u0259rin\u0259 g\u00f6r\u0259, c\u0259zaland\u0131rark\u0259n m\u0259hk\u0259m\u0259l\u0259r \u201cba\u015fqa \u015f\u0259xsl\u0259rin n\u00fcfuzunun v\u0259 h\u00fcquqlar\u0131n\u0131n qorunmas\u0131\u201d m\u0259qs\u0259din\u0259 tez-tez istinad edir. \u00c7ox vaxt da bu vasit\u0259y\u0259 siyas\u0259t\u00e7il\u0259ri v\u0259 d\u00f6vl\u0259t v\u0259zif\u0259lil\u0259rini t\u0259nqidl\u0259rd\u0259n qorumaq \u00fc\u00e7\u00fcn \u0259l at\u0131rlar. Bu, yaln\u0131z Az\u0259rbaycana xas olan t\u0259cr\u00fcb\u0259 deyil, A\u0130HM t\u0259cr\u00fcb\u0259sind\u0259 onlarla \u00f6lk\u0259d\u0259n daxil olmu\u015f eyni m\u0259zmunlu i\u015fl\u0259r\u0259 bax\u0131l\u0131b, q\u0259rar verilib. Bel\u0259 i\u015fl\u0259rd\u0259 A\u0130HM h\u0259m ayr\u0131-ayr\u0131 \u015f\u0259xsl\u0259rin, h\u0259m d\u0259 \u00f6z\u0259llikl\u0259 m\u0259tbuat v\u0259 jurnalistl\u0259rin ifad\u0259 azadl\u0131\u011f\u0131 h\u00fcququnu y\u00fcks\u0259kd\u0259 tutub.\n<\/p>\n<blockquote><p>\n  \u0130ctimai i\u015f g\u00f6r\u0259nl\u0259rin t\u0259nqidi\n<\/p><\/blockquote>\n<p>\n  A\u0130HM Lingens Avstriyaya qar\u015f\u0131 i\u015fd\u0259 media azadl\u0131\u011f\u0131 il\u0259 m\u0259murun &#8211; y\u00fcks\u0259k v\u0259zif\u0259li r\u0259smi \u015f\u0259xsin n\u00fcfuzunun qorunmas\u0131 aras\u0131nda balans\u0131 ara\u015fd\u0131rd\u0131.\n<\/p>\n<p>\n  Bu m\u0259hk\u0259m\u0259 i\u015find\u0259 s\u00f6hb\u0259t n\u0259d\u0259n gedirdi &#8211; Avstriyada se\u00e7kil\u0259r olmu\u015fdu, se\u00e7kid\u0259n sonra jurnalist yeni se\u00e7ilmi\u015f \u00f6lk\u0259 ba\u015f\u00e7\u0131s\u0131n\u0131 t\u0259nqid ed\u0259n iki m\u0259qal\u0259 d\u0259rc etmi\u015fdi. Jurnalist yaz\u0131lar\u0131nda \u00f6lk\u0259 ba\u015f\u00e7\u0131s\u0131n\u0131 nasist ke\u00e7mi\u015fi olan \u015f\u0259xsin r\u0259hb\u0259rlik etdiyi partiya il\u0259 koalisiya qurdu\u011funa g\u00f6r\u0259 t\u0259nqid etmi\u015f, onun add\u0131mlar\u0131n\u0131 \u201cm\u0259n\u0259viyyats\u0131z\u201d, \u201cl\u0259yaq\u0259tsiz\u201d v\u0259 \u201c\u0259n a\u015fa\u011f\u0131 s\u0259viyy\u0259li opportunizm kimi qiym\u0259tl\u0259ndirmi\u015fdi. \u00d6lk\u0259 ba\u015f\u00e7\u0131s\u0131 onu m\u0259hk\u0259m\u0259y\u0259 vermi\u015fdi. Yerli m\u0259hk\u0259m\u0259l\u0259r jurnalistin ifad\u0259l\u0259rini t\u0259hqiramiz sayaraq onu c\u0259zaland\u0131rm\u0131\u015fd\u0131lar. M\u0259hk\u0259m\u0259l\u0259r jurnalistd\u0259n t\u0259l\u0259b etmi\u015fdi ki, \u00f6lk\u0259 ba\u015f\u00e7\u0131s\u0131n\u0131n add\u0131m\u0131n\u0131n \u201c\u0259n a\u015fa\u011f\u0131 s\u0259viyy\u0259li opportunist\u201d h\u0259r\u0259k\u0259t oldu\u011funu s\u00fcbut etsin. Jurnalistin ifad\u0259 azadl\u0131\u011f\u0131na m\u00fcdaxil\u0259 \u00f6lk\u0259 ba\u015f\u00e7\u0131s\u0131n\u0131n n\u00fcfuzunun qorunmas\u0131 il\u0259 \u0259sasland\u0131r\u0131lm\u0131\u015fd\u0131.\n<\/p>\n<p>\n  A\u0130HM bu i\u015f\u0259 baxark\u0259n bildirdi ki, siyas\u0259t\u00e7il\u0259r median\u0131n t\u0259nqidl\u0259rin\u0259 qar\u015f\u0131 daha geni\u015f d\u0259r\u0259c\u0259d\u0259 d\u00f6z\u00fcml\u00fc olmal\u0131d\u0131rlar.\n<\/p>\n<p>\n  \u201cM\u0259tbuat azadl\u0131\u011f\u0131 siyasi liderl\u0259rin ideyalar\u0131 v\u0259 bax\u0131\u015flar\u0131 bar\u0259d\u0259 r\u0259yl\u0259rin a\u015fkara \u00e7\u0131xmas\u0131 v\u0259 formala\u015fmas\u0131 \u00fc\u00e7\u00fcn toplumu \u0259n yax\u015f\u0131 vasit\u0259l\u0259rd\u0259n biri il\u0259 t\u0259min edir. \u00d6z\u0259l \u015f\u0259xs\u0259 nisb\u0259t\u0259n siyas\u0259t\u00e7iy\u0259 m\u00fcnasib\u0259td\u0259 t\u0259nqidin yolveril\u0259n h\u0259ddi daha geni\u015fdir. \u00d6z\u0259l \u015f\u0259xsl\u0259rd\u0259n f\u0259rqli olaraq siyas\u0259t\u00e7il\u0259r bil\u0259-bil\u0259 v\u0259 qa\u00e7\u0131lmaz olaraq s\u00f6zl\u0259rini v\u0259 h\u0259r\u0259k\u0259tl\u0259rini jurnalistl\u0259rin v\u0259 geni\u015f toplumun yax\u0131ndan \u00e7\u0259k-\u00e7evir etm\u0259l\u0259rin\u0259 a\u00e7\u0131q tuturlar. Bu s\u0259b\u0259bd\u0259n d\u0259 onlar bel\u0259 \u00e7\u0259k-\u00e7evirl\u0259r\u0259 qar\u015f\u0131 daha b\u00f6y\u00fck d\u0259r\u0259c\u0259d\u0259 d\u00f6z\u00fcml\u00fck g\u00f6st\u0259rm\u0259lidirl\u0259r\u201d.\n<\/p>\n<p>\n  A\u0130HM diqq\u0259ti h\u0259m d\u0259 m\u00fczakir\u0259 edil\u0259n m\u0259qal\u0259nin yaz\u0131ld\u0131\u011f\u0131 siyasi \u015f\u0259rait\u0259 \u00e7\u0259kib dedi ki, etiraz edil\u0259n ifad\u0259l\u0259r\u0259 se\u00e7kil\u0259rd\u0259n sonra q\u0131z\u0131\u015fm\u0131\u015f siyasi m\u00fcbariz\u0259nin fonunda baxmaq laz\u0131md\u0131r, bu m\u00fcbariz\u0259d\u0259 h\u0259r k\u0259s ixtiyar\u0131nda olan silahdan istifad\u0259 etmi\u015fdi v\u0259 k\u0259skin siyasi diskussiya zaman\u0131 bunda qeyri-adi he\u00e7 n\u0259 yox idi&#8230; M\u0259hk\u0259m\u0259 yekunda hesab etdi ki, jurnalistin h\u00fcquqlar\u0131 pozulub.\n<\/p>\n<p>\n  \u0130ctimai i\u015f g\u00f6r\u0259nl\u0259rin t\u0259nqidi il\u0259 ba\u011fl\u0131 \u00f6rn\u0259k yerli m\u0259hk\u0259m\u0259 q\u0259rarlar\u0131 da var. \u201cAzadl\u0131q\u201d q\u0259zeti \u0130mi\u015fli Rayon D\u0259miryolu \u0130dar\u0259sinin r\u0259isi F\u0259yyaz Xanki\u015fiyevin korrupsiya il\u0259 \u0259laq\u0259li olmas\u0131ndan yazm\u0131\u015fd\u0131. F.Xanki\u015fiyev \u201cAzadl\u0131q\u201d q\u0259zetinin ba\u015f redaktoru Q\u0259nim\u0259t Zahid\u0259 qar\u015f\u0131 x\u00fcsusi ittiham qaydas\u0131nda \u015fikay\u0259t vermi\u015f, onun h\u0259bsini t\u0259l\u0259b etmi\u015fdi. Yasamal Rayon M\u0259hk\u0259m\u0259si haz\u0131rl\u0131q iclas\u0131nda \u015fikay\u0259ti r\u0259dd etdi. M\u0259hk\u0259m\u0259 \u00f6z q\u0259rar\u0131nda qeyd etdi ki, Az\u0259rbaycan Avropa Konvensiyas\u0131n\u0131n i\u015ftirak\u00e7\u0131s\u0131d\u0131r, A\u0130HM-in yurisdiksiyas\u0131n\u0131n m\u0259cburiliyini tan\u0131y\u0131r v\u0259 Az\u0259rbaycan m\u0259hk\u0259m\u0259l\u0259ri milli qanunvericilikl\u0259 A\u0130HM-in t\u0259cr\u00fcb\u0259sin\u0259 d\u0259 istinad etm\u0259lidir. Yasamal M\u0259hk\u0259m\u0259si A\u0130HM q\u0259rarlar\u0131na istinadla qeyd etdi ki, ifad\u0259 azadl\u0131\u011f\u0131 demokratik c\u0259miyy\u0259tin \u0259saslar\u0131n\u0131 t\u0259\u015fkil edir. R\u0259smi \u015f\u0259xsl\u0259rin t\u0259nqidinin dair\u0259si adi \u015f\u0259xsl\u0259rd\u0259n daha geni\u015fdir, onlar t\u0259nqid\u0259 daha d\u00f6z\u00fcml\u00fc yana\u015fmal\u0131d\u0131rlar.\n<\/p>\n<blockquote><p>\n  R\u0259smi \u015f\u0259xsl\u0259ri t\u0259nqid etm\u0259k\n<\/p><\/blockquote>\n<p>\n  R\u0259smi \u015f\u0259xsl\u0259rin t\u0259nqidi il\u0259 ba\u011fl\u0131 ba\u015fqa bir i\u015fd\u0259 &#8211; \u201cTorgeyrson \u0130slandiyaya qar\u015f\u0131\u201d i\u015fd\u0259 d\u0259 m\u0259hk\u0259m\u0259 d\u00f6vl\u0259t qulluq\u00e7ular\u0131n\u0131n t\u0259nqidi il\u0259 ba\u011fl\u0131 m\u0259s\u0259l\u0259d\u0259 d\u0259 m\u0259tbuat\u0131n azadl\u0131\u011f\u0131n\u0131 d\u0259st\u0259kl\u0259yir.\n<\/p>\n<p>\n  Bu i\u015fd\u0259 m\u00f6vzu g\u00fcnd\u0259lik q\u0259zetd\u0259 polisin q\u0259ddarl\u0131\u011f\u0131ndan b\u0259hs ed\u0259n iki m\u0259qal\u0259 idi. Birinci m\u0259qal\u0259 \u0259dliyy\u0259 nazirin\u0259 \u00fcnvanlanm\u0131\u015f m\u0259ktub formas\u0131nda idi. Jurnalist naziri polisin q\u0259ddarl\u0131\u011f\u0131 bar\u0259d\u0259 artan \u015faiy\u0259l\u0259ri ara\u015fd\u0131rmaq \u00fc\u00e7\u00fcn komissiya yaratma\u011fa \u00e7a\u011f\u0131rm\u0131\u015fd\u0131. Jurnalist polisin q\u0259ddarl\u0131\u011f\u0131n\u0131n qurban\u0131 oldu\u011funu d\u00fc\u015f\u00fcnd\u00fcy\u00fc bir \u015f\u0259xsi misal g\u00f6st\u0259rmi\u015fdi. Polis \u0259m\u0259kda\u015flar\u0131n\u0131 v\u0259 onlar\u0131n davran\u0131\u015f\u0131n\u0131 t\u0259svir ed\u0259rk\u0259n jurnalist a\u015fa\u011f\u0131dak\u0131 ifad\u0259l\u0259rd\u0259n istifad\u0259 etmi\u015fdi: &#8211; \u201c\u015f\u0259h\u0259rin gec\u0259 h\u0259yat\u0131n\u0131n c\u0259ng\u0259llikl\u0259rind\u0259 sakitc\u0259 v\u0259 ya s\u0259s-k\u00fcyl\u0259 dola\u015fan uniformal\u0131 v\u0259h\u015fi heyvanlar\u201d, \u201cinsanlar\u0131 ehmalca v\u0259 diqq\u0259tl\u0259 yaxalamaq \u0259v\u0259zin\u0259 polisl\u0259r\u0259 v\u0259 yek\u0259p\u0259rl\u0259r\u0259 daim bunu q\u0259ddarl\u0131qla etm\u0259yin \u00f6yr\u0259dilm\u0259si v\u0259 bundan amans\u0131z \u00f6zba\u015f\u0131nal\u0131qla istifad\u0259 edilm\u0259si n\u0259tic\u0259sind\u0259 \u0259qli s\u0259viyy\u0259l\u0259ri yeni do\u011fulmu\u015f u\u015fa\u011f\u0131n s\u0259viyy\u0259sin\u0259 enmi\u015f \u015f\u0259xsl\u0259r\u201d, \u201c\u00f6z iyr\u0259nc c\u0259h\u0259tl\u0259rini g\u00f6st\u0259r\u0259r\u0259k q\u0259ddar v\u0259 sadist h\u0259r\u0259k\u0259tl\u0259r\u0259 yol ver\u0259n adamlar\u201d&#8230;\n<\/p>\n<p>\n  Jurnalist\u0259 polis i\u015f\u00e7il\u0259rini n\u00fcfuzdan salma\u011fa g\u00f6r\u0259 c\u0259rim\u0259 c\u0259zas\u0131 verdil\u0259r. Milli m\u0259hk\u0259m\u0259 \u00f6z q\u0259rar\u0131n\u0131 onunla \u0259sasland\u0131rd\u0131 ki, jurnalist polisl\u0259rin \u201cn\u00fcfuzunun\u201d qorunmas\u0131 \u00fc\u00e7\u00fcn m\u0259hkum olunub v\u0259 polis\u0259 qar\u015f\u0131 yol veril\u0259n t\u0259nqidin h\u00fcdudlar\u0131 yaln\u0131z siyasi nitql\u0259r zaman\u0131 geni\u015f ola bil\u0259r.\n<\/p>\n<p>\n  A\u0130HM is\u0259 dedi ki, m\u0259hk\u0259m\u0259nin siyasi m\u00fczakir\u0259 il\u0259 toplumun mara\u011f\u0131nda olan m\u0259s\u0259l\u0259l\u0259rin m\u00fczakir\u0259si aras\u0131nda f\u0259rq qoyuldu\u011funu dem\u0259y\u0259 \u0259sas ver\u0259n h\u0259r hans\u0131 presedenti yoxdur. M\u0259hk\u0259m\u0259 x\u00fcsusi vur\u011fulad\u0131 ki, d\u00f6vl\u0259t qulluq\u00e7ular\u0131 da t\u0259nqid\u0259 siyasi \u015f\u0259xsl\u0259r kimi d\u00f6z\u00fcml\u00fc yana\u015fmal\u0131d\u0131r.\n<\/p>\n<p>\n  Ancaq o da qeyd olunmal\u0131d\u0131r ki, m\u0259hk\u0259m\u0259 d\u00f6vl\u0259t qulluq\u00e7ular\u0131 il\u0259 siyasi \u015f\u0259xsl\u0259rin t\u0259nqidind\u0259 \u00e7\u0259r\u00e7iv\u0259nin f\u0259rqli oldu\u011funu ifad\u0259 edir. Toma L\u00fcksemburqa qar\u015f\u0131 i\u015fd\u0259, jurnalist Su v\u0259 Me\u015f\u0259 komissiyas\u0131n\u0131n b\u00fct\u00fcn m\u0259murlar\u0131n\u0131n son n\u0259f\u0259rin\u0259 q\u0259d\u0259r korrupsiyaya u\u011frad\u0131\u011f\u0131n\u0131 demi\u015fdi. M\u0259hk\u0259m\u0259 bu q\u0259d\u0259r s\u0259rt ifad\u0259y\u0259 r\u0259gm\u0259n, jurnalist\u0259 haqq qazand\u0131rd\u0131. Dedi ki, yaz\u0131dak\u0131 m\u00f6vzu geni\u015f debatlara \u00e7\u0131xar\u0131l\u0131b, \u00fcmumi maraq do\u011furan olub. R\u0259smi \u015f\u0259xs qismind\u0259 f\u0259aliyy\u0259t g\u00f6st\u0259r\u0259n d\u00f6vl\u0259t qulluq\u00e7ular\u0131 da siyas\u0259t\u00e7il\u0259r kimi adi \u015f\u0259xsl\u0259r\u0259 nisb\u0259t\u0259n daha geni\u015f t\u0259nqid oluna bil\u0259rl\u0259r. Lakin bu, o dem\u0259k deyil ki, d\u00f6vl\u0259t qulluq\u00e7ular\u0131 t\u0259nqid olunark\u0259n onlara da siyas\u0259t\u00e7il\u0259rd\u0259 oldu\u011fu \u00f6l\u00e7\u00fcd\u0259n yana\u015f\u0131lmal\u0131d\u0131r.\n<\/p>\n<blockquote><p>\n  H\u00f6kum\u0259tl\u0259rin t\u0259nqidi\n<\/p><\/blockquote>\n<p>\n  M\u0259hk\u0259m\u0259 h\u00f6kum\u0259tin t\u0259nqidi il\u0259 ba\u011fl\u0131 i\u015fl\u0259rin \u0259ks\u0259riyy\u0259tind\u0259 d\u0259 jurnalistin h\u00f6kum\u0259ti t\u0259nqid etm\u0259k azadl\u0131\u011f\u0131n\u0131 d\u0259st\u0259kl\u0259diyini vur\u011fulay\u0131b.\n<\/p>\n<p>\n  S\u00fcr\u0259k v\u0259 \u00d6zd\u0259mir T\u00fcrkiy\u0259y\u0259 qar\u015f\u0131 i\u015fd\u0259 m\u0259hk\u0259m\u0259 bildirdi ki, h\u00f6kum\u0259t\u0259 qar\u015f\u0131 t\u0259nqidin yolveril\u0259n h\u00fcdudlar\u0131 adi v\u0259t\u0259nda\u015fa, yaxud h\u0259tta siyas\u0259t\u00e7iy\u0259 nisb\u0259t\u0259n daha geni\u015fdir. Kastells \u0130spaniyaya qar\u015f\u0131 i\u015fd\u0259 bu fikri t\u0259krarlayan m\u0259hk\u0259m\u0259 x\u00fcsusi vur\u011fulad\u0131 ki, h\u00f6kum\u0259tl\u0259rin h\u0259r\u0259k\u0259tl\u0259ri v\u0259 ya h\u0259r\u0259k\u0259tsizliyi t\u0259kc\u0259 qanunverici v\u0259 m\u0259hk\u0259m\u0259 hakimiyy\u0259ti orqanlar\u0131n\u0131n deyil, h\u0259m d\u0259 m\u0259tbuat\u0131n v\u0259 ictimai r\u0259yin ciddi n\u0259zar\u0259tin\u0259 m\u0259ruz qalmal\u0131d\u0131r.\n<\/p>\n<p>\n  N\u0259tic\u0259 olaraq, vur\u011fulamaq laz\u0131md\u0131r ki, ictimai i\u015f g\u00f6r\u0259n qurumlar\u0131n, siyasi v\u0259 r\u0259smi \u015f\u0259xsl\u0259rin f\u0259aliyy\u0259ti il\u0259 ba\u011fl\u0131 t\u0259nqidl\u0259r ictimai m\u0259nafey\u0259 y\u00f6n\u0259lik ifad\u0259l\u0259r hesab olunur. Bel\u0259 \u015f\u0259xsl\u0259rin, qurumlar\u0131n t\u0259nqidinin yolveril\u0259n h\u0259dl\u0259ri adi \u015f\u0259xsl\u0259r\u0259 nisb\u0259t\u0259n daha geni\u015fdir. H\u0259m d\u0259 siyasi \u015f\u0259xsl\u0259rin t\u0259nqidinin h\u0259dl\u0259ri d\u00f6vl\u0259t v\u0259 dig\u0259r publik qurumlar\u0131n qulluq\u00e7ular\u0131na nisb\u0259t\u0259n daha geni\u015fdir.\n<\/p>\n<p>\n  \u015e\u0259xsin siyasi v\u0259 ictimai \u00e7\u0259kisi, ictimai prosesl\u0259r\u0259 t\u0259sir imkanlar\u0131, tutdu\u011fu v\u0259zif\u0259si n\u0259 q\u0259d\u0259r b\u00f6y\u00fckd\u00fcrs\u0259, onun t\u0259nqid\u0259 d\u00f6z\u00fcml\u00fcl\u00fck d\u0259r\u0259c\u0259si d\u0259 daha geni\u015f olmal\u0131d\u0131r.\n<\/p>\n<p>\n  Yekunda ar\u0131n-arxay\u0131n s\u00f6yl\u0259y\u0259 bil\u0259rik ki, \u00f6lk\u0259 ba\u015f\u00e7\u0131s\u0131n\u0131n t\u0259yin etdiyi m\u0259murlar\u0131, \u00fcmumiyy\u0259tl\u0259, t\u0259yin olunmu\u015flar\u0131 rahatl\u0131qla t\u0259nqid etm\u0259k olar. \u018fn az\u0131 qanunlar, h\u00fcquq t\u0259nqid ed\u0259nl\u0259rin yan\u0131ndad\u0131r.\n<\/p><\/p>\n","protected":false},"excerpt":{"rendered":"<p>Siyas\u0259t\u00e7il\u0259r median\u0131n t\u0259nqidl\u0259rin\u0259 qar\u015f\u0131 daha geni\u015f d\u0259r\u0259c\u0259d\u0259 d\u00f6z\u00fcml\u00fc olmal\u0131d\u0131rlar<\/p>\n","protected":false},"author":11,"featured_media":100329,"comment_status":"closed","ping_status":"open","sticky":false,"template":"","format":"standard","meta":{"_acf_changed":false,"_sitemap_exclude":false,"_sitemap_priority":"","_sitemap_frequency":"","footnotes":""},"categories":[51],"tags":[],"class_list":["post-188942","post","type-post","status-publish","format-standard","has-post-thumbnail","hentry","category-analitika","infinite-scroll-item","generate-columns","tablet-grid-50","mobile-grid-100","grid-parent","grid-33","no-featured-image-padding"],"acf":[],"yoast_head":"<!-- This site is optimized with the Yoast SEO plugin v27.4 - https:\/\/yoast.com\/product\/yoast-seo-wordpress\/ -->\n<title>Prezidentin t\u0259yin etdikl\u0259rini t\u0259nqid etm\u0259k olarm\u0131, olmazm\u0131? - MEYDAN.TV<\/title>\n<meta name=\"robots\" content=\"index, follow, max-snippet:-1, max-image-preview:large, max-video-preview:-1\" \/>\n<link rel=\"canonical\" href=\"https:\/\/www.meydan.tv\/az\/article\/prezidentin-teyin-etdiklerini-tenqid-etmek-olarmi-olmazmi\/\" \/>\n<meta property=\"og:locale\" content=\"az_AZ\" \/>\n<meta property=\"og:type\" content=\"article\" \/>\n<meta property=\"og:title\" content=\"Prezidentin t\u0259yin etdikl\u0259rini t\u0259nqid etm\u0259k olarm\u0131, olmazm\u0131? - MEYDAN.TV\" \/>\n<meta property=\"og:description\" content=\"Siyas\u0259t\u00e7il\u0259r median\u0131n t\u0259nqidl\u0259rin\u0259 qar\u015f\u0131 daha geni\u015f d\u0259r\u0259c\u0259d\u0259 d\u00f6z\u00fcml\u00fc olmal\u0131d\u0131rlar\" \/>\n<meta property=\"og:url\" content=\"https:\/\/www.meydan.tv\/az\/article\/prezidentin-teyin-etdiklerini-tenqid-etmek-olarmi-olmazmi\/\" \/>\n<meta property=\"og:site_name\" content=\"MEYDAN.TV\" \/>\n<meta property=\"article:published_time\" content=\"2018-03-02T18:47:06+00:00\" \/>\n<meta property=\"og:image\" content=\"https:\/\/www.meydan.tv\/wp-content\/uploads\/39696.jpg\" \/>\n\t<meta property=\"og:image:width\" content=\"985\" \/>\n\t<meta property=\"og:image:height\" content=\"669\" \/>\n\t<meta property=\"og:image:type\" content=\"image\/jpeg\" \/>\n<meta name=\"author\" content=\"user-manager\" \/>\n<meta name=\"twitter:card\" content=\"summary_large_image\" \/>\n<script type=\"application\/ld+json\" class=\"yoast-schema-graph\">{\"@context\":\"https:\\\/\\\/schema.org\",\"@graph\":[{\"@type\":\"Article\",\"@id\":\"https:\\\/\\\/www.meydan.tv\\\/az\\\/article\\\/prezidentin-teyin-etdiklerini-tenqid-etmek-olarmi-olmazmi\\\/#article\",\"isPartOf\":{\"@id\":\"https:\\\/\\\/www.meydan.tv\\\/az\\\/article\\\/prezidentin-teyin-etdiklerini-tenqid-etmek-olarmi-olmazmi\\\/\"},\"author\":{\"name\":\"user-manager\",\"@id\":\"https:\\\/\\\/www.meydan.tv\\\/az\\\/#\\\/schema\\\/person\\\/10d11eccf6da3662cf5fdab9806ea91a\"},\"headline\":\"Prezidentin t\u0259yin etdikl\u0259rini t\u0259nqid etm\u0259k olarm\u0131, olmazm\u0131?\",\"datePublished\":\"2018-03-02T18:47:06+00:00\",\"mainEntityOfPage\":{\"@id\":\"https:\\\/\\\/www.meydan.tv\\\/az\\\/article\\\/prezidentin-teyin-etdiklerini-tenqid-etmek-olarmi-olmazmi\\\/\"},\"wordCount\":1866,\"publisher\":{\"@id\":\"https:\\\/\\\/www.meydan.tv\\\/az\\\/#organization\"},\"image\":{\"@id\":\"https:\\\/\\\/www.meydan.tv\\\/az\\\/article\\\/prezidentin-teyin-etdiklerini-tenqid-etmek-olarmi-olmazmi\\\/#primaryimage\"},\"thumbnailUrl\":\"https:\\\/\\\/www.meydan.tv\\\/wp-content\\\/uploads\\\/39696.jpg\",\"articleSection\":[\"Analitika\"],\"inLanguage\":\"az\"},{\"@type\":\"WebPage\",\"@id\":\"https:\\\/\\\/www.meydan.tv\\\/az\\\/article\\\/prezidentin-teyin-etdiklerini-tenqid-etmek-olarmi-olmazmi\\\/\",\"url\":\"https:\\\/\\\/www.meydan.tv\\\/az\\\/article\\\/prezidentin-teyin-etdiklerini-tenqid-etmek-olarmi-olmazmi\\\/\",\"name\":\"Prezidentin t\u0259yin etdikl\u0259rini t\u0259nqid etm\u0259k olarm\u0131, olmazm\u0131? - MEYDAN.TV\",\"isPartOf\":{\"@id\":\"https:\\\/\\\/www.meydan.tv\\\/az\\\/#website\"},\"primaryImageOfPage\":{\"@id\":\"https:\\\/\\\/www.meydan.tv\\\/az\\\/article\\\/prezidentin-teyin-etdiklerini-tenqid-etmek-olarmi-olmazmi\\\/#primaryimage\"},\"image\":{\"@id\":\"https:\\\/\\\/www.meydan.tv\\\/az\\\/article\\\/prezidentin-teyin-etdiklerini-tenqid-etmek-olarmi-olmazmi\\\/#primaryimage\"},\"thumbnailUrl\":\"https:\\\/\\\/www.meydan.tv\\\/wp-content\\\/uploads\\\/39696.jpg\",\"datePublished\":\"2018-03-02T18:47:06+00:00\",\"breadcrumb\":{\"@id\":\"https:\\\/\\\/www.meydan.tv\\\/az\\\/article\\\/prezidentin-teyin-etdiklerini-tenqid-etmek-olarmi-olmazmi\\\/#breadcrumb\"},\"inLanguage\":\"az\",\"potentialAction\":[{\"@type\":\"ReadAction\",\"target\":[\"https:\\\/\\\/www.meydan.tv\\\/az\\\/article\\\/prezidentin-teyin-etdiklerini-tenqid-etmek-olarmi-olmazmi\\\/\"]}]},{\"@type\":\"ImageObject\",\"inLanguage\":\"az\",\"@id\":\"https:\\\/\\\/www.meydan.tv\\\/az\\\/article\\\/prezidentin-teyin-etdiklerini-tenqid-etmek-olarmi-olmazmi\\\/#primaryimage\",\"url\":\"https:\\\/\\\/www.meydan.tv\\\/wp-content\\\/uploads\\\/39696.jpg\",\"contentUrl\":\"https:\\\/\\\/www.meydan.tv\\\/wp-content\\\/uploads\\\/39696.jpg\",\"width\":985,\"height\":669,\"caption\":\"Source:\"},{\"@type\":\"BreadcrumbList\",\"@id\":\"https:\\\/\\\/www.meydan.tv\\\/az\\\/article\\\/prezidentin-teyin-etdiklerini-tenqid-etmek-olarmi-olmazmi\\\/#breadcrumb\",\"itemListElement\":[{\"@type\":\"ListItem\",\"position\":1,\"name\":\"Ana s\u0259hif\u0259\",\"item\":\"https:\\\/\\\/www.meydan.tv\\\/az\\\/\"},{\"@type\":\"ListItem\",\"position\":2,\"name\":\"Analitika\",\"item\":\"https:\\\/\\\/www.meydan.tv\\\/az\\\/section\\\/analitika\\\/\"},{\"@type\":\"ListItem\",\"position\":3,\"name\":\"Prezidentin t\u0259yin etdikl\u0259rini t\u0259nqid etm\u0259k olarm\u0131, olmazm\u0131?\"}]},{\"@type\":\"WebSite\",\"@id\":\"https:\\\/\\\/www.meydan.tv\\\/az\\\/#website\",\"url\":\"https:\\\/\\\/www.meydan.tv\\\/az\\\/\",\"name\":\"MEYDAN.TV\",\"description\":\"Meydan TV Az\u0259rbaycan\u0131n media m\u0259kan\u0131ndak\u0131 alternativ s\u0259sidir\",\"publisher\":{\"@id\":\"https:\\\/\\\/www.meydan.tv\\\/az\\\/#organization\"},\"potentialAction\":[{\"@type\":\"SearchAction\",\"target\":{\"@type\":\"EntryPoint\",\"urlTemplate\":\"https:\\\/\\\/www.meydan.tv\\\/az\\\/?s={search_term_string}\"},\"query-input\":{\"@type\":\"PropertyValueSpecification\",\"valueRequired\":true,\"valueName\":\"search_term_string\"}}],\"inLanguage\":\"az\"},{\"@type\":\"Organization\",\"@id\":\"https:\\\/\\\/www.meydan.tv\\\/az\\\/#organization\",\"name\":\"Meydan TV\",\"url\":\"https:\\\/\\\/www.meydan.tv\\\/az\\\/\",\"logo\":{\"@type\":\"ImageObject\",\"inLanguage\":\"az\",\"@id\":\"https:\\\/\\\/www.meydan.tv\\\/az\\\/#\\\/schema\\\/logo\\\/image\\\/\",\"url\":\"https:\\\/\\\/www.meydan.tv\\\/wp-content\\\/uploads\\\/2021\\\/07\\\/meydan-logo.svg\",\"contentUrl\":\"https:\\\/\\\/www.meydan.tv\\\/wp-content\\\/uploads\\\/2021\\\/07\\\/meydan-logo.svg\",\"width\":195,\"height\":46,\"caption\":\"Meydan TV\"},\"image\":{\"@id\":\"https:\\\/\\\/www.meydan.tv\\\/az\\\/#\\\/schema\\\/logo\\\/image\\\/\"}},{\"@type\":\"Person\",\"@id\":\"https:\\\/\\\/www.meydan.tv\\\/az\\\/#\\\/schema\\\/person\\\/10d11eccf6da3662cf5fdab9806ea91a\",\"name\":\"user-manager\"}]}<\/script>\n<!-- \/ Yoast SEO plugin. -->","yoast_head_json":{"title":"Prezidentin t\u0259yin etdikl\u0259rini t\u0259nqid etm\u0259k olarm\u0131, olmazm\u0131? - MEYDAN.TV","robots":{"index":"index","follow":"follow","max-snippet":"max-snippet:-1","max-image-preview":"max-image-preview:large","max-video-preview":"max-video-preview:-1"},"canonical":"https:\/\/www.meydan.tv\/az\/article\/prezidentin-teyin-etdiklerini-tenqid-etmek-olarmi-olmazmi\/","og_locale":"az_AZ","og_type":"article","og_title":"Prezidentin t\u0259yin etdikl\u0259rini t\u0259nqid etm\u0259k olarm\u0131, olmazm\u0131? - MEYDAN.TV","og_description":"Siyas\u0259t\u00e7il\u0259r median\u0131n t\u0259nqidl\u0259rin\u0259 qar\u015f\u0131 daha geni\u015f d\u0259r\u0259c\u0259d\u0259 d\u00f6z\u00fcml\u00fc olmal\u0131d\u0131rlar","og_url":"https:\/\/www.meydan.tv\/az\/article\/prezidentin-teyin-etdiklerini-tenqid-etmek-olarmi-olmazmi\/","og_site_name":"MEYDAN.TV","article_published_time":"2018-03-02T18:47:06+00:00","og_image":[{"width":985,"height":669,"url":"https:\/\/www.meydan.tv\/wp-content\/uploads\/39696.jpg","type":"image\/jpeg"}],"author":"user-manager","twitter_card":"summary_large_image","schema":{"@context":"https:\/\/schema.org","@graph":[{"@type":"Article","@id":"https:\/\/www.meydan.tv\/az\/article\/prezidentin-teyin-etdiklerini-tenqid-etmek-olarmi-olmazmi\/#article","isPartOf":{"@id":"https:\/\/www.meydan.tv\/az\/article\/prezidentin-teyin-etdiklerini-tenqid-etmek-olarmi-olmazmi\/"},"author":{"name":"user-manager","@id":"https:\/\/www.meydan.tv\/az\/#\/schema\/person\/10d11eccf6da3662cf5fdab9806ea91a"},"headline":"Prezidentin t\u0259yin etdikl\u0259rini t\u0259nqid etm\u0259k olarm\u0131, olmazm\u0131?","datePublished":"2018-03-02T18:47:06+00:00","mainEntityOfPage":{"@id":"https:\/\/www.meydan.tv\/az\/article\/prezidentin-teyin-etdiklerini-tenqid-etmek-olarmi-olmazmi\/"},"wordCount":1866,"publisher":{"@id":"https:\/\/www.meydan.tv\/az\/#organization"},"image":{"@id":"https:\/\/www.meydan.tv\/az\/article\/prezidentin-teyin-etdiklerini-tenqid-etmek-olarmi-olmazmi\/#primaryimage"},"thumbnailUrl":"https:\/\/www.meydan.tv\/wp-content\/uploads\/39696.jpg","articleSection":["Analitika"],"inLanguage":"az"},{"@type":"WebPage","@id":"https:\/\/www.meydan.tv\/az\/article\/prezidentin-teyin-etdiklerini-tenqid-etmek-olarmi-olmazmi\/","url":"https:\/\/www.meydan.tv\/az\/article\/prezidentin-teyin-etdiklerini-tenqid-etmek-olarmi-olmazmi\/","name":"Prezidentin t\u0259yin etdikl\u0259rini t\u0259nqid etm\u0259k olarm\u0131, olmazm\u0131? - MEYDAN.TV","isPartOf":{"@id":"https:\/\/www.meydan.tv\/az\/#website"},"primaryImageOfPage":{"@id":"https:\/\/www.meydan.tv\/az\/article\/prezidentin-teyin-etdiklerini-tenqid-etmek-olarmi-olmazmi\/#primaryimage"},"image":{"@id":"https:\/\/www.meydan.tv\/az\/article\/prezidentin-teyin-etdiklerini-tenqid-etmek-olarmi-olmazmi\/#primaryimage"},"thumbnailUrl":"https:\/\/www.meydan.tv\/wp-content\/uploads\/39696.jpg","datePublished":"2018-03-02T18:47:06+00:00","breadcrumb":{"@id":"https:\/\/www.meydan.tv\/az\/article\/prezidentin-teyin-etdiklerini-tenqid-etmek-olarmi-olmazmi\/#breadcrumb"},"inLanguage":"az","potentialAction":[{"@type":"ReadAction","target":["https:\/\/www.meydan.tv\/az\/article\/prezidentin-teyin-etdiklerini-tenqid-etmek-olarmi-olmazmi\/"]}]},{"@type":"ImageObject","inLanguage":"az","@id":"https:\/\/www.meydan.tv\/az\/article\/prezidentin-teyin-etdiklerini-tenqid-etmek-olarmi-olmazmi\/#primaryimage","url":"https:\/\/www.meydan.tv\/wp-content\/uploads\/39696.jpg","contentUrl":"https:\/\/www.meydan.tv\/wp-content\/uploads\/39696.jpg","width":985,"height":669,"caption":"Source:"},{"@type":"BreadcrumbList","@id":"https:\/\/www.meydan.tv\/az\/article\/prezidentin-teyin-etdiklerini-tenqid-etmek-olarmi-olmazmi\/#breadcrumb","itemListElement":[{"@type":"ListItem","position":1,"name":"Ana s\u0259hif\u0259","item":"https:\/\/www.meydan.tv\/az\/"},{"@type":"ListItem","position":2,"name":"Analitika","item":"https:\/\/www.meydan.tv\/az\/section\/analitika\/"},{"@type":"ListItem","position":3,"name":"Prezidentin t\u0259yin etdikl\u0259rini t\u0259nqid etm\u0259k olarm\u0131, olmazm\u0131?"}]},{"@type":"WebSite","@id":"https:\/\/www.meydan.tv\/az\/#website","url":"https:\/\/www.meydan.tv\/az\/","name":"MEYDAN.TV","description":"Meydan TV Az\u0259rbaycan\u0131n media m\u0259kan\u0131ndak\u0131 alternativ s\u0259sidir","publisher":{"@id":"https:\/\/www.meydan.tv\/az\/#organization"},"potentialAction":[{"@type":"SearchAction","target":{"@type":"EntryPoint","urlTemplate":"https:\/\/www.meydan.tv\/az\/?s={search_term_string}"},"query-input":{"@type":"PropertyValueSpecification","valueRequired":true,"valueName":"search_term_string"}}],"inLanguage":"az"},{"@type":"Organization","@id":"https:\/\/www.meydan.tv\/az\/#organization","name":"Meydan TV","url":"https:\/\/www.meydan.tv\/az\/","logo":{"@type":"ImageObject","inLanguage":"az","@id":"https:\/\/www.meydan.tv\/az\/#\/schema\/logo\/image\/","url":"https:\/\/www.meydan.tv\/wp-content\/uploads\/2021\/07\/meydan-logo.svg","contentUrl":"https:\/\/www.meydan.tv\/wp-content\/uploads\/2021\/07\/meydan-logo.svg","width":195,"height":46,"caption":"Meydan TV"},"image":{"@id":"https:\/\/www.meydan.tv\/az\/#\/schema\/logo\/image\/"}},{"@type":"Person","@id":"https:\/\/www.meydan.tv\/az\/#\/schema\/person\/10d11eccf6da3662cf5fdab9806ea91a","name":"user-manager"}]}},"_links":{"self":[{"href":"https:\/\/www.meydan.tv\/az\/wp-json\/wp\/v2\/posts\/188942","targetHints":{"allow":["GET"]}}],"collection":[{"href":"https:\/\/www.meydan.tv\/az\/wp-json\/wp\/v2\/posts"}],"about":[{"href":"https:\/\/www.meydan.tv\/az\/wp-json\/wp\/v2\/types\/post"}],"author":[{"embeddable":true,"href":"https:\/\/www.meydan.tv\/az\/wp-json\/wp\/v2\/users\/11"}],"replies":[{"embeddable":true,"href":"https:\/\/www.meydan.tv\/az\/wp-json\/wp\/v2\/comments?post=188942"}],"version-history":[{"count":0,"href":"https:\/\/www.meydan.tv\/az\/wp-json\/wp\/v2\/posts\/188942\/revisions"}],"wp:featuredmedia":[{"embeddable":true,"href":"https:\/\/www.meydan.tv\/az\/wp-json\/wp\/v2\/media\/100329"}],"wp:attachment":[{"href":"https:\/\/www.meydan.tv\/az\/wp-json\/wp\/v2\/media?parent=188942"}],"wp:term":[{"taxonomy":"category","embeddable":true,"href":"https:\/\/www.meydan.tv\/az\/wp-json\/wp\/v2\/categories?post=188942"},{"taxonomy":"post_tag","embeddable":true,"href":"https:\/\/www.meydan.tv\/az\/wp-json\/wp\/v2\/tags?post=188942"}],"curies":[{"name":"wp","href":"https:\/\/api.w.org\/{rel}","templated":true}]}}