{"id":188890,"date":"2018-02-28T12:58:39","date_gmt":"2018-02-28T12:58:39","guid":{"rendered":"https:\/\/www.meydan.tv\/article\/cumhuriyyet-ili-ve-olkedeki-tebligat\/"},"modified":"2018-02-28T12:58:39","modified_gmt":"2018-02-28T12:58:39","slug":"cumhuriyyet-ili-ve-olkedeki-tebligat","status":"publish","type":"post","link":"https:\/\/www.meydan.tv\/az\/article\/cumhuriyyet-ili-ve-olkedeki-tebligat\/","title":{"rendered":"C\u00fcmhuriyy\u0259t \u0130li v\u0259 \u00f6lk\u0259d\u0259ki t\u0259bli\u011fat"},"content":{"rendered":"<figure class=\"wp-block-image size-large\">\n  <img decoding=\"async\" src=\"https:\/\/www.meydan.tv\/az\/cumhuriyyetin-quruculari\/\" alt=\"C\u00fcmhuriyy\u0259tin qurucular\u0131\" class=\"wp-image-100131\"\/><figcaption>\n    C\u00fcmhuriyy\u0259tin qurucular\u0131<br \/>\n  <\/figcaption><\/figure>\n<p>\n  Bir ay \u00f6nc\u0259 \u201cMetro Park\u201d-da yerl\u0259\u015f\u0259n \u201cAli v\u0259 Nino\u201d kitab evin\u0259 getmi\u015fdim. Evim\u0259 yax\u0131n oldu\u011fu \u00fc\u00e7\u00fcn ad\u0131n\u0131 \u00e7\u0259kdiyim kitab ma\u011fazas\u0131na ara-s\u0131ra ba\u015f \u00e7\u0259kir\u0259m. D\u00fcz\u00fc, qiym\u0259tl\u0259r m\u0259nim kimi orta statistik v\u0259t\u0259nda\u015f\u0131n cibin\u0259 uy\u011fun olmasa da, b\u0259z\u0259n maraql\u0131 kitablara rast g\u0259lm\u0259k olur. Bu d\u0259f\u0259 i\u00e7\u0259ri ke\u00e7ib kitab r\u0259fin\u0259 y\u00f6n\u0259lm\u0259k ist\u0259rk\u0259n qar\u015f\u0131ma g\u00f6y\u00e7\u0259k bir q\u0131z \u00e7\u0131xd\u0131. O, g\u00fcl\u00fcms\u0259y\u0259r\u0259k yard\u0131m etm\u0259k ist\u0259diyini bildirdi.\n<\/p>\n<p>\n  M\u0259nd\u0259n kitab ma\u011fazas\u0131nda n\u0259 ist\u0259diyimi soru\u015fanda, a\u00e7\u0131\u011f\u0131 bir az p\u0259rt oluram. \u00c7\u00fcnki d\u00fckana gir\u0259nd\u0259 \u00e7ox nadir halda hans\u0131 kitab\u0131 almaq ist\u0259diyimi bilir\u0259m. Konkret kitab \u00fc\u00e7\u00fcn ad\u0259t\u0259n bukinist\u0259 \u00fcz tuturam. Kitab ma\u011fazas\u0131na is\u0259 s\u0131rf vaxt \u00f6ld\u00fcrm\u0259k \u00fc\u00e7\u00fcn gedir\u0259m. \u0130nsanlar paltar d\u00fckanlar\u0131n\u0131 nec\u0259 m\u0259qs\u0259dsiz g\u0259zirs\u0259, el\u0259c\u0259 d\u0259 m\u0259n g\u0259zir\u0259m. Bu zaman maraql\u0131 kitab g\u00f6rs\u0259m al\u0131ram. \u00c7ox vaxt is\u0259 d\u00fckandan \u0259libo\u015f \u00e7\u0131x\u0131ram.\n<\/p>\n<p>\n  \u018flq\u0259r\u0259z, qay\u0131daq \u201cAli v\u0259 Nino\u201d-ya. Dem\u0259li, q\u0131z\u0131n t\u0259kid etdiyini g\u00f6r\u00fcb, duruxdum. Dediyim kimi, i\u00e7\u0259ri ke\u00e7\u0259rk\u0259n a\u011fl\u0131mda h\u0259r hans\u0131 kitab tutmam\u0131\u015fd\u0131m. H\u0259m d\u0259 b\u0259nd\u0259niz ad\u0131n\u0131 \u00e7\u0259kdiyi kitab ma\u011fazalar\u0131nda sat\u0131c\u0131lardan n\u0259s\u0259 soru\u015fma\u011fa qorxur. Bir d\u0259f\u0259 Platonovu ist\u0259dim, gedib Platonu g\u0259tirdil\u0259r. \u0130kinci k\u0259r\u0259 Yerofeyevin \u201cMoskva petu\u015fki\u201d \u0259s\u0259rini soru\u015fdum, sat\u0131c\u0131 q\u0131zlar g\u00fcl\u00fc\u015fd\u00fcl\u0259r, ba\u015flad\u0131lar m\u0259sx\u0259r\u0259 etm\u0259y\u0259. M\u0259n d\u0259 ya\u015fl\u0131, k\u00f6vr\u0259k q\u0259lbli insanam, son zamanlar tez c\u0131rn\u0131y\u0131ram. O hadis\u0259d\u0259n sonra ta sat\u0131c\u0131lardan he\u00e7 n\u0259 soru\u015fmuram. Bir n\u00f6v bunu \u00f6z\u00fcm\u0259 yasaq etmi\u015f\u0259m. Amma bu d\u0259f\u0259 m\u0259n\u0259 n\u0259s\u0259 oldu. Bilm\u0259dim q\u0131z\u0131n g\u00fcl\u00fc\u015f\u00fc m\u0259ni tilsiml\u0259di, yoxsa \u015feytan yoldan \u00e7\u0131xard\u0131.\n<\/p>\n<p>\n  Dedim ki, m\u0259n\u0259 ADR haqq\u0131nda kitab laz\u0131md\u0131r. Sat\u0131c\u0131 q\u0131z tutuldu. \u00c7\u00f6hr\u0259sind\u0259n m\u0259lumats\u0131z oldu\u011funu sezib, astaca \u201cC\u00fcmhuriyy\u0259t tarixi bar\u0259sind\u0259 h\u0259r hans\u0131 kitab\u0131n\u0131z var?\u201d s\u00f6yl\u0259dim. Yen\u0259 arada pauza yarand\u0131. Q\u0131zdan \u00e7ox \u00f6z\u00fcm p\u0259rt olmu\u015fdum. Bilmirdim q\u0131za n\u0259 deyim, nec\u0259 ba\u015fa sal\u0131m. \u00dc\u00e7\u00fcnc\u00fc c\u0259hdimd\u0259 \u201cAz\u0259rbaycan Xalq C\u00fcmhuriyy\u0259ti bar\u0259sind\u0259 m\u0259lumat toplay\u0131ram\u201d- dedim. Sat\u0131c\u0131 q\u0131z daha bir ne\u00e7\u0259 saniy\u0259 d\u00fc\u015f\u00fcn\u00fcb, x\u0259fif s\u0259sl\u0259 \u201csiz\u0259 soyq\u0131r\u0131m haqq\u0131nda laz\u0131md\u0131?\u201d- sual\u0131n\u0131 verdi. Art\u0131q n\u0259s\u0259 s\u00f6yl\u0259m\u0259y\u0259 h\u0259v\u0259sim yox idi. Sakitc\u0259 d\u00fckandan \u00e7\u0131xd\u0131m. \u00c7\u0131xark\u0259n g\u00f6z\u00fcm kassa aparat\u0131n\u0131n qar\u015f\u0131s\u0131nda ramkaya al\u0131nm\u0131\u015f prezidentin portretin\u0259 sata\u015fd\u0131. Yad\u0131ma d\u00fc\u015fd\u00fc ki, prezident bu ili C\u00fcmhuriyy\u0259t \u0130li elan edib. El\u0259 bunu d\u00fc\u015f\u00fcn\u0259r\u0259k \u00fcr\u0259yimd\u0259 deyin\u0259-deyin\u0259 eskalatorla a\u015fa\u011f\u0131 d\u00fc\u015fd\u00fcm. \u201cMetro Park\u201d-dan \u0259s\u0259bi halda c\u0259h\u0259nn\u0259m olub getdim.\n<\/p>\n<p>\n  T\u0259bii ki, kitab d\u00fckan\u0131nda i\u015fl\u0259yib AXC haqq\u0131nda bilm\u0259m\u0259k utancverici hald\u0131r. Bu g\u00fcn ham\u0131 sat\u0131c\u0131n\u0131 q\u0131naya bil\u0259r. Ancaq f\u0259rdl\u0259r m\u00fcxt\u0259lif olur. Ham\u0131 m\u0259lumatl\u0131 ola bilm\u0259z. Bunu h\u0259m d\u0259 d\u00f6vl\u0259t fikirl\u0259\u015fm\u0259lidir. \u018fg\u0259r orta m\u0259kt\u0259bl\u0259rd\u0259 birinci sinif \u015fagirdi Heyd\u0259r \u018fliyev\u0259 baba deyirs\u0259, s\u00f6zs\u00fcz ki, bu, hakimiyy\u0259tin t\u0259bli\u011fat\u0131d\u0131r. He\u00e7 kim u\u015fa\u011fa do\u011fma babas\u0131n qoyub, \u201cHeyd\u0259r baba\u201d k\u0259lm\u0259sini \u00f6yr\u0259tm\u0259y\u0259c\u0259k.\n<\/p>\n<p>\n  Bu il C\u00fcmhuriyy\u0259t \u0130lidir, amma, t\u0259\u0259ss\u00fcf, \u0259m\u0259ld\u0259 v\u0259 ortada yen\u0259 dur\u011funluqdur. \u018fksin\u0259 C\u00fcmhuriyy\u0259t bar\u0259sind\u0259, onun bilavasit\u0259 qurucular\u0131 haqq\u0131nda dan\u0131\u015fmaq, yazmaq, t\u0259rif el\u0259m\u0259k qeyri-r\u0259smi yasaqd\u0131r. \u00c7ox demir\u0259m, imkan edib gedin M.F.Axundov ad\u0131na Milli Kitabxanam\u0131za. \u0130\u00e7\u0259ri ke\u00e7ib qalx\u0131n ikinci m\u0259rt\u0259b\u0259y\u0259. Sa\u011f t\u0259r\u0259fd\u0259 kitabxanan\u0131n b\u00fct\u00fcn arxivi s\u0259liq\u0259 il\u0259 siyirm\u0259l\u0259r\u0259 y\u0131\u011f\u0131l\u0131b. Orda soru\u015fun, ADR siyirm\u0259sini siz\u0259 g\u00f6st\u0259r\u0259c\u0259kl\u0259r. A\u00e7\u0131b i\u00e7in\u0259 baxars\u0131z.\n<\/p>\n<p>\n  M\u0259lumatlar\u0131n yar\u0131s\u0131 indiki hakim ail\u0259y\u0259 aiddir. Nam\u0259lum professorlar, doktorlar, tarix\u015f\u00fcnaslar hakim ail\u0259y\u0259 bol-bol t\u0259rif yaz\u0131b doldurublar kitab arxivin\u0259.\n<\/p>\n<p>\n  AXC-y\u0259 aid iki cildlik ensiklopediya da eyni v\u0259ziyy\u0259td\u0259dir. D\u00fczd\u00fcr, parlamentin stenoqramlar\u0131 iki cildd\u0259 n\u0259\u015fr olunub. Bundan \u0259lav\u0259, pis-yax\u015f\u0131 C\u00fcmhuriyy\u0259t d\u00f6vr\u00fcnd\u0259 iqtisadi, siyasi v\u0259 ictimai v\u0259ziyy\u0259td\u0259n b\u0259hs ed\u0259n kitablar da m\u00f6vcuddur. Lakin dediyim kimi, b\u00fct\u00fcn bu yaz\u0131lanlar\u0131 reklam etm\u0259k laz\u0131md\u0131r. \u0130nsanlar, \u0259sas\u0259n m\u0259kt\u0259blil\u0259r v\u0259 t\u0259l\u0259b\u0259l\u0259r olanlardan m\u0259lumats\u0131zd\u0131r.\n<\/p>\n<p>\n  Bu ill\u0259r \u0259rzind\u0259 AXC bar\u0259sind\u0259 bir d\u0259n\u0259 maraql\u0131, professional, d\u0259y\u0259rli film \u00e7\u0259kilm\u0259yib. Pyes, tama\u015fa s\u0259hn\u0259l\u0259\u015fdirilm\u0259yib. Paris S\u00fclh Konfrans\u0131 haqq\u0131nda \u00e7\u0259kil\u0259n \u201c\u018fb\u0259di ezamiyy\u0259t\u201d filminin ilk d\u0259qiq\u0259sind\u0259 adam\u0131 yuxu tutur. M\u0259kt\u0259bl\u0259rd\u0259, universitetl\u0259rd\u0259 laz\u0131mi d\u0259r\u0259c\u0259d\u0259 t\u0259bli\u011fat apar\u0131lm\u0131r. C\u00fcmhuriyy\u0259t qurucular\u0131 bar\u0259sind\u0259 \u00e7ox az dan\u0131\u015f\u0131l\u0131r, dem\u0259k olar ki, \u00f6t\u0259ri yada sal\u0131n\u0131r. H\u0259r\u00e7\u0259nd ki, bunlar\u0131 etm\u0259y\u0259 h\u00f6k\u00fcm\u0259tin imkan\u0131 v\u0259 \u015f\u0259raiti yet\u0259rinc\u0259dir. R\u0259sulzad\u0259, Top\u00e7uba\u015fov, N\u0259sib b\u0259y Yusifb\u0259yli, Xoyski bar\u0259sind\u0259 kitablar barmaqla say\u0131las\u0131 q\u0259d\u0259rdi. H\u0259tta R\u0259sulzad\u0259nin Stalinl\u0259 ba\u011fl\u0131 xatir\u0259l\u0259ri d\u00fcz-\u0259m\u0259lli \u00e7ap olunmay\u0131b. Ba\u015fdansovdu yana\u015f\u0131b balaca tirajla n\u0259\u015fr edibl\u0259r. \u018fv\u0259zind\u0259 televiziyam\u0131z baya\u011f\u0131 seriallar, s\u0259viyy\u0259siz verli\u015fl\u0259r g\u00f6st\u0259rm\u0259kl\u0259 v\u0259 bir d\u0259 eks-prezidenti, hakim ail\u0259ni t\u0259rifl\u0259m\u0259k, m\u0259dh etm\u0259kl\u0259 m\u0259\u015f\u011fuldur.\n<\/p>\n<p>\n  Sadalad\u0131qlar\u0131m azm\u0131\u015f kimi dig\u0259r t\u0259r\u0259fd\u0259n bol\u015fevikl\u0259r biz\u0259 q\u0259nim k\u0259silib. R\u0259sm\u0259n da\u015f d\u00fc\u015f\u00fcb ba\u015f\u0131m\u0131za, x\u0259b\u0259rimiz yoxdur. V\u0259t\u0259nda\u015f\u0131n d\u00f6vl\u0259tin arxiv fondlar\u0131na giri\u015fi qada\u011fan olan \u00f6lk\u0259d\u0259, Milli Ktabxanan\u0131n b\u00fct\u00fcn materiallar\u0131nda bol\u015fevikl\u0259r m\u0259l\u0259k timsal\u0131nda t\u0259svir olunub. Sovetl\u0259r yetmi\u015f il \u0259rzind\u0259 r\u0259smi olaraq tariximizi pozub, yenid\u0259n ist\u0259dikl\u0259ri kimi yaz\u0131blar. Milli Kitabxanada d\u00fcz 91-ci il\u0259 q\u0259d\u0259r, y\u0259ni m\u00fcst\u0259qillik qazand\u0131\u011f\u0131m\u0131z g\u00fcn\u0259c\u0259n b\u00fct\u00fcn kitablarda bol\u015fevikl\u0259r t\u0259rif olunur. \u015eaumyan, Fioletov, \u018fzizb\u0259yov, N\u0259rimanov, Caparidze, Mikoyan, Stalin v\u0259 Lenin xalq\u0131m\u0131z\u0131n igid o\u011fullar\u0131, ba\u015fbil\u0259nl\u0259ri, q\u0259hr\u0259man xilaskarlar\u0131 say\u0131l\u0131r. V\u0259 t\u0259bii ki, m\u00fcsavat\u00e7\u0131lar, t\u00fcrkl\u0259r, c\u00fcmhuriyy\u0259t\u00e7il\u0259r, AXC h\u00f6kum\u0259ti d\u00fc\u015fm\u0259n v\u0259 \u0259zazil obraz\u0131nda verilir.\n<\/p>\n<p>\n  Maraql\u0131s\u0131 odur ki, El\u00e7ib\u0259y hakimiyy\u0259ti d\u00f6vr\u00fcnd\u0259 AXC h\u00f6kum\u0259tin\u0259 aid daha obyektiv v\u0259 maraql\u0131 kitablar yaz\u0131l\u0131b, n\u0259inki indi. Halbuki, formulaya, olimpiyadaya, Avropada muzeyl\u0259r\u0259, kils\u0259l\u0259r\u0259, Rusiyada otell\u0259r\u0259 x\u0259rcl\u0259n\u0259n pulun bir hiss\u0259si AXC haqq\u0131nda d\u00fcnya s\u0259viyy\u0259li kino \u00e7\u0259kili\u015fin\u0259 yat\u0131r\u0131lsayd\u0131, camaat\u0131m\u0131z daha m\u0259lumatl\u0131 olard\u0131. Ancaq h\u00f6kum\u0259t \u00fc\u00e7\u00fcn, bu, maraql\u0131 deyil.\n<\/p>\n<p>\n  \u00d6lk\u0259mizin d\u00fc\u015f\u00fcn\u0259n v\u0259t\u0259nda\u015f\u0131na bunun s\u0259b\u0259bi g\u00fcn kimi ayd\u0131nd\u0131r. \u0130ndiki h\u00f6kum\u0259t AXC h\u00f6k\u00fcm\u0259tini \u00f6z k\u00f6lg\u0259si alt\u0131nda saxlamaqda israrl\u0131d\u0131r. V\u0259 bu m\u0259qs\u0259dy\u00f6nl\u00fc edilir. Loru dill\u0259 des\u0259k, xalq n\u0259 q\u0259d\u0259r az bils\u0259, bir o q\u0259d\u0259r rahat yatar. M\u0259qs\u0259d xalq\u0131 indiki h\u00f6kum\u0259t\u0259 alternativin olmamas\u0131na inand\u0131rmaqd\u0131r. N\u0259 ke\u00e7mi\u015fd\u0259, n\u0259 d\u0259 g\u0259l\u0259c\u0259kd\u0259 indiki hakimiyy\u0259tl\u0259 m\u00fcqayis\u0259 edil\u0259c\u0259k ikinci h\u00f6kum\u0259t olmamal\u0131d\u0131r.\n<\/p>\n<p>\n  Az\u0259rbaycan \u00f6z tarixi \u0259rzind\u0259 iki k\u0259r\u0259 m\u00fcst\u0259qil olub. Birinci d\u0259f\u0259, bu, 23 ay davam edib. H\u0259r\u00e7\u0259nd AXC h\u00f6kum\u0259ti, onun qurucular\u0131 d\u00f6vl\u0259t s\u0259viyy\u0259sind\u0259 t\u0259bli\u011f olunsa, camaat\u0131n b\u0259sir\u0259t g\u00f6z\u00fc a\u00e7\u0131lacaq. G\u00f6r\u0259c\u0259kl\u0259r ki, y\u00fcz il \u0259qd\u0259m qurulmu\u015f v\u0259 c\u0259mi-c\u00fcml\u0259tan\u0131 23 ay m\u00f6vcud olmu\u015f \u00f6lk\u0259nin h\u00f6kum\u0259ti indikind\u0259n daha \u0259dal\u0259tli v\u0259 \u015f\u0259ffaf i\u015fl\u0259yirmi\u015f. Bil\u0259c\u0259kl\u0259r ki, 23 ay \u0259rzind\u0259 olunanlar\u0131, indiki h\u00f6kum\u0259t 23 il\u0259 ed\u0259 bilm\u0259yib.\n<\/p>\n<p>\n  Anlayacaqlar ki, y\u00fcks\u0259k v\u0259zif\u0259d\u0259 oturub r\u00fc\u015fv\u0259t almadan, \u00f6lk\u0259nin s\u0259rv\u0259tini talamadan, insanlar\u0131 incitm\u0259d\u0259n d\u0259 d\u00f6vl\u0259ti idar\u0259 etm\u0259k olurmu\u015f. V\u0259 bu c\u00fcr h\u00f6kum\u0259timiz var imi\u015f. Dem\u0259k indiki h\u00f6kum\u0259t\u0259 d\u0259 alternativ tap\u0131lar. Art\u0131q \u201c bunlar gets\u0259, kim g\u0259l\u0259c\u0259k?\u201d sual\u0131 d\u0259bd\u0259n d\u00fc\u015f\u0259c\u0259k. Camaat bil\u0259c\u0259k ki, y\u00fcz il \u0259vv\u0259l bu xalq\u0131n R\u0259sulzad\u0259, Xoyski, Top\u00e7uba\u015fov, Na\u011f\u0131 b\u0259y \u015eeyxzamanl\u0131, Ceyhun Hac\u0131b\u0259yli, M\u0259mm\u0259dh\u0259s\u0259n Hac\u0131nski kimi \u015f\u0259xsiyy\u0259tl\u0259ri olub. Dem\u0259li, h\u0259l\u0259m he\u00e7 n\u0259 itirilm\u0259yib. Atalar demi\u015fk\u0259n, su g\u0259l\u0259n arxa bir d\u0259 g\u0259l\u0259r.\n<\/p>\n<p>\n  <i><br \/>\n    <b><br \/>\n      Yaz\u0131 m\u00fc\u0259llifin fikirl\u0259rini \u0259ks etdirir v\u0259 Meydan TV-nin m\u00f6vqeyi il\u0259 \u00fcst-\u00fcst\u0259 d\u00fc\u015fm\u0259y\u0259 bil\u0259r.<br \/>\n    <\/b><br \/>\n  <\/i><\/p>\n","protected":false},"excerpt":{"rendered":"<p>Bir ay \u00f6nc\u0259 \u201cMetro Park\u201d-da yerl\u0259\u015f\u0259n \u201cAli v\u0259 Nino\u201d kitab evin\u0259 getmi\u015fdim<\/p>\n","protected":false},"author":11,"featured_media":100131,"comment_status":"closed","ping_status":"open","sticky":false,"template":"","format":"standard","meta":{"_acf_changed":false,"_sitemap_exclude":false,"_sitemap_priority":"","_sitemap_frequency":"","footnotes":""},"categories":[57],"tags":[],"class_list":["post-188890","post","type-post","status-publish","format-standard","has-post-thumbnail","hentry","category-menim-fikrimce","infinite-scroll-item","generate-columns","tablet-grid-50","mobile-grid-100","grid-parent","grid-33","no-featured-image-padding"],"acf":[],"yoast_head":"<!-- This site is optimized with the Yoast SEO plugin v27.5 - https:\/\/yoast.com\/product\/yoast-seo-wordpress\/ -->\n<title>C\u00fcmhuriyy\u0259t \u0130li v\u0259 \u00f6lk\u0259d\u0259ki t\u0259bli\u011fat - MEYDAN.TV<\/title>\n<meta name=\"robots\" content=\"index, follow, max-snippet:-1, max-image-preview:large, max-video-preview:-1\" \/>\n<link rel=\"canonical\" href=\"https:\/\/www.meydan.tv\/az\/article\/cumhuriyyet-ili-ve-olkedeki-tebligat\/\" \/>\n<meta property=\"og:locale\" content=\"az_AZ\" \/>\n<meta property=\"og:type\" content=\"article\" \/>\n<meta property=\"og:title\" content=\"C\u00fcmhuriyy\u0259t \u0130li v\u0259 \u00f6lk\u0259d\u0259ki t\u0259bli\u011fat - MEYDAN.TV\" \/>\n<meta property=\"og:description\" content=\"Bir ay \u00f6nc\u0259 \u201cMetro Park\u201d-da yerl\u0259\u015f\u0259n \u201cAli v\u0259 Nino\u201d kitab evin\u0259 getmi\u015fdim\" \/>\n<meta property=\"og:url\" content=\"https:\/\/www.meydan.tv\/az\/article\/cumhuriyyet-ili-ve-olkedeki-tebligat\/\" \/>\n<meta property=\"og:site_name\" content=\"MEYDAN.TV\" \/>\n<meta property=\"article:published_time\" content=\"2018-02-28T12:58:39+00:00\" \/>\n<meta property=\"og:image\" content=\"https:\/\/www.meydan.tv\/wp-content\/uploads\/39616.jpg\" \/>\n\t<meta property=\"og:image:width\" content=\"720\" \/>\n\t<meta property=\"og:image:height\" content=\"480\" \/>\n\t<meta property=\"og:image:type\" content=\"image\/jpeg\" \/>\n<meta name=\"author\" content=\"user-manager\" \/>\n<meta name=\"twitter:card\" content=\"summary_large_image\" \/>\n<script type=\"application\/ld+json\" class=\"yoast-schema-graph\">{\"@context\":\"https:\\\/\\\/schema.org\",\"@graph\":[{\"@type\":\"Article\",\"@id\":\"https:\\\/\\\/www.meydan.tv\\\/az\\\/article\\\/cumhuriyyet-ili-ve-olkedeki-tebligat\\\/#article\",\"isPartOf\":{\"@id\":\"https:\\\/\\\/www.meydan.tv\\\/az\\\/article\\\/cumhuriyyet-ili-ve-olkedeki-tebligat\\\/\"},\"author\":{\"name\":\"user-manager\",\"@id\":\"https:\\\/\\\/www.meydan.tv\\\/az\\\/#\\\/schema\\\/person\\\/10d11eccf6da3662cf5fdab9806ea91a\"},\"headline\":\"C\u00fcmhuriyy\u0259t \u0130li v\u0259 \u00f6lk\u0259d\u0259ki t\u0259bli\u011fat\",\"datePublished\":\"2018-02-28T12:58:39+00:00\",\"mainEntityOfPage\":{\"@id\":\"https:\\\/\\\/www.meydan.tv\\\/az\\\/article\\\/cumhuriyyet-ili-ve-olkedeki-tebligat\\\/\"},\"wordCount\":1652,\"publisher\":{\"@id\":\"https:\\\/\\\/www.meydan.tv\\\/az\\\/#organization\"},\"image\":{\"@id\":\"https:\\\/\\\/www.meydan.tv\\\/az\\\/article\\\/cumhuriyyet-ili-ve-olkedeki-tebligat\\\/#primaryimage\"},\"thumbnailUrl\":\"https:\\\/\\\/www.meydan.tv\\\/wp-content\\\/uploads\\\/39616.jpg\",\"articleSection\":[\"M\u0259nim Fikrimc\u0259\"],\"inLanguage\":\"az\"},{\"@type\":\"WebPage\",\"@id\":\"https:\\\/\\\/www.meydan.tv\\\/az\\\/article\\\/cumhuriyyet-ili-ve-olkedeki-tebligat\\\/\",\"url\":\"https:\\\/\\\/www.meydan.tv\\\/az\\\/article\\\/cumhuriyyet-ili-ve-olkedeki-tebligat\\\/\",\"name\":\"C\u00fcmhuriyy\u0259t \u0130li v\u0259 \u00f6lk\u0259d\u0259ki t\u0259bli\u011fat - MEYDAN.TV\",\"isPartOf\":{\"@id\":\"https:\\\/\\\/www.meydan.tv\\\/az\\\/#website\"},\"primaryImageOfPage\":{\"@id\":\"https:\\\/\\\/www.meydan.tv\\\/az\\\/article\\\/cumhuriyyet-ili-ve-olkedeki-tebligat\\\/#primaryimage\"},\"image\":{\"@id\":\"https:\\\/\\\/www.meydan.tv\\\/az\\\/article\\\/cumhuriyyet-ili-ve-olkedeki-tebligat\\\/#primaryimage\"},\"thumbnailUrl\":\"https:\\\/\\\/www.meydan.tv\\\/wp-content\\\/uploads\\\/39616.jpg\",\"datePublished\":\"2018-02-28T12:58:39+00:00\",\"breadcrumb\":{\"@id\":\"https:\\\/\\\/www.meydan.tv\\\/az\\\/article\\\/cumhuriyyet-ili-ve-olkedeki-tebligat\\\/#breadcrumb\"},\"inLanguage\":\"az\",\"potentialAction\":[{\"@type\":\"ReadAction\",\"target\":[\"https:\\\/\\\/www.meydan.tv\\\/az\\\/article\\\/cumhuriyyet-ili-ve-olkedeki-tebligat\\\/\"]}]},{\"@type\":\"ImageObject\",\"inLanguage\":\"az\",\"@id\":\"https:\\\/\\\/www.meydan.tv\\\/az\\\/article\\\/cumhuriyyet-ili-ve-olkedeki-tebligat\\\/#primaryimage\",\"url\":\"https:\\\/\\\/www.meydan.tv\\\/wp-content\\\/uploads\\\/39616.jpg\",\"contentUrl\":\"https:\\\/\\\/www.meydan.tv\\\/wp-content\\\/uploads\\\/39616.jpg\",\"width\":720,\"height\":480,\"caption\":\"Source:\"},{\"@type\":\"BreadcrumbList\",\"@id\":\"https:\\\/\\\/www.meydan.tv\\\/az\\\/article\\\/cumhuriyyet-ili-ve-olkedeki-tebligat\\\/#breadcrumb\",\"itemListElement\":[{\"@type\":\"ListItem\",\"position\":1,\"name\":\"Ana s\u0259hif\u0259\",\"item\":\"https:\\\/\\\/www.meydan.tv\\\/az\\\/\"},{\"@type\":\"ListItem\",\"position\":2,\"name\":\"M\u0259nim Fikrimc\u0259\",\"item\":\"https:\\\/\\\/www.meydan.tv\\\/az\\\/section\\\/menim-fikrimce\\\/\"},{\"@type\":\"ListItem\",\"position\":3,\"name\":\"C\u00fcmhuriyy\u0259t \u0130li v\u0259 \u00f6lk\u0259d\u0259ki t\u0259bli\u011fat\"}]},{\"@type\":\"WebSite\",\"@id\":\"https:\\\/\\\/www.meydan.tv\\\/az\\\/#website\",\"url\":\"https:\\\/\\\/www.meydan.tv\\\/az\\\/\",\"name\":\"MEYDAN.TV\",\"description\":\"Meydan TV Az\u0259rbaycan\u0131n media m\u0259kan\u0131ndak\u0131 alternativ s\u0259sidir\",\"publisher\":{\"@id\":\"https:\\\/\\\/www.meydan.tv\\\/az\\\/#organization\"},\"potentialAction\":[{\"@type\":\"SearchAction\",\"target\":{\"@type\":\"EntryPoint\",\"urlTemplate\":\"https:\\\/\\\/www.meydan.tv\\\/az\\\/?s={search_term_string}\"},\"query-input\":{\"@type\":\"PropertyValueSpecification\",\"valueRequired\":true,\"valueName\":\"search_term_string\"}}],\"inLanguage\":\"az\"},{\"@type\":\"Organization\",\"@id\":\"https:\\\/\\\/www.meydan.tv\\\/az\\\/#organization\",\"name\":\"Meydan TV\",\"url\":\"https:\\\/\\\/www.meydan.tv\\\/az\\\/\",\"logo\":{\"@type\":\"ImageObject\",\"inLanguage\":\"az\",\"@id\":\"https:\\\/\\\/www.meydan.tv\\\/az\\\/#\\\/schema\\\/logo\\\/image\\\/\",\"url\":\"https:\\\/\\\/www.meydan.tv\\\/wp-content\\\/uploads\\\/2021\\\/07\\\/meydan-logo.svg\",\"contentUrl\":\"https:\\\/\\\/www.meydan.tv\\\/wp-content\\\/uploads\\\/2021\\\/07\\\/meydan-logo.svg\",\"width\":195,\"height\":46,\"caption\":\"Meydan TV\"},\"image\":{\"@id\":\"https:\\\/\\\/www.meydan.tv\\\/az\\\/#\\\/schema\\\/logo\\\/image\\\/\"}},{\"@type\":\"Person\",\"@id\":\"https:\\\/\\\/www.meydan.tv\\\/az\\\/#\\\/schema\\\/person\\\/10d11eccf6da3662cf5fdab9806ea91a\",\"name\":\"user-manager\"}]}<\/script>\n<!-- \/ Yoast SEO plugin. -->","yoast_head_json":{"title":"C\u00fcmhuriyy\u0259t \u0130li v\u0259 \u00f6lk\u0259d\u0259ki t\u0259bli\u011fat - MEYDAN.TV","robots":{"index":"index","follow":"follow","max-snippet":"max-snippet:-1","max-image-preview":"max-image-preview:large","max-video-preview":"max-video-preview:-1"},"canonical":"https:\/\/www.meydan.tv\/az\/article\/cumhuriyyet-ili-ve-olkedeki-tebligat\/","og_locale":"az_AZ","og_type":"article","og_title":"C\u00fcmhuriyy\u0259t \u0130li v\u0259 \u00f6lk\u0259d\u0259ki t\u0259bli\u011fat - MEYDAN.TV","og_description":"Bir ay \u00f6nc\u0259 \u201cMetro Park\u201d-da yerl\u0259\u015f\u0259n \u201cAli v\u0259 Nino\u201d kitab evin\u0259 getmi\u015fdim","og_url":"https:\/\/www.meydan.tv\/az\/article\/cumhuriyyet-ili-ve-olkedeki-tebligat\/","og_site_name":"MEYDAN.TV","article_published_time":"2018-02-28T12:58:39+00:00","og_image":[{"width":720,"height":480,"url":"https:\/\/www.meydan.tv\/wp-content\/uploads\/39616.jpg","type":"image\/jpeg"}],"author":"user-manager","twitter_card":"summary_large_image","schema":{"@context":"https:\/\/schema.org","@graph":[{"@type":"Article","@id":"https:\/\/www.meydan.tv\/az\/article\/cumhuriyyet-ili-ve-olkedeki-tebligat\/#article","isPartOf":{"@id":"https:\/\/www.meydan.tv\/az\/article\/cumhuriyyet-ili-ve-olkedeki-tebligat\/"},"author":{"name":"user-manager","@id":"https:\/\/www.meydan.tv\/az\/#\/schema\/person\/10d11eccf6da3662cf5fdab9806ea91a"},"headline":"C\u00fcmhuriyy\u0259t \u0130li v\u0259 \u00f6lk\u0259d\u0259ki t\u0259bli\u011fat","datePublished":"2018-02-28T12:58:39+00:00","mainEntityOfPage":{"@id":"https:\/\/www.meydan.tv\/az\/article\/cumhuriyyet-ili-ve-olkedeki-tebligat\/"},"wordCount":1652,"publisher":{"@id":"https:\/\/www.meydan.tv\/az\/#organization"},"image":{"@id":"https:\/\/www.meydan.tv\/az\/article\/cumhuriyyet-ili-ve-olkedeki-tebligat\/#primaryimage"},"thumbnailUrl":"https:\/\/www.meydan.tv\/wp-content\/uploads\/39616.jpg","articleSection":["M\u0259nim Fikrimc\u0259"],"inLanguage":"az"},{"@type":"WebPage","@id":"https:\/\/www.meydan.tv\/az\/article\/cumhuriyyet-ili-ve-olkedeki-tebligat\/","url":"https:\/\/www.meydan.tv\/az\/article\/cumhuriyyet-ili-ve-olkedeki-tebligat\/","name":"C\u00fcmhuriyy\u0259t \u0130li v\u0259 \u00f6lk\u0259d\u0259ki t\u0259bli\u011fat - MEYDAN.TV","isPartOf":{"@id":"https:\/\/www.meydan.tv\/az\/#website"},"primaryImageOfPage":{"@id":"https:\/\/www.meydan.tv\/az\/article\/cumhuriyyet-ili-ve-olkedeki-tebligat\/#primaryimage"},"image":{"@id":"https:\/\/www.meydan.tv\/az\/article\/cumhuriyyet-ili-ve-olkedeki-tebligat\/#primaryimage"},"thumbnailUrl":"https:\/\/www.meydan.tv\/wp-content\/uploads\/39616.jpg","datePublished":"2018-02-28T12:58:39+00:00","breadcrumb":{"@id":"https:\/\/www.meydan.tv\/az\/article\/cumhuriyyet-ili-ve-olkedeki-tebligat\/#breadcrumb"},"inLanguage":"az","potentialAction":[{"@type":"ReadAction","target":["https:\/\/www.meydan.tv\/az\/article\/cumhuriyyet-ili-ve-olkedeki-tebligat\/"]}]},{"@type":"ImageObject","inLanguage":"az","@id":"https:\/\/www.meydan.tv\/az\/article\/cumhuriyyet-ili-ve-olkedeki-tebligat\/#primaryimage","url":"https:\/\/www.meydan.tv\/wp-content\/uploads\/39616.jpg","contentUrl":"https:\/\/www.meydan.tv\/wp-content\/uploads\/39616.jpg","width":720,"height":480,"caption":"Source:"},{"@type":"BreadcrumbList","@id":"https:\/\/www.meydan.tv\/az\/article\/cumhuriyyet-ili-ve-olkedeki-tebligat\/#breadcrumb","itemListElement":[{"@type":"ListItem","position":1,"name":"Ana s\u0259hif\u0259","item":"https:\/\/www.meydan.tv\/az\/"},{"@type":"ListItem","position":2,"name":"M\u0259nim Fikrimc\u0259","item":"https:\/\/www.meydan.tv\/az\/section\/menim-fikrimce\/"},{"@type":"ListItem","position":3,"name":"C\u00fcmhuriyy\u0259t \u0130li v\u0259 \u00f6lk\u0259d\u0259ki t\u0259bli\u011fat"}]},{"@type":"WebSite","@id":"https:\/\/www.meydan.tv\/az\/#website","url":"https:\/\/www.meydan.tv\/az\/","name":"MEYDAN.TV","description":"Meydan TV Az\u0259rbaycan\u0131n media m\u0259kan\u0131ndak\u0131 alternativ s\u0259sidir","publisher":{"@id":"https:\/\/www.meydan.tv\/az\/#organization"},"potentialAction":[{"@type":"SearchAction","target":{"@type":"EntryPoint","urlTemplate":"https:\/\/www.meydan.tv\/az\/?s={search_term_string}"},"query-input":{"@type":"PropertyValueSpecification","valueRequired":true,"valueName":"search_term_string"}}],"inLanguage":"az"},{"@type":"Organization","@id":"https:\/\/www.meydan.tv\/az\/#organization","name":"Meydan TV","url":"https:\/\/www.meydan.tv\/az\/","logo":{"@type":"ImageObject","inLanguage":"az","@id":"https:\/\/www.meydan.tv\/az\/#\/schema\/logo\/image\/","url":"https:\/\/www.meydan.tv\/wp-content\/uploads\/2021\/07\/meydan-logo.svg","contentUrl":"https:\/\/www.meydan.tv\/wp-content\/uploads\/2021\/07\/meydan-logo.svg","width":195,"height":46,"caption":"Meydan TV"},"image":{"@id":"https:\/\/www.meydan.tv\/az\/#\/schema\/logo\/image\/"}},{"@type":"Person","@id":"https:\/\/www.meydan.tv\/az\/#\/schema\/person\/10d11eccf6da3662cf5fdab9806ea91a","name":"user-manager"}]}},"_links":{"self":[{"href":"https:\/\/www.meydan.tv\/az\/wp-json\/wp\/v2\/posts\/188890","targetHints":{"allow":["GET"]}}],"collection":[{"href":"https:\/\/www.meydan.tv\/az\/wp-json\/wp\/v2\/posts"}],"about":[{"href":"https:\/\/www.meydan.tv\/az\/wp-json\/wp\/v2\/types\/post"}],"author":[{"embeddable":true,"href":"https:\/\/www.meydan.tv\/az\/wp-json\/wp\/v2\/users\/11"}],"replies":[{"embeddable":true,"href":"https:\/\/www.meydan.tv\/az\/wp-json\/wp\/v2\/comments?post=188890"}],"version-history":[{"count":0,"href":"https:\/\/www.meydan.tv\/az\/wp-json\/wp\/v2\/posts\/188890\/revisions"}],"wp:featuredmedia":[{"embeddable":true,"href":"https:\/\/www.meydan.tv\/az\/wp-json\/wp\/v2\/media\/100131"}],"wp:attachment":[{"href":"https:\/\/www.meydan.tv\/az\/wp-json\/wp\/v2\/media?parent=188890"}],"wp:term":[{"taxonomy":"category","embeddable":true,"href":"https:\/\/www.meydan.tv\/az\/wp-json\/wp\/v2\/categories?post=188890"},{"taxonomy":"post_tag","embeddable":true,"href":"https:\/\/www.meydan.tv\/az\/wp-json\/wp\/v2\/tags?post=188890"}],"curies":[{"name":"wp","href":"https:\/\/api.w.org\/{rel}","templated":true}]}}