{"id":188889,"date":"2018-02-28T12:14:44","date_gmt":"2018-02-28T12:14:44","guid":{"rendered":"https:\/\/www.meydan.tv\/article\/novbedenkenar-secki-serencamlari\/"},"modified":"2018-02-28T12:14:44","modified_gmt":"2018-02-28T12:14:44","slug":"novbedenkenar-secki-serencamlari","status":"publish","type":"post","link":"https:\/\/www.meydan.tv\/az\/article\/novbedenkenar-secki-serencamlari\/","title":{"rendered":"N\u00f6vb\u0259d\u0259nk\u0259nar se\u00e7ki s\u0259r\u0259ncamlar\u0131"},"content":{"rendered":"<figure class=\"wp-block-image size-large\">\n  <img decoding=\"async\" src=\"https:\/\/www.meydan.tv\/az\/ilham-eliyev-foto-president-az\/\" alt=\"\u0130lham \u018fliyev, foto: president.az\" class=\"wp-image-67202\"\/><figcaption>\n    \u0130lham \u018fliyev, foto: president.az<br \/>\n  <\/figcaption><\/figure>\n<p>\n  Hakimiyy\u0259t se\u00e7ki\u00f6nc\u0259si se\u00e7icil\u0259rl\u0259 bazarl\u0131\u011fa gedir, h\u0259m d\u0259 ucuz bazarl\u0131\u011fa.<\/p>\n<p>  N\u00f6vb\u0259d\u0259nk\u0259nar se\u00e7kiy\u0259 gedirik, bu add\u0131m\u0131n a\u011flabatan r\u0259smi izah\u0131 olmasa bel\u0259. Ancaq el\u0259 s\u0259r\u0259ncam veril\u0259n g\u00fcn hakimiyy\u0259t komandas\u0131nda, \u0259slind\u0259, komanda birliyinin olmad\u0131\u011f\u0131 \u00fcz\u0259 \u00e7\u0131xd\u0131. Prezidentin yax\u0131n \u0259traf\u0131nda olanlar bel\u0259 gec\u0259 veril\u0259n n\u00f6vb\u0259d\u0259nk\u0259nar se\u00e7ki s\u0259r\u0259ncam\u0131ndan jurnalistl\u0259rin bununla ba\u011fl\u0131 sual\u0131ndan sonra x\u0259b\u0259r tutmu\u015fdu&#8230;\n<\/p>\n<p>\n  Bu se\u00e7ki q\u0259rar\u0131 Az\u0259rbaycanda n\u00f6vb\u0259ti d\u0259f\u0259 se\u00e7iciy\u0259 d\u0259y\u0259r verilm\u0259diyini, onun al\u0259t, vasit\u0259, h\u0259m d\u0259 \u00e7ox ucuz vasit\u0259 oldu\u011funu ortaya qoydu. 2015-ci ild\u0259 manat\u0131n devalvasiyas\u0131 il\u0259 ona \u2013 se\u00e7iciy\u0259 \u00e7ox ciddi z\u0259rb\u0259 vuruldu v\u0259 o, bu z\u0259rb\u0259nin vurdu\u011fu yaran\u0131 \u00f6z\u00fc sa\u011faltma\u011fa \u00e7al\u0131\u015fd\u0131. Bu i\u015fd\u0259 ona kims\u0259 dayaq durmad\u0131, bu g\u00fcn guya onun s\u0259si \u00fc\u00e7\u00fcn qap\u0131s\u0131na ged\u0259nl\u0259r, onun sosial m\u00fcdafi\u0259sinin g\u00fccl\u0259ndirilm\u0259si \u00fc\u00e7\u00fcn s\u0259r\u0259ncam ver\u0259nl\u0259r bel\u0259. \u00c7ox t\u0259\u0259ss\u00fcf ki, o, \u00f6z\u00fc d\u0259 \u00f6z\u00fcn\u0259 d\u0259y\u0259r vermir, ya da verm\u0259k ist\u0259mir; onsuz da yax\u015f\u0131, xo\u015f olmayan h\u0259yat\u0131 2015-ci ild\u0259 manat\u0131n iki devalvasiyas\u0131, qiym\u0259tl\u0259rin k\u0259skin artmas\u0131yla alt-\u00fcst olsa da. H\u0259min a\u011f\u0131r d\u00f6n\u0259md\u0259, banklarla olan kredit sava\u015f\u0131nda, hakimiyy\u0259t \u201csilahs\u0131z\u201d v\u0259t\u0259nda\u015f\u0131n yan\u0131nda yox, h\u0259r c\u00fcr \u201carsenal\u201da sahib bank s\u0259ng\u0259rind\u0259 dayand\u0131.\n<\/p>\n<p>\n  Onda \u0259halinin sosial m\u00fcdafi\u0259y\u0259 daha \u00e7ox ehtiyac\u0131 v\u0259 banklarla \u00e7\u0259ki\u015fm\u0259d\u0259 prezident qay\u011f\u0131s\u0131na \u00fcmidi v\u0259 n\u0259d\u0259ns\u0259 inam\u0131 vard\u0131. Ancaq onda \u0259halinin qay\u011f\u0131s\u0131na qalan olmad\u0131. Ancaq 5 fevr\u0259l n\u00f6vb\u0259d\u0259nk\u0259nar se\u00e7ki s\u0259r\u0259ncam\u0131ndan sonra veril\u0259n q\u0259rarlar\u0131n \u00e7oxu \u201c\u0259halinin sosial m\u00fcdafi\u0259sin\u0259\u201d y\u00f6n\u0259likdir; s\u0259s qazanma\u011fa h\u0259d\u0259fl\u0259nmi\u015f s\u0259r\u0259ncamlard\u0131r.\n<\/p>\n<p>\n  Bu \u00f6lk\u0259d\u0259 el\u0259 \u00f6t\u0259n il d\u0259 h\u0259min v\u0259t\u0259nda\u015flar ya\u015fay\u0131b, ancaq ke\u00e7\u0259n ilin fevral\u0131nda onlar\u0131n sosial m\u00fcdafi\u0259sini g\u00fccl\u0259ndirm\u0259k kims\u0259ni ilgil\u0259ndirm\u0259yib. Statistikaya baxaq.\n<\/p>\n<p>\n  2017-ci ilin fevral ay\u0131 \u0259rzind\u0259 c\u0259mi 49 prezident s\u0259r\u0259ncam\u0131 olub. Bunlar\u0131n i\u00e7\u0259risind\u0259 \u0259halinin sosial m\u00fcdafi\u0259sinin g\u00fccl\u0259ndirilm\u0259si il\u0259 ba\u011fl\u0131 bir s\u0259r\u0259ncam bel\u0259 olmay\u0131b. Modul tipli sut\u0259mizl\u0259yici qur\u011fular\u0131n 100 ya\u015fay\u0131\u015f m\u0259nt\u0259q\u0259sind\u0259 qura\u015fd\u0131r\u0131lmas\u0131 il\u0259 ba\u011fl\u0131 Ekologiya v\u0259 T\u0259bi S\u0259rv\u0259tl\u0259r Nazirliyin\u0259<br \/>\n  <a href=\"http:\/\/www.president.az\/articles\/22925\" target=\"_blank\" rel=\"noopener\"><br \/>\n    ayr\u0131lm\u0131\u015f<br \/>\n  <\/a><br \/>\n  16 milyon manat\u0131 n\u0259z\u0259r\u0259 almasaq. \u018fslind\u0259, uzun ill\u0259rdir bu sah\u0259y\u0259 milyonlar ayr\u0131l\u0131r, sut\u0259mizl\u0259yici qur\u011fular qura\u015fd\u0131r\u0131l\u0131r, bir m\u00fcdd\u0259t sonra h\u0259r \u015fey \u0259vv\u0259lki axar\u0131na d\u00fc\u015f\u00fcr, y\u0259ni \u0259hali yen\u0259 i\u00e7m\u0259li su sar\u0131dan korluq \u00e7\u0259kir, yen\u0259 lilli suyu \u00f6zl\u0259ri durultmal\u0131 olur, h\u0259min qur\u011fularsa i\u015fl\u0259mir&#8230;\n<\/p>\n<p>\n  Ke\u00e7\u0259n ilin prezident s\u0259r\u0259ncamlar\u0131 aras\u0131nda \u0259n yaddaqalan\u0131 Mehriban \u018fliyevan\u0131n I vitse-prezident t\u0259yin olunmas\u0131yla ba\u011fl\u0131 fevral\u0131 21-d\u0259 &#8211; manat\u0131n devalvasiyas\u0131n\u0131n 1 illiyind\u0259 &#8211; veril\u0259n s\u0259r\u0259ncamd\u0131r&#8230;\n<\/p>\n<p>\n  Bu ilin fevral ay\u0131n\u0131n 26-na q\u0259d\u0259rs\u0259 89 s\u0259r\u0259ncam verilib. N\u00f6vb\u0259d\u0259nk\u0259nar prezident se\u00e7kisi elan olunan g\u00fcnd\u0259n \u2013 fevral\u0131n 5-d\u0259n is\u0259 71 s\u0259r\u0259ncam verilib. Bu s\u0259r\u0259ncamlar\u0131n 17-si \u0259halinin sosial m\u00fcdafi\u0259sinin g\u00fccl\u0259ndirilm\u0259sin\u0259 y\u00f6n\u0259likdir. Ba\u015fqa s\u0259r\u0259ncamlar\u0131n da \u00e7oxu \u0259halinin s\u0259sini qazanma\u011fa hesablanm\u0131\u015f s\u0259r\u0259ncamlard\u0131r. Maraql\u0131d\u0131r, 1 il qabaq da, 2017-ci ilin fevral\u0131nda da, manat\u0131n il \u0259rzind\u0259 ikinci d\u0259f\u0259 2015-ci ilin 21 dekabr\u0131nda d\u0259y\u0259rini itirm\u0259sind\u0259n sonra da \u0259halinin v\u0259ziyy\u0259ti a\u011f\u0131r idi&#8230;\n<\/p>\n<p>\n  He\u00e7 2018-ci ilin birinci ay\u0131nda da \u0259hali yada d\u00fc\u015fm\u0259yib. M\u0259s\u0259l\u0259n, bu ilin yanvar\u0131nda veril\u0259n 48 s\u0259r\u0259ncamdan yaln\u0131z ikisind\u0259 diqq\u0259t\u00e7\u0259k\u0259n m\u0259qam var:\n<\/p>\n<p>\n  \u201cQafqaz M\u00fcs\u0259lmanlar\u0131 \u0130dar\u0259si t\u0259r\u0259find\u0259n ke\u00e7iril\u0259c\u0259k bir s\u0131ra t\u0259dbirl\u0259rin maddi t\u0259minat\u0131 haqq\u0131nda s\u0259r\u0259ncamla (19 yanvar 2018) Qafqaz M\u00fcs\u0259lmanlar\u0131 \u0130dar\u0259sin\u0259 4,0 (d\u00f6rd) milyon manat\u201d<br \/>\n  <a href=\"http:\/\/www.president.az\/articles\/26781\" target=\"_blank\" rel=\"noopener\"><br \/>\n    ayr\u0131l\u0131b<br \/>\n  <\/a><br \/>\n  . Bu ay\u0131rman\u0131n m\u0259qs\u0259di b\u0259lk\u0259 d\u0259 ba\u015fqa olub, idar\u0259nin r\u0259isi Allah\u015f\u00fck\u00fcr Pa\u015fazad\u0259nin n\u00f6vb\u0259d\u0259nk\u0259nar prezident se\u00e7kisil\u0259 ba\u011fl\u0131 mollalara m\u00fcraci\u0259tind\u0259 d\u0259 h\u0259min s\u0259r\u0259ncam\u0131 pay\u0131 olmam\u0131\u015f deyil.\n<\/p>\n<p>\n  Yanvar ay\u0131n\u0131n ba\u015fqa bir s\u0259r\u0259ncam\u0131 is\u0259 (17 yanvar 2017) \u201cd\u00f6vl\u0259t ilk pe\u015f\u0259-ixtisas t\u0259hsili m\u00fc\u0259ssis\u0259l\u0259rind\u0259 \u00e7al\u0131\u015fan, bilik v\u0259 bacar\u0131qlar\u0131n\u0131n diaqnostik qiym\u0259tl\u0259ndirilm\u0259si apar\u0131lm\u0131\u015f m\u00fc\u0259lliml\u0259rin h\u0259ft\u0259lik d\u0259rs y\u00fck\u00fc normas\u0131n\u0131n 1,5 d\u0259f\u0259, ayl\u0131q v\u0259zif\u0259 maa\u015flar\u0131n\u0131n orta hesabla 2 d\u0259f\u0259 art\u0131r\u0131lmas\u0131\u201dyla<br \/>\n  <a href=\"http:\/\/www.president.az\/articles\/26757\" target=\"_blank\" rel=\"noopener\"><br \/>\n    ba\u011fl\u0131yd\u0131<br \/>\n  <\/a><br \/>\n  . M\u00fc\u0259lliml\u0259r se\u00e7kid\u0259 \u0259v\u0259zini \u00f6d\u0259y\u0259rl\u0259r, y\u0259qin; h\u0259mi\u015f\u0259 oldu\u011fu kimi&#8230;\n<\/p>\n<p>\n  Pensiya\u00e7\u0131lar\u0131n, \u0259lill\u0259rin, m\u00fcharib\u0259 i\u015ftirak\u00e7\u0131lar\u0131n\u0131n, t\u0259l\u0259b\u0259l\u0259rin aspirantlar\u0131n v\u0259 ba\u015fqa kateqoriyadan olan \u015f\u0259xsl\u0259rin t\u0259qa\u00fcd\u00fc 10 faiz art\u0131r\u0131l\u0131b. Bu art\u0131m 4-15 manat aras\u0131ndad\u0131r.\n<\/p>\n<p>\n  \u018fn b\u00f6y\u00fck art\u0131m prezident t\u0259qa\u00fcd\u00e7\u00fcl\u0259rinindir.\u00a0D\u00fcn\u0259n ke\u00e7irdiyi m\u0259tbuat konfrans\u0131nda \u0259m\u0259k v\u0259 \u0259halinin sosial m\u00fcdafi\u0259si naziri S\u0259lim M\u00fcsl\u00fcmov prezident t\u0259qa\u00fcd\u00e7\u00fcl\u0259rinin say\u0131n\u0131n 9 kateqoriya \u00fczr\u0259 60 min\u0259 yax\u0131n oldu\u011funu deyib. Bu ilin sonuna q\u0259d\u0259r h\u0259min t\u0259qa\u00fcd\u00e7\u00fcl\u0259r\u0259 \u0259lav\u0259 olaraq b\u00fcdc\u0259d\u0259n \u00fcmumilikd\u0259 9 milyon 700 min manat \u00f6d\u0259nil\u0259c\u0259k.\n<\/p>\n<p>\n  Maraql\u0131s\u0131 is\u0259 budur ki, b\u00fct\u00fcn bu art\u0131m s\u0259r\u0259ncamlar\u0131yla ba\u011fl\u0131 i\u015fl\u0259ri sahmana salmaq, prezident aktlar\u0131n\u0131 s\u0259r\u0259ncama uy\u011funla\u015fd\u0131rmaq Artur m\u00fc\u0259llim\u0259 tap\u015f\u0131r\u0131l\u0131b.\n<\/p>\n<p>\n  \u201cAz\u0259rbaycan Respublikas\u0131n\u0131n Nazirl\u0259r Kabineti:\n<\/p>\n<p>\n  2.1. Az\u0259rbaycan Respublikas\u0131 Prezidentinin aktlar\u0131n\u0131n bu S\u0259r\u0259ncama uy\u011funla\u015fd\u0131r\u0131lmas\u0131na dair t\u0259klifl\u0259rini bir ay m\u00fcdd\u0259tind\u0259 haz\u0131rlay\u0131b Az\u0259rbaycan Respublikas\u0131n\u0131n Prezidentin\u0259 t\u0259qdim etsin;\n<\/p>\n<p>\n  2.2. Az\u0259rbaycan Respublikas\u0131 Nazirl\u0259r Kabinetinin normativ h\u00fcquqi aktlar\u0131n\u0131n bu S\u0259r\u0259ncama uy\u011funla\u015fd\u0131r\u0131lmas\u0131n\u0131 bir ay m\u00fcdd\u0259tind\u0259 t\u0259min edib Az\u0259rbaycan Respublikas\u0131n\u0131n Prezidentin\u0259 m\u0259lumat versin;\n<\/p>\n<p>\n  2.3. m\u0259rk\u0259zi icra hakimiyy\u0259ti orqanlar\u0131n\u0131n normativ h\u00fcquqi aktlar\u0131n\u0131n bu S\u0259r\u0259ncama uy\u011funla\u015fd\u0131r\u0131lmas\u0131n\u0131 n\u0259zar\u0259td\u0259 saxlas\u0131n v\u0259 bunun icras\u0131 bar\u0259d\u0259 \u00fc\u00e7 ay m\u00fcdd\u0259tind\u0259 Az\u0259rbaycan Respublikas\u0131n\u0131n Prezidentin\u0259 m\u0259lumat versin\u201d.\n<\/p>\n<p>\n  Bu tap\u015f\u0131r\u0131q b\u00fct\u00fcn s\u0259r\u0259ncamlarda var. Artur m\u00fc\u0259llim aylar\u0131 v\u0259 t\u0259yinatlar\u0131 qar\u0131\u015fd\u0131rmasa yax\u015f\u0131d\u0131r&#8230;\n<\/p>\n<p>\n  &#8230;Hakimiyy\u0259t se\u00e7ki\u00f6nc\u0259si se\u00e7icil\u0259rl\u0259 bazarl\u0131\u011fa gedir, h\u0259m d\u0259 ucuz bazarl\u0131\u011fa.\n<\/p>\n<p>\n  Bazar olsun!<\/p>\n","protected":false},"excerpt":{"rendered":"<p>Hakimiyy\u0259t se\u00e7ki\u00f6nc\u0259si se\u00e7icil\u0259rl\u0259 bazarl\u0131\u011fa gedir, h\u0259m d\u0259 ucuz bazarl\u0131\u011fa<\/p>\n","protected":false},"author":11,"featured_media":67202,"comment_status":"closed","ping_status":"open","sticky":false,"template":"","format":"standard","meta":{"_acf_changed":false,"_sitemap_exclude":false,"_sitemap_priority":"","_sitemap_frequency":"","footnotes":""},"categories":[51],"tags":[],"class_list":["post-188889","post","type-post","status-publish","format-standard","has-post-thumbnail","hentry","category-analitika","infinite-scroll-item","generate-columns","tablet-grid-50","mobile-grid-100","grid-parent","grid-33","no-featured-image-padding"],"acf":[],"yoast_head":"<!-- This site is optimized with the Yoast SEO plugin v27.4 - https:\/\/yoast.com\/product\/yoast-seo-wordpress\/ -->\n<title>N\u00f6vb\u0259d\u0259nk\u0259nar se\u00e7ki s\u0259r\u0259ncamlar\u0131 - MEYDAN.TV<\/title>\n<meta name=\"robots\" content=\"index, follow, max-snippet:-1, max-image-preview:large, max-video-preview:-1\" \/>\n<link rel=\"canonical\" href=\"https:\/\/www.meydan.tv\/az\/article\/novbedenkenar-secki-serencamlari\/\" \/>\n<meta property=\"og:locale\" content=\"az_AZ\" \/>\n<meta property=\"og:type\" content=\"article\" \/>\n<meta property=\"og:title\" content=\"N\u00f6vb\u0259d\u0259nk\u0259nar se\u00e7ki s\u0259r\u0259ncamlar\u0131 - MEYDAN.TV\" \/>\n<meta property=\"og:description\" content=\"Hakimiyy\u0259t se\u00e7ki\u00f6nc\u0259si se\u00e7icil\u0259rl\u0259 bazarl\u0131\u011fa gedir, h\u0259m d\u0259 ucuz bazarl\u0131\u011fa\" \/>\n<meta property=\"og:url\" content=\"https:\/\/www.meydan.tv\/az\/article\/novbedenkenar-secki-serencamlari\/\" \/>\n<meta property=\"og:site_name\" content=\"MEYDAN.TV\" \/>\n<meta property=\"article:published_time\" content=\"2018-02-28T12:14:44+00:00\" \/>\n<meta property=\"og:image\" content=\"https:\/\/www.meydan.tv\/wp-content\/uploads\/25674.jpg\" \/>\n\t<meta property=\"og:image:width\" content=\"1200\" \/>\n\t<meta property=\"og:image:height\" content=\"900\" \/>\n\t<meta property=\"og:image:type\" content=\"image\/jpeg\" \/>\n<meta name=\"author\" content=\"user-manager\" \/>\n<meta name=\"twitter:card\" content=\"summary_large_image\" \/>\n<script type=\"application\/ld+json\" class=\"yoast-schema-graph\">{\"@context\":\"https:\\\/\\\/schema.org\",\"@graph\":[{\"@type\":\"Article\",\"@id\":\"https:\\\/\\\/www.meydan.tv\\\/az\\\/article\\\/novbedenkenar-secki-serencamlari\\\/#article\",\"isPartOf\":{\"@id\":\"https:\\\/\\\/www.meydan.tv\\\/az\\\/article\\\/novbedenkenar-secki-serencamlari\\\/\"},\"author\":{\"name\":\"user-manager\",\"@id\":\"https:\\\/\\\/www.meydan.tv\\\/az\\\/#\\\/schema\\\/person\\\/10d11eccf6da3662cf5fdab9806ea91a\"},\"headline\":\"N\u00f6vb\u0259d\u0259nk\u0259nar se\u00e7ki s\u0259r\u0259ncamlar\u0131\",\"datePublished\":\"2018-02-28T12:14:44+00:00\",\"mainEntityOfPage\":{\"@id\":\"https:\\\/\\\/www.meydan.tv\\\/az\\\/article\\\/novbedenkenar-secki-serencamlari\\\/\"},\"wordCount\":1230,\"publisher\":{\"@id\":\"https:\\\/\\\/www.meydan.tv\\\/az\\\/#organization\"},\"image\":{\"@id\":\"https:\\\/\\\/www.meydan.tv\\\/az\\\/article\\\/novbedenkenar-secki-serencamlari\\\/#primaryimage\"},\"thumbnailUrl\":\"https:\\\/\\\/www.meydan.tv\\\/wp-content\\\/uploads\\\/25674.jpg\",\"articleSection\":[\"Analitika\"],\"inLanguage\":\"az\"},{\"@type\":\"WebPage\",\"@id\":\"https:\\\/\\\/www.meydan.tv\\\/az\\\/article\\\/novbedenkenar-secki-serencamlari\\\/\",\"url\":\"https:\\\/\\\/www.meydan.tv\\\/az\\\/article\\\/novbedenkenar-secki-serencamlari\\\/\",\"name\":\"N\u00f6vb\u0259d\u0259nk\u0259nar se\u00e7ki s\u0259r\u0259ncamlar\u0131 - MEYDAN.TV\",\"isPartOf\":{\"@id\":\"https:\\\/\\\/www.meydan.tv\\\/az\\\/#website\"},\"primaryImageOfPage\":{\"@id\":\"https:\\\/\\\/www.meydan.tv\\\/az\\\/article\\\/novbedenkenar-secki-serencamlari\\\/#primaryimage\"},\"image\":{\"@id\":\"https:\\\/\\\/www.meydan.tv\\\/az\\\/article\\\/novbedenkenar-secki-serencamlari\\\/#primaryimage\"},\"thumbnailUrl\":\"https:\\\/\\\/www.meydan.tv\\\/wp-content\\\/uploads\\\/25674.jpg\",\"datePublished\":\"2018-02-28T12:14:44+00:00\",\"breadcrumb\":{\"@id\":\"https:\\\/\\\/www.meydan.tv\\\/az\\\/article\\\/novbedenkenar-secki-serencamlari\\\/#breadcrumb\"},\"inLanguage\":\"az\",\"potentialAction\":[{\"@type\":\"ReadAction\",\"target\":[\"https:\\\/\\\/www.meydan.tv\\\/az\\\/article\\\/novbedenkenar-secki-serencamlari\\\/\"]}]},{\"@type\":\"ImageObject\",\"inLanguage\":\"az\",\"@id\":\"https:\\\/\\\/www.meydan.tv\\\/az\\\/article\\\/novbedenkenar-secki-serencamlari\\\/#primaryimage\",\"url\":\"https:\\\/\\\/www.meydan.tv\\\/wp-content\\\/uploads\\\/25674.jpg\",\"contentUrl\":\"https:\\\/\\\/www.meydan.tv\\\/wp-content\\\/uploads\\\/25674.jpg\",\"width\":1200,\"height\":900,\"caption\":\"Source:\"},{\"@type\":\"BreadcrumbList\",\"@id\":\"https:\\\/\\\/www.meydan.tv\\\/az\\\/article\\\/novbedenkenar-secki-serencamlari\\\/#breadcrumb\",\"itemListElement\":[{\"@type\":\"ListItem\",\"position\":1,\"name\":\"Ana s\u0259hif\u0259\",\"item\":\"https:\\\/\\\/www.meydan.tv\\\/az\\\/\"},{\"@type\":\"ListItem\",\"position\":2,\"name\":\"Analitika\",\"item\":\"https:\\\/\\\/www.meydan.tv\\\/az\\\/section\\\/analitika\\\/\"},{\"@type\":\"ListItem\",\"position\":3,\"name\":\"N\u00f6vb\u0259d\u0259nk\u0259nar se\u00e7ki s\u0259r\u0259ncamlar\u0131\"}]},{\"@type\":\"WebSite\",\"@id\":\"https:\\\/\\\/www.meydan.tv\\\/az\\\/#website\",\"url\":\"https:\\\/\\\/www.meydan.tv\\\/az\\\/\",\"name\":\"MEYDAN.TV\",\"description\":\"Meydan TV Az\u0259rbaycan\u0131n media m\u0259kan\u0131ndak\u0131 alternativ s\u0259sidir\",\"publisher\":{\"@id\":\"https:\\\/\\\/www.meydan.tv\\\/az\\\/#organization\"},\"potentialAction\":[{\"@type\":\"SearchAction\",\"target\":{\"@type\":\"EntryPoint\",\"urlTemplate\":\"https:\\\/\\\/www.meydan.tv\\\/az\\\/?s={search_term_string}\"},\"query-input\":{\"@type\":\"PropertyValueSpecification\",\"valueRequired\":true,\"valueName\":\"search_term_string\"}}],\"inLanguage\":\"az\"},{\"@type\":\"Organization\",\"@id\":\"https:\\\/\\\/www.meydan.tv\\\/az\\\/#organization\",\"name\":\"Meydan TV\",\"url\":\"https:\\\/\\\/www.meydan.tv\\\/az\\\/\",\"logo\":{\"@type\":\"ImageObject\",\"inLanguage\":\"az\",\"@id\":\"https:\\\/\\\/www.meydan.tv\\\/az\\\/#\\\/schema\\\/logo\\\/image\\\/\",\"url\":\"https:\\\/\\\/www.meydan.tv\\\/wp-content\\\/uploads\\\/2021\\\/07\\\/meydan-logo.svg\",\"contentUrl\":\"https:\\\/\\\/www.meydan.tv\\\/wp-content\\\/uploads\\\/2021\\\/07\\\/meydan-logo.svg\",\"width\":195,\"height\":46,\"caption\":\"Meydan TV\"},\"image\":{\"@id\":\"https:\\\/\\\/www.meydan.tv\\\/az\\\/#\\\/schema\\\/logo\\\/image\\\/\"}},{\"@type\":\"Person\",\"@id\":\"https:\\\/\\\/www.meydan.tv\\\/az\\\/#\\\/schema\\\/person\\\/10d11eccf6da3662cf5fdab9806ea91a\",\"name\":\"user-manager\"}]}<\/script>\n<!-- \/ Yoast SEO plugin. -->","yoast_head_json":{"title":"N\u00f6vb\u0259d\u0259nk\u0259nar se\u00e7ki s\u0259r\u0259ncamlar\u0131 - MEYDAN.TV","robots":{"index":"index","follow":"follow","max-snippet":"max-snippet:-1","max-image-preview":"max-image-preview:large","max-video-preview":"max-video-preview:-1"},"canonical":"https:\/\/www.meydan.tv\/az\/article\/novbedenkenar-secki-serencamlari\/","og_locale":"az_AZ","og_type":"article","og_title":"N\u00f6vb\u0259d\u0259nk\u0259nar se\u00e7ki s\u0259r\u0259ncamlar\u0131 - MEYDAN.TV","og_description":"Hakimiyy\u0259t se\u00e7ki\u00f6nc\u0259si se\u00e7icil\u0259rl\u0259 bazarl\u0131\u011fa gedir, h\u0259m d\u0259 ucuz bazarl\u0131\u011fa","og_url":"https:\/\/www.meydan.tv\/az\/article\/novbedenkenar-secki-serencamlari\/","og_site_name":"MEYDAN.TV","article_published_time":"2018-02-28T12:14:44+00:00","og_image":[{"width":1200,"height":900,"url":"https:\/\/www.meydan.tv\/wp-content\/uploads\/25674.jpg","type":"image\/jpeg"}],"author":"user-manager","twitter_card":"summary_large_image","schema":{"@context":"https:\/\/schema.org","@graph":[{"@type":"Article","@id":"https:\/\/www.meydan.tv\/az\/article\/novbedenkenar-secki-serencamlari\/#article","isPartOf":{"@id":"https:\/\/www.meydan.tv\/az\/article\/novbedenkenar-secki-serencamlari\/"},"author":{"name":"user-manager","@id":"https:\/\/www.meydan.tv\/az\/#\/schema\/person\/10d11eccf6da3662cf5fdab9806ea91a"},"headline":"N\u00f6vb\u0259d\u0259nk\u0259nar se\u00e7ki s\u0259r\u0259ncamlar\u0131","datePublished":"2018-02-28T12:14:44+00:00","mainEntityOfPage":{"@id":"https:\/\/www.meydan.tv\/az\/article\/novbedenkenar-secki-serencamlari\/"},"wordCount":1230,"publisher":{"@id":"https:\/\/www.meydan.tv\/az\/#organization"},"image":{"@id":"https:\/\/www.meydan.tv\/az\/article\/novbedenkenar-secki-serencamlari\/#primaryimage"},"thumbnailUrl":"https:\/\/www.meydan.tv\/wp-content\/uploads\/25674.jpg","articleSection":["Analitika"],"inLanguage":"az"},{"@type":"WebPage","@id":"https:\/\/www.meydan.tv\/az\/article\/novbedenkenar-secki-serencamlari\/","url":"https:\/\/www.meydan.tv\/az\/article\/novbedenkenar-secki-serencamlari\/","name":"N\u00f6vb\u0259d\u0259nk\u0259nar se\u00e7ki s\u0259r\u0259ncamlar\u0131 - MEYDAN.TV","isPartOf":{"@id":"https:\/\/www.meydan.tv\/az\/#website"},"primaryImageOfPage":{"@id":"https:\/\/www.meydan.tv\/az\/article\/novbedenkenar-secki-serencamlari\/#primaryimage"},"image":{"@id":"https:\/\/www.meydan.tv\/az\/article\/novbedenkenar-secki-serencamlari\/#primaryimage"},"thumbnailUrl":"https:\/\/www.meydan.tv\/wp-content\/uploads\/25674.jpg","datePublished":"2018-02-28T12:14:44+00:00","breadcrumb":{"@id":"https:\/\/www.meydan.tv\/az\/article\/novbedenkenar-secki-serencamlari\/#breadcrumb"},"inLanguage":"az","potentialAction":[{"@type":"ReadAction","target":["https:\/\/www.meydan.tv\/az\/article\/novbedenkenar-secki-serencamlari\/"]}]},{"@type":"ImageObject","inLanguage":"az","@id":"https:\/\/www.meydan.tv\/az\/article\/novbedenkenar-secki-serencamlari\/#primaryimage","url":"https:\/\/www.meydan.tv\/wp-content\/uploads\/25674.jpg","contentUrl":"https:\/\/www.meydan.tv\/wp-content\/uploads\/25674.jpg","width":1200,"height":900,"caption":"Source:"},{"@type":"BreadcrumbList","@id":"https:\/\/www.meydan.tv\/az\/article\/novbedenkenar-secki-serencamlari\/#breadcrumb","itemListElement":[{"@type":"ListItem","position":1,"name":"Ana s\u0259hif\u0259","item":"https:\/\/www.meydan.tv\/az\/"},{"@type":"ListItem","position":2,"name":"Analitika","item":"https:\/\/www.meydan.tv\/az\/section\/analitika\/"},{"@type":"ListItem","position":3,"name":"N\u00f6vb\u0259d\u0259nk\u0259nar se\u00e7ki s\u0259r\u0259ncamlar\u0131"}]},{"@type":"WebSite","@id":"https:\/\/www.meydan.tv\/az\/#website","url":"https:\/\/www.meydan.tv\/az\/","name":"MEYDAN.TV","description":"Meydan TV Az\u0259rbaycan\u0131n media m\u0259kan\u0131ndak\u0131 alternativ s\u0259sidir","publisher":{"@id":"https:\/\/www.meydan.tv\/az\/#organization"},"potentialAction":[{"@type":"SearchAction","target":{"@type":"EntryPoint","urlTemplate":"https:\/\/www.meydan.tv\/az\/?s={search_term_string}"},"query-input":{"@type":"PropertyValueSpecification","valueRequired":true,"valueName":"search_term_string"}}],"inLanguage":"az"},{"@type":"Organization","@id":"https:\/\/www.meydan.tv\/az\/#organization","name":"Meydan TV","url":"https:\/\/www.meydan.tv\/az\/","logo":{"@type":"ImageObject","inLanguage":"az","@id":"https:\/\/www.meydan.tv\/az\/#\/schema\/logo\/image\/","url":"https:\/\/www.meydan.tv\/wp-content\/uploads\/2021\/07\/meydan-logo.svg","contentUrl":"https:\/\/www.meydan.tv\/wp-content\/uploads\/2021\/07\/meydan-logo.svg","width":195,"height":46,"caption":"Meydan TV"},"image":{"@id":"https:\/\/www.meydan.tv\/az\/#\/schema\/logo\/image\/"}},{"@type":"Person","@id":"https:\/\/www.meydan.tv\/az\/#\/schema\/person\/10d11eccf6da3662cf5fdab9806ea91a","name":"user-manager"}]}},"_links":{"self":[{"href":"https:\/\/www.meydan.tv\/az\/wp-json\/wp\/v2\/posts\/188889","targetHints":{"allow":["GET"]}}],"collection":[{"href":"https:\/\/www.meydan.tv\/az\/wp-json\/wp\/v2\/posts"}],"about":[{"href":"https:\/\/www.meydan.tv\/az\/wp-json\/wp\/v2\/types\/post"}],"author":[{"embeddable":true,"href":"https:\/\/www.meydan.tv\/az\/wp-json\/wp\/v2\/users\/11"}],"replies":[{"embeddable":true,"href":"https:\/\/www.meydan.tv\/az\/wp-json\/wp\/v2\/comments?post=188889"}],"version-history":[{"count":0,"href":"https:\/\/www.meydan.tv\/az\/wp-json\/wp\/v2\/posts\/188889\/revisions"}],"wp:featuredmedia":[{"embeddable":true,"href":"https:\/\/www.meydan.tv\/az\/wp-json\/wp\/v2\/media\/67202"}],"wp:attachment":[{"href":"https:\/\/www.meydan.tv\/az\/wp-json\/wp\/v2\/media?parent=188889"}],"wp:term":[{"taxonomy":"category","embeddable":true,"href":"https:\/\/www.meydan.tv\/az\/wp-json\/wp\/v2\/categories?post=188889"},{"taxonomy":"post_tag","embeddable":true,"href":"https:\/\/www.meydan.tv\/az\/wp-json\/wp\/v2\/tags?post=188889"}],"curies":[{"name":"wp","href":"https:\/\/api.w.org\/{rel}","templated":true}]}}