{"id":188887,"date":"2018-02-28T12:06:59","date_gmt":"2018-02-28T12:06:59","guid":{"rendered":"https:\/\/www.meydan.tv\/article\/tanrilara-oxsamaqdan-cekinmek-lazimdir\/"},"modified":"2018-02-28T12:06:59","modified_gmt":"2018-02-28T12:06:59","slug":"tanrilara-oxsamaqdan-cekinmek-lazimdir","status":"publish","type":"post","link":"https:\/\/www.meydan.tv\/az\/article\/tanrilara-oxsamaqdan-cekinmek-lazimdir\/","title":{"rendered":"Tanr\u0131lara ox\u015famaqdan \u00e7\u0259kinm\u0259k laz\u0131md\u0131r"},"content":{"rendered":"<figure class=\"wp-block-image size-large\">\n  <img decoding=\"async\" src=\"https:\/\/www.meydan.tv\/az\/zaur-qurbanli-4\/\" alt=\"Zaur Qurbanl\u0131\" class=\"wp-image-79618\"\/><figcaption>\n    Zaur Qurbanl\u0131<br \/>\n  <\/figcaption><\/figure>\n<p>\n  Q\u0259dim zamanlarda Bak\u0131dak\u0131 alman kils\u0259sin\u0259 getmi\u015fdim. \u00c7ox getmi\u015f\u0259m, amma Erkin m\u00fc\u0259llimin, R\u0259\u015fad \u015eirinin, Emin Millinin Kapellhaus s\u00f6hb\u0259tl\u0259rin\u0259. Bu d\u0259f\u0259 is\u0259 bazar g\u00fcn\u00fc moiz\u0259l\u0259r\u0259 qulaq asma\u011fa getmi\u015fdim.<\/p>\n<p>  Bir moiz\u0259, bir caz, bir moiz\u0259, bir rok &#8211; t\u0259xmin\u0259n bel\u0259 gedirdik. Moiz\u0259l\u0259rin birind\u0259 d\u0259 orta ya\u015fl\u0131 bir ki\u015fi qay\u0131d\u0131b biz\u0259 kapitalizmin protestant \u0259xlaq\u0131n\u0131 ba\u015fa sald\u0131. Q\u0131sa v\u0259 konkret &#8211; dedi, \u201cBibliya\u201d tanr\u0131 il\u0259 sizin aran\u0131zda m\u00fcqavil\u0259dir. M\u00fcqavil\u0259d\u0259 is\u0259 h\u0259r iki t\u0259r\u0259fin h\u00fcquqlar\u0131 da olur, v\u0259zif\u0259l\u0259ri d\u0259. B\u0259li, tanr\u0131n\u0131n da v\u0259zif\u0259l\u0259ri var.<\/p>\n<p>  Tanr\u0131 o kitabda v\u0259d verib. Deyib ki, bu c\u00fcr ya\u015fa, filan-filan \u015feyl\u0259ri el\u0259, filan-filan \u015feyl\u0259rd\u0259n \u00e7\u0259kin, m\u0259n s\u0259ni c\u0259nn\u0259t\u0259 salaca\u011fam. Rahib dedi ki, bird\u0259n \u00f6l\u0259nd\u0259n sonra o biri d\u00fcnyada tanr\u0131 siz\u0259 qar\u015f\u0131 \u0259dal\u0259tsizlik el\u0259s\u0259, siz c\u0259nn\u0259t\u0259 layiq oldu\u011funuz halda sizi ora salmasa, y\u0259ni m\u00fcqavil\u0259ni pozsa, tutun onun yaxas\u0131ndan, deyin ki, bel\u0259 deyil e, biz s\u00f6hb\u0259t el\u0259mi\u015fik ne\u00e7\u0259 min il \u0259vv\u0259l, m\u0259n s\u0259n dey\u0259n qaydalarla ya\u015fam\u0131\u015fam, s\u0259n d\u0259 s\u00f6z\u00fcn\u00fc yerin\u0259 yetirm\u0259lis\u0259n. Sitat\u0131n sonu&#8230;<\/p>\n<p>  \u0130ndi fikirl\u0259\u015fir\u0259m ki, protestant puritan amerikanlar el\u0259 \u00f6z tanr\u0131lar\u0131na ox\u015fay\u0131rlar &#8211; m\u00fcqavil\u0259y\u0259 &#8211; v\u0259d\u0259 sadiq, demokratiyas\u0131 \u00f6z yerind\u0259, azad bazar\u0131 da h\u0259m\u00e7inin. Katolikl\u0259r d\u0259 \u00f6z tanr\u0131lar\u0131na ox\u015fay\u0131rlar &#8211; Pol\u015fada abortu qada\u011fan etm\u0259k ist\u0259yirl\u0259r, Lat\u0131n Amerikas\u0131nda camaat bir-birinin \u0259tini yeyib h\u0259mi\u015f\u0259. II \u0130ohann Pavel deyirdi ki, katolisizmin Avropa v\u0259 Lat\u0131n Amerikas\u0131ndan sonra \u0259n b\u00f6y\u00fck daya\u011f\u0131 Afrikad\u0131r. Afrikan\u0131 da g\u00f6r\u00fcrs\u00fcn\u00fcz d\u0259.<\/p>\n<p>  M\u00fcs\u0259lmanlar da \u00f6z allahlar\u0131na ox\u015fay\u0131rlar &#8211; \u0259sas m\u0259s\u0259l\u0259 namaz q\u0131lmaq, 4 arvad almaq, ba\u015f ba\u011flamaq, saqqal saxlamaq kimi \u015feyl\u0259rdir. R\u00fc\u015fv\u0259tdir, demokratiyad\u0131r, m\u0259hk\u0259m\u0259nin azadl\u0131\u011f\u0131d\u0131r, m\u0259tbuata h\u00f6rm\u0259tdir &#8211; bunlar \u201cQuran\u201dda n\u0259 q\u0259d\u0259rdirs\u0259, el\u0259 m\u00fcs\u0259lman c\u0259miyy\u0259tl\u0259rind\u0259 d\u0259 onlara h\u00f6rm\u0259t o q\u0259d\u0259rdir.<\/p>\n<p>  B\u0259db\u0259xt xalqlar da \u00f6z diktatorlar\u0131na ox\u015fay\u0131rlar. Fikir verin, \u00f6lk\u0259d\u0259 rejimin q\u0259ddarl\u0131\u011f\u0131 artd\u0131qca, metroda aya\u011f\u0131m\u0131z\u0131 tapdalayanlar, eskalatorda solda dayananlar, d\u00fc\u015f\u0259nl\u0259r\u0259 imkan verm\u0259yib min\u0259nl\u0259r art\u0131r. Prinsip\u0259, yoxlaya bil\u0259rsiniz. H\u0259mi\u015f\u0259 el\u0259 olur. Adamlar n\u0259inki k\u00f6l\u0259si olduqlar\u0131na, h\u0259tta \u0259leyhin\u0259 m\u00fcbariz\u0259 apard\u0131qlar\u0131na ox\u015fay\u0131rlar.<\/p>\n<p>  Bayaq u\u015fa\u011f\u0131 u\u015faq arabas\u0131 il\u0259 g\u0259zdir\u0259nd\u0259 bir e\u015f\u015f\u0259k ma\u015f\u0131n\u0131 dal-dala verib az qala belimiz\u0259 \u00e7\u0131x\u0131rd\u0131, bundan yay\u0131nanda da ba\u015fqa ma\u015f\u0131n d\u00fcz qaba\u011f\u0131m\u0131zdan piyada ke\u00e7idind\u0259 q\u0131rm\u0131z\u0131da ke\u00e7di. Ev\u0259 g\u0259l\u0259nd\u0259 fikirli idim. Bir d\u0259 \u00f6z\u00fcm\u00fc orada yaxalad\u0131m ki, qeyri-iradi olaraq a\u011fl\u0131ma o s\u00fcr\u00fcc\u00fcl\u0259ri tutub \u00e7\u0131rpmaq g\u0259lir.<\/p>\n<p>  Bilirsiniz, t\u0259mizliyi qorumaq vacibdir. Bu vaciblik is\u0259 rejim s\u0259rtl\u0259\u015fdikc\u0259, get-ged\u0259 art\u0131r. B\u0259lk\u0259 2001-d\u0259 \u0259fv yazmamaq t\u0259mizliyi qorumaq idi, indi is\u0259 s\u0259n\u0259 qar\u015f\u0131 e\u015f\u015f\u0259klik ed\u0259ni d\u00f6ym\u0259m\u0259kdir. \u00c7\u00fcnki art\u0131q \u00e7ox zaman ke\u00e7ib. Get-ged\u0259 \u0259leyhin\u0259 m\u00fcbariz\u0259 apard\u0131qlar\u0131m\u0131za, allahlar\u0131m\u0131za, diktatorlar\u0131m\u0131za ox\u015fay\u0131r\u0131q. Bundan qorunmaq laz\u0131md\u0131r. T\u0259mizlik budur.<\/p>\n<p>  Svetlana Alekseyevi\u00e7 &#8220;Vremya Sekond Xend&#8221; kitab\u0131nda Stalin repressiyas\u0131na m\u0259ruz qalm\u0131\u015f bir qad\u0131n\u0131n d\u0259h\u015f\u0259tli taleyi bar\u0259d\u0259 yaz\u0131r ki, yataqxana tipli h\u0259r ail\u0259y\u0259 bir otaq veril\u0259n evl\u0259rd\u0259 ya\u015fayan bir qad\u0131n\u0131 NKVD h\u0259bs etm\u0259y\u0259 g\u0259l\u0259nd\u0259, o, q\u0131z\u0131n\u0131 qon\u015fudak\u0131 Anyaya tap\u0131r\u0131r. 17 illik KULAK-dan sonra qad\u0131n geri qay\u0131d\u0131r, g\u00f6r\u00fcr ki, Anya onun q\u0131z\u0131na bax\u0131b. Anyan\u0131n ayaqlar\u0131na d\u00fc\u015f\u00fcr, a\u011flay\u0131r, minn\u0259tdarl\u0131q edir. Amma bir az sonra Stalin \u00f6l\u00fcr, qad\u0131na b\u0259ra\u0259t verilir, ona cinay\u0259t i\u015fi il\u0259 tan\u0131\u015f olma\u011fa imkan verirl\u0259r. Ba\u015fda donoslar g\u0259lir. Donosu el\u0259 Anya yaz\u0131bm\u0131\u015f &#8211; onun q\u0131z\u0131na baxaraq, evini \u0259l\u0259 ke\u00e7irsin dey\u0259.\n<\/p>\n<p>\n  Qad\u0131n, bilirsiniz, neynir? \u00d6z\u00fcn\u00fc as\u0131r. \u00c7\u00fcnki o hadis\u0259y\u0259 d\u00f6zs\u0259, t\u0259mizliyini qoruya bilm\u0259y\u0259c\u0259kdi. Ox\u015fayacaqd\u0131 bunu normal q\u0259bul ed\u0259nl\u0259r\u0259, Stalin\u0259, Partnomenklaturaya, Anyaya&#8230; M\u0259n bel\u0259 \u015f\u0259rh edir\u0259m \u00f6z\u00fcm \u00fc\u00e7\u00fcn. Stefan Zweig I D\u00fcnya m\u00fcharib\u0259si haqq\u0131nda el\u0259 g\u00f6z\u0259l yaz\u0131b ki, o, II D\u00fcnya m\u00fcharib\u0259sind\u0259 \u00f6z\u00fcn\u00fc \u00f6ld\u00fcrm\u0259s\u0259 idi, y\u0259qin ona h\u00f6rm\u0259tim indikind\u0259n az olard\u0131. T\u0259miz qalmaq \u00e7\u0259tindir. Tanr\u0131lar\u0131m\u0131za ox\u015famaqdan qa\u00e7mal\u0131y\u0131q, n\u0259 q\u0259d\u0259r bacarsaq, o q\u0259d\u0259r. Bacarmayanda da Stefan Zweig-a ox\u015fayar\u0131q.\n<\/p>\n<p>\n  <i><br \/>\n    <b><br \/>\n      Yaz\u0131 m\u00fc\u0259llifin fikirl\u0259rini \u0259ks etdirir v\u0259 Meydan TV-nin m\u00f6vqeyi il\u0259 \u00fcst-\u00fcst\u0259 d\u00fc\u015fm\u0259y\u0259 bil\u0259r.<br \/>\n    <\/b><br \/>\n  <\/i><\/p>\n","protected":false},"excerpt":{"rendered":"<p>Q\u0259dim zamanlarda Bak\u0131dak\u0131 alman kils\u0259sin\u0259 getmi\u015fdim<\/p>\n","protected":false},"author":11,"featured_media":79618,"comment_status":"closed","ping_status":"open","sticky":false,"template":"","format":"standard","meta":{"_acf_changed":false,"_sitemap_exclude":false,"_sitemap_priority":"","_sitemap_frequency":"","footnotes":""},"categories":[57],"tags":[],"class_list":["post-188887","post","type-post","status-publish","format-standard","has-post-thumbnail","hentry","category-menim-fikrimce","infinite-scroll-item","generate-columns","tablet-grid-50","mobile-grid-100","grid-parent","grid-33","no-featured-image-padding"],"acf":[],"yoast_head":"<!-- This site is optimized with the Yoast SEO plugin v27.5 - https:\/\/yoast.com\/product\/yoast-seo-wordpress\/ -->\n<title>Tanr\u0131lara ox\u015famaqdan \u00e7\u0259kinm\u0259k laz\u0131md\u0131r - MEYDAN.TV<\/title>\n<meta name=\"robots\" content=\"index, follow, max-snippet:-1, max-image-preview:large, max-video-preview:-1\" \/>\n<link rel=\"canonical\" href=\"https:\/\/www.meydan.tv\/az\/article\/tanrilara-oxsamaqdan-cekinmek-lazimdir\/\" \/>\n<meta property=\"og:locale\" content=\"az_AZ\" \/>\n<meta property=\"og:type\" content=\"article\" \/>\n<meta property=\"og:title\" content=\"Tanr\u0131lara ox\u015famaqdan \u00e7\u0259kinm\u0259k laz\u0131md\u0131r - MEYDAN.TV\" \/>\n<meta property=\"og:description\" content=\"Q\u0259dim zamanlarda Bak\u0131dak\u0131 alman kils\u0259sin\u0259 getmi\u015fdim\" \/>\n<meta property=\"og:url\" content=\"https:\/\/www.meydan.tv\/az\/article\/tanrilara-oxsamaqdan-cekinmek-lazimdir\/\" \/>\n<meta property=\"og:site_name\" content=\"MEYDAN.TV\" \/>\n<meta property=\"article:published_time\" content=\"2018-02-28T12:06:59+00:00\" \/>\n<meta property=\"og:image\" content=\"https:\/\/www.meydan.tv\/wp-content\/uploads\/31024-1095x821.png\" \/>\n\t<meta property=\"og:image:width\" content=\"1095\" \/>\n\t<meta property=\"og:image:height\" content=\"821\" \/>\n\t<meta property=\"og:image:type\" content=\"image\/png\" \/>\n<meta name=\"author\" content=\"user-manager\" \/>\n<meta name=\"twitter:card\" content=\"summary_large_image\" \/>\n<script type=\"application\/ld+json\" class=\"yoast-schema-graph\">{\"@context\":\"https:\\\/\\\/schema.org\",\"@graph\":[{\"@type\":\"Article\",\"@id\":\"https:\\\/\\\/www.meydan.tv\\\/az\\\/article\\\/tanrilara-oxsamaqdan-cekinmek-lazimdir\\\/#article\",\"isPartOf\":{\"@id\":\"https:\\\/\\\/www.meydan.tv\\\/az\\\/article\\\/tanrilara-oxsamaqdan-cekinmek-lazimdir\\\/\"},\"author\":{\"name\":\"user-manager\",\"@id\":\"https:\\\/\\\/www.meydan.tv\\\/az\\\/#\\\/schema\\\/person\\\/10d11eccf6da3662cf5fdab9806ea91a\"},\"headline\":\"Tanr\u0131lara ox\u015famaqdan \u00e7\u0259kinm\u0259k laz\u0131md\u0131r\",\"datePublished\":\"2018-02-28T12:06:59+00:00\",\"mainEntityOfPage\":{\"@id\":\"https:\\\/\\\/www.meydan.tv\\\/az\\\/article\\\/tanrilara-oxsamaqdan-cekinmek-lazimdir\\\/\"},\"wordCount\":889,\"publisher\":{\"@id\":\"https:\\\/\\\/www.meydan.tv\\\/az\\\/#organization\"},\"image\":{\"@id\":\"https:\\\/\\\/www.meydan.tv\\\/az\\\/article\\\/tanrilara-oxsamaqdan-cekinmek-lazimdir\\\/#primaryimage\"},\"thumbnailUrl\":\"https:\\\/\\\/www.meydan.tv\\\/wp-content\\\/uploads\\\/31024.png\",\"articleSection\":[\"M\u0259nim Fikrimc\u0259\"],\"inLanguage\":\"az\"},{\"@type\":\"WebPage\",\"@id\":\"https:\\\/\\\/www.meydan.tv\\\/az\\\/article\\\/tanrilara-oxsamaqdan-cekinmek-lazimdir\\\/\",\"url\":\"https:\\\/\\\/www.meydan.tv\\\/az\\\/article\\\/tanrilara-oxsamaqdan-cekinmek-lazimdir\\\/\",\"name\":\"Tanr\u0131lara ox\u015famaqdan \u00e7\u0259kinm\u0259k laz\u0131md\u0131r - MEYDAN.TV\",\"isPartOf\":{\"@id\":\"https:\\\/\\\/www.meydan.tv\\\/az\\\/#website\"},\"primaryImageOfPage\":{\"@id\":\"https:\\\/\\\/www.meydan.tv\\\/az\\\/article\\\/tanrilara-oxsamaqdan-cekinmek-lazimdir\\\/#primaryimage\"},\"image\":{\"@id\":\"https:\\\/\\\/www.meydan.tv\\\/az\\\/article\\\/tanrilara-oxsamaqdan-cekinmek-lazimdir\\\/#primaryimage\"},\"thumbnailUrl\":\"https:\\\/\\\/www.meydan.tv\\\/wp-content\\\/uploads\\\/31024.png\",\"datePublished\":\"2018-02-28T12:06:59+00:00\",\"breadcrumb\":{\"@id\":\"https:\\\/\\\/www.meydan.tv\\\/az\\\/article\\\/tanrilara-oxsamaqdan-cekinmek-lazimdir\\\/#breadcrumb\"},\"inLanguage\":\"az\",\"potentialAction\":[{\"@type\":\"ReadAction\",\"target\":[\"https:\\\/\\\/www.meydan.tv\\\/az\\\/article\\\/tanrilara-oxsamaqdan-cekinmek-lazimdir\\\/\"]}]},{\"@type\":\"ImageObject\",\"inLanguage\":\"az\",\"@id\":\"https:\\\/\\\/www.meydan.tv\\\/az\\\/article\\\/tanrilara-oxsamaqdan-cekinmek-lazimdir\\\/#primaryimage\",\"url\":\"https:\\\/\\\/www.meydan.tv\\\/wp-content\\\/uploads\\\/31024.png\",\"contentUrl\":\"https:\\\/\\\/www.meydan.tv\\\/wp-content\\\/uploads\\\/31024.png\",\"width\":2732,\"height\":2048,\"caption\":\"Source:\"},{\"@type\":\"BreadcrumbList\",\"@id\":\"https:\\\/\\\/www.meydan.tv\\\/az\\\/article\\\/tanrilara-oxsamaqdan-cekinmek-lazimdir\\\/#breadcrumb\",\"itemListElement\":[{\"@type\":\"ListItem\",\"position\":1,\"name\":\"Ana s\u0259hif\u0259\",\"item\":\"https:\\\/\\\/www.meydan.tv\\\/az\\\/\"},{\"@type\":\"ListItem\",\"position\":2,\"name\":\"M\u0259nim Fikrimc\u0259\",\"item\":\"https:\\\/\\\/www.meydan.tv\\\/az\\\/section\\\/menim-fikrimce\\\/\"},{\"@type\":\"ListItem\",\"position\":3,\"name\":\"Tanr\u0131lara ox\u015famaqdan \u00e7\u0259kinm\u0259k laz\u0131md\u0131r\"}]},{\"@type\":\"WebSite\",\"@id\":\"https:\\\/\\\/www.meydan.tv\\\/az\\\/#website\",\"url\":\"https:\\\/\\\/www.meydan.tv\\\/az\\\/\",\"name\":\"MEYDAN.TV\",\"description\":\"Meydan TV Az\u0259rbaycan\u0131n media m\u0259kan\u0131ndak\u0131 alternativ s\u0259sidir\",\"publisher\":{\"@id\":\"https:\\\/\\\/www.meydan.tv\\\/az\\\/#organization\"},\"potentialAction\":[{\"@type\":\"SearchAction\",\"target\":{\"@type\":\"EntryPoint\",\"urlTemplate\":\"https:\\\/\\\/www.meydan.tv\\\/az\\\/?s={search_term_string}\"},\"query-input\":{\"@type\":\"PropertyValueSpecification\",\"valueRequired\":true,\"valueName\":\"search_term_string\"}}],\"inLanguage\":\"az\"},{\"@type\":\"Organization\",\"@id\":\"https:\\\/\\\/www.meydan.tv\\\/az\\\/#organization\",\"name\":\"Meydan TV\",\"url\":\"https:\\\/\\\/www.meydan.tv\\\/az\\\/\",\"logo\":{\"@type\":\"ImageObject\",\"inLanguage\":\"az\",\"@id\":\"https:\\\/\\\/www.meydan.tv\\\/az\\\/#\\\/schema\\\/logo\\\/image\\\/\",\"url\":\"https:\\\/\\\/www.meydan.tv\\\/wp-content\\\/uploads\\\/2021\\\/07\\\/meydan-logo.svg\",\"contentUrl\":\"https:\\\/\\\/www.meydan.tv\\\/wp-content\\\/uploads\\\/2021\\\/07\\\/meydan-logo.svg\",\"width\":195,\"height\":46,\"caption\":\"Meydan TV\"},\"image\":{\"@id\":\"https:\\\/\\\/www.meydan.tv\\\/az\\\/#\\\/schema\\\/logo\\\/image\\\/\"}},{\"@type\":\"Person\",\"@id\":\"https:\\\/\\\/www.meydan.tv\\\/az\\\/#\\\/schema\\\/person\\\/10d11eccf6da3662cf5fdab9806ea91a\",\"name\":\"user-manager\"}]}<\/script>\n<!-- \/ Yoast SEO plugin. -->","yoast_head_json":{"title":"Tanr\u0131lara ox\u015famaqdan \u00e7\u0259kinm\u0259k laz\u0131md\u0131r - MEYDAN.TV","robots":{"index":"index","follow":"follow","max-snippet":"max-snippet:-1","max-image-preview":"max-image-preview:large","max-video-preview":"max-video-preview:-1"},"canonical":"https:\/\/www.meydan.tv\/az\/article\/tanrilara-oxsamaqdan-cekinmek-lazimdir\/","og_locale":"az_AZ","og_type":"article","og_title":"Tanr\u0131lara ox\u015famaqdan \u00e7\u0259kinm\u0259k laz\u0131md\u0131r - MEYDAN.TV","og_description":"Q\u0259dim zamanlarda Bak\u0131dak\u0131 alman kils\u0259sin\u0259 getmi\u015fdim","og_url":"https:\/\/www.meydan.tv\/az\/article\/tanrilara-oxsamaqdan-cekinmek-lazimdir\/","og_site_name":"MEYDAN.TV","article_published_time":"2018-02-28T12:06:59+00:00","og_image":[{"width":1095,"height":821,"url":"https:\/\/www.meydan.tv\/wp-content\/uploads\/31024-1095x821.png","type":"image\/png"}],"author":"user-manager","twitter_card":"summary_large_image","schema":{"@context":"https:\/\/schema.org","@graph":[{"@type":"Article","@id":"https:\/\/www.meydan.tv\/az\/article\/tanrilara-oxsamaqdan-cekinmek-lazimdir\/#article","isPartOf":{"@id":"https:\/\/www.meydan.tv\/az\/article\/tanrilara-oxsamaqdan-cekinmek-lazimdir\/"},"author":{"name":"user-manager","@id":"https:\/\/www.meydan.tv\/az\/#\/schema\/person\/10d11eccf6da3662cf5fdab9806ea91a"},"headline":"Tanr\u0131lara ox\u015famaqdan \u00e7\u0259kinm\u0259k laz\u0131md\u0131r","datePublished":"2018-02-28T12:06:59+00:00","mainEntityOfPage":{"@id":"https:\/\/www.meydan.tv\/az\/article\/tanrilara-oxsamaqdan-cekinmek-lazimdir\/"},"wordCount":889,"publisher":{"@id":"https:\/\/www.meydan.tv\/az\/#organization"},"image":{"@id":"https:\/\/www.meydan.tv\/az\/article\/tanrilara-oxsamaqdan-cekinmek-lazimdir\/#primaryimage"},"thumbnailUrl":"https:\/\/www.meydan.tv\/wp-content\/uploads\/31024.png","articleSection":["M\u0259nim Fikrimc\u0259"],"inLanguage":"az"},{"@type":"WebPage","@id":"https:\/\/www.meydan.tv\/az\/article\/tanrilara-oxsamaqdan-cekinmek-lazimdir\/","url":"https:\/\/www.meydan.tv\/az\/article\/tanrilara-oxsamaqdan-cekinmek-lazimdir\/","name":"Tanr\u0131lara ox\u015famaqdan \u00e7\u0259kinm\u0259k laz\u0131md\u0131r - MEYDAN.TV","isPartOf":{"@id":"https:\/\/www.meydan.tv\/az\/#website"},"primaryImageOfPage":{"@id":"https:\/\/www.meydan.tv\/az\/article\/tanrilara-oxsamaqdan-cekinmek-lazimdir\/#primaryimage"},"image":{"@id":"https:\/\/www.meydan.tv\/az\/article\/tanrilara-oxsamaqdan-cekinmek-lazimdir\/#primaryimage"},"thumbnailUrl":"https:\/\/www.meydan.tv\/wp-content\/uploads\/31024.png","datePublished":"2018-02-28T12:06:59+00:00","breadcrumb":{"@id":"https:\/\/www.meydan.tv\/az\/article\/tanrilara-oxsamaqdan-cekinmek-lazimdir\/#breadcrumb"},"inLanguage":"az","potentialAction":[{"@type":"ReadAction","target":["https:\/\/www.meydan.tv\/az\/article\/tanrilara-oxsamaqdan-cekinmek-lazimdir\/"]}]},{"@type":"ImageObject","inLanguage":"az","@id":"https:\/\/www.meydan.tv\/az\/article\/tanrilara-oxsamaqdan-cekinmek-lazimdir\/#primaryimage","url":"https:\/\/www.meydan.tv\/wp-content\/uploads\/31024.png","contentUrl":"https:\/\/www.meydan.tv\/wp-content\/uploads\/31024.png","width":2732,"height":2048,"caption":"Source:"},{"@type":"BreadcrumbList","@id":"https:\/\/www.meydan.tv\/az\/article\/tanrilara-oxsamaqdan-cekinmek-lazimdir\/#breadcrumb","itemListElement":[{"@type":"ListItem","position":1,"name":"Ana s\u0259hif\u0259","item":"https:\/\/www.meydan.tv\/az\/"},{"@type":"ListItem","position":2,"name":"M\u0259nim Fikrimc\u0259","item":"https:\/\/www.meydan.tv\/az\/section\/menim-fikrimce\/"},{"@type":"ListItem","position":3,"name":"Tanr\u0131lara ox\u015famaqdan \u00e7\u0259kinm\u0259k laz\u0131md\u0131r"}]},{"@type":"WebSite","@id":"https:\/\/www.meydan.tv\/az\/#website","url":"https:\/\/www.meydan.tv\/az\/","name":"MEYDAN.TV","description":"Meydan TV Az\u0259rbaycan\u0131n media m\u0259kan\u0131ndak\u0131 alternativ s\u0259sidir","publisher":{"@id":"https:\/\/www.meydan.tv\/az\/#organization"},"potentialAction":[{"@type":"SearchAction","target":{"@type":"EntryPoint","urlTemplate":"https:\/\/www.meydan.tv\/az\/?s={search_term_string}"},"query-input":{"@type":"PropertyValueSpecification","valueRequired":true,"valueName":"search_term_string"}}],"inLanguage":"az"},{"@type":"Organization","@id":"https:\/\/www.meydan.tv\/az\/#organization","name":"Meydan TV","url":"https:\/\/www.meydan.tv\/az\/","logo":{"@type":"ImageObject","inLanguage":"az","@id":"https:\/\/www.meydan.tv\/az\/#\/schema\/logo\/image\/","url":"https:\/\/www.meydan.tv\/wp-content\/uploads\/2021\/07\/meydan-logo.svg","contentUrl":"https:\/\/www.meydan.tv\/wp-content\/uploads\/2021\/07\/meydan-logo.svg","width":195,"height":46,"caption":"Meydan TV"},"image":{"@id":"https:\/\/www.meydan.tv\/az\/#\/schema\/logo\/image\/"}},{"@type":"Person","@id":"https:\/\/www.meydan.tv\/az\/#\/schema\/person\/10d11eccf6da3662cf5fdab9806ea91a","name":"user-manager"}]}},"_links":{"self":[{"href":"https:\/\/www.meydan.tv\/az\/wp-json\/wp\/v2\/posts\/188887","targetHints":{"allow":["GET"]}}],"collection":[{"href":"https:\/\/www.meydan.tv\/az\/wp-json\/wp\/v2\/posts"}],"about":[{"href":"https:\/\/www.meydan.tv\/az\/wp-json\/wp\/v2\/types\/post"}],"author":[{"embeddable":true,"href":"https:\/\/www.meydan.tv\/az\/wp-json\/wp\/v2\/users\/11"}],"replies":[{"embeddable":true,"href":"https:\/\/www.meydan.tv\/az\/wp-json\/wp\/v2\/comments?post=188887"}],"version-history":[{"count":0,"href":"https:\/\/www.meydan.tv\/az\/wp-json\/wp\/v2\/posts\/188887\/revisions"}],"wp:featuredmedia":[{"embeddable":true,"href":"https:\/\/www.meydan.tv\/az\/wp-json\/wp\/v2\/media\/79618"}],"wp:attachment":[{"href":"https:\/\/www.meydan.tv\/az\/wp-json\/wp\/v2\/media?parent=188887"}],"wp:term":[{"taxonomy":"category","embeddable":true,"href":"https:\/\/www.meydan.tv\/az\/wp-json\/wp\/v2\/categories?post=188887"},{"taxonomy":"post_tag","embeddable":true,"href":"https:\/\/www.meydan.tv\/az\/wp-json\/wp\/v2\/tags?post=188887"}],"curies":[{"name":"wp","href":"https:\/\/api.w.org\/{rel}","templated":true}]}}