{"id":188857,"date":"2018-02-25T19:32:50","date_gmt":"2018-02-25T19:32:50","guid":{"rendered":"https:\/\/www.meydan.tv\/article\/olmaq-ve-ya-olmamaq\/"},"modified":"2018-02-25T19:32:50","modified_gmt":"2018-02-25T19:32:50","slug":"olmaq-ve-ya-olmamaq","status":"publish","type":"post","link":"https:\/\/www.meydan.tv\/az\/article\/olmaq-ve-ya-olmamaq\/","title":{"rendered":"Olmaq v\u0259 ya olmamaq?"},"content":{"rendered":"<figure class=\"wp-block-image size-large\">\n  <img decoding=\"async\" src=\"https:\/\/www.meydan.tv\/az\/secki-2013\/\" alt=\"Se\u00e7ki 2013\" class=\"wp-image-99966\"\/><figcaption>\n    Se\u00e7ki 2013<br \/>\n  <\/figcaption><\/figure>\n<p>\n  Az\u0259rbaycanda se\u00e7kil\u0259rin formal xarakter da\u015f\u0131mas\u0131, se\u00e7kili orqanlarda se\u00e7il\u0259nl\u0259rin deyil, t\u0259yin olunanlar\u0131n t\u0259msil olunmas\u0131 sirr deyil. Buna g\u00f6r\u0259 d\u0259 ist\u0259r virtual, ist\u0259rs\u0259 d\u0259 real m\u00fczakir\u0259l\u0259r zaman\u0131 tez-tez \u201cbu q\u0259d\u0259r x\u0259rc \u00e7\u0259kib niy\u0259 se\u00e7ki ke\u00e7irirl\u0259r, onsuz da qutudan ist\u0259dikl\u0259rini \u00e7\u0131xar\u0131rlar\u201d, \u201cbu 125 deputata h\u0259d\u0259r yer\u0259 niy\u0259 maa\u015f \u00f6d\u0259yirl\u0259r, l\u0259\u011fv etsinl\u0259r parlamenti\u201d kimi fikirl\u0259r\u0259 rast g\u0259lm\u0259k olur.\n<\/p>\n<p>\n  Do\u011frudan da, ad\u0131 mill\u0259t v\u0259kili olsa da, he\u00e7 vaxt mill\u0259tin probleml\u0259rini dil\u0259 g\u0259tirm\u0259y\u0259n, \u0259ksin\u0259 h\u0259r d\u0259f\u0259 \u0259ksinin s\u00f6yl\u0259m\u0259kl\u0259 insanlar\u0131n \u0259s\u0259bl\u0259rin\u0259 toxunan \u015f\u0259xsl\u0259rin h\u0259l\u0259 buna g\u00f6r\u0259 2-3 min maa\u015f almas\u0131 il\u0259 bar\u0131\u015fmaq asan deyil.\n<\/p>\n<p>\n  \u00dcst\u0259lik, d\u00f6vl\u0259t hesab\u0131na ev, ma\u015f\u0131n, s\u00fcr\u00fcc\u00fc, k\u00f6m\u0259k\u00e7i, ezamiyy\u0259t, aparat\u0131 saxlamaq v\u0259 dig\u0259r \u00e7oxsayl\u0131 x\u0259rcl\u0259r var.\n<\/p>\n<p>\n  \u00dcmumiyy\u0259tl\u0259, 2018-ci ild\u0259 Milli M\u0259clisin saxlanma x\u0259rcl\u0259ri 1,2 milyon art\u0131r\u0131laraq 25 milyon 432 min manata \u00e7atd\u0131r\u0131l\u0131b. Bunun da t\u0259xmin\u0259n 69 faizini \u0259m\u0259khaqq\u0131 fondu v\u0259 \u0259m\u0259khaqq\u0131na olan \u0259lav\u0259l\u0259r t\u0259\u015fkil ed\u0259c\u0259k.\n<\/p>\n<p>\n  Yeri g\u0259lmi\u015fk\u0259n, b\u00fcdc\u0259y\u0259 aid b\u00fct\u00fcn m\u0259s\u0259l\u0259l\u0259r kimi parlamentin saxlan\u0131lmas\u0131, deputatlar\u0131n maa\u015f\u0131 m\u0259s\u0259l\u0259sinin d\u0259 t\u0259sdiqi Milli M\u0259clisin ixtiyar\u0131ndad\u0131r. Lakin t\u0259biidir ki, h\u0259tta bu m\u0259s\u0259l\u0259d\u0259 d\u0259 s\u0259rb\u0259stlik n\u00fcmayi\u015f etdir\u0259 bilmirl\u0259r.\n<\/p>\n<p>\n  \u018fksin\u0259, tez-tez deputatlardan maa\u015flar\u0131n, ezamiyy\u0259 x\u0259rcl\u0259rinin azl\u0131\u011f\u0131ndan \u015fikay\u0259t e\u015fidirik. Qanunla ixtiyarlar\u0131 \u00e7atd\u0131\u011f\u0131 bir \u015feyi \u00f6zl\u0259rin\u0259 etm\u0259y\u0259 c\u0259sar\u0259ti \u00e7atmayan orqan\u0131n mill\u0259t\u0259 g\u00f6r\u0259 n\u0259s\u0259 ed\u0259c\u0259yini g\u00f6zl\u0259m\u0259k \u00fc\u00e7\u00fcn \u00e7ox saf olmaq laz\u0131md\u0131r.\n<\/p>\n<p>\n  M\u00fc\u015fahid\u0259l\u0259r\u0259 \u0259sas\u0259n s\u00f6yl\u0259m\u0259k olar ki, x\u00fcsusil\u0259 f\u0259al olan, tez-tez qalmaqall\u0131 a\u00e7\u0131qlamalar\u0131 g\u00fcnd\u0259md\u0259 olan deputatlara yum\u015faq des\u0259k, antipatiya h\u0259tta icra hakimiyy\u0259ti v\u0259 h\u00fcquq-m\u00fchafiz\u0259 orqanlar\u0131 m\u0259murlar\u0131na olan antipatiyadan daha y\u00fcks\u0259kdir.\n<\/p>\n<p>\n  Buna g\u00f6r\u0259 d\u0259 t\u0259x\u0259yy\u00fcl\u00fcm\u00fcz\u00fc i\u015f\u0259 sal\u0131b h\u00f6kum\u0259tin parlamenti l\u0259\u011fv etm\u0259k m\u0259s\u0259l\u0259sini referenduma \u00e7\u0131xard\u0131\u011f\u0131n\u0131 t\u0259s\u0259vv\u00fcr ets\u0259k, real olaraq lehin\u0259 ciddi s\u0259s toplamas\u0131 qa\u00e7\u0131lmazd\u0131r. Se\u00e7icil\u0259r s\u0131rf o deputatlar\u0131 i\u015fsiz-maa\u015fs\u0131z qoymaq, \u00fczl\u0259rini g\u00f6rm\u0259m\u0259k \u00fc\u00e7\u00fcn s\u0259s ver\u0259c\u0259kl\u0259r.\n<\/p>\n<p>\n  Parlamentimizin g\u00f6z\u0259llikl\u0259rini s\u0259thi m\u00fczakir\u0259 ed\u0259nd\u0259n sonra ke\u00e7\u0259k se\u00e7ki m\u0259s\u0259l\u0259sin\u0259.\n<\/p>\n<p>\n  Son referendumdan 5-6 ay sonra M\u0259rk\u0259zi Se\u00e7ki Komisssiyas\u0131n\u0131n \u00e7\u0259kdiyi x\u0259rcl\u0259r a\u00e7\u0131qland\u0131. M\u0259lum oldu ki, bu referendum d\u00f6vl\u0259t b\u00fcdc\u0259sin\u0259 22 milyon manata ba\u015fa g\u0259lib. X\u0259rcl\u0259rin b\u0259zi madd\u0259l\u0259ri x\u00fcsusil\u0259 heyr\u0259t do\u011fururdu.\n<\/p>\n<p>\n  Bildiyimiz kimi, se\u00e7kil\u0259r zaman\u0131 se\u00e7icil\u0259rin say\u0131ndan bir q\u0259d\u0259r art\u0131q olmaqla se\u00e7ki bildiri\u015fl\u0259ri v\u0259 b\u00fclletenl\u0259ri \u00e7ap olunur. Bu m\u0259hsullar adi ka\u011f\u0131zda v\u0259 he\u00e7 bir x\u00fcsusi qoruyucu i\u015far\u0259l\u0259r olmadan haz\u0131rlan\u0131r. Buna baxmayaraq, qiym\u0259tl\u0259r, nec\u0259 dey\u0259rl\u0259r, g\u00f6z ox\u015fay\u0131rd\u0131.\n<\/p>\n<p>\n  Se\u00e7icil\u0259rin evin\u0259 g\u00f6nd\u0259ril\u0259n v\u0259 ya g\u00f6nd\u0259rilm\u0259li olan \u0259l boyda bildiri\u015fl\u0259r n\u0259 az, n\u0259 azac\u0131q, tam 25,91 q\u0259piy\u0259 ba\u015fa g\u0259lib. M\u00fcqayis\u0259 \u00fc\u00e7\u00fcn bildir\u0259k ki, t\u0259xmin\u0259n eyni \u00f6l\u00e7\u00fcl\u0259r\u0259 malik, lakin x\u00fcsusi ka\u011f\u0131zda v\u0259 ciddi qoruyucu i\u015far\u0259l\u0259rl\u0259 haz\u0131rlanan 100 dollarl\u0131q \u0259skinas 12,3 sent\u0259 ba\u015fa g\u0259lir, bu da 21 q\u0259pik edir.\n<\/p>\n<p>\n  S\u0259sverm\u0259 b\u00fclleteninin biri is\u0259 1 manat 72 q\u0259piy\u0259 ba\u015fa g\u0259libmi\u015f. \u00c7ap olunan 5 milyon 270 min 613 \u0259d\u0259d s\u0259sverm\u0259 b\u00fclletenin\u0259 g\u00f6r\u0259 d\u00f6vl\u0259t b\u00fcdc\u0259sind\u0259n 9,1 milyon manat v\u0259sait silinib.\n<\/p>\n<p>\n  Son referendum zaman\u0131 b\u0259zi da\u015f\u0131nmaz se\u00e7ki qutular\u0131\u0131n\u0131n s\u0131radan \u00e7\u0131xmas\u0131 s\u0259b\u0259bil\u0259 552 \u0259d\u0259d yenisi al\u0131n\u0131b. H\u0259r birimizin g\u00f6rd\u00fcy\u00fc v\u0259 x\u00fcsusi \u00f6z\u0259lliyi olmayan bu qutular\u0131n birinin 238 manat 94 q\u0259piy\u0259 al\u0131nd\u0131\u011f\u0131 iddia olunur v\u0259 \u00fcmum\u0259n vergi \u00f6d\u0259y\u0259nl\u0259r\u0259 131 min 900 manata ba\u015fa g\u0259lib.\n<\/p>\n<p>\n  Ba\u015fqa x\u0259rcl\u0259r d\u0259 var \u2013 t\u0259\u015fviqat plakatlar\u0131, l\u00f6vh\u0259l\u0259r, se\u00e7ki kabin\u0259l\u0259ri \u00fc\u00e7\u00fcn i\u015f\u0131q plafonlar\u0131 v\u0259 s. \u00dcst\u0259lik, m\u00fcxt\u0259lif se\u00e7ki komissiyalar\u0131n\u0131n kimisi daimi, kimisi d\u0259 se\u00e7ki kampaniyas\u0131 d\u00f6vr\u00fcnd\u0259 maa\u015f alan minl\u0259rl\u0259 \u00fczvl\u0259ri.\n<\/p>\n<p>\n  B\u00fct\u00fcn bunlardan sonra da s\u0259sverm\u0259 n\u0259 hakimiyy\u0259t orqanlar\u0131n\u0131n formala\u015fmas\u0131nda, n\u0259 referendumdak\u0131 suallara h\u0259qiqi cavablar\u0131n verilm\u0259sind\u0259 rol oynam\u0131r. Ona g\u00f6r\u0259 d\u0259 se\u00e7kil\u0259rin l\u0259\u011fv edilm\u0259sini s\u00f6yl\u0259y\u0259n v\u0259t\u0259nda\u015f\u0131 anlamaq \u00e7\u0259tin deyil. Lakin raz\u0131la\u015fmaq \u00e7\u0259tindir.\n<\/p>\n<p>\n  \u00c7\u00fcnki ist\u0259r se\u00e7ki, ist\u0259r parlament c\u0259miyy\u0259tin azadl\u0131\u011f\u0131 yolunda bir m\u0259rh\u0259l\u0259dir. \u018fn saxta se\u00e7ki se\u00e7kisizlikd\u0259n, \u0259n lal-kar parlament m\u00fctl\u0259q hakimiyy\u0259td\u0259n yax\u015f\u0131d\u0131r. Se\u00e7kinin v\u0259 parlamentin m\u00f6vcudlu\u011fundan t\u0259kan verib ir\u0259li getm\u0259k laz\u0131md\u0131r, geriy\u0259 yox. M\u0259s\u0259l\u0259ni \u0259sasland\u0131rmaq m\u0259hk\u0259m\u0259 sistemi bar\u0259d\u0259 m\u00fcqayis\u0259 aparmaq daha izahedici olur.\n<\/p>\n<p>\n  Orta \u0259srl\u0259rd\u0259 Q\u0259rbi Avropada h\u0259tta \u0259n h\u00fcdudsuz hakimiyy\u0259t\u0259 malik olan krallar bel\u0259 \u00fcr\u0259kl\u0259ri ist\u0259y\u0259n \u015f\u0259xsi v\u0259 \u00fcr\u0259kl\u0259ri ist\u0259y\u0259n \u015f\u0259kild\u0259 c\u0259zaland\u0131ra bilmirdil\u0259r. G\u00fcnahkar\u0131n c\u0259zas\u0131n\u0131 m\u0259hk\u0259m\u0259 m\u00fc\u0259yy\u0259n etm\u0259li idi. T\u0259bii ki, h\u0259r \u015fey m\u00fcasir d\u00f6vrd\u0259 oldu\u011fu kimi deyildi.\n<\/p>\n<p>\n  O zaman bir \u00e7ox insan h\u00fcquqlar\u0131, o c\u00fcml\u0259d\u0259n, i\u015fg\u0259nc\u0259y\u0259 m\u0259ruz qalmamaq h\u00fcququ tan\u0131nm\u0131rd\u0131. \u0130stintaq alt\u0131nda olan \u015f\u0259xsl\u0259rd\u0259n etirafedici ifad\u0259l\u0259r almaq \u00fc\u00e7\u00fcn a\u011flas\u0131\u011fmaz metodlara \u0259l at\u0131rd\u0131lar. B\u00fct\u00fcn bunlara d\u00f6z\u00fcb etiraf etm\u0259y\u0259n is\u0259 yox, b\u0259ra\u0259t alm\u0131rd\u0131. \u018fksin\u0259, s\u0259hv yoldan d\u00f6nm\u0259k ist\u0259m\u0259diyi \u00fc\u00e7\u00fcn daha a\u011fr\u0131l\u0131 edam n\u00f6v\u00fcn\u0259 m\u0259ruz qal\u0131rd\u0131.\n<\/p>\n<p>\n  Birinci Xa\u00e7l\u0131 y\u00fcr\u00fc\u015f\u00fcnd\u0259n sonra s\u0259lib\u00e7i c\u0259ngav\u0259rl\u0259rin bir qrupu t\u0259r\u0259find\u0259n Tampliyerl\u0259r ordeninin \u0259sas\u0131 qoyuldu. \u0130ki \u0259sr\u0259 yax\u0131n f\u0259aliyy\u0259t g\u00f6st\u0259r\u0259n orden olduqca z\u0259ngin v\u0259 q\u00fcdr\u0259tli bir t\u0259\u015fkilata \u00e7evrilmi\u015fdi. XIV \u0259srin \u0259vv\u0259ll\u0259rind\u0259\n<\/p>\n<p>\n  Fransa kral\u0131, G\u00f6z\u0259l l\u0259q\u0259bli IV Filipp m\u00fcxt\u0259lif s\u0259b\u0259bl\u0259rd\u0259n orden\u0259 son verm\u0259k q\u0259rar\u0131na g\u0259ldi.\n<\/p>\n<p>\n  1307-ci il il oktyabr\u0131n 13-d\u0259, c\u00fcm\u0259 g\u00fcn\u00fc (13 tarixinin v\u0259 c\u00fcm\u0259nin \u00fcst-\u00fcst\u0259 d\u00fc\u015fm\u0259sinin pis \u0259lam\u0259t olmas\u0131 inanc\u0131n\u0131n k\u00f6k\u00fc bar\u0259d\u0259 versiyalardan biri d\u0259 bu hadis\u0259 il\u0259 \u0259laq\u0259l\u0259ndirilir) Fransa \u0259razisind\u0259ki b\u00fct\u00fcn tampliyerl\u0259r q\u0259fil basq\u0131nla h\u0259bs edildil\u0259r.\n<\/p>\n<p>\n  \u0130stintaq zaman\u0131 c\u0259ngav\u0259rl\u0259r guya xristianl\u0131qdan d\u00f6nm\u0259l\u0259ri, bid\u0259t\u0259 v\u0259 \u015feytana uymalar\u0131 bar\u0259d\u0259 etiraqfedici ifad\u0259l\u0259r verm\u0259l\u0259ri \u00fc\u00e7\u00fcn d\u0259h\u015f\u0259tli i\u015fg\u0259nc\u0259l\u0259r\u0259 m\u0259ruz qald\u0131lar. Ordenin B\u00f6y\u00fck qrossmeysteri Jak de Mole d\u0259 i\u015fg\u0259nc\u0259l\u0259r\u0259 d\u00f6zm\u0259yib \u00f6z\u00fcn\u0259 v\u0259 orden\u0259 at\u0131lan b\u00f6htanla raz\u0131la\u015fd\u0131. Lakin m\u0259hk\u0259m\u0259 prosesi zaman\u0131 ifad\u0259l\u0259rind\u0259n imtina etdi. N\u0259tic\u0259d\u0259 yenid\u0259n \u015feytana tap\u0131nm\u0131\u015f birisi kimi tonqalda yand\u0131r\u0131ld\u0131.\n<\/p>\n<p>\n  Bel\u0259 bir \u0259dal\u0259t m\u0259hk\u0259m\u0259si var idi Q\u0259rbi Avropada. Amma h\u0259r halda, bu, m\u0259hk\u0259m\u0259 idi. \u018fn q\u00fcdr\u0259tli monarxlar bel\u0259 kimis\u0259 c\u0259zaland\u0131rmaq ist\u0259y\u0259nd\u0259 m\u0259hk\u0259m\u0259y\u0259 m\u00fcraci\u0259t etm\u0259li idil\u0259r. \u0130ngilt\u0259r\u0259d\u0259 VIII Henrix arvad\u0131 Anna Boleyni edam etdirm\u0259k \u00fc\u00e7\u00fcn, Fransada XIV L\u00fcdovik \u0259li\u0259yri maliyy\u0259 naziri Nikola Fukeni \u00f6m\u00fcrl\u00fck zindana sald\u0131rmaq \u00fc\u00e7\u00fcn hakimin h\u00f6km\u00fcn\u0259 m\u00f6htac idil\u0259r.\n<\/p>\n<p>\n  \u015e\u0259rqd\u0259 is\u0259 (ist\u0259r Rusiya olsun, ist\u0259r m\u00fcs\u0259lman co\u011frafiyas\u0131) v\u0259ziyy\u0259t ba\u015fqa c\u00fcr idi. M\u0259hk\u0259m\u0259l\u0259r t\u0259bii ki, yox deyildil\u0259r. Lakin ali hakimin \u00f6z d\u00fc\u015fm\u0259nini m\u0259hv etm\u0259k \u00fc\u00e7\u00fcn onlara ehtiyac\u0131 yox idi.\n<\/p>\n<p>\n  Osmanl\u0131da yenic\u0259 taxta \u00e7\u0131xan sultan\u0131n hakimiyy\u0259tin\u0259 t\u0259hdid olmas\u0131n dey\u0259 \u00f6z qarda\u015flar\u0131n\u0131 \u00f6ld\u00fcrm\u0259si tamamil\u0259 qanuni hal idi. Lakin i\u015f bununla yekunla\u015fm\u0131rd\u0131. Sultan ist\u0259diyi adam\u0131 ist\u0259diyi an he\u00e7 bir s\u0259b\u0259b g\u00f6st\u0259rm\u0259d\u0259n edam etdir\u0259 bil\u0259rdi.\n<\/p>\n<p>\n  Az\u0259rbaycan v\u0259 T\u00fcrkiy\u0259 ictimaiyy\u0259ti \u201cM\u00fchte\u015fem y\u00fczy\u0131l\u201d serial\u0131ndan bunun \u015fahidi oldular. Sultan S\u00fcleyman Qanuni d\u00f6vl\u0259tin ikinci \u0259n q\u00fcdr\u0259tli adam\u0131, s\u0259dr-\u0259z\u0259m \u0130brahim Parqal\u0131 il\u0259 ax\u015fam yem\u0259k yedi, gec\u0259 is\u0259 bo\u011fduraraq \u00f6ld\u00fcrtd\u00fc. Sevimli h\u0259r\u0259mi H\u00fcrr\u0259m xatunun dedikl\u0259rin\u0259 inanaraq dig\u0259r qad\u0131ndan olan o\u011flu \u015fahzad\u0259 Mustafaya da eyni aqib\u0259ti ya\u015fatd\u0131rd\u0131.<br \/>\n  <br \/>\n  Diqq\u0259t\u0259layiq ba\u015fqa bir fakt da odur ki, bel\u0259 h\u00fcdudsuz hakimiyy\u0259t\u0259 t\u0259kc\u0259 \u0259n q\u00fcdr\u0259tli sultanlar malik deyildil\u0259r.\n<\/p>\n<p>\n  D\u00f6vl\u0259tin z\u0259ifl\u0259diyi zamanlarda \u201cpe\u015f\u0259kar yarars\u0131zl\u0131\u011f\u0131\u201d il\u0259 se\u00e7il\u0259n sultanlar\u0131n bel\u0259 (m\u0259s\u0259l\u0259n, 1640-1648ci ill\u0259rd\u0259 hakimiyy\u0259td\u0259 olmu\u015f D\u0259li \u0130brahim) k\u0259sdikl\u0259ri ba\u015fa sor\u011fu-sual yox idi. Y\u0259ni Q\u0259rbi Avropan\u0131n \u0259n q\u00fcdr\u0259tli krallar\u0131n bel\u0259 malik olmad\u0131qlar\u0131 s\u0259lahiyy\u0259t\u0259 \u015e\u0259rqin \u0259n z\u0259if h\u00f6kmdarlar\u0131 sahib idil\u0259r.\n<\/p>\n<p>\n  Fikirl\u0259rimizl\u0259 raz\u0131la\u015fmayanlar Q\u0259rbi Avropa tarixind\u0259n m\u0259hk\u0259m\u0259siz q\u0259tll\u0259rl\u0259 ba\u011fl\u0131 faktlar tap\u0131b etiraz ed\u0259 bil\u0259rl\u0259r. B\u0259li, bel\u0259 faktlar m\u00f6vcuddur. M\u0259s\u0259l\u0259n, Fransada III Henrix hakimiyy\u0259tin\u0259 t\u0259hl\u00fck\u0259 sayd\u0131\u011f\u0131 hersoq Henrix Qizi q\u0259tl etdrdi. Lakin f\u0259rq ondad\u0131r ki, bu, qanunsuz \u0259m\u0259l idi, kral t\u0259r\u0259find\u0259n t\u00f6r\u0259dils\u0259 bel\u0259 cinay\u0259t say\u0131l\u0131rd\u0131. \u015e\u0259rqd\u0259 is\u0259 h\u00f6kmdarlar bunu tam qanuni \u0259saslarla h\u0259yata ke\u00e7irirdil\u0259r.\n<\/p>\n<p>\n  \u018fsrl\u0259r \u00f6td\u00fckc\u0259 m\u0259hk\u0259m\u0259 sistemi t\u0259kmill\u0259\u015fdirildi, i\u015fg\u0259nc\u0259l\u0259r qada\u011fan edildi. Qanunsuz yollarla \u0259ld\u0259 edilmi\u015f ifad\u0259l\u0259r v\u0259 s\u00fcbutlar etibars\u0131z say\u0131ld\u0131. M\u0259hk\u0259m\u0259l\u0259rd\u0259 \u00e7\u0259ki\u015fm\u0259 prinsipi \u0259sas g\u00f6t\u00fcr\u00fcld\u00fc, hakim ittiham v\u0259 m\u00fcdafi\u0259 t\u0259r\u0259fi aras\u0131nda arbitr rolunu oynad\u0131. B\u0259zi \u00f6lk\u0259l\u0259r Andl\u0131lar m\u0259hk\u0259m\u0259si formas\u0131na m\u00fcraci\u0259t etdil\u0259r v\u0259 s.\n<\/p>\n<p>\n  Bizim bu g\u00fcn he\u00e7 bir d\u0259rd\u0259 d\u0259rman olmayan se\u00e7ki v\u0259 parlament institutlar\u0131m\u0131zla (el\u0259 m\u0259hk\u0259m\u0259l\u0259rimizl\u0259 d\u0259) eyni t\u0259kam\u00fcl ba\u015f verm\u0259lidir v\u0259 ver\u0259c\u0259k. Bunun \u0259v\u0259zind\u0259 onlar\u0131n l\u0259\u011fv edilm\u0259si geriy\u0259 d\u00f6n\u00fc\u015f, involyusiya olard\u0131.\n<\/p>\n<p>\n  Ona g\u00f6r\u0259 d\u0259 bu institutlar\u0131n Hamletsaya\u011f\u0131 \u201cOlmaq v\u0259 ya olmamaq?\u201d sual\u0131n\u0131n cavab\u0131 yaln\u0131z \u201cOlmaq!\u201d-d\u0131r. H\u0259tta indi he\u00e7 bir \u015fey\u0259 yaramadan milyonlarla x\u0259rc t\u0259l\u0259b ets\u0259l\u0259r bel\u0259.\n<\/p>\n<p>\n  <i><br \/>\n    <b><br \/>\n      Yaz\u0131 m\u00fc\u0259llifin fikirl\u0259rini \u0259ks etdirir v\u0259 Meydan TV-nin m\u00f6vqeyi il\u0259 \u00fcst-\u00fcst\u0259 d\u00fc\u015fm\u0259y\u0259 bil\u0259r.<br \/>\n    <\/b><br \/>\n  <\/i><\/p>\n","protected":false},"excerpt":{"rendered":"<p>Az\u0259rbaycanda se\u00e7kil\u0259rin formal xarakter da\u015f\u0131mas\u0131, se\u00e7kili orqanlarda se\u00e7il\u0259nl\u0259rin deyil, t\u0259yin olunanlar\u0131n t\u0259msil olunmas\u0131 sirr deyil<\/p>\n","protected":false},"author":11,"featured_media":99966,"comment_status":"closed","ping_status":"open","sticky":false,"template":"","format":"standard","meta":{"_acf_changed":false,"_sitemap_exclude":false,"_sitemap_priority":"","_sitemap_frequency":"","footnotes":""},"categories":[57],"tags":[],"class_list":["post-188857","post","type-post","status-publish","format-standard","has-post-thumbnail","hentry","category-menim-fikrimce","infinite-scroll-item","generate-columns","tablet-grid-50","mobile-grid-100","grid-parent","grid-33","no-featured-image-padding"],"acf":[],"yoast_head":"<!-- This site is optimized with the Yoast SEO plugin v27.5 - https:\/\/yoast.com\/product\/yoast-seo-wordpress\/ -->\n<title>Olmaq v\u0259 ya olmamaq? - MEYDAN.TV<\/title>\n<meta name=\"robots\" content=\"index, follow, max-snippet:-1, max-image-preview:large, max-video-preview:-1\" \/>\n<link rel=\"canonical\" href=\"https:\/\/www.meydan.tv\/az\/article\/olmaq-ve-ya-olmamaq\/\" \/>\n<meta property=\"og:locale\" content=\"az_AZ\" \/>\n<meta property=\"og:type\" content=\"article\" \/>\n<meta property=\"og:title\" content=\"Olmaq v\u0259 ya olmamaq? - MEYDAN.TV\" \/>\n<meta property=\"og:description\" content=\"Az\u0259rbaycanda se\u00e7kil\u0259rin formal xarakter da\u015f\u0131mas\u0131, se\u00e7kili orqanlarda se\u00e7il\u0259nl\u0259rin deyil, t\u0259yin olunanlar\u0131n t\u0259msil olunmas\u0131 sirr deyil\" \/>\n<meta property=\"og:url\" content=\"https:\/\/www.meydan.tv\/az\/article\/olmaq-ve-ya-olmamaq\/\" \/>\n<meta property=\"og:site_name\" content=\"MEYDAN.TV\" \/>\n<meta property=\"article:published_time\" content=\"2018-02-25T19:32:50+00:00\" \/>\n<meta property=\"og:image\" content=\"https:\/\/www.meydan.tv\/wp-content\/uploads\/39567-scaled.jpg\" \/>\n\t<meta property=\"og:image:width\" content=\"2560\" \/>\n\t<meta property=\"og:image:height\" content=\"1839\" \/>\n\t<meta property=\"og:image:type\" content=\"image\/jpeg\" \/>\n<meta name=\"author\" content=\"user-manager\" \/>\n<meta name=\"twitter:card\" content=\"summary_large_image\" \/>\n<script type=\"application\/ld+json\" class=\"yoast-schema-graph\">{\"@context\":\"https:\\\/\\\/schema.org\",\"@graph\":[{\"@type\":\"Article\",\"@id\":\"https:\\\/\\\/www.meydan.tv\\\/az\\\/article\\\/olmaq-ve-ya-olmamaq\\\/#article\",\"isPartOf\":{\"@id\":\"https:\\\/\\\/www.meydan.tv\\\/az\\\/article\\\/olmaq-ve-ya-olmamaq\\\/\"},\"author\":{\"name\":\"user-manager\",\"@id\":\"https:\\\/\\\/www.meydan.tv\\\/az\\\/#\\\/schema\\\/person\\\/10d11eccf6da3662cf5fdab9806ea91a\"},\"headline\":\"Olmaq v\u0259 ya olmamaq?\",\"datePublished\":\"2018-02-25T19:32:50+00:00\",\"mainEntityOfPage\":{\"@id\":\"https:\\\/\\\/www.meydan.tv\\\/az\\\/article\\\/olmaq-ve-ya-olmamaq\\\/\"},\"wordCount\":1947,\"publisher\":{\"@id\":\"https:\\\/\\\/www.meydan.tv\\\/az\\\/#organization\"},\"image\":{\"@id\":\"https:\\\/\\\/www.meydan.tv\\\/az\\\/article\\\/olmaq-ve-ya-olmamaq\\\/#primaryimage\"},\"thumbnailUrl\":\"https:\\\/\\\/www.meydan.tv\\\/wp-content\\\/uploads\\\/39567-scaled.jpg\",\"articleSection\":[\"M\u0259nim Fikrimc\u0259\"],\"inLanguage\":\"az\"},{\"@type\":\"WebPage\",\"@id\":\"https:\\\/\\\/www.meydan.tv\\\/az\\\/article\\\/olmaq-ve-ya-olmamaq\\\/\",\"url\":\"https:\\\/\\\/www.meydan.tv\\\/az\\\/article\\\/olmaq-ve-ya-olmamaq\\\/\",\"name\":\"Olmaq v\u0259 ya olmamaq? - MEYDAN.TV\",\"isPartOf\":{\"@id\":\"https:\\\/\\\/www.meydan.tv\\\/az\\\/#website\"},\"primaryImageOfPage\":{\"@id\":\"https:\\\/\\\/www.meydan.tv\\\/az\\\/article\\\/olmaq-ve-ya-olmamaq\\\/#primaryimage\"},\"image\":{\"@id\":\"https:\\\/\\\/www.meydan.tv\\\/az\\\/article\\\/olmaq-ve-ya-olmamaq\\\/#primaryimage\"},\"thumbnailUrl\":\"https:\\\/\\\/www.meydan.tv\\\/wp-content\\\/uploads\\\/39567-scaled.jpg\",\"datePublished\":\"2018-02-25T19:32:50+00:00\",\"breadcrumb\":{\"@id\":\"https:\\\/\\\/www.meydan.tv\\\/az\\\/article\\\/olmaq-ve-ya-olmamaq\\\/#breadcrumb\"},\"inLanguage\":\"az\",\"potentialAction\":[{\"@type\":\"ReadAction\",\"target\":[\"https:\\\/\\\/www.meydan.tv\\\/az\\\/article\\\/olmaq-ve-ya-olmamaq\\\/\"]}]},{\"@type\":\"ImageObject\",\"inLanguage\":\"az\",\"@id\":\"https:\\\/\\\/www.meydan.tv\\\/az\\\/article\\\/olmaq-ve-ya-olmamaq\\\/#primaryimage\",\"url\":\"https:\\\/\\\/www.meydan.tv\\\/wp-content\\\/uploads\\\/39567-scaled.jpg\",\"contentUrl\":\"https:\\\/\\\/www.meydan.tv\\\/wp-content\\\/uploads\\\/39567-scaled.jpg\",\"width\":2560,\"height\":1839,\"caption\":\"Source:\"},{\"@type\":\"BreadcrumbList\",\"@id\":\"https:\\\/\\\/www.meydan.tv\\\/az\\\/article\\\/olmaq-ve-ya-olmamaq\\\/#breadcrumb\",\"itemListElement\":[{\"@type\":\"ListItem\",\"position\":1,\"name\":\"Ana s\u0259hif\u0259\",\"item\":\"https:\\\/\\\/www.meydan.tv\\\/az\\\/\"},{\"@type\":\"ListItem\",\"position\":2,\"name\":\"M\u0259nim Fikrimc\u0259\",\"item\":\"https:\\\/\\\/www.meydan.tv\\\/az\\\/section\\\/menim-fikrimce\\\/\"},{\"@type\":\"ListItem\",\"position\":3,\"name\":\"Olmaq v\u0259 ya olmamaq?\"}]},{\"@type\":\"WebSite\",\"@id\":\"https:\\\/\\\/www.meydan.tv\\\/az\\\/#website\",\"url\":\"https:\\\/\\\/www.meydan.tv\\\/az\\\/\",\"name\":\"MEYDAN.TV\",\"description\":\"Meydan TV Az\u0259rbaycan\u0131n media m\u0259kan\u0131ndak\u0131 alternativ s\u0259sidir\",\"publisher\":{\"@id\":\"https:\\\/\\\/www.meydan.tv\\\/az\\\/#organization\"},\"potentialAction\":[{\"@type\":\"SearchAction\",\"target\":{\"@type\":\"EntryPoint\",\"urlTemplate\":\"https:\\\/\\\/www.meydan.tv\\\/az\\\/?s={search_term_string}\"},\"query-input\":{\"@type\":\"PropertyValueSpecification\",\"valueRequired\":true,\"valueName\":\"search_term_string\"}}],\"inLanguage\":\"az\"},{\"@type\":\"Organization\",\"@id\":\"https:\\\/\\\/www.meydan.tv\\\/az\\\/#organization\",\"name\":\"Meydan TV\",\"url\":\"https:\\\/\\\/www.meydan.tv\\\/az\\\/\",\"logo\":{\"@type\":\"ImageObject\",\"inLanguage\":\"az\",\"@id\":\"https:\\\/\\\/www.meydan.tv\\\/az\\\/#\\\/schema\\\/logo\\\/image\\\/\",\"url\":\"https:\\\/\\\/www.meydan.tv\\\/wp-content\\\/uploads\\\/2021\\\/07\\\/meydan-logo.svg\",\"contentUrl\":\"https:\\\/\\\/www.meydan.tv\\\/wp-content\\\/uploads\\\/2021\\\/07\\\/meydan-logo.svg\",\"width\":195,\"height\":46,\"caption\":\"Meydan TV\"},\"image\":{\"@id\":\"https:\\\/\\\/www.meydan.tv\\\/az\\\/#\\\/schema\\\/logo\\\/image\\\/\"}},{\"@type\":\"Person\",\"@id\":\"https:\\\/\\\/www.meydan.tv\\\/az\\\/#\\\/schema\\\/person\\\/10d11eccf6da3662cf5fdab9806ea91a\",\"name\":\"user-manager\"}]}<\/script>\n<!-- \/ Yoast SEO plugin. -->","yoast_head_json":{"title":"Olmaq v\u0259 ya olmamaq? - MEYDAN.TV","robots":{"index":"index","follow":"follow","max-snippet":"max-snippet:-1","max-image-preview":"max-image-preview:large","max-video-preview":"max-video-preview:-1"},"canonical":"https:\/\/www.meydan.tv\/az\/article\/olmaq-ve-ya-olmamaq\/","og_locale":"az_AZ","og_type":"article","og_title":"Olmaq v\u0259 ya olmamaq? - MEYDAN.TV","og_description":"Az\u0259rbaycanda se\u00e7kil\u0259rin formal xarakter da\u015f\u0131mas\u0131, se\u00e7kili orqanlarda se\u00e7il\u0259nl\u0259rin deyil, t\u0259yin olunanlar\u0131n t\u0259msil olunmas\u0131 sirr deyil","og_url":"https:\/\/www.meydan.tv\/az\/article\/olmaq-ve-ya-olmamaq\/","og_site_name":"MEYDAN.TV","article_published_time":"2018-02-25T19:32:50+00:00","og_image":[{"width":2560,"height":1839,"url":"https:\/\/www.meydan.tv\/wp-content\/uploads\/39567-scaled.jpg","type":"image\/jpeg"}],"author":"user-manager","twitter_card":"summary_large_image","schema":{"@context":"https:\/\/schema.org","@graph":[{"@type":"Article","@id":"https:\/\/www.meydan.tv\/az\/article\/olmaq-ve-ya-olmamaq\/#article","isPartOf":{"@id":"https:\/\/www.meydan.tv\/az\/article\/olmaq-ve-ya-olmamaq\/"},"author":{"name":"user-manager","@id":"https:\/\/www.meydan.tv\/az\/#\/schema\/person\/10d11eccf6da3662cf5fdab9806ea91a"},"headline":"Olmaq v\u0259 ya olmamaq?","datePublished":"2018-02-25T19:32:50+00:00","mainEntityOfPage":{"@id":"https:\/\/www.meydan.tv\/az\/article\/olmaq-ve-ya-olmamaq\/"},"wordCount":1947,"publisher":{"@id":"https:\/\/www.meydan.tv\/az\/#organization"},"image":{"@id":"https:\/\/www.meydan.tv\/az\/article\/olmaq-ve-ya-olmamaq\/#primaryimage"},"thumbnailUrl":"https:\/\/www.meydan.tv\/wp-content\/uploads\/39567-scaled.jpg","articleSection":["M\u0259nim Fikrimc\u0259"],"inLanguage":"az"},{"@type":"WebPage","@id":"https:\/\/www.meydan.tv\/az\/article\/olmaq-ve-ya-olmamaq\/","url":"https:\/\/www.meydan.tv\/az\/article\/olmaq-ve-ya-olmamaq\/","name":"Olmaq v\u0259 ya olmamaq? - MEYDAN.TV","isPartOf":{"@id":"https:\/\/www.meydan.tv\/az\/#website"},"primaryImageOfPage":{"@id":"https:\/\/www.meydan.tv\/az\/article\/olmaq-ve-ya-olmamaq\/#primaryimage"},"image":{"@id":"https:\/\/www.meydan.tv\/az\/article\/olmaq-ve-ya-olmamaq\/#primaryimage"},"thumbnailUrl":"https:\/\/www.meydan.tv\/wp-content\/uploads\/39567-scaled.jpg","datePublished":"2018-02-25T19:32:50+00:00","breadcrumb":{"@id":"https:\/\/www.meydan.tv\/az\/article\/olmaq-ve-ya-olmamaq\/#breadcrumb"},"inLanguage":"az","potentialAction":[{"@type":"ReadAction","target":["https:\/\/www.meydan.tv\/az\/article\/olmaq-ve-ya-olmamaq\/"]}]},{"@type":"ImageObject","inLanguage":"az","@id":"https:\/\/www.meydan.tv\/az\/article\/olmaq-ve-ya-olmamaq\/#primaryimage","url":"https:\/\/www.meydan.tv\/wp-content\/uploads\/39567-scaled.jpg","contentUrl":"https:\/\/www.meydan.tv\/wp-content\/uploads\/39567-scaled.jpg","width":2560,"height":1839,"caption":"Source:"},{"@type":"BreadcrumbList","@id":"https:\/\/www.meydan.tv\/az\/article\/olmaq-ve-ya-olmamaq\/#breadcrumb","itemListElement":[{"@type":"ListItem","position":1,"name":"Ana s\u0259hif\u0259","item":"https:\/\/www.meydan.tv\/az\/"},{"@type":"ListItem","position":2,"name":"M\u0259nim Fikrimc\u0259","item":"https:\/\/www.meydan.tv\/az\/section\/menim-fikrimce\/"},{"@type":"ListItem","position":3,"name":"Olmaq v\u0259 ya olmamaq?"}]},{"@type":"WebSite","@id":"https:\/\/www.meydan.tv\/az\/#website","url":"https:\/\/www.meydan.tv\/az\/","name":"MEYDAN.TV","description":"Meydan TV Az\u0259rbaycan\u0131n media m\u0259kan\u0131ndak\u0131 alternativ s\u0259sidir","publisher":{"@id":"https:\/\/www.meydan.tv\/az\/#organization"},"potentialAction":[{"@type":"SearchAction","target":{"@type":"EntryPoint","urlTemplate":"https:\/\/www.meydan.tv\/az\/?s={search_term_string}"},"query-input":{"@type":"PropertyValueSpecification","valueRequired":true,"valueName":"search_term_string"}}],"inLanguage":"az"},{"@type":"Organization","@id":"https:\/\/www.meydan.tv\/az\/#organization","name":"Meydan TV","url":"https:\/\/www.meydan.tv\/az\/","logo":{"@type":"ImageObject","inLanguage":"az","@id":"https:\/\/www.meydan.tv\/az\/#\/schema\/logo\/image\/","url":"https:\/\/www.meydan.tv\/wp-content\/uploads\/2021\/07\/meydan-logo.svg","contentUrl":"https:\/\/www.meydan.tv\/wp-content\/uploads\/2021\/07\/meydan-logo.svg","width":195,"height":46,"caption":"Meydan TV"},"image":{"@id":"https:\/\/www.meydan.tv\/az\/#\/schema\/logo\/image\/"}},{"@type":"Person","@id":"https:\/\/www.meydan.tv\/az\/#\/schema\/person\/10d11eccf6da3662cf5fdab9806ea91a","name":"user-manager"}]}},"_links":{"self":[{"href":"https:\/\/www.meydan.tv\/az\/wp-json\/wp\/v2\/posts\/188857","targetHints":{"allow":["GET"]}}],"collection":[{"href":"https:\/\/www.meydan.tv\/az\/wp-json\/wp\/v2\/posts"}],"about":[{"href":"https:\/\/www.meydan.tv\/az\/wp-json\/wp\/v2\/types\/post"}],"author":[{"embeddable":true,"href":"https:\/\/www.meydan.tv\/az\/wp-json\/wp\/v2\/users\/11"}],"replies":[{"embeddable":true,"href":"https:\/\/www.meydan.tv\/az\/wp-json\/wp\/v2\/comments?post=188857"}],"version-history":[{"count":0,"href":"https:\/\/www.meydan.tv\/az\/wp-json\/wp\/v2\/posts\/188857\/revisions"}],"wp:featuredmedia":[{"embeddable":true,"href":"https:\/\/www.meydan.tv\/az\/wp-json\/wp\/v2\/media\/99966"}],"wp:attachment":[{"href":"https:\/\/www.meydan.tv\/az\/wp-json\/wp\/v2\/media?parent=188857"}],"wp:term":[{"taxonomy":"category","embeddable":true,"href":"https:\/\/www.meydan.tv\/az\/wp-json\/wp\/v2\/categories?post=188857"},{"taxonomy":"post_tag","embeddable":true,"href":"https:\/\/www.meydan.tv\/az\/wp-json\/wp\/v2\/tags?post=188857"}],"curies":[{"name":"wp","href":"https:\/\/api.w.org\/{rel}","templated":true}]}}