{"id":188834,"date":"2018-02-23T16:45:33","date_gmt":"2018-02-23T16:45:33","guid":{"rendered":"https:\/\/www.meydan.tv\/article\/umummilli-seckinin-qara-qutusu\/"},"modified":"2018-02-23T16:45:33","modified_gmt":"2018-02-23T16:45:33","slug":"umummilli-seckinin-qara-qutusu","status":"publish","type":"post","link":"https:\/\/www.meydan.tv\/az\/article\/umummilli-seckinin-qara-qutusu\/","title":{"rendered":"\u00dcmummilli se\u00e7kinin qara qutusu"},"content":{"rendered":"<figure class=\"wp-block-image size-large\">\n  <img decoding=\"async\" src=\"https:\/\/www.meydan.tv\/az\/secki\/\" alt=\"Se\u00e7ki\" class=\"wp-image-97711\"\/><figcaption>\n    Se\u00e7ki<br \/>\n  <\/figcaption><\/figure>\n<p>\n  Bir \u0259yal\u0259t g\u00fcnd\u0259liyi<\/p>\n<p>  Qutularda, protokollarda \u0259m\u0259l\u0259 g\u0259l\u0259n r\u0259zal\u0259t bir yana, \u00f6lk\u0259d\u0259 sad\u0259c\u0259 insanl\u0131q c\u0259h\u0259tind\u0259n se\u00e7ki b\u0259rbad bir \u015fey\u0259 \u00e7evrilib. Bunu havadan-sudan deyil, \u015f\u0259xsi t\u0259cr\u00fcb\u0259md\u0259n bilir\u0259m.\n<\/p>\n<p>\n  1990-c\u0131 ilin ilk demokratik se\u00e7kil\u0259rind\u0259 rayon sakini Ramiz Bilalov adl\u0131 \u015f\u0259xs o zaman \u201c\u0259razi\u201d adlanan dair\u0259d\u0259 onun n\u00fcmay\u0259nd\u0259si olma\u011f\u0131m\u0131 xahi\u015f etdi. Yerli q\u0259zetin \u015ftats\u0131z g\u0259nc m\u00fcxbiri olaraq bu, m\u0259nim se\u00e7kiy\u0259 qat\u0131lma\u011f\u0131m\u0131n ba\u015flan\u011f\u0131c\u0131 oldu. T\u0259bii ki, g\u0259rgin m\u00fcbariz\u0259d\u0259 \u201cpartokrat\u201d r\u0259qibl\u0259r bizi yedil\u0259r, amma rahatlukum kimi deyil.\n<\/p>\n<p>\n  1995-ci ilin parlament se\u00e7kil\u0259rind\u0259 h\u0259min dair\u0259d\u0259n deputatl\u0131\u011fa namiz\u0259d kimi qeydiyyatda c\u0259mi iki g\u00fcn qala bildim. F\u0259ttah Heyd\u0259rovun Q\u0259b\u0259l\u0259d\u0259n ilk d\u0259f\u0259 deputat t\u0259\u015fkil edilm\u0259si m\u00fcnasib\u0259til\u0259 bizi \u2013 m\u00fcst\u0259qil namiz\u0259dl\u0259ri bir gec\u0259nin i\u00e7ind\u0259 polis \u015f\u00f6b\u0259sin\u0259 t\u0259pdil\u0259r.\n<\/p>\n<p>\n  &#8230;H\u0259min o gec\u0259 evd\u0259n q\u0259fil g\u00f6t\u00fcr\u00fcl\u0259n biz \u201cr\u0259qibl\u0259r\u201d \u015f\u00f6b\u0259nin dar\u0131sqal d\u0259hlizind\u0259 min ilin do\u011fmalar\u0131 kimi g\u00f6r\u00fc\u015fd\u00fck. Flora K\u0259rimovan\u0131n qarda\u015f\u0131 Akif K\u0259rimovu \u00fcz\u00fcn\u00fc q\u0131rxd\u0131\u011f\u0131 yerd\u0259n sabunlu-sulu g\u00f6t\u00fcrm\u00fc\u015fd\u00fcl\u0259r. M\u0259nim aya\u011f\u0131mda anam\u0131n balaca qalo\u015flar\u0131 vard\u0131. Rezin barmaqlar\u0131m\u0131 el\u0259 s\u0131x\u0131rd\u0131 ki, qalo\u015flar\u0131 \u00e7\u0131xard\u0131b ayaqyal\u0131n oturdum. Kims\u0259 nazik k\u00f6yn\u0259kd\u0259 titr\u0259yirdi dey\u0259 yalvar-yaxar edib \u201con be\u015f sutkal\u0131qdan\u201d adyal ald\u0131q. G\u0259rgin anlar idi, amma deyib-g\u00fcl\u00fcrd\u00fck. S\u0259simiz\u0259 g\u0259l\u0259n ya\u015fl\u0131 polis biz\u0259 m\u0259nal\u0131-m\u0259nal\u0131 bax\u0131b:\n<\/p>\n<p>\n  \u201cBaho, deputatlar\u0131n ham\u0131s\u0131 burdad\u0131 ki, Nof\u0259li d\u0259 g\u0259tirin, m\u0259s\u0259l\u0259 bitsin\u201d, \u2013 dedi.\n<\/p>\n<p>\n  Dair\u0259nin s\u0259dri Nof\u0259l S\u00fcleymanov h\u0259min zaman r\u0259isin ota\u011f\u0131nda bizim \u201cmadd\u0259l\u0259rimizi\u201d l\u0259\u011fv etdirm\u0259y\u0259 \u00e7al\u0131\u015f\u0131rd\u0131. M\u0259s\u0259l\u0259n, m\u0259n\u0259 aid olanlarda k\u0259nd d\u00fckan\u0131nda i\u015fl\u0259y\u0259n qarda\u015f\u0131ma v\u0259 bac\u0131m\u0131n \u201cKamaz\u201dla yeddi u\u015faq doland\u0131ran \u0259rin\u0259 \u201ctorba\u201d tikilibmi\u015f. Bir d\u0259, v\u0259kilim olacaq jurnalist dostumun h\u0259bsi vard\u0131. Dig\u0259rl\u0259ri \u00fc\u00e7\u00fcn d\u0259 \u201ch\u00fcquqi\u201d \u0259saslarla c\u0259zalar k\u0259silibmi\u015f. Prezidentin t\u0259yinat\u0131 il\u0259 g\u00f6nd\u0259ril\u0259n g\u00f6mr\u00fck nazirinin atas\u0131n\u0131n qar\u015f\u0131s\u0131na \u00e7\u0131xma\u011f\u0131n b\u0259d\u0259lini h\u0259r\u0259miz bir c\u00fcr \u00f6d\u0259dik&#8230;\n<\/p>\n<p>\n  Ne\u00e7\u0259 kitabl\u0131q o r\u00fcsvay\u00e7\u0131 se\u00e7kid\u0259 \u00e7ox \u015feyl\u0259r ya\u015fand\u0131. \u018fn \u00e7ox can\u0131m\u0131 yand\u0131ran is\u0259 o gec\u0259nin s\u0259h\u0259rin\u0259 yax\u0131n buzlam\u0131\u015f ayaqlar\u0131m\u0131 \u015fal\u0131n aras\u0131na b\u00fck\u00fcb qoynuna qoyan anam\u0131n gizlinc\u0259 i\u00e7in-i\u00e7in a\u011flamas\u0131d\u0131r. V\u0259 indiy\u0259 q\u0259d\u0259r d\u00fc\u015f\u00fcn\u00fcr\u0259m: \u2013 D\u0259y\u0259rdimi iqtidar daxil b\u00fct\u00fcn deputat yerl\u0259ri o m\u0259sum insan\u0131n g\u00f6z ya\u015flar\u0131na?\n<\/p>\n<p>\n  1998-ci ilin prezident se\u00e7kil\u0259rind\u0259 Nof\u0259l S\u00fcleymanovla bir d\u0259 qar\u015f\u0131la\u015fd\u0131q. O s\u0259dr kimi, m\u0259n m\u00fcxalif\u0259td\u0259n dair\u0259 \u00fczv\u00fc olaraq. Onda Heyd\u0259r \u018fliyevin \u0259n az s\u0259s ald\u0131\u011f\u0131 bizim dair\u0259nin s\u0259dri qara siyah\u0131ya d\u00fc\u015fd\u00fc. Heyd\u0259rovlar\u0131n \u00f6z\u0259l Q\u0259b\u0259l\u0259d\u0259ki n\u00fcfuzlar\u0131na x\u0259l\u0259l g\u0259tir\u0259n demokratik se\u00e7kini Nof\u0259l\u0259 ba\u011f\u0131\u015flamad\u0131lar. O se\u00e7ki yadda\u015f\u0131mda daha \u00e7ox Nof\u0259l S\u00fcleymanovun boynundak\u0131 \u00f6hd\u0259likl\u0259 vicdan\u0131n\u0131n aras\u0131nda \u00e7\u0131rp\u0131nmas\u0131yla qal\u0131b. Bir m\u00fcdd\u0259t sonra \u00fcr\u0259yi q\u0259fil dayanan Nof\u0259lin \u00f6l\u00fcm\u00fc ham\u0131n\u0131 sars\u0131td\u0131. Allah r\u0259hm\u0259t el\u0259sin.\n<\/p>\n<p>\n  2000-ci ilin n\u00f6vb\u0259ti parlament se\u00e7kil\u0259rini \u0130cra Hakimiyy\u0259tinin m\u00fcavini Oqtay Hac\u0131yev\u0259 h\u0259val\u0259 etdil\u0259r. F\u0259ttah Heyd\u0259rovun ikinci deputatl\u0131\u011f\u0131n\u0131n \u0259m\u0259l\u0259 g\u0259lm\u0259 saatlar\u0131nda \u201cd\u0259h\u015f\u0259tli\u201d x\u0259taya yol verildi. Bel\u0259 ki, Heyd\u0259rov \u00fc\u00e7\u00fcn haz\u0131rlanm\u0131\u015f faizl\u0259r MSK-ya c\u0259bh\u0259\u00e7i R\u00f6v\u015f\u0259n Qocayevin ad\u0131na d\u0259yi\u015fik \u00f6t\u00fcr\u00fcld\u00fc. T\u0259bii ki, paytaxtdan g\u0259l\u0259n q\u0259z\u0259bli nidalar Qocayevin birinciliyin\u0259 son qoydu. Efird\u0259 getmi\u015f \u201cyanl\u0131\u015f\u201d m\u0259lumat\u0131 d\u0259rhal d\u00fcz\u0259ldib \u201cm\u00fctl\u0259q q\u0259l\u0259b\u0259\u201dni Heyd\u0259rova qaytard\u0131lar. R\u0259zil g\u00fcn\u0259 d\u00fc\u015fm\u00fc\u015f Oqtay Hac\u0131yev se\u00e7kid\u0259n sonra can\u0131n\u0131 a\u011f\u0131r infarktla birt\u0259h\u0259r qurtard\u0131. Haz\u0131rda ba\u015f\u0131n\u0131 stressd\u0259n k\u0259nar y\u00fcng\u00fcl i\u015fl\u0259rl\u0259 doland\u0131rmaqla m\u0259\u015f\u011fuldur.\n<\/p>\n<p>\n  2003-c\u00fc ild\u0259 dair\u0259y\u0259 m\u00fcv\u0259qq\u0259ti i\u015fsiz Adil V\u0259lib\u0259yovu qoydular. \u0130ndiki prezidentin ilk se\u00e7kisin\u0259 Q\u0259b\u0259l\u0259d\u0259n rekord faiz yaz\u0131ld\u0131. Etimad\u0131 can-ba\u015fla do\u011fruldan YAP-\u00e7\u0131ya\n<\/p>\n<p>\n  is\u0259 i\u015f verilm\u0259di. \u0130ll\u0259rboyu v\u0259zif\u0259d\u0259 olmu\u015f adam ba\u015flad\u0131\u011f\u0131 yer\u0259 \u2013 s\u0131ravi m\u00fc\u0259llimliy\u0259 qay\u0131td\u0131. H\u0259yat dolu Adil m\u00fc\u0259llimin \u00fcr\u0259yi q\u0131sa bir m\u00fcdd\u0259td\u0259n sonra q\u0259fil dayand\u0131. Allah r\u0259hm\u0259t el\u0259sin.\n<\/p>\n<p>\n  2005-ci ilin parlament se\u00e7kil\u0259rind\u0259 Q\u0259b\u0259l\u0259 dair\u0259sin\u0259 b\u0259zi \u015f\u0259xsi keyfiyy\u0259tl\u0259ri il\u0259 f\u0259rql\u0259n\u0259n Ramiz \u018fs\u0259dov s\u0259dr t\u0259yin edildi. G\u0259rgin, qapal\u0131 rejim az vaxtda onu ist\u0259r-ist\u0259m\u0259z se\u00e7ki pe\u015f\u0259kar\u0131na \u00e7evirib, s\u0259hh\u0259tind\u0259 ciddi probleml\u0259r yaratd\u0131.\n<\/p>\n<p>\n  2010-cu ild\u0259 O\u011fuz-Q\u0259b\u0259l\u0259 se\u00e7ki dair\u0259sin\u0259 \u00fcr\u0259yinin ya\u011f\u0131n\u0131 yey\u0259-yey\u0259 s\u0259drlik ed\u0259n Ayd\u0131n Mustafayev q\u0131sa bir zamanda \u015f\u0259k\u0259r\u0259 tutulub d\u00fcnyas\u0131n\u0131 d\u0259yi\u015fdi. Allah r\u0259hm\u0259t el\u0259sin.\n<\/p>\n<p>\n  2010-cu ilin parlament se\u00e7kil\u0259rind\u0259 Ramiz \u018fs\u0259dov \u00f6z dair\u0259sind\u0259n F\u0259ttah Heyd\u0259rovun mandat\u0131n\u0131 k\u0259skin \u00fcr\u0259k a\u011fr\u0131lar\u0131 alt\u0131nda t\u0259krar \u201crealla\u015fd\u0131rd\u0131\u201d.\n<\/p>\n<p>\n  2013-c\u00fc ilin prezident se\u00e7kil\u0259rind\u0259 Ramiz \u018fs\u0259dovun s\u0259hh\u0259ti yax\u015f\u0131 deyildi.\n<\/p>\n<p>\n  2015-ci ilin parlament se\u00e7kil\u0259rind\u0259 Q\u0259b\u0259l\u0259 dair\u0259si F\u0259ttah Heyd\u0259rovun be\u015finci \u0259n\u0259n\u0259vi deputatl\u0131q missiyas\u0131n\u0131 r\u0259smil\u0259\u015fdirdi. H\u0259min \u0259r\u0259f\u0259d\u0259 Ramiz \u018fs\u0259dovun \u00fcr\u0259yind\u0259 \u0259m\u0259liyyat apar\u0131lm\u0131\u015fd\u0131. Allah \u015f\u0259fa versin.\n<\/p>\n<p>\n  2018-ci ilin yaz\u0131nda Ramiz \u018fs\u0259dov dair\u0259d\u0259 n\u00f6vb\u0259d\u0259nk\u0259nar n\u00f6vb\u0259ti se\u00e7kini yola verm\u0259lidir&#8230;\n<\/p>\n<p>\n  <i><br \/>\n    <b><br \/>\n      Yaz\u0131 m\u00fc\u0259llifin fikirl\u0259rini \u0259ks etdirir v\u0259 Meydan TV-nin m\u00f6vqeyi il\u0259 \u00fcst-\u00fcst\u0259 d\u00fc\u015fm\u0259y\u0259 bil\u0259r.<br \/>\n    <\/b><br \/>\n  <\/i><\/p>\n","protected":false},"excerpt":{"rendered":"<p>Bir \u0259yal\u0259t g\u00fcnd\u0259liyi<\/p>\n","protected":false},"author":11,"featured_media":97711,"comment_status":"closed","ping_status":"open","sticky":false,"template":"","format":"standard","meta":{"_acf_changed":false,"_sitemap_exclude":false,"_sitemap_priority":"","_sitemap_frequency":"","footnotes":""},"categories":[57],"tags":[],"class_list":["post-188834","post","type-post","status-publish","format-standard","has-post-thumbnail","hentry","category-menim-fikrimce","infinite-scroll-item","generate-columns","tablet-grid-50","mobile-grid-100","grid-parent","grid-33","no-featured-image-padding"],"acf":[],"yoast_head":"<!-- This site is optimized with the Yoast SEO plugin v27.5 - https:\/\/yoast.com\/product\/yoast-seo-wordpress\/ -->\n<title>\u00dcmummilli se\u00e7kinin qara qutusu - MEYDAN.TV<\/title>\n<meta name=\"robots\" content=\"index, follow, max-snippet:-1, max-image-preview:large, max-video-preview:-1\" \/>\n<link rel=\"canonical\" href=\"https:\/\/www.meydan.tv\/az\/article\/umummilli-seckinin-qara-qutusu\/\" \/>\n<meta property=\"og:locale\" content=\"az_AZ\" \/>\n<meta property=\"og:type\" content=\"article\" \/>\n<meta property=\"og:title\" content=\"\u00dcmummilli se\u00e7kinin qara qutusu - MEYDAN.TV\" \/>\n<meta property=\"og:description\" content=\"Bir \u0259yal\u0259t g\u00fcnd\u0259liyi\" \/>\n<meta property=\"og:url\" content=\"https:\/\/www.meydan.tv\/az\/article\/umummilli-seckinin-qara-qutusu\/\" \/>\n<meta property=\"og:site_name\" content=\"MEYDAN.TV\" \/>\n<meta property=\"article:published_time\" content=\"2018-02-23T16:45:33+00:00\" \/>\n<meta property=\"og:image\" content=\"https:\/\/www.meydan.tv\/wp-content\/uploads\/39548.jpg\" \/>\n\t<meta property=\"og:image:width\" content=\"970\" \/>\n\t<meta property=\"og:image:height\" content=\"420\" \/>\n\t<meta property=\"og:image:type\" content=\"image\/jpeg\" \/>\n<meta name=\"author\" content=\"user-manager\" \/>\n<meta name=\"twitter:card\" content=\"summary_large_image\" \/>\n<script type=\"application\/ld+json\" class=\"yoast-schema-graph\">{\"@context\":\"https:\\\/\\\/schema.org\",\"@graph\":[{\"@type\":\"Article\",\"@id\":\"https:\\\/\\\/www.meydan.tv\\\/az\\\/article\\\/umummilli-seckinin-qara-qutusu\\\/#article\",\"isPartOf\":{\"@id\":\"https:\\\/\\\/www.meydan.tv\\\/az\\\/article\\\/umummilli-seckinin-qara-qutusu\\\/\"},\"author\":{\"name\":\"user-manager\",\"@id\":\"https:\\\/\\\/www.meydan.tv\\\/az\\\/#\\\/schema\\\/person\\\/10d11eccf6da3662cf5fdab9806ea91a\"},\"headline\":\"\u00dcmummilli se\u00e7kinin qara qutusu\",\"datePublished\":\"2018-02-23T16:45:33+00:00\",\"mainEntityOfPage\":{\"@id\":\"https:\\\/\\\/www.meydan.tv\\\/az\\\/article\\\/umummilli-seckinin-qara-qutusu\\\/\"},\"wordCount\":1089,\"publisher\":{\"@id\":\"https:\\\/\\\/www.meydan.tv\\\/az\\\/#organization\"},\"image\":{\"@id\":\"https:\\\/\\\/www.meydan.tv\\\/az\\\/article\\\/umummilli-seckinin-qara-qutusu\\\/#primaryimage\"},\"thumbnailUrl\":\"https:\\\/\\\/www.meydan.tv\\\/wp-content\\\/uploads\\\/39548.jpg\",\"articleSection\":[\"M\u0259nim Fikrimc\u0259\"],\"inLanguage\":\"az\"},{\"@type\":\"WebPage\",\"@id\":\"https:\\\/\\\/www.meydan.tv\\\/az\\\/article\\\/umummilli-seckinin-qara-qutusu\\\/\",\"url\":\"https:\\\/\\\/www.meydan.tv\\\/az\\\/article\\\/umummilli-seckinin-qara-qutusu\\\/\",\"name\":\"\u00dcmummilli se\u00e7kinin qara qutusu - MEYDAN.TV\",\"isPartOf\":{\"@id\":\"https:\\\/\\\/www.meydan.tv\\\/az\\\/#website\"},\"primaryImageOfPage\":{\"@id\":\"https:\\\/\\\/www.meydan.tv\\\/az\\\/article\\\/umummilli-seckinin-qara-qutusu\\\/#primaryimage\"},\"image\":{\"@id\":\"https:\\\/\\\/www.meydan.tv\\\/az\\\/article\\\/umummilli-seckinin-qara-qutusu\\\/#primaryimage\"},\"thumbnailUrl\":\"https:\\\/\\\/www.meydan.tv\\\/wp-content\\\/uploads\\\/39548.jpg\",\"datePublished\":\"2018-02-23T16:45:33+00:00\",\"breadcrumb\":{\"@id\":\"https:\\\/\\\/www.meydan.tv\\\/az\\\/article\\\/umummilli-seckinin-qara-qutusu\\\/#breadcrumb\"},\"inLanguage\":\"az\",\"potentialAction\":[{\"@type\":\"ReadAction\",\"target\":[\"https:\\\/\\\/www.meydan.tv\\\/az\\\/article\\\/umummilli-seckinin-qara-qutusu\\\/\"]}]},{\"@type\":\"ImageObject\",\"inLanguage\":\"az\",\"@id\":\"https:\\\/\\\/www.meydan.tv\\\/az\\\/article\\\/umummilli-seckinin-qara-qutusu\\\/#primaryimage\",\"url\":\"https:\\\/\\\/www.meydan.tv\\\/wp-content\\\/uploads\\\/39548.jpg\",\"contentUrl\":\"https:\\\/\\\/www.meydan.tv\\\/wp-content\\\/uploads\\\/39548.jpg\",\"width\":970,\"height\":420,\"caption\":\"Source:\"},{\"@type\":\"BreadcrumbList\",\"@id\":\"https:\\\/\\\/www.meydan.tv\\\/az\\\/article\\\/umummilli-seckinin-qara-qutusu\\\/#breadcrumb\",\"itemListElement\":[{\"@type\":\"ListItem\",\"position\":1,\"name\":\"Ana s\u0259hif\u0259\",\"item\":\"https:\\\/\\\/www.meydan.tv\\\/az\\\/\"},{\"@type\":\"ListItem\",\"position\":2,\"name\":\"M\u0259nim Fikrimc\u0259\",\"item\":\"https:\\\/\\\/www.meydan.tv\\\/az\\\/section\\\/menim-fikrimce\\\/\"},{\"@type\":\"ListItem\",\"position\":3,\"name\":\"\u00dcmummilli se\u00e7kinin qara qutusu\"}]},{\"@type\":\"WebSite\",\"@id\":\"https:\\\/\\\/www.meydan.tv\\\/az\\\/#website\",\"url\":\"https:\\\/\\\/www.meydan.tv\\\/az\\\/\",\"name\":\"MEYDAN.TV\",\"description\":\"Meydan TV Az\u0259rbaycan\u0131n media m\u0259kan\u0131ndak\u0131 alternativ s\u0259sidir\",\"publisher\":{\"@id\":\"https:\\\/\\\/www.meydan.tv\\\/az\\\/#organization\"},\"potentialAction\":[{\"@type\":\"SearchAction\",\"target\":{\"@type\":\"EntryPoint\",\"urlTemplate\":\"https:\\\/\\\/www.meydan.tv\\\/az\\\/?s={search_term_string}\"},\"query-input\":{\"@type\":\"PropertyValueSpecification\",\"valueRequired\":true,\"valueName\":\"search_term_string\"}}],\"inLanguage\":\"az\"},{\"@type\":\"Organization\",\"@id\":\"https:\\\/\\\/www.meydan.tv\\\/az\\\/#organization\",\"name\":\"Meydan TV\",\"url\":\"https:\\\/\\\/www.meydan.tv\\\/az\\\/\",\"logo\":{\"@type\":\"ImageObject\",\"inLanguage\":\"az\",\"@id\":\"https:\\\/\\\/www.meydan.tv\\\/az\\\/#\\\/schema\\\/logo\\\/image\\\/\",\"url\":\"https:\\\/\\\/www.meydan.tv\\\/wp-content\\\/uploads\\\/2021\\\/07\\\/meydan-logo.svg\",\"contentUrl\":\"https:\\\/\\\/www.meydan.tv\\\/wp-content\\\/uploads\\\/2021\\\/07\\\/meydan-logo.svg\",\"width\":195,\"height\":46,\"caption\":\"Meydan TV\"},\"image\":{\"@id\":\"https:\\\/\\\/www.meydan.tv\\\/az\\\/#\\\/schema\\\/logo\\\/image\\\/\"}},{\"@type\":\"Person\",\"@id\":\"https:\\\/\\\/www.meydan.tv\\\/az\\\/#\\\/schema\\\/person\\\/10d11eccf6da3662cf5fdab9806ea91a\",\"name\":\"user-manager\"}]}<\/script>\n<!-- \/ Yoast SEO plugin. -->","yoast_head_json":{"title":"\u00dcmummilli se\u00e7kinin qara qutusu - MEYDAN.TV","robots":{"index":"index","follow":"follow","max-snippet":"max-snippet:-1","max-image-preview":"max-image-preview:large","max-video-preview":"max-video-preview:-1"},"canonical":"https:\/\/www.meydan.tv\/az\/article\/umummilli-seckinin-qara-qutusu\/","og_locale":"az_AZ","og_type":"article","og_title":"\u00dcmummilli se\u00e7kinin qara qutusu - MEYDAN.TV","og_description":"Bir \u0259yal\u0259t g\u00fcnd\u0259liyi","og_url":"https:\/\/www.meydan.tv\/az\/article\/umummilli-seckinin-qara-qutusu\/","og_site_name":"MEYDAN.TV","article_published_time":"2018-02-23T16:45:33+00:00","og_image":[{"width":970,"height":420,"url":"https:\/\/www.meydan.tv\/wp-content\/uploads\/39548.jpg","type":"image\/jpeg"}],"author":"user-manager","twitter_card":"summary_large_image","schema":{"@context":"https:\/\/schema.org","@graph":[{"@type":"Article","@id":"https:\/\/www.meydan.tv\/az\/article\/umummilli-seckinin-qara-qutusu\/#article","isPartOf":{"@id":"https:\/\/www.meydan.tv\/az\/article\/umummilli-seckinin-qara-qutusu\/"},"author":{"name":"user-manager","@id":"https:\/\/www.meydan.tv\/az\/#\/schema\/person\/10d11eccf6da3662cf5fdab9806ea91a"},"headline":"\u00dcmummilli se\u00e7kinin qara qutusu","datePublished":"2018-02-23T16:45:33+00:00","mainEntityOfPage":{"@id":"https:\/\/www.meydan.tv\/az\/article\/umummilli-seckinin-qara-qutusu\/"},"wordCount":1089,"publisher":{"@id":"https:\/\/www.meydan.tv\/az\/#organization"},"image":{"@id":"https:\/\/www.meydan.tv\/az\/article\/umummilli-seckinin-qara-qutusu\/#primaryimage"},"thumbnailUrl":"https:\/\/www.meydan.tv\/wp-content\/uploads\/39548.jpg","articleSection":["M\u0259nim Fikrimc\u0259"],"inLanguage":"az"},{"@type":"WebPage","@id":"https:\/\/www.meydan.tv\/az\/article\/umummilli-seckinin-qara-qutusu\/","url":"https:\/\/www.meydan.tv\/az\/article\/umummilli-seckinin-qara-qutusu\/","name":"\u00dcmummilli se\u00e7kinin qara qutusu - MEYDAN.TV","isPartOf":{"@id":"https:\/\/www.meydan.tv\/az\/#website"},"primaryImageOfPage":{"@id":"https:\/\/www.meydan.tv\/az\/article\/umummilli-seckinin-qara-qutusu\/#primaryimage"},"image":{"@id":"https:\/\/www.meydan.tv\/az\/article\/umummilli-seckinin-qara-qutusu\/#primaryimage"},"thumbnailUrl":"https:\/\/www.meydan.tv\/wp-content\/uploads\/39548.jpg","datePublished":"2018-02-23T16:45:33+00:00","breadcrumb":{"@id":"https:\/\/www.meydan.tv\/az\/article\/umummilli-seckinin-qara-qutusu\/#breadcrumb"},"inLanguage":"az","potentialAction":[{"@type":"ReadAction","target":["https:\/\/www.meydan.tv\/az\/article\/umummilli-seckinin-qara-qutusu\/"]}]},{"@type":"ImageObject","inLanguage":"az","@id":"https:\/\/www.meydan.tv\/az\/article\/umummilli-seckinin-qara-qutusu\/#primaryimage","url":"https:\/\/www.meydan.tv\/wp-content\/uploads\/39548.jpg","contentUrl":"https:\/\/www.meydan.tv\/wp-content\/uploads\/39548.jpg","width":970,"height":420,"caption":"Source:"},{"@type":"BreadcrumbList","@id":"https:\/\/www.meydan.tv\/az\/article\/umummilli-seckinin-qara-qutusu\/#breadcrumb","itemListElement":[{"@type":"ListItem","position":1,"name":"Ana s\u0259hif\u0259","item":"https:\/\/www.meydan.tv\/az\/"},{"@type":"ListItem","position":2,"name":"M\u0259nim Fikrimc\u0259","item":"https:\/\/www.meydan.tv\/az\/section\/menim-fikrimce\/"},{"@type":"ListItem","position":3,"name":"\u00dcmummilli se\u00e7kinin qara qutusu"}]},{"@type":"WebSite","@id":"https:\/\/www.meydan.tv\/az\/#website","url":"https:\/\/www.meydan.tv\/az\/","name":"MEYDAN.TV","description":"Meydan TV Az\u0259rbaycan\u0131n media m\u0259kan\u0131ndak\u0131 alternativ s\u0259sidir","publisher":{"@id":"https:\/\/www.meydan.tv\/az\/#organization"},"potentialAction":[{"@type":"SearchAction","target":{"@type":"EntryPoint","urlTemplate":"https:\/\/www.meydan.tv\/az\/?s={search_term_string}"},"query-input":{"@type":"PropertyValueSpecification","valueRequired":true,"valueName":"search_term_string"}}],"inLanguage":"az"},{"@type":"Organization","@id":"https:\/\/www.meydan.tv\/az\/#organization","name":"Meydan TV","url":"https:\/\/www.meydan.tv\/az\/","logo":{"@type":"ImageObject","inLanguage":"az","@id":"https:\/\/www.meydan.tv\/az\/#\/schema\/logo\/image\/","url":"https:\/\/www.meydan.tv\/wp-content\/uploads\/2021\/07\/meydan-logo.svg","contentUrl":"https:\/\/www.meydan.tv\/wp-content\/uploads\/2021\/07\/meydan-logo.svg","width":195,"height":46,"caption":"Meydan TV"},"image":{"@id":"https:\/\/www.meydan.tv\/az\/#\/schema\/logo\/image\/"}},{"@type":"Person","@id":"https:\/\/www.meydan.tv\/az\/#\/schema\/person\/10d11eccf6da3662cf5fdab9806ea91a","name":"user-manager"}]}},"_links":{"self":[{"href":"https:\/\/www.meydan.tv\/az\/wp-json\/wp\/v2\/posts\/188834","targetHints":{"allow":["GET"]}}],"collection":[{"href":"https:\/\/www.meydan.tv\/az\/wp-json\/wp\/v2\/posts"}],"about":[{"href":"https:\/\/www.meydan.tv\/az\/wp-json\/wp\/v2\/types\/post"}],"author":[{"embeddable":true,"href":"https:\/\/www.meydan.tv\/az\/wp-json\/wp\/v2\/users\/11"}],"replies":[{"embeddable":true,"href":"https:\/\/www.meydan.tv\/az\/wp-json\/wp\/v2\/comments?post=188834"}],"version-history":[{"count":0,"href":"https:\/\/www.meydan.tv\/az\/wp-json\/wp\/v2\/posts\/188834\/revisions"}],"wp:featuredmedia":[{"embeddable":true,"href":"https:\/\/www.meydan.tv\/az\/wp-json\/wp\/v2\/media\/97711"}],"wp:attachment":[{"href":"https:\/\/www.meydan.tv\/az\/wp-json\/wp\/v2\/media?parent=188834"}],"wp:term":[{"taxonomy":"category","embeddable":true,"href":"https:\/\/www.meydan.tv\/az\/wp-json\/wp\/v2\/categories?post=188834"},{"taxonomy":"post_tag","embeddable":true,"href":"https:\/\/www.meydan.tv\/az\/wp-json\/wp\/v2\/tags?post=188834"}],"curies":[{"name":"wp","href":"https:\/\/api.w.org\/{rel}","templated":true}]}}