{"id":188759,"date":"2018-02-19T19:56:37","date_gmt":"2018-02-19T19:56:37","guid":{"rendered":"https:\/\/www.meydan.tv\/article\/senzorla-ifade-azadligi-yerini-deyisende\/"},"modified":"2018-02-19T19:56:37","modified_gmt":"2018-02-19T19:56:37","slug":"senzorla-ifade-azadligi-yerini-deyisende","status":"publish","type":"post","link":"https:\/\/www.meydan.tv\/az\/article\/senzorla-ifade-azadligi-yerini-deyisende\/","title":{"rendered":"Senzorla ifad\u0259 azadl\u0131\u011f\u0131 yerini d\u0259yi\u015f\u0259nd\u0259"},"content":{"rendered":"<figure class=\"wp-block-image size-large\">\n  <img decoding=\"async\" src=\"https:\/\/www.meydan.tv\/az\/senzura\/\" alt=\"Senzura\" class=\"wp-image-99773\"\/><figcaption>\n    Senzura<br \/>\n  <\/figcaption><\/figure>\n<figure class=\"wp-block-image size-large\">\n  <img decoding=\"async\" src=\"https:\/\/www.meydan.tv\/az\/senzura\/\" alt=\"Senzura\" class=\"wp-image-99773\"\/><figcaption>\n    Senzura<br \/>\n  <\/figcaption><\/figure>\n<p>\n  M\u0259n\u0259 h\u0259mi\u015f\u0259 maraql\u0131 g\u0259l\u0259n m\u0259s\u0259l\u0259 var. \u018flimizin alt\u0131nda bu q\u0259d\u0259r informasiya ola-ola yen\u0259 d\u0259 inanmaq ist\u0259diyimiz \u015feyl\u0259r\u0259 inan\u0131r\u0131q. Bunun s\u0259b\u0259bl\u0259ri haqq\u0131nda da oxumu\u015fam, qeyri-adi bir \u015fey yoxdur, \u00e7ox normald\u0131r, amma m\u0259n\u0259 yen\u0259 q\u0259rib\u0259 g\u0259lir. \u201cGoogle\u201d, \u201cwikipedia\u201d kimi resurslar var. \u00dcmumiyy\u0259tl\u0259, internet el\u0259 bir \u015feydir ki, \u0259ks\u0259r insanlar\u0131n t\u0259s\u0259vv\u00fcrl\u0259rini zorlay\u0131r. Y\u0259ni s\u0259n tapmaq ist\u0259diyin \u015feyi internetd\u0259 tapa bil\u0259rs\u0259n. \u00c7ox nadir adam olar ki, el\u0259 m\u0259lumat ist\u0259sin ki, onu internetd\u0259 tapmaq m\u00fcmk\u00fcn olmas\u0131n. Amma camaat n\u0259 edir? Bir \u015fey oxuyur v\u0259 ya bax\u0131r, e\u015fidir, onun do\u011frulu\u011funu yoxlamaq \u0259v\u0259zin\u0259 \u00f6z s\u00fczg\u0259cind\u0259n ke\u00e7irir, \u201cyax\u015f\u0131-pis\u201d oldu\u011funa q\u0259rar verir, y\u0259ni haqq\u0131nda bir m\u0259lumat olmadan m\u00fchakim\u0259 edir v\u0259 inan\u0131b-inanmamaq bar\u0259d\u0259 q\u0259ti q\u0259rara g\u0259lir.\n<\/p>\n<p>\n  Tez-tez m\u0259\u015fhurlar\u0131n saxta \u00f6l\u00fcm x\u0259b\u0259ri yay\u0131l\u0131r. N\u0259 q\u0259d\u0259r adam k\u0259d\u0259rl\u0259nir. Halbuki x\u0259b\u0259ri yayan sayt\u0131n ad\u0131na baxanda bilinir ki, n\u0259s\u0259 i\u015fl\u0259r d\u00fcz getmir. \u201cGoogle\u201d-a h\u0259min adam\u0131n ad\u0131n\u0131 yazan kimi is\u0259 onun bar\u0259sind\u0259 getmi\u015f son x\u0259b\u0259r filank\u0259sin \u201csaxta \u00f6l\u00fcm x\u0259b\u0259ri yay\u0131ld\u0131\u201d ba\u015fl\u0131\u011f\u0131 il\u0259 gedir. Amma adamlar \u201cGoogle\u201d-a baxmaq \u0259v\u0259zin\u0259 k\u0259d\u0259rl\u0259nirl\u0259r, sevimli aktyorlar\u0131n\u0131n \u00f6l\u00fcm\u00fcn\u0259 yas tuturlar. D\u00fc\u015f\u00fcn\u00fcr\u0259m ki, o adamlar \u00f6zl\u0259rind\u0259n as\u0131l\u0131 olmadan o aktyorun \u00f6l\u00fcm\u00fcn\u00fc arzulay\u0131rlar, onun \u00f6l\u00fcm\u00fcn\u0259 k\u0259d\u0259rl\u0259nm\u0259k hissini ya\u015famaq ist\u0259yirl\u0259r, ona g\u00f6r\u0259 d\u0259 bu bar\u0259d\u0259 birc\u0259 c\u00fcml\u0259 g\u00f6r\u0259n kimi ara\u015fd\u0131rmadan inan\u0131rlar.\n<\/p>\n<p>\n  O g\u00fcn bir video yay\u0131l\u0131b. Hardasa bir qrup adam g\u00fcn\u0259\u015f panell\u0259rini q\u0131r\u0131r. Payla\u015fanlar, \u015f\u0259rh yazanlar o adamlar\u0131 s\u00f6y\u00fcrl\u0259r. B\u0259zil\u0259ri onlar\u0131n \u00f6ld\u00fcr\u00fclm\u0259li, kosmosa at\u0131lmal\u0131 oldu\u011funu iddia edirdi. Bir n\u0259f\u0259r g\u00f6rm\u0259dim, \u00e7\u0131qq\u0131l\u0131 bir axtar\u0131\u015f el\u0259sin, g\u00f6r\u0259k, n\u0259 ba\u015f verir. Ax\u0131 bir adam niy\u0259 g\u00fcn\u0259\u015f paneli kimi z\u0259r\u0259rsiz \u015feyi q\u0131rs\u0131n?! \u201cGoogle\u201d-a yazd\u0131m, m\u0259lum oldu ki, Seneqalda ba\u015f ver\u0259n bu hadis\u0259d\u0259 g\u00f6r\u00fcn\u0259n adamlar h\u0259min g\u00fcn\u0259\u015f panell\u0259rini qura\u015fd\u0131rm\u0131\u015f f\u0259hl\u0259l\u0259rdir, s\u0259b\u0259b is\u0259 onlar\u0131n maa\u015f\u0131n\u0131n verilm\u0259m\u0259sidir. \u00c7inin hans\u0131sa \u015firk\u0259ti f\u0259hl\u0259l\u0259ri i\u015fl\u0259dib, pulunu da vermir.\n<\/p>\n<p>\n  \u018flb\u0259tt\u0259, maa\u015f ala bilm\u0259y\u0259n adam\u0131n vandall\u0131q etm\u0259si d\u00fczg\u00fcn deyil. Amma s\u0259b\u0259bi bilm\u0259d\u0259n o adamlar\u0131 t\u0259hqir etm\u0259k, \u00f6ld\u00fcrm\u0259yi m\u0259sl\u0259h\u0259t g\u00f6rm\u0259k vandall\u0131qdan o yanad\u0131r. Biz o adamlar\u0131n hans\u0131 siyasi rejim alt\u0131nda, hans\u0131 sosial \u015f\u0259rtl\u0259rl\u0259, hans\u0131 iqtisadi \u015f\u0259raitd\u0259 ya\u015fad\u0131\u011f\u0131n\u0131 bilmirik. B\u0259lk\u0259, bu etiraz onlar\u0131n son variant\u0131d\u0131r, b\u0259lk\u0259 \u00f6zl\u0259rind\u0259n as\u0131l\u0131 olmayan s\u0259b\u0259bl\u0259rd\u0259n savads\u0131z qal\u0131blar, o panell\u0259rin n\u0259y\u0259 laz\u0131m oldu\u011funu anlam\u0131rlar v\u0259 s. Ludditl\u0259ri xat\u0131rlay\u0131rs\u0131n\u0131z, y\u0259qin. XIX \u0259srd\u0259 \u0130ngilt\u0259r\u0259d\u0259 s\u0259naye inqilab\u0131n\u0131n g\u0259tirdiyi ma\u015f\u0131nlar \u0259l \u0259m\u0259yi i\u015f\u00e7il\u0259rini i\u015fsiz qoyurdu, onlar da k\u00fctl\u0259vi olaraq ma\u015f\u0131nlar\u0131 q\u0131r\u0131rd\u0131lar.\n<\/p>\n<p>\n  Elm v\u0259 texnologiyan\u0131n t\u0259kam\u00fcl\u00fcn beyind\u0259 apard\u0131\u011f\u0131 l\u0259ng inki\u015fafa nisb\u0259td\u0259 fantastik s\u00fcr\u0259tl\u0259 inki\u015faf\u0131 q\u0259rib\u0259 m\u0259nz\u0259r\u0259 ortaya \u00e7\u0131xar\u0131b. Bizim beynimiz, \u0259sas\u0259n, insan s\u00fcr\u00fcs\u00fc hal\u0131nda ya\u015fad\u0131\u011f\u0131m\u0131z zaman formala\u015f\u0131b. Homo n\u00f6v\u00fcnd\u0259n olan heyvan (y\u0259ni biz) ov\u00e7uluq-y\u0131\u011f\u0131c\u0131l\u0131qla 2 milyon il\u0259 yax\u0131n m\u0259\u015f\u011ful olub, \u0259kin\u00e7ilik, maldarl\u0131q, s\u0259naye v\u0259 s. il\u0259 is\u0259 t\u0259xmin\u0259n 10 min il. \u201cT\u0259bi\u0259t inqilablar\u0131 sevmir\u201d, orda d\u0259yi\u015fiklik yava\u015f-yava\u015f, t\u0259dric\u0259n gedir. Bizim beynimiz bu q\u0259d\u0259r n\u0259h\u0259ng informasiya ax\u0131n\u0131na haz\u0131r deyildi. \u00c7\u00fcnki bu beyin 2 milyon il heyvan\u0131 t\u0259l\u0259y\u0259 sal\u0131b, yaxud ba\u015fqa \u00fcsulla ovlama\u011fa, yem\u0259li bitkil\u0259ri y\u0131\u011fma\u011fa xidm\u0259t edib.\n<\/p>\n<p>\n  Son bir ne\u00e7\u0259 onillikd\u0259 bu ibtidai orqana internetd\u0259n says\u0131z-hesabs\u0131z informasiya girir. \u0130nsan beyni bu q\u0259d\u0259r \u00e7ox informasiyan\u0131 \u00e7e\u015fidl\u0259yib, \u0259h\u0259miyy\u0259tin\u0259 g\u00f6r\u0259 d\u00fcz\u00fcb, \u00f6z\u00fcn\u0259 laz\u0131m olanlar\u0131 g\u00f6t\u00fcrm\u0259k g\u00fcc\u00fcnd\u0259, qabiliyy\u0259tind\u0259 deyil. Bu qabiliyy\u0259t olmad\u0131\u011f\u0131na g\u00f6r\u0259 beynin \u201cemosional\u201d adland\u0131rd\u0131\u011f\u0131m\u0131z sah\u0259si i\u015f\u0259 d\u00fc\u015f\u00fcr. Ba\u015fqa s\u00f6zl\u0259, xo\u015fumuza g\u0259l\u0259ni, l\u0259zz\u0259t el\u0259y\u0259ni g\u00f6t\u00fcr\u00fcr\u00fck. AB\u015e-a nifr\u0259ti olan adama \u201cAmerika McDonalds vasit\u0259sil\u0259 ham\u0131ya x\u00fcsusi gen yeridir\u201d des\u0259niz, buna inanma\u011fa meylli olacaq (\u0259ks\u0259riyy\u0259ti d\u0259 inan\u0131r). \u00c7\u00fcnki buna inanmaq onun nifr\u0259t hissini ox\u015fay\u0131r, xo\u015funa g\u0259lir, h\u0259zz verir.\n<\/p>\n<p>\n  Ona g\u00f6r\u0259 d\u0259 ara\u015fd\u0131rma\u00e7\u0131lar\u0131n dediyi kimi, senzura pre-internet d\u00f6vr\u00fcnd\u0259ki kimi \u201cqada\u011fan etm\u0259k\u201dl\u0259 i\u015fl\u0259mir, \u0259ksin\u0259 senzura d\u00f6vriyy\u0259y\u0259 daha \u00e7ox informasiya buraxmaqla i\u015fl\u0259yir. Laz\u0131ms\u0131z, insanlar\u0131n fikrini qar\u0131\u015fd\u0131ran, d\u00fczg\u00fcn q\u0259rar verm\u0259sini \u00e7\u0259tinl\u0259\u015fdir\u0259n informasiya. Ona g\u00f6r\u0259 d\u0259 saxta x\u0259b\u0259r yayan, \u00fcmumiyy\u0259tl\u0259, d\u0259qiql\u0259\u015fdirm\u0259d\u0259n inand\u0131\u011f\u0131 x\u0259b\u0259ri yayan, ara\u015fd\u0131rmadan inanmaq ist\u0259diyin\u0259 inan\u0131b ba\u015fqalar\u0131na da bunu m\u0259sl\u0259h\u0259t g\u00f6r\u0259n adamlar senzora xidm\u0259t edirl\u0259r, \u00f6z miqyaslar\u0131nda senzorluq edirl\u0259r.\n<\/p>\n<p>\n  Bu, el\u0259 q\u0259rib\u0259 situasiyad\u0131r ki, ifad\u0259 azadl\u0131\u011f\u0131 h\u0259mi\u015f\u0259ki kimi daha \u00e7ox informasiyan\u0131n yay\u0131lmas\u0131n\u0131n yox, yay\u0131lanlar\u0131n \u0259ks\u0259riyy\u0259tinin yay\u0131lmamas\u0131n\u0131n t\u0259r\u0259find\u0259dir. Bel\u0259 dem\u0259k m\u00fcmk\u00fcns\u0259, senzorla azadl\u0131q yerini d\u0259yi\u015fib. \u0130ndi senzor daha \u00e7ox informasiya yay\u0131r, ifad\u0259 azadl\u0131\u011f\u0131 is\u0259 bunun qar\u015f\u0131s\u0131nda durur v\u0259 ya durmal\u0131d\u0131r.\n<\/p>\n<p>\n  <i><br \/>\n    <b><br \/>\n      Yaz\u0131 m\u00fc\u0259llifin fikirl\u0259rini \u0259ks etdirir v\u0259 Meydan TV-nin m\u00f6vqeyi il\u0259 \u00fcst-\u00fcst\u0259 d\u00fc\u015fm\u0259y\u0259 bil\u0259r.<br \/>\n    <\/b><br \/>\n  <\/i><\/p>\n","protected":false},"excerpt":{"rendered":"<p>M\u0259n\u0259 h\u0259mi\u015f\u0259 maraql\u0131 g\u0259l\u0259n m\u0259s\u0259l\u0259 var<\/p>\n","protected":false},"author":11,"featured_media":99773,"comment_status":"closed","ping_status":"open","sticky":false,"template":"","format":"standard","meta":{"_acf_changed":false,"_sitemap_exclude":false,"_sitemap_priority":"","_sitemap_frequency":"","footnotes":""},"categories":[57],"tags":[],"class_list":["post-188759","post","type-post","status-publish","format-standard","has-post-thumbnail","hentry","category-menim-fikrimce","infinite-scroll-item","generate-columns","tablet-grid-50","mobile-grid-100","grid-parent","grid-33","no-featured-image-padding"],"acf":[],"yoast_head":"<!-- This site is optimized with the Yoast SEO plugin v27.5 - https:\/\/yoast.com\/product\/yoast-seo-wordpress\/ -->\n<title>Senzorla ifad\u0259 azadl\u0131\u011f\u0131 yerini d\u0259yi\u015f\u0259nd\u0259 - MEYDAN.TV<\/title>\n<meta name=\"robots\" content=\"index, follow, max-snippet:-1, max-image-preview:large, max-video-preview:-1\" \/>\n<link rel=\"canonical\" href=\"https:\/\/www.meydan.tv\/az\/article\/senzorla-ifade-azadligi-yerini-deyisende\/\" \/>\n<meta property=\"og:locale\" content=\"az_AZ\" \/>\n<meta property=\"og:type\" content=\"article\" \/>\n<meta property=\"og:title\" content=\"Senzorla ifad\u0259 azadl\u0131\u011f\u0131 yerini d\u0259yi\u015f\u0259nd\u0259 - MEYDAN.TV\" \/>\n<meta property=\"og:description\" content=\"M\u0259n\u0259 h\u0259mi\u015f\u0259 maraql\u0131 g\u0259l\u0259n m\u0259s\u0259l\u0259 var\" \/>\n<meta property=\"og:url\" content=\"https:\/\/www.meydan.tv\/az\/article\/senzorla-ifade-azadligi-yerini-deyisende\/\" \/>\n<meta property=\"og:site_name\" content=\"MEYDAN.TV\" \/>\n<meta property=\"article:published_time\" content=\"2018-02-19T19:56:37+00:00\" \/>\n<meta property=\"og:image\" content=\"https:\/\/www.meydan.tv\/wp-content\/uploads\/39466.jpg\" \/>\n\t<meta property=\"og:image:width\" content=\"640\" \/>\n\t<meta property=\"og:image:height\" content=\"360\" \/>\n\t<meta property=\"og:image:type\" content=\"image\/jpeg\" \/>\n<meta name=\"author\" content=\"user-manager\" \/>\n<meta name=\"twitter:card\" content=\"summary_large_image\" \/>\n<script type=\"application\/ld+json\" class=\"yoast-schema-graph\">{\"@context\":\"https:\\\/\\\/schema.org\",\"@graph\":[{\"@type\":\"Article\",\"@id\":\"https:\\\/\\\/www.meydan.tv\\\/az\\\/article\\\/senzorla-ifade-azadligi-yerini-deyisende\\\/#article\",\"isPartOf\":{\"@id\":\"https:\\\/\\\/www.meydan.tv\\\/az\\\/article\\\/senzorla-ifade-azadligi-yerini-deyisende\\\/\"},\"author\":{\"name\":\"user-manager\",\"@id\":\"https:\\\/\\\/www.meydan.tv\\\/az\\\/#\\\/schema\\\/person\\\/10d11eccf6da3662cf5fdab9806ea91a\"},\"headline\":\"Senzorla ifad\u0259 azadl\u0131\u011f\u0131 yerini d\u0259yi\u015f\u0259nd\u0259\",\"datePublished\":\"2018-02-19T19:56:37+00:00\",\"mainEntityOfPage\":{\"@id\":\"https:\\\/\\\/www.meydan.tv\\\/az\\\/article\\\/senzorla-ifade-azadligi-yerini-deyisende\\\/\"},\"wordCount\":1088,\"publisher\":{\"@id\":\"https:\\\/\\\/www.meydan.tv\\\/az\\\/#organization\"},\"image\":{\"@id\":\"https:\\\/\\\/www.meydan.tv\\\/az\\\/article\\\/senzorla-ifade-azadligi-yerini-deyisende\\\/#primaryimage\"},\"thumbnailUrl\":\"https:\\\/\\\/www.meydan.tv\\\/wp-content\\\/uploads\\\/39466.jpg\",\"articleSection\":[\"M\u0259nim Fikrimc\u0259\"],\"inLanguage\":\"az\"},{\"@type\":\"WebPage\",\"@id\":\"https:\\\/\\\/www.meydan.tv\\\/az\\\/article\\\/senzorla-ifade-azadligi-yerini-deyisende\\\/\",\"url\":\"https:\\\/\\\/www.meydan.tv\\\/az\\\/article\\\/senzorla-ifade-azadligi-yerini-deyisende\\\/\",\"name\":\"Senzorla ifad\u0259 azadl\u0131\u011f\u0131 yerini d\u0259yi\u015f\u0259nd\u0259 - MEYDAN.TV\",\"isPartOf\":{\"@id\":\"https:\\\/\\\/www.meydan.tv\\\/az\\\/#website\"},\"primaryImageOfPage\":{\"@id\":\"https:\\\/\\\/www.meydan.tv\\\/az\\\/article\\\/senzorla-ifade-azadligi-yerini-deyisende\\\/#primaryimage\"},\"image\":{\"@id\":\"https:\\\/\\\/www.meydan.tv\\\/az\\\/article\\\/senzorla-ifade-azadligi-yerini-deyisende\\\/#primaryimage\"},\"thumbnailUrl\":\"https:\\\/\\\/www.meydan.tv\\\/wp-content\\\/uploads\\\/39466.jpg\",\"datePublished\":\"2018-02-19T19:56:37+00:00\",\"breadcrumb\":{\"@id\":\"https:\\\/\\\/www.meydan.tv\\\/az\\\/article\\\/senzorla-ifade-azadligi-yerini-deyisende\\\/#breadcrumb\"},\"inLanguage\":\"az\",\"potentialAction\":[{\"@type\":\"ReadAction\",\"target\":[\"https:\\\/\\\/www.meydan.tv\\\/az\\\/article\\\/senzorla-ifade-azadligi-yerini-deyisende\\\/\"]}]},{\"@type\":\"ImageObject\",\"inLanguage\":\"az\",\"@id\":\"https:\\\/\\\/www.meydan.tv\\\/az\\\/article\\\/senzorla-ifade-azadligi-yerini-deyisende\\\/#primaryimage\",\"url\":\"https:\\\/\\\/www.meydan.tv\\\/wp-content\\\/uploads\\\/39466.jpg\",\"contentUrl\":\"https:\\\/\\\/www.meydan.tv\\\/wp-content\\\/uploads\\\/39466.jpg\",\"width\":640,\"height\":360,\"caption\":\"Source:\"},{\"@type\":\"BreadcrumbList\",\"@id\":\"https:\\\/\\\/www.meydan.tv\\\/az\\\/article\\\/senzorla-ifade-azadligi-yerini-deyisende\\\/#breadcrumb\",\"itemListElement\":[{\"@type\":\"ListItem\",\"position\":1,\"name\":\"Ana s\u0259hif\u0259\",\"item\":\"https:\\\/\\\/www.meydan.tv\\\/az\\\/\"},{\"@type\":\"ListItem\",\"position\":2,\"name\":\"M\u0259nim Fikrimc\u0259\",\"item\":\"https:\\\/\\\/www.meydan.tv\\\/az\\\/section\\\/menim-fikrimce\\\/\"},{\"@type\":\"ListItem\",\"position\":3,\"name\":\"Senzorla ifad\u0259 azadl\u0131\u011f\u0131 yerini d\u0259yi\u015f\u0259nd\u0259\"}]},{\"@type\":\"WebSite\",\"@id\":\"https:\\\/\\\/www.meydan.tv\\\/az\\\/#website\",\"url\":\"https:\\\/\\\/www.meydan.tv\\\/az\\\/\",\"name\":\"MEYDAN.TV\",\"description\":\"Meydan TV Az\u0259rbaycan\u0131n media m\u0259kan\u0131ndak\u0131 alternativ s\u0259sidir\",\"publisher\":{\"@id\":\"https:\\\/\\\/www.meydan.tv\\\/az\\\/#organization\"},\"potentialAction\":[{\"@type\":\"SearchAction\",\"target\":{\"@type\":\"EntryPoint\",\"urlTemplate\":\"https:\\\/\\\/www.meydan.tv\\\/az\\\/?s={search_term_string}\"},\"query-input\":{\"@type\":\"PropertyValueSpecification\",\"valueRequired\":true,\"valueName\":\"search_term_string\"}}],\"inLanguage\":\"az\"},{\"@type\":\"Organization\",\"@id\":\"https:\\\/\\\/www.meydan.tv\\\/az\\\/#organization\",\"name\":\"Meydan TV\",\"url\":\"https:\\\/\\\/www.meydan.tv\\\/az\\\/\",\"logo\":{\"@type\":\"ImageObject\",\"inLanguage\":\"az\",\"@id\":\"https:\\\/\\\/www.meydan.tv\\\/az\\\/#\\\/schema\\\/logo\\\/image\\\/\",\"url\":\"https:\\\/\\\/www.meydan.tv\\\/wp-content\\\/uploads\\\/2021\\\/07\\\/meydan-logo.svg\",\"contentUrl\":\"https:\\\/\\\/www.meydan.tv\\\/wp-content\\\/uploads\\\/2021\\\/07\\\/meydan-logo.svg\",\"width\":195,\"height\":46,\"caption\":\"Meydan TV\"},\"image\":{\"@id\":\"https:\\\/\\\/www.meydan.tv\\\/az\\\/#\\\/schema\\\/logo\\\/image\\\/\"}},{\"@type\":\"Person\",\"@id\":\"https:\\\/\\\/www.meydan.tv\\\/az\\\/#\\\/schema\\\/person\\\/10d11eccf6da3662cf5fdab9806ea91a\",\"name\":\"user-manager\"}]}<\/script>\n<!-- \/ Yoast SEO plugin. -->","yoast_head_json":{"title":"Senzorla ifad\u0259 azadl\u0131\u011f\u0131 yerini d\u0259yi\u015f\u0259nd\u0259 - MEYDAN.TV","robots":{"index":"index","follow":"follow","max-snippet":"max-snippet:-1","max-image-preview":"max-image-preview:large","max-video-preview":"max-video-preview:-1"},"canonical":"https:\/\/www.meydan.tv\/az\/article\/senzorla-ifade-azadligi-yerini-deyisende\/","og_locale":"az_AZ","og_type":"article","og_title":"Senzorla ifad\u0259 azadl\u0131\u011f\u0131 yerini d\u0259yi\u015f\u0259nd\u0259 - MEYDAN.TV","og_description":"M\u0259n\u0259 h\u0259mi\u015f\u0259 maraql\u0131 g\u0259l\u0259n m\u0259s\u0259l\u0259 var","og_url":"https:\/\/www.meydan.tv\/az\/article\/senzorla-ifade-azadligi-yerini-deyisende\/","og_site_name":"MEYDAN.TV","article_published_time":"2018-02-19T19:56:37+00:00","og_image":[{"width":640,"height":360,"url":"https:\/\/www.meydan.tv\/wp-content\/uploads\/39466.jpg","type":"image\/jpeg"}],"author":"user-manager","twitter_card":"summary_large_image","schema":{"@context":"https:\/\/schema.org","@graph":[{"@type":"Article","@id":"https:\/\/www.meydan.tv\/az\/article\/senzorla-ifade-azadligi-yerini-deyisende\/#article","isPartOf":{"@id":"https:\/\/www.meydan.tv\/az\/article\/senzorla-ifade-azadligi-yerini-deyisende\/"},"author":{"name":"user-manager","@id":"https:\/\/www.meydan.tv\/az\/#\/schema\/person\/10d11eccf6da3662cf5fdab9806ea91a"},"headline":"Senzorla ifad\u0259 azadl\u0131\u011f\u0131 yerini d\u0259yi\u015f\u0259nd\u0259","datePublished":"2018-02-19T19:56:37+00:00","mainEntityOfPage":{"@id":"https:\/\/www.meydan.tv\/az\/article\/senzorla-ifade-azadligi-yerini-deyisende\/"},"wordCount":1088,"publisher":{"@id":"https:\/\/www.meydan.tv\/az\/#organization"},"image":{"@id":"https:\/\/www.meydan.tv\/az\/article\/senzorla-ifade-azadligi-yerini-deyisende\/#primaryimage"},"thumbnailUrl":"https:\/\/www.meydan.tv\/wp-content\/uploads\/39466.jpg","articleSection":["M\u0259nim Fikrimc\u0259"],"inLanguage":"az"},{"@type":"WebPage","@id":"https:\/\/www.meydan.tv\/az\/article\/senzorla-ifade-azadligi-yerini-deyisende\/","url":"https:\/\/www.meydan.tv\/az\/article\/senzorla-ifade-azadligi-yerini-deyisende\/","name":"Senzorla ifad\u0259 azadl\u0131\u011f\u0131 yerini d\u0259yi\u015f\u0259nd\u0259 - MEYDAN.TV","isPartOf":{"@id":"https:\/\/www.meydan.tv\/az\/#website"},"primaryImageOfPage":{"@id":"https:\/\/www.meydan.tv\/az\/article\/senzorla-ifade-azadligi-yerini-deyisende\/#primaryimage"},"image":{"@id":"https:\/\/www.meydan.tv\/az\/article\/senzorla-ifade-azadligi-yerini-deyisende\/#primaryimage"},"thumbnailUrl":"https:\/\/www.meydan.tv\/wp-content\/uploads\/39466.jpg","datePublished":"2018-02-19T19:56:37+00:00","breadcrumb":{"@id":"https:\/\/www.meydan.tv\/az\/article\/senzorla-ifade-azadligi-yerini-deyisende\/#breadcrumb"},"inLanguage":"az","potentialAction":[{"@type":"ReadAction","target":["https:\/\/www.meydan.tv\/az\/article\/senzorla-ifade-azadligi-yerini-deyisende\/"]}]},{"@type":"ImageObject","inLanguage":"az","@id":"https:\/\/www.meydan.tv\/az\/article\/senzorla-ifade-azadligi-yerini-deyisende\/#primaryimage","url":"https:\/\/www.meydan.tv\/wp-content\/uploads\/39466.jpg","contentUrl":"https:\/\/www.meydan.tv\/wp-content\/uploads\/39466.jpg","width":640,"height":360,"caption":"Source:"},{"@type":"BreadcrumbList","@id":"https:\/\/www.meydan.tv\/az\/article\/senzorla-ifade-azadligi-yerini-deyisende\/#breadcrumb","itemListElement":[{"@type":"ListItem","position":1,"name":"Ana s\u0259hif\u0259","item":"https:\/\/www.meydan.tv\/az\/"},{"@type":"ListItem","position":2,"name":"M\u0259nim Fikrimc\u0259","item":"https:\/\/www.meydan.tv\/az\/section\/menim-fikrimce\/"},{"@type":"ListItem","position":3,"name":"Senzorla ifad\u0259 azadl\u0131\u011f\u0131 yerini d\u0259yi\u015f\u0259nd\u0259"}]},{"@type":"WebSite","@id":"https:\/\/www.meydan.tv\/az\/#website","url":"https:\/\/www.meydan.tv\/az\/","name":"MEYDAN.TV","description":"Meydan TV Az\u0259rbaycan\u0131n media m\u0259kan\u0131ndak\u0131 alternativ s\u0259sidir","publisher":{"@id":"https:\/\/www.meydan.tv\/az\/#organization"},"potentialAction":[{"@type":"SearchAction","target":{"@type":"EntryPoint","urlTemplate":"https:\/\/www.meydan.tv\/az\/?s={search_term_string}"},"query-input":{"@type":"PropertyValueSpecification","valueRequired":true,"valueName":"search_term_string"}}],"inLanguage":"az"},{"@type":"Organization","@id":"https:\/\/www.meydan.tv\/az\/#organization","name":"Meydan TV","url":"https:\/\/www.meydan.tv\/az\/","logo":{"@type":"ImageObject","inLanguage":"az","@id":"https:\/\/www.meydan.tv\/az\/#\/schema\/logo\/image\/","url":"https:\/\/www.meydan.tv\/wp-content\/uploads\/2021\/07\/meydan-logo.svg","contentUrl":"https:\/\/www.meydan.tv\/wp-content\/uploads\/2021\/07\/meydan-logo.svg","width":195,"height":46,"caption":"Meydan TV"},"image":{"@id":"https:\/\/www.meydan.tv\/az\/#\/schema\/logo\/image\/"}},{"@type":"Person","@id":"https:\/\/www.meydan.tv\/az\/#\/schema\/person\/10d11eccf6da3662cf5fdab9806ea91a","name":"user-manager"}]}},"_links":{"self":[{"href":"https:\/\/www.meydan.tv\/az\/wp-json\/wp\/v2\/posts\/188759","targetHints":{"allow":["GET"]}}],"collection":[{"href":"https:\/\/www.meydan.tv\/az\/wp-json\/wp\/v2\/posts"}],"about":[{"href":"https:\/\/www.meydan.tv\/az\/wp-json\/wp\/v2\/types\/post"}],"author":[{"embeddable":true,"href":"https:\/\/www.meydan.tv\/az\/wp-json\/wp\/v2\/users\/11"}],"replies":[{"embeddable":true,"href":"https:\/\/www.meydan.tv\/az\/wp-json\/wp\/v2\/comments?post=188759"}],"version-history":[{"count":0,"href":"https:\/\/www.meydan.tv\/az\/wp-json\/wp\/v2\/posts\/188759\/revisions"}],"wp:featuredmedia":[{"embeddable":true,"href":"https:\/\/www.meydan.tv\/az\/wp-json\/wp\/v2\/media\/99773"}],"wp:attachment":[{"href":"https:\/\/www.meydan.tv\/az\/wp-json\/wp\/v2\/media?parent=188759"}],"wp:term":[{"taxonomy":"category","embeddable":true,"href":"https:\/\/www.meydan.tv\/az\/wp-json\/wp\/v2\/categories?post=188759"},{"taxonomy":"post_tag","embeddable":true,"href":"https:\/\/www.meydan.tv\/az\/wp-json\/wp\/v2\/tags?post=188759"}],"curies":[{"name":"wp","href":"https:\/\/api.w.org\/{rel}","templated":true}]}}