{"id":188758,"date":"2018-02-19T19:50:55","date_gmt":"2018-02-19T19:50:55","guid":{"rendered":"https:\/\/www.meydan.tv\/article\/cumhuriyyetcilere-soyuq-munasibetin-sebebi\/"},"modified":"2018-02-19T19:50:55","modified_gmt":"2018-02-19T19:50:55","slug":"cumhuriyyetcilere-soyuq-munasibetin-sebebi","status":"publish","type":"post","link":"https:\/\/www.meydan.tv\/az\/article\/cumhuriyyetcilere-soyuq-munasibetin-sebebi\/","title":{"rendered":"C\u00fcmhuriyy\u0259t\u00e7il\u0259r\u0259 soyuq m\u00fcnasib\u0259tin s\u0259b\u0259bi"},"content":{"rendered":"<figure class=\"wp-block-image size-large\">\n  <img decoding=\"async\" src=\"https:\/\/www.meydan.tv\/az\/resulzade-ve-silahdaslari\/\" alt=\"R\u0259sulzad\u0259 v\u0259 silahda\u015flar\u0131\" class=\"wp-image-99740\"\/><figcaption>\n    R\u0259sulzad\u0259 v\u0259 silahda\u015flar\u0131<br \/>\n  <\/figcaption><\/figure>\n<p>\n  Bir zamanlar \u00e7ar Rusiyas\u0131n\u0131n, sonralar is\u0259 Sovet \u0130ttifaq\u0131n\u0131n t\u0259rkibin\u0259 daxil olan bir \u00e7ox \u00f6lk\u0259 ilk m\u00fcst\u0259qillikl\u0259rinin 100 illiyini qeyd etm\u0259y\u0259 haz\u0131rla\u015f\u0131rlar. O zaman \u00e7ar Rusiyas\u0131nda ba\u015f ver\u0259n siyasi kataklizml\u0259r imperiyan\u0131n m\u00fcv\u0259qq\u0259ti d\u0259 olsa \u00e7\u00f6k\u00fc\u015f\u00fcn\u0259, ucqarlar\u0131n m\u00fcst\u0259qill\u0259\u015fm\u0259sin\u0259 s\u0259b\u0259b oldu.\n<\/p>\n<p>\n  Bu \u00f6lk\u0259l\u0259rd\u0259 maraql\u0131 prosesl\u0259r gedirdi. Yeni d\u00f6vl\u0259t quruculu\u011funda geni\u015f xalq k\u00fctl\u0259l\u0259rinin i\u015ftirak etdiyini s\u00f6yl\u0259m\u0259k olmaz. Prosesd\u0259 \u0259sas\u0259n ictimai-siyasi elita i\u015ftirak edirdi. Yarad\u0131lan d\u00f6vl\u0259tl\u0259r d\u0259 h\u0259min elitan\u0131n siyasi g\u00f6r\u00fc\u015fl\u0259rin\u0259 uy\u011fun idi.\n<\/p>\n<p>\n  M\u0259s\u0259l\u0259n, Orta Asiya xalqlar\u0131 t\u0259l\u0259m-t\u0259l\u0259sik feodalizm\u0259 \u00fcz tutdular. Zat\u0259n burada b\u0259zi \u0259razil\u0259rd\u0259 yar\u0131mm\u00fcst\u0259qil xanl\u0131qlar qalmaqda idi. Dig\u0259r d\u00f6vl\u0259tl\u0259r is\u0259 respublika \u00fcsul-idar\u0259sin\u0259 \u00fcst\u00fcnl\u00fck verdil\u0259r. H\u0259tta \u0259vv\u0259lc\u0259 monarxiya, sonra is\u0259 respublika qurulu\u015funu se\u00e7\u0259nl\u0259r oldu.\n<\/p>\n<p>\n  Litvada \u0259vv\u0259lc\u0259 krall\u0131q yarad\u0131lmas\u0131, taxta is\u0259 Almaniyan\u0131n hakim xan\u0259dan\u0131na m\u0259nsub bir \u015fahzad\u0259nin oturulmas\u0131 n\u0259z\u0259rd\u0259 tutulurdu. Lakin m\u00fc\u0259yy\u0259n s\u0259b\u0259bl\u0259rd\u0259n, o c\u00fcml\u0259d\u0259n, Almaniyan\u0131n Birinci cahan sava\u015f\u0131nda m\u0259\u011flubiyy\u0259tind\u0259n dolay\u0131 bu plandan imtina edildi, respublika quruldu.\n<\/p>\n<p>\n  Yarad\u0131lan respublikalar\u0131n eyni s\u0259viyy\u0259d\u0259 oldu\u011funu s\u00f6yl\u0259m\u0259k olmazd\u0131. H\u00fcquq v\u0259 azadl\u0131qlar, hakimiyy\u0259t b\u00f6lg\u00fcs\u00fc v\u0259 dig\u0259r d\u0259y\u0259rl\u0259r bax\u0131m\u0131ndan xeyli f\u0259rql\u0259r vard\u0131. Bu bax\u0131mdan Az\u0259rbaycan Demokratik Respublikas\u0131 m\u00fcsb\u0259t m\u0259nada x\u00fcsusil\u0259 f\u0259rql\u0259nirdi. \u0130lk C\u00fcmhuriyy\u0259timizin bu f\u0259rqlilikl\u0259ri 100 il sonra \u00f6lk\u0259d\u0259 azadl\u0131q u\u011frunda m\u00fcbariz\u0259 aparan insanlar \u00fc\u00e7\u00fcn g\u00fcc m\u0259nb\u0259yi olaraq qalmaqdad\u0131r.\n<\/p>\n<p>\n  Az\u0259rbaycan Demokratik Respublikas\u0131n\u0131n \u00f6z\u0259llikl\u0259rin\u0259 b\u0259l\u0259d olmayanlar \u00fc\u00e7\u00fcn onun c\u0259lbediciliyini anlamaq \u00e7\u0259tindir. V\u0259 yaxud, tam anlamaq \u00e7\u0259tindir. Kimisi \u00fc\u00e7\u00fcn sad\u0259c\u0259 m\u00fcst\u0259qil d\u00f6vl\u0259t oldu\u011funa g\u00f6r\u0259 \u0259zizdir. Kimisi \u00fc\u00e7\u00fcn is\u0259 imperiyan\u0131n \u00e7\u00f6k\u00fc\u015f\u00fc n\u0259tic\u0259sind\u0259 meydana \u00e7\u0131xm\u0131\u015f qurumdur.\n<\/p>\n<p>\n  Lakin C\u00fcmhuriyy\u0259tin \u0259sas \u00f6z\u0259lliyi onun sad\u0259c\u0259 m\u00fcst\u0259qil d\u00f6vl\u0259t olmas\u0131nda deyil. H\u0259m d\u0259 nec\u0259 d\u00f6vl\u0259t olmas\u0131ndad\u0131r m\u0259s\u0259l\u0259.\n<\/p>\n<p>\n  \u0130lk C\u00fcmhuriyy\u0259timiz inan\u0131lmaz d\u0259r\u0259c\u0259d\u0259 a\u011f\u0131r \u015f\u0259rtl\u0259r alt\u0131nda yarad\u0131lm\u0131\u015fd\u0131. D\u00f6vl\u0259t ad\u0131na he\u00e7 bir \u015fey yox idi. N\u0259 d\u0259qiq \u0259razisi var idi, n\u0259 idar\u0259etm\u0259 strukturlar\u0131, n\u0259 d\u0259 atributlar\u0131. T\u0259kc\u0259 M\u00fc\u0259ssisl\u0259r M\u0259clisin\u0259 ke\u00e7iril\u0259n se\u00e7kil\u0259rin n\u0259tic\u0259l\u0259ri \u0259sas\u0131nda t\u0259sis olunmu\u015f Milli \u015eura vard\u0131. V\u0259 bu Milli \u015euran\u0131n \u00fcz\u0259rind\u0259 yoxdan bir d\u00f6vl\u0259t yaratmaq v\u0259zif\u0259si dururdu.<br \/>\n  <br \/>\n  T\u0259bii ki, C\u00fcmhuriyy\u0259t d\u00f6vr\u00fc d\u0259 tarixin dig\u0259r d\u00f6vrl\u0259ri kimi n\u00f6qsanlardan xali deyildi. Olduqca \u0259lveri\u015fsiz xarici v\u0259 daxili \u015f\u0259rtl\u0259r h\u00f6km s\u00fcr\u00fcrd\u00fc. M\u00fcst\u0259qillik elan\u0131ndan sonrak\u0131 4 ay \u00f6lk\u0259nin \u0259razi b\u00fct\u00f6vl\u00fcy\u00fcn\u00fcn b\u0259rpas\u0131 u\u011frunda m\u00fcbariz\u0259y\u0259 &#8211; Bak\u0131n\u0131n v\u0259 X\u0259z\u0259rsahili dig\u0259r \u0259razil\u0259rin qurtulu\u015funa h\u0259sr olundu.\n<\/p>\n<p>\n  \u0130lk m\u00fch\u00fcm v\u0259zif\u0259nin \u00f6hd\u0259sind\u0259n u\u011furla g\u0259ldikd\u0259n sonra yeni problem ortaya \u00e7\u0131xd\u0131. Birinci cahan sava\u015f\u0131n\u0131n qalib d\u00f6vl\u0259tl\u0259ri Bak\u0131 neftini n\u0259zar\u0259t\u0259 g\u00f6t\u00fcrm\u0259k \u00fc\u00e7\u00fcn \u015f\u0259h\u0259rin ingilisl\u0259r t\u0259r\u0259find\u0259n i\u015f\u011fal olunmas\u0131 bar\u0259d\u0259 raz\u0131l\u0131\u011fa g\u0259ldil\u0259r. 1919-cu ilin yaz\u0131nda ingilisl\u0259r getdil\u0259r, lakin q\u0131rm\u0131z\u0131 Rusiya t\u0259r\u0259find\u0259n permanent t\u0259cav\u00fcz t\u0259hl\u00fck\u0259si var idi. Erm\u0259nistanla \u0259razi konfliktl\u0259ri d\u0259 xroniki \u015f\u0259kil alm\u0131\u015fd\u0131.\n<\/p>\n<p>\n  \u00d6lk\u0259d\u0259 d\u0259h\u015f\u0259tli d\u0259r\u0259c\u0259d\u0259 kadr \u00e7at\u0131\u015fmazl\u0131\u011f\u0131 hiss olunurdu. N\u0259 s\u0259naye m\u00fct\u0259x\u0259ssisl\u0259ri yet\u0259rli idi, n\u0259 k\u0259nd t\u0259s\u0259rr\u00fcfat\u0131.\n<\/p>\n<p>\n  T\u0259hsil, s\u0259hiyy\u0259, h\u0259rbi v\u0259 dig\u0259r sah\u0259l\u0259rd\u0259 d\u0259 v\u0259ziyy\u0259t eyni idi. Yegan\u0259 normal v\u0259ziyy\u0259td\u0259 olan neft s\u0259nayesi idi.\n<\/p>\n<p>\n  Lakin neftin d\u0259 ixrac v\u0259 sat\u0131\u015f \u0259laq\u0259l\u0259rini yenid\u0259n b\u0259rpa etm\u0259k laz\u0131m idi.\n<\/p>\n<p>\n  Az\u0259rbaycan Demokratik Respublikas\u0131 bu d\u0259r\u0259c\u0259d\u0259 a\u011f\u0131r \u015f\u0259rtl\u0259r alt\u0131nda yarad\u0131l\u0131rd\u0131. Bu \u015f\u0259rtl\u0259r\u0259 baxanda n\u0259tic\u0259l\u0259r h\u0259qiq\u0259t\u0259n m\u00f6ht\u0259\u015f\u0259m idi. Lakin dig\u0259r sah\u0259l\u0259rd\u0259ki n\u0259tic\u0259l\u0259ri bir k\u0259n\u0259ra qoysaq, \u00fcst\u00fcnd\u0259n 100 il ke\u00e7\u0259nd\u0259n sonra Az\u0259rbaycanda azaql\u0131q u\u011frunda m\u00fcbariz\u0259 aparan insanlara m\u0259n\u0259vi g\u00fcc ver\u0259n \u0259sas amil C\u00fcmhuriyy\u0259tin demokratik mahiyy\u0259ti idi.\n<\/p>\n<p>\n  D\u00f6vl\u0259td\u0259 hakimi-m\u00fctl\u0259q b\u00fct\u00fcn siyasi partiyalar\u0131n v\u0259 xalqlar\u0131n t\u0259msil olundu\u011fu parlament idi. Burada siyasi v\u0259 milli m\u0259nsubiyy\u0259t \u0259sas\u0131nda 10 fraksiya f\u0259aliyy\u0259t g\u00f6st\u0259rirdi. H\u00f6kum\u0259t parlament qar\u015f\u0131s\u0131nda m\u0259suliyy\u0259t da\u015f\u0131y\u0131rd\u0131 v\u0259 onun etimad\u0131ndan as\u0131l\u0131 idi.\n<\/p>\n<p>\n  N\u0259 parlament, n\u0259 h\u00f6kum\u0259t hans\u0131sa \u015f\u0259xsin n\u00fcfuzu alt\u0131nda f\u0259aliyy\u0259t g\u00f6st\u0259rmirdi. Halbuki zaman o zaman idi ki, Avropada bel\u0259 \u015f\u0259xsl\u0259r\u0259 s\u00f6yk\u0259n\u0259n avtoritar v\u0259 qeyri-insani ideologiyalara \u0259saslanan totalitar rejiml\u0259r b\u0259rq\u0259rar olurdu.\n<\/p>\n<p>\n  Ayd\u0131nd\u0131r ki, n\u0259 Az\u0259rbaycanda, n\u0259 d\u0259 t\u0259rkibin\u0259 daxil oldu\u011fu Rusiyada parlamentar t\u0259cr\u00fcb\u0259 yox idi. Yaln\u0131z Birinci rus inqilab\u0131ndan sonra 1906-c\u0131 ild\u0259n etibar\u0259n Duma f\u0259aliyy\u0259t g\u00f6st\u0259rm\u0259y\u0259 ba\u015flam\u0131\u015fd\u0131. Burada da az\u0259rbaycanl\u0131lar\u0131n t\u0259msil\u00e7iliyi \u00e7oxsayl\u0131 deyildi.\n<\/p>\n<p>\n  Birinci D\u00f6vl\u0259t Dumas\u0131nda C\u0259nubi Qafqaz\u0131n m\u00fcs\u0259lman \u0259halisini 5 n\u0259f\u0259r &#8211; \u018flim\u0259rdan b\u0259y Top\u00e7uba\u015fov, \u018fbd\u00fcrr\u0259him b\u0259y Haqverdiyev, \u0130smay\u0131l xan Ziyadxanov, \u018fs\u0259dulla b\u0259y Muradxanov v\u0259 M\u0259mm\u0259dta\u011f\u0131 \u018fliyev t\u0259msil edirdil\u0259r.<br \/>\n  <br \/>\n  \u0130kinci D\u00f6vl\u0259t Dumas\u0131na is\u0259 F\u0259t\u0259li xan Xoyski, X\u0259lil b\u0259y Xasm\u0259mm\u0259dov, M\u0259h\u0259mm\u0259d a\u011fa \u015eaxtaxtinski, Zeynal Zeynalov v\u0259 Mustafa Mahmudov se\u00e7ilmi\u015fdil\u0259r.\n<\/p>\n<p>\n  1907-ci ild\u0259 \u00e7ar h\u00f6kum\u0259ti II Duman\u0131 buraxd\u0131 v\u0259 se\u00e7ki qanununa m\u00fcrt\u0259ce d\u0259yi\u015fiklikl\u0259r etdi. Bundan sonra az\u0259rbaycanl\u0131lar c\u0259mi 1 n\u0259f\u0259rl\u0259 t\u0259msil olunurdular. Bu t\u0259msil\u00e7i III Dumada X\u0259lil b\u0259y Xasm\u0259mm\u0259dov, IV Dumada is\u0259 M\u0259mm\u0259d Yusif C\u0259f\u0259rov idi.\n<\/p>\n<p>\n  Bu q\u0259d\u0259r m\u0259hdud t\u0259cr\u00fcb\u0259y\u0259 baxmayaraq Az\u0259rbaycan parlamentind\u0259 y\u00fcks\u0259k diskussiya v\u0259 polemika, el\u0259c\u0259 d\u0259 konsensus m\u0259d\u0259niyy\u0259ti m\u00fc\u015fahid\u0259 olunurdu. Parlament iclaslar\u0131n\u0131n stenoqram\u0131 il\u0259 tan\u0131\u015f olduqca bu m\u0259d\u0259niyy\u0259ti yaln\u0131z \u00e7ox\u0259srlik parlamentar t\u0259cr\u00fcb\u0259y\u0259 malik \u00f6lk\u0259l\u0259rl\u0259 m\u00fcqayis\u0259 etm\u0259k olar.\n<\/p>\n<p>\n  Avropa \u00f6lk\u0259l\u0259rind\u0259n b\u0259zil\u0259ri t\u0259kpartiyal\u0131 sistem\u0259 ke\u00e7dikl\u0259ri bir d\u00f6vrd\u0259 Az\u0259rbaycanda \u00e7oxpartiyal\u0131 koalisyon h\u00f6kum\u0259t f\u0259aliyy\u0259t g\u00f6st\u0259rirdi. D\u00fczd\u00fcr, 23 ay \u0259rzind\u0259 5 h\u00f6kum\u0259tin d\u0259yi\u015fm\u0259si o q\u0259d\u0259r d\u0259 sevindirici n\u0259tic\u0259 say\u0131la bilm\u0259z. Lakin yeni yaranm\u0131\u015f v\u0259 demokratiya yolunu tutmu\u015f d\u00f6vl\u0259t \u00fc\u00e7\u00fcn bel\u0259 hal qeyri-adi say\u0131lmamal\u0131d\u0131r.\n<\/p>\n<p>\n  B\u0259z\u0259n Az\u0259rbaycan Demokratik Respublikas\u0131n\u0131n \u201ca\u015f\u0131r\u0131 demokratiya\u201d s\u0259b\u0259bind\u0259n s\u00fcqut etdiyi haqq\u0131nda yanl\u0131\u015f fikirl\u0259r\u0259 rast g\u0259lm\u0259k olur. Halbuki, bu s\u00fcqutun yegan\u0259 bir s\u0259b\u0259bi vard\u0131 \u2013 rus i\u015f\u011fal\u0131. Kifay\u0259t q\u0259d\u0259r h\u0259rbi potensial\u0131 olmayan bir \u00f6lk\u0259d\u0259 avtoritar v\u0259 ya totalitar bir d\u00f6vl\u0259t qurulsayd\u0131 bel\u0259, t\u0259cav\u00fcz etmi\u015f 72 minlik azman bir q\u00fcvv\u0259y\u0259 u\u011furlu m\u00fcqaqvim\u0259t g\u00f6st\u0259rm\u0259k m\u00fcmk\u00fcn olmayacaqd\u0131.\n<\/p>\n<p>\n  \u018fv\u0259zind\u0259 is\u0259 C\u00fcmhuriyy\u0259timizl\u0259 indiki kimi q\u00fcrur duya bilm\u0259y\u0259c\u0259kdik. H\u0259m d\u0259 t\u0259cr\u00fcb\u0259 g\u00f6st\u0259rir ki, ki\u00e7ik d\u00f6vl\u0259tl\u0259rin i\u015f\u011fal\u0131 daha \u00e7ox beyn\u0259lxalq \u015f\u0259rtl\u0259rd\u0259n as\u0131l\u0131 olur. \u00d6t\u0259n \u0259srin \u0259vv\u0259ll\u0259rind\u0259 beyn\u0259lxalq \u015f\u0259rtl\u0259r sovet Rusiyas\u0131na imperiyan\u0131n s\u0259rh\u0259dl\u0259rini b\u00f6y\u00fck \u00f6l\u00e7\u00fcd\u0259 b\u0259rpa etm\u0259y\u0259 imkan verdi. Yenid\u0259n i\u015f\u011fal olunan \u0259razil\u0259r aras\u0131nda demokratiki d\u0259 vard\u0131, qeyri demokratiki d\u0259. O s\u0259b\u0259bd\u0259n d\u0259 s\u00fcqutun s\u0259b\u0259bini \u201ca\u015f\u0131r\u0131 demokratiya\u201dda axtarmaq do\u011fru deyildir.\n<\/p>\n<p>\n  Q\u00fcrur duyulacaq ba\u015fqa bir c\u0259h\u0259t is\u0259 hakim elitan\u0131n he\u00e7 bir korrupsiya skandal\u0131na bula\u015fmamas\u0131d\u0131r. H\u0259tta sovet i\u015f\u011fal\u0131ndan sonra istintaq orqanlar\u0131 bel\u0259 bu y\u00f6nd\u0259 C\u00fcmhuriyy\u0259t xadiml\u0259rin\u0259 he\u00e7 bir ittiham ir\u0259li s\u00fcr\u0259 bilm\u0259dil\u0259r. Atas\u0131n\u0131n N\u0259sib b\u0259y Yusubb\u0259yliy\u0259 yazd\u0131\u011f\u0131 \u201cba\u015f nazirs\u0259n, yen\u0259 m\u0259nd\u0259n pul ist\u0259yirs\u0259n\u201d m\u0259zmunlu m\u0259ktubu is\u0259 h\u0259r \u015feyi b\u00fct\u00fcn faktlardan daha ayd\u0131n deyir.\n<\/p>\n<p>\n  M\u0259hz bel\u0259 i\u015f\u0131ql\u0131 faktlar bu g\u00fcn Az\u0259rbaycanda azadl\u0131q v\u0259 demokratiya u\u011frunda m\u00fcbariz\u0259 aparan, diktatura v\u0259 korrupsiyaya qar\u015f\u0131 yorulmadan sava\u015fan insanlar\u0131 h\u0259r \u015feyi d\u0259yi\u015fm\u0259yin m\u00fcmk\u00fcnl\u00fcy\u00fcn\u0259 inand\u0131r\u0131r. C\u00fcmhuriyy\u0259t bun insanlar\u0131n q\u00fcrur v\u0259 g\u00fcc m\u0259nb\u0259yidir. M\u00f6vcud iqtidar\u0131n b\u0259lk\u0259 d\u0259 t\u0259ht\u0259l\u015f\u00fcur s\u0259viyy\u0259sind\u0259 bunu anlay\u0131r v\u0259 C\u00fcmhuriyy\u0259t\u0259, onun xadiml\u0259rin\u0259 yum\u015faq des\u0259k, soyuq m\u00fcnasib\u0259t buradan qaynaqlan\u0131r.\n<\/p>\n<p>\n  <i><br \/>\n    <b><br \/>\n      Yaz\u0131 m\u00fc\u0259llifin fikirl\u0259rini \u0259ks etdirir v\u0259 Meydan TV-nin m\u00f6vqeyi il\u0259 \u00fcst-\u00fcst\u0259 d\u00fc\u015fm\u0259y\u0259 bil\u0259r.<br \/>\n    <\/b><br \/>\n  <\/i><\/p>\n","protected":false},"excerpt":{"rendered":"<p>Bir zamanlar \u00e7ar Rusiyas\u0131n\u0131n, sonralar is\u0259 Sovet \u0130ttifaq\u0131n\u0131n t\u0259rkibin\u0259 daxil olan bir \u00e7ox \u00f6lk\u0259 ilk m\u00fcst\u0259qillikl\u0259rinin 100 illiyini qeyd etm\u0259y\u0259 haz\u0131rla\u015f\u0131rlar<\/p>\n","protected":false},"author":11,"featured_media":99740,"comment_status":"closed","ping_status":"open","sticky":false,"template":"","format":"standard","meta":{"_acf_changed":false,"_sitemap_exclude":false,"_sitemap_priority":"","_sitemap_frequency":"","footnotes":""},"categories":[57],"tags":[],"class_list":["post-188758","post","type-post","status-publish","format-standard","has-post-thumbnail","hentry","category-menim-fikrimce","infinite-scroll-item","generate-columns","tablet-grid-50","mobile-grid-100","grid-parent","grid-33","no-featured-image-padding"],"acf":[],"yoast_head":"<!-- This site is optimized with the Yoast SEO plugin v27.5 - https:\/\/yoast.com\/product\/yoast-seo-wordpress\/ -->\n<title>C\u00fcmhuriyy\u0259t\u00e7il\u0259r\u0259 soyuq m\u00fcnasib\u0259tin s\u0259b\u0259bi - MEYDAN.TV<\/title>\n<meta name=\"robots\" content=\"index, follow, max-snippet:-1, max-image-preview:large, max-video-preview:-1\" \/>\n<link rel=\"canonical\" href=\"https:\/\/www.meydan.tv\/az\/article\/cumhuriyyetcilere-soyuq-munasibetin-sebebi\/\" \/>\n<meta property=\"og:locale\" content=\"az_AZ\" \/>\n<meta property=\"og:type\" content=\"article\" \/>\n<meta property=\"og:title\" content=\"C\u00fcmhuriyy\u0259t\u00e7il\u0259r\u0259 soyuq m\u00fcnasib\u0259tin s\u0259b\u0259bi - MEYDAN.TV\" \/>\n<meta property=\"og:description\" content=\"Bir zamanlar \u00e7ar Rusiyas\u0131n\u0131n, sonralar is\u0259 Sovet \u0130ttifaq\u0131n\u0131n t\u0259rkibin\u0259 daxil olan bir \u00e7ox \u00f6lk\u0259 ilk m\u00fcst\u0259qillikl\u0259rinin 100 illiyini qeyd etm\u0259y\u0259 haz\u0131rla\u015f\u0131rlar\" \/>\n<meta property=\"og:url\" content=\"https:\/\/www.meydan.tv\/az\/article\/cumhuriyyetcilere-soyuq-munasibetin-sebebi\/\" \/>\n<meta property=\"og:site_name\" content=\"MEYDAN.TV\" \/>\n<meta property=\"article:published_time\" content=\"2018-02-19T19:50:55+00:00\" \/>\n<meta property=\"og:image\" content=\"https:\/\/www.meydan.tv\/wp-content\/uploads\/39463.jpg\" \/>\n\t<meta property=\"og:image:width\" content=\"1000\" \/>\n\t<meta property=\"og:image:height\" content=\"541\" \/>\n\t<meta property=\"og:image:type\" content=\"image\/jpeg\" \/>\n<meta name=\"author\" content=\"user-manager\" \/>\n<meta name=\"twitter:card\" content=\"summary_large_image\" \/>\n<script type=\"application\/ld+json\" class=\"yoast-schema-graph\">{\"@context\":\"https:\\\/\\\/schema.org\",\"@graph\":[{\"@type\":\"Article\",\"@id\":\"https:\\\/\\\/www.meydan.tv\\\/az\\\/article\\\/cumhuriyyetcilere-soyuq-munasibetin-sebebi\\\/#article\",\"isPartOf\":{\"@id\":\"https:\\\/\\\/www.meydan.tv\\\/az\\\/article\\\/cumhuriyyetcilere-soyuq-munasibetin-sebebi\\\/\"},\"author\":{\"name\":\"user-manager\",\"@id\":\"https:\\\/\\\/www.meydan.tv\\\/az\\\/#\\\/schema\\\/person\\\/10d11eccf6da3662cf5fdab9806ea91a\"},\"headline\":\"C\u00fcmhuriyy\u0259t\u00e7il\u0259r\u0259 soyuq m\u00fcnasib\u0259tin s\u0259b\u0259bi\",\"datePublished\":\"2018-02-19T19:50:55+00:00\",\"mainEntityOfPage\":{\"@id\":\"https:\\\/\\\/www.meydan.tv\\\/az\\\/article\\\/cumhuriyyetcilere-soyuq-munasibetin-sebebi\\\/\"},\"wordCount\":1660,\"publisher\":{\"@id\":\"https:\\\/\\\/www.meydan.tv\\\/az\\\/#organization\"},\"image\":{\"@id\":\"https:\\\/\\\/www.meydan.tv\\\/az\\\/article\\\/cumhuriyyetcilere-soyuq-munasibetin-sebebi\\\/#primaryimage\"},\"thumbnailUrl\":\"https:\\\/\\\/www.meydan.tv\\\/wp-content\\\/uploads\\\/39463.jpg\",\"articleSection\":[\"M\u0259nim Fikrimc\u0259\"],\"inLanguage\":\"az\"},{\"@type\":\"WebPage\",\"@id\":\"https:\\\/\\\/www.meydan.tv\\\/az\\\/article\\\/cumhuriyyetcilere-soyuq-munasibetin-sebebi\\\/\",\"url\":\"https:\\\/\\\/www.meydan.tv\\\/az\\\/article\\\/cumhuriyyetcilere-soyuq-munasibetin-sebebi\\\/\",\"name\":\"C\u00fcmhuriyy\u0259t\u00e7il\u0259r\u0259 soyuq m\u00fcnasib\u0259tin s\u0259b\u0259bi - MEYDAN.TV\",\"isPartOf\":{\"@id\":\"https:\\\/\\\/www.meydan.tv\\\/az\\\/#website\"},\"primaryImageOfPage\":{\"@id\":\"https:\\\/\\\/www.meydan.tv\\\/az\\\/article\\\/cumhuriyyetcilere-soyuq-munasibetin-sebebi\\\/#primaryimage\"},\"image\":{\"@id\":\"https:\\\/\\\/www.meydan.tv\\\/az\\\/article\\\/cumhuriyyetcilere-soyuq-munasibetin-sebebi\\\/#primaryimage\"},\"thumbnailUrl\":\"https:\\\/\\\/www.meydan.tv\\\/wp-content\\\/uploads\\\/39463.jpg\",\"datePublished\":\"2018-02-19T19:50:55+00:00\",\"breadcrumb\":{\"@id\":\"https:\\\/\\\/www.meydan.tv\\\/az\\\/article\\\/cumhuriyyetcilere-soyuq-munasibetin-sebebi\\\/#breadcrumb\"},\"inLanguage\":\"az\",\"potentialAction\":[{\"@type\":\"ReadAction\",\"target\":[\"https:\\\/\\\/www.meydan.tv\\\/az\\\/article\\\/cumhuriyyetcilere-soyuq-munasibetin-sebebi\\\/\"]}]},{\"@type\":\"ImageObject\",\"inLanguage\":\"az\",\"@id\":\"https:\\\/\\\/www.meydan.tv\\\/az\\\/article\\\/cumhuriyyetcilere-soyuq-munasibetin-sebebi\\\/#primaryimage\",\"url\":\"https:\\\/\\\/www.meydan.tv\\\/wp-content\\\/uploads\\\/39463.jpg\",\"contentUrl\":\"https:\\\/\\\/www.meydan.tv\\\/wp-content\\\/uploads\\\/39463.jpg\",\"width\":1000,\"height\":541,\"caption\":\"Source:\"},{\"@type\":\"BreadcrumbList\",\"@id\":\"https:\\\/\\\/www.meydan.tv\\\/az\\\/article\\\/cumhuriyyetcilere-soyuq-munasibetin-sebebi\\\/#breadcrumb\",\"itemListElement\":[{\"@type\":\"ListItem\",\"position\":1,\"name\":\"Ana s\u0259hif\u0259\",\"item\":\"https:\\\/\\\/www.meydan.tv\\\/az\\\/\"},{\"@type\":\"ListItem\",\"position\":2,\"name\":\"M\u0259nim Fikrimc\u0259\",\"item\":\"https:\\\/\\\/www.meydan.tv\\\/az\\\/section\\\/menim-fikrimce\\\/\"},{\"@type\":\"ListItem\",\"position\":3,\"name\":\"C\u00fcmhuriyy\u0259t\u00e7il\u0259r\u0259 soyuq m\u00fcnasib\u0259tin s\u0259b\u0259bi\"}]},{\"@type\":\"WebSite\",\"@id\":\"https:\\\/\\\/www.meydan.tv\\\/az\\\/#website\",\"url\":\"https:\\\/\\\/www.meydan.tv\\\/az\\\/\",\"name\":\"MEYDAN.TV\",\"description\":\"Meydan TV Az\u0259rbaycan\u0131n media m\u0259kan\u0131ndak\u0131 alternativ s\u0259sidir\",\"publisher\":{\"@id\":\"https:\\\/\\\/www.meydan.tv\\\/az\\\/#organization\"},\"potentialAction\":[{\"@type\":\"SearchAction\",\"target\":{\"@type\":\"EntryPoint\",\"urlTemplate\":\"https:\\\/\\\/www.meydan.tv\\\/az\\\/?s={search_term_string}\"},\"query-input\":{\"@type\":\"PropertyValueSpecification\",\"valueRequired\":true,\"valueName\":\"search_term_string\"}}],\"inLanguage\":\"az\"},{\"@type\":\"Organization\",\"@id\":\"https:\\\/\\\/www.meydan.tv\\\/az\\\/#organization\",\"name\":\"Meydan TV\",\"url\":\"https:\\\/\\\/www.meydan.tv\\\/az\\\/\",\"logo\":{\"@type\":\"ImageObject\",\"inLanguage\":\"az\",\"@id\":\"https:\\\/\\\/www.meydan.tv\\\/az\\\/#\\\/schema\\\/logo\\\/image\\\/\",\"url\":\"https:\\\/\\\/www.meydan.tv\\\/wp-content\\\/uploads\\\/2021\\\/07\\\/meydan-logo.svg\",\"contentUrl\":\"https:\\\/\\\/www.meydan.tv\\\/wp-content\\\/uploads\\\/2021\\\/07\\\/meydan-logo.svg\",\"width\":195,\"height\":46,\"caption\":\"Meydan TV\"},\"image\":{\"@id\":\"https:\\\/\\\/www.meydan.tv\\\/az\\\/#\\\/schema\\\/logo\\\/image\\\/\"}},{\"@type\":\"Person\",\"@id\":\"https:\\\/\\\/www.meydan.tv\\\/az\\\/#\\\/schema\\\/person\\\/10d11eccf6da3662cf5fdab9806ea91a\",\"name\":\"user-manager\"}]}<\/script>\n<!-- \/ Yoast SEO plugin. -->","yoast_head_json":{"title":"C\u00fcmhuriyy\u0259t\u00e7il\u0259r\u0259 soyuq m\u00fcnasib\u0259tin s\u0259b\u0259bi - MEYDAN.TV","robots":{"index":"index","follow":"follow","max-snippet":"max-snippet:-1","max-image-preview":"max-image-preview:large","max-video-preview":"max-video-preview:-1"},"canonical":"https:\/\/www.meydan.tv\/az\/article\/cumhuriyyetcilere-soyuq-munasibetin-sebebi\/","og_locale":"az_AZ","og_type":"article","og_title":"C\u00fcmhuriyy\u0259t\u00e7il\u0259r\u0259 soyuq m\u00fcnasib\u0259tin s\u0259b\u0259bi - MEYDAN.TV","og_description":"Bir zamanlar \u00e7ar Rusiyas\u0131n\u0131n, sonralar is\u0259 Sovet \u0130ttifaq\u0131n\u0131n t\u0259rkibin\u0259 daxil olan bir \u00e7ox \u00f6lk\u0259 ilk m\u00fcst\u0259qillikl\u0259rinin 100 illiyini qeyd etm\u0259y\u0259 haz\u0131rla\u015f\u0131rlar","og_url":"https:\/\/www.meydan.tv\/az\/article\/cumhuriyyetcilere-soyuq-munasibetin-sebebi\/","og_site_name":"MEYDAN.TV","article_published_time":"2018-02-19T19:50:55+00:00","og_image":[{"width":1000,"height":541,"url":"https:\/\/www.meydan.tv\/wp-content\/uploads\/39463.jpg","type":"image\/jpeg"}],"author":"user-manager","twitter_card":"summary_large_image","schema":{"@context":"https:\/\/schema.org","@graph":[{"@type":"Article","@id":"https:\/\/www.meydan.tv\/az\/article\/cumhuriyyetcilere-soyuq-munasibetin-sebebi\/#article","isPartOf":{"@id":"https:\/\/www.meydan.tv\/az\/article\/cumhuriyyetcilere-soyuq-munasibetin-sebebi\/"},"author":{"name":"user-manager","@id":"https:\/\/www.meydan.tv\/az\/#\/schema\/person\/10d11eccf6da3662cf5fdab9806ea91a"},"headline":"C\u00fcmhuriyy\u0259t\u00e7il\u0259r\u0259 soyuq m\u00fcnasib\u0259tin s\u0259b\u0259bi","datePublished":"2018-02-19T19:50:55+00:00","mainEntityOfPage":{"@id":"https:\/\/www.meydan.tv\/az\/article\/cumhuriyyetcilere-soyuq-munasibetin-sebebi\/"},"wordCount":1660,"publisher":{"@id":"https:\/\/www.meydan.tv\/az\/#organization"},"image":{"@id":"https:\/\/www.meydan.tv\/az\/article\/cumhuriyyetcilere-soyuq-munasibetin-sebebi\/#primaryimage"},"thumbnailUrl":"https:\/\/www.meydan.tv\/wp-content\/uploads\/39463.jpg","articleSection":["M\u0259nim Fikrimc\u0259"],"inLanguage":"az"},{"@type":"WebPage","@id":"https:\/\/www.meydan.tv\/az\/article\/cumhuriyyetcilere-soyuq-munasibetin-sebebi\/","url":"https:\/\/www.meydan.tv\/az\/article\/cumhuriyyetcilere-soyuq-munasibetin-sebebi\/","name":"C\u00fcmhuriyy\u0259t\u00e7il\u0259r\u0259 soyuq m\u00fcnasib\u0259tin s\u0259b\u0259bi - MEYDAN.TV","isPartOf":{"@id":"https:\/\/www.meydan.tv\/az\/#website"},"primaryImageOfPage":{"@id":"https:\/\/www.meydan.tv\/az\/article\/cumhuriyyetcilere-soyuq-munasibetin-sebebi\/#primaryimage"},"image":{"@id":"https:\/\/www.meydan.tv\/az\/article\/cumhuriyyetcilere-soyuq-munasibetin-sebebi\/#primaryimage"},"thumbnailUrl":"https:\/\/www.meydan.tv\/wp-content\/uploads\/39463.jpg","datePublished":"2018-02-19T19:50:55+00:00","breadcrumb":{"@id":"https:\/\/www.meydan.tv\/az\/article\/cumhuriyyetcilere-soyuq-munasibetin-sebebi\/#breadcrumb"},"inLanguage":"az","potentialAction":[{"@type":"ReadAction","target":["https:\/\/www.meydan.tv\/az\/article\/cumhuriyyetcilere-soyuq-munasibetin-sebebi\/"]}]},{"@type":"ImageObject","inLanguage":"az","@id":"https:\/\/www.meydan.tv\/az\/article\/cumhuriyyetcilere-soyuq-munasibetin-sebebi\/#primaryimage","url":"https:\/\/www.meydan.tv\/wp-content\/uploads\/39463.jpg","contentUrl":"https:\/\/www.meydan.tv\/wp-content\/uploads\/39463.jpg","width":1000,"height":541,"caption":"Source:"},{"@type":"BreadcrumbList","@id":"https:\/\/www.meydan.tv\/az\/article\/cumhuriyyetcilere-soyuq-munasibetin-sebebi\/#breadcrumb","itemListElement":[{"@type":"ListItem","position":1,"name":"Ana s\u0259hif\u0259","item":"https:\/\/www.meydan.tv\/az\/"},{"@type":"ListItem","position":2,"name":"M\u0259nim Fikrimc\u0259","item":"https:\/\/www.meydan.tv\/az\/section\/menim-fikrimce\/"},{"@type":"ListItem","position":3,"name":"C\u00fcmhuriyy\u0259t\u00e7il\u0259r\u0259 soyuq m\u00fcnasib\u0259tin s\u0259b\u0259bi"}]},{"@type":"WebSite","@id":"https:\/\/www.meydan.tv\/az\/#website","url":"https:\/\/www.meydan.tv\/az\/","name":"MEYDAN.TV","description":"Meydan TV Az\u0259rbaycan\u0131n media m\u0259kan\u0131ndak\u0131 alternativ s\u0259sidir","publisher":{"@id":"https:\/\/www.meydan.tv\/az\/#organization"},"potentialAction":[{"@type":"SearchAction","target":{"@type":"EntryPoint","urlTemplate":"https:\/\/www.meydan.tv\/az\/?s={search_term_string}"},"query-input":{"@type":"PropertyValueSpecification","valueRequired":true,"valueName":"search_term_string"}}],"inLanguage":"az"},{"@type":"Organization","@id":"https:\/\/www.meydan.tv\/az\/#organization","name":"Meydan TV","url":"https:\/\/www.meydan.tv\/az\/","logo":{"@type":"ImageObject","inLanguage":"az","@id":"https:\/\/www.meydan.tv\/az\/#\/schema\/logo\/image\/","url":"https:\/\/www.meydan.tv\/wp-content\/uploads\/2021\/07\/meydan-logo.svg","contentUrl":"https:\/\/www.meydan.tv\/wp-content\/uploads\/2021\/07\/meydan-logo.svg","width":195,"height":46,"caption":"Meydan TV"},"image":{"@id":"https:\/\/www.meydan.tv\/az\/#\/schema\/logo\/image\/"}},{"@type":"Person","@id":"https:\/\/www.meydan.tv\/az\/#\/schema\/person\/10d11eccf6da3662cf5fdab9806ea91a","name":"user-manager"}]}},"_links":{"self":[{"href":"https:\/\/www.meydan.tv\/az\/wp-json\/wp\/v2\/posts\/188758","targetHints":{"allow":["GET"]}}],"collection":[{"href":"https:\/\/www.meydan.tv\/az\/wp-json\/wp\/v2\/posts"}],"about":[{"href":"https:\/\/www.meydan.tv\/az\/wp-json\/wp\/v2\/types\/post"}],"author":[{"embeddable":true,"href":"https:\/\/www.meydan.tv\/az\/wp-json\/wp\/v2\/users\/11"}],"replies":[{"embeddable":true,"href":"https:\/\/www.meydan.tv\/az\/wp-json\/wp\/v2\/comments?post=188758"}],"version-history":[{"count":0,"href":"https:\/\/www.meydan.tv\/az\/wp-json\/wp\/v2\/posts\/188758\/revisions"}],"wp:featuredmedia":[{"embeddable":true,"href":"https:\/\/www.meydan.tv\/az\/wp-json\/wp\/v2\/media\/99740"}],"wp:attachment":[{"href":"https:\/\/www.meydan.tv\/az\/wp-json\/wp\/v2\/media?parent=188758"}],"wp:term":[{"taxonomy":"category","embeddable":true,"href":"https:\/\/www.meydan.tv\/az\/wp-json\/wp\/v2\/categories?post=188758"},{"taxonomy":"post_tag","embeddable":true,"href":"https:\/\/www.meydan.tv\/az\/wp-json\/wp\/v2\/tags?post=188758"}],"curies":[{"name":"wp","href":"https:\/\/api.w.org\/{rel}","templated":true}]}}