{"id":188745,"date":"2018-02-19T13:29:48","date_gmt":"2018-02-19T13:29:48","guid":{"rendered":"https:\/\/www.meydan.tv\/article\/boykotun-effektli-olmasi-ucun-zemin-yoxdur\/"},"modified":"2018-02-19T13:29:48","modified_gmt":"2018-02-19T13:29:48","slug":"boykotun-effektli-olmasi-ucun-zemin-yoxdur","status":"publish","type":"post","link":"https:\/\/www.meydan.tv\/az\/article\/boykotun-effektli-olmasi-ucun-zemin-yoxdur\/","title":{"rendered":"&#8221;Boykotun effektli olmas\u0131 \u00fc\u00e7\u00fcn z\u0259min yoxdur&#8221;"},"content":{"rendered":"<figure class=\"wp-block-image size-large\">\n  <img decoding=\"async\" src=\"https:\/\/www.meydan.tv\/az\/99701\/\" alt=\"\" class=\"wp-image-99701\"\/><figcaption><\/figcaption><\/figure>\n<p>\n  <i><br \/>\n    &#8221;M\u00fcxalif\u0259tin se\u00e7im imkan\u0131 &#8221;pis v\u0259 \u0259n pis&#8221; aras\u0131ndad\u0131r&#8221;<br \/>\n  <\/i>\n<\/p>\n<p>\n  Turan informasiya agentliyinin analitik xidm\u0259ti m\u00fcxalif\u0259tin n\u00f6vb\u0259d\u0259nk\u0259nar prezident se\u00e7kisini boykot etm\u0259si m\u00f6vzusunda t\u0259hlili yaz\u0131 il\u0259 \u00e7\u0131x\u0131\u015f edib.\n<\/p>\n<p>\n  Yaz\u0131da qeyd olunur ki, \u00f6lk\u0259 g\u00fcnd\u0259mind\u0259 n\u00f6vb\u0259d\u0259nk\u0259nar prezident se\u00e7kil\u0259rinin m\u00fczakir\u0259si davam edir. Art\u0131q iqtidar \u00f6z namiz\u0259dini ir\u0259li s\u00fcr\u00fcb. Namiz\u0259din r\u0259sm\u0259n t\u0259sdiqini g\u00f6zl\u0259m\u0259d\u0259n v\u0259 qanunvericilikd\u0259 n\u0259z\u0259rd\u0259 tutulan t\u0259bli\u011fat-t\u0259\u015fviqat kampaniyas\u0131 ba\u015flamadan a\u00e7\u0131q t\u0259bli\u011fata start verilib. D\u00f6vl\u0259tin b\u00fct\u00fcn resurslar\u0131, \u00f6lk\u0259 televiziyalar\u0131, yarad\u0131c\u0131 birlikl\u0259r, ictimai t\u0259\u015fkilatlar hakim partiyan\u0131n namiz\u0259dinin qeyri-r\u0259smi t\u0259bli\u011fat\u0131na qo\u015fulub.\n<\/p>\n<p>\n  B\u00fct\u00fcn m\u00fcxalif qurumlar is\u0259 n\u00f6vb\u0259d\u0259nk\u0259nar prezident se\u00e7kil\u0259rind\u0259 namiz\u0259d ir\u0259li s\u00fcrm\u0259m\u0259y\u0259 v\u0259 \u201cse\u00e7ki\u201dni boykot etm\u0259y\u0259 bar\u0259d\u0259 q\u0259rar veribl\u0259r. M\u00fcxalif\u0259tin bu q\u0259rar\u0131 \u00f6lk\u0259 ictimaiyy\u0259ti t\u0259r\u0259find\u0259n birm\u0259nal\u0131 qar\u015f\u0131lanm\u0131r v\u0259 b\u0259zi suallara cavab axtar\u0131l\u0131r. M\u00fcxalif\u0259tin boykot q\u0259rar\u0131n\u0131 do\u011fru saymaq olarm\u0131, boykot h\u00fcquqi-siyasi n\u0259tic\u0259 do\u011furacaqm\u0131, n\u00fcfuzlu beyn\u0259lxalq qurumlar\u0131n \u201cse\u00e7ki\u201dy\u0259 m\u00fcnasib\u0259ti nec\u0259 olacaq, se\u00e7kil\u0259rin n\u0259tic\u0259l\u0259ri tan\u0131nmaya bil\u0259rmi?\n<\/p>\n<blockquote><p>\n  Se\u00e7ki sistemi tamamil\u0259 s\u0131radan \u00e7\u0131xar\u0131l\u0131b\n<\/p><\/blockquote>\n<p>\n  Yaz\u0131 m\u00fc\u0259llifl\u0259ri hesab edir ki, bu kimi suallar\u0131n ayd\u0131n cavablar\u0131 olmasa da m\u00fc\u0259yy\u0259n m\u00fclahiz\u0259l\u0259r s\u00f6yl\u0259m\u0259k m\u00fcmk\u00fcnd\u00fcr. \u0130lk n\u00f6vb\u0259d\u0259 m\u00fcxalif\u0259tin se\u00e7kid\u0259 i\u015ftirak etm\u0259m\u0259sinin s\u0259b\u0259bl\u0259rin\u0259 q\u0131sa n\u0259z\u0259r salaq. H\u00f6kum\u0259t m\u0259qs\u0259dy\u00f6nl\u00fc \u015f\u0259kild\u0259 \u00f6lk\u0259d\u0259 se\u00e7ki sistemini tamamil\u0259 s\u0131radan \u00e7\u0131xar\u0131b. H\u0259m qanunvericilik, h\u0259m d\u0259 praktik bax\u0131mdan el\u0259 m\u00fchit yarad\u0131b ki alternativl\u0259r \u201ck\u00f6n\u00fcll\u00fc\u201d \u015f\u0259kild\u0259 se\u00e7ki prosesind\u0259n k\u0259narda dursunlar.\n<\/p>\n<p>\n  Azad media \u0259sas\u0259n susdurulub, m\u00fcst\u0259qil v\u0259t\u0259nda\u015f c\u0259miyy\u0259ti v\u0259 m\u00fcxalif partiyalar\u0131n f\u0259aliyy\u0259t imkanlar\u0131 m\u0259hdudla\u015fd\u0131r\u0131l\u0131b, qanuni \u0259saslarla maliyy\u0259 \u0259ld\u0259 etm\u0259k, v\u0259t\u0259nda\u015flarla s\u0259rb\u0259st t\u0259mas imkanlar\u0131 \u0259ll\u0259rind\u0259n al\u0131n\u0131b. Se\u00e7kinin yaln\u0131z ad\u0131 v\u0259 onun \u0259traf\u0131nda baya\u011f\u0131 imitasiya var. \u0130st\u0259nil\u0259n pe\u015f\u0259kar m\u00fc\u015fahid\u0259\u00e7il\u0259r se\u00e7kil\u0259rin bir siyasi vasit\u0259, t\u0259m\u0259l h\u00fcquq kimi art\u0131q m\u00f6vcud olmad\u0131\u011f\u0131n\u0131 q\u0259bul edir.\n<\/p>\n<p>\n  \u201cTuran\u201d\u0131n analitikl\u0259rinin fikrinc\u0259 bu situasiyada m\u00fcxalif\u0259tin \u201cse\u00e7ki\u201dd\u0259 i\u015ftirak\u0131 n\u0259 onun \u00f6z\u00fcn\u0259, n\u0259 d\u0259 c\u0259miyy\u0259t\u0259 hans\u0131sa siyasi-h\u00fcquqi dividend qazand\u0131ra bil\u0259rdi. M\u00f6vcud siyasi \u015f\u0259raitd\u0259 v\u0259 se\u00e7ki konyukturas\u0131nda m\u00fcxalif\u0259t namiz\u0259dinin se\u00e7ici s\u0259si il\u0259 qalib g\u0259l\u0259r\u0259k prezident se\u00e7ilm\u0259si m\u00fcmk\u00fcn deyil. N\u0259inki qalib g\u0259lm\u0259si, he\u00e7 \u00f6zl\u0259rini c\u0259miyy\u0259t\u0259 tan\u0131tmas\u0131, t\u0259\u015fkilatlanmaq f\u00fcrs\u0259ti kimi yararlanmas\u0131, se\u00e7kil\u0259rin saxtala\u015fd\u0131r\u0131ld\u0131\u011f\u0131n\u0131 faktlarla s\u00fcbut etm\u0259si imkan\u0131 da yoxdur. Habel\u0259, namiz\u0259dl\u0259r\u0259 h\u00f6kum\u0259tin daxili v\u0259 xarici siyas\u0259tini t\u0259nqid etm\u0259k, qanunazidd \u0259m\u0259ll\u0259rini dil\u0259 g\u0259tirm\u0259k \u00fc\u00e7\u00fcn art\u0131q s\u0259rb\u0259st efir m\u0259kan\u0131 da n\u0259z\u0259rd\u0259 tutulmur.\n<\/p>\n<p>\n  Sosial \u015f\u0259b\u0259k\u0259l\u0259rd\u0259 v\u0259 sosial mediada, h\u0259m\u00e7inin mitinql\u0259rd\u0259 m\u00fcxalif\u0259tin bu t\u0259nqidl\u0259ri s\u0259sl\u0259ndirm\u0259si imkan\u0131 daha \u00e7oxdur, n\u0259inki se\u00e7kid\u0259. Reall\u0131q budur ki iqtidar namiz\u0259dind\u0259n ba\u015fqa dig\u0259r namiz\u0259dl\u0259rin bel\u0259 \u201cse\u00e7ki\u201dd\u0259 i\u015ftirak etm\u0259si hakim komanda \u00fc\u00e7\u00fcn he\u00e7 bir narahatl\u0131q do\u011furmur.\n<\/p>\n<blockquote><p>\n  Boykot q\u0259rar\u0131 m\u00f6vcud h\u00fcquqi-siyasi situasiyaya dinc etiraz formas\u0131d\u0131r\n<\/p><\/blockquote>\n<p>\n  Yaz\u0131da vur\u011fulanlr ki, h\u0259l\u0259lik real durumda m\u00fcxalif\u0259tin se\u00e7im imkan\u0131 \u201cpis v\u0259 \u0259n pis\u201d aras\u0131ndad\u0131r. Odur ki i\u015ftirak\u0131n da, boykotun da ciddi h\u00fcquqi-siyasi n\u0259tic\u0259 do\u011furaca\u011f\u0131ndan dan\u0131\u015fmaq \u00e7\u0259tindir. Bel\u0259 g\u00f6r\u00fcn\u00fcr ki m\u00fcxalif\u0259tin n\u00f6vb\u0259d\u0259nk\u0259nar \u201cse\u00e7ki\u201dni boykot q\u0259rar\u0131 m\u00f6vcud h\u00fcquqi-siyasi situasiyaya dinc etiraz formas\u0131d\u0131r v\u0259 m\u0259cburiyy\u0259td\u0259n q\u0259bul edilib. Boykot vasit\u0259sil\u0259 m\u00fcxalif\u0259t<br \/>\n  <br \/>\n  n\u0259y\u0259 nail olmaq ist\u0259yir? M\u00fcxalif\u0259tin \u201cse\u00e7ki\u201dni boykot etm\u0259sini yanl\u0131\u015f add\u0131m hesab etm\u0259d\u0259n onun t\u0259sirl\u0259rini analiz etm\u0259y\u0259 \u00e7al\u0131\u015faq.<br \/>\n  <br \/>\n  \u00d6nc\u0259 qeyd ed\u0259k ki boykot \u00f6zl\u00fcy\u00fcnd\u0259 s\u0131naqdan ke\u00e7mi\u015f t\u0259sirli siyasi aksiya formalar\u0131ndan biridir v\u0259 se\u00e7kil\u0259rd\u0259 effektli olmas\u0131 bir s\u0131ra amill\u0259r\u0259 ba\u011fl\u0131d\u0131r.\n<\/p>\n<p>\n  T\u0259f\u0259rr\u00fcatlar\u0131na toxunmadan dey\u0259 bil\u0259rik ki \u00f6lk\u0259mizin sosial-siyasi reall\u0131qlar\u0131nda bu aksiyan\u0131n effektli olmas\u0131 \u00fc\u00e7\u00fcn z\u0259min yoxdur.\n<\/p>\n<p>\n  Agentlik xat\u0131rlad\u0131b ki, \u00f6lk\u0259 m\u00fcxalif\u0259ti ilk d\u0259f\u0259 boykot taktikas\u0131ndan 1998-ci ilin prezident se\u00e7kil\u0259rind\u0259 istifad\u0259 edib. O zaman m\u00fcxalif\u0259ti bu add\u0131ma vadar ed\u0259n s\u0259b\u0259b se\u00e7ki qanunvericiliyinin t\u0259kmill\u0259\u015fdirilm\u0259si il\u0259 ba\u011fl\u0131 t\u0259klifl\u0259rinin n\u0259z\u0259r\u0259 al\u0131nmamas\u0131 olmu\u015fdu. \u00dczd\u0259 g\u00f6r\u00fcn\u0259n s\u0259b\u0259bl\u0259rl\u0259 yana\u015f\u0131 p\u0259rd\u0259arxas\u0131 s\u0259b\u0259bl\u0259rd\u0259n biri kimi m\u00fcxalif\u0259tin vahid namiz\u0259d m\u00fc\u0259yy\u0259n ed\u0259 bilm\u0259m\u0259si d\u0259 rol oynam\u0131\u015fd\u0131.\n<\/p>\n<figure class=\"wp-block-image size-large\">\n  <img decoding=\"async\" src=\"https:\/\/www.meydan.tv\/az\/99710\/\" alt=\"\" class=\"wp-image-99710\"\/><figcaption><\/figcaption><\/figure>\n<p>\n  H\u0259min vaxt m\u00fcxalif\u0259t \u00e7ox g\u00fccl\u00fc, iqtidar indi oldu\u011fundan xeyli z\u0259if, c\u0259miyy\u0259t is\u0259 qat-qat y\u00fcks\u0259k siyasi f\u0259all\u0131q g\u00f6st\u0259rirdi. \u00d6lk\u0259 maliyy\u0259-iqtisadi probleml\u0259rin v\u0259 sosial \u00e7\u0259tinlikl\u0259rin m\u0259ng\u0259n\u0259sind\u0259 idi. Demokratik institutlar s\u0131radan \u00e7\u0131xar\u0131lmam\u0131\u015fd\u0131, ictimai-siyasi qurumlar\u0131n, azad median\u0131n t\u0259sir g\u00fcc\u00fc kifay\u0259t q\u0259d\u0259r y\u00fcks\u0259k say\u0131l\u0131rd\u0131.\n<\/p>\n<p>\n  Ancaq bel\u0259 bir \u0259lveri\u015fli \u015f\u0259raitd\u0259 m\u00fcxalif\u0259t boykot strategiyas\u0131ndan yararlana bilm\u0259di. Q\u0131sa m\u00fcdd\u0259td\u0259n sonra b\u0259l\u0259diyy\u0259 v\u0259 parlament se\u00e7kisin\u0259 haz\u0131rl\u0131\u011fa q\u0259rar verildi v\u0259 \u00f6nc\u0259ki m\u00fcbariz\u0259 taktikas\u0131 g\u00fcnd\u0259md\u0259n \u00e7\u0131xar\u0131ld\u0131. T\u0259hlill\u0259r g\u00f6st\u0259rir ki m\u00fcxalif\u0259tin 1998-ci il boykotu c\u0259miyy\u0259ti m\u00fcbariz\u0259y\u0259 s\u0259f\u0259rb\u0259r etm\u0259di, h\u00f6kum\u0259tin beyn\u0259lxalq t\u0259cridin\u0259 s\u0259b\u0259b olmad\u0131, m\u00fcxalif\u0259ti g\u00fccl\u0259ndirm\u0259di, iqtidar\u0131 is\u0259 z\u0259ifl\u0259tm\u0259di.\n<\/p>\n<p>\n  M\u00fcxalif\u0259t boykot taktikas\u0131na 2008-ci ilin prezident se\u00e7kisind\u0259 yenid\u0259n ba\u015f vurdu. Bu boykota s\u0259b\u0259b kimi se\u00e7ki komissiyalar\u0131n\u0131n tamamil\u0259 iqtidar\u0131n n\u0259zar\u0259tind\u0259 olmas\u0131, \u00f6lk\u0259d\u0259 azad se\u00e7ki m\u00fchitinin yoxlu\u011fu v\u0259 dig\u0259r m\u0259s\u0259l\u0259l\u0259r g\u00f6st\u0259rilirdi.\n<\/p>\n<p>\n  T\u0259hlill\u0259r g\u00f6st\u0259rir ki 2008-ci ilin boykot situasiyas\u0131 1998-ci ill\u0259 m\u00fcqayis\u0259d\u0259 m\u00fcxalif\u0259t \u00fc\u00e7\u00fcn daha \u0259lveri\u015fsiz idi. \u0130qtidar neft g\u0259lirl\u0259rind\u0259n yararlanaraq sosial-iqtisadi sabitliy\u0259 nail olmu\u015f, azad median\u0131 v\u0259 v\u0259t\u0259nda\u015f c\u0259miyy\u0259tini \u0259sas\u0259n n\u0259zar\u0259tin\u0259 alm\u0131\u015f, m\u00fcxalif\u0259ti is\u0259 xeyli z\u0259ifl\u0259tmi\u015f durumda se\u00e7kiy\u0259 gedirdi.\n<\/p>\n<p>\n  Beyn\u0259lxalq qurumlar da iqtidar\u0131n \u00fcst\u00fcnl\u00fckl\u0259ri il\u0259 hesabla\u015f\u0131r v\u0259 ona qar\u015f\u0131 t\u0259sirli t\u0259zyiql\u0259rd\u0259n istifad\u0259 etmirdi. Bel\u0259likl\u0259, 2008 ci ilin boykot taktikas\u0131 da \u00f6lk\u0259d\u0259 v\u0259 beyn\u0259lxalq arenada he\u00e7 bir h\u00fcquqi-siyasi n\u0259tic\u0259l\u0259r do\u011furmad\u0131. Se\u00e7kid\u0259n sonra \u00f6lk\u0259 daxilind\u0259 v\u0259 beyn\u0259lxalq m\u00fcnasib\u0259tl\u0259rd\u0259 h\u0259r hans\u0131 problem m\u00fc\u015fahid\u0259 edilm\u0259di.<br \/>\n  <br \/>\n  M\u00fcxalif\u0259t m\u0259cburiyy\u0259td\u0259n \u00fc\u00e7\u00fcnc\u00fc d\u0259f\u0259 se\u00e7kil\u0259ri boykot etm\u0259k q\u0259rar\u0131 verdi. N\u0259hay\u0259t, bu q\u0259rar siyasi-h\u00fcquqi n\u0259tic\u0259 do\u011fura bil\u0259rmi?\n<\/p>\n<p>\n  \u201cNisbi s\u0259s \u00e7oxluqlu\u201d mojaritar se\u00e7ki sistemind\u0259 boykotun h\u00fcquqi n\u0259tic\u0259 do\u011furmas\u0131 \u00fcmumiyy\u0259tl\u0259, m\u00fcmk\u00fcn deyil. \u00c7\u00fcnki \u00f6lk\u0259nin se\u00e7ki qanunvericiliyind\u0259 se\u00e7icil\u0259rin i\u015ftirak\u0131n\u0131n minimum h\u0259ddi \u201cyet\u0259rsay\u201d n\u0259z\u0259rd\u0259 tutulmay\u0131b. Se\u00e7kid\u0259 se\u00e7icinin \u0259n a\u015fa\u011f\u0131 faizi i\u015ftirak ets\u0259 bel\u0259, se\u00e7ki ba\u015f tutmu\u015f say\u0131l\u0131r v\u0259 legitimlik problemi yaranmayacaq. H\u0259m\u00e7inin c\u0259miyy\u0259tin indiki z\u0259if durumunda boykot vasit\u0259sil\u0259 h\u00f6kum\u0259t\u0259 siyasi t\u0259zyiq g\u00f6st\u0259rib demokratik se\u00e7kiy\u0259 m\u0259cbur etm\u0259kd\u0259 real deyil.\n<\/p>\n<p>\n  Bunun \u00fc\u00e7\u00fcn yerli v\u0259 beyn\u0259lxalq \u015f\u0259rtl\u0259r uy\u011fun g\u00f6r\u00fcnm\u00fcr. Beyn\u0259lxalq ictimaiyy\u0259tin diqq\u0259tinin \u00f6lk\u0259mizd\u0259ki antidemokratik se\u00e7kiy\u0259 c\u0259lb olunaca\u011f\u0131na v\u0259 ya hans\u0131sa t\u0259sirli add\u0131mlar\u0131n at\u0131laca\u011f\u0131na is\u0259 \u00fcmid azd\u0131r.\n<\/p>\n<blockquote><p>\n  N\u00fcfuzlu beyn\u0259lxalq qurumlar n\u00f6vb\u0259d\u0259nk\u0259nar se\u00e7kinin elan edilm\u0259sin\u0259 s\u0259rt reaksiya verm\u0259dil\u0259r\n<\/p><\/blockquote>\n<p>\n  M\u00fc\u0259llifl\u0259r qeyd edib ki, n\u00f6vb\u0259d\u0259nk\u0259nar se\u00e7kinin elan edilm\u0259sin\u0259 he\u00e7 bir n\u00fcfuzlu beyn\u0259lxalq qurumdan s\u0259rt reaksiyalar da e\u015fidilm\u0259di. H\u0259min vaxt Az\u0259rbaycanda s\u0259f\u0259rd\u0259 olan AB\u015e d\u00f6vl\u0259t katibinin Avropa v\u0259 Avrasiya m\u0259s\u0259l\u0259l\u0259ri \u00fczr\u0259 m\u00fcavininin k\u00f6m\u0259k\u00e7isi Bricet Brink prezident \u0130lham \u018fliyevl\u0259 g\u00f6r\u00fc\u015fd\u0259n sonra verdiyi a\u00e7\u0131qlamalar da bu bax\u0131mdan diqq\u0259t\u00e7\u0259kicidir.\n<\/p>\n<figure class=\"wp-block-image size-large\">\n  <img decoding=\"async\" src=\"https:\/\/www.meydan.tv\/az\/bricit-brink\/\" alt=\"Bricit Brink\" class=\"wp-image-99707\"\/><figcaption>\n    Bricit Brink<br \/>\n  <\/figcaption><\/figure>\n<p>\n  G\u00f6r\u00fc\u015fd\u0259 demokratik inki\u015faf, qanunun aliliyinin t\u0259min edilm\u0259si, insan haqlar\u0131n\u0131n qorunmas\u0131 m\u0259s\u0259l\u0259l\u0259ri \u0259trafl\u0131nda fikir m\u00fcbadil\u0259si apar\u0131lsa da daha \u00e7ox iqtisadi layih\u0259l\u0259r\u0259 veril\u0259n d\u0259st\u0259kd\u0259n, t\u0259hl\u00fck\u0259sizlik sah\u0259sind\u0259 \u0259m\u0259kda\u015fl\u0131qdan, o c\u00fcml\u0259d\u0259n s\u00fclhm\u0259raml\u0131 \u0259m\u0259liyyatlarda birg\u0259 t\u00f6hf\u0259d\u0259n m\u0259mnuniyy\u0259t ifad\u0259 olunub. AB\u015e n\u00fcmay\u0259nd\u0259si n\u00f6vb\u0259d\u0259nk\u0259nar se\u00e7ki il\u0259 ba\u011fl\u0131 \u00f6lk\u0259 r\u0259hb\u0259ri il\u0259 g\u00f6r\u00fc\u015fd\u0259 yum\u015faq \u015f\u0259kild\u0259 Az\u0259rbaycan\u0131n \u00f6hd\u0259likl\u0259rini xat\u0131rlad\u0131b v\u0259 t\u00f6vsiy\u0259l\u0259rini ir\u0259li s\u00fcr\u00fcb. Avropa \u0130ttifaq\u0131n\u0131n da bu istiqam\u0259td\u0259 h\u0259r hans\u0131 s\u0259rt reaksiyalar\u0131na \u015fahid olmad\u0131q. \u018fksin\u0259, \u0259m\u0259kda\u015fl\u0131q imkanlar\u0131n\u0131n davam etm\u0259si istiqam\u0259tind\u0259 a\u00e7\u0131qlamalar verilir.\n<\/p>\n<p>\n  \u00d6lk\u0259d\u0259 real m\u0259nz\u0259r\u0259 budur ki, m\u00fcxalif\u0259t boykot \u00e7a\u011f\u0131r\u0131\u015f\u0131 etm\u0259s\u0259 bel\u0259 v\u0259t\u0259nda\u015flar se\u00e7kid\u0259 i\u015ftiraka maraq g\u00f6st\u0259rmirl\u0259r. H\u0259r se\u00e7kid\u0259 s\u0259sl\u0259rin total saxtala\u015fd\u0131r\u0131lmas\u0131 faktiki olaraq se\u00e7icil\u0259rin se\u00e7kiy\u0259 inam\u0131n\u0131 sars\u0131d\u0131b v\u0259 boykot il\u0259 n\u0259tic\u0259l\u0259nib. Haz\u0131rda m\u00fcxalif\u0259tin c\u0259miyy\u0259ti boykot ideyas\u0131 \u0259traf\u0131nda s\u0259f\u0259rb\u0259r etm\u0259si, \u00f6lk\u0259boyu \u201cSe\u00e7ki H\u0259r\u0259kat\u0131\u201dna siyasi-t\u0259\u015fkilati z\u0259min yaratmas\u0131 imkanlar\u0131 da xeyli m\u0259hduddur.\n<\/p>\n<blockquote><p>\n  M\u00fcxalif\u0259tin konkret v\u0259 ayd\u0131n strategiyas\u0131 yoxdur\n<\/p><\/blockquote>\n<p>\n  M\u00fcxalif\u0259tin konkret v\u0259 ayd\u0131n strategiyas\u0131n\u0131n yoxlu\u011fu, habel\u0259, c\u0259miyy\u0259tin siyasi f\u0259all\u0131\u011f\u0131n\u0131n a\u015fa\u011f\u0131 olmas\u0131 effektli m\u00fcqavim\u0259t\u0259 h\u0259l\u0259lik imkan vermir. Se\u00e7kinin n\u0259tic\u0259l\u0259rin\u0259 g\u00f6r\u0259, beyn\u0259lxalq birliyin s\u0259rt add\u0131mlar ataca\u011f\u0131 da istisnad\u0131r.\n<\/p>\n<p>\n  Demokratiya indeksin\u0259 g\u00f6r\u0259, azad v\u0259 qism\u0259n azad \u00f6lk\u0259l\u0259rd\u0259 se\u00e7kil\u0259r c\u0259miyy\u0259t \u00fc\u00e7\u00fcn n\u00f6vb\u0259ti f\u00fcrs\u0259t say\u0131l\u0131r v\u0259 c\u0259miyy\u0259t daxili prosesl\u0259rd\u0259 \u0259sas indikatord\u0131r. Ancaq azadl\u0131qlar\u0131n \u0259sas\u0259n bo\u011fuldu\u011fu qeyri-azad d\u00f6vl\u0259tl\u0259rd\u0259 se\u00e7ki q\u0259tiyy\u0259n c\u0259miyy\u0259t \u00fc\u00e7\u00fcn f\u00fcrs\u0259t yarada bilmir.\n<\/p>\n<figure class=\"wp-block-image size-large\">\n  <img decoding=\"async\" src=\"https:\/\/www.meydan.tv\/az\/isa-qember-arif-hacili-eli-kerimli\/\" alt=\"\u0130sa Q\u0259mb\u0259r, Arif Hac\u0131l\u0131, \u018fli K\u0259rimli\" class=\"wp-image-95519\"\/><figcaption>\n    \u0130sa Q\u0259mb\u0259r, Arif Hac\u0131l\u0131, \u018fli K\u0259rimli<br \/>\n  <\/figcaption><\/figure>\n<p>\n  Odur ki, n\u0259 m\u00fcxalif\u0259t, n\u0259 d\u0259 m\u00fcst\u0259qil \u015f\u0259xsl\u0259r \u201cse\u00e7ki\u201dy\u0259 n\u00f6vb\u0259ti f\u00fcrs\u0259t kimi bax\u0131b \u00f6zl\u0259rini aldatmamal\u0131 v\u0259 c\u0259miyy\u0259ti d\u0259 bu istiqam\u0259td\u0259 yersiz \u00fcmidl\u0259ndirm\u0259m\u0259lidirl\u0259r. M\u00fcxalif\u0259t dinc v\u0259 k\u00fctl\u0259vi demokratik prosesl\u0259r \u00fc\u00e7\u00fcn c\u0259miyy\u0259td\u0259 haz\u0131rl\u0131q i\u015fl\u0259rinin yeni strategiyas\u0131n\u0131 haz\u0131rlamal\u0131 v\u0259 m\u0259rh\u0259l\u0259-m\u0259rh\u0259l\u0259 h\u0259yata ke\u00e7irilm\u0259sin\u0259 nail olmal\u0131d\u0131r. Haz\u0131rk\u0131 boykotu \u00f6nc\u0259ki boykot situasiyas\u0131ndan k\u00f6kl\u00fc \u015f\u0259kild\u0259 f\u0259rql\u0259ndir\u0259n yegan\u0259 fenomen sosial \u015f\u0259b\u0259k\u0259l\u0259rin m\u00f6vcudlu\u011fu v\u0259 t\u0259sir g\u00fcc\u00fcd\u00fcr. Bu resurs c\u0259miyy\u0259tin f\u0259alla\u015fmas\u0131nda m\u00fcst\u0259sna rol oynaya bil\u0259r.\n<\/p>\n<p>\n  \u0130qtidar \u00f6lk\u0259d\u0259ki v\u0259 regiondak\u0131 durumun m\u00fcr\u0259kk\u0259bliyini n\u0259z\u0259r\u0259 alaraq yubanmadan z\u0259ruri add\u0131mlar atmal\u0131d\u0131r. C\u0259miyy\u0259td\u0259 ya\u015fanan m\u0259n\u0259vi-psixoloji v\u0259 iqtisadi-siyasi t\u0259n\u0259zz\u00fcl dayand\u0131r\u0131lmasa, qar\u015f\u0131dak\u0131 ill\u0259rd\u0259 sars\u0131d\u0131c\u0131 t\u0259hl\u00fck\u0259l\u0259r qa\u00e7\u0131lmaz olacaq. D\u0259rinl\u0259\u015fm\u0259kd\u0259 olan b\u00f6hran\u0131n qar\u015f\u0131s\u0131 yaln\u0131z k\u00f6kl\u00fc iqtisadi-siyasi islahatlarla al\u0131na bil\u0259r. \u0130nstitusional struktur islahatlar\u0131n\u0131n apar\u0131lmas\u0131, idar\u0259etm\u0259 sisteminin t\u0259kmill\u0259\u015fdirilm\u0259si istiqam\u0259tind\u0259 m\u00fcsb\u0259t add\u0131mlar\u0131n at\u0131lmas\u0131 \u00fc\u00e7\u00fcn f\u00fcrs\u0259t yaran\u0131b.\n<\/p>\n<p>\n  Haz\u0131rk\u0131 situasiyada iqtidar bu \u0259lveri\u015fli imkandan yararlanmasa v\u0259 \u0259n\u0259n\u0259vi konyukturan\u0131n n\u0259yin bahas\u0131na olursa-olsun qorunub saxlanmas\u0131na \u00e7al\u0131\u015farsa c\u0259miyy\u0259t\u0259 \u00e7ox t\u0259hl\u00fck\u0259li g\u0259l\u0259c\u0259k v\u0259d etmi\u015f olar.<\/p>\n","protected":false},"excerpt":{"rendered":"<p>&#8221;M\u00fcxalif\u0259tin se\u00e7im imkan\u0131 &#8221;pis v\u0259 \u0259n pis&#8221; aras\u0131ndad\u0131r&#8221;<\/p>\n","protected":false},"author":11,"featured_media":99701,"comment_status":"closed","ping_status":"open","sticky":false,"template":"","format":"standard","meta":{"_acf_changed":false,"_sitemap_exclude":false,"_sitemap_priority":"","_sitemap_frequency":"","footnotes":""},"categories":[51],"tags":[],"class_list":["post-188745","post","type-post","status-publish","format-standard","has-post-thumbnail","hentry","category-analitika","infinite-scroll-item","generate-columns","tablet-grid-50","mobile-grid-100","grid-parent","grid-33","no-featured-image-padding"],"acf":[],"yoast_head":"<!-- This site is optimized with the Yoast SEO plugin v27.4 - https:\/\/yoast.com\/product\/yoast-seo-wordpress\/ -->\n<title>&#039;&#039;Boykotun effektli olmas\u0131 \u00fc\u00e7\u00fcn z\u0259min yoxdur&#039;&#039; - MEYDAN.TV<\/title>\n<meta name=\"robots\" content=\"index, follow, max-snippet:-1, max-image-preview:large, max-video-preview:-1\" \/>\n<link rel=\"canonical\" href=\"https:\/\/www.meydan.tv\/az\/article\/boykotun-effektli-olmasi-ucun-zemin-yoxdur\/\" \/>\n<meta property=\"og:locale\" content=\"az_AZ\" \/>\n<meta property=\"og:type\" content=\"article\" \/>\n<meta property=\"og:title\" content=\"&#039;&#039;Boykotun effektli olmas\u0131 \u00fc\u00e7\u00fcn z\u0259min yoxdur&#039;&#039; - MEYDAN.TV\" \/>\n<meta property=\"og:description\" content=\"&#039;&#039;M\u00fcxalif\u0259tin se\u00e7im imkan\u0131 &#039;&#039;pis v\u0259 \u0259n pis&#039;&#039; aras\u0131ndad\u0131r&#039;&#039;\" \/>\n<meta property=\"og:url\" content=\"https:\/\/www.meydan.tv\/az\/article\/boykotun-effektli-olmasi-ucun-zemin-yoxdur\/\" \/>\n<meta property=\"og:site_name\" content=\"MEYDAN.TV\" \/>\n<meta property=\"article:published_time\" content=\"2018-02-19T13:29:48+00:00\" \/>\n<meta property=\"og:image\" content=\"https:\/\/www.meydan.tv\/wp-content\/uploads\/39438.jpg\" \/>\n\t<meta property=\"og:image:width\" content=\"800\" \/>\n\t<meta property=\"og:image:height\" content=\"500\" \/>\n\t<meta property=\"og:image:type\" content=\"image\/jpeg\" \/>\n<meta name=\"author\" content=\"user-manager\" \/>\n<meta name=\"twitter:card\" content=\"summary_large_image\" \/>\n<script type=\"application\/ld+json\" class=\"yoast-schema-graph\">{\"@context\":\"https:\\\/\\\/schema.org\",\"@graph\":[{\"@type\":\"Article\",\"@id\":\"https:\\\/\\\/www.meydan.tv\\\/az\\\/article\\\/boykotun-effektli-olmasi-ucun-zemin-yoxdur\\\/#article\",\"isPartOf\":{\"@id\":\"https:\\\/\\\/www.meydan.tv\\\/az\\\/article\\\/boykotun-effektli-olmasi-ucun-zemin-yoxdur\\\/\"},\"author\":{\"name\":\"user-manager\",\"@id\":\"https:\\\/\\\/www.meydan.tv\\\/az\\\/#\\\/schema\\\/person\\\/10d11eccf6da3662cf5fdab9806ea91a\"},\"headline\":\"&#8221;Boykotun effektli olmas\u0131 \u00fc\u00e7\u00fcn z\u0259min yoxdur&#8221;\",\"datePublished\":\"2018-02-19T13:29:48+00:00\",\"mainEntityOfPage\":{\"@id\":\"https:\\\/\\\/www.meydan.tv\\\/az\\\/article\\\/boykotun-effektli-olmasi-ucun-zemin-yoxdur\\\/\"},\"wordCount\":2234,\"publisher\":{\"@id\":\"https:\\\/\\\/www.meydan.tv\\\/az\\\/#organization\"},\"image\":{\"@id\":\"https:\\\/\\\/www.meydan.tv\\\/az\\\/article\\\/boykotun-effektli-olmasi-ucun-zemin-yoxdur\\\/#primaryimage\"},\"thumbnailUrl\":\"https:\\\/\\\/www.meydan.tv\\\/wp-content\\\/uploads\\\/39438.jpg\",\"articleSection\":[\"Analitika\"],\"inLanguage\":\"az\"},{\"@type\":\"WebPage\",\"@id\":\"https:\\\/\\\/www.meydan.tv\\\/az\\\/article\\\/boykotun-effektli-olmasi-ucun-zemin-yoxdur\\\/\",\"url\":\"https:\\\/\\\/www.meydan.tv\\\/az\\\/article\\\/boykotun-effektli-olmasi-ucun-zemin-yoxdur\\\/\",\"name\":\"''Boykotun effektli olmas\u0131 \u00fc\u00e7\u00fcn z\u0259min yoxdur'' - MEYDAN.TV\",\"isPartOf\":{\"@id\":\"https:\\\/\\\/www.meydan.tv\\\/az\\\/#website\"},\"primaryImageOfPage\":{\"@id\":\"https:\\\/\\\/www.meydan.tv\\\/az\\\/article\\\/boykotun-effektli-olmasi-ucun-zemin-yoxdur\\\/#primaryimage\"},\"image\":{\"@id\":\"https:\\\/\\\/www.meydan.tv\\\/az\\\/article\\\/boykotun-effektli-olmasi-ucun-zemin-yoxdur\\\/#primaryimage\"},\"thumbnailUrl\":\"https:\\\/\\\/www.meydan.tv\\\/wp-content\\\/uploads\\\/39438.jpg\",\"datePublished\":\"2018-02-19T13:29:48+00:00\",\"breadcrumb\":{\"@id\":\"https:\\\/\\\/www.meydan.tv\\\/az\\\/article\\\/boykotun-effektli-olmasi-ucun-zemin-yoxdur\\\/#breadcrumb\"},\"inLanguage\":\"az\",\"potentialAction\":[{\"@type\":\"ReadAction\",\"target\":[\"https:\\\/\\\/www.meydan.tv\\\/az\\\/article\\\/boykotun-effektli-olmasi-ucun-zemin-yoxdur\\\/\"]}]},{\"@type\":\"ImageObject\",\"inLanguage\":\"az\",\"@id\":\"https:\\\/\\\/www.meydan.tv\\\/az\\\/article\\\/boykotun-effektli-olmasi-ucun-zemin-yoxdur\\\/#primaryimage\",\"url\":\"https:\\\/\\\/www.meydan.tv\\\/wp-content\\\/uploads\\\/39438.jpg\",\"contentUrl\":\"https:\\\/\\\/www.meydan.tv\\\/wp-content\\\/uploads\\\/39438.jpg\",\"width\":800,\"height\":500,\"caption\":\"Source:\"},{\"@type\":\"BreadcrumbList\",\"@id\":\"https:\\\/\\\/www.meydan.tv\\\/az\\\/article\\\/boykotun-effektli-olmasi-ucun-zemin-yoxdur\\\/#breadcrumb\",\"itemListElement\":[{\"@type\":\"ListItem\",\"position\":1,\"name\":\"Ana s\u0259hif\u0259\",\"item\":\"https:\\\/\\\/www.meydan.tv\\\/az\\\/\"},{\"@type\":\"ListItem\",\"position\":2,\"name\":\"Analitika\",\"item\":\"https:\\\/\\\/www.meydan.tv\\\/az\\\/section\\\/analitika\\\/\"},{\"@type\":\"ListItem\",\"position\":3,\"name\":\"&#8221;Boykotun effektli olmas\u0131 \u00fc\u00e7\u00fcn z\u0259min yoxdur&#8221;\"}]},{\"@type\":\"WebSite\",\"@id\":\"https:\\\/\\\/www.meydan.tv\\\/az\\\/#website\",\"url\":\"https:\\\/\\\/www.meydan.tv\\\/az\\\/\",\"name\":\"MEYDAN.TV\",\"description\":\"Meydan TV Az\u0259rbaycan\u0131n media m\u0259kan\u0131ndak\u0131 alternativ s\u0259sidir\",\"publisher\":{\"@id\":\"https:\\\/\\\/www.meydan.tv\\\/az\\\/#organization\"},\"potentialAction\":[{\"@type\":\"SearchAction\",\"target\":{\"@type\":\"EntryPoint\",\"urlTemplate\":\"https:\\\/\\\/www.meydan.tv\\\/az\\\/?s={search_term_string}\"},\"query-input\":{\"@type\":\"PropertyValueSpecification\",\"valueRequired\":true,\"valueName\":\"search_term_string\"}}],\"inLanguage\":\"az\"},{\"@type\":\"Organization\",\"@id\":\"https:\\\/\\\/www.meydan.tv\\\/az\\\/#organization\",\"name\":\"Meydan TV\",\"url\":\"https:\\\/\\\/www.meydan.tv\\\/az\\\/\",\"logo\":{\"@type\":\"ImageObject\",\"inLanguage\":\"az\",\"@id\":\"https:\\\/\\\/www.meydan.tv\\\/az\\\/#\\\/schema\\\/logo\\\/image\\\/\",\"url\":\"https:\\\/\\\/www.meydan.tv\\\/wp-content\\\/uploads\\\/2021\\\/07\\\/meydan-logo.svg\",\"contentUrl\":\"https:\\\/\\\/www.meydan.tv\\\/wp-content\\\/uploads\\\/2021\\\/07\\\/meydan-logo.svg\",\"width\":195,\"height\":46,\"caption\":\"Meydan TV\"},\"image\":{\"@id\":\"https:\\\/\\\/www.meydan.tv\\\/az\\\/#\\\/schema\\\/logo\\\/image\\\/\"}},{\"@type\":\"Person\",\"@id\":\"https:\\\/\\\/www.meydan.tv\\\/az\\\/#\\\/schema\\\/person\\\/10d11eccf6da3662cf5fdab9806ea91a\",\"name\":\"user-manager\"}]}<\/script>\n<!-- \/ Yoast SEO plugin. -->","yoast_head_json":{"title":"''Boykotun effektli olmas\u0131 \u00fc\u00e7\u00fcn z\u0259min yoxdur'' - MEYDAN.TV","robots":{"index":"index","follow":"follow","max-snippet":"max-snippet:-1","max-image-preview":"max-image-preview:large","max-video-preview":"max-video-preview:-1"},"canonical":"https:\/\/www.meydan.tv\/az\/article\/boykotun-effektli-olmasi-ucun-zemin-yoxdur\/","og_locale":"az_AZ","og_type":"article","og_title":"''Boykotun effektli olmas\u0131 \u00fc\u00e7\u00fcn z\u0259min yoxdur'' - MEYDAN.TV","og_description":"''M\u00fcxalif\u0259tin se\u00e7im imkan\u0131 ''pis v\u0259 \u0259n pis'' aras\u0131ndad\u0131r''","og_url":"https:\/\/www.meydan.tv\/az\/article\/boykotun-effektli-olmasi-ucun-zemin-yoxdur\/","og_site_name":"MEYDAN.TV","article_published_time":"2018-02-19T13:29:48+00:00","og_image":[{"width":800,"height":500,"url":"https:\/\/www.meydan.tv\/wp-content\/uploads\/39438.jpg","type":"image\/jpeg"}],"author":"user-manager","twitter_card":"summary_large_image","schema":{"@context":"https:\/\/schema.org","@graph":[{"@type":"Article","@id":"https:\/\/www.meydan.tv\/az\/article\/boykotun-effektli-olmasi-ucun-zemin-yoxdur\/#article","isPartOf":{"@id":"https:\/\/www.meydan.tv\/az\/article\/boykotun-effektli-olmasi-ucun-zemin-yoxdur\/"},"author":{"name":"user-manager","@id":"https:\/\/www.meydan.tv\/az\/#\/schema\/person\/10d11eccf6da3662cf5fdab9806ea91a"},"headline":"&#8221;Boykotun effektli olmas\u0131 \u00fc\u00e7\u00fcn z\u0259min yoxdur&#8221;","datePublished":"2018-02-19T13:29:48+00:00","mainEntityOfPage":{"@id":"https:\/\/www.meydan.tv\/az\/article\/boykotun-effektli-olmasi-ucun-zemin-yoxdur\/"},"wordCount":2234,"publisher":{"@id":"https:\/\/www.meydan.tv\/az\/#organization"},"image":{"@id":"https:\/\/www.meydan.tv\/az\/article\/boykotun-effektli-olmasi-ucun-zemin-yoxdur\/#primaryimage"},"thumbnailUrl":"https:\/\/www.meydan.tv\/wp-content\/uploads\/39438.jpg","articleSection":["Analitika"],"inLanguage":"az"},{"@type":"WebPage","@id":"https:\/\/www.meydan.tv\/az\/article\/boykotun-effektli-olmasi-ucun-zemin-yoxdur\/","url":"https:\/\/www.meydan.tv\/az\/article\/boykotun-effektli-olmasi-ucun-zemin-yoxdur\/","name":"''Boykotun effektli olmas\u0131 \u00fc\u00e7\u00fcn z\u0259min yoxdur'' - MEYDAN.TV","isPartOf":{"@id":"https:\/\/www.meydan.tv\/az\/#website"},"primaryImageOfPage":{"@id":"https:\/\/www.meydan.tv\/az\/article\/boykotun-effektli-olmasi-ucun-zemin-yoxdur\/#primaryimage"},"image":{"@id":"https:\/\/www.meydan.tv\/az\/article\/boykotun-effektli-olmasi-ucun-zemin-yoxdur\/#primaryimage"},"thumbnailUrl":"https:\/\/www.meydan.tv\/wp-content\/uploads\/39438.jpg","datePublished":"2018-02-19T13:29:48+00:00","breadcrumb":{"@id":"https:\/\/www.meydan.tv\/az\/article\/boykotun-effektli-olmasi-ucun-zemin-yoxdur\/#breadcrumb"},"inLanguage":"az","potentialAction":[{"@type":"ReadAction","target":["https:\/\/www.meydan.tv\/az\/article\/boykotun-effektli-olmasi-ucun-zemin-yoxdur\/"]}]},{"@type":"ImageObject","inLanguage":"az","@id":"https:\/\/www.meydan.tv\/az\/article\/boykotun-effektli-olmasi-ucun-zemin-yoxdur\/#primaryimage","url":"https:\/\/www.meydan.tv\/wp-content\/uploads\/39438.jpg","contentUrl":"https:\/\/www.meydan.tv\/wp-content\/uploads\/39438.jpg","width":800,"height":500,"caption":"Source:"},{"@type":"BreadcrumbList","@id":"https:\/\/www.meydan.tv\/az\/article\/boykotun-effektli-olmasi-ucun-zemin-yoxdur\/#breadcrumb","itemListElement":[{"@type":"ListItem","position":1,"name":"Ana s\u0259hif\u0259","item":"https:\/\/www.meydan.tv\/az\/"},{"@type":"ListItem","position":2,"name":"Analitika","item":"https:\/\/www.meydan.tv\/az\/section\/analitika\/"},{"@type":"ListItem","position":3,"name":"&#8221;Boykotun effektli olmas\u0131 \u00fc\u00e7\u00fcn z\u0259min yoxdur&#8221;"}]},{"@type":"WebSite","@id":"https:\/\/www.meydan.tv\/az\/#website","url":"https:\/\/www.meydan.tv\/az\/","name":"MEYDAN.TV","description":"Meydan TV Az\u0259rbaycan\u0131n media m\u0259kan\u0131ndak\u0131 alternativ s\u0259sidir","publisher":{"@id":"https:\/\/www.meydan.tv\/az\/#organization"},"potentialAction":[{"@type":"SearchAction","target":{"@type":"EntryPoint","urlTemplate":"https:\/\/www.meydan.tv\/az\/?s={search_term_string}"},"query-input":{"@type":"PropertyValueSpecification","valueRequired":true,"valueName":"search_term_string"}}],"inLanguage":"az"},{"@type":"Organization","@id":"https:\/\/www.meydan.tv\/az\/#organization","name":"Meydan TV","url":"https:\/\/www.meydan.tv\/az\/","logo":{"@type":"ImageObject","inLanguage":"az","@id":"https:\/\/www.meydan.tv\/az\/#\/schema\/logo\/image\/","url":"https:\/\/www.meydan.tv\/wp-content\/uploads\/2021\/07\/meydan-logo.svg","contentUrl":"https:\/\/www.meydan.tv\/wp-content\/uploads\/2021\/07\/meydan-logo.svg","width":195,"height":46,"caption":"Meydan TV"},"image":{"@id":"https:\/\/www.meydan.tv\/az\/#\/schema\/logo\/image\/"}},{"@type":"Person","@id":"https:\/\/www.meydan.tv\/az\/#\/schema\/person\/10d11eccf6da3662cf5fdab9806ea91a","name":"user-manager"}]}},"_links":{"self":[{"href":"https:\/\/www.meydan.tv\/az\/wp-json\/wp\/v2\/posts\/188745","targetHints":{"allow":["GET"]}}],"collection":[{"href":"https:\/\/www.meydan.tv\/az\/wp-json\/wp\/v2\/posts"}],"about":[{"href":"https:\/\/www.meydan.tv\/az\/wp-json\/wp\/v2\/types\/post"}],"author":[{"embeddable":true,"href":"https:\/\/www.meydan.tv\/az\/wp-json\/wp\/v2\/users\/11"}],"replies":[{"embeddable":true,"href":"https:\/\/www.meydan.tv\/az\/wp-json\/wp\/v2\/comments?post=188745"}],"version-history":[{"count":0,"href":"https:\/\/www.meydan.tv\/az\/wp-json\/wp\/v2\/posts\/188745\/revisions"}],"wp:featuredmedia":[{"embeddable":true,"href":"https:\/\/www.meydan.tv\/az\/wp-json\/wp\/v2\/media\/99701"}],"wp:attachment":[{"href":"https:\/\/www.meydan.tv\/az\/wp-json\/wp\/v2\/media?parent=188745"}],"wp:term":[{"taxonomy":"category","embeddable":true,"href":"https:\/\/www.meydan.tv\/az\/wp-json\/wp\/v2\/categories?post=188745"},{"taxonomy":"post_tag","embeddable":true,"href":"https:\/\/www.meydan.tv\/az\/wp-json\/wp\/v2\/tags?post=188745"}],"curies":[{"name":"wp","href":"https:\/\/api.w.org\/{rel}","templated":true}]}}