{"id":188701,"date":"2018-02-15T14:17:20","date_gmt":"2018-02-15T14:17:20","guid":{"rendered":"https:\/\/www.meydan.tv\/article\/adina-emel-olunmayan-iller\/"},"modified":"2018-02-15T14:17:20","modified_gmt":"2018-02-15T14:17:20","slug":"adina-emel-olunmayan-iller","status":"publish","type":"post","link":"https:\/\/www.meydan.tv\/az\/article\/adina-emel-olunmayan-iller\/","title":{"rendered":"Ad\u0131na \u0259m\u0259l olunmayan ill\u0259r&#8230;"},"content":{"rendered":"<figure class=\"wp-block-image size-large\">\n  <img decoding=\"async\" src=\"https:\/\/www.meydan.tv\/az\/abbas-huseyn-2\/\" alt=\"Abbas H\u00fcseyn\" class=\"wp-image-74109\"\/><figcaption>\n    Abbas H\u00fcseyn<br \/>\n  <\/figcaption><\/figure>\n<p>\n  \u018fziz Az\u0259rbaycan xalq\u0131, d\u0259y\u0259rli dostlar. Ham\u0131ya m\u0259lumdur ki, ke\u00e7\u0259n 2017-ci il \u201c\u0130slam H\u0259mr\u0259ylik \u0130li\u201d elan olunsa da, dinl\u0259 yox, \u015feytanla h\u0259mr\u0259ylik edildi. Ke\u00e7iril\u0259n t\u0259dbirl\u0259r insanlar\u0131n yaln\u0131z \u00f6z eyib v\u0259 \u00e7irkinlikl\u0259rini m\u00fcv\u0259qq\u0259ti gizl\u0259dib.\n<\/p>\n<p>\n  \u00d6t\u0259n bir il \u0259rzind\u0259 \u00f6lk\u0259d\u0259 2 q\u0259dim m\u0259scid s\u00f6k\u00fcld\u00fc, islama z\u00fclm, islam\u00e7\u0131lara i\u015fg\u0259nc\u0259 verildi.\n<\/p>\n<p>\n  Ax\u0131 nec\u0259 islama v\u0259 islam\u00e7\u0131lara h\u00f6rm\u0259t v\u0259 qay\u011f\u0131 ili adland\u0131rmaq olard\u0131 ki, 7-10 il bundan \u00f6nc\u0259 \u015f\u0259rl\u0259n\u0259r\u0259k h\u0259bs olunan onlarla dindardan he\u00e7 5 n\u0259f\u0259ri azad olunmad\u0131?\n<\/p>\n<p>\n  Ke\u00e7\u0259n 1 il (365 g\u00fcn) i\u00e7ind\u0259 yaln\u0131z bunun \u015fahidi olduq ki, k\u00fctl\u0259vi \u015f\u0259kild\u0259 \u015f\u0259rl\u0259n\u0259r\u0259k h\u0259bs olunan islam\u00e7\u0131lar \u0259n a\u011f\u0131r h\u00f6kml\u0259 c\u0259zaland\u0131r\u0131ld\u0131lar. Hakimiyy\u0259t xalqa, islam dinin\u0259 r\u0259\u011fb\u0259t v\u0259 ba\u011fl\u0131l\u0131\u011f\u0131n\u0131 g\u00f6st\u0259rm\u0259y\u0259 \u00e7al\u0131\u015f\u0131r, halbuki, onlar\u0131n dini i\u015fg\u0259nc\u0259 v\u0259 haram bula\u015fm\u0131\u015f 10 milyon insan\u0131n haqq\u0131 olan milyardlard\u0131r.\n<\/p>\n<p>\n  Bu g\u00fcn babalar\u0131m\u0131z\u0131n 100 il \u00f6nc\u0259 qurdu\u011fu Demokratik C\u00fcmhuriyy\u0259tin sevincini ya\u015fay\u0131b, q\u00fcrurla f\u0259xr edirik. O parlaq \u015f\u0259xsl\u0259r, o ki\u015fil\u0259r m\u00fcs\u0259lman birliyini, islam\u00e7\u0131lar\u0131 d\u0259y\u0259rl\u0259ndir\u0259n ziyal\u0131lar idi. H\u0259min qurucu insanlar Allaha iman v\u0259 inamla s\u0131\u011f\u0131naraq m\u00fcbariz\u0259 apar\u0131b xalqa v\u0259 Az\u0259rbaycan d\u00f6vl\u0259tin\u0259 h\u00fcrriyy\u0259t qazand\u0131rd\u0131lar. \u015e\u0259rqd\u0259 ilk m\u00fcs\u0259lman \u00f6lk\u0259si olan Az\u0259rbaycan Xalq C\u00fcmhuriyy\u0259tini qurdular. \u0130nsanlar\u0131n haqq\u0131n\u0131 qoruyub, h\u0259r k\u0259s\u0259 s\u00f6z azadl\u0131\u011f\u0131 ver\u0259n bu c\u00fcmhuriyy\u0259t 3 r\u0259ngli bayraqla d\u00f6vl\u0259t kimi aya\u011fa qalxd\u0131, b\u00fct\u00fcn d\u00fcnyaya s\u0259s sald\u0131.\n<\/p>\n<p>\n  Onlardan irs alanlar 1988-ci ild\u0259 xalq h\u0259r\u0259kat\u0131n\u0131 yaradaraq, \u015f\u0259had\u0259tl\u0259r\u0259 r\u0259\u011fm\u0259n m\u00fcbariz\u0259 apard\u0131lar v\u0259 n\u0259hay\u0259t, 1991-ci ild\u0259 yenid\u0259n m\u00fcst\u0259qillik elan\u0131 etdil\u0259r.\n<\/p>\n<p>\n  Bu g\u00fcn xalq d\u00f6vl\u0259t qurubsa, milli m\u0259fkur\u0259mizd\u0259n, parlaq insanlar\u0131n inanc\u0131ndan &#8211; \u018flimdar b\u0259y Top\u00e7uba\u015fovdan, F\u0259t\u0259lixan Xoyskid\u0259n, N\u0259sib b\u0259y Yusifb\u0259ylid\u0259n, \u00fcmummilli \u00f6nd\u0259rimiz M\u0259mm\u0259d \u018fmin R\u0259sulzad\u0259 v\u0259 silahda\u015flar\u0131ndan \u00f6rn\u0259k al\u0131b, q\u0259l\u0259b\u0259 qazan\u0131b.\n<\/p>\n<p>\n  E\u015fq dolu salam olsun, Az\u0259rbaycan C\u00fcmhuriyy\u0259tini, d\u00f6vl\u0259tini quranlara. Salam olsun, bu g\u00fcn haqqa, \u0259dal\u0259t\u0259 ba\u011fl\u0131 olan azad insanlara.\n<\/p>\n<p>\n  \u0130ndiki hakimiyy\u0259t \u00f6z\u00fcn\u00fc 1918-ci ild\u0259 qurulmu\u015f d\u00f6vl\u0259tin varisi adland\u0131rsa da, \u0259slind\u0259 avtoritar -totalitar siyasi qurulu\u015fu il\u0259 M\u0259mm\u0259d \u018fmin R\u0259sulzad\u0259 v\u0259 silahda\u015flar\u0131n\u0131n h\u0259r birin\u0259 x\u0259yan\u0259t etdi. \u00c7ox t\u0259\u0259ss\u00fcf ki, bu g\u00fcn hakimiyy\u0259t xalq\u0131na qar\u015f\u0131 zorak\u0131 m\u00fcbariz\u0259 apar\u0131r. Azadl\u0131qdan dan\u0131\u015fan dill\u0259r susdurulub, c\u0259zaland\u0131r\u0131l\u0131r. Haqq\u0131 yazan \u0259ll\u0259r qandallan\u0131b h\u0259bs edilir.\n<\/p>\n<p>\n  S\u00f6z azadl\u0131\u011f\u0131n\u0131 bo\u011fan, se\u00e7ki saxtakarl\u0131\u011f\u0131na yol ver\u0259n, qanunsuzluqlar ed\u0259n, insanlarla zorla, i\u015fg\u0259nc\u0259l\u0259rl\u0259 dan\u0131\u015fan, insan haqlar\u0131n\u0131 tan\u0131mayan, xalq\u0131n\u0131n dinin\u0259, milli tarixin\u0259 sayq\u0131s\u0131zl\u0131q ed\u0259n, d\u0259yi\u015fm\u0259y\u0259 \u00e7al\u0131\u015fan, mental d\u0259y\u0259rl\u0259ri unutduran, xalq\u0131n rifah\u0131ndan \u00e7ox \u00f6z maddi imkanlar\u0131n\u0131 fikirl\u0259\u015f\u0259n, b\u00fcdc\u0259d\u0259n o\u011furluq ed\u0259n, siyasi m\u0259hbusu olan rejim demokratik AXC-nin varisi ola bilm\u0259z.\n<\/p>\n<p>\n  \u201cXalq C\u00fcmhuriyy\u0259tini quranlar\u0131n davam\u00e7\u0131s\u0131, varisl\u0259riyik\u201d &#8211; dem\u0259k xalqa v\u0259 ke\u00e7mi\u015fimiz\u0259 x\u0259yan\u0259t, x\u0259l\u0259l g\u0259tirm\u0259kd\u0259n ba\u015fqa bir \u015fey deyil. Xalq\u0131n qurdu\u011fu d\u00f6vl\u0259t indi onun \u0259lind\u0259n al\u0131n\u0131b, bir d\u0259st\u0259nin \u0259yl\u0259nc\u0259 yerin\u0259 \u00e7evrilib. Bu g\u00fcn xalq hakimiyy\u0259tin \u0259sar\u0259tind\u0259, qorxu i\u00e7ind\u0259 ya\u015fay\u0131r. H\u0259min c\u00fcmhuriyy\u0259tin davam\u00e7\u0131lar\u0131 is\u0259 bu g\u00fcn qorxmadan meydanlara y\u0131\u011f\u0131\u015fan, zindanlarda h\u0259bs olunanlard\u0131.\n<\/p>\n<p>\n  <b><br \/>\n    Qobustan h\u0259bsxanas\u0131.<br \/>\n  <\/b>\n<\/p>\n<p>\n  <b><br \/>\n    <i><br \/>\n      Yaz\u0131 m\u00fc\u0259llifin fikirl\u0259rini \u0259ks etdirir v\u0259 Meydan TV-nin m\u00f6vqeyi il\u0259 \u00fcst-\u00fcst\u0259 d\u00fc\u015fm\u0259y\u0259 bil\u0259r.<br \/>\n    <\/i><br \/>\n  <\/b><\/p>\n","protected":false},"excerpt":{"rendered":"<p>Ke\u00e7\u0259n 2017-ci il \u201c\u0130slam H\u0259mr\u0259ylik \u0130li\u201d elan olunsa da, dinl\u0259 yox, \u015feytanla h\u0259mr\u0259ylik edildi<\/p>\n","protected":false},"author":11,"featured_media":74109,"comment_status":"closed","ping_status":"open","sticky":false,"template":"","format":"standard","meta":{"_acf_changed":false,"_sitemap_exclude":false,"_sitemap_priority":"","_sitemap_frequency":"","footnotes":""},"categories":[57],"tags":[],"class_list":["post-188701","post","type-post","status-publish","format-standard","has-post-thumbnail","hentry","category-menim-fikrimce","infinite-scroll-item","generate-columns","tablet-grid-50","mobile-grid-100","grid-parent","grid-33","no-featured-image-padding"],"acf":[],"yoast_head":"<!-- This site is optimized with the Yoast SEO plugin v27.5 - https:\/\/yoast.com\/product\/yoast-seo-wordpress\/ -->\n<title>Ad\u0131na \u0259m\u0259l olunmayan ill\u0259r... - MEYDAN.TV<\/title>\n<meta name=\"robots\" content=\"index, follow, max-snippet:-1, max-image-preview:large, max-video-preview:-1\" \/>\n<link rel=\"canonical\" href=\"https:\/\/www.meydan.tv\/az\/article\/adina-emel-olunmayan-iller\/\" \/>\n<meta property=\"og:locale\" content=\"az_AZ\" \/>\n<meta property=\"og:type\" content=\"article\" \/>\n<meta property=\"og:title\" content=\"Ad\u0131na \u0259m\u0259l olunmayan ill\u0259r... - MEYDAN.TV\" \/>\n<meta property=\"og:description\" content=\"Ke\u00e7\u0259n 2017-ci il \u201c\u0130slam H\u0259mr\u0259ylik \u0130li\u201d elan olunsa da, dinl\u0259 yox, \u015feytanla h\u0259mr\u0259ylik edildi\" \/>\n<meta property=\"og:url\" content=\"https:\/\/www.meydan.tv\/az\/article\/adina-emel-olunmayan-iller\/\" \/>\n<meta property=\"og:site_name\" content=\"MEYDAN.TV\" \/>\n<meta property=\"article:published_time\" content=\"2018-02-15T14:17:20+00:00\" \/>\n<meta property=\"og:image\" content=\"https:\/\/www.meydan.tv\/wp-content\/uploads\/28618.jpg\" \/>\n\t<meta property=\"og:image:width\" content=\"810\" \/>\n\t<meta property=\"og:image:height\" content=\"450\" \/>\n\t<meta property=\"og:image:type\" content=\"image\/jpeg\" \/>\n<meta name=\"author\" content=\"user-manager\" \/>\n<meta name=\"twitter:card\" content=\"summary_large_image\" \/>\n<script type=\"application\/ld+json\" class=\"yoast-schema-graph\">{\"@context\":\"https:\\\/\\\/schema.org\",\"@graph\":[{\"@type\":\"Article\",\"@id\":\"https:\\\/\\\/www.meydan.tv\\\/az\\\/article\\\/adina-emel-olunmayan-iller\\\/#article\",\"isPartOf\":{\"@id\":\"https:\\\/\\\/www.meydan.tv\\\/az\\\/article\\\/adina-emel-olunmayan-iller\\\/\"},\"author\":{\"name\":\"user-manager\",\"@id\":\"https:\\\/\\\/www.meydan.tv\\\/az\\\/#\\\/schema\\\/person\\\/10d11eccf6da3662cf5fdab9806ea91a\"},\"headline\":\"Ad\u0131na \u0259m\u0259l olunmayan ill\u0259r&#8230;\",\"datePublished\":\"2018-02-15T14:17:20+00:00\",\"mainEntityOfPage\":{\"@id\":\"https:\\\/\\\/www.meydan.tv\\\/az\\\/article\\\/adina-emel-olunmayan-iller\\\/\"},\"wordCount\":713,\"publisher\":{\"@id\":\"https:\\\/\\\/www.meydan.tv\\\/az\\\/#organization\"},\"image\":{\"@id\":\"https:\\\/\\\/www.meydan.tv\\\/az\\\/article\\\/adina-emel-olunmayan-iller\\\/#primaryimage\"},\"thumbnailUrl\":\"https:\\\/\\\/www.meydan.tv\\\/wp-content\\\/uploads\\\/28618.jpg\",\"articleSection\":[\"M\u0259nim Fikrimc\u0259\"],\"inLanguage\":\"az\"},{\"@type\":\"WebPage\",\"@id\":\"https:\\\/\\\/www.meydan.tv\\\/az\\\/article\\\/adina-emel-olunmayan-iller\\\/\",\"url\":\"https:\\\/\\\/www.meydan.tv\\\/az\\\/article\\\/adina-emel-olunmayan-iller\\\/\",\"name\":\"Ad\u0131na \u0259m\u0259l olunmayan ill\u0259r... - MEYDAN.TV\",\"isPartOf\":{\"@id\":\"https:\\\/\\\/www.meydan.tv\\\/az\\\/#website\"},\"primaryImageOfPage\":{\"@id\":\"https:\\\/\\\/www.meydan.tv\\\/az\\\/article\\\/adina-emel-olunmayan-iller\\\/#primaryimage\"},\"image\":{\"@id\":\"https:\\\/\\\/www.meydan.tv\\\/az\\\/article\\\/adina-emel-olunmayan-iller\\\/#primaryimage\"},\"thumbnailUrl\":\"https:\\\/\\\/www.meydan.tv\\\/wp-content\\\/uploads\\\/28618.jpg\",\"datePublished\":\"2018-02-15T14:17:20+00:00\",\"breadcrumb\":{\"@id\":\"https:\\\/\\\/www.meydan.tv\\\/az\\\/article\\\/adina-emel-olunmayan-iller\\\/#breadcrumb\"},\"inLanguage\":\"az\",\"potentialAction\":[{\"@type\":\"ReadAction\",\"target\":[\"https:\\\/\\\/www.meydan.tv\\\/az\\\/article\\\/adina-emel-olunmayan-iller\\\/\"]}]},{\"@type\":\"ImageObject\",\"inLanguage\":\"az\",\"@id\":\"https:\\\/\\\/www.meydan.tv\\\/az\\\/article\\\/adina-emel-olunmayan-iller\\\/#primaryimage\",\"url\":\"https:\\\/\\\/www.meydan.tv\\\/wp-content\\\/uploads\\\/28618.jpg\",\"contentUrl\":\"https:\\\/\\\/www.meydan.tv\\\/wp-content\\\/uploads\\\/28618.jpg\",\"width\":810,\"height\":450,\"caption\":\"Source:\"},{\"@type\":\"BreadcrumbList\",\"@id\":\"https:\\\/\\\/www.meydan.tv\\\/az\\\/article\\\/adina-emel-olunmayan-iller\\\/#breadcrumb\",\"itemListElement\":[{\"@type\":\"ListItem\",\"position\":1,\"name\":\"Ana s\u0259hif\u0259\",\"item\":\"https:\\\/\\\/www.meydan.tv\\\/az\\\/\"},{\"@type\":\"ListItem\",\"position\":2,\"name\":\"M\u0259nim Fikrimc\u0259\",\"item\":\"https:\\\/\\\/www.meydan.tv\\\/az\\\/section\\\/menim-fikrimce\\\/\"},{\"@type\":\"ListItem\",\"position\":3,\"name\":\"Ad\u0131na \u0259m\u0259l olunmayan ill\u0259r&#8230;\"}]},{\"@type\":\"WebSite\",\"@id\":\"https:\\\/\\\/www.meydan.tv\\\/az\\\/#website\",\"url\":\"https:\\\/\\\/www.meydan.tv\\\/az\\\/\",\"name\":\"MEYDAN.TV\",\"description\":\"Meydan TV Az\u0259rbaycan\u0131n media m\u0259kan\u0131ndak\u0131 alternativ s\u0259sidir\",\"publisher\":{\"@id\":\"https:\\\/\\\/www.meydan.tv\\\/az\\\/#organization\"},\"potentialAction\":[{\"@type\":\"SearchAction\",\"target\":{\"@type\":\"EntryPoint\",\"urlTemplate\":\"https:\\\/\\\/www.meydan.tv\\\/az\\\/?s={search_term_string}\"},\"query-input\":{\"@type\":\"PropertyValueSpecification\",\"valueRequired\":true,\"valueName\":\"search_term_string\"}}],\"inLanguage\":\"az\"},{\"@type\":\"Organization\",\"@id\":\"https:\\\/\\\/www.meydan.tv\\\/az\\\/#organization\",\"name\":\"Meydan TV\",\"url\":\"https:\\\/\\\/www.meydan.tv\\\/az\\\/\",\"logo\":{\"@type\":\"ImageObject\",\"inLanguage\":\"az\",\"@id\":\"https:\\\/\\\/www.meydan.tv\\\/az\\\/#\\\/schema\\\/logo\\\/image\\\/\",\"url\":\"https:\\\/\\\/www.meydan.tv\\\/wp-content\\\/uploads\\\/2021\\\/07\\\/meydan-logo.svg\",\"contentUrl\":\"https:\\\/\\\/www.meydan.tv\\\/wp-content\\\/uploads\\\/2021\\\/07\\\/meydan-logo.svg\",\"width\":195,\"height\":46,\"caption\":\"Meydan TV\"},\"image\":{\"@id\":\"https:\\\/\\\/www.meydan.tv\\\/az\\\/#\\\/schema\\\/logo\\\/image\\\/\"}},{\"@type\":\"Person\",\"@id\":\"https:\\\/\\\/www.meydan.tv\\\/az\\\/#\\\/schema\\\/person\\\/10d11eccf6da3662cf5fdab9806ea91a\",\"name\":\"user-manager\"}]}<\/script>\n<!-- \/ Yoast SEO plugin. -->","yoast_head_json":{"title":"Ad\u0131na \u0259m\u0259l olunmayan ill\u0259r... - MEYDAN.TV","robots":{"index":"index","follow":"follow","max-snippet":"max-snippet:-1","max-image-preview":"max-image-preview:large","max-video-preview":"max-video-preview:-1"},"canonical":"https:\/\/www.meydan.tv\/az\/article\/adina-emel-olunmayan-iller\/","og_locale":"az_AZ","og_type":"article","og_title":"Ad\u0131na \u0259m\u0259l olunmayan ill\u0259r... - MEYDAN.TV","og_description":"Ke\u00e7\u0259n 2017-ci il \u201c\u0130slam H\u0259mr\u0259ylik \u0130li\u201d elan olunsa da, dinl\u0259 yox, \u015feytanla h\u0259mr\u0259ylik edildi","og_url":"https:\/\/www.meydan.tv\/az\/article\/adina-emel-olunmayan-iller\/","og_site_name":"MEYDAN.TV","article_published_time":"2018-02-15T14:17:20+00:00","og_image":[{"width":810,"height":450,"url":"https:\/\/www.meydan.tv\/wp-content\/uploads\/28618.jpg","type":"image\/jpeg"}],"author":"user-manager","twitter_card":"summary_large_image","schema":{"@context":"https:\/\/schema.org","@graph":[{"@type":"Article","@id":"https:\/\/www.meydan.tv\/az\/article\/adina-emel-olunmayan-iller\/#article","isPartOf":{"@id":"https:\/\/www.meydan.tv\/az\/article\/adina-emel-olunmayan-iller\/"},"author":{"name":"user-manager","@id":"https:\/\/www.meydan.tv\/az\/#\/schema\/person\/10d11eccf6da3662cf5fdab9806ea91a"},"headline":"Ad\u0131na \u0259m\u0259l olunmayan ill\u0259r&#8230;","datePublished":"2018-02-15T14:17:20+00:00","mainEntityOfPage":{"@id":"https:\/\/www.meydan.tv\/az\/article\/adina-emel-olunmayan-iller\/"},"wordCount":713,"publisher":{"@id":"https:\/\/www.meydan.tv\/az\/#organization"},"image":{"@id":"https:\/\/www.meydan.tv\/az\/article\/adina-emel-olunmayan-iller\/#primaryimage"},"thumbnailUrl":"https:\/\/www.meydan.tv\/wp-content\/uploads\/28618.jpg","articleSection":["M\u0259nim Fikrimc\u0259"],"inLanguage":"az"},{"@type":"WebPage","@id":"https:\/\/www.meydan.tv\/az\/article\/adina-emel-olunmayan-iller\/","url":"https:\/\/www.meydan.tv\/az\/article\/adina-emel-olunmayan-iller\/","name":"Ad\u0131na \u0259m\u0259l olunmayan ill\u0259r... - MEYDAN.TV","isPartOf":{"@id":"https:\/\/www.meydan.tv\/az\/#website"},"primaryImageOfPage":{"@id":"https:\/\/www.meydan.tv\/az\/article\/adina-emel-olunmayan-iller\/#primaryimage"},"image":{"@id":"https:\/\/www.meydan.tv\/az\/article\/adina-emel-olunmayan-iller\/#primaryimage"},"thumbnailUrl":"https:\/\/www.meydan.tv\/wp-content\/uploads\/28618.jpg","datePublished":"2018-02-15T14:17:20+00:00","breadcrumb":{"@id":"https:\/\/www.meydan.tv\/az\/article\/adina-emel-olunmayan-iller\/#breadcrumb"},"inLanguage":"az","potentialAction":[{"@type":"ReadAction","target":["https:\/\/www.meydan.tv\/az\/article\/adina-emel-olunmayan-iller\/"]}]},{"@type":"ImageObject","inLanguage":"az","@id":"https:\/\/www.meydan.tv\/az\/article\/adina-emel-olunmayan-iller\/#primaryimage","url":"https:\/\/www.meydan.tv\/wp-content\/uploads\/28618.jpg","contentUrl":"https:\/\/www.meydan.tv\/wp-content\/uploads\/28618.jpg","width":810,"height":450,"caption":"Source:"},{"@type":"BreadcrumbList","@id":"https:\/\/www.meydan.tv\/az\/article\/adina-emel-olunmayan-iller\/#breadcrumb","itemListElement":[{"@type":"ListItem","position":1,"name":"Ana s\u0259hif\u0259","item":"https:\/\/www.meydan.tv\/az\/"},{"@type":"ListItem","position":2,"name":"M\u0259nim Fikrimc\u0259","item":"https:\/\/www.meydan.tv\/az\/section\/menim-fikrimce\/"},{"@type":"ListItem","position":3,"name":"Ad\u0131na \u0259m\u0259l olunmayan ill\u0259r&#8230;"}]},{"@type":"WebSite","@id":"https:\/\/www.meydan.tv\/az\/#website","url":"https:\/\/www.meydan.tv\/az\/","name":"MEYDAN.TV","description":"Meydan TV Az\u0259rbaycan\u0131n media m\u0259kan\u0131ndak\u0131 alternativ s\u0259sidir","publisher":{"@id":"https:\/\/www.meydan.tv\/az\/#organization"},"potentialAction":[{"@type":"SearchAction","target":{"@type":"EntryPoint","urlTemplate":"https:\/\/www.meydan.tv\/az\/?s={search_term_string}"},"query-input":{"@type":"PropertyValueSpecification","valueRequired":true,"valueName":"search_term_string"}}],"inLanguage":"az"},{"@type":"Organization","@id":"https:\/\/www.meydan.tv\/az\/#organization","name":"Meydan TV","url":"https:\/\/www.meydan.tv\/az\/","logo":{"@type":"ImageObject","inLanguage":"az","@id":"https:\/\/www.meydan.tv\/az\/#\/schema\/logo\/image\/","url":"https:\/\/www.meydan.tv\/wp-content\/uploads\/2021\/07\/meydan-logo.svg","contentUrl":"https:\/\/www.meydan.tv\/wp-content\/uploads\/2021\/07\/meydan-logo.svg","width":195,"height":46,"caption":"Meydan TV"},"image":{"@id":"https:\/\/www.meydan.tv\/az\/#\/schema\/logo\/image\/"}},{"@type":"Person","@id":"https:\/\/www.meydan.tv\/az\/#\/schema\/person\/10d11eccf6da3662cf5fdab9806ea91a","name":"user-manager"}]}},"_links":{"self":[{"href":"https:\/\/www.meydan.tv\/az\/wp-json\/wp\/v2\/posts\/188701","targetHints":{"allow":["GET"]}}],"collection":[{"href":"https:\/\/www.meydan.tv\/az\/wp-json\/wp\/v2\/posts"}],"about":[{"href":"https:\/\/www.meydan.tv\/az\/wp-json\/wp\/v2\/types\/post"}],"author":[{"embeddable":true,"href":"https:\/\/www.meydan.tv\/az\/wp-json\/wp\/v2\/users\/11"}],"replies":[{"embeddable":true,"href":"https:\/\/www.meydan.tv\/az\/wp-json\/wp\/v2\/comments?post=188701"}],"version-history":[{"count":0,"href":"https:\/\/www.meydan.tv\/az\/wp-json\/wp\/v2\/posts\/188701\/revisions"}],"wp:featuredmedia":[{"embeddable":true,"href":"https:\/\/www.meydan.tv\/az\/wp-json\/wp\/v2\/media\/74109"}],"wp:attachment":[{"href":"https:\/\/www.meydan.tv\/az\/wp-json\/wp\/v2\/media?parent=188701"}],"wp:term":[{"taxonomy":"category","embeddable":true,"href":"https:\/\/www.meydan.tv\/az\/wp-json\/wp\/v2\/categories?post=188701"},{"taxonomy":"post_tag","embeddable":true,"href":"https:\/\/www.meydan.tv\/az\/wp-json\/wp\/v2\/tags?post=188701"}],"curies":[{"name":"wp","href":"https:\/\/api.w.org\/{rel}","templated":true}]}}