{"id":188681,"date":"2018-02-14T13:09:23","date_gmt":"2018-02-14T13:09:23","guid":{"rendered":"https:\/\/www.meydan.tv\/article\/prezident-seckilerinin-qarabag-danisiqlarina-tesiri\/"},"modified":"2018-02-14T13:09:23","modified_gmt":"2018-02-14T13:09:23","slug":"prezident-seckilerinin-qarabag-danisiqlarina-tesiri","status":"publish","type":"post","link":"https:\/\/www.meydan.tv\/az\/article\/prezident-seckilerinin-qarabag-danisiqlarina-tesiri\/","title":{"rendered":"Prezident se\u00e7kil\u0259rinin Qaraba\u011f dan\u0131\u015f\u0131qlar\u0131na t\u0259siri"},"content":{"rendered":"<figure class=\"wp-block-image size-large\">\n  <img decoding=\"async\" src=\"https:\/\/www.meydan.tv\/az\/foto-turan-ia-14\/\" alt=\"foto Turan \u0130A\" class=\"wp-image-99497\"\/><figcaption>\n    foto Turan \u0130A<br \/>\n  <\/figcaption><\/figure>\n<p>\n  <i><br \/>\n    &#8221;AB\u015e d\u00f6rd\u00fcnc\u00fc m\u00fcdd\u0259t \u00fc\u00e7\u00fcn \u018fliyevin namiz\u0259dliyinin ir\u0259li s\u00fcr\u00fclm\u0259si fakt\u0131n\u0131 q\u0259bul edib&#8221;<br \/>\n  <\/i>\n<\/p>\n<p>\n  Az\u0259rbaycan prezidenti \u0130lham \u018fliyevin se\u00e7kil\u0259ri oktyabrdan aprel\u0259 ke\u00e7irm\u0259k q\u0259rar\u0131 il\u0259 meydana \u00e7\u0131xm\u0131\u015f siyasi intriqan\u0131n, g\u00f6zl\u0259nildiyi kimi, iki t\u0259rkib hiss\u0259si var: daxili siyasi v\u0259 xarici siyasi.\n<\/p>\n<p>\n  Meydan TV x\u0259b\u0259r verir ki, bu bar\u0259d\u0259 \u201cTuran\u201d agentliyinin analitik<br \/>\n  <a href=\"http:\/\/www.turan.az\/ext\/news\/2018\/2\/subsc\/analytics\/az\/118887.htm\"><br \/>\n    material<br \/>\n  <\/a><br \/>\n  \u0131nda deyilir.\n<\/p>\n<p>\n  Agentliyin yaz\u0131s\u0131nda vur\u011fulan\u0131r ki, xarici siyasi t\u0259rkib hiss\u0259sind\u0259 d\u0259 iki komponenti ay\u0131rmaq olar. Birincisi &#8211; apar\u0131c\u0131 d\u00fcnya oyun\u00e7ular\u0131n\u0131n prezident se\u00e7kil\u0259rinin \u00f6z\u00fcn\u00fcn tarixinin d\u0259yi\u015fdirilm\u0259sin\u0259 v\u0259 \u018fliyevin d\u00f6rd\u00fcnc\u00fc m\u00fcdd\u0259t \u00fc\u00e7\u00fcn prezidentliy\u0259 namiz\u0259dliyinin ir\u0259li s\u00fcr\u00fclm\u0259sin\u0259 m\u00fcnasib\u0259tidir.\n<\/p>\n<p>\n  \u201cBununla ba\u011fl\u0131 bir \u00e7ox m\u00fc\u015fahid\u0259\u00e7il\u0259r qeyd edirl\u0259r ki, AB\u015e qar\u015f\u0131da duran hadis\u0259l\u0259rl\u0259 ba\u011fl\u0131 r\u0259smi reaksiyas\u0131nda Az\u0259rbaycan hakimiyy\u0259tin\u0259 m\u00f6vcud konstitusiya \u00e7\u0259r\u00e7iv\u0259sind\u0259 h\u0259r\u0259k\u0259t etm\u0259k \u00e7a\u011f\u0131r\u0131\u015f\u0131 il\u0259 kifay\u0259tl\u0259nib, bu da, mahiyy\u0259tc\u0259, se\u00e7kil\u0259rin tarixinin d\u0259yi\u015fdirilm\u0259si v\u0259 d\u00f6rd\u00fcnc\u00fc m\u00fcdd\u0259t \u00fc\u00e7\u00fcn \u018fliyevin namiz\u0259dliyinin ir\u0259li s\u00fcr\u00fclm\u0259si fakt\u0131n\u0131n q\u0259bul edilm\u0259si dem\u0259kdir\u201d.\n<\/p>\n<p>\n  Yaz\u0131 m\u00fc\u0259llifl\u0259ri bu m\u0259nada Qazax\u0131stan prezidenti Nursultan Nazarbayevin AB\u015e-a g\u00f6zl\u0259nilm\u0259y\u0259n u\u011furlu v\u0259 \u0259lam\u0259tdar s\u0259f\u0259ri n\u00fcmun\u0259vi oldu\u011funu bildirirl\u0259r.\n<\/p>\n<p>\n  \u201cY\u00fcks\u0259k s\u0259viyy\u0259d\u0259 ke\u00e7iril\u0259n g\u00f6r\u00fc\u015fl\u0259r a\u00e7\u0131q-a\u015fkar Tramp Administrasiyas\u0131n\u0131n d\u00fcnyada v\u0259 postsovet m\u0259kan\u0131nda prioritetinin AB\u015e-\u0131n geosiyasi maraqlar\u0131 olaca\u011f\u0131n\u0131 v\u0259 \u0259m\u0259kda\u015fl\u0131q \u00fc\u00e7\u00fcn t\u0259r\u0259fda\u015f se\u00e7imind\u0259 onun, \u0259vv\u0259ll\u0259r d\u0259 oldu\u011fu kimi, demokratiyan\u0131n varl\u0131\u011f\u0131 v\u0259 ya yoxlu\u011fu s\u0259viyy\u0259sini v\u0259 ya b\u0259yan olunan bu v\u0259 ya dig\u0259r prinsipl\u0259rin m\u00fcdafi\u0259sini r\u0259hb\u0259r tutmayaca\u011f\u0131n\u0131 g\u00f6st\u0259rdi\u201d.\n<\/p>\n<p>\n  Analitikl\u0259rin fikrinc\u0259 Az\u0259rbaycan \u00fc\u00e7\u00fcn Nazarbayevin s\u0259f\u0259rini niy\u0259 \u0259lam\u0259tdar hesab etm\u0259k olar? Cavab a\u00e7\u0131qd\u0131r: Qazax\u0131stan v\u0259 Az\u0259rbaycan siyasi v\u0259 iqtisadi institutlar\u0131, formala\u015fm\u0131\u015f hakimiyy\u0259t qurumlar\u0131 v\u0259 idar\u0259etm\u0259 \u0259n\u0259n\u0259l\u0259ri c\u0259h\u0259td\u0259n b\u0259nz\u0259r \u00f6lk\u0259l\u0259rdir. V\u0259 Qazax\u0131stan AB\u015e \u00fc\u00e7\u00fcn Rusiya v\u0259 \u00c7inin qon\u015fusu kimi \u0259h\u0259miyy\u0259tlidirs\u0259, Az\u0259rbaycan m\u00fch\u00fcm Q\u0259rb m\u00fctt\u0259fiqi v\u0259 \u0130ran-Amerika v\u0259 \u0130ran-\u0130srail m\u00fcnasib\u0259tl\u0259rind\u0259 g\u0259rginl\u0259\u015fmi\u015f b\u00f6hran \u015f\u0259raitind\u0259 \u0130ran\u0131n qon\u015fusudur.<br \/>\n  <br \/>\n  Rusiyan\u0131n se\u00e7kil\u0259rin tarixinin d\u0259yi\u015fdirilm\u0259sin\u0259 v\u0259 \u0130lham \u018fliyevin prezidentliy\u0259 namiz\u0259dliyinin ir\u0259li s\u00fcr\u00fclm\u0259sin\u0259 \u0259n\u0259n\u0259vi t\u0259mkinli reaksiyas\u0131 g\u00f6st\u0259rir ki, prezident Vladimir Putin \u018fliyevin bu regionda Rusiyan\u0131n maraqlar\u0131n\u0131 n\u0259z\u0259r\u0259 alma\u011fa haz\u0131r oldu\u011funu n\u00fcmayi\u015f etdirm\u0259sind\u0259n m\u0259mnundur.\n<\/p>\n<p>\n  V\u0259 \u0259lb\u0259tt\u0259 ki, Az\u0259rbaycan\u0131n, sayca ikinci, amma \u00f6lk\u0259nin xarici siyasi g\u00fcnd\u0259liyind\u0259 \u0259n m\u00fch\u00fcm olan m\u0259s\u0259l\u0259 Erm\u0259nistan-Az\u0259rbaycan m\u00fcnaqi\u015f\u0259sinin haz\u0131rki v\u0259ziyy\u0259ti il\u0259 ba\u011fl\u0131 m\u0259s\u0259l\u0259dir. Bu g\u00fcn, t\u0259\u0259ss\u00fcf ki, m\u00fcnaqi\u015f\u0259 il\u0259 ba\u011fl\u0131 v\u0259ziyy\u0259ti yaln\u0131z dan\u0131\u015f\u0131qlar prosesinin intensivliyi il\u0259 \u00f6l\u00e7m\u0259k laz\u0131m g\u0259lmir. Minsk prosesinin 25 illik tarixi v\u0259 x\u00fcsus\u0259n 2016-c\u0131 il aprel hadis\u0259l\u0259rind\u0259n sonrak\u0131 son d\u00f6vr bu dan\u0131\u015f\u0131qlar\u0131n n\u0259tic\u0259l\u0259rinin h\u0259m Erm\u0259nistan, h\u0259m d\u0259 Az\u0259rbaycan ictimaiyy\u0259ti t\u0259r\u0259find\u0259n s\u0131f\u0131r h\u0259ddind\u0259 q\u0259bul edilm\u0259sin\u0259 g\u0259tirib \u00e7\u0131xar\u0131b. Dan\u0131\u015f\u0131qlar\u0131n m\u00fcnt\u0259z\u0259m olaraq t\u0259krarlanan m\u0259rh\u0259l\u0259l\u0259ri is\u0259 h\u0259m m\u0259tbuatda, h\u0259m d\u0259 sosial \u015f\u0259b\u0259k\u0259l\u0259rd\u0259 i\u015ftirak\u00e7\u0131larla qar\u015f\u0131 kinaya yarad\u0131r.\n<\/p>\n<p>\n  Buna g\u00f6r\u0259 Az\u0259rbaycanda, Rusiyada prezident se\u00e7kil\u0259ri kampaniyalar\u0131ndan v\u0259 Erm\u0259nistanda ba\u015f nazir se\u00e7kil\u0259rind\u0259n sonra bu formatda v\u0259 k\u00f6hn\u0259 i\u015ftirak\u00e7\u0131larla dan\u0131\u015f\u0131qlar prosesinin h\u0259m t\u0259bli\u011fat n\u00f6qteyi-n\u0259z\u0259rd\u0259n, h\u0259m d\u0259 n\u0259tic\u0259lilik n\u00f6qteyi-n\u0259z\u0259rd\u0259n u\u011furlu olaca\u011f\u0131n\u0131 ehtimal etm\u0259k \u00e7\u0259tindir.<br \/>\n  <br \/>\n  Erm\u0259ni siyasi elitas\u0131n\u0131n, x\u00fcsus\u0259n prezident Serj Sarkisyan\u0131n Avropa \u015euras\u0131 Parlament Assambleyas\u0131nda \u00e7\u0131x\u0131\u015flar\u0131n\u0131n t\u0259hlili g\u00f6st\u0259rir ki, Erm\u0259nistan\u0131n m\u00f6vqeyinin radikalla\u015fmas\u0131 maksimum h\u0259dd\u0259 \u00e7at\u0131b. Bir ne\u00e7\u0259 il \u0259vv\u0259l erm\u0259ni liderl\u0259rin \u00e7\u0131x\u0131\u015flar\u0131nda Da\u011fl\u0131q Qaraba\u011f \u0259traf\u0131nda i\u015f\u011fal edilmi\u015f b\u0259zi \u0259razil\u0259rin Az\u0259rbaycan t\u0259r\u0259fd\u0259n bu v\u0259 ya dig\u0259r g\u00fcz\u0259\u015ftl\u0259r m\u00fcqabilind\u0259 azad edilm\u0259sinin m\u00fcmk\u00fcnl\u00fcy\u00fc haqq\u0131nda fikirl\u0259r\u0259 rastlamaq olurdusa, indi Da\u011fl\u0131q Qaraba\u011f da, onun \u0259traf\u0131ndak\u0131 \u0259razil\u0259r d\u0259, Erm\u0259nistan t\u0259r\u0259fin fikrinc\u0259, \u201csuveren Arsax d\u00f6vl\u0259tinin \u0259razisidir\u201d, onun s\u0259rh\u0259dl\u0259ri dan\u0131\u015f\u0131qlar predmeti ola bilm\u0259z.\n<\/p>\n<p>\n  Az\u0259rbaycan c\u0259miyy\u0259tind\u0259 bu radikalla\u015fman\u0131n s\u0259b\u0259binin v\u0259 erm\u0259ni elitas\u0131n\u0131n \u0259minliyinin m\u0259nb\u0259yinin etnik erm\u0259ni olan xarici i\u015fl\u0259r naziri Sergey Lavrovun f\u0259aliyy\u0259ti olmas\u0131 haqq\u0131nda fikir m\u00f6hk\u0259ml\u0259nib. Onu Az\u0259rbaycana m\u00fcnasib\u0259td\u0259 Rusiyan\u0131n erm\u0259nip\u0259r\u0259st siyas\u0259tinin \u0259laq\u0259l\u0259ndiricisi v\u0259 ifa\u00e7\u0131s\u0131 hesab edirl\u0259r.<br \/>\n  <br \/>\n  2016-c\u0131 ilin aprelind\u0259 v\u0259 ondan sonra Rusiyan\u0131n \u0259m\u0259ll\u0259ri g\u00f6st\u0259rdi ki, Rusiya d\u00f6vl\u0259ti \u201ct\u0259hl\u00fck\u0259sizlik \u00e7\u0259tirini\u201d t\u0259kc\u0259 Erm\u0259nistan Respublikas\u0131n\u0131n \u0259razil\u0259ri \u00fc\u00e7\u00fcn deyil, de-fakto erm\u0259nil\u0259rin i\u015f\u011fal etdiyi Da\u011fl\u0131q Qaraba\u011f \u0259traf\u0131ndak\u0131 \u0259razil\u0259r \u00fcz\u0259rind\u0259 d\u0259 a\u00e7\u0131b.\n<\/p>\n<p>\n  Bunu apreld\u0259 Az\u0259rbaycan\u0131n u\u011furlu h\u00fccumunun d\u0259rhal dayand\u0131r\u0131lmas\u0131 t\u0259l\u0259bi, Erm\u0259nistana s\u00fcr\u0259tl\u0259ndirilmi\u015f silah g\u00f6nd\u0259ri\u015fi v\u0259 Rusiyan\u0131n Az\u0259rbaycan torpaqlar\u0131n\u0131n davam ed\u0259n i\u015f\u011fal\u0131 \u015f\u0259raitind\u0259 iki \u00f6lk\u0259nin m\u00fcdafi\u0259 imkanlar\u0131n\u0131n tarazl\u0131\u011f\u0131n\u0131 t\u0259min etm\u0259k niyy\u0259ti haqq\u0131nda b\u0259yannam\u0259l\u0259ri t\u0259sdiq edir.\n<\/p>\n<p>\n  Analitikl\u0259r hesab edirl\u0259r ki, yuxar\u0131da deyil\u0259nl\u0259r o dem\u0259kdir ki, dan\u0131\u015f\u0131qlar prosesi v\u0259 onun intensivliyini t\u0259qlid etm\u0259k c\u0259hdl\u0259ri Az\u0259rbaycanda m\u00fcsb\u0259t ictimai rezonans do\u011furmur v\u0259 do\u011furmayacaq.\n<\/p>\n<p>\n  Bu v\u0259ziyy\u0259t ilk n\u00f6vb\u0259d\u0259 Az\u0259rbaycan r\u0259hb\u0259rliyi \u00fc\u00e7\u00fcn probleml\u0259r yarad\u0131r, bel\u0259 ki, n\u0259tic\u0259li dan\u0131\u015f\u0131qlar\u0131n olmamas\u0131 \u015f\u0259raitind\u0259 \u0259razil\u0259rin i\u015f\u011faldan azad edilm\u0259sini v\u0259 y\u00fcz minl\u0259rl\u0259 k\u00f6\u00e7k\u00fcn\u00fcn do\u011fma yurdlar\u0131na qay\u0131tmas\u0131n\u0131 t\u0259min ed\u0259 bilm\u0259diyi \u00fc\u00e7\u00fcn ictimaiyy\u0259tin hakimiyy\u0259t\u0259 suallar\u0131 v\u0259 iradlar\u0131 yaran\u0131r. Bu \u015f\u0259raitd\u0259 Rusiya il\u0259 m\u00fcnasib\u0259tl\u0259rd\u0259 bu probleml\u0259r haqq\u0131nda bug\u00fcnki kimi susma t\u0259cr\u00fcb\u0259sinin \u00e7ox da uzun s\u00fcr\u0259 bilm\u0259m\u0259si ehtimal\u0131n\u0131 istisna etm\u0259k olmaz.\n<\/p>\n<p>\n  Rusiya X\u0130N ba\u015f\u00e7\u0131s\u0131n\u0131n haz\u0131rki taktikas\u0131 yaln\u0131z haz\u0131rki v\u0259ziyy\u0259tin uzad\u0131lmas\u0131 \u00fc\u00e7\u00fcn m\u00fcv\u0259qq\u0259ti vasit\u0259 rolu oynaya bil\u0259r, amma problemin h\u0259llin\u0259 g\u0259tirib \u00e7\u0131xara bilm\u0259z. Bu probleml\u0259rd\u0259n \u0259n \u0259sas\u0131 y\u00fcks\u0259k intensivlikli v\u0259 geni\u015f miqyasl\u0131 h\u0259rbi \u0259m\u0259liyyatlar\u0131n kort\u0259bii \u015f\u0259kild\u0259 b\u0259rpa edilm\u0259si t\u0259hl\u00fck\u0259sidir.\n<\/p>\n<p>\n  Bu v\u0259ziyy\u0259td\u0259 Rusiya m\u00fcnaqi\u015f\u0259d\u0259 t\u0259r\u0259fl\u0259rd\u0259n birini q\u0259bul etm\u0259li v\u0259 d\u0259st\u0259kl\u0259m\u0259li olacaq ki, bu da d\u0259qiq uzun ill\u0259r \u0259rzind\u0259 region \u00f6lk\u0259l\u0259ri, \u0259n az\u0131ndan onlardan \u00f6z\u00fcn\u00fc z\u0259r\u0259r\u00e7\u0259kmi\u015f kimi hiss ed\u0259c\u0259k biri il\u0259 qurulmu\u015f \u00e7oxs\u0259viyy\u0259li \u0259laq\u0259l\u0259r sisteminin b\u00fct\u00fcn konstruksiyas\u0131n\u0131n da\u011f\u0131lmas\u0131na g\u0259tirib \u00e7\u0131xaracaq.\n<\/p>\n<p>\n  Agentlik qeyd edir ki, Erm\u0259nistan v\u0259 Az\u0259rbaycan\u0131n m\u00fcdafi\u0259 imkanlar\u0131n\u0131n m\u00fct\u0259r\u0259qqi t\u0259kam\u00fcl\u00fc h\u0259rbi \u0259m\u0259liyyatlar\u0131n b\u0259rpas\u0131n\u0131n \u201cdomino prinsipi il\u0259\u201d q\u0131sa m\u00fcdd\u0259td\u0259 h\u0259r iki d\u00f6vl\u0259tin b\u00fct\u00fcn \u0259razil\u0259rini \u0259hat\u0259 ed\u0259 bilm\u0259sin\u0259 g\u0259tirib \u00e7\u0131xar\u0131b. H\u0259m d\u0259 Erm\u0259nistan, b\u0259yan etdiyi kimi, orta m\u0259saf\u0259li raket silah\u0131ndan istifad\u0259 ed\u0259rs\u0259, anklav Nax\u00e7\u0131van amili Az\u0259rbaycan\u0131 Erm\u0259nistan paytaxt\u0131n\u0131n m\u0259rk\u0259zin\u0259 z\u0259rb\u0259l\u0259r endirm\u0259k imkan\u0131 il\u0259 t\u0259min ed\u0259c\u0259k.\n<\/p>\n<p>\n  \u018fliyevin strateji v\u0259zif\u0259nin \u2013 \u201cAz\u0259rbaycanl\u0131lar\u0131n Yerevana qaytar\u0131lmas\u0131\u201d v\u0259zif\u0259sinin h\u0259yata ke\u00e7irilm\u0259si z\u0259rur\u0259ti haqq\u0131nda sonuncu b\u0259yanat\u0131n\u0131n da \u0259lam\u0259tdar oldu\u011funu qeyd etm\u0259k laz\u0131md\u0131r. \u0130ndi, Erm\u0259nistan t\u0259r\u0259fin Az\u0259rbaycan\u0131n i\u015f\u011fal edilmi\u015f \u0259razil\u0259rinin azad edilm\u0259sinin qeyri-m\u00fcmk\u00fcnl\u00fcy\u00fc, Bak\u0131ya z\u0259rb\u0259 endirilm\u0259si v\u0259 Az\u0259rbaycan d\u00f6vl\u0259tinin m\u0259hv edilm\u0259si z\u0259rur\u0259ti haqq\u0131nda b\u0259yanat\u0131 yaln\u0131z o dem\u0259kdir ki, Qaraba\u011f m\u00f6vzusu v\u0259 Da\u011fl\u0131q Qaraba\u011f regionu iki d\u00f6vl\u0259t aras\u0131nda \u0259m\u0259liyyat-taktiki v\u0259 strateji d\u0259rinliyi il\u0259 \u00fcm\u00fcmi m\u00fcnaqi\u015f\u0259 panoramas\u0131n\u0131n bir hiss\u0259sin\u0259 \u00e7evrilir.\n<\/p>\n<p>\n  Da\u011fl\u0131q Qaraba\u011f regionu iki \u00f6lk\u0259 aras\u0131ndak\u0131 m\u00fcnaqi\u015f\u0259nin \u00fcmumi m\u0259nz\u0259r\u0259sinin bir hiss\u0259si kimi, onlar\u0131n \u0259razil\u0259rinin b\u00fct\u00fcn \u0259m\u0259liyyat-taktiki v\u0259 strateji d\u0259rinliyi \u00fc\u00e7\u00fcn yarad\u0131l\u0131b.\n<\/p>\n<p>\n  \u201cBununla \u0259laq\u0259dar qeyd etm\u0259k laz\u0131md\u0131r ki, prezidentl\u0259r \u018frdo\u011fan v\u0259 Putinin dan\u0131\u015f\u0131qlar\u0131n\u0131n g\u00fcnd\u0259liyin\u0259 Erm\u0259nistan-Az\u0259rbaycan m\u00fcnaqi\u015f\u0259si m\u0259s\u0259l\u0259sinin d\u0259 sal\u0131nmas\u0131 T\u00fcrkiy\u0259nin praktiki olaraq bu problemin h\u0259llinin onun milli maraqlar\u0131 sistemin\u0259 daxil oldu\u011funu v\u0259 h\u0259rbi \u0259m\u0259liyyatlar b\u0259rpa edil\u0259c\u0259yi t\u0259qdird\u0259 onun birba\u015fa v\u0259 ya bilavasit\u0259 k\u0259narda qalmayaca\u011f\u0131n\u0131 ba\u015fa sald\u0131\u011f\u0131n\u0131 g\u00f6st\u0259rir.\n<\/p>\n<p>\n  Bundan v\u0259 sadalanan dig\u0259r amill\u0259rd\u0259n ayd\u0131n olur ki, Rusiya Erm\u0259nistan v\u0259 Az\u0259rbaycan aras\u0131nda h\u0259rbi \u0259m\u0259liyyatlar\u0131n b\u0259rpas\u0131 m\u00fcmk\u00fcnl\u00fcy\u00fcnd\u0259n h\u0259r yolla qa\u00e7acaq. Buna g\u00f6r\u0259 b\u00f6y\u00fck ehtimalla iddia etm\u0259k olar ki, Erm\u0259nistan-Az\u0259rbaycan m\u00fcnaqi\u015f\u0259sinin nizamlanmas\u0131 il\u0259 ba\u011fl\u0131 v\u0259ziyy\u0259t birba\u015fa Rusiyada se\u00e7kil\u0259rin nec\u0259 ke\u00e7\u0259c\u0259yi v\u0259 vasit\u0259\u00e7ilik h\u0259yata ke\u00e7irilm\u0259sinin \u015f\u0259xs\u0259n kim\u0259 h\u0259val\u0259 olunaca\u011f\u0131 il\u0259 ba\u011fl\u0131 olacaq.\n<\/p>\n<p>\n  Bununla \u0259laq\u0259dar, bir \u00e7ox analitikl\u0259r qeyd edirl\u0259r ki, Rusiya v\u0259 Az\u0259rbaycan prezidentl\u0259rinin So\u00e7i g\u00f6r\u00fc\u015f\u00fc v\u0259 Putinin S.Lavrovun Erm\u0259nistan-Az\u0259rbaycan m\u00fcnaqi\u015f\u0259sinin nizamlanmas\u0131 prosesind\u0259 ir\u0259lil\u0259yi\u015fi t\u0259min etm\u0259k iqtidar\u0131nda olmamas\u0131 il\u0259 ba\u011fl\u0131 \u201cgizli raz\u0131l\u0131\u011f\u0131\u201d (yaln\u0131z Az\u0259rbaycanda h\u00f6kum\u0259ty\u00f6nl\u00fc m\u0259tbuat \u201cS.Lavrovun r\u0259hb\u0259rliyi alt\u0131nda Rusiya-Az\u0259rbaycan m\u00fcnasib\u0259tl\u0259rinin pozulmas\u0131 il\u0259 m\u0259\u015f\u011ful olan \u00fc\u00e7\u00fcnc\u00fc q\u00fcvv\u0259l\u0259rin oldu\u011fu\u201d haqq\u0131nda yaz\u0131rd\u0131) se\u00e7kisonras\u0131 kadr d\u0259yi\u015fiklikl\u0259ri haqq\u0131nda proqnozlar \u00fc\u00e7\u00fcn m\u00fch\u00fcm \u0259sas oldu\u201d.<\/p>\n","protected":false},"excerpt":{"rendered":"<p>&#8221;AB\u015e d\u00f6rd\u00fcnc\u00fc m\u00fcdd\u0259t \u00fc\u00e7\u00fcn \u018fliyevin namiz\u0259dliyinin ir\u0259li s\u00fcr\u00fclm\u0259si fakt\u0131n\u0131 q\u0259bul edib&#8221;<\/p>\n","protected":false},"author":11,"featured_media":99497,"comment_status":"closed","ping_status":"open","sticky":false,"template":"","format":"standard","meta":{"_acf_changed":false,"_sitemap_exclude":false,"_sitemap_priority":"","_sitemap_frequency":"","footnotes":""},"categories":[51],"tags":[],"class_list":["post-188681","post","type-post","status-publish","format-standard","has-post-thumbnail","hentry","category-analitika","infinite-scroll-item","generate-columns","tablet-grid-50","mobile-grid-100","grid-parent","grid-33","no-featured-image-padding"],"acf":[],"yoast_head":"<!-- This site is optimized with the Yoast SEO plugin v27.4 - https:\/\/yoast.com\/product\/yoast-seo-wordpress\/ -->\n<title>Prezident se\u00e7kil\u0259rinin Qaraba\u011f dan\u0131\u015f\u0131qlar\u0131na t\u0259siri - MEYDAN.TV<\/title>\n<meta name=\"robots\" content=\"index, follow, max-snippet:-1, max-image-preview:large, max-video-preview:-1\" \/>\n<link rel=\"canonical\" href=\"https:\/\/www.meydan.tv\/az\/article\/prezident-seckilerinin-qarabag-danisiqlarina-tesiri\/\" \/>\n<meta property=\"og:locale\" content=\"az_AZ\" \/>\n<meta property=\"og:type\" content=\"article\" \/>\n<meta property=\"og:title\" content=\"Prezident se\u00e7kil\u0259rinin Qaraba\u011f dan\u0131\u015f\u0131qlar\u0131na t\u0259siri - MEYDAN.TV\" \/>\n<meta property=\"og:description\" content=\"&#039;&#039;AB\u015e d\u00f6rd\u00fcnc\u00fc m\u00fcdd\u0259t \u00fc\u00e7\u00fcn \u018fliyevin namiz\u0259dliyinin ir\u0259li s\u00fcr\u00fclm\u0259si fakt\u0131n\u0131 q\u0259bul edib&#039;&#039;\" \/>\n<meta property=\"og:url\" content=\"https:\/\/www.meydan.tv\/az\/article\/prezident-seckilerinin-qarabag-danisiqlarina-tesiri\/\" \/>\n<meta property=\"og:site_name\" content=\"MEYDAN.TV\" \/>\n<meta property=\"article:published_time\" content=\"2018-02-14T13:09:23+00:00\" \/>\n<meta property=\"og:image\" content=\"https:\/\/www.meydan.tv\/wp-content\/uploads\/39361.jpg\" \/>\n\t<meta property=\"og:image:width\" content=\"800\" \/>\n\t<meta property=\"og:image:height\" content=\"542\" \/>\n\t<meta property=\"og:image:type\" content=\"image\/jpeg\" \/>\n<meta name=\"author\" content=\"user-manager\" \/>\n<meta name=\"twitter:card\" content=\"summary_large_image\" \/>\n<script type=\"application\/ld+json\" class=\"yoast-schema-graph\">{\"@context\":\"https:\\\/\\\/schema.org\",\"@graph\":[{\"@type\":\"Article\",\"@id\":\"https:\\\/\\\/www.meydan.tv\\\/az\\\/article\\\/prezident-seckilerinin-qarabag-danisiqlarina-tesiri\\\/#article\",\"isPartOf\":{\"@id\":\"https:\\\/\\\/www.meydan.tv\\\/az\\\/article\\\/prezident-seckilerinin-qarabag-danisiqlarina-tesiri\\\/\"},\"author\":{\"name\":\"user-manager\",\"@id\":\"https:\\\/\\\/www.meydan.tv\\\/az\\\/#\\\/schema\\\/person\\\/10d11eccf6da3662cf5fdab9806ea91a\"},\"headline\":\"Prezident se\u00e7kil\u0259rinin Qaraba\u011f dan\u0131\u015f\u0131qlar\u0131na t\u0259siri\",\"datePublished\":\"2018-02-14T13:09:23+00:00\",\"mainEntityOfPage\":{\"@id\":\"https:\\\/\\\/www.meydan.tv\\\/az\\\/article\\\/prezident-seckilerinin-qarabag-danisiqlarina-tesiri\\\/\"},\"wordCount\":1879,\"publisher\":{\"@id\":\"https:\\\/\\\/www.meydan.tv\\\/az\\\/#organization\"},\"image\":{\"@id\":\"https:\\\/\\\/www.meydan.tv\\\/az\\\/article\\\/prezident-seckilerinin-qarabag-danisiqlarina-tesiri\\\/#primaryimage\"},\"thumbnailUrl\":\"https:\\\/\\\/www.meydan.tv\\\/wp-content\\\/uploads\\\/39361.jpg\",\"articleSection\":[\"Analitika\"],\"inLanguage\":\"az\"},{\"@type\":\"WebPage\",\"@id\":\"https:\\\/\\\/www.meydan.tv\\\/az\\\/article\\\/prezident-seckilerinin-qarabag-danisiqlarina-tesiri\\\/\",\"url\":\"https:\\\/\\\/www.meydan.tv\\\/az\\\/article\\\/prezident-seckilerinin-qarabag-danisiqlarina-tesiri\\\/\",\"name\":\"Prezident se\u00e7kil\u0259rinin Qaraba\u011f dan\u0131\u015f\u0131qlar\u0131na t\u0259siri - MEYDAN.TV\",\"isPartOf\":{\"@id\":\"https:\\\/\\\/www.meydan.tv\\\/az\\\/#website\"},\"primaryImageOfPage\":{\"@id\":\"https:\\\/\\\/www.meydan.tv\\\/az\\\/article\\\/prezident-seckilerinin-qarabag-danisiqlarina-tesiri\\\/#primaryimage\"},\"image\":{\"@id\":\"https:\\\/\\\/www.meydan.tv\\\/az\\\/article\\\/prezident-seckilerinin-qarabag-danisiqlarina-tesiri\\\/#primaryimage\"},\"thumbnailUrl\":\"https:\\\/\\\/www.meydan.tv\\\/wp-content\\\/uploads\\\/39361.jpg\",\"datePublished\":\"2018-02-14T13:09:23+00:00\",\"breadcrumb\":{\"@id\":\"https:\\\/\\\/www.meydan.tv\\\/az\\\/article\\\/prezident-seckilerinin-qarabag-danisiqlarina-tesiri\\\/#breadcrumb\"},\"inLanguage\":\"az\",\"potentialAction\":[{\"@type\":\"ReadAction\",\"target\":[\"https:\\\/\\\/www.meydan.tv\\\/az\\\/article\\\/prezident-seckilerinin-qarabag-danisiqlarina-tesiri\\\/\"]}]},{\"@type\":\"ImageObject\",\"inLanguage\":\"az\",\"@id\":\"https:\\\/\\\/www.meydan.tv\\\/az\\\/article\\\/prezident-seckilerinin-qarabag-danisiqlarina-tesiri\\\/#primaryimage\",\"url\":\"https:\\\/\\\/www.meydan.tv\\\/wp-content\\\/uploads\\\/39361.jpg\",\"contentUrl\":\"https:\\\/\\\/www.meydan.tv\\\/wp-content\\\/uploads\\\/39361.jpg\",\"width\":800,\"height\":542,\"caption\":\"Source:\"},{\"@type\":\"BreadcrumbList\",\"@id\":\"https:\\\/\\\/www.meydan.tv\\\/az\\\/article\\\/prezident-seckilerinin-qarabag-danisiqlarina-tesiri\\\/#breadcrumb\",\"itemListElement\":[{\"@type\":\"ListItem\",\"position\":1,\"name\":\"Ana s\u0259hif\u0259\",\"item\":\"https:\\\/\\\/www.meydan.tv\\\/az\\\/\"},{\"@type\":\"ListItem\",\"position\":2,\"name\":\"Analitika\",\"item\":\"https:\\\/\\\/www.meydan.tv\\\/az\\\/section\\\/analitika\\\/\"},{\"@type\":\"ListItem\",\"position\":3,\"name\":\"Prezident se\u00e7kil\u0259rinin Qaraba\u011f dan\u0131\u015f\u0131qlar\u0131na t\u0259siri\"}]},{\"@type\":\"WebSite\",\"@id\":\"https:\\\/\\\/www.meydan.tv\\\/az\\\/#website\",\"url\":\"https:\\\/\\\/www.meydan.tv\\\/az\\\/\",\"name\":\"MEYDAN.TV\",\"description\":\"Meydan TV Az\u0259rbaycan\u0131n media m\u0259kan\u0131ndak\u0131 alternativ s\u0259sidir\",\"publisher\":{\"@id\":\"https:\\\/\\\/www.meydan.tv\\\/az\\\/#organization\"},\"potentialAction\":[{\"@type\":\"SearchAction\",\"target\":{\"@type\":\"EntryPoint\",\"urlTemplate\":\"https:\\\/\\\/www.meydan.tv\\\/az\\\/?s={search_term_string}\"},\"query-input\":{\"@type\":\"PropertyValueSpecification\",\"valueRequired\":true,\"valueName\":\"search_term_string\"}}],\"inLanguage\":\"az\"},{\"@type\":\"Organization\",\"@id\":\"https:\\\/\\\/www.meydan.tv\\\/az\\\/#organization\",\"name\":\"Meydan TV\",\"url\":\"https:\\\/\\\/www.meydan.tv\\\/az\\\/\",\"logo\":{\"@type\":\"ImageObject\",\"inLanguage\":\"az\",\"@id\":\"https:\\\/\\\/www.meydan.tv\\\/az\\\/#\\\/schema\\\/logo\\\/image\\\/\",\"url\":\"https:\\\/\\\/www.meydan.tv\\\/wp-content\\\/uploads\\\/2021\\\/07\\\/meydan-logo.svg\",\"contentUrl\":\"https:\\\/\\\/www.meydan.tv\\\/wp-content\\\/uploads\\\/2021\\\/07\\\/meydan-logo.svg\",\"width\":195,\"height\":46,\"caption\":\"Meydan TV\"},\"image\":{\"@id\":\"https:\\\/\\\/www.meydan.tv\\\/az\\\/#\\\/schema\\\/logo\\\/image\\\/\"}},{\"@type\":\"Person\",\"@id\":\"https:\\\/\\\/www.meydan.tv\\\/az\\\/#\\\/schema\\\/person\\\/10d11eccf6da3662cf5fdab9806ea91a\",\"name\":\"user-manager\"}]}<\/script>\n<!-- \/ Yoast SEO plugin. -->","yoast_head_json":{"title":"Prezident se\u00e7kil\u0259rinin Qaraba\u011f dan\u0131\u015f\u0131qlar\u0131na t\u0259siri - MEYDAN.TV","robots":{"index":"index","follow":"follow","max-snippet":"max-snippet:-1","max-image-preview":"max-image-preview:large","max-video-preview":"max-video-preview:-1"},"canonical":"https:\/\/www.meydan.tv\/az\/article\/prezident-seckilerinin-qarabag-danisiqlarina-tesiri\/","og_locale":"az_AZ","og_type":"article","og_title":"Prezident se\u00e7kil\u0259rinin Qaraba\u011f dan\u0131\u015f\u0131qlar\u0131na t\u0259siri - MEYDAN.TV","og_description":"''AB\u015e d\u00f6rd\u00fcnc\u00fc m\u00fcdd\u0259t \u00fc\u00e7\u00fcn \u018fliyevin namiz\u0259dliyinin ir\u0259li s\u00fcr\u00fclm\u0259si fakt\u0131n\u0131 q\u0259bul edib''","og_url":"https:\/\/www.meydan.tv\/az\/article\/prezident-seckilerinin-qarabag-danisiqlarina-tesiri\/","og_site_name":"MEYDAN.TV","article_published_time":"2018-02-14T13:09:23+00:00","og_image":[{"width":800,"height":542,"url":"https:\/\/www.meydan.tv\/wp-content\/uploads\/39361.jpg","type":"image\/jpeg"}],"author":"user-manager","twitter_card":"summary_large_image","schema":{"@context":"https:\/\/schema.org","@graph":[{"@type":"Article","@id":"https:\/\/www.meydan.tv\/az\/article\/prezident-seckilerinin-qarabag-danisiqlarina-tesiri\/#article","isPartOf":{"@id":"https:\/\/www.meydan.tv\/az\/article\/prezident-seckilerinin-qarabag-danisiqlarina-tesiri\/"},"author":{"name":"user-manager","@id":"https:\/\/www.meydan.tv\/az\/#\/schema\/person\/10d11eccf6da3662cf5fdab9806ea91a"},"headline":"Prezident se\u00e7kil\u0259rinin Qaraba\u011f dan\u0131\u015f\u0131qlar\u0131na t\u0259siri","datePublished":"2018-02-14T13:09:23+00:00","mainEntityOfPage":{"@id":"https:\/\/www.meydan.tv\/az\/article\/prezident-seckilerinin-qarabag-danisiqlarina-tesiri\/"},"wordCount":1879,"publisher":{"@id":"https:\/\/www.meydan.tv\/az\/#organization"},"image":{"@id":"https:\/\/www.meydan.tv\/az\/article\/prezident-seckilerinin-qarabag-danisiqlarina-tesiri\/#primaryimage"},"thumbnailUrl":"https:\/\/www.meydan.tv\/wp-content\/uploads\/39361.jpg","articleSection":["Analitika"],"inLanguage":"az"},{"@type":"WebPage","@id":"https:\/\/www.meydan.tv\/az\/article\/prezident-seckilerinin-qarabag-danisiqlarina-tesiri\/","url":"https:\/\/www.meydan.tv\/az\/article\/prezident-seckilerinin-qarabag-danisiqlarina-tesiri\/","name":"Prezident se\u00e7kil\u0259rinin Qaraba\u011f dan\u0131\u015f\u0131qlar\u0131na t\u0259siri - MEYDAN.TV","isPartOf":{"@id":"https:\/\/www.meydan.tv\/az\/#website"},"primaryImageOfPage":{"@id":"https:\/\/www.meydan.tv\/az\/article\/prezident-seckilerinin-qarabag-danisiqlarina-tesiri\/#primaryimage"},"image":{"@id":"https:\/\/www.meydan.tv\/az\/article\/prezident-seckilerinin-qarabag-danisiqlarina-tesiri\/#primaryimage"},"thumbnailUrl":"https:\/\/www.meydan.tv\/wp-content\/uploads\/39361.jpg","datePublished":"2018-02-14T13:09:23+00:00","breadcrumb":{"@id":"https:\/\/www.meydan.tv\/az\/article\/prezident-seckilerinin-qarabag-danisiqlarina-tesiri\/#breadcrumb"},"inLanguage":"az","potentialAction":[{"@type":"ReadAction","target":["https:\/\/www.meydan.tv\/az\/article\/prezident-seckilerinin-qarabag-danisiqlarina-tesiri\/"]}]},{"@type":"ImageObject","inLanguage":"az","@id":"https:\/\/www.meydan.tv\/az\/article\/prezident-seckilerinin-qarabag-danisiqlarina-tesiri\/#primaryimage","url":"https:\/\/www.meydan.tv\/wp-content\/uploads\/39361.jpg","contentUrl":"https:\/\/www.meydan.tv\/wp-content\/uploads\/39361.jpg","width":800,"height":542,"caption":"Source:"},{"@type":"BreadcrumbList","@id":"https:\/\/www.meydan.tv\/az\/article\/prezident-seckilerinin-qarabag-danisiqlarina-tesiri\/#breadcrumb","itemListElement":[{"@type":"ListItem","position":1,"name":"Ana s\u0259hif\u0259","item":"https:\/\/www.meydan.tv\/az\/"},{"@type":"ListItem","position":2,"name":"Analitika","item":"https:\/\/www.meydan.tv\/az\/section\/analitika\/"},{"@type":"ListItem","position":3,"name":"Prezident se\u00e7kil\u0259rinin Qaraba\u011f dan\u0131\u015f\u0131qlar\u0131na t\u0259siri"}]},{"@type":"WebSite","@id":"https:\/\/www.meydan.tv\/az\/#website","url":"https:\/\/www.meydan.tv\/az\/","name":"MEYDAN.TV","description":"Meydan TV Az\u0259rbaycan\u0131n media m\u0259kan\u0131ndak\u0131 alternativ s\u0259sidir","publisher":{"@id":"https:\/\/www.meydan.tv\/az\/#organization"},"potentialAction":[{"@type":"SearchAction","target":{"@type":"EntryPoint","urlTemplate":"https:\/\/www.meydan.tv\/az\/?s={search_term_string}"},"query-input":{"@type":"PropertyValueSpecification","valueRequired":true,"valueName":"search_term_string"}}],"inLanguage":"az"},{"@type":"Organization","@id":"https:\/\/www.meydan.tv\/az\/#organization","name":"Meydan TV","url":"https:\/\/www.meydan.tv\/az\/","logo":{"@type":"ImageObject","inLanguage":"az","@id":"https:\/\/www.meydan.tv\/az\/#\/schema\/logo\/image\/","url":"https:\/\/www.meydan.tv\/wp-content\/uploads\/2021\/07\/meydan-logo.svg","contentUrl":"https:\/\/www.meydan.tv\/wp-content\/uploads\/2021\/07\/meydan-logo.svg","width":195,"height":46,"caption":"Meydan TV"},"image":{"@id":"https:\/\/www.meydan.tv\/az\/#\/schema\/logo\/image\/"}},{"@type":"Person","@id":"https:\/\/www.meydan.tv\/az\/#\/schema\/person\/10d11eccf6da3662cf5fdab9806ea91a","name":"user-manager"}]}},"_links":{"self":[{"href":"https:\/\/www.meydan.tv\/az\/wp-json\/wp\/v2\/posts\/188681","targetHints":{"allow":["GET"]}}],"collection":[{"href":"https:\/\/www.meydan.tv\/az\/wp-json\/wp\/v2\/posts"}],"about":[{"href":"https:\/\/www.meydan.tv\/az\/wp-json\/wp\/v2\/types\/post"}],"author":[{"embeddable":true,"href":"https:\/\/www.meydan.tv\/az\/wp-json\/wp\/v2\/users\/11"}],"replies":[{"embeddable":true,"href":"https:\/\/www.meydan.tv\/az\/wp-json\/wp\/v2\/comments?post=188681"}],"version-history":[{"count":0,"href":"https:\/\/www.meydan.tv\/az\/wp-json\/wp\/v2\/posts\/188681\/revisions"}],"wp:featuredmedia":[{"embeddable":true,"href":"https:\/\/www.meydan.tv\/az\/wp-json\/wp\/v2\/media\/99497"}],"wp:attachment":[{"href":"https:\/\/www.meydan.tv\/az\/wp-json\/wp\/v2\/media?parent=188681"}],"wp:term":[{"taxonomy":"category","embeddable":true,"href":"https:\/\/www.meydan.tv\/az\/wp-json\/wp\/v2\/categories?post=188681"},{"taxonomy":"post_tag","embeddable":true,"href":"https:\/\/www.meydan.tv\/az\/wp-json\/wp\/v2\/tags?post=188681"}],"curies":[{"name":"wp","href":"https:\/\/api.w.org\/{rel}","templated":true}]}}