{"id":188668,"date":"2018-02-13T18:21:48","date_gmt":"2018-02-13T18:21:48","guid":{"rendered":"https:\/\/www.meydan.tv\/article\/rasim-musabeyov-2-3-rayonun-azad-edilmesi-qarsiliginda-ermenistanin-kommunikasiyalari-acila-biler\/"},"modified":"2018-02-13T18:21:48","modified_gmt":"2018-02-13T18:21:48","slug":"rasim-musabeyov-2-3-rayonun-azad-edilmesi-qarsiliginda-ermenistanin-kommunikasiyalari-acila-biler","status":"publish","type":"post","link":"https:\/\/www.meydan.tv\/az\/article\/rasim-musabeyov-2-3-rayonun-azad-edilmesi-qarsiliginda-ermenistanin-kommunikasiyalari-acila-biler\/","title":{"rendered":"Rasim Musab\u0259yov: 2-3 rayonun azad edilm\u0259si qar\u015f\u0131l\u0131\u011f\u0131nda Erm\u0259nistan\u0131n kommunikasiyalar\u0131 a\u00e7\u0131la bil\u0259r"},"content":{"rendered":"<figure class=\"wp-block-image size-large\">\n  <img decoding=\"async\" src=\"https:\/\/www.meydan.tv\/az\/99494\/\" alt=\"\" class=\"wp-image-99494\"\/><figcaption><\/figcaption><\/figure>\n<p>\n  <i><br \/>\n    &#8221;2-3 rayonun azad edilm\u0259si qar\u015f\u0131l\u0131\u011f\u0131nda Erm\u0259nistan\u0131n kommunikasiyalar\u0131 a\u00e7\u0131la bil\u0259r&#8221;<br \/>\n  <\/i>\n<\/p>\n<p>\n  Az\u0259rbaycanda prezident se\u00e7kil\u0259rinin ert\u0259l\u0259nm\u0259si Erm\u0259nistanla dan\u0131\u015f\u0131qlar prosesind\u0259 tempin saxlan\u0131lmas\u0131na v\u0259 el\u0259 bu il ir\u0259lil\u0259yi\u015f\u0259 nail olma\u011fa imkan verir.\n<\/p>\n<p>\n  Meydan TV x\u0259b\u0259r verir ki, bunu Erm\u0259nistan\u0131n Arm\u0130nfo agentliyin\u0259<br \/>\n  <a href=\"http:\/\/arminfo.info\/full_news.php?id=29443&amp;lang=2\"><br \/>\n    m\u00fcsahib\u0259<br \/>\n  <\/a><br \/>\n  sind\u0259 Milli M\u0259clisin deputat\u0131 Rasim Musab\u0259yov deyib.\n<\/p>\n<p>\n  O, izah edib ki, Erm\u0259nistanda apreld\u0259 prezident se\u00e7kil\u0259rind\u0259n sonra dan\u0131\u015f\u0131qlar\u0131n b\u0259rpas\u0131 may ay\u0131ndan tez olmazd\u0131 v\u0259 yay t\u0259till\u0259rind\u0259n sonra oktyabrda Az\u0259rbaycanda prezident se\u00e7kisi dan\u0131\u015f\u0131qlarda pauzan\u0131 daha da uzadard\u0131.\n<\/p>\n<p>\n  \u201cDan\u0131\u015f\u0131qlarda ir\u0259lil\u0259yi\u015fin olub-olmamas\u0131 is\u0259 t\u0259r\u0259fl\u0259rin \u00e7\u0259tin kompromisl\u0259r\u0259 haz\u0131r olmas\u0131ndan as\u0131l\u0131 olacaq. M\u0259n\u0259 \u00e7atan informasiyalardan bel\u0259 n\u0259tic\u0259 \u00e7\u0131xara bil\u0259r\u0259m ki, dan\u0131\u015f\u0131qlarda baza olaraq \u201cMadrid prinsipl\u0259ri\u201d \u0259sas g\u00f6t\u00fcr\u00fcl\u00fcr v\u0259 onun dig\u0259r bir versiyas\u0131 \u201cKazan s\u0259n\u0259dl\u0259ri\u201d d\u0259 arxiv\u0259 g\u00f6nd\u0259rilm\u0259y\u0259r\u0259k, aktuall\u0131\u011f\u0131n\u0131 saxlay\u0131r\u201d.\n<\/p>\n<p>\n  R.Musab\u0259yov hesab edir ki, Az\u0259rbaycan\u0131n Erm\u0259nistandan t\u0259cili v\u0259 tam olaraq i\u015f\u011fal olunan \u0259razil\u0259rd\u0259n \u00e7\u0131xmas\u0131 t\u0259l\u0259bi, Erm\u0259nistan\u0131n is\u0259 cavab olaraq Da\u011fl\u0131q Qaraba\u011fda referendum ke\u00e7irilm\u0259si t\u0259l\u0259bi dan\u0131\u015f\u0131qlar\u0131 dalana dir\u0259yib.\n<\/p>\n<p>\n  Onun s\u00f6zl\u0259rin\u0259 g\u00f6r\u0259, ola bil\u0259r ki, t\u0259r\u0259fl\u0259r bundan ki\u00e7ik add\u0131mlarla h\u0259r \u015feyi bird\u0259n \u0259ld\u0259 etm\u0259s\u0259l\u0259r d\u0259, qar\u015f\u0131l\u0131ql\u0131 g\u00fcz\u0259\u015ftl\u0259r say\u0259sind\u0259 bonuslar \u0259ld\u0259 ed\u0259r\u0259k ir\u0259li getsinl\u0259r.\n<\/p>\n<p>\n  \u201cN\u00fcmun\u0259 \u00fc\u00e7\u00fcn, dem\u0259k olar ki, \u00e7\u0259r\u00e7iv\u0259 sazi\u015fi imzaland\u0131qdan sonra 2-3 rayon azad edilir v\u0259 bunun \u0259v\u0259zind\u0259 Az\u0259rbaycan v\u0259 T\u00fcrkiy\u0259 Erm\u0259nistan\u0131n kommunikasiyalar\u0131n\u0131 a\u00e7\u0131rlar. Bu el\u0259 d\u0259 az deyil, \u00e7\u00fcnki Erm\u0259nistan T\u00fcrkiy\u0259 vasit\u0259sil\u0259 Avropa v\u0259 Yax\u0131n \u015e\u0259rq\u0259, Az\u0259rbaycan vasit\u0259sil\u0259 \u0130ran, Rusiya, M\u0259rk\u0259zi Asiya v\u0259 \u00c7in\u0259 yol tap\u0131r\u201d, &#8211; R.Musab\u0259yov deyib.<br \/>\n  <br \/>\n  Onun s\u00f6zl\u0259rin\u0259 g\u00f6r\u0259, bundan ba\u015fqa Da\u011fl\u0131q Qaraba\u011f r\u0259smi Bak\u0131n\u0131n aviasiya \u0259laq\u0259si \u0259ld\u0259 etm\u0259kl\u0259 ba\u011fl\u0131 raz\u0131l\u0131\u011f\u0131n\u0131 da ala bil\u0259r.\n<\/p>\n<p>\n  \u201cT\u0259r\u0259fl\u0259r aras\u0131nda inam\u0131n artmas\u0131 g\u0259rginliyi azalda bil\u0259r v\u0259 n\u00f6vb\u0259ti m\u0259rh\u0259l\u0259d\u0259 Da\u011fl\u0131q Qaraba\u011f\u0131n siyasi dialoqa qo\u015fulmas\u0131na, xarici bazarlara \u00e7\u0131x\u0131\u015f \u0259ld\u0259 etm\u0259kl\u0259 iqtisadi f\u0259aliyy\u0259t g\u00f6st\u0259rm\u0259sin\u0259 imkan ver\u0259n aral\u0131q statusunun m\u00fc\u0259yy\u0259n edilm\u0259si h\u0259ll oluna bil\u0259r. Bunun da \u0259v\u0259zin\u0259 daha 2-3 rayon azad edil\u0259 bil\u0259r\u201d, &#8211; deputat deyib.\n<\/p>\n<p>\n  R.Musab\u0259yov deyib ki, dan\u0131\u015f\u0131qlarda ir\u0259lil\u0259yi\u015f m\u00fctl\u0259q olmal\u0131d\u0131r, \u00e7\u00fcnki bunun alternativi n\u0259 Az\u0259rbaycana, n\u0259 d\u0259 Erm\u0259nistana s\u0259rf etm\u0259y\u0259n qanl\u0131 m\u00fcharib\u0259dir.\n<\/p>\n<p>\n  Da\u011fl\u0131q Qaraba\u011f m\u00fcnaqi\u015f\u0259sinin m\u00fcasir m\u0259rh\u0259l\u0259si 1988-ci ild\u0259 Erm\u0259nistan SSR-in Az\u0259rbaycan SSR-\u0259 qar\u015f\u0131 \u0259razi iddialar\u0131 \u0259sas\u0131nda ba\u015flay\u0131b. 1991-1994-c\u00fc ill\u0259rd\u0259 Az\u0259rbaycan\u0131n Da\u011fl\u0131q Qaraba\u011f \u0259razisi u\u011frunda Erm\u0259nistanla Az\u0259rbaycan aras\u0131nda m\u00fcharib\u0259 ba\u015f verib. N\u0259tic\u0259d\u0259 Az\u0259rbaycan \u0259razil\u0259rinin 20 faizi &#8211; Da\u011fl\u0131q Qaraba\u011f v\u0259 \u0259traf 7 inzibati rayon (La\u00e7\u0131n, K\u0259lb\u0259c\u0259r, A\u011fdam, F\u00fczuli, C\u0259bray\u0131l, Qubadl\u0131, Z\u0259ngilan) Erm\u0259nistan Silahl\u0131 Q\u00fcvv\u0259l\u0259ri t\u0259r\u0259find\u0259n i\u015f\u011fal olunub, 1 milyondan art\u0131q insan qa\u00e7q\u0131n v\u0259 m\u0259cburi k\u00f6\u00e7k\u00fcn v\u0259ziyy\u0259tin\u0259 d\u00fc\u015f\u00fcb. H\u0259rbi \u0259m\u0259liyyatlar 1994-c\u00fc ilin may ay\u0131nda Bi\u015fkekd\u0259 Az\u0259rbaycan v\u0259 Erm\u0259nistan aras\u0131nda imzalanm\u0131\u015f at\u0259\u015fk\u0259s sazi\u015fi il\u0259 ba\u015fa \u00e7at\u0131b.\n<\/p>\n<p>\n  Da\u011fl\u0131q Qaraba\u011f m\u00fcnaqi\u015f\u0259sinin h\u0259lli il\u0259 AT\u018fT-in Minsk Qrupu v\u0259 Rusiya, AB\u015e, Fransadan ibar\u0259t h\u0259ms\u0259drl\u0259ri m\u0259\u015f\u011ful olur.<\/p>\n","protected":false},"excerpt":{"rendered":"<p>Da\u011fl\u0131q Qaraba\u011f dan\u0131\u015f\u0131qlar\u0131nda ir\u0259lil\u0259yi\u015f t\u0259r\u0259fl\u0259rin \u00e7\u0259tin g\u00fcz\u0259\u015ftl\u0259r\u0259 haz\u0131r olmas\u0131ndan as\u0131l\u0131d\u0131r<\/p>\n","protected":false},"author":11,"featured_media":99494,"comment_status":"closed","ping_status":"open","sticky":false,"template":"","format":"standard","meta":{"_acf_changed":false,"_sitemap_exclude":false,"_sitemap_priority":"","_sitemap_frequency":"","footnotes":""},"categories":[56],"tags":[],"class_list":["post-188668","post","type-post","status-publish","format-standard","has-post-thumbnail","hentry","category-xeberler","infinite-scroll-item","generate-columns","tablet-grid-50","mobile-grid-100","grid-parent","grid-33","no-featured-image-padding"],"acf":[],"yoast_head":"<!-- This site is optimized with the Yoast SEO plugin v27.4 - https:\/\/yoast.com\/product\/yoast-seo-wordpress\/ -->\n<title>Rasim Musab\u0259yov: 2-3 rayonun azad edilm\u0259si qar\u015f\u0131l\u0131\u011f\u0131nda Erm\u0259nistan\u0131n kommunikasiyalar\u0131 a\u00e7\u0131la bil\u0259r - MEYDAN.TV<\/title>\n<meta name=\"robots\" content=\"index, follow, max-snippet:-1, max-image-preview:large, max-video-preview:-1\" \/>\n<link rel=\"canonical\" href=\"https:\/\/www.meydan.tv\/az\/article\/rasim-musabeyov-2-3-rayonun-azad-edilmesi-qarsiliginda-ermenistanin-kommunikasiyalari-acila-biler\/\" \/>\n<meta property=\"og:locale\" content=\"az_AZ\" \/>\n<meta property=\"og:type\" content=\"article\" \/>\n<meta property=\"og:title\" content=\"Rasim Musab\u0259yov: 2-3 rayonun azad edilm\u0259si qar\u015f\u0131l\u0131\u011f\u0131nda Erm\u0259nistan\u0131n kommunikasiyalar\u0131 a\u00e7\u0131la bil\u0259r - MEYDAN.TV\" \/>\n<meta property=\"og:description\" content=\"Da\u011fl\u0131q Qaraba\u011f dan\u0131\u015f\u0131qlar\u0131nda ir\u0259lil\u0259yi\u015f t\u0259r\u0259fl\u0259rin \u00e7\u0259tin g\u00fcz\u0259\u015ftl\u0259r\u0259 haz\u0131r olmas\u0131ndan as\u0131l\u0131d\u0131r\" \/>\n<meta property=\"og:url\" content=\"https:\/\/www.meydan.tv\/az\/article\/rasim-musabeyov-2-3-rayonun-azad-edilmesi-qarsiliginda-ermenistanin-kommunikasiyalari-acila-biler\/\" \/>\n<meta property=\"og:site_name\" content=\"MEYDAN.TV\" \/>\n<meta property=\"article:published_time\" content=\"2018-02-13T18:21:48+00:00\" \/>\n<meta property=\"og:image\" content=\"https:\/\/www.meydan.tv\/wp-content\/uploads\/39353.jpg\" \/>\n\t<meta property=\"og:image:width\" content=\"1023\" \/>\n\t<meta property=\"og:image:height\" content=\"575\" \/>\n\t<meta property=\"og:image:type\" content=\"image\/jpeg\" \/>\n<meta name=\"author\" content=\"user-manager\" \/>\n<meta name=\"twitter:card\" content=\"summary_large_image\" \/>\n<script type=\"application\/ld+json\" class=\"yoast-schema-graph\">{\"@context\":\"https:\\\/\\\/schema.org\",\"@graph\":[{\"@type\":\"Article\",\"@id\":\"https:\\\/\\\/www.meydan.tv\\\/az\\\/article\\\/rasim-musabeyov-2-3-rayonun-azad-edilmesi-qarsiliginda-ermenistanin-kommunikasiyalari-acila-biler\\\/#article\",\"isPartOf\":{\"@id\":\"https:\\\/\\\/www.meydan.tv\\\/az\\\/article\\\/rasim-musabeyov-2-3-rayonun-azad-edilmesi-qarsiliginda-ermenistanin-kommunikasiyalari-acila-biler\\\/\"},\"author\":{\"name\":\"user-manager\",\"@id\":\"https:\\\/\\\/www.meydan.tv\\\/az\\\/#\\\/schema\\\/person\\\/10d11eccf6da3662cf5fdab9806ea91a\"},\"headline\":\"Rasim Musab\u0259yov: 2-3 rayonun azad edilm\u0259si qar\u015f\u0131l\u0131\u011f\u0131nda Erm\u0259nistan\u0131n kommunikasiyalar\u0131 a\u00e7\u0131la bil\u0259r\",\"datePublished\":\"2018-02-13T18:21:48+00:00\",\"mainEntityOfPage\":{\"@id\":\"https:\\\/\\\/www.meydan.tv\\\/az\\\/article\\\/rasim-musabeyov-2-3-rayonun-azad-edilmesi-qarsiliginda-ermenistanin-kommunikasiyalari-acila-biler\\\/\"},\"wordCount\":689,\"publisher\":{\"@id\":\"https:\\\/\\\/www.meydan.tv\\\/az\\\/#organization\"},\"image\":{\"@id\":\"https:\\\/\\\/www.meydan.tv\\\/az\\\/article\\\/rasim-musabeyov-2-3-rayonun-azad-edilmesi-qarsiliginda-ermenistanin-kommunikasiyalari-acila-biler\\\/#primaryimage\"},\"thumbnailUrl\":\"https:\\\/\\\/www.meydan.tv\\\/wp-content\\\/uploads\\\/39353.jpg\",\"articleSection\":[\"X\u0259b\u0259rl\u0259r\"],\"inLanguage\":\"az\"},{\"@type\":\"WebPage\",\"@id\":\"https:\\\/\\\/www.meydan.tv\\\/az\\\/article\\\/rasim-musabeyov-2-3-rayonun-azad-edilmesi-qarsiliginda-ermenistanin-kommunikasiyalari-acila-biler\\\/\",\"url\":\"https:\\\/\\\/www.meydan.tv\\\/az\\\/article\\\/rasim-musabeyov-2-3-rayonun-azad-edilmesi-qarsiliginda-ermenistanin-kommunikasiyalari-acila-biler\\\/\",\"name\":\"Rasim Musab\u0259yov: 2-3 rayonun azad edilm\u0259si qar\u015f\u0131l\u0131\u011f\u0131nda Erm\u0259nistan\u0131n kommunikasiyalar\u0131 a\u00e7\u0131la bil\u0259r - MEYDAN.TV\",\"isPartOf\":{\"@id\":\"https:\\\/\\\/www.meydan.tv\\\/az\\\/#website\"},\"primaryImageOfPage\":{\"@id\":\"https:\\\/\\\/www.meydan.tv\\\/az\\\/article\\\/rasim-musabeyov-2-3-rayonun-azad-edilmesi-qarsiliginda-ermenistanin-kommunikasiyalari-acila-biler\\\/#primaryimage\"},\"image\":{\"@id\":\"https:\\\/\\\/www.meydan.tv\\\/az\\\/article\\\/rasim-musabeyov-2-3-rayonun-azad-edilmesi-qarsiliginda-ermenistanin-kommunikasiyalari-acila-biler\\\/#primaryimage\"},\"thumbnailUrl\":\"https:\\\/\\\/www.meydan.tv\\\/wp-content\\\/uploads\\\/39353.jpg\",\"datePublished\":\"2018-02-13T18:21:48+00:00\",\"breadcrumb\":{\"@id\":\"https:\\\/\\\/www.meydan.tv\\\/az\\\/article\\\/rasim-musabeyov-2-3-rayonun-azad-edilmesi-qarsiliginda-ermenistanin-kommunikasiyalari-acila-biler\\\/#breadcrumb\"},\"inLanguage\":\"az\",\"potentialAction\":[{\"@type\":\"ReadAction\",\"target\":[\"https:\\\/\\\/www.meydan.tv\\\/az\\\/article\\\/rasim-musabeyov-2-3-rayonun-azad-edilmesi-qarsiliginda-ermenistanin-kommunikasiyalari-acila-biler\\\/\"]}]},{\"@type\":\"ImageObject\",\"inLanguage\":\"az\",\"@id\":\"https:\\\/\\\/www.meydan.tv\\\/az\\\/article\\\/rasim-musabeyov-2-3-rayonun-azad-edilmesi-qarsiliginda-ermenistanin-kommunikasiyalari-acila-biler\\\/#primaryimage\",\"url\":\"https:\\\/\\\/www.meydan.tv\\\/wp-content\\\/uploads\\\/39353.jpg\",\"contentUrl\":\"https:\\\/\\\/www.meydan.tv\\\/wp-content\\\/uploads\\\/39353.jpg\",\"width\":1023,\"height\":575,\"caption\":\"Source:\"},{\"@type\":\"BreadcrumbList\",\"@id\":\"https:\\\/\\\/www.meydan.tv\\\/az\\\/article\\\/rasim-musabeyov-2-3-rayonun-azad-edilmesi-qarsiliginda-ermenistanin-kommunikasiyalari-acila-biler\\\/#breadcrumb\",\"itemListElement\":[{\"@type\":\"ListItem\",\"position\":1,\"name\":\"Ana s\u0259hif\u0259\",\"item\":\"https:\\\/\\\/www.meydan.tv\\\/az\\\/\"},{\"@type\":\"ListItem\",\"position\":2,\"name\":\"X\u0259b\u0259rl\u0259r\",\"item\":\"https:\\\/\\\/www.meydan.tv\\\/az\\\/section\\\/xeberler\\\/\"},{\"@type\":\"ListItem\",\"position\":3,\"name\":\"Rasim Musab\u0259yov: 2-3 rayonun azad edilm\u0259si qar\u015f\u0131l\u0131\u011f\u0131nda Erm\u0259nistan\u0131n kommunikasiyalar\u0131 a\u00e7\u0131la bil\u0259r\"}]},{\"@type\":\"WebSite\",\"@id\":\"https:\\\/\\\/www.meydan.tv\\\/az\\\/#website\",\"url\":\"https:\\\/\\\/www.meydan.tv\\\/az\\\/\",\"name\":\"MEYDAN.TV\",\"description\":\"Meydan TV Az\u0259rbaycan\u0131n media m\u0259kan\u0131ndak\u0131 alternativ s\u0259sidir\",\"publisher\":{\"@id\":\"https:\\\/\\\/www.meydan.tv\\\/az\\\/#organization\"},\"potentialAction\":[{\"@type\":\"SearchAction\",\"target\":{\"@type\":\"EntryPoint\",\"urlTemplate\":\"https:\\\/\\\/www.meydan.tv\\\/az\\\/?s={search_term_string}\"},\"query-input\":{\"@type\":\"PropertyValueSpecification\",\"valueRequired\":true,\"valueName\":\"search_term_string\"}}],\"inLanguage\":\"az\"},{\"@type\":\"Organization\",\"@id\":\"https:\\\/\\\/www.meydan.tv\\\/az\\\/#organization\",\"name\":\"Meydan TV\",\"url\":\"https:\\\/\\\/www.meydan.tv\\\/az\\\/\",\"logo\":{\"@type\":\"ImageObject\",\"inLanguage\":\"az\",\"@id\":\"https:\\\/\\\/www.meydan.tv\\\/az\\\/#\\\/schema\\\/logo\\\/image\\\/\",\"url\":\"https:\\\/\\\/www.meydan.tv\\\/wp-content\\\/uploads\\\/2021\\\/07\\\/meydan-logo.svg\",\"contentUrl\":\"https:\\\/\\\/www.meydan.tv\\\/wp-content\\\/uploads\\\/2021\\\/07\\\/meydan-logo.svg\",\"width\":195,\"height\":46,\"caption\":\"Meydan TV\"},\"image\":{\"@id\":\"https:\\\/\\\/www.meydan.tv\\\/az\\\/#\\\/schema\\\/logo\\\/image\\\/\"}},{\"@type\":\"Person\",\"@id\":\"https:\\\/\\\/www.meydan.tv\\\/az\\\/#\\\/schema\\\/person\\\/10d11eccf6da3662cf5fdab9806ea91a\",\"name\":\"user-manager\"}]}<\/script>\n<!-- \/ Yoast SEO plugin. -->","yoast_head_json":{"title":"Rasim Musab\u0259yov: 2-3 rayonun azad edilm\u0259si qar\u015f\u0131l\u0131\u011f\u0131nda Erm\u0259nistan\u0131n kommunikasiyalar\u0131 a\u00e7\u0131la bil\u0259r - MEYDAN.TV","robots":{"index":"index","follow":"follow","max-snippet":"max-snippet:-1","max-image-preview":"max-image-preview:large","max-video-preview":"max-video-preview:-1"},"canonical":"https:\/\/www.meydan.tv\/az\/article\/rasim-musabeyov-2-3-rayonun-azad-edilmesi-qarsiliginda-ermenistanin-kommunikasiyalari-acila-biler\/","og_locale":"az_AZ","og_type":"article","og_title":"Rasim Musab\u0259yov: 2-3 rayonun azad edilm\u0259si qar\u015f\u0131l\u0131\u011f\u0131nda Erm\u0259nistan\u0131n kommunikasiyalar\u0131 a\u00e7\u0131la bil\u0259r - MEYDAN.TV","og_description":"Da\u011fl\u0131q Qaraba\u011f dan\u0131\u015f\u0131qlar\u0131nda ir\u0259lil\u0259yi\u015f t\u0259r\u0259fl\u0259rin \u00e7\u0259tin g\u00fcz\u0259\u015ftl\u0259r\u0259 haz\u0131r olmas\u0131ndan as\u0131l\u0131d\u0131r","og_url":"https:\/\/www.meydan.tv\/az\/article\/rasim-musabeyov-2-3-rayonun-azad-edilmesi-qarsiliginda-ermenistanin-kommunikasiyalari-acila-biler\/","og_site_name":"MEYDAN.TV","article_published_time":"2018-02-13T18:21:48+00:00","og_image":[{"width":1023,"height":575,"url":"https:\/\/www.meydan.tv\/wp-content\/uploads\/39353.jpg","type":"image\/jpeg"}],"author":"user-manager","twitter_card":"summary_large_image","schema":{"@context":"https:\/\/schema.org","@graph":[{"@type":"Article","@id":"https:\/\/www.meydan.tv\/az\/article\/rasim-musabeyov-2-3-rayonun-azad-edilmesi-qarsiliginda-ermenistanin-kommunikasiyalari-acila-biler\/#article","isPartOf":{"@id":"https:\/\/www.meydan.tv\/az\/article\/rasim-musabeyov-2-3-rayonun-azad-edilmesi-qarsiliginda-ermenistanin-kommunikasiyalari-acila-biler\/"},"author":{"name":"user-manager","@id":"https:\/\/www.meydan.tv\/az\/#\/schema\/person\/10d11eccf6da3662cf5fdab9806ea91a"},"headline":"Rasim Musab\u0259yov: 2-3 rayonun azad edilm\u0259si qar\u015f\u0131l\u0131\u011f\u0131nda Erm\u0259nistan\u0131n kommunikasiyalar\u0131 a\u00e7\u0131la bil\u0259r","datePublished":"2018-02-13T18:21:48+00:00","mainEntityOfPage":{"@id":"https:\/\/www.meydan.tv\/az\/article\/rasim-musabeyov-2-3-rayonun-azad-edilmesi-qarsiliginda-ermenistanin-kommunikasiyalari-acila-biler\/"},"wordCount":689,"publisher":{"@id":"https:\/\/www.meydan.tv\/az\/#organization"},"image":{"@id":"https:\/\/www.meydan.tv\/az\/article\/rasim-musabeyov-2-3-rayonun-azad-edilmesi-qarsiliginda-ermenistanin-kommunikasiyalari-acila-biler\/#primaryimage"},"thumbnailUrl":"https:\/\/www.meydan.tv\/wp-content\/uploads\/39353.jpg","articleSection":["X\u0259b\u0259rl\u0259r"],"inLanguage":"az"},{"@type":"WebPage","@id":"https:\/\/www.meydan.tv\/az\/article\/rasim-musabeyov-2-3-rayonun-azad-edilmesi-qarsiliginda-ermenistanin-kommunikasiyalari-acila-biler\/","url":"https:\/\/www.meydan.tv\/az\/article\/rasim-musabeyov-2-3-rayonun-azad-edilmesi-qarsiliginda-ermenistanin-kommunikasiyalari-acila-biler\/","name":"Rasim Musab\u0259yov: 2-3 rayonun azad edilm\u0259si qar\u015f\u0131l\u0131\u011f\u0131nda Erm\u0259nistan\u0131n kommunikasiyalar\u0131 a\u00e7\u0131la bil\u0259r - MEYDAN.TV","isPartOf":{"@id":"https:\/\/www.meydan.tv\/az\/#website"},"primaryImageOfPage":{"@id":"https:\/\/www.meydan.tv\/az\/article\/rasim-musabeyov-2-3-rayonun-azad-edilmesi-qarsiliginda-ermenistanin-kommunikasiyalari-acila-biler\/#primaryimage"},"image":{"@id":"https:\/\/www.meydan.tv\/az\/article\/rasim-musabeyov-2-3-rayonun-azad-edilmesi-qarsiliginda-ermenistanin-kommunikasiyalari-acila-biler\/#primaryimage"},"thumbnailUrl":"https:\/\/www.meydan.tv\/wp-content\/uploads\/39353.jpg","datePublished":"2018-02-13T18:21:48+00:00","breadcrumb":{"@id":"https:\/\/www.meydan.tv\/az\/article\/rasim-musabeyov-2-3-rayonun-azad-edilmesi-qarsiliginda-ermenistanin-kommunikasiyalari-acila-biler\/#breadcrumb"},"inLanguage":"az","potentialAction":[{"@type":"ReadAction","target":["https:\/\/www.meydan.tv\/az\/article\/rasim-musabeyov-2-3-rayonun-azad-edilmesi-qarsiliginda-ermenistanin-kommunikasiyalari-acila-biler\/"]}]},{"@type":"ImageObject","inLanguage":"az","@id":"https:\/\/www.meydan.tv\/az\/article\/rasim-musabeyov-2-3-rayonun-azad-edilmesi-qarsiliginda-ermenistanin-kommunikasiyalari-acila-biler\/#primaryimage","url":"https:\/\/www.meydan.tv\/wp-content\/uploads\/39353.jpg","contentUrl":"https:\/\/www.meydan.tv\/wp-content\/uploads\/39353.jpg","width":1023,"height":575,"caption":"Source:"},{"@type":"BreadcrumbList","@id":"https:\/\/www.meydan.tv\/az\/article\/rasim-musabeyov-2-3-rayonun-azad-edilmesi-qarsiliginda-ermenistanin-kommunikasiyalari-acila-biler\/#breadcrumb","itemListElement":[{"@type":"ListItem","position":1,"name":"Ana s\u0259hif\u0259","item":"https:\/\/www.meydan.tv\/az\/"},{"@type":"ListItem","position":2,"name":"X\u0259b\u0259rl\u0259r","item":"https:\/\/www.meydan.tv\/az\/section\/xeberler\/"},{"@type":"ListItem","position":3,"name":"Rasim Musab\u0259yov: 2-3 rayonun azad edilm\u0259si qar\u015f\u0131l\u0131\u011f\u0131nda Erm\u0259nistan\u0131n kommunikasiyalar\u0131 a\u00e7\u0131la bil\u0259r"}]},{"@type":"WebSite","@id":"https:\/\/www.meydan.tv\/az\/#website","url":"https:\/\/www.meydan.tv\/az\/","name":"MEYDAN.TV","description":"Meydan TV Az\u0259rbaycan\u0131n media m\u0259kan\u0131ndak\u0131 alternativ s\u0259sidir","publisher":{"@id":"https:\/\/www.meydan.tv\/az\/#organization"},"potentialAction":[{"@type":"SearchAction","target":{"@type":"EntryPoint","urlTemplate":"https:\/\/www.meydan.tv\/az\/?s={search_term_string}"},"query-input":{"@type":"PropertyValueSpecification","valueRequired":true,"valueName":"search_term_string"}}],"inLanguage":"az"},{"@type":"Organization","@id":"https:\/\/www.meydan.tv\/az\/#organization","name":"Meydan TV","url":"https:\/\/www.meydan.tv\/az\/","logo":{"@type":"ImageObject","inLanguage":"az","@id":"https:\/\/www.meydan.tv\/az\/#\/schema\/logo\/image\/","url":"https:\/\/www.meydan.tv\/wp-content\/uploads\/2021\/07\/meydan-logo.svg","contentUrl":"https:\/\/www.meydan.tv\/wp-content\/uploads\/2021\/07\/meydan-logo.svg","width":195,"height":46,"caption":"Meydan TV"},"image":{"@id":"https:\/\/www.meydan.tv\/az\/#\/schema\/logo\/image\/"}},{"@type":"Person","@id":"https:\/\/www.meydan.tv\/az\/#\/schema\/person\/10d11eccf6da3662cf5fdab9806ea91a","name":"user-manager"}]}},"_links":{"self":[{"href":"https:\/\/www.meydan.tv\/az\/wp-json\/wp\/v2\/posts\/188668","targetHints":{"allow":["GET"]}}],"collection":[{"href":"https:\/\/www.meydan.tv\/az\/wp-json\/wp\/v2\/posts"}],"about":[{"href":"https:\/\/www.meydan.tv\/az\/wp-json\/wp\/v2\/types\/post"}],"author":[{"embeddable":true,"href":"https:\/\/www.meydan.tv\/az\/wp-json\/wp\/v2\/users\/11"}],"replies":[{"embeddable":true,"href":"https:\/\/www.meydan.tv\/az\/wp-json\/wp\/v2\/comments?post=188668"}],"version-history":[{"count":0,"href":"https:\/\/www.meydan.tv\/az\/wp-json\/wp\/v2\/posts\/188668\/revisions"}],"wp:featuredmedia":[{"embeddable":true,"href":"https:\/\/www.meydan.tv\/az\/wp-json\/wp\/v2\/media\/99494"}],"wp:attachment":[{"href":"https:\/\/www.meydan.tv\/az\/wp-json\/wp\/v2\/media?parent=188668"}],"wp:term":[{"taxonomy":"category","embeddable":true,"href":"https:\/\/www.meydan.tv\/az\/wp-json\/wp\/v2\/categories?post=188668"},{"taxonomy":"post_tag","embeddable":true,"href":"https:\/\/www.meydan.tv\/az\/wp-json\/wp\/v2\/tags?post=188668"}],"curies":[{"name":"wp","href":"https:\/\/api.w.org\/{rel}","templated":true}]}}