{"id":188645,"date":"2018-02-12T20:34:41","date_gmt":"2018-02-12T20:34:41","guid":{"rendered":"https:\/\/www.meydan.tv\/article\/seckiye-ne-ile-gedirler\/"},"modified":"2018-02-12T20:34:41","modified_gmt":"2018-02-12T20:34:41","slug":"seckiye-ne-ile-gedirler","status":"publish","type":"post","link":"https:\/\/www.meydan.tv\/az\/article\/seckiye-ne-ile-gedirler\/","title":{"rendered":"Se\u00e7kiy\u0259 n\u0259 il\u0259 gedirl\u0259r"},"content":{"rendered":"<figure class=\"wp-block-image size-large\">\n  <img decoding=\"async\" src=\"https:\/\/www.meydan.tv\/az\/ilham-eliyev-ve-kurekeni\/\" alt=\"\u0130lham \u018fliyev v\u0259 k\u00fcr\u0259k\u0259ni\" class=\"wp-image-99422\"\/><figcaption>\n    \u0130lham \u018fliyev v\u0259 k\u00fcr\u0259k\u0259ni<br \/>\n  <\/figcaption><\/figure>\n<p>\n  Se\u00e7ki yar\u0131\u015f\u0131nda h\u0259l\u0259lik be\u015f namiz\u0259d b\u0259llidir.\n<\/p>\n<p>\n  \u0130kisi ham\u0131dan \u0259vv\u0259l \u00f6z niyy\u0259tini bildirmi\u015fdi. Qalanlar\u0131 sonradan. F\u0259q\u0259t bu \u015f\u0259rti m\u00fcxalif\u0259t d\u0259st\u0259sini se\u00e7ki n\u0259tic\u0259l\u0259rin\u0259 t\u0259sir imkanlar\u0131 bax\u0131m\u0131ndan eyni d\u0259r\u0259c\u0259d\u0259 saya almamaq m\u00fcmk\u00fcnd\u00fcr.\n<\/p>\n<p>\n  Mirmahmud F\u0259ttayev v\u0259 \u0130sa Q\u0259mb\u0259r namiz\u0259dlikl\u0259rini ir\u0259li s\u00fcr\u0259c\u0259kl\u0259rini bildirdil\u0259r. Sonra M\u00fcsavat qazanclar\u0131 v\u0259 itkil\u0259ri g\u00f6t\u00fcr-qoy etdikd\u0259n sonra elan etdi ki, \u0130sa Q\u0259mb\u0259r se\u00e7kid\u0259 i\u015ftirak etm\u0259y\u0259c\u0259k.\n<\/p>\n<p>\n  M\u00fcsavatdan \u0259vv\u0259l Milli \u015eura dedi ki, \u201cm\u0259nlik d\u00f6y\u00fcl\u201d.\n<\/p>\n<p>\n  Mirmahmud a\u011fa se\u00e7kiy\u0259 n\u0259 il\u0259 gedir, m\u0259lumdur. \u00d6t\u0259n 15 ild\u0259 he\u00e7 n\u0259yin m\u0259suliyy\u0259tini da\u015f\u0131may\u0131b, he\u00e7 bir i\u015f g\u00f6rm\u0259yib, se\u00e7iciy\u0259 g\u00f6st\u0259r\u0259si he\u00e7 bir nailiyy\u0259ti yoxdur.\n<\/p>\n<p>\n  \u00d6zl\u0259rini m\u00fcxalif\u0259tin \u00f6nc\u00fcll\u0259ri sayanlar \u00e7oxdur, f\u0259q\u0259t m\u00fcxalif\u0259t \u00f6l\u00fcm aya\u011f\u0131ndad\u0131r, x\u0131r\u0131lday\u0131r.\n<\/p>\n<p>\n  C\u0259nab F\u0259ttayev se\u00e7ki platformas\u0131nda yazsa ki, m\u0259n son 15 ild\u0259 sad\u0259c\u0259 ya\u015fam\u0131\u015fam v\u0259 sa\u011f qalm\u0131\u015fam, buna g\u00f6r\u0259 m\u0259n\u0259 s\u0259s verin v\u0259 prezident se\u00e7in, bu s\u00f6zl\u0259rin se\u00e7iciy\u0259 he\u00e7 bir t\u0259siri olmaz, \u00e7\u00fcnki onlar da sad\u0259c\u0259 ya\u015fay\u0131blar, sa\u011f qal\u0131blar v\u0259 he\u00e7 zad etm\u0259yibl\u0259r.\n<\/p>\n<p>\n  Y\u0259ni Klassik Xalq C\u0259bh\u0259sinin namiz\u0259di s\u0131radan biridir v\u0259 g\u00f6st\u0259rib iftixar etm\u0259k \u00fc\u00e7\u00fcn he\u00e7 bir nailiyy\u0259ti yoxdur. Nec\u0259 ki, k\u00fclli-Az\u0259rbaycan \u0259hli, istehlakdan savay\u0131 he\u00e7 zad etm\u0259mi\u015fik.\n<\/p>\n<p>\n  Des\u0259 ki, m\u0259n milli-azadl\u0131q m\u00fcbariz\u0259sinin \u015f\u0259ksiz lideri \u018fb\u00fclf\u0259z El\u00e7ib\u0259yin sadiq \u015fagirdl\u0259rind\u0259n\u0259m v\u0259 davam\u00e7\u0131s\u0131yam, y\u0131\u011faca\u011f\u0131 s\u0259s d\u0259rhal ikiqat azalacaq.\n<\/p>\n<p>\n  A\u00e7\u0131q des\u0259 ki, m\u0259n v\u0259 d\u0259st\u0259miz indiki hakim z\u00fcmr\u0259ni iki \u00e7evrili\u015fd\u0259n sonra hakimiyy\u0259t\u0259 g\u0259tirib xalq\u0131n ba\u015f\u0131na oturtmu\u015fuq, yen\u0259 se\u00e7ici \u201cl\u0259n\u0259tu-l-lahi al\u0259-\u015f-\u015feytan\u201d deyib \u00f6zl\u00fcy\u00fcnd\u0259 and i\u00e7\u0259c\u0259k ki, bir d\u0259 bu xalq i\u015fin\u0259 nax\u0259l\u0259fl\u0259r\u0259 s\u0259s verm\u0259y\u0259c\u0259k.\n<\/p>\n<p>\n  X\u00fclas\u0259, bu namiz\u0259din se\u00e7ki kis\u0259si bombo\u015fdur v\u0259 bel\u0259l\u0259rin\u0259 \u201cspoyler\u201d, y\u0259ni havan\u0131 yaran v\u0259 t\u0259\u0259ss\u00fcrat yaradan k\u0259s deyirl\u0259r.\n<\/p>\n<p>\n  Olsa-olsa, pad\u015fahdan medal, y\u0259ni g\u0259l\u0259n parlament se\u00e7kil\u0259rind\u0259 bir mandat al\u0131b h\u0259yat\u0131n\u0131 \u015fad-x\u00fcrr\u0259m s\u00fcr\u0259c\u0259k.<br \/>\n  <br \/>\n  Qalan indiy\u0259 kimi \u00fcz\u0259 \u00e7\u0131xm\u0131\u015f \u00fc\u00e7 namiz\u0259dliy\u0259 namiz\u0259d bu klassik c\u0259bh\u0259\u00e7id\u0259n d\u0259 y\u00fcng\u00fcl \u00e7\u0259kilidir v\u0259 se\u00e7iciy\u0259 dey\u0259si he\u00e7 bir inan\u0131las\u0131 s\u00f6zl\u0259ri yoxdur. Amma dem\u0259y\u0259 can at\u0131rlar, zira xalq\u0131m\u0131z s\u00f6z vur\u011funudur.\n<\/p>\n<p>\n  Qald\u0131 \u0130lham \u018fliyev c\u0259nablar\u0131na v\u0259 zati-alil\u0259rin\u0259, insaf xatirin\u0259 dem\u0259k laz\u0131md\u0131r ki, onun d\u0259 se\u00e7ki \u00f6nc\u0259si kis\u0259si bombo\u015fdur. Se\u00e7iciy\u0259 g\u00f6st\u0259r\u0259si he\u00e7 bir nailiyy\u0259ti yoxdur.\n<\/p>\n<p>\n  Qaraba\u011f erm\u0259nid\u0259 v\u0259 rusda. Dan\u0131\u015f\u0131qlar\u0131n gedi\u015fini xalqdan ciddi-c\u0259hdl\u0259 gizl\u0259dirl\u0259r, camaat bils\u0259 ki, diplomatiyam\u0131z hans\u0131 m\u00f6vqed\u0259dir, g\u00fclm\u0259kd\u0259n u\u011funub q\u0259\u015f\u015f ed\u0259r.\n<\/p>\n<p>\n  \u0130qtisadiyyat istehza v\u0259 ri\u015fx\u0259nd do\u011furur. \u018fhalinin maddi h\u0259yat s\u0259viyy\u0259si zavall\u0131 Erm\u0259nistan \u0259halisi il\u0259 m\u00fcqayis\u0259 edil\u0259sidir. Son ill\u0259rin \u0259n parlaq iqtisadi n\u0259tic\u0259si b\u00fcdc\u0259nin ikiqat ixtisara d\u00fc\u015fm\u0259sidir. Bu analoqu olmayan nailiyy\u0259t hakimiyy\u0259tin ba\u015f\u0131nda duran \u015f\u0259xsin idar\u0259\u00e7ilik bacar\u0131\u011f\u0131n\u0131n \u0259n dan\u0131lmaz s\u00fcbutudur.\n<\/p>\n<p>\n  \u0130nsan h\u00fcquqlar\u0131n\u0131n pozulmas\u0131, siyasi m\u0259hbuslar\u0131n say\u0131, \u0259halinin m\u0259hk\u0259m\u0259y\u0259 v\u0259 hakiml\u0259r\u0259 tam inams\u0131zl\u0131\u011f\u0131, \u00f6lk\u0259d\u0259 korrupsiyan\u0131n y\u00fcks\u0259k h\u0259ddi, tarmar edilmi\u015f d\u00f6vl\u0259t v\u0259saitinin h\u0259cmi v\u0259 gurultulu u\u011fursuzlu\u011fa u\u011fram\u0131\u015f m\u0259nas\u0131z d\u00f6vl\u0259t proqramlar\u0131n\u0131n m\u00fctl\u0259q iflas\u0131 sah\u0259sind\u0259 Az\u0259rbaycan d\u00fcnyan\u0131n \u0259n qabaqc\u0131l \u00f6lk\u0259si kimi tan\u0131n\u0131r v\u0259 ad\u0131 b\u00fct\u00fcn qara d\u0259ft\u0259rl\u0259rd\u0259dir.\n<\/p>\n<p>\n  \u00d6lk\u0259d\u0259n qa\u00e7\u0131b can\u0131n\u0131 qurtarm\u0131\u015f adamlar q\u00fcrb\u0259td\u0259 \u00fc\u00e7\u00fcnc\u00fc n\u00f6v insanlar kimi kas\u0131b ya\u015fasalar da, Az\u0259rbaycanda qalm\u0131\u015f \u0259hali onlara haql\u0131 h\u0259s\u0259d apar\u0131r.\n<\/p>\n<p>\n  \u0130lham \u018fliyev d\u00f6rd\u00fcnc\u00fc d\u0259f\u0259 se\u00e7ilm\u0259k \u00fc\u00e7\u00fcn se\u00e7iciy\u0259 n\u0259 dem\u0259li, n\u0259yi g\u00f6st\u0259rm\u0259lidir?\n<\/p>\n<p>\n  Des\u0259 ki, m\u0259nim hakimiyy\u0259td\u0259 oldu\u011fum ill\u0259rd\u0259 Az\u0259rbaycan y\u00fcz miyard dollar pulu x\u0259rcl\u0259yib he\u00e7 bir madd\u0131 m\u0259hsul istehsal etm\u0259y\u0259n d\u00f6vl\u0259t qulluq\u00e7ular\u0131n\u0131n v\u0259 i\u015fi-pe\u015f\u0259si bir-birin\u0259 mal sat\u0131b? almaq olan minl\u0259rl\u0259 t\u00fcfeyli insan\u0131n ya\u015fad\u0131\u011f\u0131 \u00e7oxm\u0259rt\u0259b\u0259li evl\u0259ri tikib, camaat bundan f\u0259r\u0259h duyarm\u0131?\n<\/p>\n<p>\n  Des\u0259 ki, Az\u0259rbaycan beyn\u0259lxalq idman v\u0259 \u015fou b\u00fcrokratiyas\u0131na xo\u015f g\u0259lm\u0259k \u00fc\u00e7\u00fcn \u0259t\u0259k-\u0259t\u0259k pul t\u00f6k\u00fcb xeyli sayda xalqa bir q\u0259piklik fayda g\u0259tirm\u0259mi\u015f n\u0259h\u0259ng t\u0259dbirl\u0259r ke\u00e7irib, se\u00e7ici bundan ruhlanacaqm\u0131?\n<\/p>\n<p>\n  Des\u0259 ki, m\u0259nim d\u00f6vr\u00fcmd\u0259 Bay\u0131l t\u00fcrm\u0259si s\u00f6k\u00fcl\u00fcb K\u00fcrd\u0259xan\u0131 t\u00fcrm\u0259si tikilib, se\u00e7ici bu m\u0259hb\u0259sl\u0259r aras\u0131nda he\u00e7 bir f\u0259rqin olmad\u0131\u011fn\u0131 bilm\u0259y\u0259c\u0259kmi?\n<\/p>\n<p>\n  Des\u0259 ki, xalq\u0131n minl\u0259rl\u0259 ziyal\u0131s\u0131n\u0131n aras\u0131ndan se\u00e7ib-se\u00e7ib Milli M\u0259clis\u0259 t\u0259yin etdiyimiz v\u00fccudlar\u0131 Avropaya g\u00f6nd\u0259rmi\u015fik ki, \u00fcz\u00fcm\u00fcz\u00fc a\u011f etsinl\u0259r, onlar is\u0259 Avropamiqyasl\u0131 korrupsiya qalmaqal\u0131 t\u00f6r\u0259dib \u00f6lk\u0259nin boyunu yer\u0259 soxublar, se\u00e7ici sevin\u0259c\u0259kmi?\n<\/p>\n<p>\n  Des\u0259 ki, m\u0259nim hakimiyy\u0259tim ill\u0259rind\u0259 qeyri-neft sektorunun inki\u015faf\u0131 bar\u0259d\u0259 edilmi\u015f nitql\u0259rin, yaz\u0131lm\u0131\u015f m\u0259qal\u0259 v\u0259 kitablar\u0131n, ke\u00e7irilmi\u015f m\u00fc\u015favir\u0259l\u0259rin say\u0131 y\u00fczl\u0259rl\u0259 say\u0131lsa da, b\u00fct\u00fcn bunlar ger\u00e7\u0259k iqtisadi inki\u015fafa z\u0259rr\u0259 q\u0259d\u0259r xeyir verm\u0259yib, xeyli hiss\u0259si i\u015fsiz v\u0259 pulsuz olan se\u00e7ici k\u00fctl\u0259si onu q\u0131namazm\u0131?\n<\/p>\n<p>\n  Des\u0259 ki, hakimiyy\u0259tim ail\u0259mi v\u0259 n\u0259slimi d\u00fcnyan\u0131n \u0259n varl\u0131 t\u0259b\u0259q\u0259sin\u0259 aid edib, maa\u015fdan maa\u015fa v\u0259 t\u0259qa\u00fcdd\u0259n t\u0259qa\u00fcd\u0259 manatlar\u0131n\u0131 saya-saya dolanan se\u00e7ici bundan iftixar duyarm\u0131?\n<\/p>\n<p>\n  M\u0259n d\u0259 se\u00e7iciy\u0259m, daha do\u011frusu, s\u0259s verm\u0259k h\u00fcququm var, f\u0259q\u0259t 2008-ci ild\u0259n b\u0259ri se\u00e7kiy\u0259 getmir\u0259m.\n<\/p>\n<p>\n  Niy\u0259? Prezidentliy\u0259 iddia ed\u0259nl\u0259rin bu v\u0259zif\u0259y\u0259 yaramad\u0131\u011f\u0131n\u0131 bilir\u0259m, h\u0259m d\u0259 anlay\u0131ram ki, se\u00e7icil\u0259rin \u0259ks\u0259riyy\u0259ti d\u0259 bunu anlay\u0131r v\u0259 se\u00e7kiy\u0259 g\u0259lmir. G\u0259l\u0259nl\u0259r is\u0259 m\u0259s\u0259l\u0259nin mahiyy\u0259tind\u0259 V\u0259t\u0259n m\u0259fhumunun yoxlu\u011funu d\u0259rk etmir.<br \/>\n  <br \/>\n  \u015e\u0259xs\u0259n m\u0259nim \u00fc\u00e7\u00fcn prezident \u0130lham \u018fliyev bir foto\u015f\u0259kild\u0259 \u00f6z hakimiyy\u0259tinin mahiyy\u0259tini tam a\u00e7\u0131b g\u00f6st\u0259rib.\n<\/p>\n<p>\n  Bir qa\u00e7q\u0131n dostumun o\u011flu prezidentin \u201cPamb\u0131q \u0259kin\u201d \u00e7a\u011f\u0131r\u0131\u015f\u0131na inan\u0131b gedib Harami d\u00fcz\u00fcnd\u0259 icar\u0259y\u0259 torpaq g\u00f6t\u00fcr\u00fcb v\u0259 pamb\u0131q \u0259kib. T\u0259bii ki, m\u0259niml\u0259 m\u0259sl\u0259h\u0259tl\u0259\u015fm\u0259d\u0259n, m\u0259sl\u0259h\u0259t ist\u0259s\u0259ydi, dey\u0259rdim ki, bu hakimiyy\u0259tin bir s\u00f6z\u00fcn\u0259 bel\u0259 inanma. X\u00fclas\u0259, pamb\u0131\u011f\u0131 \u0259kib v\u0259 ona qulluq edib y\u0131\u011fmaq \u00fc\u00e7\u00fcn ki\u00e7ik sahibkarlara g\u00fcz\u0259\u015ftli borc ver\u0259si t\u0259\u015fkilatdan c\u0259mi 10 min manat pul ist\u0259yib. M\u0259murlar onu top kimi \u00e7il\u0259yib-\u00e7il\u0259yib, n\u0259tic\u0259d\u0259 r\u0259dd cavab\u0131 veribl\u0259r.\n<\/p>\n<p>\n  Borc-x\u0259rc, g\u00fcc-b\u0259la pamb\u0131\u011f\u0131 y\u0131\u011f\u0131b v\u0259 sat\u0131b. N\u0259 ziyana d\u00fc\u015f\u00fcb, n\u0259 d\u0259 bir manat qazan\u0131b. Xata-baladan salamat qurtuldu\u011funa g\u00f6r\u0259 Allah\u0131na \u015f\u00fck\u00fcr edir.\n<\/p>\n<p>\n  El\u0259 bu vaxt bir saytda prezidentin foto\u015f\u0259klini g\u00f6rd\u00fcm. \u015e\u0259kild\u0259 prezident zati-alil\u0259ri pomidor ye\u015fikl\u0259rinin yan\u0131nda durub, oradan bir pomidoru g\u00f6t\u00fcr\u00fcb diqq\u0259tl\u0259 ona bax\u0131r.\n<\/p>\n<p>\n  Bu \u015f\u0259kli \u00e7\u0259kib yay\u0131mlayan d\u00f6vl\u0259t x\u0259b\u0259r agentliyi mill\u0259t\u0259 \u00e7atd\u0131rmaq ist\u0259yir ki, zati-alil\u0259ri iqtisadiyyat\u0131m\u0131z\u0131n inki\u015faf\u0131n\u0131n qay\u011f\u0131s\u0131na qal\u0131r.\n<\/p>\n<p>\n  G\u00f6z\u0259l \u015f\u0259kildir, f\u0259q\u0259t m\u0259n buna sevinmir\u0259m. Niy\u0259? \u00c7\u00fcnki pomidor n\u0259dir ki, ona b\u00f6yl\u0259 diqq\u0259tl\u0259 baxasan? Pomidor yeni smartfon deyil, m\u00fcr\u0259kk\u0259b elmtutumlu m\u0259hsul deyil. Pomidor sad\u0259c\u0259 pomidordur.\n<\/p>\n<p>\n  Saniy\u0259n, iqtisadiyyat\u0131m\u0131z\u0131n qay\u011f\u0131s\u0131n\u0131 \u00e7\u0259k\u0259n zati-alil\u0259rinin q\u0259n\u015f\u0259rind\u0259 bu pomidoru yeti\u015fdir\u0259n parnikin sahibi c\u0259nab Qurbanov durmu\u015fdu ki, o da zati-alil\u0259rinin, Allah can\u0131n\u0131 sa\u011f el\u0259sin, k\u00fcr\u0259k\u0259nidir. V\u0259 sayt da x\u0259b\u0259r verir ki, h\u0259min bu k\u00fcr\u0259k\u0259n \u00f6z parniki \u00fc\u00e7\u00fcn d\u00f6vl\u0259td\u0259n 75 milyon manat kredit al\u0131b.\n<\/p>\n<p>\n  V\u0259 m\u0259n kims\u0259siz qa\u00e7q\u0131n o\u011fluna 10 min manat tapa bilm\u0259y\u0259n qurumun zati-alil\u0259rinin k\u00fcr\u0259k\u0259nin\u0259 75 milyon tapmas\u0131n\u0131n m\u0259ntiqini yaln\u0131z bir \u015feyl\u0259 izah ed\u0259 bil\u0259r\u0259m ki, h\u0259min bu qa\u00e7q\u0131n o\u011flu \u00e7ox \u00e7al\u0131\u015fqan v\u0259 l\u0259yaq\u0259tli b\u0259nd\u0259 olsa da, k\u00fcr\u0259k\u0259n deyil.\n<\/p>\n<p>\n  N\u0259 is\u0259, halal xo\u015flar\u0131 olsun.\n<\/p>\n<p>\n  Son otuz ild\u0259 Nem\u0259t\u0259, Etibara, Ayaza, \u018fb\u00fclf\u0259z\u0259, Heyd\u0259r\u0259, \u0130saya v\u0259 \u0130lhama qurban-sada\u011fa ged\u0259n \u0259hali el\u0259 bel\u0259 d\u0259 r\u0259ftara layiqdir.\n<\/p>\n<p>\n  Lakin s\u00fcni d\u0259 olsa, se\u00e7ki olacaq v\u0259 bu se\u00e7kid\u0259 prezidentliy\u0259 namiz\u0259d zati-alil\u0259ri se\u00e7icil\u0259r\u0259 n\u0259 is\u0259 dem\u0259lidir. N\u0259 des\u0259, ona inanarlar?\n<\/p>\n<p>\n  Des\u0259 ki, n\u00fcmun\u0259vi avtoritar qurulu\u015fu daha da s\u0259rtl\u0259\u015fdirmi\u015f\u0259m, inanarlar.\n<\/p>\n<p>\n  Des\u0259 ki, he\u00e7 bir sah\u0259d\u0259 u\u011fur qazanmasam da, xalq\u0131 \u00f6z\u00fcm\u0259 arams\u0131z alq\u0131\u015f s\u00f6yl\u0259m\u0259y\u0259 m\u0259cbur etmi\u015f\u0259m, inanarlar.\n<\/p>\n<p>\n  Des\u0259 ki, yax\u0131n v\u0259 uzaq ke\u00e7mi\u015fimizi saxtala\u015fd\u0131ran tarix\u00e7il\u0259ri elmi qurumlara ba\u015f\u00e7\u0131 t\u0259yin etmi\u015f\u0259m, inanarlar.\n<\/p>\n<p>\n  Des\u0259 ki, haqq s\u00f6z\u00fcn\u00fc dey\u0259nin dilini bo\u011faz\u0131ndan dart\u0131b qopar\u0131ram, inanarlar.\n<\/p>\n<p>\n  Des\u0259 ki, Az\u0259rbaycan\u0131n b\u00fct\u00fcn dilb\u0259r gu\u015f\u0259l\u0259rini \u00f6z\u00fcm v\u0259 \u0259traf\u0131m \u00f6z\u0259ll\u0259\u015fdirib v\u0259 xalq\u0131 onlardan m\u0259hrum edib, inanarlar.\n<\/p>\n<p>\n  Des\u0259 ki, sovet vaxt\u0131 t\u0259k Moskvadan as\u0131l\u0131 olan respublikam\u0131z indi h\u0259m d\u0259 Ankaradan, Parisd\u0259n, Va\u015finqtondan v\u0259 Londondan as\u0131l\u0131 v\u0259ziyy\u0259t\u0259 d\u00fc\u015f\u00fcb, inanarlar.\n<\/p>\n<p>\n  Des\u0259 ki, milli televiziya il\u0259 el\u0259 verili\u015fl\u0259r yay\u0131mlan\u0131r ki, mill\u0259tin ruhu \u00f6l\u00fcr v\u0259 z\u00f6vq\u00fc korlan\u0131r, inanarlar.\n<\/p>\n<p>\n  Des\u0259 ki, mill\u0259tin q\u00fcrurunu v\u0259 g\u0259l\u0259c\u0259y\u0259 inam\u0131n\u0131 s\u0131nd\u0131rib q\u0131ra bilmi\u015f\u0259m, inanarlar.\n<\/p>\n<p>\n  Des\u0259 ki, Az\u0259rbaycan\u0131n g\u0259nc n\u0259slin\u0259 qa\u00e7maq \u00fc\u00e7\u00fcn Q\u0259rbin yolunu g\u00f6st\u0259rmi\u015f\u0259m, inanarlar.\n<\/p>\n<p>\n  Des\u0259 ki, Az\u0259rbaycanda azad media qalmay\u0131b, d\u00fcz s\u00f6z dey\u0259n saytlar\u0131 bloklam\u0131\u015fam, inanarlar.<br \/>\n  <br \/>\n  Bu q\u0259bild\u0259n \u00e7ox s\u00f6z dey\u0259 bil\u0259r, se\u00e7ici ham\u0131s\u0131na inanar.\n<\/p>\n<p>\n  \u0130nanar v\u0259 ona s\u0259s ver\u0259r, zira bu mill\u0259t art\u0131q \u00e7oxdand\u0131r ki, n\u0259yin yax\u015f\u0131, n\u0259yin pis oldu\u011funu d\u0259rk etmir.\n<\/p>\n<p>\n  D\u0259rk etm\u0259diyin\u0259 g\u00f6r\u0259 d\u0259 bel\u0259 ya\u015fay\u0131r.\n<\/p>\n<p>\n  <i><br \/>\n    <b><br \/>\n      Yaz\u0131 m\u00fc\u0259llifin fikirl\u0259rini \u0259ks etdirir v\u0259 Meydan TV-nin m\u00f6vqeyi il\u0259 \u00fcst-\u00fcst\u0259 d\u00fc\u015fm\u0259y\u0259 bil\u0259r.<br \/>\n    <\/b><br \/>\n  <\/i>\n<\/p><\/p>\n","protected":false},"excerpt":{"rendered":"<p>Se\u00e7ki yar\u0131\u015f\u0131nda h\u0259l\u0259lik be\u015f namiz\u0259d b\u0259llidir.<\/p>\n","protected":false},"author":11,"featured_media":99422,"comment_status":"closed","ping_status":"open","sticky":false,"template":"","format":"standard","meta":{"_acf_changed":false,"_sitemap_exclude":false,"_sitemap_priority":"","_sitemap_frequency":"","footnotes":""},"categories":[57],"tags":[],"class_list":["post-188645","post","type-post","status-publish","format-standard","has-post-thumbnail","hentry","category-menim-fikrimce","infinite-scroll-item","generate-columns","tablet-grid-50","mobile-grid-100","grid-parent","grid-33","no-featured-image-padding"],"acf":[],"yoast_head":"<!-- This site is optimized with the Yoast SEO plugin v27.5 - https:\/\/yoast.com\/product\/yoast-seo-wordpress\/ -->\n<title>Se\u00e7kiy\u0259 n\u0259 il\u0259 gedirl\u0259r - MEYDAN.TV<\/title>\n<meta name=\"robots\" content=\"index, follow, max-snippet:-1, max-image-preview:large, max-video-preview:-1\" \/>\n<link rel=\"canonical\" href=\"https:\/\/www.meydan.tv\/az\/article\/seckiye-ne-ile-gedirler\/\" \/>\n<meta property=\"og:locale\" content=\"az_AZ\" \/>\n<meta property=\"og:type\" content=\"article\" \/>\n<meta property=\"og:title\" content=\"Se\u00e7kiy\u0259 n\u0259 il\u0259 gedirl\u0259r - MEYDAN.TV\" \/>\n<meta property=\"og:description\" content=\"Se\u00e7ki yar\u0131\u015f\u0131nda h\u0259l\u0259lik be\u015f namiz\u0259d b\u0259llidir.\" \/>\n<meta property=\"og:url\" content=\"https:\/\/www.meydan.tv\/az\/article\/seckiye-ne-ile-gedirler\/\" \/>\n<meta property=\"og:site_name\" content=\"MEYDAN.TV\" \/>\n<meta property=\"article:published_time\" content=\"2018-02-12T20:34:41+00:00\" \/>\n<meta property=\"og:image\" content=\"https:\/\/www.meydan.tv\/wp-content\/uploads\/39327.jpg\" \/>\n\t<meta property=\"og:image:width\" content=\"1023\" \/>\n\t<meta property=\"og:image:height\" content=\"575\" \/>\n\t<meta property=\"og:image:type\" content=\"image\/jpeg\" \/>\n<meta name=\"author\" content=\"user-manager\" \/>\n<meta name=\"twitter:card\" content=\"summary_large_image\" \/>\n<script type=\"application\/ld+json\" class=\"yoast-schema-graph\">{\"@context\":\"https:\\\/\\\/schema.org\",\"@graph\":[{\"@type\":\"Article\",\"@id\":\"https:\\\/\\\/www.meydan.tv\\\/az\\\/article\\\/seckiye-ne-ile-gedirler\\\/#article\",\"isPartOf\":{\"@id\":\"https:\\\/\\\/www.meydan.tv\\\/az\\\/article\\\/seckiye-ne-ile-gedirler\\\/\"},\"author\":{\"name\":\"user-manager\",\"@id\":\"https:\\\/\\\/www.meydan.tv\\\/az\\\/#\\\/schema\\\/person\\\/10d11eccf6da3662cf5fdab9806ea91a\"},\"headline\":\"Se\u00e7kiy\u0259 n\u0259 il\u0259 gedirl\u0259r\",\"datePublished\":\"2018-02-12T20:34:41+00:00\",\"mainEntityOfPage\":{\"@id\":\"https:\\\/\\\/www.meydan.tv\\\/az\\\/article\\\/seckiye-ne-ile-gedirler\\\/\"},\"wordCount\":1939,\"publisher\":{\"@id\":\"https:\\\/\\\/www.meydan.tv\\\/az\\\/#organization\"},\"image\":{\"@id\":\"https:\\\/\\\/www.meydan.tv\\\/az\\\/article\\\/seckiye-ne-ile-gedirler\\\/#primaryimage\"},\"thumbnailUrl\":\"https:\\\/\\\/www.meydan.tv\\\/wp-content\\\/uploads\\\/39327.jpg\",\"articleSection\":[\"M\u0259nim Fikrimc\u0259\"],\"inLanguage\":\"az\"},{\"@type\":\"WebPage\",\"@id\":\"https:\\\/\\\/www.meydan.tv\\\/az\\\/article\\\/seckiye-ne-ile-gedirler\\\/\",\"url\":\"https:\\\/\\\/www.meydan.tv\\\/az\\\/article\\\/seckiye-ne-ile-gedirler\\\/\",\"name\":\"Se\u00e7kiy\u0259 n\u0259 il\u0259 gedirl\u0259r - MEYDAN.TV\",\"isPartOf\":{\"@id\":\"https:\\\/\\\/www.meydan.tv\\\/az\\\/#website\"},\"primaryImageOfPage\":{\"@id\":\"https:\\\/\\\/www.meydan.tv\\\/az\\\/article\\\/seckiye-ne-ile-gedirler\\\/#primaryimage\"},\"image\":{\"@id\":\"https:\\\/\\\/www.meydan.tv\\\/az\\\/article\\\/seckiye-ne-ile-gedirler\\\/#primaryimage\"},\"thumbnailUrl\":\"https:\\\/\\\/www.meydan.tv\\\/wp-content\\\/uploads\\\/39327.jpg\",\"datePublished\":\"2018-02-12T20:34:41+00:00\",\"breadcrumb\":{\"@id\":\"https:\\\/\\\/www.meydan.tv\\\/az\\\/article\\\/seckiye-ne-ile-gedirler\\\/#breadcrumb\"},\"inLanguage\":\"az\",\"potentialAction\":[{\"@type\":\"ReadAction\",\"target\":[\"https:\\\/\\\/www.meydan.tv\\\/az\\\/article\\\/seckiye-ne-ile-gedirler\\\/\"]}]},{\"@type\":\"ImageObject\",\"inLanguage\":\"az\",\"@id\":\"https:\\\/\\\/www.meydan.tv\\\/az\\\/article\\\/seckiye-ne-ile-gedirler\\\/#primaryimage\",\"url\":\"https:\\\/\\\/www.meydan.tv\\\/wp-content\\\/uploads\\\/39327.jpg\",\"contentUrl\":\"https:\\\/\\\/www.meydan.tv\\\/wp-content\\\/uploads\\\/39327.jpg\",\"width\":1023,\"height\":575,\"caption\":\"Source:\"},{\"@type\":\"BreadcrumbList\",\"@id\":\"https:\\\/\\\/www.meydan.tv\\\/az\\\/article\\\/seckiye-ne-ile-gedirler\\\/#breadcrumb\",\"itemListElement\":[{\"@type\":\"ListItem\",\"position\":1,\"name\":\"Ana s\u0259hif\u0259\",\"item\":\"https:\\\/\\\/www.meydan.tv\\\/az\\\/\"},{\"@type\":\"ListItem\",\"position\":2,\"name\":\"M\u0259nim Fikrimc\u0259\",\"item\":\"https:\\\/\\\/www.meydan.tv\\\/az\\\/section\\\/menim-fikrimce\\\/\"},{\"@type\":\"ListItem\",\"position\":3,\"name\":\"Se\u00e7kiy\u0259 n\u0259 il\u0259 gedirl\u0259r\"}]},{\"@type\":\"WebSite\",\"@id\":\"https:\\\/\\\/www.meydan.tv\\\/az\\\/#website\",\"url\":\"https:\\\/\\\/www.meydan.tv\\\/az\\\/\",\"name\":\"MEYDAN.TV\",\"description\":\"Meydan TV Az\u0259rbaycan\u0131n media m\u0259kan\u0131ndak\u0131 alternativ s\u0259sidir\",\"publisher\":{\"@id\":\"https:\\\/\\\/www.meydan.tv\\\/az\\\/#organization\"},\"potentialAction\":[{\"@type\":\"SearchAction\",\"target\":{\"@type\":\"EntryPoint\",\"urlTemplate\":\"https:\\\/\\\/www.meydan.tv\\\/az\\\/?s={search_term_string}\"},\"query-input\":{\"@type\":\"PropertyValueSpecification\",\"valueRequired\":true,\"valueName\":\"search_term_string\"}}],\"inLanguage\":\"az\"},{\"@type\":\"Organization\",\"@id\":\"https:\\\/\\\/www.meydan.tv\\\/az\\\/#organization\",\"name\":\"Meydan TV\",\"url\":\"https:\\\/\\\/www.meydan.tv\\\/az\\\/\",\"logo\":{\"@type\":\"ImageObject\",\"inLanguage\":\"az\",\"@id\":\"https:\\\/\\\/www.meydan.tv\\\/az\\\/#\\\/schema\\\/logo\\\/image\\\/\",\"url\":\"https:\\\/\\\/www.meydan.tv\\\/wp-content\\\/uploads\\\/2021\\\/07\\\/meydan-logo.svg\",\"contentUrl\":\"https:\\\/\\\/www.meydan.tv\\\/wp-content\\\/uploads\\\/2021\\\/07\\\/meydan-logo.svg\",\"width\":195,\"height\":46,\"caption\":\"Meydan TV\"},\"image\":{\"@id\":\"https:\\\/\\\/www.meydan.tv\\\/az\\\/#\\\/schema\\\/logo\\\/image\\\/\"}},{\"@type\":\"Person\",\"@id\":\"https:\\\/\\\/www.meydan.tv\\\/az\\\/#\\\/schema\\\/person\\\/10d11eccf6da3662cf5fdab9806ea91a\",\"name\":\"user-manager\"}]}<\/script>\n<!-- \/ Yoast SEO plugin. -->","yoast_head_json":{"title":"Se\u00e7kiy\u0259 n\u0259 il\u0259 gedirl\u0259r - MEYDAN.TV","robots":{"index":"index","follow":"follow","max-snippet":"max-snippet:-1","max-image-preview":"max-image-preview:large","max-video-preview":"max-video-preview:-1"},"canonical":"https:\/\/www.meydan.tv\/az\/article\/seckiye-ne-ile-gedirler\/","og_locale":"az_AZ","og_type":"article","og_title":"Se\u00e7kiy\u0259 n\u0259 il\u0259 gedirl\u0259r - MEYDAN.TV","og_description":"Se\u00e7ki yar\u0131\u015f\u0131nda h\u0259l\u0259lik be\u015f namiz\u0259d b\u0259llidir.","og_url":"https:\/\/www.meydan.tv\/az\/article\/seckiye-ne-ile-gedirler\/","og_site_name":"MEYDAN.TV","article_published_time":"2018-02-12T20:34:41+00:00","og_image":[{"width":1023,"height":575,"url":"https:\/\/www.meydan.tv\/wp-content\/uploads\/39327.jpg","type":"image\/jpeg"}],"author":"user-manager","twitter_card":"summary_large_image","schema":{"@context":"https:\/\/schema.org","@graph":[{"@type":"Article","@id":"https:\/\/www.meydan.tv\/az\/article\/seckiye-ne-ile-gedirler\/#article","isPartOf":{"@id":"https:\/\/www.meydan.tv\/az\/article\/seckiye-ne-ile-gedirler\/"},"author":{"name":"user-manager","@id":"https:\/\/www.meydan.tv\/az\/#\/schema\/person\/10d11eccf6da3662cf5fdab9806ea91a"},"headline":"Se\u00e7kiy\u0259 n\u0259 il\u0259 gedirl\u0259r","datePublished":"2018-02-12T20:34:41+00:00","mainEntityOfPage":{"@id":"https:\/\/www.meydan.tv\/az\/article\/seckiye-ne-ile-gedirler\/"},"wordCount":1939,"publisher":{"@id":"https:\/\/www.meydan.tv\/az\/#organization"},"image":{"@id":"https:\/\/www.meydan.tv\/az\/article\/seckiye-ne-ile-gedirler\/#primaryimage"},"thumbnailUrl":"https:\/\/www.meydan.tv\/wp-content\/uploads\/39327.jpg","articleSection":["M\u0259nim Fikrimc\u0259"],"inLanguage":"az"},{"@type":"WebPage","@id":"https:\/\/www.meydan.tv\/az\/article\/seckiye-ne-ile-gedirler\/","url":"https:\/\/www.meydan.tv\/az\/article\/seckiye-ne-ile-gedirler\/","name":"Se\u00e7kiy\u0259 n\u0259 il\u0259 gedirl\u0259r - MEYDAN.TV","isPartOf":{"@id":"https:\/\/www.meydan.tv\/az\/#website"},"primaryImageOfPage":{"@id":"https:\/\/www.meydan.tv\/az\/article\/seckiye-ne-ile-gedirler\/#primaryimage"},"image":{"@id":"https:\/\/www.meydan.tv\/az\/article\/seckiye-ne-ile-gedirler\/#primaryimage"},"thumbnailUrl":"https:\/\/www.meydan.tv\/wp-content\/uploads\/39327.jpg","datePublished":"2018-02-12T20:34:41+00:00","breadcrumb":{"@id":"https:\/\/www.meydan.tv\/az\/article\/seckiye-ne-ile-gedirler\/#breadcrumb"},"inLanguage":"az","potentialAction":[{"@type":"ReadAction","target":["https:\/\/www.meydan.tv\/az\/article\/seckiye-ne-ile-gedirler\/"]}]},{"@type":"ImageObject","inLanguage":"az","@id":"https:\/\/www.meydan.tv\/az\/article\/seckiye-ne-ile-gedirler\/#primaryimage","url":"https:\/\/www.meydan.tv\/wp-content\/uploads\/39327.jpg","contentUrl":"https:\/\/www.meydan.tv\/wp-content\/uploads\/39327.jpg","width":1023,"height":575,"caption":"Source:"},{"@type":"BreadcrumbList","@id":"https:\/\/www.meydan.tv\/az\/article\/seckiye-ne-ile-gedirler\/#breadcrumb","itemListElement":[{"@type":"ListItem","position":1,"name":"Ana s\u0259hif\u0259","item":"https:\/\/www.meydan.tv\/az\/"},{"@type":"ListItem","position":2,"name":"M\u0259nim Fikrimc\u0259","item":"https:\/\/www.meydan.tv\/az\/section\/menim-fikrimce\/"},{"@type":"ListItem","position":3,"name":"Se\u00e7kiy\u0259 n\u0259 il\u0259 gedirl\u0259r"}]},{"@type":"WebSite","@id":"https:\/\/www.meydan.tv\/az\/#website","url":"https:\/\/www.meydan.tv\/az\/","name":"MEYDAN.TV","description":"Meydan TV Az\u0259rbaycan\u0131n media m\u0259kan\u0131ndak\u0131 alternativ s\u0259sidir","publisher":{"@id":"https:\/\/www.meydan.tv\/az\/#organization"},"potentialAction":[{"@type":"SearchAction","target":{"@type":"EntryPoint","urlTemplate":"https:\/\/www.meydan.tv\/az\/?s={search_term_string}"},"query-input":{"@type":"PropertyValueSpecification","valueRequired":true,"valueName":"search_term_string"}}],"inLanguage":"az"},{"@type":"Organization","@id":"https:\/\/www.meydan.tv\/az\/#organization","name":"Meydan TV","url":"https:\/\/www.meydan.tv\/az\/","logo":{"@type":"ImageObject","inLanguage":"az","@id":"https:\/\/www.meydan.tv\/az\/#\/schema\/logo\/image\/","url":"https:\/\/www.meydan.tv\/wp-content\/uploads\/2021\/07\/meydan-logo.svg","contentUrl":"https:\/\/www.meydan.tv\/wp-content\/uploads\/2021\/07\/meydan-logo.svg","width":195,"height":46,"caption":"Meydan TV"},"image":{"@id":"https:\/\/www.meydan.tv\/az\/#\/schema\/logo\/image\/"}},{"@type":"Person","@id":"https:\/\/www.meydan.tv\/az\/#\/schema\/person\/10d11eccf6da3662cf5fdab9806ea91a","name":"user-manager"}]}},"_links":{"self":[{"href":"https:\/\/www.meydan.tv\/az\/wp-json\/wp\/v2\/posts\/188645","targetHints":{"allow":["GET"]}}],"collection":[{"href":"https:\/\/www.meydan.tv\/az\/wp-json\/wp\/v2\/posts"}],"about":[{"href":"https:\/\/www.meydan.tv\/az\/wp-json\/wp\/v2\/types\/post"}],"author":[{"embeddable":true,"href":"https:\/\/www.meydan.tv\/az\/wp-json\/wp\/v2\/users\/11"}],"replies":[{"embeddable":true,"href":"https:\/\/www.meydan.tv\/az\/wp-json\/wp\/v2\/comments?post=188645"}],"version-history":[{"count":0,"href":"https:\/\/www.meydan.tv\/az\/wp-json\/wp\/v2\/posts\/188645\/revisions"}],"wp:featuredmedia":[{"embeddable":true,"href":"https:\/\/www.meydan.tv\/az\/wp-json\/wp\/v2\/media\/99422"}],"wp:attachment":[{"href":"https:\/\/www.meydan.tv\/az\/wp-json\/wp\/v2\/media?parent=188645"}],"wp:term":[{"taxonomy":"category","embeddable":true,"href":"https:\/\/www.meydan.tv\/az\/wp-json\/wp\/v2\/categories?post=188645"},{"taxonomy":"post_tag","embeddable":true,"href":"https:\/\/www.meydan.tv\/az\/wp-json\/wp\/v2\/tags?post=188645"}],"curies":[{"name":"wp","href":"https:\/\/api.w.org\/{rel}","templated":true}]}}