{"id":188601,"date":"2018-02-09T16:35:38","date_gmt":"2018-02-09T16:35:38","guid":{"rendered":"https:\/\/www.meydan.tv\/article\/jurnalistlerin-novbedenkenar-destek-qurultayi\/"},"modified":"2018-02-09T16:35:38","modified_gmt":"2018-02-09T16:35:38","slug":"jurnalistlerin-novbedenkenar-destek-qurultayi","status":"publish","type":"post","link":"https:\/\/www.meydan.tv\/az\/article\/jurnalistlerin-novbedenkenar-destek-qurultayi\/","title":{"rendered":"Jurnalistl\u0259rin n\u00f6vb\u0259d\u0259nk\u0259nar d\u0259st\u0259k qurultay\u0131"},"content":{"rendered":"<figure class=\"wp-block-image size-large\">\n  <img decoding=\"async\" src=\"https:\/\/www.meydan.tv\/az\/ilham-eliyev-jurnalistlere-ev-vererken\/\" alt=\"\u0130lham \u018fliyev jurnalistl\u0259r\u0259 ev ver\u0259rk\u0259n\" class=\"wp-image-99322\"\/><figcaption>\n    \u0130lham \u018fliyev jurnalistl\u0259r\u0259 ev ver\u0259rk\u0259n<br \/>\n  <\/figcaption><\/figure>\n<p>\n  <i><br \/>\n    \u0130ndi kimi inand\u0131raq ki, qurultay q\u0259rar\u0131 \u015euran\u0131n tabe oldu\u011fu idar\u0259d\u0259n g\u0259lm\u0259yib?..<br \/>\n  <\/i>\n<\/p>\n<p>\n  Mart\u0131n 10-da \u00f6lk\u0259 jurnalistl\u0259rinin VII qurultay\u0131 ke\u00e7iril\u0259c\u0259k. Bu bar\u0259d\u0259 q\u0259rar prezident \u0130lham \u018fliyevin n\u00f6vb\u0259d\u0259nk\u0259nar prezident se\u00e7kisi ke\u00e7irilm\u0259si haqda s\u0259r\u0259ncam\u0131 veril\u0259n g\u00fcn ortaya \u00e7\u0131x\u0131b. N\u00f6vb\u0259d\u0259nk\u0259nar se\u00e7kiy\u0259 gedilm\u0259si il\u0259 ba\u011fl\u0131 gec\u0259 veril\u0259n s\u0259r\u0259ncam fevral\u0131n 5-d\u0259 s\u0259h\u0259r elan olunub, el\u0259 h\u0259min g\u00fcn M\u0259tbuat \u015euras\u0131 \u0130dar\u0259 Hey\u0259tinin iclas\u0131 \u00e7a\u011f\u0131r\u0131l\u0131b v\u0259 qurultay q\u0259rar\u0131 verilib. N\u00f6vb\u0259d\u0259nk\u0259nar se\u00e7kiy\u0259 gedilm\u0259si il\u0259 ba\u011fl\u0131 q\u0259fil q\u0259rar kimi. Jurnalistl\u0259rin, jurnalistikan\u0131n a\u011fsaqqal\u0131 funksiyas\u0131n\u0131 \u00fcz\u0259rin\u0259 g\u00f6t\u00fcr\u0259n M\u0259tbuat \u015euras\u0131 lap sovetl\u0259rin vaxt\u0131ndak\u0131 kimi \u00f6z\u00fcn\u00fc apar\u0131b.\n<\/p>\n<p>\n  Bax\u0131ram Leninin kitablar\u0131na<br \/>\n  <br \/>\n  D\u0259st\u0259d\u0259n gerid\u0259 qalmamaq \u00fc\u00e7\u00fcn\n<\/p>\n<p>\n  Sovetl\u0259rin vaxt\u0131nda bel\u0259 bir \u015feir vard\u0131. M\u0259tbuat \u015euras\u0131 da H\u0259mkarlar Konfederasiyas\u0131n\u0131n \u0130lham \u018fliyevin n\u00f6vb\u0259d\u0259nk\u0259nar se\u00e7kiy\u0259 namiz\u0259dliyini ir\u0259li s\u00fcrm\u0259sind\u0259n ilhamlanaraq tez-t\u0259l\u0259sik qurultay q\u0259rar\u0131na g\u0259lib ki, se\u00e7kiy\u0259 q\u0259d\u0259r \u201cjurnalistl\u0259rin dostu\u201dna t\u00f6hf\u0259sini versin. Mart\u0131n 10-da ke\u00e7iril\u0259c\u0259k qurultayda jurnalistl\u0259r, h\u0259m d\u0259 qurultay i\u015ftirak\u00e7\u0131lar\u0131 ad\u0131ndan \u0130lham \u018fliyevin namiz\u0259dliyi d\u0259st\u0259kl\u0259n\u0259c\u0259k. N\u00f6vb\u0259d\u0259nk\u0259nar q\u0259rar\u0131 olmasayd\u0131, qurultay yay aylar\u0131nda, ola bilsin, M\u0259tbuat G\u00fcn\u00fc \u0259r\u0259f\u0259sind\u0259 ke\u00e7iril\u0259c\u0259kdi. Bunda bir az m\u0259ntiq d\u0259 vard\u0131, \u00e7\u00fcnki sonuncu qurultay 5 il qabaq, iyulun11-d\u0259 ke\u00e7irilmi\u015fdi.\n<\/p>\n<p>\n  M\u0259tbuat \u015euras\u0131 qeyri-h\u00f6kum\u0259t t\u0259\u015fkilat\u0131d\u0131r. \u0130lk qurultay\u0131 15 mart 2003-c\u00fc ild\u0259 ke\u00e7iril\u0259n M\u0259tbuat \u015euras\u0131 ictimai birlik kimi 2003-c\u00fc aprelin 24-d\u0259 \u018fdliyy\u0259 Nazirliyind\u0259 d\u00f6vl\u0259t qeydiyyat\u0131na al\u0131n\u0131b. Nizamnam\u0259sind\u0259 yaz\u0131l\u0131r:\n<\/p>\n<p>\n  4.2. \u015euran\u0131n ali orqan\u0131 ild\u0259 bir d\u0259f\u0259d\u0259n az olmayaraq ca\u011f\u0131r\u0131lan qurultayd\u0131r. Qurultay\u0131n \u00e7a\u011f\u0131r\u0131lmas\u0131 v\u0259 orada m\u00fczakir\u0259 olunacaq m\u0259s\u0259l\u0259l\u0259r qurultaya bir ay qalm\u0131\u015fdan gec olmayaraq \u015euran\u0131n s\u0259dri t\u0259r\u0259find\u0259n elan olunur.\n<\/p>\n<p>\n  Yarand\u0131\u011f\u0131 ilk ill\u0259rd\u0259 h\u0259r il, Nizamnam\u0259y\u0259 uy\u011fun olaraq, qurultaylar ke\u00e7irilib. 2004-c\u00fc ild\u0259 II qurultay, 2005-ci ild\u0259 III qurultay, 23 dekabr 2006-c\u0131 ild\u0259 IV qurultay. Sonra bir az gecikm\u0259 olub. 2008-ci il iyunun 20-d\u0259 V qurultay ke\u00e7irilib v\u0259 bu qurultayda Nizamnam\u0259y\u0259 d\u0259yi\u015fiklik edilib. T\u0259\u015fkilata s\u0259dr se\u00e7kisinin 4 ild\u0259n bir ke\u00e7irilm\u0259si q\u0259rara al\u0131n\u0131b v\u0259 bu, Nizamnam\u0259nin a\u015fa\u011f\u0131dak\u0131 b\u0259ndind\u0259 \u0259ksini tap\u0131b:\n<\/p>\n<p>\n  4.27. \u015euran\u0131n S\u0259dri Qurultay t\u0259r\u0259find\u0259n \u0130dar\u0259 Hey\u0259tinin \u00fczvl\u0259ri aras\u0131ndan 4 il m\u00fcdd\u0259tin\u0259 gizli s\u0259sverm\u0259 yolu il\u0259 se\u00e7ilir.\n<\/p>\n<p>\n  N\u00f6vb\u0259ti \u2013 VI qurultay art\u0131q se\u00e7kiy\u0259 hesablanm\u0131\u015f qurultay olub, y\u0259ni Nizamnam\u0259 t\u0259l\u0259bin\u0259 uy\u011fun olaraq, ild\u0259 bir d\u0259f\u0259d\u0259n az olmayaraq ke\u00e7irilm\u0259li olan qurultay 5 ild\u0259n sonra yada d\u00fc\u015f\u00fcb. N\u0259hay\u0259t, 11 iyul 2013-c\u00fc ild\u0259 R\u0259\u015fid Behbudov ad\u0131na Mahn\u0131 Teatr\u0131nda ke\u00e7iril\u0259n gecikmi\u015f qurultayda \u018fflatun Ama\u015fov yenid\u0259n s\u0259dr olub. Bu se\u00e7kid\u0259n sonra da Nizamnam\u0259 pozuntusu davam edib, yaln\u0131z prezidentin n\u00f6vb\u0259d\u0259nk\u0259nar se\u00e7ki q\u0259rar\u0131 g\u00fcn\u00fc M\u0259tbuat \u015euras\u0131n\u0131n da qurultay m\u0259s\u0259l\u0259si g\u00fcnd\u0259m\u0259 g\u0259lib. Maraql\u0131d\u0131r ki, bundan bir m\u00fcdd\u0259t qabaq, daha do\u011frusu, bu il yanvar\u0131n 19-da \u201cReport\u201da a\u00e7\u0131qlamas\u0131nda M\u0259tbuat \u015euras\u0131n\u0131n s\u0259dri \u018fflatun Ama\u015fov deyib: \u201cYax\u0131n vaxtlarda M\u0259tbuat \u015euras\u0131n\u0131n hesabat\u0131 haz\u0131rlanacaq. Hesabat verdikd\u0259n sonra bu m\u0259s\u0259l\u0259ni (qurultay \u2013 R.H.) g\u00fcnd\u0259m\u0259 g\u0259tir\u0259c\u0259yik. Y\u0259qin ki, qurultay bu ilin yaz\u0131nda olacaq\u201d.\n<\/p>\n<p>\n  \u015eura s\u0259dri qurultay\u0131n yazda ke\u00e7iril\u0259c\u0259yini \u0259minlikl\u0259 dem\u0259yib. H\u0259m d\u0259 yaz aylar\u0131nda olaca\u011f\u0131n\u0131 bildirib. Mart\u0131n \u0259vv\u0259li is\u0259 yaz yox, q\u0131\u015fd\u0131r&#8230;\n<\/p>\n<p>\n  Nizamnam\u0259d\u0259n daha bir sitat g\u0259tirs\u0259k, \u015euran\u0131n f\u0259aliyy\u0259ti il\u0259 ba\u011fl\u0131 m\u0259s\u0259l\u0259l\u0259r\u0259 daha yax\u015f\u0131 i\u015f\u0131q sala bil\u0259rik.\n<\/p>\n<p>\n  1.1. Az\u0259rbaycan M\u0259tbuat \u015euras\u0131 (bundan sonra \u00ab\u015eura\u00bb adland\u0131r\u0131lacaq) bu Nizamnam\u0259d\u0259 m\u00fc\u0259yy\u0259n olunmu\u015f m\u0259qs\u0259dl\u0259r\u0259 nail olmaq \u00fc\u00e7\u00fcn yarad\u0131lm\u0131\u015f k\u00f6n\u00fcll\u00fc, \u00f6z\u00fcn\u00fcidar\u0259ed\u0259n, g\u0259lir \u0259ld\u0259 etm\u0259yi f\u0259aliyy\u0259tinin \u0259sas m\u0259qs\u0259di kimi n\u0259z\u0259rd\u0259 tutmayan qeyri-h\u00f6k\u00fcm\u0259t t\u0259\u015fkilat\u0131d\u0131r.<br \/>\n  <br \/>\n  2.1. \u015euran\u0131n f\u0259aliyy\u0259tinin m\u0259qs\u0259din\u0259 a\u015fa\u011f\u0131dak\u0131lar daxildir:<br \/>\n  <br \/>\n  2.1.1. Az\u0259rbaycanda s\u00f6z v\u0259 m\u0259tbuat azadl\u0131\u011f\u0131n\u0131n qorunmas\u0131&#8230;\n<\/p>\n<p>\n  Bu b\u0259ndl\u0259 ba\u011fl\u0131 \u015euran\u0131n h\u0259r hans\u0131 f\u0259aliyy\u0259t g\u00f6st\u0259rm\u0259k a\u011fl\u0131n\u0131n ucundan bel\u0259 ke\u00e7mirs\u0259, sonrak\u0131 b\u0259ndl\u0259rd\u0259 n\u0259 yaz\u0131lmas\u0131n\u0131n he\u00e7 \u00f6n\u0259mi yoxdur.\n<\/p>\n<figure class=\"wp-block-image size-large\">\n  <img decoding=\"async\" src=\"https:\/\/www.meydan.tv\/az\/99325\/\" alt=\"\" class=\"wp-image-99325\"\/><figcaption><\/figcaption><\/figure>\n<p>\n  Maraql\u0131 m\u0259qamlardan biris\u0259 qeyri-h\u00f6kum\u0259t t\u0259\u015fkilat\u0131n\u0131n \u00f6z\u00fcn\u00fc prezident\u0259 s\u0131r\u0131mas\u0131d\u0131r. M\u0259tbuat \u015euras\u0131n\u0131n Vikipedia s\u0259hif\u0259sind\u0259 yaz\u0131l\u0131b:\n<\/p>\n<p>\n  Tabe\u00e7ilik: Az\u0259rbaycan Respublikas\u0131 Prezidenti.\n<\/p>\n<p>\n  A\u00e7\u0131\u011f\u0131, bu tabe\u00e7iliyin hans\u0131 \u015f\u0259kild\u0259 oldu\u011fu, hans\u0131 qanunla, nizamnam\u0259yl\u0259, f\u0259rmanla t\u0259nziml\u0259ndiyi bar\u0259d\u0259 n\u0259 M\u0259tbuat \u015euras\u0131n\u0131n sayt\u0131nda, n\u0259 d\u0259 prezidentin sayt\u0131nda m\u0259lumat var. Qeyri-r\u0259smi tabe\u00e7iliyi r\u0259smi kimi t\u0259qdim etm\u0259yi anlay\u0131\u015fla qar\u015f\u0131lasaq bel\u0259. \u0130ndi kim\u0259 ba\u015fa salaq, kimi inand\u0131raq ki, qurultay q\u0259rar\u0131 \u015euran\u0131n tabe oldu\u011fu idar\u0259d\u0259n g\u0259lm\u0259yib?..\n<\/p>\n<p>\n  Vaxt\u0131 ke\u00e7mi\u015f qurultay\u0131n q\u0259fl\u0259t\u0259n, h\u0259m d\u0259 n\u00f6vb\u0259d\u0259nk\u0259nar prezident se\u00e7kisi ke\u00e7irilm\u0259si il\u0259 ba\u011fl\u0131 s\u0259r\u0259ncam veril\u0259n g\u00fcn yada d\u00fc\u015fm\u0259sinin t\u0259sad\u00fcf olmas\u0131na he\u00e7 Bay\u0131l binas\u0131ndak\u0131lar\u0131 da inand\u0131rmaq m\u00fcmk\u00fcn deyil&#8230;\n<\/p>\n<p>\n  Qurultay\u0131n i\u015fin\u0259 u\u011fur arzusu il\u0259&#8230;<\/p>\n","protected":false},"excerpt":{"rendered":"<p>\u0130ndi kimi inand\u0131raq ki, qurultay q\u0259rar\u0131 \u015euran\u0131n tabe oldu\u011fu idar\u0259d\u0259n g\u0259lm\u0259yib?..<\/p>\n","protected":false},"author":11,"featured_media":99322,"comment_status":"closed","ping_status":"open","sticky":false,"template":"","format":"standard","meta":{"_acf_changed":false,"_sitemap_exclude":false,"_sitemap_priority":"","_sitemap_frequency":"","footnotes":""},"categories":[51],"tags":[],"class_list":["post-188601","post","type-post","status-publish","format-standard","has-post-thumbnail","hentry","category-analitika","infinite-scroll-item","generate-columns","tablet-grid-50","mobile-grid-100","grid-parent","grid-33","no-featured-image-padding"],"acf":[],"yoast_head":"<!-- This site is optimized with the Yoast SEO plugin v27.4 - https:\/\/yoast.com\/product\/yoast-seo-wordpress\/ -->\n<title>Jurnalistl\u0259rin n\u00f6vb\u0259d\u0259nk\u0259nar d\u0259st\u0259k qurultay\u0131 - MEYDAN.TV<\/title>\n<meta name=\"robots\" content=\"index, follow, max-snippet:-1, max-image-preview:large, max-video-preview:-1\" \/>\n<link rel=\"canonical\" href=\"https:\/\/www.meydan.tv\/az\/article\/jurnalistlerin-novbedenkenar-destek-qurultayi\/\" \/>\n<meta property=\"og:locale\" content=\"az_AZ\" \/>\n<meta property=\"og:type\" content=\"article\" \/>\n<meta property=\"og:title\" content=\"Jurnalistl\u0259rin n\u00f6vb\u0259d\u0259nk\u0259nar d\u0259st\u0259k qurultay\u0131 - MEYDAN.TV\" \/>\n<meta property=\"og:description\" content=\"\u0130ndi kimi inand\u0131raq ki, qurultay q\u0259rar\u0131 \u015euran\u0131n tabe oldu\u011fu idar\u0259d\u0259n g\u0259lm\u0259yib?..\" \/>\n<meta property=\"og:url\" content=\"https:\/\/www.meydan.tv\/az\/article\/jurnalistlerin-novbedenkenar-destek-qurultayi\/\" \/>\n<meta property=\"og:site_name\" content=\"MEYDAN.TV\" \/>\n<meta property=\"article:published_time\" content=\"2018-02-09T16:35:38+00:00\" \/>\n<meta property=\"og:image\" content=\"https:\/\/www.meydan.tv\/wp-content\/uploads\/39287.jpg\" \/>\n\t<meta property=\"og:image:width\" content=\"1000\" \/>\n\t<meta property=\"og:image:height\" content=\"624\" \/>\n\t<meta property=\"og:image:type\" content=\"image\/jpeg\" \/>\n<meta name=\"author\" content=\"user-manager\" \/>\n<meta name=\"twitter:card\" content=\"summary_large_image\" \/>\n<script type=\"application\/ld+json\" class=\"yoast-schema-graph\">{\"@context\":\"https:\\\/\\\/schema.org\",\"@graph\":[{\"@type\":\"Article\",\"@id\":\"https:\\\/\\\/www.meydan.tv\\\/az\\\/article\\\/jurnalistlerin-novbedenkenar-destek-qurultayi\\\/#article\",\"isPartOf\":{\"@id\":\"https:\\\/\\\/www.meydan.tv\\\/az\\\/article\\\/jurnalistlerin-novbedenkenar-destek-qurultayi\\\/\"},\"author\":{\"name\":\"user-manager\",\"@id\":\"https:\\\/\\\/www.meydan.tv\\\/az\\\/#\\\/schema\\\/person\\\/10d11eccf6da3662cf5fdab9806ea91a\"},\"headline\":\"Jurnalistl\u0259rin n\u00f6vb\u0259d\u0259nk\u0259nar d\u0259st\u0259k qurultay\u0131\",\"datePublished\":\"2018-02-09T16:35:38+00:00\",\"mainEntityOfPage\":{\"@id\":\"https:\\\/\\\/www.meydan.tv\\\/az\\\/article\\\/jurnalistlerin-novbedenkenar-destek-qurultayi\\\/\"},\"wordCount\":1046,\"publisher\":{\"@id\":\"https:\\\/\\\/www.meydan.tv\\\/az\\\/#organization\"},\"image\":{\"@id\":\"https:\\\/\\\/www.meydan.tv\\\/az\\\/article\\\/jurnalistlerin-novbedenkenar-destek-qurultayi\\\/#primaryimage\"},\"thumbnailUrl\":\"https:\\\/\\\/www.meydan.tv\\\/wp-content\\\/uploads\\\/39287.jpg\",\"articleSection\":[\"Analitika\"],\"inLanguage\":\"az\"},{\"@type\":\"WebPage\",\"@id\":\"https:\\\/\\\/www.meydan.tv\\\/az\\\/article\\\/jurnalistlerin-novbedenkenar-destek-qurultayi\\\/\",\"url\":\"https:\\\/\\\/www.meydan.tv\\\/az\\\/article\\\/jurnalistlerin-novbedenkenar-destek-qurultayi\\\/\",\"name\":\"Jurnalistl\u0259rin n\u00f6vb\u0259d\u0259nk\u0259nar d\u0259st\u0259k qurultay\u0131 - MEYDAN.TV\",\"isPartOf\":{\"@id\":\"https:\\\/\\\/www.meydan.tv\\\/az\\\/#website\"},\"primaryImageOfPage\":{\"@id\":\"https:\\\/\\\/www.meydan.tv\\\/az\\\/article\\\/jurnalistlerin-novbedenkenar-destek-qurultayi\\\/#primaryimage\"},\"image\":{\"@id\":\"https:\\\/\\\/www.meydan.tv\\\/az\\\/article\\\/jurnalistlerin-novbedenkenar-destek-qurultayi\\\/#primaryimage\"},\"thumbnailUrl\":\"https:\\\/\\\/www.meydan.tv\\\/wp-content\\\/uploads\\\/39287.jpg\",\"datePublished\":\"2018-02-09T16:35:38+00:00\",\"breadcrumb\":{\"@id\":\"https:\\\/\\\/www.meydan.tv\\\/az\\\/article\\\/jurnalistlerin-novbedenkenar-destek-qurultayi\\\/#breadcrumb\"},\"inLanguage\":\"az\",\"potentialAction\":[{\"@type\":\"ReadAction\",\"target\":[\"https:\\\/\\\/www.meydan.tv\\\/az\\\/article\\\/jurnalistlerin-novbedenkenar-destek-qurultayi\\\/\"]}]},{\"@type\":\"ImageObject\",\"inLanguage\":\"az\",\"@id\":\"https:\\\/\\\/www.meydan.tv\\\/az\\\/article\\\/jurnalistlerin-novbedenkenar-destek-qurultayi\\\/#primaryimage\",\"url\":\"https:\\\/\\\/www.meydan.tv\\\/wp-content\\\/uploads\\\/39287.jpg\",\"contentUrl\":\"https:\\\/\\\/www.meydan.tv\\\/wp-content\\\/uploads\\\/39287.jpg\",\"width\":1000,\"height\":624,\"caption\":\"Source:\"},{\"@type\":\"BreadcrumbList\",\"@id\":\"https:\\\/\\\/www.meydan.tv\\\/az\\\/article\\\/jurnalistlerin-novbedenkenar-destek-qurultayi\\\/#breadcrumb\",\"itemListElement\":[{\"@type\":\"ListItem\",\"position\":1,\"name\":\"Ana s\u0259hif\u0259\",\"item\":\"https:\\\/\\\/www.meydan.tv\\\/az\\\/\"},{\"@type\":\"ListItem\",\"position\":2,\"name\":\"Analitika\",\"item\":\"https:\\\/\\\/www.meydan.tv\\\/az\\\/section\\\/analitika\\\/\"},{\"@type\":\"ListItem\",\"position\":3,\"name\":\"Jurnalistl\u0259rin n\u00f6vb\u0259d\u0259nk\u0259nar d\u0259st\u0259k qurultay\u0131\"}]},{\"@type\":\"WebSite\",\"@id\":\"https:\\\/\\\/www.meydan.tv\\\/az\\\/#website\",\"url\":\"https:\\\/\\\/www.meydan.tv\\\/az\\\/\",\"name\":\"MEYDAN.TV\",\"description\":\"Meydan TV Az\u0259rbaycan\u0131n media m\u0259kan\u0131ndak\u0131 alternativ s\u0259sidir\",\"publisher\":{\"@id\":\"https:\\\/\\\/www.meydan.tv\\\/az\\\/#organization\"},\"potentialAction\":[{\"@type\":\"SearchAction\",\"target\":{\"@type\":\"EntryPoint\",\"urlTemplate\":\"https:\\\/\\\/www.meydan.tv\\\/az\\\/?s={search_term_string}\"},\"query-input\":{\"@type\":\"PropertyValueSpecification\",\"valueRequired\":true,\"valueName\":\"search_term_string\"}}],\"inLanguage\":\"az\"},{\"@type\":\"Organization\",\"@id\":\"https:\\\/\\\/www.meydan.tv\\\/az\\\/#organization\",\"name\":\"Meydan TV\",\"url\":\"https:\\\/\\\/www.meydan.tv\\\/az\\\/\",\"logo\":{\"@type\":\"ImageObject\",\"inLanguage\":\"az\",\"@id\":\"https:\\\/\\\/www.meydan.tv\\\/az\\\/#\\\/schema\\\/logo\\\/image\\\/\",\"url\":\"https:\\\/\\\/www.meydan.tv\\\/wp-content\\\/uploads\\\/2021\\\/07\\\/meydan-logo.svg\",\"contentUrl\":\"https:\\\/\\\/www.meydan.tv\\\/wp-content\\\/uploads\\\/2021\\\/07\\\/meydan-logo.svg\",\"width\":195,\"height\":46,\"caption\":\"Meydan TV\"},\"image\":{\"@id\":\"https:\\\/\\\/www.meydan.tv\\\/az\\\/#\\\/schema\\\/logo\\\/image\\\/\"}},{\"@type\":\"Person\",\"@id\":\"https:\\\/\\\/www.meydan.tv\\\/az\\\/#\\\/schema\\\/person\\\/10d11eccf6da3662cf5fdab9806ea91a\",\"name\":\"user-manager\"}]}<\/script>\n<!-- \/ Yoast SEO plugin. -->","yoast_head_json":{"title":"Jurnalistl\u0259rin n\u00f6vb\u0259d\u0259nk\u0259nar d\u0259st\u0259k qurultay\u0131 - MEYDAN.TV","robots":{"index":"index","follow":"follow","max-snippet":"max-snippet:-1","max-image-preview":"max-image-preview:large","max-video-preview":"max-video-preview:-1"},"canonical":"https:\/\/www.meydan.tv\/az\/article\/jurnalistlerin-novbedenkenar-destek-qurultayi\/","og_locale":"az_AZ","og_type":"article","og_title":"Jurnalistl\u0259rin n\u00f6vb\u0259d\u0259nk\u0259nar d\u0259st\u0259k qurultay\u0131 - MEYDAN.TV","og_description":"\u0130ndi kimi inand\u0131raq ki, qurultay q\u0259rar\u0131 \u015euran\u0131n tabe oldu\u011fu idar\u0259d\u0259n g\u0259lm\u0259yib?..","og_url":"https:\/\/www.meydan.tv\/az\/article\/jurnalistlerin-novbedenkenar-destek-qurultayi\/","og_site_name":"MEYDAN.TV","article_published_time":"2018-02-09T16:35:38+00:00","og_image":[{"width":1000,"height":624,"url":"https:\/\/www.meydan.tv\/wp-content\/uploads\/39287.jpg","type":"image\/jpeg"}],"author":"user-manager","twitter_card":"summary_large_image","schema":{"@context":"https:\/\/schema.org","@graph":[{"@type":"Article","@id":"https:\/\/www.meydan.tv\/az\/article\/jurnalistlerin-novbedenkenar-destek-qurultayi\/#article","isPartOf":{"@id":"https:\/\/www.meydan.tv\/az\/article\/jurnalistlerin-novbedenkenar-destek-qurultayi\/"},"author":{"name":"user-manager","@id":"https:\/\/www.meydan.tv\/az\/#\/schema\/person\/10d11eccf6da3662cf5fdab9806ea91a"},"headline":"Jurnalistl\u0259rin n\u00f6vb\u0259d\u0259nk\u0259nar d\u0259st\u0259k qurultay\u0131","datePublished":"2018-02-09T16:35:38+00:00","mainEntityOfPage":{"@id":"https:\/\/www.meydan.tv\/az\/article\/jurnalistlerin-novbedenkenar-destek-qurultayi\/"},"wordCount":1046,"publisher":{"@id":"https:\/\/www.meydan.tv\/az\/#organization"},"image":{"@id":"https:\/\/www.meydan.tv\/az\/article\/jurnalistlerin-novbedenkenar-destek-qurultayi\/#primaryimage"},"thumbnailUrl":"https:\/\/www.meydan.tv\/wp-content\/uploads\/39287.jpg","articleSection":["Analitika"],"inLanguage":"az"},{"@type":"WebPage","@id":"https:\/\/www.meydan.tv\/az\/article\/jurnalistlerin-novbedenkenar-destek-qurultayi\/","url":"https:\/\/www.meydan.tv\/az\/article\/jurnalistlerin-novbedenkenar-destek-qurultayi\/","name":"Jurnalistl\u0259rin n\u00f6vb\u0259d\u0259nk\u0259nar d\u0259st\u0259k qurultay\u0131 - MEYDAN.TV","isPartOf":{"@id":"https:\/\/www.meydan.tv\/az\/#website"},"primaryImageOfPage":{"@id":"https:\/\/www.meydan.tv\/az\/article\/jurnalistlerin-novbedenkenar-destek-qurultayi\/#primaryimage"},"image":{"@id":"https:\/\/www.meydan.tv\/az\/article\/jurnalistlerin-novbedenkenar-destek-qurultayi\/#primaryimage"},"thumbnailUrl":"https:\/\/www.meydan.tv\/wp-content\/uploads\/39287.jpg","datePublished":"2018-02-09T16:35:38+00:00","breadcrumb":{"@id":"https:\/\/www.meydan.tv\/az\/article\/jurnalistlerin-novbedenkenar-destek-qurultayi\/#breadcrumb"},"inLanguage":"az","potentialAction":[{"@type":"ReadAction","target":["https:\/\/www.meydan.tv\/az\/article\/jurnalistlerin-novbedenkenar-destek-qurultayi\/"]}]},{"@type":"ImageObject","inLanguage":"az","@id":"https:\/\/www.meydan.tv\/az\/article\/jurnalistlerin-novbedenkenar-destek-qurultayi\/#primaryimage","url":"https:\/\/www.meydan.tv\/wp-content\/uploads\/39287.jpg","contentUrl":"https:\/\/www.meydan.tv\/wp-content\/uploads\/39287.jpg","width":1000,"height":624,"caption":"Source:"},{"@type":"BreadcrumbList","@id":"https:\/\/www.meydan.tv\/az\/article\/jurnalistlerin-novbedenkenar-destek-qurultayi\/#breadcrumb","itemListElement":[{"@type":"ListItem","position":1,"name":"Ana s\u0259hif\u0259","item":"https:\/\/www.meydan.tv\/az\/"},{"@type":"ListItem","position":2,"name":"Analitika","item":"https:\/\/www.meydan.tv\/az\/section\/analitika\/"},{"@type":"ListItem","position":3,"name":"Jurnalistl\u0259rin n\u00f6vb\u0259d\u0259nk\u0259nar d\u0259st\u0259k qurultay\u0131"}]},{"@type":"WebSite","@id":"https:\/\/www.meydan.tv\/az\/#website","url":"https:\/\/www.meydan.tv\/az\/","name":"MEYDAN.TV","description":"Meydan TV Az\u0259rbaycan\u0131n media m\u0259kan\u0131ndak\u0131 alternativ s\u0259sidir","publisher":{"@id":"https:\/\/www.meydan.tv\/az\/#organization"},"potentialAction":[{"@type":"SearchAction","target":{"@type":"EntryPoint","urlTemplate":"https:\/\/www.meydan.tv\/az\/?s={search_term_string}"},"query-input":{"@type":"PropertyValueSpecification","valueRequired":true,"valueName":"search_term_string"}}],"inLanguage":"az"},{"@type":"Organization","@id":"https:\/\/www.meydan.tv\/az\/#organization","name":"Meydan TV","url":"https:\/\/www.meydan.tv\/az\/","logo":{"@type":"ImageObject","inLanguage":"az","@id":"https:\/\/www.meydan.tv\/az\/#\/schema\/logo\/image\/","url":"https:\/\/www.meydan.tv\/wp-content\/uploads\/2021\/07\/meydan-logo.svg","contentUrl":"https:\/\/www.meydan.tv\/wp-content\/uploads\/2021\/07\/meydan-logo.svg","width":195,"height":46,"caption":"Meydan TV"},"image":{"@id":"https:\/\/www.meydan.tv\/az\/#\/schema\/logo\/image\/"}},{"@type":"Person","@id":"https:\/\/www.meydan.tv\/az\/#\/schema\/person\/10d11eccf6da3662cf5fdab9806ea91a","name":"user-manager"}]}},"_links":{"self":[{"href":"https:\/\/www.meydan.tv\/az\/wp-json\/wp\/v2\/posts\/188601","targetHints":{"allow":["GET"]}}],"collection":[{"href":"https:\/\/www.meydan.tv\/az\/wp-json\/wp\/v2\/posts"}],"about":[{"href":"https:\/\/www.meydan.tv\/az\/wp-json\/wp\/v2\/types\/post"}],"author":[{"embeddable":true,"href":"https:\/\/www.meydan.tv\/az\/wp-json\/wp\/v2\/users\/11"}],"replies":[{"embeddable":true,"href":"https:\/\/www.meydan.tv\/az\/wp-json\/wp\/v2\/comments?post=188601"}],"version-history":[{"count":0,"href":"https:\/\/www.meydan.tv\/az\/wp-json\/wp\/v2\/posts\/188601\/revisions"}],"wp:featuredmedia":[{"embeddable":true,"href":"https:\/\/www.meydan.tv\/az\/wp-json\/wp\/v2\/media\/99322"}],"wp:attachment":[{"href":"https:\/\/www.meydan.tv\/az\/wp-json\/wp\/v2\/media?parent=188601"}],"wp:term":[{"taxonomy":"category","embeddable":true,"href":"https:\/\/www.meydan.tv\/az\/wp-json\/wp\/v2\/categories?post=188601"},{"taxonomy":"post_tag","embeddable":true,"href":"https:\/\/www.meydan.tv\/az\/wp-json\/wp\/v2\/tags?post=188601"}],"curies":[{"name":"wp","href":"https:\/\/api.w.org\/{rel}","templated":true}]}}