{"id":188584,"date":"2018-02-08T20:15:08","date_gmt":"2018-02-08T20:15:08","guid":{"rendered":"https:\/\/www.meydan.tv\/article\/prezidentin-pambiq-siyaseti\/"},"modified":"2018-02-08T20:15:08","modified_gmt":"2018-02-08T20:15:08","slug":"prezidentin-pambiq-siyaseti","status":"publish","type":"post","link":"https:\/\/www.meydan.tv\/az\/article\/prezidentin-pambiq-siyaseti\/","title":{"rendered":"Prezidentin pamb\u0131q siyas\u0259ti"},"content":{"rendered":"<p>\n  D\u00f6vl\u0259t m\u00fcst\u0259qiliyinin b\u0259rpas\u0131 Az\u0259rbaycanda pamb\u0131q z\u00fclm\u00fcn\u00fc d\u0259 aradan qald\u0131rd\u0131. Daha hektarlar\u0131 \u00f6l\u00e7\u00fcb k\u0259nd adamlar\u0131n\u0131n \u201cbelin\u0259 y\u00fckl\u0259m\u0259dil\u0259r\u201d, \u015fagirdind\u0259n, t\u0259l\u0259b\u0259sind\u0259n tutmu\u015f h\u0259kimin\u0259, m\u00fch\u0259ndisin\u0259, m\u00fc\u0259llimin\u0259d\u0259k h\u0259r k\u0259si zorla pamb\u0131q y\u0131\u011f\u0131m\u0131na aparmad\u0131lar. Hamil\u0259 qad\u0131nlar tarlada u\u015faq d\u00fcnyaya g\u0259tirm\u0259di. M\u0259nt\u0259q\u0259 radiolar\u0131 susdu, yol k\u0259narlar\u0131ndan \u201cq\u0131rm\u0131z\u0131 stollar\u201d y\u0131\u011f\u0131\u015fd\u0131r\u0131ld\u0131. Vaxtil\u0259 pamb\u0131q tarlas\u0131 olan yerl\u0259rd\u0259 yeni m\u0259h\u0259ll\u0259l\u0259r, ya\u015fay\u0131\u015f massivl\u0259ri yarand\u0131.\n<\/p>\n<p>\n  Bundan sonra da \u00f6lk\u0259d\u0259 pamb\u0131q \u0259kildi. Amma bu sah\u0259d\u0259 qabaqc\u0131l t\u0259s\u0259rr\u00fcfat adamlar\u0131 qald\u0131. Onlar da bir-bir \u00e7\u0259kilib gedirdi. \u00c7\u00fcnki n\u0259 f\u0259rli texnika qalm\u0131\u015fd\u0131, n\u0259 d\u0259 m\u0259hsula d\u0259y\u0259r verilirdi.\n<\/p>\n<p>\n  On ill\u0259rl\u0259 qurulan n\u0259h\u0259ng zavodlar \u00e7\u00f6kd\u00fc, q\u0259bul m\u0259nt\u0259q\u0259l\u0259rini kol-kos basd\u0131, yard\u0131m\u00e7\u0131 t\u0259s\u0259rr\u00fcfatlar ba\u015fqa m\u0259qs\u0259dl\u0259rl\u0259 istifad\u0259 edildi. Minl\u0259rl\u0259 \u00f6z\u0259ll\u0259\u015fm\u0259 \u00e7eki bu sah\u0259d\u0259 \u201cyand\u0131\u201d. Sonra b\u00fct\u00fcn m\u00fc\u0259ssis\u0259l\u0259r ya zor, ya da xo\u015fluqla bir \u0259ld\u0259 c\u0259ml\u0259ndi.\n<\/p>\n<p>\n  \u00d6lk\u0259y\u0259 neft milyardlar\u0131n\u0131n tran\u015f\u0131 ba\u015flananda regionlar\u0131n, qeyri-neft sektorunun inki\u015faf\u0131ndan, yoxsullu\u011fun, i\u015fsizliyin azald\u0131lmas\u0131ndan dan\u0131\u015f\u0131ld\u0131. Amma pamb\u0131q yada d\u00fc\u015fm\u0259di.\n<\/p>\n<p>\n  Zat\u0259n az\u0259rbaycanl\u0131larda pamb\u0131\u011fa nifr\u0259t vard\u0131. A\u015fkarl\u0131q v\u0259 demokratiya ilk olaraq pamb\u0131\u011f\u0131 \u201cvurmu\u015fdu\u201d. Sad\u0259 insan\u0131 onu \u201cqul \u0259m\u0259yi\u201d hesab edir, h\u0259kimi \u201cqad\u0131n\u0131 qad\u0131nl\u0131qdan \u00e7\u0131xar\u0131r\u201d, alimi \u201cpamb\u0131q\u00e7\u0131l\u0131qda istifad\u0259 edil\u0259n kimy\u0259vi pereparatlar genofondumuzu m\u0259hv edir\u201d deyirdi. Korrupsiya v\u0259 saxta statistika bar\u0259d\u0259 dan\u0131\u015f\u0131landa, orta v\u0259 ya\u015fl\u0131 n\u0259slin yad\u0131na \u00f6t\u0259n \u0259srin 70-80-ci ill\u0259rinin pamb\u0131q \u201cpripiska\u201ds\u0131 d\u00fc\u015f\u00fcr.\n<\/p>\n<p>\n  Ata \u018fliyev hakimiyy\u0259t\u0259 n\u00f6vb\u0259ti d\u0259f\u0259 qay\u0131danda yenid\u0259n pamb\u0131\u011fa giri\u015fm\u0259di. He\u00e7 tarla xatir\u0259l\u0259rini d\u0259 b\u00f6l\u00fc\u015fm\u0259y\u0259 h\u0259v\u0259sli olmad\u0131. Kolxozlar\u0131 l\u0259\u011fv etdi, torpaqlar\u0131 k\u0259nd adamlar\u0131 aras\u0131nda b\u00f6l\u00fc\u015fd\u00fcrd\u00fc. Kims\u0259y\u0259 dem\u0259di pamb\u0131q \u0259k, ya \u0259km\u0259. D\u00f6vl\u0259t Statistika Komit\u0259sinin m\u0259lumat\u0131ndan da g\u00f6r\u00fcn\u00fcr ki, pamb\u0131q\u00e7\u0131l\u0131q \u00fczr\u0259 \u0259n a\u015fa\u011f\u0131 m\u0259hsuldarl\u0131q m\u0259hz bu d\u00f6vrd\u0259- 1993-2003-c\u00fc ill\u0259rd\u0259 olub. 1997-ci ild\u0259 \u00f6lk\u0259d\u0259 126,4 min ton pamb\u0131q t\u0259dar\u00fck edilib v\u0259 h\u0259r hektardan orta hesabla 6,1 sentner m\u0259hsul g\u00f6t\u00fcr\u00fcl\u00fcb. Bel\u0259 pis g\u00f6st\u0259rici sonuncu d\u0259f\u0259 1945-ci ild\u0259 qeyd\u0259 al\u0131nm\u0131\u015fd\u0131.\n<\/p>\n<p>\n  \u00c7ox sonradan- 2010-cu ild\u0259 \u201cPamb\u0131q\u00e7\u0131l\u0131q haqq\u0131nda qanun\u201dun q\u0259bulu da v\u0259ziyy\u0259ti d\u0259yi\u015fm\u0259di. Halbuki h\u0259min qanunda pamb\u0131q v\u0259 pamb\u0131q m\u0259hsullar\u0131 istehsal\u0131 \u00fc\u00e7\u00fcn d\u00f6vl\u0259t d\u0259st\u0259yi, o c\u00fcml\u0259d\u0259n bu sah\u0259y\u0259 investisiyalar qoyulmas\u0131, texnika al\u0131n\u0131b istehsal\u00e7\u0131lara lizinq yolu il\u0259 g\u00fcz\u0259\u015ftli \u015f\u0259rtl\u0259rl\u0259 verilm\u0259si, pamb\u0131q sah\u0259l\u0259rinin s\u0131\u011fortalanmas\u0131n\u0131n t\u0259\u015fkili n\u0259z\u0259rd\u0259 tutulmu\u015fdu. O da qeyd olunmu\u015fdu ki, \u201cpamb\u0131q v\u0259 pamb\u0131q m\u0259hsullar\u0131 istehsal\u00e7\u0131lar\u0131na d\u00f6vl\u0259t t\u0259r\u0259find\u0259n m\u00fcvafiq g\u00fcz\u0259\u015ftl\u0259r m\u00fc\u0259yy\u0259n edil\u0259 bil\u0259r\u201d.\n<\/p>\n<blockquote><p>\n  Neftin ucuzla\u015fmas\u0131 pax\u0131rlar\u0131 a\u00e7d\u0131?\n<\/p><\/blockquote>\n<p>\n  H\u00f6kum\u0259t bilirdi ki, k\u0259nd yerind\u0259 ya\u015fayanlar yoxsulluq v\u0259 s\u0259fal\u0259t i\u00e7ind\u0259dir. Bilirdi ki, k\u0259ndli torpaqdan qazanc g\u00f6t\u00fcr\u0259 bilmir. Onlar\u0131n \u0259lini \u00e7\u00f6r\u0259y\u0259 \u00e7atd\u0131rmaq \u0259v\u0259zin\u0259 ot \u0259k\u0259n\u0259 subsidiya, azt\u0259minatl\u0131 ail\u0259l\u0259r\u0259 \u00fcnvanl\u0131 yard\u0131m verirdi. Dey\u0259s\u0259n m\u0259mur-oliqarxlara k\u0259nd t\u0259s\u0259rr\u00fcfat\u0131ndak\u0131 bu \u00f6lg\u00fcnl\u00fck s\u0259rf\u0259li idi- xaricd\u0259n g\u0259tirdikl\u0259ri meyv\u0259-t\u0259r\u0259v\u0259zi daxili bazarda rahatca sat\u0131rd\u0131lar. H\u0259tta yumurta, kartof, sar\u0131msa\u011fa olan t\u0259l\u0259bat\u0131n \u0259sas hiss\u0259si idxal hesab\u0131na \u00f6d\u0259nilirdi. Ki\u00e7ik \u0259yal\u0259t \u015f\u0259h\u0259rl\u0259rind\u0259 q\u0131rlanan yollar, olimpiya kompleksl\u0259ri, park, muzey v\u0259 heyk\u0259ll\u0259rl\u0259 regionlar\u0131n inki\u015faf\u0131 g\u00f6r\u00fcnt\u00fcs\u00fc yarad\u0131l\u0131rd\u0131.\n<\/p>\n<p>\n  D\u00fcnya bazar\u0131nda neftin qiym\u0259ti \u00fcz\u00fca\u015fa\u011f\u0131 ged\u0259nd\u0259, h\u00f6kum\u0259t ay\u0131ld\u0131 ki, ba\u015fqa m\u0259hsullar\u0131n da ixrac\u0131 laz\u0131md\u0131r. Amma \u00f6lk\u0259nin, neftd\u0259n itirdikl\u0259rinin yerini doldura bil\u0259c\u0259k n\u0259yi vard\u0131 ki? Bu sual\u0131n cavab\u0131n\u0131 Az\u0259rbaycan prezidentinin \u00e7\u0131x\u0131\u015flar\u0131n\u0131n birind\u0259 tapa<br \/>\n  <a href=\"http:\/\/president.az\/articles\/21117\/print\" target=\"_blank\" rel=\"noopener\"><br \/>\n    bil\u0259rik<br \/>\n  <\/a><br \/>\n  :\n<\/p>\n<p>\n  \u201c\u0130nki\u015faf etmi\u015f \u00f6lk\u0259l\u0259r n\u0259yi ixrac edir? A\u011fl\u0131, z\u0259kan\u0131, texnologiyan\u0131 ixrac edir. Ma\u015f\u0131nlar, mexanizml\u0259r, d\u0259zgahlar, m\u00fcasir texnologiyalar ixrac olunur v\u0259 o \u00f6lk\u0259l\u0259r bununla da \u00e7ox inki\u015faf edir. Biz n\u0259 ixrac ed\u0259 bil\u0259rik? H\u0259l\u0259 ki biz texnologiya ixrac ed\u0259 bilmirik v\u0259 y\u0259qin ki, ed\u0259 bilm\u0259y\u0259c\u0259yik. O b\u00f6y\u00fck d\u00f6vl\u0259tl\u0259rl\u0259 ayaqla\u015fmaq m\u00fcmk\u00fcn deyil. Onlar\u0131n texnoloji inki\u015fafla, t\u0259r\u0259qqi il\u0259 ba\u011fl\u0131 minl\u0259rl\u0259 beyin m\u0259rk\u0259zl\u0259ri var. \u018fn m\u00fct\u0259r\u0259qqi, qabaqc\u0131l aliml\u0259r, Nobel m\u00fckafat\u0131 laureatlar\u0131 i\u015fl\u0259yir. Biz ixrac ed\u0259 bil\u0259rikmi? \u018fg\u0259r a\u00e7\u0131q dan\u0131\u015fsaq, \u0259lb\u0259tt\u0259 ki, yox. Ona g\u00f6r\u0259, bizim kimi g\u0259nc m\u00fcst\u0259qil d\u00f6vl\u0259t, &#8211; hans\u0131 ki, b\u00f6y\u00fck probleml\u0259rl\u0259 \u00fczl\u0259\u015fmi\u015fdir, &#8211; \u0259vv\u0259lc\u0259 t\u0259bii imkanlar\u0131n\u0131n hesab\u0131na ya\u015famal\u0131d\u0131r, ilk add\u0131m kimi\u201d.\n<\/p>\n<p>\n  Az\u0259rbaycan prezidenti bu etiraf\u0131nda s\u0259mimidir. Amma o, itirilmi\u015f zaman, s\u0259m\u0259r\u0259siz istifad\u0259 edilmi\u015f milyardlar haqq\u0131nda dan\u0131\u015fmay\u0131b. He\u00e7 n\u0259 yox, \u201cEvrovision\u201d, \u201cFormula-1\u201d v\u0259 1-ci Avropa Oyunlar\u0131na x\u0259rcl\u0259n\u0259n pullar\u0131n c\u00fczi bir hiss\u0259si il\u0259 \u00f6lk\u0259d\u0259 k\u0259nd t\u0259s\u0259rr\u00fcfat\u0131n\u0131 \u00e7oxdan aya\u011fa qald\u0131rmaq, ixracy\u00f6n\u00fcml\u00fc m\u0259hsullar\u0131n istehsal\u0131na nail olmaq olard\u0131. Adama dey\u0259rl\u0259r: b\u0259s bu ill\u0259rd\u0259 n\u0259 etmis\u0259n? Ortada he\u00e7 n\u0259 olmay\u0131bsa, xalq\u0131 aldad\u0131b ill\u0259rl\u0259 u\u011furlu iqtisadi siyas\u0259td\u0259n, islahatlardan, inki\u015fafdan niy\u0259 dan\u0131\u015f\u0131rd\u0131n?\n<\/p>\n<figure class=\"wp-block-image size-large\">\n  <img decoding=\"async\" src=\"https:\/\/www.meydan.tv\/az\/ilham-eliyev-salyanin-kursengi-kendinde-pambiq-sahelerine-baxib\/\" alt=\"\u0130lham \u018fliyev Salyan\u0131n K\u00fcrs\u0259ngi k\u0259ndind\u0259 pamb\u0131q sah\u0259l\u0259rin\u0259 bax\u0131b\" class=\"wp-image-99262\"\/><figcaption>\n    \u0130lham \u018fliyev Salyan\u0131n K\u00fcrs\u0259ngi k\u0259ndind\u0259 pamb\u0131q sah\u0259l\u0259rin\u0259 bax\u0131b<br \/>\n  <\/figcaption><\/figure>\n<p>\n  O zaman \u00e7a\u015fq\u0131nl\u0131q i\u00e7ind\u0259 olan \u0130lham \u018fliyev\u0259 m\u00fcst\u0259qil iqtisad\u00e7\u0131lar t\u0259klif edirdil\u0259r ki, t\u0259cili v\u0259 h\u0259qiqi islahatlara ba\u015flas\u0131n, inhisar\u00e7\u0131l\u0131\u011f\u0131 aradan qald\u0131rs\u0131n, g\u00f6mr\u00fckd\u0259 t\u0259mizlik yarats\u0131n. Amma Az\u0259rbaycan lideri \u00f6lk\u0259ni k\u00f6hn\u0259 qaydalar v\u0259 k\u00f6hn\u0259 qvardiya il\u0259 idar\u0259 etm\u0259kd\u0259 israrl\u0131 idi.\n<\/p>\n<blockquote><p>\n  Niy\u0259 m\u0259hz pamb\u0131q?\n<\/p><\/blockquote>\n<p>\n  H\u00f6kum\u0259t ixracy\u00f6n\u00fcml\u00fc, \u00f6lk\u0259y\u0259 valyuta g\u0259tir\u0259c\u0259k m\u0259hsullar\u0131n istehsal\u0131 bar\u0259d\u0259 d\u00fc\u015f\u00fcn\u0259r\u0259k, onlardan \u0259n yax\u015f\u0131s\u0131 olaraq pamb\u0131\u011f\u0131 se\u00e7di. Niy\u0259 m\u0259hz pamb\u0131\u011f\u0131? Bu sual\u0131n cavab\u0131n\u0131 \u0130lham \u018fliyevin el\u0259 \u00f6z dilind\u0259n e\u015fid\u0259k:\n<\/p>\n<p>\n  <b><br \/>\n    <i><br \/>\n      1) \u201cBu, \u00f6lk\u0259miz\u0259 valyuta g\u0259tirir\u201d.<br \/>\n    <\/i><br \/>\n  <\/b><br \/>\n  <br \/>\n  <b><br \/>\n    <i><br \/>\n      2) \u201cAz\u0259rbaycanda el\u0259 m\u0259hsul istehsal edilm\u0259lidir ki, bazarlardan as\u0131l\u0131 olmas\u0131n. Bax, pamb\u0131q o m\u0259hsullardand\u0131r. \u00c7\u00fcnki d\u00fcnya birjalar\u0131nda sat\u0131l\u0131r\u201d.<br \/>\n    <\/i><br \/>\n  <\/b><br \/>\n  <br \/>\n  <b><br \/>\n    <i><br \/>\n      3) \u201cPamb\u0131q\u00e7\u0131l\u0131q \u0259m\u0259ktutumlu k\u0259nd t\u0259s\u0259rr\u00fcfat\u0131 sah\u0259sidir. Hesablamalar apar\u0131l\u0131b ki, h\u0259r hektarda orta hesabla iki n\u0259f\u0259r i\u015fl\u0259y\u0259 bil\u0259r. B\u00f6lg\u0259l\u0259rd\u0259 m\u0259\u015f\u011fullu\u011fun art\u0131r\u0131lmas\u0131 bax\u0131m\u0131ndan pamb\u0131q\u00e7\u0131l\u0131\u011f\u0131n \u00e7ox b\u00f6y\u00fck xeyri var. Pamb\u0131q \u0259kil\u0259n rayonlarda y\u00fcz minl\u0259rl\u0259 insan bu i\u015fl\u0259r\u0259 c\u0259lb edil\u0259c\u0259k\u201d.<br \/>\n    <\/i><br \/>\n  <\/b><br \/>\n  <br \/>\n  <b><br \/>\n    <i><br \/>\n      4) \u201cPamb\u0131q\u00e7\u0131l\u0131\u011f\u0131n Az\u0259rbaycanda q\u0259dim \u0259n\u0259n\u0259l\u0259ri var\u201d.<br \/>\n    <\/i><br \/>\n  <\/b>\n<\/p>\n<p>\n  D\u00f6vl\u0259t ba\u015f\u00e7\u0131s\u0131 h\u0259m\u00e7inin bunu da x\u00fcsusi vur\u011fulay\u0131b: \u201c&#8230;pamb\u0131q\u00e7\u0131l\u0131\u011f\u0131n inki\u015faf\u0131 Prezident kimi m\u0259nim \u00fc\u00e7\u00fcn, ilk n\u00f6vb\u0259d\u0259, sosial layih\u0259dir, ondan sonra iqtisadi layih\u0259dir, daha sonra is\u0259 valyuta g\u0259tir\u0259n layih\u0259dir\u201d. Fikir verdinizs\u0259, \u0259halinin m\u0259\u015f\u011fullu\u011fu \u00f6n plana ke\u00e7di. Bu, \u00f6zl\u00fcy\u00fcnd\u0259 milyondan \u00e7ox yeni i\u015f yerinin yarad\u0131lmas\u0131, i\u015fsizliyin v\u0259 yoxsullu\u011fun 5 faiz h\u0259ddin\u0259d\u0259k endirilm\u0259si, b\u00fct\u00fcn sosial probleml\u0259rin h\u0259lli bar\u0259d\u0259 indiy\u0259d\u0259k deyil\u0259nl\u0259rl\u0259 ziddiyy\u0259t t\u0259\u015fkil edir. 2016-c\u0131 ild\u0259 v\u0259 sonrak\u0131 \u00e7\u0131x\u0131\u015flardan da hiss olunur ki, \u0130lham \u018fliyev pamb\u0131q\u00e7\u0131l\u0131\u011fa \u0259halinin m\u0259\u015f\u011fullu\u011funun t\u0259min olunmas\u0131 vasit\u0259si kimi yana\u015f\u0131r:\n<\/p>\n<p>\n  \u201cM\u0259n hesab edir\u0259m ki, ilk n\u00f6vb\u0259d\u0259, burada sosial m\u0259s\u0259l\u0259 \u00f6n planda olmal\u0131d\u0131r. G\u0259l\u0259n il pamb\u0131q\u00e7\u0131l\u0131q 100 mind\u0259n \u00e7ox i\u015f yerinin yarad\u0131lmas\u0131na g\u0259tirib \u00e7\u0131xaracaq. Biz \u0259kin sah\u0259l\u0259rini geni\u015fl\u0259ndirdikc\u0259, bu r\u0259q\u0259m daha da artacaq. \u018fg\u0259r biz g\u0259l\u0259c\u0259kd\u0259 200 min hektarda pamb\u0131q \u0259k\u0259c\u0259yiks\u0259, bu, t\u0259qrib\u0259n 350-400 min insan\u0131n i\u015fl\u0259 t\u0259min edilm\u0259si dem\u0259kdir\u201d.\n<\/p>\n<blockquote><p>\n  5 manatl\u0131q i\u015f yeri\n<\/p><\/blockquote>\n<p>\n  Pamb\u0131q\u00e7\u0131l\u0131q hans\u0131 \u0259m\u0259k f\u0259aliyy\u0259tl\u0259ri, i\u015f yerl\u0259ri yarada bil\u0259r ki? Torpaq m\u00fclkiy\u0259t\u00e7isini g\u00f6t\u00fcrs\u0259k, o, art\u0131q h\u00f6kum\u0259tin statistikas\u0131nda daimi i\u015fl\u0259 t\u0259min edilmi\u015f, y\u0259ni fermer hesab olunur. Bu adam tax\u0131l v\u0259 ya yem bitkisi \u0259ks\u0259, onun \u0259lav\u0259 i\u015f\u00e7iy\u0259 ehtiyac\u0131 olmaz. Amma pamb\u0131q hesab\u0131na yaranan \u201ci\u015f yeri\u201dnd\u0259 g\u00f6r\u00fclm\u0259li i\u015f d\u0259 \u00e7ox deyil. Bec\u0259rm\u0259 d\u00f6vr\u00fcnd\u0259 iki d\u0259f\u0259 sah\u0259ni alaq otlar\u0131ndan t\u0259mizl\u0259m\u0259k laz\u0131md\u0131r ki, bu i\u015f bir ne\u00e7\u0259 g\u00fcn \u0259rzind\u0259 g\u00f6r\u00fcl\u00fcr. Bir d\u0259 m\u0259hsulun \u0259ll\u0259 y\u0131\u011f\u0131m\u0131na i\u015f\u00e7i t\u0259l\u0259b olunur. Y\u0131\u011f\u0131m\u0131n \u0259sas hiss\u0259si texnika il\u0259 g\u00f6r\u00fcl\u00fcr. \u018fll\u0259 y\u0131\u011f\u0131m \u00fc\u00e7\u00fcn t\u0259klif edil\u0259n yerl\u0259rd\u0259 m\u0259hsulu toplama\u011f\u0131n \u00e7\u0259tinlikl\u0259ri var. Fermerl\u0259r bildirir ki, haz\u0131rk\u0131 d\u00f6vrd\u0259 istifad\u0259 edil\u0259n toxuma g\u00f6r\u0259 xam pamb\u0131\u011f\u0131n \u00e7\u0259kisi olduqca y\u00fcng\u00fcld\u00fcr. Buna g\u00f6r\u0259 bir adam \u0259ll\u0259 g\u00fcn \u0259rzind\u0259 50 kiloqramdan \u00e7ox pamb\u0131q toplaya bilmir. G\u00fcn\u0259muzd\u00e7uya y\u0131\u011fd\u0131\u011f\u0131 h\u0259r kiloqram pamb\u0131\u011fa g\u00f6r\u0259 10 q\u0259pik t\u0259klif olunur ki, bununla da birg\u00fcnl\u00fck qazanc \u0259n \u00e7oxu 5 manat ola bil\u0259r. Y\u0131\u011f\u0131m d\u00f6vr\u00fc is\u0259 \u0259n \u00e7oxu 2 ay davam edir. Sonra, nec\u0259 dey\u0259rl\u0259r, i\u015f ba\u011flan\u0131r&#8230;\n<\/p>\n<figure class=\"wp-block-image size-large\">\n  <img decoding=\"async\" src=\"https:\/\/www.meydan.tv\/az\/99265\/\" alt=\"\" class=\"wp-image-99265\"\/><figcaption><\/figcaption><\/figure>\n<blockquote><p>\n  Prezident Adminstrasiyas\u0131 fermer\u0259 nec\u0259 pamb\u0131q \u0259kdir\u0259 bil\u0259r?\n<\/p><\/blockquote>\n<p>\n  Az\u0259rbaycan prezidenti pamb\u0131q\u00e7\u0131l\u0131\u011f\u0131 \u00f6ld\u00fcr\u0259n s\u0259b\u0259bl\u0259ri g\u00f6rm\u0259zd\u0259n g\u0259lirdi. Birinci \u00f6z\u0259ll\u0259\u015fdirm\u0259 proqram\u0131ndan sonra \u00f6lk\u0259d\u0259 pamb\u0131q t\u0259dar\u00fck\u00fc v\u0259 sat\u0131\u015f\u0131 inhisara ke\u00e7mi\u015fdi. \u0130ndiy\u0259d\u0259k k\u0259nar \u015f\u0259xsl\u0259rin bu sah\u0259y\u0259 girm\u0259sin\u0259, \u0259halid\u0259n xam pamb\u0131\u011f\u0131 birc\u0259 q\u0259pik d\u0259 olsun baha qiym\u0259t\u0259 al\u0131nmas\u0131na imkan verilm\u0259yib. \u0130ll\u0259rl\u0259 qiym\u0259tin ucuz olmas\u0131 s\u0259b\u0259bind\u0259n bu sah\u0259 Az\u0259rbaycan fermeri \u00fc\u00e7\u00fcn c\u0259lbedici olmay\u0131b.\n<\/p>\n<p>\n  \u0130kincisi, pamb\u0131q b\u00f6y\u00fck x\u0259rc hesab\u0131na yeti\u015fdirilir, bec\u0259rm\u0259 v\u0259 y\u0131\u011f\u0131m \u00fc\u00e7\u00fcn texnika laz\u0131md\u0131r. Yoxsul Az\u0259rbaycan k\u0259ndlisini inhisar\u00e7\u0131 \u015firk\u0259td\u0259n as\u0131l\u0131 salan da x\u0259rcl\u0259rin v\u0259 texnikan\u0131n t\u0259dar\u00fck\u00e7\u00fcn\u00fcn hesab\u0131na qar\u015f\u0131lanmas\u0131 idi.\n<\/p>\n<p>\n  Ekspertl\u0259r hesab edir ki, pamb\u0131q\u00e7\u0131l\u0131qla m\u0259\u015f\u011ful olan sahibkarlara g\u00fcz\u0259\u015ftli \u015f\u0259rtl\u0259rl\u0259 kredit ay\u0131rmaq, \u0259kinl\u0259rin s\u0131\u011fortalanmas\u0131n\u0131 t\u0259\u015fkil etm\u0259k, bu sah\u0259y\u0259 dig\u0259r t\u0259dar\u00fck\u00e7\u00fcl\u0259rin daxil olmas\u0131na \u015f\u0259rait yaratmaq b\u0259s ed\u0259rdi ki, inisar\u00e7\u0131l\u0131q aradan qalxs\u0131n. Qalan h\u0259r \u015feyi bazar \u00f6z\u00fc nizama salacaqd\u0131. Amma \u0130lham \u018fliyev tamam f\u0259rqli bir \u00fcsul se\u00e7di.\n<\/p>\n<p>\n  \u201c\u018flb\u0259tt\u0259 ki, biz bazar iqtisadiyyat\u0131na sadiqik&#8230; Ancaq pamb\u0131q\u00e7\u0131l\u0131\u011f\u0131n t\u0259n\u0259zz\u00fcl\u0259 u\u011framas\u0131 g\u00f6st\u0259rir ki, d\u00f6vl\u0259t m\u00fctl\u0259q bu i\u015fl\u0259r\u0259 m\u00fcdaxil\u0259 etm\u0259lidir. H\u0259m d\u0259 bu sah\u0259y\u0259 daha da b\u00f6y\u00fck miqyasda m\u00fcdaxil\u0259 etm\u0259lidir\u201d.<br \/>\n  <br \/>\n  Sabirabadda ke\u00e7iril\u0259n 1-ci pamb\u0131q m\u00fc\u015favir\u0259sind\u0259 bu s\u00f6zl\u0259r deyil\u0259rk\u0259n sad\u0259 insan\u0131ndan tutmu\u015f iqtisad\u00e7\u0131s\u0131nad\u0259k he\u00e7 k\u0259s\u0259 ayd\u0131n deyildi ki, d\u00f6vl\u0259t m\u00fcdaxil\u0259si il\u0259 pamb\u0131q istehsal\u0131n\u0131 nec\u0259 art\u0131rmaq olar. Al\u0131\u015f qiym\u0259tinin k\u0259skin artmad\u0131\u011f\u0131, stimulla\u015fd\u0131r\u0131c\u0131 t\u0259dbirl\u0259r g\u00f6r\u00fclm\u0259diyi halda, el\u0259 m\u00fc\u015favir\u0259 ke\u00e7irm\u0259k, \u00e7a\u011f\u0131r\u0131\u015f etm\u0259kl\u0259 pamb\u0131q\u00e7\u0131l\u0131q inki\u015faf ed\u0259rmi? Fermeri, ya hans\u0131sa sahibkar\u0131 bu i\u015f\u0259 nec\u0259 m\u0259cbur etm\u0259k olar? H\u0259min m\u00fc\u015favir\u0259d\u0259 rayonlar \u00fczr\u0259 proqnozlar, h\u0259tta n\u00f6vb\u0259ti il \u0259kin h\u0259cminin \u00fc\u00e7 d\u0259f\u0259 art\u0131r\u0131laca\u011f\u0131na dair h\u0259d\u0259f a\u00e7\u0131qlanmas\u0131 da bel\u0259c\u0259 t\u0259\u0259cc\u00fcb v\u0259 heyr\u0259tl\u0259 qar\u015f\u0131lanm\u0131\u015fd\u0131.<br \/>\n  <br \/>\n  Kollektiv t\u0259s\u0259rr\u00fcfatlar\u0131n, planl\u0131 iqtisadiyyat\u0131n m\u00f6vcud olmad\u0131\u011f\u0131, k\u0259nd t\u0259s\u0259rr\u00fcfat\u0131 torpaqlar\u0131n\u0131n \u0259sas hiss\u0259sinin x\u00fcsusi m\u00fclkiyy\u0259t\u0259 ke\u00e7diyi, h\u0259r \u015feyi bazar\u0131n t\u0259nziml\u0259diyi bir vaxtda da d\u00f6vl\u0259t ba\u015f\u00e7\u0131s\u0131na el\u0259 g\u0259lirdi ki, inzibati r\u0131\u00e7aqlarla \u0259haliy\u0259 pamb\u0131q \u0259kdirm\u0259k olar. O, \u00e7\u0259kinm\u0259d\u0259n<br \/>\n  <a href=\"http:\/\/www.president.az\/articles\/21117\" target=\"_blank\" rel=\"noopener\"><br \/>\n    bildirdi<br \/>\n  <\/a><br \/>\n  \u00a0ki, pamb\u0131qla ba\u011fl\u0131 b\u00fct\u00fcn i\u015fl\u0259r Prezident Adminstasiyas\u0131ndan idar\u0259 edilir:\n<\/p>\n<p>\n  \u201cZeynal Na\u011fd\u0259liyev bu i\u015fl\u0259rl\u0259 \u015f\u0259xs\u0259n m\u0259\u015f\u011fuldur. B\u00fct\u00fcn d\u00f6vl\u0259t qurumlar\u0131 &#8211; K\u0259nd T\u0259s\u0259rr\u00fcfat\u0131, \u0130qtisadiyyat, Daxili \u0130\u015fl\u0259r, F\u00f6vq\u0259lad\u0259 Hallar nazirlikl\u0259ri, yerli icra orqanlar\u0131, \u201cMeliorasiya v\u0259 Su T\u0259s\u0259rr\u00fcfat\u0131\u201d, \u201cAz\u0259ri\u015f\u0131q\u201d, \u201cAz\u0259ravtoyol\u201d \u015firk\u0259tl\u0259ri aras\u0131nda \u00e7ox ciddi koordinasiya i\u015fl\u0259ri apar\u0131lmal\u0131d\u0131r. Bir daha dem\u0259k ist\u0259yir\u0259m, \u0259vv\u0259lki ill\u0259rin t\u0259cr\u00fcb\u0259si onu g\u00f6st\u0259rir ki, \u0259g\u0259r biz pamb\u0131q\u00e7\u0131l\u0131\u011f\u0131n inki\u015faf\u0131n\u0131 ancaq biznes qurumlar\u0131n\u0131n \u00f6hd\u0259sin\u0259 buraxsaq, pamb\u0131q\u00e7\u0131l\u0131\u011f\u0131 itir\u0259rik, nec\u0259 ki, itiririk. Ona g\u00f6r\u0259 d\u0259 koordinasiya m\u00fctl\u0259q olmal\u0131d\u0131r v\u0259 b\u00fct\u00fcn i\u015fl\u0259r vahid m\u0259rk\u0259zd\u0259n idar\u0259 edilm\u0259lidir\u201d.\n<\/p>\n<p>\n  Bu, yeni formada yarad\u0131lan koxoza b\u0259nz\u0259di. B\u00fct\u00fcn dig\u0259r d\u00f6vl\u0259t orqanlar\u0131n\u0131 bir k\u0259nara qoyaq, Daxili \u0130\u015fl\u0259r Nazirliyinin pamb\u0131q istehsal\u0131nda rolu n\u0259d\u0259n ibar\u0259tdir- prezidentin tap\u015f\u0131r\u0131\u011f\u0131n\u0131 kim yerin\u0259 yetirmirs\u0259, tutub damlamal\u0131d\u0131r, yoxsa n\u0259?\n<\/p>\n<blockquote><p>\n  Pamb\u0131\u011f\u0131 kim \u0259kir?\n<\/p><\/blockquote>\n<p>\n  \u0130lham \u018fliyev lap sovetl\u0259r d\u00f6vr\u00fcnd\u0259 oldu\u011fu kimi \u00e7a\u011f\u0131r\u0131\u015f edirdi: \u201cBir qar\u0131\u015f torpaq bo\u015f qalmamal\u0131d\u0131r\u201d.\n<\/p>\n<p>\n  Pamb\u0131q \u0259kini \u00fc\u00e7\u00fcn d\u00f6vriyy\u0259y\u0259 daha \u00e7ox torpaq c\u0259lb etm\u0259k \u00fc\u00e7\u00fcn t\u0259klif edirdi ki, \u00f6r\u00fc\u015f sah\u0259l\u0259rind\u0259n mal-qaralar \u00e7\u0131xar\u0131ls\u0131n, onlar\u0131 qapal\u0131 yerd\u0259 d\u0259 saxlamaq olar. Pamb\u0131q dey\u0259s\u0259n onun b\u0259sir\u0259t g\u00f6zl\u0259rini a\u00e7m\u0131\u015fd\u0131:\n<\/p>\n<p>\n  \u201cM\u0259n Salyandan Bak\u0131ya qay\u0131dark\u0259n fikir verdim ki, Qarada\u011f rayonuna q\u0259d\u0259r yolboyu sa\u011f, sol, h\u0259r t\u0259r\u0259f bo\u015f torpaqlard\u0131r. Orada he\u00e7 n\u0259 \u0259kilmir, he\u00e7 n\u0259 bitmir&#8230;\u201d\n<\/p>\n<p>\n  Son 3 ilin statistik g\u00f6st\u0259ricil\u0259rin\u0259 diqq\u0259t yetir\u0259k: \u00f6lk\u0259 \u00fczr\u0259 2015-ci ild\u0259 17 min hektardan 50 min ton, 2016-c\u0131 ild\u0259 52 min hektardan 89 min ton, 2017-ci ild\u0259 136 min hektardan 207 min ton m\u0259hsul istehsal edilib. Prezidentin h\u0259d\u0259fi 2020-ci ild\u0259 \u0259kin sah\u0259sinin h\u0259cmini 200 min hektara, m\u0259hsulu is\u0259 700 min tona \u00e7atd\u0131rmaqd\u0131r.<br \/>\n  <br \/>\n  Maraql\u0131d\u0131r, bu art\u0131ma nec\u0259 nail olundu? Do\u011frudanm\u0131 fermerl\u0259r prezidentin \u00e7a\u011f\u0131r\u0131\u015f\u0131na qo\u015fularaq, ona xatir pamb\u0131q \u0259km\u0259y\u0259 ba\u015flay\u0131blar?\n<\/p>\n<p>\n  Yerli m\u0259nb\u0259d\u0259n \u0259ld\u0259 etdiyimiz m\u0259lumata g\u00f6r\u0259 10 min hektar sah\u0259d\u0259 pamb\u0131q yeti\u015fdirildiyi iddia olunan bir rayonda \u0259kinin 80 faizini a\u015fa\u011f\u0131dak\u0131 v\u0259zif\u0259li \u015f\u0259xsl\u0259r apar\u0131b:\n<\/p>\n<p>\n  \u0130cra ba\u015f\u00e7\u0131s\u0131n\u0131n m\u00fcavini- 50 ha\n<\/p>\n<p>\n  \u0130cra aparat\u0131n\u0131n \u015f\u00f6b\u0259 m\u00fcdirl\u0259ri- 20-30 ha\n<\/p>\n<p>\n  \u0130cra ba\u015f\u00e7\u0131s\u0131n\u0131n \u015f\u0259h\u0259r \u00fczr\u0259 n\u00fcmay\u0259nd\u0259si- 1000 ha\n<\/p>\n<p>\n  \u0130cra ba\u015f\u00e7\u0131s\u0131n\u0131n k\u0259ndl\u0259r \u00fczr\u0259 n\u00fcmay\u0259nd\u0259l\u0259ri- 50-100 ha\n<\/p>\n<p>\n  B\u0259l\u0259diyy\u0259 s\u0259drl\u0259ri- 25-50 ha\n<\/p>\n<p>\n  Polis \u015e\u00f6b\u0259sinin r\u0259isi- 100 ha\n<\/p>\n<p>\n  K\u0259nd T\u0259s\u0259rr\u00fcfat\u0131 \u0130dar\u0259sinin m\u00fcdiri- 50 ha\n<\/p>\n<p>\n  M\u0259d\u0259niyy\u0259t v\u0259 Turizm \u0130dar\u0259sinin m\u00fcdiri- 300 ha\n<\/p>\n<p>\n  M\u0259rk\u0259zi X\u0259st\u0259xanas\u0131n\u0131n ba\u015f h\u0259kimi- 200 ha\n<\/p>\n<p>\n  T\u0259hsil \u015e\u00f6b\u0259sinin m\u00fcdiri- 200 ha\n<\/p>\n<p>\n  Maliyy\u0259 \u0130dar\u0259sinin r\u0259isi- 200 ha\n<\/p>\n<p>\n  Gigiyena v\u0259 Epidemiologiya M\u0259rk\u0259zinin m\u00fcdiri- 50 ha\n<\/p>\n<p>\n  DSMF-nin rayon \u015f\u00f6b\u0259sinin m\u00fcdiri- 100 ha\n<\/p>\n<p>\n  Dig\u0259r idar\u0259, m\u00fc\u0259ssis\u0259 v\u0259 t\u0259\u015fkilat r\u0259hb\u0259rl\u0259ri- 10-50 ha\n<\/p>\n<p>\n  Bundan ba\u015fqa, d\u00f6vl\u0259t fondunda olan torpaqlar\u0131 heyvandarl\u0131q m\u0259qs\u0259dil\u0259 icar\u0259y\u0259 g\u00f6t\u00fcr\u0259nl\u0259r, habel\u0259 b\u00f6y\u00fck d\u00f6vriyy\u0259y\u0259 malik sahibkarlar da pamb\u0131q \u0259km\u0259y\u0259 m\u0259cbur edilir. M\u0259nb\u0259 bildirir ki, b\u00fct\u00fcn v\u0259zif\u0259li \u015f\u0259xsl\u0259r tabeliyind\u0259 olan i\u015f\u00e7il\u0259r\u0259 prezidentin ad\u0131ndan tap\u015f\u0131r\u0131q verir:\n<\/p>\n<p>\n  \u201cHam\u0131 \u015f\u00fcurlu sur\u0259td\u0259 ba\u015fa d\u00fc\u015f\u00fcr ki, pamb\u0131\u011f\u0131n \u0259kilm\u0259yini prezident ist\u0259yir. \u0130cra ba\u015f\u00e7\u0131s\u0131 m\u0259murlara prezident ad\u0131ndan pamb\u0131q plan\u0131 m\u00fc\u0259yy\u0259n edir. Ba\u015f h\u0259kim tibb bac\u0131lar\u0131n\u0131, m\u0259d\u0259niyy\u0259t \u015f\u00f6b\u0259 m\u00fcdiri kitabxana\u00e7\u0131lar\u0131, \u201ckomxoz\u201d m\u00fcdiri s\u00fcp\u00fcrg\u0259\u00e7l\u0259ri alaq otlar\u0131n\u0131 t\u0259mizl\u0259m\u0259y\u0259 v\u0259 ya y\u0131\u011f\u0131ma g\u00f6nd\u0259r\u0259nd\u0259, bunu \u00f6z adlar\u0131ndan t\u0259l\u0259b etmirl\u0259r, deyirl\u0259r ki, bu, prezidentin tap\u015f\u0131r\u0131\u011f\u0131d\u0131r\u201d.\n<\/p>\n<p>\n  \u00c7a\u015fq\u0131nl\u0131q icra ba\u015f\u00e7\u0131s\u0131na \u0259lav\u0259 2 min hektara ba\u015fa g\u0259lib\n<\/p>\n<p>\n  Pamb\u0131q bitkisinin yeti\u015fdiril\u0259 bil\u0259c\u0259yi rayonlar\u0131la ba\u011fl\u0131 proqnozlar\u0131n \u201chavadan\u201d g\u00f6t\u00fcr\u00fcld\u00fcy\u00fc, bu r\u0259q\u0259ml\u0259rin arxas\u0131nda yararl\u0131 \u0259kin sah\u0259l\u0259rinin, suvarma suyu il\u0259 etibarl\u0131 t\u0259minat\u0131n, m\u00fct\u0259x\u0259ssis yana\u015fmas\u0131n\u0131n, \u0259n \u0259sas\u0131, konkret istehsal\u00e7\u0131n\u0131n dayanmad\u0131\u011f\u0131 \u0259vv\u0259ld\u0259n hiss olunurdu. B\u0259zi rayonlardak\u0131 \u0259kin v\u0259 y\u0131\u011f\u0131mla ba\u011fl\u0131 m\u0259z\u0259li \u0259hvalatlar dan\u0131\u015f\u0131l\u0131r.\n<\/p>\n<p>\n  Ad\u0131n\u0131n a\u00e7\u0131qlanmas\u0131n\u0131 ist\u0259m\u0259y\u0259n Salyan sakini bildirir ki, 2017-ci ilin m\u0259hsulu \u00fc\u00e7\u00fcn faktiki olaraq 3 min hektarad\u0259k sah\u0259 \u0259kin \u00fc\u00e7\u00fcn haz\u0131rland\u0131\u011f\u0131 halda, yerli icra hakimiyy\u0259tinin ba\u015f\u00e7\u0131s\u0131 prezident\u0259 bu g\u00f6st\u0259ricinin 7 min hektar oldu\u011funu m\u0259ruz\u0259 edib:\n<\/p>\n<p>\n  \u201cSevindik H\u0259t\u0259mov sonradan bir y\u0131\u011f\u0131ncaqda etiraf edib ki, 5 min dey\u0259c\u0259kmi\u015f, \u00e7a\u015f\u0131b dilind\u0259n 7 min \u00e7\u0131x\u0131b. El\u0259 dilinin b\u0259las\u0131na d\u00fc\u015f\u00fcb. N\u0259 q\u0259d\u0259r \u00e7al\u0131\u015fsa da, 3850 hektardan art\u0131q \u0259kin yeri tapa bilm\u0259yib. Dir\u0259nib MKT-nin Salyan filial\u0131 r\u0259hb\u0259ri Bah\u0259ddin Leysanova ki, \u0259lav\u0259 3200 hektara aid saxta m\u00fcqavil\u0259 s\u0259n\u0259dl\u0259ri haz\u0131rlas\u0131n. Leysanov t\u0259cr\u00fcb\u0259li adamd\u0131r, bu i\u015fin ax\u0131r\u0131n\u0131n yax\u015f\u0131 olmayaca\u011f\u0131n\u0131 g\u00f6r\u00fcb, Salyandan ba\u015f\u0131n\u0131 g\u00f6t\u00fcr\u00fcb qa\u00e7d\u0131\u201d.\n<\/p>\n<p>\n  \u0130mi\u015flid\u0259ki fermerl\u0259rin b\u0259zil\u0259ri m\u0259hsuldarl\u0131\u011f\u0131n a\u015fa\u011f\u0131 olma s\u0259b\u0259bind\u0259n \u0259ll\u0259rind\u0259 pul qalmayaca\u011f\u0131n\u0131 g\u00f6r\u00fcb, y\u0131\u011fd\u0131qlar\u0131 pamb\u0131\u011f\u0131 qon\u015fu- Saatl\u0131 rayonunun t\u0259dar\u00fck m\u00fc\u0259ssis\u0259sin\u0259 sat\u0131blar. Bu i\u015fin \u00fcst\u00fc a\u00e7\u0131lanad\u0259k rayondan y\u00fcz tonlarla m\u0259hsul \u00e7\u0131xar\u0131l\u0131b&#8230;\n<\/p>\n<figure class=\"wp-block-image size-large\">\n  <img decoding=\"async\" src=\"https:\/\/www.meydan.tv\/az\/99270\/\" alt=\"\" class=\"wp-image-99270\"\/><figcaption><\/figcaption><\/figure>\n<blockquote><p>\n  Pamb\u0131q z\u0259r\u0259r\u00e7\u0259k\u0259nl\u0259rind\u0259n d\u0259lixanaya d\u00fc\u015f\u0259nl\u0259r var\n<\/p><\/blockquote>\n<p>\n  Son iki ild\u0259 pamb\u0131q \u0259kinind\u0259 v\u0259 istehsal\u0131nda art\u0131m olsa da, istehsal\u00e7\u0131n\u0131n (sad\u0259 k\u0259ndli, yaxud m\u0259mur olma\u011f\u0131ndan as\u0131l\u0131 olmayaraq) qazanc\u0131ndan s\u00f6hb\u0259t ged\u0259 bilm\u0259z. N\u0259d\u0259n ki, m\u0259hsuldarl\u0131q 2016-c\u0131 ild\u0259 17, 2017-ci ild\u0259 is\u0259 15 sentner olub. K\u0259nd t\u0259s\u0259rr\u00fcfat\u0131 m\u00fct\u0259x\u0259ssisi Vahid M\u0259h\u0259rr\u0259mov bildirir ki, 1 hektar sah\u0259d\u0259 m\u0259hsul yeti\u015fdirm\u0259k fermer\u0259 830 manata ba\u015fa g\u0259lir. Pamb\u0131\u011f\u0131n al\u0131\u015f qiym\u0259tinin 50 q\u0259pikd\u0259n baha olmad\u0131\u011f\u0131n\u0131 n\u0259z\u0259r\u0259 alsaq, h\u0259r hektardan 17 sentner m\u0259hsul g\u00f6t\u00fcrm\u0259k yaln\u0131z x\u0259rcl\u0259ri \u00e7\u0131xara bil\u0259r. Bel\u0259 \u00e7\u0131x\u0131r ki, son 2 ild\u0259 \u00f6lk\u0259 \u00fczr\u0259 pamb\u0131qdan he\u00e7 k\u0259s xeyir g\u00f6t\u00fcrm\u0259yib, \u0259ksin\u0259, z\u0259r\u0259r\u0259 d\u00fc\u015f\u0259nl\u0259r var. Hac\u0131qabul, Neft\u00e7ala, \u0130mi\u015fli v\u0259 Ucar rayonlar\u0131nda m\u0259hsuldarl\u0131q 10 sentnerd\u0259n d\u0259 a\u015fa\u011f\u0131 olub. Yerli m\u0259nb\u0259l\u0259r bildirir ki, bu rayonlarda pamb\u0131q b\u0259zi adamlar\u0131 b\u0259laya sal\u0131b:<br \/>\n  <br \/>\n  \u201cSad\u0259 adamlar 3-5 min, m\u0259murlar is\u0259 az\u0131 10 min z\u0259r\u0259r edib. 50 min manat v\u0259 daha \u00e7ox z\u0259r\u0259r ed\u0259nl\u0259rin b\u0259zil\u0259ri d\u0259rin psixoloji sars\u0131nt\u0131 ke\u00e7irib, ruhi-\u0259s\u0259b dispanserin\u0259 d\u00fc\u015f\u0259nl\u0259r var\u201d.\n<\/p>\n<blockquote><p>\n  T\u0259bi\u0259t d\u0259 pamb\u0131qdan \u00fcz d\u00f6nd\u0259rib&#8230;\n<\/p><\/blockquote>\n<p>\n  Yeri g\u0259lmi\u015fk\u0259n, Az\u0259rbaycan prezidenti pamb\u0131q kampaniyas\u0131 ba\u015fladandan b\u0259ri sanki t\u0259bi\u0259t d\u0259 ac\u0131\u011fa d\u00fc\u015f\u00fcb: 2016-c\u0131 ild\u0259 y\u0131\u011f\u0131m vaxt\u0131 18 d\u0259f\u0259 ya\u011f\u0131nt\u0131 olub, Aran b\u00f6lg\u0259sin\u0259 g\u00f6zl\u0259nilm\u0259z hadis\u0259 ba\u015f verib- oktyabr ay\u0131nda qar ya\u011f\u0131b. 2017-ci ilin b\u00fct\u00f6v yay m\u00f6vs\u00fcm\u00fcnd\u0259 g\u00f6yd\u0259n yer\u0259 bir damc\u0131 da olsun ya\u011f\u0131nt\u0131 d\u00fc\u015fm\u0259yib. Bu, az imi\u015f kimi, \u00e7aylarda suyun s\u0259viyy\u0259si d\u0259 a\u015fa\u011f\u0131 olub.\n<\/p>\n<p>\n  Fermerl\u0259r bildirir ki, suvarma suyu il\u0259 ba\u011fl\u0131 t\u0259minat\u0131n pis t\u0259\u015fkili xeyli miqdarda \u0259kinl\u0259rin m\u0259hsul verm\u0259d\u0259n yanmas\u0131na s\u0259b\u0259b olub. Onlar h\u0259m\u00e7inin b\u0259zi \u0259kinl\u0259rin z\u0259r\u0259rvericil\u0259r t\u0259r\u0259find\u0259n m\u0259hv edildiyini s\u00f6yl\u0259yir.\n<\/p>\n<p>\n  Televiziyalar v\u0259 iqtidary\u00f6n\u00fcml\u00fc q\u0259zetl\u0259r yanvar\u0131n sonunda da b\u0259zi sah\u0259l\u0259rd\u0259 pamb\u0131q y\u0131\u011f\u0131m\u0131n\u0131n davam etm\u0259yi bar\u0259d\u0259 x\u0259b\u0259rl\u0259r yaymaqda idi. \u201cBu, \u201cG\u00f6r\u00fc\u015f\u201d filmind\u0259 \u00f6zb\u0259k pamb\u0131q\u00e7\u0131s\u0131 il\u0259 yar\u0131\u015fa gir\u0259n az\u0259rbaycanl\u0131 g\u0259ncin dostlar\u0131n\u0131 ba\u015f\u0131na y\u0131\u011f\u0131b gec\u0259 pamb\u0131q y\u0131\u011fmas\u0131 s\u0259hn\u0259sini yada sal\u0131r. \u00d6t\u0259n ilin \u0259kinind\u0259n bu il m\u0259hsul toplan\u0131lmas\u0131 he\u00e7 d\u0259 u\u011fur deyil. \u00c7\u00fcnki pamb\u0131q vaxt\u0131nda yeti\u015fdirils\u0259ydi, y\u0131\u011f\u0131m da pay\u0131z\u0131n sonunad\u0259k ba\u015fa \u00e7atar, h\u0259min torpaq sah\u0259sind\u0259 cari ilin m\u0259hsulu \u00fc\u00e7\u00fcn \u0259kin apar\u0131lard\u0131. O, bin\u0259va fermer bu gecik\u0259n pamb\u0131\u011fa g\u00f6r\u0259 ikiqat ziyana d\u00fc\u015fm\u00fc\u015f olur&#8230;\n<\/p>\n<p>\n  X\u0259rcl\u0259r milyard manat\u0131 ke\u00e7ir\n<\/p>\n<p>\n  R\u0259smi a\u00e7\u0131qlanan m\u0259lumatlar\u0131 uc-uca d\u00fczm\u0259kl\u0259 t\u0259xmin etm\u0259k olar ki, son iki ild\u0259 pamb\u0131q\u00e7\u0131l\u0131\u011f\u0131n inki\u015faf\u0131 m\u0259qs\u0259dil\u0259 t\u0259qrib\u0259n 1 milyard manat b\u00fcdc\u0259 v\u0259saiti x\u0259rcl\u0259nib. 2017-ci ild\u0259 Saatl\u0131dak\u0131 pamb\u0131q m\u00fc\u015favir\u0259sind\u0259 prezident demi\u015fdi:\n<\/p>\n<p>\n  \u201cKe\u00e7\u0259n il 1800 \u0259d\u0259d texnika, o c\u00fcml\u0259d\u0259n 94 pamb\u0131qy\u0131\u011fan kombayn v\u0259 300-\u0259 yax\u0131n traktor al\u0131nm\u0131\u015fd\u0131r. Bu il 3811 \u0259d\u0259d texnika, o c\u00fcml\u0259d\u0259n 209 pamb\u0131qy\u0131\u011fan kombayn v\u0259 810 traktor sifari\u015f edilib. Bu texnikalar\u0131n al\u0131nmas\u0131 \u00fc\u00e7\u00fcn ke\u00e7\u0259n il v\u0259 bu il 150 milyon dollar v\u0259sait x\u0259rcl\u0259nib\u201d.\n<\/p>\n<p>\n  Maliyy\u0259 naziri son 2 ild\u0259 d\u00f6vriyy\u0259y\u0259 \u0259lav\u0259 torpaq sah\u0259l\u0259ri c\u0259lb etm\u0259y\u0259, meliorativ t\u0259dbirl\u0259r v\u0259 suvarma i\u015fini yax\u015f\u0131la\u015fd\u0131r\u0131lma\u011fa 461 milyon manat x\u0259rcl\u0259ndiyini deyir. Bu d\u00f6vrd\u0259 fermerl\u0259r\u0259 30 milyon manat subsidiya verilib. Bundan ba\u015fqa, yanacaq v\u0259 g\u00fcbr\u0259l\u0259rin d\u0259y\u0259rinin bir hiss\u0259si d\u0259 d\u00f6vl\u0259t b\u00fcdc\u0259 v\u0259saiti hesab\u0131na \u00f6d\u0259nilir. Pamb\u0131q\u00e7\u0131l\u0131q rayonlar\u0131na b\u00f6y\u00fck m\u0259bl\u0259\u011fd\u0259 d\u00f6vl\u0259t investisiyas\u0131 qoyulub.\n<\/p>\n<p>\n  Pamb\u0131q bizi hara apar\u0131r?!\n<\/p>\n<p>\n  \u0130lham \u018fliyev deyir ki, \u201cneftd\u0259n \u0259ld\u0259 edil\u0259n v\u0259saiti bu sah\u0259y\u0259 qoyuruq ki, camaat daha da yax\u015f\u0131 dolans\u0131n, i\u015fl\u0259sin, pul qazans\u0131n, halal z\u0259hm\u0259tl\u0259 dolans\u0131n. Biz yax\u015f\u0131 pul qazanmaq \u00fc\u00e7\u00fcn imkanlar yarad\u0131r\u0131q\u201d. O, eyni zamanda, \u201cbu, bizim g\u00f6z\u0259l tariximiz\u0259 qay\u0131d\u0131\u015fd\u0131r\u201d-<br \/>\n  <a href=\"http:\/\/www.salamnews.org\/az\/news\/read\/264186\"><br \/>\n    deyir<br \/>\n  <\/a><br \/>\n  .\n<\/p>\n<p>\n  H\u0259l\u0259 ki, pamb\u0131q neft pullar\u0131n\u0131 sovurmaqda, \u00fcst\u0259lik camaat\u0131 da z\u0259r\u0259r\u0259 salmaqdad\u0131r. O ki qald\u0131 \u201cg\u00f6z\u0259l tariximiz\u0259 qay\u0131d\u0131\u015f\u201d ifad\u0259sin\u0259&#8230; \u00f6t\u0259n \u0259srin 70-80-ci ill\u0259ri ke\u00e7mi\u015f sovetl\u0259r birliyind\u0259, o c\u00fcml\u0259d\u0259n Az\u0259rbaycanda dur\u011funluq, \u0259tal\u0259t, \u015f\u0259xsiyy\u0259t\u0259 p\u0259r\u0259sti\u015f d\u00f6vr\u00fc kimi xat\u0131rlan\u0131r. Do\u011frudanm\u0131 \u0130lham \u018fliyev az\u0259rbaycanl\u0131lar \u00fc\u00e7\u00fcn m\u0259hz bel\u0259 bir d\u00f6vr\u00fc t\u0259z\u0259d\u0259n ya\u015fatmaq ist\u0259yir?..\n<\/p>\n<p>\n  1. P.S. Rusiyan\u0131n \u201c<br \/>\n  <a href=\"https:\/\/www.kommersant.ru\/doc\/3540509\"><br \/>\n    kommersant.ru<br \/>\n  <\/a><br \/>\n  \u201d sayt\u0131 n\u00f6vb\u0259d\u0259nk\u0259nar se\u00e7ki il\u0259 ba\u011fl\u0131 Az\u0259rbaycandan olan bir ne\u00e7\u0259 siyasid\u0259n m\u00fcnasib\u0259t \u00f6yr\u0259nib. Parlamentinin deputat\u0131, \u00f6t\u0259n se\u00e7kid\u0259 prezidentliy\u0259 namiz\u0259d olmu\u015f Araz \u018flizad\u0259 pay\u0131zda ke\u00e7iril\u0259n se\u00e7kinin m\u0259hsul y\u0131\u011f\u0131m\u0131na m\u0259nfi t\u0259sirind\u0259n dan\u0131\u015f\u0131b v\u0259 bu s\u0259b\u0259bd\u0259n h\u0259min kampaniyan\u0131n yaza ke\u00e7irilm\u0259sini \u0259dal\u0259tli hesab edib. Kim bilir, b\u0259lk\u0259 d\u0259 bu q\u0259rar el\u0259 h\u0259qiq\u0259t\u0259n cari ilin pamb\u0131\u011f\u0131n\u0131n itkisiz toplan\u0131lmas\u0131na hesablan\u0131b&#8230;<\/p>\n","protected":false},"excerpt":{"rendered":"<p>Pamb\u0131q\u00e7\u0131l\u0131q hans\u0131 \u0259m\u0259k f\u0259aliyy\u0259tl\u0259ri, i\u015f yerl\u0259ri yarada bildi?!<\/p>\n","protected":false},"author":11,"featured_media":99259,"comment_status":"closed","ping_status":"open","sticky":false,"template":"","format":"standard","meta":{"_acf_changed":false,"_sitemap_exclude":false,"_sitemap_priority":"","_sitemap_frequency":"","footnotes":""},"categories":[51],"tags":[],"class_list":["post-188584","post","type-post","status-publish","format-standard","has-post-thumbnail","hentry","category-analitika","infinite-scroll-item","generate-columns","tablet-grid-50","mobile-grid-100","grid-parent","grid-33","no-featured-image-padding"],"acf":[],"yoast_head":"<!-- This site is optimized with the Yoast SEO plugin v27.4 - https:\/\/yoast.com\/product\/yoast-seo-wordpress\/ -->\n<title>Prezidentin pamb\u0131q siyas\u0259ti - MEYDAN.TV<\/title>\n<meta name=\"robots\" content=\"index, follow, max-snippet:-1, max-image-preview:large, max-video-preview:-1\" \/>\n<link rel=\"canonical\" href=\"https:\/\/www.meydan.tv\/az\/article\/prezidentin-pambiq-siyaseti\/\" \/>\n<meta property=\"og:locale\" content=\"az_AZ\" \/>\n<meta property=\"og:type\" content=\"article\" \/>\n<meta property=\"og:title\" content=\"Prezidentin pamb\u0131q siyas\u0259ti - MEYDAN.TV\" \/>\n<meta property=\"og:description\" content=\"Pamb\u0131q\u00e7\u0131l\u0131q hans\u0131 \u0259m\u0259k f\u0259aliyy\u0259tl\u0259ri, i\u015f yerl\u0259ri yarada bildi?!\" \/>\n<meta property=\"og:url\" content=\"https:\/\/www.meydan.tv\/az\/article\/prezidentin-pambiq-siyaseti\/\" \/>\n<meta property=\"og:site_name\" content=\"MEYDAN.TV\" \/>\n<meta property=\"article:published_time\" content=\"2018-02-08T20:15:08+00:00\" \/>\n<meta property=\"og:image\" content=\"https:\/\/www.meydan.tv\/wp-content\/uploads\/39264.jpg\" \/>\n\t<meta property=\"og:image:width\" content=\"1920\" \/>\n\t<meta property=\"og:image:height\" content=\"1228\" \/>\n\t<meta property=\"og:image:type\" content=\"image\/jpeg\" \/>\n<meta name=\"author\" content=\"user-manager\" \/>\n<meta name=\"twitter:card\" content=\"summary_large_image\" \/>\n<script type=\"application\/ld+json\" class=\"yoast-schema-graph\">{\"@context\":\"https:\\\/\\\/schema.org\",\"@graph\":[{\"@type\":\"Article\",\"@id\":\"https:\\\/\\\/www.meydan.tv\\\/az\\\/article\\\/prezidentin-pambiq-siyaseti\\\/#article\",\"isPartOf\":{\"@id\":\"https:\\\/\\\/www.meydan.tv\\\/az\\\/article\\\/prezidentin-pambiq-siyaseti\\\/\"},\"author\":{\"name\":\"user-manager\",\"@id\":\"https:\\\/\\\/www.meydan.tv\\\/az\\\/#\\\/schema\\\/person\\\/10d11eccf6da3662cf5fdab9806ea91a\"},\"headline\":\"Prezidentin pamb\u0131q siyas\u0259ti\",\"datePublished\":\"2018-02-08T20:15:08+00:00\",\"mainEntityOfPage\":{\"@id\":\"https:\\\/\\\/www.meydan.tv\\\/az\\\/article\\\/prezidentin-pambiq-siyaseti\\\/\"},\"wordCount\":4235,\"publisher\":{\"@id\":\"https:\\\/\\\/www.meydan.tv\\\/az\\\/#organization\"},\"image\":{\"@id\":\"https:\\\/\\\/www.meydan.tv\\\/az\\\/article\\\/prezidentin-pambiq-siyaseti\\\/#primaryimage\"},\"thumbnailUrl\":\"https:\\\/\\\/www.meydan.tv\\\/wp-content\\\/uploads\\\/39264.jpg\",\"articleSection\":[\"Analitika\"],\"inLanguage\":\"az\"},{\"@type\":\"WebPage\",\"@id\":\"https:\\\/\\\/www.meydan.tv\\\/az\\\/article\\\/prezidentin-pambiq-siyaseti\\\/\",\"url\":\"https:\\\/\\\/www.meydan.tv\\\/az\\\/article\\\/prezidentin-pambiq-siyaseti\\\/\",\"name\":\"Prezidentin pamb\u0131q siyas\u0259ti - MEYDAN.TV\",\"isPartOf\":{\"@id\":\"https:\\\/\\\/www.meydan.tv\\\/az\\\/#website\"},\"primaryImageOfPage\":{\"@id\":\"https:\\\/\\\/www.meydan.tv\\\/az\\\/article\\\/prezidentin-pambiq-siyaseti\\\/#primaryimage\"},\"image\":{\"@id\":\"https:\\\/\\\/www.meydan.tv\\\/az\\\/article\\\/prezidentin-pambiq-siyaseti\\\/#primaryimage\"},\"thumbnailUrl\":\"https:\\\/\\\/www.meydan.tv\\\/wp-content\\\/uploads\\\/39264.jpg\",\"datePublished\":\"2018-02-08T20:15:08+00:00\",\"breadcrumb\":{\"@id\":\"https:\\\/\\\/www.meydan.tv\\\/az\\\/article\\\/prezidentin-pambiq-siyaseti\\\/#breadcrumb\"},\"inLanguage\":\"az\",\"potentialAction\":[{\"@type\":\"ReadAction\",\"target\":[\"https:\\\/\\\/www.meydan.tv\\\/az\\\/article\\\/prezidentin-pambiq-siyaseti\\\/\"]}]},{\"@type\":\"ImageObject\",\"inLanguage\":\"az\",\"@id\":\"https:\\\/\\\/www.meydan.tv\\\/az\\\/article\\\/prezidentin-pambiq-siyaseti\\\/#primaryimage\",\"url\":\"https:\\\/\\\/www.meydan.tv\\\/wp-content\\\/uploads\\\/39264.jpg\",\"contentUrl\":\"https:\\\/\\\/www.meydan.tv\\\/wp-content\\\/uploads\\\/39264.jpg\",\"width\":1920,\"height\":1228,\"caption\":\"Source:\"},{\"@type\":\"BreadcrumbList\",\"@id\":\"https:\\\/\\\/www.meydan.tv\\\/az\\\/article\\\/prezidentin-pambiq-siyaseti\\\/#breadcrumb\",\"itemListElement\":[{\"@type\":\"ListItem\",\"position\":1,\"name\":\"Ana s\u0259hif\u0259\",\"item\":\"https:\\\/\\\/www.meydan.tv\\\/az\\\/\"},{\"@type\":\"ListItem\",\"position\":2,\"name\":\"Analitika\",\"item\":\"https:\\\/\\\/www.meydan.tv\\\/az\\\/section\\\/analitika\\\/\"},{\"@type\":\"ListItem\",\"position\":3,\"name\":\"Prezidentin pamb\u0131q siyas\u0259ti\"}]},{\"@type\":\"WebSite\",\"@id\":\"https:\\\/\\\/www.meydan.tv\\\/az\\\/#website\",\"url\":\"https:\\\/\\\/www.meydan.tv\\\/az\\\/\",\"name\":\"MEYDAN.TV\",\"description\":\"Meydan TV Az\u0259rbaycan\u0131n media m\u0259kan\u0131ndak\u0131 alternativ s\u0259sidir\",\"publisher\":{\"@id\":\"https:\\\/\\\/www.meydan.tv\\\/az\\\/#organization\"},\"potentialAction\":[{\"@type\":\"SearchAction\",\"target\":{\"@type\":\"EntryPoint\",\"urlTemplate\":\"https:\\\/\\\/www.meydan.tv\\\/az\\\/?s={search_term_string}\"},\"query-input\":{\"@type\":\"PropertyValueSpecification\",\"valueRequired\":true,\"valueName\":\"search_term_string\"}}],\"inLanguage\":\"az\"},{\"@type\":\"Organization\",\"@id\":\"https:\\\/\\\/www.meydan.tv\\\/az\\\/#organization\",\"name\":\"Meydan TV\",\"url\":\"https:\\\/\\\/www.meydan.tv\\\/az\\\/\",\"logo\":{\"@type\":\"ImageObject\",\"inLanguage\":\"az\",\"@id\":\"https:\\\/\\\/www.meydan.tv\\\/az\\\/#\\\/schema\\\/logo\\\/image\\\/\",\"url\":\"https:\\\/\\\/www.meydan.tv\\\/wp-content\\\/uploads\\\/2021\\\/07\\\/meydan-logo.svg\",\"contentUrl\":\"https:\\\/\\\/www.meydan.tv\\\/wp-content\\\/uploads\\\/2021\\\/07\\\/meydan-logo.svg\",\"width\":195,\"height\":46,\"caption\":\"Meydan TV\"},\"image\":{\"@id\":\"https:\\\/\\\/www.meydan.tv\\\/az\\\/#\\\/schema\\\/logo\\\/image\\\/\"}},{\"@type\":\"Person\",\"@id\":\"https:\\\/\\\/www.meydan.tv\\\/az\\\/#\\\/schema\\\/person\\\/10d11eccf6da3662cf5fdab9806ea91a\",\"name\":\"user-manager\"}]}<\/script>\n<!-- \/ Yoast SEO plugin. -->","yoast_head_json":{"title":"Prezidentin pamb\u0131q siyas\u0259ti - MEYDAN.TV","robots":{"index":"index","follow":"follow","max-snippet":"max-snippet:-1","max-image-preview":"max-image-preview:large","max-video-preview":"max-video-preview:-1"},"canonical":"https:\/\/www.meydan.tv\/az\/article\/prezidentin-pambiq-siyaseti\/","og_locale":"az_AZ","og_type":"article","og_title":"Prezidentin pamb\u0131q siyas\u0259ti - MEYDAN.TV","og_description":"Pamb\u0131q\u00e7\u0131l\u0131q hans\u0131 \u0259m\u0259k f\u0259aliyy\u0259tl\u0259ri, i\u015f yerl\u0259ri yarada bildi?!","og_url":"https:\/\/www.meydan.tv\/az\/article\/prezidentin-pambiq-siyaseti\/","og_site_name":"MEYDAN.TV","article_published_time":"2018-02-08T20:15:08+00:00","og_image":[{"width":1920,"height":1228,"url":"https:\/\/www.meydan.tv\/wp-content\/uploads\/39264.jpg","type":"image\/jpeg"}],"author":"user-manager","twitter_card":"summary_large_image","schema":{"@context":"https:\/\/schema.org","@graph":[{"@type":"Article","@id":"https:\/\/www.meydan.tv\/az\/article\/prezidentin-pambiq-siyaseti\/#article","isPartOf":{"@id":"https:\/\/www.meydan.tv\/az\/article\/prezidentin-pambiq-siyaseti\/"},"author":{"name":"user-manager","@id":"https:\/\/www.meydan.tv\/az\/#\/schema\/person\/10d11eccf6da3662cf5fdab9806ea91a"},"headline":"Prezidentin pamb\u0131q siyas\u0259ti","datePublished":"2018-02-08T20:15:08+00:00","mainEntityOfPage":{"@id":"https:\/\/www.meydan.tv\/az\/article\/prezidentin-pambiq-siyaseti\/"},"wordCount":4235,"publisher":{"@id":"https:\/\/www.meydan.tv\/az\/#organization"},"image":{"@id":"https:\/\/www.meydan.tv\/az\/article\/prezidentin-pambiq-siyaseti\/#primaryimage"},"thumbnailUrl":"https:\/\/www.meydan.tv\/wp-content\/uploads\/39264.jpg","articleSection":["Analitika"],"inLanguage":"az"},{"@type":"WebPage","@id":"https:\/\/www.meydan.tv\/az\/article\/prezidentin-pambiq-siyaseti\/","url":"https:\/\/www.meydan.tv\/az\/article\/prezidentin-pambiq-siyaseti\/","name":"Prezidentin pamb\u0131q siyas\u0259ti - MEYDAN.TV","isPartOf":{"@id":"https:\/\/www.meydan.tv\/az\/#website"},"primaryImageOfPage":{"@id":"https:\/\/www.meydan.tv\/az\/article\/prezidentin-pambiq-siyaseti\/#primaryimage"},"image":{"@id":"https:\/\/www.meydan.tv\/az\/article\/prezidentin-pambiq-siyaseti\/#primaryimage"},"thumbnailUrl":"https:\/\/www.meydan.tv\/wp-content\/uploads\/39264.jpg","datePublished":"2018-02-08T20:15:08+00:00","breadcrumb":{"@id":"https:\/\/www.meydan.tv\/az\/article\/prezidentin-pambiq-siyaseti\/#breadcrumb"},"inLanguage":"az","potentialAction":[{"@type":"ReadAction","target":["https:\/\/www.meydan.tv\/az\/article\/prezidentin-pambiq-siyaseti\/"]}]},{"@type":"ImageObject","inLanguage":"az","@id":"https:\/\/www.meydan.tv\/az\/article\/prezidentin-pambiq-siyaseti\/#primaryimage","url":"https:\/\/www.meydan.tv\/wp-content\/uploads\/39264.jpg","contentUrl":"https:\/\/www.meydan.tv\/wp-content\/uploads\/39264.jpg","width":1920,"height":1228,"caption":"Source:"},{"@type":"BreadcrumbList","@id":"https:\/\/www.meydan.tv\/az\/article\/prezidentin-pambiq-siyaseti\/#breadcrumb","itemListElement":[{"@type":"ListItem","position":1,"name":"Ana s\u0259hif\u0259","item":"https:\/\/www.meydan.tv\/az\/"},{"@type":"ListItem","position":2,"name":"Analitika","item":"https:\/\/www.meydan.tv\/az\/section\/analitika\/"},{"@type":"ListItem","position":3,"name":"Prezidentin pamb\u0131q siyas\u0259ti"}]},{"@type":"WebSite","@id":"https:\/\/www.meydan.tv\/az\/#website","url":"https:\/\/www.meydan.tv\/az\/","name":"MEYDAN.TV","description":"Meydan TV Az\u0259rbaycan\u0131n media m\u0259kan\u0131ndak\u0131 alternativ s\u0259sidir","publisher":{"@id":"https:\/\/www.meydan.tv\/az\/#organization"},"potentialAction":[{"@type":"SearchAction","target":{"@type":"EntryPoint","urlTemplate":"https:\/\/www.meydan.tv\/az\/?s={search_term_string}"},"query-input":{"@type":"PropertyValueSpecification","valueRequired":true,"valueName":"search_term_string"}}],"inLanguage":"az"},{"@type":"Organization","@id":"https:\/\/www.meydan.tv\/az\/#organization","name":"Meydan TV","url":"https:\/\/www.meydan.tv\/az\/","logo":{"@type":"ImageObject","inLanguage":"az","@id":"https:\/\/www.meydan.tv\/az\/#\/schema\/logo\/image\/","url":"https:\/\/www.meydan.tv\/wp-content\/uploads\/2021\/07\/meydan-logo.svg","contentUrl":"https:\/\/www.meydan.tv\/wp-content\/uploads\/2021\/07\/meydan-logo.svg","width":195,"height":46,"caption":"Meydan TV"},"image":{"@id":"https:\/\/www.meydan.tv\/az\/#\/schema\/logo\/image\/"}},{"@type":"Person","@id":"https:\/\/www.meydan.tv\/az\/#\/schema\/person\/10d11eccf6da3662cf5fdab9806ea91a","name":"user-manager"}]}},"_links":{"self":[{"href":"https:\/\/www.meydan.tv\/az\/wp-json\/wp\/v2\/posts\/188584","targetHints":{"allow":["GET"]}}],"collection":[{"href":"https:\/\/www.meydan.tv\/az\/wp-json\/wp\/v2\/posts"}],"about":[{"href":"https:\/\/www.meydan.tv\/az\/wp-json\/wp\/v2\/types\/post"}],"author":[{"embeddable":true,"href":"https:\/\/www.meydan.tv\/az\/wp-json\/wp\/v2\/users\/11"}],"replies":[{"embeddable":true,"href":"https:\/\/www.meydan.tv\/az\/wp-json\/wp\/v2\/comments?post=188584"}],"version-history":[{"count":0,"href":"https:\/\/www.meydan.tv\/az\/wp-json\/wp\/v2\/posts\/188584\/revisions"}],"wp:featuredmedia":[{"embeddable":true,"href":"https:\/\/www.meydan.tv\/az\/wp-json\/wp\/v2\/media\/99259"}],"wp:attachment":[{"href":"https:\/\/www.meydan.tv\/az\/wp-json\/wp\/v2\/media?parent=188584"}],"wp:term":[{"taxonomy":"category","embeddable":true,"href":"https:\/\/www.meydan.tv\/az\/wp-json\/wp\/v2\/categories?post=188584"},{"taxonomy":"post_tag","embeddable":true,"href":"https:\/\/www.meydan.tv\/az\/wp-json\/wp\/v2\/tags?post=188584"}],"curies":[{"name":"wp","href":"https:\/\/api.w.org\/{rel}","templated":true}]}}