{"id":188581,"date":"2018-02-08T18:38:22","date_gmt":"2018-02-08T18:38:22","guid":{"rendered":"https:\/\/www.meydan.tv\/article\/seckilerin-one-cekilmesinin-sebebleri\/"},"modified":"2018-02-08T18:38:22","modified_gmt":"2018-02-08T18:38:22","slug":"seckilerin-one-cekilmesinin-sebebleri","status":"publish","type":"post","link":"https:\/\/www.meydan.tv\/az\/article\/seckilerin-one-cekilmesinin-sebebleri\/","title":{"rendered":"Se\u00e7kil\u0259rin \u00f6n\u0259 \u00e7\u0259kilm\u0259sinin s\u0259b\u0259bl\u0259ri"},"content":{"rendered":"<p>\n  <i><br \/>\n    \u201cC\u0259miyy\u0259tin yana\u015fmas\u0131 \u00f6nc\u0259ki ill\u0259rd\u0259n he\u00e7 n\u0259 il\u0259 f\u0259rql\u0259nm\u0259y\u0259c\u0259k\u201d<br \/>\n  <\/i>\n<\/p>\n<p>\n  N\u00f6vb\u0259d\u0259nk\u0259nar Prezident se\u00e7kil\u0259rinin 11 aprel 2018-ci il\u0259 t\u0259yin edilm\u0259sinin s\u0259b\u0259bl\u0259ri bar\u0259d\u0259 m\u00fcxt\u0259lif istiqam\u0259tl\u0259rd\u0259n m\u00fczakir\u0259l\u0259r davam edir. N\u00f6vb\u0259d\u0259nk\u0259nar prezident se\u00e7kisini z\u0259ruri ed\u0259n \u0259sas s\u0259b\u0259bl\u0259r n\u0259dir?\n<\/p>\n<p>\n  \u201cTuran\u201d informasiya agentliyinin analitik qrupu n\u00f6vb\u0259d\u0259nk\u0259nar se\u00e7kil\u0259rin t\u0259yin edilm\u0259si s\u0259b\u0259bl\u0259rini ara\u015fd\u0131raraq qeyd edib ki, daxili v\u0259 xarici amill\u0259rin rolunu istisna etm\u0259s\u0259k d\u0259, yegan\u0259 m\u0259qs\u0259d m\u00f6vcud hakimiyy\u0259tin daha uzun m\u00fcdd\u0259t\u0259 v\u0259 etibarl\u0131 \u015f\u0259kild\u0259 \u0259ld\u0259 saxlanmas\u0131na y\u00f6n\u0259lib.\n<\/p>\n<p>\n  Agentlik xat\u0131rlad\u0131b ki, bu q\u0259rar c\u0259miyy\u0259tin f\u0259al k\u0259simi \u00fc\u00e7\u00fcn g\u00f6zl\u0259nilm\u0259z deyildi v\u0259 m\u00fcxt\u0259lif s\u0259viyy\u0259l\u0259rd\u0259 ara-s\u0131ra m\u00fczakir\u0259 edilirdi.\n<\/p>\n<p>\n  \u201c2016-c\u0131 il Konstitusiya d\u0259yi\u015fikliyi prezident\u0259 se\u00e7kil\u0259ri ist\u0259diyi vaxt t\u0259yin etm\u0259k s\u0259lahiyy\u0259ti verirdi. Bel\u0259 bir q\u0259rar Referendumdan d\u0259rhal sonra da elan edil\u0259 bil\u0259rdi. Prezidentin s\u0259lahiyy\u0259tinin 7 il\u0259d\u0259k art\u0131r\u0131ld\u0131\u011f\u0131n\u0131 \u0259sas tutub 2020-ci il\u0259d\u0259k ert\u0259l\u0259nm\u0259si d\u0259 m\u00fcmk\u00fcn idi. Q\u0259rar\u0131n q\u0259bulu tamamil\u0259 prezidentin ist\u0259yin\u0259, mara\u011f\u0131na v\u0259 h\u0259tta ovqat\u0131na ba\u011fl\u0131 m\u0259s\u0259l\u0259 idi.\n<\/p>\n<p>\n  Qanunvericilikd\u0259 bu add\u0131ma h\u00fcquqi \u0259saslar olsa da praktik olaraq siyasi s\u0259b\u0259bl\u0259ri bar\u0259d\u0259 hakimiyy\u0259td\u0259n he\u00e7 bir m\u0259ntiqli a\u00e7\u0131qlama verilm\u0259di. X\u00fcsusil\u0259 d\u0259 total saxtala\u015fd\u0131rma \u00fc\u00e7\u00fcn b\u00fct\u00fcn imkanlar\u0131n, m\u00fcnbit \u015f\u0259raitin v\u0259 siyasi irad\u0259nin oldu\u011fu bir m\u00fchitd\u0259 iqtidar\u0131n bel\u0259 t\u0259l\u0259sm\u0259sinin v\u0259 ya n\u0259d\u0259ns\u0259 \u00e7\u0259kinm\u0259sinin sad\u0259 s\u0259b\u0259bl\u0259ri ola bilm\u0259z. Demokratik \u00f6lk\u0259 deyilik ki, se\u00e7kid\u0259 siyasi d\u0259yi\u015fikliyin ba\u015f verm\u0259 ehtimal\u0131 olsun. B\u00fct\u00fcn hallarda se\u00e7kinin vaxt\u0131n\u0131 d\u0259yi\u015fm\u0259k \u00e7ox ciddi v\u0259 s\u0259s-k\u00fcyl\u00fc prosesl\u0259rin olaca\u011f\u0131ndan x\u0259b\u0259r verir\u201d.\n<\/p>\n<p>\n  Agentliyin analitikl\u0259ri sual edirl\u0259r ki, sosial b\u00f6hran\u0131n d\u0259rinl\u0259\u015fm\u0259si, iqtisadi v\u0259ziyy\u0259tin a\u011f\u0131rl\u0131\u011f\u0131, \u00f6lk\u0259 daxilind\u0259 v\u0259 xaricind\u0259 iqtidar\u0131n d\u0259st\u0259yinin z\u0259ifl\u0259m\u0259si, sanksiyalar\u0131n t\u0259tbiqi perspektivl\u0259ri, Qaraba\u011fla ba\u011fl\u0131 durumun m\u00fcr\u0259kk\u0259bl\u0259\u015fm\u0259si kimi m\u0259s\u0259l\u0259l\u0259r hakimiyy\u0259t\u0259 se\u00e7kil\u0259ri pay\u0131zda rahatl\u0131qla ke\u00e7irm\u0259y\u0259 \u0259ng\u0259l yarada bil\u0259rdimi?\n<\/p>\n<p>\n  Cavab qismind\u0259 agentlik qeyd edir ki, t\u0259cr\u00fcb\u0259l\u0259r sosial b\u00f6hran \u015f\u0259raitind\u0259 siyasi f\u0259all\u0131\u011f\u0131n y\u00fcks\u0259lm\u0259si g\u00f6zl\u0259nilm\u0259z siyasi n\u0259tic\u0259l\u0259r do\u011fura bil\u0259c\u0259yini v\u0259 y\u0259qin ki q\u0259rar veril\u0259rk\u0259n bu amilin t\u0259sirl\u0259ri d\u0259 n\u0259z\u0259rd\u0259n ke\u00e7irildiyini g\u00f6st\u0259rir.\n<\/p>\n<p>\n  \u201cBu versiyan\u0131n aktuall\u0131\u011f\u0131 n\u0259z\u0259ri bax\u0131mdan istisna edilm\u0259s\u0259 d\u0259, praktik olaraq h\u0259lledici saymaq \u00e7\u0259tindir. Do\u011frudur, \u00f6lk\u0259d\u0259 a\u011f\u0131r b\u00f6hran var, c\u0259miyy\u0259tin geni\u015f spektri bu b\u00f6hran\u0131 \u00f6z m\u0259i\u015f\u0259tind\u0259 hiss edir v\u0259 naraz\u0131l\u0131qlar da geni\u015fl\u0259nir.\n<\/p>\n<p>\n  Lakin, bu hal\u0131n t\u0259hl\u00fck\u0259li h\u0259dd\u0259 \u00e7atmamas\u0131 \u00fc\u00e7\u00fcn hakimiyy\u0259t m\u00fct\u0259madi profilaktik add\u0131mlar at\u0131r. Apar\u0131lan monitorinql\u0259r d\u0259 g\u00f6st\u0259rir ki c\u0259miyy\u0259t sosial b\u00f6hran\u0131n a\u011f\u0131rl\u0131\u011f\u0131na xeyli uy\u011funla\u015f\u0131b v\u0259 h\u0259tta bundan daha a\u011f\u0131r duruma bel\u0259 \u00f6z\u00fcn\u00fc psixoloji haz\u0131rlay\u0131b. Xalq b\u00f6hran\u0131n \u0259n k\u0259skin d\u00f6vr\u00fcnd\u0259 n\u0259 m\u00fcxalif\u0259tin etiraz aksiyalar\u0131na d\u0259st\u0259k verdi, n\u0259 d\u0259 \u00f6z\u00fc hans\u0131sa formada hakimiyy\u0259t\u0259 t\u0259zyiq etm\u0259y\u0259 maraq g\u00f6st\u0259rdi. Odur ki bu t\u0259l\u0259sk\u0259nliyi sosial-iqtisadi \u00e7\u0259tinliyin y\u00fcks\u0259l\u0259c\u0259yind\u0259n do\u011fan t\u0259\u015fvi\u015f\u0259 ba\u011flama\u011f\u0131 z\u0259if arqument saymaq olar\u201d.\n<\/p>\n<p>\n  Bundan ba\u015fqa yaz\u0131da vur\u011fulan\u0131r ki, ictimai r\u0259yl\u0259 hesabla\u015fmayan, antidemokratik imici \u00fc\u00e7\u00fcn narahatl\u0131q ke\u00e7irm\u0259y\u0259n, m\u00fcxalif\u0259tl\u0259 v\u0259 xalqla hesabla\u015fmayan bir iqtidar \u00fc\u00e7\u00fcn \u00f6lk\u0259 daxilind\u0259 v\u0259 xaricind\u0259 formala\u015fan m\u0259nfi ictimai r\u0259yin h\u0259lledici t\u0259sirind\u0259n d\u0259 dan\u0131\u015fmaq \u00e7\u0259tindir.\n<\/p>\n<p>\n  \u201cDem\u0259k olar indiy\u0259d\u0259k ke\u00e7iril\u0259n se\u00e7kil\u0259r beyn\u0259lxalq ictimaiyy\u0259tin haql\u0131 t\u0259nqidl\u0259rin\u0259 s\u0259b\u0259b olsa da hakimiyy\u0259ti n\u00f6vb\u0259ti total saxtakarl\u0131qlardan \u00e7\u0259kindirm\u0259yib. Ancaq AB\u015e-\u0131n Rusiya h\u00f6kum\u0259t \u00fczvl\u0259rin\u0259 v\u0259 oliqarxlara t\u0259tbiq etdiyi sanksiyalar\u0131n psixoloji t\u0259sirl\u0259ri Az\u0259rbaycan hakimiyy\u0259tinin iriranql\u0131 m\u0259murlar\u0131n\u0131n \u0259ks\u0259riyy\u0259tind\u0259 \u00f6t\u0259ri d\u0259 olsa t\u0259\u015fvi\u015f yarad\u0131b. H\u0259tta b\u0259zi ehtimallara g\u00f6r\u0259 bu m\u00f6vzuda qapal\u0131 m\u00fczakir\u0259l\u0259r d\u0259 apar\u0131l\u0131b. Lakin, bu amill\u0259r d\u0259 se\u00e7kini tezl\u0259\u015fdirm\u0259k \u00fc\u00e7\u00fcn \u0259sas s\u0259b\u0259b kimi g\u00f6r\u00fcnm\u00fcr. Qaraba\u011fla ba\u011fl\u0131 haz\u0131rk\u0131 beyn\u0259lxalq s\u00fclhyaratma missiyas\u0131n\u0131n hans\u0131sa yenilikl\u0259r t\u0259qdim ed\u0259c\u0259yi v\u0259 bu amill\u0259rin \u00f6lk\u0259d\u0259 g\u0259rginliy\u0259 yol a\u00e7a bil\u0259c\u0259yi d\u0259 real deyil\u00bb.<br \/>\n  <br \/>\n  Yaz\u0131da bildirilir ki, n\u00f6vb\u0259d\u0259nk\u0259nar se\u00e7kil\u0259ri g\u0259l\u0259c\u0259k siyasi-h\u00fcquqi islahatlara haz\u0131rl\u0131\u011f\u0131n anonsu hesab etm\u0259k d\u0259 do\u011fru olmaz.\n<\/p>\n<p>\n  \u201c\u0130lk n\u00f6vb\u0259d\u0259 m\u0259s\u0259l\u0259y\u0259 iqtidar\u0131n maraqlar\u0131 bax\u0131m\u0131ndan yana\u015fd\u0131qda \u00fcmumiyy\u0259tl\u0259 islahatlara ba\u015flama\u011f\u0131 z\u0259ruri ed\u0259n amill\u0259r g\u00f6r\u00fcnm\u00fcr. Hakimiyy\u0259t c\u0259miyy\u0259tin indiki s\u00fckun\u0259t hal\u0131nda siyasi islahatlarla \u00f6z\u00fcn\u0259 ba\u015fa\u011fr\u0131s\u0131 yaratmaq ist\u0259m\u0259z. \u018fg\u0259r hakimiyy\u0259t h\u0259l\u0259 bu \u015f\u0259kild\u0259 davam ed\u0259 bilirs\u0259, niy\u0259 status-kvonu d\u0259yi\u015fm\u0259li v\u0259 \u00f6z\u00fcn\u0259 problem a\u00e7mal\u0131d\u0131r? C\u0259miyy\u0259td\u0259n n\u0259z\u0259r\u0259\u00e7arpacaq basq\u0131 yoxdursa, hakimiyy\u0259tin geni\u015f demokratik islahatlara ba\u015flayaca\u011f\u0131 inand\u0131r\u0131c\u0131 deyil. Ancaq hakimiyy\u0259t daxilind\u0259 bel\u0259 bir m\u00f6vqe var ki, bu se\u00e7kid\u0259n bir m\u00fcdd\u0259t sonra yeni parlament se\u00e7kisi ke\u00e7irm\u0259k v\u0259 ki\u00e7ik bir qrup m\u00fcst\u0259qil v\u0259 m\u00fcxalif imicli \u015f\u0259xsl\u0259ri parlament\u0259 g\u0259tirm\u0259kl\u0259 yerli v\u0259 beyn\u0259lxalq ictimaiyy\u0259ti yenid\u0259n manipulyasiya etm\u0259k m\u00fcmk\u00fcnd\u00fcr\u201d.\n<\/p>\n<p>\n  \u201cTuran\u201d\u0131n analitikl\u0259ri hesab edirl\u0259r ki, \u00fcz\u0259rind\u0259 dayan\u0131lan versiyalardan biri d\u0259 hakimiyy\u0259tin m\u00fcxalif\u0259ti v\u0259 ya real alternativi se\u00e7ki prosesind\u0259 haz\u0131rl\u0131qs\u0131z dillemma qar\u015f\u0131s\u0131nda qoymaqd\u0131r.\n<\/p>\n<p>\n  \u201c\u00dcmumiyy\u0259tl\u0259 iqtidar m\u00fct\u0259madi olaraq se\u00e7ki prosesind\u0259 f\u0259all\u0131\u011f\u0131n a\u015fa\u011f\u0131 olmas\u0131 \u00fc\u00e7\u00fcn sistemli h\u00fcquqi v\u0259 praktik add\u0131mlar at\u0131b. Konstitusiya da, Se\u00e7ki M\u0259c\u0259ll\u0259si d\u0259, m\u00fcvafiq qanunvericilik aktlar\u0131 da bu istiqam\u0259td\u0259 &#8220;t\u0259kmill\u0259\u015fdirilib&#8221;. C\u0259miyy\u0259td\u0259 f\u0259al se\u00e7ki m\u00fchiti yaranmamas\u0131 \u00fc\u00e7\u00fcn azad median\u0131n, v\u0259t\u0259nda\u015f c\u0259miyy\u0259tinin, siyasi qurumlar\u0131n f\u0259aliyy\u0259t imkanlar\u0131 qapad\u0131l\u0131b. Se\u00e7kid\u0259 yaln\u0131z \u00f6z\u00fcn\u00fcn m\u00fc\u0259yy\u0259n etdiyi \u015f\u0259xsl\u0259rin v\u0259 qurumlar\u0131n namiz\u0259d ir\u0259li s\u00fcr\u00fclm\u0259si imkan\u0131 m\u00f6vcuddur.\n<\/p>\n<p>\n  Bel\u0259 bir h\u00fcquqsuzluq \u015f\u0259raitind\u0259 \u201cse\u00e7ki\u201dni boykota \u00e7a\u011f\u0131ran m\u00fcxalif\u0259tin d\u0259 etirazlara daha yax\u015f\u0131 haz\u0131rla\u015fmas\u0131 imkan\u0131 \u0259ld\u0259n \u00e7\u0131x\u0131b. Hakimiyy\u0259tin demokratik ictimaiyy\u0259t\u0259 d\u0259 \u201cb\u00f6y\u00fck\u201d g\u00fcz\u0259\u015ftl\u0259ri ola bil\u0259r v\u0259 bu, t\u0259qsirsiz h\u0259bs\u0259 m\u0259hkum edilmi\u015f \u015f\u0259xsl\u0259rin \u0259h\u0259miyy\u0259tli bir qrupunun azad edilm\u0259sidir\u201d.\n<\/p>\n<p>\n  \u201cTuran\u201d\u0131n analitikl\u0259ri hesdab edirl\u0259r ki, n\u00f6vb\u0259d\u0259nk\u0259nar Prezident se\u00e7kil\u0259rinin ke\u00e7irilm\u0259si \u00e7ox g\u00fcman hakimiyy\u0259tin daxilind\u0259 hans\u0131sa gizli, \u00e7ox m\u00fch\u00fcm v\u0259 ciddi narahatl\u0131q do\u011furan amill\u0259 ba\u011fl\u0131d\u0131r.\n<\/p>\n<p>\n  \u201cAnalizl\u0259r bu ehtimallar\u0131n da real olmas\u0131n\u0131 s\u00f6yl\u0259m\u0259y\u0259 \u0259sas verir. Ola bil\u0259r, hakimiyy\u0259t daxilind\u0259 hans\u0131sa fors-major situasiya var v\u0259 bu amil onlar\u0131 t\u0259l\u0259sdirir. Hakimiyy\u0259tin r\u0259smi namiz\u0259di t\u0259sdiq edil\u0259n\u0259d\u0259k hakim komandan\u0131n sonrak\u0131 niyy\u0259tini d\u0259qiq dem\u0259k el\u0259 d\u0259 asan deyil\u201d.\n<\/p>\n<p>\n  Dig\u0259r bir sual kimi analitikl\u0259r se\u00e7kil\u0259rin 6 ay \u00f6nc\u0259y\u0259 \u00e7\u0259kilm\u0259sinin \u0259sas s\u0259b\u0259bl\u0259rind\u0259n biri kimi g\u0259l\u0259n ay Rusiyada ke\u00e7iril\u0259c\u0259k prezident se\u00e7kil\u0259ri olma ehtimal\u0131d\u0131r.\n<\/p>\n<p>\n  \u201cEtiraf etm\u0259liyik ki Rusiyan\u0131n Az\u0259rbaycan c\u0259miyy\u0259tin\u0259, x\u00fcsusil\u0259 d\u0259 hakimiyy\u0259tin\u0259 t\u0259sirl\u0259ri el\u0259 t\u0259xmin\u0259n sovetl\u0259r d\u00f6n\u0259mind\u0259kin\u0259 yax\u0131nd\u0131r. Rusiya son ill\u0259r \u00f6z\u00fcn\u00fcn \u0259n aqressiv, g\u0259rgin v\u0259 ziddiyy\u0259tli siyasi d\u00f6vr\u00fcn\u00fc ya\u015fay\u0131r. Orada n\u0259l\u0259rin ba\u015f ver\u0259c\u0259yini indi t\u0259xmin etm\u0259k daha da \u00e7\u0259tinl\u0259\u015fib. Zahir\u0259n sabit g\u00f6r\u00fcn\u0259n Rusiya, daxil\u0259n gizli qaynay\u0131r.\n<\/p>\n<p>\n  AB\u015e v\u0259 Avropa il\u0259 m\u00fcnasib\u0259tl\u0259rd\u0259 ya\u015fanan g\u0259rginlik, iqtisadi-ticari \u0259laq\u0259l\u0259rin pozulmas\u0131 Rusiyan\u0131 \u00e7\u0259tin duruma sal\u0131b v\u0259 se\u00e7kid\u0259n sonra daxili sabitliyi \u00fc\u00e7\u00fcn yeni t\u0259lat\u00fcml\u00fc add\u0131mlar ata bil\u0259r. Rusiyan\u0131n g\u0259l\u0259c\u0259k strateji plan\u0131nda Az\u0259rbaycanla ba\u011fl\u0131 da bir s\u0131ra t\u0259xir\u0259 sal\u0131nm\u0131\u015f m\u0259s\u0259l\u0259l\u0259r var v\u0259 \u00f6lk\u0259 hakimiyy\u0259tinin bu planlara m\u00fcqavim\u0259t imkan\u0131 \u00e7ox z\u0259ifdir. Az\u0259rbaycanda n\u00f6vb\u0259d\u0259nk\u0259nar prezident se\u00e7kil\u0259rinin Rusiyada ke\u00e7iril\u0259c\u0259k n\u00f6vb\u0259ti se\u00e7kil\u0259rd\u0259n q\u0131sa m\u00fcdd\u0259t sonraya t\u0259yin edilm\u0259si aras\u0131nda birba\u015fa \u0259laq\u0259 istisna deyil\u201d.\n<\/p>\n<p>\n  Son olaraq, prosesl\u0259rin hans\u0131 istiqam\u0259td\u0259 inki\u015faf ed\u0259c\u0259yi il\u0259 ba\u011fl\u0131 b\u0259zi ehtimallara n\u0259z\u0259r salan analitik qrup, se\u00e7ki prosesin\u0259 c\u0259miyy\u0259tin yana\u015fmas\u0131 \u00f6nc\u0259ki ill\u0259rd\u0259n he\u00e7 n\u0259 il\u0259 f\u0259rql\u0259nm\u0259y\u0259c\u0259yini yaz\u0131b.\n<\/p>\n<p>\n  \u201cBunun bir s\u0131ra d\u0259rin psixoloji, sosial, siyasi s\u0259b\u0259bl\u0259ri var v\u0259 onlar\u0131n ortadan qald\u0131r\u0131lmas\u0131 \u00fc\u00e7\u00fcn m\u00fcvafiq haz\u0131rl\u0131q v\u0259 m\u00fc\u0259yy\u0259n zaman laz\u0131md\u0131r. Beyn\u0259lxalq ictimaiyy\u0259tin reaksiyas\u0131 da prosesl\u0259rin y\u00f6n\u00fcn\u00fc d\u0259yi\u015f\u0259c\u0259k s\u0259viyy\u0259d\u0259 ehtimal\u0131 edilmir. M\u00fcxalif\u0259tin v\u0259 m\u00fcst\u0259qil v\u0259t\u0259nda\u015f c\u0259miyy\u0259ti n\u00fcmay\u0259nd\u0259l\u0259rinin d\u0259 se\u00e7ki prosesin\u0259 m\u00fcnasib\u0259ti p\u0259rak\u0259nd\u0259, t\u0259sir imkanlar\u0131 is\u0259 hakimiyy\u0259ti \u00e7\u0259kindir\u0259c\u0259k s\u0259viyy\u0259d\u0259 deyil. Hakimiyy\u0259t t\u0259qsirsiz h\u0259bs\u0259 m\u0259hkum edilmi\u015f \u015f\u0259xsl\u0259rin bir qrupunu azad etm\u0259kl\u0259 yerli v\u0259 beyn\u0259lxalq demokratik ictimaiyy\u0259t\u0259 &#8220;b\u00f6y\u00fck g\u00fcz\u0259\u015ft&#8221; t\u0259klif ed\u0259 bil\u0259r.\n<\/p>\n<p>\n  \u201cSe\u00e7ki\u201dd\u0259n sonra \u00f6lk\u0259d\u0259 sosial-siyasi m\u00fcnasib\u0259tl\u0259r sisteminin yeni m\u0259rh\u0259l\u0259y\u0259 q\u0259d\u0259m qoymas\u0131 qa\u00e7\u0131lmaz olacaq. Yenid\u0259n 7 illik s\u0259lahiyy\u0259t\u0259 sahib olan prezident bir s\u0131ra z\u0259ruri q\u0259rarlar q\u0259bul etm\u0259y\u0259 m\u0259cburdur. \u018fsas h\u0259d\u0259fl\u0259rd\u0259n biri iqtidar\u0131n k\u00f6hn\u0259 komandas\u0131n\u0131n \u0259sas ya\u015fl\u0131 simalar\u0131 il\u0259 vidala\u015fmaq, struktur islahatlar\u0131 ad\u0131 alt\u0131nda yeni komanda formala\u015fd\u0131rmaq, hakimiyy\u0259ti daha sistemli \u015f\u0259kild\u0259 t\u0259k \u0259ld\u0259 c\u0259ml\u0259\u015fdirm\u0259kl\u0259 n\u00f6vb\u0259ti, rejimin daya\u011flar\u0131n\u0131 sars\u0131tmadan, struktur v\u0259 iqtisadi islahatlar m\u0259rh\u0259l\u0259sin\u0259 ke\u00e7m\u0259kdir.\n<\/p>\n<p>\n  Hakimiyy\u0259t daxilind\u0259 bel\u0259 bir m\u00f6vqe d\u0259 var ki, bu se\u00e7kid\u0259n bir m\u00fcdd\u0259t sonra yerli v\u0259 beyn\u0259lxalq ictimaiyy\u0259tl\u0259 yenid\u0259n manipulyasiya etm\u0259k \u00fc\u00e7\u00fcn yeni parlament se\u00e7kisi ke\u00e7irm\u0259k v\u0259 ki\u00e7ik bir qrup m\u00fcst\u0259qil v\u0259 m\u00fcxalif imicli \u015f\u0259xsl\u0259ri parlament\u0259 g\u0259tirm\u0259k olar. Regionda c\u0259r\u0259yan ed\u0259n prosesl\u0259r qar\u015f\u0131da \u00f6lk\u0259nin \u00e7ox ziddiyy\u0259tli v\u0259 g\u0259rgin d\u00f6vr\u0259 q\u0259d\u0259m qoyaca\u011f\u0131ndan x\u0259b\u0259r verir\u201d.<\/p>\n","protected":false},"excerpt":{"rendered":"<p>\u201cC\u0259miyy\u0259tin yana\u015fmas\u0131 \u00f6nc\u0259ki ill\u0259rd\u0259n he\u00e7 n\u0259 il\u0259 f\u0259rql\u0259nm\u0259y\u0259c\u0259k\u201d<\/p>\n","protected":false},"author":11,"featured_media":99256,"comment_status":"closed","ping_status":"open","sticky":false,"template":"","format":"standard","meta":{"_acf_changed":false,"_sitemap_exclude":false,"_sitemap_priority":"","_sitemap_frequency":"","footnotes":""},"categories":[51],"tags":[],"class_list":["post-188581","post","type-post","status-publish","format-standard","has-post-thumbnail","hentry","category-analitika","infinite-scroll-item","generate-columns","tablet-grid-50","mobile-grid-100","grid-parent","grid-33","no-featured-image-padding"],"acf":[],"yoast_head":"<!-- This site is optimized with the Yoast SEO plugin v27.4 - https:\/\/yoast.com\/product\/yoast-seo-wordpress\/ -->\n<title>Se\u00e7kil\u0259rin \u00f6n\u0259 \u00e7\u0259kilm\u0259sinin s\u0259b\u0259bl\u0259ri - MEYDAN.TV<\/title>\n<meta name=\"robots\" content=\"index, follow, max-snippet:-1, max-image-preview:large, max-video-preview:-1\" \/>\n<link rel=\"canonical\" href=\"https:\/\/www.meydan.tv\/az\/article\/seckilerin-one-cekilmesinin-sebebleri\/\" \/>\n<meta property=\"og:locale\" content=\"az_AZ\" \/>\n<meta property=\"og:type\" content=\"article\" \/>\n<meta property=\"og:title\" content=\"Se\u00e7kil\u0259rin \u00f6n\u0259 \u00e7\u0259kilm\u0259sinin s\u0259b\u0259bl\u0259ri - MEYDAN.TV\" \/>\n<meta property=\"og:description\" content=\"\u201cC\u0259miyy\u0259tin yana\u015fmas\u0131 \u00f6nc\u0259ki ill\u0259rd\u0259n he\u00e7 n\u0259 il\u0259 f\u0259rql\u0259nm\u0259y\u0259c\u0259k\u201d\" \/>\n<meta property=\"og:url\" content=\"https:\/\/www.meydan.tv\/az\/article\/seckilerin-one-cekilmesinin-sebebleri\/\" \/>\n<meta property=\"og:site_name\" content=\"MEYDAN.TV\" \/>\n<meta property=\"article:published_time\" content=\"2018-02-08T18:38:22+00:00\" \/>\n<meta property=\"og:image\" content=\"https:\/\/www.meydan.tv\/wp-content\/uploads\/39262.jpg\" \/>\n\t<meta property=\"og:image:width\" content=\"2048\" \/>\n\t<meta property=\"og:image:height\" content=\"1427\" \/>\n\t<meta property=\"og:image:type\" content=\"image\/jpeg\" \/>\n<meta name=\"author\" content=\"user-manager\" \/>\n<meta name=\"twitter:card\" content=\"summary_large_image\" \/>\n<script type=\"application\/ld+json\" class=\"yoast-schema-graph\">{\"@context\":\"https:\\\/\\\/schema.org\",\"@graph\":[{\"@type\":\"Article\",\"@id\":\"https:\\\/\\\/www.meydan.tv\\\/az\\\/article\\\/seckilerin-one-cekilmesinin-sebebleri\\\/#article\",\"isPartOf\":{\"@id\":\"https:\\\/\\\/www.meydan.tv\\\/az\\\/article\\\/seckilerin-one-cekilmesinin-sebebleri\\\/\"},\"author\":{\"name\":\"user-manager\",\"@id\":\"https:\\\/\\\/www.meydan.tv\\\/az\\\/#\\\/schema\\\/person\\\/10d11eccf6da3662cf5fdab9806ea91a\"},\"headline\":\"Se\u00e7kil\u0259rin \u00f6n\u0259 \u00e7\u0259kilm\u0259sinin s\u0259b\u0259bl\u0259ri\",\"datePublished\":\"2018-02-08T18:38:22+00:00\",\"mainEntityOfPage\":{\"@id\":\"https:\\\/\\\/www.meydan.tv\\\/az\\\/article\\\/seckilerin-one-cekilmesinin-sebebleri\\\/\"},\"wordCount\":2000,\"publisher\":{\"@id\":\"https:\\\/\\\/www.meydan.tv\\\/az\\\/#organization\"},\"image\":{\"@id\":\"https:\\\/\\\/www.meydan.tv\\\/az\\\/article\\\/seckilerin-one-cekilmesinin-sebebleri\\\/#primaryimage\"},\"thumbnailUrl\":\"https:\\\/\\\/www.meydan.tv\\\/wp-content\\\/uploads\\\/39262.jpg\",\"articleSection\":[\"Analitika\"],\"inLanguage\":\"az\"},{\"@type\":\"WebPage\",\"@id\":\"https:\\\/\\\/www.meydan.tv\\\/az\\\/article\\\/seckilerin-one-cekilmesinin-sebebleri\\\/\",\"url\":\"https:\\\/\\\/www.meydan.tv\\\/az\\\/article\\\/seckilerin-one-cekilmesinin-sebebleri\\\/\",\"name\":\"Se\u00e7kil\u0259rin \u00f6n\u0259 \u00e7\u0259kilm\u0259sinin s\u0259b\u0259bl\u0259ri - MEYDAN.TV\",\"isPartOf\":{\"@id\":\"https:\\\/\\\/www.meydan.tv\\\/az\\\/#website\"},\"primaryImageOfPage\":{\"@id\":\"https:\\\/\\\/www.meydan.tv\\\/az\\\/article\\\/seckilerin-one-cekilmesinin-sebebleri\\\/#primaryimage\"},\"image\":{\"@id\":\"https:\\\/\\\/www.meydan.tv\\\/az\\\/article\\\/seckilerin-one-cekilmesinin-sebebleri\\\/#primaryimage\"},\"thumbnailUrl\":\"https:\\\/\\\/www.meydan.tv\\\/wp-content\\\/uploads\\\/39262.jpg\",\"datePublished\":\"2018-02-08T18:38:22+00:00\",\"breadcrumb\":{\"@id\":\"https:\\\/\\\/www.meydan.tv\\\/az\\\/article\\\/seckilerin-one-cekilmesinin-sebebleri\\\/#breadcrumb\"},\"inLanguage\":\"az\",\"potentialAction\":[{\"@type\":\"ReadAction\",\"target\":[\"https:\\\/\\\/www.meydan.tv\\\/az\\\/article\\\/seckilerin-one-cekilmesinin-sebebleri\\\/\"]}]},{\"@type\":\"ImageObject\",\"inLanguage\":\"az\",\"@id\":\"https:\\\/\\\/www.meydan.tv\\\/az\\\/article\\\/seckilerin-one-cekilmesinin-sebebleri\\\/#primaryimage\",\"url\":\"https:\\\/\\\/www.meydan.tv\\\/wp-content\\\/uploads\\\/39262.jpg\",\"contentUrl\":\"https:\\\/\\\/www.meydan.tv\\\/wp-content\\\/uploads\\\/39262.jpg\",\"width\":2048,\"height\":1427,\"caption\":\"Source:\"},{\"@type\":\"BreadcrumbList\",\"@id\":\"https:\\\/\\\/www.meydan.tv\\\/az\\\/article\\\/seckilerin-one-cekilmesinin-sebebleri\\\/#breadcrumb\",\"itemListElement\":[{\"@type\":\"ListItem\",\"position\":1,\"name\":\"Ana s\u0259hif\u0259\",\"item\":\"https:\\\/\\\/www.meydan.tv\\\/az\\\/\"},{\"@type\":\"ListItem\",\"position\":2,\"name\":\"Analitika\",\"item\":\"https:\\\/\\\/www.meydan.tv\\\/az\\\/section\\\/analitika\\\/\"},{\"@type\":\"ListItem\",\"position\":3,\"name\":\"Se\u00e7kil\u0259rin \u00f6n\u0259 \u00e7\u0259kilm\u0259sinin s\u0259b\u0259bl\u0259ri\"}]},{\"@type\":\"WebSite\",\"@id\":\"https:\\\/\\\/www.meydan.tv\\\/az\\\/#website\",\"url\":\"https:\\\/\\\/www.meydan.tv\\\/az\\\/\",\"name\":\"MEYDAN.TV\",\"description\":\"Meydan TV Az\u0259rbaycan\u0131n media m\u0259kan\u0131ndak\u0131 alternativ s\u0259sidir\",\"publisher\":{\"@id\":\"https:\\\/\\\/www.meydan.tv\\\/az\\\/#organization\"},\"potentialAction\":[{\"@type\":\"SearchAction\",\"target\":{\"@type\":\"EntryPoint\",\"urlTemplate\":\"https:\\\/\\\/www.meydan.tv\\\/az\\\/?s={search_term_string}\"},\"query-input\":{\"@type\":\"PropertyValueSpecification\",\"valueRequired\":true,\"valueName\":\"search_term_string\"}}],\"inLanguage\":\"az\"},{\"@type\":\"Organization\",\"@id\":\"https:\\\/\\\/www.meydan.tv\\\/az\\\/#organization\",\"name\":\"Meydan TV\",\"url\":\"https:\\\/\\\/www.meydan.tv\\\/az\\\/\",\"logo\":{\"@type\":\"ImageObject\",\"inLanguage\":\"az\",\"@id\":\"https:\\\/\\\/www.meydan.tv\\\/az\\\/#\\\/schema\\\/logo\\\/image\\\/\",\"url\":\"https:\\\/\\\/www.meydan.tv\\\/wp-content\\\/uploads\\\/2021\\\/07\\\/meydan-logo.svg\",\"contentUrl\":\"https:\\\/\\\/www.meydan.tv\\\/wp-content\\\/uploads\\\/2021\\\/07\\\/meydan-logo.svg\",\"width\":195,\"height\":46,\"caption\":\"Meydan TV\"},\"image\":{\"@id\":\"https:\\\/\\\/www.meydan.tv\\\/az\\\/#\\\/schema\\\/logo\\\/image\\\/\"}},{\"@type\":\"Person\",\"@id\":\"https:\\\/\\\/www.meydan.tv\\\/az\\\/#\\\/schema\\\/person\\\/10d11eccf6da3662cf5fdab9806ea91a\",\"name\":\"user-manager\"}]}<\/script>\n<!-- \/ Yoast SEO plugin. -->","yoast_head_json":{"title":"Se\u00e7kil\u0259rin \u00f6n\u0259 \u00e7\u0259kilm\u0259sinin s\u0259b\u0259bl\u0259ri - MEYDAN.TV","robots":{"index":"index","follow":"follow","max-snippet":"max-snippet:-1","max-image-preview":"max-image-preview:large","max-video-preview":"max-video-preview:-1"},"canonical":"https:\/\/www.meydan.tv\/az\/article\/seckilerin-one-cekilmesinin-sebebleri\/","og_locale":"az_AZ","og_type":"article","og_title":"Se\u00e7kil\u0259rin \u00f6n\u0259 \u00e7\u0259kilm\u0259sinin s\u0259b\u0259bl\u0259ri - MEYDAN.TV","og_description":"\u201cC\u0259miyy\u0259tin yana\u015fmas\u0131 \u00f6nc\u0259ki ill\u0259rd\u0259n he\u00e7 n\u0259 il\u0259 f\u0259rql\u0259nm\u0259y\u0259c\u0259k\u201d","og_url":"https:\/\/www.meydan.tv\/az\/article\/seckilerin-one-cekilmesinin-sebebleri\/","og_site_name":"MEYDAN.TV","article_published_time":"2018-02-08T18:38:22+00:00","og_image":[{"width":2048,"height":1427,"url":"https:\/\/www.meydan.tv\/wp-content\/uploads\/39262.jpg","type":"image\/jpeg"}],"author":"user-manager","twitter_card":"summary_large_image","schema":{"@context":"https:\/\/schema.org","@graph":[{"@type":"Article","@id":"https:\/\/www.meydan.tv\/az\/article\/seckilerin-one-cekilmesinin-sebebleri\/#article","isPartOf":{"@id":"https:\/\/www.meydan.tv\/az\/article\/seckilerin-one-cekilmesinin-sebebleri\/"},"author":{"name":"user-manager","@id":"https:\/\/www.meydan.tv\/az\/#\/schema\/person\/10d11eccf6da3662cf5fdab9806ea91a"},"headline":"Se\u00e7kil\u0259rin \u00f6n\u0259 \u00e7\u0259kilm\u0259sinin s\u0259b\u0259bl\u0259ri","datePublished":"2018-02-08T18:38:22+00:00","mainEntityOfPage":{"@id":"https:\/\/www.meydan.tv\/az\/article\/seckilerin-one-cekilmesinin-sebebleri\/"},"wordCount":2000,"publisher":{"@id":"https:\/\/www.meydan.tv\/az\/#organization"},"image":{"@id":"https:\/\/www.meydan.tv\/az\/article\/seckilerin-one-cekilmesinin-sebebleri\/#primaryimage"},"thumbnailUrl":"https:\/\/www.meydan.tv\/wp-content\/uploads\/39262.jpg","articleSection":["Analitika"],"inLanguage":"az"},{"@type":"WebPage","@id":"https:\/\/www.meydan.tv\/az\/article\/seckilerin-one-cekilmesinin-sebebleri\/","url":"https:\/\/www.meydan.tv\/az\/article\/seckilerin-one-cekilmesinin-sebebleri\/","name":"Se\u00e7kil\u0259rin \u00f6n\u0259 \u00e7\u0259kilm\u0259sinin s\u0259b\u0259bl\u0259ri - MEYDAN.TV","isPartOf":{"@id":"https:\/\/www.meydan.tv\/az\/#website"},"primaryImageOfPage":{"@id":"https:\/\/www.meydan.tv\/az\/article\/seckilerin-one-cekilmesinin-sebebleri\/#primaryimage"},"image":{"@id":"https:\/\/www.meydan.tv\/az\/article\/seckilerin-one-cekilmesinin-sebebleri\/#primaryimage"},"thumbnailUrl":"https:\/\/www.meydan.tv\/wp-content\/uploads\/39262.jpg","datePublished":"2018-02-08T18:38:22+00:00","breadcrumb":{"@id":"https:\/\/www.meydan.tv\/az\/article\/seckilerin-one-cekilmesinin-sebebleri\/#breadcrumb"},"inLanguage":"az","potentialAction":[{"@type":"ReadAction","target":["https:\/\/www.meydan.tv\/az\/article\/seckilerin-one-cekilmesinin-sebebleri\/"]}]},{"@type":"ImageObject","inLanguage":"az","@id":"https:\/\/www.meydan.tv\/az\/article\/seckilerin-one-cekilmesinin-sebebleri\/#primaryimage","url":"https:\/\/www.meydan.tv\/wp-content\/uploads\/39262.jpg","contentUrl":"https:\/\/www.meydan.tv\/wp-content\/uploads\/39262.jpg","width":2048,"height":1427,"caption":"Source:"},{"@type":"BreadcrumbList","@id":"https:\/\/www.meydan.tv\/az\/article\/seckilerin-one-cekilmesinin-sebebleri\/#breadcrumb","itemListElement":[{"@type":"ListItem","position":1,"name":"Ana s\u0259hif\u0259","item":"https:\/\/www.meydan.tv\/az\/"},{"@type":"ListItem","position":2,"name":"Analitika","item":"https:\/\/www.meydan.tv\/az\/section\/analitika\/"},{"@type":"ListItem","position":3,"name":"Se\u00e7kil\u0259rin \u00f6n\u0259 \u00e7\u0259kilm\u0259sinin s\u0259b\u0259bl\u0259ri"}]},{"@type":"WebSite","@id":"https:\/\/www.meydan.tv\/az\/#website","url":"https:\/\/www.meydan.tv\/az\/","name":"MEYDAN.TV","description":"Meydan TV Az\u0259rbaycan\u0131n media m\u0259kan\u0131ndak\u0131 alternativ s\u0259sidir","publisher":{"@id":"https:\/\/www.meydan.tv\/az\/#organization"},"potentialAction":[{"@type":"SearchAction","target":{"@type":"EntryPoint","urlTemplate":"https:\/\/www.meydan.tv\/az\/?s={search_term_string}"},"query-input":{"@type":"PropertyValueSpecification","valueRequired":true,"valueName":"search_term_string"}}],"inLanguage":"az"},{"@type":"Organization","@id":"https:\/\/www.meydan.tv\/az\/#organization","name":"Meydan TV","url":"https:\/\/www.meydan.tv\/az\/","logo":{"@type":"ImageObject","inLanguage":"az","@id":"https:\/\/www.meydan.tv\/az\/#\/schema\/logo\/image\/","url":"https:\/\/www.meydan.tv\/wp-content\/uploads\/2021\/07\/meydan-logo.svg","contentUrl":"https:\/\/www.meydan.tv\/wp-content\/uploads\/2021\/07\/meydan-logo.svg","width":195,"height":46,"caption":"Meydan TV"},"image":{"@id":"https:\/\/www.meydan.tv\/az\/#\/schema\/logo\/image\/"}},{"@type":"Person","@id":"https:\/\/www.meydan.tv\/az\/#\/schema\/person\/10d11eccf6da3662cf5fdab9806ea91a","name":"user-manager"}]}},"_links":{"self":[{"href":"https:\/\/www.meydan.tv\/az\/wp-json\/wp\/v2\/posts\/188581","targetHints":{"allow":["GET"]}}],"collection":[{"href":"https:\/\/www.meydan.tv\/az\/wp-json\/wp\/v2\/posts"}],"about":[{"href":"https:\/\/www.meydan.tv\/az\/wp-json\/wp\/v2\/types\/post"}],"author":[{"embeddable":true,"href":"https:\/\/www.meydan.tv\/az\/wp-json\/wp\/v2\/users\/11"}],"replies":[{"embeddable":true,"href":"https:\/\/www.meydan.tv\/az\/wp-json\/wp\/v2\/comments?post=188581"}],"version-history":[{"count":0,"href":"https:\/\/www.meydan.tv\/az\/wp-json\/wp\/v2\/posts\/188581\/revisions"}],"wp:featuredmedia":[{"embeddable":true,"href":"https:\/\/www.meydan.tv\/az\/wp-json\/wp\/v2\/media\/99256"}],"wp:attachment":[{"href":"https:\/\/www.meydan.tv\/az\/wp-json\/wp\/v2\/media?parent=188581"}],"wp:term":[{"taxonomy":"category","embeddable":true,"href":"https:\/\/www.meydan.tv\/az\/wp-json\/wp\/v2\/categories?post=188581"},{"taxonomy":"post_tag","embeddable":true,"href":"https:\/\/www.meydan.tv\/az\/wp-json\/wp\/v2\/tags?post=188581"}],"curies":[{"name":"wp","href":"https:\/\/api.w.org\/{rel}","templated":true}]}}