{"id":188539,"date":"2018-02-06T18:27:41","date_gmt":"2018-02-06T18:27:41","guid":{"rendered":"https:\/\/www.meydan.tv\/article\/serencam\/"},"modified":"2018-02-06T18:27:41","modified_gmt":"2018-02-06T18:27:41","slug":"serencam","status":"publish","type":"post","link":"https:\/\/www.meydan.tv\/az\/article\/serencam\/","title":{"rendered":"S\u0259r\u0259ncam"},"content":{"rendered":"<figure class=\"wp-block-image size-large\">\n  <img decoding=\"async\" src=\"https:\/\/www.meydan.tv\/az\/ilham-eliyev-2003-cu-il\/\" alt=\"\u0130lham \u018fliyev, 2003-c\u00fc il\" class=\"wp-image-99124\"\/><figcaption>\n    \u0130lham \u018fliyev, 2003-c\u00fc il<br \/>\n  <\/figcaption><\/figure>\n<p>\n  \u0130lham \u018fliyev s\u0259r\u0259ncam imzalay\u0131b prezident se\u00e7kisini noyabrdan aprel\u0259 ke\u00e7irdi. C\u0259miyy\u0259t d\u00fc\u015f\u00fcnm\u0259y\u0259 ba\u015flad\u0131: ay\u0259, bunun hans\u0131 s\u0259b\u0259bl\u0259ri var?\n<\/p>\n<p>\n  Yuxar\u0131da oturan \u015f\u0259xsl\u0259rl\u0259 he\u00e7 bir, \u0259l-h\u0259mdu li-l-lah, \u0259laq\u0259m yoxdur. Odur ki, s\u00f6yl\u0259y\u0259c\u0259yim fikirl\u0259r \u00fcmumi v\u0259ziyy\u0259t bar\u0259sind\u0259 olan t\u0259s\u0259vv\u00fcrl\u0259rimd\u0259n qidalan\u0131r. \u00d6lk\u0259nin \u00fcmumi v\u0259ziyy\u0259ti bar\u0259d\u0259 \u00e7ox yazm\u0131\u015fam dey\u0259 t\u0259krar n\u0259 is\u0259 dem\u0259y\u0259 he\u00e7 bir hac\u0259t g\u00f6rm\u00fcr\u0259m.\n<\/p>\n<p>\n  S\u0259b\u0259bl\u0259r n\u0259 ola bil\u0259r? \u018fvv\u0259la, hakim z\u00fcmr\u0259 daxilind\u0259 ged\u0259n g\u0259rgin yor\u011fanalt\u0131 \u00e7\u0259ki\u015fm\u0259l\u0259r artan h\u0259cmd\u0259 k\u0259nara s\u0131zma\u011fa ba\u015flay\u0131b. Yaln\u0131z yuxar\u0131lar deyil, yuxar\u0131dan a\u015fa\u011f\u0131dak\u0131lar da hakimiyy\u0259td\u0259n dan\u0131\u015fma\u011fa ba\u015flay\u0131blar.<br \/>\n  <br \/>\n  Bu is\u0259 yax\u015f\u0131 \u0259lam\u0259t deyil. Hakimiyy\u0259tin m\u00fcq\u0259dd\u0259sliyi m\u0259fhumu a\u015f\u0131n\u0131r.\n<\/p>\n<p>\n  Dem\u0259li, m\u0259s\u0259l\u0259ni bird\u0259f\u0259lik h\u0259ll etm\u0259k z\u0259rur\u0259ti yaran\u0131b. Noyabra q\u0259d\u0259r \u00e7ox \u015fey ola bil\u0259r. Odur ki, hadis\u0259l\u0259ri s\u00fcr\u0259tl\u0259ndirm\u0259k laz\u0131md\u0131r.\n<\/p>\n<p>\n  Lakin bunun \u00fc\u00e7\u00fcn g\u0259r\u0259k y\u00fcz faiz \u0259minlik olsun ki, prezident hadis\u0259l\u0259rin gedi\u015fin\u0259 n\u0259zar\u0259t edir.\n<\/p>\n<p>\n  Hadis\u0259l\u0259rin gedi\u015fi Az\u0259rbaycanda iki amild\u0259n as\u0131l\u0131d\u0131r.\n<\/p>\n<p>\n  Birincisi, Rusiya amilidir. Rusiyan\u0131n xeyir-duas\u0131 olmadan bizim \u00f6lk\u0259d\u0259 he\u00e7 zad ba\u015f vermir. \u0130ki y\u00fcz ildir bel\u0259dir v\u0259 ba\u015fqa c\u00fcr deyil. M\u00fcst\u0259qillik bar\u0259d\u0259 cahil v\u0259 qafil m\u0259xluqat\u0131n oxudu\u011fu \u015fark\u0131lar\u0131n qara q\u0259pik q\u0259d\u0259r d\u0259y\u0259ri yoxdur. Y\u0259ni onlar ger\u00e7\u0259klikd\u0259n tam uzaqd\u0131r.\n<\/p>\n<p>\n  Rusiya kimi g\u00f6st\u0259rs\u0259, o da prezidentdir. Konstitusiyam\u0131z\u0131n birinci b\u0259ndin\u0259 b\u0259nd olmay\u0131n, xo\u015f s\u00f6z xatirin\u0259 yaz\u0131lm\u0131\u015f s\u00f6zd\u00fcr v\u0259 dig\u0259r b\u0259ndl\u0259r kimi he\u00e7 zaman icra olunmay\u0131b.\n<\/p>\n<p>\n  Rusiyada mart\u0131n 18-d\u0259 prezident se\u00e7il\u0259c\u0259k. Ham\u0131 xorla deyir ki, g\u0259l\u0259c\u0259k qalib el\u0259 indiki prezidentdir. Y\u0259ni o se\u00e7il\u0259c\u0259k v\u0259 Rusiyan\u0131n t\u0259n\u0259zz\u00fcl\u00fc artan s\u00fcr\u0259tl\u0259 davam ed\u0259c\u0259k. Deyirl\u0259r v\u0259 yaz\u0131rlar ki, onun q\u0259l\u0259b\u0259si lab\u00fcdd\u00fcr.\n<\/p>\n<p>\n  \u018fg\u0259r onun q\u0259l\u0259b\u0259si lab\u00fcdd\u00fcrs\u0259, Rusiyan\u0131n da\u011f\u0131lmas\u0131 da lab\u00fcdd\u00fcr. \u00c7\u00fcnki he\u00e7 bir d\u00f6vl\u0259t, h\u0259tta Rusiya kimi \u00e7ox varl\u0131 d\u00f6vl\u0259t onun can\u0131na h\u0259\u015f\u0259rat kimi dara\u015fm\u0131\u015f bu o\u011fru s\u00fcr\u00fcs\u00fcn\u00fcn int\u0259has\u0131z i\u015ftah\u0131na tab g\u0259tir\u0259 bilm\u0259z.\n<\/p>\n<p>\n  Lakin bel\u0259 d\u0259 f\u0259rziyy\u0259 ya\u015fay\u0131r ki, Rusiyada da \u201cd\u0259rin d\u00f6vl\u0259t\u201d var v\u0259 onu t\u0259\u015fkil v\u0259 t\u0259msil ed\u0259n v\u00fccudlar ham\u0131n\u0131n g\u00f6rd\u00fcy\u00fc bu t\u0259hl\u00fck\u0259ni ayd\u0131n g\u00f6r\u00fcrl\u0259r. G\u00f6r\u00fcrl\u0259r v\u0259 \u00fcmumi kapitalist seyrini d\u0259yi\u015fm\u0259d\u0259n \u00f6lk\u0259nin s\u0259rv\u0259tl\u0259rini indiki kimi Q\u0259rb\u0259 deyil, Rusiyan\u0131n inki\u015faf\u0131 \u00fc\u00e7\u00fcn daxild\u0259ki iqtisadi-ictimai lajih\u0259l\u0259rin icras\u0131na y\u00f6n\u0259ld\u0259c\u0259kl\u0259r. Bu d\u00f6n\u00fc\u015f\u00fc Pavel Qrudinin h\u0259yata ke\u00e7irm\u0259lidir v\u0259 \u201cd\u0259rin d\u00f6vl\u0259t\u201d onun q\u0259l\u0259b\u0259sini t\u0259min ed\u0259c\u0259k.\n<\/p>\n<p>\n  Bel\u0259 olan halda Rusiyan\u0131n C\u0259nubi Qafqazdak\u0131 siyas\u0259ti d\u0259yi\u015fc\u0259kmi? \u018fsla, yox. H\u0259min siyas\u0259t qalacaq.\n<\/p>\n<p>\n  Sad\u0259c\u0259 Az\u0259rbaycan prezidenti \u00e7al\u0131\u015f\u0131r ki, \u00f6z se\u00e7kisi il\u0259 Rusiya prezidentinin se\u00e7kisini eyni vaxta sal\u0131b raz\u0131la\u015fma v\u0259 dan\u0131\u015f\u0131qlar\u0131 m\u00fcnasib vaxtda apars\u0131n.\n<\/p>\n<p>\n  Rusiya Az\u0259rbaycan d\u00f6vl\u0259tinin n\u0259inki \u0259razisin\u0259, h\u0259m d\u0259 onun h\u0259yati \u0259h\u0259miyy\u0259tli d\u00f6vl\u0259t qurumlar\u0131na n\u0259zar\u0259t etdiyind\u0259n bel\u0259 bir uy\u011funla\u015fd\u0131rma \u0259m\u0259liyyat\u0131 a\u011flabatan say\u0131la bil\u0259r.\n<\/p>\n<p>\n  Ke\u00e7irik ikinci m\u0259tl\u0259b\u0259, hans\u0131 ki, ibar\u0259tdir z\u00fcmr\u0259daxili \u00e7\u0259ki\u015fm\u0259l\u0259rd\u0259n. Hakim z\u00fcmr\u0259d\u0259 bir \u00fc\u00e7l\u00fck var ki, y\u0131\u011fd\u0131qlar\u0131 s\u0259rv\u0259t v\u0259 \u0259ll\u0259rind\u0259 c\u0259ml\u0259dikl\u0259ri inzibati imkanlar onlar\u0131 dingild\u0259dir v\u0259 s\u00f6vq edir ki, \u0259slind\u0259 onlara aid olmayan m\u0259s\u0259l\u0259l\u0259rin h\u0259llind\u0259 \u00f6z r\u0259yl\u0259rini s\u00f6yl\u0259sinl\u0259r.\n<\/p>\n<p>\n  Ulu \u00f6nd\u0259rin zaman\u0131nda onlar bel\u0259 \u015feyi he\u00e7 a\u011f\u0131llar\u0131na bel\u0259 g\u0259tir\u0259 bilm\u0259zdil\u0259r, lakin z\u0259man\u0259 v\u0259 insanlar d\u0259yi\u015fib. Odur ki, onlar dingild\u0259yirl\u0259r, \u00f6z\u00fc d\u0259 artan x\u0259tl\u0259 dingild\u0259yirl\u0259r.\n<\/p>\n<p>\n  Hakim z\u00fcmr\u0259d\u0259 \u00fcsyan yeti\u015f\u0259 bil\u0259r. \u0130lham \u018fliyev, \u00e7ox g\u00fcman ki, bunu bilm\u0259mi\u015f deyil v\u0259 \u00f6z t\u0259dbirl\u0259rini, t\u0259bii ki, g\u00f6r\u00fcr.\n<\/p>\n<p>\n  G\u00f6rm\u00fcrs\u0259, o da onun \u00f6z i\u015fidir. S\u0259m\u0259r\u0259sini yax\u0131nda g\u00f6r\u0259r v\u0259 dadar.\n<\/p>\n<p>\n  M\u0259tl\u0259bin c\u00f6vh\u0259ri onda deyil ki, bu \u00fc\u00e7l\u00fck v\u0259 onun ictimai daya\u011f\u0131 \u018fliyevin hakimiyy\u0259tinin \u0259ksin\u0259dir. \u018fsla, yox. Bu hakimiyy\u0259t onlar \u00fc\u00e7\u00fcn \u0259n yarayan hakimiyy\u0259tdir. Az\u0259rbaycan\u0131 min s\u00fcr, hara v\u0259 nec\u0259 ist\u0259yirs\u0259n. Xalq\u0131 soy n\u0259 q\u0259d\u0259r ist\u0259yirs\u0259n. Bel\u0259 v\u0259ziyy\u0259t \u0259ladan da \u0259lad\u0131r.\n<\/p>\n<p>\n  Birc\u0259 \u015fey onlar\u0131 narahat edir. Hakimiyy\u0259tin zirv\u0259sind\u0259, onlar\u0131n d\u0259rin \u0259qid\u0259sin\u0259 g\u00f6r\u0259, yaln\u0131z v\u0259 yaln\u0131z tayfa n\u00fcmay\u0259nd\u0259si \u0259yl\u0259\u015fm\u0259lidir.\n<\/p>\n<p>\n  Bel\u0259 olarsa, siyasi s\u0259f\u0259rb\u0259rlik \u00fc\u00e7\u00fcn Heyd\u0259r \u018fliyevd\u0259n tutmu\u015f El\u00e7ib\u0259y\u0259 q\u0259d\u0259r b\u00fct\u00fcn siyasil\u0259rin geni\u015f istifad\u0259 etdiyi yerli\u00e7ilik v\u0259 tayfabazl\u0131q amili \u00f6z s\u0259m\u0259r\u0259sini s\u00f6zs\u00fcz ver\u0259c\u0259k. \u018fks halda, y\u0259ni birinci m\u0259qama qeyri-tayfa n\u00fcmay\u0259nd\u0259si g\u0259l\u0259rs\u0259, \u0259lvida, ey s\u0131nanm\u0131\u015f v\u0259 k\u0259s\u0259rli silah!\n<\/p>\n<p>\n  Bu silah olmazsa, i\u015f\u0259 d\u00fc\u015f\u0259 bil\u0259r ba\u015fqa silahlar, y\u0259ni m\u00fcasir z\u0259man\u0259y\u0259 uy\u011fun siyasi texnologiyalar, insanlar\u0131n bacar\u0131q v\u0259 qabiliyy\u0259ti, savad v\u0259 m\u0259d\u0259niyy\u0259t&#8230;\n<\/p>\n<p>\n  Buna he\u00e7 c\u00fcr yol verm\u0259k olmaz!\n<\/p>\n<p>\n  Odur ki, yaln\u0131z tayfa n\u00fcmay\u0259nd\u0259si! Yax\u015f\u0131 olard\u0131 ki, el\u0259 c\u0259nab \u0130lham \u018fliyev zati-alil\u0259ri v\u0259 c\u0259nablar\u0131 qals\u0131n v\u0259 biz\u0259 imkan versin ki, \u0259vv\u0259lki minvalla zind\u0259ganl\u0131q ed\u0259k.\n<\/p>\n<p>\n  G\u00f6r\u00fcn\u00fcr, s\u0259r\u0259ncam t\u0259dbiri \u0259vv\u0259lc\u0259d\u0259n haz\u0131rlan\u0131rm\u0131\u015f. Yoxsa n\u0259 oldu ki, m\u00fcxalif\u0259tin n\u0259h\u0259ng imkanlara malik iki samball\u0131 v\u0259 ciddi siyasi lideri \u00f6zl\u0259rinin prezidentliy\u0259 namiz\u0259dlikl\u0259rini lapdan ir\u0259li s\u00fcrd\u00fcl\u0259r? Ham\u0131 bilir ki, son ill\u0259r \u0130sa Q\u0259mb\u0259r d\u0259, Mirmahmud F\u0259ttayev d\u0259 \u201c\u015e\u0259bbeyk, l\u0259bbeyk, abd\u0259k beyn\u0259 y\u0259deyk\u201d \u00e7a\u011f\u0131r\u0131\u015f\u0131 il\u0259 h\u0259r\u0259k\u0259t ed\u0259n v\u00fccudlard\u0131r. Onlar\u0131n se\u00e7kid\u0259 sona q\u0259d\u0259r ged\u0259c\u0259kl\u0259ri \u015f\u00fcbh\u0259sizdir.\n<\/p>\n<p>\n  V\u0259ziyy\u0259td\u0259n bix\u0259b\u0259r adam soru\u015fa bil\u0259r ki, \u201cb\u0259s xalq n\u0259 d\u00fc\u015f\u00fcn\u00fcr\u201d.\n<\/p>\n<p>\n  Siz\u0259 bir q\u0259ziyy\u0259ni n\u0259ql edim, v\u0259ziyy\u0259td\u0259n hali olun.\n<\/p>\n<p>\n  Kiyev prospekti il\u0259 Patris Lumumba k\u00fc\u00e7\u0259sinin k\u0259si\u015fdiy yerd\u0259 bir i\u015f\u0131qfor i\u015fl\u0259yir. Onun yan\u0131nda bir cavan s\u0259h\u0259rd\u0259n ax\u015fama kimi dayan\u0131b ma\u015f\u0131nlar\u0131n h\u0259r\u0259k\u0259tini t\u0259nziml\u0259yir.\n<\/p>\n<p>\n  Yan\u0131ndan ke\u00e7ir\u0259m. G\u00fcl\u00fcms\u0259yib q\u0131rm\u0131z\u0131 i\u015f\u0131\u011f\u0131n \u00f6n\u00fcnd\u0259 dayanan avtomobili g\u00f6st\u0259rib soru\u015fur:\n<\/p>\n<p>\n  -Bunu burax\u0131m getsin?\n<\/p>\n<p>\n  He\u00e7 n\u0259 dem\u0259yib \u00f6t\u00fcr\u0259m.\n<\/p>\n<p>\n  Zavall\u0131 cavan el\u0259 bilir ki, i\u015f\u0131qforu idar\u0259 ed\u0259n odur. \u0130\u015f\u0131qfor avtomatik rejimd\u0259 yan\u0131r, s\u00f6n\u00fcr, s\u00fcr\u00fcc\u00fcl\u0259r ma\u015f\u0131nlar\u0131 i\u015f\u0131qforun s\u0259r\u0259ncam\u0131na uy\u011fun s\u00fcr\u00fcb \u00f6z i\u015fl\u0259rinin dal\u0131yca gedirl\u0259r. Zavall\u0131 x\u0259st\u0259 cavan el\u0259 bilir ki, h\u0259r\u0259k\u0259ti t\u0259nziml\u0259y\u0259n \u00f6z\u00fcd\u00fcr.\n<\/p>\n<p>\n  Bu x\u0259st\u0259y\u0259 baxan var, hans\u0131sa b\u0259db\u0259xt ail\u0259nin u\u015fa\u011f\u0131d\u0131r, \u00e7\u00fcnki nahar vaxt\u0131 hara is\u0259 itir, bir saatdan sonra peyda olub \u015fad-x\u00fcrr\u0259m yen\u0259 k\u00fc\u00e7\u0259 h\u0259r\u0259k\u0259tini \u201ct\u0259nziml\u0259yir\u201d.\n<\/p>\n<p>\n  Bizim xalq\u0131n Konstitusiyam\u0131z\u0131n birinci b\u0259ndinin mahiyy\u0259tin\u0259 m\u00fcnasib\u0259ti bu zavall\u0131 g\u0259ncin i\u015f\u0131qforun i\u015fin\u0259 n\u0259zar\u0259t s\u0259viyy\u0259sind\u0259n f\u0259rql\u0259nmir.\n<\/p>\n<p>\n  <i><br \/>\n    <b><br \/>\n      Yaz\u0131 m\u00fc\u0259llifin fikirl\u0259rini \u0259ks etdirir v\u0259 Meydan TV-nin m\u00f6vqeyi il\u0259 \u00fcst-\u00fcst\u0259 d\u00fc\u015fm\u0259y\u0259 bil\u0259r.<br \/>\n    <\/b><br \/>\n  <\/i><\/p>\n","protected":false},"excerpt":{"rendered":"<p>\u0130lham \u018fliyev s\u0259r\u0259ncam imzalay\u0131b prezident se\u00e7kisini noyabrdan aprel\u0259 ke\u00e7irdi<\/p>\n","protected":false},"author":11,"featured_media":99124,"comment_status":"closed","ping_status":"open","sticky":false,"template":"","format":"standard","meta":{"_acf_changed":false,"_sitemap_exclude":false,"_sitemap_priority":"","_sitemap_frequency":"","footnotes":""},"categories":[57],"tags":[],"class_list":["post-188539","post","type-post","status-publish","format-standard","has-post-thumbnail","hentry","category-menim-fikrimce","infinite-scroll-item","generate-columns","tablet-grid-50","mobile-grid-100","grid-parent","grid-33","no-featured-image-padding"],"acf":[],"yoast_head":"<!-- This site is optimized with the Yoast SEO plugin v27.5 - https:\/\/yoast.com\/product\/yoast-seo-wordpress\/ -->\n<title>S\u0259r\u0259ncam - MEYDAN.TV<\/title>\n<meta name=\"robots\" content=\"index, follow, max-snippet:-1, max-image-preview:large, max-video-preview:-1\" \/>\n<link rel=\"canonical\" href=\"https:\/\/www.meydan.tv\/az\/article\/serencam\/\" \/>\n<meta property=\"og:locale\" content=\"az_AZ\" \/>\n<meta property=\"og:type\" content=\"article\" \/>\n<meta property=\"og:title\" content=\"S\u0259r\u0259ncam - MEYDAN.TV\" \/>\n<meta property=\"og:description\" content=\"\u0130lham \u018fliyev s\u0259r\u0259ncam imzalay\u0131b prezident se\u00e7kisini noyabrdan aprel\u0259 ke\u00e7irdi\" \/>\n<meta property=\"og:url\" content=\"https:\/\/www.meydan.tv\/az\/article\/serencam\/\" \/>\n<meta property=\"og:site_name\" content=\"MEYDAN.TV\" \/>\n<meta property=\"article:published_time\" content=\"2018-02-06T18:27:41+00:00\" \/>\n<meta property=\"og:image\" content=\"https:\/\/www.meydan.tv\/wp-content\/uploads\/39209.jpg\" \/>\n\t<meta property=\"og:image:width\" content=\"900\" \/>\n\t<meta property=\"og:image:height\" content=\"600\" \/>\n\t<meta property=\"og:image:type\" content=\"image\/jpeg\" \/>\n<meta name=\"author\" content=\"user-manager\" \/>\n<meta name=\"twitter:card\" content=\"summary_large_image\" \/>\n<script type=\"application\/ld+json\" class=\"yoast-schema-graph\">{\"@context\":\"https:\\\/\\\/schema.org\",\"@graph\":[{\"@type\":\"Article\",\"@id\":\"https:\\\/\\\/www.meydan.tv\\\/az\\\/article\\\/serencam\\\/#article\",\"isPartOf\":{\"@id\":\"https:\\\/\\\/www.meydan.tv\\\/az\\\/article\\\/serencam\\\/\"},\"author\":{\"name\":\"user-manager\",\"@id\":\"https:\\\/\\\/www.meydan.tv\\\/az\\\/#\\\/schema\\\/person\\\/10d11eccf6da3662cf5fdab9806ea91a\"},\"headline\":\"S\u0259r\u0259ncam\",\"datePublished\":\"2018-02-06T18:27:41+00:00\",\"mainEntityOfPage\":{\"@id\":\"https:\\\/\\\/www.meydan.tv\\\/az\\\/article\\\/serencam\\\/\"},\"wordCount\":1429,\"publisher\":{\"@id\":\"https:\\\/\\\/www.meydan.tv\\\/az\\\/#organization\"},\"image\":{\"@id\":\"https:\\\/\\\/www.meydan.tv\\\/az\\\/article\\\/serencam\\\/#primaryimage\"},\"thumbnailUrl\":\"https:\\\/\\\/www.meydan.tv\\\/wp-content\\\/uploads\\\/39209.jpg\",\"articleSection\":[\"M\u0259nim Fikrimc\u0259\"],\"inLanguage\":\"az\"},{\"@type\":\"WebPage\",\"@id\":\"https:\\\/\\\/www.meydan.tv\\\/az\\\/article\\\/serencam\\\/\",\"url\":\"https:\\\/\\\/www.meydan.tv\\\/az\\\/article\\\/serencam\\\/\",\"name\":\"S\u0259r\u0259ncam - MEYDAN.TV\",\"isPartOf\":{\"@id\":\"https:\\\/\\\/www.meydan.tv\\\/az\\\/#website\"},\"primaryImageOfPage\":{\"@id\":\"https:\\\/\\\/www.meydan.tv\\\/az\\\/article\\\/serencam\\\/#primaryimage\"},\"image\":{\"@id\":\"https:\\\/\\\/www.meydan.tv\\\/az\\\/article\\\/serencam\\\/#primaryimage\"},\"thumbnailUrl\":\"https:\\\/\\\/www.meydan.tv\\\/wp-content\\\/uploads\\\/39209.jpg\",\"datePublished\":\"2018-02-06T18:27:41+00:00\",\"breadcrumb\":{\"@id\":\"https:\\\/\\\/www.meydan.tv\\\/az\\\/article\\\/serencam\\\/#breadcrumb\"},\"inLanguage\":\"az\",\"potentialAction\":[{\"@type\":\"ReadAction\",\"target\":[\"https:\\\/\\\/www.meydan.tv\\\/az\\\/article\\\/serencam\\\/\"]}]},{\"@type\":\"ImageObject\",\"inLanguage\":\"az\",\"@id\":\"https:\\\/\\\/www.meydan.tv\\\/az\\\/article\\\/serencam\\\/#primaryimage\",\"url\":\"https:\\\/\\\/www.meydan.tv\\\/wp-content\\\/uploads\\\/39209.jpg\",\"contentUrl\":\"https:\\\/\\\/www.meydan.tv\\\/wp-content\\\/uploads\\\/39209.jpg\",\"width\":900,\"height\":600,\"caption\":\"Source:\"},{\"@type\":\"BreadcrumbList\",\"@id\":\"https:\\\/\\\/www.meydan.tv\\\/az\\\/article\\\/serencam\\\/#breadcrumb\",\"itemListElement\":[{\"@type\":\"ListItem\",\"position\":1,\"name\":\"Ana s\u0259hif\u0259\",\"item\":\"https:\\\/\\\/www.meydan.tv\\\/az\\\/\"},{\"@type\":\"ListItem\",\"position\":2,\"name\":\"M\u0259nim Fikrimc\u0259\",\"item\":\"https:\\\/\\\/www.meydan.tv\\\/az\\\/section\\\/menim-fikrimce\\\/\"},{\"@type\":\"ListItem\",\"position\":3,\"name\":\"S\u0259r\u0259ncam\"}]},{\"@type\":\"WebSite\",\"@id\":\"https:\\\/\\\/www.meydan.tv\\\/az\\\/#website\",\"url\":\"https:\\\/\\\/www.meydan.tv\\\/az\\\/\",\"name\":\"MEYDAN.TV\",\"description\":\"Meydan TV Az\u0259rbaycan\u0131n media m\u0259kan\u0131ndak\u0131 alternativ s\u0259sidir\",\"publisher\":{\"@id\":\"https:\\\/\\\/www.meydan.tv\\\/az\\\/#organization\"},\"potentialAction\":[{\"@type\":\"SearchAction\",\"target\":{\"@type\":\"EntryPoint\",\"urlTemplate\":\"https:\\\/\\\/www.meydan.tv\\\/az\\\/?s={search_term_string}\"},\"query-input\":{\"@type\":\"PropertyValueSpecification\",\"valueRequired\":true,\"valueName\":\"search_term_string\"}}],\"inLanguage\":\"az\"},{\"@type\":\"Organization\",\"@id\":\"https:\\\/\\\/www.meydan.tv\\\/az\\\/#organization\",\"name\":\"Meydan TV\",\"url\":\"https:\\\/\\\/www.meydan.tv\\\/az\\\/\",\"logo\":{\"@type\":\"ImageObject\",\"inLanguage\":\"az\",\"@id\":\"https:\\\/\\\/www.meydan.tv\\\/az\\\/#\\\/schema\\\/logo\\\/image\\\/\",\"url\":\"https:\\\/\\\/www.meydan.tv\\\/wp-content\\\/uploads\\\/2021\\\/07\\\/meydan-logo.svg\",\"contentUrl\":\"https:\\\/\\\/www.meydan.tv\\\/wp-content\\\/uploads\\\/2021\\\/07\\\/meydan-logo.svg\",\"width\":195,\"height\":46,\"caption\":\"Meydan TV\"},\"image\":{\"@id\":\"https:\\\/\\\/www.meydan.tv\\\/az\\\/#\\\/schema\\\/logo\\\/image\\\/\"}},{\"@type\":\"Person\",\"@id\":\"https:\\\/\\\/www.meydan.tv\\\/az\\\/#\\\/schema\\\/person\\\/10d11eccf6da3662cf5fdab9806ea91a\",\"name\":\"user-manager\"}]}<\/script>\n<!-- \/ Yoast SEO plugin. -->","yoast_head_json":{"title":"S\u0259r\u0259ncam - MEYDAN.TV","robots":{"index":"index","follow":"follow","max-snippet":"max-snippet:-1","max-image-preview":"max-image-preview:large","max-video-preview":"max-video-preview:-1"},"canonical":"https:\/\/www.meydan.tv\/az\/article\/serencam\/","og_locale":"az_AZ","og_type":"article","og_title":"S\u0259r\u0259ncam - MEYDAN.TV","og_description":"\u0130lham \u018fliyev s\u0259r\u0259ncam imzalay\u0131b prezident se\u00e7kisini noyabrdan aprel\u0259 ke\u00e7irdi","og_url":"https:\/\/www.meydan.tv\/az\/article\/serencam\/","og_site_name":"MEYDAN.TV","article_published_time":"2018-02-06T18:27:41+00:00","og_image":[{"width":900,"height":600,"url":"https:\/\/www.meydan.tv\/wp-content\/uploads\/39209.jpg","type":"image\/jpeg"}],"author":"user-manager","twitter_card":"summary_large_image","schema":{"@context":"https:\/\/schema.org","@graph":[{"@type":"Article","@id":"https:\/\/www.meydan.tv\/az\/article\/serencam\/#article","isPartOf":{"@id":"https:\/\/www.meydan.tv\/az\/article\/serencam\/"},"author":{"name":"user-manager","@id":"https:\/\/www.meydan.tv\/az\/#\/schema\/person\/10d11eccf6da3662cf5fdab9806ea91a"},"headline":"S\u0259r\u0259ncam","datePublished":"2018-02-06T18:27:41+00:00","mainEntityOfPage":{"@id":"https:\/\/www.meydan.tv\/az\/article\/serencam\/"},"wordCount":1429,"publisher":{"@id":"https:\/\/www.meydan.tv\/az\/#organization"},"image":{"@id":"https:\/\/www.meydan.tv\/az\/article\/serencam\/#primaryimage"},"thumbnailUrl":"https:\/\/www.meydan.tv\/wp-content\/uploads\/39209.jpg","articleSection":["M\u0259nim Fikrimc\u0259"],"inLanguage":"az"},{"@type":"WebPage","@id":"https:\/\/www.meydan.tv\/az\/article\/serencam\/","url":"https:\/\/www.meydan.tv\/az\/article\/serencam\/","name":"S\u0259r\u0259ncam - MEYDAN.TV","isPartOf":{"@id":"https:\/\/www.meydan.tv\/az\/#website"},"primaryImageOfPage":{"@id":"https:\/\/www.meydan.tv\/az\/article\/serencam\/#primaryimage"},"image":{"@id":"https:\/\/www.meydan.tv\/az\/article\/serencam\/#primaryimage"},"thumbnailUrl":"https:\/\/www.meydan.tv\/wp-content\/uploads\/39209.jpg","datePublished":"2018-02-06T18:27:41+00:00","breadcrumb":{"@id":"https:\/\/www.meydan.tv\/az\/article\/serencam\/#breadcrumb"},"inLanguage":"az","potentialAction":[{"@type":"ReadAction","target":["https:\/\/www.meydan.tv\/az\/article\/serencam\/"]}]},{"@type":"ImageObject","inLanguage":"az","@id":"https:\/\/www.meydan.tv\/az\/article\/serencam\/#primaryimage","url":"https:\/\/www.meydan.tv\/wp-content\/uploads\/39209.jpg","contentUrl":"https:\/\/www.meydan.tv\/wp-content\/uploads\/39209.jpg","width":900,"height":600,"caption":"Source:"},{"@type":"BreadcrumbList","@id":"https:\/\/www.meydan.tv\/az\/article\/serencam\/#breadcrumb","itemListElement":[{"@type":"ListItem","position":1,"name":"Ana s\u0259hif\u0259","item":"https:\/\/www.meydan.tv\/az\/"},{"@type":"ListItem","position":2,"name":"M\u0259nim Fikrimc\u0259","item":"https:\/\/www.meydan.tv\/az\/section\/menim-fikrimce\/"},{"@type":"ListItem","position":3,"name":"S\u0259r\u0259ncam"}]},{"@type":"WebSite","@id":"https:\/\/www.meydan.tv\/az\/#website","url":"https:\/\/www.meydan.tv\/az\/","name":"MEYDAN.TV","description":"Meydan TV Az\u0259rbaycan\u0131n media m\u0259kan\u0131ndak\u0131 alternativ s\u0259sidir","publisher":{"@id":"https:\/\/www.meydan.tv\/az\/#organization"},"potentialAction":[{"@type":"SearchAction","target":{"@type":"EntryPoint","urlTemplate":"https:\/\/www.meydan.tv\/az\/?s={search_term_string}"},"query-input":{"@type":"PropertyValueSpecification","valueRequired":true,"valueName":"search_term_string"}}],"inLanguage":"az"},{"@type":"Organization","@id":"https:\/\/www.meydan.tv\/az\/#organization","name":"Meydan TV","url":"https:\/\/www.meydan.tv\/az\/","logo":{"@type":"ImageObject","inLanguage":"az","@id":"https:\/\/www.meydan.tv\/az\/#\/schema\/logo\/image\/","url":"https:\/\/www.meydan.tv\/wp-content\/uploads\/2021\/07\/meydan-logo.svg","contentUrl":"https:\/\/www.meydan.tv\/wp-content\/uploads\/2021\/07\/meydan-logo.svg","width":195,"height":46,"caption":"Meydan TV"},"image":{"@id":"https:\/\/www.meydan.tv\/az\/#\/schema\/logo\/image\/"}},{"@type":"Person","@id":"https:\/\/www.meydan.tv\/az\/#\/schema\/person\/10d11eccf6da3662cf5fdab9806ea91a","name":"user-manager"}]}},"_links":{"self":[{"href":"https:\/\/www.meydan.tv\/az\/wp-json\/wp\/v2\/posts\/188539","targetHints":{"allow":["GET"]}}],"collection":[{"href":"https:\/\/www.meydan.tv\/az\/wp-json\/wp\/v2\/posts"}],"about":[{"href":"https:\/\/www.meydan.tv\/az\/wp-json\/wp\/v2\/types\/post"}],"author":[{"embeddable":true,"href":"https:\/\/www.meydan.tv\/az\/wp-json\/wp\/v2\/users\/11"}],"replies":[{"embeddable":true,"href":"https:\/\/www.meydan.tv\/az\/wp-json\/wp\/v2\/comments?post=188539"}],"version-history":[{"count":0,"href":"https:\/\/www.meydan.tv\/az\/wp-json\/wp\/v2\/posts\/188539\/revisions"}],"wp:featuredmedia":[{"embeddable":true,"href":"https:\/\/www.meydan.tv\/az\/wp-json\/wp\/v2\/media\/99124"}],"wp:attachment":[{"href":"https:\/\/www.meydan.tv\/az\/wp-json\/wp\/v2\/media?parent=188539"}],"wp:term":[{"taxonomy":"category","embeddable":true,"href":"https:\/\/www.meydan.tv\/az\/wp-json\/wp\/v2\/categories?post=188539"},{"taxonomy":"post_tag","embeddable":true,"href":"https:\/\/www.meydan.tv\/az\/wp-json\/wp\/v2\/tags?post=188539"}],"curies":[{"name":"wp","href":"https:\/\/api.w.org\/{rel}","templated":true}]}}