{"id":188536,"date":"2018-02-06T17:29:49","date_gmt":"2018-02-06T17:29:49","guid":{"rendered":"https:\/\/www.meydan.tv\/article\/tahir-kerimlinin-intihar-dersleri\/"},"modified":"2018-02-06T17:29:49","modified_gmt":"2018-02-06T17:29:49","slug":"tahir-kerimlinin-intihar-dersleri","status":"publish","type":"post","link":"https:\/\/www.meydan.tv\/az\/article\/tahir-kerimlinin-intihar-dersleri\/","title":{"rendered":"Tahir K\u0259rimlinin intihar d\u0259rsl\u0259ri"},"content":{"rendered":"<figure class=\"wp-block-image size-large\">\n  <img decoding=\"async\" src=\"https:\/\/www.meydan.tv\/az\/99106\/\" alt=\"\" class=\"wp-image-99106\"\/><figcaption><\/figcaption><\/figure>\n<p>\n  Kor-t\u0259bii tabe\u00e7ilik, q\u0259rars\u0131zl\u0131q, yuxar\u0131n\u0131n xofu v\u0259 sair\u0259 hallar m\u00fcst\u0259qil Az\u0259rbaycan m\u0259murunun birm\u0259nal\u0131 f\u0259aliyy\u0259t t\u0259rzidir. \u0130st\u0259nil\u0259n h\u00f6kum\u0259t r\u0259smisi \u00f6z \u201cyuxar\u0131\u201ds\u0131n\u0131n dilsiz-a\u011f\u0131zs\u0131z a\u015fa\u011f\u0131s\u0131d\u0131r. Ortada da\u015fdan ke\u00e7\u0259n \u201cm\u0259n buyruq quluyam\u201d meyar\u0131 var, bir f\u0259rql\u0259 ki, iyirmi birinci \u0259srin qalstuklu qullar\u0131 internet istifad\u0259\u00e7il\u0259ridir. D\u00fcnyada ged\u0259n elmi-texniki, ictimai-siyasi hadis\u0259l\u0259rd\u0259n x\u0259b\u0259rdar \u201cm\u00fct\u0259\u015f\u0259kkil\u201d d\u0259st\u0259dir.\n<\/p>\n<p>\n  Onlara bo\u015f verib h\u0259yat\u0131m\u0131za davam ed\u0259 bilm\u0259rik. \u00c7\u00fcnki h\u0259yat\u0131m\u0131zla ba\u011fl\u0131 \u0259n m\u00fch\u00fcm q\u0259rarlar\u0131 onlar verib, onlar icra edirl\u0259r. Yoxsullu\u011fun, bahal\u0131\u011f\u0131n, i\u015fsizliyin t\u00fc\u011fyan etdiyi sosial durum \u0259n adi h\u00fcquqlar\u0131m\u0131zdan m\u0259hrumiyy\u0259t h\u00f6km\u00fcm\u00fczd\u00fcr. M\u0259ntiqi son fiziki d\u00f6z\u00fcmd\u0259n, \u00e7\u0259rl\u0259m\u0259yin s\u00fcr\u0259tind\u0259n as\u0131l\u0131d\u0131r. Az qala k\u00fctl\u0259vi hal alma\u011fa ba\u015flayan intihar yolu da istisna deyil. H\u0259r g\u00fcn \u00e7al\u0131nan h\u0259y\u0259can t\u0259bilidir.\n<\/p>\n<p>\n  \u00d6t\u0259n h\u0259ft\u0259 m\u00f6vcud Milli M\u0259clisin antik s\u00f6z\u00e7\u00fcl\u0259rind\u0259n biri Tahir K\u0259rimli milli intiharla ba\u011fl\u0131 b\u0259zi orijinal t\u0259klifl\u0259r ir\u0259li s\u00fcr\u00fcb: \u201cSosial problem \u0259sas g\u00f6t\u00fcr\u00fcl\u00fcbs\u0259 d\u00fc\u015f\u00fcnm\u0259k laz\u0131md\u0131r ki, bu probleml\u0259r h\u0259ll oluna bil\u0259r. Hans\u0131sa t\u0259dbir g\u00f6rm\u0259k, problemi h\u0259ll etm\u0259k \u0259v\u0259zin\u0259 intihara \u0259l at\u0131rlar\u201d.\n<\/p>\n<p>\n  El\u0259 bil m\u0259rhum xeyli elmi ara\u015fd\u0131rmadan sonra sosial problemi \u0259sas g\u00f6t\u00fcr\u00fcr\u0259r\u0259k k\u0259ndiri bo\u011faz\u0131na ke\u00e7irib. Amma intihara \u0259l atmazdan \u0259vv\u0259l hans\u0131sa t\u0259dbir g\u00f6rs\u0259ydi, problemin h\u0259ll olunma ehtimallar\u0131n\u0131 n\u0259z\u0259r\u0259 alsayd\u0131, h\u0259r \u015fey n\u0259 q\u0259d\u0259r rahat v\u0259 asan olard\u0131! Amma, bu, nec\u0259, n\u0259yin, kimin hesab\u0131na olacaqd\u0131 Tahir K\u0259rimli? \u018fld\u0259 yox, ovucda yox. \u015eans\u0131 \u00fcz\u00fcn\u0259 g\u00fcl\u00fcb oralara d\u00fc\u015f\u0259 bils\u0259 bel\u0259, h\u00f6kum\u0259tin aidiyy\u0259tli orqanlar\u0131nda v\u0259t\u0259nda\u015f\u0131n problemi h\u0259ll edil\u0259rdimi? Onun param-par\u00e7a edilmi\u015f haqlar\u0131 b\u0259rpa olunard\u0131m\u0131? \u00c7aba g\u00f6st\u0259rm\u0259yibmi, \u0259ll\u0259\u015fib-vuru\u015fmay\u0131bm\u0131 deyirsiz? Adam o yollar\u0131 s\u0131namay\u0131bm\u0131 deyirsiz? B\u00fct\u00fcn sevgil\u0259r\u0259, d\u0259y\u0259rl\u0259r\u0259 el\u0259c\u0259 t\u0259nb\u0259llikd\u0259n t\u00fcp\u00fcr\u00fcb gedibmi deyirsiz?\n<\/p>\n<p>\n  \u201c\u0130ntihara t\u0259hrik etm\u0259 hallar\u0131 qanunla cinay\u0259t m\u0259suliyy\u0259ti hesab olunur. \u0130ntihar h\u0259ddin\u0259 \u00e7atd\u0131rma hallar\u0131na t\u0259\u0259ss\u00fcf ki, \u00e7ox tez-tez rast g\u0259lirik. Bu kimi faktlar olduqda h\u00fcquq-m\u00fchafiz\u0259 orqanlar\u0131 ciddi ara\u015fd\u0131r\u0131b, t\u0259dbir g\u00f6rm\u0259lidir ki, g\u00f6rk olsun v\u0259 he\u00e7 kimi intihara c\u0259hd\u0259 t\u0259hrik etm\u0259sinl\u0259r\u201d.\n<\/p>\n<p>\n  Ke\u00e7mi\u015f hakim olaraq normal yana\u015fmad\u0131r. Amma siz ciddisinizmi Tahir K\u0259rimli? Bu \u00f6lk\u0259d\u0259 hans\u0131 h\u00fcquq- m\u00fchafiz\u0259 orqan\u0131 dirini qoyub, \u00f6l\u00fcy\u0259 hay ver\u0259r? \u00dcst\u0259lik qeyd etdiyiniz kimi \u201cintihar d\u00fczg\u00fcn hal kimi q\u0259bul olunmur\u201d. \u0130ntihara t\u0259hrik ed\u0259n is\u0259 h\u0259mi\u015f\u0259 d\u00fczg\u00fcn yoldad\u0131r. \u00c7\u00fcnki \u00f6l\u00fcd\u0259n \u015fahid \u00e7\u0131xmaz. \u00d6l\u00fc sahibind\u0259n is\u0259 \u015fikay\u0259t\u00e7i he\u00e7 \u00e7\u0131xmaz.\n<\/p>\n<p>\n  B\u00fct\u00fcn bel\u0259 hallar \u00fc\u00e7\u00fcn \u00e7ox pozitiv mentalitetimiz var: \u201cN\u0259 ets\u0259n d\u0259, ged\u0259n qay\u0131tmayacaq, he\u00e7 olmasa qalanlara bir fayda toxunsun\u201d. \u015e\u00fcbh\u0259siz, intihara t\u0259hrik ed\u0259n v\u0259zif\u0259, imkan sahibidirs\u0259, g\u00fcnah min faiz \u00f6l\u0259nd\u0259dir. Yaln\u0131z kas\u0131b-kusuba \u201cintihara c\u0259hd\u0259 t\u0259hrik etm\u0259\u201d ittiham\u0131 oxuna bil\u0259r, onda da qohum-\u0259qraba y\u0131\u011f\u0131\u015f\u0131b m\u0259c\u0259ll\u0259d\u0259 d\u0259yi\u015fiklik edirl\u0259r.\n<\/p>\n<p>\n  B\u00fct\u00fcn bel\u0259 hallarda ortaya b\u0259rayi-ehtiyat \u00f6l\u0259nin \u201cruhi x\u0259st\u0259\u201d v\u0259 yaxud i\u00e7kiy\u0259 alud\u0259liyi bar\u0259d\u0259 aray\u0131\u015f \u00e7\u0131x\u0131r. V\u0259 n\u0259 t\u0259sad\u00fcf ki, bu yerd\u0259 g\u00f6rk ke\u00e7\u0259rli olmur.\n<\/p>\n<p>\n  M\u00fcsahib\u0259d\u0259 intihar ed\u0259nl\u0259rin d\u0259fni il\u0259, daha do\u011frusu d\u0259fnsizliyi il\u0259 ba\u011fl\u0131 vurulan yersiz, baya\u011f\u0131 i\u015far\u0259l\u0259ri dart\u0131\u015fma\u011fa d\u0259ym\u0259z. Qald\u0131 ki \u0259ks\u0259r intiharlar\u0131n formal parlamentd\u0259 q\u0259bul edil\u0259n \u201ciflic qanunlar\u201da, oliqarx \u00fcsul-idar\u0259sind\u0259n, ba\u015f al\u0131b ged\u0259n m\u0259mur \u00f6zba\u015f\u0131nal\u0131\u011f\u0131ndan qaynaqland\u0131\u011f\u0131n\u0131 gizl\u0259tm\u0259k m\u00fcmk\u00fcn deyil. Kreditl\u0259 do\u011fulan u\u015faqlar kreditl\u0259 evl\u0259nib, x\u0259st\u0259l\u0259rini kreditl\u0259 \u0259m\u0259liyyat etdirib, \u00f6l\u0259nl\u0259rini kreditl\u0259 yerd\u0259n g\u00f6t\u00fcr\u00fcrl\u0259r. H\u0259r\u00e7\u0259nd bu \u015f\u0259rtl\u0259r alt\u0131nda bel\u0259 intihar yolverilm\u0259zdir.\n<\/p>\n<p>\n  Eyni \u00f6lk\u0259d\u0259 ya\u015fasaq da, mill\u0259t v\u0259kili Tahir K\u0259rimlinin mill\u0259tin hal\u0131ndan x\u0259b\u0259rdar oldu\u011funa inanm\u0131r\u0131q. Yoxsa allah qorusun, yen\u0259 intihara c\u0259hd ed\u0259rdi&#8230;\n<\/p>\n<p>\n  <i><br \/>\n    <b><br \/>\n      Yaz\u0131 m\u00fc\u0259llifin fikirl\u0259rini \u0259ks etdirir v\u0259 Meydan TV-nin m\u00f6vqeyi il\u0259 \u00fcst-\u00fcst\u0259 d\u00fc\u015fm\u0259y\u0259 bil\u0259r.<br \/>\n    <\/b><br \/>\n  <\/i>\n<\/p><\/p>\n","protected":false},"excerpt":{"rendered":"<p>Kor-t\u0259bii tabe\u00e7ilik, q\u0259rars\u0131zl\u0131q, yuxar\u0131n\u0131n xofu v\u0259 sair\u0259 hallar m\u00fcst\u0259qil Az\u0259rbaycan m\u0259murunun birm\u0259nal\u0131 f\u0259aliyy\u0259t t\u0259rzidir<\/p>\n","protected":false},"author":11,"featured_media":99106,"comment_status":"closed","ping_status":"open","sticky":false,"template":"","format":"standard","meta":{"_acf_changed":false,"_sitemap_exclude":false,"_sitemap_priority":"","_sitemap_frequency":"","footnotes":""},"categories":[57],"tags":[],"class_list":["post-188536","post","type-post","status-publish","format-standard","has-post-thumbnail","hentry","category-menim-fikrimce","infinite-scroll-item","generate-columns","tablet-grid-50","mobile-grid-100","grid-parent","grid-33","no-featured-image-padding"],"acf":[],"yoast_head":"<!-- This site is optimized with the Yoast SEO plugin v27.5 - https:\/\/yoast.com\/product\/yoast-seo-wordpress\/ -->\n<title>Tahir K\u0259rimlinin intihar d\u0259rsl\u0259ri - MEYDAN.TV<\/title>\n<meta name=\"robots\" content=\"index, follow, max-snippet:-1, max-image-preview:large, max-video-preview:-1\" \/>\n<link rel=\"canonical\" href=\"https:\/\/www.meydan.tv\/az\/article\/tahir-kerimlinin-intihar-dersleri\/\" \/>\n<meta property=\"og:locale\" content=\"az_AZ\" \/>\n<meta property=\"og:type\" content=\"article\" \/>\n<meta property=\"og:title\" content=\"Tahir K\u0259rimlinin intihar d\u0259rsl\u0259ri - MEYDAN.TV\" \/>\n<meta property=\"og:description\" content=\"Kor-t\u0259bii tabe\u00e7ilik, q\u0259rars\u0131zl\u0131q, yuxar\u0131n\u0131n xofu v\u0259 sair\u0259 hallar m\u00fcst\u0259qil Az\u0259rbaycan m\u0259murunun birm\u0259nal\u0131 f\u0259aliyy\u0259t t\u0259rzidir\" \/>\n<meta property=\"og:url\" content=\"https:\/\/www.meydan.tv\/az\/article\/tahir-kerimlinin-intihar-dersleri\/\" \/>\n<meta property=\"og:site_name\" content=\"MEYDAN.TV\" \/>\n<meta property=\"article:published_time\" content=\"2018-02-06T17:29:49+00:00\" \/>\n<meta property=\"og:image\" content=\"https:\/\/www.meydan.tv\/wp-content\/uploads\/39196.jpg\" \/>\n\t<meta property=\"og:image:width\" content=\"970\" \/>\n\t<meta property=\"og:image:height\" content=\"420\" \/>\n\t<meta property=\"og:image:type\" content=\"image\/jpeg\" \/>\n<meta name=\"author\" content=\"user-manager\" \/>\n<meta name=\"twitter:card\" content=\"summary_large_image\" \/>\n<script type=\"application\/ld+json\" class=\"yoast-schema-graph\">{\"@context\":\"https:\\\/\\\/schema.org\",\"@graph\":[{\"@type\":\"Article\",\"@id\":\"https:\\\/\\\/www.meydan.tv\\\/az\\\/article\\\/tahir-kerimlinin-intihar-dersleri\\\/#article\",\"isPartOf\":{\"@id\":\"https:\\\/\\\/www.meydan.tv\\\/az\\\/article\\\/tahir-kerimlinin-intihar-dersleri\\\/\"},\"author\":{\"name\":\"user-manager\",\"@id\":\"https:\\\/\\\/www.meydan.tv\\\/az\\\/#\\\/schema\\\/person\\\/10d11eccf6da3662cf5fdab9806ea91a\"},\"headline\":\"Tahir K\u0259rimlinin intihar d\u0259rsl\u0259ri\",\"datePublished\":\"2018-02-06T17:29:49+00:00\",\"mainEntityOfPage\":{\"@id\":\"https:\\\/\\\/www.meydan.tv\\\/az\\\/article\\\/tahir-kerimlinin-intihar-dersleri\\\/\"},\"wordCount\":828,\"publisher\":{\"@id\":\"https:\\\/\\\/www.meydan.tv\\\/az\\\/#organization\"},\"image\":{\"@id\":\"https:\\\/\\\/www.meydan.tv\\\/az\\\/article\\\/tahir-kerimlinin-intihar-dersleri\\\/#primaryimage\"},\"thumbnailUrl\":\"https:\\\/\\\/www.meydan.tv\\\/wp-content\\\/uploads\\\/39196.jpg\",\"articleSection\":[\"M\u0259nim Fikrimc\u0259\"],\"inLanguage\":\"az\"},{\"@type\":\"WebPage\",\"@id\":\"https:\\\/\\\/www.meydan.tv\\\/az\\\/article\\\/tahir-kerimlinin-intihar-dersleri\\\/\",\"url\":\"https:\\\/\\\/www.meydan.tv\\\/az\\\/article\\\/tahir-kerimlinin-intihar-dersleri\\\/\",\"name\":\"Tahir K\u0259rimlinin intihar d\u0259rsl\u0259ri - MEYDAN.TV\",\"isPartOf\":{\"@id\":\"https:\\\/\\\/www.meydan.tv\\\/az\\\/#website\"},\"primaryImageOfPage\":{\"@id\":\"https:\\\/\\\/www.meydan.tv\\\/az\\\/article\\\/tahir-kerimlinin-intihar-dersleri\\\/#primaryimage\"},\"image\":{\"@id\":\"https:\\\/\\\/www.meydan.tv\\\/az\\\/article\\\/tahir-kerimlinin-intihar-dersleri\\\/#primaryimage\"},\"thumbnailUrl\":\"https:\\\/\\\/www.meydan.tv\\\/wp-content\\\/uploads\\\/39196.jpg\",\"datePublished\":\"2018-02-06T17:29:49+00:00\",\"breadcrumb\":{\"@id\":\"https:\\\/\\\/www.meydan.tv\\\/az\\\/article\\\/tahir-kerimlinin-intihar-dersleri\\\/#breadcrumb\"},\"inLanguage\":\"az\",\"potentialAction\":[{\"@type\":\"ReadAction\",\"target\":[\"https:\\\/\\\/www.meydan.tv\\\/az\\\/article\\\/tahir-kerimlinin-intihar-dersleri\\\/\"]}]},{\"@type\":\"ImageObject\",\"inLanguage\":\"az\",\"@id\":\"https:\\\/\\\/www.meydan.tv\\\/az\\\/article\\\/tahir-kerimlinin-intihar-dersleri\\\/#primaryimage\",\"url\":\"https:\\\/\\\/www.meydan.tv\\\/wp-content\\\/uploads\\\/39196.jpg\",\"contentUrl\":\"https:\\\/\\\/www.meydan.tv\\\/wp-content\\\/uploads\\\/39196.jpg\",\"width\":970,\"height\":420,\"caption\":\"Source:\"},{\"@type\":\"BreadcrumbList\",\"@id\":\"https:\\\/\\\/www.meydan.tv\\\/az\\\/article\\\/tahir-kerimlinin-intihar-dersleri\\\/#breadcrumb\",\"itemListElement\":[{\"@type\":\"ListItem\",\"position\":1,\"name\":\"Ana s\u0259hif\u0259\",\"item\":\"https:\\\/\\\/www.meydan.tv\\\/az\\\/\"},{\"@type\":\"ListItem\",\"position\":2,\"name\":\"M\u0259nim Fikrimc\u0259\",\"item\":\"https:\\\/\\\/www.meydan.tv\\\/az\\\/section\\\/menim-fikrimce\\\/\"},{\"@type\":\"ListItem\",\"position\":3,\"name\":\"Tahir K\u0259rimlinin intihar d\u0259rsl\u0259ri\"}]},{\"@type\":\"WebSite\",\"@id\":\"https:\\\/\\\/www.meydan.tv\\\/az\\\/#website\",\"url\":\"https:\\\/\\\/www.meydan.tv\\\/az\\\/\",\"name\":\"MEYDAN.TV\",\"description\":\"Meydan TV Az\u0259rbaycan\u0131n media m\u0259kan\u0131ndak\u0131 alternativ s\u0259sidir\",\"publisher\":{\"@id\":\"https:\\\/\\\/www.meydan.tv\\\/az\\\/#organization\"},\"potentialAction\":[{\"@type\":\"SearchAction\",\"target\":{\"@type\":\"EntryPoint\",\"urlTemplate\":\"https:\\\/\\\/www.meydan.tv\\\/az\\\/?s={search_term_string}\"},\"query-input\":{\"@type\":\"PropertyValueSpecification\",\"valueRequired\":true,\"valueName\":\"search_term_string\"}}],\"inLanguage\":\"az\"},{\"@type\":\"Organization\",\"@id\":\"https:\\\/\\\/www.meydan.tv\\\/az\\\/#organization\",\"name\":\"Meydan TV\",\"url\":\"https:\\\/\\\/www.meydan.tv\\\/az\\\/\",\"logo\":{\"@type\":\"ImageObject\",\"inLanguage\":\"az\",\"@id\":\"https:\\\/\\\/www.meydan.tv\\\/az\\\/#\\\/schema\\\/logo\\\/image\\\/\",\"url\":\"https:\\\/\\\/www.meydan.tv\\\/wp-content\\\/uploads\\\/2021\\\/07\\\/meydan-logo.svg\",\"contentUrl\":\"https:\\\/\\\/www.meydan.tv\\\/wp-content\\\/uploads\\\/2021\\\/07\\\/meydan-logo.svg\",\"width\":195,\"height\":46,\"caption\":\"Meydan TV\"},\"image\":{\"@id\":\"https:\\\/\\\/www.meydan.tv\\\/az\\\/#\\\/schema\\\/logo\\\/image\\\/\"}},{\"@type\":\"Person\",\"@id\":\"https:\\\/\\\/www.meydan.tv\\\/az\\\/#\\\/schema\\\/person\\\/10d11eccf6da3662cf5fdab9806ea91a\",\"name\":\"user-manager\"}]}<\/script>\n<!-- \/ Yoast SEO plugin. -->","yoast_head_json":{"title":"Tahir K\u0259rimlinin intihar d\u0259rsl\u0259ri - MEYDAN.TV","robots":{"index":"index","follow":"follow","max-snippet":"max-snippet:-1","max-image-preview":"max-image-preview:large","max-video-preview":"max-video-preview:-1"},"canonical":"https:\/\/www.meydan.tv\/az\/article\/tahir-kerimlinin-intihar-dersleri\/","og_locale":"az_AZ","og_type":"article","og_title":"Tahir K\u0259rimlinin intihar d\u0259rsl\u0259ri - MEYDAN.TV","og_description":"Kor-t\u0259bii tabe\u00e7ilik, q\u0259rars\u0131zl\u0131q, yuxar\u0131n\u0131n xofu v\u0259 sair\u0259 hallar m\u00fcst\u0259qil Az\u0259rbaycan m\u0259murunun birm\u0259nal\u0131 f\u0259aliyy\u0259t t\u0259rzidir","og_url":"https:\/\/www.meydan.tv\/az\/article\/tahir-kerimlinin-intihar-dersleri\/","og_site_name":"MEYDAN.TV","article_published_time":"2018-02-06T17:29:49+00:00","og_image":[{"width":970,"height":420,"url":"https:\/\/www.meydan.tv\/wp-content\/uploads\/39196.jpg","type":"image\/jpeg"}],"author":"user-manager","twitter_card":"summary_large_image","schema":{"@context":"https:\/\/schema.org","@graph":[{"@type":"Article","@id":"https:\/\/www.meydan.tv\/az\/article\/tahir-kerimlinin-intihar-dersleri\/#article","isPartOf":{"@id":"https:\/\/www.meydan.tv\/az\/article\/tahir-kerimlinin-intihar-dersleri\/"},"author":{"name":"user-manager","@id":"https:\/\/www.meydan.tv\/az\/#\/schema\/person\/10d11eccf6da3662cf5fdab9806ea91a"},"headline":"Tahir K\u0259rimlinin intihar d\u0259rsl\u0259ri","datePublished":"2018-02-06T17:29:49+00:00","mainEntityOfPage":{"@id":"https:\/\/www.meydan.tv\/az\/article\/tahir-kerimlinin-intihar-dersleri\/"},"wordCount":828,"publisher":{"@id":"https:\/\/www.meydan.tv\/az\/#organization"},"image":{"@id":"https:\/\/www.meydan.tv\/az\/article\/tahir-kerimlinin-intihar-dersleri\/#primaryimage"},"thumbnailUrl":"https:\/\/www.meydan.tv\/wp-content\/uploads\/39196.jpg","articleSection":["M\u0259nim Fikrimc\u0259"],"inLanguage":"az"},{"@type":"WebPage","@id":"https:\/\/www.meydan.tv\/az\/article\/tahir-kerimlinin-intihar-dersleri\/","url":"https:\/\/www.meydan.tv\/az\/article\/tahir-kerimlinin-intihar-dersleri\/","name":"Tahir K\u0259rimlinin intihar d\u0259rsl\u0259ri - MEYDAN.TV","isPartOf":{"@id":"https:\/\/www.meydan.tv\/az\/#website"},"primaryImageOfPage":{"@id":"https:\/\/www.meydan.tv\/az\/article\/tahir-kerimlinin-intihar-dersleri\/#primaryimage"},"image":{"@id":"https:\/\/www.meydan.tv\/az\/article\/tahir-kerimlinin-intihar-dersleri\/#primaryimage"},"thumbnailUrl":"https:\/\/www.meydan.tv\/wp-content\/uploads\/39196.jpg","datePublished":"2018-02-06T17:29:49+00:00","breadcrumb":{"@id":"https:\/\/www.meydan.tv\/az\/article\/tahir-kerimlinin-intihar-dersleri\/#breadcrumb"},"inLanguage":"az","potentialAction":[{"@type":"ReadAction","target":["https:\/\/www.meydan.tv\/az\/article\/tahir-kerimlinin-intihar-dersleri\/"]}]},{"@type":"ImageObject","inLanguage":"az","@id":"https:\/\/www.meydan.tv\/az\/article\/tahir-kerimlinin-intihar-dersleri\/#primaryimage","url":"https:\/\/www.meydan.tv\/wp-content\/uploads\/39196.jpg","contentUrl":"https:\/\/www.meydan.tv\/wp-content\/uploads\/39196.jpg","width":970,"height":420,"caption":"Source:"},{"@type":"BreadcrumbList","@id":"https:\/\/www.meydan.tv\/az\/article\/tahir-kerimlinin-intihar-dersleri\/#breadcrumb","itemListElement":[{"@type":"ListItem","position":1,"name":"Ana s\u0259hif\u0259","item":"https:\/\/www.meydan.tv\/az\/"},{"@type":"ListItem","position":2,"name":"M\u0259nim Fikrimc\u0259","item":"https:\/\/www.meydan.tv\/az\/section\/menim-fikrimce\/"},{"@type":"ListItem","position":3,"name":"Tahir K\u0259rimlinin intihar d\u0259rsl\u0259ri"}]},{"@type":"WebSite","@id":"https:\/\/www.meydan.tv\/az\/#website","url":"https:\/\/www.meydan.tv\/az\/","name":"MEYDAN.TV","description":"Meydan TV Az\u0259rbaycan\u0131n media m\u0259kan\u0131ndak\u0131 alternativ s\u0259sidir","publisher":{"@id":"https:\/\/www.meydan.tv\/az\/#organization"},"potentialAction":[{"@type":"SearchAction","target":{"@type":"EntryPoint","urlTemplate":"https:\/\/www.meydan.tv\/az\/?s={search_term_string}"},"query-input":{"@type":"PropertyValueSpecification","valueRequired":true,"valueName":"search_term_string"}}],"inLanguage":"az"},{"@type":"Organization","@id":"https:\/\/www.meydan.tv\/az\/#organization","name":"Meydan TV","url":"https:\/\/www.meydan.tv\/az\/","logo":{"@type":"ImageObject","inLanguage":"az","@id":"https:\/\/www.meydan.tv\/az\/#\/schema\/logo\/image\/","url":"https:\/\/www.meydan.tv\/wp-content\/uploads\/2021\/07\/meydan-logo.svg","contentUrl":"https:\/\/www.meydan.tv\/wp-content\/uploads\/2021\/07\/meydan-logo.svg","width":195,"height":46,"caption":"Meydan TV"},"image":{"@id":"https:\/\/www.meydan.tv\/az\/#\/schema\/logo\/image\/"}},{"@type":"Person","@id":"https:\/\/www.meydan.tv\/az\/#\/schema\/person\/10d11eccf6da3662cf5fdab9806ea91a","name":"user-manager"}]}},"_links":{"self":[{"href":"https:\/\/www.meydan.tv\/az\/wp-json\/wp\/v2\/posts\/188536","targetHints":{"allow":["GET"]}}],"collection":[{"href":"https:\/\/www.meydan.tv\/az\/wp-json\/wp\/v2\/posts"}],"about":[{"href":"https:\/\/www.meydan.tv\/az\/wp-json\/wp\/v2\/types\/post"}],"author":[{"embeddable":true,"href":"https:\/\/www.meydan.tv\/az\/wp-json\/wp\/v2\/users\/11"}],"replies":[{"embeddable":true,"href":"https:\/\/www.meydan.tv\/az\/wp-json\/wp\/v2\/comments?post=188536"}],"version-history":[{"count":0,"href":"https:\/\/www.meydan.tv\/az\/wp-json\/wp\/v2\/posts\/188536\/revisions"}],"wp:featuredmedia":[{"embeddable":true,"href":"https:\/\/www.meydan.tv\/az\/wp-json\/wp\/v2\/media\/99106"}],"wp:attachment":[{"href":"https:\/\/www.meydan.tv\/az\/wp-json\/wp\/v2\/media?parent=188536"}],"wp:term":[{"taxonomy":"category","embeddable":true,"href":"https:\/\/www.meydan.tv\/az\/wp-json\/wp\/v2\/categories?post=188536"},{"taxonomy":"post_tag","embeddable":true,"href":"https:\/\/www.meydan.tv\/az\/wp-json\/wp\/v2\/tags?post=188536"}],"curies":[{"name":"wp","href":"https:\/\/api.w.org\/{rel}","templated":true}]}}