{"id":188522,"date":"2018-02-05T23:53:06","date_gmt":"2018-02-05T23:53:06","guid":{"rendered":"https:\/\/www.meydan.tv\/article\/ilham-eliyev-ucun-elverisli-zaman-yaranib\/"},"modified":"2018-02-05T23:53:06","modified_gmt":"2018-02-05T23:53:06","slug":"ilham-eliyev-ucun-elverisli-zaman-yaranib","status":"publish","type":"post","link":"https:\/\/www.meydan.tv\/az\/article\/ilham-eliyev-ucun-elverisli-zaman-yaranib\/","title":{"rendered":"\u0130lham \u018fliyev \u00fc\u00e7\u00fcn \u0259lveri\u015fli zaman yaran\u0131b?"},"content":{"rendered":"<figure class=\"wp-block-image size-large\">\n  <img decoding=\"async\" src=\"https:\/\/www.meydan.tv\/az\/99091\/\" alt=\"\" class=\"wp-image-99091\"\/><figcaption><\/figcaption><\/figure>\n<p>\n  <i><br \/>\n    Prezident iki il \u00f6nc\u0259 se\u00e7kinin vaxt\u0131n\u0131 d\u0259yi\u015fm\u0259y\u0259c\u0259yini deyirdi<br \/>\n  <\/i>\n<\/p>\n<p>\n  D\u00f6vl\u0259t ba\u015f\u00e7\u0131s\u0131 \u0130lham \u018fliyev n\u00f6vb\u0259d\u0259nk\u0259nar prezident se\u00e7kil\u0259rinin ke\u00e7irilm\u0259si haqq\u0131nda<br \/>\n  <a href=\"\/az\/article\/ilham-eliyev-novbedenkenar-prezident-seckileri-elan-etdi\/\"><br \/>\n    s\u0259r\u0259ncam<br \/>\n  <\/a><br \/>\n  imzalay\u0131b. S\u0259r\u0259ncama \u0259sas\u0259n, se\u00e7kil\u0259r aprelin 11-n\u0259 t\u0259yin edilib.\n<\/p>\n<p>\n  N\u0259 s\u0259r\u0259ncamda, n\u0259 d\u0259 s\u0259r\u0259ncamdan sonra bu q\u0259rar\u0131n r\u0259smi a\u00e7\u0131qlamas\u0131 verilm\u0259yib.\n<\/p>\n<p>\n  Az\u0259rbaycanda prezident se\u00e7kisi oktyabr\u0131n 17-n\u0259 t\u0259yin olunmu\u015fdu. \u018fm\u0259k v\u0259 \u018fhalinin Sosial M\u00fcdafi\u0259si Nazirlyinin haz\u0131rlad\u0131\u011f\u0131 illik t\u0259qvimd\u0259 d\u0259 m\u0259hz 17 oktyabr qeyri-i\u015f g\u00fcn\u00fc kimi qeyd edilmi\u015fdi.\n<\/p>\n<p>\n  2016-c\u0131 ilin 26 sentyabr referendumundan sonra \u0130lham \u018fliyev \u201cRossiya seqodnya\u201d Beyn\u0259lxalq \u0130nformasiya Agentliyinin ba\u015f direktoru Dmitri Kiselyova \u201cSputnik Az\u0259rbaycan\u201d \u00fc\u00e7\u00fcn m\u00fcsahib\u0259<br \/>\n  <a href=\"http:\/\/www.president.az\/articles\/21409\"><br \/>\n    verib<br \/>\n  <\/a><br \/>\n  .\n<\/p>\n<p>\n  H\u0259min m\u00fcsahib\u0259d\u0259 prezident\u0259 bel\u0259 bir sual \u00fcnvanlay\u0131b:\n<\/p>\n<p>\n  \u201c\u00d6lk\u0259 Konstitusiyas\u0131na d\u0259yi\u015fiklikl\u0259r edilm\u0259si il\u0259 ba\u011fl\u0131 bu yax\u0131nlarda ke\u00e7irilmi\u015f referendum t\u0259nqid h\u0259d\u0259fin\u0259 \u00e7evrildi. Bununla \u0259laq\u0259dar \u00e7oxlar\u0131 soru\u015fur ki, prezident se\u00e7kil\u0259rinin m\u00fcdd\u0259ti d\u0259yi\u015fdiril\u0259c\u0259kmi, Siz se\u00e7kil\u0259r\u0259 ged\u0259c\u0259ksinizmi?\u201d\n<\/p>\n<p>\n  \u0130lham \u018fliyev cavab\u0131nda se\u00e7kinin m\u00fcdd\u0259tinin d\u0259yi\u015fdirilm\u0259y\u0259c\u0259yini deyib:\n<\/p>\n<p>\n  \u201cXeyr, bizim prezident se\u00e7kil\u0259rinin m\u00fcdd\u0259tini d\u0259yi\u015fm\u0259k niyy\u0259timiz yoxdur. M\u0259n h\u0259m Az\u0259rbaycanda, h\u0259m d\u0259 onun h\u00fcdudlar\u0131ndan k\u0259narda hans\u0131 s\u00f6hb\u0259tl\u0259rin getdiyini bilir\u0259m. Bel\u0259 plan\u0131m\u0131z yoxdur. M\u0259n buna ehtiyac g\u00f6rm\u00fcr\u0259m. M\u0259nim i\u015ftirak edib-etm\u0259m\u0259yim\u0259 g\u0259linc\u0259, n\u00f6vb\u0259ti prezident se\u00e7kil\u0259ri iki ild\u0259n sonra ke\u00e7irilm\u0259lidir. H\u0259r hans\u0131 n\u0259tic\u0259 \u00e7\u0131xarmaq, yaxud q\u0259rar q\u0259bul etm\u0259k \u00fc\u00e7\u00fcn h\u0259l\u0259 kifay\u0259t q\u0259d\u0259r vaxt var. \u018fg\u0259r m\u0259n bug\u00fcnk\u00fc kimi \u0259halinin d\u0259st\u0259yini hiss ets\u0259m, onda \u0259lb\u0259tt\u0259 ki, bu etimad\u0131 do\u011frultma\u011fa \u00e7al\u0131\u015faca\u011fam\u201d.\n<\/p>\n<p>\n  Prezidentin q\u0259rar\u0131n\u0131 \u015f\u0259rh ed\u0259n \u201cTuran\u201d \u0130nformasiya Agentliyinin<br \/>\n  <a href=\"http:\/\/www.turan.az\/ext\/news\/2018\/2\/free\/analytics\/az\/118837.htm\"><br \/>\n    Analitik Qrupu<br \/>\n  <\/a><br \/>\n  bu q\u0259na\u0259td\u0259dir ki, c\u0259miyy\u0259t \u00fc\u00e7\u00fcn g\u00f6zl\u0259nilm\u0259z olan bu q\u0259rar he\u00e7 d\u0259 hakimiyy\u0259t \u00fc\u00e7\u00fcn yenilik deyil. \u201cM\u0259rk\u0259zi Se\u00e7ki Komissiyas\u0131 bir h\u0259ft\u0259 \u0259vv\u0259l &#8211; yanvar\u0131n 29-da qutular\u0131n v\u0259 dig\u0259r l\u0259vazimatlar\u0131n al\u0131nmas\u0131 haqq\u0131nda r\u0259smi q\u0259rar q\u0259bul edib.\n<\/p>\n<p>\n  N\u00f6vb\u0259d\u0259nk\u0259nar se\u00e7kil\u0259rin t\u0259yin edilm\u0259si \u0259sas\u0259n \u0130lham \u018fliyevin hakimiyy\u0259td\u0259 oldu\u011fu d\u00f6vr \u0259rzind\u0259 (2003-c\u00fc ild\u0259n etibar\u0259n) ilk d\u0259f\u0259 se\u00e7kil\u0259rin iqtisadi b\u00f6hran, el\u0259 b\u00fct\u00fcnl\u00fckd\u0259 sistem b\u00f6hran\u0131 \u015f\u0259raitind\u0259 ke\u00e7irilm\u0259si il\u0259 \u015f\u0259rtl\u0259nmi\u015f ola bil\u0259r. Bu, se\u00e7kil\u0259ri x\u00fcsusi g\u0259rginlik olmadan v\u0259 \u0259lav\u0259 probleml\u0259r yaratmadan ke\u00e7irm\u0259y\u0259 \u00e7al\u0131\u015fan hakimiyy\u0259t \u00fc\u00e7\u00fcn m\u00fc\u0259yy\u0259n riskl\u0259r yarad\u0131r\u201d.\n<\/p>\n<p>\n  \u201cTuran\u201d-\u0131n analitikl\u0259ri hesab edir ki, n\u00f6vb\u0259d\u0259nk\u0259nar se\u00e7kil\u0259r klassik m\u00fcxalif\u0259tin, hakimiyy\u0259tdaxili r\u0259qibl\u0259rin, son bir il \u0259rzind\u0259 rejim\u0259 bir s\u0131ra t\u0259zyiq al\u0259tl\u0259rini &#8211; Landromat\u0131 (pullar\u0131n yuyulmas\u0131), Valonte i\u015fini (Q\u0259rb siyas\u0259t\u00e7il\u0259rinin \u00f6z t\u0259r\u0259fl\u0259rin\u0259 \u00e7\u0259kilm\u0259si), \u00e7irkli pul ax\u0131n\u0131n\u0131n qar\u015f\u0131s\u0131n\u0131n al\u0131nmas\u0131n\u0131 v\u0259 s. i\u015f\u0259 salan Q\u0259rbin \u00fc\u00e7\u00fcn manevrl\u0259ri \u00fc\u00e7\u00fcn az vaxt qalmas\u0131na v\u0259 ya, \u00fcmumiyy\u0259tl\u0259, vaxt qalmamas\u0131na s\u0259b\u0259b olur.\n<\/p>\n<p>\n  T\u0259hlild\u0259 prezidentin \u0259ld\u0259 etdiyi \u00fcst\u00fcnl\u00fckl\u0259r sadalan\u0131r:\n<\/p>\n<p>\n  <i><br \/>\n    1. Se\u00e7icil\u0259rin bir hiss\u0259sinin naraz\u0131l\u0131\u011f\u0131n\u0131n m\u00fc\u0259yy\u0259n m\u00fcqavim\u0259t h\u0259r\u0259kat\u0131na \u00e7evrilm\u0259si \u00fc\u00e7\u00fcn vaxt\u0131 v\u0259 \u015fans\u0131 qalm\u0131r v\u0259 b\u00fct\u00fcnl\u00fckd\u0259 se\u00e7icil\u0259r ba\u015f ver\u0259nl\u0259r\u0259 qar\u015f\u0131 amorf v\u0259ziyy\u0259td\u0259 olacaq.<br \/>\n  <\/i>\n<\/p>\n<p>\n  <i><br \/>\n    2. M\u00fcxalif\u0259t bu halda birl\u0259\u015fm\u0259k v\u0259 v\u0259ziyy\u0259ti d\u0259y\u0259rl\u0259ndirm\u0259k \u00fc\u00e7\u00fcn \u00e7ox az vaxta malikdir. Dem\u0259k olar ki, m\u00fcxalif\u0259t \u018fliyev\u0259 qar\u015f\u0131 q\u0259tiyy\u0259tli m\u00fcbariz\u0259 aparmaq iqtidar\u0131nda olmayacaq. B\u0259lk\u0259 d\u0259 se\u00e7kil\u0259ri boykot ed\u0259c\u0259k ki, bu da \u018fliyevi tamamil\u0259 qane edir v\u0259 tam alternativsizlik m\u00fchiti yarad\u0131r.<br \/>\n  <\/i>\n<\/p>\n<p>\n  <i><br \/>\n    3. Birinci ledinin yeni t\u0259sis edilmi\u015f v\u0259zif\u0259y\u0259 ir\u0259li s\u00fcr\u00fclm\u0259sind\u0259n sonra artan hakimiyy\u0259tdaxili ziddiyy\u0259tl\u0259r d\u0259 inki\u015faf\u0131n\u0131 tapa bilm\u0259y\u0259c\u0259k v\u0259 u\u011furlu bir \u015f\u0259kild\u0259 z\u0259r\u0259rsizl\u0259\u015fdiril\u0259c\u0259k.<br \/>\n  <\/i>\n<\/p>\n<p>\n  <i><br \/>\n    4. Q\u0259rb institutlar\u0131 da se\u00e7kil\u0259r\u0259, onlar\u0131n qiym\u0259tl\u0259ndirilm\u0259sin\u0259 v\u0259 n\u0259zar\u0259tin\u0259 vahid v\u0259 t\u0259sirli yana\u015fma formala\u015fd\u0131rma\u011f\u0131 \u00e7atd\u0131rmayacaq.<br \/>\n  <\/i><br \/>\n  \n<\/p>\n<p>\n  Faktiki olaraq, \u018fliyev bu d\u0259f\u0259 d\u0259 2016-c\u0131 ilin pay\u0131z\u0131nda referendum n\u0259tic\u0259sind\u0259 t\u0259tbiq etdiyi yeddi illik m\u00fcdd\u0259t\u0259 yenid\u0259n se\u00e7ilm\u0259k \u00fc\u00e7\u00fcn \u0259lveri\u015fli \u015f\u0259rait \u0259ld\u0259 edir.\n<\/p>\n<p>\n  \u201cH\u0259m\u00e7inin, SSR\u0130-nin da\u011f\u0131ld\u0131\u011f\u0131 andan etibar\u0259n daim \u00f6lk\u0259nin daxili siyasi h\u0259yat\u0131na t\u0259sir ed\u0259n, x\u00fcsus\u0259n, qeyri-sabitliyin katalizatoruna \u00e7evril\u0259n Qaraba\u011f amilini d\u0259 qeyd etm\u0259k laz\u0131md\u0131r. Se\u00e7kil\u0259rin Erm\u0259nistanda martda ba\u015f tutacaq prezident se\u00e7kil\u0259rind\u0259n sonra ke\u00e7irilm\u0259si beyn\u0259lxalq vasit\u0259\u00e7il\u0259r t\u0259r\u0259find\u0259n 2017-ci ild\u0259 f\u0259alla\u015fd\u0131r\u0131lm\u0131\u015f v\u0259 yax\u0131n ill\u0259rd\u0259 aral\u0131q nizamlanma perspektivi da\u015f\u0131yan dan\u0131\u015f\u0131qlar\u0131 operativ qaydada davam etdirm\u0259y\u0259 imkan ver\u0259c\u0259k\u201d- yaz\u0131da vur\u011fulan\u0131r.<\/p>\n","protected":false},"excerpt":{"rendered":"<p>Prezident iki il \u00f6nc\u0259 se\u00e7kinin vaxt\u0131n\u0131 d\u0259yi\u015fm\u0259y\u0259c\u0259yini deyirdi<\/p>\n","protected":false},"author":11,"featured_media":99091,"comment_status":"closed","ping_status":"open","sticky":false,"template":"","format":"standard","meta":{"_acf_changed":false,"_sitemap_exclude":false,"_sitemap_priority":"","_sitemap_frequency":"","footnotes":""},"categories":[51],"tags":[],"class_list":["post-188522","post","type-post","status-publish","format-standard","has-post-thumbnail","hentry","category-analitika","infinite-scroll-item","generate-columns","tablet-grid-50","mobile-grid-100","grid-parent","grid-33","no-featured-image-padding"],"acf":[],"yoast_head":"<!-- This site is optimized with the Yoast SEO plugin v27.4 - https:\/\/yoast.com\/product\/yoast-seo-wordpress\/ -->\n<title>\u0130lham \u018fliyev \u00fc\u00e7\u00fcn \u0259lveri\u015fli zaman yaran\u0131b? - MEYDAN.TV<\/title>\n<meta name=\"robots\" content=\"index, follow, max-snippet:-1, max-image-preview:large, max-video-preview:-1\" \/>\n<link rel=\"canonical\" href=\"https:\/\/www.meydan.tv\/az\/article\/ilham-eliyev-ucun-elverisli-zaman-yaranib\/\" \/>\n<meta property=\"og:locale\" content=\"az_AZ\" \/>\n<meta property=\"og:type\" content=\"article\" \/>\n<meta property=\"og:title\" content=\"\u0130lham \u018fliyev \u00fc\u00e7\u00fcn \u0259lveri\u015fli zaman yaran\u0131b? - MEYDAN.TV\" \/>\n<meta property=\"og:description\" content=\"Prezident iki il \u00f6nc\u0259 se\u00e7kinin vaxt\u0131n\u0131 d\u0259yi\u015fm\u0259y\u0259c\u0259yini deyirdi\" \/>\n<meta property=\"og:url\" content=\"https:\/\/www.meydan.tv\/az\/article\/ilham-eliyev-ucun-elverisli-zaman-yaranib\/\" \/>\n<meta property=\"og:site_name\" content=\"MEYDAN.TV\" \/>\n<meta property=\"article:published_time\" content=\"2018-02-05T23:53:06+00:00\" \/>\n<meta property=\"og:image\" content=\"https:\/\/www.meydan.tv\/wp-content\/uploads\/39185.jpg\" \/>\n\t<meta property=\"og:image:width\" content=\"800\" \/>\n\t<meta property=\"og:image:height\" content=\"533\" \/>\n\t<meta property=\"og:image:type\" content=\"image\/jpeg\" \/>\n<meta name=\"author\" content=\"user-manager\" \/>\n<meta name=\"twitter:card\" content=\"summary_large_image\" \/>\n<script type=\"application\/ld+json\" class=\"yoast-schema-graph\">{\"@context\":\"https:\\\/\\\/schema.org\",\"@graph\":[{\"@type\":\"Article\",\"@id\":\"https:\\\/\\\/www.meydan.tv\\\/az\\\/article\\\/ilham-eliyev-ucun-elverisli-zaman-yaranib\\\/#article\",\"isPartOf\":{\"@id\":\"https:\\\/\\\/www.meydan.tv\\\/az\\\/article\\\/ilham-eliyev-ucun-elverisli-zaman-yaranib\\\/\"},\"author\":{\"name\":\"user-manager\",\"@id\":\"https:\\\/\\\/www.meydan.tv\\\/az\\\/#\\\/schema\\\/person\\\/10d11eccf6da3662cf5fdab9806ea91a\"},\"headline\":\"\u0130lham \u018fliyev \u00fc\u00e7\u00fcn \u0259lveri\u015fli zaman yaran\u0131b?\",\"datePublished\":\"2018-02-05T23:53:06+00:00\",\"mainEntityOfPage\":{\"@id\":\"https:\\\/\\\/www.meydan.tv\\\/az\\\/article\\\/ilham-eliyev-ucun-elverisli-zaman-yaranib\\\/\"},\"wordCount\":922,\"publisher\":{\"@id\":\"https:\\\/\\\/www.meydan.tv\\\/az\\\/#organization\"},\"image\":{\"@id\":\"https:\\\/\\\/www.meydan.tv\\\/az\\\/article\\\/ilham-eliyev-ucun-elverisli-zaman-yaranib\\\/#primaryimage\"},\"thumbnailUrl\":\"https:\\\/\\\/www.meydan.tv\\\/wp-content\\\/uploads\\\/39185.jpg\",\"articleSection\":[\"Analitika\"],\"inLanguage\":\"az\"},{\"@type\":\"WebPage\",\"@id\":\"https:\\\/\\\/www.meydan.tv\\\/az\\\/article\\\/ilham-eliyev-ucun-elverisli-zaman-yaranib\\\/\",\"url\":\"https:\\\/\\\/www.meydan.tv\\\/az\\\/article\\\/ilham-eliyev-ucun-elverisli-zaman-yaranib\\\/\",\"name\":\"\u0130lham \u018fliyev \u00fc\u00e7\u00fcn \u0259lveri\u015fli zaman yaran\u0131b? - MEYDAN.TV\",\"isPartOf\":{\"@id\":\"https:\\\/\\\/www.meydan.tv\\\/az\\\/#website\"},\"primaryImageOfPage\":{\"@id\":\"https:\\\/\\\/www.meydan.tv\\\/az\\\/article\\\/ilham-eliyev-ucun-elverisli-zaman-yaranib\\\/#primaryimage\"},\"image\":{\"@id\":\"https:\\\/\\\/www.meydan.tv\\\/az\\\/article\\\/ilham-eliyev-ucun-elverisli-zaman-yaranib\\\/#primaryimage\"},\"thumbnailUrl\":\"https:\\\/\\\/www.meydan.tv\\\/wp-content\\\/uploads\\\/39185.jpg\",\"datePublished\":\"2018-02-05T23:53:06+00:00\",\"breadcrumb\":{\"@id\":\"https:\\\/\\\/www.meydan.tv\\\/az\\\/article\\\/ilham-eliyev-ucun-elverisli-zaman-yaranib\\\/#breadcrumb\"},\"inLanguage\":\"az\",\"potentialAction\":[{\"@type\":\"ReadAction\",\"target\":[\"https:\\\/\\\/www.meydan.tv\\\/az\\\/article\\\/ilham-eliyev-ucun-elverisli-zaman-yaranib\\\/\"]}]},{\"@type\":\"ImageObject\",\"inLanguage\":\"az\",\"@id\":\"https:\\\/\\\/www.meydan.tv\\\/az\\\/article\\\/ilham-eliyev-ucun-elverisli-zaman-yaranib\\\/#primaryimage\",\"url\":\"https:\\\/\\\/www.meydan.tv\\\/wp-content\\\/uploads\\\/39185.jpg\",\"contentUrl\":\"https:\\\/\\\/www.meydan.tv\\\/wp-content\\\/uploads\\\/39185.jpg\",\"width\":800,\"height\":533,\"caption\":\"Source:\"},{\"@type\":\"BreadcrumbList\",\"@id\":\"https:\\\/\\\/www.meydan.tv\\\/az\\\/article\\\/ilham-eliyev-ucun-elverisli-zaman-yaranib\\\/#breadcrumb\",\"itemListElement\":[{\"@type\":\"ListItem\",\"position\":1,\"name\":\"Ana s\u0259hif\u0259\",\"item\":\"https:\\\/\\\/www.meydan.tv\\\/az\\\/\"},{\"@type\":\"ListItem\",\"position\":2,\"name\":\"Analitika\",\"item\":\"https:\\\/\\\/www.meydan.tv\\\/az\\\/section\\\/analitika\\\/\"},{\"@type\":\"ListItem\",\"position\":3,\"name\":\"\u0130lham \u018fliyev \u00fc\u00e7\u00fcn \u0259lveri\u015fli zaman yaran\u0131b?\"}]},{\"@type\":\"WebSite\",\"@id\":\"https:\\\/\\\/www.meydan.tv\\\/az\\\/#website\",\"url\":\"https:\\\/\\\/www.meydan.tv\\\/az\\\/\",\"name\":\"MEYDAN.TV\",\"description\":\"Meydan TV Az\u0259rbaycan\u0131n media m\u0259kan\u0131ndak\u0131 alternativ s\u0259sidir\",\"publisher\":{\"@id\":\"https:\\\/\\\/www.meydan.tv\\\/az\\\/#organization\"},\"potentialAction\":[{\"@type\":\"SearchAction\",\"target\":{\"@type\":\"EntryPoint\",\"urlTemplate\":\"https:\\\/\\\/www.meydan.tv\\\/az\\\/?s={search_term_string}\"},\"query-input\":{\"@type\":\"PropertyValueSpecification\",\"valueRequired\":true,\"valueName\":\"search_term_string\"}}],\"inLanguage\":\"az\"},{\"@type\":\"Organization\",\"@id\":\"https:\\\/\\\/www.meydan.tv\\\/az\\\/#organization\",\"name\":\"Meydan TV\",\"url\":\"https:\\\/\\\/www.meydan.tv\\\/az\\\/\",\"logo\":{\"@type\":\"ImageObject\",\"inLanguage\":\"az\",\"@id\":\"https:\\\/\\\/www.meydan.tv\\\/az\\\/#\\\/schema\\\/logo\\\/image\\\/\",\"url\":\"https:\\\/\\\/www.meydan.tv\\\/wp-content\\\/uploads\\\/2021\\\/07\\\/meydan-logo.svg\",\"contentUrl\":\"https:\\\/\\\/www.meydan.tv\\\/wp-content\\\/uploads\\\/2021\\\/07\\\/meydan-logo.svg\",\"width\":195,\"height\":46,\"caption\":\"Meydan TV\"},\"image\":{\"@id\":\"https:\\\/\\\/www.meydan.tv\\\/az\\\/#\\\/schema\\\/logo\\\/image\\\/\"}},{\"@type\":\"Person\",\"@id\":\"https:\\\/\\\/www.meydan.tv\\\/az\\\/#\\\/schema\\\/person\\\/10d11eccf6da3662cf5fdab9806ea91a\",\"name\":\"user-manager\"}]}<\/script>\n<!-- \/ Yoast SEO plugin. -->","yoast_head_json":{"title":"\u0130lham \u018fliyev \u00fc\u00e7\u00fcn \u0259lveri\u015fli zaman yaran\u0131b? - MEYDAN.TV","robots":{"index":"index","follow":"follow","max-snippet":"max-snippet:-1","max-image-preview":"max-image-preview:large","max-video-preview":"max-video-preview:-1"},"canonical":"https:\/\/www.meydan.tv\/az\/article\/ilham-eliyev-ucun-elverisli-zaman-yaranib\/","og_locale":"az_AZ","og_type":"article","og_title":"\u0130lham \u018fliyev \u00fc\u00e7\u00fcn \u0259lveri\u015fli zaman yaran\u0131b? - MEYDAN.TV","og_description":"Prezident iki il \u00f6nc\u0259 se\u00e7kinin vaxt\u0131n\u0131 d\u0259yi\u015fm\u0259y\u0259c\u0259yini deyirdi","og_url":"https:\/\/www.meydan.tv\/az\/article\/ilham-eliyev-ucun-elverisli-zaman-yaranib\/","og_site_name":"MEYDAN.TV","article_published_time":"2018-02-05T23:53:06+00:00","og_image":[{"width":800,"height":533,"url":"https:\/\/www.meydan.tv\/wp-content\/uploads\/39185.jpg","type":"image\/jpeg"}],"author":"user-manager","twitter_card":"summary_large_image","schema":{"@context":"https:\/\/schema.org","@graph":[{"@type":"Article","@id":"https:\/\/www.meydan.tv\/az\/article\/ilham-eliyev-ucun-elverisli-zaman-yaranib\/#article","isPartOf":{"@id":"https:\/\/www.meydan.tv\/az\/article\/ilham-eliyev-ucun-elverisli-zaman-yaranib\/"},"author":{"name":"user-manager","@id":"https:\/\/www.meydan.tv\/az\/#\/schema\/person\/10d11eccf6da3662cf5fdab9806ea91a"},"headline":"\u0130lham \u018fliyev \u00fc\u00e7\u00fcn \u0259lveri\u015fli zaman yaran\u0131b?","datePublished":"2018-02-05T23:53:06+00:00","mainEntityOfPage":{"@id":"https:\/\/www.meydan.tv\/az\/article\/ilham-eliyev-ucun-elverisli-zaman-yaranib\/"},"wordCount":922,"publisher":{"@id":"https:\/\/www.meydan.tv\/az\/#organization"},"image":{"@id":"https:\/\/www.meydan.tv\/az\/article\/ilham-eliyev-ucun-elverisli-zaman-yaranib\/#primaryimage"},"thumbnailUrl":"https:\/\/www.meydan.tv\/wp-content\/uploads\/39185.jpg","articleSection":["Analitika"],"inLanguage":"az"},{"@type":"WebPage","@id":"https:\/\/www.meydan.tv\/az\/article\/ilham-eliyev-ucun-elverisli-zaman-yaranib\/","url":"https:\/\/www.meydan.tv\/az\/article\/ilham-eliyev-ucun-elverisli-zaman-yaranib\/","name":"\u0130lham \u018fliyev \u00fc\u00e7\u00fcn \u0259lveri\u015fli zaman yaran\u0131b? - MEYDAN.TV","isPartOf":{"@id":"https:\/\/www.meydan.tv\/az\/#website"},"primaryImageOfPage":{"@id":"https:\/\/www.meydan.tv\/az\/article\/ilham-eliyev-ucun-elverisli-zaman-yaranib\/#primaryimage"},"image":{"@id":"https:\/\/www.meydan.tv\/az\/article\/ilham-eliyev-ucun-elverisli-zaman-yaranib\/#primaryimage"},"thumbnailUrl":"https:\/\/www.meydan.tv\/wp-content\/uploads\/39185.jpg","datePublished":"2018-02-05T23:53:06+00:00","breadcrumb":{"@id":"https:\/\/www.meydan.tv\/az\/article\/ilham-eliyev-ucun-elverisli-zaman-yaranib\/#breadcrumb"},"inLanguage":"az","potentialAction":[{"@type":"ReadAction","target":["https:\/\/www.meydan.tv\/az\/article\/ilham-eliyev-ucun-elverisli-zaman-yaranib\/"]}]},{"@type":"ImageObject","inLanguage":"az","@id":"https:\/\/www.meydan.tv\/az\/article\/ilham-eliyev-ucun-elverisli-zaman-yaranib\/#primaryimage","url":"https:\/\/www.meydan.tv\/wp-content\/uploads\/39185.jpg","contentUrl":"https:\/\/www.meydan.tv\/wp-content\/uploads\/39185.jpg","width":800,"height":533,"caption":"Source:"},{"@type":"BreadcrumbList","@id":"https:\/\/www.meydan.tv\/az\/article\/ilham-eliyev-ucun-elverisli-zaman-yaranib\/#breadcrumb","itemListElement":[{"@type":"ListItem","position":1,"name":"Ana s\u0259hif\u0259","item":"https:\/\/www.meydan.tv\/az\/"},{"@type":"ListItem","position":2,"name":"Analitika","item":"https:\/\/www.meydan.tv\/az\/section\/analitika\/"},{"@type":"ListItem","position":3,"name":"\u0130lham \u018fliyev \u00fc\u00e7\u00fcn \u0259lveri\u015fli zaman yaran\u0131b?"}]},{"@type":"WebSite","@id":"https:\/\/www.meydan.tv\/az\/#website","url":"https:\/\/www.meydan.tv\/az\/","name":"MEYDAN.TV","description":"Meydan TV Az\u0259rbaycan\u0131n media m\u0259kan\u0131ndak\u0131 alternativ s\u0259sidir","publisher":{"@id":"https:\/\/www.meydan.tv\/az\/#organization"},"potentialAction":[{"@type":"SearchAction","target":{"@type":"EntryPoint","urlTemplate":"https:\/\/www.meydan.tv\/az\/?s={search_term_string}"},"query-input":{"@type":"PropertyValueSpecification","valueRequired":true,"valueName":"search_term_string"}}],"inLanguage":"az"},{"@type":"Organization","@id":"https:\/\/www.meydan.tv\/az\/#organization","name":"Meydan TV","url":"https:\/\/www.meydan.tv\/az\/","logo":{"@type":"ImageObject","inLanguage":"az","@id":"https:\/\/www.meydan.tv\/az\/#\/schema\/logo\/image\/","url":"https:\/\/www.meydan.tv\/wp-content\/uploads\/2021\/07\/meydan-logo.svg","contentUrl":"https:\/\/www.meydan.tv\/wp-content\/uploads\/2021\/07\/meydan-logo.svg","width":195,"height":46,"caption":"Meydan TV"},"image":{"@id":"https:\/\/www.meydan.tv\/az\/#\/schema\/logo\/image\/"}},{"@type":"Person","@id":"https:\/\/www.meydan.tv\/az\/#\/schema\/person\/10d11eccf6da3662cf5fdab9806ea91a","name":"user-manager"}]}},"_links":{"self":[{"href":"https:\/\/www.meydan.tv\/az\/wp-json\/wp\/v2\/posts\/188522","targetHints":{"allow":["GET"]}}],"collection":[{"href":"https:\/\/www.meydan.tv\/az\/wp-json\/wp\/v2\/posts"}],"about":[{"href":"https:\/\/www.meydan.tv\/az\/wp-json\/wp\/v2\/types\/post"}],"author":[{"embeddable":true,"href":"https:\/\/www.meydan.tv\/az\/wp-json\/wp\/v2\/users\/11"}],"replies":[{"embeddable":true,"href":"https:\/\/www.meydan.tv\/az\/wp-json\/wp\/v2\/comments?post=188522"}],"version-history":[{"count":0,"href":"https:\/\/www.meydan.tv\/az\/wp-json\/wp\/v2\/posts\/188522\/revisions"}],"wp:featuredmedia":[{"embeddable":true,"href":"https:\/\/www.meydan.tv\/az\/wp-json\/wp\/v2\/media\/99091"}],"wp:attachment":[{"href":"https:\/\/www.meydan.tv\/az\/wp-json\/wp\/v2\/media?parent=188522"}],"wp:term":[{"taxonomy":"category","embeddable":true,"href":"https:\/\/www.meydan.tv\/az\/wp-json\/wp\/v2\/categories?post=188522"},{"taxonomy":"post_tag","embeddable":true,"href":"https:\/\/www.meydan.tv\/az\/wp-json\/wp\/v2\/tags?post=188522"}],"curies":[{"name":"wp","href":"https:\/\/api.w.org\/{rel}","templated":true}]}}