{"id":188513,"date":"2018-02-05T18:33:00","date_gmt":"2018-02-05T18:33:00","guid":{"rendered":"https:\/\/www.meydan.tv\/article\/bandit-kapitalizmi\/"},"modified":"2018-02-05T18:33:00","modified_gmt":"2018-02-05T18:33:00","slug":"bandit-kapitalizmi","status":"publish","type":"post","link":"https:\/\/www.meydan.tv\/az\/article\/bandit-kapitalizmi\/","title":{"rendered":"Bandit kapitalizmi"},"content":{"rendered":"<figure class=\"wp-block-image size-large\">\n  <img decoding=\"async\" src=\"https:\/\/www.meydan.tv\/az\/mehemmed-talibli-10\/\" alt=\"M\u0259h\u0259mm\u0259d Tal\u0131bl\u0131\" class=\"wp-image-99076\"\/><figcaption>\n    M\u0259h\u0259mm\u0259d Tal\u0131bl\u0131<br \/>\n  <\/figcaption><\/figure>\n<p>\n  \u00c7ox d\u0259y\u0259rli intelektual kimi tan\u0131d\u0131\u011f\u0131m\u0131z Araz G\u00fcnd\u00fcz\u00fcn son t\u0259rc\u00fcm\u0259si olan Entoni Giddensin \u201c\u018flimizd\u0259n \u00e7\u0131xan d\u00fcnya\u201d \u0259s\u0259rind\u0259 Putinin oyunca\u011fa \u00e7evirdiyi d\u00f6vl\u0259tin iqtisadi sistemini \u201cbandit kapitalizmi\u201d adland\u0131raraq yaz\u0131r:\n<\/p>\n<p>\n  \u201cDemokratiya \u00fc\u00e7ayaql\u0131 k\u0259til\u0259 b\u0259nz\u0259yir: d\u00f6vl\u0259t, iqtisadiyyat v\u0259 v\u0259t\u0259nda\u015f c\u0259miyy\u0259ti aras\u0131nda tarazl\u0131\u011f\u0131n olmas\u0131 z\u0259ruridir. \u018fg\u0259r onlardan hans\u0131sa biri o birind\u0259n \u00fcst\u00fcnd\u00fcrs\u0259, n\u0259tic\u0259 m\u0259yusedici olacaq\u201d.\n<\/p>\n<p>\n  Sadalanan h\u0259min demokratiya \u00fc\u00e7aya\u011f\u0131ndan Rusiyada yaln\u0131z biri var: avtoritar d\u00f6vl\u0259t! B\u0259li, yaln\u0131z g\u00fccl\u00fc avtoritarizm\u0259 s\u00f6yk\u0259n\u0259n birc\u0259 repressiv d\u00f6vl\u0259t aparat\u0131 var. \u0130qtisadiyyat\u0131n\u0131 is\u0259 yaln\u0131z oliqarxlar aras\u0131nda b\u00f6l\u00fcn\u0259n piroqa b\u0259nz\u0259tm\u0259k olar. V\u0259t\u0259nda\u015f c\u0259miyy\u0259ti institutunun prinsipial \u015f\u0259xsl\u0259rin\u0259 qar\u015f\u0131 repressiya yerd\u0259 qalanlar\u0131n\u0131n da \u201cmeymunlar \u00f6lk\u0259sind\u0259ki\u201d (ifad\u0259 Rusiyan\u0131n m\u0259\u015fhur teatr xadiml\u0259rind\u0259n birin\u0259 m\u0259xsusdur) reall\u0131qla bar\u0131\u015fma\u011fa m\u0259cbur edib.\n<\/p>\n<p>\n  Rusiya canl\u0131 bir orqanizm olaraq \u00e7oxsayl\u0131 x\u0259st\u0259likl\u0259ri \u00f6z\u00fcnd\u0259 da\u015f\u0131yan pasiyentdir. Bu x\u0259st\u0259liyi \u015fidd\u0259tl\u0259ndir\u0259n v\u0259 a\u011fr\u0131lar\u0131n art\u0131ran pasiyentin \u0259n b\u00f6y\u00fck siyasi x\u0259st\u0259liyi \u201cs\u0259rh\u0259dsizlik\u201d x\u0259st\u0259liyidir. B\u00fct\u00fcn d\u00fcnyaya yay\u0131lacaq q\u0259d\u0259r imperiya x\u0259st\u0259liyin\u0259 yoluxmu\u015f \u201c\u015fimal ay\u0131s\u0131\u201d z\u0259ifl\u0259ri bo\u011fur. G\u00fcc\u00fc \u00e7atmayan\u0131 is\u0259 yaralay\u0131r. Qaraba\u011f, Abxaziya, Osetiya, Dnestrayan\u0131, Kr\u0131m bu v\u0259h\u015filiyin qurbanlar\u0131d\u0131r. Bir Kr\u0131ma g\u00f6r\u0259 Avropa Birliyi v\u0259 AB\u015e-la \u00fcz-\u00fcz\u0259 g\u0259l\u0259c\u0259k q\u0259d\u0259r t\u0259rslik n\u00fcmayi\u015fi ona n\u0259l\u0259rin hesab\u0131na ba\u015fa g\u0259lm\u0259di? Bir d\u0259v\u0259y\u0259 y\u00fck olacaq q\u0259d\u0259r \u00f6z\u00fcn\u00fcn k\u00fctl\u0259sini h\u0259r zaman art\u0131rma\u011fa \u00e7al\u0131\u015fan Rusiya, birc\u0259 d\u0259f\u0259 d\u0259 olsun \u00f6z\u00fcn\u00fcn sanbal\u0131n\u0131 art\u0131ra bil\u0259c\u0259k \u00e7\u0259kisi haqq\u0131nda d\u00fc\u015f\u00fcnm\u0259di. Siyasi \u00e7\u0259kisi yox, m\u0259hz k\u00fctl\u0259si onun beynini daha \u00e7ox m\u0259\u015f\u011ful etdi. Ham\u0131n\u0131, o c\u00fcml\u0259d\u0259n qon\u015fular\u0131 \u201c\u00fct\u00fcl\u0259y\u0259c\u0259k\u201d q\u0259d\u0259r \u0259zici g\u00fcc\u00fcn\u00fc \u00f6z\u00fcn\u0259 \u00fcst\u00fcnl\u00fck kompleksi qazand\u0131raca\u011f\u0131n\u0131 qafas\u0131na tax\u0131b. Sizif \u0259m\u0259yi say\u0259sind\u0259 bu q\u0259d\u0259r resurs itkisinin alternativini he\u00e7 d\u00fc\u015f\u00fcnm\u0259di. B\u00fct\u00fcn b\u00f6lg\u0259l\u0259rd\u0259 ham\u0131 il\u0259 eyni d\u0259r\u0259c\u0259d\u0259 sava\u015f i\u00e7ind\u0259 olub, torpaqlar\u0131 n\u0259zar\u0259td\u0259 saxlama\u011f\u0131n ona n\u0259 verdiyini he\u00e7 anlamaq bel\u0259 ist\u0259m\u0259di. Bunu d\u00fc\u015f\u00fcnm\u0259k f\u00fcrs\u0259ti v\u0259 zaman\u0131 oldumu?\n<\/p>\n<p>\n  Tutaq ki, h\u0259tta okeanlar\u0131 tutdun, \u0259razil\u0259r\u0259 yay\u0131ld\u0131n, amma sonda \u00f6z torpaqlar\u0131n\u0131 icar\u0259 \u00fc\u00e7\u00fcn yen\u0259 d\u0259 m\u00fcasir texnologiyan\u0131 yaradanlara verm\u0259y\u0259 m\u0259cbur olursan ki?! Ondansa, b\u00fct\u00fcn d\u00fcnya il\u0259 sava\u015f i\u00e7ind\u0259 olmadan t\u0259bii (Rusiya) v\u0259 texnoloji, finans resurslar\u0131 (Q\u0259rb v\u0259 Avropa) birl\u0259\u015fdirm\u0259kl\u0259 yeni iqtisadi inki\u015faf ssenaril\u0259ri yaratmaq \u0259n do\u011frusu deyilmi? Bel\u0259 bir alternativin oldu\u011fu bir se\u00e7im imkan\u0131nda bu sizif \u0259m\u0259yinin ad\u0131 n\u0259dir?\n<\/p>\n<p>\n  AB\u015e v\u0259 Avropa Birliyi il\u0259 soyuq m\u00fcharib\u0259 iqtisadi bax\u0131mdan a\u00e7\u0131q sava\u015f m\u0259rh\u0259l\u0259sin\u0259 ke\u00e7ib. AB\u015e-\u0131n Maliyy\u0259 Nazirliyi t\u0259qdim etdiyi \u201cKreml m\u0259ruz\u0259si\u201dnd\u0259 Rusiyan\u0131n 114 y\u00fcks\u0259k v\u0259zif\u0259li m\u0259murunun, d\u00f6vl\u0259t \u015firk\u0259ti r\u0259hb\u0259rl\u0259rinin v\u0259 96 oliqarx\u0131n ad\u0131 olan \u015f\u0259xsl\u0259r\u0259 qar\u015f\u0131 sanksiyan\u0131n \u0259hat\u0259 dair\u0259sin\u0259 d\u00fc\u015f\u0259c\u0259k \u015f\u0259xsl\u0259ri m\u00fc\u0259yy\u0259nl\u0259\u015fdir\u0259n layih\u0259ni Konqres\u0259 g\u00f6nd\u0259rib. C\u0259mi 200 n\u0259f\u0259rd\u0259n art\u0131q olan d\u00f6vl\u0259t idar\u0259\u00e7iliyind\u0259 m\u00f6vqe tutan insanlardan ba\u015flam\u0131\u015f transmilli \u015firk\u0259t r\u0259hb\u0259rl\u0259rin\u0259d\u0259k olanlar\u0131n ham\u0131s\u0131 Rusiya iqtisadiyyat\u0131n\u0131 \u00f6z t\u0259sirl\u0259rind\u0259 saxlayan cil atan x\u0259r\u00e7\u0259ng\u0259 b\u0259nz\u0259yir. \u00d6z irad\u0259l\u0259rin\u0259 tabe etdiril\u0259n b\u00f6y\u00fck bir iqtisadiyyat\u0131n m\u00fcxt\u0259lif sektorlar\u0131n\u0131 siyasi \u00e7evr\u0259l\u0259rl\u0259 raz\u0131la\u015fd\u0131raraq y\u00fczl\u0259rl\u0259 oliqarx aras\u0131nda b\u00f6l\u00fc\u015fd\u00fcr\u00fcl\u00fcb. G\u0259lir piroqunun xeyir-duas\u0131 Kremld\u0259 h\u0259ll olunur. M\u0259hz Rusiyada nepatizm n\u0259tic\u0259sind\u0259 iqtisadi resurslara n\u0259zar\u0259tin edilm\u0259si g\u0259lir b\u0259rab\u0259rsizliyinin (Cini indeksi) s\u00fcr\u0259tl\u0259 b\u00f6y\u00fcm\u0259sin\u0259 g\u0259tirib \u00e7\u0131xar\u0131b. &#8220;Credit Suisse&#8221;nin 2017-ci il \u00fc\u00e7\u00fcn &#8220;Qlobal S\u0259rv\u0259t Hesabat\u0131&#8221;na \u0259sas\u0259n, d\u00fcnyada sosial \u0259dal\u0259tsizlik \u0259n \u00e7ox Rusiyada m\u00fc\u015fahid\u0259 olunur. Bel\u0259 ki, \u00f6lk\u0259nin 75 faiz s\u0259rv\u0259ti \u00f6lk\u0259nin 1 faizini t\u0259\u015fkil ed\u0259n yuxar\u0131 z\u00fcmr\u0259li insanlar\u0131n \u0259lind\u0259 c\u0259ml\u0259\u015fib. M\u00fcqayis\u0259 \u00fc\u00e7\u00fcn dey\u0259k ki, h\u0259tta Hindistan v\u0259 Taylan kimi \u00f6lk\u0259l\u0259rd\u0259 bu r\u0259q\u0259m 58 faizd\u0259n \u00e7ox deyil.\n<\/p>\n<p>\n  \u0130slahaty\u00f6nl\u00fc olmayan v\u0259 bazar iqtisadiyyat\u0131na ke\u00e7idi m\u00fc\u0259mmal\u0131 olan Rusiya kimi bir iqtisadi sistemd\u0259 b\u00f6y\u00fck bir s\u0259rv\u0259tin m\u0259hdud bir \u00e7evr\u0259nin \u0259lind\u0259 olmas\u0131 bu d\u00f6vl\u0259tin istismar\u00e7\u0131 xarakterini g\u00f6st\u0259rir. G\u0259lir b\u0259rab\u0259rsizliyinin m\u00f6vcud h\u0259dd\u0259 q\u0259d\u0259r b\u00f6y\u00fcm\u0259si d\u00f6vl\u0259tin t\u0259nziml\u0259m\u0259 funksiyas\u0131n\u0131n effektiv olmamas\u0131n\u0131n s\u00fcbutudur. Bu nisb\u0259t h\u0259m d\u0259 iqtisadi al\u0259tl\u0259rin sosial diferensasiyas\u0131n\u0131n t\u0259\u015fviqedici rolunun daha da artmas\u0131na i\u015far\u0259dir. Bu is\u0259 o dem\u0259kdir ki, s\u0259rv\u0259t sahibi olanlar \u00f6zl\u0259rinin iqtisadi diktatura qurmaqlar\u0131 il\u0259 c\u0259miyy\u0259ti ifrat varl\u0131lara v\u0259 l\u00fcmpenl\u0259r\u0259 b\u00f6l\u00fcrl\u0259r. Rusiyan\u0131n makroiqtisadi g\u00f6st\u0259ricil\u0259ri s\u00fcbut edir ki, bu nisb\u0259t yax\u0131n ill\u0259rd\u0259 m\u00fcsb\u0259t\u0259 do\u011fru d\u0259yi\u015fm\u0259y\u0259c\u0259k. D\u00f6vl\u0259tin istismar\u00e7\u0131 rolu daha da artacaq. Xarici borclaman\u0131n kritik h\u0259ddi ke\u00e7m\u0259si, resurs as\u0131l\u0131l\u0131\u011f\u0131 v\u0259 \u201csosial y\u00fck\u00fcn\u201d artmas\u0131 Rusiyan\u0131 s\u00fcr\u0259tl\u0259 sosial-iqtisadi v\u0259 siyasi labrint\u0259 apar\u0131r. Bu q\u0259d\u0259r a\u011f\u0131r probleml\u0259ri \u00e7oxsayl\u0131 dialoq m\u00fchitind\u0259 h\u0259ll etm\u0259k \u0259v\u0259zin\u0259, Putinizmin dar \u00e7evr\u0259sind\u0259 x\u0131s\u0131n-x\u0131s\u0131n m\u00fczakir\u0259si n\u0259yi d\u0259yi\u015f\u0259 bil\u0259r ki? Bu q\u0259d\u0259r b\u00f6y\u00fck \u0259razini, t\u0259bii ehtiyatlar\u0131 v\u0259 iqtisadi resurslar\u0131 iki n\u0259f\u0259r dostun duetin\u0259 tabe etdiril\u0259n Putin-Medvedyev yerd\u0259yi\u015fm\u0259si bu d\u0259rd selin\u0259 nec\u0259 y\u00f6n ver\u0259 bil\u0259r ki? Qurdla qiyam\u0259t\u0259 qalacaq q\u0259d\u0259r siyasi g\u00f6rm\u0259mi\u015flik, siyasi duet sahibl\u0259rinin doymaz i\u015ftahlar\u0131n\u0131 n\u0259 vaxta q\u0259d\u0259r doyduracaq?\n<\/p>\n<p>\n  D\u00fcn\u0259n m\u0259tbuat konfrans\u0131nda Putin zabitin o\u011flunun \u00f6z q\u0131l\u0131nc\u0131n\u0131 Kreml \u201csaat\u0131na\u201d d\u0259yi\u015fm\u0259sin\u0259 dair bir \u0259hvalat dan\u0131\u015fd\u0131. \u00d6z\u00fcn\u00fcn yaratd\u0131\u011f\u0131 bir militarist sistem\u0259 b\u0259ra\u0259tqazand\u0131r\u0131c\u0131 m\u0259zmun ver\u0259r\u0259k:\n<\/p>\n<p>\n  \u201cBir g\u00fcn ke\u00e7mi\u015f zabit o\u011flundan soru\u015fur. O\u011flum, m\u0259nim q\u0131l\u0131nc\u0131m var idi, s\u0259n onu g\u00f6rm\u0259mis\u0259n? O\u011ful deyir ki, \u0259s\u0259bl\u0259\u015fm\u0259 ata, m\u0259n onu qon\u015fu h\u0259y\u0259td\u0259ki o\u011flan\u0131n saat\u0131 il\u0259 d\u0259yi\u015fmi\u015f\u0259m. Ata deyir, g\u00f6st\u0259r. O da g\u00f6st\u0259rir. Atas\u0131 deyir: \u201cSaat q\u0259\u015f\u0259ngdir, amma bilirs\u0259n, o\u011flum, sabah quldurlar g\u0259lib m\u0259ni \u00f6ld\u00fcrs\u0259, anan\u0131 \u00f6ld\u00fcrs\u0259, b\u00f6y\u00fck bac\u0131na t\u0259cav\u00fcz ets\u0259, s\u0259n g\u0259lib dey\u0259c\u0259ks\u0259n ki, ax\u015fam\u0131n\u0131z xeyir, indi Moskva vaxt\u0131 il\u0259 saat 12:30-dur?\u201d<br \/>\n  <br \/>\n  Gec\u0259 ke\u00e7\u0259nd\u0259n sonra cinay\u0259t\u0259 m\u0259ruz qalan \u015f\u0259xsl\u0259r bir \u00e7ox hallarda cinay\u0259tkar\u0131n t\u0259sad\u00fcf qurban\u0131 olma\u011f\u0131na g\u00f6r\u0259 h\u0259yat\u0131n\u0131 itirmirl\u0259r. \u0130ndiy\u0259 q\u0259d\u0259r etdikl\u0259ri cinay\u0259tl\u0259rin revan\u015f\u0131 v\u0259 qisas z\u0259minind\u0259 b\u0259d\u0259l \u00f6d\u0259yirl\u0259r. \u201cSaatla\u201d zaman \u00f6l\u00e7\u00fcs\u00fcn\u00fc d\u0259y\u0259rl\u0259ndir\u0259 bilm\u0259y\u0259n, q\u0131l\u0131nca s\u0131\u011f\u0131nma\u011f\u0131 yegan\u0259 \u00e7ar\u0259 bil\u0259c\u0259k. Q\u0131l\u0131ncla d\u00fcnyan\u0131 f\u0259th etm\u0259k ist\u0259y\u0259n, el\u0259 \u201csaat\u0131 da\u201d \u201cq\u0131l\u0131nc\u0131 da\u201d itir\u0259c\u0259k. Zaman\u0131 g\u0259l\u0259nd\u0259 g\u0259zdirdiyi q\u0131l\u0131ncla h\u0259m \u00f6z\u00fcn\u00fc m\u0259hv ed\u0259c\u0259k, h\u0259m d\u0259 qoluna taxd\u0131\u011f\u0131 \u201csaatdan\u201d m\u0259hrum olacaq.\n<\/p>\n<p>\n  Bu \u0259hvalat XXI \u0259srd\u0259 sosial d\u00f6vl\u0259t olma\u011f\u0131 yox, militarist d\u00f6vl\u0259t h\u0259d\u0259fi olan bir sistemin mahiyy\u0259tini ifad\u0259 ed\u0259n b\u0259ra\u0259tqazand\u0131r\u0131c\u0131 uydurmad\u0131r. Bu f\u0259ls\u0259f\u0259y\u0259 k\u00f6kl\u0259n\u0259n bir siyasi zehniyy\u0259tin q\u0131l\u0131nc\u0131n \u00f6n\u0259min\u0259 n\u0259 q\u0259d\u0259r vur\u011fun oldu\u011funu g\u00f6st\u0259rir. \u0130nsana xidm\u0259ti v\u0259 onun maraqlar\u0131n\u0131n t\u0259min edilm\u0259sini deyil, h\u0259rbi q\u00fcdr\u0259tinin nec\u0259 art\u0131r\u0131lmas\u0131na sahib bir zehniyy\u0259tin h\u0259l\u0259 n\u0259 q\u0259d\u0259r separat ocaqlar\u0131 alovland\u0131raca\u011f\u0131n\u0131 g\u00f6r\u0259c\u0259yik&#8230; Bunlar is\u0259 Rusiyan\u0131n g\u00fccl\u0259nm\u0259sini deyil, s\u00fcqutunu yax\u0131nla\u015fd\u0131ran amill\u0259rdir.\n<\/p>\n<p>\n  <i><br \/>\n    <b><br \/>\n      Yaz\u0131 m\u00fc\u0259llifin fikirl\u0259rini \u0259ks etdirir v\u0259 Meydan TV-nin m\u00f6vqeyi il\u0259 \u00fcst-\u00fcst\u0259 d\u00fc\u015fm\u0259y\u0259 bil\u0259r.<br \/>\n    <\/b><br \/>\n  <\/i><\/p>\n","protected":false},"excerpt":{"rendered":"<p>M\u0259h\u0259mm\u0259d Tal\u0131bl\u0131 \u00c7ox d\u0259y\u0259rli intelektual kimi tan\u0131d\u0131\u011f\u0131m\u0131z Araz G\u00fcnd\u00fcz\u00fcn son &#8230; <\/p>\n<p class=\"read-more-container\"><a title=\"Bandit kapitalizmi\" class=\"read-more button\" href=\"https:\/\/www.meydan.tv\/az\/article\/bandit-kapitalizmi\/#more-188513\" aria-label=\"Read more about Bandit kapitalizmi\">Davam\u0131<\/a><\/p>\n","protected":false},"author":11,"featured_media":99076,"comment_status":"closed","ping_status":"open","sticky":false,"template":"","format":"standard","meta":{"_acf_changed":false,"_sitemap_exclude":false,"_sitemap_priority":"","_sitemap_frequency":"","footnotes":""},"categories":[51],"tags":[],"class_list":["post-188513","post","type-post","status-publish","format-standard","has-post-thumbnail","hentry","category-analitika","infinite-scroll-item","generate-columns","tablet-grid-50","mobile-grid-100","grid-parent","grid-33","no-featured-image-padding"],"acf":[],"yoast_head":"<!-- This site is optimized with the Yoast SEO plugin v27.4 - https:\/\/yoast.com\/product\/yoast-seo-wordpress\/ -->\n<title>Bandit kapitalizmi - MEYDAN.TV<\/title>\n<meta name=\"robots\" content=\"index, follow, max-snippet:-1, max-image-preview:large, max-video-preview:-1\" \/>\n<link rel=\"canonical\" href=\"https:\/\/www.meydan.tv\/az\/article\/bandit-kapitalizmi\/\" \/>\n<meta property=\"og:locale\" content=\"az_AZ\" \/>\n<meta property=\"og:type\" content=\"article\" \/>\n<meta property=\"og:title\" content=\"Bandit kapitalizmi - MEYDAN.TV\" \/>\n<meta property=\"og:description\" content=\"M\u0259h\u0259mm\u0259d Tal\u0131bl\u0131 \u00c7ox d\u0259y\u0259rli intelektual kimi tan\u0131d\u0131\u011f\u0131m\u0131z Araz G\u00fcnd\u00fcz\u00fcn son ... Davam\u0131\" \/>\n<meta property=\"og:url\" content=\"https:\/\/www.meydan.tv\/az\/article\/bandit-kapitalizmi\/\" \/>\n<meta property=\"og:site_name\" content=\"MEYDAN.TV\" \/>\n<meta property=\"article:published_time\" content=\"2018-02-05T18:33:00+00:00\" \/>\n<meta property=\"og:image\" content=\"https:\/\/www.meydan.tv\/wp-content\/uploads\/39178.jpg\" \/>\n\t<meta property=\"og:image:width\" content=\"960\" \/>\n\t<meta property=\"og:image:height\" content=\"720\" \/>\n\t<meta property=\"og:image:type\" content=\"image\/jpeg\" \/>\n<meta name=\"author\" content=\"user-manager\" \/>\n<meta name=\"twitter:card\" content=\"summary_large_image\" \/>\n<script type=\"application\/ld+json\" class=\"yoast-schema-graph\">{\"@context\":\"https:\\\/\\\/schema.org\",\"@graph\":[{\"@type\":\"Article\",\"@id\":\"https:\\\/\\\/www.meydan.tv\\\/az\\\/article\\\/bandit-kapitalizmi\\\/#article\",\"isPartOf\":{\"@id\":\"https:\\\/\\\/www.meydan.tv\\\/az\\\/article\\\/bandit-kapitalizmi\\\/\"},\"author\":{\"name\":\"user-manager\",\"@id\":\"https:\\\/\\\/www.meydan.tv\\\/az\\\/#\\\/schema\\\/person\\\/10d11eccf6da3662cf5fdab9806ea91a\"},\"headline\":\"Bandit kapitalizmi\",\"datePublished\":\"2018-02-05T18:33:00+00:00\",\"mainEntityOfPage\":{\"@id\":\"https:\\\/\\\/www.meydan.tv\\\/az\\\/article\\\/bandit-kapitalizmi\\\/\"},\"wordCount\":1542,\"publisher\":{\"@id\":\"https:\\\/\\\/www.meydan.tv\\\/az\\\/#organization\"},\"image\":{\"@id\":\"https:\\\/\\\/www.meydan.tv\\\/az\\\/article\\\/bandit-kapitalizmi\\\/#primaryimage\"},\"thumbnailUrl\":\"https:\\\/\\\/www.meydan.tv\\\/wp-content\\\/uploads\\\/39178.jpg\",\"articleSection\":[\"Analitika\"],\"inLanguage\":\"az\"},{\"@type\":\"WebPage\",\"@id\":\"https:\\\/\\\/www.meydan.tv\\\/az\\\/article\\\/bandit-kapitalizmi\\\/\",\"url\":\"https:\\\/\\\/www.meydan.tv\\\/az\\\/article\\\/bandit-kapitalizmi\\\/\",\"name\":\"Bandit kapitalizmi - MEYDAN.TV\",\"isPartOf\":{\"@id\":\"https:\\\/\\\/www.meydan.tv\\\/az\\\/#website\"},\"primaryImageOfPage\":{\"@id\":\"https:\\\/\\\/www.meydan.tv\\\/az\\\/article\\\/bandit-kapitalizmi\\\/#primaryimage\"},\"image\":{\"@id\":\"https:\\\/\\\/www.meydan.tv\\\/az\\\/article\\\/bandit-kapitalizmi\\\/#primaryimage\"},\"thumbnailUrl\":\"https:\\\/\\\/www.meydan.tv\\\/wp-content\\\/uploads\\\/39178.jpg\",\"datePublished\":\"2018-02-05T18:33:00+00:00\",\"breadcrumb\":{\"@id\":\"https:\\\/\\\/www.meydan.tv\\\/az\\\/article\\\/bandit-kapitalizmi\\\/#breadcrumb\"},\"inLanguage\":\"az\",\"potentialAction\":[{\"@type\":\"ReadAction\",\"target\":[\"https:\\\/\\\/www.meydan.tv\\\/az\\\/article\\\/bandit-kapitalizmi\\\/\"]}]},{\"@type\":\"ImageObject\",\"inLanguage\":\"az\",\"@id\":\"https:\\\/\\\/www.meydan.tv\\\/az\\\/article\\\/bandit-kapitalizmi\\\/#primaryimage\",\"url\":\"https:\\\/\\\/www.meydan.tv\\\/wp-content\\\/uploads\\\/39178.jpg\",\"contentUrl\":\"https:\\\/\\\/www.meydan.tv\\\/wp-content\\\/uploads\\\/39178.jpg\",\"width\":960,\"height\":720,\"caption\":\"Source:\"},{\"@type\":\"BreadcrumbList\",\"@id\":\"https:\\\/\\\/www.meydan.tv\\\/az\\\/article\\\/bandit-kapitalizmi\\\/#breadcrumb\",\"itemListElement\":[{\"@type\":\"ListItem\",\"position\":1,\"name\":\"Ana s\u0259hif\u0259\",\"item\":\"https:\\\/\\\/www.meydan.tv\\\/az\\\/\"},{\"@type\":\"ListItem\",\"position\":2,\"name\":\"Analitika\",\"item\":\"https:\\\/\\\/www.meydan.tv\\\/az\\\/section\\\/analitika\\\/\"},{\"@type\":\"ListItem\",\"position\":3,\"name\":\"Bandit kapitalizmi\"}]},{\"@type\":\"WebSite\",\"@id\":\"https:\\\/\\\/www.meydan.tv\\\/az\\\/#website\",\"url\":\"https:\\\/\\\/www.meydan.tv\\\/az\\\/\",\"name\":\"MEYDAN.TV\",\"description\":\"Meydan TV Az\u0259rbaycan\u0131n media m\u0259kan\u0131ndak\u0131 alternativ s\u0259sidir\",\"publisher\":{\"@id\":\"https:\\\/\\\/www.meydan.tv\\\/az\\\/#organization\"},\"potentialAction\":[{\"@type\":\"SearchAction\",\"target\":{\"@type\":\"EntryPoint\",\"urlTemplate\":\"https:\\\/\\\/www.meydan.tv\\\/az\\\/?s={search_term_string}\"},\"query-input\":{\"@type\":\"PropertyValueSpecification\",\"valueRequired\":true,\"valueName\":\"search_term_string\"}}],\"inLanguage\":\"az\"},{\"@type\":\"Organization\",\"@id\":\"https:\\\/\\\/www.meydan.tv\\\/az\\\/#organization\",\"name\":\"Meydan TV\",\"url\":\"https:\\\/\\\/www.meydan.tv\\\/az\\\/\",\"logo\":{\"@type\":\"ImageObject\",\"inLanguage\":\"az\",\"@id\":\"https:\\\/\\\/www.meydan.tv\\\/az\\\/#\\\/schema\\\/logo\\\/image\\\/\",\"url\":\"https:\\\/\\\/www.meydan.tv\\\/wp-content\\\/uploads\\\/2021\\\/07\\\/meydan-logo.svg\",\"contentUrl\":\"https:\\\/\\\/www.meydan.tv\\\/wp-content\\\/uploads\\\/2021\\\/07\\\/meydan-logo.svg\",\"width\":195,\"height\":46,\"caption\":\"Meydan TV\"},\"image\":{\"@id\":\"https:\\\/\\\/www.meydan.tv\\\/az\\\/#\\\/schema\\\/logo\\\/image\\\/\"}},{\"@type\":\"Person\",\"@id\":\"https:\\\/\\\/www.meydan.tv\\\/az\\\/#\\\/schema\\\/person\\\/10d11eccf6da3662cf5fdab9806ea91a\",\"name\":\"user-manager\"}]}<\/script>\n<!-- \/ Yoast SEO plugin. -->","yoast_head_json":{"title":"Bandit kapitalizmi - MEYDAN.TV","robots":{"index":"index","follow":"follow","max-snippet":"max-snippet:-1","max-image-preview":"max-image-preview:large","max-video-preview":"max-video-preview:-1"},"canonical":"https:\/\/www.meydan.tv\/az\/article\/bandit-kapitalizmi\/","og_locale":"az_AZ","og_type":"article","og_title":"Bandit kapitalizmi - MEYDAN.TV","og_description":"M\u0259h\u0259mm\u0259d Tal\u0131bl\u0131 \u00c7ox d\u0259y\u0259rli intelektual kimi tan\u0131d\u0131\u011f\u0131m\u0131z Araz G\u00fcnd\u00fcz\u00fcn son ... Davam\u0131","og_url":"https:\/\/www.meydan.tv\/az\/article\/bandit-kapitalizmi\/","og_site_name":"MEYDAN.TV","article_published_time":"2018-02-05T18:33:00+00:00","og_image":[{"width":960,"height":720,"url":"https:\/\/www.meydan.tv\/wp-content\/uploads\/39178.jpg","type":"image\/jpeg"}],"author":"user-manager","twitter_card":"summary_large_image","schema":{"@context":"https:\/\/schema.org","@graph":[{"@type":"Article","@id":"https:\/\/www.meydan.tv\/az\/article\/bandit-kapitalizmi\/#article","isPartOf":{"@id":"https:\/\/www.meydan.tv\/az\/article\/bandit-kapitalizmi\/"},"author":{"name":"user-manager","@id":"https:\/\/www.meydan.tv\/az\/#\/schema\/person\/10d11eccf6da3662cf5fdab9806ea91a"},"headline":"Bandit kapitalizmi","datePublished":"2018-02-05T18:33:00+00:00","mainEntityOfPage":{"@id":"https:\/\/www.meydan.tv\/az\/article\/bandit-kapitalizmi\/"},"wordCount":1542,"publisher":{"@id":"https:\/\/www.meydan.tv\/az\/#organization"},"image":{"@id":"https:\/\/www.meydan.tv\/az\/article\/bandit-kapitalizmi\/#primaryimage"},"thumbnailUrl":"https:\/\/www.meydan.tv\/wp-content\/uploads\/39178.jpg","articleSection":["Analitika"],"inLanguage":"az"},{"@type":"WebPage","@id":"https:\/\/www.meydan.tv\/az\/article\/bandit-kapitalizmi\/","url":"https:\/\/www.meydan.tv\/az\/article\/bandit-kapitalizmi\/","name":"Bandit kapitalizmi - MEYDAN.TV","isPartOf":{"@id":"https:\/\/www.meydan.tv\/az\/#website"},"primaryImageOfPage":{"@id":"https:\/\/www.meydan.tv\/az\/article\/bandit-kapitalizmi\/#primaryimage"},"image":{"@id":"https:\/\/www.meydan.tv\/az\/article\/bandit-kapitalizmi\/#primaryimage"},"thumbnailUrl":"https:\/\/www.meydan.tv\/wp-content\/uploads\/39178.jpg","datePublished":"2018-02-05T18:33:00+00:00","breadcrumb":{"@id":"https:\/\/www.meydan.tv\/az\/article\/bandit-kapitalizmi\/#breadcrumb"},"inLanguage":"az","potentialAction":[{"@type":"ReadAction","target":["https:\/\/www.meydan.tv\/az\/article\/bandit-kapitalizmi\/"]}]},{"@type":"ImageObject","inLanguage":"az","@id":"https:\/\/www.meydan.tv\/az\/article\/bandit-kapitalizmi\/#primaryimage","url":"https:\/\/www.meydan.tv\/wp-content\/uploads\/39178.jpg","contentUrl":"https:\/\/www.meydan.tv\/wp-content\/uploads\/39178.jpg","width":960,"height":720,"caption":"Source:"},{"@type":"BreadcrumbList","@id":"https:\/\/www.meydan.tv\/az\/article\/bandit-kapitalizmi\/#breadcrumb","itemListElement":[{"@type":"ListItem","position":1,"name":"Ana s\u0259hif\u0259","item":"https:\/\/www.meydan.tv\/az\/"},{"@type":"ListItem","position":2,"name":"Analitika","item":"https:\/\/www.meydan.tv\/az\/section\/analitika\/"},{"@type":"ListItem","position":3,"name":"Bandit kapitalizmi"}]},{"@type":"WebSite","@id":"https:\/\/www.meydan.tv\/az\/#website","url":"https:\/\/www.meydan.tv\/az\/","name":"MEYDAN.TV","description":"Meydan TV Az\u0259rbaycan\u0131n media m\u0259kan\u0131ndak\u0131 alternativ s\u0259sidir","publisher":{"@id":"https:\/\/www.meydan.tv\/az\/#organization"},"potentialAction":[{"@type":"SearchAction","target":{"@type":"EntryPoint","urlTemplate":"https:\/\/www.meydan.tv\/az\/?s={search_term_string}"},"query-input":{"@type":"PropertyValueSpecification","valueRequired":true,"valueName":"search_term_string"}}],"inLanguage":"az"},{"@type":"Organization","@id":"https:\/\/www.meydan.tv\/az\/#organization","name":"Meydan TV","url":"https:\/\/www.meydan.tv\/az\/","logo":{"@type":"ImageObject","inLanguage":"az","@id":"https:\/\/www.meydan.tv\/az\/#\/schema\/logo\/image\/","url":"https:\/\/www.meydan.tv\/wp-content\/uploads\/2021\/07\/meydan-logo.svg","contentUrl":"https:\/\/www.meydan.tv\/wp-content\/uploads\/2021\/07\/meydan-logo.svg","width":195,"height":46,"caption":"Meydan TV"},"image":{"@id":"https:\/\/www.meydan.tv\/az\/#\/schema\/logo\/image\/"}},{"@type":"Person","@id":"https:\/\/www.meydan.tv\/az\/#\/schema\/person\/10d11eccf6da3662cf5fdab9806ea91a","name":"user-manager"}]}},"_links":{"self":[{"href":"https:\/\/www.meydan.tv\/az\/wp-json\/wp\/v2\/posts\/188513","targetHints":{"allow":["GET"]}}],"collection":[{"href":"https:\/\/www.meydan.tv\/az\/wp-json\/wp\/v2\/posts"}],"about":[{"href":"https:\/\/www.meydan.tv\/az\/wp-json\/wp\/v2\/types\/post"}],"author":[{"embeddable":true,"href":"https:\/\/www.meydan.tv\/az\/wp-json\/wp\/v2\/users\/11"}],"replies":[{"embeddable":true,"href":"https:\/\/www.meydan.tv\/az\/wp-json\/wp\/v2\/comments?post=188513"}],"version-history":[{"count":0,"href":"https:\/\/www.meydan.tv\/az\/wp-json\/wp\/v2\/posts\/188513\/revisions"}],"wp:featuredmedia":[{"embeddable":true,"href":"https:\/\/www.meydan.tv\/az\/wp-json\/wp\/v2\/media\/99076"}],"wp:attachment":[{"href":"https:\/\/www.meydan.tv\/az\/wp-json\/wp\/v2\/media?parent=188513"}],"wp:term":[{"taxonomy":"category","embeddable":true,"href":"https:\/\/www.meydan.tv\/az\/wp-json\/wp\/v2\/categories?post=188513"},{"taxonomy":"post_tag","embeddable":true,"href":"https:\/\/www.meydan.tv\/az\/wp-json\/wp\/v2\/tags?post=188513"}],"curies":[{"name":"wp","href":"https:\/\/api.w.org\/{rel}","templated":true}]}}