{"id":188496,"date":"2018-02-04T19:43:41","date_gmt":"2018-02-04T19:43:41","guid":{"rendered":"https:\/\/www.meydan.tv\/article\/yuxu\/"},"modified":"2018-02-04T19:43:41","modified_gmt":"2018-02-04T19:43:41","slug":"yuxu","status":"publish","type":"post","link":"https:\/\/www.meydan.tv\/az\/article\/yuxu\/","title":{"rendered":"Yuxu"},"content":{"rendered":"<figure class=\"wp-block-image size-large\">\n  <img decoding=\"async\" src=\"https:\/\/www.meydan.tv\/az\/98995\/\" alt=\"\" class=\"wp-image-98995\"\/><figcaption><\/figcaption><\/figure>\n<p><div>\n    2013-c\u00fc il fevral\u0131n 5-d\u0259 bir-birini tan\u0131mayan 2 f\u0259rqli insan s\u0259h\u0259r yuxudan durdu. Bu insanlardan biri s\u0259liq\u0259li geyimini geyinib yeni ald\u0131\u011f\u0131 bahal\u0131 avtomobilin\u0259 \u0259yl\u0259\u015fib \u00f6lk\u0259nin \u0259n b\u00f6y\u00fck holdinql\u0259rind\u0259n birind\u0259 i\u015fin\u0259 getdi. Dig\u0259r insan is\u0259 bir g\u00fcn \u0259vv\u0259ld\u0259n telefonuna g\u0259l\u0259n z\u0259ngl\u0259 ona bildiril\u0259n ba\u015fqa bir \u00fcnvana \u2013 A\u011f\u0131r Cinay\u0259tl\u0259r \u00dczr\u0259 Ba\u015f Polis \u0130dar\u0259sin\u0259 t\u0259r\u0259f \u00fcz tutdu. Bu \u015f\u0259xsl\u0259rin kim olmas\u0131 il\u0259 ba\u011fl\u0131 y\u0259qin ki, ilkin t\u0259s\u0259vv\u00fcr\u00fcn\u00fcz formala\u015fd\u0131. B\u0259li, bu insanlardan biri bu s\u0259tirl\u0259rin m\u00fc\u0259llifi, dig\u0259ri is\u0259 \u0130lqar M\u0259mm\u0259dov idi.\n  <\/div>\n<\/p>\n<p><div><\/div>\n<\/p>\n<p><div>\n    H\u0259min g\u00fcn ax\u015fam m\u0259n holdinqd\u0259 i\u015fimi bitirib dostlar\u0131mla g\u00f6r\u00fc\u015f\u0259nd\u0259n sonra ev\u0259 qay\u0131td\u0131m. \u0130lqar is\u0259 h\u0259min g\u00fcn ev\u0259 qay\u0131tmad\u0131. \u0130lqar h\u0259min g\u00fcnd\u0259n sonra evin\u0259 he\u00e7 qay\u0131tmad\u0131. Qay\u0131da bilm\u0259di. Onu h\u0259bs etdil\u0259r. H\u0259min gec\u0259 m\u0259n evimd\u0259, isti yata\u011f\u0131mda m\u0131\u015f\u0131l-m\u0131\u015f\u0131l yatd\u0131m, \u0130lqar\u0131n is\u0259 hans\u0131 \u015f\u0259raitd\u0259 yatmas\u0131 m\u0259lum deyil. H\u0259tta yata bildimi, bu da sual alt\u0131ndad\u0131r.\n  <\/div>\n<\/p>\n<p><div><\/div>\n<\/p>\n<p><div>\n    H\u0259min gec\u0259, ondan \u0259vv\u0259lki gec\u0259l\u0259r, h\u0259tta ondan sonrak\u0131 iki ild\u0259 m\u0259n h\u0259mi\u015f\u0259 \u201cyat\u0131l\u0131\u201d v\u0259ziyy\u0259td\u0259 oldum, oyaq olsam bel\u0259, g\u00f6zl\u0259rim a\u00e7\u0131q olsa bel\u0259, ayaq \u00fcst\u0259 dursam bel\u0259, i\u015f g\u00f6rs\u0259m bel\u0259, m\u0259n \u0259slind\u0259 \u201cyat\u0131rd\u0131m\u201d.\u00a0 O is\u0259 ondan \u0259vv\u0259lki gec\u0259l\u0259rd\u0259 d\u0259, h\u0259min gec\u0259 d\u0259, ondan sonrak\u0131 gec\u0259l\u0259rd\u0259 d\u0259 yuxuya gets\u0259 bel\u0259, \u00a0h\u0259mi\u015f\u0259 \u201coyaq\u201d idi.\n  <\/div>\n<\/p>\n<p><div><\/div>\n<\/p>\n<p><div>\n    M\u0259n \u201cyuxulu\u201d oldu\u011fum zamanlarda x\u0259b\u0259rim bel\u0259 yox idi ki, bu \u00f6lk\u0259d\u0259 \u0130lqar adl\u0131 bir insan m\u0259nim, s\u0259nin, onun, bizim, ham\u0131m\u0131z \u00fc\u00e7\u00fcn yuxusuna haram qat\u0131b m\u00fcbariz\u0259 apar\u0131r. Biz \u00f6z\u00fcm\u00fcz\u00fc oyaq san\u0131b \u0259slind\u0259 lunatik \u015f\u0259klind\u0259 g\u0259z\u0259n x\u0259b\u0259rsizl\u0259r ordusu idik, o is\u0259 bizi yuxudan oyatma\u011fa \u00e7al\u0131\u015fan bir c\u00fcmhuriyy\u0259t\u00e7i.\n  <\/div>\n<\/p>\n<p><div><\/div>\n<\/p>\n<p><div>\n    M\u0259nim \u201cyuxu\u201ddan ay\u0131lma\u011f\u0131m iki il \u00e7\u0259kdi. Bir g\u00fcn bu \u201coyaq\u201d insan\u0131n komandas\u0131 il\u0259, internet \u00fcz\u0259rind\u0259n \u00e7\u0131x\u0131\u015flar\u0131 il\u0259 tan\u0131\u015f olanda anlad\u0131m ki, ay\u0131lmaq \u00fc\u00e7\u00fcn \u00e7ox gecikmi\u015f\u0259m. B\u0259zi insanlar m\u0259nd\u0259n \u0259vv\u0259l oyanm\u0131\u015fd\u0131lar, m\u0259n h\u0259min \u201coyaq\u201d insanlar\u0131n c\u0259rg\u0259sin\u0259 qo\u015fuldum. Amma meydana \u00e7\u0131xanda anlad\u0131m ki, gecik\u0259n m\u0259n deyil\u0259m. M\u0259n \u201ci\u015f\u0259 getm\u0259yin\u201d tam zaman\u0131nda ay\u0131lm\u0131\u015fam, avtomobili bir az s\u00fcr\u0259tl\u0259 idar\u0259 ets\u0259m, i\u015f\u0259 vaxt\u0131nda \u00e7ata bil\u0259r\u0259m, g\u00f6r\u0259c\u0259yim, g\u00f6rm\u0259li oldu\u011fum i\u015fl\u0259ri vaxt\u0131nda yeti\u015fdir\u0259 bil\u0259r\u0259m. B\u0259s gerid\u0259 qalan \u201cyatanlar\u201d?\n  <\/div>\n<\/p>\n<p><div><\/div>\n<\/p>\n<p><div>\n    Bu g\u00fcn oyaq insanlara bax\u0131ram, say\u0131m\u0131z \u00e7ox azd\u0131r. Biz yatm\u0131\u015f xalq\u0131 oyad\u0131b \u201ci\u015f\u0259\u201d getm\u0259l\u0259rini ist\u0259yirik, amma m\u0259lum \u201coyaq\u201dlar bunu biz\u0259 imkan vermir, h\u0259r f\u00fcrs\u0259td\u0259 mane olma\u011fa \u00e7al\u0131\u015f\u0131r. Onlar anlay\u0131rlar ki, bu xalq \u201coyansa\u201d, onlar \u201ci\u015fl\u0259rini itir\u0259c\u0259kl\u0259r\u201d, bacar\u0131qs\u0131zl\u0131qlar\u0131n\u0131n hesab\u0131n\u0131 verm\u0259li olacaqlar. Bu hesab\u0131 verm\u0259m\u0259k \u00fc\u00e7\u00fcn \u0259ll\u0259rind\u0259n g\u0259l\u0259ni edirl\u0259r, biz oyaqlar\u0131 ciddi-c\u0259hdl\u0259 \u0259ng\u0259ll\u0259m\u0259y\u0259 \u00e7al\u0131\u015f\u0131rlar.\n  <\/div>\n<\/p>\n<p><div><\/div>\n<\/p>\n<p><div>\n    Az\u0259rbaycan xalq\u0131 bir d\u0259f\u0259 yuxudan oyanmaq \u00fc\u00e7\u00fcn 70 il g\u00f6zl\u0259di. Oyand\u0131, yer-yerind\u0259n silk\u0259l\u0259ndi, da\u015flar yerin\u0259 oturdu, azadl\u0131\u011f\u0131n\u0131 \u0259ld\u0259 etdi v\u0259 geri \u00e7\u0259kildi. Xalq\u0131 g\u00fcnahland\u0131rm\u0131ram, bu normal v\u0259 t\u0259bii oland\u0131r. Xalq h\u0259r d\u0259f\u0259 aya\u011fa qalxmal\u0131 deyil, oturdu\u011fu yerd\u0259n d\u0259 i\u015fini g\u00f6r\u0259 bil\u0259r. Amma t\u0259\u0259ss\u00fcf ki, Az\u0259rbaycan xalq\u0131 oturdu\u011fu yerd\u0259 yat\u0131b. \u018fg\u0259r oyanmasa, oturulu yatma\u011f\u0131n sonu y\u0131x\u0131lmaqd\u0131r, n\u0259tic\u0259 is\u0259 z\u0259d\u0259l\u0259nm\u0259kdir, bu z\u0259d\u0259 is\u0259 b\u0259d\u0259n\u0259 ciddi ziyan vura bil\u0259r.\n  <\/div>\n<\/p>\n<p><div><\/div>\n<\/p>\n<p><div>\n    Bu g\u00fcn \u0130lqar M\u0259mm\u0259dov Az\u0259rbaycan xalq\u0131n\u0131 \u201coyatmaq\u201d ist\u0259diyi \u00fc\u00e7\u00fcn 5 ildir ki, h\u0259bsd\u0259 \u201cyat\u0131r\u201d. \u00a0 \u0130lqar Az\u0259rbaycan insan\u0131n\u0131n z\u0259d\u0259 almas\u0131n\u0131 ist\u0259m\u0259diyi \u00fc\u00e7\u00fcn 5 ilini h\u0259bsd\u0259 ke\u00e7irm\u0259y\u0259 raz\u0131 olub. Xalq is\u0259 yuxuda oldu\u011fu \u00fc\u00e7\u00fcn bundan x\u0259b\u0259ri yoxdur.\n  <\/div>\n<\/p>\n<p><div><\/div>\n<\/p>\n<p><div>\n    Tez-tez i\u015fl\u0259dil\u0259n m\u0259s\u0259l var, Az\u0259rbaycan xalq\u0131 yatm\u0131\u015f \u015firdir, burda oyatsan qalxacaq, gedib dig\u0259r t\u0259r\u0259fd\u0259 yatacaq. Az\u0259rbaycandan Avropaya g\u0259l\u0259n y\u00fczl\u0259rl\u0259 siyasi m\u00fchaciri eynil\u0259 o \u015fir\u0259 b\u0259nz\u0259dir\u0259m. Az\u0259rbaycanda \u201c\u0259sn\u0259y\u0259n\u201d insanlar yuxudan qalxma\u011fa c\u0259hd ets\u0259l\u0259r d\u0259, Avropada yen\u0259 \u201cyatma\u011fa\u201d \u00fcst\u00fcnl\u00fck verdil\u0259r. Bu insanlar can\u0131n\u0131 ortaya qoyan \u0130lqar M\u0259mm\u0259dovla b\u0259rab\u0259r 150 n\u0259f\u0259rd\u0259n art\u0131q siyasi m\u0259hbus, bir o q\u0259d\u0259r d\u0259 siyasi m\u0259hbus olub azadl\u0131\u011fa \u00e7\u0131xan insanlara r\u0259\u011fm\u0259n \u00a0\u015firin yuxudan oyan\u0131b ac\u0131 reall\u0131\u011f\u0131n g\u00f6z\u00fcn\u0259 baxmaq ist\u0259m\u0259dil\u0259r. Maraql\u0131d\u0131r, n\u00f6vb\u0259ti oyan\u0131\u015f \u00fc\u00e7\u00fcn yenid\u0259n 65 il g\u00f6zl\u0259m\u0259kmi laz\u0131md\u0131r? \u00d6t\u0259n 70 ild\u0259 yatark\u0259n d\u0259y\u0259n ziyanlar d\u0259rs olmad\u0131m\u0131? Yoxsa h\u0259l\u0259 d\u0259 m\u0259nd\u0259n \u00f6t\u0259n kim\u0259 d\u0259yirs\u0259 d\u0259ysin prinsipi il\u0259 ya\u015fay\u0131r\u0131q? Oyanmasaq, bizd\u0259n \u00f6t\u0259n sad\u0259c\u0259 bizd\u0259n sonra g\u0259l\u0259nl\u0259r\u0259, birba\u015fa \u00f6vladlar\u0131m\u0131za d\u0259y\u0259c\u0259k. H\u0259tta \u00f6vladlar\u0131m\u0131z \u00fc\u00e7\u00fcn d\u0259 oyanma\u011fa d\u0259ym\u0259zmi?\n  <\/div>\n<\/p>\n<p><div><\/div>\n<\/p>\n<p><div>\n    \u0130lqar M\u0259mm\u0259dov bu yaz\u0131n\u0131 b\u00f6y\u00fck ehtimal oxumayacaq, oxuya bilm\u0259y\u0259c\u0259k. Amma ona m\u00fcraci\u0259t edir\u0259m: \u0130lqar b\u0259y, s\u0259sinizi vaxt\u0131nda e\u015fitm\u0259diyim \u00fc\u00e7\u00fcn yat\u0131b yuxuya qalm\u0131\u015fam, iki il gec oyanm\u0131\u015fam. Buna g\u00f6r\u0259 sizd\u0259n \u00fczr ist\u0259yir\u0259m. \u018fmin\u0259m, gec oyananlar\u0131n ham\u0131s\u0131nda bu \u00fczrxahl\u0131q var. Amma bu \u00fczrxahl\u0131\u011f\u0131n yan\u0131nda siz\u0259 ayr\u0131ca t\u0259\u015f\u0259kk\u00fcr d\u0259 edirik. Bizi oyatd\u0131\u011f\u0131n\u0131z \u00fc\u00e7\u00fcn, dig\u0259rl\u0259rini oyatma\u011fa bizl\u0259ri vasit\u0259\u00e7i etdiyiniz \u00fc\u00e7\u00fcn v\u0259 n\u0259hay\u0259t, oyand\u0131qdan sonra ir\u0259li\u0259m\u0259k \u00fc\u00e7\u00fcn C\u00fcmhuriyy\u0259t adl\u0131 c\u0131\u011f\u0131r a\u00e7d\u0131\u011f\u0131n\u0131z \u00fc\u00e7\u00fcn. \u018fmin olun, 5 ilinizi h\u0259d\u0259r yer\u0259 s\u0259rf etm\u0259diniz, 5 il bir he\u00e7 \u00fc\u00e7\u00fcn \u201cyatmad\u0131n\u0131z\u201d v\u0259 \u00fcmid edir\u0259m ki, b\u00f6y\u00fck oyan\u0131\u015f \u00fc\u00e7\u00fcn 65 il g\u00f6zl\u0259m\u0259y\u0259c\u0259yik.\n  <\/div>\n<\/p>\n<p><div><\/div>\n<\/p>\n<p><div>\n    Yaz\u0131n\u0131n son c\u00fcml\u0259sini xahi\u015f, sonra is\u0259 t\u0259l\u0259bl\u0259 bitirir\u0259m: \u0130lqar M\u0259mm\u0259dov, z\u0259hm\u0259t olmasa, \u00e7\u0131x\u0131n azadl\u0131\u011fa, a\u00e7d\u0131\u011f\u0131n\u0131z C\u00fcmhuriyy\u0259t c\u0131\u011f\u0131r\u0131nda \u00f6n\u0259 d\u00fc\u015f\u00fcn, birg\u0259 add\u0131mlay\u0131b yuxu g\u0259tir\u0259n bu qaranl\u0131q me\u015f\u0259d\u0259n oyaq qalma\u011fa s\u0259b\u0259b yaradan g\u00fcn\u0259\u015fli a\u00e7\u0131ql\u0131\u011fa \u00e7\u0131xaq. C\u00fcmhuriyy\u0259t g\u00fcn\u0259\u015fi g\u00f6yl\u0259rd\u0259 bizim \u00fc\u00e7\u00fcn \u015f\u00fca sa\u00e7s\u0131n. Bu g\u00fcn\u0259\u015f, bu i\u015f\u0131q, bu nur Az\u0259rbaycan xalq\u0131n\u0131n haqq\u0131d\u0131r.\n  <\/div>\n<\/p>\n<p><div>\n    <i><br \/>\n      <b><br \/>\n        Yaz\u0131 m\u00fc\u0259llifin fikirl\u0259rini \u0259ks etdirir v\u0259 Meydan TV-nin m\u00f6vqeyi il\u0259 \u00fcst-\u00fcst\u0259 d\u00fc\u015fm\u0259y\u0259 bil\u0259r.<br \/>\n      <\/b><br \/>\n    <\/i>\n  <\/div><\/p>\n","protected":false},"excerpt":{"rendered":"<p>\u0130lqar adl\u0131 bir insan m\u0259nim, s\u0259nin, onun, bizim, ham\u0131m\u0131z \u00fc\u00e7\u00fcn yuxusuna haram qat\u0131b m\u00fcbariz\u0259 apar\u0131r.<\/p>\n","protected":false},"author":11,"featured_media":98995,"comment_status":"closed","ping_status":"open","sticky":false,"template":"","format":"standard","meta":{"_acf_changed":false,"_sitemap_exclude":false,"_sitemap_priority":"","_sitemap_frequency":"","footnotes":""},"categories":[57],"tags":[],"class_list":["post-188496","post","type-post","status-publish","format-standard","has-post-thumbnail","hentry","category-menim-fikrimce","infinite-scroll-item","generate-columns","tablet-grid-50","mobile-grid-100","grid-parent","grid-33","no-featured-image-padding"],"acf":[],"yoast_head":"<!-- This site is optimized with the Yoast SEO plugin v27.5 - https:\/\/yoast.com\/product\/yoast-seo-wordpress\/ -->\n<title>Yuxu - MEYDAN.TV<\/title>\n<meta name=\"robots\" content=\"index, follow, max-snippet:-1, max-image-preview:large, max-video-preview:-1\" \/>\n<link rel=\"canonical\" href=\"https:\/\/www.meydan.tv\/az\/article\/yuxu\/\" \/>\n<meta property=\"og:locale\" content=\"az_AZ\" \/>\n<meta property=\"og:type\" content=\"article\" \/>\n<meta property=\"og:title\" content=\"Yuxu - MEYDAN.TV\" \/>\n<meta property=\"og:description\" content=\"\u0130lqar adl\u0131 bir insan m\u0259nim, s\u0259nin, onun, bizim, ham\u0131m\u0131z \u00fc\u00e7\u00fcn yuxusuna haram qat\u0131b m\u00fcbariz\u0259 apar\u0131r.\" \/>\n<meta property=\"og:url\" content=\"https:\/\/www.meydan.tv\/az\/article\/yuxu\/\" \/>\n<meta property=\"og:site_name\" content=\"MEYDAN.TV\" \/>\n<meta property=\"article:published_time\" content=\"2018-02-04T19:43:41+00:00\" \/>\n<meta property=\"og:image\" content=\"https:\/\/www.meydan.tv\/wp-content\/uploads\/39147.jpg\" \/>\n\t<meta property=\"og:image:width\" content=\"720\" \/>\n\t<meta property=\"og:image:height\" content=\"540\" \/>\n\t<meta property=\"og:image:type\" content=\"image\/jpeg\" \/>\n<meta name=\"author\" content=\"user-manager\" \/>\n<meta name=\"twitter:card\" content=\"summary_large_image\" \/>\n<script type=\"application\/ld+json\" class=\"yoast-schema-graph\">{\"@context\":\"https:\\\/\\\/schema.org\",\"@graph\":[{\"@type\":\"Article\",\"@id\":\"https:\\\/\\\/www.meydan.tv\\\/az\\\/article\\\/yuxu\\\/#article\",\"isPartOf\":{\"@id\":\"https:\\\/\\\/www.meydan.tv\\\/az\\\/article\\\/yuxu\\\/\"},\"author\":{\"name\":\"user-manager\",\"@id\":\"https:\\\/\\\/www.meydan.tv\\\/az\\\/#\\\/schema\\\/person\\\/10d11eccf6da3662cf5fdab9806ea91a\"},\"headline\":\"Yuxu\",\"datePublished\":\"2018-02-04T19:43:41+00:00\",\"mainEntityOfPage\":{\"@id\":\"https:\\\/\\\/www.meydan.tv\\\/az\\\/article\\\/yuxu\\\/\"},\"wordCount\":1208,\"publisher\":{\"@id\":\"https:\\\/\\\/www.meydan.tv\\\/az\\\/#organization\"},\"image\":{\"@id\":\"https:\\\/\\\/www.meydan.tv\\\/az\\\/article\\\/yuxu\\\/#primaryimage\"},\"thumbnailUrl\":\"https:\\\/\\\/www.meydan.tv\\\/wp-content\\\/uploads\\\/39147.jpg\",\"articleSection\":[\"M\u0259nim Fikrimc\u0259\"],\"inLanguage\":\"az\"},{\"@type\":\"WebPage\",\"@id\":\"https:\\\/\\\/www.meydan.tv\\\/az\\\/article\\\/yuxu\\\/\",\"url\":\"https:\\\/\\\/www.meydan.tv\\\/az\\\/article\\\/yuxu\\\/\",\"name\":\"Yuxu - MEYDAN.TV\",\"isPartOf\":{\"@id\":\"https:\\\/\\\/www.meydan.tv\\\/az\\\/#website\"},\"primaryImageOfPage\":{\"@id\":\"https:\\\/\\\/www.meydan.tv\\\/az\\\/article\\\/yuxu\\\/#primaryimage\"},\"image\":{\"@id\":\"https:\\\/\\\/www.meydan.tv\\\/az\\\/article\\\/yuxu\\\/#primaryimage\"},\"thumbnailUrl\":\"https:\\\/\\\/www.meydan.tv\\\/wp-content\\\/uploads\\\/39147.jpg\",\"datePublished\":\"2018-02-04T19:43:41+00:00\",\"breadcrumb\":{\"@id\":\"https:\\\/\\\/www.meydan.tv\\\/az\\\/article\\\/yuxu\\\/#breadcrumb\"},\"inLanguage\":\"az\",\"potentialAction\":[{\"@type\":\"ReadAction\",\"target\":[\"https:\\\/\\\/www.meydan.tv\\\/az\\\/article\\\/yuxu\\\/\"]}]},{\"@type\":\"ImageObject\",\"inLanguage\":\"az\",\"@id\":\"https:\\\/\\\/www.meydan.tv\\\/az\\\/article\\\/yuxu\\\/#primaryimage\",\"url\":\"https:\\\/\\\/www.meydan.tv\\\/wp-content\\\/uploads\\\/39147.jpg\",\"contentUrl\":\"https:\\\/\\\/www.meydan.tv\\\/wp-content\\\/uploads\\\/39147.jpg\",\"width\":720,\"height\":540,\"caption\":\"Source:\"},{\"@type\":\"BreadcrumbList\",\"@id\":\"https:\\\/\\\/www.meydan.tv\\\/az\\\/article\\\/yuxu\\\/#breadcrumb\",\"itemListElement\":[{\"@type\":\"ListItem\",\"position\":1,\"name\":\"Ana s\u0259hif\u0259\",\"item\":\"https:\\\/\\\/www.meydan.tv\\\/az\\\/\"},{\"@type\":\"ListItem\",\"position\":2,\"name\":\"M\u0259nim Fikrimc\u0259\",\"item\":\"https:\\\/\\\/www.meydan.tv\\\/az\\\/section\\\/menim-fikrimce\\\/\"},{\"@type\":\"ListItem\",\"position\":3,\"name\":\"Yuxu\"}]},{\"@type\":\"WebSite\",\"@id\":\"https:\\\/\\\/www.meydan.tv\\\/az\\\/#website\",\"url\":\"https:\\\/\\\/www.meydan.tv\\\/az\\\/\",\"name\":\"MEYDAN.TV\",\"description\":\"Meydan TV Az\u0259rbaycan\u0131n media m\u0259kan\u0131ndak\u0131 alternativ s\u0259sidir\",\"publisher\":{\"@id\":\"https:\\\/\\\/www.meydan.tv\\\/az\\\/#organization\"},\"potentialAction\":[{\"@type\":\"SearchAction\",\"target\":{\"@type\":\"EntryPoint\",\"urlTemplate\":\"https:\\\/\\\/www.meydan.tv\\\/az\\\/?s={search_term_string}\"},\"query-input\":{\"@type\":\"PropertyValueSpecification\",\"valueRequired\":true,\"valueName\":\"search_term_string\"}}],\"inLanguage\":\"az\"},{\"@type\":\"Organization\",\"@id\":\"https:\\\/\\\/www.meydan.tv\\\/az\\\/#organization\",\"name\":\"Meydan TV\",\"url\":\"https:\\\/\\\/www.meydan.tv\\\/az\\\/\",\"logo\":{\"@type\":\"ImageObject\",\"inLanguage\":\"az\",\"@id\":\"https:\\\/\\\/www.meydan.tv\\\/az\\\/#\\\/schema\\\/logo\\\/image\\\/\",\"url\":\"https:\\\/\\\/www.meydan.tv\\\/wp-content\\\/uploads\\\/2021\\\/07\\\/meydan-logo.svg\",\"contentUrl\":\"https:\\\/\\\/www.meydan.tv\\\/wp-content\\\/uploads\\\/2021\\\/07\\\/meydan-logo.svg\",\"width\":195,\"height\":46,\"caption\":\"Meydan TV\"},\"image\":{\"@id\":\"https:\\\/\\\/www.meydan.tv\\\/az\\\/#\\\/schema\\\/logo\\\/image\\\/\"}},{\"@type\":\"Person\",\"@id\":\"https:\\\/\\\/www.meydan.tv\\\/az\\\/#\\\/schema\\\/person\\\/10d11eccf6da3662cf5fdab9806ea91a\",\"name\":\"user-manager\"}]}<\/script>\n<!-- \/ Yoast SEO plugin. -->","yoast_head_json":{"title":"Yuxu - MEYDAN.TV","robots":{"index":"index","follow":"follow","max-snippet":"max-snippet:-1","max-image-preview":"max-image-preview:large","max-video-preview":"max-video-preview:-1"},"canonical":"https:\/\/www.meydan.tv\/az\/article\/yuxu\/","og_locale":"az_AZ","og_type":"article","og_title":"Yuxu - MEYDAN.TV","og_description":"\u0130lqar adl\u0131 bir insan m\u0259nim, s\u0259nin, onun, bizim, ham\u0131m\u0131z \u00fc\u00e7\u00fcn yuxusuna haram qat\u0131b m\u00fcbariz\u0259 apar\u0131r.","og_url":"https:\/\/www.meydan.tv\/az\/article\/yuxu\/","og_site_name":"MEYDAN.TV","article_published_time":"2018-02-04T19:43:41+00:00","og_image":[{"width":720,"height":540,"url":"https:\/\/www.meydan.tv\/wp-content\/uploads\/39147.jpg","type":"image\/jpeg"}],"author":"user-manager","twitter_card":"summary_large_image","schema":{"@context":"https:\/\/schema.org","@graph":[{"@type":"Article","@id":"https:\/\/www.meydan.tv\/az\/article\/yuxu\/#article","isPartOf":{"@id":"https:\/\/www.meydan.tv\/az\/article\/yuxu\/"},"author":{"name":"user-manager","@id":"https:\/\/www.meydan.tv\/az\/#\/schema\/person\/10d11eccf6da3662cf5fdab9806ea91a"},"headline":"Yuxu","datePublished":"2018-02-04T19:43:41+00:00","mainEntityOfPage":{"@id":"https:\/\/www.meydan.tv\/az\/article\/yuxu\/"},"wordCount":1208,"publisher":{"@id":"https:\/\/www.meydan.tv\/az\/#organization"},"image":{"@id":"https:\/\/www.meydan.tv\/az\/article\/yuxu\/#primaryimage"},"thumbnailUrl":"https:\/\/www.meydan.tv\/wp-content\/uploads\/39147.jpg","articleSection":["M\u0259nim Fikrimc\u0259"],"inLanguage":"az"},{"@type":"WebPage","@id":"https:\/\/www.meydan.tv\/az\/article\/yuxu\/","url":"https:\/\/www.meydan.tv\/az\/article\/yuxu\/","name":"Yuxu - MEYDAN.TV","isPartOf":{"@id":"https:\/\/www.meydan.tv\/az\/#website"},"primaryImageOfPage":{"@id":"https:\/\/www.meydan.tv\/az\/article\/yuxu\/#primaryimage"},"image":{"@id":"https:\/\/www.meydan.tv\/az\/article\/yuxu\/#primaryimage"},"thumbnailUrl":"https:\/\/www.meydan.tv\/wp-content\/uploads\/39147.jpg","datePublished":"2018-02-04T19:43:41+00:00","breadcrumb":{"@id":"https:\/\/www.meydan.tv\/az\/article\/yuxu\/#breadcrumb"},"inLanguage":"az","potentialAction":[{"@type":"ReadAction","target":["https:\/\/www.meydan.tv\/az\/article\/yuxu\/"]}]},{"@type":"ImageObject","inLanguage":"az","@id":"https:\/\/www.meydan.tv\/az\/article\/yuxu\/#primaryimage","url":"https:\/\/www.meydan.tv\/wp-content\/uploads\/39147.jpg","contentUrl":"https:\/\/www.meydan.tv\/wp-content\/uploads\/39147.jpg","width":720,"height":540,"caption":"Source:"},{"@type":"BreadcrumbList","@id":"https:\/\/www.meydan.tv\/az\/article\/yuxu\/#breadcrumb","itemListElement":[{"@type":"ListItem","position":1,"name":"Ana s\u0259hif\u0259","item":"https:\/\/www.meydan.tv\/az\/"},{"@type":"ListItem","position":2,"name":"M\u0259nim Fikrimc\u0259","item":"https:\/\/www.meydan.tv\/az\/section\/menim-fikrimce\/"},{"@type":"ListItem","position":3,"name":"Yuxu"}]},{"@type":"WebSite","@id":"https:\/\/www.meydan.tv\/az\/#website","url":"https:\/\/www.meydan.tv\/az\/","name":"MEYDAN.TV","description":"Meydan TV Az\u0259rbaycan\u0131n media m\u0259kan\u0131ndak\u0131 alternativ s\u0259sidir","publisher":{"@id":"https:\/\/www.meydan.tv\/az\/#organization"},"potentialAction":[{"@type":"SearchAction","target":{"@type":"EntryPoint","urlTemplate":"https:\/\/www.meydan.tv\/az\/?s={search_term_string}"},"query-input":{"@type":"PropertyValueSpecification","valueRequired":true,"valueName":"search_term_string"}}],"inLanguage":"az"},{"@type":"Organization","@id":"https:\/\/www.meydan.tv\/az\/#organization","name":"Meydan TV","url":"https:\/\/www.meydan.tv\/az\/","logo":{"@type":"ImageObject","inLanguage":"az","@id":"https:\/\/www.meydan.tv\/az\/#\/schema\/logo\/image\/","url":"https:\/\/www.meydan.tv\/wp-content\/uploads\/2021\/07\/meydan-logo.svg","contentUrl":"https:\/\/www.meydan.tv\/wp-content\/uploads\/2021\/07\/meydan-logo.svg","width":195,"height":46,"caption":"Meydan TV"},"image":{"@id":"https:\/\/www.meydan.tv\/az\/#\/schema\/logo\/image\/"}},{"@type":"Person","@id":"https:\/\/www.meydan.tv\/az\/#\/schema\/person\/10d11eccf6da3662cf5fdab9806ea91a","name":"user-manager"}]}},"_links":{"self":[{"href":"https:\/\/www.meydan.tv\/az\/wp-json\/wp\/v2\/posts\/188496","targetHints":{"allow":["GET"]}}],"collection":[{"href":"https:\/\/www.meydan.tv\/az\/wp-json\/wp\/v2\/posts"}],"about":[{"href":"https:\/\/www.meydan.tv\/az\/wp-json\/wp\/v2\/types\/post"}],"author":[{"embeddable":true,"href":"https:\/\/www.meydan.tv\/az\/wp-json\/wp\/v2\/users\/11"}],"replies":[{"embeddable":true,"href":"https:\/\/www.meydan.tv\/az\/wp-json\/wp\/v2\/comments?post=188496"}],"version-history":[{"count":0,"href":"https:\/\/www.meydan.tv\/az\/wp-json\/wp\/v2\/posts\/188496\/revisions"}],"wp:featuredmedia":[{"embeddable":true,"href":"https:\/\/www.meydan.tv\/az\/wp-json\/wp\/v2\/media\/98995"}],"wp:attachment":[{"href":"https:\/\/www.meydan.tv\/az\/wp-json\/wp\/v2\/media?parent=188496"}],"wp:term":[{"taxonomy":"category","embeddable":true,"href":"https:\/\/www.meydan.tv\/az\/wp-json\/wp\/v2\/categories?post=188496"},{"taxonomy":"post_tag","embeddable":true,"href":"https:\/\/www.meydan.tv\/az\/wp-json\/wp\/v2\/tags?post=188496"}],"curies":[{"name":"wp","href":"https:\/\/api.w.org\/{rel}","templated":true}]}}