{"id":188474,"date":"2018-02-02T00:52:19","date_gmt":"2018-02-02T00:52:19","guid":{"rendered":"https:\/\/www.meydan.tv\/article\/ilqar-memmedov-ilham-eliyev-rahatsizliq-yaradan-fiqura-cevrilib\/"},"modified":"2018-02-02T00:52:19","modified_gmt":"2018-02-02T00:52:19","slug":"ilqar-memmedov-ilham-eliyev-rahatsizliq-yaradan-fiqura-cevrilib","status":"publish","type":"post","link":"https:\/\/www.meydan.tv\/az\/article\/ilqar-memmedov-ilham-eliyev-rahatsizliq-yaradan-fiqura-cevrilib\/","title":{"rendered":"&#8221;\u0130lqar M\u0259mm\u0259dov \u0130lham \u018fliyev rahats\u0131zl\u0131q yaradan fiqura \u00e7evrilib&#8221;"},"content":{"rendered":"<figure class=\"wp-block-image size-large\">\n  <img decoding=\"async\" src=\"https:\/\/www.meydan.tv\/az\/96467\/\" alt=\"\" class=\"wp-image-96467\"\/><figcaption><\/figcaption><\/figure>\n<p>\n  Tomas de Vaal \u0130lqar M\u0259mm\u0259dovdan yazd\u0131\n<\/p>\n<p>\n  \u201cCarnegie\u201d fondunun apar\u0131c\u0131 \u0259m\u0259kda\u015f\u0131 Tomas de Vaal (Thomas de Waal) ReAL H\u0259r\u0259kat\u0131n\u0131n h\u0259bsd\u0259 olan s\u0259dri \u0130lqar M\u0259mm\u0259dov haqq\u0131nda m\u0259qal\u0259 yaz\u0131b.\n<\/p>\n<p>\n  &#8220;Az\u0259rbaycan\u0131 rahats\u0131z ed\u0259n m\u0259hbus&#8221; adl\u0131<br \/>\n  <a href=\"http:\/\/carnegieeurope.eu\/strategiceurope\/75406?lang=en\"><br \/>\n    m\u0259qal\u0259si<br \/>\n  <\/a><br \/>\n  nd\u0259 m\u00fc\u0259llif yaz\u0131r ki, r\u0259sm\u0259n \u0130smay\u0131ll\u0131 rayonundak\u0131 i\u011fti\u015fa\u015flardan dolay\u0131 saxlanm\u0131\u015f M\u0259mm\u0259dovun h\u0259bsinin \u0259sl s\u0259b\u0259bi onun ReAL H\u0259r\u0259kat\u0131n\u0131n lideri kimi hakim rejimin a\u00e7\u0131q t\u0259nqid\u00e7isi olmas\u0131, el\u0259 h\u0259min il prezident se\u00e7kisin\u0259 haz\u0131rla\u015fmas\u0131 idi.\n<\/p>\n<p>\n  \u201cOnun h\u0259bsind\u0259n be\u015f il \u00f6t\u00fcr v\u0259 Az\u0259rbaycan\u0131n \u0259n m\u0259\u015fhur siyasi m\u0259hbusu yeti\u015fm\u0259kd\u0259dir. M\u00fcxalif siyas\u0259t\u00e7i \u0130lqar M\u0259mm\u0259dov 2013-c\u00fc il fevral\u0131n 4-d\u0259 saxlan\u0131b\u201d- de Vaal qeyd edir\n<\/p>\n<p>\n  M\u00fc\u0259llif qeyd edir ki, bir s\u0131ra tan\u0131nm\u0131\u015f m\u00fcxalif\u0259t\u00e7il\u0259r, el\u0259 M\u0259mm\u0259dovla birlikd\u0259 saxlanm\u0131\u015f Tofiq Yaqublu bel\u0259 burax\u0131lsa da, o, h\u0259bsd\u0259 qald\u0131:\n<\/p>\n<p>\n  \u201cOnun n\u00fcfuzu artd\u0131 v\u0259 haz\u0131rda h\u0259bsxana kameras\u0131ndan Az\u0259rbaycan prezidenti \u0130lham \u018fliyev \u00fc\u00e7\u00fcn b\u00f6y\u00fck rahats\u0131zl\u0131q yaradan fiqura \u00e7evrilib\u201d.<br \/>\n  <br \/>\n  M\u00fc\u0259llif \u0130lqar M\u0259mm\u0259dovu \u201ct\u0259rs adam\u201d kimi xarakteriz\u0259 edib. Bunu onun \u0259fv olunmaq, azadl\u0131\u011fa burax\u0131laraq xaric\u0259 getm\u0259k t\u0259klifini r\u0259dd etm\u0259si il\u0259 \u0259sasland\u0131r\u0131b:\n<\/p>\n<p>\n  \u201cH\u0259yat yolda\u015f\u0131 V\u0259fa telefonla m\u0259n\u0259 deyib ki, daha \u0259rini iki il \u00f6nc\u0259ki kimi h\u0259bsd\u0259 d\u00f6ym\u00fcrl\u0259r, k\u0259skin bel a\u011fr\u0131s\u0131 da y\u00fcng\u00fcll\u0259\u015fib. Amma yen\u0259 d\u0259 30 m\u0259hbusla bir \u00fcmumi \u201cbarak\u201dda saxlan\u0131r, \u00e7arpay\u0131lar\u0131n\u0131n aras\u0131nda c\u0259mi 5 santimetr m\u0259saf\u0259 var. Ancaq v\u0259kili v\u0259 ayda iki d\u0259f\u0259 h\u0259yat yolda\u015f\u0131 v\u0259 q\u0131z\u0131yla g\u00f6r\u00fc\u015f\u00fcn\u0259 icaz\u0259 verilir. Xan\u0131m\u0131 israr edir ki, h\u0259yat yolda\u015f\u0131n\u0131n \u0259hval\u0131 yax\u015f\u0131d\u0131r, h\u00fcquqlar\u0131n\u0131n b\u0259rpas\u0131nda israrl\u0131d\u0131r. M\u0259mm\u0259dovun \u0259sas \u015fikay\u0259tl\u0259rind\u0259n biri sevimli jurnal\u0131 olan \u201cThe Economist\u201d-in n\u00fcsx\u0259l\u0259rini daha ard\u0131c\u0131l \u0259ld\u0259 etm\u0259kdir\u201d.\n<\/p>\n<figure class=\"wp-block-image size-large\">\n  <img decoding=\"async\" src=\"https:\/\/www.meydan.tv\/az\/98938\/\" alt=\"\" class=\"wp-image-98938\"\/><figcaption>\n    Tomas de Vall<br \/>\n  <\/figcaption><\/figure>\n<p>\n  Tomas de Vaal \u0130lqar M\u0259mm\u0259dovun prezident \u018fliyev\u0259 yaratd\u0131\u011f\u0131 problemi Rusiyada Aleksey Navaln\u0131n\u0131n prezident Vladimir Putin \u00fc\u00e7\u00fcn yaratd\u0131\u011f\u0131na analoq say\u0131r. Onun fikrinc\u0259, f\u0259rqli \u015f\u0259xsiyy\u0259tl\u0259r olsalar da, eyni m\u00f6vqed\u0259dirl\u0259r. M\u0259mm\u0259dov status kvoya etibarl\u0131 alternativ say\u0131l\u0131r.<br \/>\n  <br \/>\n  \u201cYa\u015fl\u0131, \u0259sas m\u00fcxalif\u0259t partiyalar\u0131 olan M\u00fcsavat v\u0259 Xalq C\u0259bh\u0259si 1992-93-c\u00fc ill\u0259rd\u0259 q\u0131sa m\u00fcdd\u0259t\u0259 hakimiyy\u0259td\u0259 olublar, amma indi ictimaiyy\u0259t\u0259 \u00e7ox \u015fey t\u0259klif ed\u0259 bilmirl\u0259r, daha \u00e7ox ke\u00e7mi\u015fin \u015f\u00f6hr\u0259til\u0259 ya\u015fay\u0131rlar. \u018fslind\u0259, prezident \u018fliyev rejimin\u0259 faydal\u0131 kontrast yarad\u0131rlar.\n<\/p>\n<p>\n  \u0130ctimaiyy\u0259t\u0259 bu fikir a\u015f\u0131lan\u0131r ki, demokratiyadan k\u0259nara \u00e7\u0131xsa da, bu rejim \u00f6lk\u0259y\u0259 firavanl\u0131q v\u0259 sabitlik g\u0259tirib.\n<\/p>\n<p>\n  Amma REAL daha ciddi q\u00fcvv\u0259dir. M\u0259mm\u0259dov kimi h\u00fcquq\u015f\u00fcnaslar, iqtisadiyyat\u0131 nec\u0259 modernl\u0259\u015fdirm\u0259k, \u00f6lk\u0259ni demokratikl\u0259\u015fdirm\u0259k ideyalar\u0131 olan iqtisad\u00e7\u0131larla doludur. Bu s\u0259b\u0259bd\u0259n onlar \u00f6lk\u0259 elitas\u0131 i\u00e7ind\u0259 d\u0259 b\u0259zil\u0259ri aras\u0131nda populyarl\u0131q qazan\u0131blar, bel\u0259l\u0259ri q\u0259rby\u00f6nl\u00fc siyas\u0259tin t\u0259tbiqini ist\u0259yirl\u0259r, \u00f6lk\u0259d\u0259ki n\u0259h\u0259ng korrupsiyadan cana g\u0259libl\u0259r\u201d, \u2013 m\u00fc\u0259llif vur\u011fulay\u0131r.\n<\/p>\n<p>\n  De Vaal\u0131n fikrinc\u0259, M\u0259mm\u0259dov \u00f6z\u00fc a\u00e7\u0131q etiraf etm\u0259s\u0259 d\u0259, Az\u0259rbaycandak\u0131 klan siyas\u0259tind\u0259n d\u0259 yararlanm\u0131\u015f olur. Atas\u0131 \u201cyeraz\u201d, y\u0259ni Erm\u0259nistanda do\u011fulmu\u015f az\u0259rbaycanl\u0131lar icmas\u0131nda tan\u0131nm\u0131\u015f ail\u0259 ba\u015f\u00e7\u0131s\u0131d\u0131r. M\u0259mm\u0259dov azadl\u0131\u011fa \u00e7\u0131xarsa, b\u00f6y\u00fck potensial d\u0259st\u0259k bazas\u0131 v\u0259 milli \u015f\u0259b\u0259k\u0259 miras alm\u0131\u015f olacaq:\n<\/p>\n<p>\n  \u201cBel\u0259likl\u0259 d\u0259, onu indi buraxmaq d\u00f6rd\u00fcnc\u00fc d\u0259f\u0259 prezidentliy\u0259 namiz\u0259dliyini verm\u0259y\u0259 haz\u0131rla\u015fan \u018fliyev\u0259 \u0259lveri\u015fli deyil. Di g\u0259l, onu h\u0259bsd\u0259 saxlama\u011f\u0131n da b\u0259d\u0259li var. Ax\u0131, M\u0259mm\u0259dov i\u015fi Avropan\u0131n \u0259n q\u0259dim insan haqlar\u0131 qurumu olan Avropa \u015euras\u0131n\u0131 h\u0259r\u0259k\u0259t\u0259 g\u0259tirib.\u00a0Bu, Az\u0259rbaycan prezidenti il\u0259 m\u0259hbus aras\u0131ndak\u0131 qar\u015f\u0131durmada kifay\u0259t q\u0259d\u0259r q\u0259rib\u0259 bir s\u0259b\u0259bdir ki, m\u0259hbus indi daha \u00e7ox s\u0259lahiyy\u0259t\u0259 sahibdir. \u0130lqar M\u0259mm\u0259dov burax\u0131lmasa, Avropa \u015euras\u0131 a\u015fa\u011f\u0131lay\u0131c\u0131 t\u0259dbir\u0259 \u0259l ataraq Az\u0259rbaycan\u0131n s\u0259sverm\u0259 h\u00fcququnu ala, yaxud \u00f6lk\u0259ni bu qurumdan tamamil\u0259 \u00e7\u0131xara bil\u0259r.\n<\/p>\n<p>\n  Avropa \u015euras\u0131 anlay\u0131r ki, M\u0259mm\u0259dov i\u015fin\u0259 g\u00f6r\u0259 onun n\u00fcfuzu z\u0259rb\u0259 alt\u0131ndad\u0131r. Bunun s\u0259b\u0259bi t\u0259kc\u0259 Az\u0259rbaycan\u0131n qurumu manipulyasiya etm\u0259sil\u0259 ba\u011fl\u0131 geni\u015f yay\u0131lm\u0131\u015f t\u0259s\u0259vv\u00fcr deyil. Ax\u0131 t\u0259\u015fkilat qar\u015f\u0131dak\u0131 bir ild\u0259 Rusiya v\u0259 T\u00fcrkiy\u0259y\u0259 g\u00f6r\u0259 daha s\u0259rt s\u0131naqla \u00fcz-\u00fcz\u0259dir v\u0259 etibarl\u0131l\u0131\u011f\u0131n\u0131 t\u0259sdiql\u0259m\u0259lidir.\n<\/p>\n<p>\n  N\u0259 q\u0259d\u0259r q\u0259rib\u0259 d\u0259 olsa, Az\u0259rbaycan prezidenti il\u0259 m\u0259hbus qar\u015f\u0131durmas\u0131nda m\u0259hbusun \u00e7\u0259kisini art\u0131ran bir s\u0259b\u0259b budur\u201d.\n<\/p>\n<p>\n  \u0130.M\u0259mm\u0259dov 2013-c\u00fc ilin yanvar\u0131nda \u0130smay\u0131ll\u0131da k\u00fctl\u0259vi i\u011fti\u015fa\u015flar\u0131n t\u0259\u015fkilind\u0259 ittiham olunaraq, 7 il azadl\u0131qdan m\u0259hrum edilib.<br \/>\n  <br \/>\n  Avropa M\u0259hk\u0259m\u0259si art\u0131q onun iki \u015fikay\u0259tini t\u0259min edib. M\u0259hk\u0259m\u0259 h\u0259l\u0259 2014-c\u00fc ilin may\u0131nda \u0130.M\u0259mm\u0259dovun azadl\u0131q h\u00fcququ v\u0259 t\u0259qsirsizlik prezumpsiyas\u0131n\u0131n pozuldu\u011funu t\u0259sdiql\u0259yib. H\u0259min q\u0259rardan sonra onun i\u015fi \u015e\u0259ki Apellyasiya M\u0259hk\u0259m\u0259sin\u0259 g\u00f6nd\u0259rilmi\u015fdi. Ancaq \u015e\u0259ki Apellyasiya M\u0259hk\u0259m\u0259si birinci instansiya m\u0259hk\u0259m\u0259sinin h\u00f6km\u00fcn\u00fc q\u00fcvv\u0259d\u0259 saxlay\u0131b. Bundan sonra veril\u0259n kasasiya \u015fikay\u0259ti d\u0259 t\u0259min edilm\u0259yib.\n<\/p>\n<p>\n  \u00d6t\u0259n il dekabr\u0131n 5-d\u0259 Avropa \u015euras\u0131 Nazirl\u0259r Komit\u0259si (A\u015eNK) Avropa M\u0259hk\u0259m\u0259sinin \u0130.M\u0259mm\u0259dovla ba\u011fl\u0131 q\u0259rar\u0131n\u0131 icra etm\u0259diyin\u0259 g\u00f6r\u0259 Az\u0259rbaycana qar\u015f\u0131 x\u00fcsusi prosedura ba\u015flanmas\u0131 bar\u0259d\u0259 ke\u00e7id q\u0259tnam\u0259si q\u0259bul edib.\n<\/p>\n<p>\n  H\u00f6kum\u0259t r\u0259smil\u0259ri deyir ki, qanunvericiliy\u0259 edil\u0259n son d\u0259yi\u015fiklikl\u0259r \u0130.M\u0259mm\u0259dovun \u015f\u0259rti azadl\u0131\u011fa \u00e7\u0131xmas\u0131na imkan yarad\u0131r. Ancaq \u0130.M\u0259mm\u0259dov da b\u0259yan edib ki, o, \u015f\u0259rti azadl\u0131q yox, b\u0259ra\u0259t ist\u0259yir.\n<\/p>\n<p>\n  Bir m\u00fcdd\u0259t \u00f6nc\u0259 Avropa M\u0259hk\u0259m\u0259si Avropa \u015euras\u0131 Nazirl\u0259r Komit\u0259sin\u0259, Az\u0259rbaycan h\u00f6kum\u0259tin\u0259 v\u0259 h\u0259bsd\u0259 olan REAL liderin\u0259 m\u0259ktub g\u00f6nd\u0259rib.\n<\/p>\n<p>\n  M\u0259ktubda Nazirl\u0259r Komit\u0259sin\u0259, h\u00f6kum\u0259t\u0259 v\u0259 biz\u0259 sor\u011fu il\u0259 ba\u011fl\u0131 yaz\u0131l\u0131 \u015f\u0259rhl\u0259rin mart\u0131n 1-n\u0259 kimi t\u0259qdim edil\u0259 bilm\u0259si haqq\u0131nda m\u0259lumat verilir&#8221;,- \u0130.M\u0259mm\u0259dovun v\u0259kili Fuad A\u011fayev bildirib.\n<\/p>\n<p>\n  <a href=\"https:\/\/www.azadliq.org\/a\/29011850.html\"><br \/>\n    <b><br \/>\n      <i><br \/>\n        T\u0259rc\u00fcm\u0259: Azadl\u0131q Radiosu<br \/>\n      <\/i><br \/>\n    <\/b><br \/>\n  <\/a><\/p>\n","protected":false},"excerpt":{"rendered":"<p>Tomas de Vaal \u0130lqar M\u0259mm\u0259dovdan yazd\u0131<\/p>\n","protected":false},"author":11,"featured_media":96467,"comment_status":"closed","ping_status":"open","sticky":false,"template":"","format":"standard","meta":{"_acf_changed":false,"_sitemap_exclude":false,"_sitemap_priority":"","_sitemap_frequency":"","footnotes":""},"categories":[51],"tags":[],"class_list":["post-188474","post","type-post","status-publish","format-standard","has-post-thumbnail","hentry","category-analitika","infinite-scroll-item","generate-columns","tablet-grid-50","mobile-grid-100","grid-parent","grid-33","no-featured-image-padding"],"acf":[],"yoast_head":"<!-- This site is optimized with the Yoast SEO plugin v27.4 - https:\/\/yoast.com\/product\/yoast-seo-wordpress\/ -->\n<title>&#039;&#039;\u0130lqar M\u0259mm\u0259dov \u0130lham \u018fliyev rahats\u0131zl\u0131q yaradan fiqura \u00e7evrilib&#039;&#039; - MEYDAN.TV<\/title>\n<meta name=\"robots\" content=\"index, follow, max-snippet:-1, max-image-preview:large, max-video-preview:-1\" \/>\n<link rel=\"canonical\" href=\"https:\/\/www.meydan.tv\/az\/article\/ilqar-memmedov-ilham-eliyev-rahatsizliq-yaradan-fiqura-cevrilib\/\" \/>\n<meta property=\"og:locale\" content=\"az_AZ\" \/>\n<meta property=\"og:type\" content=\"article\" \/>\n<meta property=\"og:title\" content=\"&#039;&#039;\u0130lqar M\u0259mm\u0259dov \u0130lham \u018fliyev rahats\u0131zl\u0131q yaradan fiqura \u00e7evrilib&#039;&#039; - MEYDAN.TV\" \/>\n<meta property=\"og:description\" content=\"Tomas de Vaal \u0130lqar M\u0259mm\u0259dovdan yazd\u0131\" \/>\n<meta property=\"og:url\" content=\"https:\/\/www.meydan.tv\/az\/article\/ilqar-memmedov-ilham-eliyev-rahatsizliq-yaradan-fiqura-cevrilib\/\" \/>\n<meta property=\"og:site_name\" content=\"MEYDAN.TV\" \/>\n<meta property=\"article:published_time\" content=\"2018-02-02T00:52:19+00:00\" \/>\n<meta property=\"og:image\" content=\"https:\/\/www.meydan.tv\/wp-content\/uploads\/38069.jpg\" \/>\n\t<meta property=\"og:image:width\" content=\"1140\" \/>\n\t<meta property=\"og:image:height\" content=\"500\" \/>\n\t<meta property=\"og:image:type\" content=\"image\/jpeg\" \/>\n<meta name=\"author\" content=\"user-manager\" \/>\n<meta name=\"twitter:card\" content=\"summary_large_image\" \/>\n<script type=\"application\/ld+json\" class=\"yoast-schema-graph\">{\"@context\":\"https:\\\/\\\/schema.org\",\"@graph\":[{\"@type\":\"Article\",\"@id\":\"https:\\\/\\\/www.meydan.tv\\\/az\\\/article\\\/ilqar-memmedov-ilham-eliyev-rahatsizliq-yaradan-fiqura-cevrilib\\\/#article\",\"isPartOf\":{\"@id\":\"https:\\\/\\\/www.meydan.tv\\\/az\\\/article\\\/ilqar-memmedov-ilham-eliyev-rahatsizliq-yaradan-fiqura-cevrilib\\\/\"},\"author\":{\"name\":\"user-manager\",\"@id\":\"https:\\\/\\\/www.meydan.tv\\\/az\\\/#\\\/schema\\\/person\\\/10d11eccf6da3662cf5fdab9806ea91a\"},\"headline\":\"&#8221;\u0130lqar M\u0259mm\u0259dov \u0130lham \u018fliyev rahats\u0131zl\u0131q yaradan fiqura \u00e7evrilib&#8221;\",\"datePublished\":\"2018-02-02T00:52:19+00:00\",\"mainEntityOfPage\":{\"@id\":\"https:\\\/\\\/www.meydan.tv\\\/az\\\/article\\\/ilqar-memmedov-ilham-eliyev-rahatsizliq-yaradan-fiqura-cevrilib\\\/\"},\"wordCount\":1176,\"publisher\":{\"@id\":\"https:\\\/\\\/www.meydan.tv\\\/az\\\/#organization\"},\"image\":{\"@id\":\"https:\\\/\\\/www.meydan.tv\\\/az\\\/article\\\/ilqar-memmedov-ilham-eliyev-rahatsizliq-yaradan-fiqura-cevrilib\\\/#primaryimage\"},\"thumbnailUrl\":\"https:\\\/\\\/www.meydan.tv\\\/wp-content\\\/uploads\\\/38069.jpg\",\"articleSection\":[\"Analitika\"],\"inLanguage\":\"az\"},{\"@type\":\"WebPage\",\"@id\":\"https:\\\/\\\/www.meydan.tv\\\/az\\\/article\\\/ilqar-memmedov-ilham-eliyev-rahatsizliq-yaradan-fiqura-cevrilib\\\/\",\"url\":\"https:\\\/\\\/www.meydan.tv\\\/az\\\/article\\\/ilqar-memmedov-ilham-eliyev-rahatsizliq-yaradan-fiqura-cevrilib\\\/\",\"name\":\"''\u0130lqar M\u0259mm\u0259dov \u0130lham \u018fliyev rahats\u0131zl\u0131q yaradan fiqura \u00e7evrilib'' - MEYDAN.TV\",\"isPartOf\":{\"@id\":\"https:\\\/\\\/www.meydan.tv\\\/az\\\/#website\"},\"primaryImageOfPage\":{\"@id\":\"https:\\\/\\\/www.meydan.tv\\\/az\\\/article\\\/ilqar-memmedov-ilham-eliyev-rahatsizliq-yaradan-fiqura-cevrilib\\\/#primaryimage\"},\"image\":{\"@id\":\"https:\\\/\\\/www.meydan.tv\\\/az\\\/article\\\/ilqar-memmedov-ilham-eliyev-rahatsizliq-yaradan-fiqura-cevrilib\\\/#primaryimage\"},\"thumbnailUrl\":\"https:\\\/\\\/www.meydan.tv\\\/wp-content\\\/uploads\\\/38069.jpg\",\"datePublished\":\"2018-02-02T00:52:19+00:00\",\"breadcrumb\":{\"@id\":\"https:\\\/\\\/www.meydan.tv\\\/az\\\/article\\\/ilqar-memmedov-ilham-eliyev-rahatsizliq-yaradan-fiqura-cevrilib\\\/#breadcrumb\"},\"inLanguage\":\"az\",\"potentialAction\":[{\"@type\":\"ReadAction\",\"target\":[\"https:\\\/\\\/www.meydan.tv\\\/az\\\/article\\\/ilqar-memmedov-ilham-eliyev-rahatsizliq-yaradan-fiqura-cevrilib\\\/\"]}]},{\"@type\":\"ImageObject\",\"inLanguage\":\"az\",\"@id\":\"https:\\\/\\\/www.meydan.tv\\\/az\\\/article\\\/ilqar-memmedov-ilham-eliyev-rahatsizliq-yaradan-fiqura-cevrilib\\\/#primaryimage\",\"url\":\"https:\\\/\\\/www.meydan.tv\\\/wp-content\\\/uploads\\\/38069.jpg\",\"contentUrl\":\"https:\\\/\\\/www.meydan.tv\\\/wp-content\\\/uploads\\\/38069.jpg\",\"width\":1140,\"height\":500,\"caption\":\"Source:\"},{\"@type\":\"BreadcrumbList\",\"@id\":\"https:\\\/\\\/www.meydan.tv\\\/az\\\/article\\\/ilqar-memmedov-ilham-eliyev-rahatsizliq-yaradan-fiqura-cevrilib\\\/#breadcrumb\",\"itemListElement\":[{\"@type\":\"ListItem\",\"position\":1,\"name\":\"Ana s\u0259hif\u0259\",\"item\":\"https:\\\/\\\/www.meydan.tv\\\/az\\\/\"},{\"@type\":\"ListItem\",\"position\":2,\"name\":\"Analitika\",\"item\":\"https:\\\/\\\/www.meydan.tv\\\/az\\\/section\\\/analitika\\\/\"},{\"@type\":\"ListItem\",\"position\":3,\"name\":\"&#8221;\u0130lqar M\u0259mm\u0259dov \u0130lham \u018fliyev rahats\u0131zl\u0131q yaradan fiqura \u00e7evrilib&#8221;\"}]},{\"@type\":\"WebSite\",\"@id\":\"https:\\\/\\\/www.meydan.tv\\\/az\\\/#website\",\"url\":\"https:\\\/\\\/www.meydan.tv\\\/az\\\/\",\"name\":\"MEYDAN.TV\",\"description\":\"Meydan TV Az\u0259rbaycan\u0131n media m\u0259kan\u0131ndak\u0131 alternativ s\u0259sidir\",\"publisher\":{\"@id\":\"https:\\\/\\\/www.meydan.tv\\\/az\\\/#organization\"},\"potentialAction\":[{\"@type\":\"SearchAction\",\"target\":{\"@type\":\"EntryPoint\",\"urlTemplate\":\"https:\\\/\\\/www.meydan.tv\\\/az\\\/?s={search_term_string}\"},\"query-input\":{\"@type\":\"PropertyValueSpecification\",\"valueRequired\":true,\"valueName\":\"search_term_string\"}}],\"inLanguage\":\"az\"},{\"@type\":\"Organization\",\"@id\":\"https:\\\/\\\/www.meydan.tv\\\/az\\\/#organization\",\"name\":\"Meydan TV\",\"url\":\"https:\\\/\\\/www.meydan.tv\\\/az\\\/\",\"logo\":{\"@type\":\"ImageObject\",\"inLanguage\":\"az\",\"@id\":\"https:\\\/\\\/www.meydan.tv\\\/az\\\/#\\\/schema\\\/logo\\\/image\\\/\",\"url\":\"https:\\\/\\\/www.meydan.tv\\\/wp-content\\\/uploads\\\/2021\\\/07\\\/meydan-logo.svg\",\"contentUrl\":\"https:\\\/\\\/www.meydan.tv\\\/wp-content\\\/uploads\\\/2021\\\/07\\\/meydan-logo.svg\",\"width\":195,\"height\":46,\"caption\":\"Meydan TV\"},\"image\":{\"@id\":\"https:\\\/\\\/www.meydan.tv\\\/az\\\/#\\\/schema\\\/logo\\\/image\\\/\"}},{\"@type\":\"Person\",\"@id\":\"https:\\\/\\\/www.meydan.tv\\\/az\\\/#\\\/schema\\\/person\\\/10d11eccf6da3662cf5fdab9806ea91a\",\"name\":\"user-manager\"}]}<\/script>\n<!-- \/ Yoast SEO plugin. -->","yoast_head_json":{"title":"''\u0130lqar M\u0259mm\u0259dov \u0130lham \u018fliyev rahats\u0131zl\u0131q yaradan fiqura \u00e7evrilib'' - MEYDAN.TV","robots":{"index":"index","follow":"follow","max-snippet":"max-snippet:-1","max-image-preview":"max-image-preview:large","max-video-preview":"max-video-preview:-1"},"canonical":"https:\/\/www.meydan.tv\/az\/article\/ilqar-memmedov-ilham-eliyev-rahatsizliq-yaradan-fiqura-cevrilib\/","og_locale":"az_AZ","og_type":"article","og_title":"''\u0130lqar M\u0259mm\u0259dov \u0130lham \u018fliyev rahats\u0131zl\u0131q yaradan fiqura \u00e7evrilib'' - MEYDAN.TV","og_description":"Tomas de Vaal \u0130lqar M\u0259mm\u0259dovdan yazd\u0131","og_url":"https:\/\/www.meydan.tv\/az\/article\/ilqar-memmedov-ilham-eliyev-rahatsizliq-yaradan-fiqura-cevrilib\/","og_site_name":"MEYDAN.TV","article_published_time":"2018-02-02T00:52:19+00:00","og_image":[{"width":1140,"height":500,"url":"https:\/\/www.meydan.tv\/wp-content\/uploads\/38069.jpg","type":"image\/jpeg"}],"author":"user-manager","twitter_card":"summary_large_image","schema":{"@context":"https:\/\/schema.org","@graph":[{"@type":"Article","@id":"https:\/\/www.meydan.tv\/az\/article\/ilqar-memmedov-ilham-eliyev-rahatsizliq-yaradan-fiqura-cevrilib\/#article","isPartOf":{"@id":"https:\/\/www.meydan.tv\/az\/article\/ilqar-memmedov-ilham-eliyev-rahatsizliq-yaradan-fiqura-cevrilib\/"},"author":{"name":"user-manager","@id":"https:\/\/www.meydan.tv\/az\/#\/schema\/person\/10d11eccf6da3662cf5fdab9806ea91a"},"headline":"&#8221;\u0130lqar M\u0259mm\u0259dov \u0130lham \u018fliyev rahats\u0131zl\u0131q yaradan fiqura \u00e7evrilib&#8221;","datePublished":"2018-02-02T00:52:19+00:00","mainEntityOfPage":{"@id":"https:\/\/www.meydan.tv\/az\/article\/ilqar-memmedov-ilham-eliyev-rahatsizliq-yaradan-fiqura-cevrilib\/"},"wordCount":1176,"publisher":{"@id":"https:\/\/www.meydan.tv\/az\/#organization"},"image":{"@id":"https:\/\/www.meydan.tv\/az\/article\/ilqar-memmedov-ilham-eliyev-rahatsizliq-yaradan-fiqura-cevrilib\/#primaryimage"},"thumbnailUrl":"https:\/\/www.meydan.tv\/wp-content\/uploads\/38069.jpg","articleSection":["Analitika"],"inLanguage":"az"},{"@type":"WebPage","@id":"https:\/\/www.meydan.tv\/az\/article\/ilqar-memmedov-ilham-eliyev-rahatsizliq-yaradan-fiqura-cevrilib\/","url":"https:\/\/www.meydan.tv\/az\/article\/ilqar-memmedov-ilham-eliyev-rahatsizliq-yaradan-fiqura-cevrilib\/","name":"''\u0130lqar M\u0259mm\u0259dov \u0130lham \u018fliyev rahats\u0131zl\u0131q yaradan fiqura \u00e7evrilib'' - MEYDAN.TV","isPartOf":{"@id":"https:\/\/www.meydan.tv\/az\/#website"},"primaryImageOfPage":{"@id":"https:\/\/www.meydan.tv\/az\/article\/ilqar-memmedov-ilham-eliyev-rahatsizliq-yaradan-fiqura-cevrilib\/#primaryimage"},"image":{"@id":"https:\/\/www.meydan.tv\/az\/article\/ilqar-memmedov-ilham-eliyev-rahatsizliq-yaradan-fiqura-cevrilib\/#primaryimage"},"thumbnailUrl":"https:\/\/www.meydan.tv\/wp-content\/uploads\/38069.jpg","datePublished":"2018-02-02T00:52:19+00:00","breadcrumb":{"@id":"https:\/\/www.meydan.tv\/az\/article\/ilqar-memmedov-ilham-eliyev-rahatsizliq-yaradan-fiqura-cevrilib\/#breadcrumb"},"inLanguage":"az","potentialAction":[{"@type":"ReadAction","target":["https:\/\/www.meydan.tv\/az\/article\/ilqar-memmedov-ilham-eliyev-rahatsizliq-yaradan-fiqura-cevrilib\/"]}]},{"@type":"ImageObject","inLanguage":"az","@id":"https:\/\/www.meydan.tv\/az\/article\/ilqar-memmedov-ilham-eliyev-rahatsizliq-yaradan-fiqura-cevrilib\/#primaryimage","url":"https:\/\/www.meydan.tv\/wp-content\/uploads\/38069.jpg","contentUrl":"https:\/\/www.meydan.tv\/wp-content\/uploads\/38069.jpg","width":1140,"height":500,"caption":"Source:"},{"@type":"BreadcrumbList","@id":"https:\/\/www.meydan.tv\/az\/article\/ilqar-memmedov-ilham-eliyev-rahatsizliq-yaradan-fiqura-cevrilib\/#breadcrumb","itemListElement":[{"@type":"ListItem","position":1,"name":"Ana s\u0259hif\u0259","item":"https:\/\/www.meydan.tv\/az\/"},{"@type":"ListItem","position":2,"name":"Analitika","item":"https:\/\/www.meydan.tv\/az\/section\/analitika\/"},{"@type":"ListItem","position":3,"name":"&#8221;\u0130lqar M\u0259mm\u0259dov \u0130lham \u018fliyev rahats\u0131zl\u0131q yaradan fiqura \u00e7evrilib&#8221;"}]},{"@type":"WebSite","@id":"https:\/\/www.meydan.tv\/az\/#website","url":"https:\/\/www.meydan.tv\/az\/","name":"MEYDAN.TV","description":"Meydan TV Az\u0259rbaycan\u0131n media m\u0259kan\u0131ndak\u0131 alternativ s\u0259sidir","publisher":{"@id":"https:\/\/www.meydan.tv\/az\/#organization"},"potentialAction":[{"@type":"SearchAction","target":{"@type":"EntryPoint","urlTemplate":"https:\/\/www.meydan.tv\/az\/?s={search_term_string}"},"query-input":{"@type":"PropertyValueSpecification","valueRequired":true,"valueName":"search_term_string"}}],"inLanguage":"az"},{"@type":"Organization","@id":"https:\/\/www.meydan.tv\/az\/#organization","name":"Meydan TV","url":"https:\/\/www.meydan.tv\/az\/","logo":{"@type":"ImageObject","inLanguage":"az","@id":"https:\/\/www.meydan.tv\/az\/#\/schema\/logo\/image\/","url":"https:\/\/www.meydan.tv\/wp-content\/uploads\/2021\/07\/meydan-logo.svg","contentUrl":"https:\/\/www.meydan.tv\/wp-content\/uploads\/2021\/07\/meydan-logo.svg","width":195,"height":46,"caption":"Meydan TV"},"image":{"@id":"https:\/\/www.meydan.tv\/az\/#\/schema\/logo\/image\/"}},{"@type":"Person","@id":"https:\/\/www.meydan.tv\/az\/#\/schema\/person\/10d11eccf6da3662cf5fdab9806ea91a","name":"user-manager"}]}},"_links":{"self":[{"href":"https:\/\/www.meydan.tv\/az\/wp-json\/wp\/v2\/posts\/188474","targetHints":{"allow":["GET"]}}],"collection":[{"href":"https:\/\/www.meydan.tv\/az\/wp-json\/wp\/v2\/posts"}],"about":[{"href":"https:\/\/www.meydan.tv\/az\/wp-json\/wp\/v2\/types\/post"}],"author":[{"embeddable":true,"href":"https:\/\/www.meydan.tv\/az\/wp-json\/wp\/v2\/users\/11"}],"replies":[{"embeddable":true,"href":"https:\/\/www.meydan.tv\/az\/wp-json\/wp\/v2\/comments?post=188474"}],"version-history":[{"count":0,"href":"https:\/\/www.meydan.tv\/az\/wp-json\/wp\/v2\/posts\/188474\/revisions"}],"wp:featuredmedia":[{"embeddable":true,"href":"https:\/\/www.meydan.tv\/az\/wp-json\/wp\/v2\/media\/96467"}],"wp:attachment":[{"href":"https:\/\/www.meydan.tv\/az\/wp-json\/wp\/v2\/media?parent=188474"}],"wp:term":[{"taxonomy":"category","embeddable":true,"href":"https:\/\/www.meydan.tv\/az\/wp-json\/wp\/v2\/categories?post=188474"},{"taxonomy":"post_tag","embeddable":true,"href":"https:\/\/www.meydan.tv\/az\/wp-json\/wp\/v2\/tags?post=188474"}],"curies":[{"name":"wp","href":"https:\/\/api.w.org\/{rel}","templated":true}]}}