{"id":188435,"date":"2018-01-30T21:11:05","date_gmt":"2018-01-30T21:11:05","guid":{"rendered":"https:\/\/www.meydan.tv\/article\/bir-esgerin-secki-etiraflari\/"},"modified":"2018-01-30T21:11:05","modified_gmt":"2018-01-30T21:11:05","slug":"bir-esgerin-secki-etiraflari","status":"publish","type":"post","link":"https:\/\/www.meydan.tv\/az\/article\/bir-esgerin-secki-etiraflari\/","title":{"rendered":"Bir \u0259sg\u0259rin se\u00e7ki etiraflar\u0131"},"content":{"rendered":"<figure class=\"wp-block-image size-large\">\n  <img decoding=\"async\" src=\"https:\/\/www.meydan.tv\/az\/98698\/\" alt=\"\" class=\"wp-image-98698\"\/><figcaption><\/figcaption><\/figure>\n<p>\n  2008-ci ilin iyul ay\u0131nda \u015e\u0259mkirin N sayl\u0131 h\u0259rbi hiss\u0259nd\u0259 xidm\u0259t\u0259\u00a0ba\u015flam\u0131\u015fd\u0131m. H\u0259rbi h\u0259yat\u0131n m\u00fclki h\u0259yatdan f\u0259rqini orada g\u00f6rd\u00fcm. Ancaq d\u0259yi\u015fm\u0259y\u0259n reall\u0131q var idi. Hakimiyy\u0259tin siyasi t\u0259zyiq mexanizmi m\u00fclki h\u0259yatdak\u0131 kimi, orduya da t\u0259sir etmi\u015fdi. \u00d6z\u00fc d\u0259 repressiv basq\u0131yla ordunun etiraz etm\u0259k h\u00fcququ m\u00fchakim\u0259siz h\u0259bs idi.\n<\/p>\n<p>\n  H\u0259min ilin\u00a0oktyabr ay\u0131nda Az\u0259rbaycanda n\u00f6vb\u0259ti prezident se\u00e7kil\u0259ri ke\u00e7irilirdi. 2003-ci ild\u0259ki u\u011fursuzluqdan sonra toparlana bilm\u0259y\u0259n m\u00fcxalif\u0259t se\u00e7kini boykot etmi\u015fdi. Neftd\u0259n g\u0259l\u0259n milyardlarla hakimiyy\u0259tini daha da m\u00f6hk\u0259ml\u0259d\u0259n \u0130lham\u00a0\u018fliyev ikinci be\u015fillik m\u00fcdd\u0259tind\u0259 namiz\u0259dliyini ir\u0259li s\u00fcrm\u00fc\u015fd\u00fc. Ax\u015fam d\u00fcz\u00fcl\u00fc\u015f\u00fc idi, &#8220;zampolit&#8221; (H\u0259rbi hiss\u0259 komandirinin t\u0259lim-t\u0259rbiy\u0259 \u00fczr\u0259 m\u00fcavini) b\u00f6l\u00fckl\u0259ri bir bir-bir g\u0259zirdi. O, ciddi g\u00f6rk\u0259ml\u0259\u00a0sa\u011f\u00a0\u0259lini sol \u0259lind\u0259\u00a0tutdu\u011fu v\u0259r\u0259q\u0259\u00a0tu\u015flay\u0131b n\u0259 is\u0259 izah edirdi. Bizim b\u00f6l\u00fcy\u0259 \u00e7at\u0131b fara\u011fat komandas\u0131 verib, sonra\u00a0\u201cazad\u201d\u00a0dedi. Qa\u015flar\u0131n\u0131 \u00e7at\u0131b, cibin\u0259\u00a0qoydu\u011fu v\u0259r\u0259qi \u00e7\u0131xar\u0131b,\u00a0diqq\u0259tl\u0259 onu dinl\u0259m\u0259yimizi ist\u0259di. Sabah \u00f6lk\u0259mizd\u0259 n\u00f6vb\u0259ti prezident se\u00e7kil\u0259rinin ke\u00e7iril\u0259c\u0259yini dey\u0259n r\u00fctb\u0259si endirilmi\u015f\u00a0polkovnik-leytenant izah\u0131n\u0131n\u00a0namiz\u0259dl\u0259r hiss\u0259sind\u0259\u00a0barma\u011f\u0131n\u0131 \u0130lham\u00a0\u018fliyev yaz\u0131s\u0131n\u0131n \u00fcz\u0259rin\u0259\u00a0uzadaraq &#8220;facebook trollar\u0131&#8221; kimi onun t\u0259bli\u011fat\u0131na ba\u015flad\u0131.\n<\/p>\n<p>\n  S\u00f6hb\u0259ti yekunla\u015fd\u0131r\u0131b sa\u011folla\u015fmaq ist\u0259y\u0259nd\u0259\u00a0&#8220;yolda\u015f polkovnik dig\u0259r namiz\u0259dl\u0259ri tan\u0131maq olar&#8221;,-\u00a0sual\u0131n\u0131 verdim. \u00dcz \u00e7izgil\u0259rinin reaksiyas\u0131z qalmas\u0131ndan hiss etdim ki, sual qar\u015f\u0131s\u0131nda \u00e7a\u015f-ba\u015f qal\u0131b. 20 saniy\u0259lik susqunluqdan sonra daha ciddi g\u00f6rk\u0259m alan polkovnik-leytenant gurultulu s\u0259si il\u0259 m\u0259ni yan\u0131na s\u0259sl\u0259di. Suala bel\u0259\u00a0\u00fcsyankarl\u0131q g\u00f6zl\u0259m\u0259diyimd\u0259n \u00f6z\u00fcm\u00fc itirib s\u0131radan birt\u0259h\u0259r \u00e7\u0131xd\u0131m. Polkovnik \u00e7iynim\u0259\u00a0yap\u0131\u015f\u0131b t\u0259ntiy\u0259r\u0259k dedi ki, bel\u0259 bir t\u0259xribat\u00e7\u0131n\u0131 hardasa g\u00f6zl\u0259yirdim, n\u0259hay\u0259t, sizin b\u00f6l\u00fckd\u0259n \u00e7\u0131xd\u0131. M\u0259s\u0259l\u0259ni anlayandan sonra t\u0259hqir olundu\u011fumu hiss etdim v\u0259 \u00f6z\u00fcm\u0259 n\u0259zar\u0259ti \u0259l\u0259\u00a0al\u0131b dedim ki, m\u0259n se\u00e7iciy\u0259m, \u0130lham\u00a0\u018fliyevd\u0259n ba\u015fqa dig\u0259r namiz\u0259dl\u0259ri tan\u0131maq h\u00fcququm var. Birinci Qaraba\u011f m\u00fcharib\u0259sinin i\u015ftirak\u00e7\u0131s\u0131 olan bu zabit q\u0131\u015fq\u0131rma\u011fa ba\u015flad\u0131.\u00a0O, m\u0259ni v\u0259t\u0259n xaini olmaqda ittiham edirdi v\u0259\u00a0\u0130lham\u00a0\u018fliyevin quruculuq i\u015fl\u0259rind\u0259n dan\u0131\u015f\u0131rd\u0131. M\u0259n is\u0259 m\u00fcharib\u0259d\u0259 g\u00f6rd\u00fcy\u00fc \u0259zablara g\u00f6r\u0259\u00a0sa\u00e7\u0131 vaxt\u0131ndan\u00a0\u0259vv\u0259l a\u011farm\u0131\u015f bu zabitin d\u00fc\u015fd\u00fcy\u00fc acizliyin fikrini \u00e7\u0259kirdim.\n<\/p>\n<p>\n  Sonra o, m\u0259ni q\u0259rargah\u0131n qar\u015f\u0131s\u0131na apard\u0131.\u00a0Q\u0259rargah r\u0259isin\u0259 t\u0259qdim ed\u0259r\u0259k dedi ki, bu \u0259sg\u0259r d\u00f6vl\u0259tin \u0259leyhin\u0259 t\u0259bli\u011fat apar\u0131r. B\u0259st\u0259boy idman\u00e7\u0131 g\u00f6rk\u0259min\u0259 v\u0259\u00a0sa\u011flam h\u0259yat t\u0259rzin\u0259 malik bu z\u0259hmli q\u0259rargah r\u0259isi avtoritetli zabit idi. O \u0259sg\u0259rl\u0259ri d\u00f6ym\u0259kl\u0259 d\u0259\u00a0ad \u00e7\u0131xarm\u0131\u015fd\u0131. Amma m\u0259n bu davran\u0131\u015f qar\u015f\u0131s\u0131nda \u0259mrl\u0259r\u0259\u00a0tabe olma\u011f\u0131\u00a0v\u0259\u00a0qorxu hissini itirmi\u015fdim. Q\u0259rargah r\u0259isin\u0259 dedim ki, biz 37-ci ild\u0259\u00a0ya\u015fam\u0131r\u0131q, verdiyim sualda da h\u0259r hans\u0131 qanunsuzluq yoxdur.\u00a0O, t\u0259mkinl\u0259 s\u00f6zl\u0259rim\u0259\u00a0qulaq as\u0131b, &#8220;s\u0259ni ba\u015fa d\u00fc\u015f\u00fcr\u0259m&#8221;, &#8211; dedi. Mayor r\u00fctb\u0259li bu g\u0259nc zabit ordunun siyas\u0259t\u0259\u00a0qar\u0131\u015fmad\u0131\u011f\u0131n\u0131, ona g\u00f6r\u0259 d\u0259 bel\u0259 suallar verm\u0259s\u0259m, m\u0259nim \u00fc\u00e7\u00fcn yax\u015f\u0131 olaca\u011f\u0131n\u0131 dedi. \u015eanl\u0131 Az\u0259rbaycan ordusunun zabitl\u0259rinin elementar sual qar\u015f\u0131s\u0131nda niy\u0259 bu q\u0259d\u0259r qorxaq, aciz olduqlar\u0131n\u0131 anlaya bilmirdim. M\u0259ni as\u0131b-k\u0259sm\u0259k m\u0259rh\u0259l\u0259si h\u0259l\u0259 bitm\u0259mi\u015fdi.\n<\/p>\n<p>\n  Gec\u0259 yerimd\u0259n qald\u0131r\u0131b, h\u0259rbi hiss\u0259\u00a0komandirinin yan\u0131na g\u0259tirdil\u0259r. Ota\u011fa girdikd\u0259\u00a0polkovnik-leytenant\u0131 da orada g\u00f6rd\u00fcm. Onun oturu\u015fundan, bax\u0131\u015flar\u0131ndan hiss el\u0259dim ki, h\u0259rbi hiss\u0259 komandirin\u0259 \u0259n yax\u015f\u0131 halda m\u0259nim ordu daxilind\u0259 v\u0259t\u0259n \u0259leyhin\u0259 t\u0259bli\u011fat apard\u0131\u011f\u0131m\u0131 deyib. Komandir uca s\u0259sl\u0259 &#8220;Qudurmusan, \u0259? D\u00f6vl\u0259timizin \u0259leyhin\u0259 fikirl\u0259r y\u00fcr\u00fcd\u00fcrs\u0259n, prezidentimiz\u0259\u00a0qar\u015f\u0131 \u00e7\u0131x\u0131rsan. N\u0259yin \u00e7at\u0131\u015fm\u0131r s\u0259nin? Yem\u0259yin-i\u00e7m\u0259yin var, d\u00f6vl\u0259timizin qay\u011f\u0131s\u0131 var. S\u0259n \u00f6l, s\u0259ni v\u0259t\u0259n xaini ad\u0131 il\u0259\u00a0basd\u0131raram i\u00e7\u0259ri, \u0259lli-ayaql\u0131 ged\u0259rs\u0259n&#8221;. Cavab verm\u0259k ist\u0259y\u0259nd\u0259 s\u0259simi k\u0259s\u0259r\u0259k, susub \u0259mr\u0259\u00a0tabe olma\u011f\u0131m\u0131 t\u0259l\u0259b etdi.\n<\/p>\n<p>\n  M\u0259n d\u0259 dinm\u0259z otaqdan \u00e7\u0131x\u0131b getdim. T\u0259k oldu\u011fumun, m\u00fcqavim\u0259timin faydas\u0131z\u00a0oldu\u011funu d\u0259rk etdim. O an\u00a0h\u00fcquqlar\u0131 pozulmu\u015f, \u00fcz\u00fcnd\u0259n d\u0259rd-q\u0259m, qay\u011f\u0131 ya\u011fan v\u0259t\u0259nda\u015fdan biri kimi hiss etdim\u00a0\u00f6z\u00fcm\u00fc. S\u0259h\u0259risi g\u00fcn se\u00e7kiy\u0259 getdik, uzun c\u0259rg\u0259l\u0259rl\u0259 m\u0259nt\u0259q\u0259y\u0259 daxil olduq. Bizi m\u00fclki geyimd\u0259\u00a0sa\u00e7\u0131n\u0131 sar\u0131ya boyam\u0131\u015f, orta ya\u015fl\u0131 eyn\u0259kli qad\u0131n qar\u015f\u0131lad\u0131. O, \u0130lham\u00a0\u018fliyevin\u00a0ad\u0131\u00a0olan hiss\u0259si i\u015far\u0259l\u0259nmi\u015f b\u00fclletenl\u0259ri biz\u0259 uzatd\u0131. Biz d\u0259\u00a0s\u0131ra il\u0259\u00a0haz\u0131r b\u00fclletenl\u0259ri qutuya at\u0131b m\u0259nt\u0259q\u0259d\u0259n \u00e7\u0131x\u0131rd\u0131q. Biziml\u0259 b\u0259rab\u0259r 2008-ci ild\u0259 t\u0259rxis olunmal\u0131 olan\u00a0\u0259sg\u0259rl\u0259r d\u0259 var idi. Se\u00e7kil\u0259r\u0259 g\u00f6r\u0259, onlar\u0131n t\u0259rxisini yubatm\u0131\u015fd\u0131lar v\u0259 bel\u0259 saxta se\u00e7kil\u0259r\u0259 al\u0259t edirdil\u0259r. \u015eahidi oldu\u011fum bu xo\u015f olmayan xatir\u0259 ordu, v\u0259t\u0259n anlay\u0131\u015f\u0131ma t\u0259sirsiz \u00f6t\u00fc\u015fm\u0259di&#8230;\n<\/p>\n<p>\n  <i><br \/>\n    <b><br \/>\n      Yaz\u0131 m\u00fc\u0259llifin fikirl\u0259rini \u0259ks etdirir v\u0259 Meydan TV-nin m\u00f6vqeyi il\u0259 \u00fcst-\u00fcst\u0259 d\u00fc\u015fm\u0259y\u0259 bil\u0259r.<br \/>\n    <\/b><br \/>\n  <\/i><\/p>\n","protected":false},"excerpt":{"rendered":"<p>O, \u0130lham \u018fliyevin ad\u0131 olan hiss\u0259si i\u015far\u0259l\u0259nmi\u015f b\u00fclletenl\u0259ri biz\u0259 uzatd\u0131.<\/p>\n","protected":false},"author":11,"featured_media":98698,"comment_status":"closed","ping_status":"open","sticky":false,"template":"","format":"standard","meta":{"_acf_changed":false,"_sitemap_exclude":false,"_sitemap_priority":"","_sitemap_frequency":"","footnotes":""},"categories":[57],"tags":[],"class_list":["post-188435","post","type-post","status-publish","format-standard","has-post-thumbnail","hentry","category-menim-fikrimce","infinite-scroll-item","generate-columns","tablet-grid-50","mobile-grid-100","grid-parent","grid-33","no-featured-image-padding"],"acf":[],"yoast_head":"<!-- This site is optimized with the Yoast SEO plugin v27.5 - https:\/\/yoast.com\/product\/yoast-seo-wordpress\/ -->\n<title>Bir \u0259sg\u0259rin se\u00e7ki etiraflar\u0131 - MEYDAN.TV<\/title>\n<meta name=\"robots\" content=\"index, follow, max-snippet:-1, max-image-preview:large, max-video-preview:-1\" \/>\n<link rel=\"canonical\" href=\"https:\/\/www.meydan.tv\/az\/article\/bir-esgerin-secki-etiraflari\/\" \/>\n<meta property=\"og:locale\" content=\"az_AZ\" \/>\n<meta property=\"og:type\" content=\"article\" \/>\n<meta property=\"og:title\" content=\"Bir \u0259sg\u0259rin se\u00e7ki etiraflar\u0131 - MEYDAN.TV\" \/>\n<meta property=\"og:description\" content=\"O, \u0130lham \u018fliyevin ad\u0131 olan hiss\u0259si i\u015far\u0259l\u0259nmi\u015f b\u00fclletenl\u0259ri biz\u0259 uzatd\u0131.\" \/>\n<meta property=\"og:url\" content=\"https:\/\/www.meydan.tv\/az\/article\/bir-esgerin-secki-etiraflari\/\" \/>\n<meta property=\"og:site_name\" content=\"MEYDAN.TV\" \/>\n<meta property=\"article:published_time\" content=\"2018-01-30T21:11:05+00:00\" \/>\n<meta property=\"og:image\" content=\"https:\/\/www.meydan.tv\/wp-content\/uploads\/39030.jpg\" \/>\n\t<meta property=\"og:image:width\" content=\"900\" \/>\n\t<meta property=\"og:image:height\" content=\"506\" \/>\n\t<meta property=\"og:image:type\" content=\"image\/jpeg\" \/>\n<meta name=\"author\" content=\"user-manager\" \/>\n<meta name=\"twitter:card\" content=\"summary_large_image\" \/>\n<script type=\"application\/ld+json\" class=\"yoast-schema-graph\">{\"@context\":\"https:\\\/\\\/schema.org\",\"@graph\":[{\"@type\":\"Article\",\"@id\":\"https:\\\/\\\/www.meydan.tv\\\/az\\\/article\\\/bir-esgerin-secki-etiraflari\\\/#article\",\"isPartOf\":{\"@id\":\"https:\\\/\\\/www.meydan.tv\\\/az\\\/article\\\/bir-esgerin-secki-etiraflari\\\/\"},\"author\":{\"name\":\"user-manager\",\"@id\":\"https:\\\/\\\/www.meydan.tv\\\/az\\\/#\\\/schema\\\/person\\\/10d11eccf6da3662cf5fdab9806ea91a\"},\"headline\":\"Bir \u0259sg\u0259rin se\u00e7ki etiraflar\u0131\",\"datePublished\":\"2018-01-30T21:11:05+00:00\",\"mainEntityOfPage\":{\"@id\":\"https:\\\/\\\/www.meydan.tv\\\/az\\\/article\\\/bir-esgerin-secki-etiraflari\\\/\"},\"wordCount\":1022,\"publisher\":{\"@id\":\"https:\\\/\\\/www.meydan.tv\\\/az\\\/#organization\"},\"image\":{\"@id\":\"https:\\\/\\\/www.meydan.tv\\\/az\\\/article\\\/bir-esgerin-secki-etiraflari\\\/#primaryimage\"},\"thumbnailUrl\":\"https:\\\/\\\/www.meydan.tv\\\/wp-content\\\/uploads\\\/39030.jpg\",\"articleSection\":[\"M\u0259nim Fikrimc\u0259\"],\"inLanguage\":\"az\"},{\"@type\":\"WebPage\",\"@id\":\"https:\\\/\\\/www.meydan.tv\\\/az\\\/article\\\/bir-esgerin-secki-etiraflari\\\/\",\"url\":\"https:\\\/\\\/www.meydan.tv\\\/az\\\/article\\\/bir-esgerin-secki-etiraflari\\\/\",\"name\":\"Bir \u0259sg\u0259rin se\u00e7ki etiraflar\u0131 - MEYDAN.TV\",\"isPartOf\":{\"@id\":\"https:\\\/\\\/www.meydan.tv\\\/az\\\/#website\"},\"primaryImageOfPage\":{\"@id\":\"https:\\\/\\\/www.meydan.tv\\\/az\\\/article\\\/bir-esgerin-secki-etiraflari\\\/#primaryimage\"},\"image\":{\"@id\":\"https:\\\/\\\/www.meydan.tv\\\/az\\\/article\\\/bir-esgerin-secki-etiraflari\\\/#primaryimage\"},\"thumbnailUrl\":\"https:\\\/\\\/www.meydan.tv\\\/wp-content\\\/uploads\\\/39030.jpg\",\"datePublished\":\"2018-01-30T21:11:05+00:00\",\"breadcrumb\":{\"@id\":\"https:\\\/\\\/www.meydan.tv\\\/az\\\/article\\\/bir-esgerin-secki-etiraflari\\\/#breadcrumb\"},\"inLanguage\":\"az\",\"potentialAction\":[{\"@type\":\"ReadAction\",\"target\":[\"https:\\\/\\\/www.meydan.tv\\\/az\\\/article\\\/bir-esgerin-secki-etiraflari\\\/\"]}]},{\"@type\":\"ImageObject\",\"inLanguage\":\"az\",\"@id\":\"https:\\\/\\\/www.meydan.tv\\\/az\\\/article\\\/bir-esgerin-secki-etiraflari\\\/#primaryimage\",\"url\":\"https:\\\/\\\/www.meydan.tv\\\/wp-content\\\/uploads\\\/39030.jpg\",\"contentUrl\":\"https:\\\/\\\/www.meydan.tv\\\/wp-content\\\/uploads\\\/39030.jpg\",\"width\":900,\"height\":506,\"caption\":\"Source:\"},{\"@type\":\"BreadcrumbList\",\"@id\":\"https:\\\/\\\/www.meydan.tv\\\/az\\\/article\\\/bir-esgerin-secki-etiraflari\\\/#breadcrumb\",\"itemListElement\":[{\"@type\":\"ListItem\",\"position\":1,\"name\":\"Ana s\u0259hif\u0259\",\"item\":\"https:\\\/\\\/www.meydan.tv\\\/az\\\/\"},{\"@type\":\"ListItem\",\"position\":2,\"name\":\"M\u0259nim Fikrimc\u0259\",\"item\":\"https:\\\/\\\/www.meydan.tv\\\/az\\\/section\\\/menim-fikrimce\\\/\"},{\"@type\":\"ListItem\",\"position\":3,\"name\":\"Bir \u0259sg\u0259rin se\u00e7ki etiraflar\u0131\"}]},{\"@type\":\"WebSite\",\"@id\":\"https:\\\/\\\/www.meydan.tv\\\/az\\\/#website\",\"url\":\"https:\\\/\\\/www.meydan.tv\\\/az\\\/\",\"name\":\"MEYDAN.TV\",\"description\":\"Meydan TV Az\u0259rbaycan\u0131n media m\u0259kan\u0131ndak\u0131 alternativ s\u0259sidir\",\"publisher\":{\"@id\":\"https:\\\/\\\/www.meydan.tv\\\/az\\\/#organization\"},\"potentialAction\":[{\"@type\":\"SearchAction\",\"target\":{\"@type\":\"EntryPoint\",\"urlTemplate\":\"https:\\\/\\\/www.meydan.tv\\\/az\\\/?s={search_term_string}\"},\"query-input\":{\"@type\":\"PropertyValueSpecification\",\"valueRequired\":true,\"valueName\":\"search_term_string\"}}],\"inLanguage\":\"az\"},{\"@type\":\"Organization\",\"@id\":\"https:\\\/\\\/www.meydan.tv\\\/az\\\/#organization\",\"name\":\"Meydan TV\",\"url\":\"https:\\\/\\\/www.meydan.tv\\\/az\\\/\",\"logo\":{\"@type\":\"ImageObject\",\"inLanguage\":\"az\",\"@id\":\"https:\\\/\\\/www.meydan.tv\\\/az\\\/#\\\/schema\\\/logo\\\/image\\\/\",\"url\":\"https:\\\/\\\/www.meydan.tv\\\/wp-content\\\/uploads\\\/2021\\\/07\\\/meydan-logo.svg\",\"contentUrl\":\"https:\\\/\\\/www.meydan.tv\\\/wp-content\\\/uploads\\\/2021\\\/07\\\/meydan-logo.svg\",\"width\":195,\"height\":46,\"caption\":\"Meydan TV\"},\"image\":{\"@id\":\"https:\\\/\\\/www.meydan.tv\\\/az\\\/#\\\/schema\\\/logo\\\/image\\\/\"}},{\"@type\":\"Person\",\"@id\":\"https:\\\/\\\/www.meydan.tv\\\/az\\\/#\\\/schema\\\/person\\\/10d11eccf6da3662cf5fdab9806ea91a\",\"name\":\"user-manager\"}]}<\/script>\n<!-- \/ Yoast SEO plugin. -->","yoast_head_json":{"title":"Bir \u0259sg\u0259rin se\u00e7ki etiraflar\u0131 - MEYDAN.TV","robots":{"index":"index","follow":"follow","max-snippet":"max-snippet:-1","max-image-preview":"max-image-preview:large","max-video-preview":"max-video-preview:-1"},"canonical":"https:\/\/www.meydan.tv\/az\/article\/bir-esgerin-secki-etiraflari\/","og_locale":"az_AZ","og_type":"article","og_title":"Bir \u0259sg\u0259rin se\u00e7ki etiraflar\u0131 - MEYDAN.TV","og_description":"O, \u0130lham \u018fliyevin ad\u0131 olan hiss\u0259si i\u015far\u0259l\u0259nmi\u015f b\u00fclletenl\u0259ri biz\u0259 uzatd\u0131.","og_url":"https:\/\/www.meydan.tv\/az\/article\/bir-esgerin-secki-etiraflari\/","og_site_name":"MEYDAN.TV","article_published_time":"2018-01-30T21:11:05+00:00","og_image":[{"width":900,"height":506,"url":"https:\/\/www.meydan.tv\/wp-content\/uploads\/39030.jpg","type":"image\/jpeg"}],"author":"user-manager","twitter_card":"summary_large_image","schema":{"@context":"https:\/\/schema.org","@graph":[{"@type":"Article","@id":"https:\/\/www.meydan.tv\/az\/article\/bir-esgerin-secki-etiraflari\/#article","isPartOf":{"@id":"https:\/\/www.meydan.tv\/az\/article\/bir-esgerin-secki-etiraflari\/"},"author":{"name":"user-manager","@id":"https:\/\/www.meydan.tv\/az\/#\/schema\/person\/10d11eccf6da3662cf5fdab9806ea91a"},"headline":"Bir \u0259sg\u0259rin se\u00e7ki etiraflar\u0131","datePublished":"2018-01-30T21:11:05+00:00","mainEntityOfPage":{"@id":"https:\/\/www.meydan.tv\/az\/article\/bir-esgerin-secki-etiraflari\/"},"wordCount":1022,"publisher":{"@id":"https:\/\/www.meydan.tv\/az\/#organization"},"image":{"@id":"https:\/\/www.meydan.tv\/az\/article\/bir-esgerin-secki-etiraflari\/#primaryimage"},"thumbnailUrl":"https:\/\/www.meydan.tv\/wp-content\/uploads\/39030.jpg","articleSection":["M\u0259nim Fikrimc\u0259"],"inLanguage":"az"},{"@type":"WebPage","@id":"https:\/\/www.meydan.tv\/az\/article\/bir-esgerin-secki-etiraflari\/","url":"https:\/\/www.meydan.tv\/az\/article\/bir-esgerin-secki-etiraflari\/","name":"Bir \u0259sg\u0259rin se\u00e7ki etiraflar\u0131 - MEYDAN.TV","isPartOf":{"@id":"https:\/\/www.meydan.tv\/az\/#website"},"primaryImageOfPage":{"@id":"https:\/\/www.meydan.tv\/az\/article\/bir-esgerin-secki-etiraflari\/#primaryimage"},"image":{"@id":"https:\/\/www.meydan.tv\/az\/article\/bir-esgerin-secki-etiraflari\/#primaryimage"},"thumbnailUrl":"https:\/\/www.meydan.tv\/wp-content\/uploads\/39030.jpg","datePublished":"2018-01-30T21:11:05+00:00","breadcrumb":{"@id":"https:\/\/www.meydan.tv\/az\/article\/bir-esgerin-secki-etiraflari\/#breadcrumb"},"inLanguage":"az","potentialAction":[{"@type":"ReadAction","target":["https:\/\/www.meydan.tv\/az\/article\/bir-esgerin-secki-etiraflari\/"]}]},{"@type":"ImageObject","inLanguage":"az","@id":"https:\/\/www.meydan.tv\/az\/article\/bir-esgerin-secki-etiraflari\/#primaryimage","url":"https:\/\/www.meydan.tv\/wp-content\/uploads\/39030.jpg","contentUrl":"https:\/\/www.meydan.tv\/wp-content\/uploads\/39030.jpg","width":900,"height":506,"caption":"Source:"},{"@type":"BreadcrumbList","@id":"https:\/\/www.meydan.tv\/az\/article\/bir-esgerin-secki-etiraflari\/#breadcrumb","itemListElement":[{"@type":"ListItem","position":1,"name":"Ana s\u0259hif\u0259","item":"https:\/\/www.meydan.tv\/az\/"},{"@type":"ListItem","position":2,"name":"M\u0259nim Fikrimc\u0259","item":"https:\/\/www.meydan.tv\/az\/section\/menim-fikrimce\/"},{"@type":"ListItem","position":3,"name":"Bir \u0259sg\u0259rin se\u00e7ki etiraflar\u0131"}]},{"@type":"WebSite","@id":"https:\/\/www.meydan.tv\/az\/#website","url":"https:\/\/www.meydan.tv\/az\/","name":"MEYDAN.TV","description":"Meydan TV Az\u0259rbaycan\u0131n media m\u0259kan\u0131ndak\u0131 alternativ s\u0259sidir","publisher":{"@id":"https:\/\/www.meydan.tv\/az\/#organization"},"potentialAction":[{"@type":"SearchAction","target":{"@type":"EntryPoint","urlTemplate":"https:\/\/www.meydan.tv\/az\/?s={search_term_string}"},"query-input":{"@type":"PropertyValueSpecification","valueRequired":true,"valueName":"search_term_string"}}],"inLanguage":"az"},{"@type":"Organization","@id":"https:\/\/www.meydan.tv\/az\/#organization","name":"Meydan TV","url":"https:\/\/www.meydan.tv\/az\/","logo":{"@type":"ImageObject","inLanguage":"az","@id":"https:\/\/www.meydan.tv\/az\/#\/schema\/logo\/image\/","url":"https:\/\/www.meydan.tv\/wp-content\/uploads\/2021\/07\/meydan-logo.svg","contentUrl":"https:\/\/www.meydan.tv\/wp-content\/uploads\/2021\/07\/meydan-logo.svg","width":195,"height":46,"caption":"Meydan TV"},"image":{"@id":"https:\/\/www.meydan.tv\/az\/#\/schema\/logo\/image\/"}},{"@type":"Person","@id":"https:\/\/www.meydan.tv\/az\/#\/schema\/person\/10d11eccf6da3662cf5fdab9806ea91a","name":"user-manager"}]}},"_links":{"self":[{"href":"https:\/\/www.meydan.tv\/az\/wp-json\/wp\/v2\/posts\/188435","targetHints":{"allow":["GET"]}}],"collection":[{"href":"https:\/\/www.meydan.tv\/az\/wp-json\/wp\/v2\/posts"}],"about":[{"href":"https:\/\/www.meydan.tv\/az\/wp-json\/wp\/v2\/types\/post"}],"author":[{"embeddable":true,"href":"https:\/\/www.meydan.tv\/az\/wp-json\/wp\/v2\/users\/11"}],"replies":[{"embeddable":true,"href":"https:\/\/www.meydan.tv\/az\/wp-json\/wp\/v2\/comments?post=188435"}],"version-history":[{"count":0,"href":"https:\/\/www.meydan.tv\/az\/wp-json\/wp\/v2\/posts\/188435\/revisions"}],"wp:featuredmedia":[{"embeddable":true,"href":"https:\/\/www.meydan.tv\/az\/wp-json\/wp\/v2\/media\/98698"}],"wp:attachment":[{"href":"https:\/\/www.meydan.tv\/az\/wp-json\/wp\/v2\/media?parent=188435"}],"wp:term":[{"taxonomy":"category","embeddable":true,"href":"https:\/\/www.meydan.tv\/az\/wp-json\/wp\/v2\/categories?post=188435"},{"taxonomy":"post_tag","embeddable":true,"href":"https:\/\/www.meydan.tv\/az\/wp-json\/wp\/v2\/tags?post=188435"}],"curies":[{"name":"wp","href":"https:\/\/api.w.org\/{rel}","templated":true}]}}