{"id":188405,"date":"2018-01-28T23:34:30","date_gmt":"2018-01-28T23:34:30","guid":{"rendered":"https:\/\/www.meydan.tv\/article\/istirak-yoxsa-boykot\/"},"modified":"2018-01-28T23:34:30","modified_gmt":"2018-01-28T23:34:30","slug":"istirak-yoxsa-boykot","status":"publish","type":"post","link":"https:\/\/www.meydan.tv\/az\/article\/istirak-yoxsa-boykot\/","title":{"rendered":"\u0130\u015ftirak, yoxsa boykot?"},"content":{"rendered":"<figure class=\"wp-block-image size-large\">\n  <img decoding=\"async\" src=\"https:\/\/www.meydan.tv\/az\/98695\/\" alt=\"\" class=\"wp-image-98695\"\/><figcaption><\/figcaption><\/figure>\n<p>\n  H\u0259r d\u0259f\u0259 se\u00e7ki ilin\u0259 q\u0259d\u0259m qoyanda \u00f6lk\u0259 \u0259halisinin siyasi c\u0259h\u0259td\u0259n f\u0259al hiss\u0259si iki hiss\u0259y\u0259 b\u00f6l\u00fcn\u00fcr: se\u00e7kil\u0259rd\u0259 i\u015ftirak\u0131n t\u0259r\u0259fdarlar\u0131na v\u0259 \u0259leyhdarlar\u0131na. \u0130kincil\u0259rin d\u0259yi\u015fm\u0259z arqumentl\u0259ri \u0259sas\u0259n a\u015fa\u011f\u0131dak\u0131lardan ibar\u0259tdir:\n<\/p>\n<p>\n  &#8211; se\u00e7ki hakimiyy\u0259tin oyunudur, onda i\u015ftirak etm\u0259k x\u0259yan\u0259tdir;<br \/>\n  <br \/>\n  &#8211; se\u00e7kid\u0259 i\u015ftirak hakimiyy\u0259t\u0259 beyn\u0259lxalq al\u0259md\u0259 \u00f6z legitimliyini s\u00fcbut etdirir;<br \/>\n  <br \/>\n  &#8211; se\u00e7ki m\u00fchiti yoxdur;<br \/>\n  <br \/>\n  &#8211; n\u0259tic\u0259l\u0259r \u0259vv\u0259ld\u0259n m\u0259lumdur.\n<\/p>\n<p>\n  \u0130lk yana\u015fmadan el\u0259 t\u0259\u0259ss\u00fcrat yaran\u0131r ki, sanki se\u00e7ki hakimiyy\u0259tin \u00e7ox sevdiyi bir prosesdir, onu ke\u00e7irm\u0259kd\u0259n, h\u0259r d\u0259f\u0259 \u00f6z legitimlikl\u0259rini t\u0259sdiql\u0259m\u0259kd\u0259n z\u00f6vq al\u0131rlar. M\u00fcxalif\u0259tin i\u015ftirak\u0131 da onlara bu z\u00f6vq\u00fc ya\u015famaqda k\u00f6m\u0259k edir. Halbuki, daim \u0259ksini m\u00fc\u015fahid\u0259 edirik. Se\u00e7kini tamam l\u0259\u011fv ed\u0259 bilm\u0259y\u0259n hakimiyy\u0259t onu \u0259h\u0259miyy\u0259tsiz hadis\u0259y\u0259 \u00e7evirm\u0259k \u00fc\u00e7\u00fcn \u0259lind\u0259n g\u0259l\u0259ni edib.\n<\/p>\n<p>\n  Vaxtil\u0259 Az\u0259rbaycanda se\u00e7ki kampaniyas\u0131n\u0131n m\u00fcdd\u0259ti 120 g\u00fcn, t\u0259\u015fviqat kampaniyas\u0131n\u0131n m\u00fcdd\u0259ti is\u0259 60 g\u00fcn idi. 2008-ci ild\u0259 bu r\u0259q\u0259ml\u0259r m\u00fcvafiq olaraq 75 v\u0259 28 g\u00fcn\u0259 endirilib. 2010-cu ild\u0259 edil\u0259n d\u0259yi\u015fiklikl\u0259rl\u0259 is\u0259 se\u00e7ki kampaniyas\u0131na 60 g\u00fcn, t\u0259\u015fviqat kampaniyas\u0131na is\u0259 c\u0259mi 23 g\u00fcn ayr\u0131l\u0131b.\n<\/p>\n<p>\n  Hakimiyy\u0259t ist\u0259r prezident, ist\u0259r parlament se\u00e7kil\u0259rind\u0259, ist\u0259rs\u0259 d\u0259 referendum zaman\u0131 televiziya v\u0259 radio \u00e7\u0131x\u0131\u015flar\u0131na ayr\u0131lan pulsuz efir vaxt\u0131n\u0131 minimuma endirib.\n<\/p>\n<p>\n  2008-ci il prezident se\u00e7kil\u0259ri zaman\u0131 7 namiz\u0259d\u0259 h\u0259r h\u0259ft\u0259 \u00fcmumilikd\u0259 6 saat pulsuz efir vaxt\u0131 ayr\u0131lm\u0131\u015fd\u0131. Bunlar\u0131n 3 saat\u0131 televiziyada, 3 saat\u0131 is\u0259 radioda idi. O zaman t\u0259\u015fviqat kampaniyas\u0131n\u0131n 4 h\u0259ft\u0259 s\u00fcrd\u00fcy\u00fcn\u00fc n\u0259z\u0259r\u0259 alsaq, h\u0259r namiz\u0259d\u0259 200 d\u0259qiq\u0259d\u0259n art\u0131q pulsuz efir vaxt\u0131 d\u00fc\u015f\u00fcrd\u00fc.\n<\/p>\n<p>\n  T\u0259\u015fviqat kampaniyas\u0131n\u0131n art\u0131q 23 g\u00fcn oldu\u011fu son (2013-c\u00fc il) prezident se\u00e7kil\u0259rind\u0259 is\u0259 qeyd\u0259 al\u0131nm\u0131\u015f 10 namiz\u0259d\u0259 h\u0259r h\u0259ft\u0259 \u00fcmumilikd\u0259 1 saat televiziyada, 1 saat radioda olmaqla c\u0259mi 2 saat vaxt ayr\u0131l\u0131b. N\u0259tic\u0259d\u0259 h\u0259r namiz\u0259d\u0259 108 d\u0259qiq\u0259 pulsuz efir vaxt\u0131 (54 d\u0259qiq\u0259 televiziyada v\u0259 54 d\u0259qiq\u0259 radioda) d\u00fc\u015f\u00fcb.\n<\/p>\n<p>\n  2009-cu ild\u0259 ke\u00e7iril\u0259n referendum zaman\u0131 qeyd\u0259 al\u0131nm\u0131\u015f t\u0259\u015fviqat qruplar\u0131na h\u0259ft\u0259 \u0259rzind\u0259 3 saat efir vaxt\u0131 ayr\u0131ld\u0131 ki, bunun da yar\u0131s\u0131 televiziyaya, yar\u0131s\u0131 is\u0259 radioya aid idi. Qeyd\u0259 al\u0131nm\u0131\u015f 9 t\u0259\u015fviqat qrupuna h\u0259ft\u0259d\u0259 20 d\u0259qiq\u0259 vaxt d\u00fc\u015fd\u00fc. Bel\u0259c\u0259, 2 m\u00fcxalif t\u0259\u015fviqat\u00e7\u0131 qrup \u00fcmum\u0259n 80 d\u0259qiq\u0259 televiziyada v\u0259 80 d\u0259qiq\u0259 radioda t\u0259klif olunan d\u0259yi\u015fiklikl\u0259ri v\u0259 hakimiyy\u0259ti t\u0259nqid etm\u0259k imkan\u0131 qazand\u0131. 2016-c\u0131 ild\u0259 m\u00fcxalif\u0259td\u0259n yaln\u0131z M\u00fcsavat Partiyas\u0131 t\u0259\u015fviqat qrupu yaratma\u011fa \u00e7al\u0131\u015fd\u0131, lakin qeyd\u0259 al\u0131nmad\u0131. Qeyd\u0259 al\u0131nan 3 hakimiyy\u0259ty\u00f6nl\u00fc t\u0259\u015fviqat qrupu is\u0259 pulsuz efird\u0259n imtina etdil\u0259r.\n<\/p>\n<p>\n  2010-cu ild\u0259 deputatl\u0131\u011fa namiz\u0259dl\u0259r\u0259 c\u0259mi 4 d\u0259qiq\u0259 efir vaxt\u0131 ayr\u0131lm\u0131\u015fd\u0131. 2015-ci ild\u0259 is\u0259 \u00fcmumiyy\u0259tl\u0259, ayr\u0131lmad\u0131. Pullu efir vaxt\u0131n\u0131n ayr\u0131lmas\u0131 t\u0259cr\u00fcb\u0259sin\u0259 is\u0259 2005-ci ilin parlament se\u00e7kil\u0259rind\u0259n etibar\u0259n faktiki son verilib. Ba\u015fqa \u00f6lk\u0259l\u0259rd\u0259 \u00e7ox g\u0259lirli say\u0131lan se\u00e7ki reklamlar\u0131 Az\u0259rbaycan telekanallar\u0131 t\u0259r\u0259find\u0259n b\u0259lli s\u0259b\u0259bl\u0259rd\u0259n l\u0259\u011fv edilib.\n<\/p>\n<p>\n  Burada x\u00fcsusi bir m\u0259qam\u0131 vur\u011fulamaq laz\u0131md\u0131r. M\u0259s\u0259l\u0259 he\u00e7 d\u0259 yaln\u0131z m\u00fcxalif namiz\u0259dl\u0259rin vaxt\u0131n\u0131n azald\u0131lmas\u0131ndan v\u0259 ya l\u0259\u011fv edilm\u0259sind\u0259n getmir. Son referendumda 3 t\u0259\u015fviqat qrupunun v\u0259 son parlament se\u00e7kil\u0259rind\u0259 YAP-\u0131n qanuni olaraq pulsuz efir vaxt\u0131 h\u00fcquqlar\u0131 vard\u0131. Lakin onlar bundan imtina etdil\u0259r.\n<\/p>\n<p>\n  M\u00fcxalif\u0259td\u0259n f\u0259rqli olaraq hakimiyy\u0259tin v\u0259 onun namiz\u0259dl\u0259rinin pullu efir vaxt\u0131 \u0259ld\u0259 etm\u0259k, \u00f6z t\u0259bli\u011fatlar\u0131n\u0131 aparmaq imkanlar\u0131 var. Lakin ilk bax\u0131\u015fda q\u0259rib\u0259 g\u00f6r\u00fcn\u0259 bil\u0259r ki, hakimiyy\u0259t m\u00fcxalif\u0259t \u00fcz\u0259rind\u0259ki bu vacib \u00fcst\u00fcnl\u00fcy\u00fcnd\u0259n yararlanmaq ist\u0259mir. \u018fslind\u0259 is\u0259 q\u0259rib\u0259 he\u00e7 n\u0259 yoxdur, h\u0259r \u015fey \u00e7ox sad\u0259dir.\n<\/p>\n<p>\n  Hakimiyy\u0259t v\u0259 onun namiz\u0259dl\u0259ri h\u0259tta \u00f6z lehin\u0259 t\u0259bli\u011fat aparmaq hesab\u0131na olsa bel\u0259 s\u0259sverm\u0259ni populyarla\u015fd\u0131rmaq, se\u00e7icil\u0259ri duyuq salmaq ist\u0259mirl\u0259r. \u201cBird\u0259n se\u00e7icil\u0259r hesab ed\u0259rl\u0259r ki, do\u011frudan da, onlar\u0131n s\u0259si n\u0259yis\u0259 h\u0259ll edir, i\u015ftiraka h\u0259v\u0259sl\u0259n\u0259rl\u0259r\u201d, dey\u0259 d\u00fc\u015f\u00fcn\u00fcl\u00fcr. Hesab olunur ki, s\u0259sverm\u0259y\u0259 n\u0259 q\u0259d\u0259r az adam g\u0259ls\u0259, se\u00e7ki komissiyalar\u0131n\u0131n \u201cba\u015fa\u011fr\u0131s\u0131\u201d bir o q\u0259d\u0259r az olar, laz\u0131mi n\u0259tic\u0259l\u0259ri \u201cd\u00fcz\u00fcb-qo\u015fmaq\u201d asan olar.\n<\/p>\n<p>\n  \u00c7ap materiallar\u0131n\u0131n yay\u0131lmas\u0131 il\u0259 ba\u011fl\u0131 v\u0259ziyy\u0259t d\u0259 xeyli pisl\u0259\u015fib. Faktiki olaraq yaln\u0131z se\u00e7ki m\u0259nt\u0259q\u0259l\u0259rinin \u00f6n\u00fcnd\u0259k\u0131 l\u00f6vh\u0259l\u0259rd\u0259 onlar\u0131 yap\u0131\u015fd\u0131rmaq olar. \u00d6z\u0259l obyektl\u0259rd\u0259 yaln\u0131z sahibinin icaz\u0259si il\u0259 m\u00fcmk\u00fcnd\u00fcr. Ayd\u0131nd\u0131r ki, he\u00e7 k\u0259s m\u00fcxalif\u0259tin t\u0259\u015fviqat materiallar\u0131na icaz\u0259 verm\u0259kl\u0259 \u00f6z\u00fcn\u0259 problem yaratmaq ist\u0259mir. Hakimiyy\u0259t n\u00fcmay\u0259nd\u0259l\u0259rinin bu sah\u0259d\u0259 d\u0259 \u00fcst\u00fcnl\u00fcy\u00fc var, lakin istifad\u0259 etmirl\u0259r. S\u0259b\u0259b d\u0259 eynidir \u2013 se\u00e7kil\u0259ri insanlar\u0131n yad\u0131na salmasan, daha yax\u015f\u0131d\u0131r.\n<\/p>\n<p>\n  N\u0259hay\u0259t, hakimiyy\u0259t prezidentin s\u0259lahiyy\u0259t m\u00fcdd\u0259tini 7 il\u0259 q\u0259d\u0259r uzadaraq, prezident se\u00e7kil\u0259rini bacard\u0131qca gec-gec ke\u00e7irm\u0259k ist\u0259yini ortaya qoydu. D\u00fcnyada parlamentin d\u0259 7 illik se\u00e7ilm\u0259si t\u0259cr\u00fcb\u0259si olsayd\u0131, \u015f\u00fcbh\u0259siz ki, ona da m\u00fcraci\u0259t ed\u0259rdil\u0259r.\n<\/p>\n<p>\n  B\u00fct\u00fcn bunlar g\u00f6st\u0259rir ki, se\u00e7kil\u0259r hakimiyy\u0259tin vaz ke\u00e7m\u0259k imkan\u0131 olmad\u0131\u011f\u0131 m\u0259cburiyy\u0259td\u0259n ba\u015fqa bir \u015fey deyil. Tamamil\u0259 l\u0259\u011fv etm\u0259k imkan\u0131 olmad\u0131qlar\u0131 prosesi bacard\u0131qca maraqs\u0131z, \u0259h\u0259miyy\u0259tsiz etm\u0259y\u0259, insanlar\u0131n i\u015ftirak\u0131n\u0131 minimuma endirm\u0259y\u0259 \u00e7al\u0131\u015f\u0131rlar. Onlara yaln\u0131z kameraya \u00e7\u0259kib telekanallarda g\u00f6st\u0259r\u0259c\u0259k sayda se\u00e7ici i\u015ftirak\u0131 laz\u0131md\u0131r.\n<\/p>\n<p>\n  Hakimiyy\u0259t bu siyas\u0259ti o q\u0259d\u0259r a\u015fkar h\u0259yata ke\u00e7irir ki, \u201cse\u00e7ki hakimiyy\u0259tin oyunudur\u201d iddias\u0131n\u0131n s\u0259thiliyin\u0259 heyr\u0259tl\u0259nm\u0259m\u0259k m\u00fcmk\u00fcn deyil.\n<\/p>\n<p>\n  Beyn\u0259lxalq al\u0259md\u0259 legitimlik qazand\u0131rmaq iddias\u0131 is\u0259, \u00fcmumiyy\u0259tl\u0259, he\u00e7 n\u0259y\u0259 \u0259saslanm\u0131r. Halbuki m\u0259hz m\u00fcxalif\u0259tin f\u0259al i\u015ftirak etdiyi se\u00e7kil\u0259rd\u0259\u00a0beyn\u0259lxalq m\u00fc\u015fahid\u0259\u00e7il\u0259rin r\u0259yl\u0259rind\u0259 qanun pozuntular\u0131 il\u0259 ba\u011fl\u0131 ciddi m\u00fcdd\u0259alar \u0259ksini tap\u0131r. \u201cAz\u0259rbaycan landromat\u0131\u201d ad\u0131 il\u0259 tan\u0131nan qalmaqaldan da ayd\u0131n olur ki, bel\u0259 hallarda hakimiyy\u0259tin xarici x\u0259rcl\u0259ri xeyli \u00e7oxal\u0131r.\n<\/p>\n<p>\n  \u018fksi ba\u015f ver\u0259nd\u0259, y\u0259ni se\u00e7ki boykot olunanda hakimiyy\u0259t nec\u0259 v\u0259 harada legitimlik problemi ya\u015fayacaq? V\u0259 ya 2008-ci ild\u0259 m\u00fcxalif\u0259tin boykot etdiyi prezident se\u00e7kil\u0259ri legitimlikl\u0259 ba\u011fl\u0131 hans\u0131 problem yaratm\u0131\u015fd\u0131 ki? Bu suallar\u0131n cavab\u0131 h\u0259l\u0259 ki rast\u0131m\u0131za \u00e7\u0131xmay\u0131b.\n<\/p>\n<p>\n  Se\u00e7ki m\u00fchiti yoxdursa, i\u015ftirak etm\u0259m\u0259kl\u0259 n\u0259y\u0259 nail olaca\u011f\u0131q? Ac\u0131q edib evd\u0259 oturmaqla kims\u0259 biz\u0259 se\u00e7ki m\u00fchiti yaratmayacaq ax\u0131. N\u0259tic\u0259l\u0259r is\u0259 h\u0259tta demokratik d\u00f6vl\u0259td\u0259 d\u0259 \u0259vv\u0259lc\u0259d\u0259n m\u0259lum ola bil\u0259r. Bu se\u00e7kil\u0259rd\u0259 i\u015ftirak etm\u0259y\u0259, \u00f6z\u00fcn\u00fcn v\u0259 t\u0259msil etdiyin t\u0259\u015fkilat\u0131n, d\u00fc\u015f\u0259rg\u0259nin t\u0259bli\u011fat\u0131n\u0131 aparma\u011fa mane olmamal\u0131d\u0131r.\n<\/p>\n<p>\n  Raz\u0131yam ki, haz\u0131rk\u0131 v\u0259ziyy\u0259td\u0259 q\u0259l\u0259b\u0259 qeyri-real g\u00f6r\u00fcn\u00fcr. Lakin se\u00e7kil\u0259rd\u0259 \u0259n \u00fcmidsiz v\u0259ziyy\u0259td\u0259 bel\u0259 i\u015ftirak\u0131 yaln\u0131z o se\u00e7kil\u0259rl\u0259 \u0259laq\u0259l\u0259ndirm\u0259k d\u00fczg\u00fcn deyil. Q\u0259l\u0259b\u0259 m\u00fcmk\u00fcn olmad\u0131\u011f\u0131 halda bel\u0259 g\u0259l\u0259c\u0259k q\u0259l\u0259b\u0259l\u0259r \u00fc\u00e7\u00fcn toxum s\u0259pm\u0259k, se\u00e7icil\u0259r\u0259 mesajlar \u00f6t\u00fcrm\u0259k vacibdir. \u018fn n\u0259hay\u0259t, insanlara s\u0131nmayan, sat\u0131lmayan, h\u0259qiq\u0259ti c\u0259sar\u0259tl\u0259 s\u00f6yl\u0259y\u0259n \u015f\u0259xsl\u0259rin h\u0259l\u0259 d\u0259 m\u00f6vcud oldu\u011funu g\u00f6st\u0259rm\u0259k olduqca \u0259h\u0259miyy\u0259tlidir.\n<\/p>\n<p>\n  T\u0259cr\u00fcb\u0259 g\u00f6st\u0259rir ki, Az\u0259rbaycan v\u0259t\u0259nda\u015flar\u0131 m\u0259hz se\u00e7ki d\u00f6vr\u00fcnd\u0259 daha f\u0259al olurlar. Hakimiyy\u0259tin h\u0259tta \u0259n qeyri-populyar add\u0131mlar\u0131na bel\u0259 \u0259hali o q\u0259d\u0259r d\u0259 f\u0259al reaksiya vermir. N\u0259 2007-ci ild\u0259 elektrik tarifl\u0259rinin 3 d\u0259f\u0259, qaz pulunun 50% art\u0131r\u0131lmas\u0131ndan sonra, n\u0259 d\u0259 son ill\u0259r 2 devalvasiya, elektrik v\u0259 qaza t\u0259tbiq olunan limitl\u0259rd\u0259n sonra ke\u00e7iril\u0259n aksiyalarda \u0259halinin f\u0259al i\u015ftirak etdiyini s\u00f6yl\u0259m\u0259k olmaz.\n<\/p>\n<p>\n  El\u0259 \u015feyl\u0259r var ki, hakimiyy\u0259t ist\u0259yind\u0259n as\u0131l\u0131 olmayaraq l\u0259\u011fv ed\u0259 bilmir. Se\u00e7kini tamamil\u0259 l\u0259\u011fv etm\u0259k olmur. Bunu h\u0259tta Zimbabved\u0259 Muqabe ed\u0259 bilm\u0259di, Az\u0259rbaycanda he\u00e7 m\u00fcmk\u00fcn deyil. Se\u00e7ki kampaniyas\u0131ndan do\u011fan amill\u0259ri \u2013 s\u0259rb\u0259st topla\u015fmaq azadl\u0131\u011f\u0131n\u0131n nisb\u0259t\u0259n geni\u015fl\u0259ndirilm\u0259sini, prezidentliy\u0259 namiz\u0259dl\u0259rin televiziya \u00e7\u0131x\u0131\u015flar\u0131n\u0131, m\u00fcxalif partiyalar\u0131n t\u0259\u015fviqat materiallar\u0131n\u0131n yay\u0131lmas\u0131n\u0131 l\u0259\u011fv ed\u0259 bilmir.\n<\/p>\n<p>\n  Se\u00e7kid\u0259 i\u015ftirak etm\u0259m\u0259kl\u0259 is\u0259 m\u00fcxalif\u0259t hakimiyy\u0259tin l\u0259\u011fv ed\u0259 bilm\u0259diyind\u0259n \u00f6z\u00fc k\u00f6n\u00fcll\u00fc imtina edir. Hakimiyy\u0259tin qapada bilm\u0259diyi son n\u0259f\u0259slikl\u0259ri m\u00fcxalif\u0259t \u00f6z\u00fc qapad\u0131r. \u0130\u015ftirak is\u0259 se\u00e7kil\u0259rin hakimiyy\u0259t \u00fc\u00e7\u00fcn arzuolunan s\u0259ssizliyinin pozulmas\u0131 dem\u0259kdir. M\u00fcxalif\u0259tin i\u015ftirak etdiyi \u0259n passiv se\u00e7kil\u0259r bel\u0259 \u00f6lk\u0259nin siyasi h\u0259yat\u0131nda hadis\u0259y\u0259 \u00e7evrilir.\n<\/p>\n<p>\n  \u018fn \u0259sas\u0131, i\u015ftirakdan imtina x\u00fcsusi haz\u0131rl\u0131q t\u0259l\u0259b ed\u0259n add\u0131m deyil. Se\u00e7ki prosesinin ist\u0259nil\u0259n m\u0259rh\u0259l\u0259sind\u0259 boykot q\u0259rar\u0131na qay\u0131tmaq m\u00fcmk\u00fcnd\u00fcr. \u0130\u015ftirak is\u0259 bel\u0259 deyil, m\u00fc\u0259yy\u0259n haz\u0131rl\u0131q, vaxt t\u0259l\u0259b edir. Ax\u0131 \u0259n \u00f6lg\u00fcn c\u0259miyy\u0259tl\u0259rd\u0259 bel\u0259 prosesl\u0259ri tam \u0259minlikl\u0259 proqnozla\u015fd\u0131rmaq olmur. Prosesin i\u015ftirak\u00e7\u0131s\u0131 olanda is\u0259 g\u00f6zl\u0259nilm\u0259z s\u00fcrprizl\u0259r\u0259 daha tez reaksiya verm\u0259k olur.\n<\/p>\n<p>\n  1991-ci ild\u0259 Az\u0259rbaycan Xalq C\u0259bh\u0259si f\u00f6vq\u0259lad\u0259 v\u0259ziyy\u0259ti \u0259sas g\u0259tir\u0259r\u0259k prezident se\u00e7kil\u0259rind\u0259 i\u015ftirakdan imtina etmi\u015fdi. S\u0259sverm\u0259 g\u00fcn\u00fcn\u0259 20 g\u00fcn qalm\u0131\u015f is\u0259 Moskvada u\u011fursuz QK\u00c7P \u00e7evrili\u015fi ba\u015f verdi. Bu hadis\u0259d\u0259n sonra SSR\u0130 kardon ev kimi s\u00f6k\u00fclm\u0259y\u0259 ba\u015flad\u0131. AXC i\u015ftirak q\u0259rar\u0131 vers\u0259ydi, art\u0131q o zaman hakimiyy\u0259t\u0259 g\u0259l\u0259 bil\u0259rdi.<\/p>\n","protected":false},"excerpt":{"rendered":"<p>Se\u00e7ki m\u00fchiti yoxdursa, i\u015ftirak etm\u0259m\u0259kl\u0259 n\u0259y\u0259 nail olaca\u011f\u0131q?<\/p>\n","protected":false},"author":11,"featured_media":98695,"comment_status":"closed","ping_status":"open","sticky":false,"template":"","format":"standard","meta":{"_acf_changed":false,"_sitemap_exclude":false,"_sitemap_priority":"","_sitemap_frequency":"","footnotes":""},"categories":[56],"tags":[],"class_list":["post-188405","post","type-post","status-publish","format-standard","has-post-thumbnail","hentry","category-xeberler","infinite-scroll-item","generate-columns","tablet-grid-50","mobile-grid-100","grid-parent","grid-33","no-featured-image-padding"],"acf":[],"yoast_head":"<!-- This site is optimized with the Yoast SEO plugin v27.4 - https:\/\/yoast.com\/product\/yoast-seo-wordpress\/ -->\n<title>\u0130\u015ftirak, yoxsa boykot? - MEYDAN.TV<\/title>\n<meta name=\"robots\" content=\"index, follow, max-snippet:-1, max-image-preview:large, max-video-preview:-1\" \/>\n<link rel=\"canonical\" href=\"https:\/\/www.meydan.tv\/az\/article\/istirak-yoxsa-boykot\/\" \/>\n<meta property=\"og:locale\" content=\"az_AZ\" \/>\n<meta property=\"og:type\" content=\"article\" \/>\n<meta property=\"og:title\" content=\"\u0130\u015ftirak, yoxsa boykot? - MEYDAN.TV\" \/>\n<meta property=\"og:description\" content=\"Se\u00e7ki m\u00fchiti yoxdursa, i\u015ftirak etm\u0259m\u0259kl\u0259 n\u0259y\u0259 nail olaca\u011f\u0131q?\" \/>\n<meta property=\"og:url\" content=\"https:\/\/www.meydan.tv\/az\/article\/istirak-yoxsa-boykot\/\" \/>\n<meta property=\"og:site_name\" content=\"MEYDAN.TV\" \/>\n<meta property=\"article:published_time\" content=\"2018-01-28T23:34:30+00:00\" \/>\n<meta property=\"og:image\" content=\"https:\/\/www.meydan.tv\/wp-content\/uploads\/39029.jpg\" \/>\n\t<meta property=\"og:image:width\" content=\"805\" \/>\n\t<meta property=\"og:image:height\" content=\"457\" \/>\n\t<meta property=\"og:image:type\" content=\"image\/jpeg\" \/>\n<meta name=\"author\" content=\"user-manager\" \/>\n<meta name=\"twitter:card\" content=\"summary_large_image\" \/>\n<script type=\"application\/ld+json\" class=\"yoast-schema-graph\">{\"@context\":\"https:\\\/\\\/schema.org\",\"@graph\":[{\"@type\":\"Article\",\"@id\":\"https:\\\/\\\/www.meydan.tv\\\/az\\\/article\\\/istirak-yoxsa-boykot\\\/#article\",\"isPartOf\":{\"@id\":\"https:\\\/\\\/www.meydan.tv\\\/az\\\/article\\\/istirak-yoxsa-boykot\\\/\"},\"author\":{\"name\":\"user-manager\",\"@id\":\"https:\\\/\\\/www.meydan.tv\\\/az\\\/#\\\/schema\\\/person\\\/10d11eccf6da3662cf5fdab9806ea91a\"},\"headline\":\"\u0130\u015ftirak, yoxsa boykot?\",\"datePublished\":\"2018-01-28T23:34:30+00:00\",\"mainEntityOfPage\":{\"@id\":\"https:\\\/\\\/www.meydan.tv\\\/az\\\/article\\\/istirak-yoxsa-boykot\\\/\"},\"wordCount\":1867,\"publisher\":{\"@id\":\"https:\\\/\\\/www.meydan.tv\\\/az\\\/#organization\"},\"image\":{\"@id\":\"https:\\\/\\\/www.meydan.tv\\\/az\\\/article\\\/istirak-yoxsa-boykot\\\/#primaryimage\"},\"thumbnailUrl\":\"https:\\\/\\\/www.meydan.tv\\\/wp-content\\\/uploads\\\/39029.jpg\",\"articleSection\":[\"X\u0259b\u0259rl\u0259r\"],\"inLanguage\":\"az\"},{\"@type\":\"WebPage\",\"@id\":\"https:\\\/\\\/www.meydan.tv\\\/az\\\/article\\\/istirak-yoxsa-boykot\\\/\",\"url\":\"https:\\\/\\\/www.meydan.tv\\\/az\\\/article\\\/istirak-yoxsa-boykot\\\/\",\"name\":\"\u0130\u015ftirak, yoxsa boykot? - MEYDAN.TV\",\"isPartOf\":{\"@id\":\"https:\\\/\\\/www.meydan.tv\\\/az\\\/#website\"},\"primaryImageOfPage\":{\"@id\":\"https:\\\/\\\/www.meydan.tv\\\/az\\\/article\\\/istirak-yoxsa-boykot\\\/#primaryimage\"},\"image\":{\"@id\":\"https:\\\/\\\/www.meydan.tv\\\/az\\\/article\\\/istirak-yoxsa-boykot\\\/#primaryimage\"},\"thumbnailUrl\":\"https:\\\/\\\/www.meydan.tv\\\/wp-content\\\/uploads\\\/39029.jpg\",\"datePublished\":\"2018-01-28T23:34:30+00:00\",\"breadcrumb\":{\"@id\":\"https:\\\/\\\/www.meydan.tv\\\/az\\\/article\\\/istirak-yoxsa-boykot\\\/#breadcrumb\"},\"inLanguage\":\"az\",\"potentialAction\":[{\"@type\":\"ReadAction\",\"target\":[\"https:\\\/\\\/www.meydan.tv\\\/az\\\/article\\\/istirak-yoxsa-boykot\\\/\"]}]},{\"@type\":\"ImageObject\",\"inLanguage\":\"az\",\"@id\":\"https:\\\/\\\/www.meydan.tv\\\/az\\\/article\\\/istirak-yoxsa-boykot\\\/#primaryimage\",\"url\":\"https:\\\/\\\/www.meydan.tv\\\/wp-content\\\/uploads\\\/39029.jpg\",\"contentUrl\":\"https:\\\/\\\/www.meydan.tv\\\/wp-content\\\/uploads\\\/39029.jpg\",\"width\":805,\"height\":457,\"caption\":\"Source:\"},{\"@type\":\"BreadcrumbList\",\"@id\":\"https:\\\/\\\/www.meydan.tv\\\/az\\\/article\\\/istirak-yoxsa-boykot\\\/#breadcrumb\",\"itemListElement\":[{\"@type\":\"ListItem\",\"position\":1,\"name\":\"Ana s\u0259hif\u0259\",\"item\":\"https:\\\/\\\/www.meydan.tv\\\/az\\\/\"},{\"@type\":\"ListItem\",\"position\":2,\"name\":\"X\u0259b\u0259rl\u0259r\",\"item\":\"https:\\\/\\\/www.meydan.tv\\\/az\\\/section\\\/xeberler\\\/\"},{\"@type\":\"ListItem\",\"position\":3,\"name\":\"\u0130\u015ftirak, yoxsa boykot?\"}]},{\"@type\":\"WebSite\",\"@id\":\"https:\\\/\\\/www.meydan.tv\\\/az\\\/#website\",\"url\":\"https:\\\/\\\/www.meydan.tv\\\/az\\\/\",\"name\":\"MEYDAN.TV\",\"description\":\"Meydan TV Az\u0259rbaycan\u0131n media m\u0259kan\u0131ndak\u0131 alternativ s\u0259sidir\",\"publisher\":{\"@id\":\"https:\\\/\\\/www.meydan.tv\\\/az\\\/#organization\"},\"potentialAction\":[{\"@type\":\"SearchAction\",\"target\":{\"@type\":\"EntryPoint\",\"urlTemplate\":\"https:\\\/\\\/www.meydan.tv\\\/az\\\/?s={search_term_string}\"},\"query-input\":{\"@type\":\"PropertyValueSpecification\",\"valueRequired\":true,\"valueName\":\"search_term_string\"}}],\"inLanguage\":\"az\"},{\"@type\":\"Organization\",\"@id\":\"https:\\\/\\\/www.meydan.tv\\\/az\\\/#organization\",\"name\":\"Meydan TV\",\"url\":\"https:\\\/\\\/www.meydan.tv\\\/az\\\/\",\"logo\":{\"@type\":\"ImageObject\",\"inLanguage\":\"az\",\"@id\":\"https:\\\/\\\/www.meydan.tv\\\/az\\\/#\\\/schema\\\/logo\\\/image\\\/\",\"url\":\"https:\\\/\\\/www.meydan.tv\\\/wp-content\\\/uploads\\\/2021\\\/07\\\/meydan-logo.svg\",\"contentUrl\":\"https:\\\/\\\/www.meydan.tv\\\/wp-content\\\/uploads\\\/2021\\\/07\\\/meydan-logo.svg\",\"width\":195,\"height\":46,\"caption\":\"Meydan TV\"},\"image\":{\"@id\":\"https:\\\/\\\/www.meydan.tv\\\/az\\\/#\\\/schema\\\/logo\\\/image\\\/\"}},{\"@type\":\"Person\",\"@id\":\"https:\\\/\\\/www.meydan.tv\\\/az\\\/#\\\/schema\\\/person\\\/10d11eccf6da3662cf5fdab9806ea91a\",\"name\":\"user-manager\"}]}<\/script>\n<!-- \/ Yoast SEO plugin. -->","yoast_head_json":{"title":"\u0130\u015ftirak, yoxsa boykot? - MEYDAN.TV","robots":{"index":"index","follow":"follow","max-snippet":"max-snippet:-1","max-image-preview":"max-image-preview:large","max-video-preview":"max-video-preview:-1"},"canonical":"https:\/\/www.meydan.tv\/az\/article\/istirak-yoxsa-boykot\/","og_locale":"az_AZ","og_type":"article","og_title":"\u0130\u015ftirak, yoxsa boykot? - MEYDAN.TV","og_description":"Se\u00e7ki m\u00fchiti yoxdursa, i\u015ftirak etm\u0259m\u0259kl\u0259 n\u0259y\u0259 nail olaca\u011f\u0131q?","og_url":"https:\/\/www.meydan.tv\/az\/article\/istirak-yoxsa-boykot\/","og_site_name":"MEYDAN.TV","article_published_time":"2018-01-28T23:34:30+00:00","og_image":[{"width":805,"height":457,"url":"https:\/\/www.meydan.tv\/wp-content\/uploads\/39029.jpg","type":"image\/jpeg"}],"author":"user-manager","twitter_card":"summary_large_image","schema":{"@context":"https:\/\/schema.org","@graph":[{"@type":"Article","@id":"https:\/\/www.meydan.tv\/az\/article\/istirak-yoxsa-boykot\/#article","isPartOf":{"@id":"https:\/\/www.meydan.tv\/az\/article\/istirak-yoxsa-boykot\/"},"author":{"name":"user-manager","@id":"https:\/\/www.meydan.tv\/az\/#\/schema\/person\/10d11eccf6da3662cf5fdab9806ea91a"},"headline":"\u0130\u015ftirak, yoxsa boykot?","datePublished":"2018-01-28T23:34:30+00:00","mainEntityOfPage":{"@id":"https:\/\/www.meydan.tv\/az\/article\/istirak-yoxsa-boykot\/"},"wordCount":1867,"publisher":{"@id":"https:\/\/www.meydan.tv\/az\/#organization"},"image":{"@id":"https:\/\/www.meydan.tv\/az\/article\/istirak-yoxsa-boykot\/#primaryimage"},"thumbnailUrl":"https:\/\/www.meydan.tv\/wp-content\/uploads\/39029.jpg","articleSection":["X\u0259b\u0259rl\u0259r"],"inLanguage":"az"},{"@type":"WebPage","@id":"https:\/\/www.meydan.tv\/az\/article\/istirak-yoxsa-boykot\/","url":"https:\/\/www.meydan.tv\/az\/article\/istirak-yoxsa-boykot\/","name":"\u0130\u015ftirak, yoxsa boykot? - MEYDAN.TV","isPartOf":{"@id":"https:\/\/www.meydan.tv\/az\/#website"},"primaryImageOfPage":{"@id":"https:\/\/www.meydan.tv\/az\/article\/istirak-yoxsa-boykot\/#primaryimage"},"image":{"@id":"https:\/\/www.meydan.tv\/az\/article\/istirak-yoxsa-boykot\/#primaryimage"},"thumbnailUrl":"https:\/\/www.meydan.tv\/wp-content\/uploads\/39029.jpg","datePublished":"2018-01-28T23:34:30+00:00","breadcrumb":{"@id":"https:\/\/www.meydan.tv\/az\/article\/istirak-yoxsa-boykot\/#breadcrumb"},"inLanguage":"az","potentialAction":[{"@type":"ReadAction","target":["https:\/\/www.meydan.tv\/az\/article\/istirak-yoxsa-boykot\/"]}]},{"@type":"ImageObject","inLanguage":"az","@id":"https:\/\/www.meydan.tv\/az\/article\/istirak-yoxsa-boykot\/#primaryimage","url":"https:\/\/www.meydan.tv\/wp-content\/uploads\/39029.jpg","contentUrl":"https:\/\/www.meydan.tv\/wp-content\/uploads\/39029.jpg","width":805,"height":457,"caption":"Source:"},{"@type":"BreadcrumbList","@id":"https:\/\/www.meydan.tv\/az\/article\/istirak-yoxsa-boykot\/#breadcrumb","itemListElement":[{"@type":"ListItem","position":1,"name":"Ana s\u0259hif\u0259","item":"https:\/\/www.meydan.tv\/az\/"},{"@type":"ListItem","position":2,"name":"X\u0259b\u0259rl\u0259r","item":"https:\/\/www.meydan.tv\/az\/section\/xeberler\/"},{"@type":"ListItem","position":3,"name":"\u0130\u015ftirak, yoxsa boykot?"}]},{"@type":"WebSite","@id":"https:\/\/www.meydan.tv\/az\/#website","url":"https:\/\/www.meydan.tv\/az\/","name":"MEYDAN.TV","description":"Meydan TV Az\u0259rbaycan\u0131n media m\u0259kan\u0131ndak\u0131 alternativ s\u0259sidir","publisher":{"@id":"https:\/\/www.meydan.tv\/az\/#organization"},"potentialAction":[{"@type":"SearchAction","target":{"@type":"EntryPoint","urlTemplate":"https:\/\/www.meydan.tv\/az\/?s={search_term_string}"},"query-input":{"@type":"PropertyValueSpecification","valueRequired":true,"valueName":"search_term_string"}}],"inLanguage":"az"},{"@type":"Organization","@id":"https:\/\/www.meydan.tv\/az\/#organization","name":"Meydan TV","url":"https:\/\/www.meydan.tv\/az\/","logo":{"@type":"ImageObject","inLanguage":"az","@id":"https:\/\/www.meydan.tv\/az\/#\/schema\/logo\/image\/","url":"https:\/\/www.meydan.tv\/wp-content\/uploads\/2021\/07\/meydan-logo.svg","contentUrl":"https:\/\/www.meydan.tv\/wp-content\/uploads\/2021\/07\/meydan-logo.svg","width":195,"height":46,"caption":"Meydan TV"},"image":{"@id":"https:\/\/www.meydan.tv\/az\/#\/schema\/logo\/image\/"}},{"@type":"Person","@id":"https:\/\/www.meydan.tv\/az\/#\/schema\/person\/10d11eccf6da3662cf5fdab9806ea91a","name":"user-manager"}]}},"_links":{"self":[{"href":"https:\/\/www.meydan.tv\/az\/wp-json\/wp\/v2\/posts\/188405","targetHints":{"allow":["GET"]}}],"collection":[{"href":"https:\/\/www.meydan.tv\/az\/wp-json\/wp\/v2\/posts"}],"about":[{"href":"https:\/\/www.meydan.tv\/az\/wp-json\/wp\/v2\/types\/post"}],"author":[{"embeddable":true,"href":"https:\/\/www.meydan.tv\/az\/wp-json\/wp\/v2\/users\/11"}],"replies":[{"embeddable":true,"href":"https:\/\/www.meydan.tv\/az\/wp-json\/wp\/v2\/comments?post=188405"}],"version-history":[{"count":0,"href":"https:\/\/www.meydan.tv\/az\/wp-json\/wp\/v2\/posts\/188405\/revisions"}],"wp:featuredmedia":[{"embeddable":true,"href":"https:\/\/www.meydan.tv\/az\/wp-json\/wp\/v2\/media\/98695"}],"wp:attachment":[{"href":"https:\/\/www.meydan.tv\/az\/wp-json\/wp\/v2\/media?parent=188405"}],"wp:term":[{"taxonomy":"category","embeddable":true,"href":"https:\/\/www.meydan.tv\/az\/wp-json\/wp\/v2\/categories?post=188405"},{"taxonomy":"post_tag","embeddable":true,"href":"https:\/\/www.meydan.tv\/az\/wp-json\/wp\/v2\/tags?post=188405"}],"curies":[{"name":"wp","href":"https:\/\/api.w.org\/{rel}","templated":true}]}}