{"id":188402,"date":"2018-01-27T17:42:32","date_gmt":"2018-01-27T17:42:32","guid":{"rendered":"https:\/\/www.meydan.tv\/article\/bizde-bu-il-secki-kecirilecek\/"},"modified":"2018-01-27T17:42:32","modified_gmt":"2018-01-27T17:42:32","slug":"bizde-bu-il-secki-kecirilecek","status":"publish","type":"post","link":"https:\/\/www.meydan.tv\/az\/article\/bizde-bu-il-secki-kecirilecek\/","title":{"rendered":"Bizd\u0259 bu il se\u00e7ki ke\u00e7iril\u0259c\u0259k?"},"content":{"rendered":"<figure class=\"wp-block-image size-large\">\n  <img decoding=\"async\" src=\"https:\/\/www.meydan.tv\/az\/secki-2\/\" alt=\"Se\u00e7ki\" class=\"wp-image-98686\"\/><figcaption>\n    Se\u00e7ki<br \/>\n  <\/figcaption><\/figure>\n<p>\n  B\u0259li, sual i\u015far\u0259si t\u0259sad\u00fcf\u0259n qoyulmay\u0131b. Xam adam siyasi s\u0259hn\u0259y\u0259 tama\u015fa edib he\u00e7 c\u00fcr anlamaz ki, bu il bu \u00f6lk\u0259d\u0259 prezident se\u00e7kil\u0259ri ke\u00e7iril\u0259c\u0259k.\n<\/p>\n<p>\n  Arif adam anlay\u0131r ki, Az\u0259rbaycanda se\u00e7ki adlanan ictimai-siyasi t\u0259dbir xalq\u0131m\u0131z\u0131n \u015fanl\u0131 \u0259n\u0259n\u0259l\u0259rin\u0259 uy\u011fun olaraq 1970-ci ill\u0259rd\u0259 plandan \u0259lav\u0259 \u00f6hd\u0259likl\u0259rin vaxt\u0131ndan \u0259vv\u0259l art\u0131qlamasil\u0259 yerin\u0259 yetirilm\u0259si kimi bir \u015feydir.\n<\/p>\n<p>\n  M\u0259rk\u0259zi Se\u00e7ki Komissiyas\u0131n\u0131n se\u00e7kil\u0259rin n\u0259tic\u0259l\u0259rini elan etm\u0259si pamb\u0131q\u00e7\u0131lar\u0131n respublika m\u00fc\u015favir\u0259sind\u0259 raykom katibl\u0259rinin \u015f\u0259xs\u0259n yolda\u015f \u018fliyev\u0259 q\u0259l\u0259b\u0259 raportlar\u0131 verm\u0259sinin \u201cxalas\u0131 o\u011flu\u201ddur.\n<\/p>\n<p>\n  \u0130lham \u018fliyevin say-se\u00e7m\u0259 v\u0259t\u0259n o\u011fullar\u0131 qar\u015f\u0131s\u0131nda Konstitusiyaya s\u0259daq\u0259t and\u0131 i\u00e7ib n\u00f6vb\u0259ti m\u00fcdd\u0259t\u0259 d\u00f6vl\u0259t b\u00fcdc\u0259sin\u0259 v\u0259 neft-qaz pullar\u0131na atal\u0131q qay\u011f\u0131s\u0131 g\u00f6st\u0259rm\u0259y\u0259 giri\u015fm\u0259si is\u0259 yolda\u015f \u018fliyevin Moskvada \u0259ziz Leonid \u0130li\u00e7d\u0259n n\u00f6vb\u0259ti ke\u00e7ici Q\u0131rm\u0131z\u0131 Bayraq almas\u0131n\u0131n do\u011fmaca \u201cbibisi o\u011flu\u201ddur.\n<\/p>\n<p>\n  Xalq o zaman da, indi d\u0259 \u00e7\u0259pik \u00e7almaqla m\u0259\u015f\u011fuldur. Daha do\u011frusu, xalq\u0131n 99,99 faizi b\u00fct\u00fcn bu olaylara adi dolalay kimi bigan\u0259 tama\u015fa edirdi v\u0259 edir, t\u0259dbird\u0259n m\u0259nf\u0259\u0259t g\u00f6t\u00fcr\u0259n 0,001 faiz m\u0259rasimd\u0259 f\u0259al i\u015ftirak edib banketin non-stop davam ed\u0259c\u0259yini g\u00f6zl\u0259yir.\n<\/p>\n<p>\n  Buradan da m\u0259ntiqi v\u0259 qa\u00e7\u0131lmaz bir sual do\u011fur: Ay\u0259, bu Az\u0259rbaycan xalq\u0131 demokratiyaya, yaxud demokratiya Az\u0259rbaycan xalq\u0131na layiqdirmi? AB\u015e prezidentliyin\u0259 milyarder \u015foumen Donald Tramp c\u0259nablar\u0131n\u0131n se\u00e7ilm\u0259sind\u0259n sonra bel\u0259 bir sual\u0131n verilm\u0259si \u0259sla q\u0259rib\u0259 g\u00f6r\u00fcnm\u0259sin.\n<\/p>\n<p>\n  T\u0259bii ki, se\u00e7kini saxtala\u015fd\u0131r\u0131b \u00f6z hakimiy\u0259tin\u0259 qanuni don geyindir\u0259n \u015f\u0259xsl\u0259r inadla dey\u0259c\u0259kl\u0259r ki, \u201cxalq\u0131n g\u00f6z\u00fc t\u0259r\u0259zidir\u201d, xalq h\u0259qiq\u0259t\u0259n onun qay\u011f\u0131s\u0131n\u0131 \u00e7\u0259k\u0259n \u015f\u0259xs\u0259, yaxud siyasi q\u00fcvv\u0259y\u0259 s\u0259s verib v\u0259 ona \u00f6z m\u00fcq\u0259dd\u0259rat\u0131n\u0131 tap\u015f\u0131r\u0131b. A\u011fz\u0131 v\u0259zif\u0259 axurundan uzaq d\u00fc\u015fm\u00fc\u015fl\u0259r is\u0259 dey\u0259c\u0259kl\u0259r ki, \u201cxalq ona s\u0259s verm\u0259yib, saxtakarl\u0131q olub\u201d v\u0259 sair\u0259 h\u0259mi\u015f\u0259ki dilxo\u015fluqlar.\n<\/p>\n<p>\n  Nec\u0259 d\u0259 olsa, bu il Az\u0259rbaycanda prezident se\u00e7kisi ke\u00e7irilm\u0259lidir.\n<\/p>\n<p>\n  2003-c\u00fc ild\u0259n b\u0259ri bu k\u00fcrs\u00fcd\u0259 \u0259yl\u0259\u015fmi\u015f \u0130lham \u018fliyevin hakimiyy\u0259ti kim\u0259s\u0259 verm\u0259k niyy\u0259ti \u0259sla yoxdur.<br \/>\n  <br \/>\n  Niy\u0259 d\u0259 versin? Kim ona mane ola bil\u0259r ki, d\u00f6rd\u00fcnc\u00fc, be\u015finci v\u0259 alt\u0131nc\u0131 d\u0259f\u0259 \u00f6z hakimiyy\u0259tini se\u00e7ki adland\u0131r\u0131lan m\u0259rasim vasit\u0259sil\u0259 qanunil\u0259\u015fdirsin?\n<\/p>\n<p>\n  M\u00fcxalif\u0259t? Hakimiyy\u0259tin m\u0259qs\u0259dy\u00f6nl\u00fc v\u0259 ciddi f\u0259aliyy\u0259ti n\u0259tic\u0259sind\u0259 m\u00fcxalif\u0259t qeyb\u0259 \u00e7\u0259kilib.\n<\/p>\n<p>\n  Xalq? Ondan soru\u015fan varm\u0131?\n<\/p>\n<p>\n  Ziyal\u0131lar? M\u0259ni g\u00fcld\u00fcrm\u0259yin.\n<\/p>\n<p>\n  Xaric? N\u00f6y\u00fct v\u0259 qaz g\u0259lirs\u0259, xaric \u015fadl\u0131\u011f\u0131na niy\u0259 \u015fitlik etsin?\n<\/p>\n<p>\n  Lakin kim d\u0259 des\u0259 ki, hakimiyy\u0259ti se\u00e7ki m\u0259s\u0259l\u0259si \u0259sla narahat etmir, yan\u0131lar. Narahatl\u0131q \u00fc\u00e7\u00fcn \u0259sas var. Olmasayd\u0131, referendum ke\u00e7irm\u0259zdil\u0259r, Birinci vitse-prezident t\u0259yin etm\u0259zdil\u0259r. Daxild\u0259 g\u00f6z\u0259 g\u00f6r\u00fcnm\u0259y\u0259n \u015fidd\u0259tli yor\u011fanalt\u0131 \u00e7\u0259ki\u015fm\u0259l\u0259r getm\u0259zdi.\n<\/p>\n<p>\n  G\u0259lin fikirl\u0259\u015f\u0259k, bu narahatl\u0131\u011f\u0131n s\u0259b\u0259bl\u0259ri var, yoxsa biz \u00f6z\u00fcm\u00fcz\u00fc aldad\u0131r\u0131q?\n<\/p>\n<p>\n  Hakimiyy\u0259t se\u00e7kiy\u0259 nec\u0259 gedir? Q\u0259l\u0259b\u0259 raportlar\u0131 \u00fc\u00e7\u00fcn \u0259sas varm\u0131?\n<\/p>\n<p>\n  \u018fvv\u0259ll\u0259r hakimiyy\u0259td\u0259n hesabat\u0131 Moskva t\u0259l\u0259b edirdi, do\u011fru-yalan n\u0259yis\u0259 d\u00fcz\u00fcb-qo\u015fub raport verirdil\u0259r. \u0130ndi is\u0259 kim hesabat t\u0259l\u0259b ed\u0259c\u0259k? Moskvaya birc\u0259 \u015fey laz\u0131md\u0131r: Bak\u0131 onun \u0259ziz-x\u0259l\u0259f Qaraba\u011f qarma\u011f\u0131na d\u0259ym\u0259sin. \u018fg\u0259r bu \u015f\u0259rt\u0259 \u0259m\u0259l edirs\u0259, qoy qal\u0131b \u00f6z xalq\u0131n\u0131 v\u0259 \u0259razisini idar\u0259 etsin.\n<\/p>\n<p>\n  Avropaya laz\u0131md\u0131r ki, \u0259vv\u0259la, neft v\u0259 qaz ax\u0131n\u0131 k\u0259silm\u0259sin, Az\u0259rbaycandan m\u00fcmk\u00fcn q\u0259d\u0259r az adam Avropaya k\u00f6\u00e7s\u00fcn. Hakimiyy\u0259t h\u0259r iki \u015f\u0259rt\u0259 imkan\u0131 daxilind\u0259 \u0259m\u0259l edir.\n<\/p>\n<p>\n  Xalqa laz\u0131md\u0131r ki, \u00e7\u00f6r\u0259k v\u0259 \u0259yl\u0259nc\u0259 olsun. \u00c7\u00f6r\u0259k h\u0259rd\u0259n azal\u0131r, h\u0259rd\u0259n art\u0131r, lakin he\u00e7 vaxt k\u0259silmir. \u201cBuna da \u015f\u00fck\u00fcr\u201d \u015f\u00fcar\u0131 il\u0259 ya\u015fayan m\u0259xluq \u0259sla etiraza qalxm\u0131r. \u018fyl\u0259nc\u0259 is\u0259 boldur, telekanallar s\u0259h\u0259rd\u0259n ax\u015famacan \u015fit v\u0259 baya\u011f\u0131 \u0259yl\u0259nc\u0259 verili\u015fl\u0259ri il\u0259 n\u00fcmun\u0259vi YAP-\u00e7\u0131 v\u0259t\u0259nda\u015f yeti\u015fdirir.\n<\/p>\n<p>\n  Yar\u0131mcan m\u00fcxalif\u0259td\u0259n bayaq dedik, onu saya almamaq m\u00fcmk\u00fcnd\u00fcr.\n<\/p>\n<p>\n  Yen\u0259 g\u0259lirik hakimiyy\u0259tdaxili m\u00fcnasib\u0259tl\u0259r\u0259. Hakimiyy\u0259t daxilind\u0259 bir ne\u00e7\u0259 adam var ki, toplad\u0131qlar\u0131 n\u0259h\u0259ng s\u0259rv\u0259t onlar\u0131 dingild\u0259dir, \u0259laltdan da olsa, siyasi iddialar\u0131n\u0131 t\u0259min etm\u0259k \u00fc\u00e7\u00fcn hans\u0131sa t\u0259dbirl\u0259ri g\u00f6rm\u0259y\u0259 s\u00f6vq edir. Hakimiyy\u0259td\u0259ki son add\u0131mlar m\u0259hz bel\u0259 iddialar\u0131 qabaqlamaq \u00fc\u00e7\u00fcn at\u0131lm\u0131\u015fd\u0131r.\n<\/p>\n<p>\n  Bu d\u0259f\u0259 hakimiyy\u0259t\u0259 \u0130lham \u018fliyev \u00f6z\u00fc namiz\u0259d olacaq. Olacaq v\u0259 \u201cse\u00e7il\u0259c\u0259k\u201d. Siyasi s\u0259hn\u0259nin indi y\u00fcr\u00fcd\u00fcl\u0259n t\u0259mizl\u0259nm\u0259si siyas\u0259ti daha be\u015f il davam etdiril\u0259c\u0259k. \u0130ndi y\u00fcng\u00fclc\u0259 dingild\u0259y\u0259n f\u0259rdl\u0259rin \u00e7\u0131xda\u015f edilm\u0259si siyas\u0259ti davam etdiril\u0259c\u0259k. Siyasi r\u0259qib siyah\u0131s\u0131ndan adlar\u0131 \u0259m\u0259lli-ba\u015fl\u0131 silinmi\u015f varl\u0131 adamlar\u0131n say\u0131 t\u0259dric\u0259n, lakin arams\u0131z artacaq.\n<\/p>\n<p>\n  Haradad\u0131r R\u0259sul Quliyev? Haradad\u0131r \u018fli \u0130nsanov? Haradad\u0131r Ziya M\u0259mm\u0259dov? Haradad\u0131r Eldar Mahmudov? Haradad\u0131r Fazil M\u0259mm\u0259dov?\n<\/p>\n<p>\n  Bir azdan siyasi s\u0259hn\u0259y\u0259 tama\u015fa ed\u0259n ist\u0259nil\u0259n \u015f\u0259rh\u00e7i indi \u00fczd\u0259 olan iki-\u00fc\u00e7 ad\u0131 da \u0259lav\u0259 edib soru\u015facaq: onlar haradad\u0131r?\n<\/p>\n<p>\n  T\u0259bii ki, onlar, \u0259g\u0259r \u00f6zl\u0259rini d\u00fczg\u00fcn aparsalar, sa\u011f v\u0259 s\u0259lam\u0259t ya\u015fayacaqlar, h\u0259tta b\u00f6y\u00fck z\u0259hm\u0259t hesab\u0131na toplad\u0131qlar\u0131 s\u0259rv\u0259tin be\u015f-on faizini \u00f6zl\u0259rind\u0259 saxlama\u011fa icaz\u0259 ver\u0259c\u0259kl\u0259r. G\u00f6rd\u00fckl\u0259ri v\u0259 ya\u015fad\u0131qlar\u0131 t\u0259cr\u00fcb\u0259 m\u00fcqabilind\u0259 onlar, lap el\u0259 xalq\u0131n \u0259ks\u0259riyy\u0259ti kimi, \u201cbuna da \u015f\u00fck\u00fcr\u201d dey\u0259c\u0259kl\u0259r.\n<\/p>\n<p>\n  Ay ke\u00e7ib il dolanacaq, ta o biri se\u00e7kil\u0259rd\u0259 tam bo\u015fald\u0131lm\u0131\u015f siyasi s\u0259hn\u0259d\u0259 birinci ledi peyda olub parlaq q\u0259l\u0259b\u0259 qazanacaq, iki-\u00fc\u00e7 m\u00f6hl\u0259t d\u0259 olan-qalan \u00f6lk\u0259ni idar\u0259 ed\u0259c\u0259k.\n<\/p>\n<p>\n  Ondan sonra hakimiyy\u0259tin h\u0259min vaxt yegan\u0259 v\u0259 layiqli sahibi Heyd\u0259r \u0130lham o\u011flu \u018fliyevin prezident k\u00fcrs\u00fcs\u00fcnd\u0259 \u0259yl\u0259\u015fm\u0259k n\u00f6vb\u0259si \u00e7atacaq. Olan-qalan xalq b\u00f6y\u00fck h\u0259v\u0259s v\u0259 co\u015fqunluqla ona s\u0259s ver\u0259c\u0259k. Heyd\u0259r \u018fliyevin se\u00e7ki proqram\u0131nda se\u00e7icil\u0259r\u0259 ver\u0259c\u0259yi \u0259n m\u00fch\u00fcm v\u0259dl\u0259rd\u0259n biri d\u0259 Qaraba\u011f\u0131n dinc yolla Az\u0259rbaycana qaytar\u0131lmas\u0131 olacaq.\n<\/p>\n<p>\n  Yeri g\u0259lmi\u015fk\u0259n, bu il Misird\u0259 d\u0259 prezident se\u00e7kisi ke\u00e7iril\u0259c\u0259k\n<\/p>\n<p>\n  Misrin be\u015f min illik tarixind\u0259 ilk v\u0259 yegan\u0259 \u015f\u0259ffaf v\u0259 \u0259dal\u0259tli se\u00e7kid\u0259 q\u0259l\u0259b\u0259 qazanm\u0131\u015f v\u0259 indiki prezident \u018fbd-\u00fcl-F\u0259ttah \u0259s-Sisi t\u0259r\u0259find\u0259n qanl\u0131 \u00e7evrili\u015f yolu il\u0259 devrilmi\u015f professor Muhamm\u0259d Mursi h\u0259l\u0259 d\u0259 zindandad\u0131r.\n<\/p>\n<p>\n  Prezidentliy\u0259 \u00f6z iddialar\u0131n\u0131 bildirmi\u015f namiz\u0259dl\u0259rin is\u0259 taleyi a\u015fa\u011f\u0131dak\u0131 kimidir:\n<\/p>\n<p>\n  Namiz\u0259dlik iddias\u0131n\u0131 bildirmi\u015f polkovnik \u018fhm\u0259d Kansava tutulub alt\u0131 il h\u0259bs c\u0259zas\u0131 al\u0131b. Namiz\u0259dlik iddias\u0131n\u0131 bildirmi\u015f sabiq Ba\u015f nazir general-polkovnik \u018fhm\u0259d \u015e\u0259fiq qorxudulub geri \u00e7\u0259kilib. Namiz\u0259dlik iddias\u0131n\u0131 bildirmi\u015f sabiq Ba\u015f Q\u0259rargah r\u0259isi general Sami Annan o\u011furlan\u0131b. Sabiq prezident Muhamm\u0259d \u018fnvar \u0259s-Sadat\u0131n qarda\u015f\u0131 o\u011flu, \u0130slahat v\u0259 T\u0259r\u0259qqi partiyas\u0131n\u0131n lideri Muhamm\u0259d \u018fnvar \u0130sm\u0259t \u0259s-Sadat elan edib ki, namiz\u0259dliyini verm\u0259k fikrind\u0259n vaz ke\u00e7ib. H\u0259l\u0259 d\u0259 namiz\u0259d say\u0131lan v\u0259kil Xalid \u018fli elan edib ki, geri \u00e7\u0259kilm\u0259k m\u0259s\u0259l\u0259sini m\u00fczakir\u0259 edir.\n<\/p>\n<p>\n  Bel\u0259likl\u0259, Misird\u0259 d\u0259, lap el\u0259 Az\u0259rbaycanda oldu\u011fu kimi, se\u00e7ki m\u0259tl\u0259bi iflasa u\u011fray\u0131b.\n<\/p>\n<p>\n  Buradan da bel\u0259 n\u0259tic\u0259 \u00e7\u0131x\u0131r ki, Husni M\u00fcbar\u0259k\u0131n Bak\u0131dak\u0131 heyk\u0259lini g\u00f6t\u00fcrm\u0259kd\u0259 hakimiyy\u0259timiz bir az t\u0259l\u0259sib.<br \/>\n  <br \/>\n  O ki\u015fi g\u0259r\u0259k Bak\u0131da oturdu\u011fu yerd\u0259 oturayd\u0131.\n<\/p>\n<p>\n  Bel\u0259-bel\u0259 i\u015fl\u0259r.\n<\/p>\n<p>\n  <i><br \/>\n    <b><br \/>\n      Yaz\u0131 m\u00fc\u0259llifin fikirl\u0259rini \u0259ks etdirir v\u0259 Meydan TV-nin m\u00f6vqeyi il\u0259 \u00fcst-\u00fcst\u0259 d\u00fc\u015fm\u0259y\u0259 bil\u0259r.<br \/>\n    <\/b><br \/>\n  <\/i><\/p>\n","protected":false},"excerpt":{"rendered":"<p>B\u0259li, sual i\u015far\u0259si t\u0259sad\u00fcf\u0259n qoyulmay\u0131b<\/p>\n","protected":false},"author":11,"featured_media":98686,"comment_status":"closed","ping_status":"open","sticky":false,"template":"","format":"standard","meta":{"_acf_changed":false,"_sitemap_exclude":false,"_sitemap_priority":"","_sitemap_frequency":"","footnotes":""},"categories":[57],"tags":[],"class_list":["post-188402","post","type-post","status-publish","format-standard","has-post-thumbnail","hentry","category-menim-fikrimce","infinite-scroll-item","generate-columns","tablet-grid-50","mobile-grid-100","grid-parent","grid-33","no-featured-image-padding"],"acf":[],"yoast_head":"<!-- This site is optimized with the Yoast SEO plugin v27.5 - https:\/\/yoast.com\/product\/yoast-seo-wordpress\/ -->\n<title>Bizd\u0259 bu il se\u00e7ki ke\u00e7iril\u0259c\u0259k? - MEYDAN.TV<\/title>\n<meta name=\"robots\" content=\"index, follow, max-snippet:-1, max-image-preview:large, max-video-preview:-1\" \/>\n<link rel=\"canonical\" href=\"https:\/\/www.meydan.tv\/az\/article\/bizde-bu-il-secki-kecirilecek\/\" \/>\n<meta property=\"og:locale\" content=\"az_AZ\" \/>\n<meta property=\"og:type\" content=\"article\" \/>\n<meta property=\"og:title\" content=\"Bizd\u0259 bu il se\u00e7ki ke\u00e7iril\u0259c\u0259k? - MEYDAN.TV\" \/>\n<meta property=\"og:description\" content=\"B\u0259li, sual i\u015far\u0259si t\u0259sad\u00fcf\u0259n qoyulmay\u0131b\" \/>\n<meta property=\"og:url\" content=\"https:\/\/www.meydan.tv\/az\/article\/bizde-bu-il-secki-kecirilecek\/\" \/>\n<meta property=\"og:site_name\" content=\"MEYDAN.TV\" \/>\n<meta property=\"article:published_time\" content=\"2018-01-27T17:42:32+00:00\" \/>\n<meta property=\"og:image\" content=\"https:\/\/www.meydan.tv\/wp-content\/uploads\/39026.jpg\" \/>\n\t<meta property=\"og:image:width\" content=\"1023\" \/>\n\t<meta property=\"og:image:height\" content=\"575\" \/>\n\t<meta property=\"og:image:type\" content=\"image\/jpeg\" \/>\n<meta name=\"author\" content=\"user-manager\" \/>\n<meta name=\"twitter:card\" content=\"summary_large_image\" \/>\n<script type=\"application\/ld+json\" class=\"yoast-schema-graph\">{\"@context\":\"https:\\\/\\\/schema.org\",\"@graph\":[{\"@type\":\"Article\",\"@id\":\"https:\\\/\\\/www.meydan.tv\\\/az\\\/article\\\/bizde-bu-il-secki-kecirilecek\\\/#article\",\"isPartOf\":{\"@id\":\"https:\\\/\\\/www.meydan.tv\\\/az\\\/article\\\/bizde-bu-il-secki-kecirilecek\\\/\"},\"author\":{\"name\":\"user-manager\",\"@id\":\"https:\\\/\\\/www.meydan.tv\\\/az\\\/#\\\/schema\\\/person\\\/10d11eccf6da3662cf5fdab9806ea91a\"},\"headline\":\"Bizd\u0259 bu il se\u00e7ki ke\u00e7iril\u0259c\u0259k?\",\"datePublished\":\"2018-01-27T17:42:32+00:00\",\"mainEntityOfPage\":{\"@id\":\"https:\\\/\\\/www.meydan.tv\\\/az\\\/article\\\/bizde-bu-il-secki-kecirilecek\\\/\"},\"wordCount\":1476,\"publisher\":{\"@id\":\"https:\\\/\\\/www.meydan.tv\\\/az\\\/#organization\"},\"image\":{\"@id\":\"https:\\\/\\\/www.meydan.tv\\\/az\\\/article\\\/bizde-bu-il-secki-kecirilecek\\\/#primaryimage\"},\"thumbnailUrl\":\"https:\\\/\\\/www.meydan.tv\\\/wp-content\\\/uploads\\\/39026.jpg\",\"articleSection\":[\"M\u0259nim Fikrimc\u0259\"],\"inLanguage\":\"az\"},{\"@type\":\"WebPage\",\"@id\":\"https:\\\/\\\/www.meydan.tv\\\/az\\\/article\\\/bizde-bu-il-secki-kecirilecek\\\/\",\"url\":\"https:\\\/\\\/www.meydan.tv\\\/az\\\/article\\\/bizde-bu-il-secki-kecirilecek\\\/\",\"name\":\"Bizd\u0259 bu il se\u00e7ki ke\u00e7iril\u0259c\u0259k? - MEYDAN.TV\",\"isPartOf\":{\"@id\":\"https:\\\/\\\/www.meydan.tv\\\/az\\\/#website\"},\"primaryImageOfPage\":{\"@id\":\"https:\\\/\\\/www.meydan.tv\\\/az\\\/article\\\/bizde-bu-il-secki-kecirilecek\\\/#primaryimage\"},\"image\":{\"@id\":\"https:\\\/\\\/www.meydan.tv\\\/az\\\/article\\\/bizde-bu-il-secki-kecirilecek\\\/#primaryimage\"},\"thumbnailUrl\":\"https:\\\/\\\/www.meydan.tv\\\/wp-content\\\/uploads\\\/39026.jpg\",\"datePublished\":\"2018-01-27T17:42:32+00:00\",\"breadcrumb\":{\"@id\":\"https:\\\/\\\/www.meydan.tv\\\/az\\\/article\\\/bizde-bu-il-secki-kecirilecek\\\/#breadcrumb\"},\"inLanguage\":\"az\",\"potentialAction\":[{\"@type\":\"ReadAction\",\"target\":[\"https:\\\/\\\/www.meydan.tv\\\/az\\\/article\\\/bizde-bu-il-secki-kecirilecek\\\/\"]}]},{\"@type\":\"ImageObject\",\"inLanguage\":\"az\",\"@id\":\"https:\\\/\\\/www.meydan.tv\\\/az\\\/article\\\/bizde-bu-il-secki-kecirilecek\\\/#primaryimage\",\"url\":\"https:\\\/\\\/www.meydan.tv\\\/wp-content\\\/uploads\\\/39026.jpg\",\"contentUrl\":\"https:\\\/\\\/www.meydan.tv\\\/wp-content\\\/uploads\\\/39026.jpg\",\"width\":1023,\"height\":575,\"caption\":\"Source:\"},{\"@type\":\"BreadcrumbList\",\"@id\":\"https:\\\/\\\/www.meydan.tv\\\/az\\\/article\\\/bizde-bu-il-secki-kecirilecek\\\/#breadcrumb\",\"itemListElement\":[{\"@type\":\"ListItem\",\"position\":1,\"name\":\"Ana s\u0259hif\u0259\",\"item\":\"https:\\\/\\\/www.meydan.tv\\\/az\\\/\"},{\"@type\":\"ListItem\",\"position\":2,\"name\":\"M\u0259nim Fikrimc\u0259\",\"item\":\"https:\\\/\\\/www.meydan.tv\\\/az\\\/section\\\/menim-fikrimce\\\/\"},{\"@type\":\"ListItem\",\"position\":3,\"name\":\"Bizd\u0259 bu il se\u00e7ki ke\u00e7iril\u0259c\u0259k?\"}]},{\"@type\":\"WebSite\",\"@id\":\"https:\\\/\\\/www.meydan.tv\\\/az\\\/#website\",\"url\":\"https:\\\/\\\/www.meydan.tv\\\/az\\\/\",\"name\":\"MEYDAN.TV\",\"description\":\"Meydan TV Az\u0259rbaycan\u0131n media m\u0259kan\u0131ndak\u0131 alternativ s\u0259sidir\",\"publisher\":{\"@id\":\"https:\\\/\\\/www.meydan.tv\\\/az\\\/#organization\"},\"potentialAction\":[{\"@type\":\"SearchAction\",\"target\":{\"@type\":\"EntryPoint\",\"urlTemplate\":\"https:\\\/\\\/www.meydan.tv\\\/az\\\/?s={search_term_string}\"},\"query-input\":{\"@type\":\"PropertyValueSpecification\",\"valueRequired\":true,\"valueName\":\"search_term_string\"}}],\"inLanguage\":\"az\"},{\"@type\":\"Organization\",\"@id\":\"https:\\\/\\\/www.meydan.tv\\\/az\\\/#organization\",\"name\":\"Meydan TV\",\"url\":\"https:\\\/\\\/www.meydan.tv\\\/az\\\/\",\"logo\":{\"@type\":\"ImageObject\",\"inLanguage\":\"az\",\"@id\":\"https:\\\/\\\/www.meydan.tv\\\/az\\\/#\\\/schema\\\/logo\\\/image\\\/\",\"url\":\"https:\\\/\\\/www.meydan.tv\\\/wp-content\\\/uploads\\\/2021\\\/07\\\/meydan-logo.svg\",\"contentUrl\":\"https:\\\/\\\/www.meydan.tv\\\/wp-content\\\/uploads\\\/2021\\\/07\\\/meydan-logo.svg\",\"width\":195,\"height\":46,\"caption\":\"Meydan TV\"},\"image\":{\"@id\":\"https:\\\/\\\/www.meydan.tv\\\/az\\\/#\\\/schema\\\/logo\\\/image\\\/\"}},{\"@type\":\"Person\",\"@id\":\"https:\\\/\\\/www.meydan.tv\\\/az\\\/#\\\/schema\\\/person\\\/10d11eccf6da3662cf5fdab9806ea91a\",\"name\":\"user-manager\"}]}<\/script>\n<!-- \/ Yoast SEO plugin. -->","yoast_head_json":{"title":"Bizd\u0259 bu il se\u00e7ki ke\u00e7iril\u0259c\u0259k? - MEYDAN.TV","robots":{"index":"index","follow":"follow","max-snippet":"max-snippet:-1","max-image-preview":"max-image-preview:large","max-video-preview":"max-video-preview:-1"},"canonical":"https:\/\/www.meydan.tv\/az\/article\/bizde-bu-il-secki-kecirilecek\/","og_locale":"az_AZ","og_type":"article","og_title":"Bizd\u0259 bu il se\u00e7ki ke\u00e7iril\u0259c\u0259k? - MEYDAN.TV","og_description":"B\u0259li, sual i\u015far\u0259si t\u0259sad\u00fcf\u0259n qoyulmay\u0131b","og_url":"https:\/\/www.meydan.tv\/az\/article\/bizde-bu-il-secki-kecirilecek\/","og_site_name":"MEYDAN.TV","article_published_time":"2018-01-27T17:42:32+00:00","og_image":[{"width":1023,"height":575,"url":"https:\/\/www.meydan.tv\/wp-content\/uploads\/39026.jpg","type":"image\/jpeg"}],"author":"user-manager","twitter_card":"summary_large_image","schema":{"@context":"https:\/\/schema.org","@graph":[{"@type":"Article","@id":"https:\/\/www.meydan.tv\/az\/article\/bizde-bu-il-secki-kecirilecek\/#article","isPartOf":{"@id":"https:\/\/www.meydan.tv\/az\/article\/bizde-bu-il-secki-kecirilecek\/"},"author":{"name":"user-manager","@id":"https:\/\/www.meydan.tv\/az\/#\/schema\/person\/10d11eccf6da3662cf5fdab9806ea91a"},"headline":"Bizd\u0259 bu il se\u00e7ki ke\u00e7iril\u0259c\u0259k?","datePublished":"2018-01-27T17:42:32+00:00","mainEntityOfPage":{"@id":"https:\/\/www.meydan.tv\/az\/article\/bizde-bu-il-secki-kecirilecek\/"},"wordCount":1476,"publisher":{"@id":"https:\/\/www.meydan.tv\/az\/#organization"},"image":{"@id":"https:\/\/www.meydan.tv\/az\/article\/bizde-bu-il-secki-kecirilecek\/#primaryimage"},"thumbnailUrl":"https:\/\/www.meydan.tv\/wp-content\/uploads\/39026.jpg","articleSection":["M\u0259nim Fikrimc\u0259"],"inLanguage":"az"},{"@type":"WebPage","@id":"https:\/\/www.meydan.tv\/az\/article\/bizde-bu-il-secki-kecirilecek\/","url":"https:\/\/www.meydan.tv\/az\/article\/bizde-bu-il-secki-kecirilecek\/","name":"Bizd\u0259 bu il se\u00e7ki ke\u00e7iril\u0259c\u0259k? - MEYDAN.TV","isPartOf":{"@id":"https:\/\/www.meydan.tv\/az\/#website"},"primaryImageOfPage":{"@id":"https:\/\/www.meydan.tv\/az\/article\/bizde-bu-il-secki-kecirilecek\/#primaryimage"},"image":{"@id":"https:\/\/www.meydan.tv\/az\/article\/bizde-bu-il-secki-kecirilecek\/#primaryimage"},"thumbnailUrl":"https:\/\/www.meydan.tv\/wp-content\/uploads\/39026.jpg","datePublished":"2018-01-27T17:42:32+00:00","breadcrumb":{"@id":"https:\/\/www.meydan.tv\/az\/article\/bizde-bu-il-secki-kecirilecek\/#breadcrumb"},"inLanguage":"az","potentialAction":[{"@type":"ReadAction","target":["https:\/\/www.meydan.tv\/az\/article\/bizde-bu-il-secki-kecirilecek\/"]}]},{"@type":"ImageObject","inLanguage":"az","@id":"https:\/\/www.meydan.tv\/az\/article\/bizde-bu-il-secki-kecirilecek\/#primaryimage","url":"https:\/\/www.meydan.tv\/wp-content\/uploads\/39026.jpg","contentUrl":"https:\/\/www.meydan.tv\/wp-content\/uploads\/39026.jpg","width":1023,"height":575,"caption":"Source:"},{"@type":"BreadcrumbList","@id":"https:\/\/www.meydan.tv\/az\/article\/bizde-bu-il-secki-kecirilecek\/#breadcrumb","itemListElement":[{"@type":"ListItem","position":1,"name":"Ana s\u0259hif\u0259","item":"https:\/\/www.meydan.tv\/az\/"},{"@type":"ListItem","position":2,"name":"M\u0259nim Fikrimc\u0259","item":"https:\/\/www.meydan.tv\/az\/section\/menim-fikrimce\/"},{"@type":"ListItem","position":3,"name":"Bizd\u0259 bu il se\u00e7ki ke\u00e7iril\u0259c\u0259k?"}]},{"@type":"WebSite","@id":"https:\/\/www.meydan.tv\/az\/#website","url":"https:\/\/www.meydan.tv\/az\/","name":"MEYDAN.TV","description":"Meydan TV Az\u0259rbaycan\u0131n media m\u0259kan\u0131ndak\u0131 alternativ s\u0259sidir","publisher":{"@id":"https:\/\/www.meydan.tv\/az\/#organization"},"potentialAction":[{"@type":"SearchAction","target":{"@type":"EntryPoint","urlTemplate":"https:\/\/www.meydan.tv\/az\/?s={search_term_string}"},"query-input":{"@type":"PropertyValueSpecification","valueRequired":true,"valueName":"search_term_string"}}],"inLanguage":"az"},{"@type":"Organization","@id":"https:\/\/www.meydan.tv\/az\/#organization","name":"Meydan TV","url":"https:\/\/www.meydan.tv\/az\/","logo":{"@type":"ImageObject","inLanguage":"az","@id":"https:\/\/www.meydan.tv\/az\/#\/schema\/logo\/image\/","url":"https:\/\/www.meydan.tv\/wp-content\/uploads\/2021\/07\/meydan-logo.svg","contentUrl":"https:\/\/www.meydan.tv\/wp-content\/uploads\/2021\/07\/meydan-logo.svg","width":195,"height":46,"caption":"Meydan TV"},"image":{"@id":"https:\/\/www.meydan.tv\/az\/#\/schema\/logo\/image\/"}},{"@type":"Person","@id":"https:\/\/www.meydan.tv\/az\/#\/schema\/person\/10d11eccf6da3662cf5fdab9806ea91a","name":"user-manager"}]}},"_links":{"self":[{"href":"https:\/\/www.meydan.tv\/az\/wp-json\/wp\/v2\/posts\/188402","targetHints":{"allow":["GET"]}}],"collection":[{"href":"https:\/\/www.meydan.tv\/az\/wp-json\/wp\/v2\/posts"}],"about":[{"href":"https:\/\/www.meydan.tv\/az\/wp-json\/wp\/v2\/types\/post"}],"author":[{"embeddable":true,"href":"https:\/\/www.meydan.tv\/az\/wp-json\/wp\/v2\/users\/11"}],"replies":[{"embeddable":true,"href":"https:\/\/www.meydan.tv\/az\/wp-json\/wp\/v2\/comments?post=188402"}],"version-history":[{"count":0,"href":"https:\/\/www.meydan.tv\/az\/wp-json\/wp\/v2\/posts\/188402\/revisions"}],"wp:featuredmedia":[{"embeddable":true,"href":"https:\/\/www.meydan.tv\/az\/wp-json\/wp\/v2\/media\/98686"}],"wp:attachment":[{"href":"https:\/\/www.meydan.tv\/az\/wp-json\/wp\/v2\/media?parent=188402"}],"wp:term":[{"taxonomy":"category","embeddable":true,"href":"https:\/\/www.meydan.tv\/az\/wp-json\/wp\/v2\/categories?post=188402"},{"taxonomy":"post_tag","embeddable":true,"href":"https:\/\/www.meydan.tv\/az\/wp-json\/wp\/v2\/tags?post=188402"}],"curies":[{"name":"wp","href":"https:\/\/api.w.org\/{rel}","templated":true}]}}