{"id":188396,"date":"2018-01-26T19:59:42","date_gmt":"2018-01-26T19:59:42","guid":{"rendered":"https:\/\/www.meydan.tv\/article\/isini-itirmek-qorxusu\/"},"modified":"2018-01-26T19:59:42","modified_gmt":"2018-01-26T19:59:42","slug":"isini-itirmek-qorxusu","status":"publish","type":"post","link":"https:\/\/www.meydan.tv\/az\/article\/isini-itirmek-qorxusu\/","title":{"rendered":"\u0130\u015fini itirm\u0259k qorxusu"},"content":{"rendered":"<figure class=\"wp-block-image size-large\">\n  <img decoding=\"async\" src=\"https:\/\/www.meydan.tv\/az\/bilal-hesen\/\" alt=\"Bilal H\u0259s\u0259n\" class=\"wp-image-81468\"\/><figcaption>\n    Bilal H\u0259s\u0259n<br \/>\n  <\/figcaption><\/figure>\n<figure class=\"wp-block-image size-large\">\n  <img decoding=\"async\" src=\"https:\/\/www.meydan.tv\/az\/bilal-hesenov-banner\/\" alt=\"Bilal H\u0259s\u0259nov banner\" class=\"wp-image-77323\"\/><figcaption>\n    Bilal H\u0259s\u0259nov banner<br \/>\n  <\/figcaption><\/figure>\n<p>\n  \u00d6lk\u0259nin \u018fm\u0259k M\u0259c\u0259ll\u0259sin\u0259 yeni d\u0259yi\u015fiklikl\u0259r edilib. Bu ild\u0259n i\u015f\u00e7il\u0259rin ixtisar\u0131 il\u0259 \u0259laq\u0259dar i\u015f\u0259g\u00f6t\u00fcr\u0259n t\u0259r\u0259find\u0259n \u0259m\u0259k m\u00fcqavil\u0259sinin l\u0259\u011fvi zaman\u0131 bir s\u0131ra yeni prosedur qaydalara \u0259m\u0259l olunacaq.\n<\/p>\n<p>\n  G\u0259lin g\u00f6r\u0259k bu qaydalar Az\u0259rbaycan v\u0259t\u0259nda\u015f\u0131na n\u0259l\u0259r v\u0259d edir. Dem\u0259li, yeni qanun layih\u0259si q\u0259bul olunmam\u0131\u015fdan qabaq, y\u0259ni \u0259vv\u0259lki normalara g\u00f6r\u0259 i\u015f\u0259g\u00f6t\u00fcr\u0259n iki ay \u00f6nc\u0259d\u0259n ixtisar bar\u0259sind\u0259 i\u015f\u00e7ini m\u0259lumatland\u0131rmal\u0131 idi.\n<\/p>\n<p>\n  \u0130kit\u0259r\u0259fli raz\u0131l\u0131q \u0259sas\u0131nda i\u015f\u0259g\u00f6t\u00fcr\u0259n iki ayl\u0131q x\u0259b\u0259rdarl\u0131q m\u00fcdd\u0259ti \u0259v\u0259zin\u0259 i\u015f\u00e7iy\u0259 iki ayl\u0131q \u0259m\u0259k haqq\u0131n\u0131 bird\u0259f\u0259lik \u00f6d\u0259m\u0259kl\u0259 \u0259m\u0259k m\u00fcqavil\u0259sin\u0259 xitam ver\u0259 bil\u0259rdi. \u0130\u015f\u0259g\u00f6t\u00fcr\u0259n i\u015f\u00e7iy\u0259 iki ayl\u0131q \u0259m\u0259k haqq\u0131n\u0131 \u00f6d\u0259y\u0259rk\u0259n bu m\u0259bl\u0259\u011fd\u0259n vergi tutulmurdu. \u018flav\u0259 olaraq i\u015f\u0259g\u00f6t\u00fcr\u0259n i\u015f\u00e7iy\u0259 n\u00f6vb\u0259ti ay\u0131n \u0259m\u0259k haqq\u0131s\u0131n\u0131 \u00f6d\u0259yirdi. Bel\u0259likl\u0259, i\u015f\u00e7i \u00fcmumilikd\u0259 \u00fc\u00e7 ay\u0131n maa\u015f\u0131n\u0131 al\u0131b i\u015fd\u0259n gedirdi. Sonra v\u0259t\u0259nda\u015f n\u00f6vb\u0259ti iki ay \u0259rzind\u0259 i\u015f tapmad\u0131\u011f\u0131 t\u0259qdird\u0259 yollan\u0131rd\u0131 M\u0259\u015f\u011fulluq \u0130dar\u0259sin\u0259. M\u0259\u015f\u011fulluq \u0130dar\u0259sin\u0259 m\u00fc\u0259yy\u0259n s\u0259n\u0259dl\u0259ri t\u0259qdim edib, i\u015fsiz oldu\u011funu isbat ed\u0259n aray\u0131\u015f al\u0131rd\u0131. H\u0259min aray\u0131\u015f\u0131 k\u00f6hn\u0259 i\u015f yerin\u0259 t\u0259qdim edirdi v\u0259 v\u0259t\u0259nda\u015fa onun iki ayl\u0131q orta \u0259m\u0259k haqq\u0131s\u0131n\u0131 \u00f6d\u0259yirdil\u0259r. Bu qayda il\u0259 v\u0259t\u0259nda\u015f yeni i\u015f\u0259 d\u00fcz\u0259linc\u0259 be\u015f-alt\u0131 ay pis-yax\u015f\u0131 ail\u0259sini doland\u0131r\u0131rd\u0131.\n<\/p>\n<p>\n  \u0130\u015f\u0259g\u00f6t\u00fcr\u0259n iki ay qabaq x\u0259b\u0259rdarl\u0131q etm\u0259zd\u0259n savay\u0131, h\u0259m d\u0259 h\u0259ft\u0259d\u0259 bir d\u0259f\u0259 i\u015f\u00e7ini i\u015fd\u0259n azad edirdi. \u0130\u015f\u00e7i h\u0259min g\u00fcn gedib \u00f6z\u00fcn\u0259 i\u015f axtarmaqla m\u0259\u015f\u011ful olurdu. V\u0259 bu i\u015f g\u00fcnl\u0259ri i\u015f\u0259g\u00f6t\u00fcr\u0259n t\u0259r\u0259fd\u0259n \u00f6d\u0259nilirdi.\n<\/p>\n<p>\n  \u0130ndi is\u0259 art\u0131q qaydalar d\u0259yi\u015fib. V\u0259 t\u0259\u0259ss\u00fcf ki, d\u0259yi\u015f\u0259n qaydalara \u0259sas\u0259n itir\u0259n yen\u0259 v\u0259t\u0259nda\u015fd\u0131r. Art\u0131q i\u015f\u0259g\u00f6t\u00fcr\u0259n ixtisar etdiyi i\u015f\u00e7iy\u0259 iki ay \u00f6nc\u0259d\u0259n x\u0259b\u0259rdarl\u0131q etm\u0259k m\u0259cburiyy\u0259tind\u0259 deyil. Yeni qanunla x\u0259b\u0259rdarl\u0131q m\u00fcdd\u0259ti i\u015f\u00e7inin \u00fcmumi i\u015f staj\u0131na g\u00f6r\u0259 nizamlanacaq. \u0130\u015f\u00e7inin be\u015f il\u0259 q\u0259d\u0259r i\u015f staj\u0131 olduqda i\u015f\u00e7iy\u0259 ixtisar bar\u0259sind\u0259 d\u00f6rd t\u0259qvim h\u0259ft\u0259si \u00f6nc\u0259 x\u0259b\u0259rdarl\u0131q ed\u0259c\u0259kl\u0259r. Bu is\u0259 he\u00e7 bir ay el\u0259mir. \u0130ki ay \u00f6nc\u0259d\u0259n x\u0259b\u0259rdarl\u0131q m\u00fcdd\u0259ti indi yaln\u0131z i\u015f staj\u0131 on ild\u0259n \u00e7ox olanlara aid olacaq. \u018fg\u0259r v\u0259t\u0259nda\u015f\u0131n \u00fcmumi i\u015f staj\u0131 on ild\u0259n art\u0131q deyils\u0259, i\u015f\u0259g\u00f6t\u00fcr\u0259n ixtisar bar\u0259d\u0259 \u0259n yax\u015f\u0131 halda alt\u0131 h\u0259ft\u0259 \u00f6nc\u0259 dey\u0259c\u0259k. Yeni qanuna g\u00f6r\u0259 ikit\u0259r\u0259fli raz\u0131la\u015fma olduqda v\u0259 bildiri\u015f m\u00fcdd\u0259tini pulla \u0259v\u0259z etdikd\u0259, t\u0259r\u0259fl\u0259r m\u00fcqavil\u0259y\u0259 xitam ver\u0259rk\u0259n \u015firk\u0259t \u0259vv\u0259lki kimi ham\u0131ya iki ayl\u0131q orta \u0259m\u0259k haqq\u0131n\u0131 verm\u0259y\u0259c\u0259k. \u0130ndi iki ay\u0131n maa\u015f\u0131n\u0131 almaq \u00fc\u00e7\u00fcn i\u015f\u00e7inin \u00fcmumi i\u015f staj\u0131 on ild\u0259n \u00e7ox olmal\u0131d\u0131r. \u018fks halda i\u015f\u00e7i bir ay\u0131n, ay yar\u0131m\u0131n v\u0259 ya iki h\u0259ft\u0259nin pulunu alcaq.\n<\/p>\n<p>\n  \u0130kinci m\u00fch\u00fcm m\u0259s\u0259l\u0259 v\u0259t\u0259nda\u015f\u0131n i\u015f tapmad\u0131\u011f\u0131 t\u0259qdird\u0259 ona veril\u0259n m\u00fcavinatla ba\u011fl\u0131d\u0131r. Yeni qanuna \u0259sas\u0259n M\u0259\u015f\u011fulluq \u0130dar\u0259si t\u0259r\u0259find\u0259n verilmi\u015f aray\u0131\u015fla \u00f6d\u0259nil\u0259n m\u00fcavin\u0259tl\u0259r l\u0259\u011fv olunur. Bu absurddur, \u00e7\u00fcnki h\u00f6kum\u0259t onsuz da v\u0259t\u0259nda\u015fa he\u00e7 bir sosial yard\u0131m g\u00f6st\u0259rmir. He\u00e7 bir \u0259lav\u0259 pul \u00f6d\u0259mir. T\u0259qa\u00fcd\u00e7\u00fcl\u0259r\u0259, \u0259lill\u0259r\u0259, \u015f\u0259hid ail\u0259l\u0259rin\u0259 \u00f6d\u0259nil\u0259n m\u00fcavinatlar v\u0259 yeni do\u011fulmu\u015f u\u015fa\u011fa g\u00f6r\u0259 bird\u0259f\u0259lik veril\u0259n pulun m\u0259bl\u0259\u011fi \u00f6lk\u0259 reall\u0131\u011f\u0131 \u00fc\u00e7\u00fcn g\u00fclm\u0259lidir. \u00d6lk\u0259nin \u0259m\u0259k bazar\u0131nda xaosdur. Yerli \u015firk\u0259tl\u0259r\u0259 adams\u0131z, tan\u0131\u015fs\u0131z d\u00fcz\u0259lm\u0259k olmur. Bir \u00e7ox i\u015f yerind\u0259 m\u00fcqavil\u0259 yoxdur. M\u00fcqavil\u0259 olsa da, qara m\u00fchasibat m\u00f6vcuddur. H\u00f6kum\u0259t he\u00e7 olmasa bu qanunu xarici \u015firk\u0259tl\u0259r\u0259 t\u0259tbiq etm\u0259zdi. \u00d6lk\u0259d\u0259 i\u015fl\u0259y\u0259n xarici \u015firk\u0259tkl\u0259rin v\u0259t\u0259nda\u015f qar\u015f\u0131s\u0131nda x\u00fcsusi \u00f6hd\u0259liyi olmal\u0131d\u0131r. Onsuz da M\u0259\u015f\u011fulluq \u0130dar\u0259sind\u0259n al\u0131nan aray\u0131\u015f \u0259sas\u0131nda \u00f6d\u0259nil\u0259n m\u0259bl\u0259\u011f xarici \u015firk\u0259tin b\u00fcdc\u0259sind\u0259n gedirdi, d\u00f6vl\u0259t b\u00fcdc\u0259sind\u0259n yox.\n<\/p>\n<p>\n  \u00d6lk\u0259d\u0259 total i\u015fsizlikdir, insanlar ill\u0259rl\u0259 i\u015f tapa bilmir. \u0130\u015f\u00e7i i\u015find\u0259n ixtisar olunduqdan sonra bir ay \u0259rzind\u0259 hardan i\u015f tapacaq? M\u0259n h\u0259l\u0259 i\u015f staj\u0131 on ild\u0259n \u00e7ox olanlar\u0131 deyir\u0259m. On il\u0259 q\u0259d\u0259r i\u015f staj\u0131 olanlar i\u015fd\u0259n \u00e7\u0131xar\u0131lark\u0259n onlara orta ayl\u0131q \u0259m\u0259k haqq\u0131n\u0131n 1.4 misli veril\u0259c\u0259k. Bu, he\u00e7 iki ay\u0131n maa\u015f\u0131 el\u0259mir. Bir s\u00f6zl\u0259, insan i\u015fini itridikd\u0259 ona veril\u0259n pulla \u0259n yax\u015f\u0131 halda maksimum iki ay dolanacaq? B\u0259s sonra? \u00d6lk\u0259d\u0259 g\u0259ncl\u0259rin \u0259ks\u0259riyy\u0259ti 20-24 ya\u015f\u0131nda r\u0259smi m\u00fcqavil\u0259 il\u0259 i\u015fl\u0259m\u0259y\u0259 ba\u015flay\u0131r. On il\u0259 q\u0259d\u0259r i\u015f staj\u0131 olanlar\u0131n \u00e7oxu 30-34 ya\u015fl\u0131 g\u0259ncl\u0259r olacaq. Bu ya\u015fda insanlar art\u0131q ail\u0259 v\u0259 u\u015faq sahibi olurlar. Onlar\u0131n ciddi sosial probleml\u0259ri olur. Y\u0259ni insanlar \u00f6zl\u0259rind\u0259n savay\u0131 3-4 adam\u0131n sosial t\u0259l\u0259batlar\u0131n\u0131 t\u0259min edirl\u0259r. Bu insanlar\u0131 indi ixtisar ed\u0259rk\u0259n, iki ay\u0131n pulunu verib yola salacaqlar.\n<\/p>\n<p>\n  Bundan \u0259vv\u0259l he\u00e7 olmasa be\u015f ay\u0131n pulunu \u00f6d\u0259yirdil\u0259r.\n<\/p>\n<p>\n  \u0130\u015fsizlik bizim \u00f6lk\u0259d\u0259 \u00e7ox ciddi problemdir. D\u00f6vl\u0259td\u0259n bir q\u0259pik yard\u0131m g\u00f6rm\u0259y\u0259n v\u0259t\u0259nda\u015f, onu dair\u0259y\u0259 alan sosial probleml\u0259rd\u0259n g\u0259rginlik ke\u00e7irir. Ona g\u00f6r\u0259 \u00f6lk\u0259d\u0259 intiharlar\u0131n say\u0131 ilb\u0259il art\u0131r. \u0130\u015fsiz adam t\u0259kc\u0259 yem\u0259k, paltar bar\u0259sind\u0259 fikirl\u0259\u015fmir. \u0130nsan da\u015f deyil, d\u0259mir deyil. \u0130nsan\u0131n x\u0259st\u0259l\u0259nir, ona d\u0259rman laz\u0131m olur.\n<\/p>\n<p>\n  H\u00f6kum\u0259t is\u0259 ne\u00e7\u0259 ildir tibbi s\u0131\u011forta m\u0259s\u0259l\u0259sini h\u0259ll ed\u0259 bilmir. B\u0259y\u0259nm\u0259diyimiz T\u00fcrkm\u0259nistanda bel\u0259 icbari tibbi s\u0131\u011forta m\u00f6vcuddur. \u0130\u015fin olmamas\u0131 d\u0259rdin yar\u0131s\u0131d\u0131r. Adam bils\u0259 ki, he\u00e7 olmasa x\u0259st\u0259l\u0259ns\u0259 pulsuz m\u00fcayin\u0259 v\u0259 d\u0259rmanlarla t\u0259min olunacaq, d\u0259rd-q\u0259mi y\u00fcng\u00fcll\u0259\u015f\u0259r. Amma bizim \u00f6lk\u0259d\u0259 bu m\u00fcmk\u00fcns\u00fczd\u00fcr. Bu g\u00fcn v\u0259t\u0259nda\u015f i\u015fsiz qald\u0131sa, d\u00f6vl\u0259t ona q\u0259pik d\u0259 q\u0131ym\u0131r.\n<\/p>\n<p>\n  Son iki ild\u0259 qiym\u0259ti bir ne\u00e7\u0259 d\u0259f\u0259 artan kommunal x\u0259rcl\u0259rin, benzinin, \u0259rzaq mallar\u0131n\u0131n fonunda, adama c\u0259mi bir ay\u0131n maa\u015f\u0131n\u0131 \u00f6d\u0259m\u0259kl\u0259 i\u015fd\u0259n ixtisar etm\u0259k \u0259dal\u0259tsizlikdir. \u00d6lk\u0259 banklar\u0131nda minl\u0259rl\u0259 problemli kreditl\u0259r var.\n<\/p>\n<p>\n  \u018fvv\u0259l v\u0259t\u0259nda\u015f i\u015fd\u0259n ixtisar olunanda ald\u0131\u011f\u0131 m\u00fcavinatla banka olan borcunun bir hiss\u0259sini \u00f6d\u0259y\u0259 bil\u0259rdi, indi is\u0259 bu imkandan m\u0259hrum oldu.\n<\/p>\n<p>\n  M\u0259n Avropan\u0131 demir\u0259m, MDB \u00f6lk\u0259l\u0259rind\u0259 v\u0259t\u0259nda\u015flar ixtisar olunark\u0259n i\u015f stajlar\u0131 n\u0259z\u0259r\u0259 al\u0131nmadan be\u015f-alt\u0131, b\u0259z\u0259n on ay\u0131n m\u0259vacibini vergi tutulmadan al\u0131rlar. Bizd\u0259 is\u0259 v\u0259t\u0259nda\u015f i\u015fl\u0259dikc\u0259, el\u0259-hey d\u00f6vl\u0259t\u0259 vergi \u00f6d\u0259yir, i\u015fd\u0259n \u00e7\u0131xar\u0131landan sonra is\u0259 ona bir ay\u0131n pulunu verib yola sal\u0131rlar. Bu d\u00f6vl\u0259tin \u00f6z v\u0259t\u0259nda\u015f\u0131na qar\u015f\u0131 \u0259dal\u0259tsizliyi, h\u00f6rm\u0259tsizliyidir. H\u0259m d\u0259 d\u00f6vl\u0259t bir n\u00f6v qeyri-r\u0259smi olaraq \u00f6lk\u0259d\u0259 olan \u015firk\u0259tl\u0259r\u0259 deyir: \u201cG\u00f6t\u00fcr\u00fcn m\u0259nim v\u0259t\u0259nda\u015f\u0131m\u0131, n\u0259 q\u0259d\u0259r ist\u0259yirsiz i\u015fl\u0259din. Sonra kefiniz duranda, bir ayl\u0131q pulunu verib \u00e7\u0131xardars\u0131z\u201d.\n<\/p>\n<p>\n  Bundan sonra v\u0259t\u0259nda\u015f\u0131n i\u015f\u0259g\u00f6t\u00fcr\u0259n qar\u015f\u0131s\u0131nda dili q\u0131sa olacaq. Dahil\u0259rd\u0259n kims\u0259 deyib: \u201c\u018fn b\u00f6y\u00fck qorxu i\u015fini itirm\u0259k qorxusudur\u201d. V\u0259t\u0259nda\u015f\u0131m\u0131za h\u00f6kum\u0259td\u0259n daha bir qorxu h\u0259diyy\u0259 olundu. Bu qanun onsuz da h\u0259r add\u0131mda h\u00fcquqlar\u0131 tapdanan v\u0259t\u0259nda\u015f\u0131n azadl\u0131\u011f\u0131n\u0131 bir az da daraltd\u0131. \u0130\u015fini itirm\u0259k qorxusu insanlar\u0131 h\u0259r c\u00fcr nadanl\u0131\u011fa v\u0259 \u015f\u0259r\u0259fsizliy\u0259 vadar ed\u0259c\u0259k.\n<\/p>\n<p>\n  <i><br \/>\n    <b><br \/>\n      Yaz\u0131 m\u00fc\u0259llifin fikirl\u0259rini \u0259ks etdirir v\u0259 Meydan TV-nin m\u00f6vqeyi il\u0259 \u00fcst-\u00fcst\u0259 d\u00fc\u015fm\u0259y\u0259 bil\u0259r.<br \/>\n    <\/b><br \/>\n  <\/i><\/p>\n","protected":false},"excerpt":{"rendered":"<p>\u00d6lk\u0259nin \u018fm\u0259k M\u0259c\u0259ll\u0259sin\u0259 yeni d\u0259yi\u015fiklikl\u0259r edilib<\/p>\n","protected":false},"author":11,"featured_media":81468,"comment_status":"closed","ping_status":"open","sticky":false,"template":"","format":"standard","meta":{"_acf_changed":false,"_sitemap_exclude":false,"_sitemap_priority":"","_sitemap_frequency":"","footnotes":""},"categories":[57],"tags":[],"class_list":["post-188396","post","type-post","status-publish","format-standard","has-post-thumbnail","hentry","category-menim-fikrimce","infinite-scroll-item","generate-columns","tablet-grid-50","mobile-grid-100","grid-parent","grid-33","no-featured-image-padding"],"acf":[],"yoast_head":"<!-- This site is optimized with the Yoast SEO plugin v27.5 - https:\/\/yoast.com\/product\/yoast-seo-wordpress\/ -->\n<title>\u0130\u015fini itirm\u0259k qorxusu - MEYDAN.TV<\/title>\n<meta name=\"robots\" content=\"index, follow, max-snippet:-1, max-image-preview:large, max-video-preview:-1\" \/>\n<link rel=\"canonical\" href=\"https:\/\/www.meydan.tv\/az\/article\/isini-itirmek-qorxusu\/\" \/>\n<meta property=\"og:locale\" content=\"az_AZ\" \/>\n<meta property=\"og:type\" content=\"article\" \/>\n<meta property=\"og:title\" content=\"\u0130\u015fini itirm\u0259k qorxusu - MEYDAN.TV\" \/>\n<meta property=\"og:description\" content=\"\u00d6lk\u0259nin \u018fm\u0259k M\u0259c\u0259ll\u0259sin\u0259 yeni d\u0259yi\u015fiklikl\u0259r edilib\" \/>\n<meta property=\"og:url\" content=\"https:\/\/www.meydan.tv\/az\/article\/isini-itirmek-qorxusu\/\" \/>\n<meta property=\"og:site_name\" content=\"MEYDAN.TV\" \/>\n<meta property=\"article:published_time\" content=\"2018-01-26T19:59:42+00:00\" \/>\n<meta property=\"og:image\" content=\"https:\/\/www.meydan.tv\/wp-content\/uploads\/31869.jpg\" \/>\n\t<meta property=\"og:image:width\" content=\"500\" \/>\n\t<meta property=\"og:image:height\" content=\"300\" \/>\n\t<meta property=\"og:image:type\" content=\"image\/jpeg\" \/>\n<meta name=\"author\" content=\"user-manager\" \/>\n<meta name=\"twitter:card\" content=\"summary_large_image\" \/>\n<script type=\"application\/ld+json\" class=\"yoast-schema-graph\">{\"@context\":\"https:\\\/\\\/schema.org\",\"@graph\":[{\"@type\":\"Article\",\"@id\":\"https:\\\/\\\/www.meydan.tv\\\/az\\\/article\\\/isini-itirmek-qorxusu\\\/#article\",\"isPartOf\":{\"@id\":\"https:\\\/\\\/www.meydan.tv\\\/az\\\/article\\\/isini-itirmek-qorxusu\\\/\"},\"author\":{\"name\":\"user-manager\",\"@id\":\"https:\\\/\\\/www.meydan.tv\\\/az\\\/#\\\/schema\\\/person\\\/10d11eccf6da3662cf5fdab9806ea91a\"},\"headline\":\"\u0130\u015fini itirm\u0259k qorxusu\",\"datePublished\":\"2018-01-26T19:59:42+00:00\",\"mainEntityOfPage\":{\"@id\":\"https:\\\/\\\/www.meydan.tv\\\/az\\\/article\\\/isini-itirmek-qorxusu\\\/\"},\"wordCount\":1542,\"publisher\":{\"@id\":\"https:\\\/\\\/www.meydan.tv\\\/az\\\/#organization\"},\"image\":{\"@id\":\"https:\\\/\\\/www.meydan.tv\\\/az\\\/article\\\/isini-itirmek-qorxusu\\\/#primaryimage\"},\"thumbnailUrl\":\"https:\\\/\\\/www.meydan.tv\\\/wp-content\\\/uploads\\\/31869.jpg\",\"articleSection\":[\"M\u0259nim Fikrimc\u0259\"],\"inLanguage\":\"az\"},{\"@type\":\"WebPage\",\"@id\":\"https:\\\/\\\/www.meydan.tv\\\/az\\\/article\\\/isini-itirmek-qorxusu\\\/\",\"url\":\"https:\\\/\\\/www.meydan.tv\\\/az\\\/article\\\/isini-itirmek-qorxusu\\\/\",\"name\":\"\u0130\u015fini itirm\u0259k qorxusu - MEYDAN.TV\",\"isPartOf\":{\"@id\":\"https:\\\/\\\/www.meydan.tv\\\/az\\\/#website\"},\"primaryImageOfPage\":{\"@id\":\"https:\\\/\\\/www.meydan.tv\\\/az\\\/article\\\/isini-itirmek-qorxusu\\\/#primaryimage\"},\"image\":{\"@id\":\"https:\\\/\\\/www.meydan.tv\\\/az\\\/article\\\/isini-itirmek-qorxusu\\\/#primaryimage\"},\"thumbnailUrl\":\"https:\\\/\\\/www.meydan.tv\\\/wp-content\\\/uploads\\\/31869.jpg\",\"datePublished\":\"2018-01-26T19:59:42+00:00\",\"breadcrumb\":{\"@id\":\"https:\\\/\\\/www.meydan.tv\\\/az\\\/article\\\/isini-itirmek-qorxusu\\\/#breadcrumb\"},\"inLanguage\":\"az\",\"potentialAction\":[{\"@type\":\"ReadAction\",\"target\":[\"https:\\\/\\\/www.meydan.tv\\\/az\\\/article\\\/isini-itirmek-qorxusu\\\/\"]}]},{\"@type\":\"ImageObject\",\"inLanguage\":\"az\",\"@id\":\"https:\\\/\\\/www.meydan.tv\\\/az\\\/article\\\/isini-itirmek-qorxusu\\\/#primaryimage\",\"url\":\"https:\\\/\\\/www.meydan.tv\\\/wp-content\\\/uploads\\\/31869.jpg\",\"contentUrl\":\"https:\\\/\\\/www.meydan.tv\\\/wp-content\\\/uploads\\\/31869.jpg\",\"width\":500,\"height\":300,\"caption\":\"Source:\"},{\"@type\":\"BreadcrumbList\",\"@id\":\"https:\\\/\\\/www.meydan.tv\\\/az\\\/article\\\/isini-itirmek-qorxusu\\\/#breadcrumb\",\"itemListElement\":[{\"@type\":\"ListItem\",\"position\":1,\"name\":\"Ana s\u0259hif\u0259\",\"item\":\"https:\\\/\\\/www.meydan.tv\\\/az\\\/\"},{\"@type\":\"ListItem\",\"position\":2,\"name\":\"M\u0259nim Fikrimc\u0259\",\"item\":\"https:\\\/\\\/www.meydan.tv\\\/az\\\/section\\\/menim-fikrimce\\\/\"},{\"@type\":\"ListItem\",\"position\":3,\"name\":\"\u0130\u015fini itirm\u0259k qorxusu\"}]},{\"@type\":\"WebSite\",\"@id\":\"https:\\\/\\\/www.meydan.tv\\\/az\\\/#website\",\"url\":\"https:\\\/\\\/www.meydan.tv\\\/az\\\/\",\"name\":\"MEYDAN.TV\",\"description\":\"Meydan TV Az\u0259rbaycan\u0131n media m\u0259kan\u0131ndak\u0131 alternativ s\u0259sidir\",\"publisher\":{\"@id\":\"https:\\\/\\\/www.meydan.tv\\\/az\\\/#organization\"},\"potentialAction\":[{\"@type\":\"SearchAction\",\"target\":{\"@type\":\"EntryPoint\",\"urlTemplate\":\"https:\\\/\\\/www.meydan.tv\\\/az\\\/?s={search_term_string}\"},\"query-input\":{\"@type\":\"PropertyValueSpecification\",\"valueRequired\":true,\"valueName\":\"search_term_string\"}}],\"inLanguage\":\"az\"},{\"@type\":\"Organization\",\"@id\":\"https:\\\/\\\/www.meydan.tv\\\/az\\\/#organization\",\"name\":\"Meydan TV\",\"url\":\"https:\\\/\\\/www.meydan.tv\\\/az\\\/\",\"logo\":{\"@type\":\"ImageObject\",\"inLanguage\":\"az\",\"@id\":\"https:\\\/\\\/www.meydan.tv\\\/az\\\/#\\\/schema\\\/logo\\\/image\\\/\",\"url\":\"https:\\\/\\\/www.meydan.tv\\\/wp-content\\\/uploads\\\/2021\\\/07\\\/meydan-logo.svg\",\"contentUrl\":\"https:\\\/\\\/www.meydan.tv\\\/wp-content\\\/uploads\\\/2021\\\/07\\\/meydan-logo.svg\",\"width\":195,\"height\":46,\"caption\":\"Meydan TV\"},\"image\":{\"@id\":\"https:\\\/\\\/www.meydan.tv\\\/az\\\/#\\\/schema\\\/logo\\\/image\\\/\"}},{\"@type\":\"Person\",\"@id\":\"https:\\\/\\\/www.meydan.tv\\\/az\\\/#\\\/schema\\\/person\\\/10d11eccf6da3662cf5fdab9806ea91a\",\"name\":\"user-manager\"}]}<\/script>\n<!-- \/ Yoast SEO plugin. -->","yoast_head_json":{"title":"\u0130\u015fini itirm\u0259k qorxusu - MEYDAN.TV","robots":{"index":"index","follow":"follow","max-snippet":"max-snippet:-1","max-image-preview":"max-image-preview:large","max-video-preview":"max-video-preview:-1"},"canonical":"https:\/\/www.meydan.tv\/az\/article\/isini-itirmek-qorxusu\/","og_locale":"az_AZ","og_type":"article","og_title":"\u0130\u015fini itirm\u0259k qorxusu - MEYDAN.TV","og_description":"\u00d6lk\u0259nin \u018fm\u0259k M\u0259c\u0259ll\u0259sin\u0259 yeni d\u0259yi\u015fiklikl\u0259r edilib","og_url":"https:\/\/www.meydan.tv\/az\/article\/isini-itirmek-qorxusu\/","og_site_name":"MEYDAN.TV","article_published_time":"2018-01-26T19:59:42+00:00","og_image":[{"width":500,"height":300,"url":"https:\/\/www.meydan.tv\/wp-content\/uploads\/31869.jpg","type":"image\/jpeg"}],"author":"user-manager","twitter_card":"summary_large_image","schema":{"@context":"https:\/\/schema.org","@graph":[{"@type":"Article","@id":"https:\/\/www.meydan.tv\/az\/article\/isini-itirmek-qorxusu\/#article","isPartOf":{"@id":"https:\/\/www.meydan.tv\/az\/article\/isini-itirmek-qorxusu\/"},"author":{"name":"user-manager","@id":"https:\/\/www.meydan.tv\/az\/#\/schema\/person\/10d11eccf6da3662cf5fdab9806ea91a"},"headline":"\u0130\u015fini itirm\u0259k qorxusu","datePublished":"2018-01-26T19:59:42+00:00","mainEntityOfPage":{"@id":"https:\/\/www.meydan.tv\/az\/article\/isini-itirmek-qorxusu\/"},"wordCount":1542,"publisher":{"@id":"https:\/\/www.meydan.tv\/az\/#organization"},"image":{"@id":"https:\/\/www.meydan.tv\/az\/article\/isini-itirmek-qorxusu\/#primaryimage"},"thumbnailUrl":"https:\/\/www.meydan.tv\/wp-content\/uploads\/31869.jpg","articleSection":["M\u0259nim Fikrimc\u0259"],"inLanguage":"az"},{"@type":"WebPage","@id":"https:\/\/www.meydan.tv\/az\/article\/isini-itirmek-qorxusu\/","url":"https:\/\/www.meydan.tv\/az\/article\/isini-itirmek-qorxusu\/","name":"\u0130\u015fini itirm\u0259k qorxusu - MEYDAN.TV","isPartOf":{"@id":"https:\/\/www.meydan.tv\/az\/#website"},"primaryImageOfPage":{"@id":"https:\/\/www.meydan.tv\/az\/article\/isini-itirmek-qorxusu\/#primaryimage"},"image":{"@id":"https:\/\/www.meydan.tv\/az\/article\/isini-itirmek-qorxusu\/#primaryimage"},"thumbnailUrl":"https:\/\/www.meydan.tv\/wp-content\/uploads\/31869.jpg","datePublished":"2018-01-26T19:59:42+00:00","breadcrumb":{"@id":"https:\/\/www.meydan.tv\/az\/article\/isini-itirmek-qorxusu\/#breadcrumb"},"inLanguage":"az","potentialAction":[{"@type":"ReadAction","target":["https:\/\/www.meydan.tv\/az\/article\/isini-itirmek-qorxusu\/"]}]},{"@type":"ImageObject","inLanguage":"az","@id":"https:\/\/www.meydan.tv\/az\/article\/isini-itirmek-qorxusu\/#primaryimage","url":"https:\/\/www.meydan.tv\/wp-content\/uploads\/31869.jpg","contentUrl":"https:\/\/www.meydan.tv\/wp-content\/uploads\/31869.jpg","width":500,"height":300,"caption":"Source:"},{"@type":"BreadcrumbList","@id":"https:\/\/www.meydan.tv\/az\/article\/isini-itirmek-qorxusu\/#breadcrumb","itemListElement":[{"@type":"ListItem","position":1,"name":"Ana s\u0259hif\u0259","item":"https:\/\/www.meydan.tv\/az\/"},{"@type":"ListItem","position":2,"name":"M\u0259nim Fikrimc\u0259","item":"https:\/\/www.meydan.tv\/az\/section\/menim-fikrimce\/"},{"@type":"ListItem","position":3,"name":"\u0130\u015fini itirm\u0259k qorxusu"}]},{"@type":"WebSite","@id":"https:\/\/www.meydan.tv\/az\/#website","url":"https:\/\/www.meydan.tv\/az\/","name":"MEYDAN.TV","description":"Meydan TV Az\u0259rbaycan\u0131n media m\u0259kan\u0131ndak\u0131 alternativ s\u0259sidir","publisher":{"@id":"https:\/\/www.meydan.tv\/az\/#organization"},"potentialAction":[{"@type":"SearchAction","target":{"@type":"EntryPoint","urlTemplate":"https:\/\/www.meydan.tv\/az\/?s={search_term_string}"},"query-input":{"@type":"PropertyValueSpecification","valueRequired":true,"valueName":"search_term_string"}}],"inLanguage":"az"},{"@type":"Organization","@id":"https:\/\/www.meydan.tv\/az\/#organization","name":"Meydan TV","url":"https:\/\/www.meydan.tv\/az\/","logo":{"@type":"ImageObject","inLanguage":"az","@id":"https:\/\/www.meydan.tv\/az\/#\/schema\/logo\/image\/","url":"https:\/\/www.meydan.tv\/wp-content\/uploads\/2021\/07\/meydan-logo.svg","contentUrl":"https:\/\/www.meydan.tv\/wp-content\/uploads\/2021\/07\/meydan-logo.svg","width":195,"height":46,"caption":"Meydan TV"},"image":{"@id":"https:\/\/www.meydan.tv\/az\/#\/schema\/logo\/image\/"}},{"@type":"Person","@id":"https:\/\/www.meydan.tv\/az\/#\/schema\/person\/10d11eccf6da3662cf5fdab9806ea91a","name":"user-manager"}]}},"_links":{"self":[{"href":"https:\/\/www.meydan.tv\/az\/wp-json\/wp\/v2\/posts\/188396","targetHints":{"allow":["GET"]}}],"collection":[{"href":"https:\/\/www.meydan.tv\/az\/wp-json\/wp\/v2\/posts"}],"about":[{"href":"https:\/\/www.meydan.tv\/az\/wp-json\/wp\/v2\/types\/post"}],"author":[{"embeddable":true,"href":"https:\/\/www.meydan.tv\/az\/wp-json\/wp\/v2\/users\/11"}],"replies":[{"embeddable":true,"href":"https:\/\/www.meydan.tv\/az\/wp-json\/wp\/v2\/comments?post=188396"}],"version-history":[{"count":0,"href":"https:\/\/www.meydan.tv\/az\/wp-json\/wp\/v2\/posts\/188396\/revisions"}],"wp:featuredmedia":[{"embeddable":true,"href":"https:\/\/www.meydan.tv\/az\/wp-json\/wp\/v2\/media\/81468"}],"wp:attachment":[{"href":"https:\/\/www.meydan.tv\/az\/wp-json\/wp\/v2\/media?parent=188396"}],"wp:term":[{"taxonomy":"category","embeddable":true,"href":"https:\/\/www.meydan.tv\/az\/wp-json\/wp\/v2\/categories?post=188396"},{"taxonomy":"post_tag","embeddable":true,"href":"https:\/\/www.meydan.tv\/az\/wp-json\/wp\/v2\/tags?post=188396"}],"curies":[{"name":"wp","href":"https:\/\/api.w.org\/{rel}","templated":true}]}}