{"id":188354,"date":"2018-01-25T13:26:48","date_gmt":"2018-01-25T13:26:48","guid":{"rendered":"https:\/\/www.meydan.tv\/article\/kutleden-ayri-dusmus-adam-ve-eskalator-zirvesi\/"},"modified":"2018-01-25T13:26:48","modified_gmt":"2018-01-25T13:26:48","slug":"kutleden-ayri-dusmus-adam-ve-eskalator-zirvesi","status":"publish","type":"post","link":"https:\/\/www.meydan.tv\/az\/article\/kutleden-ayri-dusmus-adam-ve-eskalator-zirvesi\/","title":{"rendered":"K\u00fctl\u0259d\u0259n ayr\u0131 d\u00fc\u015fm\u00fc\u015f adam v\u0259 eskalator &#8221;zirv\u0259si&#8221;"},"content":{"rendered":"<figure class=\"wp-block-image size-large\">\n  <img decoding=\"async\" src=\"https:\/\/www.meydan.tv\/az\/baki-metrosu-2\/\" alt=\"Bak\u0131 metrosu\" class=\"wp-image-98557\"\/><figcaption>\n    Bak\u0131 metrosu<br \/>\n  <\/figcaption><\/figure>\n<p>\n  K\u00f6hn\u0259 dostum F\u0259rid\u0259 eskalator \u015f\u0259kli g\u00f6nd\u0259rm\u0259s\u0259ydi g\u00fcnd\u0259lik, adi bir \u0259hvalat\u0131 buralara q\u0259d\u0259r da\u015f\u0131mazd\u0131m. Amma ha \u00e7al\u0131\u015fd\u0131msa, h\u0259r\u0259k\u0259tsiz eskalatoru b\u00fct\u00f6v \u00f6lk\u0259y\u0259 b\u0259nz\u0259tm\u0259y\u0259 bilm\u0259dim. \u00d6z\u00fcm is\u0259 bu \u00f6lk\u0259d\u0259 sad\u0259c\u0259 var olma statusu da\u015f\u0131yan k\u00fctl\u0259nin z\u0259if b\u0259ndi idim.\n<\/p>\n<p>\n  ***\n<\/p>\n<p>\n  Metronun \u201c28 May\u201d stansiyas\u0131nda vaqondan \u00e7\u0131x\u0131b t\u0131xacda add\u0131m-add\u0131m eskalatora t\u0259r\u0259f ir\u0259lil\u0259dik. M\u0259n y\u00fcng\u00fcl, x\u0131rda v\u00fccud olaraq t\u0259xmin\u0259n ortalara s\u0131x\u0131\u015fd\u0131r\u0131lm\u0131\u015f halda \u0259trafdan x\u0259b\u0259rsiz h\u0259r\u0259k\u0259t edirdim. K\u00fctl\u0259 q\u0259fil dayand\u0131 v\u0259 h\u0259r t\u0259r\u0259fd\u0259n naraz\u0131 s\u0259sl\u0259r e\u015fidildi. Eskalatorda problem yaran\u0131bm\u0131\u015f, ehtiyat \u00e7\u0131x\u0131\u015f\u0131 i\u015f\u0259 salm\u0131rd\u0131lar.\n<\/p>\n<p>\n  N\u0259 ba\u015f verdiyini anlayana q\u0259d\u0259r \u00f6z\u00fcm\u00fc donmu\u015f eskalatorun qar\u015f\u0131s\u0131nda g\u00f6rd\u00fcm. Qatlanmayan diziml\u0259 naqolay, h\u00fcnd\u00fcr pill\u0259l\u0259ri qalxma\u011fa g\u00fcc\u00fcm yetm\u0259zdi. Aradan \u00e7\u0131xma\u011f\u0131 daha m\u00fcmk\u00fcns\u00fcz hesab edib birincini s\u0131namaq m\u0259cburiyy\u0259tind\u0259 qald\u0131m. D\u00f6rd \u0259traf\u0131mdak\u0131 insanlara g\u00fcv\u0259n\u0259r\u0259k ilk add\u0131m\u0131m\u0131 atd\u0131m. Aya\u011f\u0131m s\u0131z\u0131ldasa da, ke\u00e7\u0259 bildim. Pill\u0259l\u0259r nisb\u0259t\u0259n azlad\u0131qca, \u00f6z\u00fcm\u0259 inam\u0131m art\u0131rd\u0131. H\u0259tta \u00fczl\u0259\u015fdiyim q\u0259rib\u0259 t\u0259sad\u00fcf\u0259 g\u00f6r\u0259 bu d\u0259f\u0259 b\u0259xtimi q\u0131nam\u0131rd\u0131m.\n<\/p>\n<p>\n  Bel\u0259 nikbin ruha k\u00f6kl\u0259nib \u201czirv\u0259ni f\u0259th etm\u0259k\u201d \u0259r\u0259f\u0259sind\u0259 bird\u0259n o boyda y\u00fcks\u0259kliyin ortas\u0131nda t\u0259k qald\u0131\u011f\u0131m\u0131 duydum. \u0130nsanlar \u00e7\u0131x\u0131b getmi\u015fdil\u0259r. T\u0259z\u0259 s\u0259rni\u015finl\u0259r i\u015f\u0259 sal\u0131nm\u0131\u015f ba\u015fqa eskalatorla qalx\u0131rd\u0131lar. M\u0259nim qar\u015f\u0131mda is\u0259 \u00f6z\u00fcm adlayaca\u011f\u0131m n\u0259 q\u0259d\u0259r qa\u00e7\u0131lmaz pill\u0259 dururdu.\n<\/p>\n<p>\n  Can\u0131mdan q\u0259rib\u0259 bir t\u0259la\u015f ke\u00e7di, h\u0259y\u0259candan \u0259ll\u0259rimin \u00fcst\u00fcn\u0259 q\u0259d\u0259r t\u0259rl\u0259dim. Aram\u0131zda he\u00e7 bir \u00f6hd\u0259lik, tan\u0131\u015fl\u0131q olmad\u0131\u011f\u0131ndan \u201conlar m\u0259ni qoyub getdil\u0259r\u201d &#8211; dey\u0259 bilm\u0259zdim. Ax\u0131na ist\u0259r-ist\u0259m\u0259z \u00f6z\u00fcm d\u00fc\u015fm\u00fc\u015fd\u00fcm. N\u0259tic\u0259y\u0259 t\u0259k qatla\u015fmal\u0131yd\u0131m. \u018flb\u0259tt\u0259, \u0259vv\u0259lki inam itmi\u015fdi. Mac\u0259ra kimi bir h\u0259qiq\u0259tl\u0259 \u00fcz-\u00fcz\u0259 qalm\u0131\u015fd\u0131m. Yan\u0131mdan y\u00fczl\u0259rl\u0259 adam\u0131n sanki \u201cr\u0259qs ed\u0259r\u0259k\u201d ke\u00e7ib getdiyi rahat pill\u0259l\u0259r m\u0259nim qar\u015f\u0131mda az qala ill\u0259r \u00f6nc\u0259si qald\u0131r\u0131ld\u0131\u011f\u0131m a\u011f\u0131r \u0259m\u0259liyyat stolu kimi dururdu. \u00c7ox \u015fi\u015firdir\u0259m kimi g\u0259l\u0259r adama. Y\u0259ni, alt\u0131-\u00fcst\u00fc eskalotorla piyada qalxmaqd\u0131, d\u00fcnyan\u0131n sonu deyildi ki! B\u0259li, d\u00fcnyan\u0131n sonu deyildi, amma pill\u0259l\u0259rin d\u0259 h\u0259l\u0259 ortas\u0131 idi&#8230;\n<\/p>\n<p>\n  O boyda eskalator yaln\u0131z m\u0259n\u0259 m\u0259xsusdu. Z\u0259hmli pill\u0259l\u0259rin \u00fcst\u00fcnd\u0259 oturummu, be\u015f-on d\u0259qiq\u0259lik m\u0259saf\u0259d\u0259 g\u00f6zl\u0259y\u0259n adama z\u0259ng vurummu? Yava\u015f-yava\u015f \u00f6z\u00fcm\u0259 g\u0259lirdim. H\u0259tta k\u00fctl\u0259 bar\u0259d\u0259 beynim\u0259 \u201corijinal fikirl\u0259r\u201d dolurdu. \u00dcst\u0259lik iki da\u015f\u0131n aras\u0131nda \u201cg\u00f6r\u0259s\u0259n \u00fcz\u00fcmd\u0259 nec\u0259 ifad\u0259 var ki, he\u00e7 k\u0259s \u015f\u0259klimi \u00e7\u0259km\u0259di\u201d, \u2013 dey\u0259 d\u00fc\u015f\u00fcnd\u00fcm. Bel\u0259c\u0259 ilhamlan\u0131b qald\u0131\u011f\u0131m yerd\u0259n davam etdim.\n<\/p>\n<p>\n  M\u0259saf\u0259 azald\u0131qca \u00fcr\u0259yimin d\u00f6y\u00fcnt\u00fcs\u00fc art\u0131rd\u0131, ayaqlar\u0131m\u0131 \u00e7\u0259kib apara bilmirdim. M\u0259n h\u0259yat\u0131mda c\u0259mi bir ne\u00e7\u0259 d\u0259f\u0259 bel\u0259 yorulmu\u015fdum. H\u0259r\u00e7\u0259nd \u00e7\u00f6km\u0259diyim, t\u0259slim olmad\u0131\u011f\u0131m d\u0259f\u0259l\u0259rd\u0259 h\u0259yat \u015f\u0259rtl\u0259ri ba\u015fqa, ruhum, can\u0131m indikind\u0259n g\u00fccl\u00fc idi. H\u0259l\u0259 \u0259ng\u0259lim, z\u0259ifim ola-ola \u00f6z\u00fcm\u00fc m\u0259nas\u0131z risq\u0259 atma\u011f\u0131m\u0131n x\u0259cal\u0259ti d\u0259 vard\u0131. Bununla bel\u0259, n\u0259hay\u0259t, sonuncu pill\u0259ni arxada qoyaraq girovuna \u00e7evrildiyim v\u0259ziyy\u0259td\u0259n azad oldum!\n<\/p>\n<p>\n  N\u0259f\u0259simi d\u0259r\u0259r-d\u0259rm\u0259z \u00f6z\u00fcm\u00fc g\u00f6r\u00fc\u015f yerin\u0259 \u00e7atd\u0131rd\u0131m. Gecikm\u0259yimi \u00fcz\u0259 vurmayan F\u0259rid\u0259 g\u0259rgin g\u00f6r\u00fcnm\u0259yimin s\u0259b\u0259bini israrla soru\u015fdu. \u0130stini-b\u00fcrk\u00fcn\u00fc b\u0259han\u0259 g\u0259tirib do\u011fru cavabdan yay\u0131nd\u0131m. Vidala\u015fanda yolumuz eyni t\u0259r\u0259f\u0259 oldu\u011funa g\u00f6r\u0259 F\u0259rid\u0259 metroya d\u00fc\u015fm\u0259yi t\u0259klif etdi. Ayaqlar\u0131m d\u0259rhal s\u0131z\u0131ldasa da, etiraz ed\u0259 bilm\u0259dim.\n<\/p>\n<p>\n  A\u015fa\u011f\u0131 en\u0259n kimi \u015f\u00fc\u015f\u0259 k\u00f6\u015fkd\u0259n \u00e7\u0131xan metro\u00e7u qad\u0131n yandak\u0131 eskalatoru g\u00f6st\u0259rib g\u00fcl\u00fcms\u0259di:\n<\/p>\n<p>\n  \u2013 Normalda he\u00e7 o q\u0259d\u0259r dayanm\u0131rd\u0131. Amma siz ax\u0131ra q\u0259d\u0259r \u00f6z\u00fcn\u00fcz qalxd\u0131n\u0131z. Aya\u011f\u0131n\u0131z da nasazd\u0131 dey\u0259s\u0259n&#8230; Lap kino kimi idiniz!\n<\/p>\n<p>\n  Rabit\u0259siz c\u00fcml\u0259l\u0259ri m\u0259nim bayaqk\u0131 g\u00f6r\u00fcnt\u00fcl\u0259rim\u0259 birl\u0259\u015fdir\u0259n F\u0259rid\u0259 heyr\u0259tl\u0259 dill\u0259ndi:\n<\/p>\n<p>\n  \u2013 Maraql\u0131 kino izl\u0259misiniz! T\u0259brik edir\u0259m&#8230;\n<\/p>\n<p>\n  P.s. Dostum h\u0259min eskalatoru k\u0259d\u0259rli bax\u0131\u015flarla ax\u0131ra q\u0259d\u0259r izl\u0259yib sol t\u0259r\u0259fd\u0259n qoluma girdi. Y\u0259qin \u201cnasaz\u201d aya\u011f\u0131m o t\u0259r\u0259fd\u0259 oldu\u011funa g\u00f6r\u0259&#8230;\n<\/p>\n<p>\n  <i><br \/>\n    <b><br \/>\n      Yaz\u0131 m\u00fc\u0259llifin fikirl\u0259rini \u0259ks etdirir v\u0259 Meydan TV-nin m\u00f6vqeyi il\u0259 \u00fcst-\u00fcst\u0259 d\u00fc\u015fm\u0259y\u0259 bil\u0259r.<br \/>\n    <\/b><br \/>\n  <\/i><\/p>\n","protected":false},"excerpt":{"rendered":"<p>K\u00f6hn\u0259 dostum F\u0259rid\u0259 eskalator \u015f\u0259kli g\u00f6nd\u0259rm\u0259s\u0259ydi g\u00fcnd\u0259lik, adi bir \u0259hvalat\u0131 buralara q\u0259d\u0259r da\u015f\u0131mazd\u0131m<\/p>\n","protected":false},"author":11,"featured_media":98557,"comment_status":"closed","ping_status":"open","sticky":false,"template":"","format":"standard","meta":{"_acf_changed":false,"_sitemap_exclude":false,"_sitemap_priority":"","_sitemap_frequency":"","footnotes":""},"categories":[57],"tags":[],"class_list":["post-188354","post","type-post","status-publish","format-standard","has-post-thumbnail","hentry","category-menim-fikrimce","infinite-scroll-item","generate-columns","tablet-grid-50","mobile-grid-100","grid-parent","grid-33","no-featured-image-padding"],"acf":[],"yoast_head":"<!-- This site is optimized with the Yoast SEO plugin v27.5 - https:\/\/yoast.com\/product\/yoast-seo-wordpress\/ -->\n<title>K\u00fctl\u0259d\u0259n ayr\u0131 d\u00fc\u015fm\u00fc\u015f adam v\u0259 eskalator &#039;&#039;zirv\u0259si&#039;&#039; - MEYDAN.TV<\/title>\n<meta name=\"robots\" content=\"index, follow, max-snippet:-1, max-image-preview:large, max-video-preview:-1\" \/>\n<link rel=\"canonical\" href=\"https:\/\/www.meydan.tv\/az\/article\/kutleden-ayri-dusmus-adam-ve-eskalator-zirvesi\/\" \/>\n<meta property=\"og:locale\" content=\"az_AZ\" \/>\n<meta property=\"og:type\" content=\"article\" \/>\n<meta property=\"og:title\" content=\"K\u00fctl\u0259d\u0259n ayr\u0131 d\u00fc\u015fm\u00fc\u015f adam v\u0259 eskalator &#039;&#039;zirv\u0259si&#039;&#039; - MEYDAN.TV\" \/>\n<meta property=\"og:description\" content=\"K\u00f6hn\u0259 dostum F\u0259rid\u0259 eskalator \u015f\u0259kli g\u00f6nd\u0259rm\u0259s\u0259ydi g\u00fcnd\u0259lik, adi bir \u0259hvalat\u0131 buralara q\u0259d\u0259r da\u015f\u0131mazd\u0131m\" \/>\n<meta property=\"og:url\" content=\"https:\/\/www.meydan.tv\/az\/article\/kutleden-ayri-dusmus-adam-ve-eskalator-zirvesi\/\" \/>\n<meta property=\"og:site_name\" content=\"MEYDAN.TV\" \/>\n<meta property=\"article:published_time\" content=\"2018-01-25T13:26:48+00:00\" \/>\n<meta property=\"og:image\" content=\"https:\/\/www.meydan.tv\/wp-content\/uploads\/38977.jpg\" \/>\n\t<meta property=\"og:image:width\" content=\"670\" \/>\n\t<meta property=\"og:image:height\" content=\"443\" \/>\n\t<meta property=\"og:image:type\" content=\"image\/jpeg\" \/>\n<meta name=\"author\" content=\"user-manager\" \/>\n<meta name=\"twitter:card\" content=\"summary_large_image\" \/>\n<script type=\"application\/ld+json\" class=\"yoast-schema-graph\">{\"@context\":\"https:\\\/\\\/schema.org\",\"@graph\":[{\"@type\":\"Article\",\"@id\":\"https:\\\/\\\/www.meydan.tv\\\/az\\\/article\\\/kutleden-ayri-dusmus-adam-ve-eskalator-zirvesi\\\/#article\",\"isPartOf\":{\"@id\":\"https:\\\/\\\/www.meydan.tv\\\/az\\\/article\\\/kutleden-ayri-dusmus-adam-ve-eskalator-zirvesi\\\/\"},\"author\":{\"name\":\"user-manager\",\"@id\":\"https:\\\/\\\/www.meydan.tv\\\/az\\\/#\\\/schema\\\/person\\\/10d11eccf6da3662cf5fdab9806ea91a\"},\"headline\":\"K\u00fctl\u0259d\u0259n ayr\u0131 d\u00fc\u015fm\u00fc\u015f adam v\u0259 eskalator &#8221;zirv\u0259si&#8221;\",\"datePublished\":\"2018-01-25T13:26:48+00:00\",\"mainEntityOfPage\":{\"@id\":\"https:\\\/\\\/www.meydan.tv\\\/az\\\/article\\\/kutleden-ayri-dusmus-adam-ve-eskalator-zirvesi\\\/\"},\"wordCount\":902,\"publisher\":{\"@id\":\"https:\\\/\\\/www.meydan.tv\\\/az\\\/#organization\"},\"image\":{\"@id\":\"https:\\\/\\\/www.meydan.tv\\\/az\\\/article\\\/kutleden-ayri-dusmus-adam-ve-eskalator-zirvesi\\\/#primaryimage\"},\"thumbnailUrl\":\"https:\\\/\\\/www.meydan.tv\\\/wp-content\\\/uploads\\\/38977.jpg\",\"articleSection\":[\"M\u0259nim Fikrimc\u0259\"],\"inLanguage\":\"az\"},{\"@type\":\"WebPage\",\"@id\":\"https:\\\/\\\/www.meydan.tv\\\/az\\\/article\\\/kutleden-ayri-dusmus-adam-ve-eskalator-zirvesi\\\/\",\"url\":\"https:\\\/\\\/www.meydan.tv\\\/az\\\/article\\\/kutleden-ayri-dusmus-adam-ve-eskalator-zirvesi\\\/\",\"name\":\"K\u00fctl\u0259d\u0259n ayr\u0131 d\u00fc\u015fm\u00fc\u015f adam v\u0259 eskalator ''zirv\u0259si'' - MEYDAN.TV\",\"isPartOf\":{\"@id\":\"https:\\\/\\\/www.meydan.tv\\\/az\\\/#website\"},\"primaryImageOfPage\":{\"@id\":\"https:\\\/\\\/www.meydan.tv\\\/az\\\/article\\\/kutleden-ayri-dusmus-adam-ve-eskalator-zirvesi\\\/#primaryimage\"},\"image\":{\"@id\":\"https:\\\/\\\/www.meydan.tv\\\/az\\\/article\\\/kutleden-ayri-dusmus-adam-ve-eskalator-zirvesi\\\/#primaryimage\"},\"thumbnailUrl\":\"https:\\\/\\\/www.meydan.tv\\\/wp-content\\\/uploads\\\/38977.jpg\",\"datePublished\":\"2018-01-25T13:26:48+00:00\",\"breadcrumb\":{\"@id\":\"https:\\\/\\\/www.meydan.tv\\\/az\\\/article\\\/kutleden-ayri-dusmus-adam-ve-eskalator-zirvesi\\\/#breadcrumb\"},\"inLanguage\":\"az\",\"potentialAction\":[{\"@type\":\"ReadAction\",\"target\":[\"https:\\\/\\\/www.meydan.tv\\\/az\\\/article\\\/kutleden-ayri-dusmus-adam-ve-eskalator-zirvesi\\\/\"]}]},{\"@type\":\"ImageObject\",\"inLanguage\":\"az\",\"@id\":\"https:\\\/\\\/www.meydan.tv\\\/az\\\/article\\\/kutleden-ayri-dusmus-adam-ve-eskalator-zirvesi\\\/#primaryimage\",\"url\":\"https:\\\/\\\/www.meydan.tv\\\/wp-content\\\/uploads\\\/38977.jpg\",\"contentUrl\":\"https:\\\/\\\/www.meydan.tv\\\/wp-content\\\/uploads\\\/38977.jpg\",\"width\":670,\"height\":443,\"caption\":\"Source:\"},{\"@type\":\"BreadcrumbList\",\"@id\":\"https:\\\/\\\/www.meydan.tv\\\/az\\\/article\\\/kutleden-ayri-dusmus-adam-ve-eskalator-zirvesi\\\/#breadcrumb\",\"itemListElement\":[{\"@type\":\"ListItem\",\"position\":1,\"name\":\"Ana s\u0259hif\u0259\",\"item\":\"https:\\\/\\\/www.meydan.tv\\\/az\\\/\"},{\"@type\":\"ListItem\",\"position\":2,\"name\":\"M\u0259nim Fikrimc\u0259\",\"item\":\"https:\\\/\\\/www.meydan.tv\\\/az\\\/section\\\/menim-fikrimce\\\/\"},{\"@type\":\"ListItem\",\"position\":3,\"name\":\"K\u00fctl\u0259d\u0259n ayr\u0131 d\u00fc\u015fm\u00fc\u015f adam v\u0259 eskalator &#8221;zirv\u0259si&#8221;\"}]},{\"@type\":\"WebSite\",\"@id\":\"https:\\\/\\\/www.meydan.tv\\\/az\\\/#website\",\"url\":\"https:\\\/\\\/www.meydan.tv\\\/az\\\/\",\"name\":\"MEYDAN.TV\",\"description\":\"Meydan TV Az\u0259rbaycan\u0131n media m\u0259kan\u0131ndak\u0131 alternativ s\u0259sidir\",\"publisher\":{\"@id\":\"https:\\\/\\\/www.meydan.tv\\\/az\\\/#organization\"},\"potentialAction\":[{\"@type\":\"SearchAction\",\"target\":{\"@type\":\"EntryPoint\",\"urlTemplate\":\"https:\\\/\\\/www.meydan.tv\\\/az\\\/?s={search_term_string}\"},\"query-input\":{\"@type\":\"PropertyValueSpecification\",\"valueRequired\":true,\"valueName\":\"search_term_string\"}}],\"inLanguage\":\"az\"},{\"@type\":\"Organization\",\"@id\":\"https:\\\/\\\/www.meydan.tv\\\/az\\\/#organization\",\"name\":\"Meydan TV\",\"url\":\"https:\\\/\\\/www.meydan.tv\\\/az\\\/\",\"logo\":{\"@type\":\"ImageObject\",\"inLanguage\":\"az\",\"@id\":\"https:\\\/\\\/www.meydan.tv\\\/az\\\/#\\\/schema\\\/logo\\\/image\\\/\",\"url\":\"https:\\\/\\\/www.meydan.tv\\\/wp-content\\\/uploads\\\/2021\\\/07\\\/meydan-logo.svg\",\"contentUrl\":\"https:\\\/\\\/www.meydan.tv\\\/wp-content\\\/uploads\\\/2021\\\/07\\\/meydan-logo.svg\",\"width\":195,\"height\":46,\"caption\":\"Meydan TV\"},\"image\":{\"@id\":\"https:\\\/\\\/www.meydan.tv\\\/az\\\/#\\\/schema\\\/logo\\\/image\\\/\"}},{\"@type\":\"Person\",\"@id\":\"https:\\\/\\\/www.meydan.tv\\\/az\\\/#\\\/schema\\\/person\\\/10d11eccf6da3662cf5fdab9806ea91a\",\"name\":\"user-manager\"}]}<\/script>\n<!-- \/ Yoast SEO plugin. -->","yoast_head_json":{"title":"K\u00fctl\u0259d\u0259n ayr\u0131 d\u00fc\u015fm\u00fc\u015f adam v\u0259 eskalator ''zirv\u0259si'' - MEYDAN.TV","robots":{"index":"index","follow":"follow","max-snippet":"max-snippet:-1","max-image-preview":"max-image-preview:large","max-video-preview":"max-video-preview:-1"},"canonical":"https:\/\/www.meydan.tv\/az\/article\/kutleden-ayri-dusmus-adam-ve-eskalator-zirvesi\/","og_locale":"az_AZ","og_type":"article","og_title":"K\u00fctl\u0259d\u0259n ayr\u0131 d\u00fc\u015fm\u00fc\u015f adam v\u0259 eskalator ''zirv\u0259si'' - MEYDAN.TV","og_description":"K\u00f6hn\u0259 dostum F\u0259rid\u0259 eskalator \u015f\u0259kli g\u00f6nd\u0259rm\u0259s\u0259ydi g\u00fcnd\u0259lik, adi bir \u0259hvalat\u0131 buralara q\u0259d\u0259r da\u015f\u0131mazd\u0131m","og_url":"https:\/\/www.meydan.tv\/az\/article\/kutleden-ayri-dusmus-adam-ve-eskalator-zirvesi\/","og_site_name":"MEYDAN.TV","article_published_time":"2018-01-25T13:26:48+00:00","og_image":[{"width":670,"height":443,"url":"https:\/\/www.meydan.tv\/wp-content\/uploads\/38977.jpg","type":"image\/jpeg"}],"author":"user-manager","twitter_card":"summary_large_image","schema":{"@context":"https:\/\/schema.org","@graph":[{"@type":"Article","@id":"https:\/\/www.meydan.tv\/az\/article\/kutleden-ayri-dusmus-adam-ve-eskalator-zirvesi\/#article","isPartOf":{"@id":"https:\/\/www.meydan.tv\/az\/article\/kutleden-ayri-dusmus-adam-ve-eskalator-zirvesi\/"},"author":{"name":"user-manager","@id":"https:\/\/www.meydan.tv\/az\/#\/schema\/person\/10d11eccf6da3662cf5fdab9806ea91a"},"headline":"K\u00fctl\u0259d\u0259n ayr\u0131 d\u00fc\u015fm\u00fc\u015f adam v\u0259 eskalator &#8221;zirv\u0259si&#8221;","datePublished":"2018-01-25T13:26:48+00:00","mainEntityOfPage":{"@id":"https:\/\/www.meydan.tv\/az\/article\/kutleden-ayri-dusmus-adam-ve-eskalator-zirvesi\/"},"wordCount":902,"publisher":{"@id":"https:\/\/www.meydan.tv\/az\/#organization"},"image":{"@id":"https:\/\/www.meydan.tv\/az\/article\/kutleden-ayri-dusmus-adam-ve-eskalator-zirvesi\/#primaryimage"},"thumbnailUrl":"https:\/\/www.meydan.tv\/wp-content\/uploads\/38977.jpg","articleSection":["M\u0259nim Fikrimc\u0259"],"inLanguage":"az"},{"@type":"WebPage","@id":"https:\/\/www.meydan.tv\/az\/article\/kutleden-ayri-dusmus-adam-ve-eskalator-zirvesi\/","url":"https:\/\/www.meydan.tv\/az\/article\/kutleden-ayri-dusmus-adam-ve-eskalator-zirvesi\/","name":"K\u00fctl\u0259d\u0259n ayr\u0131 d\u00fc\u015fm\u00fc\u015f adam v\u0259 eskalator ''zirv\u0259si'' - MEYDAN.TV","isPartOf":{"@id":"https:\/\/www.meydan.tv\/az\/#website"},"primaryImageOfPage":{"@id":"https:\/\/www.meydan.tv\/az\/article\/kutleden-ayri-dusmus-adam-ve-eskalator-zirvesi\/#primaryimage"},"image":{"@id":"https:\/\/www.meydan.tv\/az\/article\/kutleden-ayri-dusmus-adam-ve-eskalator-zirvesi\/#primaryimage"},"thumbnailUrl":"https:\/\/www.meydan.tv\/wp-content\/uploads\/38977.jpg","datePublished":"2018-01-25T13:26:48+00:00","breadcrumb":{"@id":"https:\/\/www.meydan.tv\/az\/article\/kutleden-ayri-dusmus-adam-ve-eskalator-zirvesi\/#breadcrumb"},"inLanguage":"az","potentialAction":[{"@type":"ReadAction","target":["https:\/\/www.meydan.tv\/az\/article\/kutleden-ayri-dusmus-adam-ve-eskalator-zirvesi\/"]}]},{"@type":"ImageObject","inLanguage":"az","@id":"https:\/\/www.meydan.tv\/az\/article\/kutleden-ayri-dusmus-adam-ve-eskalator-zirvesi\/#primaryimage","url":"https:\/\/www.meydan.tv\/wp-content\/uploads\/38977.jpg","contentUrl":"https:\/\/www.meydan.tv\/wp-content\/uploads\/38977.jpg","width":670,"height":443,"caption":"Source:"},{"@type":"BreadcrumbList","@id":"https:\/\/www.meydan.tv\/az\/article\/kutleden-ayri-dusmus-adam-ve-eskalator-zirvesi\/#breadcrumb","itemListElement":[{"@type":"ListItem","position":1,"name":"Ana s\u0259hif\u0259","item":"https:\/\/www.meydan.tv\/az\/"},{"@type":"ListItem","position":2,"name":"M\u0259nim Fikrimc\u0259","item":"https:\/\/www.meydan.tv\/az\/section\/menim-fikrimce\/"},{"@type":"ListItem","position":3,"name":"K\u00fctl\u0259d\u0259n ayr\u0131 d\u00fc\u015fm\u00fc\u015f adam v\u0259 eskalator &#8221;zirv\u0259si&#8221;"}]},{"@type":"WebSite","@id":"https:\/\/www.meydan.tv\/az\/#website","url":"https:\/\/www.meydan.tv\/az\/","name":"MEYDAN.TV","description":"Meydan TV Az\u0259rbaycan\u0131n media m\u0259kan\u0131ndak\u0131 alternativ s\u0259sidir","publisher":{"@id":"https:\/\/www.meydan.tv\/az\/#organization"},"potentialAction":[{"@type":"SearchAction","target":{"@type":"EntryPoint","urlTemplate":"https:\/\/www.meydan.tv\/az\/?s={search_term_string}"},"query-input":{"@type":"PropertyValueSpecification","valueRequired":true,"valueName":"search_term_string"}}],"inLanguage":"az"},{"@type":"Organization","@id":"https:\/\/www.meydan.tv\/az\/#organization","name":"Meydan TV","url":"https:\/\/www.meydan.tv\/az\/","logo":{"@type":"ImageObject","inLanguage":"az","@id":"https:\/\/www.meydan.tv\/az\/#\/schema\/logo\/image\/","url":"https:\/\/www.meydan.tv\/wp-content\/uploads\/2021\/07\/meydan-logo.svg","contentUrl":"https:\/\/www.meydan.tv\/wp-content\/uploads\/2021\/07\/meydan-logo.svg","width":195,"height":46,"caption":"Meydan TV"},"image":{"@id":"https:\/\/www.meydan.tv\/az\/#\/schema\/logo\/image\/"}},{"@type":"Person","@id":"https:\/\/www.meydan.tv\/az\/#\/schema\/person\/10d11eccf6da3662cf5fdab9806ea91a","name":"user-manager"}]}},"_links":{"self":[{"href":"https:\/\/www.meydan.tv\/az\/wp-json\/wp\/v2\/posts\/188354","targetHints":{"allow":["GET"]}}],"collection":[{"href":"https:\/\/www.meydan.tv\/az\/wp-json\/wp\/v2\/posts"}],"about":[{"href":"https:\/\/www.meydan.tv\/az\/wp-json\/wp\/v2\/types\/post"}],"author":[{"embeddable":true,"href":"https:\/\/www.meydan.tv\/az\/wp-json\/wp\/v2\/users\/11"}],"replies":[{"embeddable":true,"href":"https:\/\/www.meydan.tv\/az\/wp-json\/wp\/v2\/comments?post=188354"}],"version-history":[{"count":0,"href":"https:\/\/www.meydan.tv\/az\/wp-json\/wp\/v2\/posts\/188354\/revisions"}],"wp:featuredmedia":[{"embeddable":true,"href":"https:\/\/www.meydan.tv\/az\/wp-json\/wp\/v2\/media\/98557"}],"wp:attachment":[{"href":"https:\/\/www.meydan.tv\/az\/wp-json\/wp\/v2\/media?parent=188354"}],"wp:term":[{"taxonomy":"category","embeddable":true,"href":"https:\/\/www.meydan.tv\/az\/wp-json\/wp\/v2\/categories?post=188354"},{"taxonomy":"post_tag","embeddable":true,"href":"https:\/\/www.meydan.tv\/az\/wp-json\/wp\/v2\/tags?post=188354"}],"curies":[{"name":"wp","href":"https:\/\/api.w.org\/{rel}","templated":true}]}}