{"id":188344,"date":"2018-01-24T18:43:00","date_gmt":"2018-01-24T18:43:00","guid":{"rendered":"https:\/\/www.meydan.tv\/article\/azerbaycanli-model-herbci-cazibedar-qadin-yazici-ve-doyuscu\/"},"modified":"2018-01-24T18:43:00","modified_gmt":"2018-01-24T18:43:00","slug":"azerbaycanli-model-herbci-cazibedar-qadin-yazici-ve-doyuscu","status":"publish","type":"post","link":"https:\/\/www.meydan.tv\/az\/article\/azerbaycanli-model-herbci-cazibedar-qadin-yazici-ve-doyuscu\/","title":{"rendered":"Az\u0259rbaycanl\u0131 model h\u0259rb\u00e7i: Cazib\u0259dar qad\u0131n, yaz\u0131\u00e7\u0131 v\u0259 d\u00f6y\u00fc\u015f\u00e7\u00fc"},"content":{"rendered":"<p>\n  <i><br \/>\n    G\u00f6z\u0259llik m\u00fcsabiq\u0259sinin qalibi Tehran\u0259 B\u0259hruzi indi \u00f6z r\u0259hb\u0259ri, m\u00fcdafi\u0259 naziri Zakir H\u0259s\u0259nova m\u0259dhiyy\u0259<br \/>\n    <a href=\"https:\/\/eurasianet.org\/s\/azerbaijans-model-soldier-pinup-writer-and-fighter\" target=\"_blank\" rel=\"noopener\"><br \/>\n      yaz\u0131b<br \/>\n    <\/a><br \/>\n  <\/i>\n<\/p>\n<p>\n  Az\u0259rbaycan\u0131n m\u00fcdafi\u0259 naziri haqq\u0131nda yazd\u0131\u011f\u0131 &#8220;Zakir H\u0259s\u0259nov: \u0130deal nazir&#8221; adl\u0131 yeni kitab\u0131n\u0131n t\u0259qdimat\u0131nda.\n<\/p>\n<p>\n  H\u0259rb\u00e7inin g\u00f6z\u0259llik m\u00fcsabiq\u0259l\u0259rind\u0259 i\u015ftirak\u0131, el\u0259c\u0259 d\u0259 riskli fotosessiyalar etdirm\u0259si, x\u00fcsusil\u0259 d\u0259 m\u00fcs\u0259lman \u00f6lk\u0259sind\u0259 h\u0259r g\u00fcn rast g\u0259ldiyimiz hadis\u0259 deyil. Ancaq Az\u0259rbaycan ordusunun X\u00fcsusi T\u0259yinatl\u0131 D\u0259st\u0259sind\u0259 xidm\u0259t ed\u0259n Tehran\u0259 B\u0259hruzi bunu \u00f6z kariyeras\u0131na \u00e7evirib. \u0130ndi o, Az\u0259rbaycan ordusunda f\u0259aliyy\u0259t g\u00f6st\u0259r\u0259n bir qad\u0131n kimi \u00f6z kariyeras\u0131 haqq\u0131nda kitab da yaz\u0131b.\n<\/p>\n<p>\n  Tehran\u0259 B\u0259hruzi h\u0259m m\u00fcharib\u0259, h\u0259m d\u0259 g\u00f6z\u0259llik c\u0259bh\u0259l\u0259rind\u0259 u\u011fur \u0259ld\u0259 ed\u0259r\u0259k median\u0131n g\u00fcnd\u0259min\u0259 \u00e7evrilib. O, a\u011f\u0131r atletika y\u0131\u011fma komandas\u0131n\u0131n t\u0259rkibind\u0259 h\u0259m kamuflyajl\u0131, h\u0259m d\u0259 \u0259n\u0259n\u0259vi qad\u0131n geyiml\u0259ri il\u0259 idman ed\u0259rk\u0259n fotosessiya etdirib. 2015 ci ild\u0259 is\u0259 \u201cII Vice Mrs. Top of the World &#8211; 2015\u201d (D\u00fcnyan\u0131n ikinci top modeli Mrs 2015) titulunun sahibi olub. Yar\u0131\u015fman\u0131n qabiliyy\u0259t b\u00f6l\u00fcm\u00fcnd\u0259 d\u00f6y\u00fc\u015f s\u0259n\u0259tl\u0259ri \u00fczr\u0259 \u00f6z qabiliyy\u0259tini n\u00fcmayi\u015f etdirib.\n<\/p>\n<p>\n  Son zamanlarda is\u0259 B\u0259hruzi \u201cZakir H\u0259s\u0259nov: \u0130deal nazir\u201d adl\u0131 n\u0259sr \u0259s\u0259ri il\u0259 diqq\u0259tl\u0259ri \u00f6z \u00fcz\u0259rin\u0259 c\u0259lb ed\u0259 bilib.\n<\/p>\n<p>\n  M\u00fc\u0259llif kitab\u0131n bir cildind\u0259 h\u0259rbid\u0259 ke\u00e7diyi yoldan b\u0259hs edir v\u0259 militarizm\u0259 v\u0259 avtoritar rejim\u0259 m\u0259\u011flub olan \u00f6lk\u0259nin m\u00fcdafi\u0259 nazirini m\u0259dh edir.\n<\/p>\n<p>\n  &#8220;H\u0259r bir insan ona yol g\u00f6st\u0259r\u0259n parlaq ulduzu haqq\u0131nda fikirl\u0259\u015fir. M\u0259nim fikrimc\u0259, bu i\u015f\u0131q Zakir H\u0259s\u0259novdur\u201d &#8211; B\u0259hruzi \u201cSputnik\u201d\u0259 a\u00e7\u0131qlamas\u0131nda bel\u0259 deyib.\n<\/p>\n<p>\n  &#8220;O, Az\u0259rbaycan ordusunun t\u0259rkibind\u0259 qad\u0131nlar\u0131n x\u00fcsusi d\u0259st\u0259sini yaradan \u015f\u0259xsdir v\u0259 indi h\u0259rbi xidm\u0259t xaricind\u0259 \u00f6z\u00fcm\u00fc he\u00e7 bir sah\u0259d\u0259 x\u0259yal ed\u0259 bilmir\u0259m&#8221;.\n<\/p>\n<p>\n  B\u0259hruzinin s\u00f6zl\u0259rin\u0259 g\u00f6r\u0259, onun kitab\u0131nda gender rollar\u0131 il\u0259 ba\u011fl\u0131 m\u00fchafiz\u0259kar fikirl\u0259rin aradan qald\u0131r\u0131lmas\u0131na qar\u015f\u0131 \u00e7\u0131xan bir \u00f6lk\u0259d\u0259 v\u0259 regionda qad\u0131nlar\u0131n orduda xidm\u0259t g\u00f6st\u0259rm\u0259sinin nec\u0259 bir t\u0259cr\u00fcb\u0259 olmas\u0131 bar\u0259d\u0259 maraql\u0131 m\u0259qamlar var.\n<\/p>\n<p>\n  Ancaq nazirin ad g\u00fcn\u00fc h\u0259diyy\u0259si kimi t\u0259qdim olunan kitabda H\u0259s\u0259novun zaman\u0131nda ordudak\u0131 sui-istifad\u0259l\u0259r haqq\u0131nda qeydl\u0259rin olmas\u0131n\u0131 g\u00f6zl\u0259m\u0259yin.\n<\/p>\n<p>\n  Ordudak\u0131 z\u00fclm v\u0259 ruh d\u00fc\u015fk\u00fcnl\u00fcy\u00fc Az\u0259rbaycanla birg\u0259 onun d\u00fc\u015fm\u0259ni erm\u0259nil\u0259ri d\u0259 hirsl\u0259ndirir. H\u0259r iki \u00f6lk\u0259d\u0259ki \u00f6l\u00fcml\u0259rin \u00e7oxu xroniki at\u0131\u015fmalar\u0131n n\u0259tic\u0259sind\u0259 ba\u015f verir, amma Erm\u0259nistan v\u0259 Az\u0259rbaycan qeyri-d\u00f6y\u00fc\u015f \u015f\u0259raitind\u0259 ba\u015f vermi\u015f \u00f6l\u00fcml\u0259r kimi ortaq bir problemi d\u0259 b\u00f6l\u00fc\u015f\u00fcr.\n<\/p>\n<p>\n  B\u0259hruzinin kitab\u0131nda H\u0259s\u0259novun \u0259sg\u0259rl\u0259ri \u00f6lk\u0259l\u0259rin\u0259 sadiq qalmas\u0131 \u00fc\u00e7\u00fcn ruhland\u0131rmas\u0131 \u0259v\u0259zin\u0259, h\u0259ssas bir &#8220;v\u0259t\u0259np\u0259rv\u0259r q\u0131z&#8221;dan v\u0259 H\u0259s\u0259novun qad\u0131nlar\u0131 h\u0259rbi xidm\u0259t\u0259 c\u0259lb etm\u0259si c\u0259hdl\u0259rind\u0259n b\u0259hs edir.\n<\/p>\n<p>\n  Az\u0259rbaycan h\u0259qiq\u0259t\u0259n orduda qad\u0131nlar\u0131n i\u015ftirak\u0131n\u0131 art\u0131rma\u011fa \u00e7al\u0131\u015f\u0131r.\n<\/p>\n<p>\n  Az\u0259rbaycan II D\u00fcnya M\u00fcharib\u0259sind\u0259 i\u015ftirak ed\u0259n snayper\u00e7i qad\u0131n Ziba Q\u0259niyeva da daxil olmaqla, Sovet d\u00f6vr\u00fcnd\u0259 h\u0259rbid\u0259 xidm\u0259t ed\u0259n qad\u0131nlar il\u0259 f\u0259xr edir. \u0130ndi bir x\u0259b\u0259rd\u0259 d\u0259 t\u0259qdim olundu\u011fu kimi Az\u0259rbaycan &#8220;k\u00f6vr\u0259k, amma qorxmaz&#8221; qad\u0131n snayper\u00e7il\u0259r d\u0259st\u0259sin\u0259 malikdir.\n<\/p>\n<p>\n  Daha \u00e7ox qad\u0131n\u0131n h\u0259rbiy\u0259 qo\u015fulmas\u0131 Az\u0259rbaycan v\u0259 Erm\u0259nistan c\u0259miyy\u0259tind\u0259 qad\u0131nlar \u00fc\u00e7\u00fcn yeni obrazlar yarad\u0131r. Lakin qad\u0131nlar \u0259razi m\u00fcbahis\u0259l\u0259rin\u0259 kilidl\u0259nmi\u015f iki mill\u0259t aras\u0131nda militarizm\u0259 v\u0259 \u015fovizm\u0259 daha \u00e7ox c\u0259lb olunurlar.\n<\/p>\n<p>\n  H\u00f6kum\u0259tin y\u00fcr\u00fctd\u00fcy\u00fc h\u0259r hans\u0131 bir siyas\u0259t bar\u0259d\u0259 soru\u015fulan suallar\u0131n Az\u0259rbaycan t\u0259r\u0259find\u0259n qar\u015f\u0131s\u0131 al\u0131nd\u0131\u011f\u0131 bir d\u00f6vrd\u0259 B\u0259hruzinin Az\u0259rbaycan ordusu v\u0259 ordunun ba\u015f\u00e7\u0131s\u0131 haqq\u0131ndak\u0131 \u00e7oxcildli t\u0259rifl\u0259rini s\u0259rb\u0259st \u015f\u0259kild\u0259 tapmaq m\u00fcmk\u00fcnd\u00fcr. Kitab \u015f\u00fcbh\u0259siz ki, hakimiyy\u0259t\u0259 sadiqliyi t\u0259\u015fviq edir. B\u0259hruzi harda olursa olsun H\u0259s\u0259novun sadiq h\u0259rb\u00e7isi olma\u011fa davam ed\u0259c\u0259yini bildirir.\n<\/p>\n<p>\n  Ancaq b\u0259lk\u0259 d\u0259, o, daha s\u00fclhp\u0259r\u0259st bir tendensiya \u00fc\u00e7\u00fcn ilham ola bil\u0259r. Y\u0259qin ki, bu m\u00fcnaqi\u015f\u0259 regionunda olan h\u0259r k\u0259s, qad\u0131nlar v\u0259 ki\u015fil\u0259r onun kitab\u0131ndan bir s\u0259hif\u0259 oxuyub daha az m\u00fcharib\u0259y\u0259, daha \u00e7ox modelliy\u0259 meyl ed\u0259r.<\/p>\n","protected":false},"excerpt":{"rendered":"<p>G\u00f6z\u0259llik m\u00fcsabiq\u0259sinin qalibi Tehran\u0259 B\u0259hruzi indi \u00f6z r\u0259hb\u0259ri, m\u00fcdafi\u0259 naziri Zakir H\u0259s\u0259nova m\u0259dhiyy\u0259 yaz\u0131b<\/p>\n","protected":false},"author":11,"featured_media":98531,"comment_status":"closed","ping_status":"open","sticky":false,"template":"","format":"standard","meta":{"_acf_changed":false,"_sitemap_exclude":false,"_sitemap_priority":"","_sitemap_frequency":"","footnotes":""},"categories":[57],"tags":[],"class_list":["post-188344","post","type-post","status-publish","format-standard","has-post-thumbnail","hentry","category-menim-fikrimce","infinite-scroll-item","generate-columns","tablet-grid-50","mobile-grid-100","grid-parent","grid-33","no-featured-image-padding"],"acf":[],"yoast_head":"<!-- This site is optimized with the Yoast SEO plugin v27.5 - https:\/\/yoast.com\/product\/yoast-seo-wordpress\/ -->\n<title>Az\u0259rbaycanl\u0131 model h\u0259rb\u00e7i: Cazib\u0259dar qad\u0131n, yaz\u0131\u00e7\u0131 v\u0259 d\u00f6y\u00fc\u015f\u00e7\u00fc - MEYDAN.TV<\/title>\n<meta name=\"robots\" content=\"index, follow, max-snippet:-1, max-image-preview:large, max-video-preview:-1\" \/>\n<link rel=\"canonical\" href=\"https:\/\/www.meydan.tv\/az\/article\/azerbaycanli-model-herbci-cazibedar-qadin-yazici-ve-doyuscu\/\" \/>\n<meta property=\"og:locale\" content=\"az_AZ\" \/>\n<meta property=\"og:type\" content=\"article\" \/>\n<meta property=\"og:title\" content=\"Az\u0259rbaycanl\u0131 model h\u0259rb\u00e7i: Cazib\u0259dar qad\u0131n, yaz\u0131\u00e7\u0131 v\u0259 d\u00f6y\u00fc\u015f\u00e7\u00fc - MEYDAN.TV\" \/>\n<meta property=\"og:description\" content=\"G\u00f6z\u0259llik m\u00fcsabiq\u0259sinin qalibi Tehran\u0259 B\u0259hruzi indi \u00f6z r\u0259hb\u0259ri, m\u00fcdafi\u0259 naziri Zakir H\u0259s\u0259nova m\u0259dhiyy\u0259 yaz\u0131b\" \/>\n<meta property=\"og:url\" content=\"https:\/\/www.meydan.tv\/az\/article\/azerbaycanli-model-herbci-cazibedar-qadin-yazici-ve-doyuscu\/\" \/>\n<meta property=\"og:site_name\" content=\"MEYDAN.TV\" \/>\n<meta property=\"article:published_time\" content=\"2018-01-24T18:43:00+00:00\" \/>\n<meta property=\"og:image\" content=\"https:\/\/www.meydan.tv\/wp-content\/uploads\/38968.jpg\" \/>\n\t<meta property=\"og:image:width\" content=\"1200\" \/>\n\t<meta property=\"og:image:height\" content=\"800\" \/>\n\t<meta property=\"og:image:type\" content=\"image\/jpeg\" \/>\n<meta name=\"author\" content=\"user-manager\" \/>\n<meta name=\"twitter:card\" content=\"summary_large_image\" \/>\n<script type=\"application\/ld+json\" class=\"yoast-schema-graph\">{\"@context\":\"https:\\\/\\\/schema.org\",\"@graph\":[{\"@type\":\"Article\",\"@id\":\"https:\\\/\\\/www.meydan.tv\\\/az\\\/article\\\/azerbaycanli-model-herbci-cazibedar-qadin-yazici-ve-doyuscu\\\/#article\",\"isPartOf\":{\"@id\":\"https:\\\/\\\/www.meydan.tv\\\/az\\\/article\\\/azerbaycanli-model-herbci-cazibedar-qadin-yazici-ve-doyuscu\\\/\"},\"author\":{\"name\":\"user-manager\",\"@id\":\"https:\\\/\\\/www.meydan.tv\\\/az\\\/#\\\/schema\\\/person\\\/10d11eccf6da3662cf5fdab9806ea91a\"},\"headline\":\"Az\u0259rbaycanl\u0131 model h\u0259rb\u00e7i: Cazib\u0259dar qad\u0131n, yaz\u0131\u00e7\u0131 v\u0259 d\u00f6y\u00fc\u015f\u00e7\u00fc\",\"datePublished\":\"2018-01-24T18:43:00+00:00\",\"mainEntityOfPage\":{\"@id\":\"https:\\\/\\\/www.meydan.tv\\\/az\\\/article\\\/azerbaycanli-model-herbci-cazibedar-qadin-yazici-ve-doyuscu\\\/\"},\"wordCount\":844,\"publisher\":{\"@id\":\"https:\\\/\\\/www.meydan.tv\\\/az\\\/#organization\"},\"image\":{\"@id\":\"https:\\\/\\\/www.meydan.tv\\\/az\\\/article\\\/azerbaycanli-model-herbci-cazibedar-qadin-yazici-ve-doyuscu\\\/#primaryimage\"},\"thumbnailUrl\":\"https:\\\/\\\/www.meydan.tv\\\/wp-content\\\/uploads\\\/38968.jpg\",\"articleSection\":[\"M\u0259nim Fikrimc\u0259\"],\"inLanguage\":\"az\"},{\"@type\":\"WebPage\",\"@id\":\"https:\\\/\\\/www.meydan.tv\\\/az\\\/article\\\/azerbaycanli-model-herbci-cazibedar-qadin-yazici-ve-doyuscu\\\/\",\"url\":\"https:\\\/\\\/www.meydan.tv\\\/az\\\/article\\\/azerbaycanli-model-herbci-cazibedar-qadin-yazici-ve-doyuscu\\\/\",\"name\":\"Az\u0259rbaycanl\u0131 model h\u0259rb\u00e7i: Cazib\u0259dar qad\u0131n, yaz\u0131\u00e7\u0131 v\u0259 d\u00f6y\u00fc\u015f\u00e7\u00fc - MEYDAN.TV\",\"isPartOf\":{\"@id\":\"https:\\\/\\\/www.meydan.tv\\\/az\\\/#website\"},\"primaryImageOfPage\":{\"@id\":\"https:\\\/\\\/www.meydan.tv\\\/az\\\/article\\\/azerbaycanli-model-herbci-cazibedar-qadin-yazici-ve-doyuscu\\\/#primaryimage\"},\"image\":{\"@id\":\"https:\\\/\\\/www.meydan.tv\\\/az\\\/article\\\/azerbaycanli-model-herbci-cazibedar-qadin-yazici-ve-doyuscu\\\/#primaryimage\"},\"thumbnailUrl\":\"https:\\\/\\\/www.meydan.tv\\\/wp-content\\\/uploads\\\/38968.jpg\",\"datePublished\":\"2018-01-24T18:43:00+00:00\",\"breadcrumb\":{\"@id\":\"https:\\\/\\\/www.meydan.tv\\\/az\\\/article\\\/azerbaycanli-model-herbci-cazibedar-qadin-yazici-ve-doyuscu\\\/#breadcrumb\"},\"inLanguage\":\"az\",\"potentialAction\":[{\"@type\":\"ReadAction\",\"target\":[\"https:\\\/\\\/www.meydan.tv\\\/az\\\/article\\\/azerbaycanli-model-herbci-cazibedar-qadin-yazici-ve-doyuscu\\\/\"]}]},{\"@type\":\"ImageObject\",\"inLanguage\":\"az\",\"@id\":\"https:\\\/\\\/www.meydan.tv\\\/az\\\/article\\\/azerbaycanli-model-herbci-cazibedar-qadin-yazici-ve-doyuscu\\\/#primaryimage\",\"url\":\"https:\\\/\\\/www.meydan.tv\\\/wp-content\\\/uploads\\\/38968.jpg\",\"contentUrl\":\"https:\\\/\\\/www.meydan.tv\\\/wp-content\\\/uploads\\\/38968.jpg\",\"width\":1200,\"height\":800,\"caption\":\"Source:\"},{\"@type\":\"BreadcrumbList\",\"@id\":\"https:\\\/\\\/www.meydan.tv\\\/az\\\/article\\\/azerbaycanli-model-herbci-cazibedar-qadin-yazici-ve-doyuscu\\\/#breadcrumb\",\"itemListElement\":[{\"@type\":\"ListItem\",\"position\":1,\"name\":\"Ana s\u0259hif\u0259\",\"item\":\"https:\\\/\\\/www.meydan.tv\\\/az\\\/\"},{\"@type\":\"ListItem\",\"position\":2,\"name\":\"M\u0259nim Fikrimc\u0259\",\"item\":\"https:\\\/\\\/www.meydan.tv\\\/az\\\/section\\\/menim-fikrimce\\\/\"},{\"@type\":\"ListItem\",\"position\":3,\"name\":\"Az\u0259rbaycanl\u0131 model h\u0259rb\u00e7i: Cazib\u0259dar qad\u0131n, yaz\u0131\u00e7\u0131 v\u0259 d\u00f6y\u00fc\u015f\u00e7\u00fc\"}]},{\"@type\":\"WebSite\",\"@id\":\"https:\\\/\\\/www.meydan.tv\\\/az\\\/#website\",\"url\":\"https:\\\/\\\/www.meydan.tv\\\/az\\\/\",\"name\":\"MEYDAN.TV\",\"description\":\"Meydan TV Az\u0259rbaycan\u0131n media m\u0259kan\u0131ndak\u0131 alternativ s\u0259sidir\",\"publisher\":{\"@id\":\"https:\\\/\\\/www.meydan.tv\\\/az\\\/#organization\"},\"potentialAction\":[{\"@type\":\"SearchAction\",\"target\":{\"@type\":\"EntryPoint\",\"urlTemplate\":\"https:\\\/\\\/www.meydan.tv\\\/az\\\/?s={search_term_string}\"},\"query-input\":{\"@type\":\"PropertyValueSpecification\",\"valueRequired\":true,\"valueName\":\"search_term_string\"}}],\"inLanguage\":\"az\"},{\"@type\":\"Organization\",\"@id\":\"https:\\\/\\\/www.meydan.tv\\\/az\\\/#organization\",\"name\":\"Meydan TV\",\"url\":\"https:\\\/\\\/www.meydan.tv\\\/az\\\/\",\"logo\":{\"@type\":\"ImageObject\",\"inLanguage\":\"az\",\"@id\":\"https:\\\/\\\/www.meydan.tv\\\/az\\\/#\\\/schema\\\/logo\\\/image\\\/\",\"url\":\"https:\\\/\\\/www.meydan.tv\\\/wp-content\\\/uploads\\\/2021\\\/07\\\/meydan-logo.svg\",\"contentUrl\":\"https:\\\/\\\/www.meydan.tv\\\/wp-content\\\/uploads\\\/2021\\\/07\\\/meydan-logo.svg\",\"width\":195,\"height\":46,\"caption\":\"Meydan TV\"},\"image\":{\"@id\":\"https:\\\/\\\/www.meydan.tv\\\/az\\\/#\\\/schema\\\/logo\\\/image\\\/\"}},{\"@type\":\"Person\",\"@id\":\"https:\\\/\\\/www.meydan.tv\\\/az\\\/#\\\/schema\\\/person\\\/10d11eccf6da3662cf5fdab9806ea91a\",\"name\":\"user-manager\"}]}<\/script>\n<!-- \/ Yoast SEO plugin. -->","yoast_head_json":{"title":"Az\u0259rbaycanl\u0131 model h\u0259rb\u00e7i: Cazib\u0259dar qad\u0131n, yaz\u0131\u00e7\u0131 v\u0259 d\u00f6y\u00fc\u015f\u00e7\u00fc - MEYDAN.TV","robots":{"index":"index","follow":"follow","max-snippet":"max-snippet:-1","max-image-preview":"max-image-preview:large","max-video-preview":"max-video-preview:-1"},"canonical":"https:\/\/www.meydan.tv\/az\/article\/azerbaycanli-model-herbci-cazibedar-qadin-yazici-ve-doyuscu\/","og_locale":"az_AZ","og_type":"article","og_title":"Az\u0259rbaycanl\u0131 model h\u0259rb\u00e7i: Cazib\u0259dar qad\u0131n, yaz\u0131\u00e7\u0131 v\u0259 d\u00f6y\u00fc\u015f\u00e7\u00fc - MEYDAN.TV","og_description":"G\u00f6z\u0259llik m\u00fcsabiq\u0259sinin qalibi Tehran\u0259 B\u0259hruzi indi \u00f6z r\u0259hb\u0259ri, m\u00fcdafi\u0259 naziri Zakir H\u0259s\u0259nova m\u0259dhiyy\u0259 yaz\u0131b","og_url":"https:\/\/www.meydan.tv\/az\/article\/azerbaycanli-model-herbci-cazibedar-qadin-yazici-ve-doyuscu\/","og_site_name":"MEYDAN.TV","article_published_time":"2018-01-24T18:43:00+00:00","og_image":[{"width":1200,"height":800,"url":"https:\/\/www.meydan.tv\/wp-content\/uploads\/38968.jpg","type":"image\/jpeg"}],"author":"user-manager","twitter_card":"summary_large_image","schema":{"@context":"https:\/\/schema.org","@graph":[{"@type":"Article","@id":"https:\/\/www.meydan.tv\/az\/article\/azerbaycanli-model-herbci-cazibedar-qadin-yazici-ve-doyuscu\/#article","isPartOf":{"@id":"https:\/\/www.meydan.tv\/az\/article\/azerbaycanli-model-herbci-cazibedar-qadin-yazici-ve-doyuscu\/"},"author":{"name":"user-manager","@id":"https:\/\/www.meydan.tv\/az\/#\/schema\/person\/10d11eccf6da3662cf5fdab9806ea91a"},"headline":"Az\u0259rbaycanl\u0131 model h\u0259rb\u00e7i: Cazib\u0259dar qad\u0131n, yaz\u0131\u00e7\u0131 v\u0259 d\u00f6y\u00fc\u015f\u00e7\u00fc","datePublished":"2018-01-24T18:43:00+00:00","mainEntityOfPage":{"@id":"https:\/\/www.meydan.tv\/az\/article\/azerbaycanli-model-herbci-cazibedar-qadin-yazici-ve-doyuscu\/"},"wordCount":844,"publisher":{"@id":"https:\/\/www.meydan.tv\/az\/#organization"},"image":{"@id":"https:\/\/www.meydan.tv\/az\/article\/azerbaycanli-model-herbci-cazibedar-qadin-yazici-ve-doyuscu\/#primaryimage"},"thumbnailUrl":"https:\/\/www.meydan.tv\/wp-content\/uploads\/38968.jpg","articleSection":["M\u0259nim Fikrimc\u0259"],"inLanguage":"az"},{"@type":"WebPage","@id":"https:\/\/www.meydan.tv\/az\/article\/azerbaycanli-model-herbci-cazibedar-qadin-yazici-ve-doyuscu\/","url":"https:\/\/www.meydan.tv\/az\/article\/azerbaycanli-model-herbci-cazibedar-qadin-yazici-ve-doyuscu\/","name":"Az\u0259rbaycanl\u0131 model h\u0259rb\u00e7i: Cazib\u0259dar qad\u0131n, yaz\u0131\u00e7\u0131 v\u0259 d\u00f6y\u00fc\u015f\u00e7\u00fc - MEYDAN.TV","isPartOf":{"@id":"https:\/\/www.meydan.tv\/az\/#website"},"primaryImageOfPage":{"@id":"https:\/\/www.meydan.tv\/az\/article\/azerbaycanli-model-herbci-cazibedar-qadin-yazici-ve-doyuscu\/#primaryimage"},"image":{"@id":"https:\/\/www.meydan.tv\/az\/article\/azerbaycanli-model-herbci-cazibedar-qadin-yazici-ve-doyuscu\/#primaryimage"},"thumbnailUrl":"https:\/\/www.meydan.tv\/wp-content\/uploads\/38968.jpg","datePublished":"2018-01-24T18:43:00+00:00","breadcrumb":{"@id":"https:\/\/www.meydan.tv\/az\/article\/azerbaycanli-model-herbci-cazibedar-qadin-yazici-ve-doyuscu\/#breadcrumb"},"inLanguage":"az","potentialAction":[{"@type":"ReadAction","target":["https:\/\/www.meydan.tv\/az\/article\/azerbaycanli-model-herbci-cazibedar-qadin-yazici-ve-doyuscu\/"]}]},{"@type":"ImageObject","inLanguage":"az","@id":"https:\/\/www.meydan.tv\/az\/article\/azerbaycanli-model-herbci-cazibedar-qadin-yazici-ve-doyuscu\/#primaryimage","url":"https:\/\/www.meydan.tv\/wp-content\/uploads\/38968.jpg","contentUrl":"https:\/\/www.meydan.tv\/wp-content\/uploads\/38968.jpg","width":1200,"height":800,"caption":"Source:"},{"@type":"BreadcrumbList","@id":"https:\/\/www.meydan.tv\/az\/article\/azerbaycanli-model-herbci-cazibedar-qadin-yazici-ve-doyuscu\/#breadcrumb","itemListElement":[{"@type":"ListItem","position":1,"name":"Ana s\u0259hif\u0259","item":"https:\/\/www.meydan.tv\/az\/"},{"@type":"ListItem","position":2,"name":"M\u0259nim Fikrimc\u0259","item":"https:\/\/www.meydan.tv\/az\/section\/menim-fikrimce\/"},{"@type":"ListItem","position":3,"name":"Az\u0259rbaycanl\u0131 model h\u0259rb\u00e7i: Cazib\u0259dar qad\u0131n, yaz\u0131\u00e7\u0131 v\u0259 d\u00f6y\u00fc\u015f\u00e7\u00fc"}]},{"@type":"WebSite","@id":"https:\/\/www.meydan.tv\/az\/#website","url":"https:\/\/www.meydan.tv\/az\/","name":"MEYDAN.TV","description":"Meydan TV Az\u0259rbaycan\u0131n media m\u0259kan\u0131ndak\u0131 alternativ s\u0259sidir","publisher":{"@id":"https:\/\/www.meydan.tv\/az\/#organization"},"potentialAction":[{"@type":"SearchAction","target":{"@type":"EntryPoint","urlTemplate":"https:\/\/www.meydan.tv\/az\/?s={search_term_string}"},"query-input":{"@type":"PropertyValueSpecification","valueRequired":true,"valueName":"search_term_string"}}],"inLanguage":"az"},{"@type":"Organization","@id":"https:\/\/www.meydan.tv\/az\/#organization","name":"Meydan TV","url":"https:\/\/www.meydan.tv\/az\/","logo":{"@type":"ImageObject","inLanguage":"az","@id":"https:\/\/www.meydan.tv\/az\/#\/schema\/logo\/image\/","url":"https:\/\/www.meydan.tv\/wp-content\/uploads\/2021\/07\/meydan-logo.svg","contentUrl":"https:\/\/www.meydan.tv\/wp-content\/uploads\/2021\/07\/meydan-logo.svg","width":195,"height":46,"caption":"Meydan TV"},"image":{"@id":"https:\/\/www.meydan.tv\/az\/#\/schema\/logo\/image\/"}},{"@type":"Person","@id":"https:\/\/www.meydan.tv\/az\/#\/schema\/person\/10d11eccf6da3662cf5fdab9806ea91a","name":"user-manager"}]}},"_links":{"self":[{"href":"https:\/\/www.meydan.tv\/az\/wp-json\/wp\/v2\/posts\/188344","targetHints":{"allow":["GET"]}}],"collection":[{"href":"https:\/\/www.meydan.tv\/az\/wp-json\/wp\/v2\/posts"}],"about":[{"href":"https:\/\/www.meydan.tv\/az\/wp-json\/wp\/v2\/types\/post"}],"author":[{"embeddable":true,"href":"https:\/\/www.meydan.tv\/az\/wp-json\/wp\/v2\/users\/11"}],"replies":[{"embeddable":true,"href":"https:\/\/www.meydan.tv\/az\/wp-json\/wp\/v2\/comments?post=188344"}],"version-history":[{"count":0,"href":"https:\/\/www.meydan.tv\/az\/wp-json\/wp\/v2\/posts\/188344\/revisions"}],"wp:featuredmedia":[{"embeddable":true,"href":"https:\/\/www.meydan.tv\/az\/wp-json\/wp\/v2\/media\/98531"}],"wp:attachment":[{"href":"https:\/\/www.meydan.tv\/az\/wp-json\/wp\/v2\/media?parent=188344"}],"wp:term":[{"taxonomy":"category","embeddable":true,"href":"https:\/\/www.meydan.tv\/az\/wp-json\/wp\/v2\/categories?post=188344"},{"taxonomy":"post_tag","embeddable":true,"href":"https:\/\/www.meydan.tv\/az\/wp-json\/wp\/v2\/tags?post=188344"}],"curies":[{"name":"wp","href":"https:\/\/api.w.org\/{rel}","templated":true}]}}