{"id":188293,"date":"2018-01-21T22:53:34","date_gmt":"2018-01-21T22:53:34","guid":{"rendered":"https:\/\/www.meydan.tv\/article\/irana-mualiceye-geden-azerbaycanlinin-heyat-hekayesi\/"},"modified":"2018-01-21T22:53:34","modified_gmt":"2018-01-21T22:53:34","slug":"irana-mualiceye-geden-azerbaycanlinin-heyat-hekayesi","status":"publish","type":"post","link":"https:\/\/www.meydan.tv\/az\/article\/irana-mualiceye-geden-azerbaycanlinin-heyat-hekayesi\/","title":{"rendered":"\u0130rana m\u00fcalic\u0259y\u0259 ged\u0259n az\u0259rbaycanl\u0131n\u0131n h\u0259yat hekay\u0259si"},"content":{"rendered":"<figure class=\"wp-block-image size-large\">\n  <img decoding=\"async\" src=\"https:\/\/www.meydan.tv\/az\/96959\/\" alt=\"\" class=\"wp-image-96959\"\/><figcaption><\/figcaption><\/figure>\n<p>\n  Ad\u0131m Camald\u0131r, A\u011fdam sakiniy\u0259m, amma m\u0259lum s\u0259b\u0259bl\u0259rd\u0259n Bak\u0131da ya\u015fay\u0131ram. H\u0259yat yolda\u015f\u0131m Ramil\u0259 il\u0259 sakit h\u0259yat\u0131m\u0131z var idi. \u00d6lk\u0259nin sad\u0259 v\u0259t\u0259nda\u015f\u0131 kimi gec\u0259mi-g\u00fcnd\u00fcz\u00fcm\u0259 qat\u0131b i\u015fl\u0259yirdim, o da u\u015faqlar\u0131m\u0131z\u0131n t\u0259rbiy\u0259si il\u0259 m\u0259\u015f\u011ful olurdu. \u0130ll\u0259r ke\u00e7ir, h\u0259yat \u00f6z sakit axar\u0131 il\u0259 gedirdi.\n<\/p>\n<p>\n  Bel\u0259 g\u00fcnl\u0259rin birind\u0259 Ramil\u0259nin s\u0259hh\u0259tind\u0259 probleml\u0259r yarand\u0131. M\u0259n d\u0259 t\u0259l\u0259m-t\u0259l\u0259sik qohum-\u0259qraban\u0131n m\u0259sl\u0259h\u0259ti il\u0259 onu \u0130ran\u0131n \u018frd\u0259bil \u015f\u0259h\u0259rin\u0259 apard\u0131m. \u018frd\u0259bil x\u0259st\u0259xanlar\u0131n\u0131n birind\u0259 m\u00fcayin\u0259d\u0259n ke\u00e7di. H\u0259kimin diaqnozu n\u0259tic\u0259sind\u0259 m\u0259lum oldu ki, x\u0259r\u00e7\u0259ng x\u0259st\u0259sidir. Etiraf edim ki, onun m\u0259n\u0259 nec\u0259 do\u011fma insan oldu\u011funu, tutuldu\u011fu x\u0259st\u0259likd\u0259n sonra anlad\u0131m. X\u0259b\u0259ri alanda \u00e7ar\u0259siz halda h\u0259kimin g\u00f6zl\u0259rin\u0259 bax\u0131rd\u0131m. B\u00fcz\u00fc\u015f\u00fcb durmu\u015fdum, can\u0131mdan olan bir par\u00e7an\u0131 itir\u0259c\u0259yim qorxusu i\u00e7imi yeyirdi. Amma \u00f6z\u00fcm\u00fc \u0259l\u0259 ald\u0131m, \u00e7\u00fcnki Ramil\u0259 m\u0259nd\u0259n cavab g\u00f6zl\u0259yirdi. Ona g\u00fcl\u00fcms\u0259y\u0259r\u0259k qorxulu bir \u015fey olmad\u0131\u011f\u0131n\u0131 dedim.\n<\/p>\n<p>\n  Q\u0259rar verdim ki, t\u0259cili Az\u0259rbaycana qay\u0131d\u0131b kredit\u0259 pul g\u00f6t\u00fcr\u00fcm. \u018frd\u0259bild\u0259 taksi s\u00fcr\u00fcc\u00fcs\u00fc il\u0259 raz\u0131la\u015f\u0131b \u0130ran-Az\u0259rbaycan s\u0259rh\u0259din\u0259 do\u011fru yol ald\u0131q. Taksi s\u00fcr\u00fcc\u00fcs\u00fc Mehdi adl\u0131 \u0259rd\u0259billi idi. Mehdinin 40-45 ya\u015flar\u0131 olard\u0131. Ortaboylu, ar\u0131q, qarab\u0259niz, q\u0131vr\u0131q sa\u00e7l\u0131 bu dindar \u0259rd\u0259billinin iri g\u00f6zl\u0259rind\u0259 m\u0259sumluq vard\u0131. Yol\u00fcst\u00fc ma\u015f\u0131ndan d\u00fc\u015f\u00fcb siqaret yand\u0131randa ona ba\u015f\u0131ma g\u0259l\u0259n hadis\u0259ni dan\u015fd\u0131m. M\u0259n\u0259 toxtaql\u0131q verib dedi ki, onunla T\u0259briz\u0259 gedib, bir d\u0259 yoxlan\u0131\u015fdan ke\u00e7\u0259k. O, \u0259vv\u0259lc\u0259d\u0259n T\u0259briz\u0259 qay\u0131nanas\u0131gil\u0259 getm\u0259yi planla\u015fd\u0131rd\u0131\u011f\u0131 \u00fc\u00e7\u00fcn bizd\u0259n pul g\u00f6t\u00fcrm\u0259y\u0259c\u0259yini dedi. Mehdi namaz\u0131n\u0131 q\u0131ld\u0131 v\u0259 biz T\u0259briz\u0259 do\u011fru h\u0259r\u0259k\u0259t etdik. Mehdi naraz\u0131l\u0131qla dedi ki, 3 il qabaq Bak\u0131da olub, amma g\u00f6mr\u00fck \u0259m\u0259kda\u015flar\u0131n\u0131n s\u0259rh\u0259dd\u0259, yol polisi is\u0259 yolda onu saxlayaraq r\u00fc\u015fv\u0259t ist\u0259yib. Ona g\u00f6r\u0259 Az\u0259rbaycandan incik d\u00fc\u015f\u00fcb. Ba\u015f\u0131m\u0131 yell\u0259y\u0259r\u0259k onun dedikl\u0259ri il\u0259 raz\u0131la\u015fd\u0131m, amma Bak\u0131ya qonaq \u00e7a\u011f\u0131rma\u011f\u0131 da unutmad\u0131m. S\u00f6z\u00fcn d\u00fcz\u00fc, fikrim-zikrim Ramil\u0259nin yan\u0131ndayd\u0131, ona g\u00f6r\u0259 Mehdiy\u0259 d\u0259v\u0259tim d\u0259 quru al\u0131nd\u0131.\n<\/p>\n<p>\n  T\u0259brizd\u0259 h\u0259yat yolda\u015f\u0131m\u0131 Behbud x\u0259st\u0259xanas\u0131na apard\u0131q. Yoxlan\u0131\u015fdan sonra m\u0259lum oldu ki, Ramil\u0259d\u0259 \u015fi\u015f var, amma bu, x\u0259r\u00e7\u0259ng x\u0259st\u0259liyi deyil. X\u0259b\u0259ri e\u015fid\u0259n kimi q\u0131\u015fq\u0131r\u0131b Mehdini qucaqlad\u0131m. Art\u0131q Ramil\u0259nin h\u0259yat\u0131na t\u0259hl\u00fck\u0259 yox idi. El\u0259 h\u0259min g\u00fcn Bak\u0131ya qay\u0131tma\u011f\u0131 q\u0259rarla\u015fd\u0131rd\u0131q. Mehdi buna imkan verm\u0259yib, bizi qay\u0131nanas\u0131gil\u0259 apard\u0131. Gec\u0259ni g\u00fcl\u0259r\u00fcz, qonaqp\u0259rv\u0259r t\u0259brizli ail\u0259sind\u0259 ke\u00e7irdik. S\u0259h\u0259r\u0259 yax\u0131n Ramil\u0259nin hal\u0131 bird\u0259n pisl\u0259\u015fdi. Vaxt itirm\u0259d\u0259n onu \u0130mam Rza X\u0259st\u0259xanas\u0131na \u00e7atd\u0131rd\u0131q. H\u0259kiml\u0259r hu\u015fsuz halda olan yolda\u015f\u0131m\u0131 \u0259m\u0259liyyat el\u0259dil\u0259r. Bir ne\u00e7\u0259 g\u00fcn sonra Ramil\u0259nin s\u0259hh\u0259ti normalla\u015fd\u0131. Art\u0131q h\u0259yat\u0131na t\u0259hl\u00fck\u0259 yox idi. Onun x\u0259st\u0259xanadan \u00e7\u0131xar\u0131lmas\u0131 \u00fc\u00e7\u00fcn m\u0259nd\u0259n 20 min manat ist\u0259dil\u0259r. \u00c7ar\u0259siz halda bu q\u0259d\u0259r pulu bel\u0259 tez bir zamanda tapmayaca\u011f\u0131m\u0131 dedim. Bu d\u0259f\u0259 d\u0259 Mehdi sin\u0259sini qaba\u011fa verdi. T\u0259brizin alt\u0131n\u0131-\u00fcst\u00fcn\u00fc g\u0259zib tacirl\u0259rd\u0259n, din adamlar\u0131ndan, sad\u0259 insanlardan 13 min manat toplad\u0131. Pulun 7 min manat\u0131 \u00e7atmad\u0131\u011f\u0131ndan Mehdi il\u0259 Az\u0259rbaycan\u0131n T\u0259brizd\u0259ki Ba\u015f konsullu\u011funa gedib v\u0259ziyy\u0259ti izah etdik. Biz\u0259 pullar\u0131n\u0131n olmad\u0131\u011f\u0131n\u0131 dedil\u0259r. Ba\u015fa sald\u0131m ki, pul ist\u0259mirik, he\u00e7 olmasa x\u0259st\u0259xanaya m\u00fcraci\u0259t etsinl\u0259r, m\u0259nim girovlu\u011fum m\u00fcqabilind\u0259 yolda\u015f\u0131m\u0131n x\u0259st\u0259xanadan \u00e7\u0131xma\u011f\u0131na yard\u0131m etsinl\u0259r. Bunu e\u015fid\u0259r-e\u015fitm\u0259z \u201cpulumuz yoxdur\u201d, \u201cbizim ba\u015f\u0131m\u0131z qar\u0131\u015f\u0131qd\u0131r\u201d deyib, bizi ordan qovdular. Mehdi \u00e7\u0131xd\u0131, m\u0259n qay\u0131tmaq ist\u0259y\u0259nd\u0259, viza n\u00f6vb\u0259si g\u00f6zl\u0259y\u0259n v\u0259t\u0259nda\u015flar naraz\u0131l\u0131q ed\u0259r\u0259k dedil\u0259r h\u0259ft\u0259l\u0259rdi viza ala bilmirik, s\u0259n biz\u0259 mane olursan. Bu m\u0259nz\u0259r\u0259ni g\u00f6r\u0259n konsul \u0259s\u0259bl\u0259\u015f\u0259r\u0259k \u00e7\u0131x\u0131b getm\u0259yimi ist\u0259di. Bel\u0259c\u0259 suyum s\u00fcz\u00fcl\u0259-s\u00fcz\u00fcl\u0259 geri qay\u0131td\u0131m.\n<\/p>\n<p>\n  Pulun qalan hiss\u0259sini yen\u0259 d\u0259 Mehdi tapd\u0131. O, qohumundan borca pul g\u00f6t\u00fcrd\u00fc v\u0259 biz Ramil\u0259ni x\u0259st\u0259xanadan \u00e7\u0131xard\u0131q. Bir g\u00fcn T\u0259brizd\u0259 gec\u0259l\u0259dik, s\u0259h\u0259risi geri qay\u0131tmaq ist\u0259y\u0259nd\u0259 Mehdi dedi ki, yolda\u015f\u0131n tam d\u00fcz\u0259lm\u0259yib, g\u0259lin m\u0259n sizi apar\u0131m, amma bunun \u00fc\u00e7\u00fcn viza almaq laz\u0131md\u0131r. G\u0259ldik T\u0259brizd\u0259ki konsullu\u011fa, viza almaq ist\u0259y\u0259nl\u0259rin s\u0131ras\u0131n\u0131 g\u00f6zl\u0259y\u0259nd\u0259 anlad\u0131q ki, bu i\u015f al\u0131nas\u0131 deyil. Konsulluqdan \u00e7\u0131x\u0131b ma\u015f\u0131na oturanda \u00fcst-ba\u015f\u0131 kir-pasaq olan qoca ki\u015fi biz\u0259 yax\u0131nla\u015fd\u0131. Nimda\u015f geyimli, bax\u0131ms\u0131z qocan\u0131n dil\u0259n\u00e7i oldu\u011funu z\u0259nn etdik. O, bizd\u0259n n\u0259y\u0259 ehtiyac\u0131m\u0131z\u0131n oldu\u011funu soru\u015fdu, biz d\u0259 \u201che\u00e7 n\u0259\u201d dey\u0259r\u0259k ma\u015f\u0131na \u0259yl\u0259\u015fdik. Bu v\u0259d\u0259 qoca dill\u0259ndi ki, viza ist\u0259yirsinizs\u0259, m\u0259n k\u00f6m\u0259k ed\u0259 bil\u0259r\u0259m. Mehdi il\u0259 g\u00fcl\u00fcms\u0259dik, \u00e7\u00fcnki qocan\u0131n bu i\u015fi g\u00f6r\u0259 bil\u0259c\u0259yini a\u011fl\u0131m\u0131zdan ke\u00e7irmirdik. Qoca vaxt itirm\u0259d\u0259n dedi ki, pasportu v\u0259 50 dollar pulu verin, sabah g\u0259lin vizan\u0131 g\u00f6t\u00fcr\u00fcn. Onun bu q\u0259tiyy\u0259ti bizi inand\u0131rd\u0131. Bir g\u00fcn sonra g\u0259lib vizan\u0131 g\u00f6t\u00fcrd\u00fck v\u0259 Bak\u0131ya yola \u00e7\u0131xd\u0131q. Xo\u015fb\u0259xtlikd\u0259n g\u00f6mr\u00fck\u00e7\u00fcl\u0259r s\u0259rh\u0259dd\u0259 Mehdini incitm\u0259dil\u0259r. O da g\u00fcl\u00fcms\u0259y\u0259r\u0259k dedi ki, g\u00f6mr\u00fcy\u00fcn\u00fcz d\u00fcz\u0259lib, viza m\u0259s\u0259l\u0259si d\u0259 h\u0259ll olunsayd\u0131, yax\u015f\u0131 olard\u0131. O, bizd\u0259 4 g\u00fcn qal\u0131b geri qay\u0131td\u0131. \u0130ndi Ramil\u0259 sa\u011fal\u0131b, Mehdi il\u0259 d\u0259 z\u0259ngl\u0259\u015fib hal-\u0259hval tuturuq. Bu sad\u0259 \u0259rd\u0259billi tan\u0131mad\u0131\u011f\u0131 insan\u0131n h\u0259yat\u0131n\u0131 xilas etdi. Do\u011fma insanlar\u0131n bel\u0259, bir-birin\u0259, yad, inams\u0131z oldu\u011fu bir vaxtda gec\u0259sini-g\u00fcnd\u00fcz\u00fcn\u0259 qat\u0131b, tan\u0131mad\u0131\u011f\u0131 insana 20 min manat pul tapd\u0131. \u0130ndi ma\u015f\u0131n\u0131m\u0131, torpa\u011f\u0131m\u0131 sat\u0131b h\u0259min pullar\u0131 \u00f6d\u0259yir\u0259m. Onu M\u0259h\u0259rr\u0259m ay\u0131nda Bak\u0131ya d\u0259v\u0259t el\u0259dim, dedi ki, Camal A\u011fa viza ala bilmirik, \u0259b\u0259s yer\u0259 d\u0259 r\u00fc\u015fv\u0259t verm\u0259k ist\u0259mirik. H\u0259min pulu ehtiyac\u0131 olana ver\u0259rik. Bu s\u00f6zl\u0259rd\u0259n sonra \u00e7ox utand\u0131m. Bunu siz\u0259 ona g\u00f6r\u0259 yaz\u0131ram ki, d\u00fcnyada Mehdi kimi insanlar\u0131n oldu\u011funu bil\u0259siniz. H\u0259m d\u0259 \u00f6lk\u0259 ba\u015f\u00e7\u0131s\u0131 g\u00f6rs\u00fcn ki, v\u0259t\u0259nda\u015fa xidm\u0259t etm\u0259li olan d\u00f6vl\u0259t qurumu, \u00f6l\u00fcm aya\u011f\u0131nda olan sakinin\u0259 nec\u0259 laz\u0131ms\u0131z \u0259\u015fya kimi davran\u0131r. M\u0259nim ba\u015f\u0131ma g\u0259l\u0259nl\u0259r hakimiyy\u0259tin v\u0259t\u0259nda\u015f\u0131na verdiyi qiym\u0259tdir.<\/p>\n","protected":false},"excerpt":{"rendered":"<p>M\u0259nim ba\u015f\u0131ma g\u0259l\u0259nl\u0259r hakimiyy\u0259tin v\u0259t\u0259nda\u015f\u0131na verdiyi qiym\u0259tdir.<\/p>\n","protected":false},"author":11,"featured_media":96959,"comment_status":"closed","ping_status":"open","sticky":false,"template":"","format":"standard","meta":{"_acf_changed":false,"_sitemap_exclude":false,"_sitemap_priority":"","_sitemap_frequency":"","footnotes":""},"categories":[57],"tags":[],"class_list":["post-188293","post","type-post","status-publish","format-standard","has-post-thumbnail","hentry","category-menim-fikrimce","infinite-scroll-item","generate-columns","tablet-grid-50","mobile-grid-100","grid-parent","grid-33","no-featured-image-padding"],"acf":[],"yoast_head":"<!-- This site is optimized with the Yoast SEO plugin v27.5 - https:\/\/yoast.com\/product\/yoast-seo-wordpress\/ -->\n<title>\u0130rana m\u00fcalic\u0259y\u0259 ged\u0259n az\u0259rbaycanl\u0131n\u0131n h\u0259yat hekay\u0259si - MEYDAN.TV<\/title>\n<meta name=\"robots\" content=\"index, follow, max-snippet:-1, max-image-preview:large, max-video-preview:-1\" \/>\n<link rel=\"canonical\" href=\"https:\/\/www.meydan.tv\/az\/article\/irana-mualiceye-geden-azerbaycanlinin-heyat-hekayesi\/\" \/>\n<meta property=\"og:locale\" content=\"az_AZ\" \/>\n<meta property=\"og:type\" content=\"article\" \/>\n<meta property=\"og:title\" content=\"\u0130rana m\u00fcalic\u0259y\u0259 ged\u0259n az\u0259rbaycanl\u0131n\u0131n h\u0259yat hekay\u0259si - MEYDAN.TV\" \/>\n<meta property=\"og:description\" content=\"M\u0259nim ba\u015f\u0131ma g\u0259l\u0259nl\u0259r hakimiyy\u0259tin v\u0259t\u0259nda\u015f\u0131na verdiyi qiym\u0259tdir.\" \/>\n<meta property=\"og:url\" content=\"https:\/\/www.meydan.tv\/az\/article\/irana-mualiceye-geden-azerbaycanlinin-heyat-hekayesi\/\" \/>\n<meta property=\"og:site_name\" content=\"MEYDAN.TV\" \/>\n<meta property=\"article:published_time\" content=\"2018-01-21T22:53:34+00:00\" \/>\n<meta property=\"og:image\" content=\"https:\/\/www.meydan.tv\/wp-content\/uploads\/38887.jpg\" \/>\n\t<meta property=\"og:image:width\" content=\"900\" \/>\n\t<meta property=\"og:image:height\" content=\"506\" \/>\n\t<meta property=\"og:image:type\" content=\"image\/jpeg\" \/>\n<meta name=\"author\" content=\"user-manager\" \/>\n<meta name=\"twitter:card\" content=\"summary_large_image\" \/>\n<script type=\"application\/ld+json\" class=\"yoast-schema-graph\">{\"@context\":\"https:\\\/\\\/schema.org\",\"@graph\":[{\"@type\":\"Article\",\"@id\":\"https:\\\/\\\/www.meydan.tv\\\/az\\\/article\\\/irana-mualiceye-geden-azerbaycanlinin-heyat-hekayesi\\\/#article\",\"isPartOf\":{\"@id\":\"https:\\\/\\\/www.meydan.tv\\\/az\\\/article\\\/irana-mualiceye-geden-azerbaycanlinin-heyat-hekayesi\\\/\"},\"author\":{\"name\":\"user-manager\",\"@id\":\"https:\\\/\\\/www.meydan.tv\\\/az\\\/#\\\/schema\\\/person\\\/10d11eccf6da3662cf5fdab9806ea91a\"},\"headline\":\"\u0130rana m\u00fcalic\u0259y\u0259 ged\u0259n az\u0259rbaycanl\u0131n\u0131n h\u0259yat hekay\u0259si\",\"datePublished\":\"2018-01-21T22:53:34+00:00\",\"mainEntityOfPage\":{\"@id\":\"https:\\\/\\\/www.meydan.tv\\\/az\\\/article\\\/irana-mualiceye-geden-azerbaycanlinin-heyat-hekayesi\\\/\"},\"wordCount\":1336,\"publisher\":{\"@id\":\"https:\\\/\\\/www.meydan.tv\\\/az\\\/#organization\"},\"image\":{\"@id\":\"https:\\\/\\\/www.meydan.tv\\\/az\\\/article\\\/irana-mualiceye-geden-azerbaycanlinin-heyat-hekayesi\\\/#primaryimage\"},\"thumbnailUrl\":\"https:\\\/\\\/www.meydan.tv\\\/wp-content\\\/uploads\\\/38887.jpg\",\"articleSection\":[\"M\u0259nim Fikrimc\u0259\"],\"inLanguage\":\"az\"},{\"@type\":\"WebPage\",\"@id\":\"https:\\\/\\\/www.meydan.tv\\\/az\\\/article\\\/irana-mualiceye-geden-azerbaycanlinin-heyat-hekayesi\\\/\",\"url\":\"https:\\\/\\\/www.meydan.tv\\\/az\\\/article\\\/irana-mualiceye-geden-azerbaycanlinin-heyat-hekayesi\\\/\",\"name\":\"\u0130rana m\u00fcalic\u0259y\u0259 ged\u0259n az\u0259rbaycanl\u0131n\u0131n h\u0259yat hekay\u0259si - MEYDAN.TV\",\"isPartOf\":{\"@id\":\"https:\\\/\\\/www.meydan.tv\\\/az\\\/#website\"},\"primaryImageOfPage\":{\"@id\":\"https:\\\/\\\/www.meydan.tv\\\/az\\\/article\\\/irana-mualiceye-geden-azerbaycanlinin-heyat-hekayesi\\\/#primaryimage\"},\"image\":{\"@id\":\"https:\\\/\\\/www.meydan.tv\\\/az\\\/article\\\/irana-mualiceye-geden-azerbaycanlinin-heyat-hekayesi\\\/#primaryimage\"},\"thumbnailUrl\":\"https:\\\/\\\/www.meydan.tv\\\/wp-content\\\/uploads\\\/38887.jpg\",\"datePublished\":\"2018-01-21T22:53:34+00:00\",\"breadcrumb\":{\"@id\":\"https:\\\/\\\/www.meydan.tv\\\/az\\\/article\\\/irana-mualiceye-geden-azerbaycanlinin-heyat-hekayesi\\\/#breadcrumb\"},\"inLanguage\":\"az\",\"potentialAction\":[{\"@type\":\"ReadAction\",\"target\":[\"https:\\\/\\\/www.meydan.tv\\\/az\\\/article\\\/irana-mualiceye-geden-azerbaycanlinin-heyat-hekayesi\\\/\"]}]},{\"@type\":\"ImageObject\",\"inLanguage\":\"az\",\"@id\":\"https:\\\/\\\/www.meydan.tv\\\/az\\\/article\\\/irana-mualiceye-geden-azerbaycanlinin-heyat-hekayesi\\\/#primaryimage\",\"url\":\"https:\\\/\\\/www.meydan.tv\\\/wp-content\\\/uploads\\\/38887.jpg\",\"contentUrl\":\"https:\\\/\\\/www.meydan.tv\\\/wp-content\\\/uploads\\\/38887.jpg\",\"width\":900,\"height\":506,\"caption\":\"Source:\"},{\"@type\":\"BreadcrumbList\",\"@id\":\"https:\\\/\\\/www.meydan.tv\\\/az\\\/article\\\/irana-mualiceye-geden-azerbaycanlinin-heyat-hekayesi\\\/#breadcrumb\",\"itemListElement\":[{\"@type\":\"ListItem\",\"position\":1,\"name\":\"Ana s\u0259hif\u0259\",\"item\":\"https:\\\/\\\/www.meydan.tv\\\/az\\\/\"},{\"@type\":\"ListItem\",\"position\":2,\"name\":\"M\u0259nim Fikrimc\u0259\",\"item\":\"https:\\\/\\\/www.meydan.tv\\\/az\\\/section\\\/menim-fikrimce\\\/\"},{\"@type\":\"ListItem\",\"position\":3,\"name\":\"\u0130rana m\u00fcalic\u0259y\u0259 ged\u0259n az\u0259rbaycanl\u0131n\u0131n h\u0259yat hekay\u0259si\"}]},{\"@type\":\"WebSite\",\"@id\":\"https:\\\/\\\/www.meydan.tv\\\/az\\\/#website\",\"url\":\"https:\\\/\\\/www.meydan.tv\\\/az\\\/\",\"name\":\"MEYDAN.TV\",\"description\":\"Meydan TV Az\u0259rbaycan\u0131n media m\u0259kan\u0131ndak\u0131 alternativ s\u0259sidir\",\"publisher\":{\"@id\":\"https:\\\/\\\/www.meydan.tv\\\/az\\\/#organization\"},\"potentialAction\":[{\"@type\":\"SearchAction\",\"target\":{\"@type\":\"EntryPoint\",\"urlTemplate\":\"https:\\\/\\\/www.meydan.tv\\\/az\\\/?s={search_term_string}\"},\"query-input\":{\"@type\":\"PropertyValueSpecification\",\"valueRequired\":true,\"valueName\":\"search_term_string\"}}],\"inLanguage\":\"az\"},{\"@type\":\"Organization\",\"@id\":\"https:\\\/\\\/www.meydan.tv\\\/az\\\/#organization\",\"name\":\"Meydan TV\",\"url\":\"https:\\\/\\\/www.meydan.tv\\\/az\\\/\",\"logo\":{\"@type\":\"ImageObject\",\"inLanguage\":\"az\",\"@id\":\"https:\\\/\\\/www.meydan.tv\\\/az\\\/#\\\/schema\\\/logo\\\/image\\\/\",\"url\":\"https:\\\/\\\/www.meydan.tv\\\/wp-content\\\/uploads\\\/2021\\\/07\\\/meydan-logo.svg\",\"contentUrl\":\"https:\\\/\\\/www.meydan.tv\\\/wp-content\\\/uploads\\\/2021\\\/07\\\/meydan-logo.svg\",\"width\":195,\"height\":46,\"caption\":\"Meydan TV\"},\"image\":{\"@id\":\"https:\\\/\\\/www.meydan.tv\\\/az\\\/#\\\/schema\\\/logo\\\/image\\\/\"}},{\"@type\":\"Person\",\"@id\":\"https:\\\/\\\/www.meydan.tv\\\/az\\\/#\\\/schema\\\/person\\\/10d11eccf6da3662cf5fdab9806ea91a\",\"name\":\"user-manager\"}]}<\/script>\n<!-- \/ Yoast SEO plugin. -->","yoast_head_json":{"title":"\u0130rana m\u00fcalic\u0259y\u0259 ged\u0259n az\u0259rbaycanl\u0131n\u0131n h\u0259yat hekay\u0259si - MEYDAN.TV","robots":{"index":"index","follow":"follow","max-snippet":"max-snippet:-1","max-image-preview":"max-image-preview:large","max-video-preview":"max-video-preview:-1"},"canonical":"https:\/\/www.meydan.tv\/az\/article\/irana-mualiceye-geden-azerbaycanlinin-heyat-hekayesi\/","og_locale":"az_AZ","og_type":"article","og_title":"\u0130rana m\u00fcalic\u0259y\u0259 ged\u0259n az\u0259rbaycanl\u0131n\u0131n h\u0259yat hekay\u0259si - MEYDAN.TV","og_description":"M\u0259nim ba\u015f\u0131ma g\u0259l\u0259nl\u0259r hakimiyy\u0259tin v\u0259t\u0259nda\u015f\u0131na verdiyi qiym\u0259tdir.","og_url":"https:\/\/www.meydan.tv\/az\/article\/irana-mualiceye-geden-azerbaycanlinin-heyat-hekayesi\/","og_site_name":"MEYDAN.TV","article_published_time":"2018-01-21T22:53:34+00:00","og_image":[{"width":900,"height":506,"url":"https:\/\/www.meydan.tv\/wp-content\/uploads\/38887.jpg","type":"image\/jpeg"}],"author":"user-manager","twitter_card":"summary_large_image","schema":{"@context":"https:\/\/schema.org","@graph":[{"@type":"Article","@id":"https:\/\/www.meydan.tv\/az\/article\/irana-mualiceye-geden-azerbaycanlinin-heyat-hekayesi\/#article","isPartOf":{"@id":"https:\/\/www.meydan.tv\/az\/article\/irana-mualiceye-geden-azerbaycanlinin-heyat-hekayesi\/"},"author":{"name":"user-manager","@id":"https:\/\/www.meydan.tv\/az\/#\/schema\/person\/10d11eccf6da3662cf5fdab9806ea91a"},"headline":"\u0130rana m\u00fcalic\u0259y\u0259 ged\u0259n az\u0259rbaycanl\u0131n\u0131n h\u0259yat hekay\u0259si","datePublished":"2018-01-21T22:53:34+00:00","mainEntityOfPage":{"@id":"https:\/\/www.meydan.tv\/az\/article\/irana-mualiceye-geden-azerbaycanlinin-heyat-hekayesi\/"},"wordCount":1336,"publisher":{"@id":"https:\/\/www.meydan.tv\/az\/#organization"},"image":{"@id":"https:\/\/www.meydan.tv\/az\/article\/irana-mualiceye-geden-azerbaycanlinin-heyat-hekayesi\/#primaryimage"},"thumbnailUrl":"https:\/\/www.meydan.tv\/wp-content\/uploads\/38887.jpg","articleSection":["M\u0259nim Fikrimc\u0259"],"inLanguage":"az"},{"@type":"WebPage","@id":"https:\/\/www.meydan.tv\/az\/article\/irana-mualiceye-geden-azerbaycanlinin-heyat-hekayesi\/","url":"https:\/\/www.meydan.tv\/az\/article\/irana-mualiceye-geden-azerbaycanlinin-heyat-hekayesi\/","name":"\u0130rana m\u00fcalic\u0259y\u0259 ged\u0259n az\u0259rbaycanl\u0131n\u0131n h\u0259yat hekay\u0259si - MEYDAN.TV","isPartOf":{"@id":"https:\/\/www.meydan.tv\/az\/#website"},"primaryImageOfPage":{"@id":"https:\/\/www.meydan.tv\/az\/article\/irana-mualiceye-geden-azerbaycanlinin-heyat-hekayesi\/#primaryimage"},"image":{"@id":"https:\/\/www.meydan.tv\/az\/article\/irana-mualiceye-geden-azerbaycanlinin-heyat-hekayesi\/#primaryimage"},"thumbnailUrl":"https:\/\/www.meydan.tv\/wp-content\/uploads\/38887.jpg","datePublished":"2018-01-21T22:53:34+00:00","breadcrumb":{"@id":"https:\/\/www.meydan.tv\/az\/article\/irana-mualiceye-geden-azerbaycanlinin-heyat-hekayesi\/#breadcrumb"},"inLanguage":"az","potentialAction":[{"@type":"ReadAction","target":["https:\/\/www.meydan.tv\/az\/article\/irana-mualiceye-geden-azerbaycanlinin-heyat-hekayesi\/"]}]},{"@type":"ImageObject","inLanguage":"az","@id":"https:\/\/www.meydan.tv\/az\/article\/irana-mualiceye-geden-azerbaycanlinin-heyat-hekayesi\/#primaryimage","url":"https:\/\/www.meydan.tv\/wp-content\/uploads\/38887.jpg","contentUrl":"https:\/\/www.meydan.tv\/wp-content\/uploads\/38887.jpg","width":900,"height":506,"caption":"Source:"},{"@type":"BreadcrumbList","@id":"https:\/\/www.meydan.tv\/az\/article\/irana-mualiceye-geden-azerbaycanlinin-heyat-hekayesi\/#breadcrumb","itemListElement":[{"@type":"ListItem","position":1,"name":"Ana s\u0259hif\u0259","item":"https:\/\/www.meydan.tv\/az\/"},{"@type":"ListItem","position":2,"name":"M\u0259nim Fikrimc\u0259","item":"https:\/\/www.meydan.tv\/az\/section\/menim-fikrimce\/"},{"@type":"ListItem","position":3,"name":"\u0130rana m\u00fcalic\u0259y\u0259 ged\u0259n az\u0259rbaycanl\u0131n\u0131n h\u0259yat hekay\u0259si"}]},{"@type":"WebSite","@id":"https:\/\/www.meydan.tv\/az\/#website","url":"https:\/\/www.meydan.tv\/az\/","name":"MEYDAN.TV","description":"Meydan TV Az\u0259rbaycan\u0131n media m\u0259kan\u0131ndak\u0131 alternativ s\u0259sidir","publisher":{"@id":"https:\/\/www.meydan.tv\/az\/#organization"},"potentialAction":[{"@type":"SearchAction","target":{"@type":"EntryPoint","urlTemplate":"https:\/\/www.meydan.tv\/az\/?s={search_term_string}"},"query-input":{"@type":"PropertyValueSpecification","valueRequired":true,"valueName":"search_term_string"}}],"inLanguage":"az"},{"@type":"Organization","@id":"https:\/\/www.meydan.tv\/az\/#organization","name":"Meydan TV","url":"https:\/\/www.meydan.tv\/az\/","logo":{"@type":"ImageObject","inLanguage":"az","@id":"https:\/\/www.meydan.tv\/az\/#\/schema\/logo\/image\/","url":"https:\/\/www.meydan.tv\/wp-content\/uploads\/2021\/07\/meydan-logo.svg","contentUrl":"https:\/\/www.meydan.tv\/wp-content\/uploads\/2021\/07\/meydan-logo.svg","width":195,"height":46,"caption":"Meydan TV"},"image":{"@id":"https:\/\/www.meydan.tv\/az\/#\/schema\/logo\/image\/"}},{"@type":"Person","@id":"https:\/\/www.meydan.tv\/az\/#\/schema\/person\/10d11eccf6da3662cf5fdab9806ea91a","name":"user-manager"}]}},"_links":{"self":[{"href":"https:\/\/www.meydan.tv\/az\/wp-json\/wp\/v2\/posts\/188293","targetHints":{"allow":["GET"]}}],"collection":[{"href":"https:\/\/www.meydan.tv\/az\/wp-json\/wp\/v2\/posts"}],"about":[{"href":"https:\/\/www.meydan.tv\/az\/wp-json\/wp\/v2\/types\/post"}],"author":[{"embeddable":true,"href":"https:\/\/www.meydan.tv\/az\/wp-json\/wp\/v2\/users\/11"}],"replies":[{"embeddable":true,"href":"https:\/\/www.meydan.tv\/az\/wp-json\/wp\/v2\/comments?post=188293"}],"version-history":[{"count":0,"href":"https:\/\/www.meydan.tv\/az\/wp-json\/wp\/v2\/posts\/188293\/revisions"}],"wp:featuredmedia":[{"embeddable":true,"href":"https:\/\/www.meydan.tv\/az\/wp-json\/wp\/v2\/media\/96959"}],"wp:attachment":[{"href":"https:\/\/www.meydan.tv\/az\/wp-json\/wp\/v2\/media?parent=188293"}],"wp:term":[{"taxonomy":"category","embeddable":true,"href":"https:\/\/www.meydan.tv\/az\/wp-json\/wp\/v2\/categories?post=188293"},{"taxonomy":"post_tag","embeddable":true,"href":"https:\/\/www.meydan.tv\/az\/wp-json\/wp\/v2\/tags?post=188293"}],"curies":[{"name":"wp","href":"https:\/\/api.w.org\/{rel}","templated":true}]}}