{"id":188263,"date":"2018-01-19T16:09:12","date_gmt":"2018-01-19T16:09:12","guid":{"rendered":"https:\/\/www.meydan.tv\/article\/isden-cixarilan-hekim-institutun-direktorunu-mehkemeye-vermeye-hazirlasir\/"},"modified":"2018-01-19T16:09:12","modified_gmt":"2018-01-19T16:09:12","slug":"isden-cixarilan-hekim-institutun-direktorunu-mehkemeye-vermeye-hazirlasir","status":"publish","type":"post","link":"https:\/\/www.meydan.tv\/az\/article\/isden-cixarilan-hekim-institutun-direktorunu-mehkemeye-vermeye-hazirlasir\/","title":{"rendered":"\u0130\u015fd\u0259n \u00e7\u0131xar\u0131lan h\u0259kim \u0130nstitutun direktorunu m\u0259hk\u0259m\u0259y\u0259 verm\u0259y\u0259 haz\u0131rla\u015f\u0131r"},"content":{"rendered":"<figure class=\"wp-block-embed is-type-video is-provider-youtube wp-block-embed-youtube wp-embed-aspect-16-9 wp-has-aspect-ratio\">\n<div class=\"wp-block-embed__wrapper\">\n    <iframe\ttitle=\"\" width=\"1200\" height=\"675\" data-src=\"https:\/\/www.youtube.com\/embed\/iwL3Yg9AS6E\"\tframeborder=\"0\"\tallow=\"accelerometer; autoplay; clipboard-write; encrypted-media; gyroscope; picture-in-picture\" allowfullscreen src=\"data:image\/svg+xml;base64,PHN2ZyB3aWR0aD0iMSIgaGVpZ2h0PSIxIiB4bWxucz0iaHR0cDovL3d3dy53My5vcmcvMjAwMC9zdmciPjwvc3ZnPg==\" class=\"lazyload\" data-load-mode=\"1\"><\/iframe>\n  <\/div><figcaption><\/figcaption><\/figure>\n<figure class=\"wp-block-image size-large\">\n  <img decoding=\"async\" src=\"https:\/\/www.meydan.tv\/az\/sebine-memmedova\/\" alt=\"S\u0259bin\u0259 M\u0259mm\u0259dova\" class=\"wp-image-98260\"\/><figcaption>\n    S\u0259bin\u0259 M\u0259mm\u0259dova<br \/>\n  <\/figcaption><\/figure>\n<p>\n  <i><br \/>\n    &#8221;Etiraz ed\u0259n b\u00fct\u00fcn h\u0259kiml\u0259ri i\u015fd\u0259n k\u0259narla\u015fd\u0131r\u0131r&#8221;<br \/>\n  <\/i>\n<\/p>\n<p>\n  Elmi-T\u0259dqiqat A\u011fciy\u0259r X\u0259st\u0259likl\u0259ri \u0130nstitutunda \u00e7al\u0131\u015fan tibb elml\u0259ri namiz\u0259di S\u0259bin\u0259 M\u0259mm\u0259dova haqs\u0131z yer\u0259 i\u015fd\u0259n \u00e7\u0131xar\u0131ld\u0131\u011f\u0131n\u0131 deyir.\n<\/p>\n<p>\n  O, institutun direktoru H\u0259qiq\u0259t Q\u0259dirova il\u0259 m\u00fcbahis\u0259sind\u0259n sonra i\u015fin\u0259 son qoyuldu\u011funu s\u00f6yl\u0259yir:\n<\/p>\n<p>\n  \u201cKe\u00e7irdiyi iclasda ona qar\u015f\u0131 g\u0259ldim. H\u0259min iclasdan videog\u00f6r\u00fcnt\u00fcl\u0259r d\u0259 sosial \u015f\u0259b\u0259k\u0259l\u0259rd\u0259 yay\u0131lm\u0131\u015fd\u0131. Ondan sonra haqs\u0131z yer\u0259 i\u015fd\u0259n \u00e7\u0131xar\u0131ld\u0131m\u201d.\n<\/p>\n<p>\n  \u0130clasdak\u0131 videog\u00f6r\u00fcnt\u00fcd\u0259 S\u0259bin\u0259 M\u0259mm\u0259dova institutun direktoru H\u0259qiq\u0259t Q\u0259dirovaya \u201cSiz burada oturub camaata torba tikm\u0259kl\u0259 m\u0259\u015f\u011fulsunuz. M\u0259n bu c\u0259f\u0259ngiyyata qulaq asan deyil\u0259m\u201d dey\u0259r\u0259k, ona etiraz edir. Video sosial \u015f\u0259b\u0259k\u0259l\u0259rd\u0259 v\u0259 bir \u00e7ox saytlarda yay\u0131laraq, b\u00f6y\u00fck m\u00fczakir\u0259l\u0259r\u0259 s\u0259b\u0259b olub.\n<\/p>\n<p>\n  S\u0259bin\u0259 M\u0259mm\u0259dova deyir ki, yay\u0131lan videoya g\u00f6r\u0259 yanvar\u0131n 13-d\u0259 v\u0259zif\u0259sind\u0259n uzaqla\u015fd\u0131r\u0131l\u0131b.\n<\/p>\n<p>\n  \u201c\u0130nstitutun direktoru ona qar\u015f\u0131 \u00e7\u0131xan b\u00fct\u00fcn h\u0259kiml\u0259ri \u0259sass\u0131z olaraq m\u00fc\u0259ssis\u0259d\u0259n uzaqla\u015fd\u0131r\u0131r. \u018flimd\u0259 faktlar\u0131m var, haqq\u0131m\u0131 tapdad\u0131lar. H\u0259qiq\u0259t Q\u0259dirova b\u00fct\u00fcn h\u0259kiml\u0259ri \u00e7\u0131xar\u0131b, \u0259v\u0259zin\u0259 pul m\u00fcqabilind\u0259 \u00f6z adamlar\u0131n\u0131 instituta i\u015f\u0259 q\u0259bul edir. M\u0259n tibb elml\u0259ri namiz\u0259diy\u0259m. 20 il \u015f\u00f6b\u0259 m\u00fcdiri v\u0259zif\u0259sind\u0259 \u00e7al\u0131\u015fm\u0131\u015fam. \u018fvv\u0259lc\u0259 \u015f\u00f6b\u0259 m\u00fcdirliyind\u0259n, sonra is\u0259 h\u0259kimlikd\u0259n uzaqla\u015fd\u0131r\u0131ld\u0131m. Onu m\u0259hk\u0259m\u0259y\u0259 ver\u0259c\u0259m. T\u0259kc\u0259 m\u0259n yox, b\u00fct\u00fcn h\u0259kiml\u0259r aya\u011fa qalx\u0131b. Etiraz ed\u0259n b\u00fct\u00fcn h\u0259kiml\u0259ri i\u015fd\u0259n k\u0259narla\u015fd\u0131r\u0131r\u201d.\n<\/p>\n<p>\n  S.M\u0259mm\u0259dova i\u015fd\u0259n \u00e7\u0131xrar\u0131lmas\u0131 il\u0259 ba\u011fl\u0131 daha bir video yay\u0131b. O, video vasit\u0259sil\u0259 prezident \u0130lham \u018fliyev\u0259 m\u00fcraci\u0259t \u00fcnvanlay\u0131b. Haqs\u0131z yer\u0259 i\u015fd\u0259n k\u0259narla\u015fd\u0131r\u0131ld\u0131\u011f\u0131n\u0131, H\u0259qiq\u0259t Q\u0259dirova il\u0259 ba\u011fl\u0131 t\u0259dbir g\u00f6r\u00fclm\u0259sini ist\u0259yib.\n<\/p>\n<p>\n  Meydan TV m\u0259s\u0259l\u0259y\u0259 m\u00fcnasib\u0259t \u00f6yr\u0259nm\u0259k \u00fc\u00e7\u00fcn Elmi-T\u0259dqiqat A\u011fciy\u0259r X\u0259st\u0259likl\u0259ri \u0130nstitutu il\u0259 \u0259laq\u0259 saxlay\u0131b. \u0130nstitutdan bu bar\u0259d\u0259 a\u00e7\u0131qlama ver\u0259 bilm\u0259y\u0259c\u0259kl\u0259rini s\u00f6yl\u0259yibl\u0259r:\n<\/p>\n<p>\n  \u201cBu m\u0259s\u0259l\u0259 bizim s\u0259lahiyy\u0259timizd\u0259 deyil. H\u0259qiq\u0259t xan\u0131m da burada deyil ki, ondan soru\u015fub dey\u0259k. Bizd\u0259 is\u0259 \u0259trafl\u0131 m\u0259lumat yoxdur\u201d.\n<\/p>\n<p>\n  S\u0259hiyy\u0259 Nazirliyinin m\u0259tbuat xidm\u0259tind\u0259n is\u0259 S\u0259bin\u0259 M\u0259mm\u0259dovan\u0131n dedikl\u0259rinin h\u0259qiq\u0259t\u0259 uy\u011fun olmad\u0131\u011f\u0131n\u0131 bildiribl\u0259r:\n<\/p>\n<p>\n  \u201cBu, tamamil\u0259 yalan v\u0259 b\u00f6htand\u0131r. Yax\u0131n g\u00fcnl\u0259rd\u0259 nazirlik ba\u015f ver\u0259n hadis\u0259 il\u0259 ba\u011fl\u0131 r\u0259smi m\u0259lumat yayacaq\u201d.<\/p>\n","protected":false},"excerpt":{"rendered":"<p>&#8221;Etiraz ed\u0259n b\u00fct\u00fcn h\u0259kiml\u0259ri i\u015fd\u0259n k\u0259narla\u015fd\u0131r\u0131r&#8221;<\/p>\n","protected":false},"author":11,"featured_media":98260,"comment_status":"closed","ping_status":"open","sticky":false,"template":"","format":"standard","meta":{"_acf_changed":false,"_sitemap_exclude":false,"_sitemap_priority":"","_sitemap_frequency":"","footnotes":""},"categories":[56],"tags":[],"class_list":["post-188263","post","type-post","status-publish","format-standard","has-post-thumbnail","hentry","category-xeberler","infinite-scroll-item","generate-columns","tablet-grid-50","mobile-grid-100","grid-parent","grid-33","no-featured-image-padding"],"acf":[],"yoast_head":"<!-- This site is optimized with the Yoast SEO plugin v27.4 - https:\/\/yoast.com\/product\/yoast-seo-wordpress\/ -->\n<title>\u0130\u015fd\u0259n \u00e7\u0131xar\u0131lan h\u0259kim \u0130nstitutun direktorunu m\u0259hk\u0259m\u0259y\u0259 verm\u0259y\u0259 haz\u0131rla\u015f\u0131r - MEYDAN.TV<\/title>\n<meta name=\"robots\" content=\"index, follow, max-snippet:-1, max-image-preview:large, max-video-preview:-1\" \/>\n<link rel=\"canonical\" href=\"https:\/\/www.meydan.tv\/az\/article\/isden-cixarilan-hekim-institutun-direktorunu-mehkemeye-vermeye-hazirlasir\/\" \/>\n<meta property=\"og:locale\" content=\"az_AZ\" \/>\n<meta property=\"og:type\" content=\"article\" \/>\n<meta property=\"og:title\" content=\"\u0130\u015fd\u0259n \u00e7\u0131xar\u0131lan h\u0259kim \u0130nstitutun direktorunu m\u0259hk\u0259m\u0259y\u0259 verm\u0259y\u0259 haz\u0131rla\u015f\u0131r - MEYDAN.TV\" \/>\n<meta property=\"og:description\" content=\"&#039;&#039;Etiraz ed\u0259n b\u00fct\u00fcn h\u0259kiml\u0259ri i\u015fd\u0259n k\u0259narla\u015fd\u0131r\u0131r&#039;&#039;\" \/>\n<meta property=\"og:url\" content=\"https:\/\/www.meydan.tv\/az\/article\/isden-cixarilan-hekim-institutun-direktorunu-mehkemeye-vermeye-hazirlasir\/\" \/>\n<meta property=\"og:site_name\" content=\"MEYDAN.TV\" \/>\n<meta property=\"article:published_time\" content=\"2018-01-19T16:09:12+00:00\" \/>\n<meta property=\"og:image\" content=\"https:\/\/www.meydan.tv\/wp-content\/uploads\/38848.jpg\" \/>\n\t<meta property=\"og:image:width\" content=\"670\" \/>\n\t<meta property=\"og:image:height\" content=\"335\" \/>\n\t<meta property=\"og:image:type\" content=\"image\/jpeg\" \/>\n<meta name=\"author\" content=\"user-manager\" \/>\n<meta name=\"twitter:card\" content=\"summary_large_image\" \/>\n<script type=\"application\/ld+json\" class=\"yoast-schema-graph\">{\"@context\":\"https:\\\/\\\/schema.org\",\"@graph\":[{\"@type\":\"Article\",\"@id\":\"https:\\\/\\\/www.meydan.tv\\\/az\\\/article\\\/isden-cixarilan-hekim-institutun-direktorunu-mehkemeye-vermeye-hazirlasir\\\/#article\",\"isPartOf\":{\"@id\":\"https:\\\/\\\/www.meydan.tv\\\/az\\\/article\\\/isden-cixarilan-hekim-institutun-direktorunu-mehkemeye-vermeye-hazirlasir\\\/\"},\"author\":{\"name\":\"user-manager\",\"@id\":\"https:\\\/\\\/www.meydan.tv\\\/az\\\/#\\\/schema\\\/person\\\/10d11eccf6da3662cf5fdab9806ea91a\"},\"headline\":\"\u0130\u015fd\u0259n \u00e7\u0131xar\u0131lan h\u0259kim \u0130nstitutun direktorunu m\u0259hk\u0259m\u0259y\u0259 verm\u0259y\u0259 haz\u0131rla\u015f\u0131r\",\"datePublished\":\"2018-01-19T16:09:12+00:00\",\"mainEntityOfPage\":{\"@id\":\"https:\\\/\\\/www.meydan.tv\\\/az\\\/article\\\/isden-cixarilan-hekim-institutun-direktorunu-mehkemeye-vermeye-hazirlasir\\\/\"},\"wordCount\":527,\"publisher\":{\"@id\":\"https:\\\/\\\/www.meydan.tv\\\/az\\\/#organization\"},\"image\":{\"@id\":\"https:\\\/\\\/www.meydan.tv\\\/az\\\/article\\\/isden-cixarilan-hekim-institutun-direktorunu-mehkemeye-vermeye-hazirlasir\\\/#primaryimage\"},\"thumbnailUrl\":\"https:\\\/\\\/www.meydan.tv\\\/wp-content\\\/uploads\\\/38848.jpg\",\"articleSection\":[\"X\u0259b\u0259rl\u0259r\"],\"inLanguage\":\"az\"},{\"@type\":\"WebPage\",\"@id\":\"https:\\\/\\\/www.meydan.tv\\\/az\\\/article\\\/isden-cixarilan-hekim-institutun-direktorunu-mehkemeye-vermeye-hazirlasir\\\/\",\"url\":\"https:\\\/\\\/www.meydan.tv\\\/az\\\/article\\\/isden-cixarilan-hekim-institutun-direktorunu-mehkemeye-vermeye-hazirlasir\\\/\",\"name\":\"\u0130\u015fd\u0259n \u00e7\u0131xar\u0131lan h\u0259kim \u0130nstitutun direktorunu m\u0259hk\u0259m\u0259y\u0259 verm\u0259y\u0259 haz\u0131rla\u015f\u0131r - MEYDAN.TV\",\"isPartOf\":{\"@id\":\"https:\\\/\\\/www.meydan.tv\\\/az\\\/#website\"},\"primaryImageOfPage\":{\"@id\":\"https:\\\/\\\/www.meydan.tv\\\/az\\\/article\\\/isden-cixarilan-hekim-institutun-direktorunu-mehkemeye-vermeye-hazirlasir\\\/#primaryimage\"},\"image\":{\"@id\":\"https:\\\/\\\/www.meydan.tv\\\/az\\\/article\\\/isden-cixarilan-hekim-institutun-direktorunu-mehkemeye-vermeye-hazirlasir\\\/#primaryimage\"},\"thumbnailUrl\":\"https:\\\/\\\/www.meydan.tv\\\/wp-content\\\/uploads\\\/38848.jpg\",\"datePublished\":\"2018-01-19T16:09:12+00:00\",\"breadcrumb\":{\"@id\":\"https:\\\/\\\/www.meydan.tv\\\/az\\\/article\\\/isden-cixarilan-hekim-institutun-direktorunu-mehkemeye-vermeye-hazirlasir\\\/#breadcrumb\"},\"inLanguage\":\"az\",\"potentialAction\":[{\"@type\":\"ReadAction\",\"target\":[\"https:\\\/\\\/www.meydan.tv\\\/az\\\/article\\\/isden-cixarilan-hekim-institutun-direktorunu-mehkemeye-vermeye-hazirlasir\\\/\"]}]},{\"@type\":\"ImageObject\",\"inLanguage\":\"az\",\"@id\":\"https:\\\/\\\/www.meydan.tv\\\/az\\\/article\\\/isden-cixarilan-hekim-institutun-direktorunu-mehkemeye-vermeye-hazirlasir\\\/#primaryimage\",\"url\":\"https:\\\/\\\/www.meydan.tv\\\/wp-content\\\/uploads\\\/38848.jpg\",\"contentUrl\":\"https:\\\/\\\/www.meydan.tv\\\/wp-content\\\/uploads\\\/38848.jpg\",\"width\":670,\"height\":335,\"caption\":\"Source:\"},{\"@type\":\"BreadcrumbList\",\"@id\":\"https:\\\/\\\/www.meydan.tv\\\/az\\\/article\\\/isden-cixarilan-hekim-institutun-direktorunu-mehkemeye-vermeye-hazirlasir\\\/#breadcrumb\",\"itemListElement\":[{\"@type\":\"ListItem\",\"position\":1,\"name\":\"Ana s\u0259hif\u0259\",\"item\":\"https:\\\/\\\/www.meydan.tv\\\/az\\\/\"},{\"@type\":\"ListItem\",\"position\":2,\"name\":\"X\u0259b\u0259rl\u0259r\",\"item\":\"https:\\\/\\\/www.meydan.tv\\\/az\\\/section\\\/xeberler\\\/\"},{\"@type\":\"ListItem\",\"position\":3,\"name\":\"\u0130\u015fd\u0259n \u00e7\u0131xar\u0131lan h\u0259kim \u0130nstitutun direktorunu m\u0259hk\u0259m\u0259y\u0259 verm\u0259y\u0259 haz\u0131rla\u015f\u0131r\"}]},{\"@type\":\"WebSite\",\"@id\":\"https:\\\/\\\/www.meydan.tv\\\/az\\\/#website\",\"url\":\"https:\\\/\\\/www.meydan.tv\\\/az\\\/\",\"name\":\"MEYDAN.TV\",\"description\":\"Meydan TV Az\u0259rbaycan\u0131n media m\u0259kan\u0131ndak\u0131 alternativ s\u0259sidir\",\"publisher\":{\"@id\":\"https:\\\/\\\/www.meydan.tv\\\/az\\\/#organization\"},\"potentialAction\":[{\"@type\":\"SearchAction\",\"target\":{\"@type\":\"EntryPoint\",\"urlTemplate\":\"https:\\\/\\\/www.meydan.tv\\\/az\\\/?s={search_term_string}\"},\"query-input\":{\"@type\":\"PropertyValueSpecification\",\"valueRequired\":true,\"valueName\":\"search_term_string\"}}],\"inLanguage\":\"az\"},{\"@type\":\"Organization\",\"@id\":\"https:\\\/\\\/www.meydan.tv\\\/az\\\/#organization\",\"name\":\"Meydan TV\",\"url\":\"https:\\\/\\\/www.meydan.tv\\\/az\\\/\",\"logo\":{\"@type\":\"ImageObject\",\"inLanguage\":\"az\",\"@id\":\"https:\\\/\\\/www.meydan.tv\\\/az\\\/#\\\/schema\\\/logo\\\/image\\\/\",\"url\":\"https:\\\/\\\/www.meydan.tv\\\/wp-content\\\/uploads\\\/2021\\\/07\\\/meydan-logo.svg\",\"contentUrl\":\"https:\\\/\\\/www.meydan.tv\\\/wp-content\\\/uploads\\\/2021\\\/07\\\/meydan-logo.svg\",\"width\":195,\"height\":46,\"caption\":\"Meydan TV\"},\"image\":{\"@id\":\"https:\\\/\\\/www.meydan.tv\\\/az\\\/#\\\/schema\\\/logo\\\/image\\\/\"}},{\"@type\":\"Person\",\"@id\":\"https:\\\/\\\/www.meydan.tv\\\/az\\\/#\\\/schema\\\/person\\\/10d11eccf6da3662cf5fdab9806ea91a\",\"name\":\"user-manager\"}]}<\/script>\n<!-- \/ Yoast SEO plugin. -->","yoast_head_json":{"title":"\u0130\u015fd\u0259n \u00e7\u0131xar\u0131lan h\u0259kim \u0130nstitutun direktorunu m\u0259hk\u0259m\u0259y\u0259 verm\u0259y\u0259 haz\u0131rla\u015f\u0131r - MEYDAN.TV","robots":{"index":"index","follow":"follow","max-snippet":"max-snippet:-1","max-image-preview":"max-image-preview:large","max-video-preview":"max-video-preview:-1"},"canonical":"https:\/\/www.meydan.tv\/az\/article\/isden-cixarilan-hekim-institutun-direktorunu-mehkemeye-vermeye-hazirlasir\/","og_locale":"az_AZ","og_type":"article","og_title":"\u0130\u015fd\u0259n \u00e7\u0131xar\u0131lan h\u0259kim \u0130nstitutun direktorunu m\u0259hk\u0259m\u0259y\u0259 verm\u0259y\u0259 haz\u0131rla\u015f\u0131r - MEYDAN.TV","og_description":"''Etiraz ed\u0259n b\u00fct\u00fcn h\u0259kiml\u0259ri i\u015fd\u0259n k\u0259narla\u015fd\u0131r\u0131r''","og_url":"https:\/\/www.meydan.tv\/az\/article\/isden-cixarilan-hekim-institutun-direktorunu-mehkemeye-vermeye-hazirlasir\/","og_site_name":"MEYDAN.TV","article_published_time":"2018-01-19T16:09:12+00:00","og_image":[{"width":670,"height":335,"url":"https:\/\/www.meydan.tv\/wp-content\/uploads\/38848.jpg","type":"image\/jpeg"}],"author":"user-manager","twitter_card":"summary_large_image","schema":{"@context":"https:\/\/schema.org","@graph":[{"@type":"Article","@id":"https:\/\/www.meydan.tv\/az\/article\/isden-cixarilan-hekim-institutun-direktorunu-mehkemeye-vermeye-hazirlasir\/#article","isPartOf":{"@id":"https:\/\/www.meydan.tv\/az\/article\/isden-cixarilan-hekim-institutun-direktorunu-mehkemeye-vermeye-hazirlasir\/"},"author":{"name":"user-manager","@id":"https:\/\/www.meydan.tv\/az\/#\/schema\/person\/10d11eccf6da3662cf5fdab9806ea91a"},"headline":"\u0130\u015fd\u0259n \u00e7\u0131xar\u0131lan h\u0259kim \u0130nstitutun direktorunu m\u0259hk\u0259m\u0259y\u0259 verm\u0259y\u0259 haz\u0131rla\u015f\u0131r","datePublished":"2018-01-19T16:09:12+00:00","mainEntityOfPage":{"@id":"https:\/\/www.meydan.tv\/az\/article\/isden-cixarilan-hekim-institutun-direktorunu-mehkemeye-vermeye-hazirlasir\/"},"wordCount":527,"publisher":{"@id":"https:\/\/www.meydan.tv\/az\/#organization"},"image":{"@id":"https:\/\/www.meydan.tv\/az\/article\/isden-cixarilan-hekim-institutun-direktorunu-mehkemeye-vermeye-hazirlasir\/#primaryimage"},"thumbnailUrl":"https:\/\/www.meydan.tv\/wp-content\/uploads\/38848.jpg","articleSection":["X\u0259b\u0259rl\u0259r"],"inLanguage":"az"},{"@type":"WebPage","@id":"https:\/\/www.meydan.tv\/az\/article\/isden-cixarilan-hekim-institutun-direktorunu-mehkemeye-vermeye-hazirlasir\/","url":"https:\/\/www.meydan.tv\/az\/article\/isden-cixarilan-hekim-institutun-direktorunu-mehkemeye-vermeye-hazirlasir\/","name":"\u0130\u015fd\u0259n \u00e7\u0131xar\u0131lan h\u0259kim \u0130nstitutun direktorunu m\u0259hk\u0259m\u0259y\u0259 verm\u0259y\u0259 haz\u0131rla\u015f\u0131r - MEYDAN.TV","isPartOf":{"@id":"https:\/\/www.meydan.tv\/az\/#website"},"primaryImageOfPage":{"@id":"https:\/\/www.meydan.tv\/az\/article\/isden-cixarilan-hekim-institutun-direktorunu-mehkemeye-vermeye-hazirlasir\/#primaryimage"},"image":{"@id":"https:\/\/www.meydan.tv\/az\/article\/isden-cixarilan-hekim-institutun-direktorunu-mehkemeye-vermeye-hazirlasir\/#primaryimage"},"thumbnailUrl":"https:\/\/www.meydan.tv\/wp-content\/uploads\/38848.jpg","datePublished":"2018-01-19T16:09:12+00:00","breadcrumb":{"@id":"https:\/\/www.meydan.tv\/az\/article\/isden-cixarilan-hekim-institutun-direktorunu-mehkemeye-vermeye-hazirlasir\/#breadcrumb"},"inLanguage":"az","potentialAction":[{"@type":"ReadAction","target":["https:\/\/www.meydan.tv\/az\/article\/isden-cixarilan-hekim-institutun-direktorunu-mehkemeye-vermeye-hazirlasir\/"]}]},{"@type":"ImageObject","inLanguage":"az","@id":"https:\/\/www.meydan.tv\/az\/article\/isden-cixarilan-hekim-institutun-direktorunu-mehkemeye-vermeye-hazirlasir\/#primaryimage","url":"https:\/\/www.meydan.tv\/wp-content\/uploads\/38848.jpg","contentUrl":"https:\/\/www.meydan.tv\/wp-content\/uploads\/38848.jpg","width":670,"height":335,"caption":"Source:"},{"@type":"BreadcrumbList","@id":"https:\/\/www.meydan.tv\/az\/article\/isden-cixarilan-hekim-institutun-direktorunu-mehkemeye-vermeye-hazirlasir\/#breadcrumb","itemListElement":[{"@type":"ListItem","position":1,"name":"Ana s\u0259hif\u0259","item":"https:\/\/www.meydan.tv\/az\/"},{"@type":"ListItem","position":2,"name":"X\u0259b\u0259rl\u0259r","item":"https:\/\/www.meydan.tv\/az\/section\/xeberler\/"},{"@type":"ListItem","position":3,"name":"\u0130\u015fd\u0259n \u00e7\u0131xar\u0131lan h\u0259kim \u0130nstitutun direktorunu m\u0259hk\u0259m\u0259y\u0259 verm\u0259y\u0259 haz\u0131rla\u015f\u0131r"}]},{"@type":"WebSite","@id":"https:\/\/www.meydan.tv\/az\/#website","url":"https:\/\/www.meydan.tv\/az\/","name":"MEYDAN.TV","description":"Meydan TV Az\u0259rbaycan\u0131n media m\u0259kan\u0131ndak\u0131 alternativ s\u0259sidir","publisher":{"@id":"https:\/\/www.meydan.tv\/az\/#organization"},"potentialAction":[{"@type":"SearchAction","target":{"@type":"EntryPoint","urlTemplate":"https:\/\/www.meydan.tv\/az\/?s={search_term_string}"},"query-input":{"@type":"PropertyValueSpecification","valueRequired":true,"valueName":"search_term_string"}}],"inLanguage":"az"},{"@type":"Organization","@id":"https:\/\/www.meydan.tv\/az\/#organization","name":"Meydan TV","url":"https:\/\/www.meydan.tv\/az\/","logo":{"@type":"ImageObject","inLanguage":"az","@id":"https:\/\/www.meydan.tv\/az\/#\/schema\/logo\/image\/","url":"https:\/\/www.meydan.tv\/wp-content\/uploads\/2021\/07\/meydan-logo.svg","contentUrl":"https:\/\/www.meydan.tv\/wp-content\/uploads\/2021\/07\/meydan-logo.svg","width":195,"height":46,"caption":"Meydan TV"},"image":{"@id":"https:\/\/www.meydan.tv\/az\/#\/schema\/logo\/image\/"}},{"@type":"Person","@id":"https:\/\/www.meydan.tv\/az\/#\/schema\/person\/10d11eccf6da3662cf5fdab9806ea91a","name":"user-manager"}]}},"_links":{"self":[{"href":"https:\/\/www.meydan.tv\/az\/wp-json\/wp\/v2\/posts\/188263","targetHints":{"allow":["GET"]}}],"collection":[{"href":"https:\/\/www.meydan.tv\/az\/wp-json\/wp\/v2\/posts"}],"about":[{"href":"https:\/\/www.meydan.tv\/az\/wp-json\/wp\/v2\/types\/post"}],"author":[{"embeddable":true,"href":"https:\/\/www.meydan.tv\/az\/wp-json\/wp\/v2\/users\/11"}],"replies":[{"embeddable":true,"href":"https:\/\/www.meydan.tv\/az\/wp-json\/wp\/v2\/comments?post=188263"}],"version-history":[{"count":0,"href":"https:\/\/www.meydan.tv\/az\/wp-json\/wp\/v2\/posts\/188263\/revisions"}],"wp:featuredmedia":[{"embeddable":true,"href":"https:\/\/www.meydan.tv\/az\/wp-json\/wp\/v2\/media\/98260"}],"wp:attachment":[{"href":"https:\/\/www.meydan.tv\/az\/wp-json\/wp\/v2\/media?parent=188263"}],"wp:term":[{"taxonomy":"category","embeddable":true,"href":"https:\/\/www.meydan.tv\/az\/wp-json\/wp\/v2\/categories?post=188263"},{"taxonomy":"post_tag","embeddable":true,"href":"https:\/\/www.meydan.tv\/az\/wp-json\/wp\/v2\/tags?post=188263"}],"curies":[{"name":"wp","href":"https:\/\/api.w.org\/{rel}","templated":true}]}}