{"id":188200,"date":"2018-01-16T15:44:40","date_gmt":"2018-01-16T15:44:40","guid":{"rendered":"https:\/\/www.meydan.tv\/article\/kecmis-polis-ve-aile-uzvleri-mehkeme-qarsisinda\/"},"modified":"2018-01-16T15:44:40","modified_gmt":"2018-01-16T15:44:40","slug":"kecmis-polis-ve-aile-uzvleri-mehkeme-qarsisinda","status":"publish","type":"post","link":"https:\/\/www.meydan.tv\/az\/article\/kecmis-polis-ve-aile-uzvleri-mehkeme-qarsisinda\/","title":{"rendered":"Ke\u00e7mi\u015f polis v\u0259 ail\u0259 \u00fczvl\u0259ri m\u0259hk\u0259m\u0259 qar\u015f\u0131s\u0131nda"},"content":{"rendered":"<figure class=\"wp-block-image size-large\">\n  <img decoding=\"async\" src=\"https:\/\/www.meydan.tv\/az\/baki-agir-cinayetler-mehkemesi\/\" alt=\"Bak\u0131 A\u011f\u0131r Cinay\u0259tl\u0259r M\u0259hk\u0259m\u0259si\" class=\"wp-image-93859\"\/><figcaption>\n    Bak\u0131 A\u011f\u0131r Cinay\u0259tl\u0259r M\u0259hk\u0259m\u0259si<br \/>\n  <\/figcaption><\/figure>\n<p>\n  <i><br \/>\n    H\u0259bsd\u0259 olan Azayevl\u0259r\u0259 qar\u015f\u0131 yeni ittiham ir\u0259li s\u00fcr\u00fcl\u00fcb<br \/>\n  <\/i>\n<\/p>\n<p>\n  Yanvar\u0131n 16-da Bak\u0131 A\u011f\u0131r Cinay\u0259tl\u0259r M\u0259hk\u0259m\u0259sid\u0259 Ba\u015f D\u00f6vl\u0259t Yol Polisi \u0130dar\u0259sinin ke\u00e7mi\u015f \u0259m\u0259kda\u015f\u0131 F\u0259rid Azayev, qarda\u015f\u0131 Faiq Azayev v\u0259 atas\u0131 \u0130sif Azayevin cinay\u0259t i\u015fi \u00fczr\u0259 m\u0259hk\u0259m\u0259 prosesi ba\u015flay\u0131b.\n<\/p>\n<p>\n  Hakim Eldar \u0130smay\u0131lovun s\u0259drliyi il\u0259 ke\u00e7iril\u0259n haz\u0131rl\u0131q iclas\u0131nda t\u0259qsirl\u0259ndiril\u0259n \u015f\u0259xsl\u0259rin anket m\u0259lumatlar\u0131 d\u0259qiql\u0259\u015fdirilib. Onlar d\u00f6vl\u0259t t\u0259r\u0259find\u0259n t\u0259yin edil\u0259n v\u0259kill\u0259rd\u0259n imtina edibl\u0259r v\u0259 \u00f6z v\u0259kill\u0259rinin iclasda i\u015ftirak etm\u0259l\u0259rini ist\u0259yibl\u0259r. Bildiribl\u0259r ki, h\u0259r \u00fc\u00e7\u00fc sifari\u015fl\u0259 h\u0259bs edilib v\u0259 v\u0259kill\u0259rl\u0259 m\u00fcqavil\u0259 ba\u011flamaq \u00fc\u00e7\u00fcn he\u00e7 kiml\u0259ri yoxdur. \u0130.Azayev deyib ki, ancaq yolda\u015f\u0131 qal\u0131b, o da x\u0259st\u0259xanadad\u0131r. Yax\u0131n g\u00fcnl\u0259rd\u0259 x\u0259st\u0259xanadan \u00e7\u0131x\u0131b v\u0259kill\u0259rl\u0259 m\u00fcqavil\u0259 ba\u011flayacaq. Hakim bunu n\u0259z\u0259r\u0259 alaraq prosesin haz\u0131rl\u0131q iclas\u0131n\u0131 yanvar\u0131n 23-n\u0259 t\u0259xir\u0259 sal\u0131b.\n<\/p>\n<p>\n  F\u0259rid Azayev bir qrup \u015f\u0259xsl\u0259 cinay\u0259t i\u015fi \u00fczr\u0259 z\u0259r\u0259r\u00e7\u0259kmi\u015f kimi tan\u0131nan Sevinc M\u0259mm\u0259dovan\u0131 v\u0259 \u015e\u0259f\u0259q Beydullayevan\u0131 o\u011furlayaraq onlara qar\u015f\u0131 seksual xarakterli zorak\u0131l\u0131q h\u0259r\u0259k\u0259tl\u0259ri etm\u0259kd\u0259 ittiham olunur. \u0130ttihama g\u00f6r\u0259, hadis\u0259 2014-c\u00fc il dekabr\u0131n 22-n\u0259 ke\u00e7\u0259n gec\u0259 saat 03:00 rad\u0259l\u0259rind\u0259 ba\u015f verib.\n<\/p>\n<p>\n  F\u0259rid v\u0259 Faiq Azayev\u0259 qar\u015f\u0131 Cinay\u0259t M\u0259c\u0259ll\u0259sinin (CM) 144.2.1 (iki v\u0259 ya daha \u00e7ox adam bar\u0259sind\u0259 t\u00f6r\u0259dil\u0259n adam o\u011furlu\u011fu), 144.2.3 (bir qrup \u015f\u0259xs, qabaqcadan \u0259lbir olan bir qrup \u015f\u0259xs v\u0259 ya m\u00fct\u0259\u015f\u0259kkil d\u0259st\u0259 v\u0259 ya cinay\u0259tkar birlik t\u0259r\u0259find\u0259n t\u00f6r\u0259dil\u0259n adam o\u011furlu\u011fu) v\u0259 150.2.1-ci (bir qrup \u015f\u0259xs, qabaqcadan \u0259lbir olan bir qrup \u015f\u0259xs v\u0259 ya m\u00fct\u0259\u015f\u0259kkil d\u0259st\u0259 t\u0259r\u0259find\u0259n t\u00f6r\u0259dil\u0259n seksual xarakterli zorak\u0131l\u0131q h\u0259r\u0259k\u0259tl\u0259ri) madd\u0259l\u0259ri il\u0259 ittiham ir\u0259li s\u00fcr\u00fcl\u00fcb.\n<\/p>\n<p>\n  S\u0259bail Rayon M\u0259hk\u0259m\u0259sinin 16 yanvar 2015-ci il tarixli q\u0259rar\u0131 il\u0259 F\u0259rid Azayev bar\u0259sind\u0259 4 ay m\u00fcdd\u0259tind\u0259 h\u0259bs q\u0259timkan t\u0259dbiri se\u00e7ilib. Faiq Azayev bar\u0259sind\u0259 is\u0259 polisin n\u0259zar\u0259ti alt\u0131na verilm\u0259 q\u0259timkan t\u0259dbiri se\u00e7ilib.\n<\/p>\n<p>\n  Bak\u0131 A\u011f\u0131r Cinay\u0259tl\u0259r M\u0259hk\u0259m\u0259sinin h\u00f6km\u00fc il\u0259 F\u0259rid Azayev 10 il 6 ay v\u0259 V\u00fcsal Babayev 9 il m\u00fcdd\u0259tin\u0259 azadl\u0131qdan m\u0259hrum edilib. Faiq Azayev 5 il 6 ay m\u00fcdd\u0259tin\u0259 azadl\u0131qdan m\u0259hrum edilib v\u0259 onun bar\u0259sind\u0259 polisin n\u0259zar\u0259tin\u0259 verilm\u0259 q\u0259timkan t\u0259dbiri h\u0259bs q\u0259timkan t\u0259dbiri il\u0259 \u0259v\u0259z olunub. O, m\u0259hk\u0259m\u0259 zal\u0131nda h\u0259bs olunub. Sona K\u0259rimova bar\u0259sind\u0259 is\u0259 2700 manatl\u0131q c\u0259rim\u0259 c\u0259zas\u0131 k\u0259silib.\n<\/p>\n<p>\n  Daha sonra Azayev qarda\u015flar\u0131n\u0131n atas\u0131 \u0130sif Azayev d\u0259 h\u0259bs edilib. Ona v\u0259 o\u011fullar\u0131na CM-nin 177-ci (o\u011furluq) v\u0259 182-ci (h\u0259d\u0259-qorxu il\u0259 t\u0259l\u0259b etm\u0259) madd\u0259si il\u0259 yeni ittiham elan edilib.<\/p>\n","protected":false},"excerpt":{"rendered":"<p>H\u0259bsd\u0259 olan Azayevl\u0259r\u0259 qar\u015f\u0131 yeni ittiham ir\u0259li s\u00fcr\u00fcl\u00fcb<\/p>\n","protected":false},"author":11,"featured_media":93859,"comment_status":"closed","ping_status":"open","sticky":false,"template":"","format":"standard","meta":{"_acf_changed":false,"_sitemap_exclude":false,"_sitemap_priority":"","_sitemap_frequency":"","footnotes":""},"categories":[56],"tags":[],"class_list":["post-188200","post","type-post","status-publish","format-standard","has-post-thumbnail","hentry","category-xeberler","infinite-scroll-item","generate-columns","tablet-grid-50","mobile-grid-100","grid-parent","grid-33","no-featured-image-padding"],"acf":[],"yoast_head":"<!-- This site is optimized with the Yoast SEO plugin v27.5 - https:\/\/yoast.com\/product\/yoast-seo-wordpress\/ -->\n<title>Ke\u00e7mi\u015f polis v\u0259 ail\u0259 \u00fczvl\u0259ri m\u0259hk\u0259m\u0259 qar\u015f\u0131s\u0131nda - MEYDAN.TV<\/title>\n<meta name=\"robots\" content=\"index, follow, max-snippet:-1, max-image-preview:large, max-video-preview:-1\" \/>\n<link rel=\"canonical\" href=\"https:\/\/www.meydan.tv\/az\/article\/kecmis-polis-ve-aile-uzvleri-mehkeme-qarsisinda\/\" \/>\n<meta property=\"og:locale\" content=\"az_AZ\" \/>\n<meta property=\"og:type\" content=\"article\" \/>\n<meta property=\"og:title\" content=\"Ke\u00e7mi\u015f polis v\u0259 ail\u0259 \u00fczvl\u0259ri m\u0259hk\u0259m\u0259 qar\u015f\u0131s\u0131nda - MEYDAN.TV\" \/>\n<meta property=\"og:description\" content=\"H\u0259bsd\u0259 olan Azayevl\u0259r\u0259 qar\u015f\u0131 yeni ittiham ir\u0259li s\u00fcr\u00fcl\u00fcb\" \/>\n<meta property=\"og:url\" content=\"https:\/\/www.meydan.tv\/az\/article\/kecmis-polis-ve-aile-uzvleri-mehkeme-qarsisinda\/\" \/>\n<meta property=\"og:site_name\" content=\"MEYDAN.TV\" \/>\n<meta property=\"article:published_time\" content=\"2018-01-16T15:44:40+00:00\" \/>\n<meta property=\"og:image\" content=\"https:\/\/www.meydan.tv\/wp-content\/uploads\/37053.jpg\" \/>\n\t<meta property=\"og:image:width\" content=\"1023\" \/>\n\t<meta property=\"og:image:height\" content=\"575\" \/>\n\t<meta property=\"og:image:type\" content=\"image\/jpeg\" \/>\n<meta name=\"author\" content=\"user-manager\" \/>\n<meta name=\"twitter:card\" content=\"summary_large_image\" \/>\n<script type=\"application\/ld+json\" class=\"yoast-schema-graph\">{\"@context\":\"https:\\\/\\\/schema.org\",\"@graph\":[{\"@type\":\"Article\",\"@id\":\"https:\\\/\\\/www.meydan.tv\\\/az\\\/article\\\/kecmis-polis-ve-aile-uzvleri-mehkeme-qarsisinda\\\/#article\",\"isPartOf\":{\"@id\":\"https:\\\/\\\/www.meydan.tv\\\/az\\\/article\\\/kecmis-polis-ve-aile-uzvleri-mehkeme-qarsisinda\\\/\"},\"author\":{\"name\":\"user-manager\",\"@id\":\"https:\\\/\\\/www.meydan.tv\\\/az\\\/#\\\/schema\\\/person\\\/10d11eccf6da3662cf5fdab9806ea91a\"},\"headline\":\"Ke\u00e7mi\u015f polis v\u0259 ail\u0259 \u00fczvl\u0259ri m\u0259hk\u0259m\u0259 qar\u015f\u0131s\u0131nda\",\"datePublished\":\"2018-01-16T15:44:40+00:00\",\"mainEntityOfPage\":{\"@id\":\"https:\\\/\\\/www.meydan.tv\\\/az\\\/article\\\/kecmis-polis-ve-aile-uzvleri-mehkeme-qarsisinda\\\/\"},\"wordCount\":565,\"publisher\":{\"@id\":\"https:\\\/\\\/www.meydan.tv\\\/az\\\/#organization\"},\"image\":{\"@id\":\"https:\\\/\\\/www.meydan.tv\\\/az\\\/article\\\/kecmis-polis-ve-aile-uzvleri-mehkeme-qarsisinda\\\/#primaryimage\"},\"thumbnailUrl\":\"https:\\\/\\\/www.meydan.tv\\\/wp-content\\\/uploads\\\/37053.jpg\",\"articleSection\":[\"X\u0259b\u0259rl\u0259r\"],\"inLanguage\":\"az\"},{\"@type\":\"WebPage\",\"@id\":\"https:\\\/\\\/www.meydan.tv\\\/az\\\/article\\\/kecmis-polis-ve-aile-uzvleri-mehkeme-qarsisinda\\\/\",\"url\":\"https:\\\/\\\/www.meydan.tv\\\/az\\\/article\\\/kecmis-polis-ve-aile-uzvleri-mehkeme-qarsisinda\\\/\",\"name\":\"Ke\u00e7mi\u015f polis v\u0259 ail\u0259 \u00fczvl\u0259ri m\u0259hk\u0259m\u0259 qar\u015f\u0131s\u0131nda - MEYDAN.TV\",\"isPartOf\":{\"@id\":\"https:\\\/\\\/www.meydan.tv\\\/az\\\/#website\"},\"primaryImageOfPage\":{\"@id\":\"https:\\\/\\\/www.meydan.tv\\\/az\\\/article\\\/kecmis-polis-ve-aile-uzvleri-mehkeme-qarsisinda\\\/#primaryimage\"},\"image\":{\"@id\":\"https:\\\/\\\/www.meydan.tv\\\/az\\\/article\\\/kecmis-polis-ve-aile-uzvleri-mehkeme-qarsisinda\\\/#primaryimage\"},\"thumbnailUrl\":\"https:\\\/\\\/www.meydan.tv\\\/wp-content\\\/uploads\\\/37053.jpg\",\"datePublished\":\"2018-01-16T15:44:40+00:00\",\"breadcrumb\":{\"@id\":\"https:\\\/\\\/www.meydan.tv\\\/az\\\/article\\\/kecmis-polis-ve-aile-uzvleri-mehkeme-qarsisinda\\\/#breadcrumb\"},\"inLanguage\":\"az\",\"potentialAction\":[{\"@type\":\"ReadAction\",\"target\":[\"https:\\\/\\\/www.meydan.tv\\\/az\\\/article\\\/kecmis-polis-ve-aile-uzvleri-mehkeme-qarsisinda\\\/\"]}]},{\"@type\":\"ImageObject\",\"inLanguage\":\"az\",\"@id\":\"https:\\\/\\\/www.meydan.tv\\\/az\\\/article\\\/kecmis-polis-ve-aile-uzvleri-mehkeme-qarsisinda\\\/#primaryimage\",\"url\":\"https:\\\/\\\/www.meydan.tv\\\/wp-content\\\/uploads\\\/37053.jpg\",\"contentUrl\":\"https:\\\/\\\/www.meydan.tv\\\/wp-content\\\/uploads\\\/37053.jpg\",\"width\":1023,\"height\":575,\"caption\":\"Bak\u0131 A\u011f\u0131r Cinay\u0259tl\u0259r M\u0259hk\u0259m\u0259si\"},{\"@type\":\"BreadcrumbList\",\"@id\":\"https:\\\/\\\/www.meydan.tv\\\/az\\\/article\\\/kecmis-polis-ve-aile-uzvleri-mehkeme-qarsisinda\\\/#breadcrumb\",\"itemListElement\":[{\"@type\":\"ListItem\",\"position\":1,\"name\":\"Ana s\u0259hif\u0259\",\"item\":\"https:\\\/\\\/www.meydan.tv\\\/az\\\/\"},{\"@type\":\"ListItem\",\"position\":2,\"name\":\"X\u0259b\u0259rl\u0259r\",\"item\":\"https:\\\/\\\/www.meydan.tv\\\/az\\\/section\\\/xeberler\\\/\"},{\"@type\":\"ListItem\",\"position\":3,\"name\":\"Ke\u00e7mi\u015f polis v\u0259 ail\u0259 \u00fczvl\u0259ri m\u0259hk\u0259m\u0259 qar\u015f\u0131s\u0131nda\"}]},{\"@type\":\"WebSite\",\"@id\":\"https:\\\/\\\/www.meydan.tv\\\/az\\\/#website\",\"url\":\"https:\\\/\\\/www.meydan.tv\\\/az\\\/\",\"name\":\"MEYDAN.TV\",\"description\":\"Meydan TV Az\u0259rbaycan\u0131n media m\u0259kan\u0131ndak\u0131 alternativ s\u0259sidir\",\"publisher\":{\"@id\":\"https:\\\/\\\/www.meydan.tv\\\/az\\\/#organization\"},\"potentialAction\":[{\"@type\":\"SearchAction\",\"target\":{\"@type\":\"EntryPoint\",\"urlTemplate\":\"https:\\\/\\\/www.meydan.tv\\\/az\\\/?s={search_term_string}\"},\"query-input\":{\"@type\":\"PropertyValueSpecification\",\"valueRequired\":true,\"valueName\":\"search_term_string\"}}],\"inLanguage\":\"az\"},{\"@type\":\"Organization\",\"@id\":\"https:\\\/\\\/www.meydan.tv\\\/az\\\/#organization\",\"name\":\"Meydan TV\",\"url\":\"https:\\\/\\\/www.meydan.tv\\\/az\\\/\",\"logo\":{\"@type\":\"ImageObject\",\"inLanguage\":\"az\",\"@id\":\"https:\\\/\\\/www.meydan.tv\\\/az\\\/#\\\/schema\\\/logo\\\/image\\\/\",\"url\":\"https:\\\/\\\/www.meydan.tv\\\/wp-content\\\/uploads\\\/2021\\\/07\\\/meydan-logo.svg\",\"contentUrl\":\"https:\\\/\\\/www.meydan.tv\\\/wp-content\\\/uploads\\\/2021\\\/07\\\/meydan-logo.svg\",\"width\":195,\"height\":46,\"caption\":\"Meydan TV\"},\"image\":{\"@id\":\"https:\\\/\\\/www.meydan.tv\\\/az\\\/#\\\/schema\\\/logo\\\/image\\\/\"}},{\"@type\":\"Person\",\"@id\":\"https:\\\/\\\/www.meydan.tv\\\/az\\\/#\\\/schema\\\/person\\\/10d11eccf6da3662cf5fdab9806ea91a\",\"name\":\"user-manager\"}]}<\/script>\n<!-- \/ Yoast SEO plugin. -->","yoast_head_json":{"title":"Ke\u00e7mi\u015f polis v\u0259 ail\u0259 \u00fczvl\u0259ri m\u0259hk\u0259m\u0259 qar\u015f\u0131s\u0131nda - MEYDAN.TV","robots":{"index":"index","follow":"follow","max-snippet":"max-snippet:-1","max-image-preview":"max-image-preview:large","max-video-preview":"max-video-preview:-1"},"canonical":"https:\/\/www.meydan.tv\/az\/article\/kecmis-polis-ve-aile-uzvleri-mehkeme-qarsisinda\/","og_locale":"az_AZ","og_type":"article","og_title":"Ke\u00e7mi\u015f polis v\u0259 ail\u0259 \u00fczvl\u0259ri m\u0259hk\u0259m\u0259 qar\u015f\u0131s\u0131nda - MEYDAN.TV","og_description":"H\u0259bsd\u0259 olan Azayevl\u0259r\u0259 qar\u015f\u0131 yeni ittiham ir\u0259li s\u00fcr\u00fcl\u00fcb","og_url":"https:\/\/www.meydan.tv\/az\/article\/kecmis-polis-ve-aile-uzvleri-mehkeme-qarsisinda\/","og_site_name":"MEYDAN.TV","article_published_time":"2018-01-16T15:44:40+00:00","og_image":[{"width":1023,"height":575,"url":"https:\/\/www.meydan.tv\/wp-content\/uploads\/37053.jpg","type":"image\/jpeg"}],"author":"user-manager","twitter_card":"summary_large_image","schema":{"@context":"https:\/\/schema.org","@graph":[{"@type":"Article","@id":"https:\/\/www.meydan.tv\/az\/article\/kecmis-polis-ve-aile-uzvleri-mehkeme-qarsisinda\/#article","isPartOf":{"@id":"https:\/\/www.meydan.tv\/az\/article\/kecmis-polis-ve-aile-uzvleri-mehkeme-qarsisinda\/"},"author":{"name":"user-manager","@id":"https:\/\/www.meydan.tv\/az\/#\/schema\/person\/10d11eccf6da3662cf5fdab9806ea91a"},"headline":"Ke\u00e7mi\u015f polis v\u0259 ail\u0259 \u00fczvl\u0259ri m\u0259hk\u0259m\u0259 qar\u015f\u0131s\u0131nda","datePublished":"2018-01-16T15:44:40+00:00","mainEntityOfPage":{"@id":"https:\/\/www.meydan.tv\/az\/article\/kecmis-polis-ve-aile-uzvleri-mehkeme-qarsisinda\/"},"wordCount":565,"publisher":{"@id":"https:\/\/www.meydan.tv\/az\/#organization"},"image":{"@id":"https:\/\/www.meydan.tv\/az\/article\/kecmis-polis-ve-aile-uzvleri-mehkeme-qarsisinda\/#primaryimage"},"thumbnailUrl":"https:\/\/www.meydan.tv\/wp-content\/uploads\/37053.jpg","articleSection":["X\u0259b\u0259rl\u0259r"],"inLanguage":"az"},{"@type":"WebPage","@id":"https:\/\/www.meydan.tv\/az\/article\/kecmis-polis-ve-aile-uzvleri-mehkeme-qarsisinda\/","url":"https:\/\/www.meydan.tv\/az\/article\/kecmis-polis-ve-aile-uzvleri-mehkeme-qarsisinda\/","name":"Ke\u00e7mi\u015f polis v\u0259 ail\u0259 \u00fczvl\u0259ri m\u0259hk\u0259m\u0259 qar\u015f\u0131s\u0131nda - MEYDAN.TV","isPartOf":{"@id":"https:\/\/www.meydan.tv\/az\/#website"},"primaryImageOfPage":{"@id":"https:\/\/www.meydan.tv\/az\/article\/kecmis-polis-ve-aile-uzvleri-mehkeme-qarsisinda\/#primaryimage"},"image":{"@id":"https:\/\/www.meydan.tv\/az\/article\/kecmis-polis-ve-aile-uzvleri-mehkeme-qarsisinda\/#primaryimage"},"thumbnailUrl":"https:\/\/www.meydan.tv\/wp-content\/uploads\/37053.jpg","datePublished":"2018-01-16T15:44:40+00:00","breadcrumb":{"@id":"https:\/\/www.meydan.tv\/az\/article\/kecmis-polis-ve-aile-uzvleri-mehkeme-qarsisinda\/#breadcrumb"},"inLanguage":"az","potentialAction":[{"@type":"ReadAction","target":["https:\/\/www.meydan.tv\/az\/article\/kecmis-polis-ve-aile-uzvleri-mehkeme-qarsisinda\/"]}]},{"@type":"ImageObject","inLanguage":"az","@id":"https:\/\/www.meydan.tv\/az\/article\/kecmis-polis-ve-aile-uzvleri-mehkeme-qarsisinda\/#primaryimage","url":"https:\/\/www.meydan.tv\/wp-content\/uploads\/37053.jpg","contentUrl":"https:\/\/www.meydan.tv\/wp-content\/uploads\/37053.jpg","width":1023,"height":575,"caption":"Bak\u0131 A\u011f\u0131r Cinay\u0259tl\u0259r M\u0259hk\u0259m\u0259si"},{"@type":"BreadcrumbList","@id":"https:\/\/www.meydan.tv\/az\/article\/kecmis-polis-ve-aile-uzvleri-mehkeme-qarsisinda\/#breadcrumb","itemListElement":[{"@type":"ListItem","position":1,"name":"Ana s\u0259hif\u0259","item":"https:\/\/www.meydan.tv\/az\/"},{"@type":"ListItem","position":2,"name":"X\u0259b\u0259rl\u0259r","item":"https:\/\/www.meydan.tv\/az\/section\/xeberler\/"},{"@type":"ListItem","position":3,"name":"Ke\u00e7mi\u015f polis v\u0259 ail\u0259 \u00fczvl\u0259ri m\u0259hk\u0259m\u0259 qar\u015f\u0131s\u0131nda"}]},{"@type":"WebSite","@id":"https:\/\/www.meydan.tv\/az\/#website","url":"https:\/\/www.meydan.tv\/az\/","name":"MEYDAN.TV","description":"Meydan TV Az\u0259rbaycan\u0131n media m\u0259kan\u0131ndak\u0131 alternativ s\u0259sidir","publisher":{"@id":"https:\/\/www.meydan.tv\/az\/#organization"},"potentialAction":[{"@type":"SearchAction","target":{"@type":"EntryPoint","urlTemplate":"https:\/\/www.meydan.tv\/az\/?s={search_term_string}"},"query-input":{"@type":"PropertyValueSpecification","valueRequired":true,"valueName":"search_term_string"}}],"inLanguage":"az"},{"@type":"Organization","@id":"https:\/\/www.meydan.tv\/az\/#organization","name":"Meydan TV","url":"https:\/\/www.meydan.tv\/az\/","logo":{"@type":"ImageObject","inLanguage":"az","@id":"https:\/\/www.meydan.tv\/az\/#\/schema\/logo\/image\/","url":"https:\/\/www.meydan.tv\/wp-content\/uploads\/2021\/07\/meydan-logo.svg","contentUrl":"https:\/\/www.meydan.tv\/wp-content\/uploads\/2021\/07\/meydan-logo.svg","width":195,"height":46,"caption":"Meydan TV"},"image":{"@id":"https:\/\/www.meydan.tv\/az\/#\/schema\/logo\/image\/"}},{"@type":"Person","@id":"https:\/\/www.meydan.tv\/az\/#\/schema\/person\/10d11eccf6da3662cf5fdab9806ea91a","name":"user-manager"}]}},"_links":{"self":[{"href":"https:\/\/www.meydan.tv\/az\/wp-json\/wp\/v2\/posts\/188200","targetHints":{"allow":["GET"]}}],"collection":[{"href":"https:\/\/www.meydan.tv\/az\/wp-json\/wp\/v2\/posts"}],"about":[{"href":"https:\/\/www.meydan.tv\/az\/wp-json\/wp\/v2\/types\/post"}],"author":[{"embeddable":true,"href":"https:\/\/www.meydan.tv\/az\/wp-json\/wp\/v2\/users\/11"}],"replies":[{"embeddable":true,"href":"https:\/\/www.meydan.tv\/az\/wp-json\/wp\/v2\/comments?post=188200"}],"version-history":[{"count":0,"href":"https:\/\/www.meydan.tv\/az\/wp-json\/wp\/v2\/posts\/188200\/revisions"}],"wp:featuredmedia":[{"embeddable":true,"href":"https:\/\/www.meydan.tv\/az\/wp-json\/wp\/v2\/media\/93859"}],"wp:attachment":[{"href":"https:\/\/www.meydan.tv\/az\/wp-json\/wp\/v2\/media?parent=188200"}],"wp:term":[{"taxonomy":"category","embeddable":true,"href":"https:\/\/www.meydan.tv\/az\/wp-json\/wp\/v2\/categories?post=188200"},{"taxonomy":"post_tag","embeddable":true,"href":"https:\/\/www.meydan.tv\/az\/wp-json\/wp\/v2\/tags?post=188200"}],"curies":[{"name":"wp","href":"https:\/\/api.w.org\/{rel}","templated":true}]}}