{"id":188183,"date":"2018-01-15T13:31:43","date_gmt":"2018-01-15T13:31:43","guid":{"rendered":"https:\/\/www.meydan.tv\/article\/yuksek-ehtiyatliliq-teleb-eden-zona\/"},"modified":"2018-01-15T13:31:43","modified_gmt":"2018-01-15T13:31:43","slug":"yuksek-ehtiyatliliq-teleb-eden-zona","status":"publish","type":"post","link":"https:\/\/www.meydan.tv\/az\/article\/yuksek-ehtiyatliliq-teleb-eden-zona\/","title":{"rendered":"Y\u00fcks\u0259k ehtiyatl\u0131l\u0131q t\u0259l\u0259b ed\u0259n zona"},"content":{"rendered":"<figure class=\"wp-block-image size-large\">\n  <img decoding=\"async\" src=\"https:\/\/www.meydan.tv\/az\/foto-turan-ia-11\/\" alt=\"foto Turan \u0130A\" class=\"wp-image-98026\"\/><figcaption>\n    foto Turan \u0130A<br \/>\n  <\/figcaption><\/figure>\n<p>\n  AB\u015e D\u00f6vl\u0259t Departamenti yanvar\u0131n 10-da Amerika v\u0259t\u0259nda\u015flar\u0131 \u00fc\u00e7\u00fcn d\u00fcnya \u00f6lk\u0259l\u0259rin\u0259 s\u0259f\u0259rl\u0259rin t\u0259hl\u00fck\u0259sizliyi il\u0259 ba\u011fl\u0131 yeni t\u00f6vsiy\u0259l\u0259r d\u0259rc edib. S\u0259n\u0259dd\u0259 b\u00fct\u00fcn d\u00f6vl\u0259tl\u0259r d\u00f6rd kateqoriyaya ayr\u0131l\u0131b (1. Normal ehtiyat t\u0259dbirl\u0259ri, 2. Y\u00fcks\u0259k ehtiyatl\u0131l\u0131q , 3. S\u0259f\u0259r q\u0259rar\u0131na yenid\u0259n bax\u0131ls\u0131n, 4. S\u0259f\u0259r edilm\u0259sin).\n<\/p>\n<p>\n  Az\u0259rbaycan ikinci qrupa d\u00fc\u015f\u00fcb. Y\u00fcks\u0259k ehtiyatl\u0131l\u0131q t\u0259l\u0259b ed\u0259n bu \u00f6lk\u0259l\u0259r kateqoriyas\u0131na terror aktlar\u0131 t\u0259hl\u00fck\u0259si il\u0259 \u0259laq\u0259dar bir \u00e7ox Q\u0259rbi Avropa d\u00f6vl\u0259tl\u0259ri, o c\u00fcml\u0259d\u0259n Almaniya, B\u00f6y\u00fck Britaniya v\u0259 Fransa da daxil olub. Ukrayna da &#8220;cinay\u0259tkarl\u0131q v\u0259 i\u011fti\u015fa\u015flarla&#8221; \u0259laq\u0259dar buraya aid edilib. \u0130kinci qrupa Braziliya, Hindistan, \u00c7in, S\u0259udiyy\u0259 \u018fr\u0259bistan\u0131 v\u0259 dig\u0259r d\u00f6vl\u0259tl\u0259r d\u0259 daxil edilib.\n<\/p>\n<p>\n  D\u00f6vl\u0259t qurumlar\u0131n\u0131n v\u0259t\u0259nda\u015flar\u0131na ayr\u0131-ayr\u0131 \u00f6lk\u0259l\u0259r\u0259 v\u0259 ya \u00f6lk\u0259l\u0259r qrupuna planla\u015fd\u0131r\u0131lan s\u0259f\u0259rl\u0259ri il\u0259 \u0259laq\u0259dar x\u0259b\u0259rdarl\u0131qlar\u0131 v\u0259 ya t\u00f6vsiy\u0259l\u0259ri t\u0259kc\u0259 AB\u015e deyil, bir s\u0131ra dig\u0259r \u00f6lk\u0259l\u0259r \u00fc\u00e7\u00fcn d\u0259 adi praktikad\u0131r. M\u0259qs\u0259d s\u0259yah\u0259t\u00e7il\u0259r\u0259 konkret s\u0259f\u0259r yeri haqq\u0131nda \u0259sasland\u0131r\u0131lm\u0131\u015f q\u0259rar verm\u0259k imkan\u0131 yaratmaqdan v\u0259 onlar\u0131n s\u0259f\u0259rl\u0259ri zaman\u0131 qar\u015f\u0131la\u015fa bil\u0259c\u0259kl\u0259ri hallara laz\u0131mi \u015f\u0259kild\u0259 haz\u0131rla\u015fmas\u0131na k\u00f6m\u0259k etm\u0259kd\u0259n ibar\u0259tdir. Birl\u0259\u015fmi\u015f \u015etatlarda s\u0259f\u0259rl\u0259r haqq\u0131nda x\u0259b\u0259rdarl\u0131qlar D\u00f6vl\u0259t Departamenti t\u0259r\u0259find\u0259n verilir.\n<\/p>\n<p>\n  Avstraliya, Avstriya, Bel\u00e7ika, Bolqar\u0131stan, Kanada, Xorvatiya, Kipr, \u00c7exiya, Danimarka, Estoniya, Finlandiya, Fransa, Almaniya, Honkonq, Macar\u0131stan, \u0130rlandiya, \u0130srail, \u0130taliya, Yaponiya, Latviya, Litva, L\u00fcksemburq, Malta, Meksika, Nideland, Yeni Zelandiya, Norve\u00e7, Pol\u015fa, Rum\u0131niya, Sinqapur, Slovakiya, C\u0259nubi Koreya, \u0130spaniya, \u0130sve\u00e7, \u0130sve\u00e7r\u0259, Tayvan, T\u00fcrkiy\u0259, B\u00f6y\u00fck Britaniya, Birl\u0259\u015fmi\u015f \u015etatlar m\u00fcnt\u0259z\u0259m olaraq \u00f6z v\u0259t\u0259nda\u015flar\u0131na s\u0259f\u0259r haqq\u0131nda x\u0259b\u0259rdarl\u0131q d\u0259rc edir.\n<\/p>\n<p>\n  Az\u0259rbaycanda D\u00f6vl\u0259t Departamentinin y\u00fcks\u0259k d\u0259r\u0259c\u0259d\u0259 ehtiyatl\u0131 olmaq \u00e7a\u011f\u0131r\u0131\u015f\u0131 terror riski, b\u0259zi rayonlarda is\u0259 y\u00fcks\u0259k riskl\u0259 \u0259laq\u0259l\u0259ndirilir. &#8220;Terror\u00e7u qruplar Az\u0259rbaycanda m\u00fcmk\u00fcn h\u00fccumlar planla\u015fd\u0131rma\u011fa davam edirl\u0259r. Terror\u00e7ular turizm yerl\u0259rin\u0259, n\u0259qliyyat qov\u015faqlar\u0131na, bazarlara\/ticar\u0259t m\u0259rk\u0259zl\u0259rin\u0259, yerli \u00f6z\u00fcn\u00fcidar\u0259 obyektl\u0259rin\u0259, mehmanxanalara, klublara, restoranlara, dini ayinl\u0259rin h\u0259yata ke\u00e7irildiyi yerl\u0259r\u0259, parklara, b\u00f6y\u00fck idman v\u0259 m\u0259d\u0259niyy\u0259t t\u0259dbirl\u0259rin\u0259, t\u0259hsil m\u00fc\u0259ssis\u0259l\u0259rin\u0259, aeroportlara v\u0259 dig\u0259r ictimai yerl\u0259r\u0259 ki\u00e7ik x\u0259b\u0259rdarl\u0131qla v\u0259 ya x\u0259b\u0259rdarl\u0131q etm\u0259d\u0259n h\u00fccum ed\u0259 bil\u0259rl\u0259r&#8221;, dey\u0259 potensial s\u0259yah\u0259t\u00e7il\u0259r \u00fc\u00e7\u00fcn t\u00f6vsiy\u0259l\u0259rd\u0259 bildirilir.\n<\/p>\n<p>\n  Az\u0259rbaycan X\u0130N kifay\u0259t q\u0259d\u0259r t\u0259mkinli tonla \u00f6lk\u0259nin D\u00f6vl\u0259t Departameninin Amerika v\u0259t\u0259nda\u015flar\u0131na t\u0259hl\u00fck\u0259sizlik t\u0259hdidi il\u0259 \u0259laq\u0259dar s\u0259f\u0259r etm\u0259m\u0259yi t\u00f6vsiy\u0259 etdiyi d\u00f6vl\u0259tl\u0259r aras\u0131na sal\u0131nmas\u0131na t\u0259\u0259cc\u00fcb\u00fcn\u00fc ifad\u0259 edib. &#8220;Erm\u0259nistan Silahl\u0131 Q\u00fcvv\u0259l\u0259ri t\u0259r\u0259find\u0259n i\u015f\u011fal olunmu\u015f \u0259razil\u0259r istisna olmaqla, Az\u0259rbaycan h\u00f6kum\u0259ti t\u0259hl\u00fck\u0259sizliyi tam \u015f\u0259kild\u0259 t\u0259min edir v\u0259 operativ \u015f\u0259rait\u0259 n\u0259zar\u0259t edir&#8221;, dey\u0259 X\u0130N-in m\u0259tbuat katibi Hikm\u0259t Hac\u0131yev bildirib.\n<\/p>\n<p>\n  H\u00f6kum\u0259ty\u00f6nl\u00fc K\u0130V-l\u0259rin v\u0259 h\u00f6kum\u0259t xadiml\u0259rinin naraz\u0131l\u0131\u011f\u0131 o q\u0259d\u0259r d\u0259 t\u0259mkinli deyildi, onlar 2017-ci ild\u0259 Amerikan\u0131 sars\u0131dan terror aktlar\u0131 seriyas\u0131na istinad edibl\u0259r. Bu reaksiyan\u0131 s\u0259mimi reaksiya kimi q\u0259bul etm\u0259k olard\u0131, amma o, r\u0259smi Bak\u0131n\u0131n laz\u0131mi d\u0259st\u0259yini almad\u0131. M\u0259lum oldu\u011fu kimi, Az\u0259rbaycan X\u0130N v\u0259t\u0259nda\u015flar\u0131na AB\u015e-a s\u0259f\u0259rl\u0259rd\u0259n \u00e7\u0259kinm\u0259k t\u00f6vsiy\u0259si yaymay\u0131b. Buradan bel\u0259 bir m\u0259ntiq \u00e7\u0131x\u0131r ki, r\u0259smi Bak\u0131 AB\u015e-\u0131 \u00f6z v\u0259t\u0259nda\u015flar\u0131 \u00fc\u00e7\u00fcn y\u00fcks\u0259k t\u0259hl\u00fck\u0259li \u0259razi kimi g\u00f6rm\u00fcr.\n<\/p>\n<p>\n  <b><br \/>\n    <i><br \/>\n      2017-ci il. Terror t\u0259hl\u00fck\u0259l\u0259ri<br \/>\n    <\/i><br \/>\n  <\/b>\n<\/p>\n<p>\n  2017-ci ild\u0259 Az\u0259rbaycanda terrorizm t\u0259hl\u00fck\u0259si v\u0259 ona qar\u015f\u0131 m\u00fcbariz\u0259 m\u00f6vzular\u0131n\u0131n tez-tez yad edilm\u0259si n\u0259z\u0259r\u0259 \u00e7arp\u0131b. Bu m\u00f6vzu Rusiya T\u0259hl\u00fck\u0259sizlik \u015euras\u0131n\u0131n katibi Nikolay Patru\u015fevin Az\u0259rbaycana iki s\u0259f\u0259ri (10-11 aprel v\u0259 29-30 sentyabr) zaman\u0131 m\u00fczakir\u0259 olunub. O, Az\u0259rbaycan t\u0259r\u0259fi il\u0259 bu sah\u0259d\u0259 qar\u015f\u0131l\u0131ql\u0131 f\u0259aliyy\u0259t m\u0259s\u0259l\u0259l\u0259rini m\u00fczakir\u0259 edib. Rusiya x\u00fcsusi xidm\u0259tl\u0259ri bel\u0259 bir n\u0259tic\u0259y\u0259 g\u0259lib ki, Rusiyan\u0131n Suriyada h\u0259rbi \u0259m\u0259liyyatlar\u0131na cavab olaraq \u0130\u015e\u0130D \u00f6z f\u0259aliyy\u0259t format\u0131n\u0131 d\u0259yi\u015fdirir v\u0259 praktiki olaraq d\u00fcnyan\u0131n m\u00fcxt\u0259lif hiss\u0259l\u0259rind\u0259, o c\u00fcml\u0259d\u0259n Rusiyada m\u00f6vcudlu\u011funu art\u0131rmaq v\u0259 onun \u0259razisind\u0259 intiqam aksiyalar\u0131 ke\u00e7irm\u0259k plan\u0131n\u0131 h\u0259yata ke\u00e7irm\u0259y\u0259 ba\u015flay\u0131b. \u0130\u015e\u0130D s\u0131ralar\u0131nda 3,5 min Rusiya v\u0259 900-\u0259 yax\u0131n Az\u0259rbaycan v\u0259t\u0259nda\u015f\u0131 d\u00f6y\u00fc\u015f\u00fcb v\u0259 d\u00f6y\u00fc\u015f\u00fcr, onlar\u0131n bir hiss\u0259si h\u0259lak olub, t\u0259xmin\u0259n 85 n\u0259f\u0259r v\u0259t\u0259n\u0259 qay\u0131td\u0131qdan sonra h\u0259bs edilib. H\u0259r iki t\u0259r\u0259f art\u0131q \u00f6z \u0259razil\u0259rind\u0259 qism\u0259n ke\u00e7mi\u015f \u0130\u015e\u0130D \u0259sg\u0259rl\u0259ri v\u0259 t\u0259r\u0259fdarlar\u0131 il\u0259 ba\u011fl\u0131 probleml\u0259 qar\u015f\u0131la\u015f\u0131blar, h\u0259m d\u0259 Moskva hesab edir ki, Az\u0259rbaycandan Rusiyaya qay\u0131dan, ilk n\u00f6vb\u0259d\u0259 \u015eimali Qafqazl\u0131 d\u00f6y\u00fc\u015f\u00e7\u00fcl\u0259r \u00fc\u00e7\u00fcn tranzit d\u0259hlizi kimi istifad\u0259 oluna bil\u0259r. T\u0259sad\u00fcfi deyil ki, 2017-ci ild\u0259 Kreml sakit olmayan Da\u011f\u0131standa qrupla\u015fman\u0131 g\u00fccl\u0259ndirm\u0259k v\u0259 \u00f6z m\u00fcavini general Vladimir Vasilyevi oraya g\u00f6nd\u0259rm\u0259k m\u0259cburiyy\u0259tind\u0259 qal\u0131b. \u015eimali Qafqazda d\u00f6y\u00fc\u015f\u00e7\u00fcl\u0259rin lokalla\u015fd\u0131r\u0131lmas\u0131, m\u0259hv edilm\u0259si v\u0259 ya \u0259sir g\u00f6t\u00fcr\u00fclm\u0259si haqq\u0131nda m\u0259lumat x\u0259b\u0259rl\u0259rd\u0259 tez-tez yer al\u0131rd\u0131.\n<\/p>\n<p>\n  M\u00fcxt\u0259lif g\u00f6r\u00fc\u015fl\u0259r, potensial terror\u00e7ular\u0131n m\u0259hv edilm\u0259si v\u0259 saxlan\u0131lmas\u0131 \u00fczr\u0259 t\u0259dbirl\u0259r, \u0259m\u0259liyyatlar \u0130\u015e\u0130D sindromunun ciddiliyin\u0259 d\u0259lal\u0259t edir.\n<\/p>\n<p>\n  Mart\u0131n 5-d\u0259 prezident \u0130lham \u018fliyevin Tehrana s\u0259f\u0259ri zaman\u0131 \u0130ran prezidenti Ruhani bildirib ki, &#8220;\u0130ran v\u0259 Az\u0259rbaycan\u0131n regional probleml\u0259r\u0259 \u00e7ox yax\u0131n bax\u0131\u015flar\u0131 var v\u0259 h\u0259r iki \u00f6lk\u0259 terrorizm\u0259 region \u00fc\u00e7\u00fcn ciddi t\u0259hl\u00fck\u0259 t\u0259\u015fkil ed\u0259n v\u0259habiliyin v\u0259 s\u0259l\u0259filiyin t\u00f6r\u0259m\u0259si kimi bax\u0131r. Biz ikimiz d\u0259 hesab edirik ki, regionda terrorizm ideyalar\u0131na v\u0259 t\u0259f\u0259kk\u00fcr\u00fcn\u0259 h\u0259mi\u015f\u0259lik son qoyulmal\u0131d\u0131r&#8221;.\n<\/p>\n<p>\n  29 may &#8211; 4 iyun tarixl\u0259rind\u0259 Az\u0259rbaycan\u0131n Rusiya il\u0259 s\u0259rh\u0259d\u0259 yax\u0131n \u015fimal rayonlar\u0131nda Daxili \u0130\u015fl\u0259r Nazirliyi transmilli m\u00fct\u0259\u015f\u0259kkil cinay\u0259tkar qruplar\u0131n v\u0259 terror t\u0259\u015fkilatlar\u0131n\u0131n \u00fczvl\u0259rinin z\u0259r\u0259rsizl\u0259\u015fdirilm\u0259si, silahlar\u0131n, partlay\u0131c\u0131 madd\u0259l\u0259rin v\u0259 qur\u011fular\u0131n, narkotik vasit\u0259l\u0259rin, habel\u0259 dig\u0259r h\u00fcquqazidd \u0259m\u0259ll\u0259rin h\u0259yata ke\u00e7irilm\u0259sin\u0259 y\u00f6n\u0259l\u0259n maliyy\u0259 v\u0259saitl\u0259rinin v\u0259 maddi v\u0259saitl\u0259rin daxil oldu\u011fu kanallar\u0131n m\u00fc\u0259yy\u0259n edilm\u0259si v\u0259 qar\u015f\u0131s\u0131n\u0131n al\u0131nmas\u0131 m\u0259qs\u0259di il\u0259 &#8220;S\u0259rh\u0259d-qalxan&#8221; \u0259m\u0259liyyat\u0131 h\u0259yata ke\u00e7irilib.\n<\/p>\n<p>\n  Oktbayr\u0131n 5-d\u0259 Bak\u0131da MDB i\u015ftirak\u00e7\u0131s\u0131 olan \u00f6lk\u0259l\u0259rin t\u0259hl\u00fck\u0259sizlik orqanlar\u0131n\u0131n, x\u00fcsusi xidm\u0259tl\u0259rinin v\u0259 h\u00fcquq-m\u00fchafiz\u0259 orqanlar\u0131n\u0131n n\u00fcmay\u0259nd\u0259l\u0259rinin VII regional ekspert m\u00fc\u015favir\u0259si v\u0259 MDB i\u015ftirak\u00e7\u0131s\u0131 olan d\u00f6vl\u0259tl\u0259rin Antiterror M\u0259rk\u0259zi n\u0259zdind\u0259 Elmi-M\u0259\u015fv\u0259r\u0259t \u015euras\u0131n\u0131n plenar iclas\u0131 ke\u00e7irilib.\n<\/p>\n<p>\n  Oktyabr\u0131n 12-d\u0259 AB\u015e m\u00fcdafi\u0259 nazirinin k\u00f6m\u0259k\u00e7isinin m\u00fcavini Laura Kuper M\u00fcdafi\u0259 Nazirliyind\u0259, X\u0130N-d\u0259, S\u0259rh\u0259d Xidm\u0259tind\u0259 v\u0259 Prezident Administrasiyas\u0131nda g\u00f6r\u00fc\u015fl\u0259rd\u0259n sonra bildirib ki, AB\u015e-\u0131n Az\u0259rbaycanla m\u00fcnasib\u0259tl\u0259rinin m\u00f6hk\u0259ml\u0259ndirilm\u0259si yollar\u0131n\u0131 m\u00fczakir\u0259 etm\u0259k \u00fc\u00e7\u00fcn Bak\u0131da s\u0259f\u0259rd\u0259dir. Bu zaman o, terrorizm\u0259 qar\u015f\u0131 qlobal m\u00fcbariz\u0259d\u0259 Bak\u0131n\u0131n rolunu qeyd edib.\n<\/p>\n<p>\n  Noyabr\u0131n 22-d\u0259 Prezident Administrasiyas\u0131n\u0131n r\u0259hb\u0259ri Ramiz Mehdiyev MDB \u00f6lk\u0259l\u0259rinin t\u0259hl\u00fck\u0259sizlik \u015furalar\u0131 katibl\u0259rinin Moskva g\u00f6r\u00fc\u015f\u00fcnd\u0259 i\u015ftirak edib. G\u00f6r\u00fc\u015f i\u015ftirak\u00e7\u0131lar\u0131 MDB m\u0259kan\u0131nda radikal dini qrupla\u015fmalar\u0131n yay\u0131lmas\u0131n\u0131n qar\u015f\u0131s\u0131n\u0131n al\u0131nmas\u0131 kimi m\u0259s\u0259l\u0259l\u0259ri m\u00fczakir\u0259 edibl\u0259r. Beyn\u0259lxalq terrorizm\u0259 qar\u015f\u0131 m\u00fcbariz\u0259nin m\u00fcxt\u0259lif aspektl\u0259ri d\u0259 diqq\u0259t m\u0259rk\u0259zind\u0259 olub.\n<\/p>\n<p>\n  <b><br \/>\n    <i><br \/>\n      X\u00fcsusi \u0259m\u0259liyyatlar<br \/>\n    <\/i><br \/>\n  <\/b>\n<\/p>\n<p>\n  Yanvar\u0131n 31-d\u0259 Az\u0259rbaycan\u0131n D\u00f6vl\u0259t T\u0259hl\u00fck\u0259sizlik Xidm\u0259ti (DTX) silahl\u0131 m\u00fcqavim\u0259t g\u00f6st\u0259r\u0259n terrorizmd\u0259 \u015f\u00fcbh\u0259li bilin\u0259n d\u00f6rd dini radikal\u0131n m\u0259hv edildiyini v\u0259 bir n\u0259f\u0259rin saxlan\u0131ld\u0131\u011f\u0131n\u0131 bildirib. DTX-nin m\u0259lumat\u0131na g\u00f6r\u0259, xarici terror qruplar\u0131 il\u0259 \u0259laq\u0259si olan dini ekstremistl\u0259rd\u0259n ibar\u0259t qrup \u00f6lk\u0259nin m\u00fcxt\u0259lif yerl\u0259rind\u0259 partlay\u0131c\u0131 madd\u0259l\u0259rd\u0259n v\u0259 m\u00fcxt\u0259lif n\u00f6v silahlardan istifad\u0259 il\u0259 terror aktlar\u0131 haz\u0131rlay\u0131r.\n<\/p>\n<p>\n  Yanvar\u0131n 26-da DTX-nin \u0259m\u0259liyyat\u0131 zaman\u0131 silahl\u0131 m\u00fcqavim\u0259t g\u00f6st\u0259r\u0259n, dini ekstremizmd\u0259 \u015f\u00fcbh\u0259li bilin\u0259n Az\u0259rbaycan v\u0259t\u0259nda\u015f\u0131 \u00f6ld\u00fcr\u00fcl\u00fcb.\n<\/p>\n<p>\n  Avqustun 27-d\u0259 DTX terrorizmd\u0259 \u015f\u00fcbh\u0259li bilin\u0259n, silahl\u0131 m\u00fcnaqi\u015f\u0259l\u0259rd\u0259 i\u015ftirak etmi\u015f v\u0259 \u00f6lk\u0259 h\u00fcdudlar\u0131ndan k\u0259narda terror aktlar\u0131 t\u00f6r\u0259tmi\u015f Az\u0259rbaycan v\u0259t\u0259nda\u015f\u0131n\u0131n m\u0259hv edildiyini bildirib.\n<\/p>\n<p>\n  Oktyabr\u0131n 25-d\u0259 Az\u0259rbaycan DTX L\u00f6kbatan q\u0259s\u0259b\u0259sind\u0259 x\u00fcsusi \u0259m\u0259liyyat zaman\u0131 xaricd\u0259 terror t\u0259\u015fkilatlar\u0131ndan birin\u0259 and i\u00e7mi\u015f v\u0259 oktyabr\u0131n 28-d\u0259 m\u00fcxalif\u0259tin Bak\u0131da ke\u00e7ir\u0259c\u0259yi mitinqd\u0259 terror akt\u0131 haz\u0131rlayan \u00fc\u00e7 \u015f\u0259xsin m\u0259hv edildiyi bar\u0259d\u0259 m\u0259lumat yay\u0131b.\n<\/p>\n<p>\n  Oktyabr\u0131n 27-d\u0259 MDB terrorizmd\u0259 \u015f\u00fcbh\u0259li bilin\u0259n d\u00f6rd n\u0259f\u0259rin saxlan\u0131ld\u0131\u011f\u0131n\u0131 bildirib. Onlar Suriya v\u0259 \u0130raq \u0259razisind\u0259 dini ekstremizm z\u0259minind\u0259 t\u0259liml\u0259rd\u0259 v\u0259 d\u00f6y\u00fc\u015f \u0259m\u0259liyyatlar\u0131nda i\u015ftirak etm\u0259kd\u0259 ittiham olunur.\n<\/p>\n<p>\n  <b><br \/>\n    <i><br \/>\n      2016-c\u0131 ilin pay\u0131z\u0131<br \/>\n    <\/i><br \/>\n  <\/b>\n<\/p>\n<p>\n  Dekabr\u0131n 1-d\u0259 Bak\u0131 \u0259traf\u0131nda &#8220;Bin\u0259&#8221; ticar\u0259t m\u0259rk\u0259zind\u0259 DTX \u015f\u0259hid k\u0259m\u0259ri vasit\u0259sil\u0259 terror akt\u0131 haz\u0131rlamaqda \u015f\u00fcbh\u0259li bilin\u0259n \u015f\u0259xsi m\u0259hv edib.\n<\/p>\n<p>\n  Noyabr\u0131n 25-d\u0259 Rusiya il\u0259 s\u0259rh\u0259d\u0259 yax\u0131n D\u00fcztahiroba k\u0259ndind\u0259 DTX-nin x\u00fcsusi \u0259m\u0259liyyat\u0131 n\u0259tic\u0259sind\u0259 bir d\u00f6y\u00fc\u015f\u00e7\u00fc m\u0259hv edilib.\n<\/p>\n<p>\n  Oktyabr\u0131n 26-27-d\u0259 x\u00fcsusi \u0259m\u0259liyyat zaman\u0131 iki terror\u00e7u \u00f6ld\u00fcr\u00fcl\u00fcb, biri saxlan\u0131l\u0131b.\n<\/p>\n<p>\n  <b><br \/>\n    <i><br \/>\n      Ekstremizm t\u0259hl\u00fck\u0259 olaraq qalmaqdad\u0131r<br \/>\n    <\/i><br \/>\n  <\/b>\n<\/p>\n<p>\n  \u0130lin hadis\u0259l\u0259ri radikal qruplar\u0131n Az\u0259rbaycana qar\u015f\u0131 diqq\u0259tinin artd\u0131\u011f\u0131n\u0131 g\u00f6st\u0259rir. V\u0259 onun yox olmas\u0131 ehtmal\u0131 \u00e7ox ki\u00e7ikdir. \u0130qtisadi b\u00f6hran, sosial g\u0259rginlik v\u0259 b\u0259rab\u0259rsizlik, \u0259dal\u0259tsiz idar\u0259etm\u0259, azadl\u0131qlar\u0131n bo\u011fulmas\u0131 v\u0259 \u0259lb\u0259tt\u0259 ki, Az\u0259rbaycan\u0131n z\u0259ifl\u0259m\u0259sind\u0259 maraql\u0131 olan beyn\u0259lxalq q\u00fcvv\u0259l\u0259r onlar\u0131 f\u0259alla\u015fd\u0131ra bil\u0259r. Az\u0259rbaycanda regional terrorizm\u0259 qar\u015f\u0131 m\u00fcbariz\u0259nin h\u0259mi\u015f\u0259 apar\u0131lmas\u0131, amma, hadis\u0259l\u0259rd\u0259n g\u00f6r\u00fcnd\u00fcy\u00fc kimi, 2015-ci ild\u0259 start g\u00f6t\u00fcrm\u00fc\u015f v\u0259 d\u00f6vl\u0259tin iqtisadi c\u0259h\u0259td\u0259n z\u0259ifl\u0259m\u0259sin\u0259 v\u0259 imicinin d\u0259 z\u0259ifl\u0259m\u0259sin\u0259 g\u0259tirib \u00e7\u0131xarm\u0131\u015f b\u00f6hran d\u00f6vr\u00fcnd\u0259 radikalizmin xeyli g\u00fccl\u0259nm\u0259si fakt\u0131 bu tezisi g\u00fccl\u0259ndirir.\n<\/p>\n<p>\n  D\u00f6vl\u0259t Departamentinin son t\u00f6vsiy\u0259l\u0259rin\u0259 Az\u0259rbaycana qar\u015f\u0131 hans\u0131sa t\u0259dbirl\u0259r planla\u015fd\u0131ran dair\u0259l\u0259r\u0259 v\u0259 qruplara preventiv x\u0259b\u0259rdarl\u0131q kimi d\u0259 baxmaq olar. &#8220;Terror qruplar\u0131 Az\u0259rbaycanda m\u00fcmk\u00fcn h\u00fccumlar\u0131 planla\u015fd\u0131rma\u011fa davam edir&#8221; ifad\u0259si AB\u015e-\u0131n bununla ba\u011fl\u0131 hans\u0131sa m\u0259lumata malik oldu\u011funu v\u0259 Az\u0259rbaycanla qar\u015f\u0131l\u0131ql\u0131 \u0259laq\u0259d\u0259 oldu\u011funu g\u00f6st\u0259rir. \u00d6t\u0259n il iyulun 20-d\u0259 D\u00f6vl\u0259t Departamenti terrorizm\u0259 qar\u015f\u0131 m\u00fcbariz\u0259 haqq\u0131nda \u00f6lk\u0259l\u0259r \u00fczr\u0259 m\u0259ruz\u0259 d\u0259rc edib. S\u0259n\u0259dd\u0259 Az\u0259rbaycan v\u0259 AB\u015e-\u0131n bu istiqam\u0259td\u0259 \u0259m\u0259kda\u015fl\u0131\u011f\u0131na y\u00fcks\u0259k qiym\u0259t verilib. M\u0259ruz\u0259d\u0259 qeyd edilirdi ki, &#8220;Az\u0259rbaycan Birl\u0259\u015fmi\u015f \u015etatlarla s\u0131x anti-terror \u0259m\u0259kda\u015fl\u0131\u011f\u0131n\u0131 davam etdirir v\u0259 Qafqaz regionu vasit\u0259sil\u0259 insan, pul v\u0259 maddi v\u0259sait ke\u00e7irm\u0259y\u0259 \u00e7al\u0131\u015fan terror t\u0259\u015fkilatlar\u0131na qar\u015f\u0131 f\u0259al \u015f\u0259kild\u0259 m\u00fcbariz\u0259 apar\u0131r&#8221;.\n<\/p>\n<p>\n  Bu m\u0259nada, burada b\u00f6y\u00fck maraql\u0131 olan AB\u015e-\u0131n narahatl\u0131\u011f\u0131 \u0259sass\u0131z deyil, yeri g\u0259lmi\u015fk\u0259n, el\u0259 Rusiyan\u0131n da.<\/p>\n","protected":false},"excerpt":{"rendered":"<p>foto Turan \u0130A AB\u015e D\u00f6vl\u0259t Departamenti yanvar\u0131n 10-da Amerika v\u0259t\u0259nda\u015flar\u0131 &#8230; <\/p>\n<p class=\"read-more-container\"><a title=\"Y\u00fcks\u0259k ehtiyatl\u0131l\u0131q t\u0259l\u0259b ed\u0259n zona\" class=\"read-more button\" href=\"https:\/\/www.meydan.tv\/az\/article\/yuksek-ehtiyatliliq-teleb-eden-zona\/#more-188183\" aria-label=\"Read more about Y\u00fcks\u0259k ehtiyatl\u0131l\u0131q t\u0259l\u0259b ed\u0259n zona\">Davam\u0131<\/a><\/p>\n","protected":false},"author":11,"featured_media":98026,"comment_status":"closed","ping_status":"open","sticky":false,"template":"","format":"standard","meta":{"_acf_changed":false,"_sitemap_exclude":false,"_sitemap_priority":"","_sitemap_frequency":"","footnotes":""},"categories":[51],"tags":[],"class_list":["post-188183","post","type-post","status-publish","format-standard","has-post-thumbnail","hentry","category-analitika","infinite-scroll-item","generate-columns","tablet-grid-50","mobile-grid-100","grid-parent","grid-33","no-featured-image-padding"],"acf":[],"yoast_head":"<!-- This site is optimized with the Yoast SEO plugin v27.4 - https:\/\/yoast.com\/product\/yoast-seo-wordpress\/ -->\n<title>Y\u00fcks\u0259k ehtiyatl\u0131l\u0131q t\u0259l\u0259b ed\u0259n zona - MEYDAN.TV<\/title>\n<meta name=\"robots\" content=\"index, follow, max-snippet:-1, max-image-preview:large, max-video-preview:-1\" \/>\n<link rel=\"canonical\" href=\"https:\/\/www.meydan.tv\/az\/article\/yuksek-ehtiyatliliq-teleb-eden-zona\/\" \/>\n<meta property=\"og:locale\" content=\"az_AZ\" \/>\n<meta property=\"og:type\" content=\"article\" \/>\n<meta property=\"og:title\" content=\"Y\u00fcks\u0259k ehtiyatl\u0131l\u0131q t\u0259l\u0259b ed\u0259n zona - MEYDAN.TV\" \/>\n<meta property=\"og:description\" content=\"foto Turan \u0130A AB\u015e D\u00f6vl\u0259t Departamenti yanvar\u0131n 10-da Amerika v\u0259t\u0259nda\u015flar\u0131 ... Davam\u0131\" \/>\n<meta property=\"og:url\" content=\"https:\/\/www.meydan.tv\/az\/article\/yuksek-ehtiyatliliq-teleb-eden-zona\/\" \/>\n<meta property=\"og:site_name\" content=\"MEYDAN.TV\" \/>\n<meta property=\"article:published_time\" content=\"2018-01-15T13:31:43+00:00\" \/>\n<meta property=\"og:image\" content=\"https:\/\/www.meydan.tv\/wp-content\/uploads\/38748.jpg\" \/>\n\t<meta property=\"og:image:width\" content=\"800\" \/>\n\t<meta property=\"og:image:height\" content=\"533\" \/>\n\t<meta property=\"og:image:type\" content=\"image\/jpeg\" \/>\n<meta name=\"author\" content=\"user-manager\" \/>\n<meta name=\"twitter:card\" content=\"summary_large_image\" \/>\n<script type=\"application\/ld+json\" class=\"yoast-schema-graph\">{\"@context\":\"https:\\\/\\\/schema.org\",\"@graph\":[{\"@type\":\"Article\",\"@id\":\"https:\\\/\\\/www.meydan.tv\\\/az\\\/article\\\/yuksek-ehtiyatliliq-teleb-eden-zona\\\/#article\",\"isPartOf\":{\"@id\":\"https:\\\/\\\/www.meydan.tv\\\/az\\\/article\\\/yuksek-ehtiyatliliq-teleb-eden-zona\\\/\"},\"author\":{\"name\":\"user-manager\",\"@id\":\"https:\\\/\\\/www.meydan.tv\\\/az\\\/#\\\/schema\\\/person\\\/10d11eccf6da3662cf5fdab9806ea91a\"},\"headline\":\"Y\u00fcks\u0259k ehtiyatl\u0131l\u0131q t\u0259l\u0259b ed\u0259n zona\",\"datePublished\":\"2018-01-15T13:31:43+00:00\",\"mainEntityOfPage\":{\"@id\":\"https:\\\/\\\/www.meydan.tv\\\/az\\\/article\\\/yuksek-ehtiyatliliq-teleb-eden-zona\\\/\"},\"wordCount\":2254,\"publisher\":{\"@id\":\"https:\\\/\\\/www.meydan.tv\\\/az\\\/#organization\"},\"image\":{\"@id\":\"https:\\\/\\\/www.meydan.tv\\\/az\\\/article\\\/yuksek-ehtiyatliliq-teleb-eden-zona\\\/#primaryimage\"},\"thumbnailUrl\":\"https:\\\/\\\/www.meydan.tv\\\/wp-content\\\/uploads\\\/38748.jpg\",\"articleSection\":[\"Analitika\"],\"inLanguage\":\"az\"},{\"@type\":\"WebPage\",\"@id\":\"https:\\\/\\\/www.meydan.tv\\\/az\\\/article\\\/yuksek-ehtiyatliliq-teleb-eden-zona\\\/\",\"url\":\"https:\\\/\\\/www.meydan.tv\\\/az\\\/article\\\/yuksek-ehtiyatliliq-teleb-eden-zona\\\/\",\"name\":\"Y\u00fcks\u0259k ehtiyatl\u0131l\u0131q t\u0259l\u0259b ed\u0259n zona - MEYDAN.TV\",\"isPartOf\":{\"@id\":\"https:\\\/\\\/www.meydan.tv\\\/az\\\/#website\"},\"primaryImageOfPage\":{\"@id\":\"https:\\\/\\\/www.meydan.tv\\\/az\\\/article\\\/yuksek-ehtiyatliliq-teleb-eden-zona\\\/#primaryimage\"},\"image\":{\"@id\":\"https:\\\/\\\/www.meydan.tv\\\/az\\\/article\\\/yuksek-ehtiyatliliq-teleb-eden-zona\\\/#primaryimage\"},\"thumbnailUrl\":\"https:\\\/\\\/www.meydan.tv\\\/wp-content\\\/uploads\\\/38748.jpg\",\"datePublished\":\"2018-01-15T13:31:43+00:00\",\"breadcrumb\":{\"@id\":\"https:\\\/\\\/www.meydan.tv\\\/az\\\/article\\\/yuksek-ehtiyatliliq-teleb-eden-zona\\\/#breadcrumb\"},\"inLanguage\":\"az\",\"potentialAction\":[{\"@type\":\"ReadAction\",\"target\":[\"https:\\\/\\\/www.meydan.tv\\\/az\\\/article\\\/yuksek-ehtiyatliliq-teleb-eden-zona\\\/\"]}]},{\"@type\":\"ImageObject\",\"inLanguage\":\"az\",\"@id\":\"https:\\\/\\\/www.meydan.tv\\\/az\\\/article\\\/yuksek-ehtiyatliliq-teleb-eden-zona\\\/#primaryimage\",\"url\":\"https:\\\/\\\/www.meydan.tv\\\/wp-content\\\/uploads\\\/38748.jpg\",\"contentUrl\":\"https:\\\/\\\/www.meydan.tv\\\/wp-content\\\/uploads\\\/38748.jpg\",\"width\":800,\"height\":533,\"caption\":\"Source:\"},{\"@type\":\"BreadcrumbList\",\"@id\":\"https:\\\/\\\/www.meydan.tv\\\/az\\\/article\\\/yuksek-ehtiyatliliq-teleb-eden-zona\\\/#breadcrumb\",\"itemListElement\":[{\"@type\":\"ListItem\",\"position\":1,\"name\":\"Ana s\u0259hif\u0259\",\"item\":\"https:\\\/\\\/www.meydan.tv\\\/az\\\/\"},{\"@type\":\"ListItem\",\"position\":2,\"name\":\"Analitika\",\"item\":\"https:\\\/\\\/www.meydan.tv\\\/az\\\/section\\\/analitika\\\/\"},{\"@type\":\"ListItem\",\"position\":3,\"name\":\"Y\u00fcks\u0259k ehtiyatl\u0131l\u0131q t\u0259l\u0259b ed\u0259n zona\"}]},{\"@type\":\"WebSite\",\"@id\":\"https:\\\/\\\/www.meydan.tv\\\/az\\\/#website\",\"url\":\"https:\\\/\\\/www.meydan.tv\\\/az\\\/\",\"name\":\"MEYDAN.TV\",\"description\":\"Meydan TV Az\u0259rbaycan\u0131n media m\u0259kan\u0131ndak\u0131 alternativ s\u0259sidir\",\"publisher\":{\"@id\":\"https:\\\/\\\/www.meydan.tv\\\/az\\\/#organization\"},\"potentialAction\":[{\"@type\":\"SearchAction\",\"target\":{\"@type\":\"EntryPoint\",\"urlTemplate\":\"https:\\\/\\\/www.meydan.tv\\\/az\\\/?s={search_term_string}\"},\"query-input\":{\"@type\":\"PropertyValueSpecification\",\"valueRequired\":true,\"valueName\":\"search_term_string\"}}],\"inLanguage\":\"az\"},{\"@type\":\"Organization\",\"@id\":\"https:\\\/\\\/www.meydan.tv\\\/az\\\/#organization\",\"name\":\"Meydan TV\",\"url\":\"https:\\\/\\\/www.meydan.tv\\\/az\\\/\",\"logo\":{\"@type\":\"ImageObject\",\"inLanguage\":\"az\",\"@id\":\"https:\\\/\\\/www.meydan.tv\\\/az\\\/#\\\/schema\\\/logo\\\/image\\\/\",\"url\":\"https:\\\/\\\/www.meydan.tv\\\/wp-content\\\/uploads\\\/2021\\\/07\\\/meydan-logo.svg\",\"contentUrl\":\"https:\\\/\\\/www.meydan.tv\\\/wp-content\\\/uploads\\\/2021\\\/07\\\/meydan-logo.svg\",\"width\":195,\"height\":46,\"caption\":\"Meydan TV\"},\"image\":{\"@id\":\"https:\\\/\\\/www.meydan.tv\\\/az\\\/#\\\/schema\\\/logo\\\/image\\\/\"}},{\"@type\":\"Person\",\"@id\":\"https:\\\/\\\/www.meydan.tv\\\/az\\\/#\\\/schema\\\/person\\\/10d11eccf6da3662cf5fdab9806ea91a\",\"name\":\"user-manager\"}]}<\/script>\n<!-- \/ Yoast SEO plugin. -->","yoast_head_json":{"title":"Y\u00fcks\u0259k ehtiyatl\u0131l\u0131q t\u0259l\u0259b ed\u0259n zona - MEYDAN.TV","robots":{"index":"index","follow":"follow","max-snippet":"max-snippet:-1","max-image-preview":"max-image-preview:large","max-video-preview":"max-video-preview:-1"},"canonical":"https:\/\/www.meydan.tv\/az\/article\/yuksek-ehtiyatliliq-teleb-eden-zona\/","og_locale":"az_AZ","og_type":"article","og_title":"Y\u00fcks\u0259k ehtiyatl\u0131l\u0131q t\u0259l\u0259b ed\u0259n zona - MEYDAN.TV","og_description":"foto Turan \u0130A AB\u015e D\u00f6vl\u0259t Departamenti yanvar\u0131n 10-da Amerika v\u0259t\u0259nda\u015flar\u0131 ... Davam\u0131","og_url":"https:\/\/www.meydan.tv\/az\/article\/yuksek-ehtiyatliliq-teleb-eden-zona\/","og_site_name":"MEYDAN.TV","article_published_time":"2018-01-15T13:31:43+00:00","og_image":[{"width":800,"height":533,"url":"https:\/\/www.meydan.tv\/wp-content\/uploads\/38748.jpg","type":"image\/jpeg"}],"author":"user-manager","twitter_card":"summary_large_image","schema":{"@context":"https:\/\/schema.org","@graph":[{"@type":"Article","@id":"https:\/\/www.meydan.tv\/az\/article\/yuksek-ehtiyatliliq-teleb-eden-zona\/#article","isPartOf":{"@id":"https:\/\/www.meydan.tv\/az\/article\/yuksek-ehtiyatliliq-teleb-eden-zona\/"},"author":{"name":"user-manager","@id":"https:\/\/www.meydan.tv\/az\/#\/schema\/person\/10d11eccf6da3662cf5fdab9806ea91a"},"headline":"Y\u00fcks\u0259k ehtiyatl\u0131l\u0131q t\u0259l\u0259b ed\u0259n zona","datePublished":"2018-01-15T13:31:43+00:00","mainEntityOfPage":{"@id":"https:\/\/www.meydan.tv\/az\/article\/yuksek-ehtiyatliliq-teleb-eden-zona\/"},"wordCount":2254,"publisher":{"@id":"https:\/\/www.meydan.tv\/az\/#organization"},"image":{"@id":"https:\/\/www.meydan.tv\/az\/article\/yuksek-ehtiyatliliq-teleb-eden-zona\/#primaryimage"},"thumbnailUrl":"https:\/\/www.meydan.tv\/wp-content\/uploads\/38748.jpg","articleSection":["Analitika"],"inLanguage":"az"},{"@type":"WebPage","@id":"https:\/\/www.meydan.tv\/az\/article\/yuksek-ehtiyatliliq-teleb-eden-zona\/","url":"https:\/\/www.meydan.tv\/az\/article\/yuksek-ehtiyatliliq-teleb-eden-zona\/","name":"Y\u00fcks\u0259k ehtiyatl\u0131l\u0131q t\u0259l\u0259b ed\u0259n zona - MEYDAN.TV","isPartOf":{"@id":"https:\/\/www.meydan.tv\/az\/#website"},"primaryImageOfPage":{"@id":"https:\/\/www.meydan.tv\/az\/article\/yuksek-ehtiyatliliq-teleb-eden-zona\/#primaryimage"},"image":{"@id":"https:\/\/www.meydan.tv\/az\/article\/yuksek-ehtiyatliliq-teleb-eden-zona\/#primaryimage"},"thumbnailUrl":"https:\/\/www.meydan.tv\/wp-content\/uploads\/38748.jpg","datePublished":"2018-01-15T13:31:43+00:00","breadcrumb":{"@id":"https:\/\/www.meydan.tv\/az\/article\/yuksek-ehtiyatliliq-teleb-eden-zona\/#breadcrumb"},"inLanguage":"az","potentialAction":[{"@type":"ReadAction","target":["https:\/\/www.meydan.tv\/az\/article\/yuksek-ehtiyatliliq-teleb-eden-zona\/"]}]},{"@type":"ImageObject","inLanguage":"az","@id":"https:\/\/www.meydan.tv\/az\/article\/yuksek-ehtiyatliliq-teleb-eden-zona\/#primaryimage","url":"https:\/\/www.meydan.tv\/wp-content\/uploads\/38748.jpg","contentUrl":"https:\/\/www.meydan.tv\/wp-content\/uploads\/38748.jpg","width":800,"height":533,"caption":"Source:"},{"@type":"BreadcrumbList","@id":"https:\/\/www.meydan.tv\/az\/article\/yuksek-ehtiyatliliq-teleb-eden-zona\/#breadcrumb","itemListElement":[{"@type":"ListItem","position":1,"name":"Ana s\u0259hif\u0259","item":"https:\/\/www.meydan.tv\/az\/"},{"@type":"ListItem","position":2,"name":"Analitika","item":"https:\/\/www.meydan.tv\/az\/section\/analitika\/"},{"@type":"ListItem","position":3,"name":"Y\u00fcks\u0259k ehtiyatl\u0131l\u0131q t\u0259l\u0259b ed\u0259n zona"}]},{"@type":"WebSite","@id":"https:\/\/www.meydan.tv\/az\/#website","url":"https:\/\/www.meydan.tv\/az\/","name":"MEYDAN.TV","description":"Meydan TV Az\u0259rbaycan\u0131n media m\u0259kan\u0131ndak\u0131 alternativ s\u0259sidir","publisher":{"@id":"https:\/\/www.meydan.tv\/az\/#organization"},"potentialAction":[{"@type":"SearchAction","target":{"@type":"EntryPoint","urlTemplate":"https:\/\/www.meydan.tv\/az\/?s={search_term_string}"},"query-input":{"@type":"PropertyValueSpecification","valueRequired":true,"valueName":"search_term_string"}}],"inLanguage":"az"},{"@type":"Organization","@id":"https:\/\/www.meydan.tv\/az\/#organization","name":"Meydan TV","url":"https:\/\/www.meydan.tv\/az\/","logo":{"@type":"ImageObject","inLanguage":"az","@id":"https:\/\/www.meydan.tv\/az\/#\/schema\/logo\/image\/","url":"https:\/\/www.meydan.tv\/wp-content\/uploads\/2021\/07\/meydan-logo.svg","contentUrl":"https:\/\/www.meydan.tv\/wp-content\/uploads\/2021\/07\/meydan-logo.svg","width":195,"height":46,"caption":"Meydan TV"},"image":{"@id":"https:\/\/www.meydan.tv\/az\/#\/schema\/logo\/image\/"}},{"@type":"Person","@id":"https:\/\/www.meydan.tv\/az\/#\/schema\/person\/10d11eccf6da3662cf5fdab9806ea91a","name":"user-manager"}]}},"_links":{"self":[{"href":"https:\/\/www.meydan.tv\/az\/wp-json\/wp\/v2\/posts\/188183","targetHints":{"allow":["GET"]}}],"collection":[{"href":"https:\/\/www.meydan.tv\/az\/wp-json\/wp\/v2\/posts"}],"about":[{"href":"https:\/\/www.meydan.tv\/az\/wp-json\/wp\/v2\/types\/post"}],"author":[{"embeddable":true,"href":"https:\/\/www.meydan.tv\/az\/wp-json\/wp\/v2\/users\/11"}],"replies":[{"embeddable":true,"href":"https:\/\/www.meydan.tv\/az\/wp-json\/wp\/v2\/comments?post=188183"}],"version-history":[{"count":0,"href":"https:\/\/www.meydan.tv\/az\/wp-json\/wp\/v2\/posts\/188183\/revisions"}],"wp:featuredmedia":[{"embeddable":true,"href":"https:\/\/www.meydan.tv\/az\/wp-json\/wp\/v2\/media\/98026"}],"wp:attachment":[{"href":"https:\/\/www.meydan.tv\/az\/wp-json\/wp\/v2\/media?parent=188183"}],"wp:term":[{"taxonomy":"category","embeddable":true,"href":"https:\/\/www.meydan.tv\/az\/wp-json\/wp\/v2\/categories?post=188183"},{"taxonomy":"post_tag","embeddable":true,"href":"https:\/\/www.meydan.tv\/az\/wp-json\/wp\/v2\/tags?post=188183"}],"curies":[{"name":"wp","href":"https:\/\/api.w.org\/{rel}","templated":true}]}}